{"id":17141,"date":"2024-06-17T11:00:00","date_gmt":"2024-06-17T14:00:00","guid":{"rendered":"https:\/\/agenciainfra.com\/blog\/?p=17141"},"modified":"2026-03-13T09:39:02","modified_gmt":"2026-03-13T12:39:02","slug":"pl-que-proibe-distribuidoras-de-atuarem-em-gd-solar-deve-ser-aprovado-em-comissao-diz-relator","status":"publish","type":"post","link":"https:\/\/agenciainfra.com\/blog\/pl-que-proibe-distribuidoras-de-atuarem-em-gd-solar-deve-ser-aprovado-em-comissao-diz-relator\/","title":{"rendered":"PL que pro\u00edbe distribuidoras de atuarem em GD solar deve ser aprovado em comiss\u00e3o, diz relator"},"content":{"rendered":"\n<p class=\"has-text-align-right\"><strong>Marisa Wanzeller, da&nbsp;Ag\u00eancia iNFRA<\/strong><\/p>\n\n\n\n<p>O&nbsp;PL&nbsp;(Projeto de Lei)&nbsp;<a href=\"https:\/\/agenciainfra.us14.list-manage.com\/track\/click?u=d460dd1bcf9ba0ae040e1fc0f&amp;id=e8949095d1&amp;e=f0fa444791\" target=\"_blank\" rel=\"noreferrer noopener\">671\/2024<\/a>,&nbsp;que&nbsp;veda as&nbsp;distribuidoras&nbsp;de energia (e seus grupos econ\u00f4micos) de&nbsp;atuarem&nbsp;no mercado de MMGD (Micro e Minigera\u00e7\u00e3o Distribu\u00edda),&nbsp;deve&nbsp;acelerar sua tramita\u00e7\u00e3o e&nbsp;ser&nbsp;aprovado&nbsp;nesta semana na CME (Comiss\u00e3o&nbsp;de Minas e Energia) da C\u00e2mara.<br><br>A avalia\u00e7\u00e3o \u00e9 do deputado federal Lafayette de Andrada (Republicanos-MG),&nbsp;relator&nbsp;da mat\u00e9ria. O parlamentar disse \u00e0&nbsp;<strong>Ag\u00eancia iNFRA&nbsp;<\/strong>que&nbsp;conversou com o presidente da&nbsp;comiss\u00e3o, deputado Junior Ferrari (PSD-PA), e tem acordado a aprova\u00e7\u00e3o com os demais membros do colegiado. O relat\u00f3rio de Lafayette foi publicado no dia 10 de junho.<br>&nbsp;<br><strong>Livre competi\u00e7\u00e3o<\/strong><br>O projeto visa alterar a Lei 14.300, o marco legal da&nbsp;GD&nbsp;(Gera\u00e7\u00e3o Distribu\u00edda) para &#8220;proibir as concession\u00e1rias e permission\u00e1rias de distribui\u00e7\u00e3o de energia el\u00e9trica o exerc\u00edcio e a explora\u00e7\u00e3o econ\u00f4mica de atividades de produ\u00e7\u00e3o de energia el\u00e9trica por meio de microgera\u00e7\u00e3o ou de minigera\u00e7\u00e3o distribu\u00edda&#8221;. Ainda determina um prazo de seis meses para&nbsp;que&nbsp;as companhias&nbsp;que&nbsp;estejam atualmente&nbsp;em&nbsp;desacordo com essas proibi\u00e7\u00f5es possam se adequar \u00e0 nova regra.<br>&nbsp;<br>O relat\u00f3rio apresentado justifica a medida como uma forma de &#8220;garantir a livre competi\u00e7\u00e3o&#8221; e evitar conflitos de interesse, uma vez&nbsp;que&nbsp;as pr\u00f3prias&nbsp;distribuidoras&nbsp;determinam quais projetos podem ou n\u00e3o se conectar \u00e0 rede.<br>&nbsp;<br>&#8220;N\u00e3o pode a mesma Cemig [Companhia Energ\u00e9tica de Minas Gerais],&nbsp;que&nbsp;determina quem vai entrar ou n\u00e3o na rede, competir com voc\u00ea&#8221;, disse o parlamentar, referindo-se a um caso&nbsp;que&nbsp;ocorre&nbsp;em&nbsp;Minas Gerais.<br>&nbsp;<br>A mat\u00e9ria tamb\u00e9m estabelece uma regulamenta\u00e7\u00e3o com &#8220;crit\u00e9rios transparentes e equitativos para a conex\u00e3o de sistemas de gera\u00e7\u00e3o distribu\u00edda \u00e0 rede el\u00e9trica&#8221;, para &#8220;monitorar constantemente a capacidade de inje\u00e7\u00e3o de energia na rede de distribui\u00e7\u00e3o e adotar medidas para evitar&nbsp;que&nbsp;a concess\u00e3o de acesso seja utilizada para criar reservas de mercado&#8221;, dentre outros fatores.<br>&nbsp;<br><strong>Condicionante<\/strong><br>O presidente da CMU Comercializadora de Energia, Walter Fr\u00f3es, entende&nbsp;que&nbsp;pode ocorrer uma competi\u00e7\u00e3o desleal&nbsp;em&nbsp;alguns casos nos quais as&nbsp;distribuidoras&nbsp;tamb\u00e9m atuam no mercado de&nbsp;GD. No entanto, acredita&nbsp;que&nbsp;simplesmente proibir a distribuidora de produzir energia por gera\u00e7\u00e3o distribu\u00edda n\u00e3o seria o melhor caminho.<br>&nbsp;<br>&#8220;Falar&nbsp;que&nbsp;a distribuidora n\u00e3o pode fazer gera\u00e7\u00e3o distribu\u00edda, eu acho isso pesado, eu preferia falar da seguinte maneira:&nbsp;que&nbsp;a distribuidora tem&nbsp;que&nbsp;ter toda a sua \u00e1rea de concess\u00e3o atendida, entregando energia para todos os consumidores da regi\u00e3o, antes de investir&nbsp;em&nbsp;qualquer coisa, como gera\u00e7\u00e3o distribu\u00edda. Porque se ela atender todo mundo, ela est\u00e1 cumprindo a fun\u00e7\u00e3o para qual ela foi delegada&#8221;, disse \u00e0&nbsp;<strong>Ag\u00eancia iNFRA<\/strong>.<br>&nbsp;<br>&#8220;O&nbsp;que&nbsp;n\u00e3o d\u00e1 \u00e9 ela estar atendendo muito mal o&nbsp;que&nbsp;ela foi destinada a fazer, e abrir uma empresa e captar recursos para concorrer com quem est\u00e1 cumprindo muito bem esse papel. Esse risco da competi\u00e7\u00e3o desleal ele \u00e9 s\u00e9rio e eu acho&nbsp;que&nbsp;pode ocorrer&nbsp;em&nbsp;alguns casos&#8221;, disse Fr\u00f3es.<br>&nbsp;<br>A mat\u00e9ria dever\u00e1 seguir o rito normal de tramita\u00e7\u00e3o de um&nbsp;PL, segundo o&nbsp;relator, sem aprova\u00e7\u00e3o de requerimento de urg\u00eancia. Ap\u00f3s aprova\u00e7\u00e3o na CME, o&nbsp;PL&nbsp;segue para a CCJC (Comiss\u00e3o&nbsp;de Constitui\u00e7\u00e3o e Justi\u00e7a e de Cidadania), onde est\u00e1 inicialmente sujeito \u00e0 aprecia\u00e7\u00e3o conclusiva.<\/p>\n","protected":false},"excerpt":{"rendered":"<p>Marisa Wanzeller, da&nbsp;Ag\u00eancia iNFRA O&nbsp;PL&nbsp;(Projeto de Lei)&nbsp;671\/2024,&nbsp;que&nbsp;veda as&nbsp;distribuidoras&nbsp;de energia (e seus grupos econ\u00f4micos) de&nbsp;atuarem&nbsp;no mercado de MMGD (Micro e Minigera\u00e7\u00e3o Distribu\u00edda),&nbsp;deve&nbsp;acelerar sua tramita\u00e7\u00e3o e&nbsp;ser&nbsp;aprovado&nbsp;nesta semana na CME (Comiss\u00e3o&nbsp;de Minas e Energia) da C\u00e2mara. A avalia\u00e7\u00e3o \u00e9 do deputado federal Lafayette de Andrada (Republicanos-MG),&nbsp;relator&nbsp;da mat\u00e9ria. O parlamentar disse \u00e0&nbsp;Ag\u00eancia iNFRA&nbsp;que&nbsp;conversou com o presidente da&nbsp;comiss\u00e3o, deputado Junior [&hellip;]<\/p>\n","protected":false},"author":1,"featured_media":6913,"comment_status":"closed","ping_status":"closed","sticky":false,"template":"","format":"standard","meta":{"_monsterinsights_skip_tracking":false,"_monsterinsights_sitenote_active":false,"_monsterinsights_sitenote_note":"","_monsterinsights_sitenote_category":0,"footnotes":""},"categories":[7250,9714,1,10],"tags":[305,10134,302,1018,10135,9891,1016,9171,10138,850,10136,1380,6475,10139,4639,7366,38,6010,10141,10137,10140],"class_list":["post-17141","post","type-post","status-publish","format-standard","has-post-thumbnail","hentry","category-destaque-lista","category-destaque-menor","category-geral","category-infraenergia","tag-camara-dos-deputados","tag-ccjc","tag-cemig","tag-cme","tag-cmu","tag-comissao-de-constituicao-e-justica","tag-comissao-de-minas-e-energia","tag-companhia-energetica-de-minas-gerais","tag-conflito-de-interesse","tag-geracao-distribuida","tag-junior-ferrari","tag-lafayette-de-andrada","tag-lei-14-300-2022","tag-livre-competicao","tag-marco-legal","tag-marisa-wanzeller","tag-mercado-de-energia","tag-microgeracao-distribuida","tag-pl-671-2024","tag-regulamentacao-eletrica","tag-walter-froes"],"yoast_head":"<!-- This site is optimized with the Yoast SEO Premium plugin v25.4 (Yoast SEO v26.0) - https:\/\/yoast.com\/wordpress\/plugins\/seo\/ -->\n<title>PL que pro\u00edbe distribuidoras de atuarem em GD solar deve ser aprovado em comiss\u00e3o, diz relator - Ag\u00eancia iNFRA<\/title>\n<meta name=\"robots\" content=\"index, follow, max-snippet:-1, max-image-preview:large, max-video-preview:-1\" \/>\n<link rel=\"canonical\" href=\"https:\/\/agenciainfra.com\/blog\/pl-que-proibe-distribuidoras-de-atuarem-em-gd-solar-deve-ser-aprovado-em-comissao-diz-relator\/\" \/>\n<meta property=\"og:locale\" content=\"pt_BR\" \/>\n<meta property=\"og:type\" content=\"article\" \/>\n<meta property=\"og:title\" content=\"PL que pro\u00edbe distribuidoras de atuarem em GD solar deve ser aprovado em comiss\u00e3o, diz relator\" \/>\n<meta property=\"og:description\" content=\"Marisa Wanzeller, da&nbsp;Ag\u00eancia iNFRA O&nbsp;PL&nbsp;(Projeto de Lei)&nbsp;671\/2024,&nbsp;que&nbsp;veda as&nbsp;distribuidoras&nbsp;de energia (e seus grupos econ\u00f4micos) de&nbsp;atuarem&nbsp;no mercado de MMGD (Micro e Minigera\u00e7\u00e3o Distribu\u00edda),&nbsp;deve&nbsp;acelerar sua tramita\u00e7\u00e3o e&nbsp;ser&nbsp;aprovado&nbsp;nesta semana na CME (Comiss\u00e3o&nbsp;de Minas e Energia) da C\u00e2mara. A avalia\u00e7\u00e3o \u00e9 do deputado federal Lafayette de Andrada (Republicanos-MG),&nbsp;relator&nbsp;da mat\u00e9ria. O parlamentar disse \u00e0&nbsp;Ag\u00eancia iNFRA&nbsp;que&nbsp;conversou com o presidente da&nbsp;comiss\u00e3o, deputado Junior [&hellip;]\" \/>\n<meta property=\"og:url\" content=\"https:\/\/agenciainfra.com\/blog\/pl-que-proibe-distribuidoras-de-atuarem-em-gd-solar-deve-ser-aprovado-em-comissao-diz-relator\/\" \/>\n<meta property=\"og:site_name\" content=\"Ag\u00eancia iNFRA\" \/>\n<meta property=\"article:publisher\" content=\"https:\/\/www.facebook.com\/ageninfra\" \/>\n<meta property=\"article:published_time\" content=\"2024-06-17T14:00:00+00:00\" \/>\n<meta property=\"article:modified_time\" content=\"2026-03-13T12:39:02+00:00\" \/>\n<meta property=\"og:image\" content=\"https:\/\/agenciainfra.com\/blog\/wp-content\/uploads\/2021\/03\/lafayette-de-andrada-foto-maryanna-oliveira-camara-dos-deputados.jpeg\" \/>\n\t<meta property=\"og:image:width\" content=\"1280\" \/>\n\t<meta property=\"og:image:height\" content=\"853\" \/>\n\t<meta property=\"og:image:type\" content=\"image\/jpeg\" \/>\n<meta name=\"author\" content=\"Ag\u00eancia iNFRA\" \/>\n<meta name=\"twitter:card\" content=\"summary_large_image\" \/>\n<meta name=\"twitter:creator\" content=\"@agencia_infra\" \/>\n<meta name=\"twitter:site\" content=\"@agencia_infra\" \/>\n<meta name=\"twitter:label1\" content=\"Escrito por\" \/>\n\t<meta name=\"twitter:data1\" content=\"Ag\u00eancia iNFRA\" \/>\n\t<meta name=\"twitter:label2\" content=\"Est. tempo de leitura\" \/>\n\t<meta name=\"twitter:data2\" content=\"3 minutos\" \/>\n<script type=\"application\/ld+json\" class=\"yoast-schema-graph\">{\"@context\":\"https:\/\/schema.org\",\"@graph\":[{\"@type\":\"Article\",\"@id\":\"https:\/\/agenciainfra.com\/blog\/pl-que-proibe-distribuidoras-de-atuarem-em-gd-solar-deve-ser-aprovado-em-comissao-diz-relator\/#article\",\"isPartOf\":{\"@id\":\"https:\/\/agenciainfra.com\/blog\/pl-que-proibe-distribuidoras-de-atuarem-em-gd-solar-deve-ser-aprovado-em-comissao-diz-relator\/\"},\"author\":{\"name\":\"Ag\u00eancia iNFRA\",\"@id\":\"https:\/\/agenciainfra.com\/blog\/#\/schema\/person\/34af08dff6adea4cb22b06612ba7acfa\"},\"headline\":\"PL que pro\u00edbe distribuidoras de atuarem em GD solar deve ser aprovado em comiss\u00e3o, diz relator\",\"datePublished\":\"2024-06-17T14:00:00+00:00\",\"dateModified\":\"2026-03-13T12:39:02+00:00\",\"mainEntityOfPage\":{\"@id\":\"https:\/\/agenciainfra.com\/blog\/pl-que-proibe-distribuidoras-de-atuarem-em-gd-solar-deve-ser-aprovado-em-comissao-diz-relator\/\"},\"wordCount\":678,\"publisher\":{\"@id\":\"https:\/\/agenciainfra.com\/blog\/#organization\"},\"image\":{\"@id\":\"https:\/\/agenciainfra.com\/blog\/pl-que-proibe-distribuidoras-de-atuarem-em-gd-solar-deve-ser-aprovado-em-comissao-diz-relator\/#primaryimage\"},\"thumbnailUrl\":\"https:\/\/agenciainfra.com\/blog\/wp-content\/uploads\/2021\/03\/lafayette-de-andrada-foto-maryanna-oliveira-camara-dos-deputados.jpeg\",\"keywords\":[\"C\u00e2mara dos Deputados\",\"CCJC\",\"CEMIG\",\"CME\",\"CMU\",\"Comiss\u00e3o de Constitui\u00e7\u00e3o e Justi\u00e7a\",\"Comiss\u00e3o de Minas e Energia\",\"Companhia Energ\u00e9tica de Minas Gerais\",\"conflito de interesse\",\"gera\u00e7\u00e3o distribu\u00edda\",\"Junior Ferrari\",\"Lafayette de Andrada\",\"Lei 14.300\/2022\",\"livre competi\u00e7\u00e3o\",\"Marco Legal\",\"Marisa Wanzeller\",\"mercado de energia\",\"microgera\u00e7\u00e3o distribu\u00edda\",\"PL 671\/2024\",\"regulamenta\u00e7\u00e3o el\u00e9trica\",\"Walter Fr\u00f3es\"],\"articleSection\":[\"Destaque lista\",\"Destaque Menor\",\"Geral\",\"iNFRAEnergia\"],\"inLanguage\":\"pt-BR\",\"copyrightYear\":\"2024\",\"copyrightHolder\":{\"@id\":\"https:\/\/agenciainfra.com\/blog\/#organization\"}},{\"@type\":\"WebPage\",\"@id\":\"https:\/\/agenciainfra.com\/blog\/pl-que-proibe-distribuidoras-de-atuarem-em-gd-solar-deve-ser-aprovado-em-comissao-diz-relator\/\",\"url\":\"https:\/\/agenciainfra.com\/blog\/pl-que-proibe-distribuidoras-de-atuarem-em-gd-solar-deve-ser-aprovado-em-comissao-diz-relator\/\",\"name\":\"PL que pro\u00edbe distribuidoras de atuarem em GD solar deve ser aprovado em comiss\u00e3o, diz relator - Ag\u00eancia iNFRA\",\"isPartOf\":{\"@id\":\"https:\/\/agenciainfra.com\/blog\/#website\"},\"primaryImageOfPage\":{\"@id\":\"https:\/\/agenciainfra.com\/blog\/pl-que-proibe-distribuidoras-de-atuarem-em-gd-solar-deve-ser-aprovado-em-comissao-diz-relator\/#primaryimage\"},\"image\":{\"@id\":\"https:\/\/agenciainfra.com\/blog\/pl-que-proibe-distribuidoras-de-atuarem-em-gd-solar-deve-ser-aprovado-em-comissao-diz-relator\/#primaryimage\"},\"thumbnailUrl\":\"https:\/\/agenciainfra.com\/blog\/wp-content\/uploads\/2021\/03\/lafayette-de-andrada-foto-maryanna-oliveira-camara-dos-deputados.jpeg\",\"datePublished\":\"2024-06-17T14:00:00+00:00\",\"dateModified\":\"2026-03-13T12:39:02+00:00\",\"breadcrumb\":{\"@id\":\"https:\/\/agenciainfra.com\/blog\/pl-que-proibe-distribuidoras-de-atuarem-em-gd-solar-deve-ser-aprovado-em-comissao-diz-relator\/#breadcrumb\"},\"inLanguage\":\"pt-BR\",\"potentialAction\":[{\"@type\":\"ReadAction\",\"target\":[\"https:\/\/agenciainfra.com\/blog\/pl-que-proibe-distribuidoras-de-atuarem-em-gd-solar-deve-ser-aprovado-em-comissao-diz-relator\/\"]}]},{\"@type\":\"ImageObject\",\"inLanguage\":\"pt-BR\",\"@id\":\"https:\/\/agenciainfra.com\/blog\/pl-que-proibe-distribuidoras-de-atuarem-em-gd-solar-deve-ser-aprovado-em-comissao-diz-relator\/#primaryimage\",\"url\":\"https:\/\/agenciainfra.com\/blog\/wp-content\/uploads\/2021\/03\/lafayette-de-andrada-foto-maryanna-oliveira-camara-dos-deputados.jpeg\",\"contentUrl\":\"https:\/\/agenciainfra.com\/blog\/wp-content\/uploads\/2021\/03\/lafayette-de-andrada-foto-maryanna-oliveira-camara-dos-deputados.jpeg\",\"width\":1280,\"height\":853,\"caption\":\"Foto: Maryanna Oliveira\/C\u00e2mara dos Deputados\"},{\"@type\":\"BreadcrumbList\",\"@id\":\"https:\/\/agenciainfra.com\/blog\/pl-que-proibe-distribuidoras-de-atuarem-em-gd-solar-deve-ser-aprovado-em-comissao-diz-relator\/#breadcrumb\",\"itemListElement\":[{\"@type\":\"ListItem\",\"position\":1,\"name\":\"In\u00edcio\",\"item\":\"https:\/\/agenciainfra.com\/blog\/\"},{\"@type\":\"ListItem\",\"position\":2,\"name\":\"PL que pro\u00edbe distribuidoras de atuarem em GD solar deve ser aprovado em comiss\u00e3o, diz relator\"}]},{\"@type\":\"WebSite\",\"@id\":\"https:\/\/agenciainfra.com\/blog\/#website\",\"url\":\"https:\/\/agenciainfra.com\/blog\/\",\"name\":\"Ag\u00eancia iNFRA\",\"description\":\"Multiplataforma de informa\u00e7\u00e3o jornal\u00edstica refer\u00eancia na \u00e1rea de infraestrutura no Brasil!\",\"publisher\":{\"@id\":\"https:\/\/agenciainfra.com\/blog\/#organization\"},\"potentialAction\":[{\"@type\":\"SearchAction\",\"target\":{\"@type\":\"EntryPoint\",\"urlTemplate\":\"https:\/\/agenciainfra.com\/blog\/?s={search_term_string}\"},\"query-input\":{\"@type\":\"PropertyValueSpecification\",\"valueRequired\":true,\"valueName\":\"search_term_string\"}}],\"inLanguage\":\"pt-BR\"},{\"@type\":\"Organization\",\"@id\":\"https:\/\/agenciainfra.com\/blog\/#organization\",\"name\":\"Ag\u00eancia iNFRA\",\"url\":\"https:\/\/agenciainfra.com\/blog\/\",\"logo\":{\"@type\":\"ImageObject\",\"inLanguage\":\"pt-BR\",\"@id\":\"https:\/\/agenciainfra.com\/blog\/#\/schema\/logo\/image\/\",\"url\":\"https:\/\/agenciainfra.com\/blog\/wp-content\/uploads\/2023\/09\/iNFRA_5-e1761735885940.png\",\"contentUrl\":\"https:\/\/agenciainfra.com\/blog\/wp-content\/uploads\/2023\/09\/iNFRA_5-e1761735885940.png\",\"width\":1672,\"height\":454,\"caption\":\"Ag\u00eancia iNFRA\"},\"image\":{\"@id\":\"https:\/\/agenciainfra.com\/blog\/#\/schema\/logo\/image\/\"},\"sameAs\":[\"https:\/\/www.facebook.com\/ageninfra\",\"https:\/\/x.com\/agencia_infra\",\"https:\/\/www.linkedin.com\/company\/ag\u00eanciainfra\/\",\"https:\/\/www.instagram.com\/agenciainfra\/\"]},{\"@type\":\"Person\",\"@id\":\"https:\/\/agenciainfra.com\/blog\/#\/schema\/person\/34af08dff6adea4cb22b06612ba7acfa\",\"name\":\"Ag\u00eancia iNFRA\",\"image\":{\"@type\":\"ImageObject\",\"inLanguage\":\"pt-BR\",\"@id\":\"https:\/\/agenciainfra.com\/blog\/#\/schema\/person\/image\/\",\"url\":\"https:\/\/secure.gravatar.com\/avatar\/d189e01678f06d8eb84d4e01f08eb848b3fffe3f8443818d3c356c66892f5be8?s=96&d=mm&r=g\",\"contentUrl\":\"https:\/\/secure.gravatar.com\/avatar\/d189e01678f06d8eb84d4e01f08eb848b3fffe3f8443818d3c356c66892f5be8?s=96&d=mm&r=g\",\"caption\":\"Ag\u00eancia iNFRA\"},\"url\":\"https:\/\/agenciainfra.com\/blog\/author\/admin\/\"}]}<\/script>\n<!-- \/ Yoast SEO Premium plugin. -->","yoast_head_json":{"title":"PL que pro\u00edbe distribuidoras de atuarem em GD solar deve ser aprovado em comiss\u00e3o, diz relator - Ag\u00eancia iNFRA","robots":{"index":"index","follow":"follow","max-snippet":"max-snippet:-1","max-image-preview":"max-image-preview:large","max-video-preview":"max-video-preview:-1"},"canonical":"https:\/\/agenciainfra.com\/blog\/pl-que-proibe-distribuidoras-de-atuarem-em-gd-solar-deve-ser-aprovado-em-comissao-diz-relator\/","og_locale":"pt_BR","og_type":"article","og_title":"PL que pro\u00edbe distribuidoras de atuarem em GD solar deve ser aprovado em comiss\u00e3o, diz relator","og_description":"Marisa Wanzeller, da&nbsp;Ag\u00eancia iNFRA O&nbsp;PL&nbsp;(Projeto de Lei)&nbsp;671\/2024,&nbsp;que&nbsp;veda as&nbsp;distribuidoras&nbsp;de energia (e seus grupos econ\u00f4micos) de&nbsp;atuarem&nbsp;no mercado de MMGD (Micro e Minigera\u00e7\u00e3o Distribu\u00edda),&nbsp;deve&nbsp;acelerar sua tramita\u00e7\u00e3o e&nbsp;ser&nbsp;aprovado&nbsp;nesta semana na CME (Comiss\u00e3o&nbsp;de Minas e Energia) da C\u00e2mara. A avalia\u00e7\u00e3o \u00e9 do deputado federal Lafayette de Andrada (Republicanos-MG),&nbsp;relator&nbsp;da mat\u00e9ria. O parlamentar disse \u00e0&nbsp;Ag\u00eancia iNFRA&nbsp;que&nbsp;conversou com o presidente da&nbsp;comiss\u00e3o, deputado Junior [&hellip;]","og_url":"https:\/\/agenciainfra.com\/blog\/pl-que-proibe-distribuidoras-de-atuarem-em-gd-solar-deve-ser-aprovado-em-comissao-diz-relator\/","og_site_name":"Ag\u00eancia iNFRA","article_publisher":"https:\/\/www.facebook.com\/ageninfra","article_published_time":"2024-06-17T14:00:00+00:00","article_modified_time":"2026-03-13T12:39:02+00:00","og_image":[{"width":1280,"height":853,"url":"https:\/\/agenciainfra.com\/blog\/wp-content\/uploads\/2021\/03\/lafayette-de-andrada-foto-maryanna-oliveira-camara-dos-deputados.jpeg","type":"image\/jpeg"}],"author":"Ag\u00eancia iNFRA","twitter_card":"summary_large_image","twitter_creator":"@agencia_infra","twitter_site":"@agencia_infra","twitter_misc":{"Escrito por":"Ag\u00eancia iNFRA","Est. tempo de leitura":"3 minutos"},"schema":{"@context":"https:\/\/schema.org","@graph":[{"@type":"Article","@id":"https:\/\/agenciainfra.com\/blog\/pl-que-proibe-distribuidoras-de-atuarem-em-gd-solar-deve-ser-aprovado-em-comissao-diz-relator\/#article","isPartOf":{"@id":"https:\/\/agenciainfra.com\/blog\/pl-que-proibe-distribuidoras-de-atuarem-em-gd-solar-deve-ser-aprovado-em-comissao-diz-relator\/"},"author":{"name":"Ag\u00eancia iNFRA","@id":"https:\/\/agenciainfra.com\/blog\/#\/schema\/person\/34af08dff6adea4cb22b06612ba7acfa"},"headline":"PL que pro\u00edbe distribuidoras de atuarem em GD solar deve ser aprovado em comiss\u00e3o, diz relator","datePublished":"2024-06-17T14:00:00+00:00","dateModified":"2026-03-13T12:39:02+00:00","mainEntityOfPage":{"@id":"https:\/\/agenciainfra.com\/blog\/pl-que-proibe-distribuidoras-de-atuarem-em-gd-solar-deve-ser-aprovado-em-comissao-diz-relator\/"},"wordCount":678,"publisher":{"@id":"https:\/\/agenciainfra.com\/blog\/#organization"},"image":{"@id":"https:\/\/agenciainfra.com\/blog\/pl-que-proibe-distribuidoras-de-atuarem-em-gd-solar-deve-ser-aprovado-em-comissao-diz-relator\/#primaryimage"},"thumbnailUrl":"https:\/\/agenciainfra.com\/blog\/wp-content\/uploads\/2021\/03\/lafayette-de-andrada-foto-maryanna-oliveira-camara-dos-deputados.jpeg","keywords":["C\u00e2mara dos Deputados","CCJC","CEMIG","CME","CMU","Comiss\u00e3o de Constitui\u00e7\u00e3o e Justi\u00e7a","Comiss\u00e3o de Minas e Energia","Companhia Energ\u00e9tica de Minas Gerais","conflito de interesse","gera\u00e7\u00e3o distribu\u00edda","Junior Ferrari","Lafayette de Andrada","Lei 14.300\/2022","livre competi\u00e7\u00e3o","Marco Legal","Marisa Wanzeller","mercado de energia","microgera\u00e7\u00e3o distribu\u00edda","PL 671\/2024","regulamenta\u00e7\u00e3o el\u00e9trica","Walter Fr\u00f3es"],"articleSection":["Destaque lista","Destaque Menor","Geral","iNFRAEnergia"],"inLanguage":"pt-BR","copyrightYear":"2024","copyrightHolder":{"@id":"https:\/\/agenciainfra.com\/blog\/#organization"}},{"@type":"WebPage","@id":"https:\/\/agenciainfra.com\/blog\/pl-que-proibe-distribuidoras-de-atuarem-em-gd-solar-deve-ser-aprovado-em-comissao-diz-relator\/","url":"https:\/\/agenciainfra.com\/blog\/pl-que-proibe-distribuidoras-de-atuarem-em-gd-solar-deve-ser-aprovado-em-comissao-diz-relator\/","name":"PL que pro\u00edbe distribuidoras de atuarem em GD solar deve ser aprovado em comiss\u00e3o, diz relator - Ag\u00eancia iNFRA","isPartOf":{"@id":"https:\/\/agenciainfra.com\/blog\/#website"},"primaryImageOfPage":{"@id":"https:\/\/agenciainfra.com\/blog\/pl-que-proibe-distribuidoras-de-atuarem-em-gd-solar-deve-ser-aprovado-em-comissao-diz-relator\/#primaryimage"},"image":{"@id":"https:\/\/agenciainfra.com\/blog\/pl-que-proibe-distribuidoras-de-atuarem-em-gd-solar-deve-ser-aprovado-em-comissao-diz-relator\/#primaryimage"},"thumbnailUrl":"https:\/\/agenciainfra.com\/blog\/wp-content\/uploads\/2021\/03\/lafayette-de-andrada-foto-maryanna-oliveira-camara-dos-deputados.jpeg","datePublished":"2024-06-17T14:00:00+00:00","dateModified":"2026-03-13T12:39:02+00:00","breadcrumb":{"@id":"https:\/\/agenciainfra.com\/blog\/pl-que-proibe-distribuidoras-de-atuarem-em-gd-solar-deve-ser-aprovado-em-comissao-diz-relator\/#breadcrumb"},"inLanguage":"pt-BR","potentialAction":[{"@type":"ReadAction","target":["https:\/\/agenciainfra.com\/blog\/pl-que-proibe-distribuidoras-de-atuarem-em-gd-solar-deve-ser-aprovado-em-comissao-diz-relator\/"]}]},{"@type":"ImageObject","inLanguage":"pt-BR","@id":"https:\/\/agenciainfra.com\/blog\/pl-que-proibe-distribuidoras-de-atuarem-em-gd-solar-deve-ser-aprovado-em-comissao-diz-relator\/#primaryimage","url":"https:\/\/agenciainfra.com\/blog\/wp-content\/uploads\/2021\/03\/lafayette-de-andrada-foto-maryanna-oliveira-camara-dos-deputados.jpeg","contentUrl":"https:\/\/agenciainfra.com\/blog\/wp-content\/uploads\/2021\/03\/lafayette-de-andrada-foto-maryanna-oliveira-camara-dos-deputados.jpeg","width":1280,"height":853,"caption":"Foto: Maryanna Oliveira\/C\u00e2mara dos Deputados"},{"@type":"BreadcrumbList","@id":"https:\/\/agenciainfra.com\/blog\/pl-que-proibe-distribuidoras-de-atuarem-em-gd-solar-deve-ser-aprovado-em-comissao-diz-relator\/#breadcrumb","itemListElement":[{"@type":"ListItem","position":1,"name":"In\u00edcio","item":"https:\/\/agenciainfra.com\/blog\/"},{"@type":"ListItem","position":2,"name":"PL que pro\u00edbe distribuidoras de atuarem em GD solar deve ser aprovado em comiss\u00e3o, diz relator"}]},{"@type":"WebSite","@id":"https:\/\/agenciainfra.com\/blog\/#website","url":"https:\/\/agenciainfra.com\/blog\/","name":"Ag\u00eancia iNFRA","description":"Multiplataforma de informa\u00e7\u00e3o jornal\u00edstica refer\u00eancia na \u00e1rea de infraestrutura no Brasil!","publisher":{"@id":"https:\/\/agenciainfra.com\/blog\/#organization"},"potentialAction":[{"@type":"SearchAction","target":{"@type":"EntryPoint","urlTemplate":"https:\/\/agenciainfra.com\/blog\/?s={search_term_string}"},"query-input":{"@type":"PropertyValueSpecification","valueRequired":true,"valueName":"search_term_string"}}],"inLanguage":"pt-BR"},{"@type":"Organization","@id":"https:\/\/agenciainfra.com\/blog\/#organization","name":"Ag\u00eancia iNFRA","url":"https:\/\/agenciainfra.com\/blog\/","logo":{"@type":"ImageObject","inLanguage":"pt-BR","@id":"https:\/\/agenciainfra.com\/blog\/#\/schema\/logo\/image\/","url":"https:\/\/agenciainfra.com\/blog\/wp-content\/uploads\/2023\/09\/iNFRA_5-e1761735885940.png","contentUrl":"https:\/\/agenciainfra.com\/blog\/wp-content\/uploads\/2023\/09\/iNFRA_5-e1761735885940.png","width":1672,"height":454,"caption":"Ag\u00eancia iNFRA"},"image":{"@id":"https:\/\/agenciainfra.com\/blog\/#\/schema\/logo\/image\/"},"sameAs":["https:\/\/www.facebook.com\/ageninfra","https:\/\/x.com\/agencia_infra","https:\/\/www.linkedin.com\/company\/ag\u00eanciainfra\/","https:\/\/www.instagram.com\/agenciainfra\/"]},{"@type":"Person","@id":"https:\/\/agenciainfra.com\/blog\/#\/schema\/person\/34af08dff6adea4cb22b06612ba7acfa","name":"Ag\u00eancia iNFRA","image":{"@type":"ImageObject","inLanguage":"pt-BR","@id":"https:\/\/agenciainfra.com\/blog\/#\/schema\/person\/image\/","url":"https:\/\/secure.gravatar.com\/avatar\/d189e01678f06d8eb84d4e01f08eb848b3fffe3f8443818d3c356c66892f5be8?s=96&d=mm&r=g","contentUrl":"https:\/\/secure.gravatar.com\/avatar\/d189e01678f06d8eb84d4e01f08eb848b3fffe3f8443818d3c356c66892f5be8?s=96&d=mm&r=g","caption":"Ag\u00eancia iNFRA"},"url":"https:\/\/agenciainfra.com\/blog\/author\/admin\/"}]}},"_links":{"self":[{"href":"https:\/\/agenciainfra.com\/blog\/wp-json\/wp\/v2\/posts\/17141","targetHints":{"allow":["GET"]}}],"collection":[{"href":"https:\/\/agenciainfra.com\/blog\/wp-json\/wp\/v2\/posts"}],"about":[{"href":"https:\/\/agenciainfra.com\/blog\/wp-json\/wp\/v2\/types\/post"}],"author":[{"embeddable":true,"href":"https:\/\/agenciainfra.com\/blog\/wp-json\/wp\/v2\/users\/1"}],"replies":[{"embeddable":true,"href":"https:\/\/agenciainfra.com\/blog\/wp-json\/wp\/v2\/comments?post=17141"}],"version-history":[{"count":1,"href":"https:\/\/agenciainfra.com\/blog\/wp-json\/wp\/v2\/posts\/17141\/revisions"}],"predecessor-version":[{"id":17142,"href":"https:\/\/agenciainfra.com\/blog\/wp-json\/wp\/v2\/posts\/17141\/revisions\/17142"}],"wp:featuredmedia":[{"embeddable":true,"href":"https:\/\/agenciainfra.com\/blog\/wp-json\/wp\/v2\/media\/6913"}],"wp:attachment":[{"href":"https:\/\/agenciainfra.com\/blog\/wp-json\/wp\/v2\/media?parent=17141"}],"wp:term":[{"taxonomy":"category","embeddable":true,"href":"https:\/\/agenciainfra.com\/blog\/wp-json\/wp\/v2\/categories?post=17141"},{"taxonomy":"post_tag","embeddable":true,"href":"https:\/\/agenciainfra.com\/blog\/wp-json\/wp\/v2\/tags?post=17141"}],"curies":[{"name":"wp","href":"https:\/\/api.w.org\/{rel}","templated":true}]}}