{"id":17179,"date":"2024-06-19T11:00:00","date_gmt":"2024-06-19T14:00:00","guid":{"rendered":"https:\/\/agenciainfra.com\/blog\/?p=17179"},"modified":"2026-03-13T09:38:59","modified_gmt":"2026-03-13T12:38:59","slug":"decreto-das-distribuidoras-e-apresentado-ao-presidente-lula-e-mudancas-devem-ocorrer","status":"publish","type":"post","link":"https:\/\/agenciainfra.com\/blog\/decreto-das-distribuidoras-e-apresentado-ao-presidente-lula-e-mudancas-devem-ocorrer\/","title":{"rendered":"Decreto das distribuidoras \u00e9 apresentado ao presidente Lula e mudan\u00e7as devem ocorrer"},"content":{"rendered":"\n<p class=\"has-text-align-right\"><strong>Marisa Wanzeller, da&nbsp;Ag\u00eancia iNFRA<\/strong><\/p>\n\n\n\n<p>O ministro de Minas e Energia, Alexandre Silveira, e o ministro-chefe da Casa Civil, Rui Costa, apresentaram ao&nbsp;presidente&nbsp;Lula, nesta ter\u00e7a-feira (18), a proposta de&nbsp;decreto&nbsp;para tratar da renova\u00e7\u00e3o das&nbsp;distribuidoras&nbsp;de energia. A reuni\u00e3o foi longa e&nbsp;mudan\u00e7as&nbsp;devem&nbsp;ocorrer&nbsp;na minuta vazada h\u00e1 alguns dias, disseram fontes. \u00c9 poss\u00edvel que o texto final seja publicado ainda nesta semana.&nbsp;<br><br>Parlamentares que tratam do tema em projetos de lei no Legislativo tamb\u00e9m tiveram agendas na Casa Civil. O MME (Minist\u00e9rio de Minas e Energia) encaminhou uma primeira vers\u00e3o do texto para o Pal\u00e1cio do Planalto em 23 de maio. Segundo o ministro Silveira, o texto que foi&nbsp;apresentado&nbsp;visava facilitar \u201ca regula\u00e7\u00e3o, a fiscaliza\u00e7\u00e3o dos servi\u00e7os e a penaliza\u00e7\u00e3o do descumprimento de regras\u201d na distribui\u00e7\u00e3o de energia.&nbsp;<br><br>A minuta definia que as&nbsp;distribuidoras&nbsp;que n\u00e3o demonstrarem equil\u00edbrio econ\u00f4mico-financeiro anualmente teriam a distribui\u00e7\u00e3o de dividendos travada no m\u00ednimo legal. A proposta ainda apresentava \u201caprimoramento das condi\u00e7\u00f5es econ\u00f4micas\u201d e previs\u00e3o de abertura de processo de caducidade de concess\u00f5es pela n\u00e3o presta\u00e7\u00e3o de servi\u00e7o adequado e pelo n\u00e3o cumprimento de indicadores previstos em contrato.&nbsp;<br><br>No entanto, estabelecia que concession\u00e1rias que n\u00e3o atendessem aos requisitos para prorrogar os contratos poderiam fazer aporte de capital, no caso de o crit\u00e9rio ser a gest\u00e3o econ\u00f4mico-financeira, ou propor ao MME um plano de resultados, no caso de o crit\u00e9rio ser a continuidade de fornecimento.<\/p>\n","protected":false},"excerpt":{"rendered":"<p>Marisa Wanzeller, da&nbsp;Ag\u00eancia iNFRA O ministro de Minas e Energia, Alexandre Silveira, e o ministro-chefe da Casa Civil, Rui Costa, apresentaram ao&nbsp;presidente&nbsp;Lula, nesta ter\u00e7a-feira (18), a proposta de&nbsp;decreto&nbsp;para tratar da renova\u00e7\u00e3o das&nbsp;distribuidoras&nbsp;de energia. A reuni\u00e3o foi longa e&nbsp;mudan\u00e7as&nbsp;devem&nbsp;ocorrer&nbsp;na minuta vazada h\u00e1 alguns dias, disseram fontes. \u00c9 poss\u00edvel que o texto final seja publicado ainda nesta [&hellip;]<\/p>\n","protected":false},"author":1,"featured_media":17180,"comment_status":"closed","ping_status":"closed","sticky":false,"template":"","format":"standard","meta":{"_monsterinsights_skip_tracking":false,"_monsterinsights_sitenote_active":false,"_monsterinsights_sitenote_note":"","_monsterinsights_sitenote_category":0,"footnotes":""},"categories":[7250,1,10],"tags":[6040,245,1344,78,309,2199,491,2990,1995,10203,10204,580,7366,96,71,3743,10205,10202,226,479],"class_list":["post-17179","post","type-post","status-publish","format-standard","has-post-thumbnail","hentry","category-destaque-lista","category-geral","category-infraenergia","tag-alexandre-silveira","tag-caducidade","tag-casa-civil","tag-concessoes","tag-decreto","tag-distribuicao","tag-distribuidoras-de-energia","tag-dividendos","tag-equilibrio-economico-financeiro","tag-fiscalizacao-de-servicos","tag-gestao-economico-financeira","tag-lula","tag-marisa-wanzeller","tag-ministerio-de-minas-e-energia","tag-mme","tag-palacio-do-planalto","tag-plano-de-resultados","tag-regulacao-energetica","tag-renovacao","tag-rui-costa"],"yoast_head":"<!-- This site is optimized with the Yoast SEO Premium plugin v25.4 (Yoast SEO v26.0) - https:\/\/yoast.com\/wordpress\/plugins\/seo\/ -->\n<title>Decreto das distribuidoras \u00e9 apresentado ao presidente Lula e mudan\u00e7as devem ocorrer - Ag\u00eancia iNFRA<\/title>\n<meta name=\"robots\" content=\"index, follow, max-snippet:-1, max-image-preview:large, max-video-preview:-1\" \/>\n<link rel=\"canonical\" href=\"https:\/\/agenciainfra.com\/blog\/decreto-das-distribuidoras-e-apresentado-ao-presidente-lula-e-mudancas-devem-ocorrer\/\" \/>\n<meta property=\"og:locale\" content=\"pt_BR\" \/>\n<meta property=\"og:type\" content=\"article\" \/>\n<meta property=\"og:title\" content=\"Decreto das distribuidoras \u00e9 apresentado ao presidente Lula e mudan\u00e7as devem ocorrer\" \/>\n<meta property=\"og:description\" content=\"Marisa Wanzeller, da&nbsp;Ag\u00eancia iNFRA O ministro de Minas e Energia, Alexandre Silveira, e o ministro-chefe da Casa Civil, Rui Costa, apresentaram ao&nbsp;presidente&nbsp;Lula, nesta ter\u00e7a-feira (18), a proposta de&nbsp;decreto&nbsp;para tratar da renova\u00e7\u00e3o das&nbsp;distribuidoras&nbsp;de energia. A reuni\u00e3o foi longa e&nbsp;mudan\u00e7as&nbsp;devem&nbsp;ocorrer&nbsp;na minuta vazada h\u00e1 alguns dias, disseram fontes. \u00c9 poss\u00edvel que o texto final seja publicado ainda nesta [&hellip;]\" \/>\n<meta property=\"og:url\" content=\"https:\/\/agenciainfra.com\/blog\/decreto-das-distribuidoras-e-apresentado-ao-presidente-lula-e-mudancas-devem-ocorrer\/\" \/>\n<meta property=\"og:site_name\" content=\"Ag\u00eancia iNFRA\" \/>\n<meta property=\"article:publisher\" content=\"https:\/\/www.facebook.com\/ageninfra\" \/>\n<meta property=\"article:published_time\" content=\"2024-06-19T14:00:00+00:00\" \/>\n<meta property=\"article:modified_time\" content=\"2026-03-13T12:38:59+00:00\" \/>\n<meta property=\"og:image\" content=\"https:\/\/agenciainfra.com\/blog\/wp-content\/uploads\/2024\/06\/lula-alexandre-silveira-foto-agencia-brasil.jpg\" \/>\n\t<meta property=\"og:image:width\" content=\"1202\" \/>\n\t<meta property=\"og:image:height\" content=\"801\" \/>\n\t<meta property=\"og:image:type\" content=\"image\/jpeg\" \/>\n<meta name=\"author\" content=\"Ag\u00eancia iNFRA\" \/>\n<meta name=\"twitter:card\" content=\"summary_large_image\" \/>\n<meta name=\"twitter:creator\" content=\"@agencia_infra\" \/>\n<meta name=\"twitter:site\" content=\"@agencia_infra\" \/>\n<meta name=\"twitter:label1\" content=\"Escrito por\" \/>\n\t<meta name=\"twitter:data1\" content=\"Ag\u00eancia iNFRA\" \/>\n\t<meta name=\"twitter:label2\" content=\"Est. tempo de leitura\" \/>\n\t<meta name=\"twitter:data2\" content=\"1 minuto\" \/>\n<script type=\"application\/ld+json\" class=\"yoast-schema-graph\">{\"@context\":\"https:\/\/schema.org\",\"@graph\":[{\"@type\":\"Article\",\"@id\":\"https:\/\/agenciainfra.com\/blog\/decreto-das-distribuidoras-e-apresentado-ao-presidente-lula-e-mudancas-devem-ocorrer\/#article\",\"isPartOf\":{\"@id\":\"https:\/\/agenciainfra.com\/blog\/decreto-das-distribuidoras-e-apresentado-ao-presidente-lula-e-mudancas-devem-ocorrer\/\"},\"author\":{\"name\":\"Ag\u00eancia iNFRA\",\"@id\":\"https:\/\/agenciainfra.com\/blog\/#\/schema\/person\/34af08dff6adea4cb22b06612ba7acfa\"},\"headline\":\"Decreto das distribuidoras \u00e9 apresentado ao presidente Lula e mudan\u00e7as devem ocorrer\",\"datePublished\":\"2024-06-19T14:00:00+00:00\",\"dateModified\":\"2026-03-13T12:38:59+00:00\",\"mainEntityOfPage\":{\"@id\":\"https:\/\/agenciainfra.com\/blog\/decreto-das-distribuidoras-e-apresentado-ao-presidente-lula-e-mudancas-devem-ocorrer\/\"},\"wordCount\":295,\"publisher\":{\"@id\":\"https:\/\/agenciainfra.com\/blog\/#organization\"},\"image\":{\"@id\":\"https:\/\/agenciainfra.com\/blog\/decreto-das-distribuidoras-e-apresentado-ao-presidente-lula-e-mudancas-devem-ocorrer\/#primaryimage\"},\"thumbnailUrl\":\"https:\/\/agenciainfra.com\/blog\/wp-content\/uploads\/2024\/06\/lula-alexandre-silveira-foto-agencia-brasil.jpg\",\"keywords\":[\"Alexandre Silveira\",\"caducidade\",\"Casa Civil\",\"concess\u00f5es\",\"Decreto\",\"distribui\u00e7\u00e3o\",\"distribuidoras de energia\",\"dividendos\",\"equil\u00edbrio econ\u00f4mico-financeiro\",\"Fiscaliza\u00e7\u00e3o de Servi\u00e7os\",\"Gest\u00e3o Econ\u00f4mico-Financeira\",\"Lula\",\"Marisa Wanzeller\",\"Minist\u00e9rio de Minas e Energia\",\"MME\",\"Pal\u00e1cio do Planalto\",\"Plano de Resultados\",\"Regula\u00e7\u00e3o Energ\u00e9tica\",\"renova\u00e7\u00e3o\",\"Rui Costa\"],\"articleSection\":[\"Destaque lista\",\"Geral\",\"iNFRAEnergia\"],\"inLanguage\":\"pt-BR\",\"copyrightYear\":\"2024\",\"copyrightHolder\":{\"@id\":\"https:\/\/agenciainfra.com\/blog\/#organization\"}},{\"@type\":\"WebPage\",\"@id\":\"https:\/\/agenciainfra.com\/blog\/decreto-das-distribuidoras-e-apresentado-ao-presidente-lula-e-mudancas-devem-ocorrer\/\",\"url\":\"https:\/\/agenciainfra.com\/blog\/decreto-das-distribuidoras-e-apresentado-ao-presidente-lula-e-mudancas-devem-ocorrer\/\",\"name\":\"Decreto das distribuidoras \u00e9 apresentado ao presidente Lula e mudan\u00e7as devem ocorrer - Ag\u00eancia iNFRA\",\"isPartOf\":{\"@id\":\"https:\/\/agenciainfra.com\/blog\/#website\"},\"primaryImageOfPage\":{\"@id\":\"https:\/\/agenciainfra.com\/blog\/decreto-das-distribuidoras-e-apresentado-ao-presidente-lula-e-mudancas-devem-ocorrer\/#primaryimage\"},\"image\":{\"@id\":\"https:\/\/agenciainfra.com\/blog\/decreto-das-distribuidoras-e-apresentado-ao-presidente-lula-e-mudancas-devem-ocorrer\/#primaryimage\"},\"thumbnailUrl\":\"https:\/\/agenciainfra.com\/blog\/wp-content\/uploads\/2024\/06\/lula-alexandre-silveira-foto-agencia-brasil.jpg\",\"datePublished\":\"2024-06-19T14:00:00+00:00\",\"dateModified\":\"2026-03-13T12:38:59+00:00\",\"breadcrumb\":{\"@id\":\"https:\/\/agenciainfra.com\/blog\/decreto-das-distribuidoras-e-apresentado-ao-presidente-lula-e-mudancas-devem-ocorrer\/#breadcrumb\"},\"inLanguage\":\"pt-BR\",\"potentialAction\":[{\"@type\":\"ReadAction\",\"target\":[\"https:\/\/agenciainfra.com\/blog\/decreto-das-distribuidoras-e-apresentado-ao-presidente-lula-e-mudancas-devem-ocorrer\/\"]}]},{\"@type\":\"ImageObject\",\"inLanguage\":\"pt-BR\",\"@id\":\"https:\/\/agenciainfra.com\/blog\/decreto-das-distribuidoras-e-apresentado-ao-presidente-lula-e-mudancas-devem-ocorrer\/#primaryimage\",\"url\":\"https:\/\/agenciainfra.com\/blog\/wp-content\/uploads\/2024\/06\/lula-alexandre-silveira-foto-agencia-brasil.jpg\",\"contentUrl\":\"https:\/\/agenciainfra.com\/blog\/wp-content\/uploads\/2024\/06\/lula-alexandre-silveira-foto-agencia-brasil.jpg\",\"width\":1202,\"height\":801},{\"@type\":\"BreadcrumbList\",\"@id\":\"https:\/\/agenciainfra.com\/blog\/decreto-das-distribuidoras-e-apresentado-ao-presidente-lula-e-mudancas-devem-ocorrer\/#breadcrumb\",\"itemListElement\":[{\"@type\":\"ListItem\",\"position\":1,\"name\":\"In\u00edcio\",\"item\":\"https:\/\/agenciainfra.com\/blog\/\"},{\"@type\":\"ListItem\",\"position\":2,\"name\":\"Decreto das distribuidoras \u00e9 apresentado ao presidente Lula e mudan\u00e7as devem ocorrer\"}]},{\"@type\":\"WebSite\",\"@id\":\"https:\/\/agenciainfra.com\/blog\/#website\",\"url\":\"https:\/\/agenciainfra.com\/blog\/\",\"name\":\"Ag\u00eancia iNFRA\",\"description\":\"Multiplataforma de informa\u00e7\u00e3o jornal\u00edstica refer\u00eancia na \u00e1rea de infraestrutura no Brasil!\",\"publisher\":{\"@id\":\"https:\/\/agenciainfra.com\/blog\/#organization\"},\"potentialAction\":[{\"@type\":\"SearchAction\",\"target\":{\"@type\":\"EntryPoint\",\"urlTemplate\":\"https:\/\/agenciainfra.com\/blog\/?s={search_term_string}\"},\"query-input\":{\"@type\":\"PropertyValueSpecification\",\"valueRequired\":true,\"valueName\":\"search_term_string\"}}],\"inLanguage\":\"pt-BR\"},{\"@type\":\"Organization\",\"@id\":\"https:\/\/agenciainfra.com\/blog\/#organization\",\"name\":\"Ag\u00eancia iNFRA\",\"url\":\"https:\/\/agenciainfra.com\/blog\/\",\"logo\":{\"@type\":\"ImageObject\",\"inLanguage\":\"pt-BR\",\"@id\":\"https:\/\/agenciainfra.com\/blog\/#\/schema\/logo\/image\/\",\"url\":\"https:\/\/agenciainfra.com\/blog\/wp-content\/uploads\/2023\/09\/iNFRA_5-e1761735885940.png\",\"contentUrl\":\"https:\/\/agenciainfra.com\/blog\/wp-content\/uploads\/2023\/09\/iNFRA_5-e1761735885940.png\",\"width\":1672,\"height\":454,\"caption\":\"Ag\u00eancia iNFRA\"},\"image\":{\"@id\":\"https:\/\/agenciainfra.com\/blog\/#\/schema\/logo\/image\/\"},\"sameAs\":[\"https:\/\/www.facebook.com\/ageninfra\",\"https:\/\/x.com\/agencia_infra\",\"https:\/\/www.linkedin.com\/company\/ag\u00eanciainfra\/\",\"https:\/\/www.instagram.com\/agenciainfra\/\"]},{\"@type\":\"Person\",\"@id\":\"https:\/\/agenciainfra.com\/blog\/#\/schema\/person\/34af08dff6adea4cb22b06612ba7acfa\",\"name\":\"Ag\u00eancia iNFRA\",\"image\":{\"@type\":\"ImageObject\",\"inLanguage\":\"pt-BR\",\"@id\":\"https:\/\/agenciainfra.com\/blog\/#\/schema\/person\/image\/\",\"url\":\"https:\/\/secure.gravatar.com\/avatar\/d189e01678f06d8eb84d4e01f08eb848b3fffe3f8443818d3c356c66892f5be8?s=96&d=mm&r=g\",\"contentUrl\":\"https:\/\/secure.gravatar.com\/avatar\/d189e01678f06d8eb84d4e01f08eb848b3fffe3f8443818d3c356c66892f5be8?s=96&d=mm&r=g\",\"caption\":\"Ag\u00eancia iNFRA\"},\"url\":\"https:\/\/agenciainfra.com\/blog\/author\/admin\/\"}]}<\/script>\n<!-- \/ Yoast SEO Premium plugin. -->","yoast_head_json":{"title":"Decreto das distribuidoras \u00e9 apresentado ao presidente Lula e mudan\u00e7as devem ocorrer - Ag\u00eancia iNFRA","robots":{"index":"index","follow":"follow","max-snippet":"max-snippet:-1","max-image-preview":"max-image-preview:large","max-video-preview":"max-video-preview:-1"},"canonical":"https:\/\/agenciainfra.com\/blog\/decreto-das-distribuidoras-e-apresentado-ao-presidente-lula-e-mudancas-devem-ocorrer\/","og_locale":"pt_BR","og_type":"article","og_title":"Decreto das distribuidoras \u00e9 apresentado ao presidente Lula e mudan\u00e7as devem ocorrer","og_description":"Marisa Wanzeller, da&nbsp;Ag\u00eancia iNFRA O ministro de Minas e Energia, Alexandre Silveira, e o ministro-chefe da Casa Civil, Rui Costa, apresentaram ao&nbsp;presidente&nbsp;Lula, nesta ter\u00e7a-feira (18), a proposta de&nbsp;decreto&nbsp;para tratar da renova\u00e7\u00e3o das&nbsp;distribuidoras&nbsp;de energia. A reuni\u00e3o foi longa e&nbsp;mudan\u00e7as&nbsp;devem&nbsp;ocorrer&nbsp;na minuta vazada h\u00e1 alguns dias, disseram fontes. \u00c9 poss\u00edvel que o texto final seja publicado ainda nesta [&hellip;]","og_url":"https:\/\/agenciainfra.com\/blog\/decreto-das-distribuidoras-e-apresentado-ao-presidente-lula-e-mudancas-devem-ocorrer\/","og_site_name":"Ag\u00eancia iNFRA","article_publisher":"https:\/\/www.facebook.com\/ageninfra","article_published_time":"2024-06-19T14:00:00+00:00","article_modified_time":"2026-03-13T12:38:59+00:00","og_image":[{"width":1202,"height":801,"url":"https:\/\/agenciainfra.com\/blog\/wp-content\/uploads\/2024\/06\/lula-alexandre-silveira-foto-agencia-brasil.jpg","type":"image\/jpeg"}],"author":"Ag\u00eancia iNFRA","twitter_card":"summary_large_image","twitter_creator":"@agencia_infra","twitter_site":"@agencia_infra","twitter_misc":{"Escrito por":"Ag\u00eancia iNFRA","Est. tempo de leitura":"1 minuto"},"schema":{"@context":"https:\/\/schema.org","@graph":[{"@type":"Article","@id":"https:\/\/agenciainfra.com\/blog\/decreto-das-distribuidoras-e-apresentado-ao-presidente-lula-e-mudancas-devem-ocorrer\/#article","isPartOf":{"@id":"https:\/\/agenciainfra.com\/blog\/decreto-das-distribuidoras-e-apresentado-ao-presidente-lula-e-mudancas-devem-ocorrer\/"},"author":{"name":"Ag\u00eancia iNFRA","@id":"https:\/\/agenciainfra.com\/blog\/#\/schema\/person\/34af08dff6adea4cb22b06612ba7acfa"},"headline":"Decreto das distribuidoras \u00e9 apresentado ao presidente Lula e mudan\u00e7as devem ocorrer","datePublished":"2024-06-19T14:00:00+00:00","dateModified":"2026-03-13T12:38:59+00:00","mainEntityOfPage":{"@id":"https:\/\/agenciainfra.com\/blog\/decreto-das-distribuidoras-e-apresentado-ao-presidente-lula-e-mudancas-devem-ocorrer\/"},"wordCount":295,"publisher":{"@id":"https:\/\/agenciainfra.com\/blog\/#organization"},"image":{"@id":"https:\/\/agenciainfra.com\/blog\/decreto-das-distribuidoras-e-apresentado-ao-presidente-lula-e-mudancas-devem-ocorrer\/#primaryimage"},"thumbnailUrl":"https:\/\/agenciainfra.com\/blog\/wp-content\/uploads\/2024\/06\/lula-alexandre-silveira-foto-agencia-brasil.jpg","keywords":["Alexandre Silveira","caducidade","Casa Civil","concess\u00f5es","Decreto","distribui\u00e7\u00e3o","distribuidoras de energia","dividendos","equil\u00edbrio econ\u00f4mico-financeiro","Fiscaliza\u00e7\u00e3o de Servi\u00e7os","Gest\u00e3o Econ\u00f4mico-Financeira","Lula","Marisa Wanzeller","Minist\u00e9rio de Minas e Energia","MME","Pal\u00e1cio do Planalto","Plano de Resultados","Regula\u00e7\u00e3o Energ\u00e9tica","renova\u00e7\u00e3o","Rui Costa"],"articleSection":["Destaque lista","Geral","iNFRAEnergia"],"inLanguage":"pt-BR","copyrightYear":"2024","copyrightHolder":{"@id":"https:\/\/agenciainfra.com\/blog\/#organization"}},{"@type":"WebPage","@id":"https:\/\/agenciainfra.com\/blog\/decreto-das-distribuidoras-e-apresentado-ao-presidente-lula-e-mudancas-devem-ocorrer\/","url":"https:\/\/agenciainfra.com\/blog\/decreto-das-distribuidoras-e-apresentado-ao-presidente-lula-e-mudancas-devem-ocorrer\/","name":"Decreto das distribuidoras \u00e9 apresentado ao presidente Lula e mudan\u00e7as devem ocorrer - Ag\u00eancia iNFRA","isPartOf":{"@id":"https:\/\/agenciainfra.com\/blog\/#website"},"primaryImageOfPage":{"@id":"https:\/\/agenciainfra.com\/blog\/decreto-das-distribuidoras-e-apresentado-ao-presidente-lula-e-mudancas-devem-ocorrer\/#primaryimage"},"image":{"@id":"https:\/\/agenciainfra.com\/blog\/decreto-das-distribuidoras-e-apresentado-ao-presidente-lula-e-mudancas-devem-ocorrer\/#primaryimage"},"thumbnailUrl":"https:\/\/agenciainfra.com\/blog\/wp-content\/uploads\/2024\/06\/lula-alexandre-silveira-foto-agencia-brasil.jpg","datePublished":"2024-06-19T14:00:00+00:00","dateModified":"2026-03-13T12:38:59+00:00","breadcrumb":{"@id":"https:\/\/agenciainfra.com\/blog\/decreto-das-distribuidoras-e-apresentado-ao-presidente-lula-e-mudancas-devem-ocorrer\/#breadcrumb"},"inLanguage":"pt-BR","potentialAction":[{"@type":"ReadAction","target":["https:\/\/agenciainfra.com\/blog\/decreto-das-distribuidoras-e-apresentado-ao-presidente-lula-e-mudancas-devem-ocorrer\/"]}]},{"@type":"ImageObject","inLanguage":"pt-BR","@id":"https:\/\/agenciainfra.com\/blog\/decreto-das-distribuidoras-e-apresentado-ao-presidente-lula-e-mudancas-devem-ocorrer\/#primaryimage","url":"https:\/\/agenciainfra.com\/blog\/wp-content\/uploads\/2024\/06\/lula-alexandre-silveira-foto-agencia-brasil.jpg","contentUrl":"https:\/\/agenciainfra.com\/blog\/wp-content\/uploads\/2024\/06\/lula-alexandre-silveira-foto-agencia-brasil.jpg","width":1202,"height":801},{"@type":"BreadcrumbList","@id":"https:\/\/agenciainfra.com\/blog\/decreto-das-distribuidoras-e-apresentado-ao-presidente-lula-e-mudancas-devem-ocorrer\/#breadcrumb","itemListElement":[{"@type":"ListItem","position":1,"name":"In\u00edcio","item":"https:\/\/agenciainfra.com\/blog\/"},{"@type":"ListItem","position":2,"name":"Decreto das distribuidoras \u00e9 apresentado ao presidente Lula e mudan\u00e7as devem ocorrer"}]},{"@type":"WebSite","@id":"https:\/\/agenciainfra.com\/blog\/#website","url":"https:\/\/agenciainfra.com\/blog\/","name":"Ag\u00eancia iNFRA","description":"Multiplataforma de informa\u00e7\u00e3o jornal\u00edstica refer\u00eancia na \u00e1rea de infraestrutura no Brasil!","publisher":{"@id":"https:\/\/agenciainfra.com\/blog\/#organization"},"potentialAction":[{"@type":"SearchAction","target":{"@type":"EntryPoint","urlTemplate":"https:\/\/agenciainfra.com\/blog\/?s={search_term_string}"},"query-input":{"@type":"PropertyValueSpecification","valueRequired":true,"valueName":"search_term_string"}}],"inLanguage":"pt-BR"},{"@type":"Organization","@id":"https:\/\/agenciainfra.com\/blog\/#organization","name":"Ag\u00eancia iNFRA","url":"https:\/\/agenciainfra.com\/blog\/","logo":{"@type":"ImageObject","inLanguage":"pt-BR","@id":"https:\/\/agenciainfra.com\/blog\/#\/schema\/logo\/image\/","url":"https:\/\/agenciainfra.com\/blog\/wp-content\/uploads\/2023\/09\/iNFRA_5-e1761735885940.png","contentUrl":"https:\/\/agenciainfra.com\/blog\/wp-content\/uploads\/2023\/09\/iNFRA_5-e1761735885940.png","width":1672,"height":454,"caption":"Ag\u00eancia iNFRA"},"image":{"@id":"https:\/\/agenciainfra.com\/blog\/#\/schema\/logo\/image\/"},"sameAs":["https:\/\/www.facebook.com\/ageninfra","https:\/\/x.com\/agencia_infra","https:\/\/www.linkedin.com\/company\/ag\u00eanciainfra\/","https:\/\/www.instagram.com\/agenciainfra\/"]},{"@type":"Person","@id":"https:\/\/agenciainfra.com\/blog\/#\/schema\/person\/34af08dff6adea4cb22b06612ba7acfa","name":"Ag\u00eancia iNFRA","image":{"@type":"ImageObject","inLanguage":"pt-BR","@id":"https:\/\/agenciainfra.com\/blog\/#\/schema\/person\/image\/","url":"https:\/\/secure.gravatar.com\/avatar\/d189e01678f06d8eb84d4e01f08eb848b3fffe3f8443818d3c356c66892f5be8?s=96&d=mm&r=g","contentUrl":"https:\/\/secure.gravatar.com\/avatar\/d189e01678f06d8eb84d4e01f08eb848b3fffe3f8443818d3c356c66892f5be8?s=96&d=mm&r=g","caption":"Ag\u00eancia iNFRA"},"url":"https:\/\/agenciainfra.com\/blog\/author\/admin\/"}]}},"_links":{"self":[{"href":"https:\/\/agenciainfra.com\/blog\/wp-json\/wp\/v2\/posts\/17179","targetHints":{"allow":["GET"]}}],"collection":[{"href":"https:\/\/agenciainfra.com\/blog\/wp-json\/wp\/v2\/posts"}],"about":[{"href":"https:\/\/agenciainfra.com\/blog\/wp-json\/wp\/v2\/types\/post"}],"author":[{"embeddable":true,"href":"https:\/\/agenciainfra.com\/blog\/wp-json\/wp\/v2\/users\/1"}],"replies":[{"embeddable":true,"href":"https:\/\/agenciainfra.com\/blog\/wp-json\/wp\/v2\/comments?post=17179"}],"version-history":[{"count":1,"href":"https:\/\/agenciainfra.com\/blog\/wp-json\/wp\/v2\/posts\/17179\/revisions"}],"predecessor-version":[{"id":17181,"href":"https:\/\/agenciainfra.com\/blog\/wp-json\/wp\/v2\/posts\/17179\/revisions\/17181"}],"wp:featuredmedia":[{"embeddable":true,"href":"https:\/\/agenciainfra.com\/blog\/wp-json\/wp\/v2\/media\/17180"}],"wp:attachment":[{"href":"https:\/\/agenciainfra.com\/blog\/wp-json\/wp\/v2\/media?parent=17179"}],"wp:term":[{"taxonomy":"category","embeddable":true,"href":"https:\/\/agenciainfra.com\/blog\/wp-json\/wp\/v2\/categories?post=17179"},{"taxonomy":"post_tag","embeddable":true,"href":"https:\/\/agenciainfra.com\/blog\/wp-json\/wp\/v2\/tags?post=17179"}],"curies":[{"name":"wp","href":"https:\/\/api.w.org\/{rel}","templated":true}]}}