{"id":1720,"date":"2018-05-23T14:00:26","date_gmt":"2018-05-23T17:00:26","guid":{"rendered":"http:\/\/www.agenciainfra.com\/blog\/?p=1720"},"modified":"2018-05-22T19:39:31","modified_gmt":"2018-05-22T22:39:31","slug":"transporte-ferroviario-brasileiro-ainda-tem-desafios-segundo-diretor-da-db-international","status":"publish","type":"post","link":"https:\/\/agenciainfra.com\/blog\/transporte-ferroviario-brasileiro-ainda-tem-desafios-segundo-diretor-da-db-international\/","title":{"rendered":"Transporte ferrovi\u00e1rio brasileiro ainda tem\u00a0desafios, segundo diretor da DB International"},"content":{"rendered":"<h5 style=\"text-align: right;\">Cl\u00e1udia Borges, da Ag\u00eancia iNFRA<\/h5>\n<p>Um maior aproveitamento da malha, o desenvolvimento da interoperabilidade dos sistemas de comunica\u00e7\u00e3o e a utiliza\u00e7\u00e3o de energia el\u00e9trica s\u00e3o os principais desafios do sistema ferrovi\u00e1rio brasileiro, segundo o diretor-executivo da DB International Brasil, Peter Mirow.<\/p>\n<p>O executivo participou de evento sobre infraestrutura e sistema ferrovi\u00e1rio, realizado na segunda-feira (14) no Itamaraty, onde falou sobre o modelo ferrovi\u00e1rio alem\u00e3o e no que know-how da\u00a0DB poderia contribuir\u00a0com o modelo brasileiro.<\/p>\n<p><strong>Modelo ferrovi\u00e1rio<\/strong><br \/>\nO sistema ferrovi\u00e1rio alem\u00e3o tem uma malha com cerca de 33 mil km de extens\u00e3o de vias duplicadas (totalizando 66 mil km), que \u00e9 utilizada por mais de 400 operadores. Segundo Mirow, o modelo de opera\u00e7\u00e3o utilizado \u00e9 o\u00a0open acess\u00a0(acesso livre), que foi adotado na d\u00e9cada de 1990. A gest\u00e3o da infraestrutura \u00e9 separada da gest\u00e3o da opera\u00e7\u00e3o.<\/p>\n<p>O sistema, segundo o executivo, \u00e9 compartilhado para a movimenta\u00e7\u00e3o de cargas e passageiros. Por ano, s\u00e3o transportados pelos trilhos da Deutsch Bahn cerca de 440 milh\u00f5es de toneladas das mais variadas cargas. J\u00e1 o transporte de passageiros, movimenta 12 milh\u00f5es de pessoas por dia.<\/p>\n<p>A divis\u00e3o dos\u00a0<em>slots<\/em> (espa\u00e7os) \u00e9 feita pela DBNetz, que analisa a grade hor\u00e1ria, a capacidade do transporte das linhas e faz a media\u00e7\u00e3o entre as empresas. \u00a0Mirow afirma ainda que os\u00a0<em>slot<\/em>s\u00a0possuem isonomia de pre\u00e7os e que a distribui\u00e7\u00e3o das cargas \u00e9 variada.<\/p>\n<p>\u201cNa Alemanha existe um peso maior para a carga geral e conteinerizada. Acredito que o Brasil poderia se beneficiar deste modelo, por\u00e9m esbarrar\u00e1 na falta de plataformas multimodais para alimentar os cont\u00eaineres e os trens\u201d, afirmou.<\/p>\n<p><strong>Desafios<\/strong><br \/>\nPara Mirow, a malha ferrovi\u00e1ria brasileira \u00e9 pouco aproveitada, pois, segundo ele, apenas um ter\u00e7o dos 29 mil quil\u00f4metros de extens\u00e3o \u00e9 utilizado para o transporte. No caso dos sistemas de comunica\u00e7\u00e3o, explicou que seria necess\u00e1rio desenvolver a interoperabilidade para ampliar o compartilhamento das malhas, &#8220;que hoje ocorre em apenas 5% das opera\u00e7\u00f5es de transporte das ferrovias do pa\u00eds&#8221;.<\/p>\n<p>A utiliza\u00e7\u00e3o de trens movidos \u00e0 eletricidade tamb\u00e9m seria importante, pelo aspecto da sustentabilidade, pois \u00e9 menos poluente. O diretor-executivo da DB contou que na Alemanha 95% dos trens s\u00e3o movidos \u00e0 energia el\u00e9trica. E os que utilizam diesel sofrem restri\u00e7\u00f5es para operar dentro das cidades.<\/p>\n<p><strong>Contribui\u00e7\u00e3o<\/strong><br \/>\nEm entrevista \u00e0\u00a0Ag\u00eancia iNFRA,\u00a0Mirow destacou que uma das mais importantes contribui\u00e7\u00f5es que a DB poderia trazer do modelo ferrovi\u00e1rio alem\u00e3o ao brasileiro\u00a0seria a disciplina, tanto na log\u00edstica de cargas, quanto no transporte de passageiros.<\/p>\n<p>\u201cA ferrovia \u00e9 um elemento organizador de transportes. Atrav\u00e9s da organiza\u00e7\u00e3o do transporte da ferrovia, da pontualidade, da regularidade voc\u00ea consegue organizar as outras pontas, que trazem as cargas ou passageiros at\u00e9 o transporte sobre trilhos. Esse \u00e9 um elemento de conscientizar os players envolvidos que essa regularidade \u00e9 importante. A DB aprendeu a fazer operando 60 mil trens por dia em sua malha, entre carga e passageiros,\u00a0e 400 operadores\u201d, afirmou.<\/p>\n<p>&nbsp;<\/p>\n","protected":false},"excerpt":{"rendered":"<p>Cl\u00e1udia Borges, da Ag\u00eancia iNFRA Um maior aproveitamento da malha, o desenvolvimento da interoperabilidade dos sistemas de comunica\u00e7\u00e3o e a utiliza\u00e7\u00e3o de energia el\u00e9trica s\u00e3o os principais desafios do sistema ferrovi\u00e1rio brasileiro, segundo o diretor-executivo da DB International Brasil, Peter Mirow. O executivo participou de evento sobre infraestrutura e sistema ferrovi\u00e1rio, realizado na segunda-feira (14) [&hellip;]<\/p>\n","protected":false},"author":1,"featured_media":1459,"comment_status":"closed","ping_status":"open","sticky":false,"template":"","format":"standard","meta":{"_monsterinsights_skip_tracking":false,"_monsterinsights_sitenote_active":false,"_monsterinsights_sitenote_note":"","_monsterinsights_sitenote_category":0,"footnotes":""},"categories":[7],"tags":[272,273,120,270,271],"class_list":["post-1720","post","type-post","status-publish","format-standard","has-post-thumbnail","hentry","category-infratransporte","tag-db","tag-deutch","tag-ferrovias","tag-malha-ferroviaria","tag-sistema-de-comunicacao"],"yoast_head":"<!-- This site is optimized with the Yoast SEO Premium plugin v25.4 (Yoast SEO v26.0) - https:\/\/yoast.com\/wordpress\/plugins\/seo\/ -->\n<title>Transporte ferrovi\u00e1rio brasileiro ainda tem\u00a0desafios, segundo diretor da DB International - Ag\u00eancia iNFRA<\/title>\n<meta name=\"robots\" content=\"index, follow, max-snippet:-1, max-image-preview:large, max-video-preview:-1\" \/>\n<link rel=\"canonical\" href=\"https:\/\/agenciainfra.com\/blog\/transporte-ferroviario-brasileiro-ainda-tem-desafios-segundo-diretor-da-db-international\/\" \/>\n<meta property=\"og:locale\" content=\"pt_BR\" \/>\n<meta property=\"og:type\" content=\"article\" \/>\n<meta property=\"og:title\" content=\"Transporte ferrovi\u00e1rio brasileiro ainda tem\u00a0desafios, segundo diretor da DB International\" \/>\n<meta property=\"og:description\" content=\"Cl\u00e1udia Borges, da Ag\u00eancia iNFRA Um maior aproveitamento da malha, o desenvolvimento da interoperabilidade dos sistemas de comunica\u00e7\u00e3o e a utiliza\u00e7\u00e3o de energia el\u00e9trica s\u00e3o os principais desafios do sistema ferrovi\u00e1rio brasileiro, segundo o diretor-executivo da DB International Brasil, Peter Mirow. O executivo participou de evento sobre infraestrutura e sistema ferrovi\u00e1rio, realizado na segunda-feira (14) [&hellip;]\" \/>\n<meta property=\"og:url\" content=\"https:\/\/agenciainfra.com\/blog\/transporte-ferroviario-brasileiro-ainda-tem-desafios-segundo-diretor-da-db-international\/\" \/>\n<meta property=\"og:site_name\" content=\"Ag\u00eancia iNFRA\" \/>\n<meta property=\"article:publisher\" content=\"https:\/\/www.facebook.com\/ageninfra\" \/>\n<meta property=\"article:published_time\" content=\"2018-05-23T17:00:26+00:00\" \/>\n<meta property=\"og:image\" content=\"https:\/\/agenciainfra.com\/blog\/wp-content\/uploads\/2018\/04\/Fiol-Gondiberto-Filho-VALEC-1024x768.jpg\" \/>\n\t<meta property=\"og:image:width\" content=\"1024\" \/>\n\t<meta property=\"og:image:height\" content=\"768\" \/>\n\t<meta property=\"og:image:type\" content=\"image\/jpeg\" \/>\n<meta name=\"author\" content=\"Ag\u00eancia iNFRA\" \/>\n<meta name=\"twitter:card\" content=\"summary_large_image\" \/>\n<meta name=\"twitter:creator\" content=\"@agencia_infra\" \/>\n<meta name=\"twitter:site\" content=\"@agencia_infra\" \/>\n<meta name=\"twitter:label1\" content=\"Escrito por\" \/>\n\t<meta name=\"twitter:data1\" content=\"Ag\u00eancia iNFRA\" \/>\n\t<meta name=\"twitter:label2\" content=\"Est. tempo de leitura\" \/>\n\t<meta name=\"twitter:data2\" content=\"3 minutos\" \/>\n<script type=\"application\/ld+json\" class=\"yoast-schema-graph\">{\"@context\":\"https:\/\/schema.org\",\"@graph\":[{\"@type\":\"Article\",\"@id\":\"https:\/\/agenciainfra.com\/blog\/transporte-ferroviario-brasileiro-ainda-tem-desafios-segundo-diretor-da-db-international\/#article\",\"isPartOf\":{\"@id\":\"https:\/\/agenciainfra.com\/blog\/transporte-ferroviario-brasileiro-ainda-tem-desafios-segundo-diretor-da-db-international\/\"},\"author\":{\"name\":\"Ag\u00eancia iNFRA\",\"@id\":\"https:\/\/agenciainfra.com\/blog\/#\/schema\/person\/34af08dff6adea4cb22b06612ba7acfa\"},\"headline\":\"Transporte ferrovi\u00e1rio brasileiro ainda tem\u00a0desafios, segundo diretor da DB International\",\"datePublished\":\"2018-05-23T17:00:26+00:00\",\"mainEntityOfPage\":{\"@id\":\"https:\/\/agenciainfra.com\/blog\/transporte-ferroviario-brasileiro-ainda-tem-desafios-segundo-diretor-da-db-international\/\"},\"wordCount\":518,\"publisher\":{\"@id\":\"https:\/\/agenciainfra.com\/blog\/#organization\"},\"image\":{\"@id\":\"https:\/\/agenciainfra.com\/blog\/transporte-ferroviario-brasileiro-ainda-tem-desafios-segundo-diretor-da-db-international\/#primaryimage\"},\"thumbnailUrl\":\"https:\/\/agenciainfra.com\/blog\/wp-content\/uploads\/2018\/04\/Fiol-Gondiberto-Filho-VALEC.jpg\",\"keywords\":[\"DB\",\"Deutch\",\"Ferrovias\",\"malha ferrovi\u00e1ria\",\"sistema de comunica\u00e7\u00e3o\"],\"articleSection\":[\"iNFRATransporte\"],\"inLanguage\":\"pt-BR\",\"copyrightYear\":\"2018\",\"copyrightHolder\":{\"@id\":\"https:\/\/agenciainfra.com\/blog\/#organization\"}},{\"@type\":\"WebPage\",\"@id\":\"https:\/\/agenciainfra.com\/blog\/transporte-ferroviario-brasileiro-ainda-tem-desafios-segundo-diretor-da-db-international\/\",\"url\":\"https:\/\/agenciainfra.com\/blog\/transporte-ferroviario-brasileiro-ainda-tem-desafios-segundo-diretor-da-db-international\/\",\"name\":\"Transporte ferrovi\u00e1rio brasileiro ainda tem\u00a0desafios, segundo diretor da DB International - Ag\u00eancia iNFRA\",\"isPartOf\":{\"@id\":\"https:\/\/agenciainfra.com\/blog\/#website\"},\"primaryImageOfPage\":{\"@id\":\"https:\/\/agenciainfra.com\/blog\/transporte-ferroviario-brasileiro-ainda-tem-desafios-segundo-diretor-da-db-international\/#primaryimage\"},\"image\":{\"@id\":\"https:\/\/agenciainfra.com\/blog\/transporte-ferroviario-brasileiro-ainda-tem-desafios-segundo-diretor-da-db-international\/#primaryimage\"},\"thumbnailUrl\":\"https:\/\/agenciainfra.com\/blog\/wp-content\/uploads\/2018\/04\/Fiol-Gondiberto-Filho-VALEC.jpg\",\"datePublished\":\"2018-05-23T17:00:26+00:00\",\"breadcrumb\":{\"@id\":\"https:\/\/agenciainfra.com\/blog\/transporte-ferroviario-brasileiro-ainda-tem-desafios-segundo-diretor-da-db-international\/#breadcrumb\"},\"inLanguage\":\"pt-BR\",\"potentialAction\":[{\"@type\":\"ReadAction\",\"target\":[\"https:\/\/agenciainfra.com\/blog\/transporte-ferroviario-brasileiro-ainda-tem-desafios-segundo-diretor-da-db-international\/\"]}]},{\"@type\":\"ImageObject\",\"inLanguage\":\"pt-BR\",\"@id\":\"https:\/\/agenciainfra.com\/blog\/transporte-ferroviario-brasileiro-ainda-tem-desafios-segundo-diretor-da-db-international\/#primaryimage\",\"url\":\"https:\/\/agenciainfra.com\/blog\/wp-content\/uploads\/2018\/04\/Fiol-Gondiberto-Filho-VALEC.jpg\",\"contentUrl\":\"https:\/\/agenciainfra.com\/blog\/wp-content\/uploads\/2018\/04\/Fiol-Gondiberto-Filho-VALEC.jpg\",\"width\":3264,\"height\":2448},{\"@type\":\"BreadcrumbList\",\"@id\":\"https:\/\/agenciainfra.com\/blog\/transporte-ferroviario-brasileiro-ainda-tem-desafios-segundo-diretor-da-db-international\/#breadcrumb\",\"itemListElement\":[{\"@type\":\"ListItem\",\"position\":1,\"name\":\"In\u00edcio\",\"item\":\"https:\/\/agenciainfra.com\/blog\/\"},{\"@type\":\"ListItem\",\"position\":2,\"name\":\"Transporte ferrovi\u00e1rio brasileiro ainda tem\u00a0desafios, segundo diretor da DB International\"}]},{\"@type\":\"WebSite\",\"@id\":\"https:\/\/agenciainfra.com\/blog\/#website\",\"url\":\"https:\/\/agenciainfra.com\/blog\/\",\"name\":\"Ag\u00eancia iNFRA\",\"description\":\"Multiplataforma de informa\u00e7\u00e3o jornal\u00edstica refer\u00eancia na \u00e1rea de infraestrutura no Brasil!\",\"publisher\":{\"@id\":\"https:\/\/agenciainfra.com\/blog\/#organization\"},\"potentialAction\":[{\"@type\":\"SearchAction\",\"target\":{\"@type\":\"EntryPoint\",\"urlTemplate\":\"https:\/\/agenciainfra.com\/blog\/?s={search_term_string}\"},\"query-input\":{\"@type\":\"PropertyValueSpecification\",\"valueRequired\":true,\"valueName\":\"search_term_string\"}}],\"inLanguage\":\"pt-BR\"},{\"@type\":\"Organization\",\"@id\":\"https:\/\/agenciainfra.com\/blog\/#organization\",\"name\":\"Ag\u00eancia iNFRA\",\"url\":\"https:\/\/agenciainfra.com\/blog\/\",\"logo\":{\"@type\":\"ImageObject\",\"inLanguage\":\"pt-BR\",\"@id\":\"https:\/\/agenciainfra.com\/blog\/#\/schema\/logo\/image\/\",\"url\":\"https:\/\/agenciainfra.com\/blog\/wp-content\/uploads\/2023\/09\/iNFRA_5-e1761735885940.png\",\"contentUrl\":\"https:\/\/agenciainfra.com\/blog\/wp-content\/uploads\/2023\/09\/iNFRA_5-e1761735885940.png\",\"width\":1672,\"height\":454,\"caption\":\"Ag\u00eancia iNFRA\"},\"image\":{\"@id\":\"https:\/\/agenciainfra.com\/blog\/#\/schema\/logo\/image\/\"},\"sameAs\":[\"https:\/\/www.facebook.com\/ageninfra\",\"https:\/\/x.com\/agencia_infra\",\"https:\/\/www.linkedin.com\/company\/ag\u00eanciainfra\/\",\"https:\/\/www.instagram.com\/agenciainfra\/\"]},{\"@type\":\"Person\",\"@id\":\"https:\/\/agenciainfra.com\/blog\/#\/schema\/person\/34af08dff6adea4cb22b06612ba7acfa\",\"name\":\"Ag\u00eancia iNFRA\",\"image\":{\"@type\":\"ImageObject\",\"inLanguage\":\"pt-BR\",\"@id\":\"https:\/\/agenciainfra.com\/blog\/#\/schema\/person\/image\/\",\"url\":\"https:\/\/secure.gravatar.com\/avatar\/d189e01678f06d8eb84d4e01f08eb848b3fffe3f8443818d3c356c66892f5be8?s=96&d=mm&r=g\",\"contentUrl\":\"https:\/\/secure.gravatar.com\/avatar\/d189e01678f06d8eb84d4e01f08eb848b3fffe3f8443818d3c356c66892f5be8?s=96&d=mm&r=g\",\"caption\":\"Ag\u00eancia iNFRA\"},\"url\":\"https:\/\/agenciainfra.com\/blog\/author\/admin\/\"}]}<\/script>\n<!-- \/ Yoast SEO Premium plugin. -->","yoast_head_json":{"title":"Transporte ferrovi\u00e1rio brasileiro ainda tem\u00a0desafios, segundo diretor da DB International - Ag\u00eancia iNFRA","robots":{"index":"index","follow":"follow","max-snippet":"max-snippet:-1","max-image-preview":"max-image-preview:large","max-video-preview":"max-video-preview:-1"},"canonical":"https:\/\/agenciainfra.com\/blog\/transporte-ferroviario-brasileiro-ainda-tem-desafios-segundo-diretor-da-db-international\/","og_locale":"pt_BR","og_type":"article","og_title":"Transporte ferrovi\u00e1rio brasileiro ainda tem\u00a0desafios, segundo diretor da DB International","og_description":"Cl\u00e1udia Borges, da Ag\u00eancia iNFRA Um maior aproveitamento da malha, o desenvolvimento da interoperabilidade dos sistemas de comunica\u00e7\u00e3o e a utiliza\u00e7\u00e3o de energia el\u00e9trica s\u00e3o os principais desafios do sistema ferrovi\u00e1rio brasileiro, segundo o diretor-executivo da DB International Brasil, Peter Mirow. O executivo participou de evento sobre infraestrutura e sistema ferrovi\u00e1rio, realizado na segunda-feira (14) [&hellip;]","og_url":"https:\/\/agenciainfra.com\/blog\/transporte-ferroviario-brasileiro-ainda-tem-desafios-segundo-diretor-da-db-international\/","og_site_name":"Ag\u00eancia iNFRA","article_publisher":"https:\/\/www.facebook.com\/ageninfra","article_published_time":"2018-05-23T17:00:26+00:00","og_image":[{"width":1024,"height":768,"url":"https:\/\/agenciainfra.com\/blog\/wp-content\/uploads\/2018\/04\/Fiol-Gondiberto-Filho-VALEC-1024x768.jpg","type":"image\/jpeg"}],"author":"Ag\u00eancia iNFRA","twitter_card":"summary_large_image","twitter_creator":"@agencia_infra","twitter_site":"@agencia_infra","twitter_misc":{"Escrito por":"Ag\u00eancia iNFRA","Est. tempo de leitura":"3 minutos"},"schema":{"@context":"https:\/\/schema.org","@graph":[{"@type":"Article","@id":"https:\/\/agenciainfra.com\/blog\/transporte-ferroviario-brasileiro-ainda-tem-desafios-segundo-diretor-da-db-international\/#article","isPartOf":{"@id":"https:\/\/agenciainfra.com\/blog\/transporte-ferroviario-brasileiro-ainda-tem-desafios-segundo-diretor-da-db-international\/"},"author":{"name":"Ag\u00eancia iNFRA","@id":"https:\/\/agenciainfra.com\/blog\/#\/schema\/person\/34af08dff6adea4cb22b06612ba7acfa"},"headline":"Transporte ferrovi\u00e1rio brasileiro ainda tem\u00a0desafios, segundo diretor da DB International","datePublished":"2018-05-23T17:00:26+00:00","mainEntityOfPage":{"@id":"https:\/\/agenciainfra.com\/blog\/transporte-ferroviario-brasileiro-ainda-tem-desafios-segundo-diretor-da-db-international\/"},"wordCount":518,"publisher":{"@id":"https:\/\/agenciainfra.com\/blog\/#organization"},"image":{"@id":"https:\/\/agenciainfra.com\/blog\/transporte-ferroviario-brasileiro-ainda-tem-desafios-segundo-diretor-da-db-international\/#primaryimage"},"thumbnailUrl":"https:\/\/agenciainfra.com\/blog\/wp-content\/uploads\/2018\/04\/Fiol-Gondiberto-Filho-VALEC.jpg","keywords":["DB","Deutch","Ferrovias","malha ferrovi\u00e1ria","sistema de comunica\u00e7\u00e3o"],"articleSection":["iNFRATransporte"],"inLanguage":"pt-BR","copyrightYear":"2018","copyrightHolder":{"@id":"https:\/\/agenciainfra.com\/blog\/#organization"}},{"@type":"WebPage","@id":"https:\/\/agenciainfra.com\/blog\/transporte-ferroviario-brasileiro-ainda-tem-desafios-segundo-diretor-da-db-international\/","url":"https:\/\/agenciainfra.com\/blog\/transporte-ferroviario-brasileiro-ainda-tem-desafios-segundo-diretor-da-db-international\/","name":"Transporte ferrovi\u00e1rio brasileiro ainda tem\u00a0desafios, segundo diretor da DB International - Ag\u00eancia iNFRA","isPartOf":{"@id":"https:\/\/agenciainfra.com\/blog\/#website"},"primaryImageOfPage":{"@id":"https:\/\/agenciainfra.com\/blog\/transporte-ferroviario-brasileiro-ainda-tem-desafios-segundo-diretor-da-db-international\/#primaryimage"},"image":{"@id":"https:\/\/agenciainfra.com\/blog\/transporte-ferroviario-brasileiro-ainda-tem-desafios-segundo-diretor-da-db-international\/#primaryimage"},"thumbnailUrl":"https:\/\/agenciainfra.com\/blog\/wp-content\/uploads\/2018\/04\/Fiol-Gondiberto-Filho-VALEC.jpg","datePublished":"2018-05-23T17:00:26+00:00","breadcrumb":{"@id":"https:\/\/agenciainfra.com\/blog\/transporte-ferroviario-brasileiro-ainda-tem-desafios-segundo-diretor-da-db-international\/#breadcrumb"},"inLanguage":"pt-BR","potentialAction":[{"@type":"ReadAction","target":["https:\/\/agenciainfra.com\/blog\/transporte-ferroviario-brasileiro-ainda-tem-desafios-segundo-diretor-da-db-international\/"]}]},{"@type":"ImageObject","inLanguage":"pt-BR","@id":"https:\/\/agenciainfra.com\/blog\/transporte-ferroviario-brasileiro-ainda-tem-desafios-segundo-diretor-da-db-international\/#primaryimage","url":"https:\/\/agenciainfra.com\/blog\/wp-content\/uploads\/2018\/04\/Fiol-Gondiberto-Filho-VALEC.jpg","contentUrl":"https:\/\/agenciainfra.com\/blog\/wp-content\/uploads\/2018\/04\/Fiol-Gondiberto-Filho-VALEC.jpg","width":3264,"height":2448},{"@type":"BreadcrumbList","@id":"https:\/\/agenciainfra.com\/blog\/transporte-ferroviario-brasileiro-ainda-tem-desafios-segundo-diretor-da-db-international\/#breadcrumb","itemListElement":[{"@type":"ListItem","position":1,"name":"In\u00edcio","item":"https:\/\/agenciainfra.com\/blog\/"},{"@type":"ListItem","position":2,"name":"Transporte ferrovi\u00e1rio brasileiro ainda tem\u00a0desafios, segundo diretor da DB International"}]},{"@type":"WebSite","@id":"https:\/\/agenciainfra.com\/blog\/#website","url":"https:\/\/agenciainfra.com\/blog\/","name":"Ag\u00eancia iNFRA","description":"Multiplataforma de informa\u00e7\u00e3o jornal\u00edstica refer\u00eancia na \u00e1rea de infraestrutura no Brasil!","publisher":{"@id":"https:\/\/agenciainfra.com\/blog\/#organization"},"potentialAction":[{"@type":"SearchAction","target":{"@type":"EntryPoint","urlTemplate":"https:\/\/agenciainfra.com\/blog\/?s={search_term_string}"},"query-input":{"@type":"PropertyValueSpecification","valueRequired":true,"valueName":"search_term_string"}}],"inLanguage":"pt-BR"},{"@type":"Organization","@id":"https:\/\/agenciainfra.com\/blog\/#organization","name":"Ag\u00eancia iNFRA","url":"https:\/\/agenciainfra.com\/blog\/","logo":{"@type":"ImageObject","inLanguage":"pt-BR","@id":"https:\/\/agenciainfra.com\/blog\/#\/schema\/logo\/image\/","url":"https:\/\/agenciainfra.com\/blog\/wp-content\/uploads\/2023\/09\/iNFRA_5-e1761735885940.png","contentUrl":"https:\/\/agenciainfra.com\/blog\/wp-content\/uploads\/2023\/09\/iNFRA_5-e1761735885940.png","width":1672,"height":454,"caption":"Ag\u00eancia iNFRA"},"image":{"@id":"https:\/\/agenciainfra.com\/blog\/#\/schema\/logo\/image\/"},"sameAs":["https:\/\/www.facebook.com\/ageninfra","https:\/\/x.com\/agencia_infra","https:\/\/www.linkedin.com\/company\/ag\u00eanciainfra\/","https:\/\/www.instagram.com\/agenciainfra\/"]},{"@type":"Person","@id":"https:\/\/agenciainfra.com\/blog\/#\/schema\/person\/34af08dff6adea4cb22b06612ba7acfa","name":"Ag\u00eancia iNFRA","image":{"@type":"ImageObject","inLanguage":"pt-BR","@id":"https:\/\/agenciainfra.com\/blog\/#\/schema\/person\/image\/","url":"https:\/\/secure.gravatar.com\/avatar\/d189e01678f06d8eb84d4e01f08eb848b3fffe3f8443818d3c356c66892f5be8?s=96&d=mm&r=g","contentUrl":"https:\/\/secure.gravatar.com\/avatar\/d189e01678f06d8eb84d4e01f08eb848b3fffe3f8443818d3c356c66892f5be8?s=96&d=mm&r=g","caption":"Ag\u00eancia iNFRA"},"url":"https:\/\/agenciainfra.com\/blog\/author\/admin\/"}]}},"_links":{"self":[{"href":"https:\/\/agenciainfra.com\/blog\/wp-json\/wp\/v2\/posts\/1720","targetHints":{"allow":["GET"]}}],"collection":[{"href":"https:\/\/agenciainfra.com\/blog\/wp-json\/wp\/v2\/posts"}],"about":[{"href":"https:\/\/agenciainfra.com\/blog\/wp-json\/wp\/v2\/types\/post"}],"author":[{"embeddable":true,"href":"https:\/\/agenciainfra.com\/blog\/wp-json\/wp\/v2\/users\/1"}],"replies":[{"embeddable":true,"href":"https:\/\/agenciainfra.com\/blog\/wp-json\/wp\/v2\/comments?post=1720"}],"version-history":[{"count":0,"href":"https:\/\/agenciainfra.com\/blog\/wp-json\/wp\/v2\/posts\/1720\/revisions"}],"wp:featuredmedia":[{"embeddable":true,"href":"https:\/\/agenciainfra.com\/blog\/wp-json\/wp\/v2\/media\/1459"}],"wp:attachment":[{"href":"https:\/\/agenciainfra.com\/blog\/wp-json\/wp\/v2\/media?parent=1720"}],"wp:term":[{"taxonomy":"category","embeddable":true,"href":"https:\/\/agenciainfra.com\/blog\/wp-json\/wp\/v2\/categories?post=1720"},{"taxonomy":"post_tag","embeddable":true,"href":"https:\/\/agenciainfra.com\/blog\/wp-json\/wp\/v2\/tags?post=1720"}],"curies":[{"name":"wp","href":"https:\/\/api.w.org\/{rel}","templated":true}]}}