{"id":17206,"date":"2024-06-20T15:00:00","date_gmt":"2024-06-20T18:00:00","guid":{"rendered":"https:\/\/agenciainfra.com\/blog\/?p=17206"},"modified":"2024-06-24T09:18:31","modified_gmt":"2024-06-24T12:18:31","slug":"opiniao-crises-infraestrutura-e-resiliencia-logistica","status":"publish","type":"post","link":"https:\/\/agenciainfra.com\/blog\/opiniao-crises-infraestrutura-e-resiliencia-logistica\/","title":{"rendered":"Opini\u00e3o \u2013 Crises, infraestrutura e resili\u00eancia log\u00edstica"},"content":{"rendered":"\n<p class=\"has-text-align-right\"><strong>Rafael Veras* e Leonardo Coelho**<\/strong><\/p>\n\n\n\n<p>Infraestrutura boa \u00e9 a que n\u00e3o se percebe. Ela prov\u00ea energia e conex\u00e3o, trata efluentes, fornece \u00e1gua, transporta pessoas e cargas, e viabiliza mobilidade. Tudo com o m\u00ednimo de interrup\u00e7\u00f5es poss\u00edvel. A boa infraestrutura \u00e9 invis\u00edvel.<\/p>\n\n\n\n<p>Pode reparar: as pessoas s\u00f3 lembram da infraestrutura quando o carro passa no buraco, um apag\u00e3o acontece, a \u00e1gua falta ou o telefone perde o sinal.<\/p>\n\n\n\n<p>Na log\u00edstica de cargas, n\u00e3o \u00e9 diferente. Tudo vai bem quando ningu\u00e9m se pergunta como as cargas s\u00e3o movidas de um ponto ao outro. Quando, milagrosamente, o <em>market place<\/em> entrega o produto comprado em um prazo que desafia o cron\u00f4metro.<\/p>\n\n\n\n<p>Para que n\u00e3o seja notada, a infraestrutura log\u00edstica precisa ser resiliente. A resili\u00eancia log\u00edstica \u00e9 a capacidade do sistema log\u00edstico de se adaptar e recompor de perturba\u00e7\u00f5es ocasionadas, principalmente, por eventos at\u00edpicos, falta de suprimentos, guerras ou desastres naturais. Por essas raz\u00f5es, o bom funcionamento das cadeias log\u00edsticas \u00e9 especialmente desafiado por eventos de crise.<\/p>\n\n\n\n<p>Quando acontece uma cat\u00e1strofe clim\u00e1tica, uma guerra ou a interrup\u00e7\u00e3o na cadeia de fornecimento, toda a infraestrutura log\u00edstica \u00e9 posta \u00e0 prova. O desastre que assola o Rio Grande do Sul, a guerra no Mar Vermelho e a pandemia da COVID-19 evidenciam isso.<\/p>\n\n\n\n<p>Em todos esses eventos de crise, a rede log\u00edstica precisou ser rearranjada para cumprir sua fun\u00e7\u00e3o instrumental. Rotas mar\u00edtimas, opera\u00e7\u00f5es portu\u00e1rias, aeroportu\u00e1rias, ferrovi\u00e1rias e rodovi\u00e1rias precisaram rapidamente ser adaptadas para n\u00e3o deixarem faltar o que h\u00e1 de mais elementar \u00e0s pessoas e ao funcionamento da economia.<\/p>\n\n\n\n<p>Para que seja poss\u00edvel enfrentar essas crises, \u00e9 preciso ter capacidade instalada, ociosidade estrat\u00e9gica e integra\u00e7\u00e3o.<\/p>\n\n\n\n<p>A capacidade representa o limite m\u00e1ximo que uma cadeia log\u00edstica pode manejar. \u00c9 seu potencial produtivo.<\/p>\n\n\n\n<p>Considerando as v\u00e1rias etapas subsequentes, diz respeito ao peso que um ve\u00edculo pode transportar, \u00e0 frequ\u00eancia e ao tempo em que dada rota pode ser percorrida, com base no n\u00famero de navios, trens e caminh\u00f5es alocados ao itiner\u00e1rio, no n\u00famero de movimentos que um terminal portu\u00e1rio pode fazer, ou no estoque que se pode armazenar e gerenciar, por exemplo.&nbsp;<\/p>\n\n\n\n<p>A ociosidade estrat\u00e9gica, por sua vez, confere margem de seguran\u00e7a \u00e0 opera\u00e7\u00e3o, tornando-a melhor gerenci\u00e1vel. Diferentemente da ociosidade pura, ocasionadora de inefici\u00eancia, a ociosidade estrat\u00e9gica conforma a margem habilitadora de mecanismos de amortecimento de impactos pelo sistema log\u00edstico. Ela viabiliza pontos de manobra na cadeia de suprimentos, conferindo-lhe maleabilidade e confiabilidade.<\/p>\n\n\n\n<p>Juntas, capacidade e ociosidade estrat\u00e9gica funcionam como um <em>buffer<\/em> que atribui flexibilidade \u00e0 rede log\u00edstica, permitindo mudan\u00e7as de rotas e armazenagem, assegurando a manuten\u00e7\u00e3o da produtividade ou, ao menos, mitigando perdas frente \u00e0s intercorr\u00eancias.<\/p>\n\n\n\n<p>A integra\u00e7\u00e3o, por sua vez, faz com que os elos da cadeia log\u00edstica sejam mais confi\u00e1veis e n\u00e3o se quebrem no processo. \u00c9 a integra\u00e7\u00e3o que assegura a compatibilidade e, por consequ\u00eancia, o bom funcionamento de todo o sistema. De maneira integrada, \u00e9 poss\u00edvel planejar com assertividade, incrementando a consist\u00eancia de todo o processo.<\/p>\n\n\n\n<p>Para esse prop\u00f3sito, o modelo vertical ostenta um papel de grande destaque. Nele, etapas da cadeia log\u00edstica se encontram sob a gest\u00e3o de uma mesma companhia ou de um mesmo grupo de empresas.<\/p>\n\n\n\n<p>Isso faz com que seja poss\u00edvel implementar uma cadeia log\u00edstica mais resiliente, como resultado de um processo decis\u00f3rio mais simplificado, eficiente e confi\u00e1vel. Situados dentro de uma mesma firma, a fric\u00e7\u00e3o que possa ocorrer entre os distintos elos da cadeia log\u00edstica \u00e9 resolvida por for\u00e7a da organiza\u00e7\u00e3o hier\u00e1rquica.<\/p>\n\n\n\n<p>Exatamente como se d\u00e1 em qualquer empresa, nos embates cotidianos travados entre \u00e1reas, resolvidos pela decis\u00e3o executiva final.<\/p>\n\n\n\n<p>A integra\u00e7\u00e3o, por si, reduz as dificuldades inerentes \u00e0 coordena\u00e7\u00e3o complexa das fases do sistema, facilitando o fluxo de informa\u00e7\u00f5es em tempo real e gerando incentivos organizacionais a n\u00e3o se perder de vista o objetivo de prover o transporte e o manuseio eficiente e confi\u00e1vel de cargas, da origem ao destino.<\/p>\n\n\n\n<p>Apenas com capacidade instalada, ociosidade estrat\u00e9gica e integra\u00e7\u00e3o se \u00e9 capaz de construir uma cadeia log\u00edstica resiliente, apta a ser prontamente remodelada para suplantar as crises.<\/p>\n\n\n\n<p>Eventos de crise nos mostram que n\u00e3o podemos nos dar ao luxo de selecionar investimentos em infraestrutura. A competi\u00e7\u00e3o pela infraestrutura precisa ser ampliada. N\u00e3o restringida, como tem sido feito, ao pretexto de \u2018proteger a concorr\u00eancia\u2019. A capacidade instalada precisa aumentar.<\/p>\n\n\n\n<p>\u00c0s vezes, a infraestrutura brasileira \u00e9 assolada por uma certa vertigem de sobreloja: o segundo andar j\u00e1 parece t\u00e3o alto que d\u00e1 at\u00e9 tontura. Com tanto por desenvolver, h\u00e1 quem ache espa\u00e7o para encampar narrativas de que permitir a ampla competi\u00e7\u00e3o, mediante processos licitat\u00f3rio ison\u00f4micos, concentraria o mercado e comprometeria a concorr\u00eancia.<\/p>\n\n\n\n<p>\u00c9 um discurso que alardeia o medo, protege incumbentes que se beneficiam da escassez fabricada e bloqueia os investimentos na infraestrutura do pa\u00eds. Essa miragem falseia o \u00f3bvio: o Brasil tem um d\u00e9ficit enorme no campo. H\u00e1 d\u00e9cadas investindo abaixo do m\u00ednimo para a pr\u00f3pria manuten\u00e7\u00e3o de sua infraestrutura, o pa\u00eds precisa de mais rodovias, mais portos, mais ferrovias, mais aeroportos, mais tudo.<\/p>\n\n\n\n<p>Que o \u00f3bvio n\u00e3o seja camuflado e que a competi\u00e7\u00e3o por ativos de infraestrutura n\u00e3o seja frustrada, ao argumento sorrateiro de que, para se permitir a concorr\u00eancia, \u00e9 necess\u00e1rio comprometer a pr\u00f3pria concorr\u00eancia.<\/p>\n\n\n\n<h6 class=\"wp-block-heading\" id=\"block-f323f59b-51bf-4eed-b17b-3c7d3b917007\"><strong>*Rafael Veras<\/strong> \u00e9 professor coordenador dos m\u00f3dulos de concess\u00f5es e PPPs do LL.M em Direito da Infraestrutura e da Regula\u00e7\u00e3o na FGV Direito Rio (Curso de Direito da Funda\u00e7\u00e3o Getulio Vargas no Rio de Janeiro); doutor e mestre em regula\u00e7\u00e3o pela FGV Direito Rio; e s\u00f3cio do escrit\u00f3rio Braz, Coelho, V\u00e9ras, Lessa e Bueno Advogados.<\/h6>\n\n\n\n<h6 class=\"wp-block-heading\" id=\"block-f323f59b-51bf-4eed-b17b-3c7d3b917007\"><strong>**Leonardo Coelho<\/strong> \u00e9 professor do LL.M em Direito da Infraestrutura e da Regula\u00e7\u00e3o na FGV Direito Rio; professor titular de \u201cRegula\u00e7\u00e3o das Ferrovias\u201d no ISC-TCU (Instituto Serzedello Corr\u00eaa \u2013 Tribunal de Contas da Uni\u00e3o); mestre em Direito P\u00fablico pela UERJ (Universidade do Estado do Rio de Janeiro); e s\u00f3cio do escrit\u00f3rio Braz, Coelho, V\u00e9ras, Lessa e Bueno Advogados.<\/h6>\n\n\n\n<h5 class=\"wp-block-heading\" id=\"block-5ef42db3-2ed1-4178-8ab5-7a7f312ba102\">As opini\u00f5es dos autores n\u00e3o refletem necessariamente o pensamento da Ag\u00eancia iNFRA, sendo de total responsabilidade do autor as informa\u00e7\u00f5es, ju\u00edzos de valor e conceitos descritos no texto.<\/h5>\n","protected":false},"excerpt":{"rendered":"<p>Rafael Veras* e Leonardo Coelho** Infraestrutura boa \u00e9 a que n\u00e3o se percebe. Ela prov\u00ea energia e conex\u00e3o, trata efluentes, fornece \u00e1gua, transporta pessoas e cargas, e viabiliza mobilidade. Tudo com o m\u00ednimo de interrup\u00e7\u00f5es poss\u00edvel. A boa infraestrutura \u00e9 invis\u00edvel. Pode reparar: as pessoas s\u00f3 lembram da infraestrutura quando o carro passa no buraco, [&hellip;]<\/p>\n","protected":false},"author":1,"featured_media":17208,"comment_status":"closed","ping_status":"closed","sticky":false,"template":"","format":"standard","meta":{"_monsterinsights_skip_tracking":false,"_monsterinsights_sitenote_active":false,"_monsterinsights_sitenote_note":"","_monsterinsights_sitenote_category":0,"footnotes":""},"categories":[1,7,10040],"tags":[10248,10249,10242,9161,10245,10239,10246,10236,10241,8452,34,10240,439,10238,10237,66,10243,1214,10244,1654,1059,927,1813,10247],"class_list":["post-17206","post","type-post","status-publish","format-standard","has-post-thumbnail","hentry","category-geral","category-infratransporte","category-opiniao","tag-bcvl","tag-bcvlb","tag-braz-coelho-veras-lessa-e-bueno-advogados","tag-cadeia-logistica","tag-capacidade-instalada","tag-crises","tag-direito-rio","tag-escritorio-de-advocacia","tag-fgv-direito-rio","tag-fundacao-getulio-vargas","tag-infraestrutura","tag-instituto-serzedello-correa","tag-integracao","tag-isc-tcu","tag-leonardo-coelho","tag-logistica","tag-ociosidade-estrategica","tag-rafael-veras","tag-resiliencia-logistica","tag-rio-de-janeiro","tag-transporte-de-cargas","tag-tribunal-de-contas-da-uniao","tag-uerj","tag-vulnerabilidade-logistica"],"yoast_head":"<!-- This site is optimized with the Yoast SEO Premium plugin v25.4 (Yoast SEO v26.0) - https:\/\/yoast.com\/wordpress\/plugins\/seo\/ -->\n<title>Opini\u00e3o \u2013 Crises, infraestrutura e resili\u00eancia log\u00edstica - Ag\u00eancia iNFRA<\/title>\n<meta name=\"robots\" content=\"index, follow, max-snippet:-1, max-image-preview:large, max-video-preview:-1\" \/>\n<link rel=\"canonical\" href=\"https:\/\/agenciainfra.com\/blog\/opiniao-crises-infraestrutura-e-resiliencia-logistica\/\" \/>\n<meta property=\"og:locale\" content=\"pt_BR\" \/>\n<meta property=\"og:type\" content=\"article\" \/>\n<meta property=\"og:title\" content=\"Opini\u00e3o \u2013 Crises, infraestrutura e resili\u00eancia log\u00edstica\" \/>\n<meta property=\"og:description\" content=\"Rafael Veras* e Leonardo Coelho** Infraestrutura boa \u00e9 a que n\u00e3o se percebe. Ela prov\u00ea energia e conex\u00e3o, trata efluentes, fornece \u00e1gua, transporta pessoas e cargas, e viabiliza mobilidade. Tudo com o m\u00ednimo de interrup\u00e7\u00f5es poss\u00edvel. A boa infraestrutura \u00e9 invis\u00edvel. Pode reparar: as pessoas s\u00f3 lembram da infraestrutura quando o carro passa no buraco, [&hellip;]\" \/>\n<meta property=\"og:url\" content=\"https:\/\/agenciainfra.com\/blog\/opiniao-crises-infraestrutura-e-resiliencia-logistica\/\" \/>\n<meta property=\"og:site_name\" content=\"Ag\u00eancia iNFRA\" \/>\n<meta property=\"article:publisher\" content=\"https:\/\/www.facebook.com\/ageninfra\" \/>\n<meta property=\"article:published_time\" content=\"2024-06-20T18:00:00+00:00\" \/>\n<meta property=\"article:modified_time\" content=\"2024-06-24T12:18:31+00:00\" \/>\n<meta property=\"og:image\" content=\"https:\/\/agenciainfra.com\/blog\/wp-content\/uploads\/2024\/06\/rafael-e-leonardo-montagem.jpeg\" \/>\n\t<meta property=\"og:image:width\" content=\"1202\" \/>\n\t<meta property=\"og:image:height\" content=\"801\" \/>\n\t<meta property=\"og:image:type\" content=\"image\/jpeg\" \/>\n<meta name=\"author\" content=\"Ag\u00eancia iNFRA\" \/>\n<meta name=\"twitter:card\" content=\"summary_large_image\" \/>\n<meta name=\"twitter:creator\" content=\"@agencia_infra\" \/>\n<meta name=\"twitter:site\" content=\"@agencia_infra\" \/>\n<meta name=\"twitter:label1\" content=\"Escrito por\" \/>\n\t<meta name=\"twitter:data1\" content=\"Ag\u00eancia iNFRA\" \/>\n\t<meta name=\"twitter:label2\" content=\"Est. tempo de leitura\" \/>\n\t<meta name=\"twitter:data2\" content=\"6 minutos\" \/>\n<script type=\"application\/ld+json\" class=\"yoast-schema-graph\">{\"@context\":\"https:\/\/schema.org\",\"@graph\":[{\"@type\":\"Article\",\"@id\":\"https:\/\/agenciainfra.com\/blog\/opiniao-crises-infraestrutura-e-resiliencia-logistica\/#article\",\"isPartOf\":{\"@id\":\"https:\/\/agenciainfra.com\/blog\/opiniao-crises-infraestrutura-e-resiliencia-logistica\/\"},\"author\":{\"name\":\"Ag\u00eancia iNFRA\",\"@id\":\"https:\/\/agenciainfra.com\/blog\/#\/schema\/person\/34af08dff6adea4cb22b06612ba7acfa\"},\"headline\":\"Opini\u00e3o \u2013 Crises, infraestrutura e resili\u00eancia log\u00edstica\",\"datePublished\":\"2024-06-20T18:00:00+00:00\",\"dateModified\":\"2024-06-24T12:18:31+00:00\",\"mainEntityOfPage\":{\"@id\":\"https:\/\/agenciainfra.com\/blog\/opiniao-crises-infraestrutura-e-resiliencia-logistica\/\"},\"wordCount\":1109,\"publisher\":{\"@id\":\"https:\/\/agenciainfra.com\/blog\/#organization\"},\"image\":{\"@id\":\"https:\/\/agenciainfra.com\/blog\/opiniao-crises-infraestrutura-e-resiliencia-logistica\/#primaryimage\"},\"thumbnailUrl\":\"https:\/\/agenciainfra.com\/blog\/wp-content\/uploads\/2024\/06\/rafael-e-leonardo-montagem.jpeg\",\"keywords\":[\"BCVL\",\"BCVLB\",\"Braz Coelho V\u00e9ras Lessa e Bueno Advogados\",\"cadeia log\u00edstica\",\"capacidade instalada\",\"crises\",\"Direito Rio\",\"escrit\u00f3rio de advocacia\",\"FGV Direito Rio\",\"Funda\u00e7\u00e3o Getulio Vargas\",\"Infraestrutura\",\"Instituto Serzedello Corr\u00eaa\",\"integra\u00e7\u00e3o\",\"ISC-TCU\",\"Leonardo Coelho\",\"log\u00edstica\",\"ociosidade estrat\u00e9gica\",\"Rafael Veras\",\"resili\u00eancia log\u00edstica\",\"Rio de Janeiro\",\"transporte de cargas\",\"Tribunal de Contas da Uni\u00e3o\",\"Uerj\",\"vulnerabilidade log\u00edstica\"],\"articleSection\":[\"Geral\",\"iNFRATransporte\",\"Opini\u00e3o\"],\"inLanguage\":\"pt-BR\",\"copyrightYear\":\"2024\",\"copyrightHolder\":{\"@id\":\"https:\/\/agenciainfra.com\/blog\/#organization\"}},{\"@type\":\"WebPage\",\"@id\":\"https:\/\/agenciainfra.com\/blog\/opiniao-crises-infraestrutura-e-resiliencia-logistica\/\",\"url\":\"https:\/\/agenciainfra.com\/blog\/opiniao-crises-infraestrutura-e-resiliencia-logistica\/\",\"name\":\"Opini\u00e3o \u2013 Crises, infraestrutura e resili\u00eancia log\u00edstica - Ag\u00eancia iNFRA\",\"isPartOf\":{\"@id\":\"https:\/\/agenciainfra.com\/blog\/#website\"},\"primaryImageOfPage\":{\"@id\":\"https:\/\/agenciainfra.com\/blog\/opiniao-crises-infraestrutura-e-resiliencia-logistica\/#primaryimage\"},\"image\":{\"@id\":\"https:\/\/agenciainfra.com\/blog\/opiniao-crises-infraestrutura-e-resiliencia-logistica\/#primaryimage\"},\"thumbnailUrl\":\"https:\/\/agenciainfra.com\/blog\/wp-content\/uploads\/2024\/06\/rafael-e-leonardo-montagem.jpeg\",\"datePublished\":\"2024-06-20T18:00:00+00:00\",\"dateModified\":\"2024-06-24T12:18:31+00:00\",\"breadcrumb\":{\"@id\":\"https:\/\/agenciainfra.com\/blog\/opiniao-crises-infraestrutura-e-resiliencia-logistica\/#breadcrumb\"},\"inLanguage\":\"pt-BR\",\"potentialAction\":[{\"@type\":\"ReadAction\",\"target\":[\"https:\/\/agenciainfra.com\/blog\/opiniao-crises-infraestrutura-e-resiliencia-logistica\/\"]}]},{\"@type\":\"ImageObject\",\"inLanguage\":\"pt-BR\",\"@id\":\"https:\/\/agenciainfra.com\/blog\/opiniao-crises-infraestrutura-e-resiliencia-logistica\/#primaryimage\",\"url\":\"https:\/\/agenciainfra.com\/blog\/wp-content\/uploads\/2024\/06\/rafael-e-leonardo-montagem.jpeg\",\"contentUrl\":\"https:\/\/agenciainfra.com\/blog\/wp-content\/uploads\/2024\/06\/rafael-e-leonardo-montagem.jpeg\",\"width\":1202,\"height\":801},{\"@type\":\"BreadcrumbList\",\"@id\":\"https:\/\/agenciainfra.com\/blog\/opiniao-crises-infraestrutura-e-resiliencia-logistica\/#breadcrumb\",\"itemListElement\":[{\"@type\":\"ListItem\",\"position\":1,\"name\":\"In\u00edcio\",\"item\":\"https:\/\/agenciainfra.com\/blog\/\"},{\"@type\":\"ListItem\",\"position\":2,\"name\":\"Opini\u00e3o \u2013 Crises, infraestrutura e resili\u00eancia log\u00edstica\"}]},{\"@type\":\"WebSite\",\"@id\":\"https:\/\/agenciainfra.com\/blog\/#website\",\"url\":\"https:\/\/agenciainfra.com\/blog\/\",\"name\":\"Ag\u00eancia iNFRA\",\"description\":\"Multiplataforma de informa\u00e7\u00e3o jornal\u00edstica refer\u00eancia na \u00e1rea de infraestrutura no Brasil!\",\"publisher\":{\"@id\":\"https:\/\/agenciainfra.com\/blog\/#organization\"},\"potentialAction\":[{\"@type\":\"SearchAction\",\"target\":{\"@type\":\"EntryPoint\",\"urlTemplate\":\"https:\/\/agenciainfra.com\/blog\/?s={search_term_string}\"},\"query-input\":{\"@type\":\"PropertyValueSpecification\",\"valueRequired\":true,\"valueName\":\"search_term_string\"}}],\"inLanguage\":\"pt-BR\"},{\"@type\":\"Organization\",\"@id\":\"https:\/\/agenciainfra.com\/blog\/#organization\",\"name\":\"Ag\u00eancia iNFRA\",\"url\":\"https:\/\/agenciainfra.com\/blog\/\",\"logo\":{\"@type\":\"ImageObject\",\"inLanguage\":\"pt-BR\",\"@id\":\"https:\/\/agenciainfra.com\/blog\/#\/schema\/logo\/image\/\",\"url\":\"https:\/\/agenciainfra.com\/blog\/wp-content\/uploads\/2023\/09\/iNFRA_5-e1761735885940.png\",\"contentUrl\":\"https:\/\/agenciainfra.com\/blog\/wp-content\/uploads\/2023\/09\/iNFRA_5-e1761735885940.png\",\"width\":1672,\"height\":454,\"caption\":\"Ag\u00eancia iNFRA\"},\"image\":{\"@id\":\"https:\/\/agenciainfra.com\/blog\/#\/schema\/logo\/image\/\"},\"sameAs\":[\"https:\/\/www.facebook.com\/ageninfra\",\"https:\/\/x.com\/agencia_infra\",\"https:\/\/www.linkedin.com\/company\/ag\u00eanciainfra\/\",\"https:\/\/www.instagram.com\/agenciainfra\/\"]},{\"@type\":\"Person\",\"@id\":\"https:\/\/agenciainfra.com\/blog\/#\/schema\/person\/34af08dff6adea4cb22b06612ba7acfa\",\"name\":\"Ag\u00eancia iNFRA\",\"image\":{\"@type\":\"ImageObject\",\"inLanguage\":\"pt-BR\",\"@id\":\"https:\/\/agenciainfra.com\/blog\/#\/schema\/person\/image\/\",\"url\":\"https:\/\/secure.gravatar.com\/avatar\/d189e01678f06d8eb84d4e01f08eb848b3fffe3f8443818d3c356c66892f5be8?s=96&d=mm&r=g\",\"contentUrl\":\"https:\/\/secure.gravatar.com\/avatar\/d189e01678f06d8eb84d4e01f08eb848b3fffe3f8443818d3c356c66892f5be8?s=96&d=mm&r=g\",\"caption\":\"Ag\u00eancia iNFRA\"},\"url\":\"https:\/\/agenciainfra.com\/blog\/author\/admin\/\"}]}<\/script>\n<!-- \/ Yoast SEO Premium plugin. -->","yoast_head_json":{"title":"Opini\u00e3o \u2013 Crises, infraestrutura e resili\u00eancia log\u00edstica - Ag\u00eancia iNFRA","robots":{"index":"index","follow":"follow","max-snippet":"max-snippet:-1","max-image-preview":"max-image-preview:large","max-video-preview":"max-video-preview:-1"},"canonical":"https:\/\/agenciainfra.com\/blog\/opiniao-crises-infraestrutura-e-resiliencia-logistica\/","og_locale":"pt_BR","og_type":"article","og_title":"Opini\u00e3o \u2013 Crises, infraestrutura e resili\u00eancia log\u00edstica","og_description":"Rafael Veras* e Leonardo Coelho** Infraestrutura boa \u00e9 a que n\u00e3o se percebe. Ela prov\u00ea energia e conex\u00e3o, trata efluentes, fornece \u00e1gua, transporta pessoas e cargas, e viabiliza mobilidade. Tudo com o m\u00ednimo de interrup\u00e7\u00f5es poss\u00edvel. A boa infraestrutura \u00e9 invis\u00edvel. Pode reparar: as pessoas s\u00f3 lembram da infraestrutura quando o carro passa no buraco, [&hellip;]","og_url":"https:\/\/agenciainfra.com\/blog\/opiniao-crises-infraestrutura-e-resiliencia-logistica\/","og_site_name":"Ag\u00eancia iNFRA","article_publisher":"https:\/\/www.facebook.com\/ageninfra","article_published_time":"2024-06-20T18:00:00+00:00","article_modified_time":"2024-06-24T12:18:31+00:00","og_image":[{"width":1202,"height":801,"url":"https:\/\/agenciainfra.com\/blog\/wp-content\/uploads\/2024\/06\/rafael-e-leonardo-montagem.jpeg","type":"image\/jpeg"}],"author":"Ag\u00eancia iNFRA","twitter_card":"summary_large_image","twitter_creator":"@agencia_infra","twitter_site":"@agencia_infra","twitter_misc":{"Escrito por":"Ag\u00eancia iNFRA","Est. tempo de leitura":"6 minutos"},"schema":{"@context":"https:\/\/schema.org","@graph":[{"@type":"Article","@id":"https:\/\/agenciainfra.com\/blog\/opiniao-crises-infraestrutura-e-resiliencia-logistica\/#article","isPartOf":{"@id":"https:\/\/agenciainfra.com\/blog\/opiniao-crises-infraestrutura-e-resiliencia-logistica\/"},"author":{"name":"Ag\u00eancia iNFRA","@id":"https:\/\/agenciainfra.com\/blog\/#\/schema\/person\/34af08dff6adea4cb22b06612ba7acfa"},"headline":"Opini\u00e3o \u2013 Crises, infraestrutura e resili\u00eancia log\u00edstica","datePublished":"2024-06-20T18:00:00+00:00","dateModified":"2024-06-24T12:18:31+00:00","mainEntityOfPage":{"@id":"https:\/\/agenciainfra.com\/blog\/opiniao-crises-infraestrutura-e-resiliencia-logistica\/"},"wordCount":1109,"publisher":{"@id":"https:\/\/agenciainfra.com\/blog\/#organization"},"image":{"@id":"https:\/\/agenciainfra.com\/blog\/opiniao-crises-infraestrutura-e-resiliencia-logistica\/#primaryimage"},"thumbnailUrl":"https:\/\/agenciainfra.com\/blog\/wp-content\/uploads\/2024\/06\/rafael-e-leonardo-montagem.jpeg","keywords":["BCVL","BCVLB","Braz Coelho V\u00e9ras Lessa e Bueno Advogados","cadeia log\u00edstica","capacidade instalada","crises","Direito Rio","escrit\u00f3rio de advocacia","FGV Direito Rio","Funda\u00e7\u00e3o Getulio Vargas","Infraestrutura","Instituto Serzedello Corr\u00eaa","integra\u00e7\u00e3o","ISC-TCU","Leonardo Coelho","log\u00edstica","ociosidade estrat\u00e9gica","Rafael Veras","resili\u00eancia log\u00edstica","Rio de Janeiro","transporte de cargas","Tribunal de Contas da Uni\u00e3o","Uerj","vulnerabilidade log\u00edstica"],"articleSection":["Geral","iNFRATransporte","Opini\u00e3o"],"inLanguage":"pt-BR","copyrightYear":"2024","copyrightHolder":{"@id":"https:\/\/agenciainfra.com\/blog\/#organization"}},{"@type":"WebPage","@id":"https:\/\/agenciainfra.com\/blog\/opiniao-crises-infraestrutura-e-resiliencia-logistica\/","url":"https:\/\/agenciainfra.com\/blog\/opiniao-crises-infraestrutura-e-resiliencia-logistica\/","name":"Opini\u00e3o \u2013 Crises, infraestrutura e resili\u00eancia log\u00edstica - Ag\u00eancia iNFRA","isPartOf":{"@id":"https:\/\/agenciainfra.com\/blog\/#website"},"primaryImageOfPage":{"@id":"https:\/\/agenciainfra.com\/blog\/opiniao-crises-infraestrutura-e-resiliencia-logistica\/#primaryimage"},"image":{"@id":"https:\/\/agenciainfra.com\/blog\/opiniao-crises-infraestrutura-e-resiliencia-logistica\/#primaryimage"},"thumbnailUrl":"https:\/\/agenciainfra.com\/blog\/wp-content\/uploads\/2024\/06\/rafael-e-leonardo-montagem.jpeg","datePublished":"2024-06-20T18:00:00+00:00","dateModified":"2024-06-24T12:18:31+00:00","breadcrumb":{"@id":"https:\/\/agenciainfra.com\/blog\/opiniao-crises-infraestrutura-e-resiliencia-logistica\/#breadcrumb"},"inLanguage":"pt-BR","potentialAction":[{"@type":"ReadAction","target":["https:\/\/agenciainfra.com\/blog\/opiniao-crises-infraestrutura-e-resiliencia-logistica\/"]}]},{"@type":"ImageObject","inLanguage":"pt-BR","@id":"https:\/\/agenciainfra.com\/blog\/opiniao-crises-infraestrutura-e-resiliencia-logistica\/#primaryimage","url":"https:\/\/agenciainfra.com\/blog\/wp-content\/uploads\/2024\/06\/rafael-e-leonardo-montagem.jpeg","contentUrl":"https:\/\/agenciainfra.com\/blog\/wp-content\/uploads\/2024\/06\/rafael-e-leonardo-montagem.jpeg","width":1202,"height":801},{"@type":"BreadcrumbList","@id":"https:\/\/agenciainfra.com\/blog\/opiniao-crises-infraestrutura-e-resiliencia-logistica\/#breadcrumb","itemListElement":[{"@type":"ListItem","position":1,"name":"In\u00edcio","item":"https:\/\/agenciainfra.com\/blog\/"},{"@type":"ListItem","position":2,"name":"Opini\u00e3o \u2013 Crises, infraestrutura e resili\u00eancia log\u00edstica"}]},{"@type":"WebSite","@id":"https:\/\/agenciainfra.com\/blog\/#website","url":"https:\/\/agenciainfra.com\/blog\/","name":"Ag\u00eancia iNFRA","description":"Multiplataforma de informa\u00e7\u00e3o jornal\u00edstica refer\u00eancia na \u00e1rea de infraestrutura no Brasil!","publisher":{"@id":"https:\/\/agenciainfra.com\/blog\/#organization"},"potentialAction":[{"@type":"SearchAction","target":{"@type":"EntryPoint","urlTemplate":"https:\/\/agenciainfra.com\/blog\/?s={search_term_string}"},"query-input":{"@type":"PropertyValueSpecification","valueRequired":true,"valueName":"search_term_string"}}],"inLanguage":"pt-BR"},{"@type":"Organization","@id":"https:\/\/agenciainfra.com\/blog\/#organization","name":"Ag\u00eancia iNFRA","url":"https:\/\/agenciainfra.com\/blog\/","logo":{"@type":"ImageObject","inLanguage":"pt-BR","@id":"https:\/\/agenciainfra.com\/blog\/#\/schema\/logo\/image\/","url":"https:\/\/agenciainfra.com\/blog\/wp-content\/uploads\/2023\/09\/iNFRA_5-e1761735885940.png","contentUrl":"https:\/\/agenciainfra.com\/blog\/wp-content\/uploads\/2023\/09\/iNFRA_5-e1761735885940.png","width":1672,"height":454,"caption":"Ag\u00eancia iNFRA"},"image":{"@id":"https:\/\/agenciainfra.com\/blog\/#\/schema\/logo\/image\/"},"sameAs":["https:\/\/www.facebook.com\/ageninfra","https:\/\/x.com\/agencia_infra","https:\/\/www.linkedin.com\/company\/ag\u00eanciainfra\/","https:\/\/www.instagram.com\/agenciainfra\/"]},{"@type":"Person","@id":"https:\/\/agenciainfra.com\/blog\/#\/schema\/person\/34af08dff6adea4cb22b06612ba7acfa","name":"Ag\u00eancia iNFRA","image":{"@type":"ImageObject","inLanguage":"pt-BR","@id":"https:\/\/agenciainfra.com\/blog\/#\/schema\/person\/image\/","url":"https:\/\/secure.gravatar.com\/avatar\/d189e01678f06d8eb84d4e01f08eb848b3fffe3f8443818d3c356c66892f5be8?s=96&d=mm&r=g","contentUrl":"https:\/\/secure.gravatar.com\/avatar\/d189e01678f06d8eb84d4e01f08eb848b3fffe3f8443818d3c356c66892f5be8?s=96&d=mm&r=g","caption":"Ag\u00eancia iNFRA"},"url":"https:\/\/agenciainfra.com\/blog\/author\/admin\/"}]}},"_links":{"self":[{"href":"https:\/\/agenciainfra.com\/blog\/wp-json\/wp\/v2\/posts\/17206","targetHints":{"allow":["GET"]}}],"collection":[{"href":"https:\/\/agenciainfra.com\/blog\/wp-json\/wp\/v2\/posts"}],"about":[{"href":"https:\/\/agenciainfra.com\/blog\/wp-json\/wp\/v2\/types\/post"}],"author":[{"embeddable":true,"href":"https:\/\/agenciainfra.com\/blog\/wp-json\/wp\/v2\/users\/1"}],"replies":[{"embeddable":true,"href":"https:\/\/agenciainfra.com\/blog\/wp-json\/wp\/v2\/comments?post=17206"}],"version-history":[{"count":1,"href":"https:\/\/agenciainfra.com\/blog\/wp-json\/wp\/v2\/posts\/17206\/revisions"}],"predecessor-version":[{"id":17209,"href":"https:\/\/agenciainfra.com\/blog\/wp-json\/wp\/v2\/posts\/17206\/revisions\/17209"}],"wp:featuredmedia":[{"embeddable":true,"href":"https:\/\/agenciainfra.com\/blog\/wp-json\/wp\/v2\/media\/17208"}],"wp:attachment":[{"href":"https:\/\/agenciainfra.com\/blog\/wp-json\/wp\/v2\/media?parent=17206"}],"wp:term":[{"taxonomy":"category","embeddable":true,"href":"https:\/\/agenciainfra.com\/blog\/wp-json\/wp\/v2\/categories?post=17206"},{"taxonomy":"post_tag","embeddable":true,"href":"https:\/\/agenciainfra.com\/blog\/wp-json\/wp\/v2\/tags?post=17206"}],"curies":[{"name":"wp","href":"https:\/\/api.w.org\/{rel}","templated":true}]}}