{"id":1725,"date":"2018-05-23T07:30:21","date_gmt":"2018-05-23T10:30:21","guid":{"rendered":"http:\/\/www.agenciainfra.com\/blog\/?p=1725"},"modified":"2018-05-22T20:50:51","modified_gmt":"2018-05-22T23:50:51","slug":"direito-publico-em-infraestrutura-e-tema-de-congresso-inedito","status":"publish","type":"post","link":"https:\/\/agenciainfra.com\/blog\/direito-publico-em-infraestrutura-e-tema-de-congresso-inedito\/","title":{"rendered":"Direito P\u00fablico em infraestrutura \u00e9 tema de congresso in\u00e9dito"},"content":{"rendered":"<p>O IDP (Instituto Brasiliense de Direito P\u00fablico), juntamente com o BrasilInfra (Brazil Infrastructure Institute), realiza no dia 7\u00a0de junho, em Bras\u00edlia, o Primeiro Congresso Brasileiro de Direito P\u00fablico da Infraestrutura. O evento, que conta com o apoio\u00a0da\u00a0<strong>Ag\u00eancia iNFRA<\/strong>, vai debater quest\u00f5es contempor\u00e2neas e pol\u00eamicas que envolvem o Direito e a realiza\u00e7\u00e3o de parcerias entre o poder p\u00fablico e a iniciativa privada, para a promo\u00e7\u00e3o de empreendimentos p\u00fablicos de infraestrutura. As\u00a0<a href=\"https:\/\/agenciainfra.us14.list-manage.com\/track\/click?u=d460dd1bcf9ba0ae040e1fc0f&amp;id=918cd331bb&amp;e=0c440aab2b\" target=\"_blank\" rel=\"noopener\" data-saferedirecturl=\"https:\/\/www.google.com\/url?hl=pt-BR&amp;q=https:\/\/agenciainfra.us14.list-manage.com\/track\/click?u%3Dd460dd1bcf9ba0ae040e1fc0f%26id%3D918cd331bb%26e%3D0c440aab2b&amp;source=gmail&amp;ust=1527118560014000&amp;usg=AFQjCNGD1ic5EYZ-S9lpOTeQ6uJW75VUzQ\">inscri\u00e7\u00f5es s\u00e3o gratuitas<\/a>, limitadas ao n\u00famero de vagas.<\/p>\n<p>Ao longo de todo o dia, ser\u00e3o realizados seis pain\u00e9is em que especialistas, gestores p\u00fablicos e empres\u00e1rios do setor v\u00e3o refletir sobre os temas: o regime jur\u00eddico do setor portu\u00e1rio brasileiro, a arbitragem nos contratos de parceria, a contrata\u00e7\u00e3o de estudos e projetos pelo poder p\u00fablico entre outros temas.<\/p>\n<p><img fetchpriority=\"high\" decoding=\"async\" class=\" wp-image-1728 aligncenter\" src=\"http:\/\/www.agenciainfra.com\/agenciainfra\/blog\/wp-content\/uploads\/2018\/05\/Evento-IDP-1-300x181.png\" alt=\"\" width=\"357\" height=\"214\" srcset=\"https:\/\/agenciainfra.com\/blog\/wp-content\/uploads\/2018\/05\/Evento-IDP-1-300x181.png 300w, https:\/\/agenciainfra.com\/blog\/wp-content\/uploads\/2018\/05\/Evento-IDP-1-768x462.png 768w, https:\/\/agenciainfra.com\/blog\/wp-content\/uploads\/2018\/05\/Evento-IDP-1-159x96.png 159w, https:\/\/agenciainfra.com\/blog\/wp-content\/uploads\/2018\/05\/Evento-IDP-1.png 970w\" sizes=\"(max-width: 357px) 100vw, 357px\" \/><br \/>\nEst\u00e3o confirmados como palestrantes nomes como: M\u00e1rio Povia, Diretor-Geral da ANTAQ (Ag\u00eancia Nacional de Transportes Aquavi\u00e1rios); Artur Watt Neto, Subprocurador-Geral da ANP (Ag\u00eancia Nacional do Petr\u00f3leo); Marcelo Siqueira, Diretor Jur\u00eddico do BNDES; Marco Aur\u00e9lio Barcelos, Secret\u00e1rio de Articula\u00e7\u00e3o para Investimentos e Parcerias da Secretaria Especial do PPI (Programa de Parcerias de Investimentos); Guilherme Estrada Rodrigues, Diretor Presidente da ABGF (Ag\u00eancia Brasileira Gestora de Fundos Garantidores e Garantias); Luiz Fernando Ururahy de Souza, Secret\u00e1rio de Fiscaliza\u00e7\u00e3o de Infraestrutura Rodovi\u00e1ria e de Avia\u00e7\u00e3o Civil \u2013 do TCU (Tribunal de Contas da Uni\u00e3o), entre outros.<\/p>\n<p>Al\u00e9m dos seis paineis, o Congresso prev\u00ea ainda a realiza\u00e7\u00e3o de duas confer\u00eancias. A primeira, pela manh\u00e3, com o professor e jurista Mar\u00e7al Justen Filho, considerado um dos maiores especialistas do pa\u00eds sobre regula\u00e7\u00e3o, licita\u00e7\u00f5es e contratos administrativos, que vai tratar sobre \u201cPor que um Direito P\u00fablico da Infraestrutura?\u201d.<\/p>\n<p>\u00c0 noite, na confer\u00eancia de encerramento, os convidados devem contar com a participa\u00e7\u00e3o do senador Antonio Anastasia (PSDB-MG), tratando sobre \u201cContributos da \u2018Lei de Seguran\u00e7a Jur\u00eddica\u2019 para a agenda de infraestrutura brasileira\u201d<\/p>\n<p>&nbsp;<\/p>\n","protected":false},"excerpt":{"rendered":"<p>O IDP (Instituto Brasiliense de Direito P\u00fablico), juntamente com o BrasilInfra (Brazil Infrastructure Institute), realiza no dia 7\u00a0de junho, em Bras\u00edlia, o Primeiro Congresso Brasileiro de Direito P\u00fablico da Infraestrutura. O evento, que conta com o apoio\u00a0da\u00a0Ag\u00eancia iNFRA, vai debater quest\u00f5es contempor\u00e2neas e pol\u00eamicas que envolvem o Direito e a realiza\u00e7\u00e3o de parcerias entre o [&hellip;]<\/p>\n","protected":false},"author":1,"featured_media":1726,"comment_status":"closed","ping_status":"open","sticky":false,"template":"","format":"standard","meta":{"_monsterinsights_skip_tracking":false,"_monsterinsights_sitenote_active":false,"_monsterinsights_sitenote_note":"","_monsterinsights_sitenote_category":0,"footnotes":""},"categories":[7],"tags":[86,276,275,277,278,274],"class_list":["post-1725","post","type-post","status-publish","format-standard","has-post-thumbnail","hentry","category-infratransporte","tag-antaq","tag-brasilinfra","tag-brazil-infrastructure-institute","tag-direito-publico","tag-evento","tag-idp"],"yoast_head":"<!-- This site is optimized with the Yoast SEO Premium plugin v25.4 (Yoast SEO v26.0) - https:\/\/yoast.com\/wordpress\/plugins\/seo\/ -->\n<title>Direito P\u00fablico em infraestrutura \u00e9 tema de congresso in\u00e9dito - Ag\u00eancia iNFRA<\/title>\n<meta name=\"robots\" content=\"index, follow, max-snippet:-1, max-image-preview:large, max-video-preview:-1\" \/>\n<link rel=\"canonical\" href=\"https:\/\/agenciainfra.com\/blog\/direito-publico-em-infraestrutura-e-tema-de-congresso-inedito\/\" \/>\n<meta property=\"og:locale\" content=\"pt_BR\" \/>\n<meta property=\"og:type\" content=\"article\" \/>\n<meta property=\"og:title\" content=\"Direito P\u00fablico em infraestrutura \u00e9 tema de congresso in\u00e9dito\" \/>\n<meta property=\"og:description\" content=\"O IDP (Instituto Brasiliense de Direito P\u00fablico), juntamente com o BrasilInfra (Brazil Infrastructure Institute), realiza no dia 7\u00a0de junho, em Bras\u00edlia, o Primeiro Congresso Brasileiro de Direito P\u00fablico da Infraestrutura. O evento, que conta com o apoio\u00a0da\u00a0Ag\u00eancia iNFRA, vai debater quest\u00f5es contempor\u00e2neas e pol\u00eamicas que envolvem o Direito e a realiza\u00e7\u00e3o de parcerias entre o [&hellip;]\" \/>\n<meta property=\"og:url\" content=\"https:\/\/agenciainfra.com\/blog\/direito-publico-em-infraestrutura-e-tema-de-congresso-inedito\/\" \/>\n<meta property=\"og:site_name\" content=\"Ag\u00eancia iNFRA\" \/>\n<meta property=\"article:publisher\" content=\"https:\/\/www.facebook.com\/ageninfra\" \/>\n<meta property=\"article:published_time\" content=\"2018-05-23T10:30:21+00:00\" \/>\n<meta property=\"og:image\" content=\"https:\/\/agenciainfra.com\/blog\/wp-content\/uploads\/2018\/05\/Evento-IDP-e1527032820270.png\" \/>\n\t<meta property=\"og:image:width\" content=\"965\" \/>\n\t<meta property=\"og:image:height\" content=\"324\" \/>\n\t<meta property=\"og:image:type\" content=\"image\/png\" \/>\n<meta name=\"author\" content=\"Ag\u00eancia iNFRA\" \/>\n<meta name=\"twitter:card\" content=\"summary_large_image\" \/>\n<meta name=\"twitter:creator\" content=\"@agencia_infra\" \/>\n<meta name=\"twitter:site\" content=\"@agencia_infra\" \/>\n<meta name=\"twitter:label1\" content=\"Escrito por\" \/>\n\t<meta name=\"twitter:data1\" content=\"Ag\u00eancia iNFRA\" \/>\n\t<meta name=\"twitter:label2\" content=\"Est. tempo de leitura\" \/>\n\t<meta name=\"twitter:data2\" content=\"2 minutos\" \/>\n<script type=\"application\/ld+json\" class=\"yoast-schema-graph\">{\"@context\":\"https:\/\/schema.org\",\"@graph\":[{\"@type\":\"Article\",\"@id\":\"https:\/\/agenciainfra.com\/blog\/direito-publico-em-infraestrutura-e-tema-de-congresso-inedito\/#article\",\"isPartOf\":{\"@id\":\"https:\/\/agenciainfra.com\/blog\/direito-publico-em-infraestrutura-e-tema-de-congresso-inedito\/\"},\"author\":{\"name\":\"Ag\u00eancia iNFRA\",\"@id\":\"https:\/\/agenciainfra.com\/blog\/#\/schema\/person\/34af08dff6adea4cb22b06612ba7acfa\"},\"headline\":\"Direito P\u00fablico em infraestrutura \u00e9 tema de congresso in\u00e9dito\",\"datePublished\":\"2018-05-23T10:30:21+00:00\",\"mainEntityOfPage\":{\"@id\":\"https:\/\/agenciainfra.com\/blog\/direito-publico-em-infraestrutura-e-tema-de-congresso-inedito\/\"},\"wordCount\":362,\"publisher\":{\"@id\":\"https:\/\/agenciainfra.com\/blog\/#organization\"},\"image\":{\"@id\":\"https:\/\/agenciainfra.com\/blog\/direito-publico-em-infraestrutura-e-tema-de-congresso-inedito\/#primaryimage\"},\"thumbnailUrl\":\"https:\/\/agenciainfra.com\/blog\/wp-content\/uploads\/2018\/05\/Evento-IDP-e1527032820270.png\",\"keywords\":[\"ANTAQ\",\"BrasilInfra\",\"Brazil Infrastructure Institute\",\"Direito P\u00fablico\",\"evento\",\"IDP\"],\"articleSection\":[\"iNFRATransporte\"],\"inLanguage\":\"pt-BR\",\"copyrightYear\":\"2018\",\"copyrightHolder\":{\"@id\":\"https:\/\/agenciainfra.com\/blog\/#organization\"}},{\"@type\":\"WebPage\",\"@id\":\"https:\/\/agenciainfra.com\/blog\/direito-publico-em-infraestrutura-e-tema-de-congresso-inedito\/\",\"url\":\"https:\/\/agenciainfra.com\/blog\/direito-publico-em-infraestrutura-e-tema-de-congresso-inedito\/\",\"name\":\"Direito P\u00fablico em infraestrutura \u00e9 tema de congresso in\u00e9dito - Ag\u00eancia iNFRA\",\"isPartOf\":{\"@id\":\"https:\/\/agenciainfra.com\/blog\/#website\"},\"primaryImageOfPage\":{\"@id\":\"https:\/\/agenciainfra.com\/blog\/direito-publico-em-infraestrutura-e-tema-de-congresso-inedito\/#primaryimage\"},\"image\":{\"@id\":\"https:\/\/agenciainfra.com\/blog\/direito-publico-em-infraestrutura-e-tema-de-congresso-inedito\/#primaryimage\"},\"thumbnailUrl\":\"https:\/\/agenciainfra.com\/blog\/wp-content\/uploads\/2018\/05\/Evento-IDP-e1527032820270.png\",\"datePublished\":\"2018-05-23T10:30:21+00:00\",\"breadcrumb\":{\"@id\":\"https:\/\/agenciainfra.com\/blog\/direito-publico-em-infraestrutura-e-tema-de-congresso-inedito\/#breadcrumb\"},\"inLanguage\":\"pt-BR\",\"potentialAction\":[{\"@type\":\"ReadAction\",\"target\":[\"https:\/\/agenciainfra.com\/blog\/direito-publico-em-infraestrutura-e-tema-de-congresso-inedito\/\"]}]},{\"@type\":\"ImageObject\",\"inLanguage\":\"pt-BR\",\"@id\":\"https:\/\/agenciainfra.com\/blog\/direito-publico-em-infraestrutura-e-tema-de-congresso-inedito\/#primaryimage\",\"url\":\"https:\/\/agenciainfra.com\/blog\/wp-content\/uploads\/2018\/05\/Evento-IDP-e1527032820270.png\",\"contentUrl\":\"https:\/\/agenciainfra.com\/blog\/wp-content\/uploads\/2018\/05\/Evento-IDP-e1527032820270.png\",\"width\":965,\"height\":324},{\"@type\":\"BreadcrumbList\",\"@id\":\"https:\/\/agenciainfra.com\/blog\/direito-publico-em-infraestrutura-e-tema-de-congresso-inedito\/#breadcrumb\",\"itemListElement\":[{\"@type\":\"ListItem\",\"position\":1,\"name\":\"In\u00edcio\",\"item\":\"https:\/\/agenciainfra.com\/blog\/\"},{\"@type\":\"ListItem\",\"position\":2,\"name\":\"Direito P\u00fablico em infraestrutura \u00e9 tema de congresso in\u00e9dito\"}]},{\"@type\":\"WebSite\",\"@id\":\"https:\/\/agenciainfra.com\/blog\/#website\",\"url\":\"https:\/\/agenciainfra.com\/blog\/\",\"name\":\"Ag\u00eancia iNFRA\",\"description\":\"Multiplataforma de informa\u00e7\u00e3o jornal\u00edstica refer\u00eancia na \u00e1rea de infraestrutura no Brasil!\",\"publisher\":{\"@id\":\"https:\/\/agenciainfra.com\/blog\/#organization\"},\"potentialAction\":[{\"@type\":\"SearchAction\",\"target\":{\"@type\":\"EntryPoint\",\"urlTemplate\":\"https:\/\/agenciainfra.com\/blog\/?s={search_term_string}\"},\"query-input\":{\"@type\":\"PropertyValueSpecification\",\"valueRequired\":true,\"valueName\":\"search_term_string\"}}],\"inLanguage\":\"pt-BR\"},{\"@type\":\"Organization\",\"@id\":\"https:\/\/agenciainfra.com\/blog\/#organization\",\"name\":\"Ag\u00eancia iNFRA\",\"url\":\"https:\/\/agenciainfra.com\/blog\/\",\"logo\":{\"@type\":\"ImageObject\",\"inLanguage\":\"pt-BR\",\"@id\":\"https:\/\/agenciainfra.com\/blog\/#\/schema\/logo\/image\/\",\"url\":\"https:\/\/agenciainfra.com\/blog\/wp-content\/uploads\/2023\/09\/iNFRA_5-e1761735885940.png\",\"contentUrl\":\"https:\/\/agenciainfra.com\/blog\/wp-content\/uploads\/2023\/09\/iNFRA_5-e1761735885940.png\",\"width\":1672,\"height\":454,\"caption\":\"Ag\u00eancia iNFRA\"},\"image\":{\"@id\":\"https:\/\/agenciainfra.com\/blog\/#\/schema\/logo\/image\/\"},\"sameAs\":[\"https:\/\/www.facebook.com\/ageninfra\",\"https:\/\/x.com\/agencia_infra\",\"https:\/\/www.linkedin.com\/company\/ag\u00eanciainfra\/\",\"https:\/\/www.instagram.com\/agenciainfra\/\"]},{\"@type\":\"Person\",\"@id\":\"https:\/\/agenciainfra.com\/blog\/#\/schema\/person\/34af08dff6adea4cb22b06612ba7acfa\",\"name\":\"Ag\u00eancia iNFRA\",\"image\":{\"@type\":\"ImageObject\",\"inLanguage\":\"pt-BR\",\"@id\":\"https:\/\/agenciainfra.com\/blog\/#\/schema\/person\/image\/\",\"url\":\"https:\/\/secure.gravatar.com\/avatar\/d189e01678f06d8eb84d4e01f08eb848b3fffe3f8443818d3c356c66892f5be8?s=96&d=mm&r=g\",\"contentUrl\":\"https:\/\/secure.gravatar.com\/avatar\/d189e01678f06d8eb84d4e01f08eb848b3fffe3f8443818d3c356c66892f5be8?s=96&d=mm&r=g\",\"caption\":\"Ag\u00eancia iNFRA\"},\"url\":\"https:\/\/agenciainfra.com\/blog\/author\/admin\/\"}]}<\/script>\n<!-- \/ Yoast SEO Premium plugin. -->","yoast_head_json":{"title":"Direito P\u00fablico em infraestrutura \u00e9 tema de congresso in\u00e9dito - Ag\u00eancia iNFRA","robots":{"index":"index","follow":"follow","max-snippet":"max-snippet:-1","max-image-preview":"max-image-preview:large","max-video-preview":"max-video-preview:-1"},"canonical":"https:\/\/agenciainfra.com\/blog\/direito-publico-em-infraestrutura-e-tema-de-congresso-inedito\/","og_locale":"pt_BR","og_type":"article","og_title":"Direito P\u00fablico em infraestrutura \u00e9 tema de congresso in\u00e9dito","og_description":"O IDP (Instituto Brasiliense de Direito P\u00fablico), juntamente com o BrasilInfra (Brazil Infrastructure Institute), realiza no dia 7\u00a0de junho, em Bras\u00edlia, o Primeiro Congresso Brasileiro de Direito P\u00fablico da Infraestrutura. O evento, que conta com o apoio\u00a0da\u00a0Ag\u00eancia iNFRA, vai debater quest\u00f5es contempor\u00e2neas e pol\u00eamicas que envolvem o Direito e a realiza\u00e7\u00e3o de parcerias entre o [&hellip;]","og_url":"https:\/\/agenciainfra.com\/blog\/direito-publico-em-infraestrutura-e-tema-de-congresso-inedito\/","og_site_name":"Ag\u00eancia iNFRA","article_publisher":"https:\/\/www.facebook.com\/ageninfra","article_published_time":"2018-05-23T10:30:21+00:00","og_image":[{"width":965,"height":324,"url":"https:\/\/agenciainfra.com\/blog\/wp-content\/uploads\/2018\/05\/Evento-IDP-e1527032820270.png","type":"image\/png"}],"author":"Ag\u00eancia iNFRA","twitter_card":"summary_large_image","twitter_creator":"@agencia_infra","twitter_site":"@agencia_infra","twitter_misc":{"Escrito por":"Ag\u00eancia iNFRA","Est. tempo de leitura":"2 minutos"},"schema":{"@context":"https:\/\/schema.org","@graph":[{"@type":"Article","@id":"https:\/\/agenciainfra.com\/blog\/direito-publico-em-infraestrutura-e-tema-de-congresso-inedito\/#article","isPartOf":{"@id":"https:\/\/agenciainfra.com\/blog\/direito-publico-em-infraestrutura-e-tema-de-congresso-inedito\/"},"author":{"name":"Ag\u00eancia iNFRA","@id":"https:\/\/agenciainfra.com\/blog\/#\/schema\/person\/34af08dff6adea4cb22b06612ba7acfa"},"headline":"Direito P\u00fablico em infraestrutura \u00e9 tema de congresso in\u00e9dito","datePublished":"2018-05-23T10:30:21+00:00","mainEntityOfPage":{"@id":"https:\/\/agenciainfra.com\/blog\/direito-publico-em-infraestrutura-e-tema-de-congresso-inedito\/"},"wordCount":362,"publisher":{"@id":"https:\/\/agenciainfra.com\/blog\/#organization"},"image":{"@id":"https:\/\/agenciainfra.com\/blog\/direito-publico-em-infraestrutura-e-tema-de-congresso-inedito\/#primaryimage"},"thumbnailUrl":"https:\/\/agenciainfra.com\/blog\/wp-content\/uploads\/2018\/05\/Evento-IDP-e1527032820270.png","keywords":["ANTAQ","BrasilInfra","Brazil Infrastructure Institute","Direito P\u00fablico","evento","IDP"],"articleSection":["iNFRATransporte"],"inLanguage":"pt-BR","copyrightYear":"2018","copyrightHolder":{"@id":"https:\/\/agenciainfra.com\/blog\/#organization"}},{"@type":"WebPage","@id":"https:\/\/agenciainfra.com\/blog\/direito-publico-em-infraestrutura-e-tema-de-congresso-inedito\/","url":"https:\/\/agenciainfra.com\/blog\/direito-publico-em-infraestrutura-e-tema-de-congresso-inedito\/","name":"Direito P\u00fablico em infraestrutura \u00e9 tema de congresso in\u00e9dito - Ag\u00eancia iNFRA","isPartOf":{"@id":"https:\/\/agenciainfra.com\/blog\/#website"},"primaryImageOfPage":{"@id":"https:\/\/agenciainfra.com\/blog\/direito-publico-em-infraestrutura-e-tema-de-congresso-inedito\/#primaryimage"},"image":{"@id":"https:\/\/agenciainfra.com\/blog\/direito-publico-em-infraestrutura-e-tema-de-congresso-inedito\/#primaryimage"},"thumbnailUrl":"https:\/\/agenciainfra.com\/blog\/wp-content\/uploads\/2018\/05\/Evento-IDP-e1527032820270.png","datePublished":"2018-05-23T10:30:21+00:00","breadcrumb":{"@id":"https:\/\/agenciainfra.com\/blog\/direito-publico-em-infraestrutura-e-tema-de-congresso-inedito\/#breadcrumb"},"inLanguage":"pt-BR","potentialAction":[{"@type":"ReadAction","target":["https:\/\/agenciainfra.com\/blog\/direito-publico-em-infraestrutura-e-tema-de-congresso-inedito\/"]}]},{"@type":"ImageObject","inLanguage":"pt-BR","@id":"https:\/\/agenciainfra.com\/blog\/direito-publico-em-infraestrutura-e-tema-de-congresso-inedito\/#primaryimage","url":"https:\/\/agenciainfra.com\/blog\/wp-content\/uploads\/2018\/05\/Evento-IDP-e1527032820270.png","contentUrl":"https:\/\/agenciainfra.com\/blog\/wp-content\/uploads\/2018\/05\/Evento-IDP-e1527032820270.png","width":965,"height":324},{"@type":"BreadcrumbList","@id":"https:\/\/agenciainfra.com\/blog\/direito-publico-em-infraestrutura-e-tema-de-congresso-inedito\/#breadcrumb","itemListElement":[{"@type":"ListItem","position":1,"name":"In\u00edcio","item":"https:\/\/agenciainfra.com\/blog\/"},{"@type":"ListItem","position":2,"name":"Direito P\u00fablico em infraestrutura \u00e9 tema de congresso in\u00e9dito"}]},{"@type":"WebSite","@id":"https:\/\/agenciainfra.com\/blog\/#website","url":"https:\/\/agenciainfra.com\/blog\/","name":"Ag\u00eancia iNFRA","description":"Multiplataforma de informa\u00e7\u00e3o jornal\u00edstica refer\u00eancia na \u00e1rea de infraestrutura no Brasil!","publisher":{"@id":"https:\/\/agenciainfra.com\/blog\/#organization"},"potentialAction":[{"@type":"SearchAction","target":{"@type":"EntryPoint","urlTemplate":"https:\/\/agenciainfra.com\/blog\/?s={search_term_string}"},"query-input":{"@type":"PropertyValueSpecification","valueRequired":true,"valueName":"search_term_string"}}],"inLanguage":"pt-BR"},{"@type":"Organization","@id":"https:\/\/agenciainfra.com\/blog\/#organization","name":"Ag\u00eancia iNFRA","url":"https:\/\/agenciainfra.com\/blog\/","logo":{"@type":"ImageObject","inLanguage":"pt-BR","@id":"https:\/\/agenciainfra.com\/blog\/#\/schema\/logo\/image\/","url":"https:\/\/agenciainfra.com\/blog\/wp-content\/uploads\/2023\/09\/iNFRA_5-e1761735885940.png","contentUrl":"https:\/\/agenciainfra.com\/blog\/wp-content\/uploads\/2023\/09\/iNFRA_5-e1761735885940.png","width":1672,"height":454,"caption":"Ag\u00eancia iNFRA"},"image":{"@id":"https:\/\/agenciainfra.com\/blog\/#\/schema\/logo\/image\/"},"sameAs":["https:\/\/www.facebook.com\/ageninfra","https:\/\/x.com\/agencia_infra","https:\/\/www.linkedin.com\/company\/ag\u00eanciainfra\/","https:\/\/www.instagram.com\/agenciainfra\/"]},{"@type":"Person","@id":"https:\/\/agenciainfra.com\/blog\/#\/schema\/person\/34af08dff6adea4cb22b06612ba7acfa","name":"Ag\u00eancia iNFRA","image":{"@type":"ImageObject","inLanguage":"pt-BR","@id":"https:\/\/agenciainfra.com\/blog\/#\/schema\/person\/image\/","url":"https:\/\/secure.gravatar.com\/avatar\/d189e01678f06d8eb84d4e01f08eb848b3fffe3f8443818d3c356c66892f5be8?s=96&d=mm&r=g","contentUrl":"https:\/\/secure.gravatar.com\/avatar\/d189e01678f06d8eb84d4e01f08eb848b3fffe3f8443818d3c356c66892f5be8?s=96&d=mm&r=g","caption":"Ag\u00eancia iNFRA"},"url":"https:\/\/agenciainfra.com\/blog\/author\/admin\/"}]}},"_links":{"self":[{"href":"https:\/\/agenciainfra.com\/blog\/wp-json\/wp\/v2\/posts\/1725","targetHints":{"allow":["GET"]}}],"collection":[{"href":"https:\/\/agenciainfra.com\/blog\/wp-json\/wp\/v2\/posts"}],"about":[{"href":"https:\/\/agenciainfra.com\/blog\/wp-json\/wp\/v2\/types\/post"}],"author":[{"embeddable":true,"href":"https:\/\/agenciainfra.com\/blog\/wp-json\/wp\/v2\/users\/1"}],"replies":[{"embeddable":true,"href":"https:\/\/agenciainfra.com\/blog\/wp-json\/wp\/v2\/comments?post=1725"}],"version-history":[{"count":0,"href":"https:\/\/agenciainfra.com\/blog\/wp-json\/wp\/v2\/posts\/1725\/revisions"}],"wp:featuredmedia":[{"embeddable":true,"href":"https:\/\/agenciainfra.com\/blog\/wp-json\/wp\/v2\/media\/1726"}],"wp:attachment":[{"href":"https:\/\/agenciainfra.com\/blog\/wp-json\/wp\/v2\/media?parent=1725"}],"wp:term":[{"taxonomy":"category","embeddable":true,"href":"https:\/\/agenciainfra.com\/blog\/wp-json\/wp\/v2\/categories?post=1725"},{"taxonomy":"post_tag","embeddable":true,"href":"https:\/\/agenciainfra.com\/blog\/wp-json\/wp\/v2\/tags?post=1725"}],"curies":[{"name":"wp","href":"https:\/\/api.w.org\/{rel}","templated":true}]}}