{"id":17373,"date":"2024-06-24T11:00:00","date_gmt":"2024-06-24T14:00:00","guid":{"rendered":"https:\/\/agenciainfra.com\/blog\/?p=17373"},"modified":"2026-03-13T09:38:55","modified_gmt":"2026-03-13T12:38:55","slug":"governo-coloca-jabuti-sobre-conselho-da-ccee-em-decreto-das-distribuidoras","status":"publish","type":"post","link":"https:\/\/agenciainfra.com\/blog\/governo-coloca-jabuti-sobre-conselho-da-ccee-em-decreto-das-distribuidoras\/","title":{"rendered":"Governo coloca &#8216;jabuti&#8217; sobre conselho da CCEE em decreto das distribuidoras"},"content":{"rendered":"\n<p class=\"has-text-align-right\"><strong>Marisa Wanzeller e Leila Coimbra, da&nbsp;Ag\u00eancia iNFRA<\/strong><\/p>\n\n\n\n<p>O&nbsp;governo&nbsp;incluiu um \u201cjabuti\u201d sobre a&nbsp;governan\u00e7a da&nbsp;CCEE&nbsp;(C\u00e2mara de Comercializa\u00e7\u00e3o de Energia El\u00e9trica) no&nbsp;<a href=\"https:\/\/agenciainfra.us14.list-manage.com\/track\/click?u=d460dd1bcf9ba0ae040e1fc0f&amp;id=b1b3a31415&amp;e=f0fa444791\" target=\"_blank\" rel=\"noreferrer noopener\">Decreto&nbsp;12.068\/2024<\/a>, que regulamenta os contratos das concess\u00f5es de distribui\u00e7\u00e3o de energia el\u00e9trica, publicado na \u00faltima sexta-feira (21).&nbsp;<br><br>O artigo 21 do&nbsp;decreto&nbsp;diz que o&nbsp;Conselho&nbsp;de Administra\u00e7\u00e3o da&nbsp;CCEE&nbsp;&#8220;ser\u00e1 integrado por oito membros, eleitos em Assembleia Geral, com mandatos de dois anos, permitidas duas recondu\u00e7\u00f5es, e indicados, em conjunto com os respectivos suplentes&#8221;.<br><br><strong>Mandato de apenas um ano<\/strong><br>Segundo fontes, h\u00e1&nbsp;descontentamento do&nbsp;governo&nbsp;com a&nbsp;conven\u00e7\u00e3o da c\u00e2mara&nbsp;aprovada pela ANEEL&nbsp;(Ag\u00eancia Nacional de Energia El\u00e9trica). Tamb\u00e9m houve insatisfa\u00e7\u00e3o com a determina\u00e7\u00e3o, pela ag\u00eancia, de que algumas das vagas teriam apenas um ano de mandato. O&nbsp;jabuti&nbsp;retoma&nbsp;prazo de validade de dois anos para todos.<br>&nbsp;<br>A ANEEL aprovou regra determinando que, na primeira composi\u00e7\u00e3o, metade do&nbsp;conselho&nbsp;ficaria apenas ano na vaga e a outra metade, dois anos, para evitar a coincid\u00eancia dos mandatos (todos eleitos na mesma data).<br><br><strong>Nova Consulta P\u00fablica<\/strong><br>Com esse&nbsp;jabuti, h\u00e1 impacto na conven\u00e7\u00e3o aprovada pela ANEEL e no estatuto da&nbsp;CCEE. Assim, a ag\u00eancia teria que abrir uma nova consulta p\u00fablica para regulamentar essa altera\u00e7\u00e3o, disseram fontes. Encerrada a consulta, a&nbsp;CCEE&nbsp;precisaria ainda ajustar o estatuto.<br><br>Isso atrasaria ainda mais a aprova\u00e7\u00e3o do estatuto, que hoje est\u00e1 em an\u00e1lise na ANEEL sob relatoria do diretor Ricardo Tili. A pend\u00eancia de aprova\u00e7\u00e3o&nbsp;chegou a suspender a elei\u00e7\u00e3o do novo&nbsp;conselho&nbsp;da c\u00e2mara, ap\u00f3s o relator alertar que n\u00e3o h\u00e1 garantia sobre a aprova\u00e7\u00e3o do estatuto nos moldes enviados para a ag\u00eancia.&nbsp;<br><br>Na avalia\u00e7\u00e3o de uma fonte, &#8220;formalmente, como a ANEEL n\u00e3o tem \u00e1rea de discricionariedade, pois \u00e9 s\u00f3 aplicar a Lei, ela poderia abrir uma Consulta P\u00fablica super-curta, de cinco dias por exemplo, ou at\u00e9 menos e j\u00e1 dar efeito\u201d.<\/p>\n","protected":false},"excerpt":{"rendered":"<p>Marisa Wanzeller e Leila Coimbra, da&nbsp;Ag\u00eancia iNFRA O&nbsp;governo&nbsp;incluiu um \u201cjabuti\u201d sobre a&nbsp;governan\u00e7a da&nbsp;CCEE&nbsp;(C\u00e2mara de Comercializa\u00e7\u00e3o de Energia El\u00e9trica) no&nbsp;Decreto&nbsp;12.068\/2024, que regulamenta os contratos das concess\u00f5es de distribui\u00e7\u00e3o de energia el\u00e9trica, publicado na \u00faltima sexta-feira (21).&nbsp; O artigo 21 do&nbsp;decreto&nbsp;diz que o&nbsp;Conselho&nbsp;de Administra\u00e7\u00e3o da&nbsp;CCEE&nbsp;&#8220;ser\u00e1 integrado por oito membros, eleitos em Assembleia Geral, com mandatos de dois [&hellip;]<\/p>\n","protected":false},"author":1,"featured_media":16379,"comment_status":"closed","ping_status":"closed","sticky":false,"template":"","format":"standard","meta":{"_monsterinsights_skip_tracking":false,"_monsterinsights_sitenote_active":false,"_monsterinsights_sitenote_note":"","_monsterinsights_sitenote_category":0,"footnotes":""},"categories":[7250,1,10],"tags":[852,53,866,14,345,4840,10294,2199,282,10165,10295,1984,7366,9454,5682,54],"class_list":["post-17373","post","type-post","status-publish","format-standard","has-post-thumbnail","hentry","category-destaque-lista","category-geral","category-infraenergia","tag-agencia-nacional-de-energia-eletrica","tag-aneel","tag-camara-de-comercializacao-de-energia-eletrica","tag-ccee","tag-consulta-publica","tag-contratos-de-concessao","tag-decreto-12-068-2024","tag-distribuicao","tag-energia-eletrica","tag-governanca-corporativa","tag-jabuti-legislativo","tag-leila-coimbra","tag-marisa-wanzeller","tag-regulamentacao-energetica","tag-ricardo-tili","tag-setor-eletrico"],"yoast_head":"<!-- This site is optimized with the Yoast SEO Premium plugin v25.4 (Yoast SEO v26.0) - https:\/\/yoast.com\/wordpress\/plugins\/seo\/ -->\n<title>Governo coloca &#039;jabuti&#039; sobre conselho da CCEE em decreto das distribuidoras - Ag\u00eancia iNFRA<\/title>\n<meta name=\"robots\" content=\"index, follow, max-snippet:-1, max-image-preview:large, max-video-preview:-1\" \/>\n<link rel=\"canonical\" href=\"https:\/\/agenciainfra.com\/blog\/governo-coloca-jabuti-sobre-conselho-da-ccee-em-decreto-das-distribuidoras\/\" \/>\n<meta property=\"og:locale\" content=\"pt_BR\" \/>\n<meta property=\"og:type\" content=\"article\" \/>\n<meta property=\"og:title\" content=\"Governo coloca &#039;jabuti&#039; sobre conselho da CCEE em decreto das distribuidoras\" \/>\n<meta property=\"og:description\" content=\"Marisa Wanzeller e Leila Coimbra, da&nbsp;Ag\u00eancia iNFRA O&nbsp;governo&nbsp;incluiu um \u201cjabuti\u201d sobre a&nbsp;governan\u00e7a da&nbsp;CCEE&nbsp;(C\u00e2mara de Comercializa\u00e7\u00e3o de Energia El\u00e9trica) no&nbsp;Decreto&nbsp;12.068\/2024, que regulamenta os contratos das concess\u00f5es de distribui\u00e7\u00e3o de energia el\u00e9trica, publicado na \u00faltima sexta-feira (21).&nbsp; O artigo 21 do&nbsp;decreto&nbsp;diz que o&nbsp;Conselho&nbsp;de Administra\u00e7\u00e3o da&nbsp;CCEE&nbsp;&#8220;ser\u00e1 integrado por oito membros, eleitos em Assembleia Geral, com mandatos de dois [&hellip;]\" \/>\n<meta property=\"og:url\" content=\"https:\/\/agenciainfra.com\/blog\/governo-coloca-jabuti-sobre-conselho-da-ccee-em-decreto-das-distribuidoras\/\" \/>\n<meta property=\"og:site_name\" content=\"Ag\u00eancia iNFRA\" \/>\n<meta property=\"article:publisher\" content=\"https:\/\/www.facebook.com\/ageninfra\" \/>\n<meta property=\"article:published_time\" content=\"2024-06-24T14:00:00+00:00\" \/>\n<meta property=\"article:modified_time\" content=\"2026-03-13T12:38:55+00:00\" \/>\n<meta property=\"og:image\" content=\"https:\/\/agenciainfra.com\/blog\/wp-content\/uploads\/2024\/04\/Predio-CCEE-foto-divulgacao.jpg\" \/>\n\t<meta property=\"og:image:width\" content=\"1202\" \/>\n\t<meta property=\"og:image:height\" content=\"772\" \/>\n\t<meta property=\"og:image:type\" content=\"image\/jpeg\" \/>\n<meta name=\"author\" content=\"Ag\u00eancia iNFRA\" \/>\n<meta name=\"twitter:card\" content=\"summary_large_image\" \/>\n<meta name=\"twitter:creator\" content=\"@agencia_infra\" \/>\n<meta name=\"twitter:site\" content=\"@agencia_infra\" \/>\n<meta name=\"twitter:label1\" content=\"Escrito por\" \/>\n\t<meta name=\"twitter:data1\" content=\"Ag\u00eancia iNFRA\" \/>\n\t<meta name=\"twitter:label2\" content=\"Est. tempo de leitura\" \/>\n\t<meta name=\"twitter:data2\" content=\"2 minutos\" \/>\n<script type=\"application\/ld+json\" class=\"yoast-schema-graph\">{\"@context\":\"https:\/\/schema.org\",\"@graph\":[{\"@type\":\"Article\",\"@id\":\"https:\/\/agenciainfra.com\/blog\/governo-coloca-jabuti-sobre-conselho-da-ccee-em-decreto-das-distribuidoras\/#article\",\"isPartOf\":{\"@id\":\"https:\/\/agenciainfra.com\/blog\/governo-coloca-jabuti-sobre-conselho-da-ccee-em-decreto-das-distribuidoras\/\"},\"author\":{\"name\":\"Ag\u00eancia iNFRA\",\"@id\":\"https:\/\/agenciainfra.com\/blog\/#\/schema\/person\/34af08dff6adea4cb22b06612ba7acfa\"},\"headline\":\"Governo coloca &#8216;jabuti&#8217; sobre conselho da CCEE em decreto das distribuidoras\",\"datePublished\":\"2024-06-24T14:00:00+00:00\",\"dateModified\":\"2026-03-13T12:38:55+00:00\",\"mainEntityOfPage\":{\"@id\":\"https:\/\/agenciainfra.com\/blog\/governo-coloca-jabuti-sobre-conselho-da-ccee-em-decreto-das-distribuidoras\/\"},\"wordCount\":386,\"publisher\":{\"@id\":\"https:\/\/agenciainfra.com\/blog\/#organization\"},\"image\":{\"@id\":\"https:\/\/agenciainfra.com\/blog\/governo-coloca-jabuti-sobre-conselho-da-ccee-em-decreto-das-distribuidoras\/#primaryimage\"},\"thumbnailUrl\":\"https:\/\/agenciainfra.com\/blog\/wp-content\/uploads\/2024\/04\/Predio-CCEE-foto-divulgacao.jpg\",\"keywords\":[\"Ag\u00eancia Nacional de Energia El\u00e9trica\",\"ANEEL\",\"C\u00e2mara de Comercializa\u00e7\u00e3o de Energia El\u00e9trica\",\"ccee\",\"consulta p\u00fablica\",\"contratos de concess\u00e3o\",\"Decreto 12.068\/2024\",\"distribui\u00e7\u00e3o\",\"energia el\u00e9trica\",\"governan\u00e7a corporativa\",\"jabuti legislativo\",\"Leila Coimbra\",\"Marisa Wanzeller\",\"regulamenta\u00e7\u00e3o energ\u00e9tica\",\"Ricardo Tili\",\"Setor El\u00e9trico\"],\"articleSection\":[\"Destaque lista\",\"Geral\",\"iNFRAEnergia\"],\"inLanguage\":\"pt-BR\",\"copyrightYear\":\"2024\",\"copyrightHolder\":{\"@id\":\"https:\/\/agenciainfra.com\/blog\/#organization\"}},{\"@type\":\"WebPage\",\"@id\":\"https:\/\/agenciainfra.com\/blog\/governo-coloca-jabuti-sobre-conselho-da-ccee-em-decreto-das-distribuidoras\/\",\"url\":\"https:\/\/agenciainfra.com\/blog\/governo-coloca-jabuti-sobre-conselho-da-ccee-em-decreto-das-distribuidoras\/\",\"name\":\"Governo coloca 'jabuti' sobre conselho da CCEE em decreto das distribuidoras - Ag\u00eancia iNFRA\",\"isPartOf\":{\"@id\":\"https:\/\/agenciainfra.com\/blog\/#website\"},\"primaryImageOfPage\":{\"@id\":\"https:\/\/agenciainfra.com\/blog\/governo-coloca-jabuti-sobre-conselho-da-ccee-em-decreto-das-distribuidoras\/#primaryimage\"},\"image\":{\"@id\":\"https:\/\/agenciainfra.com\/blog\/governo-coloca-jabuti-sobre-conselho-da-ccee-em-decreto-das-distribuidoras\/#primaryimage\"},\"thumbnailUrl\":\"https:\/\/agenciainfra.com\/blog\/wp-content\/uploads\/2024\/04\/Predio-CCEE-foto-divulgacao.jpg\",\"datePublished\":\"2024-06-24T14:00:00+00:00\",\"dateModified\":\"2026-03-13T12:38:55+00:00\",\"breadcrumb\":{\"@id\":\"https:\/\/agenciainfra.com\/blog\/governo-coloca-jabuti-sobre-conselho-da-ccee-em-decreto-das-distribuidoras\/#breadcrumb\"},\"inLanguage\":\"pt-BR\",\"potentialAction\":[{\"@type\":\"ReadAction\",\"target\":[\"https:\/\/agenciainfra.com\/blog\/governo-coloca-jabuti-sobre-conselho-da-ccee-em-decreto-das-distribuidoras\/\"]}]},{\"@type\":\"ImageObject\",\"inLanguage\":\"pt-BR\",\"@id\":\"https:\/\/agenciainfra.com\/blog\/governo-coloca-jabuti-sobre-conselho-da-ccee-em-decreto-das-distribuidoras\/#primaryimage\",\"url\":\"https:\/\/agenciainfra.com\/blog\/wp-content\/uploads\/2024\/04\/Predio-CCEE-foto-divulgacao.jpg\",\"contentUrl\":\"https:\/\/agenciainfra.com\/blog\/wp-content\/uploads\/2024\/04\/Predio-CCEE-foto-divulgacao.jpg\",\"width\":1202,\"height\":772,\"caption\":\"Foto: CCEE\"},{\"@type\":\"BreadcrumbList\",\"@id\":\"https:\/\/agenciainfra.com\/blog\/governo-coloca-jabuti-sobre-conselho-da-ccee-em-decreto-das-distribuidoras\/#breadcrumb\",\"itemListElement\":[{\"@type\":\"ListItem\",\"position\":1,\"name\":\"In\u00edcio\",\"item\":\"https:\/\/agenciainfra.com\/blog\/\"},{\"@type\":\"ListItem\",\"position\":2,\"name\":\"Governo coloca &#8216;jabuti&#8217; sobre conselho da CCEE em decreto das distribuidoras\"}]},{\"@type\":\"WebSite\",\"@id\":\"https:\/\/agenciainfra.com\/blog\/#website\",\"url\":\"https:\/\/agenciainfra.com\/blog\/\",\"name\":\"Ag\u00eancia iNFRA\",\"description\":\"Multiplataforma de informa\u00e7\u00e3o jornal\u00edstica refer\u00eancia na \u00e1rea de infraestrutura no Brasil!\",\"publisher\":{\"@id\":\"https:\/\/agenciainfra.com\/blog\/#organization\"},\"potentialAction\":[{\"@type\":\"SearchAction\",\"target\":{\"@type\":\"EntryPoint\",\"urlTemplate\":\"https:\/\/agenciainfra.com\/blog\/?s={search_term_string}\"},\"query-input\":{\"@type\":\"PropertyValueSpecification\",\"valueRequired\":true,\"valueName\":\"search_term_string\"}}],\"inLanguage\":\"pt-BR\"},{\"@type\":\"Organization\",\"@id\":\"https:\/\/agenciainfra.com\/blog\/#organization\",\"name\":\"Ag\u00eancia iNFRA\",\"url\":\"https:\/\/agenciainfra.com\/blog\/\",\"logo\":{\"@type\":\"ImageObject\",\"inLanguage\":\"pt-BR\",\"@id\":\"https:\/\/agenciainfra.com\/blog\/#\/schema\/logo\/image\/\",\"url\":\"https:\/\/agenciainfra.com\/blog\/wp-content\/uploads\/2023\/09\/iNFRA_5-e1761735885940.png\",\"contentUrl\":\"https:\/\/agenciainfra.com\/blog\/wp-content\/uploads\/2023\/09\/iNFRA_5-e1761735885940.png\",\"width\":1672,\"height\":454,\"caption\":\"Ag\u00eancia iNFRA\"},\"image\":{\"@id\":\"https:\/\/agenciainfra.com\/blog\/#\/schema\/logo\/image\/\"},\"sameAs\":[\"https:\/\/www.facebook.com\/ageninfra\",\"https:\/\/x.com\/agencia_infra\",\"https:\/\/www.linkedin.com\/company\/ag\u00eanciainfra\/\",\"https:\/\/www.instagram.com\/agenciainfra\/\"]},{\"@type\":\"Person\",\"@id\":\"https:\/\/agenciainfra.com\/blog\/#\/schema\/person\/34af08dff6adea4cb22b06612ba7acfa\",\"name\":\"Ag\u00eancia iNFRA\",\"image\":{\"@type\":\"ImageObject\",\"inLanguage\":\"pt-BR\",\"@id\":\"https:\/\/agenciainfra.com\/blog\/#\/schema\/person\/image\/\",\"url\":\"https:\/\/secure.gravatar.com\/avatar\/d189e01678f06d8eb84d4e01f08eb848b3fffe3f8443818d3c356c66892f5be8?s=96&d=mm&r=g\",\"contentUrl\":\"https:\/\/secure.gravatar.com\/avatar\/d189e01678f06d8eb84d4e01f08eb848b3fffe3f8443818d3c356c66892f5be8?s=96&d=mm&r=g\",\"caption\":\"Ag\u00eancia iNFRA\"},\"url\":\"https:\/\/agenciainfra.com\/blog\/author\/admin\/\"}]}<\/script>\n<!-- \/ Yoast SEO Premium plugin. -->","yoast_head_json":{"title":"Governo coloca 'jabuti' sobre conselho da CCEE em decreto das distribuidoras - Ag\u00eancia iNFRA","robots":{"index":"index","follow":"follow","max-snippet":"max-snippet:-1","max-image-preview":"max-image-preview:large","max-video-preview":"max-video-preview:-1"},"canonical":"https:\/\/agenciainfra.com\/blog\/governo-coloca-jabuti-sobre-conselho-da-ccee-em-decreto-das-distribuidoras\/","og_locale":"pt_BR","og_type":"article","og_title":"Governo coloca 'jabuti' sobre conselho da CCEE em decreto das distribuidoras","og_description":"Marisa Wanzeller e Leila Coimbra, da&nbsp;Ag\u00eancia iNFRA O&nbsp;governo&nbsp;incluiu um \u201cjabuti\u201d sobre a&nbsp;governan\u00e7a da&nbsp;CCEE&nbsp;(C\u00e2mara de Comercializa\u00e7\u00e3o de Energia El\u00e9trica) no&nbsp;Decreto&nbsp;12.068\/2024, que regulamenta os contratos das concess\u00f5es de distribui\u00e7\u00e3o de energia el\u00e9trica, publicado na \u00faltima sexta-feira (21).&nbsp; O artigo 21 do&nbsp;decreto&nbsp;diz que o&nbsp;Conselho&nbsp;de Administra\u00e7\u00e3o da&nbsp;CCEE&nbsp;&#8220;ser\u00e1 integrado por oito membros, eleitos em Assembleia Geral, com mandatos de dois [&hellip;]","og_url":"https:\/\/agenciainfra.com\/blog\/governo-coloca-jabuti-sobre-conselho-da-ccee-em-decreto-das-distribuidoras\/","og_site_name":"Ag\u00eancia iNFRA","article_publisher":"https:\/\/www.facebook.com\/ageninfra","article_published_time":"2024-06-24T14:00:00+00:00","article_modified_time":"2026-03-13T12:38:55+00:00","og_image":[{"width":1202,"height":772,"url":"https:\/\/agenciainfra.com\/blog\/wp-content\/uploads\/2024\/04\/Predio-CCEE-foto-divulgacao.jpg","type":"image\/jpeg"}],"author":"Ag\u00eancia iNFRA","twitter_card":"summary_large_image","twitter_creator":"@agencia_infra","twitter_site":"@agencia_infra","twitter_misc":{"Escrito por":"Ag\u00eancia iNFRA","Est. tempo de leitura":"2 minutos"},"schema":{"@context":"https:\/\/schema.org","@graph":[{"@type":"Article","@id":"https:\/\/agenciainfra.com\/blog\/governo-coloca-jabuti-sobre-conselho-da-ccee-em-decreto-das-distribuidoras\/#article","isPartOf":{"@id":"https:\/\/agenciainfra.com\/blog\/governo-coloca-jabuti-sobre-conselho-da-ccee-em-decreto-das-distribuidoras\/"},"author":{"name":"Ag\u00eancia iNFRA","@id":"https:\/\/agenciainfra.com\/blog\/#\/schema\/person\/34af08dff6adea4cb22b06612ba7acfa"},"headline":"Governo coloca &#8216;jabuti&#8217; sobre conselho da CCEE em decreto das distribuidoras","datePublished":"2024-06-24T14:00:00+00:00","dateModified":"2026-03-13T12:38:55+00:00","mainEntityOfPage":{"@id":"https:\/\/agenciainfra.com\/blog\/governo-coloca-jabuti-sobre-conselho-da-ccee-em-decreto-das-distribuidoras\/"},"wordCount":386,"publisher":{"@id":"https:\/\/agenciainfra.com\/blog\/#organization"},"image":{"@id":"https:\/\/agenciainfra.com\/blog\/governo-coloca-jabuti-sobre-conselho-da-ccee-em-decreto-das-distribuidoras\/#primaryimage"},"thumbnailUrl":"https:\/\/agenciainfra.com\/blog\/wp-content\/uploads\/2024\/04\/Predio-CCEE-foto-divulgacao.jpg","keywords":["Ag\u00eancia Nacional de Energia El\u00e9trica","ANEEL","C\u00e2mara de Comercializa\u00e7\u00e3o de Energia El\u00e9trica","ccee","consulta p\u00fablica","contratos de concess\u00e3o","Decreto 12.068\/2024","distribui\u00e7\u00e3o","energia el\u00e9trica","governan\u00e7a corporativa","jabuti legislativo","Leila Coimbra","Marisa Wanzeller","regulamenta\u00e7\u00e3o energ\u00e9tica","Ricardo Tili","Setor El\u00e9trico"],"articleSection":["Destaque lista","Geral","iNFRAEnergia"],"inLanguage":"pt-BR","copyrightYear":"2024","copyrightHolder":{"@id":"https:\/\/agenciainfra.com\/blog\/#organization"}},{"@type":"WebPage","@id":"https:\/\/agenciainfra.com\/blog\/governo-coloca-jabuti-sobre-conselho-da-ccee-em-decreto-das-distribuidoras\/","url":"https:\/\/agenciainfra.com\/blog\/governo-coloca-jabuti-sobre-conselho-da-ccee-em-decreto-das-distribuidoras\/","name":"Governo coloca 'jabuti' sobre conselho da CCEE em decreto das distribuidoras - Ag\u00eancia iNFRA","isPartOf":{"@id":"https:\/\/agenciainfra.com\/blog\/#website"},"primaryImageOfPage":{"@id":"https:\/\/agenciainfra.com\/blog\/governo-coloca-jabuti-sobre-conselho-da-ccee-em-decreto-das-distribuidoras\/#primaryimage"},"image":{"@id":"https:\/\/agenciainfra.com\/blog\/governo-coloca-jabuti-sobre-conselho-da-ccee-em-decreto-das-distribuidoras\/#primaryimage"},"thumbnailUrl":"https:\/\/agenciainfra.com\/blog\/wp-content\/uploads\/2024\/04\/Predio-CCEE-foto-divulgacao.jpg","datePublished":"2024-06-24T14:00:00+00:00","dateModified":"2026-03-13T12:38:55+00:00","breadcrumb":{"@id":"https:\/\/agenciainfra.com\/blog\/governo-coloca-jabuti-sobre-conselho-da-ccee-em-decreto-das-distribuidoras\/#breadcrumb"},"inLanguage":"pt-BR","potentialAction":[{"@type":"ReadAction","target":["https:\/\/agenciainfra.com\/blog\/governo-coloca-jabuti-sobre-conselho-da-ccee-em-decreto-das-distribuidoras\/"]}]},{"@type":"ImageObject","inLanguage":"pt-BR","@id":"https:\/\/agenciainfra.com\/blog\/governo-coloca-jabuti-sobre-conselho-da-ccee-em-decreto-das-distribuidoras\/#primaryimage","url":"https:\/\/agenciainfra.com\/blog\/wp-content\/uploads\/2024\/04\/Predio-CCEE-foto-divulgacao.jpg","contentUrl":"https:\/\/agenciainfra.com\/blog\/wp-content\/uploads\/2024\/04\/Predio-CCEE-foto-divulgacao.jpg","width":1202,"height":772,"caption":"Foto: CCEE"},{"@type":"BreadcrumbList","@id":"https:\/\/agenciainfra.com\/blog\/governo-coloca-jabuti-sobre-conselho-da-ccee-em-decreto-das-distribuidoras\/#breadcrumb","itemListElement":[{"@type":"ListItem","position":1,"name":"In\u00edcio","item":"https:\/\/agenciainfra.com\/blog\/"},{"@type":"ListItem","position":2,"name":"Governo coloca &#8216;jabuti&#8217; sobre conselho da CCEE em decreto das distribuidoras"}]},{"@type":"WebSite","@id":"https:\/\/agenciainfra.com\/blog\/#website","url":"https:\/\/agenciainfra.com\/blog\/","name":"Ag\u00eancia iNFRA","description":"Multiplataforma de informa\u00e7\u00e3o jornal\u00edstica refer\u00eancia na \u00e1rea de infraestrutura no Brasil!","publisher":{"@id":"https:\/\/agenciainfra.com\/blog\/#organization"},"potentialAction":[{"@type":"SearchAction","target":{"@type":"EntryPoint","urlTemplate":"https:\/\/agenciainfra.com\/blog\/?s={search_term_string}"},"query-input":{"@type":"PropertyValueSpecification","valueRequired":true,"valueName":"search_term_string"}}],"inLanguage":"pt-BR"},{"@type":"Organization","@id":"https:\/\/agenciainfra.com\/blog\/#organization","name":"Ag\u00eancia iNFRA","url":"https:\/\/agenciainfra.com\/blog\/","logo":{"@type":"ImageObject","inLanguage":"pt-BR","@id":"https:\/\/agenciainfra.com\/blog\/#\/schema\/logo\/image\/","url":"https:\/\/agenciainfra.com\/blog\/wp-content\/uploads\/2023\/09\/iNFRA_5-e1761735885940.png","contentUrl":"https:\/\/agenciainfra.com\/blog\/wp-content\/uploads\/2023\/09\/iNFRA_5-e1761735885940.png","width":1672,"height":454,"caption":"Ag\u00eancia iNFRA"},"image":{"@id":"https:\/\/agenciainfra.com\/blog\/#\/schema\/logo\/image\/"},"sameAs":["https:\/\/www.facebook.com\/ageninfra","https:\/\/x.com\/agencia_infra","https:\/\/www.linkedin.com\/company\/ag\u00eanciainfra\/","https:\/\/www.instagram.com\/agenciainfra\/"]},{"@type":"Person","@id":"https:\/\/agenciainfra.com\/blog\/#\/schema\/person\/34af08dff6adea4cb22b06612ba7acfa","name":"Ag\u00eancia iNFRA","image":{"@type":"ImageObject","inLanguage":"pt-BR","@id":"https:\/\/agenciainfra.com\/blog\/#\/schema\/person\/image\/","url":"https:\/\/secure.gravatar.com\/avatar\/d189e01678f06d8eb84d4e01f08eb848b3fffe3f8443818d3c356c66892f5be8?s=96&d=mm&r=g","contentUrl":"https:\/\/secure.gravatar.com\/avatar\/d189e01678f06d8eb84d4e01f08eb848b3fffe3f8443818d3c356c66892f5be8?s=96&d=mm&r=g","caption":"Ag\u00eancia iNFRA"},"url":"https:\/\/agenciainfra.com\/blog\/author\/admin\/"}]}},"_links":{"self":[{"href":"https:\/\/agenciainfra.com\/blog\/wp-json\/wp\/v2\/posts\/17373","targetHints":{"allow":["GET"]}}],"collection":[{"href":"https:\/\/agenciainfra.com\/blog\/wp-json\/wp\/v2\/posts"}],"about":[{"href":"https:\/\/agenciainfra.com\/blog\/wp-json\/wp\/v2\/types\/post"}],"author":[{"embeddable":true,"href":"https:\/\/agenciainfra.com\/blog\/wp-json\/wp\/v2\/users\/1"}],"replies":[{"embeddable":true,"href":"https:\/\/agenciainfra.com\/blog\/wp-json\/wp\/v2\/comments?post=17373"}],"version-history":[{"count":2,"href":"https:\/\/agenciainfra.com\/blog\/wp-json\/wp\/v2\/posts\/17373\/revisions"}],"predecessor-version":[{"id":17375,"href":"https:\/\/agenciainfra.com\/blog\/wp-json\/wp\/v2\/posts\/17373\/revisions\/17375"}],"wp:featuredmedia":[{"embeddable":true,"href":"https:\/\/agenciainfra.com\/blog\/wp-json\/wp\/v2\/media\/16379"}],"wp:attachment":[{"href":"https:\/\/agenciainfra.com\/blog\/wp-json\/wp\/v2\/media?parent=17373"}],"wp:term":[{"taxonomy":"category","embeddable":true,"href":"https:\/\/agenciainfra.com\/blog\/wp-json\/wp\/v2\/categories?post=17373"},{"taxonomy":"post_tag","embeddable":true,"href":"https:\/\/agenciainfra.com\/blog\/wp-json\/wp\/v2\/tags?post=17373"}],"curies":[{"name":"wp","href":"https:\/\/api.w.org\/{rel}","templated":true}]}}