{"id":17376,"date":"2024-06-24T13:00:00","date_gmt":"2024-06-24T16:00:00","guid":{"rendered":"https:\/\/agenciainfra.com\/blog\/?p=17376"},"modified":"2024-06-25T09:25:18","modified_gmt":"2024-06-25T12:25:18","slug":"antt-deve-abrir-audiencia-publica-do-rcr-5","status":"publish","type":"post","link":"https:\/\/agenciainfra.com\/blog\/antt-deve-abrir-audiencia-publica-do-rcr-5\/","title":{"rendered":"ANTT deve abrir audi\u00eancia p\u00fablica do RCR 5"},"content":{"rendered":"\n<p class=\"has-text-align-right\"><strong>da Ag\u00eancia iNFRA<\/strong><\/p>\n\n\n\n<p>A diretoria da\u00a0ANTT\u00a0(Ag\u00eancia Nacional de Transportes Terrestres)\u00a0deve\u00a0abrir\u00a0audi\u00eancia\u00a0p\u00fablica, nesta semana, para receber contribui\u00e7\u00f5es e sugest\u00f5es \u00e0 minuta de resolu\u00e7\u00e3o da quinta norma do\u00a0RCR\u00a0(Regulamento das Concess\u00f5es Rodovi\u00e1rias).<br><br>O\u00a0RCR\u00a05\u00a0trata das regras referentes ao encerramento de contrato, relicita\u00e7\u00f5es, contrata\u00e7\u00e3o emergencial de operadores, e solu\u00e7\u00f5es de conflitos das concess\u00f5es rodovi\u00e1rias. O relator \u00e9 o diretor Luciano Louren\u00e7o.<br><br>O colegiado re\u00fane-se, presencialmente, na quinta-feira (27), \u00e0s 14h30. Na pauta, dispon\u00edvel\u00a0<a href=\"https:\/\/agenciainfra.us14.list-manage.com\/track\/click?u=d460dd1bcf9ba0ae040e1fc0f&amp;id=83f8eb7ed7&amp;e=f0fa444791\" target=\"_blank\" rel=\"noreferrer noopener\">neste link<\/a>, tamb\u00e9m destaca-se a proposta de abertura\u00a0p\u00fablica\u00a0relativa ao procedimento de chamamento p\u00fablico para autoriza\u00e7\u00f5es ferrovi\u00e1rias, com relatoria do diretor Lucas Asfor.<br><br>Outros destaques s\u00e3o as propostas de altera\u00e7\u00e3o das resolu\u00e7\u00f5es 6.024 e\u00a05.083. A primeira institui as normas do vale-ped\u00e1gio obrigat\u00f3rio, e a segunda regulamenta o processo de apura\u00e7\u00e3o de infra\u00e7\u00f5es e a aplica\u00e7\u00e3o de penalidades.\u00a0Ambas t\u00eam como relator o diretor Guilherme Sampaio.<br><br>A\u00a0ANTT\u00a0tamb\u00e9m realiza, ao longo da semana, a reuni\u00e3o eletr\u00f4nica, que traz na\u00a0<a href=\"https:\/\/agenciainfra.us14.list-manage.com\/track\/click?u=d460dd1bcf9ba0ae040e1fc0f&amp;id=ed1a509b33&amp;e=f0fa444791\" target=\"_blank\" rel=\"noreferrer noopener\">pauta<\/a>, entre outros processos, requerimento da Vale, que pede autoriza\u00e7\u00e3o para implanta\u00e7\u00e3o de via permanente da Fico (Ferrovia de Integra\u00e7\u00e3o Centro-Oeste). O relator \u00e9 o diretor Luciano Louren\u00e7o.<br><br>Tamb\u00e9m est\u00e1 na pauta a 18\u00aa Revis\u00e3o Extraordin\u00e1ria da Tarifa B\u00e1sica de Ped\u00e1gio da concession\u00e1ria Autopista Planalto Sul, em cumprimento a ac\u00f3rd\u00e3o do TCU (Tribunal de Contas da Uni\u00e3o). O relator do processo \u00e9 o diretor Felipe Queiroz.<br><br>Nesta segunda-feira (24), \u00e0s 17h30, a autarquia realiza reuni\u00e3o administrativa. Na\u00a0<a href=\"https:\/\/agenciainfra.us14.list-manage.com\/track\/click?u=d460dd1bcf9ba0ae040e1fc0f&amp;id=dcf6e95133&amp;e=f0fa444791\" target=\"_blank\" rel=\"noreferrer noopener\">pauta<\/a>, pedidos de prorroga\u00e7\u00e3o\u00a0de prazo para inclus\u00e3o na pauta da reuni\u00e3o de diretoria de diversos recursos da Concer (Companhia de Concess\u00e3o Rodovi\u00e1ria Juiz de Fora-Rio) contra a aplica\u00e7\u00e3o de penalidade.<\/p>\n","protected":false},"excerpt":{"rendered":"<p>da Ag\u00eancia iNFRA A diretoria da\u00a0ANTT\u00a0(Ag\u00eancia Nacional de Transportes Terrestres)\u00a0deve\u00a0abrir\u00a0audi\u00eancia\u00a0p\u00fablica, nesta semana, para receber contribui\u00e7\u00f5es e sugest\u00f5es \u00e0 minuta de resolu\u00e7\u00e3o da quinta norma do\u00a0RCR\u00a0(Regulamento das Concess\u00f5es Rodovi\u00e1rias). O\u00a0RCR\u00a05\u00a0trata das regras referentes ao encerramento de contrato, relicita\u00e7\u00f5es, contrata\u00e7\u00e3o emergencial de operadores, e solu\u00e7\u00f5es de conflitos das concess\u00f5es rodovi\u00e1rias. O relator \u00e9 o diretor Luciano Louren\u00e7o. [&hellip;]<\/p>\n","protected":false},"author":1,"featured_media":12664,"comment_status":"closed","ping_status":"closed","sticky":false,"template":"","format":"standard","meta":{"_monsterinsights_skip_tracking":false,"_monsterinsights_sitenote_active":false,"_monsterinsights_sitenote_note":"","_monsterinsights_sitenote_category":0,"footnotes":""},"categories":[1,7],"tags":[1101,19,3020,10296,505,176,5732,79,4168,10102,6868,5760,3406,10297,3668,1027,8050,9259,18,5461,1518,927,83,10298],"class_list":["post-17376","post","type-post","status-publish","format-standard","has-post-thumbnail","hentry","category-geral","category-infratransporte","tag-anp","tag-antt","tag-audiencia-publica","tag-autopista-planalto-sul","tag-concer","tag-concessoes-rodoviarias","tag-felipe-queiroz","tag-ferrovia","tag-guilherme-sampaio","tag-juiz-de-fora-rio","tag-lucas-asfor","tag-luciano-lourenco","tag-rcr","tag-rcr5","tag-regulamento-das-concessoes-rodoviarias","tag-relicitacao","tag-resolucao-de-conflitos","tag-tarifa-de-pedagio","tag-tcu","tag-transporte-terrestre","tag-transportes-terrestres","tag-tribunal-de-contas-da-uniao","tag-vale","tag-via-ferroviaria"],"yoast_head":"<!-- This site is optimized with the Yoast SEO Premium plugin v25.4 (Yoast SEO v26.0) - https:\/\/yoast.com\/wordpress\/plugins\/seo\/ -->\n<title>ANTT deve abrir audi\u00eancia p\u00fablica do RCR 5 - Ag\u00eancia iNFRA<\/title>\n<meta name=\"robots\" content=\"index, follow, max-snippet:-1, max-image-preview:large, max-video-preview:-1\" \/>\n<link rel=\"canonical\" href=\"https:\/\/agenciainfra.com\/blog\/antt-deve-abrir-audiencia-publica-do-rcr-5\/\" \/>\n<meta property=\"og:locale\" content=\"pt_BR\" \/>\n<meta property=\"og:type\" content=\"article\" \/>\n<meta property=\"og:title\" content=\"ANTT deve abrir audi\u00eancia p\u00fablica do RCR 5\" \/>\n<meta property=\"og:description\" content=\"da Ag\u00eancia iNFRA A diretoria da\u00a0ANTT\u00a0(Ag\u00eancia Nacional de Transportes Terrestres)\u00a0deve\u00a0abrir\u00a0audi\u00eancia\u00a0p\u00fablica, nesta semana, para receber contribui\u00e7\u00f5es e sugest\u00f5es \u00e0 minuta de resolu\u00e7\u00e3o da quinta norma do\u00a0RCR\u00a0(Regulamento das Concess\u00f5es Rodovi\u00e1rias). O\u00a0RCR\u00a05\u00a0trata das regras referentes ao encerramento de contrato, relicita\u00e7\u00f5es, contrata\u00e7\u00e3o emergencial de operadores, e solu\u00e7\u00f5es de conflitos das concess\u00f5es rodovi\u00e1rias. O relator \u00e9 o diretor Luciano Louren\u00e7o. [&hellip;]\" \/>\n<meta property=\"og:url\" content=\"https:\/\/agenciainfra.com\/blog\/antt-deve-abrir-audiencia-publica-do-rcr-5\/\" \/>\n<meta property=\"og:site_name\" content=\"Ag\u00eancia iNFRA\" \/>\n<meta property=\"article:publisher\" content=\"https:\/\/www.facebook.com\/ageninfra\" \/>\n<meta property=\"article:published_time\" content=\"2024-06-24T16:00:00+00:00\" \/>\n<meta property=\"article:modified_time\" content=\"2024-06-25T12:25:18+00:00\" \/>\n<meta property=\"og:image\" content=\"https:\/\/agenciainfra.com\/blog\/wp-content\/uploads\/2023\/05\/painel-antt-foto-governo-federal.jpeg\" \/>\n\t<meta property=\"og:image:width\" content=\"1202\" \/>\n\t<meta property=\"og:image:height\" content=\"675\" \/>\n\t<meta property=\"og:image:type\" content=\"image\/jpeg\" \/>\n<meta name=\"author\" content=\"Ag\u00eancia iNFRA\" \/>\n<meta name=\"twitter:card\" content=\"summary_large_image\" \/>\n<meta name=\"twitter:creator\" content=\"@agencia_infra\" \/>\n<meta name=\"twitter:site\" content=\"@agencia_infra\" \/>\n<meta name=\"twitter:label1\" content=\"Escrito por\" \/>\n\t<meta name=\"twitter:data1\" content=\"Ag\u00eancia iNFRA\" \/>\n\t<meta name=\"twitter:label2\" content=\"Est. tempo de leitura\" \/>\n\t<meta name=\"twitter:data2\" content=\"2 minutos\" \/>\n<script type=\"application\/ld+json\" class=\"yoast-schema-graph\">{\"@context\":\"https:\/\/schema.org\",\"@graph\":[{\"@type\":\"Article\",\"@id\":\"https:\/\/agenciainfra.com\/blog\/antt-deve-abrir-audiencia-publica-do-rcr-5\/#article\",\"isPartOf\":{\"@id\":\"https:\/\/agenciainfra.com\/blog\/antt-deve-abrir-audiencia-publica-do-rcr-5\/\"},\"author\":{\"name\":\"Ag\u00eancia iNFRA\",\"@id\":\"https:\/\/agenciainfra.com\/blog\/#\/schema\/person\/34af08dff6adea4cb22b06612ba7acfa\"},\"headline\":\"ANTT deve abrir audi\u00eancia p\u00fablica do RCR 5\",\"datePublished\":\"2024-06-24T16:00:00+00:00\",\"dateModified\":\"2024-06-25T12:25:18+00:00\",\"mainEntityOfPage\":{\"@id\":\"https:\/\/agenciainfra.com\/blog\/antt-deve-abrir-audiencia-publica-do-rcr-5\/\"},\"wordCount\":320,\"publisher\":{\"@id\":\"https:\/\/agenciainfra.com\/blog\/#organization\"},\"image\":{\"@id\":\"https:\/\/agenciainfra.com\/blog\/antt-deve-abrir-audiencia-publica-do-rcr-5\/#primaryimage\"},\"thumbnailUrl\":\"https:\/\/agenciainfra.com\/blog\/wp-content\/uploads\/2023\/05\/painel-antt-foto-governo-federal.jpeg\",\"keywords\":[\"ANP\",\"ANTT\",\"audi\u00eancia p\u00fablica\",\"Autopista Planalto Sul\",\"Concer\",\"concess\u00f5es rodovi\u00e1rias\",\"Felipe Queiroz\",\"Ferrovia\",\"Guilherme Sampaio\",\"Juiz de Fora-Rio\",\"Lucas Asfor\",\"Luciano Louren\u00e7o\",\"RCR\",\"RCR5\",\"Regulamento das Concess\u00f5es Rodovi\u00e1rias\",\"relicita\u00e7\u00e3o\",\"Resolu\u00e7\u00e3o de conflitos\",\"Tarifa de Ped\u00e1gio\",\"TCU\",\"transporte terrestre\",\"transportes terrestres\",\"Tribunal de Contas da Uni\u00e3o\",\"Vale\",\"via ferrovi\u00e1ria\"],\"articleSection\":[\"Geral\",\"iNFRATransporte\"],\"inLanguage\":\"pt-BR\",\"copyrightYear\":\"2024\",\"copyrightHolder\":{\"@id\":\"https:\/\/agenciainfra.com\/blog\/#organization\"}},{\"@type\":\"WebPage\",\"@id\":\"https:\/\/agenciainfra.com\/blog\/antt-deve-abrir-audiencia-publica-do-rcr-5\/\",\"url\":\"https:\/\/agenciainfra.com\/blog\/antt-deve-abrir-audiencia-publica-do-rcr-5\/\",\"name\":\"ANTT deve abrir audi\u00eancia p\u00fablica do RCR 5 - Ag\u00eancia iNFRA\",\"isPartOf\":{\"@id\":\"https:\/\/agenciainfra.com\/blog\/#website\"},\"primaryImageOfPage\":{\"@id\":\"https:\/\/agenciainfra.com\/blog\/antt-deve-abrir-audiencia-publica-do-rcr-5\/#primaryimage\"},\"image\":{\"@id\":\"https:\/\/agenciainfra.com\/blog\/antt-deve-abrir-audiencia-publica-do-rcr-5\/#primaryimage\"},\"thumbnailUrl\":\"https:\/\/agenciainfra.com\/blog\/wp-content\/uploads\/2023\/05\/painel-antt-foto-governo-federal.jpeg\",\"datePublished\":\"2024-06-24T16:00:00+00:00\",\"dateModified\":\"2024-06-25T12:25:18+00:00\",\"breadcrumb\":{\"@id\":\"https:\/\/agenciainfra.com\/blog\/antt-deve-abrir-audiencia-publica-do-rcr-5\/#breadcrumb\"},\"inLanguage\":\"pt-BR\",\"potentialAction\":[{\"@type\":\"ReadAction\",\"target\":[\"https:\/\/agenciainfra.com\/blog\/antt-deve-abrir-audiencia-publica-do-rcr-5\/\"]}]},{\"@type\":\"ImageObject\",\"inLanguage\":\"pt-BR\",\"@id\":\"https:\/\/agenciainfra.com\/blog\/antt-deve-abrir-audiencia-publica-do-rcr-5\/#primaryimage\",\"url\":\"https:\/\/agenciainfra.com\/blog\/wp-content\/uploads\/2023\/05\/painel-antt-foto-governo-federal.jpeg\",\"contentUrl\":\"https:\/\/agenciainfra.com\/blog\/wp-content\/uploads\/2023\/05\/painel-antt-foto-governo-federal.jpeg\",\"width\":1202,\"height\":675,\"caption\":\"Foto: ANTT\"},{\"@type\":\"BreadcrumbList\",\"@id\":\"https:\/\/agenciainfra.com\/blog\/antt-deve-abrir-audiencia-publica-do-rcr-5\/#breadcrumb\",\"itemListElement\":[{\"@type\":\"ListItem\",\"position\":1,\"name\":\"In\u00edcio\",\"item\":\"https:\/\/agenciainfra.com\/blog\/\"},{\"@type\":\"ListItem\",\"position\":2,\"name\":\"ANTT deve abrir audi\u00eancia p\u00fablica do RCR 5\"}]},{\"@type\":\"WebSite\",\"@id\":\"https:\/\/agenciainfra.com\/blog\/#website\",\"url\":\"https:\/\/agenciainfra.com\/blog\/\",\"name\":\"Ag\u00eancia iNFRA\",\"description\":\"Multiplataforma de informa\u00e7\u00e3o jornal\u00edstica refer\u00eancia na \u00e1rea de infraestrutura no Brasil!\",\"publisher\":{\"@id\":\"https:\/\/agenciainfra.com\/blog\/#organization\"},\"potentialAction\":[{\"@type\":\"SearchAction\",\"target\":{\"@type\":\"EntryPoint\",\"urlTemplate\":\"https:\/\/agenciainfra.com\/blog\/?s={search_term_string}\"},\"query-input\":{\"@type\":\"PropertyValueSpecification\",\"valueRequired\":true,\"valueName\":\"search_term_string\"}}],\"inLanguage\":\"pt-BR\"},{\"@type\":\"Organization\",\"@id\":\"https:\/\/agenciainfra.com\/blog\/#organization\",\"name\":\"Ag\u00eancia iNFRA\",\"url\":\"https:\/\/agenciainfra.com\/blog\/\",\"logo\":{\"@type\":\"ImageObject\",\"inLanguage\":\"pt-BR\",\"@id\":\"https:\/\/agenciainfra.com\/blog\/#\/schema\/logo\/image\/\",\"url\":\"https:\/\/agenciainfra.com\/blog\/wp-content\/uploads\/2023\/09\/iNFRA_5-e1761735885940.png\",\"contentUrl\":\"https:\/\/agenciainfra.com\/blog\/wp-content\/uploads\/2023\/09\/iNFRA_5-e1761735885940.png\",\"width\":1672,\"height\":454,\"caption\":\"Ag\u00eancia iNFRA\"},\"image\":{\"@id\":\"https:\/\/agenciainfra.com\/blog\/#\/schema\/logo\/image\/\"},\"sameAs\":[\"https:\/\/www.facebook.com\/ageninfra\",\"https:\/\/x.com\/agencia_infra\",\"https:\/\/www.linkedin.com\/company\/ag\u00eanciainfra\/\",\"https:\/\/www.instagram.com\/agenciainfra\/\"]},{\"@type\":\"Person\",\"@id\":\"https:\/\/agenciainfra.com\/blog\/#\/schema\/person\/34af08dff6adea4cb22b06612ba7acfa\",\"name\":\"Ag\u00eancia iNFRA\",\"image\":{\"@type\":\"ImageObject\",\"inLanguage\":\"pt-BR\",\"@id\":\"https:\/\/agenciainfra.com\/blog\/#\/schema\/person\/image\/\",\"url\":\"https:\/\/secure.gravatar.com\/avatar\/d189e01678f06d8eb84d4e01f08eb848b3fffe3f8443818d3c356c66892f5be8?s=96&d=mm&r=g\",\"contentUrl\":\"https:\/\/secure.gravatar.com\/avatar\/d189e01678f06d8eb84d4e01f08eb848b3fffe3f8443818d3c356c66892f5be8?s=96&d=mm&r=g\",\"caption\":\"Ag\u00eancia iNFRA\"},\"url\":\"https:\/\/agenciainfra.com\/blog\/author\/admin\/\"}]}<\/script>\n<!-- \/ Yoast SEO Premium plugin. -->","yoast_head_json":{"title":"ANTT deve abrir audi\u00eancia p\u00fablica do RCR 5 - Ag\u00eancia iNFRA","robots":{"index":"index","follow":"follow","max-snippet":"max-snippet:-1","max-image-preview":"max-image-preview:large","max-video-preview":"max-video-preview:-1"},"canonical":"https:\/\/agenciainfra.com\/blog\/antt-deve-abrir-audiencia-publica-do-rcr-5\/","og_locale":"pt_BR","og_type":"article","og_title":"ANTT deve abrir audi\u00eancia p\u00fablica do RCR 5","og_description":"da Ag\u00eancia iNFRA A diretoria da\u00a0ANTT\u00a0(Ag\u00eancia Nacional de Transportes Terrestres)\u00a0deve\u00a0abrir\u00a0audi\u00eancia\u00a0p\u00fablica, nesta semana, para receber contribui\u00e7\u00f5es e sugest\u00f5es \u00e0 minuta de resolu\u00e7\u00e3o da quinta norma do\u00a0RCR\u00a0(Regulamento das Concess\u00f5es Rodovi\u00e1rias). O\u00a0RCR\u00a05\u00a0trata das regras referentes ao encerramento de contrato, relicita\u00e7\u00f5es, contrata\u00e7\u00e3o emergencial de operadores, e solu\u00e7\u00f5es de conflitos das concess\u00f5es rodovi\u00e1rias. O relator \u00e9 o diretor Luciano Louren\u00e7o. [&hellip;]","og_url":"https:\/\/agenciainfra.com\/blog\/antt-deve-abrir-audiencia-publica-do-rcr-5\/","og_site_name":"Ag\u00eancia iNFRA","article_publisher":"https:\/\/www.facebook.com\/ageninfra","article_published_time":"2024-06-24T16:00:00+00:00","article_modified_time":"2024-06-25T12:25:18+00:00","og_image":[{"width":1202,"height":675,"url":"https:\/\/agenciainfra.com\/blog\/wp-content\/uploads\/2023\/05\/painel-antt-foto-governo-federal.jpeg","type":"image\/jpeg"}],"author":"Ag\u00eancia iNFRA","twitter_card":"summary_large_image","twitter_creator":"@agencia_infra","twitter_site":"@agencia_infra","twitter_misc":{"Escrito por":"Ag\u00eancia iNFRA","Est. tempo de leitura":"2 minutos"},"schema":{"@context":"https:\/\/schema.org","@graph":[{"@type":"Article","@id":"https:\/\/agenciainfra.com\/blog\/antt-deve-abrir-audiencia-publica-do-rcr-5\/#article","isPartOf":{"@id":"https:\/\/agenciainfra.com\/blog\/antt-deve-abrir-audiencia-publica-do-rcr-5\/"},"author":{"name":"Ag\u00eancia iNFRA","@id":"https:\/\/agenciainfra.com\/blog\/#\/schema\/person\/34af08dff6adea4cb22b06612ba7acfa"},"headline":"ANTT deve abrir audi\u00eancia p\u00fablica do RCR 5","datePublished":"2024-06-24T16:00:00+00:00","dateModified":"2024-06-25T12:25:18+00:00","mainEntityOfPage":{"@id":"https:\/\/agenciainfra.com\/blog\/antt-deve-abrir-audiencia-publica-do-rcr-5\/"},"wordCount":320,"publisher":{"@id":"https:\/\/agenciainfra.com\/blog\/#organization"},"image":{"@id":"https:\/\/agenciainfra.com\/blog\/antt-deve-abrir-audiencia-publica-do-rcr-5\/#primaryimage"},"thumbnailUrl":"https:\/\/agenciainfra.com\/blog\/wp-content\/uploads\/2023\/05\/painel-antt-foto-governo-federal.jpeg","keywords":["ANP","ANTT","audi\u00eancia p\u00fablica","Autopista Planalto Sul","Concer","concess\u00f5es rodovi\u00e1rias","Felipe Queiroz","Ferrovia","Guilherme Sampaio","Juiz de Fora-Rio","Lucas Asfor","Luciano Louren\u00e7o","RCR","RCR5","Regulamento das Concess\u00f5es Rodovi\u00e1rias","relicita\u00e7\u00e3o","Resolu\u00e7\u00e3o de conflitos","Tarifa de Ped\u00e1gio","TCU","transporte terrestre","transportes terrestres","Tribunal de Contas da Uni\u00e3o","Vale","via ferrovi\u00e1ria"],"articleSection":["Geral","iNFRATransporte"],"inLanguage":"pt-BR","copyrightYear":"2024","copyrightHolder":{"@id":"https:\/\/agenciainfra.com\/blog\/#organization"}},{"@type":"WebPage","@id":"https:\/\/agenciainfra.com\/blog\/antt-deve-abrir-audiencia-publica-do-rcr-5\/","url":"https:\/\/agenciainfra.com\/blog\/antt-deve-abrir-audiencia-publica-do-rcr-5\/","name":"ANTT deve abrir audi\u00eancia p\u00fablica do RCR 5 - Ag\u00eancia iNFRA","isPartOf":{"@id":"https:\/\/agenciainfra.com\/blog\/#website"},"primaryImageOfPage":{"@id":"https:\/\/agenciainfra.com\/blog\/antt-deve-abrir-audiencia-publica-do-rcr-5\/#primaryimage"},"image":{"@id":"https:\/\/agenciainfra.com\/blog\/antt-deve-abrir-audiencia-publica-do-rcr-5\/#primaryimage"},"thumbnailUrl":"https:\/\/agenciainfra.com\/blog\/wp-content\/uploads\/2023\/05\/painel-antt-foto-governo-federal.jpeg","datePublished":"2024-06-24T16:00:00+00:00","dateModified":"2024-06-25T12:25:18+00:00","breadcrumb":{"@id":"https:\/\/agenciainfra.com\/blog\/antt-deve-abrir-audiencia-publica-do-rcr-5\/#breadcrumb"},"inLanguage":"pt-BR","potentialAction":[{"@type":"ReadAction","target":["https:\/\/agenciainfra.com\/blog\/antt-deve-abrir-audiencia-publica-do-rcr-5\/"]}]},{"@type":"ImageObject","inLanguage":"pt-BR","@id":"https:\/\/agenciainfra.com\/blog\/antt-deve-abrir-audiencia-publica-do-rcr-5\/#primaryimage","url":"https:\/\/agenciainfra.com\/blog\/wp-content\/uploads\/2023\/05\/painel-antt-foto-governo-federal.jpeg","contentUrl":"https:\/\/agenciainfra.com\/blog\/wp-content\/uploads\/2023\/05\/painel-antt-foto-governo-federal.jpeg","width":1202,"height":675,"caption":"Foto: ANTT"},{"@type":"BreadcrumbList","@id":"https:\/\/agenciainfra.com\/blog\/antt-deve-abrir-audiencia-publica-do-rcr-5\/#breadcrumb","itemListElement":[{"@type":"ListItem","position":1,"name":"In\u00edcio","item":"https:\/\/agenciainfra.com\/blog\/"},{"@type":"ListItem","position":2,"name":"ANTT deve abrir audi\u00eancia p\u00fablica do RCR 5"}]},{"@type":"WebSite","@id":"https:\/\/agenciainfra.com\/blog\/#website","url":"https:\/\/agenciainfra.com\/blog\/","name":"Ag\u00eancia iNFRA","description":"Multiplataforma de informa\u00e7\u00e3o jornal\u00edstica refer\u00eancia na \u00e1rea de infraestrutura no Brasil!","publisher":{"@id":"https:\/\/agenciainfra.com\/blog\/#organization"},"potentialAction":[{"@type":"SearchAction","target":{"@type":"EntryPoint","urlTemplate":"https:\/\/agenciainfra.com\/blog\/?s={search_term_string}"},"query-input":{"@type":"PropertyValueSpecification","valueRequired":true,"valueName":"search_term_string"}}],"inLanguage":"pt-BR"},{"@type":"Organization","@id":"https:\/\/agenciainfra.com\/blog\/#organization","name":"Ag\u00eancia iNFRA","url":"https:\/\/agenciainfra.com\/blog\/","logo":{"@type":"ImageObject","inLanguage":"pt-BR","@id":"https:\/\/agenciainfra.com\/blog\/#\/schema\/logo\/image\/","url":"https:\/\/agenciainfra.com\/blog\/wp-content\/uploads\/2023\/09\/iNFRA_5-e1761735885940.png","contentUrl":"https:\/\/agenciainfra.com\/blog\/wp-content\/uploads\/2023\/09\/iNFRA_5-e1761735885940.png","width":1672,"height":454,"caption":"Ag\u00eancia iNFRA"},"image":{"@id":"https:\/\/agenciainfra.com\/blog\/#\/schema\/logo\/image\/"},"sameAs":["https:\/\/www.facebook.com\/ageninfra","https:\/\/x.com\/agencia_infra","https:\/\/www.linkedin.com\/company\/ag\u00eanciainfra\/","https:\/\/www.instagram.com\/agenciainfra\/"]},{"@type":"Person","@id":"https:\/\/agenciainfra.com\/blog\/#\/schema\/person\/34af08dff6adea4cb22b06612ba7acfa","name":"Ag\u00eancia iNFRA","image":{"@type":"ImageObject","inLanguage":"pt-BR","@id":"https:\/\/agenciainfra.com\/blog\/#\/schema\/person\/image\/","url":"https:\/\/secure.gravatar.com\/avatar\/d189e01678f06d8eb84d4e01f08eb848b3fffe3f8443818d3c356c66892f5be8?s=96&d=mm&r=g","contentUrl":"https:\/\/secure.gravatar.com\/avatar\/d189e01678f06d8eb84d4e01f08eb848b3fffe3f8443818d3c356c66892f5be8?s=96&d=mm&r=g","caption":"Ag\u00eancia iNFRA"},"url":"https:\/\/agenciainfra.com\/blog\/author\/admin\/"}]}},"_links":{"self":[{"href":"https:\/\/agenciainfra.com\/blog\/wp-json\/wp\/v2\/posts\/17376","targetHints":{"allow":["GET"]}}],"collection":[{"href":"https:\/\/agenciainfra.com\/blog\/wp-json\/wp\/v2\/posts"}],"about":[{"href":"https:\/\/agenciainfra.com\/blog\/wp-json\/wp\/v2\/types\/post"}],"author":[{"embeddable":true,"href":"https:\/\/agenciainfra.com\/blog\/wp-json\/wp\/v2\/users\/1"}],"replies":[{"embeddable":true,"href":"https:\/\/agenciainfra.com\/blog\/wp-json\/wp\/v2\/comments?post=17376"}],"version-history":[{"count":1,"href":"https:\/\/agenciainfra.com\/blog\/wp-json\/wp\/v2\/posts\/17376\/revisions"}],"predecessor-version":[{"id":17377,"href":"https:\/\/agenciainfra.com\/blog\/wp-json\/wp\/v2\/posts\/17376\/revisions\/17377"}],"wp:featuredmedia":[{"embeddable":true,"href":"https:\/\/agenciainfra.com\/blog\/wp-json\/wp\/v2\/media\/12664"}],"wp:attachment":[{"href":"https:\/\/agenciainfra.com\/blog\/wp-json\/wp\/v2\/media?parent=17376"}],"wp:term":[{"taxonomy":"category","embeddable":true,"href":"https:\/\/agenciainfra.com\/blog\/wp-json\/wp\/v2\/categories?post=17376"},{"taxonomy":"post_tag","embeddable":true,"href":"https:\/\/agenciainfra.com\/blog\/wp-json\/wp\/v2\/tags?post=17376"}],"curies":[{"name":"wp","href":"https:\/\/api.w.org\/{rel}","templated":true}]}}