{"id":17385,"date":"2024-06-25T13:00:00","date_gmt":"2024-06-25T16:00:00","guid":{"rendered":"https:\/\/agenciainfra.com\/blog\/?p=17385"},"modified":"2024-06-27T08:37:14","modified_gmt":"2024-06-27T11:37:14","slug":"opiniao-leilao-da-br-381-teste-de-competitividade-e-de-apetite","status":"publish","type":"post","link":"https:\/\/agenciainfra.com\/blog\/opiniao-leilao-da-br-381-teste-de-competitividade-e-de-apetite\/","title":{"rendered":"Opini\u00e3o \u2013 Leil\u00e3o da BR-381: teste de competitividade (e de apetite)"},"content":{"rendered":"\n<p class=\"has-text-align-right\"><strong>Felipe Lisb\u00f4a*<\/strong><\/p>\n\n\n\n<p>Com o leil\u00e3o agendado para agosto, espera-se que a licita\u00e7\u00e3o para a concess\u00e3o da BR-381, em Minas Gerais, desperte a mesma competitividade que foi observada no leil\u00e3o da BR-040.<\/p>\n\n\n\n<p>A preocupa\u00e7\u00e3o \u00e9 particularmente relevante, dado o alerta que foi emitido ap\u00f3s alguns leil\u00f5es n\u00e3o alcan\u00e7arem a competitividade esperada ou, como no caso da pr\u00f3pria BR-381, n\u00e3o atra\u00edrem nenhum interessado.<\/p>\n\n\n\n<p>Se o leil\u00e3o demonstrar uma competitividade similar \u00e0 da BR-040, isso pode ser visto como um indicativo significativo da retomada da confian\u00e7a do setor privado nas modelagens jur\u00eddicas e, especialmente, econ\u00f4micas implementadas pelo governo federal. Isso \u00e9 relevante considerando que o projeto sofreu altera\u00e7\u00f5es importantes com o objetivo de aumentar sua atratividade.<\/p>\n\n\n\n<p>A decis\u00e3o de excluir do objeto da concess\u00e3o os investimentos para amplia\u00e7\u00e3o de capacidade e melhorias entre os kms 427 e 458,4 (Lotes 8A e 8B), que agora ser\u00e3o realizados pelo DNIT (Departamento Nacional de Infraestrutura de Transportes), indica que o governo optou por reduzir o Capex (despesas de capital) para atrair mais proponentes ap\u00f3s ouvir o mercado.<\/p>\n\n\n\n<p>Al\u00e9m disso, demonstra a confian\u00e7a do governo em sua pr\u00f3pria capacidade de realizar investimentos com recursos pr\u00f3prios, o que considerando o cen\u00e1rio fiscal e os desafios or\u00e7ament\u00e1rios segue sendo um desafio (que tem que ser enfrentado com a aloca\u00e7\u00e3o certa dos recursos dispon\u00edveis, mas sem renunciar o investimento p\u00fablico).<\/p>\n\n\n\n<p>A divis\u00e3o de alguns dos riscos do projeto e a redu\u00e7\u00e3o do Capex parecem ser o resultado de uma escuta ativa, ap\u00f3s sucessivas frustra\u00e7\u00f5es na regi\u00e3o. Este exemplo \u00e9 uma demonstra\u00e7\u00e3o interessante da necessidade de combinar recursos p\u00fablicos e privados para possibilitar o aumento dos n\u00edveis de investimento e, consequentemente, a consolida\u00e7\u00e3o de uma infraestrutura log\u00edstica nacional.<\/p>\n\n\n\n<p>Nesse contexto, a proatividade do governo para viabilizar a BR-381 faz todo o sentido, considerando a correla\u00e7\u00e3o entre investimentos em projetos de infraestrutura e seus efeitos para o setor produtivo (efeito econ\u00f4mico) e para a melhoria da qualidade de vida dos usu\u00e1rios e profissionais envolvidos em sua implementa\u00e7\u00e3o (efeito social).<\/p>\n\n\n\n<p>Do ponto de vista econ\u00f4mico, al\u00e9m dos investimentos de aproximadamente R$ 9 bilh\u00f5es, a via \u00e9 essencial para o escoamento de produtos industrializados, especialmente dos setores sider\u00fargico e automobil\u00edstico, que s\u00e3o produzidos no chamado Vale do A\u00e7o.<\/p>\n\n\n\n<p>Do ponto de vista social, al\u00e9m da gera\u00e7\u00e3o de empregos, os investimentos tamb\u00e9m visam aumentar a seguran\u00e7a para todos os usu\u00e1rios, levando em conta que a BR-381 \u00e9 conhecida como \u201cRodovia da Morte\u201d devido aos altos \u00edndices de acidentes. Aguardamos, portanto, o resultado do leil\u00e3o para confirmar o apetite dos investidores e verificar se os esfor\u00e7os do governo federal para aumentar a competitividade ser\u00e3o bem-sucedidos.<\/p>\n\n\n\n<h6 class=\"wp-block-heading\" id=\"block-f323f59b-51bf-4eed-b17b-3c7d3b917007\"><strong>*Felipe Lisb\u00f4a<\/strong> \u00e9 especialista em projetos de infraestrutura e s\u00f3cio do escrit\u00f3rio Toledo Marchetti Advogados.<\/h6>\n\n\n\n<h5 class=\"wp-block-heading\" id=\"block-5ef42db3-2ed1-4178-8ab5-7a7f312ba102\">As opini\u00f5es dos autores n\u00e3o refletem necessariamente o pensamento da Ag\u00eancia iNFRA, sendo de total responsabilidade do autor as informa\u00e7\u00f5es, ju\u00edzos de valor e conceitos descritos no texto.<\/h5>\n","protected":false},"excerpt":{"rendered":"<p>Felipe Lisb\u00f4a* Com o leil\u00e3o agendado para agosto, espera-se que a licita\u00e7\u00e3o para a concess\u00e3o da BR-381, em Minas Gerais, desperte a mesma competitividade que foi observada no leil\u00e3o da BR-040. A preocupa\u00e7\u00e3o \u00e9 particularmente relevante, dado o alerta que foi emitido ap\u00f3s alguns leil\u00f5es n\u00e3o alcan\u00e7arem a competitividade esperada ou, como no caso da [&hellip;]<\/p>\n","protected":false},"author":1,"featured_media":17386,"comment_status":"closed","ping_status":"closed","sticky":false,"template":"","format":"standard","meta":{"_monsterinsights_skip_tracking":false,"_monsterinsights_sitenote_active":false,"_monsterinsights_sitenote_note":"","_monsterinsights_sitenote_category":0,"footnotes":""},"categories":[1,7,10040],"tags":[514,1136,3165,1137,328,7936,10316,8258,10318,1985,10317,4282,3742,5963],"class_list":["post-17385","post","type-post","status-publish","format-standard","has-post-thumbnail","hentry","category-geral","category-infratransporte","category-opiniao","tag-br-040","tag-br-381","tag-competitividade","tag-concessao-rodoviaria","tag-dnit","tag-felipe-lisboa","tag-infraestrutura-logistica","tag-investimentos-publicos-e-privados","tag-leilao-rodoviario","tag-minas-gerais","tag-opiniao","tag-seguranca-viaria","tag-setor-produtivo","tag-vale-do-aco"],"yoast_head":"<!-- This site is optimized with the Yoast SEO Premium plugin v25.4 (Yoast SEO v26.0) - https:\/\/yoast.com\/wordpress\/plugins\/seo\/ -->\n<title>Opini\u00e3o \u2013 Leil\u00e3o da BR-381: teste de competitividade (e de apetite) - Ag\u00eancia iNFRA<\/title>\n<meta name=\"robots\" content=\"index, follow, max-snippet:-1, max-image-preview:large, max-video-preview:-1\" \/>\n<link rel=\"canonical\" href=\"https:\/\/agenciainfra.com\/blog\/opiniao-leilao-da-br-381-teste-de-competitividade-e-de-apetite\/\" \/>\n<meta property=\"og:locale\" content=\"pt_BR\" \/>\n<meta property=\"og:type\" content=\"article\" \/>\n<meta property=\"og:title\" content=\"Opini\u00e3o \u2013 Leil\u00e3o da BR-381: teste de competitividade (e de apetite)\" \/>\n<meta property=\"og:description\" content=\"Felipe Lisb\u00f4a* Com o leil\u00e3o agendado para agosto, espera-se que a licita\u00e7\u00e3o para a concess\u00e3o da BR-381, em Minas Gerais, desperte a mesma competitividade que foi observada no leil\u00e3o da BR-040. A preocupa\u00e7\u00e3o \u00e9 particularmente relevante, dado o alerta que foi emitido ap\u00f3s alguns leil\u00f5es n\u00e3o alcan\u00e7arem a competitividade esperada ou, como no caso da [&hellip;]\" \/>\n<meta property=\"og:url\" content=\"https:\/\/agenciainfra.com\/blog\/opiniao-leilao-da-br-381-teste-de-competitividade-e-de-apetite\/\" \/>\n<meta property=\"og:site_name\" content=\"Ag\u00eancia iNFRA\" \/>\n<meta property=\"article:publisher\" content=\"https:\/\/www.facebook.com\/ageninfra\" \/>\n<meta property=\"article:published_time\" content=\"2024-06-25T16:00:00+00:00\" \/>\n<meta property=\"article:modified_time\" content=\"2024-06-27T11:37:14+00:00\" \/>\n<meta property=\"og:image\" content=\"https:\/\/agenciainfra.com\/blog\/wp-content\/uploads\/2024\/06\/felipe-lisboa-foto-divulgacao.png\" \/>\n\t<meta property=\"og:image:width\" content=\"1202\" \/>\n\t<meta property=\"og:image:height\" content=\"801\" \/>\n\t<meta property=\"og:image:type\" content=\"image\/png\" \/>\n<meta name=\"author\" content=\"Ag\u00eancia iNFRA\" \/>\n<meta name=\"twitter:card\" content=\"summary_large_image\" \/>\n<meta name=\"twitter:creator\" content=\"@agencia_infra\" \/>\n<meta name=\"twitter:site\" content=\"@agencia_infra\" \/>\n<meta name=\"twitter:label1\" content=\"Escrito por\" \/>\n\t<meta name=\"twitter:data1\" content=\"Ag\u00eancia iNFRA\" \/>\n\t<meta name=\"twitter:label2\" content=\"Est. tempo de leitura\" \/>\n\t<meta name=\"twitter:data2\" content=\"3 minutos\" \/>\n<script type=\"application\/ld+json\" class=\"yoast-schema-graph\">{\"@context\":\"https:\/\/schema.org\",\"@graph\":[{\"@type\":\"Article\",\"@id\":\"https:\/\/agenciainfra.com\/blog\/opiniao-leilao-da-br-381-teste-de-competitividade-e-de-apetite\/#article\",\"isPartOf\":{\"@id\":\"https:\/\/agenciainfra.com\/blog\/opiniao-leilao-da-br-381-teste-de-competitividade-e-de-apetite\/\"},\"author\":{\"name\":\"Ag\u00eancia iNFRA\",\"@id\":\"https:\/\/agenciainfra.com\/blog\/#\/schema\/person\/34af08dff6adea4cb22b06612ba7acfa\"},\"headline\":\"Opini\u00e3o \u2013 Leil\u00e3o da BR-381: teste de competitividade (e de apetite)\",\"datePublished\":\"2024-06-25T16:00:00+00:00\",\"dateModified\":\"2024-06-27T11:37:14+00:00\",\"mainEntityOfPage\":{\"@id\":\"https:\/\/agenciainfra.com\/blog\/opiniao-leilao-da-br-381-teste-de-competitividade-e-de-apetite\/\"},\"wordCount\":544,\"publisher\":{\"@id\":\"https:\/\/agenciainfra.com\/blog\/#organization\"},\"image\":{\"@id\":\"https:\/\/agenciainfra.com\/blog\/opiniao-leilao-da-br-381-teste-de-competitividade-e-de-apetite\/#primaryimage\"},\"thumbnailUrl\":\"https:\/\/agenciainfra.com\/blog\/wp-content\/uploads\/2024\/06\/felipe-lisboa-foto-divulgacao.png\",\"keywords\":[\"BR-040\",\"BR-381\",\"competitividade\",\"concess\u00e3o rodovi\u00e1ria\",\"DNIT\",\"Felipe Lisb\u00f4a\",\"infraestrutura log\u00edstica\",\"Investimentos P\u00fablicos e Privados\",\"leil\u00e3o rodovi\u00e1rio\",\"Minas Gerais\",\"opini\u00e3o\",\"seguran\u00e7a vi\u00e1ria\",\"setor produtivo\",\"Vale do A\u00e7o\"],\"articleSection\":[\"Geral\",\"iNFRATransporte\",\"Opini\u00e3o\"],\"inLanguage\":\"pt-BR\",\"copyrightYear\":\"2024\",\"copyrightHolder\":{\"@id\":\"https:\/\/agenciainfra.com\/blog\/#organization\"}},{\"@type\":\"WebPage\",\"@id\":\"https:\/\/agenciainfra.com\/blog\/opiniao-leilao-da-br-381-teste-de-competitividade-e-de-apetite\/\",\"url\":\"https:\/\/agenciainfra.com\/blog\/opiniao-leilao-da-br-381-teste-de-competitividade-e-de-apetite\/\",\"name\":\"Opini\u00e3o \u2013 Leil\u00e3o da BR-381: teste de competitividade (e de apetite) - Ag\u00eancia iNFRA\",\"isPartOf\":{\"@id\":\"https:\/\/agenciainfra.com\/blog\/#website\"},\"primaryImageOfPage\":{\"@id\":\"https:\/\/agenciainfra.com\/blog\/opiniao-leilao-da-br-381-teste-de-competitividade-e-de-apetite\/#primaryimage\"},\"image\":{\"@id\":\"https:\/\/agenciainfra.com\/blog\/opiniao-leilao-da-br-381-teste-de-competitividade-e-de-apetite\/#primaryimage\"},\"thumbnailUrl\":\"https:\/\/agenciainfra.com\/blog\/wp-content\/uploads\/2024\/06\/felipe-lisboa-foto-divulgacao.png\",\"datePublished\":\"2024-06-25T16:00:00+00:00\",\"dateModified\":\"2024-06-27T11:37:14+00:00\",\"breadcrumb\":{\"@id\":\"https:\/\/agenciainfra.com\/blog\/opiniao-leilao-da-br-381-teste-de-competitividade-e-de-apetite\/#breadcrumb\"},\"inLanguage\":\"pt-BR\",\"potentialAction\":[{\"@type\":\"ReadAction\",\"target\":[\"https:\/\/agenciainfra.com\/blog\/opiniao-leilao-da-br-381-teste-de-competitividade-e-de-apetite\/\"]}]},{\"@type\":\"ImageObject\",\"inLanguage\":\"pt-BR\",\"@id\":\"https:\/\/agenciainfra.com\/blog\/opiniao-leilao-da-br-381-teste-de-competitividade-e-de-apetite\/#primaryimage\",\"url\":\"https:\/\/agenciainfra.com\/blog\/wp-content\/uploads\/2024\/06\/felipe-lisboa-foto-divulgacao.png\",\"contentUrl\":\"https:\/\/agenciainfra.com\/blog\/wp-content\/uploads\/2024\/06\/felipe-lisboa-foto-divulgacao.png\",\"width\":1202,\"height\":801},{\"@type\":\"BreadcrumbList\",\"@id\":\"https:\/\/agenciainfra.com\/blog\/opiniao-leilao-da-br-381-teste-de-competitividade-e-de-apetite\/#breadcrumb\",\"itemListElement\":[{\"@type\":\"ListItem\",\"position\":1,\"name\":\"In\u00edcio\",\"item\":\"https:\/\/agenciainfra.com\/blog\/\"},{\"@type\":\"ListItem\",\"position\":2,\"name\":\"Opini\u00e3o \u2013 Leil\u00e3o da BR-381: teste de competitividade (e de apetite)\"}]},{\"@type\":\"WebSite\",\"@id\":\"https:\/\/agenciainfra.com\/blog\/#website\",\"url\":\"https:\/\/agenciainfra.com\/blog\/\",\"name\":\"Ag\u00eancia iNFRA\",\"description\":\"Multiplataforma de informa\u00e7\u00e3o jornal\u00edstica refer\u00eancia na \u00e1rea de infraestrutura no Brasil!\",\"publisher\":{\"@id\":\"https:\/\/agenciainfra.com\/blog\/#organization\"},\"potentialAction\":[{\"@type\":\"SearchAction\",\"target\":{\"@type\":\"EntryPoint\",\"urlTemplate\":\"https:\/\/agenciainfra.com\/blog\/?s={search_term_string}\"},\"query-input\":{\"@type\":\"PropertyValueSpecification\",\"valueRequired\":true,\"valueName\":\"search_term_string\"}}],\"inLanguage\":\"pt-BR\"},{\"@type\":\"Organization\",\"@id\":\"https:\/\/agenciainfra.com\/blog\/#organization\",\"name\":\"Ag\u00eancia iNFRA\",\"url\":\"https:\/\/agenciainfra.com\/blog\/\",\"logo\":{\"@type\":\"ImageObject\",\"inLanguage\":\"pt-BR\",\"@id\":\"https:\/\/agenciainfra.com\/blog\/#\/schema\/logo\/image\/\",\"url\":\"https:\/\/agenciainfra.com\/blog\/wp-content\/uploads\/2023\/09\/iNFRA_5-e1761735885940.png\",\"contentUrl\":\"https:\/\/agenciainfra.com\/blog\/wp-content\/uploads\/2023\/09\/iNFRA_5-e1761735885940.png\",\"width\":1672,\"height\":454,\"caption\":\"Ag\u00eancia iNFRA\"},\"image\":{\"@id\":\"https:\/\/agenciainfra.com\/blog\/#\/schema\/logo\/image\/\"},\"sameAs\":[\"https:\/\/www.facebook.com\/ageninfra\",\"https:\/\/x.com\/agencia_infra\",\"https:\/\/www.linkedin.com\/company\/ag\u00eanciainfra\/\",\"https:\/\/www.instagram.com\/agenciainfra\/\"]},{\"@type\":\"Person\",\"@id\":\"https:\/\/agenciainfra.com\/blog\/#\/schema\/person\/34af08dff6adea4cb22b06612ba7acfa\",\"name\":\"Ag\u00eancia iNFRA\",\"image\":{\"@type\":\"ImageObject\",\"inLanguage\":\"pt-BR\",\"@id\":\"https:\/\/agenciainfra.com\/blog\/#\/schema\/person\/image\/\",\"url\":\"https:\/\/secure.gravatar.com\/avatar\/d189e01678f06d8eb84d4e01f08eb848b3fffe3f8443818d3c356c66892f5be8?s=96&d=mm&r=g\",\"contentUrl\":\"https:\/\/secure.gravatar.com\/avatar\/d189e01678f06d8eb84d4e01f08eb848b3fffe3f8443818d3c356c66892f5be8?s=96&d=mm&r=g\",\"caption\":\"Ag\u00eancia iNFRA\"},\"url\":\"https:\/\/agenciainfra.com\/blog\/author\/admin\/\"}]}<\/script>\n<!-- \/ Yoast SEO Premium plugin. -->","yoast_head_json":{"title":"Opini\u00e3o \u2013 Leil\u00e3o da BR-381: teste de competitividade (e de apetite) - Ag\u00eancia iNFRA","robots":{"index":"index","follow":"follow","max-snippet":"max-snippet:-1","max-image-preview":"max-image-preview:large","max-video-preview":"max-video-preview:-1"},"canonical":"https:\/\/agenciainfra.com\/blog\/opiniao-leilao-da-br-381-teste-de-competitividade-e-de-apetite\/","og_locale":"pt_BR","og_type":"article","og_title":"Opini\u00e3o \u2013 Leil\u00e3o da BR-381: teste de competitividade (e de apetite)","og_description":"Felipe Lisb\u00f4a* Com o leil\u00e3o agendado para agosto, espera-se que a licita\u00e7\u00e3o para a concess\u00e3o da BR-381, em Minas Gerais, desperte a mesma competitividade que foi observada no leil\u00e3o da BR-040. A preocupa\u00e7\u00e3o \u00e9 particularmente relevante, dado o alerta que foi emitido ap\u00f3s alguns leil\u00f5es n\u00e3o alcan\u00e7arem a competitividade esperada ou, como no caso da [&hellip;]","og_url":"https:\/\/agenciainfra.com\/blog\/opiniao-leilao-da-br-381-teste-de-competitividade-e-de-apetite\/","og_site_name":"Ag\u00eancia iNFRA","article_publisher":"https:\/\/www.facebook.com\/ageninfra","article_published_time":"2024-06-25T16:00:00+00:00","article_modified_time":"2024-06-27T11:37:14+00:00","og_image":[{"width":1202,"height":801,"url":"https:\/\/agenciainfra.com\/blog\/wp-content\/uploads\/2024\/06\/felipe-lisboa-foto-divulgacao.png","type":"image\/png"}],"author":"Ag\u00eancia iNFRA","twitter_card":"summary_large_image","twitter_creator":"@agencia_infra","twitter_site":"@agencia_infra","twitter_misc":{"Escrito por":"Ag\u00eancia iNFRA","Est. tempo de leitura":"3 minutos"},"schema":{"@context":"https:\/\/schema.org","@graph":[{"@type":"Article","@id":"https:\/\/agenciainfra.com\/blog\/opiniao-leilao-da-br-381-teste-de-competitividade-e-de-apetite\/#article","isPartOf":{"@id":"https:\/\/agenciainfra.com\/blog\/opiniao-leilao-da-br-381-teste-de-competitividade-e-de-apetite\/"},"author":{"name":"Ag\u00eancia iNFRA","@id":"https:\/\/agenciainfra.com\/blog\/#\/schema\/person\/34af08dff6adea4cb22b06612ba7acfa"},"headline":"Opini\u00e3o \u2013 Leil\u00e3o da BR-381: teste de competitividade (e de apetite)","datePublished":"2024-06-25T16:00:00+00:00","dateModified":"2024-06-27T11:37:14+00:00","mainEntityOfPage":{"@id":"https:\/\/agenciainfra.com\/blog\/opiniao-leilao-da-br-381-teste-de-competitividade-e-de-apetite\/"},"wordCount":544,"publisher":{"@id":"https:\/\/agenciainfra.com\/blog\/#organization"},"image":{"@id":"https:\/\/agenciainfra.com\/blog\/opiniao-leilao-da-br-381-teste-de-competitividade-e-de-apetite\/#primaryimage"},"thumbnailUrl":"https:\/\/agenciainfra.com\/blog\/wp-content\/uploads\/2024\/06\/felipe-lisboa-foto-divulgacao.png","keywords":["BR-040","BR-381","competitividade","concess\u00e3o rodovi\u00e1ria","DNIT","Felipe Lisb\u00f4a","infraestrutura log\u00edstica","Investimentos P\u00fablicos e Privados","leil\u00e3o rodovi\u00e1rio","Minas Gerais","opini\u00e3o","seguran\u00e7a vi\u00e1ria","setor produtivo","Vale do A\u00e7o"],"articleSection":["Geral","iNFRATransporte","Opini\u00e3o"],"inLanguage":"pt-BR","copyrightYear":"2024","copyrightHolder":{"@id":"https:\/\/agenciainfra.com\/blog\/#organization"}},{"@type":"WebPage","@id":"https:\/\/agenciainfra.com\/blog\/opiniao-leilao-da-br-381-teste-de-competitividade-e-de-apetite\/","url":"https:\/\/agenciainfra.com\/blog\/opiniao-leilao-da-br-381-teste-de-competitividade-e-de-apetite\/","name":"Opini\u00e3o \u2013 Leil\u00e3o da BR-381: teste de competitividade (e de apetite) - Ag\u00eancia iNFRA","isPartOf":{"@id":"https:\/\/agenciainfra.com\/blog\/#website"},"primaryImageOfPage":{"@id":"https:\/\/agenciainfra.com\/blog\/opiniao-leilao-da-br-381-teste-de-competitividade-e-de-apetite\/#primaryimage"},"image":{"@id":"https:\/\/agenciainfra.com\/blog\/opiniao-leilao-da-br-381-teste-de-competitividade-e-de-apetite\/#primaryimage"},"thumbnailUrl":"https:\/\/agenciainfra.com\/blog\/wp-content\/uploads\/2024\/06\/felipe-lisboa-foto-divulgacao.png","datePublished":"2024-06-25T16:00:00+00:00","dateModified":"2024-06-27T11:37:14+00:00","breadcrumb":{"@id":"https:\/\/agenciainfra.com\/blog\/opiniao-leilao-da-br-381-teste-de-competitividade-e-de-apetite\/#breadcrumb"},"inLanguage":"pt-BR","potentialAction":[{"@type":"ReadAction","target":["https:\/\/agenciainfra.com\/blog\/opiniao-leilao-da-br-381-teste-de-competitividade-e-de-apetite\/"]}]},{"@type":"ImageObject","inLanguage":"pt-BR","@id":"https:\/\/agenciainfra.com\/blog\/opiniao-leilao-da-br-381-teste-de-competitividade-e-de-apetite\/#primaryimage","url":"https:\/\/agenciainfra.com\/blog\/wp-content\/uploads\/2024\/06\/felipe-lisboa-foto-divulgacao.png","contentUrl":"https:\/\/agenciainfra.com\/blog\/wp-content\/uploads\/2024\/06\/felipe-lisboa-foto-divulgacao.png","width":1202,"height":801},{"@type":"BreadcrumbList","@id":"https:\/\/agenciainfra.com\/blog\/opiniao-leilao-da-br-381-teste-de-competitividade-e-de-apetite\/#breadcrumb","itemListElement":[{"@type":"ListItem","position":1,"name":"In\u00edcio","item":"https:\/\/agenciainfra.com\/blog\/"},{"@type":"ListItem","position":2,"name":"Opini\u00e3o \u2013 Leil\u00e3o da BR-381: teste de competitividade (e de apetite)"}]},{"@type":"WebSite","@id":"https:\/\/agenciainfra.com\/blog\/#website","url":"https:\/\/agenciainfra.com\/blog\/","name":"Ag\u00eancia iNFRA","description":"Multiplataforma de informa\u00e7\u00e3o jornal\u00edstica refer\u00eancia na \u00e1rea de infraestrutura no Brasil!","publisher":{"@id":"https:\/\/agenciainfra.com\/blog\/#organization"},"potentialAction":[{"@type":"SearchAction","target":{"@type":"EntryPoint","urlTemplate":"https:\/\/agenciainfra.com\/blog\/?s={search_term_string}"},"query-input":{"@type":"PropertyValueSpecification","valueRequired":true,"valueName":"search_term_string"}}],"inLanguage":"pt-BR"},{"@type":"Organization","@id":"https:\/\/agenciainfra.com\/blog\/#organization","name":"Ag\u00eancia iNFRA","url":"https:\/\/agenciainfra.com\/blog\/","logo":{"@type":"ImageObject","inLanguage":"pt-BR","@id":"https:\/\/agenciainfra.com\/blog\/#\/schema\/logo\/image\/","url":"https:\/\/agenciainfra.com\/blog\/wp-content\/uploads\/2023\/09\/iNFRA_5-e1761735885940.png","contentUrl":"https:\/\/agenciainfra.com\/blog\/wp-content\/uploads\/2023\/09\/iNFRA_5-e1761735885940.png","width":1672,"height":454,"caption":"Ag\u00eancia iNFRA"},"image":{"@id":"https:\/\/agenciainfra.com\/blog\/#\/schema\/logo\/image\/"},"sameAs":["https:\/\/www.facebook.com\/ageninfra","https:\/\/x.com\/agencia_infra","https:\/\/www.linkedin.com\/company\/ag\u00eanciainfra\/","https:\/\/www.instagram.com\/agenciainfra\/"]},{"@type":"Person","@id":"https:\/\/agenciainfra.com\/blog\/#\/schema\/person\/34af08dff6adea4cb22b06612ba7acfa","name":"Ag\u00eancia iNFRA","image":{"@type":"ImageObject","inLanguage":"pt-BR","@id":"https:\/\/agenciainfra.com\/blog\/#\/schema\/person\/image\/","url":"https:\/\/secure.gravatar.com\/avatar\/d189e01678f06d8eb84d4e01f08eb848b3fffe3f8443818d3c356c66892f5be8?s=96&d=mm&r=g","contentUrl":"https:\/\/secure.gravatar.com\/avatar\/d189e01678f06d8eb84d4e01f08eb848b3fffe3f8443818d3c356c66892f5be8?s=96&d=mm&r=g","caption":"Ag\u00eancia iNFRA"},"url":"https:\/\/agenciainfra.com\/blog\/author\/admin\/"}]}},"_links":{"self":[{"href":"https:\/\/agenciainfra.com\/blog\/wp-json\/wp\/v2\/posts\/17385","targetHints":{"allow":["GET"]}}],"collection":[{"href":"https:\/\/agenciainfra.com\/blog\/wp-json\/wp\/v2\/posts"}],"about":[{"href":"https:\/\/agenciainfra.com\/blog\/wp-json\/wp\/v2\/types\/post"}],"author":[{"embeddable":true,"href":"https:\/\/agenciainfra.com\/blog\/wp-json\/wp\/v2\/users\/1"}],"replies":[{"embeddable":true,"href":"https:\/\/agenciainfra.com\/blog\/wp-json\/wp\/v2\/comments?post=17385"}],"version-history":[{"count":1,"href":"https:\/\/agenciainfra.com\/blog\/wp-json\/wp\/v2\/posts\/17385\/revisions"}],"predecessor-version":[{"id":17387,"href":"https:\/\/agenciainfra.com\/blog\/wp-json\/wp\/v2\/posts\/17385\/revisions\/17387"}],"wp:featuredmedia":[{"embeddable":true,"href":"https:\/\/agenciainfra.com\/blog\/wp-json\/wp\/v2\/media\/17386"}],"wp:attachment":[{"href":"https:\/\/agenciainfra.com\/blog\/wp-json\/wp\/v2\/media?parent=17385"}],"wp:term":[{"taxonomy":"category","embeddable":true,"href":"https:\/\/agenciainfra.com\/blog\/wp-json\/wp\/v2\/categories?post=17385"},{"taxonomy":"post_tag","embeddable":true,"href":"https:\/\/agenciainfra.com\/blog\/wp-json\/wp\/v2\/tags?post=17385"}],"curies":[{"name":"wp","href":"https:\/\/api.w.org\/{rel}","templated":true}]}}