{"id":17396,"date":"2024-06-26T13:00:00","date_gmt":"2024-06-26T16:00:00","guid":{"rendered":"https:\/\/agenciainfra.com\/blog\/?p=17396"},"modified":"2024-07-04T08:39:42","modified_gmt":"2024-07-04T11:39:42","slug":"brasil-e-italia-terao-acordo-de-reciprocidade-para-carteira-de-habilitacao","status":"publish","type":"post","link":"https:\/\/agenciainfra.com\/blog\/brasil-e-italia-terao-acordo-de-reciprocidade-para-carteira-de-habilitacao\/","title":{"rendered":"Brasil e It\u00e1lia ter\u00e3o acordo de reciprocidade para carteira de habilita\u00e7\u00e3o"},"content":{"rendered":"\n<p class=\"has-text-align-right\"><strong>da Ag\u00eancia iNFRA<\/strong><\/p>\n\n\n\n<p>Brasil e It\u00e1lia dever\u00e3o assinar em julho um acordo de reciprocidade para que moradores residentes estrangeiros dos dois pa\u00edses possam utilizar a carteira de habilita\u00e7\u00e3o emitida no pa\u00eds de origem para obter a licen\u00e7a onde reside.<\/p>\n\n\n\n<p>O acordo deve ser assinado durante a visita do presidente da It\u00e1lia, Sergio Mattarella, ao Brasil, prevista para a segunda quinzena&nbsp;de julho. O presidente italiano deve ser recebido pelo presidente da Rep\u00fablica Lula para formaliza\u00e7\u00e3o dos acordos, entre eles o referente&nbsp;\u00e0 habilita\u00e7\u00f5es.<\/p>\n\n\n\n<p>Os detalhes para a assinatura est\u00e3o sendo preparados pela Secretaria Nacional de Tr\u00e2nsito do Minist\u00e9rio dos Transportes. O acordo \u00e9 similar ao que o Brasil tem com outras na\u00e7\u00f5es, como Portugal. Os residentes podem trocar a CNH (Carteira Nacional de Habilita\u00e7\u00e3o) do pa\u00eds de origem pela do pa\u00eds em que&nbsp;passou a residir.&nbsp;<\/p>\n\n\n\n<p>Essa autoriza\u00e7\u00e3o \u00e9 diferente da utilizada por turistas, que podem dirigir em pa\u00edses com os quais o Brasil tem acordos por um per\u00edodo espec\u00edfico. No Brasil, o estrangeiro pode dirigir por at\u00e9 180 dias com a habilita\u00e7\u00e3o original do outro pa\u00eds. Depois disso, tem que obter a CNH do Brasil.<\/p>\n","protected":false},"excerpt":{"rendered":"<p>da Ag\u00eancia iNFRA Brasil e It\u00e1lia dever\u00e3o assinar em julho um acordo de reciprocidade para que moradores residentes estrangeiros dos dois pa\u00edses possam utilizar a carteira de habilita\u00e7\u00e3o emitida no pa\u00eds de origem para obter a licen\u00e7a onde reside. O acordo deve ser assinado durante a visita do presidente da It\u00e1lia, Sergio Mattarella, ao Brasil, [&hellip;]<\/p>\n","protected":false},"author":1,"featured_media":4231,"comment_status":"closed","ping_status":"closed","sticky":false,"template":"","format":"standard","meta":{"_monsterinsights_skip_tracking":false,"_monsterinsights_sitenote_active":false,"_monsterinsights_sitenote_note":"","_monsterinsights_sitenote_category":0,"footnotes":""},"categories":[7248,7250,1,7],"tags":[10343,6718,10339,1822,10341,10340,8894,9383,580,10342,10345,10348,10347,10346,10344],"class_list":["post-17396","post","type-post","status-publish","format-standard","has-post-thumbnail","hentry","category-cabecalho","category-destaque-lista","category-geral","category-infratransporte","tag-acordo-de-reciprocidade","tag-brasil","tag-carteira-de-habilitacao","tag-cnh","tag-direitos-de-motoristas","tag-habilitacao-internacional","tag-italia","tag-legislacao-de-transito","tag-lula","tag-mobilidade-internacional","tag-portugal","tag-residentes-estrangeiros","tag-sergio-mattarella","tag-troca-de-cnh","tag-validacao-de-habilitacao"],"yoast_head":"<!-- This site is optimized with the Yoast SEO Premium plugin v25.4 (Yoast SEO v26.0) - https:\/\/yoast.com\/wordpress\/plugins\/seo\/ -->\n<title>Brasil e It\u00e1lia ter\u00e3o acordo de reciprocidade para carteira de habilita\u00e7\u00e3o - Ag\u00eancia iNFRA<\/title>\n<meta name=\"robots\" content=\"index, follow, max-snippet:-1, max-image-preview:large, max-video-preview:-1\" \/>\n<link rel=\"canonical\" href=\"https:\/\/agenciainfra.com\/blog\/brasil-e-italia-terao-acordo-de-reciprocidade-para-carteira-de-habilitacao\/\" \/>\n<meta property=\"og:locale\" content=\"pt_BR\" \/>\n<meta property=\"og:type\" content=\"article\" \/>\n<meta property=\"og:title\" content=\"Brasil e It\u00e1lia ter\u00e3o acordo de reciprocidade para carteira de habilita\u00e7\u00e3o\" \/>\n<meta property=\"og:description\" content=\"da Ag\u00eancia iNFRA Brasil e It\u00e1lia dever\u00e3o assinar em julho um acordo de reciprocidade para que moradores residentes estrangeiros dos dois pa\u00edses possam utilizar a carteira de habilita\u00e7\u00e3o emitida no pa\u00eds de origem para obter a licen\u00e7a onde reside. O acordo deve ser assinado durante a visita do presidente da It\u00e1lia, Sergio Mattarella, ao Brasil, [&hellip;]\" \/>\n<meta property=\"og:url\" content=\"https:\/\/agenciainfra.com\/blog\/brasil-e-italia-terao-acordo-de-reciprocidade-para-carteira-de-habilitacao\/\" \/>\n<meta property=\"og:site_name\" content=\"Ag\u00eancia iNFRA\" \/>\n<meta property=\"article:publisher\" content=\"https:\/\/www.facebook.com\/ageninfra\" \/>\n<meta property=\"article:published_time\" content=\"2024-06-26T16:00:00+00:00\" \/>\n<meta property=\"article:modified_time\" content=\"2024-07-04T11:39:42+00:00\" \/>\n<meta property=\"og:image\" content=\"https:\/\/agenciainfra.com\/blog\/wp-content\/uploads\/2020\/01\/transito-dominio-publico.jpeg\" \/>\n\t<meta property=\"og:image:width\" content=\"1280\" \/>\n\t<meta property=\"og:image:height\" content=\"960\" \/>\n\t<meta property=\"og:image:type\" content=\"image\/jpeg\" \/>\n<meta name=\"author\" content=\"Ag\u00eancia iNFRA\" \/>\n<meta name=\"twitter:card\" content=\"summary_large_image\" \/>\n<meta name=\"twitter:creator\" content=\"@agencia_infra\" \/>\n<meta name=\"twitter:site\" content=\"@agencia_infra\" \/>\n<meta name=\"twitter:label1\" content=\"Escrito por\" \/>\n\t<meta name=\"twitter:data1\" content=\"Ag\u00eancia iNFRA\" \/>\n\t<meta name=\"twitter:label2\" content=\"Est. tempo de leitura\" \/>\n\t<meta name=\"twitter:data2\" content=\"1 minuto\" \/>\n<script type=\"application\/ld+json\" class=\"yoast-schema-graph\">{\"@context\":\"https:\/\/schema.org\",\"@graph\":[{\"@type\":\"Article\",\"@id\":\"https:\/\/agenciainfra.com\/blog\/brasil-e-italia-terao-acordo-de-reciprocidade-para-carteira-de-habilitacao\/#article\",\"isPartOf\":{\"@id\":\"https:\/\/agenciainfra.com\/blog\/brasil-e-italia-terao-acordo-de-reciprocidade-para-carteira-de-habilitacao\/\"},\"author\":{\"name\":\"Ag\u00eancia iNFRA\",\"@id\":\"https:\/\/agenciainfra.com\/blog\/#\/schema\/person\/34af08dff6adea4cb22b06612ba7acfa\"},\"headline\":\"Brasil e It\u00e1lia ter\u00e3o acordo de reciprocidade para carteira de habilita\u00e7\u00e3o\",\"datePublished\":\"2024-06-26T16:00:00+00:00\",\"dateModified\":\"2024-07-04T11:39:42+00:00\",\"mainEntityOfPage\":{\"@id\":\"https:\/\/agenciainfra.com\/blog\/brasil-e-italia-terao-acordo-de-reciprocidade-para-carteira-de-habilitacao\/\"},\"wordCount\":224,\"publisher\":{\"@id\":\"https:\/\/agenciainfra.com\/blog\/#organization\"},\"image\":{\"@id\":\"https:\/\/agenciainfra.com\/blog\/brasil-e-italia-terao-acordo-de-reciprocidade-para-carteira-de-habilitacao\/#primaryimage\"},\"thumbnailUrl\":\"https:\/\/agenciainfra.com\/blog\/wp-content\/uploads\/2020\/01\/transito-dominio-publico.jpeg\",\"keywords\":[\"acordo de reciprocidade\",\"Brasil\",\"carteira de habilita\u00e7\u00e3o\",\"CNH\",\"direitos de motoristas\",\"habilita\u00e7\u00e3o internacional\",\"It\u00e1lia\",\"Legisla\u00e7\u00e3o de Tr\u00e2nsito\",\"Lula\",\"mobilidade internacional\",\"Portugal\",\"residentes estrangeiros\",\"Sergio Mattarella\",\"troca de CNH\",\"valida\u00e7\u00e3o de habilita\u00e7\u00e3o\"],\"articleSection\":[\"Cabe\u00e7alho\",\"Destaque lista\",\"Geral\",\"iNFRATransporte\"],\"inLanguage\":\"pt-BR\",\"copyrightYear\":\"2024\",\"copyrightHolder\":{\"@id\":\"https:\/\/agenciainfra.com\/blog\/#organization\"}},{\"@type\":\"WebPage\",\"@id\":\"https:\/\/agenciainfra.com\/blog\/brasil-e-italia-terao-acordo-de-reciprocidade-para-carteira-de-habilitacao\/\",\"url\":\"https:\/\/agenciainfra.com\/blog\/brasil-e-italia-terao-acordo-de-reciprocidade-para-carteira-de-habilitacao\/\",\"name\":\"Brasil e It\u00e1lia ter\u00e3o acordo de reciprocidade para carteira de habilita\u00e7\u00e3o - Ag\u00eancia iNFRA\",\"isPartOf\":{\"@id\":\"https:\/\/agenciainfra.com\/blog\/#website\"},\"primaryImageOfPage\":{\"@id\":\"https:\/\/agenciainfra.com\/blog\/brasil-e-italia-terao-acordo-de-reciprocidade-para-carteira-de-habilitacao\/#primaryimage\"},\"image\":{\"@id\":\"https:\/\/agenciainfra.com\/blog\/brasil-e-italia-terao-acordo-de-reciprocidade-para-carteira-de-habilitacao\/#primaryimage\"},\"thumbnailUrl\":\"https:\/\/agenciainfra.com\/blog\/wp-content\/uploads\/2020\/01\/transito-dominio-publico.jpeg\",\"datePublished\":\"2024-06-26T16:00:00+00:00\",\"dateModified\":\"2024-07-04T11:39:42+00:00\",\"breadcrumb\":{\"@id\":\"https:\/\/agenciainfra.com\/blog\/brasil-e-italia-terao-acordo-de-reciprocidade-para-carteira-de-habilitacao\/#breadcrumb\"},\"inLanguage\":\"pt-BR\",\"potentialAction\":[{\"@type\":\"ReadAction\",\"target\":[\"https:\/\/agenciainfra.com\/blog\/brasil-e-italia-terao-acordo-de-reciprocidade-para-carteira-de-habilitacao\/\"]}]},{\"@type\":\"ImageObject\",\"inLanguage\":\"pt-BR\",\"@id\":\"https:\/\/agenciainfra.com\/blog\/brasil-e-italia-terao-acordo-de-reciprocidade-para-carteira-de-habilitacao\/#primaryimage\",\"url\":\"https:\/\/agenciainfra.com\/blog\/wp-content\/uploads\/2020\/01\/transito-dominio-publico.jpeg\",\"contentUrl\":\"https:\/\/agenciainfra.com\/blog\/wp-content\/uploads\/2020\/01\/transito-dominio-publico.jpeg\",\"width\":1280,\"height\":960,\"caption\":\"Foto: Dom\u00ednio P\u00fablico\"},{\"@type\":\"BreadcrumbList\",\"@id\":\"https:\/\/agenciainfra.com\/blog\/brasil-e-italia-terao-acordo-de-reciprocidade-para-carteira-de-habilitacao\/#breadcrumb\",\"itemListElement\":[{\"@type\":\"ListItem\",\"position\":1,\"name\":\"In\u00edcio\",\"item\":\"https:\/\/agenciainfra.com\/blog\/\"},{\"@type\":\"ListItem\",\"position\":2,\"name\":\"Brasil e It\u00e1lia ter\u00e3o acordo de reciprocidade para carteira de habilita\u00e7\u00e3o\"}]},{\"@type\":\"WebSite\",\"@id\":\"https:\/\/agenciainfra.com\/blog\/#website\",\"url\":\"https:\/\/agenciainfra.com\/blog\/\",\"name\":\"Ag\u00eancia iNFRA\",\"description\":\"Multiplataforma de informa\u00e7\u00e3o jornal\u00edstica refer\u00eancia na \u00e1rea de infraestrutura no Brasil!\",\"publisher\":{\"@id\":\"https:\/\/agenciainfra.com\/blog\/#organization\"},\"potentialAction\":[{\"@type\":\"SearchAction\",\"target\":{\"@type\":\"EntryPoint\",\"urlTemplate\":\"https:\/\/agenciainfra.com\/blog\/?s={search_term_string}\"},\"query-input\":{\"@type\":\"PropertyValueSpecification\",\"valueRequired\":true,\"valueName\":\"search_term_string\"}}],\"inLanguage\":\"pt-BR\"},{\"@type\":\"Organization\",\"@id\":\"https:\/\/agenciainfra.com\/blog\/#organization\",\"name\":\"Ag\u00eancia iNFRA\",\"url\":\"https:\/\/agenciainfra.com\/blog\/\",\"logo\":{\"@type\":\"ImageObject\",\"inLanguage\":\"pt-BR\",\"@id\":\"https:\/\/agenciainfra.com\/blog\/#\/schema\/logo\/image\/\",\"url\":\"https:\/\/agenciainfra.com\/blog\/wp-content\/uploads\/2023\/09\/iNFRA_5-e1761735885940.png\",\"contentUrl\":\"https:\/\/agenciainfra.com\/blog\/wp-content\/uploads\/2023\/09\/iNFRA_5-e1761735885940.png\",\"width\":1672,\"height\":454,\"caption\":\"Ag\u00eancia iNFRA\"},\"image\":{\"@id\":\"https:\/\/agenciainfra.com\/blog\/#\/schema\/logo\/image\/\"},\"sameAs\":[\"https:\/\/www.facebook.com\/ageninfra\",\"https:\/\/x.com\/agencia_infra\",\"https:\/\/www.linkedin.com\/company\/ag\u00eanciainfra\/\",\"https:\/\/www.instagram.com\/agenciainfra\/\"]},{\"@type\":\"Person\",\"@id\":\"https:\/\/agenciainfra.com\/blog\/#\/schema\/person\/34af08dff6adea4cb22b06612ba7acfa\",\"name\":\"Ag\u00eancia iNFRA\",\"image\":{\"@type\":\"ImageObject\",\"inLanguage\":\"pt-BR\",\"@id\":\"https:\/\/agenciainfra.com\/blog\/#\/schema\/person\/image\/\",\"url\":\"https:\/\/secure.gravatar.com\/avatar\/d189e01678f06d8eb84d4e01f08eb848b3fffe3f8443818d3c356c66892f5be8?s=96&d=mm&r=g\",\"contentUrl\":\"https:\/\/secure.gravatar.com\/avatar\/d189e01678f06d8eb84d4e01f08eb848b3fffe3f8443818d3c356c66892f5be8?s=96&d=mm&r=g\",\"caption\":\"Ag\u00eancia iNFRA\"},\"url\":\"https:\/\/agenciainfra.com\/blog\/author\/admin\/\"}]}<\/script>\n<!-- \/ Yoast SEO Premium plugin. -->","yoast_head_json":{"title":"Brasil e It\u00e1lia ter\u00e3o acordo de reciprocidade para carteira de habilita\u00e7\u00e3o - Ag\u00eancia iNFRA","robots":{"index":"index","follow":"follow","max-snippet":"max-snippet:-1","max-image-preview":"max-image-preview:large","max-video-preview":"max-video-preview:-1"},"canonical":"https:\/\/agenciainfra.com\/blog\/brasil-e-italia-terao-acordo-de-reciprocidade-para-carteira-de-habilitacao\/","og_locale":"pt_BR","og_type":"article","og_title":"Brasil e It\u00e1lia ter\u00e3o acordo de reciprocidade para carteira de habilita\u00e7\u00e3o","og_description":"da Ag\u00eancia iNFRA Brasil e It\u00e1lia dever\u00e3o assinar em julho um acordo de reciprocidade para que moradores residentes estrangeiros dos dois pa\u00edses possam utilizar a carteira de habilita\u00e7\u00e3o emitida no pa\u00eds de origem para obter a licen\u00e7a onde reside. O acordo deve ser assinado durante a visita do presidente da It\u00e1lia, Sergio Mattarella, ao Brasil, [&hellip;]","og_url":"https:\/\/agenciainfra.com\/blog\/brasil-e-italia-terao-acordo-de-reciprocidade-para-carteira-de-habilitacao\/","og_site_name":"Ag\u00eancia iNFRA","article_publisher":"https:\/\/www.facebook.com\/ageninfra","article_published_time":"2024-06-26T16:00:00+00:00","article_modified_time":"2024-07-04T11:39:42+00:00","og_image":[{"width":1280,"height":960,"url":"https:\/\/agenciainfra.com\/blog\/wp-content\/uploads\/2020\/01\/transito-dominio-publico.jpeg","type":"image\/jpeg"}],"author":"Ag\u00eancia iNFRA","twitter_card":"summary_large_image","twitter_creator":"@agencia_infra","twitter_site":"@agencia_infra","twitter_misc":{"Escrito por":"Ag\u00eancia iNFRA","Est. tempo de leitura":"1 minuto"},"schema":{"@context":"https:\/\/schema.org","@graph":[{"@type":"Article","@id":"https:\/\/agenciainfra.com\/blog\/brasil-e-italia-terao-acordo-de-reciprocidade-para-carteira-de-habilitacao\/#article","isPartOf":{"@id":"https:\/\/agenciainfra.com\/blog\/brasil-e-italia-terao-acordo-de-reciprocidade-para-carteira-de-habilitacao\/"},"author":{"name":"Ag\u00eancia iNFRA","@id":"https:\/\/agenciainfra.com\/blog\/#\/schema\/person\/34af08dff6adea4cb22b06612ba7acfa"},"headline":"Brasil e It\u00e1lia ter\u00e3o acordo de reciprocidade para carteira de habilita\u00e7\u00e3o","datePublished":"2024-06-26T16:00:00+00:00","dateModified":"2024-07-04T11:39:42+00:00","mainEntityOfPage":{"@id":"https:\/\/agenciainfra.com\/blog\/brasil-e-italia-terao-acordo-de-reciprocidade-para-carteira-de-habilitacao\/"},"wordCount":224,"publisher":{"@id":"https:\/\/agenciainfra.com\/blog\/#organization"},"image":{"@id":"https:\/\/agenciainfra.com\/blog\/brasil-e-italia-terao-acordo-de-reciprocidade-para-carteira-de-habilitacao\/#primaryimage"},"thumbnailUrl":"https:\/\/agenciainfra.com\/blog\/wp-content\/uploads\/2020\/01\/transito-dominio-publico.jpeg","keywords":["acordo de reciprocidade","Brasil","carteira de habilita\u00e7\u00e3o","CNH","direitos de motoristas","habilita\u00e7\u00e3o internacional","It\u00e1lia","Legisla\u00e7\u00e3o de Tr\u00e2nsito","Lula","mobilidade internacional","Portugal","residentes estrangeiros","Sergio Mattarella","troca de CNH","valida\u00e7\u00e3o de habilita\u00e7\u00e3o"],"articleSection":["Cabe\u00e7alho","Destaque lista","Geral","iNFRATransporte"],"inLanguage":"pt-BR","copyrightYear":"2024","copyrightHolder":{"@id":"https:\/\/agenciainfra.com\/blog\/#organization"}},{"@type":"WebPage","@id":"https:\/\/agenciainfra.com\/blog\/brasil-e-italia-terao-acordo-de-reciprocidade-para-carteira-de-habilitacao\/","url":"https:\/\/agenciainfra.com\/blog\/brasil-e-italia-terao-acordo-de-reciprocidade-para-carteira-de-habilitacao\/","name":"Brasil e It\u00e1lia ter\u00e3o acordo de reciprocidade para carteira de habilita\u00e7\u00e3o - Ag\u00eancia iNFRA","isPartOf":{"@id":"https:\/\/agenciainfra.com\/blog\/#website"},"primaryImageOfPage":{"@id":"https:\/\/agenciainfra.com\/blog\/brasil-e-italia-terao-acordo-de-reciprocidade-para-carteira-de-habilitacao\/#primaryimage"},"image":{"@id":"https:\/\/agenciainfra.com\/blog\/brasil-e-italia-terao-acordo-de-reciprocidade-para-carteira-de-habilitacao\/#primaryimage"},"thumbnailUrl":"https:\/\/agenciainfra.com\/blog\/wp-content\/uploads\/2020\/01\/transito-dominio-publico.jpeg","datePublished":"2024-06-26T16:00:00+00:00","dateModified":"2024-07-04T11:39:42+00:00","breadcrumb":{"@id":"https:\/\/agenciainfra.com\/blog\/brasil-e-italia-terao-acordo-de-reciprocidade-para-carteira-de-habilitacao\/#breadcrumb"},"inLanguage":"pt-BR","potentialAction":[{"@type":"ReadAction","target":["https:\/\/agenciainfra.com\/blog\/brasil-e-italia-terao-acordo-de-reciprocidade-para-carteira-de-habilitacao\/"]}]},{"@type":"ImageObject","inLanguage":"pt-BR","@id":"https:\/\/agenciainfra.com\/blog\/brasil-e-italia-terao-acordo-de-reciprocidade-para-carteira-de-habilitacao\/#primaryimage","url":"https:\/\/agenciainfra.com\/blog\/wp-content\/uploads\/2020\/01\/transito-dominio-publico.jpeg","contentUrl":"https:\/\/agenciainfra.com\/blog\/wp-content\/uploads\/2020\/01\/transito-dominio-publico.jpeg","width":1280,"height":960,"caption":"Foto: Dom\u00ednio P\u00fablico"},{"@type":"BreadcrumbList","@id":"https:\/\/agenciainfra.com\/blog\/brasil-e-italia-terao-acordo-de-reciprocidade-para-carteira-de-habilitacao\/#breadcrumb","itemListElement":[{"@type":"ListItem","position":1,"name":"In\u00edcio","item":"https:\/\/agenciainfra.com\/blog\/"},{"@type":"ListItem","position":2,"name":"Brasil e It\u00e1lia ter\u00e3o acordo de reciprocidade para carteira de habilita\u00e7\u00e3o"}]},{"@type":"WebSite","@id":"https:\/\/agenciainfra.com\/blog\/#website","url":"https:\/\/agenciainfra.com\/blog\/","name":"Ag\u00eancia iNFRA","description":"Multiplataforma de informa\u00e7\u00e3o jornal\u00edstica refer\u00eancia na \u00e1rea de infraestrutura no Brasil!","publisher":{"@id":"https:\/\/agenciainfra.com\/blog\/#organization"},"potentialAction":[{"@type":"SearchAction","target":{"@type":"EntryPoint","urlTemplate":"https:\/\/agenciainfra.com\/blog\/?s={search_term_string}"},"query-input":{"@type":"PropertyValueSpecification","valueRequired":true,"valueName":"search_term_string"}}],"inLanguage":"pt-BR"},{"@type":"Organization","@id":"https:\/\/agenciainfra.com\/blog\/#organization","name":"Ag\u00eancia iNFRA","url":"https:\/\/agenciainfra.com\/blog\/","logo":{"@type":"ImageObject","inLanguage":"pt-BR","@id":"https:\/\/agenciainfra.com\/blog\/#\/schema\/logo\/image\/","url":"https:\/\/agenciainfra.com\/blog\/wp-content\/uploads\/2023\/09\/iNFRA_5-e1761735885940.png","contentUrl":"https:\/\/agenciainfra.com\/blog\/wp-content\/uploads\/2023\/09\/iNFRA_5-e1761735885940.png","width":1672,"height":454,"caption":"Ag\u00eancia iNFRA"},"image":{"@id":"https:\/\/agenciainfra.com\/blog\/#\/schema\/logo\/image\/"},"sameAs":["https:\/\/www.facebook.com\/ageninfra","https:\/\/x.com\/agencia_infra","https:\/\/www.linkedin.com\/company\/ag\u00eanciainfra\/","https:\/\/www.instagram.com\/agenciainfra\/"]},{"@type":"Person","@id":"https:\/\/agenciainfra.com\/blog\/#\/schema\/person\/34af08dff6adea4cb22b06612ba7acfa","name":"Ag\u00eancia iNFRA","image":{"@type":"ImageObject","inLanguage":"pt-BR","@id":"https:\/\/agenciainfra.com\/blog\/#\/schema\/person\/image\/","url":"https:\/\/secure.gravatar.com\/avatar\/d189e01678f06d8eb84d4e01f08eb848b3fffe3f8443818d3c356c66892f5be8?s=96&d=mm&r=g","contentUrl":"https:\/\/secure.gravatar.com\/avatar\/d189e01678f06d8eb84d4e01f08eb848b3fffe3f8443818d3c356c66892f5be8?s=96&d=mm&r=g","caption":"Ag\u00eancia iNFRA"},"url":"https:\/\/agenciainfra.com\/blog\/author\/admin\/"}]}},"_links":{"self":[{"href":"https:\/\/agenciainfra.com\/blog\/wp-json\/wp\/v2\/posts\/17396","targetHints":{"allow":["GET"]}}],"collection":[{"href":"https:\/\/agenciainfra.com\/blog\/wp-json\/wp\/v2\/posts"}],"about":[{"href":"https:\/\/agenciainfra.com\/blog\/wp-json\/wp\/v2\/types\/post"}],"author":[{"embeddable":true,"href":"https:\/\/agenciainfra.com\/blog\/wp-json\/wp\/v2\/users\/1"}],"replies":[{"embeddable":true,"href":"https:\/\/agenciainfra.com\/blog\/wp-json\/wp\/v2\/comments?post=17396"}],"version-history":[{"count":1,"href":"https:\/\/agenciainfra.com\/blog\/wp-json\/wp\/v2\/posts\/17396\/revisions"}],"predecessor-version":[{"id":17397,"href":"https:\/\/agenciainfra.com\/blog\/wp-json\/wp\/v2\/posts\/17396\/revisions\/17397"}],"wp:featuredmedia":[{"embeddable":true,"href":"https:\/\/agenciainfra.com\/blog\/wp-json\/wp\/v2\/media\/4231"}],"wp:attachment":[{"href":"https:\/\/agenciainfra.com\/blog\/wp-json\/wp\/v2\/media?parent=17396"}],"wp:term":[{"taxonomy":"category","embeddable":true,"href":"https:\/\/agenciainfra.com\/blog\/wp-json\/wp\/v2\/categories?post=17396"},{"taxonomy":"post_tag","embeddable":true,"href":"https:\/\/agenciainfra.com\/blog\/wp-json\/wp\/v2\/tags?post=17396"}],"curies":[{"name":"wp","href":"https:\/\/api.w.org\/{rel}","templated":true}]}}