{"id":17399,"date":"2024-06-26T11:00:00","date_gmt":"2024-06-26T14:00:00","guid":{"rendered":"https:\/\/agenciainfra.com\/blog\/?p=17399"},"modified":"2026-03-13T09:38:53","modified_gmt":"2026-03-13T12:38:53","slug":"pacheco-e-alcolumbre-vetaram-gentil-nogueira-para-cargo-na-diretoria-da-aneel-que-esta-vago-ha-um-mes","status":"publish","type":"post","link":"https:\/\/agenciainfra.com\/blog\/pacheco-e-alcolumbre-vetaram-gentil-nogueira-para-cargo-na-diretoria-da-aneel-que-esta-vago-ha-um-mes\/","title":{"rendered":"Pacheco e Alcolumbre vetaram Gentil Nogueira para cargo na diretoria da ANEEL, que est\u00e1 vago h\u00e1 um m\u00eas"},"content":{"rendered":"\n<p class=\"has-text-align-right\"><strong>Leila Coimbra&nbsp;e&nbsp;Marisa Wanzeller,&nbsp;da&nbsp;Ag\u00eancia iNFRA<\/strong><\/p>\n\n\n\n<p>A indica\u00e7\u00e3o do secret\u00e1rio de Energia El\u00e9trica do Minist\u00e9rio de Minas\u00a0e\u00a0Energia,\u00a0Gentil\u00a0Nogueira,\u00a0para\u00a0a\u00a0diretoria\u00a0da\u00a0ANEEL\u00a0(Ag\u00eancia Nacional de Energia El\u00e9trica) foi vetada pelo Senado, informaram ao menos seis fontes com conhecimento do caso \u00e0\u00a0<strong>Ag\u00eancia iNFRA<\/strong>.<br><br>Gentil\u00a0seria a indica\u00e7\u00e3o pessoal do ministro de Minas\u00a0e\u00a0Energia, Alexandre Silveira,\u00a0para\u00a0substituir H\u00e9lvio Guerra, cujo mandato terminou em 24 de maio.<br><br>No entanto, Silveira foi chamado pelo presidente do Senado\u00a0e\u00a0seu padrinho pol\u00edtico, Rodrigo\u00a0Pacheco\u00a0(PSD-MG), em seu gabinete\u00a0para\u00a0comunicar o veto. A reuni\u00e3o ocorreu\u00a0h\u00e1\u00a0algumas semanas. Estava presente no encontro o senador Davi\u00a0Alcolumbre\u00a0(Uni\u00e3o-AP),\u00a0que\u00a0reafirmou o veto ao\u00a0nome escolhido por Silveira sem consult\u00e1-los, asseguraram as fontes\u00a0que\u00a0acompanharam todos os movimentos.<br><br>Segundo as fontes,\u00a0Pacheco\u00a0e\u00a0Alcolumbre\u00a0informaram a Silveira\u00a0que\u00a0a indica\u00e7\u00e3o\u00a0para\u00a0a\u00a0ANEEL\u00a0partir\u00e1 dos senadores\u00a0e\u00a0n\u00e3o do ministro. Procurado, o Minist\u00e9rio de Minas\u00a0e\u00a0Energia afirmou \u201cque\u00a0a informa\u00e7\u00e3o n\u00e3o procede\u201d, sem maiores explica\u00e7\u00f5es.<br><br><strong>Cotados<\/strong><br>Desde maio, o nome de\u00a0Gentil\u00a0Nogueira\u00a0circulava fortemente no setor\u00a0e\u00a0entre pol\u00edticos como o favorito do ministro\u00a0para\u00a0integrar a\u00a0diretoria\u00a0da\u00a0ag\u00eancia. Dois superintendentes\u00a0da\u00a0ANEEL, Carlos Mattar (Regula\u00e7\u00e3o dos Servi\u00e7os de Transmiss\u00e3o\u00a0e\u00a0Distribui\u00e7\u00e3o de Energia El\u00e9trica)\u00a0e\u00a0Andr\u00e9 Ruelli (Media\u00e7\u00e3o Administrativa\u00a0e\u00a0das Rela\u00e7\u00f5es de Consumo),\u00a0tamb\u00e9m tiveram seus nomes ventilados dentre os candidatos.<br><br>O diretor de Gest\u00e3o Administrativa\u00a0da\u00a0Eletronueclear\u00a0e\u00a0ex-diretor de Furnas, Sidnei Bispo, foi cotado no passado como favorito, antes mesmo do secret\u00e1rio do MME, mas n\u00e3o houve acordo com os senadores em torno de sua indica\u00e7\u00e3o\u00a0e\u00a0ele tamb\u00e9m foi vetado.<br><br><strong>Desempates<\/strong><br>A vaga do ex-diretor H\u00e9lvio tem grande import\u00e2ncia pol\u00edtica\u00a0na\u00a0ag\u00eancia,\u00a0que\u00a0hoje\u00a0est\u00e1\u00a0dividida. De\u00a0um\u00a0lado, votam quase sempre em sintonia o diretor-geral, Sandoval Feitosa,\u00a0e\u00a0a diretora Agnes\u00a0da\u00a0Costa. Do outro lado, os diretores Fernando Mosna\u00a0e\u00a0Ricardo Tili.<br><br>Nenhum substituto assumiu a posi\u00e7\u00e3o at\u00e9 a posse oficial de\u00a0um\u00a0novo diretor. A previs\u00e3o \u00e9\u00a0que\u00a0o colegiado se mantenha com apenas quatro membros at\u00e9 fevereiro de 2025, devido a uma interpreta\u00e7\u00e3o\u00a0da\u00a0<a href=\"https:\/\/agenciainfra.us14.list-manage.com\/track\/click?u=d460dd1bcf9ba0ae040e1fc0f&amp;id=7c7f9dd289&amp;e=f0fa444791\" target=\"_blank\" rel=\"noreferrer noopener\">Lei 9.986\/2000<\/a>,\u00a0que\u00a0disp\u00f5e\u00a0sobre as ag\u00eancias reguladoras.\u00a0<br><br>O problema estaria\u00a0na\u00a0data em\u00a0que\u00a0a lista tr\u00edplice\u00a0para\u00a0diretores substitutos foi enviada \u00e0 Uni\u00e3o, somente em maio de 2024, quando deveria ter sido mandada at\u00e9 31 de dezembro do ano passado.\u00a0<br><br><strong>Processo de indica\u00e7\u00e3o<\/strong><br>Os diretores de ag\u00eancias reguladores s\u00e3o indicados pelo Executivo\u00a0e,\u00a0para\u00a0assumir a posi\u00e7\u00e3o, devem ser aprovados em sabatina no Senado Federal. O PSD, partido do ministro Alexandre Silveira, tamb\u00e9m\u00a0est\u00e1\u00a0de olho em vagas\u00a0da\u00a0ANP (Ag\u00eancia Nacional do Petr\u00f3leo, G\u00e1s Natural\u00a0e\u00a0Biocombust\u00edveis). O secret\u00e1rio de \u00d3leo\u00a0e\u00a0G\u00e1s, Pietro Mendes, \u00e9 candidato\u00a0para\u00a0a\u00a0diretoria-geral\u00a0da\u00a0ag\u00eancia.\u00a0<br><br>Em outra vaga, do diretor Claudio Jorge,\u00a0que\u00a0encerrou seu mandato em dezembro de 2023, o partido se articula\u00a0para\u00a0indicar Artur Watt, sobrinho do senador Otto Alencar (PSD-BA)\u00a0e\u00a0consultor jur\u00eddico\u00a0na\u00a0PPSA (Pr\u00e9-Sal Petr\u00f3leo S.A.).<\/p>\n","protected":false},"excerpt":{"rendered":"<p>Leila Coimbra&nbsp;e&nbsp;Marisa Wanzeller,&nbsp;da&nbsp;Ag\u00eancia iNFRA A indica\u00e7\u00e3o do secret\u00e1rio de Energia El\u00e9trica do Minist\u00e9rio de Minas\u00a0e\u00a0Energia,\u00a0Gentil\u00a0Nogueira,\u00a0para\u00a0a\u00a0diretoria\u00a0da\u00a0ANEEL\u00a0(Ag\u00eancia Nacional de Energia El\u00e9trica) foi vetada pelo Senado, informaram ao menos seis fontes com conhecimento do caso \u00e0\u00a0Ag\u00eancia iNFRA. Gentil\u00a0seria a indica\u00e7\u00e3o pessoal do ministro de Minas\u00a0e\u00a0Energia, Alexandre Silveira,\u00a0para\u00a0substituir H\u00e9lvio Guerra, cujo mandato terminou em 24 de maio. No entanto, [&hellip;]<\/p>\n","protected":false},"author":1,"featured_media":16424,"comment_status":"closed","ping_status":"closed","sticky":false,"template":"","format":"standard","meta":{"_monsterinsights_skip_tracking":false,"_monsterinsights_sitenote_active":false,"_monsterinsights_sitenote_note":"","_monsterinsights_sitenote_category":0,"footnotes":""},"categories":[7248,7250,9714,1,10],"tags":[5135,6040,1682,53,1101,9541,8594,6917,1228,327,282,7014,638,6781,2619,7227,9767,1984,7366,96,71,10349,973,6335,3030,9546,3358,48,5682,2254,1026,123,4354,8600,10350,10351,6569,10352],"class_list":["post-17399","post","type-post","status-publish","format-standard","has-post-thumbnail","hentry","category-cabecalho","category-destaque-lista","category-destaque-menor","category-geral","category-infraenergia","tag-agnes-da-costa","tag-alexandre-silveira","tag-andre-ruelli","tag-aneel","tag-anp","tag-artur-watt","tag-carlos-mattar","tag-claudio-jorge","tag-davi-alcolumbre","tag-eletronuclear","tag-energia-eletrica","tag-fernando-mosna","tag-furnas","tag-gentil-nogueira","tag-helvio-guerra","tag-indicacao-de-diretores","tag-lei-9-986-2000","tag-leila-coimbra","tag-marisa-wanzeller","tag-ministerio-de-minas-e-energia","tag-mme","tag-nomeacao-politica","tag-otto-alencar","tag-pietro-mendes","tag-ppsa","tag-pre-sal-petroleo-s-a","tag-psd","tag-regulacao","tag-ricardo-tili","tag-rodrigo-pacheco","tag-sandoval-feitosa","tag-senado","tag-senado-federal","tag-sidnei-bispo","tag-silveira-alexandre","tag-substituicao-de-diretores","tag-uniao","tag-veto-do-senado"],"yoast_head":"<!-- This site is optimized with the Yoast SEO Premium plugin v25.4 (Yoast SEO v26.0) - https:\/\/yoast.com\/wordpress\/plugins\/seo\/ -->\n<title>Pacheco e Alcolumbre vetaram Gentil Nogueira para cargo na diretoria da ANEEL, que est\u00e1 vago h\u00e1 um m\u00eas - Ag\u00eancia iNFRA<\/title>\n<meta name=\"robots\" content=\"index, follow, max-snippet:-1, max-image-preview:large, max-video-preview:-1\" \/>\n<link rel=\"canonical\" href=\"https:\/\/agenciainfra.com\/blog\/pacheco-e-alcolumbre-vetaram-gentil-nogueira-para-cargo-na-diretoria-da-aneel-que-esta-vago-ha-um-mes\/\" \/>\n<meta property=\"og:locale\" content=\"pt_BR\" \/>\n<meta property=\"og:type\" content=\"article\" \/>\n<meta property=\"og:title\" content=\"Pacheco e Alcolumbre vetaram Gentil Nogueira para cargo na diretoria da ANEEL, que est\u00e1 vago h\u00e1 um m\u00eas\" \/>\n<meta property=\"og:description\" content=\"Leila Coimbra&nbsp;e&nbsp;Marisa Wanzeller,&nbsp;da&nbsp;Ag\u00eancia iNFRA A indica\u00e7\u00e3o do secret\u00e1rio de Energia El\u00e9trica do Minist\u00e9rio de Minas\u00a0e\u00a0Energia,\u00a0Gentil\u00a0Nogueira,\u00a0para\u00a0a\u00a0diretoria\u00a0da\u00a0ANEEL\u00a0(Ag\u00eancia Nacional de Energia El\u00e9trica) foi vetada pelo Senado, informaram ao menos seis fontes com conhecimento do caso \u00e0\u00a0Ag\u00eancia iNFRA. Gentil\u00a0seria a indica\u00e7\u00e3o pessoal do ministro de Minas\u00a0e\u00a0Energia, Alexandre Silveira,\u00a0para\u00a0substituir H\u00e9lvio Guerra, cujo mandato terminou em 24 de maio. No entanto, [&hellip;]\" \/>\n<meta property=\"og:url\" content=\"https:\/\/agenciainfra.com\/blog\/pacheco-e-alcolumbre-vetaram-gentil-nogueira-para-cargo-na-diretoria-da-aneel-que-esta-vago-ha-um-mes\/\" \/>\n<meta property=\"og:site_name\" content=\"Ag\u00eancia iNFRA\" \/>\n<meta property=\"article:publisher\" content=\"https:\/\/www.facebook.com\/ageninfra\" \/>\n<meta property=\"article:published_time\" content=\"2024-06-26T14:00:00+00:00\" \/>\n<meta property=\"article:modified_time\" content=\"2026-03-13T12:38:53+00:00\" \/>\n<meta property=\"og:image\" content=\"https:\/\/agenciainfra.com\/blog\/wp-content\/uploads\/2024\/04\/gentil-nogueira-foto-camara-dos-deputados-will-shutter.jpg\" \/>\n\t<meta property=\"og:image:width\" content=\"1202\" \/>\n\t<meta property=\"og:image:height\" content=\"799\" \/>\n\t<meta property=\"og:image:type\" content=\"image\/jpeg\" \/>\n<meta name=\"author\" content=\"Ag\u00eancia iNFRA\" \/>\n<meta name=\"twitter:card\" content=\"summary_large_image\" \/>\n<meta name=\"twitter:creator\" content=\"@agencia_infra\" \/>\n<meta name=\"twitter:site\" content=\"@agencia_infra\" \/>\n<meta name=\"twitter:label1\" content=\"Escrito por\" \/>\n\t<meta name=\"twitter:data1\" content=\"Ag\u00eancia iNFRA\" \/>\n\t<meta name=\"twitter:label2\" content=\"Est. tempo de leitura\" \/>\n\t<meta name=\"twitter:data2\" content=\"3 minutos\" \/>\n<script type=\"application\/ld+json\" class=\"yoast-schema-graph\">{\"@context\":\"https:\/\/schema.org\",\"@graph\":[{\"@type\":\"Article\",\"@id\":\"https:\/\/agenciainfra.com\/blog\/pacheco-e-alcolumbre-vetaram-gentil-nogueira-para-cargo-na-diretoria-da-aneel-que-esta-vago-ha-um-mes\/#article\",\"isPartOf\":{\"@id\":\"https:\/\/agenciainfra.com\/blog\/pacheco-e-alcolumbre-vetaram-gentil-nogueira-para-cargo-na-diretoria-da-aneel-que-esta-vago-ha-um-mes\/\"},\"author\":{\"name\":\"Ag\u00eancia iNFRA\",\"@id\":\"https:\/\/agenciainfra.com\/blog\/#\/schema\/person\/34af08dff6adea4cb22b06612ba7acfa\"},\"headline\":\"Pacheco e Alcolumbre vetaram Gentil Nogueira para cargo na diretoria da ANEEL, que est\u00e1 vago h\u00e1 um m\u00eas\",\"datePublished\":\"2024-06-26T14:00:00+00:00\",\"dateModified\":\"2026-03-13T12:38:53+00:00\",\"mainEntityOfPage\":{\"@id\":\"https:\/\/agenciainfra.com\/blog\/pacheco-e-alcolumbre-vetaram-gentil-nogueira-para-cargo-na-diretoria-da-aneel-que-esta-vago-ha-um-mes\/\"},\"wordCount\":565,\"publisher\":{\"@id\":\"https:\/\/agenciainfra.com\/blog\/#organization\"},\"image\":{\"@id\":\"https:\/\/agenciainfra.com\/blog\/pacheco-e-alcolumbre-vetaram-gentil-nogueira-para-cargo-na-diretoria-da-aneel-que-esta-vago-ha-um-mes\/#primaryimage\"},\"thumbnailUrl\":\"https:\/\/agenciainfra.com\/blog\/wp-content\/uploads\/2024\/04\/gentil-nogueira-foto-camara-dos-deputados-will-shutter.jpg\",\"keywords\":[\"Agnes da Costa\",\"Alexandre Silveira\",\"Andr\u00e9 Ruelli\",\"ANEEL\",\"ANP\",\"Artur Watt\",\"Carlos Mattar\",\"Cl\u00e1udio Jorge\",\"Davi Alcolumbre\",\"Eletronuclear\",\"energia el\u00e9trica\",\"Fernando Mosna\",\"furnas\",\"Gentil Nogueira\",\"H\u00e9lvio Guerra\",\"indica\u00e7\u00e3o de diretores\",\"Lei 9.986\/2000\",\"Leila Coimbra\",\"Marisa Wanzeller\",\"Minist\u00e9rio de Minas e Energia\",\"MME\",\"nomea\u00e7\u00e3o pol\u00edtica\",\"Otto Alencar\",\"Pietro Mendes\",\"PPSA\",\"Pr\u00e9-Sal Petr\u00f3leo S.A.\",\"PSD\",\"Regula\u00e7\u00e3o\",\"Ricardo Tili\",\"Rodrigo Pacheco\",\"Sandoval Feitosa\",\"senado\",\"Senado Federal\",\"Sidnei Bispo\",\"Silveira Alexandre\",\"substitui\u00e7\u00e3o de diretores\",\"Uni\u00e3o\",\"veto do Senado\"],\"articleSection\":[\"Cabe\u00e7alho\",\"Destaque lista\",\"Destaque Menor\",\"Geral\",\"iNFRAEnergia\"],\"inLanguage\":\"pt-BR\",\"copyrightYear\":\"2024\",\"copyrightHolder\":{\"@id\":\"https:\/\/agenciainfra.com\/blog\/#organization\"}},{\"@type\":\"WebPage\",\"@id\":\"https:\/\/agenciainfra.com\/blog\/pacheco-e-alcolumbre-vetaram-gentil-nogueira-para-cargo-na-diretoria-da-aneel-que-esta-vago-ha-um-mes\/\",\"url\":\"https:\/\/agenciainfra.com\/blog\/pacheco-e-alcolumbre-vetaram-gentil-nogueira-para-cargo-na-diretoria-da-aneel-que-esta-vago-ha-um-mes\/\",\"name\":\"Pacheco e Alcolumbre vetaram Gentil Nogueira para cargo na diretoria da ANEEL, que est\u00e1 vago h\u00e1 um m\u00eas - Ag\u00eancia iNFRA\",\"isPartOf\":{\"@id\":\"https:\/\/agenciainfra.com\/blog\/#website\"},\"primaryImageOfPage\":{\"@id\":\"https:\/\/agenciainfra.com\/blog\/pacheco-e-alcolumbre-vetaram-gentil-nogueira-para-cargo-na-diretoria-da-aneel-que-esta-vago-ha-um-mes\/#primaryimage\"},\"image\":{\"@id\":\"https:\/\/agenciainfra.com\/blog\/pacheco-e-alcolumbre-vetaram-gentil-nogueira-para-cargo-na-diretoria-da-aneel-que-esta-vago-ha-um-mes\/#primaryimage\"},\"thumbnailUrl\":\"https:\/\/agenciainfra.com\/blog\/wp-content\/uploads\/2024\/04\/gentil-nogueira-foto-camara-dos-deputados-will-shutter.jpg\",\"datePublished\":\"2024-06-26T14:00:00+00:00\",\"dateModified\":\"2026-03-13T12:38:53+00:00\",\"breadcrumb\":{\"@id\":\"https:\/\/agenciainfra.com\/blog\/pacheco-e-alcolumbre-vetaram-gentil-nogueira-para-cargo-na-diretoria-da-aneel-que-esta-vago-ha-um-mes\/#breadcrumb\"},\"inLanguage\":\"pt-BR\",\"potentialAction\":[{\"@type\":\"ReadAction\",\"target\":[\"https:\/\/agenciainfra.com\/blog\/pacheco-e-alcolumbre-vetaram-gentil-nogueira-para-cargo-na-diretoria-da-aneel-que-esta-vago-ha-um-mes\/\"]}]},{\"@type\":\"ImageObject\",\"inLanguage\":\"pt-BR\",\"@id\":\"https:\/\/agenciainfra.com\/blog\/pacheco-e-alcolumbre-vetaram-gentil-nogueira-para-cargo-na-diretoria-da-aneel-que-esta-vago-ha-um-mes\/#primaryimage\",\"url\":\"https:\/\/agenciainfra.com\/blog\/wp-content\/uploads\/2024\/04\/gentil-nogueira-foto-camara-dos-deputados-will-shutter.jpg\",\"contentUrl\":\"https:\/\/agenciainfra.com\/blog\/wp-content\/uploads\/2024\/04\/gentil-nogueira-foto-camara-dos-deputados-will-shutter.jpg\",\"width\":1202,\"height\":799,\"caption\":\"Foto: Will Shutter\/C\u00e2mara dos Deputados\"},{\"@type\":\"BreadcrumbList\",\"@id\":\"https:\/\/agenciainfra.com\/blog\/pacheco-e-alcolumbre-vetaram-gentil-nogueira-para-cargo-na-diretoria-da-aneel-que-esta-vago-ha-um-mes\/#breadcrumb\",\"itemListElement\":[{\"@type\":\"ListItem\",\"position\":1,\"name\":\"In\u00edcio\",\"item\":\"https:\/\/agenciainfra.com\/blog\/\"},{\"@type\":\"ListItem\",\"position\":2,\"name\":\"Pacheco e Alcolumbre vetaram Gentil Nogueira para cargo na diretoria da ANEEL, que est\u00e1 vago h\u00e1 um m\u00eas\"}]},{\"@type\":\"WebSite\",\"@id\":\"https:\/\/agenciainfra.com\/blog\/#website\",\"url\":\"https:\/\/agenciainfra.com\/blog\/\",\"name\":\"Ag\u00eancia iNFRA\",\"description\":\"Multiplataforma de informa\u00e7\u00e3o jornal\u00edstica refer\u00eancia na \u00e1rea de infraestrutura no Brasil!\",\"publisher\":{\"@id\":\"https:\/\/agenciainfra.com\/blog\/#organization\"},\"potentialAction\":[{\"@type\":\"SearchAction\",\"target\":{\"@type\":\"EntryPoint\",\"urlTemplate\":\"https:\/\/agenciainfra.com\/blog\/?s={search_term_string}\"},\"query-input\":{\"@type\":\"PropertyValueSpecification\",\"valueRequired\":true,\"valueName\":\"search_term_string\"}}],\"inLanguage\":\"pt-BR\"},{\"@type\":\"Organization\",\"@id\":\"https:\/\/agenciainfra.com\/blog\/#organization\",\"name\":\"Ag\u00eancia iNFRA\",\"url\":\"https:\/\/agenciainfra.com\/blog\/\",\"logo\":{\"@type\":\"ImageObject\",\"inLanguage\":\"pt-BR\",\"@id\":\"https:\/\/agenciainfra.com\/blog\/#\/schema\/logo\/image\/\",\"url\":\"https:\/\/agenciainfra.com\/blog\/wp-content\/uploads\/2023\/09\/iNFRA_5-e1761735885940.png\",\"contentUrl\":\"https:\/\/agenciainfra.com\/blog\/wp-content\/uploads\/2023\/09\/iNFRA_5-e1761735885940.png\",\"width\":1672,\"height\":454,\"caption\":\"Ag\u00eancia iNFRA\"},\"image\":{\"@id\":\"https:\/\/agenciainfra.com\/blog\/#\/schema\/logo\/image\/\"},\"sameAs\":[\"https:\/\/www.facebook.com\/ageninfra\",\"https:\/\/x.com\/agencia_infra\",\"https:\/\/www.linkedin.com\/company\/ag\u00eanciainfra\/\",\"https:\/\/www.instagram.com\/agenciainfra\/\"]},{\"@type\":\"Person\",\"@id\":\"https:\/\/agenciainfra.com\/blog\/#\/schema\/person\/34af08dff6adea4cb22b06612ba7acfa\",\"name\":\"Ag\u00eancia iNFRA\",\"image\":{\"@type\":\"ImageObject\",\"inLanguage\":\"pt-BR\",\"@id\":\"https:\/\/agenciainfra.com\/blog\/#\/schema\/person\/image\/\",\"url\":\"https:\/\/secure.gravatar.com\/avatar\/d189e01678f06d8eb84d4e01f08eb848b3fffe3f8443818d3c356c66892f5be8?s=96&d=mm&r=g\",\"contentUrl\":\"https:\/\/secure.gravatar.com\/avatar\/d189e01678f06d8eb84d4e01f08eb848b3fffe3f8443818d3c356c66892f5be8?s=96&d=mm&r=g\",\"caption\":\"Ag\u00eancia iNFRA\"},\"url\":\"https:\/\/agenciainfra.com\/blog\/author\/admin\/\"}]}<\/script>\n<!-- \/ Yoast SEO Premium plugin. -->","yoast_head_json":{"title":"Pacheco e Alcolumbre vetaram Gentil Nogueira para cargo na diretoria da ANEEL, que est\u00e1 vago h\u00e1 um m\u00eas - Ag\u00eancia iNFRA","robots":{"index":"index","follow":"follow","max-snippet":"max-snippet:-1","max-image-preview":"max-image-preview:large","max-video-preview":"max-video-preview:-1"},"canonical":"https:\/\/agenciainfra.com\/blog\/pacheco-e-alcolumbre-vetaram-gentil-nogueira-para-cargo-na-diretoria-da-aneel-que-esta-vago-ha-um-mes\/","og_locale":"pt_BR","og_type":"article","og_title":"Pacheco e Alcolumbre vetaram Gentil Nogueira para cargo na diretoria da ANEEL, que est\u00e1 vago h\u00e1 um m\u00eas","og_description":"Leila Coimbra&nbsp;e&nbsp;Marisa Wanzeller,&nbsp;da&nbsp;Ag\u00eancia iNFRA A indica\u00e7\u00e3o do secret\u00e1rio de Energia El\u00e9trica do Minist\u00e9rio de Minas\u00a0e\u00a0Energia,\u00a0Gentil\u00a0Nogueira,\u00a0para\u00a0a\u00a0diretoria\u00a0da\u00a0ANEEL\u00a0(Ag\u00eancia Nacional de Energia El\u00e9trica) foi vetada pelo Senado, informaram ao menos seis fontes com conhecimento do caso \u00e0\u00a0Ag\u00eancia iNFRA. Gentil\u00a0seria a indica\u00e7\u00e3o pessoal do ministro de Minas\u00a0e\u00a0Energia, Alexandre Silveira,\u00a0para\u00a0substituir H\u00e9lvio Guerra, cujo mandato terminou em 24 de maio. No entanto, [&hellip;]","og_url":"https:\/\/agenciainfra.com\/blog\/pacheco-e-alcolumbre-vetaram-gentil-nogueira-para-cargo-na-diretoria-da-aneel-que-esta-vago-ha-um-mes\/","og_site_name":"Ag\u00eancia iNFRA","article_publisher":"https:\/\/www.facebook.com\/ageninfra","article_published_time":"2024-06-26T14:00:00+00:00","article_modified_time":"2026-03-13T12:38:53+00:00","og_image":[{"width":1202,"height":799,"url":"https:\/\/agenciainfra.com\/blog\/wp-content\/uploads\/2024\/04\/gentil-nogueira-foto-camara-dos-deputados-will-shutter.jpg","type":"image\/jpeg"}],"author":"Ag\u00eancia iNFRA","twitter_card":"summary_large_image","twitter_creator":"@agencia_infra","twitter_site":"@agencia_infra","twitter_misc":{"Escrito por":"Ag\u00eancia iNFRA","Est. tempo de leitura":"3 minutos"},"schema":{"@context":"https:\/\/schema.org","@graph":[{"@type":"Article","@id":"https:\/\/agenciainfra.com\/blog\/pacheco-e-alcolumbre-vetaram-gentil-nogueira-para-cargo-na-diretoria-da-aneel-que-esta-vago-ha-um-mes\/#article","isPartOf":{"@id":"https:\/\/agenciainfra.com\/blog\/pacheco-e-alcolumbre-vetaram-gentil-nogueira-para-cargo-na-diretoria-da-aneel-que-esta-vago-ha-um-mes\/"},"author":{"name":"Ag\u00eancia iNFRA","@id":"https:\/\/agenciainfra.com\/blog\/#\/schema\/person\/34af08dff6adea4cb22b06612ba7acfa"},"headline":"Pacheco e Alcolumbre vetaram Gentil Nogueira para cargo na diretoria da ANEEL, que est\u00e1 vago h\u00e1 um m\u00eas","datePublished":"2024-06-26T14:00:00+00:00","dateModified":"2026-03-13T12:38:53+00:00","mainEntityOfPage":{"@id":"https:\/\/agenciainfra.com\/blog\/pacheco-e-alcolumbre-vetaram-gentil-nogueira-para-cargo-na-diretoria-da-aneel-que-esta-vago-ha-um-mes\/"},"wordCount":565,"publisher":{"@id":"https:\/\/agenciainfra.com\/blog\/#organization"},"image":{"@id":"https:\/\/agenciainfra.com\/blog\/pacheco-e-alcolumbre-vetaram-gentil-nogueira-para-cargo-na-diretoria-da-aneel-que-esta-vago-ha-um-mes\/#primaryimage"},"thumbnailUrl":"https:\/\/agenciainfra.com\/blog\/wp-content\/uploads\/2024\/04\/gentil-nogueira-foto-camara-dos-deputados-will-shutter.jpg","keywords":["Agnes da Costa","Alexandre Silveira","Andr\u00e9 Ruelli","ANEEL","ANP","Artur Watt","Carlos Mattar","Cl\u00e1udio Jorge","Davi Alcolumbre","Eletronuclear","energia el\u00e9trica","Fernando Mosna","furnas","Gentil Nogueira","H\u00e9lvio Guerra","indica\u00e7\u00e3o de diretores","Lei 9.986\/2000","Leila Coimbra","Marisa Wanzeller","Minist\u00e9rio de Minas e Energia","MME","nomea\u00e7\u00e3o pol\u00edtica","Otto Alencar","Pietro Mendes","PPSA","Pr\u00e9-Sal Petr\u00f3leo S.A.","PSD","Regula\u00e7\u00e3o","Ricardo Tili","Rodrigo Pacheco","Sandoval Feitosa","senado","Senado Federal","Sidnei Bispo","Silveira Alexandre","substitui\u00e7\u00e3o de diretores","Uni\u00e3o","veto do Senado"],"articleSection":["Cabe\u00e7alho","Destaque lista","Destaque Menor","Geral","iNFRAEnergia"],"inLanguage":"pt-BR","copyrightYear":"2024","copyrightHolder":{"@id":"https:\/\/agenciainfra.com\/blog\/#organization"}},{"@type":"WebPage","@id":"https:\/\/agenciainfra.com\/blog\/pacheco-e-alcolumbre-vetaram-gentil-nogueira-para-cargo-na-diretoria-da-aneel-que-esta-vago-ha-um-mes\/","url":"https:\/\/agenciainfra.com\/blog\/pacheco-e-alcolumbre-vetaram-gentil-nogueira-para-cargo-na-diretoria-da-aneel-que-esta-vago-ha-um-mes\/","name":"Pacheco e Alcolumbre vetaram Gentil Nogueira para cargo na diretoria da ANEEL, que est\u00e1 vago h\u00e1 um m\u00eas - Ag\u00eancia iNFRA","isPartOf":{"@id":"https:\/\/agenciainfra.com\/blog\/#website"},"primaryImageOfPage":{"@id":"https:\/\/agenciainfra.com\/blog\/pacheco-e-alcolumbre-vetaram-gentil-nogueira-para-cargo-na-diretoria-da-aneel-que-esta-vago-ha-um-mes\/#primaryimage"},"image":{"@id":"https:\/\/agenciainfra.com\/blog\/pacheco-e-alcolumbre-vetaram-gentil-nogueira-para-cargo-na-diretoria-da-aneel-que-esta-vago-ha-um-mes\/#primaryimage"},"thumbnailUrl":"https:\/\/agenciainfra.com\/blog\/wp-content\/uploads\/2024\/04\/gentil-nogueira-foto-camara-dos-deputados-will-shutter.jpg","datePublished":"2024-06-26T14:00:00+00:00","dateModified":"2026-03-13T12:38:53+00:00","breadcrumb":{"@id":"https:\/\/agenciainfra.com\/blog\/pacheco-e-alcolumbre-vetaram-gentil-nogueira-para-cargo-na-diretoria-da-aneel-que-esta-vago-ha-um-mes\/#breadcrumb"},"inLanguage":"pt-BR","potentialAction":[{"@type":"ReadAction","target":["https:\/\/agenciainfra.com\/blog\/pacheco-e-alcolumbre-vetaram-gentil-nogueira-para-cargo-na-diretoria-da-aneel-que-esta-vago-ha-um-mes\/"]}]},{"@type":"ImageObject","inLanguage":"pt-BR","@id":"https:\/\/agenciainfra.com\/blog\/pacheco-e-alcolumbre-vetaram-gentil-nogueira-para-cargo-na-diretoria-da-aneel-que-esta-vago-ha-um-mes\/#primaryimage","url":"https:\/\/agenciainfra.com\/blog\/wp-content\/uploads\/2024\/04\/gentil-nogueira-foto-camara-dos-deputados-will-shutter.jpg","contentUrl":"https:\/\/agenciainfra.com\/blog\/wp-content\/uploads\/2024\/04\/gentil-nogueira-foto-camara-dos-deputados-will-shutter.jpg","width":1202,"height":799,"caption":"Foto: Will Shutter\/C\u00e2mara dos Deputados"},{"@type":"BreadcrumbList","@id":"https:\/\/agenciainfra.com\/blog\/pacheco-e-alcolumbre-vetaram-gentil-nogueira-para-cargo-na-diretoria-da-aneel-que-esta-vago-ha-um-mes\/#breadcrumb","itemListElement":[{"@type":"ListItem","position":1,"name":"In\u00edcio","item":"https:\/\/agenciainfra.com\/blog\/"},{"@type":"ListItem","position":2,"name":"Pacheco e Alcolumbre vetaram Gentil Nogueira para cargo na diretoria da ANEEL, que est\u00e1 vago h\u00e1 um m\u00eas"}]},{"@type":"WebSite","@id":"https:\/\/agenciainfra.com\/blog\/#website","url":"https:\/\/agenciainfra.com\/blog\/","name":"Ag\u00eancia iNFRA","description":"Multiplataforma de informa\u00e7\u00e3o jornal\u00edstica refer\u00eancia na \u00e1rea de infraestrutura no Brasil!","publisher":{"@id":"https:\/\/agenciainfra.com\/blog\/#organization"},"potentialAction":[{"@type":"SearchAction","target":{"@type":"EntryPoint","urlTemplate":"https:\/\/agenciainfra.com\/blog\/?s={search_term_string}"},"query-input":{"@type":"PropertyValueSpecification","valueRequired":true,"valueName":"search_term_string"}}],"inLanguage":"pt-BR"},{"@type":"Organization","@id":"https:\/\/agenciainfra.com\/blog\/#organization","name":"Ag\u00eancia iNFRA","url":"https:\/\/agenciainfra.com\/blog\/","logo":{"@type":"ImageObject","inLanguage":"pt-BR","@id":"https:\/\/agenciainfra.com\/blog\/#\/schema\/logo\/image\/","url":"https:\/\/agenciainfra.com\/blog\/wp-content\/uploads\/2023\/09\/iNFRA_5-e1761735885940.png","contentUrl":"https:\/\/agenciainfra.com\/blog\/wp-content\/uploads\/2023\/09\/iNFRA_5-e1761735885940.png","width":1672,"height":454,"caption":"Ag\u00eancia iNFRA"},"image":{"@id":"https:\/\/agenciainfra.com\/blog\/#\/schema\/logo\/image\/"},"sameAs":["https:\/\/www.facebook.com\/ageninfra","https:\/\/x.com\/agencia_infra","https:\/\/www.linkedin.com\/company\/ag\u00eanciainfra\/","https:\/\/www.instagram.com\/agenciainfra\/"]},{"@type":"Person","@id":"https:\/\/agenciainfra.com\/blog\/#\/schema\/person\/34af08dff6adea4cb22b06612ba7acfa","name":"Ag\u00eancia iNFRA","image":{"@type":"ImageObject","inLanguage":"pt-BR","@id":"https:\/\/agenciainfra.com\/blog\/#\/schema\/person\/image\/","url":"https:\/\/secure.gravatar.com\/avatar\/d189e01678f06d8eb84d4e01f08eb848b3fffe3f8443818d3c356c66892f5be8?s=96&d=mm&r=g","contentUrl":"https:\/\/secure.gravatar.com\/avatar\/d189e01678f06d8eb84d4e01f08eb848b3fffe3f8443818d3c356c66892f5be8?s=96&d=mm&r=g","caption":"Ag\u00eancia iNFRA"},"url":"https:\/\/agenciainfra.com\/blog\/author\/admin\/"}]}},"_links":{"self":[{"href":"https:\/\/agenciainfra.com\/blog\/wp-json\/wp\/v2\/posts\/17399","targetHints":{"allow":["GET"]}}],"collection":[{"href":"https:\/\/agenciainfra.com\/blog\/wp-json\/wp\/v2\/posts"}],"about":[{"href":"https:\/\/agenciainfra.com\/blog\/wp-json\/wp\/v2\/types\/post"}],"author":[{"embeddable":true,"href":"https:\/\/agenciainfra.com\/blog\/wp-json\/wp\/v2\/users\/1"}],"replies":[{"embeddable":true,"href":"https:\/\/agenciainfra.com\/blog\/wp-json\/wp\/v2\/comments?post=17399"}],"version-history":[{"count":1,"href":"https:\/\/agenciainfra.com\/blog\/wp-json\/wp\/v2\/posts\/17399\/revisions"}],"predecessor-version":[{"id":17400,"href":"https:\/\/agenciainfra.com\/blog\/wp-json\/wp\/v2\/posts\/17399\/revisions\/17400"}],"wp:featuredmedia":[{"embeddable":true,"href":"https:\/\/agenciainfra.com\/blog\/wp-json\/wp\/v2\/media\/16424"}],"wp:attachment":[{"href":"https:\/\/agenciainfra.com\/blog\/wp-json\/wp\/v2\/media?parent=17399"}],"wp:term":[{"taxonomy":"category","embeddable":true,"href":"https:\/\/agenciainfra.com\/blog\/wp-json\/wp\/v2\/categories?post=17399"},{"taxonomy":"post_tag","embeddable":true,"href":"https:\/\/agenciainfra.com\/blog\/wp-json\/wp\/v2\/tags?post=17399"}],"curies":[{"name":"wp","href":"https:\/\/api.w.org\/{rel}","templated":true}]}}