{"id":17414,"date":"2024-06-27T11:00:00","date_gmt":"2024-06-27T14:00:00","guid":{"rendered":"https:\/\/agenciainfra.com\/blog\/?p=17414"},"modified":"2026-03-13T09:38:51","modified_gmt":"2026-03-13T12:38:51","slug":"presidente-do-tcu-cobra-uma-decisao-sobre-mandato-de-diretores-de-agencias-em-31-de-julho","status":"publish","type":"post","link":"https:\/\/agenciainfra.com\/blog\/presidente-do-tcu-cobra-uma-decisao-sobre-mandato-de-diretores-de-agencias-em-31-de-julho\/","title":{"rendered":"Presidente do TCU cobra uma decis\u00e3o sobre mandato de diretores de ag\u00eancias em 31 de julho"},"content":{"rendered":"\n<p class=\"has-text-align-right\"><strong>Marisa Wanzeller, da&nbsp;Ag\u00eancia iNFRA<\/strong><\/p>\n\n\n\n<p>Os ministros do TCU (Tribunal de Contas da Uni\u00e3o) adiaram novamente a decis\u00e3o do processo que trata sobre o tempo de mandato dos diretores das ag\u00eancias reguladoras, que pode afetar o mandato do diretor-geral da ANEEL (Ag\u00eancia Nacional de Energia El\u00e9trica), Sandoval Feitosa. Na sess\u00e3o desta quarta-feira (26), o presidente da corte, Bruno Dantas, pediu celeridade para a vota\u00e7\u00e3o do processo que foi pautado pela primeira vez em agosto de 2023.<br><br>Dantas disse que o plen\u00e1rio da casa precisa tomar uma decis\u00e3o\u00a0no dia\u00a031 de julho, quando o processo dever\u00e1 retornar \u00e0 pauta. J\u00e1 o\u00a0relator, ministro Walton Alencar, quer\u00a0ampliar o prazo da decis\u00e3o para o fim do ano, alegando a complexidade do tema em rela\u00e7\u00e3o ao Congresso Nacional.<br><br>O presidente do tribunal\u00a0enfatizou que, caso o voto do relator prevale\u00e7a, &#8220;a cada dia que se passa \u00e9 um dia de exerc\u00edcio irregular de um mandato que descumpre a lei das ag\u00eancias reguladoras&#8221;. Al\u00e9m disso, ele afirmou que h\u00e1 inseguran\u00e7a dos diretores de ag\u00eancias e de todo o setor regulado no fato de o TCU n\u00e3o decidir sobre o tema.\u00a0<br><br>&#8220;N\u00f3s estamos tratando fundamentalmente do prazo do mandato de diretores de ag\u00eancias reguladoras, que t\u00eam fun\u00e7\u00f5es ser\u00edssimas e que precisam de tranquilidade para exercer o seu mister. Essa situa\u00e7\u00e3o de inseguran\u00e7a, na verdade, se alastra para o setor regulado&#8221;, afirmou o ministro.<br><br><strong>Miss\u00f5es oficiais<\/strong><br>Ap\u00f3s sinaliza\u00e7\u00e3o do ministro Augusto Nardes, um dos revisores do processo, de que n\u00e3o estaria presente na sess\u00e3o de 31 de julho, Bruno Dantas chegou a dizer que a presid\u00eancia do tribunal teria que &#8220;proibir miss\u00f5es oficiais&#8221; para que o processo seja apreciado.\u00a0<br><br>&#8220;A presid\u00eancia ter\u00e1 que de alguma forma compatibilizar os trabalhos do plen\u00e1rio com as tarefas internacionais que recaem sobre os ombros dos senhores ministros&#8221;, disse o presidente do tribunal, ao &#8220;lembrar que a prioridade deve ser o plen\u00e1rio&#8221;.<br><br><strong>Voto<\/strong><br>Em agosto do ano passado, o ministro\u00a0Walton Alencar apresentou voto indicando que o tempo de mandato total dos diretores deve ser de cinco anos. Isso faz com que presidentes e diretores-gerais das ag\u00eancias que tinham sido diretores antes de assumir o cargo principal deixem o mandato com cinco anos, a contar do ingresso na vaga anterior. Na ocasi\u00e3o, os ministros Jhonatan de Jesus e Augusto Nardes solicitaram vista ao processo.<br><br>Se esse entendimento prevalecer, al\u00e9m do presidente da Anatel (Ag\u00eancia Nacional de Telecomunica\u00e7\u00f5es), Carlos Baigorri \u2013 que \u00e9 o foco do processo que tramita no TCU \u2013, o diretor-geral Sandoval Feitosa (ANEEL) e os diretores-presidentes Barra Torres (Anvisa), Paulo Rebello (ANS) e Alex Muniz (Ancine) tamb\u00e9m poder\u00e3o ter seus mandatos abreviados.<\/p>\n","protected":false},"excerpt":{"rendered":"<p>Marisa Wanzeller, da&nbsp;Ag\u00eancia iNFRA Os ministros do TCU (Tribunal de Contas da Uni\u00e3o) adiaram novamente a decis\u00e3o do processo que trata sobre o tempo de mandato dos diretores das ag\u00eancias reguladoras, que pode afetar o mandato do diretor-geral da ANEEL (Ag\u00eancia Nacional de Energia El\u00e9trica), Sandoval Feitosa. Na sess\u00e3o desta quarta-feira (26), o presidente da [&hellip;]<\/p>\n","protected":false},"author":1,"featured_media":11910,"comment_status":"closed","ping_status":"closed","sticky":false,"template":"","format":"standard","meta":{"_monsterinsights_skip_tracking":false,"_monsterinsights_sitenote_active":false,"_monsterinsights_sitenote_note":"","_monsterinsights_sitenote_category":0,"footnotes":""},"categories":[7250,1,10],"tags":[72,46,10300,2234,10302,53,10301,2594,822,10303,396,10304,10376,779,282,3125,10374,7366,10307,1026,10375,18,2639,927,9901,10377,1204],"class_list":["post-17414","post","type-post","status-publish","format-standard","has-post-thumbnail","hentry","category-destaque-lista","category-geral","category-infraenergia","tag-agencia-reguladora","tag-agencias-reguladoras","tag-alex-muniz","tag-anatel","tag-ancine","tag-aneel","tag-ans","tag-anvisa","tag-augusto-nardes","tag-barra-torres","tag-bruno-dantas","tag-carlos-baigorri","tag-cinema","tag-congresso-nacional","tag-energia-eletrica","tag-jhonatan-de-jesus","tag-mandato-dos-diretores","tag-marisa-wanzeller","tag-paulo-rebello","tag-sandoval-feitosa","tag-saude-suplementar","tag-tcu","tag-telecomunicacoes","tag-tribunal-de-contas-da-uniao","tag-vigilancia-sanitaria","tag-voto-do-relator","tag-walton-alencar"],"yoast_head":"<!-- This site is optimized with the Yoast SEO Premium plugin v25.4 (Yoast SEO v26.0) - https:\/\/yoast.com\/wordpress\/plugins\/seo\/ -->\n<title>Presidente do TCU cobra uma decis\u00e3o sobre mandato de diretores de ag\u00eancias em 31 de julho - Ag\u00eancia iNFRA<\/title>\n<meta name=\"robots\" content=\"index, follow, max-snippet:-1, max-image-preview:large, max-video-preview:-1\" \/>\n<link rel=\"canonical\" href=\"https:\/\/agenciainfra.com\/blog\/presidente-do-tcu-cobra-uma-decisao-sobre-mandato-de-diretores-de-agencias-em-31-de-julho\/\" \/>\n<meta property=\"og:locale\" content=\"pt_BR\" \/>\n<meta property=\"og:type\" content=\"article\" \/>\n<meta property=\"og:title\" content=\"Presidente do TCU cobra uma decis\u00e3o sobre mandato de diretores de ag\u00eancias em 31 de julho\" \/>\n<meta property=\"og:description\" content=\"Marisa Wanzeller, da&nbsp;Ag\u00eancia iNFRA Os ministros do TCU (Tribunal de Contas da Uni\u00e3o) adiaram novamente a decis\u00e3o do processo que trata sobre o tempo de mandato dos diretores das ag\u00eancias reguladoras, que pode afetar o mandato do diretor-geral da ANEEL (Ag\u00eancia Nacional de Energia El\u00e9trica), Sandoval Feitosa. Na sess\u00e3o desta quarta-feira (26), o presidente da [&hellip;]\" \/>\n<meta property=\"og:url\" content=\"https:\/\/agenciainfra.com\/blog\/presidente-do-tcu-cobra-uma-decisao-sobre-mandato-de-diretores-de-agencias-em-31-de-julho\/\" \/>\n<meta property=\"og:site_name\" content=\"Ag\u00eancia iNFRA\" \/>\n<meta property=\"article:publisher\" content=\"https:\/\/www.facebook.com\/ageninfra\" \/>\n<meta property=\"article:published_time\" content=\"2024-06-27T14:00:00+00:00\" \/>\n<meta property=\"article:modified_time\" content=\"2026-03-13T12:38:51+00:00\" \/>\n<meta property=\"og:image\" content=\"https:\/\/agenciainfra.com\/blog\/wp-content\/uploads\/2022\/12\/bruno-dantas-foto-tcu.jpeg\" \/>\n\t<meta property=\"og:image:width\" content=\"1280\" \/>\n\t<meta property=\"og:image:height\" content=\"853\" \/>\n\t<meta property=\"og:image:type\" content=\"image\/jpeg\" \/>\n<meta name=\"author\" content=\"Ag\u00eancia iNFRA\" \/>\n<meta name=\"twitter:card\" content=\"summary_large_image\" \/>\n<meta name=\"twitter:creator\" content=\"@agencia_infra\" \/>\n<meta name=\"twitter:site\" content=\"@agencia_infra\" \/>\n<meta name=\"twitter:label1\" content=\"Escrito por\" \/>\n\t<meta name=\"twitter:data1\" content=\"Ag\u00eancia iNFRA\" \/>\n\t<meta name=\"twitter:label2\" content=\"Est. tempo de leitura\" \/>\n\t<meta name=\"twitter:data2\" content=\"2 minutos\" \/>\n<script type=\"application\/ld+json\" class=\"yoast-schema-graph\">{\"@context\":\"https:\/\/schema.org\",\"@graph\":[{\"@type\":\"Article\",\"@id\":\"https:\/\/agenciainfra.com\/blog\/presidente-do-tcu-cobra-uma-decisao-sobre-mandato-de-diretores-de-agencias-em-31-de-julho\/#article\",\"isPartOf\":{\"@id\":\"https:\/\/agenciainfra.com\/blog\/presidente-do-tcu-cobra-uma-decisao-sobre-mandato-de-diretores-de-agencias-em-31-de-julho\/\"},\"author\":{\"name\":\"Ag\u00eancia iNFRA\",\"@id\":\"https:\/\/agenciainfra.com\/blog\/#\/schema\/person\/34af08dff6adea4cb22b06612ba7acfa\"},\"headline\":\"Presidente do TCU cobra uma decis\u00e3o sobre mandato de diretores de ag\u00eancias em 31 de julho\",\"datePublished\":\"2024-06-27T14:00:00+00:00\",\"dateModified\":\"2026-03-13T12:38:51+00:00\",\"mainEntityOfPage\":{\"@id\":\"https:\/\/agenciainfra.com\/blog\/presidente-do-tcu-cobra-uma-decisao-sobre-mandato-de-diretores-de-agencias-em-31-de-julho\/\"},\"wordCount\":487,\"publisher\":{\"@id\":\"https:\/\/agenciainfra.com\/blog\/#organization\"},\"image\":{\"@id\":\"https:\/\/agenciainfra.com\/blog\/presidente-do-tcu-cobra-uma-decisao-sobre-mandato-de-diretores-de-agencias-em-31-de-julho\/#primaryimage\"},\"thumbnailUrl\":\"https:\/\/agenciainfra.com\/blog\/wp-content\/uploads\/2022\/12\/bruno-dantas-foto-tcu.jpeg\",\"keywords\":[\"ag\u00eancia reguladora\",\"Ag\u00eancias Reguladoras\",\"Alex Muniz\",\"Anatel\",\"Ancine\",\"ANEEL\",\"ANS\",\"Anvisa\",\"Augusto Nardes\",\"Barra Torres\",\"Bruno Dantas\",\"Carlos Baigorri\",\"Cinema\",\"Congresso Nacional\",\"energia el\u00e9trica\",\"Jhonatan de Jesus\",\"mandato dos diretores\",\"Marisa Wanzeller\",\"Paulo Rebello\",\"Sandoval Feitosa\",\"Sa\u00fade Suplementar\",\"TCU\",\"telecomunica\u00e7\u00f5es\",\"Tribunal de Contas da Uni\u00e3o\",\"Vigil\u00e2ncia Sanit\u00e1ria\",\"voto do relator\",\"Walton Alencar\"],\"articleSection\":[\"Destaque lista\",\"Geral\",\"iNFRAEnergia\"],\"inLanguage\":\"pt-BR\",\"copyrightYear\":\"2024\",\"copyrightHolder\":{\"@id\":\"https:\/\/agenciainfra.com\/blog\/#organization\"}},{\"@type\":\"WebPage\",\"@id\":\"https:\/\/agenciainfra.com\/blog\/presidente-do-tcu-cobra-uma-decisao-sobre-mandato-de-diretores-de-agencias-em-31-de-julho\/\",\"url\":\"https:\/\/agenciainfra.com\/blog\/presidente-do-tcu-cobra-uma-decisao-sobre-mandato-de-diretores-de-agencias-em-31-de-julho\/\",\"name\":\"Presidente do TCU cobra uma decis\u00e3o sobre mandato de diretores de ag\u00eancias em 31 de julho - Ag\u00eancia iNFRA\",\"isPartOf\":{\"@id\":\"https:\/\/agenciainfra.com\/blog\/#website\"},\"primaryImageOfPage\":{\"@id\":\"https:\/\/agenciainfra.com\/blog\/presidente-do-tcu-cobra-uma-decisao-sobre-mandato-de-diretores-de-agencias-em-31-de-julho\/#primaryimage\"},\"image\":{\"@id\":\"https:\/\/agenciainfra.com\/blog\/presidente-do-tcu-cobra-uma-decisao-sobre-mandato-de-diretores-de-agencias-em-31-de-julho\/#primaryimage\"},\"thumbnailUrl\":\"https:\/\/agenciainfra.com\/blog\/wp-content\/uploads\/2022\/12\/bruno-dantas-foto-tcu.jpeg\",\"datePublished\":\"2024-06-27T14:00:00+00:00\",\"dateModified\":\"2026-03-13T12:38:51+00:00\",\"breadcrumb\":{\"@id\":\"https:\/\/agenciainfra.com\/blog\/presidente-do-tcu-cobra-uma-decisao-sobre-mandato-de-diretores-de-agencias-em-31-de-julho\/#breadcrumb\"},\"inLanguage\":\"pt-BR\",\"potentialAction\":[{\"@type\":\"ReadAction\",\"target\":[\"https:\/\/agenciainfra.com\/blog\/presidente-do-tcu-cobra-uma-decisao-sobre-mandato-de-diretores-de-agencias-em-31-de-julho\/\"]}]},{\"@type\":\"ImageObject\",\"inLanguage\":\"pt-BR\",\"@id\":\"https:\/\/agenciainfra.com\/blog\/presidente-do-tcu-cobra-uma-decisao-sobre-mandato-de-diretores-de-agencias-em-31-de-julho\/#primaryimage\",\"url\":\"https:\/\/agenciainfra.com\/blog\/wp-content\/uploads\/2022\/12\/bruno-dantas-foto-tcu.jpeg\",\"contentUrl\":\"https:\/\/agenciainfra.com\/blog\/wp-content\/uploads\/2022\/12\/bruno-dantas-foto-tcu.jpeg\",\"width\":1280,\"height\":853},{\"@type\":\"BreadcrumbList\",\"@id\":\"https:\/\/agenciainfra.com\/blog\/presidente-do-tcu-cobra-uma-decisao-sobre-mandato-de-diretores-de-agencias-em-31-de-julho\/#breadcrumb\",\"itemListElement\":[{\"@type\":\"ListItem\",\"position\":1,\"name\":\"In\u00edcio\",\"item\":\"https:\/\/agenciainfra.com\/blog\/\"},{\"@type\":\"ListItem\",\"position\":2,\"name\":\"Presidente do TCU cobra uma decis\u00e3o sobre mandato de diretores de ag\u00eancias em 31 de julho\"}]},{\"@type\":\"WebSite\",\"@id\":\"https:\/\/agenciainfra.com\/blog\/#website\",\"url\":\"https:\/\/agenciainfra.com\/blog\/\",\"name\":\"Ag\u00eancia iNFRA\",\"description\":\"Multiplataforma de informa\u00e7\u00e3o jornal\u00edstica refer\u00eancia na \u00e1rea de infraestrutura no Brasil!\",\"publisher\":{\"@id\":\"https:\/\/agenciainfra.com\/blog\/#organization\"},\"potentialAction\":[{\"@type\":\"SearchAction\",\"target\":{\"@type\":\"EntryPoint\",\"urlTemplate\":\"https:\/\/agenciainfra.com\/blog\/?s={search_term_string}\"},\"query-input\":{\"@type\":\"PropertyValueSpecification\",\"valueRequired\":true,\"valueName\":\"search_term_string\"}}],\"inLanguage\":\"pt-BR\"},{\"@type\":\"Organization\",\"@id\":\"https:\/\/agenciainfra.com\/blog\/#organization\",\"name\":\"Ag\u00eancia iNFRA\",\"url\":\"https:\/\/agenciainfra.com\/blog\/\",\"logo\":{\"@type\":\"ImageObject\",\"inLanguage\":\"pt-BR\",\"@id\":\"https:\/\/agenciainfra.com\/blog\/#\/schema\/logo\/image\/\",\"url\":\"https:\/\/agenciainfra.com\/blog\/wp-content\/uploads\/2023\/09\/iNFRA_5-e1761735885940.png\",\"contentUrl\":\"https:\/\/agenciainfra.com\/blog\/wp-content\/uploads\/2023\/09\/iNFRA_5-e1761735885940.png\",\"width\":1672,\"height\":454,\"caption\":\"Ag\u00eancia iNFRA\"},\"image\":{\"@id\":\"https:\/\/agenciainfra.com\/blog\/#\/schema\/logo\/image\/\"},\"sameAs\":[\"https:\/\/www.facebook.com\/ageninfra\",\"https:\/\/x.com\/agencia_infra\",\"https:\/\/www.linkedin.com\/company\/ag\u00eanciainfra\/\",\"https:\/\/www.instagram.com\/agenciainfra\/\"]},{\"@type\":\"Person\",\"@id\":\"https:\/\/agenciainfra.com\/blog\/#\/schema\/person\/34af08dff6adea4cb22b06612ba7acfa\",\"name\":\"Ag\u00eancia iNFRA\",\"image\":{\"@type\":\"ImageObject\",\"inLanguage\":\"pt-BR\",\"@id\":\"https:\/\/agenciainfra.com\/blog\/#\/schema\/person\/image\/\",\"url\":\"https:\/\/secure.gravatar.com\/avatar\/d189e01678f06d8eb84d4e01f08eb848b3fffe3f8443818d3c356c66892f5be8?s=96&d=mm&r=g\",\"contentUrl\":\"https:\/\/secure.gravatar.com\/avatar\/d189e01678f06d8eb84d4e01f08eb848b3fffe3f8443818d3c356c66892f5be8?s=96&d=mm&r=g\",\"caption\":\"Ag\u00eancia iNFRA\"},\"url\":\"https:\/\/agenciainfra.com\/blog\/author\/admin\/\"}]}<\/script>\n<!-- \/ Yoast SEO Premium plugin. -->","yoast_head_json":{"title":"Presidente do TCU cobra uma decis\u00e3o sobre mandato de diretores de ag\u00eancias em 31 de julho - Ag\u00eancia iNFRA","robots":{"index":"index","follow":"follow","max-snippet":"max-snippet:-1","max-image-preview":"max-image-preview:large","max-video-preview":"max-video-preview:-1"},"canonical":"https:\/\/agenciainfra.com\/blog\/presidente-do-tcu-cobra-uma-decisao-sobre-mandato-de-diretores-de-agencias-em-31-de-julho\/","og_locale":"pt_BR","og_type":"article","og_title":"Presidente do TCU cobra uma decis\u00e3o sobre mandato de diretores de ag\u00eancias em 31 de julho","og_description":"Marisa Wanzeller, da&nbsp;Ag\u00eancia iNFRA Os ministros do TCU (Tribunal de Contas da Uni\u00e3o) adiaram novamente a decis\u00e3o do processo que trata sobre o tempo de mandato dos diretores das ag\u00eancias reguladoras, que pode afetar o mandato do diretor-geral da ANEEL (Ag\u00eancia Nacional de Energia El\u00e9trica), Sandoval Feitosa. Na sess\u00e3o desta quarta-feira (26), o presidente da [&hellip;]","og_url":"https:\/\/agenciainfra.com\/blog\/presidente-do-tcu-cobra-uma-decisao-sobre-mandato-de-diretores-de-agencias-em-31-de-julho\/","og_site_name":"Ag\u00eancia iNFRA","article_publisher":"https:\/\/www.facebook.com\/ageninfra","article_published_time":"2024-06-27T14:00:00+00:00","article_modified_time":"2026-03-13T12:38:51+00:00","og_image":[{"width":1280,"height":853,"url":"https:\/\/agenciainfra.com\/blog\/wp-content\/uploads\/2022\/12\/bruno-dantas-foto-tcu.jpeg","type":"image\/jpeg"}],"author":"Ag\u00eancia iNFRA","twitter_card":"summary_large_image","twitter_creator":"@agencia_infra","twitter_site":"@agencia_infra","twitter_misc":{"Escrito por":"Ag\u00eancia iNFRA","Est. tempo de leitura":"2 minutos"},"schema":{"@context":"https:\/\/schema.org","@graph":[{"@type":"Article","@id":"https:\/\/agenciainfra.com\/blog\/presidente-do-tcu-cobra-uma-decisao-sobre-mandato-de-diretores-de-agencias-em-31-de-julho\/#article","isPartOf":{"@id":"https:\/\/agenciainfra.com\/blog\/presidente-do-tcu-cobra-uma-decisao-sobre-mandato-de-diretores-de-agencias-em-31-de-julho\/"},"author":{"name":"Ag\u00eancia iNFRA","@id":"https:\/\/agenciainfra.com\/blog\/#\/schema\/person\/34af08dff6adea4cb22b06612ba7acfa"},"headline":"Presidente do TCU cobra uma decis\u00e3o sobre mandato de diretores de ag\u00eancias em 31 de julho","datePublished":"2024-06-27T14:00:00+00:00","dateModified":"2026-03-13T12:38:51+00:00","mainEntityOfPage":{"@id":"https:\/\/agenciainfra.com\/blog\/presidente-do-tcu-cobra-uma-decisao-sobre-mandato-de-diretores-de-agencias-em-31-de-julho\/"},"wordCount":487,"publisher":{"@id":"https:\/\/agenciainfra.com\/blog\/#organization"},"image":{"@id":"https:\/\/agenciainfra.com\/blog\/presidente-do-tcu-cobra-uma-decisao-sobre-mandato-de-diretores-de-agencias-em-31-de-julho\/#primaryimage"},"thumbnailUrl":"https:\/\/agenciainfra.com\/blog\/wp-content\/uploads\/2022\/12\/bruno-dantas-foto-tcu.jpeg","keywords":["ag\u00eancia reguladora","Ag\u00eancias Reguladoras","Alex Muniz","Anatel","Ancine","ANEEL","ANS","Anvisa","Augusto Nardes","Barra Torres","Bruno Dantas","Carlos Baigorri","Cinema","Congresso Nacional","energia el\u00e9trica","Jhonatan de Jesus","mandato dos diretores","Marisa Wanzeller","Paulo Rebello","Sandoval Feitosa","Sa\u00fade Suplementar","TCU","telecomunica\u00e7\u00f5es","Tribunal de Contas da Uni\u00e3o","Vigil\u00e2ncia Sanit\u00e1ria","voto do relator","Walton Alencar"],"articleSection":["Destaque lista","Geral","iNFRAEnergia"],"inLanguage":"pt-BR","copyrightYear":"2024","copyrightHolder":{"@id":"https:\/\/agenciainfra.com\/blog\/#organization"}},{"@type":"WebPage","@id":"https:\/\/agenciainfra.com\/blog\/presidente-do-tcu-cobra-uma-decisao-sobre-mandato-de-diretores-de-agencias-em-31-de-julho\/","url":"https:\/\/agenciainfra.com\/blog\/presidente-do-tcu-cobra-uma-decisao-sobre-mandato-de-diretores-de-agencias-em-31-de-julho\/","name":"Presidente do TCU cobra uma decis\u00e3o sobre mandato de diretores de ag\u00eancias em 31 de julho - Ag\u00eancia iNFRA","isPartOf":{"@id":"https:\/\/agenciainfra.com\/blog\/#website"},"primaryImageOfPage":{"@id":"https:\/\/agenciainfra.com\/blog\/presidente-do-tcu-cobra-uma-decisao-sobre-mandato-de-diretores-de-agencias-em-31-de-julho\/#primaryimage"},"image":{"@id":"https:\/\/agenciainfra.com\/blog\/presidente-do-tcu-cobra-uma-decisao-sobre-mandato-de-diretores-de-agencias-em-31-de-julho\/#primaryimage"},"thumbnailUrl":"https:\/\/agenciainfra.com\/blog\/wp-content\/uploads\/2022\/12\/bruno-dantas-foto-tcu.jpeg","datePublished":"2024-06-27T14:00:00+00:00","dateModified":"2026-03-13T12:38:51+00:00","breadcrumb":{"@id":"https:\/\/agenciainfra.com\/blog\/presidente-do-tcu-cobra-uma-decisao-sobre-mandato-de-diretores-de-agencias-em-31-de-julho\/#breadcrumb"},"inLanguage":"pt-BR","potentialAction":[{"@type":"ReadAction","target":["https:\/\/agenciainfra.com\/blog\/presidente-do-tcu-cobra-uma-decisao-sobre-mandato-de-diretores-de-agencias-em-31-de-julho\/"]}]},{"@type":"ImageObject","inLanguage":"pt-BR","@id":"https:\/\/agenciainfra.com\/blog\/presidente-do-tcu-cobra-uma-decisao-sobre-mandato-de-diretores-de-agencias-em-31-de-julho\/#primaryimage","url":"https:\/\/agenciainfra.com\/blog\/wp-content\/uploads\/2022\/12\/bruno-dantas-foto-tcu.jpeg","contentUrl":"https:\/\/agenciainfra.com\/blog\/wp-content\/uploads\/2022\/12\/bruno-dantas-foto-tcu.jpeg","width":1280,"height":853},{"@type":"BreadcrumbList","@id":"https:\/\/agenciainfra.com\/blog\/presidente-do-tcu-cobra-uma-decisao-sobre-mandato-de-diretores-de-agencias-em-31-de-julho\/#breadcrumb","itemListElement":[{"@type":"ListItem","position":1,"name":"In\u00edcio","item":"https:\/\/agenciainfra.com\/blog\/"},{"@type":"ListItem","position":2,"name":"Presidente do TCU cobra uma decis\u00e3o sobre mandato de diretores de ag\u00eancias em 31 de julho"}]},{"@type":"WebSite","@id":"https:\/\/agenciainfra.com\/blog\/#website","url":"https:\/\/agenciainfra.com\/blog\/","name":"Ag\u00eancia iNFRA","description":"Multiplataforma de informa\u00e7\u00e3o jornal\u00edstica refer\u00eancia na \u00e1rea de infraestrutura no Brasil!","publisher":{"@id":"https:\/\/agenciainfra.com\/blog\/#organization"},"potentialAction":[{"@type":"SearchAction","target":{"@type":"EntryPoint","urlTemplate":"https:\/\/agenciainfra.com\/blog\/?s={search_term_string}"},"query-input":{"@type":"PropertyValueSpecification","valueRequired":true,"valueName":"search_term_string"}}],"inLanguage":"pt-BR"},{"@type":"Organization","@id":"https:\/\/agenciainfra.com\/blog\/#organization","name":"Ag\u00eancia iNFRA","url":"https:\/\/agenciainfra.com\/blog\/","logo":{"@type":"ImageObject","inLanguage":"pt-BR","@id":"https:\/\/agenciainfra.com\/blog\/#\/schema\/logo\/image\/","url":"https:\/\/agenciainfra.com\/blog\/wp-content\/uploads\/2023\/09\/iNFRA_5-e1761735885940.png","contentUrl":"https:\/\/agenciainfra.com\/blog\/wp-content\/uploads\/2023\/09\/iNFRA_5-e1761735885940.png","width":1672,"height":454,"caption":"Ag\u00eancia iNFRA"},"image":{"@id":"https:\/\/agenciainfra.com\/blog\/#\/schema\/logo\/image\/"},"sameAs":["https:\/\/www.facebook.com\/ageninfra","https:\/\/x.com\/agencia_infra","https:\/\/www.linkedin.com\/company\/ag\u00eanciainfra\/","https:\/\/www.instagram.com\/agenciainfra\/"]},{"@type":"Person","@id":"https:\/\/agenciainfra.com\/blog\/#\/schema\/person\/34af08dff6adea4cb22b06612ba7acfa","name":"Ag\u00eancia iNFRA","image":{"@type":"ImageObject","inLanguage":"pt-BR","@id":"https:\/\/agenciainfra.com\/blog\/#\/schema\/person\/image\/","url":"https:\/\/secure.gravatar.com\/avatar\/d189e01678f06d8eb84d4e01f08eb848b3fffe3f8443818d3c356c66892f5be8?s=96&d=mm&r=g","contentUrl":"https:\/\/secure.gravatar.com\/avatar\/d189e01678f06d8eb84d4e01f08eb848b3fffe3f8443818d3c356c66892f5be8?s=96&d=mm&r=g","caption":"Ag\u00eancia iNFRA"},"url":"https:\/\/agenciainfra.com\/blog\/author\/admin\/"}]}},"_links":{"self":[{"href":"https:\/\/agenciainfra.com\/blog\/wp-json\/wp\/v2\/posts\/17414","targetHints":{"allow":["GET"]}}],"collection":[{"href":"https:\/\/agenciainfra.com\/blog\/wp-json\/wp\/v2\/posts"}],"about":[{"href":"https:\/\/agenciainfra.com\/blog\/wp-json\/wp\/v2\/types\/post"}],"author":[{"embeddable":true,"href":"https:\/\/agenciainfra.com\/blog\/wp-json\/wp\/v2\/users\/1"}],"replies":[{"embeddable":true,"href":"https:\/\/agenciainfra.com\/blog\/wp-json\/wp\/v2\/comments?post=17414"}],"version-history":[{"count":1,"href":"https:\/\/agenciainfra.com\/blog\/wp-json\/wp\/v2\/posts\/17414\/revisions"}],"predecessor-version":[{"id":17415,"href":"https:\/\/agenciainfra.com\/blog\/wp-json\/wp\/v2\/posts\/17414\/revisions\/17415"}],"wp:featuredmedia":[{"embeddable":true,"href":"https:\/\/agenciainfra.com\/blog\/wp-json\/wp\/v2\/media\/11910"}],"wp:attachment":[{"href":"https:\/\/agenciainfra.com\/blog\/wp-json\/wp\/v2\/media?parent=17414"}],"wp:term":[{"taxonomy":"category","embeddable":true,"href":"https:\/\/agenciainfra.com\/blog\/wp-json\/wp\/v2\/categories?post=17414"},{"taxonomy":"post_tag","embeddable":true,"href":"https:\/\/agenciainfra.com\/blog\/wp-json\/wp\/v2\/tags?post=17414"}],"curies":[{"name":"wp","href":"https:\/\/api.w.org\/{rel}","templated":true}]}}