{"id":17434,"date":"2024-06-28T11:00:00","date_gmt":"2024-06-28T14:00:00","guid":{"rendered":"https:\/\/agenciainfra.com\/blog\/?p=17434"},"modified":"2026-03-13T09:38:50","modified_gmt":"2026-03-13T12:38:50","slug":"senado-apresentara-lei-complementar-para-solucionar-divida-de-mg-cemig-deve-ser-federalizada","status":"publish","type":"post","link":"https:\/\/agenciainfra.com\/blog\/senado-apresentara-lei-complementar-para-solucionar-divida-de-mg-cemig-deve-ser-federalizada\/","title":{"rendered":"Senado apresentar\u00e1 lei complementar para solucionar d\u00edvida de MG; Cemig deve ser federalizada"},"content":{"rendered":"\n<p class=\"has-text-align-right\"><strong>Marisa Wanzeller e Leila Coimbra, da&nbsp;Ag\u00eancia iNFRA<\/strong><\/p>\n\n\n\n<p>O presidente do&nbsp;Senado&nbsp;Federal, Rodrigo Pacheco (PDS-MG), disse nesta quinta-feira (27) que um projeto de&nbsp;lei&nbsp;complementar&nbsp;ser\u00e1 apresentado pela casa legislativa nos pr\u00f3ximos dias&nbsp;para&nbsp;contemplar uma solu\u00e7\u00e3o&nbsp;para&nbsp;a&nbsp;d\u00edvida&nbsp;de Minas Gerais com o governo federal.<br>&nbsp;<br>Segundo Pacheco, o plano tem como eixo principal a cess\u00e3o de ativos&nbsp;para&nbsp;o abatimento da&nbsp;d\u00edvida, mas tamb\u00e9m inclui o perd\u00e3o dos juros por parte da Uni\u00e3o e a cria\u00e7\u00e3o de um fundo&nbsp;para&nbsp;investimentos nos estados. A distribuidora de energia&nbsp;Cemig&nbsp;est\u00e1 na lista das estatais a serem federalizadas.<br>&nbsp;<br>\u201cN\u00e3o h\u00e1 nenhuma possibilidade de que isso n\u00e3o acontecer\u00e1\u201d, declarou o presidente do&nbsp;Senado, ao lado do ministro de Minas e Energia, Alexandre Silveira, em coletiva de imprensa na Assembleia Legislativa mineira.<br>&nbsp;<br>\u201cO primeiro eixo do projeto \u00e9 justamente o estado entregar ativos de todas as ordens como parte do pagamento do valor consolidado. Esses ativos&nbsp;ser\u00e3o elencados nessa&nbsp;lei&nbsp;complementar&nbsp;e envolve receb\u00edveis, cr\u00e9ditos judiciais, im\u00f3veis, recursos de cr\u00e9ditos da Previd\u00eancia, cr\u00e9ditos decorrentes da&nbsp;Lei&nbsp;Kandir e capital acion\u00e1rio de que seja portador o estado endividado\u201d, explicou Pacheco.<br>&nbsp;<br><strong>Perd\u00e3o<\/strong><br>O segundo eixo do plano se refere ao perd\u00e3o, por parte do governo federal, dos juros da&nbsp;d\u00edvida&nbsp;do estado, que subiu de R$ 100 bilh\u00f5es&nbsp;para&nbsp;R$ 170 bilh\u00f5es em seis anos.<br>&nbsp;<br>Mas isso ocorrer\u00e1 desde que o estado se comprometa a investir em medidas de infraestrutura, educa\u00e7\u00e3o e seguran\u00e7a p\u00fablica<br>&nbsp;<br>\u201c\u00c9 um gesto importante do presidente Lula: A Uni\u00e3o concorda em n\u00e3o receber absolutamente nada de juros dessa&nbsp;d\u00edvida\u201d, declarou. \u201cEm vez de pagar \u00e0 Uni\u00e3o os juros, Minas pode reverter em investimentos no pr\u00f3prio estado.\u201d<br>&nbsp;<br><strong>Fundo<\/strong><br>O terceiro ponto do plano \u00e9 a constitui\u00e7\u00e3o de um fundo com 1% dos juros de todos os estados. Esse fundo&nbsp;ser\u00e1 revertido&nbsp;para&nbsp;outros governos estaduais, n\u00e3o apenas Minas Gerais.<br>&nbsp;<br><strong>Lula: entre 10 e 15 dias<\/strong><br>Nesta quinta-feira, horas antes do an\u00fancio feito por Pacheco, o presidente Lula havia dito que a solu\u00e7\u00e3o&nbsp;para&nbsp;a&nbsp;d\u00edvida&nbsp;do estado sairia entre 10 e 15 dias.<br>&nbsp;<br>&#8220;Se dependesse de mim, a gente conclui essa negocia\u00e7\u00e3o [sobre a&nbsp;d\u00edvida&nbsp;dos estados] semana que vem, mas, como n\u00e3o depende de mim, pode demorar de 10 a 15 dias&#8221;, disse em entrevista \u00e0 r\u00e1dio Itatiaia<br>&nbsp;<br><strong>Davi Alcolumbre<\/strong><br>J\u00e1 existe um senador cotado&nbsp;para&nbsp;relatar a mat\u00e9ria: Davi Alcolumbre (Uni\u00e3o-AP). O projeto de&nbsp;lei&nbsp;complementar&nbsp;dever\u00e1 tramitar em regime de urg\u00eancia.<br>&nbsp;<br><strong>Minas Gerais<\/strong><br>Houve uma escalada da&nbsp;d\u00edvida&nbsp;de Minas Gerais com a Uni\u00e3o depois que o STF (Supremo Tribunal Federal) deu liminar suspendendo o pagamento. Nos \u00faltimos seis anos, amparado na liminar, o governo estadual n\u00e3o efetuou repasses ao governo federal, mas a&nbsp;d\u00edvida&nbsp;total subiu de R$ 100 bilh\u00f5es&nbsp;para&nbsp;R$ 170 bilh\u00f5es.<\/p>\n","protected":false},"excerpt":{"rendered":"<p>Marisa Wanzeller e Leila Coimbra, da&nbsp;Ag\u00eancia iNFRA O presidente do&nbsp;Senado&nbsp;Federal, Rodrigo Pacheco (PDS-MG), disse nesta quinta-feira (27) que um projeto de&nbsp;lei&nbsp;complementar&nbsp;ser\u00e1 apresentado pela casa legislativa nos pr\u00f3ximos dias&nbsp;para&nbsp;contemplar uma solu\u00e7\u00e3o&nbsp;para&nbsp;a&nbsp;d\u00edvida&nbsp;de Minas Gerais com o governo federal.&nbsp;Segundo Pacheco, o plano tem como eixo principal a cess\u00e3o de ativos&nbsp;para&nbsp;o abatimento da&nbsp;d\u00edvida, mas tamb\u00e9m inclui o perd\u00e3o dos [&hellip;]<\/p>\n","protected":false},"author":1,"featured_media":17435,"comment_status":"closed","ping_status":"closed","sticky":false,"template":"","format":"standard","meta":{"_monsterinsights_skip_tracking":false,"_monsterinsights_sitenote_active":false,"_monsterinsights_sitenote_note":"","_monsterinsights_sitenote_category":0,"footnotes":""},"categories":[7250,1,10],"tags":[6040,10230,302,10401,1228,336,10403,10402,1984,7366,774,1985,96,10404,9264,10405,2254,4354,372,3404,6569],"class_list":["post-17434","post","type-post","status-publish","format-standard","has-post-thumbnail","hentry","category-destaque-lista","category-geral","category-infraenergia","tag-alexandre-silveira","tag-assembleia-legislativa","tag-cemig","tag-cessao-de-ativos","tag-davi-alcolumbre","tag-divida","tag-divida-de-minas","tag-investimentos-estaduais","tag-leila-coimbra","tag-marisa-wanzeller","tag-mg","tag-minas-gerais","tag-ministerio-de-minas-e-energia","tag-pds-mg","tag-presidente-lula","tag-radio-itatiaia","tag-rodrigo-pacheco","tag-senado-federal","tag-stf","tag-supremo-tribunal-federal","tag-uniao"],"yoast_head":"<!-- This site is optimized with the Yoast SEO Premium plugin v25.4 (Yoast SEO v26.0) - https:\/\/yoast.com\/wordpress\/plugins\/seo\/ -->\n<title>Senado apresentar\u00e1 lei complementar para solucionar d\u00edvida de MG; Cemig deve ser federalizada - Ag\u00eancia iNFRA<\/title>\n<meta name=\"robots\" content=\"index, follow, max-snippet:-1, max-image-preview:large, max-video-preview:-1\" \/>\n<link rel=\"canonical\" href=\"https:\/\/agenciainfra.com\/blog\/senado-apresentara-lei-complementar-para-solucionar-divida-de-mg-cemig-deve-ser-federalizada\/\" \/>\n<meta property=\"og:locale\" content=\"pt_BR\" \/>\n<meta property=\"og:type\" content=\"article\" \/>\n<meta property=\"og:title\" content=\"Senado apresentar\u00e1 lei complementar para solucionar d\u00edvida de MG; Cemig deve ser federalizada\" \/>\n<meta property=\"og:description\" content=\"Marisa Wanzeller e Leila Coimbra, da&nbsp;Ag\u00eancia iNFRA O presidente do&nbsp;Senado&nbsp;Federal, Rodrigo Pacheco (PDS-MG), disse nesta quinta-feira (27) que um projeto de&nbsp;lei&nbsp;complementar&nbsp;ser\u00e1 apresentado pela casa legislativa nos pr\u00f3ximos dias&nbsp;para&nbsp;contemplar uma solu\u00e7\u00e3o&nbsp;para&nbsp;a&nbsp;d\u00edvida&nbsp;de Minas Gerais com o governo federal.&nbsp;Segundo Pacheco, o plano tem como eixo principal a cess\u00e3o de ativos&nbsp;para&nbsp;o abatimento da&nbsp;d\u00edvida, mas tamb\u00e9m inclui o perd\u00e3o dos [&hellip;]\" \/>\n<meta property=\"og:url\" content=\"https:\/\/agenciainfra.com\/blog\/senado-apresentara-lei-complementar-para-solucionar-divida-de-mg-cemig-deve-ser-federalizada\/\" \/>\n<meta property=\"og:site_name\" content=\"Ag\u00eancia iNFRA\" \/>\n<meta property=\"article:publisher\" content=\"https:\/\/www.facebook.com\/ageninfra\" \/>\n<meta property=\"article:published_time\" content=\"2024-06-28T14:00:00+00:00\" \/>\n<meta property=\"article:modified_time\" content=\"2026-03-13T12:38:50+00:00\" \/>\n<meta property=\"og:image\" content=\"https:\/\/agenciainfra.com\/blog\/wp-content\/uploads\/2024\/06\/rodrigo-pacheco-foto-agencia-senado-pedro-franca.jpg\" \/>\n\t<meta property=\"og:image:width\" content=\"1202\" \/>\n\t<meta property=\"og:image:height\" content=\"801\" \/>\n\t<meta property=\"og:image:type\" content=\"image\/jpeg\" \/>\n<meta name=\"author\" content=\"Ag\u00eancia iNFRA\" \/>\n<meta name=\"twitter:card\" content=\"summary_large_image\" \/>\n<meta name=\"twitter:creator\" content=\"@agencia_infra\" \/>\n<meta name=\"twitter:site\" content=\"@agencia_infra\" \/>\n<meta name=\"twitter:label1\" content=\"Escrito por\" \/>\n\t<meta name=\"twitter:data1\" content=\"Ag\u00eancia iNFRA\" \/>\n\t<meta name=\"twitter:label2\" content=\"Est. tempo de leitura\" \/>\n\t<meta name=\"twitter:data2\" content=\"3 minutos\" \/>\n<script type=\"application\/ld+json\" class=\"yoast-schema-graph\">{\"@context\":\"https:\/\/schema.org\",\"@graph\":[{\"@type\":\"Article\",\"@id\":\"https:\/\/agenciainfra.com\/blog\/senado-apresentara-lei-complementar-para-solucionar-divida-de-mg-cemig-deve-ser-federalizada\/#article\",\"isPartOf\":{\"@id\":\"https:\/\/agenciainfra.com\/blog\/senado-apresentara-lei-complementar-para-solucionar-divida-de-mg-cemig-deve-ser-federalizada\/\"},\"author\":{\"name\":\"Ag\u00eancia iNFRA\",\"@id\":\"https:\/\/agenciainfra.com\/blog\/#\/schema\/person\/34af08dff6adea4cb22b06612ba7acfa\"},\"headline\":\"Senado apresentar\u00e1 lei complementar para solucionar d\u00edvida de MG; Cemig deve ser federalizada\",\"datePublished\":\"2024-06-28T14:00:00+00:00\",\"dateModified\":\"2026-03-13T12:38:50+00:00\",\"mainEntityOfPage\":{\"@id\":\"https:\/\/agenciainfra.com\/blog\/senado-apresentara-lei-complementar-para-solucionar-divida-de-mg-cemig-deve-ser-federalizada\/\"},\"wordCount\":568,\"publisher\":{\"@id\":\"https:\/\/agenciainfra.com\/blog\/#organization\"},\"image\":{\"@id\":\"https:\/\/agenciainfra.com\/blog\/senado-apresentara-lei-complementar-para-solucionar-divida-de-mg-cemig-deve-ser-federalizada\/#primaryimage\"},\"thumbnailUrl\":\"https:\/\/agenciainfra.com\/blog\/wp-content\/uploads\/2024\/06\/rodrigo-pacheco-foto-agencia-senado-pedro-franca.jpg\",\"keywords\":[\"Alexandre Silveira\",\"Assembleia Legislativa\",\"CEMIG\",\"cess\u00e3o de ativos\",\"Davi Alcolumbre\",\"d\u00edvida\",\"d\u00edvida de Minas\",\"investimentos estaduais\",\"Leila Coimbra\",\"Marisa Wanzeller\",\"MG\",\"Minas Gerais\",\"Minist\u00e9rio de Minas e Energia\",\"PDS-MG\",\"Presidente Lula\",\"r\u00e1dio Itatiaia\",\"Rodrigo Pacheco\",\"Senado Federal\",\"STF\",\"Supremo Tribunal Federal\",\"Uni\u00e3o\"],\"articleSection\":[\"Destaque lista\",\"Geral\",\"iNFRAEnergia\"],\"inLanguage\":\"pt-BR\",\"copyrightYear\":\"2024\",\"copyrightHolder\":{\"@id\":\"https:\/\/agenciainfra.com\/blog\/#organization\"}},{\"@type\":\"WebPage\",\"@id\":\"https:\/\/agenciainfra.com\/blog\/senado-apresentara-lei-complementar-para-solucionar-divida-de-mg-cemig-deve-ser-federalizada\/\",\"url\":\"https:\/\/agenciainfra.com\/blog\/senado-apresentara-lei-complementar-para-solucionar-divida-de-mg-cemig-deve-ser-federalizada\/\",\"name\":\"Senado apresentar\u00e1 lei complementar para solucionar d\u00edvida de MG; Cemig deve ser federalizada - Ag\u00eancia iNFRA\",\"isPartOf\":{\"@id\":\"https:\/\/agenciainfra.com\/blog\/#website\"},\"primaryImageOfPage\":{\"@id\":\"https:\/\/agenciainfra.com\/blog\/senado-apresentara-lei-complementar-para-solucionar-divida-de-mg-cemig-deve-ser-federalizada\/#primaryimage\"},\"image\":{\"@id\":\"https:\/\/agenciainfra.com\/blog\/senado-apresentara-lei-complementar-para-solucionar-divida-de-mg-cemig-deve-ser-federalizada\/#primaryimage\"},\"thumbnailUrl\":\"https:\/\/agenciainfra.com\/blog\/wp-content\/uploads\/2024\/06\/rodrigo-pacheco-foto-agencia-senado-pedro-franca.jpg\",\"datePublished\":\"2024-06-28T14:00:00+00:00\",\"dateModified\":\"2026-03-13T12:38:50+00:00\",\"breadcrumb\":{\"@id\":\"https:\/\/agenciainfra.com\/blog\/senado-apresentara-lei-complementar-para-solucionar-divida-de-mg-cemig-deve-ser-federalizada\/#breadcrumb\"},\"inLanguage\":\"pt-BR\",\"potentialAction\":[{\"@type\":\"ReadAction\",\"target\":[\"https:\/\/agenciainfra.com\/blog\/senado-apresentara-lei-complementar-para-solucionar-divida-de-mg-cemig-deve-ser-federalizada\/\"]}]},{\"@type\":\"ImageObject\",\"inLanguage\":\"pt-BR\",\"@id\":\"https:\/\/agenciainfra.com\/blog\/senado-apresentara-lei-complementar-para-solucionar-divida-de-mg-cemig-deve-ser-federalizada\/#primaryimage\",\"url\":\"https:\/\/agenciainfra.com\/blog\/wp-content\/uploads\/2024\/06\/rodrigo-pacheco-foto-agencia-senado-pedro-franca.jpg\",\"contentUrl\":\"https:\/\/agenciainfra.com\/blog\/wp-content\/uploads\/2024\/06\/rodrigo-pacheco-foto-agencia-senado-pedro-franca.jpg\",\"width\":1202,\"height\":801},{\"@type\":\"BreadcrumbList\",\"@id\":\"https:\/\/agenciainfra.com\/blog\/senado-apresentara-lei-complementar-para-solucionar-divida-de-mg-cemig-deve-ser-federalizada\/#breadcrumb\",\"itemListElement\":[{\"@type\":\"ListItem\",\"position\":1,\"name\":\"In\u00edcio\",\"item\":\"https:\/\/agenciainfra.com\/blog\/\"},{\"@type\":\"ListItem\",\"position\":2,\"name\":\"Senado apresentar\u00e1 lei complementar para solucionar d\u00edvida de MG; Cemig deve ser federalizada\"}]},{\"@type\":\"WebSite\",\"@id\":\"https:\/\/agenciainfra.com\/blog\/#website\",\"url\":\"https:\/\/agenciainfra.com\/blog\/\",\"name\":\"Ag\u00eancia iNFRA\",\"description\":\"Multiplataforma de informa\u00e7\u00e3o jornal\u00edstica refer\u00eancia na \u00e1rea de infraestrutura no Brasil!\",\"publisher\":{\"@id\":\"https:\/\/agenciainfra.com\/blog\/#organization\"},\"potentialAction\":[{\"@type\":\"SearchAction\",\"target\":{\"@type\":\"EntryPoint\",\"urlTemplate\":\"https:\/\/agenciainfra.com\/blog\/?s={search_term_string}\"},\"query-input\":{\"@type\":\"PropertyValueSpecification\",\"valueRequired\":true,\"valueName\":\"search_term_string\"}}],\"inLanguage\":\"pt-BR\"},{\"@type\":\"Organization\",\"@id\":\"https:\/\/agenciainfra.com\/blog\/#organization\",\"name\":\"Ag\u00eancia iNFRA\",\"url\":\"https:\/\/agenciainfra.com\/blog\/\",\"logo\":{\"@type\":\"ImageObject\",\"inLanguage\":\"pt-BR\",\"@id\":\"https:\/\/agenciainfra.com\/blog\/#\/schema\/logo\/image\/\",\"url\":\"https:\/\/agenciainfra.com\/blog\/wp-content\/uploads\/2023\/09\/iNFRA_5-e1761735885940.png\",\"contentUrl\":\"https:\/\/agenciainfra.com\/blog\/wp-content\/uploads\/2023\/09\/iNFRA_5-e1761735885940.png\",\"width\":1672,\"height\":454,\"caption\":\"Ag\u00eancia iNFRA\"},\"image\":{\"@id\":\"https:\/\/agenciainfra.com\/blog\/#\/schema\/logo\/image\/\"},\"sameAs\":[\"https:\/\/www.facebook.com\/ageninfra\",\"https:\/\/x.com\/agencia_infra\",\"https:\/\/www.linkedin.com\/company\/ag\u00eanciainfra\/\",\"https:\/\/www.instagram.com\/agenciainfra\/\"]},{\"@type\":\"Person\",\"@id\":\"https:\/\/agenciainfra.com\/blog\/#\/schema\/person\/34af08dff6adea4cb22b06612ba7acfa\",\"name\":\"Ag\u00eancia iNFRA\",\"image\":{\"@type\":\"ImageObject\",\"inLanguage\":\"pt-BR\",\"@id\":\"https:\/\/agenciainfra.com\/blog\/#\/schema\/person\/image\/\",\"url\":\"https:\/\/secure.gravatar.com\/avatar\/d189e01678f06d8eb84d4e01f08eb848b3fffe3f8443818d3c356c66892f5be8?s=96&d=mm&r=g\",\"contentUrl\":\"https:\/\/secure.gravatar.com\/avatar\/d189e01678f06d8eb84d4e01f08eb848b3fffe3f8443818d3c356c66892f5be8?s=96&d=mm&r=g\",\"caption\":\"Ag\u00eancia iNFRA\"},\"url\":\"https:\/\/agenciainfra.com\/blog\/author\/admin\/\"}]}<\/script>\n<!-- \/ Yoast SEO Premium plugin. -->","yoast_head_json":{"title":"Senado apresentar\u00e1 lei complementar para solucionar d\u00edvida de MG; Cemig deve ser federalizada - Ag\u00eancia iNFRA","robots":{"index":"index","follow":"follow","max-snippet":"max-snippet:-1","max-image-preview":"max-image-preview:large","max-video-preview":"max-video-preview:-1"},"canonical":"https:\/\/agenciainfra.com\/blog\/senado-apresentara-lei-complementar-para-solucionar-divida-de-mg-cemig-deve-ser-federalizada\/","og_locale":"pt_BR","og_type":"article","og_title":"Senado apresentar\u00e1 lei complementar para solucionar d\u00edvida de MG; Cemig deve ser federalizada","og_description":"Marisa Wanzeller e Leila Coimbra, da&nbsp;Ag\u00eancia iNFRA O presidente do&nbsp;Senado&nbsp;Federal, Rodrigo Pacheco (PDS-MG), disse nesta quinta-feira (27) que um projeto de&nbsp;lei&nbsp;complementar&nbsp;ser\u00e1 apresentado pela casa legislativa nos pr\u00f3ximos dias&nbsp;para&nbsp;contemplar uma solu\u00e7\u00e3o&nbsp;para&nbsp;a&nbsp;d\u00edvida&nbsp;de Minas Gerais com o governo federal.&nbsp;Segundo Pacheco, o plano tem como eixo principal a cess\u00e3o de ativos&nbsp;para&nbsp;o abatimento da&nbsp;d\u00edvida, mas tamb\u00e9m inclui o perd\u00e3o dos [&hellip;]","og_url":"https:\/\/agenciainfra.com\/blog\/senado-apresentara-lei-complementar-para-solucionar-divida-de-mg-cemig-deve-ser-federalizada\/","og_site_name":"Ag\u00eancia iNFRA","article_publisher":"https:\/\/www.facebook.com\/ageninfra","article_published_time":"2024-06-28T14:00:00+00:00","article_modified_time":"2026-03-13T12:38:50+00:00","og_image":[{"width":1202,"height":801,"url":"https:\/\/agenciainfra.com\/blog\/wp-content\/uploads\/2024\/06\/rodrigo-pacheco-foto-agencia-senado-pedro-franca.jpg","type":"image\/jpeg"}],"author":"Ag\u00eancia iNFRA","twitter_card":"summary_large_image","twitter_creator":"@agencia_infra","twitter_site":"@agencia_infra","twitter_misc":{"Escrito por":"Ag\u00eancia iNFRA","Est. tempo de leitura":"3 minutos"},"schema":{"@context":"https:\/\/schema.org","@graph":[{"@type":"Article","@id":"https:\/\/agenciainfra.com\/blog\/senado-apresentara-lei-complementar-para-solucionar-divida-de-mg-cemig-deve-ser-federalizada\/#article","isPartOf":{"@id":"https:\/\/agenciainfra.com\/blog\/senado-apresentara-lei-complementar-para-solucionar-divida-de-mg-cemig-deve-ser-federalizada\/"},"author":{"name":"Ag\u00eancia iNFRA","@id":"https:\/\/agenciainfra.com\/blog\/#\/schema\/person\/34af08dff6adea4cb22b06612ba7acfa"},"headline":"Senado apresentar\u00e1 lei complementar para solucionar d\u00edvida de MG; Cemig deve ser federalizada","datePublished":"2024-06-28T14:00:00+00:00","dateModified":"2026-03-13T12:38:50+00:00","mainEntityOfPage":{"@id":"https:\/\/agenciainfra.com\/blog\/senado-apresentara-lei-complementar-para-solucionar-divida-de-mg-cemig-deve-ser-federalizada\/"},"wordCount":568,"publisher":{"@id":"https:\/\/agenciainfra.com\/blog\/#organization"},"image":{"@id":"https:\/\/agenciainfra.com\/blog\/senado-apresentara-lei-complementar-para-solucionar-divida-de-mg-cemig-deve-ser-federalizada\/#primaryimage"},"thumbnailUrl":"https:\/\/agenciainfra.com\/blog\/wp-content\/uploads\/2024\/06\/rodrigo-pacheco-foto-agencia-senado-pedro-franca.jpg","keywords":["Alexandre Silveira","Assembleia Legislativa","CEMIG","cess\u00e3o de ativos","Davi Alcolumbre","d\u00edvida","d\u00edvida de Minas","investimentos estaduais","Leila Coimbra","Marisa Wanzeller","MG","Minas Gerais","Minist\u00e9rio de Minas e Energia","PDS-MG","Presidente Lula","r\u00e1dio Itatiaia","Rodrigo Pacheco","Senado Federal","STF","Supremo Tribunal Federal","Uni\u00e3o"],"articleSection":["Destaque lista","Geral","iNFRAEnergia"],"inLanguage":"pt-BR","copyrightYear":"2024","copyrightHolder":{"@id":"https:\/\/agenciainfra.com\/blog\/#organization"}},{"@type":"WebPage","@id":"https:\/\/agenciainfra.com\/blog\/senado-apresentara-lei-complementar-para-solucionar-divida-de-mg-cemig-deve-ser-federalizada\/","url":"https:\/\/agenciainfra.com\/blog\/senado-apresentara-lei-complementar-para-solucionar-divida-de-mg-cemig-deve-ser-federalizada\/","name":"Senado apresentar\u00e1 lei complementar para solucionar d\u00edvida de MG; Cemig deve ser federalizada - Ag\u00eancia iNFRA","isPartOf":{"@id":"https:\/\/agenciainfra.com\/blog\/#website"},"primaryImageOfPage":{"@id":"https:\/\/agenciainfra.com\/blog\/senado-apresentara-lei-complementar-para-solucionar-divida-de-mg-cemig-deve-ser-federalizada\/#primaryimage"},"image":{"@id":"https:\/\/agenciainfra.com\/blog\/senado-apresentara-lei-complementar-para-solucionar-divida-de-mg-cemig-deve-ser-federalizada\/#primaryimage"},"thumbnailUrl":"https:\/\/agenciainfra.com\/blog\/wp-content\/uploads\/2024\/06\/rodrigo-pacheco-foto-agencia-senado-pedro-franca.jpg","datePublished":"2024-06-28T14:00:00+00:00","dateModified":"2026-03-13T12:38:50+00:00","breadcrumb":{"@id":"https:\/\/agenciainfra.com\/blog\/senado-apresentara-lei-complementar-para-solucionar-divida-de-mg-cemig-deve-ser-federalizada\/#breadcrumb"},"inLanguage":"pt-BR","potentialAction":[{"@type":"ReadAction","target":["https:\/\/agenciainfra.com\/blog\/senado-apresentara-lei-complementar-para-solucionar-divida-de-mg-cemig-deve-ser-federalizada\/"]}]},{"@type":"ImageObject","inLanguage":"pt-BR","@id":"https:\/\/agenciainfra.com\/blog\/senado-apresentara-lei-complementar-para-solucionar-divida-de-mg-cemig-deve-ser-federalizada\/#primaryimage","url":"https:\/\/agenciainfra.com\/blog\/wp-content\/uploads\/2024\/06\/rodrigo-pacheco-foto-agencia-senado-pedro-franca.jpg","contentUrl":"https:\/\/agenciainfra.com\/blog\/wp-content\/uploads\/2024\/06\/rodrigo-pacheco-foto-agencia-senado-pedro-franca.jpg","width":1202,"height":801},{"@type":"BreadcrumbList","@id":"https:\/\/agenciainfra.com\/blog\/senado-apresentara-lei-complementar-para-solucionar-divida-de-mg-cemig-deve-ser-federalizada\/#breadcrumb","itemListElement":[{"@type":"ListItem","position":1,"name":"In\u00edcio","item":"https:\/\/agenciainfra.com\/blog\/"},{"@type":"ListItem","position":2,"name":"Senado apresentar\u00e1 lei complementar para solucionar d\u00edvida de MG; Cemig deve ser federalizada"}]},{"@type":"WebSite","@id":"https:\/\/agenciainfra.com\/blog\/#website","url":"https:\/\/agenciainfra.com\/blog\/","name":"Ag\u00eancia iNFRA","description":"Multiplataforma de informa\u00e7\u00e3o jornal\u00edstica refer\u00eancia na \u00e1rea de infraestrutura no Brasil!","publisher":{"@id":"https:\/\/agenciainfra.com\/blog\/#organization"},"potentialAction":[{"@type":"SearchAction","target":{"@type":"EntryPoint","urlTemplate":"https:\/\/agenciainfra.com\/blog\/?s={search_term_string}"},"query-input":{"@type":"PropertyValueSpecification","valueRequired":true,"valueName":"search_term_string"}}],"inLanguage":"pt-BR"},{"@type":"Organization","@id":"https:\/\/agenciainfra.com\/blog\/#organization","name":"Ag\u00eancia iNFRA","url":"https:\/\/agenciainfra.com\/blog\/","logo":{"@type":"ImageObject","inLanguage":"pt-BR","@id":"https:\/\/agenciainfra.com\/blog\/#\/schema\/logo\/image\/","url":"https:\/\/agenciainfra.com\/blog\/wp-content\/uploads\/2023\/09\/iNFRA_5-e1761735885940.png","contentUrl":"https:\/\/agenciainfra.com\/blog\/wp-content\/uploads\/2023\/09\/iNFRA_5-e1761735885940.png","width":1672,"height":454,"caption":"Ag\u00eancia iNFRA"},"image":{"@id":"https:\/\/agenciainfra.com\/blog\/#\/schema\/logo\/image\/"},"sameAs":["https:\/\/www.facebook.com\/ageninfra","https:\/\/x.com\/agencia_infra","https:\/\/www.linkedin.com\/company\/ag\u00eanciainfra\/","https:\/\/www.instagram.com\/agenciainfra\/"]},{"@type":"Person","@id":"https:\/\/agenciainfra.com\/blog\/#\/schema\/person\/34af08dff6adea4cb22b06612ba7acfa","name":"Ag\u00eancia iNFRA","image":{"@type":"ImageObject","inLanguage":"pt-BR","@id":"https:\/\/agenciainfra.com\/blog\/#\/schema\/person\/image\/","url":"https:\/\/secure.gravatar.com\/avatar\/d189e01678f06d8eb84d4e01f08eb848b3fffe3f8443818d3c356c66892f5be8?s=96&d=mm&r=g","contentUrl":"https:\/\/secure.gravatar.com\/avatar\/d189e01678f06d8eb84d4e01f08eb848b3fffe3f8443818d3c356c66892f5be8?s=96&d=mm&r=g","caption":"Ag\u00eancia iNFRA"},"url":"https:\/\/agenciainfra.com\/blog\/author\/admin\/"}]}},"_links":{"self":[{"href":"https:\/\/agenciainfra.com\/blog\/wp-json\/wp\/v2\/posts\/17434","targetHints":{"allow":["GET"]}}],"collection":[{"href":"https:\/\/agenciainfra.com\/blog\/wp-json\/wp\/v2\/posts"}],"about":[{"href":"https:\/\/agenciainfra.com\/blog\/wp-json\/wp\/v2\/types\/post"}],"author":[{"embeddable":true,"href":"https:\/\/agenciainfra.com\/blog\/wp-json\/wp\/v2\/users\/1"}],"replies":[{"embeddable":true,"href":"https:\/\/agenciainfra.com\/blog\/wp-json\/wp\/v2\/comments?post=17434"}],"version-history":[{"count":1,"href":"https:\/\/agenciainfra.com\/blog\/wp-json\/wp\/v2\/posts\/17434\/revisions"}],"predecessor-version":[{"id":17436,"href":"https:\/\/agenciainfra.com\/blog\/wp-json\/wp\/v2\/posts\/17434\/revisions\/17436"}],"wp:featuredmedia":[{"embeddable":true,"href":"https:\/\/agenciainfra.com\/blog\/wp-json\/wp\/v2\/media\/17435"}],"wp:attachment":[{"href":"https:\/\/agenciainfra.com\/blog\/wp-json\/wp\/v2\/media?parent=17434"}],"wp:term":[{"taxonomy":"category","embeddable":true,"href":"https:\/\/agenciainfra.com\/blog\/wp-json\/wp\/v2\/categories?post=17434"},{"taxonomy":"post_tag","embeddable":true,"href":"https:\/\/agenciainfra.com\/blog\/wp-json\/wp\/v2\/tags?post=17434"}],"curies":[{"name":"wp","href":"https:\/\/api.w.org\/{rel}","templated":true}]}}