{"id":1746,"date":"2018-05-25T19:24:37","date_gmt":"2018-05-25T22:24:37","guid":{"rendered":"http:\/\/www.agenciainfra.com\/blog\/?p=1746"},"modified":"2018-05-25T19:22:37","modified_gmt":"2018-05-25T22:22:37","slug":"projeto-de-lei-da-eletrobras-vai-incorporar-propostas-da-medida-provisoria-814","status":"publish","type":"post","link":"https:\/\/agenciainfra.com\/blog\/projeto-de-lei-da-eletrobras-vai-incorporar-propostas-da-medida-provisoria-814\/","title":{"rendered":"Projeto de lei da Eletrobras vai incorporar propostas da Medida Provis\u00f3ria 814\u00a0"},"content":{"rendered":"<p style=\"text-align: right;\"><strong>da Ag\u00eancia iNFRA<\/strong><\/p>\n<p>O projeto de lei de privatiza\u00e7\u00e3o da Eletrobras (PL 9463\/18)\u00a0ir\u00e1 incorporar v\u00e1rias propostas que estavam no texto da MP (medida provis\u00f3ria) 814. O deputado Jos\u00e9 Carlos Aleluia (DEM-BA), relator do projeto na comiss\u00e3o especial da C\u00e2mara,\u00a0disse que est\u00e1 empenhado em incluir no seu relat\u00f3rio final os itens da MP \u2013 que n\u00e3o foi levada \u00e0 vota\u00e7\u00e3o pelo presidente da C\u00e2mara, Rodrigo Maia (DEM-RJ), e ir\u00e1 perder a validade na pr\u00f3xima semana.<\/p>\n<p><strong>GSF e Angra 3<\/strong><br \/>\nUma das emendas apresentadas ao projeto de lei prev\u00ea\u00a0a solu\u00e7\u00e3o para o risco hidrol\u00f3gico (GSF, na sigla em ingl\u00eas), nos mesmos termos que foram apresentados no relat\u00f3rio da MP 814, do deputado J\u00falio Lopes (PP-RJ).<\/p>\n<p>Hoje, cerca de R$ 7 bilh\u00f5es em cobran\u00e7as no mercado livre de energia est\u00e3o sem liquida\u00e7\u00e3o financeira devido a liminares judiciais que desobrigam o pagamento do risco hidrol\u00f3gico. Esse valor pode chegar a R$ 13 bilh\u00f5es at\u00e9 o fim do ano, segundo estimativa da CCEE (C\u00e2mara de Comercializa\u00e7\u00e3o de Energia El\u00e9trica).<\/p>\n<p>O pr\u00f3prio deputado J\u00falio Lopes apresentou quatro emendas ao substitutivo de Aleluia, sendo que uma delas \u2013 tamb\u00e9m baseada no seu parecer \u00e0 MP 814 \u2013 trata do pre\u00e7o de venda da energia gerada pela usina nuclear de Angra 3 (RJ).<\/p>\n<p><strong>181 emendas<\/strong><br \/>\nAo todo, o\u00a0substitutivo\u00a0do deputado Aleluia recebeu 181\u00a0emendas, nos cinco dias em que o prazo para sugest\u00f5es ficou aberto.<\/p>\n<p>Mas a maior parte das emendas apresentadas v\u00eam da oposi\u00e7\u00e3o, que \u00e9 contr\u00e1ria \u00e0 desestatiza\u00e7\u00e3o. Somente o deputado Arlindo Chinaglia (PT-SP) apresentou 71. Danilo Cabral (PSB-PE) foi autor de outras 31 emendas.<\/p>\n<p><strong>Parecer do relator<\/strong><br \/>\nJos\u00e9 Carlos Aleluia ter\u00e1 de apresentar um parecer \u00e0s 181 emendas. Ele poder\u00e1 acolher algumas das sugest\u00f5es ou manter o substitutivo divulgado no dia 10 de maio.<\/p>\n<p>O substitutivo aprova a privatiza\u00e7\u00e3o da estatal, via aumento de capital, que incorporar\u00e1 novos s\u00f3cios e reduzir\u00e1 a participa\u00e7\u00e3o da Uni\u00e3o na empresa, hoje de 64%. Aleluia deu destaque especial \u00e0 destina\u00e7\u00e3o de recursos oriundos da desestatiza\u00e7\u00e3o para a revitaliza\u00e7\u00e3o da bacia do rio S\u00e3o Francisco, que abriga oito hidrel\u00e9tricas da Chesf, subsidi\u00e1ria da Eletrobras.<\/p>\n<p><strong>Voto em separado contra a privatiza\u00e7\u00e3o<\/strong><br \/>\nAl\u00e9m do parecer de Aleluia, a comiss\u00e3o especial do PL 9463\/18 recebeu um\u00a0voto em separado\u00a0ao projeto da Eletrobras. O texto foi apresentado pelo deputado Leonardo Quint\u00e3o (PMDB-MG). Apesar de ser vice-l\u00edder do governo no Congresso, Quint\u00e3o \u00e9 contra a privatiza\u00e7\u00e3o. Ele prop\u00f5e que, no lugar de desestatiza\u00e7\u00e3o, o Executivo venda a\u00e7\u00f5es das quatro principais subsidi\u00e1rias da Eletrobras (Furnas, Chesf, Eletronorte e Eletrosul), por\u00e9m mantendo o controle p\u00fablico sobre elas.<\/p>\n<p>Segundo o parlamentar, a opera\u00e7\u00e3o \u00e9 financeiramente mais vantajosa e n\u00e3o afeta a conta de luz do consumidor. Quint\u00e3o apresentou o voto em separado ao ministro da Fazenda, Eduardo Guardia, que se comprometeu a avaliar a proposta.<\/p>\n<p>Pelas regras da C\u00e2mara dos Deputados, o voto em separado n\u00e3o \u00e9 colocado em vota\u00e7\u00e3o. No caso de rejei\u00e7\u00e3o do parecer original ao projeto, o autor do voto em separado pode ser designado novo relator. Isso, no entanto, depende de decis\u00e3o do presidente do colegiado<\/p>\n","protected":false},"excerpt":{"rendered":"<p>da Ag\u00eancia iNFRA O projeto de lei de privatiza\u00e7\u00e3o da Eletrobras (PL 9463\/18)\u00a0ir\u00e1 incorporar v\u00e1rias propostas que estavam no texto da MP (medida provis\u00f3ria) 814. O deputado Jos\u00e9 Carlos Aleluia (DEM-BA), relator do projeto na comiss\u00e3o especial da C\u00e2mara,\u00a0disse que est\u00e1 empenhado em incluir no seu relat\u00f3rio final os itens da MP \u2013 que n\u00e3o [&hellip;]<\/p>\n","protected":false},"author":1,"featured_media":0,"comment_status":"closed","ping_status":"open","sticky":false,"template":"","format":"standard","meta":{"_monsterinsights_skip_tracking":false,"_monsterinsights_sitenote_active":false,"_monsterinsights_sitenote_note":"","_monsterinsights_sitenote_category":0,"footnotes":""},"categories":[10],"tags":[294,50,194,293,51],"class_list":["post-1746","post","type-post","status-publish","format-standard","hentry","category-infraenergia","tag-181-emendas","tag-eletrobras","tag-mp-814","tag-pl-9463-18","tag-privatizacao"],"yoast_head":"<!-- This site is optimized with the Yoast SEO Premium plugin v25.4 (Yoast SEO v26.0) - https:\/\/yoast.com\/wordpress\/plugins\/seo\/ -->\n<title>Projeto de lei da Eletrobras vai incorporar propostas da Medida Provis\u00f3ria 814\u00a0 - Ag\u00eancia iNFRA<\/title>\n<meta name=\"robots\" content=\"index, follow, max-snippet:-1, max-image-preview:large, max-video-preview:-1\" \/>\n<link rel=\"canonical\" href=\"https:\/\/agenciainfra.com\/blog\/projeto-de-lei-da-eletrobras-vai-incorporar-propostas-da-medida-provisoria-814\/\" \/>\n<meta property=\"og:locale\" content=\"pt_BR\" \/>\n<meta property=\"og:type\" content=\"article\" \/>\n<meta property=\"og:title\" content=\"Projeto de lei da Eletrobras vai incorporar propostas da Medida Provis\u00f3ria 814\u00a0\" \/>\n<meta property=\"og:description\" content=\"da Ag\u00eancia iNFRA O projeto de lei de privatiza\u00e7\u00e3o da Eletrobras (PL 9463\/18)\u00a0ir\u00e1 incorporar v\u00e1rias propostas que estavam no texto da MP (medida provis\u00f3ria) 814. O deputado Jos\u00e9 Carlos Aleluia (DEM-BA), relator do projeto na comiss\u00e3o especial da C\u00e2mara,\u00a0disse que est\u00e1 empenhado em incluir no seu relat\u00f3rio final os itens da MP \u2013 que n\u00e3o [&hellip;]\" \/>\n<meta property=\"og:url\" content=\"https:\/\/agenciainfra.com\/blog\/projeto-de-lei-da-eletrobras-vai-incorporar-propostas-da-medida-provisoria-814\/\" \/>\n<meta property=\"og:site_name\" content=\"Ag\u00eancia iNFRA\" \/>\n<meta property=\"article:publisher\" content=\"https:\/\/www.facebook.com\/ageninfra\" \/>\n<meta property=\"article:published_time\" content=\"2018-05-25T22:24:37+00:00\" \/>\n<meta name=\"author\" content=\"Ag\u00eancia iNFRA\" \/>\n<meta name=\"twitter:card\" content=\"summary_large_image\" \/>\n<meta name=\"twitter:creator\" content=\"@agencia_infra\" \/>\n<meta name=\"twitter:site\" content=\"@agencia_infra\" \/>\n<meta name=\"twitter:label1\" content=\"Escrito por\" \/>\n\t<meta name=\"twitter:data1\" content=\"Ag\u00eancia iNFRA\" \/>\n\t<meta name=\"twitter:label2\" content=\"Est. tempo de leitura\" \/>\n\t<meta name=\"twitter:data2\" content=\"3 minutos\" \/>\n<script type=\"application\/ld+json\" class=\"yoast-schema-graph\">{\"@context\":\"https:\/\/schema.org\",\"@graph\":[{\"@type\":\"Article\",\"@id\":\"https:\/\/agenciainfra.com\/blog\/projeto-de-lei-da-eletrobras-vai-incorporar-propostas-da-medida-provisoria-814\/#article\",\"isPartOf\":{\"@id\":\"https:\/\/agenciainfra.com\/blog\/projeto-de-lei-da-eletrobras-vai-incorporar-propostas-da-medida-provisoria-814\/\"},\"author\":{\"name\":\"Ag\u00eancia iNFRA\",\"@id\":\"https:\/\/agenciainfra.com\/blog\/#\/schema\/person\/34af08dff6adea4cb22b06612ba7acfa\"},\"headline\":\"Projeto de lei da Eletrobras vai incorporar propostas da Medida Provis\u00f3ria 814\u00a0\",\"datePublished\":\"2018-05-25T22:24:37+00:00\",\"mainEntityOfPage\":{\"@id\":\"https:\/\/agenciainfra.com\/blog\/projeto-de-lei-da-eletrobras-vai-incorporar-propostas-da-medida-provisoria-814\/\"},\"wordCount\":558,\"publisher\":{\"@id\":\"https:\/\/agenciainfra.com\/blog\/#organization\"},\"keywords\":[\"181 emendas\",\"Eletrobras\",\"MP 814\",\"PL 9463\/18\",\"Privatiza\u00e7\u00e3o\"],\"articleSection\":[\"iNFRAEnergia\"],\"inLanguage\":\"pt-BR\",\"copyrightYear\":\"2018\",\"copyrightHolder\":{\"@id\":\"https:\/\/agenciainfra.com\/blog\/#organization\"}},{\"@type\":\"WebPage\",\"@id\":\"https:\/\/agenciainfra.com\/blog\/projeto-de-lei-da-eletrobras-vai-incorporar-propostas-da-medida-provisoria-814\/\",\"url\":\"https:\/\/agenciainfra.com\/blog\/projeto-de-lei-da-eletrobras-vai-incorporar-propostas-da-medida-provisoria-814\/\",\"name\":\"Projeto de lei da Eletrobras vai incorporar propostas da Medida Provis\u00f3ria 814\u00a0 - Ag\u00eancia iNFRA\",\"isPartOf\":{\"@id\":\"https:\/\/agenciainfra.com\/blog\/#website\"},\"datePublished\":\"2018-05-25T22:24:37+00:00\",\"breadcrumb\":{\"@id\":\"https:\/\/agenciainfra.com\/blog\/projeto-de-lei-da-eletrobras-vai-incorporar-propostas-da-medida-provisoria-814\/#breadcrumb\"},\"inLanguage\":\"pt-BR\",\"potentialAction\":[{\"@type\":\"ReadAction\",\"target\":[\"https:\/\/agenciainfra.com\/blog\/projeto-de-lei-da-eletrobras-vai-incorporar-propostas-da-medida-provisoria-814\/\"]}]},{\"@type\":\"BreadcrumbList\",\"@id\":\"https:\/\/agenciainfra.com\/blog\/projeto-de-lei-da-eletrobras-vai-incorporar-propostas-da-medida-provisoria-814\/#breadcrumb\",\"itemListElement\":[{\"@type\":\"ListItem\",\"position\":1,\"name\":\"In\u00edcio\",\"item\":\"https:\/\/agenciainfra.com\/blog\/\"},{\"@type\":\"ListItem\",\"position\":2,\"name\":\"Projeto de lei da Eletrobras vai incorporar propostas da Medida Provis\u00f3ria 814\u00a0\"}]},{\"@type\":\"WebSite\",\"@id\":\"https:\/\/agenciainfra.com\/blog\/#website\",\"url\":\"https:\/\/agenciainfra.com\/blog\/\",\"name\":\"Ag\u00eancia iNFRA\",\"description\":\"Multiplataforma de informa\u00e7\u00e3o jornal\u00edstica refer\u00eancia na \u00e1rea de infraestrutura no Brasil!\",\"publisher\":{\"@id\":\"https:\/\/agenciainfra.com\/blog\/#organization\"},\"potentialAction\":[{\"@type\":\"SearchAction\",\"target\":{\"@type\":\"EntryPoint\",\"urlTemplate\":\"https:\/\/agenciainfra.com\/blog\/?s={search_term_string}\"},\"query-input\":{\"@type\":\"PropertyValueSpecification\",\"valueRequired\":true,\"valueName\":\"search_term_string\"}}],\"inLanguage\":\"pt-BR\"},{\"@type\":\"Organization\",\"@id\":\"https:\/\/agenciainfra.com\/blog\/#organization\",\"name\":\"Ag\u00eancia iNFRA\",\"url\":\"https:\/\/agenciainfra.com\/blog\/\",\"logo\":{\"@type\":\"ImageObject\",\"inLanguage\":\"pt-BR\",\"@id\":\"https:\/\/agenciainfra.com\/blog\/#\/schema\/logo\/image\/\",\"url\":\"https:\/\/agenciainfra.com\/blog\/wp-content\/uploads\/2023\/09\/iNFRA_5-e1761735885940.png\",\"contentUrl\":\"https:\/\/agenciainfra.com\/blog\/wp-content\/uploads\/2023\/09\/iNFRA_5-e1761735885940.png\",\"width\":1672,\"height\":454,\"caption\":\"Ag\u00eancia iNFRA\"},\"image\":{\"@id\":\"https:\/\/agenciainfra.com\/blog\/#\/schema\/logo\/image\/\"},\"sameAs\":[\"https:\/\/www.facebook.com\/ageninfra\",\"https:\/\/x.com\/agencia_infra\",\"https:\/\/www.linkedin.com\/company\/ag\u00eanciainfra\/\",\"https:\/\/www.instagram.com\/agenciainfra\/\"]},{\"@type\":\"Person\",\"@id\":\"https:\/\/agenciainfra.com\/blog\/#\/schema\/person\/34af08dff6adea4cb22b06612ba7acfa\",\"name\":\"Ag\u00eancia iNFRA\",\"image\":{\"@type\":\"ImageObject\",\"inLanguage\":\"pt-BR\",\"@id\":\"https:\/\/agenciainfra.com\/blog\/#\/schema\/person\/image\/\",\"url\":\"https:\/\/secure.gravatar.com\/avatar\/d189e01678f06d8eb84d4e01f08eb848b3fffe3f8443818d3c356c66892f5be8?s=96&d=mm&r=g\",\"contentUrl\":\"https:\/\/secure.gravatar.com\/avatar\/d189e01678f06d8eb84d4e01f08eb848b3fffe3f8443818d3c356c66892f5be8?s=96&d=mm&r=g\",\"caption\":\"Ag\u00eancia iNFRA\"},\"url\":\"https:\/\/agenciainfra.com\/blog\/author\/admin\/\"}]}<\/script>\n<!-- \/ Yoast SEO Premium plugin. -->","yoast_head_json":{"title":"Projeto de lei da Eletrobras vai incorporar propostas da Medida Provis\u00f3ria 814\u00a0 - Ag\u00eancia iNFRA","robots":{"index":"index","follow":"follow","max-snippet":"max-snippet:-1","max-image-preview":"max-image-preview:large","max-video-preview":"max-video-preview:-1"},"canonical":"https:\/\/agenciainfra.com\/blog\/projeto-de-lei-da-eletrobras-vai-incorporar-propostas-da-medida-provisoria-814\/","og_locale":"pt_BR","og_type":"article","og_title":"Projeto de lei da Eletrobras vai incorporar propostas da Medida Provis\u00f3ria 814\u00a0","og_description":"da Ag\u00eancia iNFRA O projeto de lei de privatiza\u00e7\u00e3o da Eletrobras (PL 9463\/18)\u00a0ir\u00e1 incorporar v\u00e1rias propostas que estavam no texto da MP (medida provis\u00f3ria) 814. O deputado Jos\u00e9 Carlos Aleluia (DEM-BA), relator do projeto na comiss\u00e3o especial da C\u00e2mara,\u00a0disse que est\u00e1 empenhado em incluir no seu relat\u00f3rio final os itens da MP \u2013 que n\u00e3o [&hellip;]","og_url":"https:\/\/agenciainfra.com\/blog\/projeto-de-lei-da-eletrobras-vai-incorporar-propostas-da-medida-provisoria-814\/","og_site_name":"Ag\u00eancia iNFRA","article_publisher":"https:\/\/www.facebook.com\/ageninfra","article_published_time":"2018-05-25T22:24:37+00:00","author":"Ag\u00eancia iNFRA","twitter_card":"summary_large_image","twitter_creator":"@agencia_infra","twitter_site":"@agencia_infra","twitter_misc":{"Escrito por":"Ag\u00eancia iNFRA","Est. tempo de leitura":"3 minutos"},"schema":{"@context":"https:\/\/schema.org","@graph":[{"@type":"Article","@id":"https:\/\/agenciainfra.com\/blog\/projeto-de-lei-da-eletrobras-vai-incorporar-propostas-da-medida-provisoria-814\/#article","isPartOf":{"@id":"https:\/\/agenciainfra.com\/blog\/projeto-de-lei-da-eletrobras-vai-incorporar-propostas-da-medida-provisoria-814\/"},"author":{"name":"Ag\u00eancia iNFRA","@id":"https:\/\/agenciainfra.com\/blog\/#\/schema\/person\/34af08dff6adea4cb22b06612ba7acfa"},"headline":"Projeto de lei da Eletrobras vai incorporar propostas da Medida Provis\u00f3ria 814\u00a0","datePublished":"2018-05-25T22:24:37+00:00","mainEntityOfPage":{"@id":"https:\/\/agenciainfra.com\/blog\/projeto-de-lei-da-eletrobras-vai-incorporar-propostas-da-medida-provisoria-814\/"},"wordCount":558,"publisher":{"@id":"https:\/\/agenciainfra.com\/blog\/#organization"},"keywords":["181 emendas","Eletrobras","MP 814","PL 9463\/18","Privatiza\u00e7\u00e3o"],"articleSection":["iNFRAEnergia"],"inLanguage":"pt-BR","copyrightYear":"2018","copyrightHolder":{"@id":"https:\/\/agenciainfra.com\/blog\/#organization"}},{"@type":"WebPage","@id":"https:\/\/agenciainfra.com\/blog\/projeto-de-lei-da-eletrobras-vai-incorporar-propostas-da-medida-provisoria-814\/","url":"https:\/\/agenciainfra.com\/blog\/projeto-de-lei-da-eletrobras-vai-incorporar-propostas-da-medida-provisoria-814\/","name":"Projeto de lei da Eletrobras vai incorporar propostas da Medida Provis\u00f3ria 814\u00a0 - Ag\u00eancia iNFRA","isPartOf":{"@id":"https:\/\/agenciainfra.com\/blog\/#website"},"datePublished":"2018-05-25T22:24:37+00:00","breadcrumb":{"@id":"https:\/\/agenciainfra.com\/blog\/projeto-de-lei-da-eletrobras-vai-incorporar-propostas-da-medida-provisoria-814\/#breadcrumb"},"inLanguage":"pt-BR","potentialAction":[{"@type":"ReadAction","target":["https:\/\/agenciainfra.com\/blog\/projeto-de-lei-da-eletrobras-vai-incorporar-propostas-da-medida-provisoria-814\/"]}]},{"@type":"BreadcrumbList","@id":"https:\/\/agenciainfra.com\/blog\/projeto-de-lei-da-eletrobras-vai-incorporar-propostas-da-medida-provisoria-814\/#breadcrumb","itemListElement":[{"@type":"ListItem","position":1,"name":"In\u00edcio","item":"https:\/\/agenciainfra.com\/blog\/"},{"@type":"ListItem","position":2,"name":"Projeto de lei da Eletrobras vai incorporar propostas da Medida Provis\u00f3ria 814\u00a0"}]},{"@type":"WebSite","@id":"https:\/\/agenciainfra.com\/blog\/#website","url":"https:\/\/agenciainfra.com\/blog\/","name":"Ag\u00eancia iNFRA","description":"Multiplataforma de informa\u00e7\u00e3o jornal\u00edstica refer\u00eancia na \u00e1rea de infraestrutura no Brasil!","publisher":{"@id":"https:\/\/agenciainfra.com\/blog\/#organization"},"potentialAction":[{"@type":"SearchAction","target":{"@type":"EntryPoint","urlTemplate":"https:\/\/agenciainfra.com\/blog\/?s={search_term_string}"},"query-input":{"@type":"PropertyValueSpecification","valueRequired":true,"valueName":"search_term_string"}}],"inLanguage":"pt-BR"},{"@type":"Organization","@id":"https:\/\/agenciainfra.com\/blog\/#organization","name":"Ag\u00eancia iNFRA","url":"https:\/\/agenciainfra.com\/blog\/","logo":{"@type":"ImageObject","inLanguage":"pt-BR","@id":"https:\/\/agenciainfra.com\/blog\/#\/schema\/logo\/image\/","url":"https:\/\/agenciainfra.com\/blog\/wp-content\/uploads\/2023\/09\/iNFRA_5-e1761735885940.png","contentUrl":"https:\/\/agenciainfra.com\/blog\/wp-content\/uploads\/2023\/09\/iNFRA_5-e1761735885940.png","width":1672,"height":454,"caption":"Ag\u00eancia iNFRA"},"image":{"@id":"https:\/\/agenciainfra.com\/blog\/#\/schema\/logo\/image\/"},"sameAs":["https:\/\/www.facebook.com\/ageninfra","https:\/\/x.com\/agencia_infra","https:\/\/www.linkedin.com\/company\/ag\u00eanciainfra\/","https:\/\/www.instagram.com\/agenciainfra\/"]},{"@type":"Person","@id":"https:\/\/agenciainfra.com\/blog\/#\/schema\/person\/34af08dff6adea4cb22b06612ba7acfa","name":"Ag\u00eancia iNFRA","image":{"@type":"ImageObject","inLanguage":"pt-BR","@id":"https:\/\/agenciainfra.com\/blog\/#\/schema\/person\/image\/","url":"https:\/\/secure.gravatar.com\/avatar\/d189e01678f06d8eb84d4e01f08eb848b3fffe3f8443818d3c356c66892f5be8?s=96&d=mm&r=g","contentUrl":"https:\/\/secure.gravatar.com\/avatar\/d189e01678f06d8eb84d4e01f08eb848b3fffe3f8443818d3c356c66892f5be8?s=96&d=mm&r=g","caption":"Ag\u00eancia iNFRA"},"url":"https:\/\/agenciainfra.com\/blog\/author\/admin\/"}]}},"_links":{"self":[{"href":"https:\/\/agenciainfra.com\/blog\/wp-json\/wp\/v2\/posts\/1746","targetHints":{"allow":["GET"]}}],"collection":[{"href":"https:\/\/agenciainfra.com\/blog\/wp-json\/wp\/v2\/posts"}],"about":[{"href":"https:\/\/agenciainfra.com\/blog\/wp-json\/wp\/v2\/types\/post"}],"author":[{"embeddable":true,"href":"https:\/\/agenciainfra.com\/blog\/wp-json\/wp\/v2\/users\/1"}],"replies":[{"embeddable":true,"href":"https:\/\/agenciainfra.com\/blog\/wp-json\/wp\/v2\/comments?post=1746"}],"version-history":[{"count":0,"href":"https:\/\/agenciainfra.com\/blog\/wp-json\/wp\/v2\/posts\/1746\/revisions"}],"wp:attachment":[{"href":"https:\/\/agenciainfra.com\/blog\/wp-json\/wp\/v2\/media?parent=1746"}],"wp:term":[{"taxonomy":"category","embeddable":true,"href":"https:\/\/agenciainfra.com\/blog\/wp-json\/wp\/v2\/categories?post=1746"},{"taxonomy":"post_tag","embeddable":true,"href":"https:\/\/agenciainfra.com\/blog\/wp-json\/wp\/v2\/tags?post=1746"}],"curies":[{"name":"wp","href":"https:\/\/api.w.org\/{rel}","templated":true}]}}