{"id":17486,"date":"2024-07-01T14:00:00","date_gmt":"2024-07-01T17:00:00","guid":{"rendered":"https:\/\/agenciainfra.com\/blog\/?p=17486"},"modified":"2024-07-02T09:23:00","modified_gmt":"2024-07-02T12:23:00","slug":"opiniao-comercio-exterior-do-brasil-de-us-1-trilhao-e-possivel","status":"publish","type":"post","link":"https:\/\/agenciainfra.com\/blog\/opiniao-comercio-exterior-do-brasil-de-us-1-trilhao-e-possivel\/","title":{"rendered":"Opini\u00e3o \u2013 Com\u00e9rcio exterior do Brasil de US$ 1 trilh\u00e3o. \u00c9 poss\u00edvel?"},"content":{"rendered":"\n<p class=\"has-text-align-right\"><strong>Luis Baldez*<\/strong><\/p>\n\n\n\n<p>Temos ouvido de muitas autoridades p\u00fablicas o desejo de que o Brasil aumente sua corrente de com\u00e9rcio com o exterior atingindo US$ 1 trilh\u00e3o em dez anos. Para analisar esta possibilidade vamos \u00e0 realidade f\u00e1tica.<\/p>\n\n\n\n<p>No ano de 2023, tivemos uma corrente de com\u00e9rcio de US$ 580 bilh\u00f5es, com US$ 340 bilh\u00f5es de exporta\u00e7\u00f5es e US$ 240 bilh\u00f5es de importa\u00e7\u00f5es, gerando um saldo positico da ordem de US$ 100 bilh\u00f5es.<\/p>\n\n\n\n<p>Belos n\u00fameros. Por\u00e9m, o que est\u00e1 por tr\u00e1s deles?<\/p>\n\n\n\n<p>Para materializar este com\u00e9rcio em 2023, foram movimentados em nossa infraestrutura log\u00edstica cerca de 970 MT (milh\u00f5es de toneladas), sendo 800 MT no fluxo das exporta\u00e7\u00f5es e 170 MT nas importa\u00e7\u00f5es.<\/p>\n\n\n\n<p>Nossas rela\u00e7\u00f5es de troca, que n\u00e3o se alteram h\u00e1 dez anos, se situam em quatro para um \u2013 ou seja, dado o valor m\u00e9dio de nosso produto (US$ 425 por tonelada), precisamos exportar cerca de quatro d\u00f3lares para cada d\u00f3lar de importa\u00e7\u00e3o.<\/p>\n\n\n\n<p>A pauta de exporta\u00e7\u00f5es se concentra em tr\u00eas grupos de produtos: min\u00e9rio de ferro (47%), petr\u00f3leo e derivados (13%) e gr\u00e3os (soja, milho e farelo \u2013 23%), totalizando 82% do fluxo exportador.<\/p>\n\n\n\n<p>As ferrovias, cuja carga se concentra em min\u00e9rio de ferro (72% dos 530,7 MT movimentados em 2023), contribuiram decisivamente para o fluxo exportador. Isso mesmo as ferrovias transportando apenas 25% da safra de gr\u00e3os (320 MT).<\/p>\n\n\n\n<p>Portanto, um grande volume de carga advindo das exporta\u00e7\u00f5es e importa\u00e7\u00f5es \u00e9 movimentado por rodovias, modal sabidamente mais caro.<\/p>\n\n\n\n<p>Nossa infraestrutura log\u00edstica \u00e9 pequena, ineficiente e cara. Fatores como matriz de transportes concentrada em rodovias, malha ferrovi\u00e1ria explorada na forma de monop\u00f3lio e investimentos insuficientes em infraestutura, formam um cen\u00e1rio de dif\u00edcil supera\u00e7\u00e3o no curto e m\u00e9dio prazo.<\/p>\n\n\n\n<p>Como pano de fundo deste cen\u00e1rio, mais de 60% das rodovias est\u00e3o em estado regular, ruim e p\u00e9ssimo. Somente 40% das ferrovias est\u00e3o em plena opera\u00e7\u00e3o. As hidrovias ainda v\u00e3o se tornar operacionais e a cabatogem ainda est\u00e1 no mesmo patamar dos \u00faltimos anos.<\/p>\n\n\n\n<p>Bilh\u00f5es de reais, de forma cont\u00ednua e permanente, precisam ser investidos para melhorar a atual condi\u00e7\u00e3o da infraestrutura log\u00edstica e outros bilh\u00f5es para expandir sua capacidade.<\/p>\n\n\n\n<p>Parcerias com o setor privado s\u00e3o absolutamente necess\u00e1rias com modelos atrativos de neg\u00f3cios para viabilizar a t\u00e3o desejada redu\u00e7\u00e3o de custo e aumento de competitividade.<\/p>\n\n\n\n<p>E o US$ 1 trilh\u00e3o, \u00e9 poss\u00edvel?<\/p>\n\n\n\n<p>Mantendo as atuais rela\u00e7\u00f5es de troca com exterior, para atingir uma corrente de com\u00e9rcio deste porte, o Brasil necessita:<\/p>\n\n\n\n<ul class=\"wp-block-list\">\n<li>Exportar US$ 600 bilh\u00f5es, equivalente a um fluxo f\u00edsico de 1,4 BTU ao ano de produtos;<\/li>\n\n\n\n<li>Importar US$ 400 bilh\u00f5es, equivalente a um fluxo f\u00edsico de 300 MTU\/ano de produtos;<\/li>\n\n\n\n<li>Movimentar 1,7 BTU\/ano de produtos na infraestrutura log\u00edstica interna;<\/li>\n\n\n\n<li>Aumentar a produ\u00e7\u00e3o interna e a capacidade de transporte voltada para o com\u00e9rcio exterior em 730 MTU\/ano, ou seja, mais 75% dos n\u00edveis atuais.<\/li>\n<\/ul>\n\n\n\n<p>Por outro lado, para atingir esses volumes de movimenta\u00e7\u00e3o, em dez anos, ter\u00edamos que viabilizar os seguintes impactos na log\u00edstica interna:<\/p>\n\n\n\n<ul class=\"wp-block-list\">\n<li>Aumentar a capacidade de transporte ferrovi\u00e1ria em 300 MT, equivalente a implantar seis projetos do tamanho da Ferrogr\u00e3o;<\/li>\n\n\n\n<li>Aumentar a capacidade de movimenta\u00e7\u00e3o nos portos em 700 MT, equivalente a construir quatro portos como o de Santos (SP);<\/li>\n\n\n\n<li>Aumentar a oferta de capacidade rodovi\u00e1ria em 420 MT, equivalente a implantar 55 mil km, com duplica\u00e7\u00f5es, extens\u00f5es e novas vias;<\/li>\n\n\n\n<li>Produzir uma safra de 575 MT, equivalente a agregar 60 milh\u00f5es de ha \u00e0 atual \u00e1rea plantada;<\/li>\n\n\n\n<li>Investir R$ 410 bi em log\u00edstica terrestre, sendo R$ 275 bi em rodovias e R$ 135 bi em ferrovias.<\/li>\n<\/ul>\n\n\n\n<p>E agora, o que acha? \u00c9 poss\u00edvel o Brasil alcan\u00e7ar uma corrente de com\u00e9rcio exterior de US$ 1 trilh\u00e3o em dez anos?<\/p>\n\n\n\n<h6 class=\"wp-block-heading\" id=\"block-f323f59b-51bf-4eed-b17b-3c7d3b917007\"><strong>*Luis Baldez<\/strong> \u00e9 presidente executivo da ANUT (Associa\u00e7\u00e3o Nacional dos Usu\u00e1rios do Transporte de Carga).<\/h6>\n\n\n\n<h5 class=\"wp-block-heading\" id=\"block-5ef42db3-2ed1-4178-8ab5-7a7f312ba102\">As opini\u00f5es dos autores n\u00e3o refletem necessariamente o pensamento da Ag\u00eancia iNFRA, sendo de total responsabilidade do autor as informa\u00e7\u00f5es, ju\u00edzos de valor e conceitos descritos no texto.<\/h5>\n","protected":false},"excerpt":{"rendered":"<p>Luis Baldez* Temos ouvido de muitas autoridades p\u00fablicas o desejo de que o Brasil aumente sua corrente de com\u00e9rcio com o exterior atingindo US$ 1 trilh\u00e3o em dez anos. Para analisar esta possibilidade vamos \u00e0 realidade f\u00e1tica. No ano de 2023, tivemos uma corrente de com\u00e9rcio de US$ 580 bilh\u00f5es, com US$ 340 bilh\u00f5es de [&hellip;]<\/p>\n","protected":false},"author":1,"featured_media":12098,"comment_status":"closed","ping_status":"closed","sticky":false,"template":"","format":"standard","meta":{"_monsterinsights_skip_tracking":false,"_monsterinsights_sitenote_active":false,"_monsterinsights_sitenote_note":"","_monsterinsights_sitenote_category":0,"footnotes":""},"categories":[1,7,10040],"tags":[947,738,1729,158,120,5281,10416,5607,1315,260,97,126,625,940,10417,3566],"class_list":["post-17486","post","type-post","status-publish","format-standard","has-post-thumbnail","hentry","category-geral","category-infratransporte","category-opiniao","tag-anut","tag-comercio-exterior","tag-exportacoes","tag-ferrograo","tag-ferrovias","tag-importacoes","tag-infrastrutura-logistica","tag-luis-baldez","tag-parcerias-publico-privadas","tag-porto-de-santos","tag-ppp","tag-rodovias","tag-santos","tag-transporte-de-carga","tag-us-1-trilhao","tag-usuarios"],"yoast_head":"<!-- This site is optimized with the Yoast SEO Premium plugin v25.4 (Yoast SEO v26.0) - https:\/\/yoast.com\/wordpress\/plugins\/seo\/ -->\n<title>Opini\u00e3o \u2013 Com\u00e9rcio exterior do Brasil de US$ 1 trilh\u00e3o. \u00c9 poss\u00edvel? - Ag\u00eancia iNFRA<\/title>\n<meta name=\"robots\" content=\"index, follow, max-snippet:-1, max-image-preview:large, max-video-preview:-1\" \/>\n<link rel=\"canonical\" href=\"https:\/\/agenciainfra.com\/blog\/opiniao-comercio-exterior-do-brasil-de-us-1-trilhao-e-possivel\/\" \/>\n<meta property=\"og:locale\" content=\"pt_BR\" \/>\n<meta property=\"og:type\" content=\"article\" \/>\n<meta property=\"og:title\" content=\"Opini\u00e3o \u2013 Com\u00e9rcio exterior do Brasil de US$ 1 trilh\u00e3o. \u00c9 poss\u00edvel?\" \/>\n<meta property=\"og:description\" content=\"Luis Baldez* Temos ouvido de muitas autoridades p\u00fablicas o desejo de que o Brasil aumente sua corrente de com\u00e9rcio com o exterior atingindo US$ 1 trilh\u00e3o em dez anos. Para analisar esta possibilidade vamos \u00e0 realidade f\u00e1tica. No ano de 2023, tivemos uma corrente de com\u00e9rcio de US$ 580 bilh\u00f5es, com US$ 340 bilh\u00f5es de [&hellip;]\" \/>\n<meta property=\"og:url\" content=\"https:\/\/agenciainfra.com\/blog\/opiniao-comercio-exterior-do-brasil-de-us-1-trilhao-e-possivel\/\" \/>\n<meta property=\"og:site_name\" content=\"Ag\u00eancia iNFRA\" \/>\n<meta property=\"article:publisher\" content=\"https:\/\/www.facebook.com\/ageninfra\" \/>\n<meta property=\"article:published_time\" content=\"2024-07-01T17:00:00+00:00\" \/>\n<meta property=\"article:modified_time\" content=\"2024-07-02T12:23:00+00:00\" \/>\n<meta property=\"og:image\" content=\"https:\/\/agenciainfra.com\/blog\/wp-content\/uploads\/2023\/01\/luis-henrique-teixeira-baldez-foto-marcia-kalume-agencia-senado.jpeg\" \/>\n\t<meta property=\"og:image:width\" content=\"1280\" \/>\n\t<meta property=\"og:image:height\" content=\"852\" \/>\n\t<meta property=\"og:image:type\" content=\"image\/jpeg\" \/>\n<meta name=\"author\" content=\"Ag\u00eancia iNFRA\" \/>\n<meta name=\"twitter:card\" content=\"summary_large_image\" \/>\n<meta name=\"twitter:creator\" content=\"@agencia_infra\" \/>\n<meta name=\"twitter:site\" content=\"@agencia_infra\" \/>\n<meta name=\"twitter:label1\" content=\"Escrito por\" \/>\n\t<meta name=\"twitter:data1\" content=\"Ag\u00eancia iNFRA\" \/>\n\t<meta name=\"twitter:label2\" content=\"Est. tempo de leitura\" \/>\n\t<meta name=\"twitter:data2\" content=\"3 minutos\" \/>\n<script type=\"application\/ld+json\" class=\"yoast-schema-graph\">{\"@context\":\"https:\/\/schema.org\",\"@graph\":[{\"@type\":\"Article\",\"@id\":\"https:\/\/agenciainfra.com\/blog\/opiniao-comercio-exterior-do-brasil-de-us-1-trilhao-e-possivel\/#article\",\"isPartOf\":{\"@id\":\"https:\/\/agenciainfra.com\/blog\/opiniao-comercio-exterior-do-brasil-de-us-1-trilhao-e-possivel\/\"},\"author\":{\"name\":\"Ag\u00eancia iNFRA\",\"@id\":\"https:\/\/agenciainfra.com\/blog\/#\/schema\/person\/34af08dff6adea4cb22b06612ba7acfa\"},\"headline\":\"Opini\u00e3o \u2013 Com\u00e9rcio exterior do Brasil de US$ 1 trilh\u00e3o. \u00c9 poss\u00edvel?\",\"datePublished\":\"2024-07-01T17:00:00+00:00\",\"dateModified\":\"2024-07-02T12:23:00+00:00\",\"mainEntityOfPage\":{\"@id\":\"https:\/\/agenciainfra.com\/blog\/opiniao-comercio-exterior-do-brasil-de-us-1-trilhao-e-possivel\/\"},\"wordCount\":703,\"publisher\":{\"@id\":\"https:\/\/agenciainfra.com\/blog\/#organization\"},\"image\":{\"@id\":\"https:\/\/agenciainfra.com\/blog\/opiniao-comercio-exterior-do-brasil-de-us-1-trilhao-e-possivel\/#primaryimage\"},\"thumbnailUrl\":\"https:\/\/agenciainfra.com\/blog\/wp-content\/uploads\/2023\/01\/luis-henrique-teixeira-baldez-foto-marcia-kalume-agencia-senado.jpeg\",\"keywords\":[\"ANUT\",\"Com\u00e9rcio Exterior\",\"exporta\u00e7\u00f5es\",\"Ferrogr\u00e3o\",\"Ferrovias\",\"importa\u00e7\u00f5es\",\"infrastrutura log\u00edstica\",\"Luis Baldez\",\"parcerias p\u00fablico-privadas\",\"Porto de Santos\",\"PPP\",\"rodovias\",\"Santos\",\"transporte de carga\",\"US$ 1 trilh\u00e3o\",\"usu\u00e1rios\"],\"articleSection\":[\"Geral\",\"iNFRATransporte\",\"Opini\u00e3o\"],\"inLanguage\":\"pt-BR\",\"copyrightYear\":\"2024\",\"copyrightHolder\":{\"@id\":\"https:\/\/agenciainfra.com\/blog\/#organization\"}},{\"@type\":\"WebPage\",\"@id\":\"https:\/\/agenciainfra.com\/blog\/opiniao-comercio-exterior-do-brasil-de-us-1-trilhao-e-possivel\/\",\"url\":\"https:\/\/agenciainfra.com\/blog\/opiniao-comercio-exterior-do-brasil-de-us-1-trilhao-e-possivel\/\",\"name\":\"Opini\u00e3o \u2013 Com\u00e9rcio exterior do Brasil de US$ 1 trilh\u00e3o. \u00c9 poss\u00edvel? - Ag\u00eancia iNFRA\",\"isPartOf\":{\"@id\":\"https:\/\/agenciainfra.com\/blog\/#website\"},\"primaryImageOfPage\":{\"@id\":\"https:\/\/agenciainfra.com\/blog\/opiniao-comercio-exterior-do-brasil-de-us-1-trilhao-e-possivel\/#primaryimage\"},\"image\":{\"@id\":\"https:\/\/agenciainfra.com\/blog\/opiniao-comercio-exterior-do-brasil-de-us-1-trilhao-e-possivel\/#primaryimage\"},\"thumbnailUrl\":\"https:\/\/agenciainfra.com\/blog\/wp-content\/uploads\/2023\/01\/luis-henrique-teixeira-baldez-foto-marcia-kalume-agencia-senado.jpeg\",\"datePublished\":\"2024-07-01T17:00:00+00:00\",\"dateModified\":\"2024-07-02T12:23:00+00:00\",\"breadcrumb\":{\"@id\":\"https:\/\/agenciainfra.com\/blog\/opiniao-comercio-exterior-do-brasil-de-us-1-trilhao-e-possivel\/#breadcrumb\"},\"inLanguage\":\"pt-BR\",\"potentialAction\":[{\"@type\":\"ReadAction\",\"target\":[\"https:\/\/agenciainfra.com\/blog\/opiniao-comercio-exterior-do-brasil-de-us-1-trilhao-e-possivel\/\"]}]},{\"@type\":\"ImageObject\",\"inLanguage\":\"pt-BR\",\"@id\":\"https:\/\/agenciainfra.com\/blog\/opiniao-comercio-exterior-do-brasil-de-us-1-trilhao-e-possivel\/#primaryimage\",\"url\":\"https:\/\/agenciainfra.com\/blog\/wp-content\/uploads\/2023\/01\/luis-henrique-teixeira-baldez-foto-marcia-kalume-agencia-senado.jpeg\",\"contentUrl\":\"https:\/\/agenciainfra.com\/blog\/wp-content\/uploads\/2023\/01\/luis-henrique-teixeira-baldez-foto-marcia-kalume-agencia-senado.jpeg\",\"width\":1280,\"height\":852},{\"@type\":\"BreadcrumbList\",\"@id\":\"https:\/\/agenciainfra.com\/blog\/opiniao-comercio-exterior-do-brasil-de-us-1-trilhao-e-possivel\/#breadcrumb\",\"itemListElement\":[{\"@type\":\"ListItem\",\"position\":1,\"name\":\"In\u00edcio\",\"item\":\"https:\/\/agenciainfra.com\/blog\/\"},{\"@type\":\"ListItem\",\"position\":2,\"name\":\"Opini\u00e3o \u2013 Com\u00e9rcio exterior do Brasil de US$ 1 trilh\u00e3o. \u00c9 poss\u00edvel?\"}]},{\"@type\":\"WebSite\",\"@id\":\"https:\/\/agenciainfra.com\/blog\/#website\",\"url\":\"https:\/\/agenciainfra.com\/blog\/\",\"name\":\"Ag\u00eancia iNFRA\",\"description\":\"Multiplataforma de informa\u00e7\u00e3o jornal\u00edstica refer\u00eancia na \u00e1rea de infraestrutura no Brasil!\",\"publisher\":{\"@id\":\"https:\/\/agenciainfra.com\/blog\/#organization\"},\"potentialAction\":[{\"@type\":\"SearchAction\",\"target\":{\"@type\":\"EntryPoint\",\"urlTemplate\":\"https:\/\/agenciainfra.com\/blog\/?s={search_term_string}\"},\"query-input\":{\"@type\":\"PropertyValueSpecification\",\"valueRequired\":true,\"valueName\":\"search_term_string\"}}],\"inLanguage\":\"pt-BR\"},{\"@type\":\"Organization\",\"@id\":\"https:\/\/agenciainfra.com\/blog\/#organization\",\"name\":\"Ag\u00eancia iNFRA\",\"url\":\"https:\/\/agenciainfra.com\/blog\/\",\"logo\":{\"@type\":\"ImageObject\",\"inLanguage\":\"pt-BR\",\"@id\":\"https:\/\/agenciainfra.com\/blog\/#\/schema\/logo\/image\/\",\"url\":\"https:\/\/agenciainfra.com\/blog\/wp-content\/uploads\/2023\/09\/iNFRA_5-e1761735885940.png\",\"contentUrl\":\"https:\/\/agenciainfra.com\/blog\/wp-content\/uploads\/2023\/09\/iNFRA_5-e1761735885940.png\",\"width\":1672,\"height\":454,\"caption\":\"Ag\u00eancia iNFRA\"},\"image\":{\"@id\":\"https:\/\/agenciainfra.com\/blog\/#\/schema\/logo\/image\/\"},\"sameAs\":[\"https:\/\/www.facebook.com\/ageninfra\",\"https:\/\/x.com\/agencia_infra\",\"https:\/\/www.linkedin.com\/company\/ag\u00eanciainfra\/\",\"https:\/\/www.instagram.com\/agenciainfra\/\"]},{\"@type\":\"Person\",\"@id\":\"https:\/\/agenciainfra.com\/blog\/#\/schema\/person\/34af08dff6adea4cb22b06612ba7acfa\",\"name\":\"Ag\u00eancia iNFRA\",\"image\":{\"@type\":\"ImageObject\",\"inLanguage\":\"pt-BR\",\"@id\":\"https:\/\/agenciainfra.com\/blog\/#\/schema\/person\/image\/\",\"url\":\"https:\/\/secure.gravatar.com\/avatar\/d189e01678f06d8eb84d4e01f08eb848b3fffe3f8443818d3c356c66892f5be8?s=96&d=mm&r=g\",\"contentUrl\":\"https:\/\/secure.gravatar.com\/avatar\/d189e01678f06d8eb84d4e01f08eb848b3fffe3f8443818d3c356c66892f5be8?s=96&d=mm&r=g\",\"caption\":\"Ag\u00eancia iNFRA\"},\"url\":\"https:\/\/agenciainfra.com\/blog\/author\/admin\/\"}]}<\/script>\n<!-- \/ Yoast SEO Premium plugin. -->","yoast_head_json":{"title":"Opini\u00e3o \u2013 Com\u00e9rcio exterior do Brasil de US$ 1 trilh\u00e3o. \u00c9 poss\u00edvel? - Ag\u00eancia iNFRA","robots":{"index":"index","follow":"follow","max-snippet":"max-snippet:-1","max-image-preview":"max-image-preview:large","max-video-preview":"max-video-preview:-1"},"canonical":"https:\/\/agenciainfra.com\/blog\/opiniao-comercio-exterior-do-brasil-de-us-1-trilhao-e-possivel\/","og_locale":"pt_BR","og_type":"article","og_title":"Opini\u00e3o \u2013 Com\u00e9rcio exterior do Brasil de US$ 1 trilh\u00e3o. \u00c9 poss\u00edvel?","og_description":"Luis Baldez* Temos ouvido de muitas autoridades p\u00fablicas o desejo de que o Brasil aumente sua corrente de com\u00e9rcio com o exterior atingindo US$ 1 trilh\u00e3o em dez anos. Para analisar esta possibilidade vamos \u00e0 realidade f\u00e1tica. No ano de 2023, tivemos uma corrente de com\u00e9rcio de US$ 580 bilh\u00f5es, com US$ 340 bilh\u00f5es de [&hellip;]","og_url":"https:\/\/agenciainfra.com\/blog\/opiniao-comercio-exterior-do-brasil-de-us-1-trilhao-e-possivel\/","og_site_name":"Ag\u00eancia iNFRA","article_publisher":"https:\/\/www.facebook.com\/ageninfra","article_published_time":"2024-07-01T17:00:00+00:00","article_modified_time":"2024-07-02T12:23:00+00:00","og_image":[{"width":1280,"height":852,"url":"https:\/\/agenciainfra.com\/blog\/wp-content\/uploads\/2023\/01\/luis-henrique-teixeira-baldez-foto-marcia-kalume-agencia-senado.jpeg","type":"image\/jpeg"}],"author":"Ag\u00eancia iNFRA","twitter_card":"summary_large_image","twitter_creator":"@agencia_infra","twitter_site":"@agencia_infra","twitter_misc":{"Escrito por":"Ag\u00eancia iNFRA","Est. tempo de leitura":"3 minutos"},"schema":{"@context":"https:\/\/schema.org","@graph":[{"@type":"Article","@id":"https:\/\/agenciainfra.com\/blog\/opiniao-comercio-exterior-do-brasil-de-us-1-trilhao-e-possivel\/#article","isPartOf":{"@id":"https:\/\/agenciainfra.com\/blog\/opiniao-comercio-exterior-do-brasil-de-us-1-trilhao-e-possivel\/"},"author":{"name":"Ag\u00eancia iNFRA","@id":"https:\/\/agenciainfra.com\/blog\/#\/schema\/person\/34af08dff6adea4cb22b06612ba7acfa"},"headline":"Opini\u00e3o \u2013 Com\u00e9rcio exterior do Brasil de US$ 1 trilh\u00e3o. \u00c9 poss\u00edvel?","datePublished":"2024-07-01T17:00:00+00:00","dateModified":"2024-07-02T12:23:00+00:00","mainEntityOfPage":{"@id":"https:\/\/agenciainfra.com\/blog\/opiniao-comercio-exterior-do-brasil-de-us-1-trilhao-e-possivel\/"},"wordCount":703,"publisher":{"@id":"https:\/\/agenciainfra.com\/blog\/#organization"},"image":{"@id":"https:\/\/agenciainfra.com\/blog\/opiniao-comercio-exterior-do-brasil-de-us-1-trilhao-e-possivel\/#primaryimage"},"thumbnailUrl":"https:\/\/agenciainfra.com\/blog\/wp-content\/uploads\/2023\/01\/luis-henrique-teixeira-baldez-foto-marcia-kalume-agencia-senado.jpeg","keywords":["ANUT","Com\u00e9rcio Exterior","exporta\u00e7\u00f5es","Ferrogr\u00e3o","Ferrovias","importa\u00e7\u00f5es","infrastrutura log\u00edstica","Luis Baldez","parcerias p\u00fablico-privadas","Porto de Santos","PPP","rodovias","Santos","transporte de carga","US$ 1 trilh\u00e3o","usu\u00e1rios"],"articleSection":["Geral","iNFRATransporte","Opini\u00e3o"],"inLanguage":"pt-BR","copyrightYear":"2024","copyrightHolder":{"@id":"https:\/\/agenciainfra.com\/blog\/#organization"}},{"@type":"WebPage","@id":"https:\/\/agenciainfra.com\/blog\/opiniao-comercio-exterior-do-brasil-de-us-1-trilhao-e-possivel\/","url":"https:\/\/agenciainfra.com\/blog\/opiniao-comercio-exterior-do-brasil-de-us-1-trilhao-e-possivel\/","name":"Opini\u00e3o \u2013 Com\u00e9rcio exterior do Brasil de US$ 1 trilh\u00e3o. \u00c9 poss\u00edvel? - Ag\u00eancia iNFRA","isPartOf":{"@id":"https:\/\/agenciainfra.com\/blog\/#website"},"primaryImageOfPage":{"@id":"https:\/\/agenciainfra.com\/blog\/opiniao-comercio-exterior-do-brasil-de-us-1-trilhao-e-possivel\/#primaryimage"},"image":{"@id":"https:\/\/agenciainfra.com\/blog\/opiniao-comercio-exterior-do-brasil-de-us-1-trilhao-e-possivel\/#primaryimage"},"thumbnailUrl":"https:\/\/agenciainfra.com\/blog\/wp-content\/uploads\/2023\/01\/luis-henrique-teixeira-baldez-foto-marcia-kalume-agencia-senado.jpeg","datePublished":"2024-07-01T17:00:00+00:00","dateModified":"2024-07-02T12:23:00+00:00","breadcrumb":{"@id":"https:\/\/agenciainfra.com\/blog\/opiniao-comercio-exterior-do-brasil-de-us-1-trilhao-e-possivel\/#breadcrumb"},"inLanguage":"pt-BR","potentialAction":[{"@type":"ReadAction","target":["https:\/\/agenciainfra.com\/blog\/opiniao-comercio-exterior-do-brasil-de-us-1-trilhao-e-possivel\/"]}]},{"@type":"ImageObject","inLanguage":"pt-BR","@id":"https:\/\/agenciainfra.com\/blog\/opiniao-comercio-exterior-do-brasil-de-us-1-trilhao-e-possivel\/#primaryimage","url":"https:\/\/agenciainfra.com\/blog\/wp-content\/uploads\/2023\/01\/luis-henrique-teixeira-baldez-foto-marcia-kalume-agencia-senado.jpeg","contentUrl":"https:\/\/agenciainfra.com\/blog\/wp-content\/uploads\/2023\/01\/luis-henrique-teixeira-baldez-foto-marcia-kalume-agencia-senado.jpeg","width":1280,"height":852},{"@type":"BreadcrumbList","@id":"https:\/\/agenciainfra.com\/blog\/opiniao-comercio-exterior-do-brasil-de-us-1-trilhao-e-possivel\/#breadcrumb","itemListElement":[{"@type":"ListItem","position":1,"name":"In\u00edcio","item":"https:\/\/agenciainfra.com\/blog\/"},{"@type":"ListItem","position":2,"name":"Opini\u00e3o \u2013 Com\u00e9rcio exterior do Brasil de US$ 1 trilh\u00e3o. \u00c9 poss\u00edvel?"}]},{"@type":"WebSite","@id":"https:\/\/agenciainfra.com\/blog\/#website","url":"https:\/\/agenciainfra.com\/blog\/","name":"Ag\u00eancia iNFRA","description":"Multiplataforma de informa\u00e7\u00e3o jornal\u00edstica refer\u00eancia na \u00e1rea de infraestrutura no Brasil!","publisher":{"@id":"https:\/\/agenciainfra.com\/blog\/#organization"},"potentialAction":[{"@type":"SearchAction","target":{"@type":"EntryPoint","urlTemplate":"https:\/\/agenciainfra.com\/blog\/?s={search_term_string}"},"query-input":{"@type":"PropertyValueSpecification","valueRequired":true,"valueName":"search_term_string"}}],"inLanguage":"pt-BR"},{"@type":"Organization","@id":"https:\/\/agenciainfra.com\/blog\/#organization","name":"Ag\u00eancia iNFRA","url":"https:\/\/agenciainfra.com\/blog\/","logo":{"@type":"ImageObject","inLanguage":"pt-BR","@id":"https:\/\/agenciainfra.com\/blog\/#\/schema\/logo\/image\/","url":"https:\/\/agenciainfra.com\/blog\/wp-content\/uploads\/2023\/09\/iNFRA_5-e1761735885940.png","contentUrl":"https:\/\/agenciainfra.com\/blog\/wp-content\/uploads\/2023\/09\/iNFRA_5-e1761735885940.png","width":1672,"height":454,"caption":"Ag\u00eancia iNFRA"},"image":{"@id":"https:\/\/agenciainfra.com\/blog\/#\/schema\/logo\/image\/"},"sameAs":["https:\/\/www.facebook.com\/ageninfra","https:\/\/x.com\/agencia_infra","https:\/\/www.linkedin.com\/company\/ag\u00eanciainfra\/","https:\/\/www.instagram.com\/agenciainfra\/"]},{"@type":"Person","@id":"https:\/\/agenciainfra.com\/blog\/#\/schema\/person\/34af08dff6adea4cb22b06612ba7acfa","name":"Ag\u00eancia iNFRA","image":{"@type":"ImageObject","inLanguage":"pt-BR","@id":"https:\/\/agenciainfra.com\/blog\/#\/schema\/person\/image\/","url":"https:\/\/secure.gravatar.com\/avatar\/d189e01678f06d8eb84d4e01f08eb848b3fffe3f8443818d3c356c66892f5be8?s=96&d=mm&r=g","contentUrl":"https:\/\/secure.gravatar.com\/avatar\/d189e01678f06d8eb84d4e01f08eb848b3fffe3f8443818d3c356c66892f5be8?s=96&d=mm&r=g","caption":"Ag\u00eancia iNFRA"},"url":"https:\/\/agenciainfra.com\/blog\/author\/admin\/"}]}},"_links":{"self":[{"href":"https:\/\/agenciainfra.com\/blog\/wp-json\/wp\/v2\/posts\/17486","targetHints":{"allow":["GET"]}}],"collection":[{"href":"https:\/\/agenciainfra.com\/blog\/wp-json\/wp\/v2\/posts"}],"about":[{"href":"https:\/\/agenciainfra.com\/blog\/wp-json\/wp\/v2\/types\/post"}],"author":[{"embeddable":true,"href":"https:\/\/agenciainfra.com\/blog\/wp-json\/wp\/v2\/users\/1"}],"replies":[{"embeddable":true,"href":"https:\/\/agenciainfra.com\/blog\/wp-json\/wp\/v2\/comments?post=17486"}],"version-history":[{"count":2,"href":"https:\/\/agenciainfra.com\/blog\/wp-json\/wp\/v2\/posts\/17486\/revisions"}],"predecessor-version":[{"id":17494,"href":"https:\/\/agenciainfra.com\/blog\/wp-json\/wp\/v2\/posts\/17486\/revisions\/17494"}],"wp:featuredmedia":[{"embeddable":true,"href":"https:\/\/agenciainfra.com\/blog\/wp-json\/wp\/v2\/media\/12098"}],"wp:attachment":[{"href":"https:\/\/agenciainfra.com\/blog\/wp-json\/wp\/v2\/media?parent=17486"}],"wp:term":[{"taxonomy":"category","embeddable":true,"href":"https:\/\/agenciainfra.com\/blog\/wp-json\/wp\/v2\/categories?post=17486"},{"taxonomy":"post_tag","embeddable":true,"href":"https:\/\/agenciainfra.com\/blog\/wp-json\/wp\/v2\/tags?post=17486"}],"curies":[{"name":"wp","href":"https:\/\/api.w.org\/{rel}","templated":true}]}}