{"id":1752,"date":"2018-05-28T07:05:37","date_gmt":"2018-05-28T10:05:37","guid":{"rendered":"http:\/\/www.agenciainfra.com\/blog\/?p=1752"},"modified":"2018-05-28T07:12:27","modified_gmt":"2018-05-28T10:12:27","slug":"por-fim-da-greve-temer-cede-e-faz-mps-com-tabela-de-frete-e-isencao-de-eixo-suspenso","status":"publish","type":"post","link":"https:\/\/agenciainfra.com\/blog\/por-fim-da-greve-temer-cede-e-faz-mps-com-tabela-de-frete-e-isencao-de-eixo-suspenso\/","title":{"rendered":"Por fim da greve, Temer cede e faz MPs com tabela de frete e isen\u00e7\u00e3o de eixo suspenso"},"content":{"rendered":"<div>\n<h5 style=\"text-align: right;\"><strong>Dimmi Amora e Bernardo Gonzaga, da Ag\u00eancia iNFRA<\/strong><\/h5>\n<div>\n<p>O governo cedeu aos caminhoneiros e decidiu atender, por Medida Provis\u00f3ria, tr\u00eas exig\u00eancias da categoria. Al\u00e9m disso, manter\u00e1\u00a0congelados os pre\u00e7os do diesel por 60 dias, descontado o valor de R$ 0,46 por litro,\u00a0que corresponde \u00e0 isen\u00e7\u00e3o da Cide do PIS\/Cofins.<\/p>\n<p>As medidas foram anunciadas pelo presidente Michel Temer, em pronunciamento feito\u00a0na noite deste domingo (27) para tentar acabar com a greve de\u00a0caminhoneiros aut\u00f4nomos e transportadoras, que j\u00e1 dura uma semana.<\/p>\n<p>Uma das MPs vai instituir a Tabela de Frete M\u00ednimo nos termos do\u00a0<a href=\"https:\/\/www25.senado.leg.br\/web\/atividade\/materias\/-\/materia\/131292\" target=\"_blank\" rel=\"noopener\">PLC 121\/2015<\/a>, ou seja, obrigat\u00f3ria.\u00a0Outra MP vai determinar que rodovias estaduais e municipais concedidas tamb\u00e9m sejam\u00a0obrigadas a dar\u00a0isen\u00e7\u00e3o de ped\u00e1gio para eixos suspensos dos caminh\u00f5es, o que j\u00e1 ocorre nas rodovias federais. A terceira MP garante que\u00a030% dos\u00a0fretes da Conab (Companhia Nacional de Abastecimento) sejam para aut\u00f4nomos, algo que j\u00e1 estava acordado desde quinta-feira (24).<\/p>\n<p>O custo para manter o diesel congelado por 60 dias foi estimado em R$ 10 bilh\u00f5es pelo ministro da Secretaria de Governo, Carlos Marun. Os valores ser\u00e3o reavaliados de 30 em 30 dias e a Petrobras ser\u00e1 compensada, em caso de perdas, com recursos do Tesouro.<br \/>\n<img fetchpriority=\"high\" decoding=\"async\" class=\"alignright\" src=\"https:\/\/gallery.mailchimp.com\/d460dd1bcf9ba0ae040e1fc0f\/_compresseds\/87e660fa-30a4-4387-90a0-bd2e8a229af5.jpg\" width=\"600\" height=\"399\" data-file-id=\"983451\" \/><\/p>\n<p><strong>Tabela de Frete \u00e9 pedido mais antigo<\/strong><br \/>\nO governo j\u00e1 vinha indicando desde sexta-feira (25) que poderia ceder mais para os caminhoneiros, principalmente em rela\u00e7\u00e3o \u00e0 tabela de frete que era, desde o princ\u00edpio do movimento, a pauta mais importante para os aut\u00f4nomos.<\/p>\n<p>O ministro Marun\u00a0disse, em entrevista, que a base aliada estava\u00a0trabalhando para colocar em regime de urg\u00eancia o PLC\u00a0121\/2017.\u00a0O projeto est\u00e1 atualmente na CAE (Comiss\u00e3o de Assuntos Econ\u00f4micos) e, se aprovada a urg\u00eancia, ele iria direto ao plen\u00e1rio.<\/p>\n<p>O projeto \u00e9 relatado pelo l\u00edder do governo no Senado, Romero Juc\u00e1 (MDB-RR), que at\u00e9 sexta-feira (25), n\u00e3o havia escrito o relat\u00f3rio da mat\u00e9ria. O pedido de tramita\u00e7\u00e3o urgente deve partir dele mesmo.\u00a0\u00c9 uma das reivindica\u00e7\u00f5es dos caminhoneiros. A ideia, no entanto,\u00a0sofre forte resist\u00eancia dos setores industrial e agr\u00edcola.<\/p>\n<p><strong>Hist\u00f3rico do PLC 121\/2017<\/strong><br \/>\nSegundo o autor do PLC 121\/2017, Assis do Couto (PDT-PR), a tabela de pre\u00e7o m\u00ednimo de frete era uma das reivindica\u00e7\u00f5es da categoria\u00a0na greve de 2015, feita pelos transportadores aut\u00f4nomos. \u00c0 \u00e9poca, foi solicitado ao governo Dilma que a medida fosse feita atrav\u00e9s de uma Medida Provis\u00f3ria, o que n\u00e3o ocorreu. Ent\u00e3o, foi criado o PLC.<\/p>\n<p>Couto disse que n\u00e3o tem conhecimento de locaute por parte dos grevistas e que sempre tratou da quest\u00e3o com os motoristas aut\u00f4nomos. Ele ressaltou que a investiga\u00e7\u00e3o cabe apenas ao governo, para n\u00e3o gerar especula\u00e7\u00f5es.<\/p>\n<p>Entretanto, mesmo com a aprova\u00e7\u00e3o da mat\u00e9ria, o parlamentar disse n\u00e3o ter certeza se a medida vai solucionar a greve, j\u00e1 que h\u00e1 outras reivindica\u00e7\u00f5es envolvendo a manifesta\u00e7\u00e3o. \u201cN\u00e3o sei se vai solucionar, mas \u00e9 um dos pedidos dos caminhoneiros\u201d, disse.<\/p>\n<p><strong>Rea\u00e7\u00f5es no Congresso<\/strong><br \/>\nT\u00e3o logo a crise come\u00e7ou a se agravar, os senadores Romero Juc\u00e1 e Randolfe Rodrigues (REDE-AP) propuseram em plen\u00e1rio um projeto de resolu\u00e7\u00e3o que fixa porcentagem m\u00e1xima para a al\u00edquota do ICMS (Imposto sobre Opera\u00e7\u00f5es de Circula\u00e7\u00e3o de Mercadorias e Presta\u00e7\u00e3o de Servi\u00e7os de Transporte Interestadual e Intermunicipal e de Comunica\u00e7\u00e3o) sobre combust\u00edveis. Atualmente, esse imposto varia de acordo com o estado da federa\u00e7\u00e3o.<\/p>\n<p>No ano passado, o Senado rejeitou um projeto semelhante a este, que criava uma al\u00edquota m\u00e1xima de 12% para o mesmo imposto, por\u00e9m, sobre o querosene de avia\u00e7\u00e3o. A oposi\u00e7\u00e3o \u00e0 mat\u00e9ria foi feita principalmente por senadores do estado de S\u00e3o Paulo, que tem uma maior arrecada\u00e7\u00e3o dessa tarifa e argumentaram que a medida prejudicaria os investimentos no estado.\u00a0Dessa vez, o projeto em estudo prev\u00ea nivelar em 18% a al\u00edquota m\u00e1xima para a gasolina e o \u00e1lcool, e 7% a de diesel.<\/p>\n<\/div>\n<\/div>\n","protected":false},"excerpt":{"rendered":"<p>Dimmi Amora e Bernardo Gonzaga, da Ag\u00eancia iNFRA O governo cedeu aos caminhoneiros e decidiu atender, por Medida Provis\u00f3ria, tr\u00eas exig\u00eancias da categoria. Al\u00e9m disso, manter\u00e1\u00a0congelados os pre\u00e7os do diesel por 60 dias, descontado o valor de R$ 0,46 por litro,\u00a0que corresponde \u00e0 isen\u00e7\u00e3o da Cide do PIS\/Cofins. As medidas foram anunciadas pelo presidente Michel [&hellip;]<\/p>\n","protected":false},"author":1,"featured_media":1753,"comment_status":"closed","ping_status":"open","sticky":false,"template":"","format":"standard","meta":{"_monsterinsights_skip_tracking":false,"_monsterinsights_sitenote_active":false,"_monsterinsights_sitenote_note":"","_monsterinsights_sitenote_category":0,"footnotes":""},"categories":[7],"tags":[299,300,297,20,298],"class_list":["post-1752","post","type-post","status-publish","format-standard","has-post-thumbnail","hentry","category-infratransporte","tag-autonomos","tag-eixo-suspenso","tag-greve-dos-caminhoneiros","tag-pedagio","tag-tabela-de-frete"],"yoast_head":"<!-- This site is optimized with the Yoast SEO Premium plugin v25.4 (Yoast SEO v26.0) - https:\/\/yoast.com\/wordpress\/plugins\/seo\/ -->\n<title>Por fim da greve, Temer cede e faz MPs com tabela de frete e isen\u00e7\u00e3o de eixo suspenso - Ag\u00eancia iNFRA<\/title>\n<meta name=\"robots\" content=\"index, follow, max-snippet:-1, max-image-preview:large, max-video-preview:-1\" \/>\n<link rel=\"canonical\" href=\"https:\/\/agenciainfra.com\/blog\/por-fim-da-greve-temer-cede-e-faz-mps-com-tabela-de-frete-e-isencao-de-eixo-suspenso\/\" \/>\n<meta property=\"og:locale\" content=\"pt_BR\" \/>\n<meta property=\"og:type\" content=\"article\" \/>\n<meta property=\"og:title\" content=\"Por fim da greve, Temer cede e faz MPs com tabela de frete e isen\u00e7\u00e3o de eixo suspenso\" \/>\n<meta property=\"og:description\" content=\"Dimmi Amora e Bernardo Gonzaga, da Ag\u00eancia iNFRA O governo cedeu aos caminhoneiros e decidiu atender, por Medida Provis\u00f3ria, tr\u00eas exig\u00eancias da categoria. Al\u00e9m disso, manter\u00e1\u00a0congelados os pre\u00e7os do diesel por 60 dias, descontado o valor de R$ 0,46 por litro,\u00a0que corresponde \u00e0 isen\u00e7\u00e3o da Cide do PIS\/Cofins. As medidas foram anunciadas pelo presidente Michel [&hellip;]\" \/>\n<meta property=\"og:url\" content=\"https:\/\/agenciainfra.com\/blog\/por-fim-da-greve-temer-cede-e-faz-mps-com-tabela-de-frete-e-isencao-de-eixo-suspenso\/\" \/>\n<meta property=\"og:site_name\" content=\"Ag\u00eancia iNFRA\" \/>\n<meta property=\"article:publisher\" content=\"https:\/\/www.facebook.com\/ageninfra\" \/>\n<meta property=\"article:published_time\" content=\"2018-05-28T10:05:37+00:00\" \/>\n<meta property=\"article:modified_time\" content=\"2018-05-28T10:12:27+00:00\" \/>\n<meta property=\"og:image\" content=\"https:\/\/agenciainfra.com\/blog\/wp-content\/uploads\/2018\/05\/cominhoes_valter_campanato_agencia_brasil-1024x668.jpg\" \/>\n\t<meta property=\"og:image:width\" content=\"1024\" \/>\n\t<meta property=\"og:image:height\" content=\"668\" \/>\n\t<meta property=\"og:image:type\" content=\"image\/jpeg\" \/>\n<meta name=\"author\" content=\"Ag\u00eancia iNFRA\" \/>\n<meta name=\"twitter:card\" content=\"summary_large_image\" \/>\n<meta name=\"twitter:creator\" content=\"@agencia_infra\" \/>\n<meta name=\"twitter:site\" content=\"@agencia_infra\" \/>\n<meta name=\"twitter:label1\" content=\"Escrito por\" \/>\n\t<meta name=\"twitter:data1\" content=\"Ag\u00eancia iNFRA\" \/>\n\t<meta name=\"twitter:label2\" content=\"Est. tempo de leitura\" \/>\n\t<meta name=\"twitter:data2\" content=\"3 minutos\" \/>\n<script type=\"application\/ld+json\" class=\"yoast-schema-graph\">{\"@context\":\"https:\/\/schema.org\",\"@graph\":[{\"@type\":\"Article\",\"@id\":\"https:\/\/agenciainfra.com\/blog\/por-fim-da-greve-temer-cede-e-faz-mps-com-tabela-de-frete-e-isencao-de-eixo-suspenso\/#article\",\"isPartOf\":{\"@id\":\"https:\/\/agenciainfra.com\/blog\/por-fim-da-greve-temer-cede-e-faz-mps-com-tabela-de-frete-e-isencao-de-eixo-suspenso\/\"},\"author\":{\"name\":\"Ag\u00eancia iNFRA\",\"@id\":\"https:\/\/agenciainfra.com\/blog\/#\/schema\/person\/34af08dff6adea4cb22b06612ba7acfa\"},\"headline\":\"Por fim da greve, Temer cede e faz MPs com tabela de frete e isen\u00e7\u00e3o de eixo suspenso\",\"datePublished\":\"2018-05-28T10:05:37+00:00\",\"dateModified\":\"2018-05-28T10:12:27+00:00\",\"mainEntityOfPage\":{\"@id\":\"https:\/\/agenciainfra.com\/blog\/por-fim-da-greve-temer-cede-e-faz-mps-com-tabela-de-frete-e-isencao-de-eixo-suspenso\/\"},\"wordCount\":694,\"publisher\":{\"@id\":\"https:\/\/agenciainfra.com\/blog\/#organization\"},\"image\":{\"@id\":\"https:\/\/agenciainfra.com\/blog\/por-fim-da-greve-temer-cede-e-faz-mps-com-tabela-de-frete-e-isencao-de-eixo-suspenso\/#primaryimage\"},\"thumbnailUrl\":\"https:\/\/agenciainfra.com\/blog\/wp-content\/uploads\/2018\/05\/cominhoes_valter_campanato_agencia_brasil.jpg\",\"keywords\":[\"aut\u00f4nomos\",\"eixo suspenso\",\"greve dos caminhoneiros\",\"Ped\u00e1gio\",\"tabela de frete\"],\"articleSection\":[\"iNFRATransporte\"],\"inLanguage\":\"pt-BR\",\"copyrightYear\":\"2018\",\"copyrightHolder\":{\"@id\":\"https:\/\/agenciainfra.com\/blog\/#organization\"}},{\"@type\":\"WebPage\",\"@id\":\"https:\/\/agenciainfra.com\/blog\/por-fim-da-greve-temer-cede-e-faz-mps-com-tabela-de-frete-e-isencao-de-eixo-suspenso\/\",\"url\":\"https:\/\/agenciainfra.com\/blog\/por-fim-da-greve-temer-cede-e-faz-mps-com-tabela-de-frete-e-isencao-de-eixo-suspenso\/\",\"name\":\"Por fim da greve, Temer cede e faz MPs com tabela de frete e isen\u00e7\u00e3o de eixo suspenso - Ag\u00eancia iNFRA\",\"isPartOf\":{\"@id\":\"https:\/\/agenciainfra.com\/blog\/#website\"},\"primaryImageOfPage\":{\"@id\":\"https:\/\/agenciainfra.com\/blog\/por-fim-da-greve-temer-cede-e-faz-mps-com-tabela-de-frete-e-isencao-de-eixo-suspenso\/#primaryimage\"},\"image\":{\"@id\":\"https:\/\/agenciainfra.com\/blog\/por-fim-da-greve-temer-cede-e-faz-mps-com-tabela-de-frete-e-isencao-de-eixo-suspenso\/#primaryimage\"},\"thumbnailUrl\":\"https:\/\/agenciainfra.com\/blog\/wp-content\/uploads\/2018\/05\/cominhoes_valter_campanato_agencia_brasil.jpg\",\"datePublished\":\"2018-05-28T10:05:37+00:00\",\"dateModified\":\"2018-05-28T10:12:27+00:00\",\"breadcrumb\":{\"@id\":\"https:\/\/agenciainfra.com\/blog\/por-fim-da-greve-temer-cede-e-faz-mps-com-tabela-de-frete-e-isencao-de-eixo-suspenso\/#breadcrumb\"},\"inLanguage\":\"pt-BR\",\"potentialAction\":[{\"@type\":\"ReadAction\",\"target\":[\"https:\/\/agenciainfra.com\/blog\/por-fim-da-greve-temer-cede-e-faz-mps-com-tabela-de-frete-e-isencao-de-eixo-suspenso\/\"]}]},{\"@type\":\"ImageObject\",\"inLanguage\":\"pt-BR\",\"@id\":\"https:\/\/agenciainfra.com\/blog\/por-fim-da-greve-temer-cede-e-faz-mps-com-tabela-de-frete-e-isencao-de-eixo-suspenso\/#primaryimage\",\"url\":\"https:\/\/agenciainfra.com\/blog\/wp-content\/uploads\/2018\/05\/cominhoes_valter_campanato_agencia_brasil.jpg\",\"contentUrl\":\"https:\/\/agenciainfra.com\/blog\/wp-content\/uploads\/2018\/05\/cominhoes_valter_campanato_agencia_brasil.jpg\",\"width\":3000,\"height\":1956,\"caption\":\"BR-060, que liga Bras\u00edlia a Goi\u00e2nia\"},{\"@type\":\"BreadcrumbList\",\"@id\":\"https:\/\/agenciainfra.com\/blog\/por-fim-da-greve-temer-cede-e-faz-mps-com-tabela-de-frete-e-isencao-de-eixo-suspenso\/#breadcrumb\",\"itemListElement\":[{\"@type\":\"ListItem\",\"position\":1,\"name\":\"In\u00edcio\",\"item\":\"https:\/\/agenciainfra.com\/blog\/\"},{\"@type\":\"ListItem\",\"position\":2,\"name\":\"Por fim da greve, Temer cede e faz MPs com tabela de frete e isen\u00e7\u00e3o de eixo suspenso\"}]},{\"@type\":\"WebSite\",\"@id\":\"https:\/\/agenciainfra.com\/blog\/#website\",\"url\":\"https:\/\/agenciainfra.com\/blog\/\",\"name\":\"Ag\u00eancia iNFRA\",\"description\":\"Multiplataforma de informa\u00e7\u00e3o jornal\u00edstica refer\u00eancia na \u00e1rea de infraestrutura no Brasil!\",\"publisher\":{\"@id\":\"https:\/\/agenciainfra.com\/blog\/#organization\"},\"potentialAction\":[{\"@type\":\"SearchAction\",\"target\":{\"@type\":\"EntryPoint\",\"urlTemplate\":\"https:\/\/agenciainfra.com\/blog\/?s={search_term_string}\"},\"query-input\":{\"@type\":\"PropertyValueSpecification\",\"valueRequired\":true,\"valueName\":\"search_term_string\"}}],\"inLanguage\":\"pt-BR\"},{\"@type\":\"Organization\",\"@id\":\"https:\/\/agenciainfra.com\/blog\/#organization\",\"name\":\"Ag\u00eancia iNFRA\",\"url\":\"https:\/\/agenciainfra.com\/blog\/\",\"logo\":{\"@type\":\"ImageObject\",\"inLanguage\":\"pt-BR\",\"@id\":\"https:\/\/agenciainfra.com\/blog\/#\/schema\/logo\/image\/\",\"url\":\"https:\/\/agenciainfra.com\/blog\/wp-content\/uploads\/2023\/09\/iNFRA_5-e1761735885940.png\",\"contentUrl\":\"https:\/\/agenciainfra.com\/blog\/wp-content\/uploads\/2023\/09\/iNFRA_5-e1761735885940.png\",\"width\":1672,\"height\":454,\"caption\":\"Ag\u00eancia iNFRA\"},\"image\":{\"@id\":\"https:\/\/agenciainfra.com\/blog\/#\/schema\/logo\/image\/\"},\"sameAs\":[\"https:\/\/www.facebook.com\/ageninfra\",\"https:\/\/x.com\/agencia_infra\",\"https:\/\/www.linkedin.com\/company\/ag\u00eanciainfra\/\",\"https:\/\/www.instagram.com\/agenciainfra\/\"]},{\"@type\":\"Person\",\"@id\":\"https:\/\/agenciainfra.com\/blog\/#\/schema\/person\/34af08dff6adea4cb22b06612ba7acfa\",\"name\":\"Ag\u00eancia iNFRA\",\"image\":{\"@type\":\"ImageObject\",\"inLanguage\":\"pt-BR\",\"@id\":\"https:\/\/agenciainfra.com\/blog\/#\/schema\/person\/image\/\",\"url\":\"https:\/\/secure.gravatar.com\/avatar\/d189e01678f06d8eb84d4e01f08eb848b3fffe3f8443818d3c356c66892f5be8?s=96&d=mm&r=g\",\"contentUrl\":\"https:\/\/secure.gravatar.com\/avatar\/d189e01678f06d8eb84d4e01f08eb848b3fffe3f8443818d3c356c66892f5be8?s=96&d=mm&r=g\",\"caption\":\"Ag\u00eancia iNFRA\"},\"url\":\"https:\/\/agenciainfra.com\/blog\/author\/admin\/\"}]}<\/script>\n<!-- \/ Yoast SEO Premium plugin. -->","yoast_head_json":{"title":"Por fim da greve, Temer cede e faz MPs com tabela de frete e isen\u00e7\u00e3o de eixo suspenso - Ag\u00eancia iNFRA","robots":{"index":"index","follow":"follow","max-snippet":"max-snippet:-1","max-image-preview":"max-image-preview:large","max-video-preview":"max-video-preview:-1"},"canonical":"https:\/\/agenciainfra.com\/blog\/por-fim-da-greve-temer-cede-e-faz-mps-com-tabela-de-frete-e-isencao-de-eixo-suspenso\/","og_locale":"pt_BR","og_type":"article","og_title":"Por fim da greve, Temer cede e faz MPs com tabela de frete e isen\u00e7\u00e3o de eixo suspenso","og_description":"Dimmi Amora e Bernardo Gonzaga, da Ag\u00eancia iNFRA O governo cedeu aos caminhoneiros e decidiu atender, por Medida Provis\u00f3ria, tr\u00eas exig\u00eancias da categoria. Al\u00e9m disso, manter\u00e1\u00a0congelados os pre\u00e7os do diesel por 60 dias, descontado o valor de R$ 0,46 por litro,\u00a0que corresponde \u00e0 isen\u00e7\u00e3o da Cide do PIS\/Cofins. As medidas foram anunciadas pelo presidente Michel [&hellip;]","og_url":"https:\/\/agenciainfra.com\/blog\/por-fim-da-greve-temer-cede-e-faz-mps-com-tabela-de-frete-e-isencao-de-eixo-suspenso\/","og_site_name":"Ag\u00eancia iNFRA","article_publisher":"https:\/\/www.facebook.com\/ageninfra","article_published_time":"2018-05-28T10:05:37+00:00","article_modified_time":"2018-05-28T10:12:27+00:00","og_image":[{"width":1024,"height":668,"url":"https:\/\/agenciainfra.com\/blog\/wp-content\/uploads\/2018\/05\/cominhoes_valter_campanato_agencia_brasil-1024x668.jpg","type":"image\/jpeg"}],"author":"Ag\u00eancia iNFRA","twitter_card":"summary_large_image","twitter_creator":"@agencia_infra","twitter_site":"@agencia_infra","twitter_misc":{"Escrito por":"Ag\u00eancia iNFRA","Est. tempo de leitura":"3 minutos"},"schema":{"@context":"https:\/\/schema.org","@graph":[{"@type":"Article","@id":"https:\/\/agenciainfra.com\/blog\/por-fim-da-greve-temer-cede-e-faz-mps-com-tabela-de-frete-e-isencao-de-eixo-suspenso\/#article","isPartOf":{"@id":"https:\/\/agenciainfra.com\/blog\/por-fim-da-greve-temer-cede-e-faz-mps-com-tabela-de-frete-e-isencao-de-eixo-suspenso\/"},"author":{"name":"Ag\u00eancia iNFRA","@id":"https:\/\/agenciainfra.com\/blog\/#\/schema\/person\/34af08dff6adea4cb22b06612ba7acfa"},"headline":"Por fim da greve, Temer cede e faz MPs com tabela de frete e isen\u00e7\u00e3o de eixo suspenso","datePublished":"2018-05-28T10:05:37+00:00","dateModified":"2018-05-28T10:12:27+00:00","mainEntityOfPage":{"@id":"https:\/\/agenciainfra.com\/blog\/por-fim-da-greve-temer-cede-e-faz-mps-com-tabela-de-frete-e-isencao-de-eixo-suspenso\/"},"wordCount":694,"publisher":{"@id":"https:\/\/agenciainfra.com\/blog\/#organization"},"image":{"@id":"https:\/\/agenciainfra.com\/blog\/por-fim-da-greve-temer-cede-e-faz-mps-com-tabela-de-frete-e-isencao-de-eixo-suspenso\/#primaryimage"},"thumbnailUrl":"https:\/\/agenciainfra.com\/blog\/wp-content\/uploads\/2018\/05\/cominhoes_valter_campanato_agencia_brasil.jpg","keywords":["aut\u00f4nomos","eixo suspenso","greve dos caminhoneiros","Ped\u00e1gio","tabela de frete"],"articleSection":["iNFRATransporte"],"inLanguage":"pt-BR","copyrightYear":"2018","copyrightHolder":{"@id":"https:\/\/agenciainfra.com\/blog\/#organization"}},{"@type":"WebPage","@id":"https:\/\/agenciainfra.com\/blog\/por-fim-da-greve-temer-cede-e-faz-mps-com-tabela-de-frete-e-isencao-de-eixo-suspenso\/","url":"https:\/\/agenciainfra.com\/blog\/por-fim-da-greve-temer-cede-e-faz-mps-com-tabela-de-frete-e-isencao-de-eixo-suspenso\/","name":"Por fim da greve, Temer cede e faz MPs com tabela de frete e isen\u00e7\u00e3o de eixo suspenso - Ag\u00eancia iNFRA","isPartOf":{"@id":"https:\/\/agenciainfra.com\/blog\/#website"},"primaryImageOfPage":{"@id":"https:\/\/agenciainfra.com\/blog\/por-fim-da-greve-temer-cede-e-faz-mps-com-tabela-de-frete-e-isencao-de-eixo-suspenso\/#primaryimage"},"image":{"@id":"https:\/\/agenciainfra.com\/blog\/por-fim-da-greve-temer-cede-e-faz-mps-com-tabela-de-frete-e-isencao-de-eixo-suspenso\/#primaryimage"},"thumbnailUrl":"https:\/\/agenciainfra.com\/blog\/wp-content\/uploads\/2018\/05\/cominhoes_valter_campanato_agencia_brasil.jpg","datePublished":"2018-05-28T10:05:37+00:00","dateModified":"2018-05-28T10:12:27+00:00","breadcrumb":{"@id":"https:\/\/agenciainfra.com\/blog\/por-fim-da-greve-temer-cede-e-faz-mps-com-tabela-de-frete-e-isencao-de-eixo-suspenso\/#breadcrumb"},"inLanguage":"pt-BR","potentialAction":[{"@type":"ReadAction","target":["https:\/\/agenciainfra.com\/blog\/por-fim-da-greve-temer-cede-e-faz-mps-com-tabela-de-frete-e-isencao-de-eixo-suspenso\/"]}]},{"@type":"ImageObject","inLanguage":"pt-BR","@id":"https:\/\/agenciainfra.com\/blog\/por-fim-da-greve-temer-cede-e-faz-mps-com-tabela-de-frete-e-isencao-de-eixo-suspenso\/#primaryimage","url":"https:\/\/agenciainfra.com\/blog\/wp-content\/uploads\/2018\/05\/cominhoes_valter_campanato_agencia_brasil.jpg","contentUrl":"https:\/\/agenciainfra.com\/blog\/wp-content\/uploads\/2018\/05\/cominhoes_valter_campanato_agencia_brasil.jpg","width":3000,"height":1956,"caption":"BR-060, que liga Bras\u00edlia a Goi\u00e2nia"},{"@type":"BreadcrumbList","@id":"https:\/\/agenciainfra.com\/blog\/por-fim-da-greve-temer-cede-e-faz-mps-com-tabela-de-frete-e-isencao-de-eixo-suspenso\/#breadcrumb","itemListElement":[{"@type":"ListItem","position":1,"name":"In\u00edcio","item":"https:\/\/agenciainfra.com\/blog\/"},{"@type":"ListItem","position":2,"name":"Por fim da greve, Temer cede e faz MPs com tabela de frete e isen\u00e7\u00e3o de eixo suspenso"}]},{"@type":"WebSite","@id":"https:\/\/agenciainfra.com\/blog\/#website","url":"https:\/\/agenciainfra.com\/blog\/","name":"Ag\u00eancia iNFRA","description":"Multiplataforma de informa\u00e7\u00e3o jornal\u00edstica refer\u00eancia na \u00e1rea de infraestrutura no Brasil!","publisher":{"@id":"https:\/\/agenciainfra.com\/blog\/#organization"},"potentialAction":[{"@type":"SearchAction","target":{"@type":"EntryPoint","urlTemplate":"https:\/\/agenciainfra.com\/blog\/?s={search_term_string}"},"query-input":{"@type":"PropertyValueSpecification","valueRequired":true,"valueName":"search_term_string"}}],"inLanguage":"pt-BR"},{"@type":"Organization","@id":"https:\/\/agenciainfra.com\/blog\/#organization","name":"Ag\u00eancia iNFRA","url":"https:\/\/agenciainfra.com\/blog\/","logo":{"@type":"ImageObject","inLanguage":"pt-BR","@id":"https:\/\/agenciainfra.com\/blog\/#\/schema\/logo\/image\/","url":"https:\/\/agenciainfra.com\/blog\/wp-content\/uploads\/2023\/09\/iNFRA_5-e1761735885940.png","contentUrl":"https:\/\/agenciainfra.com\/blog\/wp-content\/uploads\/2023\/09\/iNFRA_5-e1761735885940.png","width":1672,"height":454,"caption":"Ag\u00eancia iNFRA"},"image":{"@id":"https:\/\/agenciainfra.com\/blog\/#\/schema\/logo\/image\/"},"sameAs":["https:\/\/www.facebook.com\/ageninfra","https:\/\/x.com\/agencia_infra","https:\/\/www.linkedin.com\/company\/ag\u00eanciainfra\/","https:\/\/www.instagram.com\/agenciainfra\/"]},{"@type":"Person","@id":"https:\/\/agenciainfra.com\/blog\/#\/schema\/person\/34af08dff6adea4cb22b06612ba7acfa","name":"Ag\u00eancia iNFRA","image":{"@type":"ImageObject","inLanguage":"pt-BR","@id":"https:\/\/agenciainfra.com\/blog\/#\/schema\/person\/image\/","url":"https:\/\/secure.gravatar.com\/avatar\/d189e01678f06d8eb84d4e01f08eb848b3fffe3f8443818d3c356c66892f5be8?s=96&d=mm&r=g","contentUrl":"https:\/\/secure.gravatar.com\/avatar\/d189e01678f06d8eb84d4e01f08eb848b3fffe3f8443818d3c356c66892f5be8?s=96&d=mm&r=g","caption":"Ag\u00eancia iNFRA"},"url":"https:\/\/agenciainfra.com\/blog\/author\/admin\/"}]}},"_links":{"self":[{"href":"https:\/\/agenciainfra.com\/blog\/wp-json\/wp\/v2\/posts\/1752","targetHints":{"allow":["GET"]}}],"collection":[{"href":"https:\/\/agenciainfra.com\/blog\/wp-json\/wp\/v2\/posts"}],"about":[{"href":"https:\/\/agenciainfra.com\/blog\/wp-json\/wp\/v2\/types\/post"}],"author":[{"embeddable":true,"href":"https:\/\/agenciainfra.com\/blog\/wp-json\/wp\/v2\/users\/1"}],"replies":[{"embeddable":true,"href":"https:\/\/agenciainfra.com\/blog\/wp-json\/wp\/v2\/comments?post=1752"}],"version-history":[{"count":0,"href":"https:\/\/agenciainfra.com\/blog\/wp-json\/wp\/v2\/posts\/1752\/revisions"}],"wp:featuredmedia":[{"embeddable":true,"href":"https:\/\/agenciainfra.com\/blog\/wp-json\/wp\/v2\/media\/1753"}],"wp:attachment":[{"href":"https:\/\/agenciainfra.com\/blog\/wp-json\/wp\/v2\/media?parent=1752"}],"wp:term":[{"taxonomy":"category","embeddable":true,"href":"https:\/\/agenciainfra.com\/blog\/wp-json\/wp\/v2\/categories?post=1752"},{"taxonomy":"post_tag","embeddable":true,"href":"https:\/\/agenciainfra.com\/blog\/wp-json\/wp\/v2\/tags?post=1752"}],"curies":[{"name":"wp","href":"https:\/\/api.w.org\/{rel}","templated":true}]}}