{"id":17523,"date":"2024-07-02T13:00:00","date_gmt":"2024-07-02T16:00:00","guid":{"rendered":"https:\/\/agenciainfra.com\/blog\/?p=17523"},"modified":"2024-07-03T11:14:45","modified_gmt":"2024-07-03T14:14:45","slug":"terminal-de-conteineres-da-btp-retoma-operacao-em-berco-interditado-desde-janeiro","status":"publish","type":"post","link":"https:\/\/agenciainfra.com\/blog\/terminal-de-conteineres-da-btp-retoma-operacao-em-berco-interditado-desde-janeiro\/","title":{"rendered":"Terminal de cont\u00eaineres da BTP retoma opera\u00e7\u00e3o em ber\u00e7o interditado desde janeiro"},"content":{"rendered":"\n<p class=\"has-text-align-right\"><strong>da&nbsp;Ag\u00eancia iNFRA<\/strong><\/p>\n\n\n\n<p>A&nbsp;BTP&nbsp;(Brasil&nbsp;Terminal&nbsp;Portu\u00e1rio) informou nesta segunda-feira (1\u00ba) a retomada das opera\u00e7\u00f5es de embarque e desembarque no&nbsp;ber\u00e7o&nbsp;1 de atraca\u00e7\u00e3o do&nbsp;terminal&nbsp;de&nbsp;cont\u00eaineres, no Porto de Santos (SP). A movimenta\u00e7\u00e3o de&nbsp;cont\u00eaineres&nbsp;estava interditada&nbsp;desde&nbsp;19 de&nbsp;janeiro, ap\u00f3s incidente causado por ventania. O&nbsp;ber\u00e7o&nbsp;de atraca\u00e7\u00e3o danificado foi reconstru\u00eddo.<br><br>&#8220;Com a finaliza\u00e7\u00e3o desta obra [&#8230;], podemos avan\u00e7ar de forma integral nos preparativos para a amplia\u00e7\u00e3o&nbsp;da&nbsp;capacidade de cais do&nbsp;terminal&#8221;, disse o CEO&nbsp;da&nbsp;companhia, Ricardo Arten,&nbsp;em&nbsp;um comunicado&nbsp;da&nbsp;companhia. A previs\u00e3o \u00e9 de aumentar&nbsp;em&nbsp;40% a capacidade de&nbsp;opera\u00e7\u00e3o&nbsp;nos pr\u00f3ximos anos, com investimentos&nbsp;de R$ 1,9 bilh\u00e3o, os quais incluem&nbsp;a aquisi\u00e7\u00e3o de quatro STS (Ship to Shore\/Port\u00eainer) e novas defensas.<br><br>O incidente no&nbsp;terminal&nbsp;da&nbsp;BTP&nbsp;se soma a uma s\u00e9rie de fatores que, de acordo com a APS (Autoridade Portu\u00e1ria de Santos) e parte dos operadores do porto, explicaria a migra\u00e7\u00e3o desse tipo de carga para portos de outras regi\u00f5es, como mostrou a&nbsp;<strong>Ag\u00eancia iNFRA<\/strong>. Segundo outras avalia\u00e7\u00f5es, o problema&nbsp;da&nbsp;falta de capacidade&nbsp;em&nbsp;Santos seria estrutural (leia a \u00edntegra&nbsp;da&nbsp;reportagem&nbsp;<a href=\"https:\/\/agenciainfra.us14.list-manage.com\/track\/click?u=d460dd1bcf9ba0ae040e1fc0f&amp;id=3ca65db709&amp;e=f0fa444791\" target=\"_blank\" rel=\"noreferrer noopener\">neste link<\/a>).<br><br>Na nota&nbsp;da&nbsp;BTP, o&nbsp;diretor de Opera\u00e7\u00f5es, Ricardo Trotti, afirma&nbsp;que, durante as obras, todos os equipamentos de&nbsp;opera\u00e7\u00e3o&nbsp;foram destinados aos outros dois ber\u00e7os, que seguiram &#8220;em&nbsp;plena capacidade de&nbsp;opera\u00e7\u00e3o&#8221;. O&nbsp;ber\u00e7o&nbsp;em&nbsp;reparo foi usado para antecipa\u00e7\u00e3o de troca de navios, o que, segundo Trotti, &#8220;permitiu o menor tempo de espera de embarca\u00e7\u00f5es no cais&nbsp;da&nbsp;BTP&#8221;.<\/p>\n","protected":false},"excerpt":{"rendered":"<p>da&nbsp;Ag\u00eancia iNFRA A&nbsp;BTP&nbsp;(Brasil&nbsp;Terminal&nbsp;Portu\u00e1rio) informou nesta segunda-feira (1\u00ba) a retomada das opera\u00e7\u00f5es de embarque e desembarque no&nbsp;ber\u00e7o&nbsp;1 de atraca\u00e7\u00e3o do&nbsp;terminal&nbsp;de&nbsp;cont\u00eaineres, no Porto de Santos (SP). A movimenta\u00e7\u00e3o de&nbsp;cont\u00eaineres&nbsp;estava interditada&nbsp;desde&nbsp;19 de&nbsp;janeiro, ap\u00f3s incidente causado por ventania. O&nbsp;ber\u00e7o&nbsp;de atraca\u00e7\u00e3o danificado foi reconstru\u00eddo. &#8220;Com a finaliza\u00e7\u00e3o desta obra [&#8230;], podemos avan\u00e7ar de forma integral nos preparativos para a amplia\u00e7\u00e3o&nbsp;da&nbsp;capacidade [&hellip;]<\/p>\n","protected":false},"author":1,"featured_media":17524,"comment_status":"closed","ping_status":"closed","sticky":false,"template":"","format":"standard","meta":{"_monsterinsights_skip_tracking":false,"_monsterinsights_sitenote_active":false,"_monsterinsights_sitenote_note":"","_monsterinsights_sitenote_category":0,"footnotes":""},"categories":[1,7],"tags":[10481,6854,3434,4918,10476,1029,1030,10480,10478,465,10474,260,10477,10475,10479,1634],"class_list":["post-17523","post","type-post","status-publish","format-standard","has-post-thumbnail","hentry","category-geral","category-infratransporte","tag-ampliacao-de-capacidade","tag-aps","tag-autoridade-portuaria","tag-autoridade-portuaria-de-santos","tag-berco-de-atracacao","tag-brasil-terminal-portuario","tag-btp","tag-embarque-e-desembarque","tag-incidente-por-ventania","tag-investimentos-portuarios","tag-movimentacao-de-conteineres","tag-porto-de-santos","tag-retomada-de-operacoes","tag-ricardo-arten","tag-ricardo-trotti","tag-terminal-de-conteineres"],"yoast_head":"<!-- This site is optimized with the Yoast SEO Premium plugin v25.4 (Yoast SEO v26.0) - https:\/\/yoast.com\/wordpress\/plugins\/seo\/ -->\n<title>Terminal de cont\u00eaineres da BTP retoma opera\u00e7\u00e3o em ber\u00e7o interditado desde janeiro - Ag\u00eancia iNFRA<\/title>\n<meta name=\"robots\" content=\"index, follow, max-snippet:-1, max-image-preview:large, max-video-preview:-1\" \/>\n<link rel=\"canonical\" href=\"https:\/\/agenciainfra.com\/blog\/terminal-de-conteineres-da-btp-retoma-operacao-em-berco-interditado-desde-janeiro\/\" \/>\n<meta property=\"og:locale\" content=\"pt_BR\" \/>\n<meta property=\"og:type\" content=\"article\" \/>\n<meta property=\"og:title\" content=\"Terminal de cont\u00eaineres da BTP retoma opera\u00e7\u00e3o em ber\u00e7o interditado desde janeiro\" \/>\n<meta property=\"og:description\" content=\"da&nbsp;Ag\u00eancia iNFRA A&nbsp;BTP&nbsp;(Brasil&nbsp;Terminal&nbsp;Portu\u00e1rio) informou nesta segunda-feira (1\u00ba) a retomada das opera\u00e7\u00f5es de embarque e desembarque no&nbsp;ber\u00e7o&nbsp;1 de atraca\u00e7\u00e3o do&nbsp;terminal&nbsp;de&nbsp;cont\u00eaineres, no Porto de Santos (SP). A movimenta\u00e7\u00e3o de&nbsp;cont\u00eaineres&nbsp;estava interditada&nbsp;desde&nbsp;19 de&nbsp;janeiro, ap\u00f3s incidente causado por ventania. O&nbsp;ber\u00e7o&nbsp;de atraca\u00e7\u00e3o danificado foi reconstru\u00eddo. &#8220;Com a finaliza\u00e7\u00e3o desta obra [&#8230;], podemos avan\u00e7ar de forma integral nos preparativos para a amplia\u00e7\u00e3o&nbsp;da&nbsp;capacidade [&hellip;]\" \/>\n<meta property=\"og:url\" content=\"https:\/\/agenciainfra.com\/blog\/terminal-de-conteineres-da-btp-retoma-operacao-em-berco-interditado-desde-janeiro\/\" \/>\n<meta property=\"og:site_name\" content=\"Ag\u00eancia iNFRA\" \/>\n<meta property=\"article:publisher\" content=\"https:\/\/www.facebook.com\/ageninfra\" \/>\n<meta property=\"article:published_time\" content=\"2024-07-02T16:00:00+00:00\" \/>\n<meta property=\"article:modified_time\" content=\"2024-07-03T14:14:45+00:00\" \/>\n<meta property=\"og:image\" content=\"https:\/\/agenciainfra.com\/blog\/wp-content\/uploads\/2024\/07\/btp-conteiners-foto-divulgacao.png\" \/>\n\t<meta property=\"og:image:width\" content=\"1202\" \/>\n\t<meta property=\"og:image:height\" content=\"757\" \/>\n\t<meta property=\"og:image:type\" content=\"image\/png\" \/>\n<meta name=\"author\" content=\"Ag\u00eancia iNFRA\" \/>\n<meta name=\"twitter:card\" content=\"summary_large_image\" \/>\n<meta name=\"twitter:creator\" content=\"@agencia_infra\" \/>\n<meta name=\"twitter:site\" content=\"@agencia_infra\" \/>\n<meta name=\"twitter:label1\" content=\"Escrito por\" \/>\n\t<meta name=\"twitter:data1\" content=\"Ag\u00eancia iNFRA\" \/>\n\t<meta name=\"twitter:label2\" content=\"Est. tempo de leitura\" \/>\n\t<meta name=\"twitter:data2\" content=\"2 minutos\" \/>\n<script type=\"application\/ld+json\" class=\"yoast-schema-graph\">{\"@context\":\"https:\/\/schema.org\",\"@graph\":[{\"@type\":\"Article\",\"@id\":\"https:\/\/agenciainfra.com\/blog\/terminal-de-conteineres-da-btp-retoma-operacao-em-berco-interditado-desde-janeiro\/#article\",\"isPartOf\":{\"@id\":\"https:\/\/agenciainfra.com\/blog\/terminal-de-conteineres-da-btp-retoma-operacao-em-berco-interditado-desde-janeiro\/\"},\"author\":{\"name\":\"Ag\u00eancia iNFRA\",\"@id\":\"https:\/\/agenciainfra.com\/blog\/#\/schema\/person\/34af08dff6adea4cb22b06612ba7acfa\"},\"headline\":\"Terminal de cont\u00eaineres da BTP retoma opera\u00e7\u00e3o em ber\u00e7o interditado desde janeiro\",\"datePublished\":\"2024-07-02T16:00:00+00:00\",\"dateModified\":\"2024-07-03T14:14:45+00:00\",\"mainEntityOfPage\":{\"@id\":\"https:\/\/agenciainfra.com\/blog\/terminal-de-conteineres-da-btp-retoma-operacao-em-berco-interditado-desde-janeiro\/\"},\"wordCount\":351,\"publisher\":{\"@id\":\"https:\/\/agenciainfra.com\/blog\/#organization\"},\"image\":{\"@id\":\"https:\/\/agenciainfra.com\/blog\/terminal-de-conteineres-da-btp-retoma-operacao-em-berco-interditado-desde-janeiro\/#primaryimage\"},\"thumbnailUrl\":\"https:\/\/agenciainfra.com\/blog\/wp-content\/uploads\/2024\/07\/btp-conteiners-foto-divulgacao.png\",\"keywords\":[\"amplia\u00e7\u00e3o de capacidade\",\"APS\",\"autoridade portu\u00e1ria\",\"Autoridade Portu\u00e1ria de Santos\",\"ber\u00e7o de atraca\u00e7\u00e3o\",\"Brasil Terminal Portu\u00e1rio\",\"BTP\",\"embarque e desembarque\",\"incidente por ventania\",\"investimentos portu\u00e1rios\",\"movimenta\u00e7\u00e3o de cont\u00eaineres\",\"Porto de Santos\",\"retomada de opera\u00e7\u00f5es\",\"Ricardo Arten\",\"Ricardo Trotti\",\"terminal de cont\u00eaineres\"],\"articleSection\":[\"Geral\",\"iNFRATransporte\"],\"inLanguage\":\"pt-BR\",\"copyrightYear\":\"2024\",\"copyrightHolder\":{\"@id\":\"https:\/\/agenciainfra.com\/blog\/#organization\"}},{\"@type\":\"WebPage\",\"@id\":\"https:\/\/agenciainfra.com\/blog\/terminal-de-conteineres-da-btp-retoma-operacao-em-berco-interditado-desde-janeiro\/\",\"url\":\"https:\/\/agenciainfra.com\/blog\/terminal-de-conteineres-da-btp-retoma-operacao-em-berco-interditado-desde-janeiro\/\",\"name\":\"Terminal de cont\u00eaineres da BTP retoma opera\u00e7\u00e3o em ber\u00e7o interditado desde janeiro - Ag\u00eancia iNFRA\",\"isPartOf\":{\"@id\":\"https:\/\/agenciainfra.com\/blog\/#website\"},\"primaryImageOfPage\":{\"@id\":\"https:\/\/agenciainfra.com\/blog\/terminal-de-conteineres-da-btp-retoma-operacao-em-berco-interditado-desde-janeiro\/#primaryimage\"},\"image\":{\"@id\":\"https:\/\/agenciainfra.com\/blog\/terminal-de-conteineres-da-btp-retoma-operacao-em-berco-interditado-desde-janeiro\/#primaryimage\"},\"thumbnailUrl\":\"https:\/\/agenciainfra.com\/blog\/wp-content\/uploads\/2024\/07\/btp-conteiners-foto-divulgacao.png\",\"datePublished\":\"2024-07-02T16:00:00+00:00\",\"dateModified\":\"2024-07-03T14:14:45+00:00\",\"breadcrumb\":{\"@id\":\"https:\/\/agenciainfra.com\/blog\/terminal-de-conteineres-da-btp-retoma-operacao-em-berco-interditado-desde-janeiro\/#breadcrumb\"},\"inLanguage\":\"pt-BR\",\"potentialAction\":[{\"@type\":\"ReadAction\",\"target\":[\"https:\/\/agenciainfra.com\/blog\/terminal-de-conteineres-da-btp-retoma-operacao-em-berco-interditado-desde-janeiro\/\"]}]},{\"@type\":\"ImageObject\",\"inLanguage\":\"pt-BR\",\"@id\":\"https:\/\/agenciainfra.com\/blog\/terminal-de-conteineres-da-btp-retoma-operacao-em-berco-interditado-desde-janeiro\/#primaryimage\",\"url\":\"https:\/\/agenciainfra.com\/blog\/wp-content\/uploads\/2024\/07\/btp-conteiners-foto-divulgacao.png\",\"contentUrl\":\"https:\/\/agenciainfra.com\/blog\/wp-content\/uploads\/2024\/07\/btp-conteiners-foto-divulgacao.png\",\"width\":1202,\"height\":757,\"caption\":\"Foto: BTP\"},{\"@type\":\"BreadcrumbList\",\"@id\":\"https:\/\/agenciainfra.com\/blog\/terminal-de-conteineres-da-btp-retoma-operacao-em-berco-interditado-desde-janeiro\/#breadcrumb\",\"itemListElement\":[{\"@type\":\"ListItem\",\"position\":1,\"name\":\"In\u00edcio\",\"item\":\"https:\/\/agenciainfra.com\/blog\/\"},{\"@type\":\"ListItem\",\"position\":2,\"name\":\"Terminal de cont\u00eaineres da BTP retoma opera\u00e7\u00e3o em ber\u00e7o interditado desde janeiro\"}]},{\"@type\":\"WebSite\",\"@id\":\"https:\/\/agenciainfra.com\/blog\/#website\",\"url\":\"https:\/\/agenciainfra.com\/blog\/\",\"name\":\"Ag\u00eancia iNFRA\",\"description\":\"Multiplataforma de informa\u00e7\u00e3o jornal\u00edstica refer\u00eancia na \u00e1rea de infraestrutura no Brasil!\",\"publisher\":{\"@id\":\"https:\/\/agenciainfra.com\/blog\/#organization\"},\"potentialAction\":[{\"@type\":\"SearchAction\",\"target\":{\"@type\":\"EntryPoint\",\"urlTemplate\":\"https:\/\/agenciainfra.com\/blog\/?s={search_term_string}\"},\"query-input\":{\"@type\":\"PropertyValueSpecification\",\"valueRequired\":true,\"valueName\":\"search_term_string\"}}],\"inLanguage\":\"pt-BR\"},{\"@type\":\"Organization\",\"@id\":\"https:\/\/agenciainfra.com\/blog\/#organization\",\"name\":\"Ag\u00eancia iNFRA\",\"url\":\"https:\/\/agenciainfra.com\/blog\/\",\"logo\":{\"@type\":\"ImageObject\",\"inLanguage\":\"pt-BR\",\"@id\":\"https:\/\/agenciainfra.com\/blog\/#\/schema\/logo\/image\/\",\"url\":\"https:\/\/agenciainfra.com\/blog\/wp-content\/uploads\/2023\/09\/iNFRA_5-e1761735885940.png\",\"contentUrl\":\"https:\/\/agenciainfra.com\/blog\/wp-content\/uploads\/2023\/09\/iNFRA_5-e1761735885940.png\",\"width\":1672,\"height\":454,\"caption\":\"Ag\u00eancia iNFRA\"},\"image\":{\"@id\":\"https:\/\/agenciainfra.com\/blog\/#\/schema\/logo\/image\/\"},\"sameAs\":[\"https:\/\/www.facebook.com\/ageninfra\",\"https:\/\/x.com\/agencia_infra\",\"https:\/\/www.linkedin.com\/company\/ag\u00eanciainfra\/\",\"https:\/\/www.instagram.com\/agenciainfra\/\"]},{\"@type\":\"Person\",\"@id\":\"https:\/\/agenciainfra.com\/blog\/#\/schema\/person\/34af08dff6adea4cb22b06612ba7acfa\",\"name\":\"Ag\u00eancia iNFRA\",\"image\":{\"@type\":\"ImageObject\",\"inLanguage\":\"pt-BR\",\"@id\":\"https:\/\/agenciainfra.com\/blog\/#\/schema\/person\/image\/\",\"url\":\"https:\/\/secure.gravatar.com\/avatar\/d189e01678f06d8eb84d4e01f08eb848b3fffe3f8443818d3c356c66892f5be8?s=96&d=mm&r=g\",\"contentUrl\":\"https:\/\/secure.gravatar.com\/avatar\/d189e01678f06d8eb84d4e01f08eb848b3fffe3f8443818d3c356c66892f5be8?s=96&d=mm&r=g\",\"caption\":\"Ag\u00eancia iNFRA\"},\"url\":\"https:\/\/agenciainfra.com\/blog\/author\/admin\/\"}]}<\/script>\n<!-- \/ Yoast SEO Premium plugin. -->","yoast_head_json":{"title":"Terminal de cont\u00eaineres da BTP retoma opera\u00e7\u00e3o em ber\u00e7o interditado desde janeiro - Ag\u00eancia iNFRA","robots":{"index":"index","follow":"follow","max-snippet":"max-snippet:-1","max-image-preview":"max-image-preview:large","max-video-preview":"max-video-preview:-1"},"canonical":"https:\/\/agenciainfra.com\/blog\/terminal-de-conteineres-da-btp-retoma-operacao-em-berco-interditado-desde-janeiro\/","og_locale":"pt_BR","og_type":"article","og_title":"Terminal de cont\u00eaineres da BTP retoma opera\u00e7\u00e3o em ber\u00e7o interditado desde janeiro","og_description":"da&nbsp;Ag\u00eancia iNFRA A&nbsp;BTP&nbsp;(Brasil&nbsp;Terminal&nbsp;Portu\u00e1rio) informou nesta segunda-feira (1\u00ba) a retomada das opera\u00e7\u00f5es de embarque e desembarque no&nbsp;ber\u00e7o&nbsp;1 de atraca\u00e7\u00e3o do&nbsp;terminal&nbsp;de&nbsp;cont\u00eaineres, no Porto de Santos (SP). A movimenta\u00e7\u00e3o de&nbsp;cont\u00eaineres&nbsp;estava interditada&nbsp;desde&nbsp;19 de&nbsp;janeiro, ap\u00f3s incidente causado por ventania. O&nbsp;ber\u00e7o&nbsp;de atraca\u00e7\u00e3o danificado foi reconstru\u00eddo. &#8220;Com a finaliza\u00e7\u00e3o desta obra [&#8230;], podemos avan\u00e7ar de forma integral nos preparativos para a amplia\u00e7\u00e3o&nbsp;da&nbsp;capacidade [&hellip;]","og_url":"https:\/\/agenciainfra.com\/blog\/terminal-de-conteineres-da-btp-retoma-operacao-em-berco-interditado-desde-janeiro\/","og_site_name":"Ag\u00eancia iNFRA","article_publisher":"https:\/\/www.facebook.com\/ageninfra","article_published_time":"2024-07-02T16:00:00+00:00","article_modified_time":"2024-07-03T14:14:45+00:00","og_image":[{"width":1202,"height":757,"url":"https:\/\/agenciainfra.com\/blog\/wp-content\/uploads\/2024\/07\/btp-conteiners-foto-divulgacao.png","type":"image\/png"}],"author":"Ag\u00eancia iNFRA","twitter_card":"summary_large_image","twitter_creator":"@agencia_infra","twitter_site":"@agencia_infra","twitter_misc":{"Escrito por":"Ag\u00eancia iNFRA","Est. tempo de leitura":"2 minutos"},"schema":{"@context":"https:\/\/schema.org","@graph":[{"@type":"Article","@id":"https:\/\/agenciainfra.com\/blog\/terminal-de-conteineres-da-btp-retoma-operacao-em-berco-interditado-desde-janeiro\/#article","isPartOf":{"@id":"https:\/\/agenciainfra.com\/blog\/terminal-de-conteineres-da-btp-retoma-operacao-em-berco-interditado-desde-janeiro\/"},"author":{"name":"Ag\u00eancia iNFRA","@id":"https:\/\/agenciainfra.com\/blog\/#\/schema\/person\/34af08dff6adea4cb22b06612ba7acfa"},"headline":"Terminal de cont\u00eaineres da BTP retoma opera\u00e7\u00e3o em ber\u00e7o interditado desde janeiro","datePublished":"2024-07-02T16:00:00+00:00","dateModified":"2024-07-03T14:14:45+00:00","mainEntityOfPage":{"@id":"https:\/\/agenciainfra.com\/blog\/terminal-de-conteineres-da-btp-retoma-operacao-em-berco-interditado-desde-janeiro\/"},"wordCount":351,"publisher":{"@id":"https:\/\/agenciainfra.com\/blog\/#organization"},"image":{"@id":"https:\/\/agenciainfra.com\/blog\/terminal-de-conteineres-da-btp-retoma-operacao-em-berco-interditado-desde-janeiro\/#primaryimage"},"thumbnailUrl":"https:\/\/agenciainfra.com\/blog\/wp-content\/uploads\/2024\/07\/btp-conteiners-foto-divulgacao.png","keywords":["amplia\u00e7\u00e3o de capacidade","APS","autoridade portu\u00e1ria","Autoridade Portu\u00e1ria de Santos","ber\u00e7o de atraca\u00e7\u00e3o","Brasil Terminal Portu\u00e1rio","BTP","embarque e desembarque","incidente por ventania","investimentos portu\u00e1rios","movimenta\u00e7\u00e3o de cont\u00eaineres","Porto de Santos","retomada de opera\u00e7\u00f5es","Ricardo Arten","Ricardo Trotti","terminal de cont\u00eaineres"],"articleSection":["Geral","iNFRATransporte"],"inLanguage":"pt-BR","copyrightYear":"2024","copyrightHolder":{"@id":"https:\/\/agenciainfra.com\/blog\/#organization"}},{"@type":"WebPage","@id":"https:\/\/agenciainfra.com\/blog\/terminal-de-conteineres-da-btp-retoma-operacao-em-berco-interditado-desde-janeiro\/","url":"https:\/\/agenciainfra.com\/blog\/terminal-de-conteineres-da-btp-retoma-operacao-em-berco-interditado-desde-janeiro\/","name":"Terminal de cont\u00eaineres da BTP retoma opera\u00e7\u00e3o em ber\u00e7o interditado desde janeiro - Ag\u00eancia iNFRA","isPartOf":{"@id":"https:\/\/agenciainfra.com\/blog\/#website"},"primaryImageOfPage":{"@id":"https:\/\/agenciainfra.com\/blog\/terminal-de-conteineres-da-btp-retoma-operacao-em-berco-interditado-desde-janeiro\/#primaryimage"},"image":{"@id":"https:\/\/agenciainfra.com\/blog\/terminal-de-conteineres-da-btp-retoma-operacao-em-berco-interditado-desde-janeiro\/#primaryimage"},"thumbnailUrl":"https:\/\/agenciainfra.com\/blog\/wp-content\/uploads\/2024\/07\/btp-conteiners-foto-divulgacao.png","datePublished":"2024-07-02T16:00:00+00:00","dateModified":"2024-07-03T14:14:45+00:00","breadcrumb":{"@id":"https:\/\/agenciainfra.com\/blog\/terminal-de-conteineres-da-btp-retoma-operacao-em-berco-interditado-desde-janeiro\/#breadcrumb"},"inLanguage":"pt-BR","potentialAction":[{"@type":"ReadAction","target":["https:\/\/agenciainfra.com\/blog\/terminal-de-conteineres-da-btp-retoma-operacao-em-berco-interditado-desde-janeiro\/"]}]},{"@type":"ImageObject","inLanguage":"pt-BR","@id":"https:\/\/agenciainfra.com\/blog\/terminal-de-conteineres-da-btp-retoma-operacao-em-berco-interditado-desde-janeiro\/#primaryimage","url":"https:\/\/agenciainfra.com\/blog\/wp-content\/uploads\/2024\/07\/btp-conteiners-foto-divulgacao.png","contentUrl":"https:\/\/agenciainfra.com\/blog\/wp-content\/uploads\/2024\/07\/btp-conteiners-foto-divulgacao.png","width":1202,"height":757,"caption":"Foto: BTP"},{"@type":"BreadcrumbList","@id":"https:\/\/agenciainfra.com\/blog\/terminal-de-conteineres-da-btp-retoma-operacao-em-berco-interditado-desde-janeiro\/#breadcrumb","itemListElement":[{"@type":"ListItem","position":1,"name":"In\u00edcio","item":"https:\/\/agenciainfra.com\/blog\/"},{"@type":"ListItem","position":2,"name":"Terminal de cont\u00eaineres da BTP retoma opera\u00e7\u00e3o em ber\u00e7o interditado desde janeiro"}]},{"@type":"WebSite","@id":"https:\/\/agenciainfra.com\/blog\/#website","url":"https:\/\/agenciainfra.com\/blog\/","name":"Ag\u00eancia iNFRA","description":"Multiplataforma de informa\u00e7\u00e3o jornal\u00edstica refer\u00eancia na \u00e1rea de infraestrutura no Brasil!","publisher":{"@id":"https:\/\/agenciainfra.com\/blog\/#organization"},"potentialAction":[{"@type":"SearchAction","target":{"@type":"EntryPoint","urlTemplate":"https:\/\/agenciainfra.com\/blog\/?s={search_term_string}"},"query-input":{"@type":"PropertyValueSpecification","valueRequired":true,"valueName":"search_term_string"}}],"inLanguage":"pt-BR"},{"@type":"Organization","@id":"https:\/\/agenciainfra.com\/blog\/#organization","name":"Ag\u00eancia iNFRA","url":"https:\/\/agenciainfra.com\/blog\/","logo":{"@type":"ImageObject","inLanguage":"pt-BR","@id":"https:\/\/agenciainfra.com\/blog\/#\/schema\/logo\/image\/","url":"https:\/\/agenciainfra.com\/blog\/wp-content\/uploads\/2023\/09\/iNFRA_5-e1761735885940.png","contentUrl":"https:\/\/agenciainfra.com\/blog\/wp-content\/uploads\/2023\/09\/iNFRA_5-e1761735885940.png","width":1672,"height":454,"caption":"Ag\u00eancia iNFRA"},"image":{"@id":"https:\/\/agenciainfra.com\/blog\/#\/schema\/logo\/image\/"},"sameAs":["https:\/\/www.facebook.com\/ageninfra","https:\/\/x.com\/agencia_infra","https:\/\/www.linkedin.com\/company\/ag\u00eanciainfra\/","https:\/\/www.instagram.com\/agenciainfra\/"]},{"@type":"Person","@id":"https:\/\/agenciainfra.com\/blog\/#\/schema\/person\/34af08dff6adea4cb22b06612ba7acfa","name":"Ag\u00eancia iNFRA","image":{"@type":"ImageObject","inLanguage":"pt-BR","@id":"https:\/\/agenciainfra.com\/blog\/#\/schema\/person\/image\/","url":"https:\/\/secure.gravatar.com\/avatar\/d189e01678f06d8eb84d4e01f08eb848b3fffe3f8443818d3c356c66892f5be8?s=96&d=mm&r=g","contentUrl":"https:\/\/secure.gravatar.com\/avatar\/d189e01678f06d8eb84d4e01f08eb848b3fffe3f8443818d3c356c66892f5be8?s=96&d=mm&r=g","caption":"Ag\u00eancia iNFRA"},"url":"https:\/\/agenciainfra.com\/blog\/author\/admin\/"}]}},"_links":{"self":[{"href":"https:\/\/agenciainfra.com\/blog\/wp-json\/wp\/v2\/posts\/17523","targetHints":{"allow":["GET"]}}],"collection":[{"href":"https:\/\/agenciainfra.com\/blog\/wp-json\/wp\/v2\/posts"}],"about":[{"href":"https:\/\/agenciainfra.com\/blog\/wp-json\/wp\/v2\/types\/post"}],"author":[{"embeddable":true,"href":"https:\/\/agenciainfra.com\/blog\/wp-json\/wp\/v2\/users\/1"}],"replies":[{"embeddable":true,"href":"https:\/\/agenciainfra.com\/blog\/wp-json\/wp\/v2\/comments?post=17523"}],"version-history":[{"count":1,"href":"https:\/\/agenciainfra.com\/blog\/wp-json\/wp\/v2\/posts\/17523\/revisions"}],"predecessor-version":[{"id":17525,"href":"https:\/\/agenciainfra.com\/blog\/wp-json\/wp\/v2\/posts\/17523\/revisions\/17525"}],"wp:featuredmedia":[{"embeddable":true,"href":"https:\/\/agenciainfra.com\/blog\/wp-json\/wp\/v2\/media\/17524"}],"wp:attachment":[{"href":"https:\/\/agenciainfra.com\/blog\/wp-json\/wp\/v2\/media?parent=17523"}],"wp:term":[{"taxonomy":"category","embeddable":true,"href":"https:\/\/agenciainfra.com\/blog\/wp-json\/wp\/v2\/categories?post=17523"},{"taxonomy":"post_tag","embeddable":true,"href":"https:\/\/agenciainfra.com\/blog\/wp-json\/wp\/v2\/tags?post=17523"}],"curies":[{"name":"wp","href":"https:\/\/api.w.org\/{rel}","templated":true}]}}