{"id":17581,"date":"2024-07-05T11:00:00","date_gmt":"2024-07-05T14:00:00","guid":{"rendered":"https:\/\/agenciainfra.com\/blog\/?p=17581"},"modified":"2026-03-13T09:38:44","modified_gmt":"2026-03-13T12:38:44","slug":"governo-e-senado-acertam-projeto-com-refis-para-multas-das-agencias-reguladoras","status":"publish","type":"post","link":"https:\/\/agenciainfra.com\/blog\/governo-e-senado-acertam-projeto-com-refis-para-multas-das-agencias-reguladoras\/","title":{"rendered":"Governo e Senado acertam projeto com &#8220;refis&#8221; para multas das ag\u00eancias reguladoras"},"content":{"rendered":"\n<p class=\"has-text-align-right\"><strong>Elisa Costa&nbsp;e&nbsp;Leila Coimbra, da&nbsp;Ag\u00eancia iNFRA<\/strong><\/p>\n\n\n\n<p>O presidente do&nbsp;Senado, Rodrigo Pacheco (PSD-MG), finaliza junto ao&nbsp;governo&nbsp;federal os dispositivos de um PL (Projeto&nbsp;de Lei) que dever\u00e1 contemplar um \u201cRefis\u201d&nbsp;para&nbsp;as&nbsp;multas&nbsp;impostas pelas&nbsp;ag\u00eancias&nbsp;reguladoras&nbsp;\u00e0s empresas fiscalizadas por elas. O&nbsp;Refis&nbsp;\u00e9 um programa&nbsp;para&nbsp;a regulariza\u00e7\u00e3o de d\u00e9bitos com descontos&nbsp;e&nbsp;parcelamento.<br><br>As conversas est\u00e3o avan\u00e7adas,&nbsp;e&nbsp;o l\u00edder do&nbsp;governo&nbsp;no&nbsp;Senado, Jaques Wagner (PT-BA), ser\u00e1 o relator da mat\u00e9ria, que abordar\u00e1 um escopo maior: aumentar a arrecada\u00e7\u00e3o&nbsp;e&nbsp;compensar a desonera\u00e7\u00e3o da folha de pagamento.&nbsp;Para&nbsp;o&nbsp;Senado, a busca por solu\u00e7\u00f5es \u00e9 considerada urgente.<br><br>O PL ser\u00e1 o&nbsp;<a href=\"https:\/\/agenciainfra.us14.list-manage.com\/track\/click?u=d460dd1bcf9ba0ae040e1fc0f&amp;id=a325b565e8&amp;e=f0fa444791\" rel=\"noreferrer noopener\" target=\"_blank\">1.847\/2024<\/a>, de autoria do senador Efraim Filho (Uni\u00e3o-PB), que trata do pacote de compensa\u00e7\u00e3o da desonera\u00e7\u00e3o dos setores da economia. A ementa original do&nbsp;projeto&nbsp;n\u00e3o contempla a medida, que dever\u00e1 ser acatada como emenda, disseram fontes.<br><br>A ideia do \u201cRefis\u201d&nbsp;das&nbsp;ag\u00eancias&nbsp;\u00e9 arrecadar um montante que possa ajudar a compensar pelo menos parte do que o&nbsp;governo&nbsp;deixar\u00e1 de arrecadar com a desonera\u00e7\u00e3o da folha de sal\u00e1rios de setores da economia&nbsp;e&nbsp;munic\u00edpios com at\u00e9 156 mil habitantes. A proposta ainda deve passar pelo ministro da Fazenda, Fernando Haddad.<br><br>A inten\u00e7\u00e3o \u00e9 de que a medida possa estimular o pagamento&nbsp;das&nbsp;multas&nbsp;com redu\u00e7\u00e3o de juros, fazendo com que o setor produtivo busque equacionar os valores nas&nbsp;ag\u00eancias&nbsp;reguladoras.&nbsp;Para&nbsp;o presidente do&nbsp;Senado, essa fonte de compensa\u00e7\u00e3o pode resultar em uma grande arrecada\u00e7\u00e3o&nbsp;para&nbsp;o Estado brasileiro.<br><br>Outras medidas&nbsp;para&nbsp;o aumento da arrecada\u00e7\u00e3o, tamb\u00e9m presentes no PL, ainda est\u00e3o em estudo. Dentre elas, repatria\u00e7\u00e3o de recursos no exterior, uso de montantes esquecidos no sistema financeiro, dep\u00f3sitos judiciais que n\u00e3o encontraram seus destinat\u00e1rios&nbsp;e&nbsp;atualiza\u00e7\u00e3o de ativos financeiros no Imposto de Renda.<br><br><strong>Devolu\u00e7\u00e3o<\/strong><br>Em junho, Pacheco devolveu ao Executivo a&nbsp;<a href=\"https:\/\/agenciainfra.us14.list-manage.com\/track\/click?u=d460dd1bcf9ba0ae040e1fc0f&amp;id=58d81a5cc7&amp;e=f0fa444791\" rel=\"noreferrer noopener\" target=\"_blank\">MP (Medida Provis\u00f3ria) 1.227\/2024<\/a>,&nbsp;que restringia a compensa\u00e7\u00e3o de cr\u00e9ditos de PIS\/Cofins&nbsp;das&nbsp;empresas. O intuito era compensar descontos da folha de pagamento, contudo a medida aumentaria a cobran\u00e7a de impostos.<br><br>Segundo o senador Efraim Filho, a MP n\u00e3o foi bem recebida pelo Congresso. Isso porque, de um lado, poderia entregar resultados, mas, por outro lado, o aumento de al\u00edquota sobrecarregaria o setor produtivo. Na procura de outra alternativa, o debate sobre o refinanciamento&nbsp;das&nbsp;multas&nbsp;avan\u00e7ou.<br><br><strong>Abatimento de tarifas<\/strong><br>O PL ter\u00e1 que mudar a legisla\u00e7\u00e3o&nbsp;para&nbsp;que as&nbsp;multas&nbsp;das&nbsp;ag\u00eancias&nbsp;sejam destinadas ao Tesouro. Atualmente, pela lei vigente, as&nbsp;multas&nbsp;aplicadas pela ANEEL (Ag\u00eancia Nacional de Energia El\u00e9trica) aos agentes v\u00e3o&nbsp;para&nbsp;a CDE (Conta de Desenvolvimento Energ\u00e9tico)&nbsp;para&nbsp;abater as tarifas de energia.<\/p>\n","protected":false},"excerpt":{"rendered":"<p>Elisa Costa&nbsp;e&nbsp;Leila Coimbra, da&nbsp;Ag\u00eancia iNFRA O presidente do&nbsp;Senado, Rodrigo Pacheco (PSD-MG), finaliza junto ao&nbsp;governo&nbsp;federal os dispositivos de um PL (Projeto&nbsp;de Lei) que dever\u00e1 contemplar um \u201cRefis\u201d&nbsp;para&nbsp;as&nbsp;multas&nbsp;impostas pelas&nbsp;ag\u00eancias&nbsp;reguladoras&nbsp;\u00e0s empresas fiscalizadas por elas. O&nbsp;Refis&nbsp;\u00e9 um programa&nbsp;para&nbsp;a regulariza\u00e7\u00e3o de d\u00e9bitos com descontos&nbsp;e&nbsp;parcelamento. As conversas est\u00e3o avan\u00e7adas,&nbsp;e&nbsp;o l\u00edder do&nbsp;governo&nbsp;no&nbsp;Senado, Jaques Wagner (PT-BA), ser\u00e1 o relator da mat\u00e9ria, que abordar\u00e1 [&hellip;]<\/p>\n","protected":false},"author":1,"featured_media":17582,"comment_status":"closed","ping_status":"closed","sticky":false,"template":"","format":"standard","meta":{"_monsterinsights_skip_tracking":false,"_monsterinsights_sitenote_active":false,"_monsterinsights_sitenote_note":"","_monsterinsights_sitenote_category":0,"footnotes":""},"categories":[7248,7250,9714,1,10],"tags":[852,53,10574,56,10575,545,10576,3521,7367,565,10577,1984,10578,3900,3358,5341,10580,10579,2254,4354,3742,3427,2643,6569],"class_list":["post-17581","post","type-post","status-publish","format-standard","has-post-thumbnail","hentry","category-cabecalho","category-destaque-lista","category-destaque-menor","category-geral","category-infraenergia","tag-agencia-nacional-de-energia-eletrica","tag-aneel","tag-arrecadacao-fiscal","tag-cde","tag-compensacao-de-debitos","tag-conta-de-desenvolvimento-energetico","tag-desoneracao-da-folha","tag-efraim-filho","tag-elisa-costa","tag-fernando-haddad","tag-jaques-wagner","tag-leila-coimbra","tag-multas-regulatorias","tag-pis-cofins","tag-psd","tag-pt","tag-refinanciamento","tag-refis","tag-rodrigo-pacheco","tag-senado-federal","tag-setor-produtivo","tag-tesouro-nacional","tag-tributacao","tag-uniao"],"yoast_head":"<!-- This site is optimized with the Yoast SEO Premium plugin v25.4 (Yoast SEO v26.0) - https:\/\/yoast.com\/wordpress\/plugins\/seo\/ -->\n<title>Governo e Senado acertam projeto com &quot;refis&quot; para multas das ag\u00eancias reguladoras - Ag\u00eancia iNFRA<\/title>\n<meta name=\"robots\" content=\"index, follow, max-snippet:-1, max-image-preview:large, max-video-preview:-1\" \/>\n<link rel=\"canonical\" href=\"https:\/\/agenciainfra.com\/blog\/governo-e-senado-acertam-projeto-com-refis-para-multas-das-agencias-reguladoras\/\" \/>\n<meta property=\"og:locale\" content=\"pt_BR\" \/>\n<meta property=\"og:type\" content=\"article\" \/>\n<meta property=\"og:title\" content=\"Governo e Senado acertam projeto com &quot;refis&quot; para multas das ag\u00eancias reguladoras\" \/>\n<meta property=\"og:description\" content=\"Elisa Costa&nbsp;e&nbsp;Leila Coimbra, da&nbsp;Ag\u00eancia iNFRA O presidente do&nbsp;Senado, Rodrigo Pacheco (PSD-MG), finaliza junto ao&nbsp;governo&nbsp;federal os dispositivos de um PL (Projeto&nbsp;de Lei) que dever\u00e1 contemplar um \u201cRefis\u201d&nbsp;para&nbsp;as&nbsp;multas&nbsp;impostas pelas&nbsp;ag\u00eancias&nbsp;reguladoras&nbsp;\u00e0s empresas fiscalizadas por elas. O&nbsp;Refis&nbsp;\u00e9 um programa&nbsp;para&nbsp;a regulariza\u00e7\u00e3o de d\u00e9bitos com descontos&nbsp;e&nbsp;parcelamento. As conversas est\u00e3o avan\u00e7adas,&nbsp;e&nbsp;o l\u00edder do&nbsp;governo&nbsp;no&nbsp;Senado, Jaques Wagner (PT-BA), ser\u00e1 o relator da mat\u00e9ria, que abordar\u00e1 [&hellip;]\" \/>\n<meta property=\"og:url\" content=\"https:\/\/agenciainfra.com\/blog\/governo-e-senado-acertam-projeto-com-refis-para-multas-das-agencias-reguladoras\/\" \/>\n<meta property=\"og:site_name\" content=\"Ag\u00eancia iNFRA\" \/>\n<meta property=\"article:publisher\" content=\"https:\/\/www.facebook.com\/ageninfra\" \/>\n<meta property=\"article:published_time\" content=\"2024-07-05T14:00:00+00:00\" \/>\n<meta property=\"article:modified_time\" content=\"2026-03-13T12:38:44+00:00\" \/>\n<meta property=\"og:image\" content=\"https:\/\/agenciainfra.com\/blog\/wp-content\/uploads\/2024\/07\/rodrigo-pacheco-foto-waldemir-barreto-agencia-senado.jpg\" \/>\n\t<meta property=\"og:image:width\" content=\"1202\" \/>\n\t<meta property=\"og:image:height\" content=\"801\" \/>\n\t<meta property=\"og:image:type\" content=\"image\/jpeg\" \/>\n<meta name=\"author\" content=\"Ag\u00eancia iNFRA\" \/>\n<meta name=\"twitter:card\" content=\"summary_large_image\" \/>\n<meta name=\"twitter:creator\" content=\"@agencia_infra\" \/>\n<meta name=\"twitter:site\" content=\"@agencia_infra\" \/>\n<meta name=\"twitter:label1\" content=\"Escrito por\" \/>\n\t<meta name=\"twitter:data1\" content=\"Ag\u00eancia iNFRA\" \/>\n\t<meta name=\"twitter:label2\" content=\"Est. tempo de leitura\" \/>\n\t<meta name=\"twitter:data2\" content=\"3 minutos\" \/>\n<script type=\"application\/ld+json\" class=\"yoast-schema-graph\">{\"@context\":\"https:\/\/schema.org\",\"@graph\":[{\"@type\":\"Article\",\"@id\":\"https:\/\/agenciainfra.com\/blog\/governo-e-senado-acertam-projeto-com-refis-para-multas-das-agencias-reguladoras\/#article\",\"isPartOf\":{\"@id\":\"https:\/\/agenciainfra.com\/blog\/governo-e-senado-acertam-projeto-com-refis-para-multas-das-agencias-reguladoras\/\"},\"author\":{\"name\":\"Ag\u00eancia iNFRA\",\"@id\":\"https:\/\/agenciainfra.com\/blog\/#\/schema\/person\/34af08dff6adea4cb22b06612ba7acfa\"},\"headline\":\"Governo e Senado acertam projeto com &#8220;refis&#8221; para multas das ag\u00eancias reguladoras\",\"datePublished\":\"2024-07-05T14:00:00+00:00\",\"dateModified\":\"2026-03-13T12:38:44+00:00\",\"mainEntityOfPage\":{\"@id\":\"https:\/\/agenciainfra.com\/blog\/governo-e-senado-acertam-projeto-com-refis-para-multas-das-agencias-reguladoras\/\"},\"wordCount\":554,\"publisher\":{\"@id\":\"https:\/\/agenciainfra.com\/blog\/#organization\"},\"image\":{\"@id\":\"https:\/\/agenciainfra.com\/blog\/governo-e-senado-acertam-projeto-com-refis-para-multas-das-agencias-reguladoras\/#primaryimage\"},\"thumbnailUrl\":\"https:\/\/agenciainfra.com\/blog\/wp-content\/uploads\/2024\/07\/rodrigo-pacheco-foto-waldemir-barreto-agencia-senado.jpg\",\"keywords\":[\"Ag\u00eancia Nacional de Energia El\u00e9trica\",\"ANEEL\",\"Arrecada\u00e7\u00e3o fiscal\",\"CDE\",\"Compensa\u00e7\u00e3o de d\u00e9bitos\",\"Conta de Desenvolvimento Energ\u00e9tico\",\"Desonera\u00e7\u00e3o da folha\",\"Efraim Filho\",\"Elisa Costa\",\"Fernando Haddad\",\"Jaques Wagner\",\"Leila Coimbra\",\"Multas regulat\u00f3rias\",\"PIS\/Cofins\",\"PSD\",\"PT\",\"Refinanciamento\",\"Refis\",\"Rodrigo Pacheco\",\"Senado Federal\",\"setor produtivo\",\"Tesouro Nacional\",\"tributa\u00e7\u00e3o\",\"Uni\u00e3o\"],\"articleSection\":[\"Cabe\u00e7alho\",\"Destaque lista\",\"Destaque Menor\",\"Geral\",\"iNFRAEnergia\"],\"inLanguage\":\"pt-BR\",\"copyrightYear\":\"2024\",\"copyrightHolder\":{\"@id\":\"https:\/\/agenciainfra.com\/blog\/#organization\"}},{\"@type\":\"WebPage\",\"@id\":\"https:\/\/agenciainfra.com\/blog\/governo-e-senado-acertam-projeto-com-refis-para-multas-das-agencias-reguladoras\/\",\"url\":\"https:\/\/agenciainfra.com\/blog\/governo-e-senado-acertam-projeto-com-refis-para-multas-das-agencias-reguladoras\/\",\"name\":\"Governo e Senado acertam projeto com \\\"refis\\\" para multas das ag\u00eancias reguladoras - Ag\u00eancia iNFRA\",\"isPartOf\":{\"@id\":\"https:\/\/agenciainfra.com\/blog\/#website\"},\"primaryImageOfPage\":{\"@id\":\"https:\/\/agenciainfra.com\/blog\/governo-e-senado-acertam-projeto-com-refis-para-multas-das-agencias-reguladoras\/#primaryimage\"},\"image\":{\"@id\":\"https:\/\/agenciainfra.com\/blog\/governo-e-senado-acertam-projeto-com-refis-para-multas-das-agencias-reguladoras\/#primaryimage\"},\"thumbnailUrl\":\"https:\/\/agenciainfra.com\/blog\/wp-content\/uploads\/2024\/07\/rodrigo-pacheco-foto-waldemir-barreto-agencia-senado.jpg\",\"datePublished\":\"2024-07-05T14:00:00+00:00\",\"dateModified\":\"2026-03-13T12:38:44+00:00\",\"breadcrumb\":{\"@id\":\"https:\/\/agenciainfra.com\/blog\/governo-e-senado-acertam-projeto-com-refis-para-multas-das-agencias-reguladoras\/#breadcrumb\"},\"inLanguage\":\"pt-BR\",\"potentialAction\":[{\"@type\":\"ReadAction\",\"target\":[\"https:\/\/agenciainfra.com\/blog\/governo-e-senado-acertam-projeto-com-refis-para-multas-das-agencias-reguladoras\/\"]}]},{\"@type\":\"ImageObject\",\"inLanguage\":\"pt-BR\",\"@id\":\"https:\/\/agenciainfra.com\/blog\/governo-e-senado-acertam-projeto-com-refis-para-multas-das-agencias-reguladoras\/#primaryimage\",\"url\":\"https:\/\/agenciainfra.com\/blog\/wp-content\/uploads\/2024\/07\/rodrigo-pacheco-foto-waldemir-barreto-agencia-senado.jpg\",\"contentUrl\":\"https:\/\/agenciainfra.com\/blog\/wp-content\/uploads\/2024\/07\/rodrigo-pacheco-foto-waldemir-barreto-agencia-senado.jpg\",\"width\":1202,\"height\":801},{\"@type\":\"BreadcrumbList\",\"@id\":\"https:\/\/agenciainfra.com\/blog\/governo-e-senado-acertam-projeto-com-refis-para-multas-das-agencias-reguladoras\/#breadcrumb\",\"itemListElement\":[{\"@type\":\"ListItem\",\"position\":1,\"name\":\"In\u00edcio\",\"item\":\"https:\/\/agenciainfra.com\/blog\/\"},{\"@type\":\"ListItem\",\"position\":2,\"name\":\"Governo e Senado acertam projeto com &#8220;refis&#8221; para multas das ag\u00eancias reguladoras\"}]},{\"@type\":\"WebSite\",\"@id\":\"https:\/\/agenciainfra.com\/blog\/#website\",\"url\":\"https:\/\/agenciainfra.com\/blog\/\",\"name\":\"Ag\u00eancia iNFRA\",\"description\":\"Multiplataforma de informa\u00e7\u00e3o jornal\u00edstica refer\u00eancia na \u00e1rea de infraestrutura no Brasil!\",\"publisher\":{\"@id\":\"https:\/\/agenciainfra.com\/blog\/#organization\"},\"potentialAction\":[{\"@type\":\"SearchAction\",\"target\":{\"@type\":\"EntryPoint\",\"urlTemplate\":\"https:\/\/agenciainfra.com\/blog\/?s={search_term_string}\"},\"query-input\":{\"@type\":\"PropertyValueSpecification\",\"valueRequired\":true,\"valueName\":\"search_term_string\"}}],\"inLanguage\":\"pt-BR\"},{\"@type\":\"Organization\",\"@id\":\"https:\/\/agenciainfra.com\/blog\/#organization\",\"name\":\"Ag\u00eancia iNFRA\",\"url\":\"https:\/\/agenciainfra.com\/blog\/\",\"logo\":{\"@type\":\"ImageObject\",\"inLanguage\":\"pt-BR\",\"@id\":\"https:\/\/agenciainfra.com\/blog\/#\/schema\/logo\/image\/\",\"url\":\"https:\/\/agenciainfra.com\/blog\/wp-content\/uploads\/2023\/09\/iNFRA_5-e1761735885940.png\",\"contentUrl\":\"https:\/\/agenciainfra.com\/blog\/wp-content\/uploads\/2023\/09\/iNFRA_5-e1761735885940.png\",\"width\":1672,\"height\":454,\"caption\":\"Ag\u00eancia iNFRA\"},\"image\":{\"@id\":\"https:\/\/agenciainfra.com\/blog\/#\/schema\/logo\/image\/\"},\"sameAs\":[\"https:\/\/www.facebook.com\/ageninfra\",\"https:\/\/x.com\/agencia_infra\",\"https:\/\/www.linkedin.com\/company\/ag\u00eanciainfra\/\",\"https:\/\/www.instagram.com\/agenciainfra\/\"]},{\"@type\":\"Person\",\"@id\":\"https:\/\/agenciainfra.com\/blog\/#\/schema\/person\/34af08dff6adea4cb22b06612ba7acfa\",\"name\":\"Ag\u00eancia iNFRA\",\"image\":{\"@type\":\"ImageObject\",\"inLanguage\":\"pt-BR\",\"@id\":\"https:\/\/agenciainfra.com\/blog\/#\/schema\/person\/image\/\",\"url\":\"https:\/\/secure.gravatar.com\/avatar\/d189e01678f06d8eb84d4e01f08eb848b3fffe3f8443818d3c356c66892f5be8?s=96&d=mm&r=g\",\"contentUrl\":\"https:\/\/secure.gravatar.com\/avatar\/d189e01678f06d8eb84d4e01f08eb848b3fffe3f8443818d3c356c66892f5be8?s=96&d=mm&r=g\",\"caption\":\"Ag\u00eancia iNFRA\"},\"url\":\"https:\/\/agenciainfra.com\/blog\/author\/admin\/\"}]}<\/script>\n<!-- \/ Yoast SEO Premium plugin. -->","yoast_head_json":{"title":"Governo e Senado acertam projeto com \"refis\" para multas das ag\u00eancias reguladoras - Ag\u00eancia iNFRA","robots":{"index":"index","follow":"follow","max-snippet":"max-snippet:-1","max-image-preview":"max-image-preview:large","max-video-preview":"max-video-preview:-1"},"canonical":"https:\/\/agenciainfra.com\/blog\/governo-e-senado-acertam-projeto-com-refis-para-multas-das-agencias-reguladoras\/","og_locale":"pt_BR","og_type":"article","og_title":"Governo e Senado acertam projeto com \"refis\" para multas das ag\u00eancias reguladoras","og_description":"Elisa Costa&nbsp;e&nbsp;Leila Coimbra, da&nbsp;Ag\u00eancia iNFRA O presidente do&nbsp;Senado, Rodrigo Pacheco (PSD-MG), finaliza junto ao&nbsp;governo&nbsp;federal os dispositivos de um PL (Projeto&nbsp;de Lei) que dever\u00e1 contemplar um \u201cRefis\u201d&nbsp;para&nbsp;as&nbsp;multas&nbsp;impostas pelas&nbsp;ag\u00eancias&nbsp;reguladoras&nbsp;\u00e0s empresas fiscalizadas por elas. O&nbsp;Refis&nbsp;\u00e9 um programa&nbsp;para&nbsp;a regulariza\u00e7\u00e3o de d\u00e9bitos com descontos&nbsp;e&nbsp;parcelamento. As conversas est\u00e3o avan\u00e7adas,&nbsp;e&nbsp;o l\u00edder do&nbsp;governo&nbsp;no&nbsp;Senado, Jaques Wagner (PT-BA), ser\u00e1 o relator da mat\u00e9ria, que abordar\u00e1 [&hellip;]","og_url":"https:\/\/agenciainfra.com\/blog\/governo-e-senado-acertam-projeto-com-refis-para-multas-das-agencias-reguladoras\/","og_site_name":"Ag\u00eancia iNFRA","article_publisher":"https:\/\/www.facebook.com\/ageninfra","article_published_time":"2024-07-05T14:00:00+00:00","article_modified_time":"2026-03-13T12:38:44+00:00","og_image":[{"width":1202,"height":801,"url":"https:\/\/agenciainfra.com\/blog\/wp-content\/uploads\/2024\/07\/rodrigo-pacheco-foto-waldemir-barreto-agencia-senado.jpg","type":"image\/jpeg"}],"author":"Ag\u00eancia iNFRA","twitter_card":"summary_large_image","twitter_creator":"@agencia_infra","twitter_site":"@agencia_infra","twitter_misc":{"Escrito por":"Ag\u00eancia iNFRA","Est. tempo de leitura":"3 minutos"},"schema":{"@context":"https:\/\/schema.org","@graph":[{"@type":"Article","@id":"https:\/\/agenciainfra.com\/blog\/governo-e-senado-acertam-projeto-com-refis-para-multas-das-agencias-reguladoras\/#article","isPartOf":{"@id":"https:\/\/agenciainfra.com\/blog\/governo-e-senado-acertam-projeto-com-refis-para-multas-das-agencias-reguladoras\/"},"author":{"name":"Ag\u00eancia iNFRA","@id":"https:\/\/agenciainfra.com\/blog\/#\/schema\/person\/34af08dff6adea4cb22b06612ba7acfa"},"headline":"Governo e Senado acertam projeto com &#8220;refis&#8221; para multas das ag\u00eancias reguladoras","datePublished":"2024-07-05T14:00:00+00:00","dateModified":"2026-03-13T12:38:44+00:00","mainEntityOfPage":{"@id":"https:\/\/agenciainfra.com\/blog\/governo-e-senado-acertam-projeto-com-refis-para-multas-das-agencias-reguladoras\/"},"wordCount":554,"publisher":{"@id":"https:\/\/agenciainfra.com\/blog\/#organization"},"image":{"@id":"https:\/\/agenciainfra.com\/blog\/governo-e-senado-acertam-projeto-com-refis-para-multas-das-agencias-reguladoras\/#primaryimage"},"thumbnailUrl":"https:\/\/agenciainfra.com\/blog\/wp-content\/uploads\/2024\/07\/rodrigo-pacheco-foto-waldemir-barreto-agencia-senado.jpg","keywords":["Ag\u00eancia Nacional de Energia El\u00e9trica","ANEEL","Arrecada\u00e7\u00e3o fiscal","CDE","Compensa\u00e7\u00e3o de d\u00e9bitos","Conta de Desenvolvimento Energ\u00e9tico","Desonera\u00e7\u00e3o da folha","Efraim Filho","Elisa Costa","Fernando Haddad","Jaques Wagner","Leila Coimbra","Multas regulat\u00f3rias","PIS\/Cofins","PSD","PT","Refinanciamento","Refis","Rodrigo Pacheco","Senado Federal","setor produtivo","Tesouro Nacional","tributa\u00e7\u00e3o","Uni\u00e3o"],"articleSection":["Cabe\u00e7alho","Destaque lista","Destaque Menor","Geral","iNFRAEnergia"],"inLanguage":"pt-BR","copyrightYear":"2024","copyrightHolder":{"@id":"https:\/\/agenciainfra.com\/blog\/#organization"}},{"@type":"WebPage","@id":"https:\/\/agenciainfra.com\/blog\/governo-e-senado-acertam-projeto-com-refis-para-multas-das-agencias-reguladoras\/","url":"https:\/\/agenciainfra.com\/blog\/governo-e-senado-acertam-projeto-com-refis-para-multas-das-agencias-reguladoras\/","name":"Governo e Senado acertam projeto com \"refis\" para multas das ag\u00eancias reguladoras - Ag\u00eancia iNFRA","isPartOf":{"@id":"https:\/\/agenciainfra.com\/blog\/#website"},"primaryImageOfPage":{"@id":"https:\/\/agenciainfra.com\/blog\/governo-e-senado-acertam-projeto-com-refis-para-multas-das-agencias-reguladoras\/#primaryimage"},"image":{"@id":"https:\/\/agenciainfra.com\/blog\/governo-e-senado-acertam-projeto-com-refis-para-multas-das-agencias-reguladoras\/#primaryimage"},"thumbnailUrl":"https:\/\/agenciainfra.com\/blog\/wp-content\/uploads\/2024\/07\/rodrigo-pacheco-foto-waldemir-barreto-agencia-senado.jpg","datePublished":"2024-07-05T14:00:00+00:00","dateModified":"2026-03-13T12:38:44+00:00","breadcrumb":{"@id":"https:\/\/agenciainfra.com\/blog\/governo-e-senado-acertam-projeto-com-refis-para-multas-das-agencias-reguladoras\/#breadcrumb"},"inLanguage":"pt-BR","potentialAction":[{"@type":"ReadAction","target":["https:\/\/agenciainfra.com\/blog\/governo-e-senado-acertam-projeto-com-refis-para-multas-das-agencias-reguladoras\/"]}]},{"@type":"ImageObject","inLanguage":"pt-BR","@id":"https:\/\/agenciainfra.com\/blog\/governo-e-senado-acertam-projeto-com-refis-para-multas-das-agencias-reguladoras\/#primaryimage","url":"https:\/\/agenciainfra.com\/blog\/wp-content\/uploads\/2024\/07\/rodrigo-pacheco-foto-waldemir-barreto-agencia-senado.jpg","contentUrl":"https:\/\/agenciainfra.com\/blog\/wp-content\/uploads\/2024\/07\/rodrigo-pacheco-foto-waldemir-barreto-agencia-senado.jpg","width":1202,"height":801},{"@type":"BreadcrumbList","@id":"https:\/\/agenciainfra.com\/blog\/governo-e-senado-acertam-projeto-com-refis-para-multas-das-agencias-reguladoras\/#breadcrumb","itemListElement":[{"@type":"ListItem","position":1,"name":"In\u00edcio","item":"https:\/\/agenciainfra.com\/blog\/"},{"@type":"ListItem","position":2,"name":"Governo e Senado acertam projeto com &#8220;refis&#8221; para multas das ag\u00eancias reguladoras"}]},{"@type":"WebSite","@id":"https:\/\/agenciainfra.com\/blog\/#website","url":"https:\/\/agenciainfra.com\/blog\/","name":"Ag\u00eancia iNFRA","description":"Multiplataforma de informa\u00e7\u00e3o jornal\u00edstica refer\u00eancia na \u00e1rea de infraestrutura no Brasil!","publisher":{"@id":"https:\/\/agenciainfra.com\/blog\/#organization"},"potentialAction":[{"@type":"SearchAction","target":{"@type":"EntryPoint","urlTemplate":"https:\/\/agenciainfra.com\/blog\/?s={search_term_string}"},"query-input":{"@type":"PropertyValueSpecification","valueRequired":true,"valueName":"search_term_string"}}],"inLanguage":"pt-BR"},{"@type":"Organization","@id":"https:\/\/agenciainfra.com\/blog\/#organization","name":"Ag\u00eancia iNFRA","url":"https:\/\/agenciainfra.com\/blog\/","logo":{"@type":"ImageObject","inLanguage":"pt-BR","@id":"https:\/\/agenciainfra.com\/blog\/#\/schema\/logo\/image\/","url":"https:\/\/agenciainfra.com\/blog\/wp-content\/uploads\/2023\/09\/iNFRA_5-e1761735885940.png","contentUrl":"https:\/\/agenciainfra.com\/blog\/wp-content\/uploads\/2023\/09\/iNFRA_5-e1761735885940.png","width":1672,"height":454,"caption":"Ag\u00eancia iNFRA"},"image":{"@id":"https:\/\/agenciainfra.com\/blog\/#\/schema\/logo\/image\/"},"sameAs":["https:\/\/www.facebook.com\/ageninfra","https:\/\/x.com\/agencia_infra","https:\/\/www.linkedin.com\/company\/ag\u00eanciainfra\/","https:\/\/www.instagram.com\/agenciainfra\/"]},{"@type":"Person","@id":"https:\/\/agenciainfra.com\/blog\/#\/schema\/person\/34af08dff6adea4cb22b06612ba7acfa","name":"Ag\u00eancia iNFRA","image":{"@type":"ImageObject","inLanguage":"pt-BR","@id":"https:\/\/agenciainfra.com\/blog\/#\/schema\/person\/image\/","url":"https:\/\/secure.gravatar.com\/avatar\/d189e01678f06d8eb84d4e01f08eb848b3fffe3f8443818d3c356c66892f5be8?s=96&d=mm&r=g","contentUrl":"https:\/\/secure.gravatar.com\/avatar\/d189e01678f06d8eb84d4e01f08eb848b3fffe3f8443818d3c356c66892f5be8?s=96&d=mm&r=g","caption":"Ag\u00eancia iNFRA"},"url":"https:\/\/agenciainfra.com\/blog\/author\/admin\/"}]}},"_links":{"self":[{"href":"https:\/\/agenciainfra.com\/blog\/wp-json\/wp\/v2\/posts\/17581","targetHints":{"allow":["GET"]}}],"collection":[{"href":"https:\/\/agenciainfra.com\/blog\/wp-json\/wp\/v2\/posts"}],"about":[{"href":"https:\/\/agenciainfra.com\/blog\/wp-json\/wp\/v2\/types\/post"}],"author":[{"embeddable":true,"href":"https:\/\/agenciainfra.com\/blog\/wp-json\/wp\/v2\/users\/1"}],"replies":[{"embeddable":true,"href":"https:\/\/agenciainfra.com\/blog\/wp-json\/wp\/v2\/comments?post=17581"}],"version-history":[{"count":2,"href":"https:\/\/agenciainfra.com\/blog\/wp-json\/wp\/v2\/posts\/17581\/revisions"}],"predecessor-version":[{"id":17702,"href":"https:\/\/agenciainfra.com\/blog\/wp-json\/wp\/v2\/posts\/17581\/revisions\/17702"}],"wp:featuredmedia":[{"embeddable":true,"href":"https:\/\/agenciainfra.com\/blog\/wp-json\/wp\/v2\/media\/17582"}],"wp:attachment":[{"href":"https:\/\/agenciainfra.com\/blog\/wp-json\/wp\/v2\/media?parent=17581"}],"wp:term":[{"taxonomy":"category","embeddable":true,"href":"https:\/\/agenciainfra.com\/blog\/wp-json\/wp\/v2\/categories?post=17581"},{"taxonomy":"post_tag","embeddable":true,"href":"https:\/\/agenciainfra.com\/blog\/wp-json\/wp\/v2\/tags?post=17581"}],"curies":[{"name":"wp","href":"https:\/\/api.w.org\/{rel}","templated":true}]}}