{"id":17606,"date":"2024-07-08T11:00:00","date_gmt":"2024-07-08T14:00:00","guid":{"rendered":"https:\/\/agenciainfra.com\/blog\/?p=17606"},"modified":"2026-03-13T09:38:43","modified_gmt":"2026-03-13T12:38:43","slug":"governo-trabalha-em-projeto-de-lei-sobre-abertura-do-mercado-e-justica-tarifaria-dizem-fontes","status":"publish","type":"post","link":"https:\/\/agenciainfra.com\/blog\/governo-trabalha-em-projeto-de-lei-sobre-abertura-do-mercado-e-justica-tarifaria-dizem-fontes\/","title":{"rendered":"Governo trabalha em projeto de lei sobre abertura do mercado e &#8220;justi\u00e7a tarif\u00e1ria&#8221;, dizem fontes"},"content":{"rendered":"\n<p class=\"has-text-align-right\"><strong>Marisa Wanzeller, da&nbsp;Ag\u00eancia iNFRA<\/strong><\/p>\n\n\n\n<p>O MME (Minist\u00e9rio de Minas e Energia) est\u00e1 trabalhando em um projeto de lei sobre abertura do mercado de energia, a fim de trazer &#8220;justi\u00e7a tarif\u00e1ria&#8221; para os consumidores. Nesta sexta-feira (12), a pasta promove junto \u00e0 CCEE (C\u00e2mara de Comercializa\u00e7\u00e3o de Energia El\u00e9trica) um semin\u00e1rio com a mesma tem\u00e1tica, em S\u00e3o Paulo.<br>&nbsp;<br>Segundo fontes, o projeto seguir\u00e1 a linha do que foi discutido em reuni\u00e3o com o presidente Lula e com especialistas do setor el\u00e9trico em abril deste ano, no Pal\u00e1cio do Planalto, quando foi determinada a cria\u00e7\u00e3o de grupos de trabalho para estabelecer medidas de m\u00e9dio e longo prazo para o setor.<br>&nbsp;<br>Parte dos presentes no encontro com Lula tamb\u00e9m estar\u00e3o no evento desta semana. O semin\u00e1rio contar\u00e1 com pain\u00e9is sobre encargos e subs\u00eddios na conta de luz, e sobre liberdade do consumidor.<br>&nbsp;<br>Est\u00e3o previstos na abertura do evento o ministro de Minas e Energia, Alexandre Silveira, e o secret\u00e1rio-executivo Arthur Val\u00e9rio. Autoridades da ANEEL (Ag\u00eancia Nacional de Energia El\u00e9trica), do ONS (Operador Nacional do Sistema El\u00e9trico) e da EPE (Empresa de Pesquisa Energ\u00e9tica), tamb\u00e9m est\u00e3o na programa\u00e7\u00e3o, al\u00e9m da CCEE.<br>&nbsp;<br><strong>Reestrutura\u00e7\u00e3o do setor<\/strong><br>Em abril, Lula disse que o governo precisa apresentar &#8220;um novo programa energ\u00e9tico, justo e inclusivo&#8221; ainda neste ano, e que estaria &#8220;insatisfeito com o pre\u00e7o da energia pago pelos mais pobres&#8221;, relataram fontes presentes na reuni\u00e3o que ocorreu no Planalto.<br>&nbsp;<br>Dias depois, o ministro Alexandre Silveira falou que o MME estaria preparando &#8220;medidas estruturantes&#8221; para &#8220;corroborar&#8221; com PL [Projeto de Lei] 414\/2021, que trata sobre a abertura do mercado.<br>&nbsp;<br>&#8220;N\u00f3s precisamos de uma medida estruturante, n\u00e3o \u00e9 poss\u00edvel que a abertura de mercado<br>continue e fique adstrita \u00e0 alta tens\u00e3o, que \u00e9 45% da energia consumida no Brasil, que est\u00e1<br>na ind\u00fastria, e a conta da CDE [Conta de Desenvolvimento Energ\u00e9tico] na sua maior e<br>quase que absoluta parte fique para o consumidor regulado&#8221;, disse Silveira no F\u00f3rum<br>Distribui\u00e7\u00e3o de Qualidade para Inclus\u00e3o e Transi\u00e7\u00e3o Energ\u00e9tica, em Bras\u00edlia.<br>&nbsp;<br>O ministro fala em remodela\u00e7\u00e3o do setor e sobre a necessidade de tratar distor\u00e7\u00f5es tarif\u00e1rias desde julho de 2023, quando prometeu o envio de um PL para o Congresso Nacional &#8220;em at\u00e9 90 dias&#8221;.<\/p>\n","protected":false},"excerpt":{"rendered":"<p>Marisa Wanzeller, da&nbsp;Ag\u00eancia iNFRA O MME (Minist\u00e9rio de Minas e Energia) est\u00e1 trabalhando em um projeto de lei sobre abertura do mercado de energia, a fim de trazer &#8220;justi\u00e7a tarif\u00e1ria&#8221; para os consumidores. Nesta sexta-feira (12), a pasta promove junto \u00e0 CCEE (C\u00e2mara de Comercializa\u00e7\u00e3o de Energia El\u00e9trica) um semin\u00e1rio com a mesma tem\u00e1tica, em [&hellip;]<\/p>\n","protected":false},"author":1,"featured_media":15496,"comment_status":"closed","ping_status":"closed","sticky":false,"template":"","format":"standard","meta":{"_monsterinsights_skip_tracking":false,"_monsterinsights_sitenote_active":false,"_monsterinsights_sitenote_note":"","_monsterinsights_sitenote_category":0,"footnotes":""},"categories":[7250,1,10],"tags":[10609,53,866,14,285,545,3576,1067,10610,12,10612,580,96,71,216,827,3627,865,10613,10611,10614,1601,2006],"class_list":["post-17606","post","type-post","status-publish","format-standard","has-post-thumbnail","hentry","category-destaque-lista","category-geral","category-infraenergia","tag-abertura-do-mercado-de-energia","tag-aneel","tag-camara-de-comercializacao-de-energia-eletrica","tag-ccee","tag-consumidores","tag-conta-de-desenvolvimento-energetico","tag-contas-de-luz","tag-empresa-de-pesquisa-energetica","tag-encargos","tag-epe","tag-justica-tarifaria","tag-lula","tag-ministerio-de-minas-e-energia","tag-mme","tag-ons","tag-operador-nacional-do-sistema-eletrico","tag-pl-414-2021","tag-preco-da-energia","tag-projeto-de-lei-414-2021","tag-reestruturacao-do-setor-eletrico","tag-seminario","tag-subsidios","tag-transicao-energetica"],"yoast_head":"<!-- This site is optimized with the Yoast SEO Premium plugin v25.4 (Yoast SEO v26.0) - https:\/\/yoast.com\/wordpress\/plugins\/seo\/ -->\n<title>Governo trabalha em projeto de lei sobre abertura do mercado e &quot;justi\u00e7a tarif\u00e1ria&quot;, dizem fontes - Ag\u00eancia iNFRA<\/title>\n<meta name=\"robots\" content=\"index, follow, max-snippet:-1, max-image-preview:large, max-video-preview:-1\" \/>\n<link rel=\"canonical\" href=\"https:\/\/agenciainfra.com\/blog\/governo-trabalha-em-projeto-de-lei-sobre-abertura-do-mercado-e-justica-tarifaria-dizem-fontes\/\" \/>\n<meta property=\"og:locale\" content=\"pt_BR\" \/>\n<meta property=\"og:type\" content=\"article\" \/>\n<meta property=\"og:title\" content=\"Governo trabalha em projeto de lei sobre abertura do mercado e &quot;justi\u00e7a tarif\u00e1ria&quot;, dizem fontes\" \/>\n<meta property=\"og:description\" content=\"Marisa Wanzeller, da&nbsp;Ag\u00eancia iNFRA O MME (Minist\u00e9rio de Minas e Energia) est\u00e1 trabalhando em um projeto de lei sobre abertura do mercado de energia, a fim de trazer &#8220;justi\u00e7a tarif\u00e1ria&#8221; para os consumidores. Nesta sexta-feira (12), a pasta promove junto \u00e0 CCEE (C\u00e2mara de Comercializa\u00e7\u00e3o de Energia El\u00e9trica) um semin\u00e1rio com a mesma tem\u00e1tica, em [&hellip;]\" \/>\n<meta property=\"og:url\" content=\"https:\/\/agenciainfra.com\/blog\/governo-trabalha-em-projeto-de-lei-sobre-abertura-do-mercado-e-justica-tarifaria-dizem-fontes\/\" \/>\n<meta property=\"og:site_name\" content=\"Ag\u00eancia iNFRA\" \/>\n<meta property=\"article:publisher\" content=\"https:\/\/www.facebook.com\/ageninfra\" \/>\n<meta property=\"article:published_time\" content=\"2024-07-08T14:00:00+00:00\" \/>\n<meta property=\"article:modified_time\" content=\"2026-03-13T12:38:43+00:00\" \/>\n<meta property=\"og:image\" content=\"https:\/\/agenciainfra.com\/blog\/wp-content\/uploads\/2024\/02\/palacio-do-palanto-amarelo-foto-ricardo-stuckert.jpeg\" \/>\n\t<meta property=\"og:image:width\" content=\"1568\" \/>\n\t<meta property=\"og:image:height\" content=\"984\" \/>\n\t<meta property=\"og:image:type\" content=\"image\/jpeg\" \/>\n<meta name=\"author\" content=\"Ag\u00eancia iNFRA\" \/>\n<meta name=\"twitter:card\" content=\"summary_large_image\" \/>\n<meta name=\"twitter:creator\" content=\"@agencia_infra\" \/>\n<meta name=\"twitter:site\" content=\"@agencia_infra\" \/>\n<meta name=\"twitter:label1\" content=\"Escrito por\" \/>\n\t<meta name=\"twitter:data1\" content=\"Ag\u00eancia iNFRA\" \/>\n\t<meta name=\"twitter:label2\" content=\"Est. tempo de leitura\" \/>\n\t<meta name=\"twitter:data2\" content=\"2 minutos\" \/>\n<script type=\"application\/ld+json\" class=\"yoast-schema-graph\">{\"@context\":\"https:\/\/schema.org\",\"@graph\":[{\"@type\":\"Article\",\"@id\":\"https:\/\/agenciainfra.com\/blog\/governo-trabalha-em-projeto-de-lei-sobre-abertura-do-mercado-e-justica-tarifaria-dizem-fontes\/#article\",\"isPartOf\":{\"@id\":\"https:\/\/agenciainfra.com\/blog\/governo-trabalha-em-projeto-de-lei-sobre-abertura-do-mercado-e-justica-tarifaria-dizem-fontes\/\"},\"author\":{\"name\":\"Ag\u00eancia iNFRA\",\"@id\":\"https:\/\/agenciainfra.com\/blog\/#\/schema\/person\/34af08dff6adea4cb22b06612ba7acfa\"},\"headline\":\"Governo trabalha em projeto de lei sobre abertura do mercado e &#8220;justi\u00e7a tarif\u00e1ria&#8221;, dizem fontes\",\"datePublished\":\"2024-07-08T14:00:00+00:00\",\"dateModified\":\"2026-03-13T12:38:43+00:00\",\"mainEntityOfPage\":{\"@id\":\"https:\/\/agenciainfra.com\/blog\/governo-trabalha-em-projeto-de-lei-sobre-abertura-do-mercado-e-justica-tarifaria-dizem-fontes\/\"},\"wordCount\":427,\"publisher\":{\"@id\":\"https:\/\/agenciainfra.com\/blog\/#organization\"},\"image\":{\"@id\":\"https:\/\/agenciainfra.com\/blog\/governo-trabalha-em-projeto-de-lei-sobre-abertura-do-mercado-e-justica-tarifaria-dizem-fontes\/#primaryimage\"},\"thumbnailUrl\":\"https:\/\/agenciainfra.com\/blog\/wp-content\/uploads\/2024\/02\/palacio-do-palanto-amarelo-foto-ricardo-stuckert.jpeg\",\"keywords\":[\"Abertura do mercado de energia\",\"ANEEL\",\"C\u00e2mara de Comercializa\u00e7\u00e3o de Energia El\u00e9trica\",\"ccee\",\"consumidores\",\"Conta de Desenvolvimento Energ\u00e9tico\",\"contas de luz\",\"Empresa de Pesquisa Energ\u00e9tica\",\"Encargos\",\"epe\",\"Justi\u00e7a tarif\u00e1ria\",\"Lula\",\"Minist\u00e9rio de Minas e Energia\",\"MME\",\"ONS\",\"Operador Nacional do Sistema El\u00e9trico\",\"PL 414\/2021\",\"pre\u00e7o da energia\",\"Projeto de Lei 414\/2021\",\"Reestrutura\u00e7\u00e3o do setor el\u00e9trico\",\"Semin\u00e1rio\",\"subs\u00eddios\",\"transi\u00e7\u00e3o energ\u00e9tica\"],\"articleSection\":[\"Destaque lista\",\"Geral\",\"iNFRAEnergia\"],\"inLanguage\":\"pt-BR\",\"copyrightYear\":\"2024\",\"copyrightHolder\":{\"@id\":\"https:\/\/agenciainfra.com\/blog\/#organization\"}},{\"@type\":\"WebPage\",\"@id\":\"https:\/\/agenciainfra.com\/blog\/governo-trabalha-em-projeto-de-lei-sobre-abertura-do-mercado-e-justica-tarifaria-dizem-fontes\/\",\"url\":\"https:\/\/agenciainfra.com\/blog\/governo-trabalha-em-projeto-de-lei-sobre-abertura-do-mercado-e-justica-tarifaria-dizem-fontes\/\",\"name\":\"Governo trabalha em projeto de lei sobre abertura do mercado e \\\"justi\u00e7a tarif\u00e1ria\\\", dizem fontes - Ag\u00eancia iNFRA\",\"isPartOf\":{\"@id\":\"https:\/\/agenciainfra.com\/blog\/#website\"},\"primaryImageOfPage\":{\"@id\":\"https:\/\/agenciainfra.com\/blog\/governo-trabalha-em-projeto-de-lei-sobre-abertura-do-mercado-e-justica-tarifaria-dizem-fontes\/#primaryimage\"},\"image\":{\"@id\":\"https:\/\/agenciainfra.com\/blog\/governo-trabalha-em-projeto-de-lei-sobre-abertura-do-mercado-e-justica-tarifaria-dizem-fontes\/#primaryimage\"},\"thumbnailUrl\":\"https:\/\/agenciainfra.com\/blog\/wp-content\/uploads\/2024\/02\/palacio-do-palanto-amarelo-foto-ricardo-stuckert.jpeg\",\"datePublished\":\"2024-07-08T14:00:00+00:00\",\"dateModified\":\"2026-03-13T12:38:43+00:00\",\"breadcrumb\":{\"@id\":\"https:\/\/agenciainfra.com\/blog\/governo-trabalha-em-projeto-de-lei-sobre-abertura-do-mercado-e-justica-tarifaria-dizem-fontes\/#breadcrumb\"},\"inLanguage\":\"pt-BR\",\"potentialAction\":[{\"@type\":\"ReadAction\",\"target\":[\"https:\/\/agenciainfra.com\/blog\/governo-trabalha-em-projeto-de-lei-sobre-abertura-do-mercado-e-justica-tarifaria-dizem-fontes\/\"]}]},{\"@type\":\"ImageObject\",\"inLanguage\":\"pt-BR\",\"@id\":\"https:\/\/agenciainfra.com\/blog\/governo-trabalha-em-projeto-de-lei-sobre-abertura-do-mercado-e-justica-tarifaria-dizem-fontes\/#primaryimage\",\"url\":\"https:\/\/agenciainfra.com\/blog\/wp-content\/uploads\/2024\/02\/palacio-do-palanto-amarelo-foto-ricardo-stuckert.jpeg\",\"contentUrl\":\"https:\/\/agenciainfra.com\/blog\/wp-content\/uploads\/2024\/02\/palacio-do-palanto-amarelo-foto-ricardo-stuckert.jpeg\",\"width\":1568,\"height\":984},{\"@type\":\"BreadcrumbList\",\"@id\":\"https:\/\/agenciainfra.com\/blog\/governo-trabalha-em-projeto-de-lei-sobre-abertura-do-mercado-e-justica-tarifaria-dizem-fontes\/#breadcrumb\",\"itemListElement\":[{\"@type\":\"ListItem\",\"position\":1,\"name\":\"In\u00edcio\",\"item\":\"https:\/\/agenciainfra.com\/blog\/\"},{\"@type\":\"ListItem\",\"position\":2,\"name\":\"Governo trabalha em projeto de lei sobre abertura do mercado e &#8220;justi\u00e7a tarif\u00e1ria&#8221;, dizem fontes\"}]},{\"@type\":\"WebSite\",\"@id\":\"https:\/\/agenciainfra.com\/blog\/#website\",\"url\":\"https:\/\/agenciainfra.com\/blog\/\",\"name\":\"Ag\u00eancia iNFRA\",\"description\":\"Multiplataforma de informa\u00e7\u00e3o jornal\u00edstica refer\u00eancia na \u00e1rea de infraestrutura no Brasil!\",\"publisher\":{\"@id\":\"https:\/\/agenciainfra.com\/blog\/#organization\"},\"potentialAction\":[{\"@type\":\"SearchAction\",\"target\":{\"@type\":\"EntryPoint\",\"urlTemplate\":\"https:\/\/agenciainfra.com\/blog\/?s={search_term_string}\"},\"query-input\":{\"@type\":\"PropertyValueSpecification\",\"valueRequired\":true,\"valueName\":\"search_term_string\"}}],\"inLanguage\":\"pt-BR\"},{\"@type\":\"Organization\",\"@id\":\"https:\/\/agenciainfra.com\/blog\/#organization\",\"name\":\"Ag\u00eancia iNFRA\",\"url\":\"https:\/\/agenciainfra.com\/blog\/\",\"logo\":{\"@type\":\"ImageObject\",\"inLanguage\":\"pt-BR\",\"@id\":\"https:\/\/agenciainfra.com\/blog\/#\/schema\/logo\/image\/\",\"url\":\"https:\/\/agenciainfra.com\/blog\/wp-content\/uploads\/2023\/09\/iNFRA_5-e1761735885940.png\",\"contentUrl\":\"https:\/\/agenciainfra.com\/blog\/wp-content\/uploads\/2023\/09\/iNFRA_5-e1761735885940.png\",\"width\":1672,\"height\":454,\"caption\":\"Ag\u00eancia iNFRA\"},\"image\":{\"@id\":\"https:\/\/agenciainfra.com\/blog\/#\/schema\/logo\/image\/\"},\"sameAs\":[\"https:\/\/www.facebook.com\/ageninfra\",\"https:\/\/x.com\/agencia_infra\",\"https:\/\/www.linkedin.com\/company\/ag\u00eanciainfra\/\",\"https:\/\/www.instagram.com\/agenciainfra\/\"]},{\"@type\":\"Person\",\"@id\":\"https:\/\/agenciainfra.com\/blog\/#\/schema\/person\/34af08dff6adea4cb22b06612ba7acfa\",\"name\":\"Ag\u00eancia iNFRA\",\"image\":{\"@type\":\"ImageObject\",\"inLanguage\":\"pt-BR\",\"@id\":\"https:\/\/agenciainfra.com\/blog\/#\/schema\/person\/image\/\",\"url\":\"https:\/\/secure.gravatar.com\/avatar\/d189e01678f06d8eb84d4e01f08eb848b3fffe3f8443818d3c356c66892f5be8?s=96&d=mm&r=g\",\"contentUrl\":\"https:\/\/secure.gravatar.com\/avatar\/d189e01678f06d8eb84d4e01f08eb848b3fffe3f8443818d3c356c66892f5be8?s=96&d=mm&r=g\",\"caption\":\"Ag\u00eancia iNFRA\"},\"url\":\"https:\/\/agenciainfra.com\/blog\/author\/admin\/\"}]}<\/script>\n<!-- \/ Yoast SEO Premium plugin. -->","yoast_head_json":{"title":"Governo trabalha em projeto de lei sobre abertura do mercado e \"justi\u00e7a tarif\u00e1ria\", dizem fontes - Ag\u00eancia iNFRA","robots":{"index":"index","follow":"follow","max-snippet":"max-snippet:-1","max-image-preview":"max-image-preview:large","max-video-preview":"max-video-preview:-1"},"canonical":"https:\/\/agenciainfra.com\/blog\/governo-trabalha-em-projeto-de-lei-sobre-abertura-do-mercado-e-justica-tarifaria-dizem-fontes\/","og_locale":"pt_BR","og_type":"article","og_title":"Governo trabalha em projeto de lei sobre abertura do mercado e \"justi\u00e7a tarif\u00e1ria\", dizem fontes","og_description":"Marisa Wanzeller, da&nbsp;Ag\u00eancia iNFRA O MME (Minist\u00e9rio de Minas e Energia) est\u00e1 trabalhando em um projeto de lei sobre abertura do mercado de energia, a fim de trazer &#8220;justi\u00e7a tarif\u00e1ria&#8221; para os consumidores. Nesta sexta-feira (12), a pasta promove junto \u00e0 CCEE (C\u00e2mara de Comercializa\u00e7\u00e3o de Energia El\u00e9trica) um semin\u00e1rio com a mesma tem\u00e1tica, em [&hellip;]","og_url":"https:\/\/agenciainfra.com\/blog\/governo-trabalha-em-projeto-de-lei-sobre-abertura-do-mercado-e-justica-tarifaria-dizem-fontes\/","og_site_name":"Ag\u00eancia iNFRA","article_publisher":"https:\/\/www.facebook.com\/ageninfra","article_published_time":"2024-07-08T14:00:00+00:00","article_modified_time":"2026-03-13T12:38:43+00:00","og_image":[{"width":1568,"height":984,"url":"https:\/\/agenciainfra.com\/blog\/wp-content\/uploads\/2024\/02\/palacio-do-palanto-amarelo-foto-ricardo-stuckert.jpeg","type":"image\/jpeg"}],"author":"Ag\u00eancia iNFRA","twitter_card":"summary_large_image","twitter_creator":"@agencia_infra","twitter_site":"@agencia_infra","twitter_misc":{"Escrito por":"Ag\u00eancia iNFRA","Est. tempo de leitura":"2 minutos"},"schema":{"@context":"https:\/\/schema.org","@graph":[{"@type":"Article","@id":"https:\/\/agenciainfra.com\/blog\/governo-trabalha-em-projeto-de-lei-sobre-abertura-do-mercado-e-justica-tarifaria-dizem-fontes\/#article","isPartOf":{"@id":"https:\/\/agenciainfra.com\/blog\/governo-trabalha-em-projeto-de-lei-sobre-abertura-do-mercado-e-justica-tarifaria-dizem-fontes\/"},"author":{"name":"Ag\u00eancia iNFRA","@id":"https:\/\/agenciainfra.com\/blog\/#\/schema\/person\/34af08dff6adea4cb22b06612ba7acfa"},"headline":"Governo trabalha em projeto de lei sobre abertura do mercado e &#8220;justi\u00e7a tarif\u00e1ria&#8221;, dizem fontes","datePublished":"2024-07-08T14:00:00+00:00","dateModified":"2026-03-13T12:38:43+00:00","mainEntityOfPage":{"@id":"https:\/\/agenciainfra.com\/blog\/governo-trabalha-em-projeto-de-lei-sobre-abertura-do-mercado-e-justica-tarifaria-dizem-fontes\/"},"wordCount":427,"publisher":{"@id":"https:\/\/agenciainfra.com\/blog\/#organization"},"image":{"@id":"https:\/\/agenciainfra.com\/blog\/governo-trabalha-em-projeto-de-lei-sobre-abertura-do-mercado-e-justica-tarifaria-dizem-fontes\/#primaryimage"},"thumbnailUrl":"https:\/\/agenciainfra.com\/blog\/wp-content\/uploads\/2024\/02\/palacio-do-palanto-amarelo-foto-ricardo-stuckert.jpeg","keywords":["Abertura do mercado de energia","ANEEL","C\u00e2mara de Comercializa\u00e7\u00e3o de Energia El\u00e9trica","ccee","consumidores","Conta de Desenvolvimento Energ\u00e9tico","contas de luz","Empresa de Pesquisa Energ\u00e9tica","Encargos","epe","Justi\u00e7a tarif\u00e1ria","Lula","Minist\u00e9rio de Minas e Energia","MME","ONS","Operador Nacional do Sistema El\u00e9trico","PL 414\/2021","pre\u00e7o da energia","Projeto de Lei 414\/2021","Reestrutura\u00e7\u00e3o do setor el\u00e9trico","Semin\u00e1rio","subs\u00eddios","transi\u00e7\u00e3o energ\u00e9tica"],"articleSection":["Destaque lista","Geral","iNFRAEnergia"],"inLanguage":"pt-BR","copyrightYear":"2024","copyrightHolder":{"@id":"https:\/\/agenciainfra.com\/blog\/#organization"}},{"@type":"WebPage","@id":"https:\/\/agenciainfra.com\/blog\/governo-trabalha-em-projeto-de-lei-sobre-abertura-do-mercado-e-justica-tarifaria-dizem-fontes\/","url":"https:\/\/agenciainfra.com\/blog\/governo-trabalha-em-projeto-de-lei-sobre-abertura-do-mercado-e-justica-tarifaria-dizem-fontes\/","name":"Governo trabalha em projeto de lei sobre abertura do mercado e \"justi\u00e7a tarif\u00e1ria\", dizem fontes - Ag\u00eancia iNFRA","isPartOf":{"@id":"https:\/\/agenciainfra.com\/blog\/#website"},"primaryImageOfPage":{"@id":"https:\/\/agenciainfra.com\/blog\/governo-trabalha-em-projeto-de-lei-sobre-abertura-do-mercado-e-justica-tarifaria-dizem-fontes\/#primaryimage"},"image":{"@id":"https:\/\/agenciainfra.com\/blog\/governo-trabalha-em-projeto-de-lei-sobre-abertura-do-mercado-e-justica-tarifaria-dizem-fontes\/#primaryimage"},"thumbnailUrl":"https:\/\/agenciainfra.com\/blog\/wp-content\/uploads\/2024\/02\/palacio-do-palanto-amarelo-foto-ricardo-stuckert.jpeg","datePublished":"2024-07-08T14:00:00+00:00","dateModified":"2026-03-13T12:38:43+00:00","breadcrumb":{"@id":"https:\/\/agenciainfra.com\/blog\/governo-trabalha-em-projeto-de-lei-sobre-abertura-do-mercado-e-justica-tarifaria-dizem-fontes\/#breadcrumb"},"inLanguage":"pt-BR","potentialAction":[{"@type":"ReadAction","target":["https:\/\/agenciainfra.com\/blog\/governo-trabalha-em-projeto-de-lei-sobre-abertura-do-mercado-e-justica-tarifaria-dizem-fontes\/"]}]},{"@type":"ImageObject","inLanguage":"pt-BR","@id":"https:\/\/agenciainfra.com\/blog\/governo-trabalha-em-projeto-de-lei-sobre-abertura-do-mercado-e-justica-tarifaria-dizem-fontes\/#primaryimage","url":"https:\/\/agenciainfra.com\/blog\/wp-content\/uploads\/2024\/02\/palacio-do-palanto-amarelo-foto-ricardo-stuckert.jpeg","contentUrl":"https:\/\/agenciainfra.com\/blog\/wp-content\/uploads\/2024\/02\/palacio-do-palanto-amarelo-foto-ricardo-stuckert.jpeg","width":1568,"height":984},{"@type":"BreadcrumbList","@id":"https:\/\/agenciainfra.com\/blog\/governo-trabalha-em-projeto-de-lei-sobre-abertura-do-mercado-e-justica-tarifaria-dizem-fontes\/#breadcrumb","itemListElement":[{"@type":"ListItem","position":1,"name":"In\u00edcio","item":"https:\/\/agenciainfra.com\/blog\/"},{"@type":"ListItem","position":2,"name":"Governo trabalha em projeto de lei sobre abertura do mercado e &#8220;justi\u00e7a tarif\u00e1ria&#8221;, dizem fontes"}]},{"@type":"WebSite","@id":"https:\/\/agenciainfra.com\/blog\/#website","url":"https:\/\/agenciainfra.com\/blog\/","name":"Ag\u00eancia iNFRA","description":"Multiplataforma de informa\u00e7\u00e3o jornal\u00edstica refer\u00eancia na \u00e1rea de infraestrutura no Brasil!","publisher":{"@id":"https:\/\/agenciainfra.com\/blog\/#organization"},"potentialAction":[{"@type":"SearchAction","target":{"@type":"EntryPoint","urlTemplate":"https:\/\/agenciainfra.com\/blog\/?s={search_term_string}"},"query-input":{"@type":"PropertyValueSpecification","valueRequired":true,"valueName":"search_term_string"}}],"inLanguage":"pt-BR"},{"@type":"Organization","@id":"https:\/\/agenciainfra.com\/blog\/#organization","name":"Ag\u00eancia iNFRA","url":"https:\/\/agenciainfra.com\/blog\/","logo":{"@type":"ImageObject","inLanguage":"pt-BR","@id":"https:\/\/agenciainfra.com\/blog\/#\/schema\/logo\/image\/","url":"https:\/\/agenciainfra.com\/blog\/wp-content\/uploads\/2023\/09\/iNFRA_5-e1761735885940.png","contentUrl":"https:\/\/agenciainfra.com\/blog\/wp-content\/uploads\/2023\/09\/iNFRA_5-e1761735885940.png","width":1672,"height":454,"caption":"Ag\u00eancia iNFRA"},"image":{"@id":"https:\/\/agenciainfra.com\/blog\/#\/schema\/logo\/image\/"},"sameAs":["https:\/\/www.facebook.com\/ageninfra","https:\/\/x.com\/agencia_infra","https:\/\/www.linkedin.com\/company\/ag\u00eanciainfra\/","https:\/\/www.instagram.com\/agenciainfra\/"]},{"@type":"Person","@id":"https:\/\/agenciainfra.com\/blog\/#\/schema\/person\/34af08dff6adea4cb22b06612ba7acfa","name":"Ag\u00eancia iNFRA","image":{"@type":"ImageObject","inLanguage":"pt-BR","@id":"https:\/\/agenciainfra.com\/blog\/#\/schema\/person\/image\/","url":"https:\/\/secure.gravatar.com\/avatar\/d189e01678f06d8eb84d4e01f08eb848b3fffe3f8443818d3c356c66892f5be8?s=96&d=mm&r=g","contentUrl":"https:\/\/secure.gravatar.com\/avatar\/d189e01678f06d8eb84d4e01f08eb848b3fffe3f8443818d3c356c66892f5be8?s=96&d=mm&r=g","caption":"Ag\u00eancia iNFRA"},"url":"https:\/\/agenciainfra.com\/blog\/author\/admin\/"}]}},"_links":{"self":[{"href":"https:\/\/agenciainfra.com\/blog\/wp-json\/wp\/v2\/posts\/17606","targetHints":{"allow":["GET"]}}],"collection":[{"href":"https:\/\/agenciainfra.com\/blog\/wp-json\/wp\/v2\/posts"}],"about":[{"href":"https:\/\/agenciainfra.com\/blog\/wp-json\/wp\/v2\/types\/post"}],"author":[{"embeddable":true,"href":"https:\/\/agenciainfra.com\/blog\/wp-json\/wp\/v2\/users\/1"}],"replies":[{"embeddable":true,"href":"https:\/\/agenciainfra.com\/blog\/wp-json\/wp\/v2\/comments?post=17606"}],"version-history":[{"count":1,"href":"https:\/\/agenciainfra.com\/blog\/wp-json\/wp\/v2\/posts\/17606\/revisions"}],"predecessor-version":[{"id":17607,"href":"https:\/\/agenciainfra.com\/blog\/wp-json\/wp\/v2\/posts\/17606\/revisions\/17607"}],"wp:featuredmedia":[{"embeddable":true,"href":"https:\/\/agenciainfra.com\/blog\/wp-json\/wp\/v2\/media\/15496"}],"wp:attachment":[{"href":"https:\/\/agenciainfra.com\/blog\/wp-json\/wp\/v2\/media?parent=17606"}],"wp:term":[{"taxonomy":"category","embeddable":true,"href":"https:\/\/agenciainfra.com\/blog\/wp-json\/wp\/v2\/categories?post=17606"},{"taxonomy":"post_tag","embeddable":true,"href":"https:\/\/agenciainfra.com\/blog\/wp-json\/wp\/v2\/tags?post=17606"}],"curies":[{"name":"wp","href":"https:\/\/api.w.org\/{rel}","templated":true}]}}