{"id":17669,"date":"2024-07-11T11:00:00","date_gmt":"2024-07-11T14:00:00","guid":{"rendered":"https:\/\/agenciainfra.com\/blog\/?p=17669"},"modified":"2026-03-13T09:38:39","modified_gmt":"2026-03-13T12:38:39","slug":"governo-cogita-reestruturar-setor-eletrico-por-medida-provisoria","status":"publish","type":"post","link":"https:\/\/agenciainfra.com\/blog\/governo-cogita-reestruturar-setor-eletrico-por-medida-provisoria\/","title":{"rendered":"Governo cogita reestruturar setor el\u00e9trico por medida provis\u00f3ria"},"content":{"rendered":"\n<p class=\"has-text-align-right\"><strong>Marisa Wanzeller e Leila Coimbra, da&nbsp;Ag\u00eancia iNFRA<\/strong><\/p>\n\n\n\n<p>O ministro de Minas e Energia, Alexandre Silveira, disse nesta quarta-feira (10) que at\u00e9 o fim de agosto a pasta definir\u00e1 qual ferramenta ser\u00e1 utilizada para fazer a reestrutura\u00e7\u00e3o do\u00a0setor\u00a0el\u00e9trico, anunciada desde agosto do ano passado. Na percep\u00e7\u00e3o de Silveira, dada a urg\u00eancia do tema, pode ser necess\u00e1ria a edi\u00e7\u00e3o de uma MP (Medida\u00a0Provis\u00f3ria).\u00a0<br><br>Antes, ele pretende debater o tema com o\u00a0setor, para que se crie &#8220;pertencimento sobre o que est\u00e1 sendo constru\u00eddo&#8221;. S\u00f3 ent\u00e3o, o\u00a0governo\u00a0deve decidir se \u00e9 o caso de enviar ao Congresso Nacional um novo PL (Projeto de Lei), se \u00e9 o caso de aproveitar algum projeto que j\u00e1 est\u00e1 em andamento, como o\u00a0<a href=\"https:\/\/agenciainfra.us14.list-manage.com\/track\/click?u=d460dd1bcf9ba0ae040e1fc0f&amp;id=4fbf6970d8&amp;e=f0fa444791\" target=\"_blank\" rel=\"noreferrer noopener\">PL 414\/2021<\/a>, ou &#8220;se \u00e9 o caso at\u00e9 de uma\u00a0Medida\u00a0Provis\u00f3ria&#8221;. &#8220;Eu acho que at\u00e9 o final de agosto n\u00f3s temos que estar com essa etapa vencida&#8221;, disse\u00a0em Bras\u00edlia.<br><br>O debate come\u00e7ar\u00e1 nesta sexta-feira (12), em evento organizado pelo minist\u00e9rio em parceria com a CCEE (C\u00e2mara de Comercializa\u00e7\u00e3o de Energia El\u00e9trica), em S\u00e3o Paulo. Segundo Silveira, a agenda tem &#8220;um grande prop\u00f3sito&#8221;, que \u00e9 &#8220;todos entenderem que fazer justi\u00e7a tarif\u00e1ria e\u00a0reestruturar\u00a0o\u00a0setor\u00a0el\u00e9trico\u00a0brasileiro \u00e9 sin\u00f4nimo tamb\u00e9m de sustentabilidade para os investidores&#8221;.\u00a0<br><br>&#8220;Agora neste evento de sexta-feira, que eu tenho a maior expectativa, fiz quest\u00e3o de ajudar nas ideias e levar a espinha dorsal para que seja debatida democraticamente com todos os setores&#8221;, afirmou.\u00a0<br><br><strong>Distor\u00e7\u00f5es<\/strong><br>O ministro tamb\u00e9m disse que a base da proposta \u00e9 tratar de distor\u00e7\u00f5es do\u00a0setor\u00a0el\u00e9trico, como a forma com que a abertura do mercado foi realizada at\u00e9 o momento. &#8220;Houve uma parte que eu nunca concordei que \u00e9 a parte de pagar menos da CDE [Conta de Desenvolvimento Energ\u00e9tico] do que o mercado regulado&#8221;, disse.<br><br>&#8220;Tudo que aconteceu nos \u00faltimos anos colocou o\u00a0setor\u00a0el\u00e9trico\u00a0na beira do precip\u00edcio. Se n\u00f3s n\u00e3o fizermos nada e os lobbies continuarem prevalecendo, em defesa cada um do seu quinh\u00e3o, naturalmente, (&#8230;) se n\u00e3o tiver uma compreens\u00e3o mais generosa da vis\u00e3o do todo, n\u00f3s vamos de alguma forma colapsar.&#8221;<br><br><strong>Term\u00f4metro<\/strong><br>Agentes do\u00a0setor\u00a0ouvidos pela\u00a0<strong>Ag\u00eancia iNFRA<\/strong>\u00a0ficaram divididos quanto \u00e0 efetividade do envio de uma\u00a0Medida\u00a0Provis\u00f3ria. Para alguns, uma MP prevendo que o mercado livre pague mais encargos seria prejudicial e, ainda, enterraria o debate feito por anos com o PL 414, que trata da reforma do\u00a0setor\u00a0e tramita h\u00e1 alguns anos. Outros enxergam como uma alternativa para trazer seguran\u00e7a ao mercado e que facilitaria aos deputados a aprova\u00e7\u00e3o de emendas.<br><br>Em consenso, as fontes entendem que o evento do dia 12 ser\u00e1 um term\u00f4metro tanto para o\u00a0governo\u00a0quanto para o\u00a0setor, sobre o que poder\u00e1 ser apresentado.\u00a0<br><br><strong>Medidas Provis\u00f3rias\u00a0<\/strong><br>Especialistas lembram que o modelo atual do\u00a0setor\u00a0el\u00e9trico\u00a0foi constru\u00eddo por meio de medidas provis\u00f3rias, como a\u00a0<a href=\"https:\/\/agenciainfra.us14.list-manage.com\/track\/click?u=d460dd1bcf9ba0ae040e1fc0f&amp;id=10dc860cff&amp;e=f0fa444791\" target=\"_blank\" rel=\"noreferrer noopener\">MP 144 de 2003<\/a>, editada no\u00a0governo\u00a0Dilma Rousseff, que resultou na\u00a0<a href=\"https:\/\/agenciainfra.us14.list-manage.com\/track\/click?u=d460dd1bcf9ba0ae040e1fc0f&amp;id=93d97e6450&amp;e=f0fa444791\" target=\"_blank\" rel=\"noreferrer noopener\">Lei 10.848 de 2004<\/a>, depois modificada pela\u00a0<a href=\"https:\/\/agenciainfra.us14.list-manage.com\/track\/click?u=d460dd1bcf9ba0ae040e1fc0f&amp;id=b26debf313&amp;e=f0fa444791\" target=\"_blank\" rel=\"noreferrer noopener\">MP 1.078 de 2021<\/a>.\u00a0<br><br>As medidas criaram os ambientes de contrata\u00e7\u00e3o regulado (ACR) e livre (ACL), dando in\u00edcio \u00e0 abertura do mercado de energia.<\/p>\n","protected":false},"excerpt":{"rendered":"<p>Marisa Wanzeller e Leila Coimbra, da&nbsp;Ag\u00eancia iNFRA O ministro de Minas e Energia, Alexandre Silveira, disse nesta quarta-feira (10) que at\u00e9 o fim de agosto a pasta definir\u00e1 qual ferramenta ser\u00e1 utilizada para fazer a reestrutura\u00e7\u00e3o do\u00a0setor\u00a0el\u00e9trico, anunciada desde agosto do ano passado. Na percep\u00e7\u00e3o de Silveira, dada a urg\u00eancia do tema, pode ser necess\u00e1ria [&hellip;]<\/p>\n","protected":false},"author":1,"featured_media":15071,"comment_status":"closed","ping_status":"closed","sticky":false,"template":"","format":"standard","meta":{"_monsterinsights_skip_tracking":false,"_monsterinsights_sitenote_active":false,"_monsterinsights_sitenote_note":"","_monsterinsights_sitenote_category":0,"footnotes":""},"categories":[7248,7250,9714,1,10],"tags":[5698,6040,866,14,56,779,545,929,10715,47,2722,1984,10716,4032,10717,7366,76,96,71,284,10720,10719,3627,10711,10710,10709,10712,1573,1386,10714],"class_list":["post-17669","post","type-post","status-publish","format-standard","has-post-thumbnail","hentry","category-cabecalho","category-destaque-lista","category-destaque-menor","category-geral","category-infraenergia","tag-agentes","tag-alexandre-silveira","tag-camara-de-comercializacao-de-energia-eletrica","tag-ccee","tag-cde","tag-congresso-nacional","tag-conta-de-desenvolvimento-energetico","tag-dilma-rousseff","tag-distorcoes","tag-governo","tag-governo-federal","tag-leila-coimbra","tag-lobbies","tag-lobby","tag-lobby-de-energia","tag-marisa-wanzeller","tag-medida-provisoria","tag-ministerio-de-minas-e-energia","tag-mme","tag-mp","tag-mp-1-078-2021","tag-mp-144-2003","tag-pl-414-2021","tag-reforma-do-setor","tag-reforma-do-setor-eletrico","tag-reforma-por-medida-provisoria","tag-reforma-por-mp","tag-sustentabilidade","tag-tarifas-de-energia","tag-termometro"],"yoast_head":"<!-- This site is optimized with the Yoast SEO Premium plugin v25.4 (Yoast SEO v26.0) - https:\/\/yoast.com\/wordpress\/plugins\/seo\/ -->\n<title>Governo cogita reestruturar setor el\u00e9trico por medida provis\u00f3ria - Ag\u00eancia iNFRA<\/title>\n<meta name=\"robots\" content=\"index, follow, max-snippet:-1, max-image-preview:large, max-video-preview:-1\" \/>\n<link rel=\"canonical\" href=\"https:\/\/agenciainfra.com\/blog\/governo-cogita-reestruturar-setor-eletrico-por-medida-provisoria\/\" \/>\n<meta property=\"og:locale\" content=\"pt_BR\" \/>\n<meta property=\"og:type\" content=\"article\" \/>\n<meta property=\"og:title\" content=\"Governo cogita reestruturar setor el\u00e9trico por medida provis\u00f3ria\" \/>\n<meta property=\"og:description\" content=\"Marisa Wanzeller e Leila Coimbra, da&nbsp;Ag\u00eancia iNFRA O ministro de Minas e Energia, Alexandre Silveira, disse nesta quarta-feira (10) que at\u00e9 o fim de agosto a pasta definir\u00e1 qual ferramenta ser\u00e1 utilizada para fazer a reestrutura\u00e7\u00e3o do\u00a0setor\u00a0el\u00e9trico, anunciada desde agosto do ano passado. Na percep\u00e7\u00e3o de Silveira, dada a urg\u00eancia do tema, pode ser necess\u00e1ria [&hellip;]\" \/>\n<meta property=\"og:url\" content=\"https:\/\/agenciainfra.com\/blog\/governo-cogita-reestruturar-setor-eletrico-por-medida-provisoria\/\" \/>\n<meta property=\"og:site_name\" content=\"Ag\u00eancia iNFRA\" \/>\n<meta property=\"article:publisher\" content=\"https:\/\/www.facebook.com\/ageninfra\" \/>\n<meta property=\"article:published_time\" content=\"2024-07-11T14:00:00+00:00\" \/>\n<meta property=\"article:modified_time\" content=\"2026-03-13T12:38:39+00:00\" \/>\n<meta property=\"og:image\" content=\"https:\/\/agenciainfra.com\/blog\/wp-content\/uploads\/2023\/12\/alexandre-silveira-foto-governo-federal.jpeg\" \/>\n\t<meta property=\"og:image:width\" content=\"1202\" \/>\n\t<meta property=\"og:image:height\" content=\"800\" \/>\n\t<meta property=\"og:image:type\" content=\"image\/jpeg\" \/>\n<meta name=\"author\" content=\"Ag\u00eancia iNFRA\" \/>\n<meta name=\"twitter:card\" content=\"summary_large_image\" \/>\n<meta name=\"twitter:creator\" content=\"@agencia_infra\" \/>\n<meta name=\"twitter:site\" content=\"@agencia_infra\" \/>\n<meta name=\"twitter:label1\" content=\"Escrito por\" \/>\n\t<meta name=\"twitter:data1\" content=\"Ag\u00eancia iNFRA\" \/>\n\t<meta name=\"twitter:label2\" content=\"Est. tempo de leitura\" \/>\n\t<meta name=\"twitter:data2\" content=\"3 minutos\" \/>\n<script type=\"application\/ld+json\" class=\"yoast-schema-graph\">{\"@context\":\"https:\/\/schema.org\",\"@graph\":[{\"@type\":\"Article\",\"@id\":\"https:\/\/agenciainfra.com\/blog\/governo-cogita-reestruturar-setor-eletrico-por-medida-provisoria\/#article\",\"isPartOf\":{\"@id\":\"https:\/\/agenciainfra.com\/blog\/governo-cogita-reestruturar-setor-eletrico-por-medida-provisoria\/\"},\"author\":{\"name\":\"Ag\u00eancia iNFRA\",\"@id\":\"https:\/\/agenciainfra.com\/blog\/#\/schema\/person\/34af08dff6adea4cb22b06612ba7acfa\"},\"headline\":\"Governo cogita reestruturar setor el\u00e9trico por medida provis\u00f3ria\",\"datePublished\":\"2024-07-11T14:00:00+00:00\",\"dateModified\":\"2026-03-13T12:38:39+00:00\",\"mainEntityOfPage\":{\"@id\":\"https:\/\/agenciainfra.com\/blog\/governo-cogita-reestruturar-setor-eletrico-por-medida-provisoria\/\"},\"wordCount\":554,\"publisher\":{\"@id\":\"https:\/\/agenciainfra.com\/blog\/#organization\"},\"image\":{\"@id\":\"https:\/\/agenciainfra.com\/blog\/governo-cogita-reestruturar-setor-eletrico-por-medida-provisoria\/#primaryimage\"},\"thumbnailUrl\":\"https:\/\/agenciainfra.com\/blog\/wp-content\/uploads\/2023\/12\/alexandre-silveira-foto-governo-federal.jpeg\",\"keywords\":[\"agentes\",\"Alexandre Silveira\",\"C\u00e2mara de Comercializa\u00e7\u00e3o de Energia El\u00e9trica\",\"ccee\",\"CDE\",\"Congresso Nacional\",\"Conta de Desenvolvimento Energ\u00e9tico\",\"Dilma Rousseff\",\"distor\u00e7\u00f5es\",\"Governo\",\"governo federal\",\"Leila Coimbra\",\"lobbies\",\"lobby\",\"lobby de energia\",\"Marisa Wanzeller\",\"Medida Provis\u00f3ria\",\"Minist\u00e9rio de Minas e Energia\",\"MME\",\"MP\",\"MP 1.078\/2021\",\"MP 144\/2003\",\"PL 414\/2021\",\"Reforma do setor\",\"Reforma do Setor El\u00e9trico\",\"Reforma por medida provis\u00f3ria\",\"Reforma por MP\",\"sustentabilidade\",\"tarifas de energia\",\"term\u00f4metro\"],\"articleSection\":[\"Cabe\u00e7alho\",\"Destaque lista\",\"Destaque Menor\",\"Geral\",\"iNFRAEnergia\"],\"inLanguage\":\"pt-BR\",\"copyrightYear\":\"2024\",\"copyrightHolder\":{\"@id\":\"https:\/\/agenciainfra.com\/blog\/#organization\"}},{\"@type\":\"WebPage\",\"@id\":\"https:\/\/agenciainfra.com\/blog\/governo-cogita-reestruturar-setor-eletrico-por-medida-provisoria\/\",\"url\":\"https:\/\/agenciainfra.com\/blog\/governo-cogita-reestruturar-setor-eletrico-por-medida-provisoria\/\",\"name\":\"Governo cogita reestruturar setor el\u00e9trico por medida provis\u00f3ria - Ag\u00eancia iNFRA\",\"isPartOf\":{\"@id\":\"https:\/\/agenciainfra.com\/blog\/#website\"},\"primaryImageOfPage\":{\"@id\":\"https:\/\/agenciainfra.com\/blog\/governo-cogita-reestruturar-setor-eletrico-por-medida-provisoria\/#primaryimage\"},\"image\":{\"@id\":\"https:\/\/agenciainfra.com\/blog\/governo-cogita-reestruturar-setor-eletrico-por-medida-provisoria\/#primaryimage\"},\"thumbnailUrl\":\"https:\/\/agenciainfra.com\/blog\/wp-content\/uploads\/2023\/12\/alexandre-silveira-foto-governo-federal.jpeg\",\"datePublished\":\"2024-07-11T14:00:00+00:00\",\"dateModified\":\"2026-03-13T12:38:39+00:00\",\"breadcrumb\":{\"@id\":\"https:\/\/agenciainfra.com\/blog\/governo-cogita-reestruturar-setor-eletrico-por-medida-provisoria\/#breadcrumb\"},\"inLanguage\":\"pt-BR\",\"potentialAction\":[{\"@type\":\"ReadAction\",\"target\":[\"https:\/\/agenciainfra.com\/blog\/governo-cogita-reestruturar-setor-eletrico-por-medida-provisoria\/\"]}]},{\"@type\":\"ImageObject\",\"inLanguage\":\"pt-BR\",\"@id\":\"https:\/\/agenciainfra.com\/blog\/governo-cogita-reestruturar-setor-eletrico-por-medida-provisoria\/#primaryimage\",\"url\":\"https:\/\/agenciainfra.com\/blog\/wp-content\/uploads\/2023\/12\/alexandre-silveira-foto-governo-federal.jpeg\",\"contentUrl\":\"https:\/\/agenciainfra.com\/blog\/wp-content\/uploads\/2023\/12\/alexandre-silveira-foto-governo-federal.jpeg\",\"width\":1202,\"height\":800,\"caption\":\"Foto: Governo Federal\"},{\"@type\":\"BreadcrumbList\",\"@id\":\"https:\/\/agenciainfra.com\/blog\/governo-cogita-reestruturar-setor-eletrico-por-medida-provisoria\/#breadcrumb\",\"itemListElement\":[{\"@type\":\"ListItem\",\"position\":1,\"name\":\"In\u00edcio\",\"item\":\"https:\/\/agenciainfra.com\/blog\/\"},{\"@type\":\"ListItem\",\"position\":2,\"name\":\"Governo cogita reestruturar setor el\u00e9trico por medida provis\u00f3ria\"}]},{\"@type\":\"WebSite\",\"@id\":\"https:\/\/agenciainfra.com\/blog\/#website\",\"url\":\"https:\/\/agenciainfra.com\/blog\/\",\"name\":\"Ag\u00eancia iNFRA\",\"description\":\"Multiplataforma de informa\u00e7\u00e3o jornal\u00edstica refer\u00eancia na \u00e1rea de infraestrutura no Brasil!\",\"publisher\":{\"@id\":\"https:\/\/agenciainfra.com\/blog\/#organization\"},\"potentialAction\":[{\"@type\":\"SearchAction\",\"target\":{\"@type\":\"EntryPoint\",\"urlTemplate\":\"https:\/\/agenciainfra.com\/blog\/?s={search_term_string}\"},\"query-input\":{\"@type\":\"PropertyValueSpecification\",\"valueRequired\":true,\"valueName\":\"search_term_string\"}}],\"inLanguage\":\"pt-BR\"},{\"@type\":\"Organization\",\"@id\":\"https:\/\/agenciainfra.com\/blog\/#organization\",\"name\":\"Ag\u00eancia iNFRA\",\"url\":\"https:\/\/agenciainfra.com\/blog\/\",\"logo\":{\"@type\":\"ImageObject\",\"inLanguage\":\"pt-BR\",\"@id\":\"https:\/\/agenciainfra.com\/blog\/#\/schema\/logo\/image\/\",\"url\":\"https:\/\/agenciainfra.com\/blog\/wp-content\/uploads\/2023\/09\/iNFRA_5-e1761735885940.png\",\"contentUrl\":\"https:\/\/agenciainfra.com\/blog\/wp-content\/uploads\/2023\/09\/iNFRA_5-e1761735885940.png\",\"width\":1672,\"height\":454,\"caption\":\"Ag\u00eancia iNFRA\"},\"image\":{\"@id\":\"https:\/\/agenciainfra.com\/blog\/#\/schema\/logo\/image\/\"},\"sameAs\":[\"https:\/\/www.facebook.com\/ageninfra\",\"https:\/\/x.com\/agencia_infra\",\"https:\/\/www.linkedin.com\/company\/ag\u00eanciainfra\/\",\"https:\/\/www.instagram.com\/agenciainfra\/\"]},{\"@type\":\"Person\",\"@id\":\"https:\/\/agenciainfra.com\/blog\/#\/schema\/person\/34af08dff6adea4cb22b06612ba7acfa\",\"name\":\"Ag\u00eancia iNFRA\",\"image\":{\"@type\":\"ImageObject\",\"inLanguage\":\"pt-BR\",\"@id\":\"https:\/\/agenciainfra.com\/blog\/#\/schema\/person\/image\/\",\"url\":\"https:\/\/secure.gravatar.com\/avatar\/d189e01678f06d8eb84d4e01f08eb848b3fffe3f8443818d3c356c66892f5be8?s=96&d=mm&r=g\",\"contentUrl\":\"https:\/\/secure.gravatar.com\/avatar\/d189e01678f06d8eb84d4e01f08eb848b3fffe3f8443818d3c356c66892f5be8?s=96&d=mm&r=g\",\"caption\":\"Ag\u00eancia iNFRA\"},\"url\":\"https:\/\/agenciainfra.com\/blog\/author\/admin\/\"}]}<\/script>\n<!-- \/ Yoast SEO Premium plugin. -->","yoast_head_json":{"title":"Governo cogita reestruturar setor el\u00e9trico por medida provis\u00f3ria - Ag\u00eancia iNFRA","robots":{"index":"index","follow":"follow","max-snippet":"max-snippet:-1","max-image-preview":"max-image-preview:large","max-video-preview":"max-video-preview:-1"},"canonical":"https:\/\/agenciainfra.com\/blog\/governo-cogita-reestruturar-setor-eletrico-por-medida-provisoria\/","og_locale":"pt_BR","og_type":"article","og_title":"Governo cogita reestruturar setor el\u00e9trico por medida provis\u00f3ria","og_description":"Marisa Wanzeller e Leila Coimbra, da&nbsp;Ag\u00eancia iNFRA O ministro de Minas e Energia, Alexandre Silveira, disse nesta quarta-feira (10) que at\u00e9 o fim de agosto a pasta definir\u00e1 qual ferramenta ser\u00e1 utilizada para fazer a reestrutura\u00e7\u00e3o do\u00a0setor\u00a0el\u00e9trico, anunciada desde agosto do ano passado. Na percep\u00e7\u00e3o de Silveira, dada a urg\u00eancia do tema, pode ser necess\u00e1ria [&hellip;]","og_url":"https:\/\/agenciainfra.com\/blog\/governo-cogita-reestruturar-setor-eletrico-por-medida-provisoria\/","og_site_name":"Ag\u00eancia iNFRA","article_publisher":"https:\/\/www.facebook.com\/ageninfra","article_published_time":"2024-07-11T14:00:00+00:00","article_modified_time":"2026-03-13T12:38:39+00:00","og_image":[{"width":1202,"height":800,"url":"https:\/\/agenciainfra.com\/blog\/wp-content\/uploads\/2023\/12\/alexandre-silveira-foto-governo-federal.jpeg","type":"image\/jpeg"}],"author":"Ag\u00eancia iNFRA","twitter_card":"summary_large_image","twitter_creator":"@agencia_infra","twitter_site":"@agencia_infra","twitter_misc":{"Escrito por":"Ag\u00eancia iNFRA","Est. tempo de leitura":"3 minutos"},"schema":{"@context":"https:\/\/schema.org","@graph":[{"@type":"Article","@id":"https:\/\/agenciainfra.com\/blog\/governo-cogita-reestruturar-setor-eletrico-por-medida-provisoria\/#article","isPartOf":{"@id":"https:\/\/agenciainfra.com\/blog\/governo-cogita-reestruturar-setor-eletrico-por-medida-provisoria\/"},"author":{"name":"Ag\u00eancia iNFRA","@id":"https:\/\/agenciainfra.com\/blog\/#\/schema\/person\/34af08dff6adea4cb22b06612ba7acfa"},"headline":"Governo cogita reestruturar setor el\u00e9trico por medida provis\u00f3ria","datePublished":"2024-07-11T14:00:00+00:00","dateModified":"2026-03-13T12:38:39+00:00","mainEntityOfPage":{"@id":"https:\/\/agenciainfra.com\/blog\/governo-cogita-reestruturar-setor-eletrico-por-medida-provisoria\/"},"wordCount":554,"publisher":{"@id":"https:\/\/agenciainfra.com\/blog\/#organization"},"image":{"@id":"https:\/\/agenciainfra.com\/blog\/governo-cogita-reestruturar-setor-eletrico-por-medida-provisoria\/#primaryimage"},"thumbnailUrl":"https:\/\/agenciainfra.com\/blog\/wp-content\/uploads\/2023\/12\/alexandre-silveira-foto-governo-federal.jpeg","keywords":["agentes","Alexandre Silveira","C\u00e2mara de Comercializa\u00e7\u00e3o de Energia El\u00e9trica","ccee","CDE","Congresso Nacional","Conta de Desenvolvimento Energ\u00e9tico","Dilma Rousseff","distor\u00e7\u00f5es","Governo","governo federal","Leila Coimbra","lobbies","lobby","lobby de energia","Marisa Wanzeller","Medida Provis\u00f3ria","Minist\u00e9rio de Minas e Energia","MME","MP","MP 1.078\/2021","MP 144\/2003","PL 414\/2021","Reforma do setor","Reforma do Setor El\u00e9trico","Reforma por medida provis\u00f3ria","Reforma por MP","sustentabilidade","tarifas de energia","term\u00f4metro"],"articleSection":["Cabe\u00e7alho","Destaque lista","Destaque Menor","Geral","iNFRAEnergia"],"inLanguage":"pt-BR","copyrightYear":"2024","copyrightHolder":{"@id":"https:\/\/agenciainfra.com\/blog\/#organization"}},{"@type":"WebPage","@id":"https:\/\/agenciainfra.com\/blog\/governo-cogita-reestruturar-setor-eletrico-por-medida-provisoria\/","url":"https:\/\/agenciainfra.com\/blog\/governo-cogita-reestruturar-setor-eletrico-por-medida-provisoria\/","name":"Governo cogita reestruturar setor el\u00e9trico por medida provis\u00f3ria - Ag\u00eancia iNFRA","isPartOf":{"@id":"https:\/\/agenciainfra.com\/blog\/#website"},"primaryImageOfPage":{"@id":"https:\/\/agenciainfra.com\/blog\/governo-cogita-reestruturar-setor-eletrico-por-medida-provisoria\/#primaryimage"},"image":{"@id":"https:\/\/agenciainfra.com\/blog\/governo-cogita-reestruturar-setor-eletrico-por-medida-provisoria\/#primaryimage"},"thumbnailUrl":"https:\/\/agenciainfra.com\/blog\/wp-content\/uploads\/2023\/12\/alexandre-silveira-foto-governo-federal.jpeg","datePublished":"2024-07-11T14:00:00+00:00","dateModified":"2026-03-13T12:38:39+00:00","breadcrumb":{"@id":"https:\/\/agenciainfra.com\/blog\/governo-cogita-reestruturar-setor-eletrico-por-medida-provisoria\/#breadcrumb"},"inLanguage":"pt-BR","potentialAction":[{"@type":"ReadAction","target":["https:\/\/agenciainfra.com\/blog\/governo-cogita-reestruturar-setor-eletrico-por-medida-provisoria\/"]}]},{"@type":"ImageObject","inLanguage":"pt-BR","@id":"https:\/\/agenciainfra.com\/blog\/governo-cogita-reestruturar-setor-eletrico-por-medida-provisoria\/#primaryimage","url":"https:\/\/agenciainfra.com\/blog\/wp-content\/uploads\/2023\/12\/alexandre-silveira-foto-governo-federal.jpeg","contentUrl":"https:\/\/agenciainfra.com\/blog\/wp-content\/uploads\/2023\/12\/alexandre-silveira-foto-governo-federal.jpeg","width":1202,"height":800,"caption":"Foto: Governo Federal"},{"@type":"BreadcrumbList","@id":"https:\/\/agenciainfra.com\/blog\/governo-cogita-reestruturar-setor-eletrico-por-medida-provisoria\/#breadcrumb","itemListElement":[{"@type":"ListItem","position":1,"name":"In\u00edcio","item":"https:\/\/agenciainfra.com\/blog\/"},{"@type":"ListItem","position":2,"name":"Governo cogita reestruturar setor el\u00e9trico por medida provis\u00f3ria"}]},{"@type":"WebSite","@id":"https:\/\/agenciainfra.com\/blog\/#website","url":"https:\/\/agenciainfra.com\/blog\/","name":"Ag\u00eancia iNFRA","description":"Multiplataforma de informa\u00e7\u00e3o jornal\u00edstica refer\u00eancia na \u00e1rea de infraestrutura no Brasil!","publisher":{"@id":"https:\/\/agenciainfra.com\/blog\/#organization"},"potentialAction":[{"@type":"SearchAction","target":{"@type":"EntryPoint","urlTemplate":"https:\/\/agenciainfra.com\/blog\/?s={search_term_string}"},"query-input":{"@type":"PropertyValueSpecification","valueRequired":true,"valueName":"search_term_string"}}],"inLanguage":"pt-BR"},{"@type":"Organization","@id":"https:\/\/agenciainfra.com\/blog\/#organization","name":"Ag\u00eancia iNFRA","url":"https:\/\/agenciainfra.com\/blog\/","logo":{"@type":"ImageObject","inLanguage":"pt-BR","@id":"https:\/\/agenciainfra.com\/blog\/#\/schema\/logo\/image\/","url":"https:\/\/agenciainfra.com\/blog\/wp-content\/uploads\/2023\/09\/iNFRA_5-e1761735885940.png","contentUrl":"https:\/\/agenciainfra.com\/blog\/wp-content\/uploads\/2023\/09\/iNFRA_5-e1761735885940.png","width":1672,"height":454,"caption":"Ag\u00eancia iNFRA"},"image":{"@id":"https:\/\/agenciainfra.com\/blog\/#\/schema\/logo\/image\/"},"sameAs":["https:\/\/www.facebook.com\/ageninfra","https:\/\/x.com\/agencia_infra","https:\/\/www.linkedin.com\/company\/ag\u00eanciainfra\/","https:\/\/www.instagram.com\/agenciainfra\/"]},{"@type":"Person","@id":"https:\/\/agenciainfra.com\/blog\/#\/schema\/person\/34af08dff6adea4cb22b06612ba7acfa","name":"Ag\u00eancia iNFRA","image":{"@type":"ImageObject","inLanguage":"pt-BR","@id":"https:\/\/agenciainfra.com\/blog\/#\/schema\/person\/image\/","url":"https:\/\/secure.gravatar.com\/avatar\/d189e01678f06d8eb84d4e01f08eb848b3fffe3f8443818d3c356c66892f5be8?s=96&d=mm&r=g","contentUrl":"https:\/\/secure.gravatar.com\/avatar\/d189e01678f06d8eb84d4e01f08eb848b3fffe3f8443818d3c356c66892f5be8?s=96&d=mm&r=g","caption":"Ag\u00eancia iNFRA"},"url":"https:\/\/agenciainfra.com\/blog\/author\/admin\/"}]}},"_links":{"self":[{"href":"https:\/\/agenciainfra.com\/blog\/wp-json\/wp\/v2\/posts\/17669","targetHints":{"allow":["GET"]}}],"collection":[{"href":"https:\/\/agenciainfra.com\/blog\/wp-json\/wp\/v2\/posts"}],"about":[{"href":"https:\/\/agenciainfra.com\/blog\/wp-json\/wp\/v2\/types\/post"}],"author":[{"embeddable":true,"href":"https:\/\/agenciainfra.com\/blog\/wp-json\/wp\/v2\/users\/1"}],"replies":[{"embeddable":true,"href":"https:\/\/agenciainfra.com\/blog\/wp-json\/wp\/v2\/comments?post=17669"}],"version-history":[{"count":1,"href":"https:\/\/agenciainfra.com\/blog\/wp-json\/wp\/v2\/posts\/17669\/revisions"}],"predecessor-version":[{"id":17670,"href":"https:\/\/agenciainfra.com\/blog\/wp-json\/wp\/v2\/posts\/17669\/revisions\/17670"}],"wp:featuredmedia":[{"embeddable":true,"href":"https:\/\/agenciainfra.com\/blog\/wp-json\/wp\/v2\/media\/15071"}],"wp:attachment":[{"href":"https:\/\/agenciainfra.com\/blog\/wp-json\/wp\/v2\/media?parent=17669"}],"wp:term":[{"taxonomy":"category","embeddable":true,"href":"https:\/\/agenciainfra.com\/blog\/wp-json\/wp\/v2\/categories?post=17669"},{"taxonomy":"post_tag","embeddable":true,"href":"https:\/\/agenciainfra.com\/blog\/wp-json\/wp\/v2\/tags?post=17669"}],"curies":[{"name":"wp","href":"https:\/\/api.w.org\/{rel}","templated":true}]}}