{"id":17694,"date":"2024-07-13T09:00:00","date_gmt":"2024-07-13T12:00:00","guid":{"rendered":"https:\/\/agenciainfra.com\/blog\/?p=17694"},"modified":"2026-03-13T09:38:38","modified_gmt":"2026-03-13T12:38:38","slug":"ons-pede-que-termicas-fiquem-de-prontidao-para-garantir-o-abastecimento-de-energia-eletrica","status":"publish","type":"post","link":"https:\/\/agenciainfra.com\/blog\/ons-pede-que-termicas-fiquem-de-prontidao-para-garantir-o-abastecimento-de-energia-eletrica\/","title":{"rendered":"ONS pede que t\u00e9rmicas fiquem &#8216;de prontid\u00e3o&#8217; para garantir o abastecimento de energia el\u00e9trica"},"content":{"rendered":"\n<p class=\"has-text-align-right\"><strong>Marisa Wanzeller e Leila Coimbra, da&nbsp;Ag\u00eancia iNFRA<\/strong><\/p>\n\n\n\n<p>O&nbsp;ONS&nbsp;(Operador Nacional do Sistema El\u00e9trico) enviou carta aos agentes t\u00e9rmicos nesta quarta-feira (10) solicitando \u201cmaximiza\u00e7\u00e3o&nbsp;da disponibilidade de gera\u00e7\u00e3o&nbsp;t\u00e9rmica e a&nbsp;prontid\u00e3o&nbsp;das usinas\u201d.<br><br>O&nbsp;pedido visa&nbsp;garantir&nbsp;o&nbsp;atendimento em caso de necessidade de despacho ao longo do per\u00edodo seco e da transi\u00e7\u00e3o&nbsp;para&nbsp;o&nbsp;per\u00edodo \u00famido 2024\/2025, conforme&nbsp;<a href=\"https:\/\/agenciainfra.us14.list-manage.com\/track\/click?u=d460dd1bcf9ba0ae040e1fc0f&amp;id=3fa74b7e2e&amp;e=f0fa444791\" target=\"_blank\" rel=\"noreferrer noopener\">documento<\/a>&nbsp;ao qual a&nbsp;<strong>Ag\u00eancia iNFRA<\/strong>&nbsp;teve acesso.<br><br>Segundo&nbsp;o&nbsp;operador, no decorrer dos \u00faltimos meses, a precipita\u00e7\u00e3o&nbsp;nas principais bacias hidrogr\u00e1ficas com usinas hidroel\u00e9tricas integrantes do SIN (Sistema Interligado Nacional) tem sido &#8220;significativamente abaixo da m\u00e9dia hist\u00f3rica\u201d.<br><br><strong>Manuten\u00e7\u00f5es<\/strong><br>O&nbsp;documento ainda&nbsp;pede&nbsp;que&nbsp;o&nbsp;cronograma de manuten\u00e7\u00f5es das usinas seja atualizado e&nbsp;que&nbsp;qualquer manuten\u00e7\u00e3o&nbsp;ou posterga\u00e7\u00e3o&nbsp;seja sinalizada com anteced\u00eancia.<br><br>\u201cAl\u00e9m disso, quest\u00f5es de hiberna\u00e7\u00e3o&nbsp;ou falta de combust\u00edvel dever\u00e3o&nbsp;ser previamente informadas conforme estabelecido nos Procedimentos de Rede, de forma a n\u00e3o&nbsp;frustrar&nbsp;o&nbsp;despacho em etapa de programa\u00e7\u00e3o&nbsp;di\u00e1ria ou tempo real\u201d, diz&nbsp;o&nbsp;of\u00edcio.<br><br><strong>Seca hist\u00f3rica<\/strong><br>No \u00faltimo dia 3,&nbsp;o&nbsp;CMSE (Comit\u00ea de Monitoramento do Setor El\u00e9trico) apresentou previs\u00f5es pessimistas. Esse deve ser&nbsp;o&nbsp;m\u00eas de julho&nbsp;mais seco no SIN em 94 anos, no pior dos cen\u00e1rios elaborados (54% das chuvas da m\u00e9dia hist\u00f3rica).<br><br>No cen\u00e1rio mais otimista, os resultados dos estudos de vaz\u00e3o&nbsp;indicam aflu\u00eancia prevista de 64% da MLT (M\u00e9dia de Longo Termo), sendo&nbsp;o&nbsp;3\u00ba menor valor&nbsp;para&nbsp;um hist\u00f3rico de 94 anos. Leia a&nbsp;<a href=\"https:\/\/agenciainfra.us14.list-manage.com\/track\/click?u=d460dd1bcf9ba0ae040e1fc0f&amp;id=8b1d869d3b&amp;e=f0fa444791\" target=\"_blank\" rel=\"noreferrer noopener\">nota publicada pelo governo<\/a>.<br><br><strong>PLD<\/strong><br>As chuvas abaixo da m\u00e9dia j\u00e1 elevaram a previs\u00e3o&nbsp;do PLD (Pre\u00e7o&nbsp;de Liquida\u00e7\u00e3o&nbsp;das Diferen\u00e7as)&nbsp;para&nbsp;setembro deste ano, devido \u00e0 necessidade de maior despacho de termel\u00e9tricas. Simula\u00e7\u00f5es feitas pela CCEE (C\u00e2mara de Comercializa\u00e7\u00e3o&nbsp;de&nbsp;Energia&nbsp;El\u00e9trica) mostram&nbsp;que&nbsp;o&nbsp;PLD pode atingir uma m\u00e9dia acima de R$ 300\/MWh em setembro, em tr\u00eas dos quatro cen\u00e1rios estudados.<br><br>J\u00e1 no final de junho,&nbsp;o&nbsp;pre\u00e7o&nbsp;refer\u00eancia&nbsp;para&nbsp;as negocia\u00e7\u00f5es de curto prazo no mercado livre de&nbsp;energia&nbsp;chegou a atingir&nbsp;o&nbsp;teto de R$ 1.470,57 por MWh (megawatt-hora).<\/p>\n","protected":false},"excerpt":{"rendered":"<p>Marisa Wanzeller e Leila Coimbra, da&nbsp;Ag\u00eancia iNFRA O&nbsp;ONS&nbsp;(Operador Nacional do Sistema El\u00e9trico) enviou carta aos agentes t\u00e9rmicos nesta quarta-feira (10) solicitando \u201cmaximiza\u00e7\u00e3o&nbsp;da disponibilidade de gera\u00e7\u00e3o&nbsp;t\u00e9rmica e a&nbsp;prontid\u00e3o&nbsp;das usinas\u201d. O&nbsp;pedido visa&nbsp;garantir&nbsp;o&nbsp;atendimento em caso de necessidade de despacho ao longo do per\u00edodo seco e da transi\u00e7\u00e3o&nbsp;para&nbsp;o&nbsp;per\u00edodo \u00famido 2024\/2025, conforme&nbsp;documento&nbsp;ao qual a&nbsp;Ag\u00eancia iNFRA&nbsp;teve acesso. Segundo&nbsp;o&nbsp;operador, no decorrer dos [&hellip;]<\/p>\n","protected":false},"author":1,"featured_media":14707,"comment_status":"closed","ping_status":"closed","sticky":false,"template":"","format":"standard","meta":{"_monsterinsights_skip_tracking":false,"_monsterinsights_sitenote_active":false,"_monsterinsights_sitenote_note":"","_monsterinsights_sitenote_category":0,"footnotes":""},"categories":[7250,1,10],"tags":[866,14,792,795,10748,829,1984,10749,7366,10540,10538,216,827,10751,1169,10750,10406,10542,4010,10753,10752,3360,747,10754],"class_list":["post-17694","post","type-post","status-publish","format-standard","has-post-thumbnail","hentry","category-destaque-lista","category-geral","category-infraenergia","tag-camara-de-comercializacao-de-energia-eletrica","tag-ccee","tag-cmse","tag-comite-de-monitoramento-do-setor-eletrico","tag-disponibilidade","tag-geracao-termica","tag-leila-coimbra","tag-manutencoes-de-usinas","tag-marisa-wanzeller","tag-media-de-longo-termo","tag-mlt","tag-ons","tag-operador-nacional-do-sistema-eletrico","tag-periodo-seco","tag-pld","tag-precipitacao","tag-preco-de-liquidacao-das-diferencas","tag-previsao-do-tempo","tag-seca","tag-seca-historica","tag-sem-chuvas","tag-sin","tag-sistema-interligado-nacional","tag-tempo-seco"],"yoast_head":"<!-- This site is optimized with the Yoast SEO Premium plugin v25.4 (Yoast SEO v26.0) - https:\/\/yoast.com\/wordpress\/plugins\/seo\/ -->\n<title>ONS pede que t\u00e9rmicas fiquem &#039;de prontid\u00e3o&#039; para garantir o abastecimento de energia el\u00e9trica - Ag\u00eancia iNFRA<\/title>\n<meta name=\"robots\" content=\"index, follow, max-snippet:-1, max-image-preview:large, max-video-preview:-1\" \/>\n<link rel=\"canonical\" href=\"https:\/\/agenciainfra.com\/blog\/ons-pede-que-termicas-fiquem-de-prontidao-para-garantir-o-abastecimento-de-energia-eletrica\/\" \/>\n<meta property=\"og:locale\" content=\"pt_BR\" \/>\n<meta property=\"og:type\" content=\"article\" \/>\n<meta property=\"og:title\" content=\"ONS pede que t\u00e9rmicas fiquem &#039;de prontid\u00e3o&#039; para garantir o abastecimento de energia el\u00e9trica\" \/>\n<meta property=\"og:description\" content=\"Marisa Wanzeller e Leila Coimbra, da&nbsp;Ag\u00eancia iNFRA O&nbsp;ONS&nbsp;(Operador Nacional do Sistema El\u00e9trico) enviou carta aos agentes t\u00e9rmicos nesta quarta-feira (10) solicitando \u201cmaximiza\u00e7\u00e3o&nbsp;da disponibilidade de gera\u00e7\u00e3o&nbsp;t\u00e9rmica e a&nbsp;prontid\u00e3o&nbsp;das usinas\u201d. O&nbsp;pedido visa&nbsp;garantir&nbsp;o&nbsp;atendimento em caso de necessidade de despacho ao longo do per\u00edodo seco e da transi\u00e7\u00e3o&nbsp;para&nbsp;o&nbsp;per\u00edodo \u00famido 2024\/2025, conforme&nbsp;documento&nbsp;ao qual a&nbsp;Ag\u00eancia iNFRA&nbsp;teve acesso. Segundo&nbsp;o&nbsp;operador, no decorrer dos [&hellip;]\" \/>\n<meta property=\"og:url\" content=\"https:\/\/agenciainfra.com\/blog\/ons-pede-que-termicas-fiquem-de-prontidao-para-garantir-o-abastecimento-de-energia-eletrica\/\" \/>\n<meta property=\"og:site_name\" content=\"Ag\u00eancia iNFRA\" \/>\n<meta property=\"article:publisher\" content=\"https:\/\/www.facebook.com\/ageninfra\" \/>\n<meta property=\"article:published_time\" content=\"2024-07-13T12:00:00+00:00\" \/>\n<meta property=\"article:modified_time\" content=\"2026-03-13T12:38:38+00:00\" \/>\n<meta property=\"og:image\" content=\"https:\/\/agenciainfra.com\/blog\/wp-content\/uploads\/2023\/11\/ons-foto-governo-federal.png\" \/>\n\t<meta property=\"og:image:width\" content=\"1202\" \/>\n\t<meta property=\"og:image:height\" content=\"837\" \/>\n\t<meta property=\"og:image:type\" content=\"image\/png\" \/>\n<meta name=\"author\" content=\"Ag\u00eancia iNFRA\" \/>\n<meta name=\"twitter:card\" content=\"summary_large_image\" \/>\n<meta name=\"twitter:creator\" content=\"@agencia_infra\" \/>\n<meta name=\"twitter:site\" content=\"@agencia_infra\" \/>\n<meta name=\"twitter:label1\" content=\"Escrito por\" \/>\n\t<meta name=\"twitter:data1\" content=\"Ag\u00eancia iNFRA\" \/>\n\t<meta name=\"twitter:label2\" content=\"Est. tempo de leitura\" \/>\n\t<meta name=\"twitter:data2\" content=\"2 minutos\" \/>\n<script type=\"application\/ld+json\" class=\"yoast-schema-graph\">{\"@context\":\"https:\/\/schema.org\",\"@graph\":[{\"@type\":\"Article\",\"@id\":\"https:\/\/agenciainfra.com\/blog\/ons-pede-que-termicas-fiquem-de-prontidao-para-garantir-o-abastecimento-de-energia-eletrica\/#article\",\"isPartOf\":{\"@id\":\"https:\/\/agenciainfra.com\/blog\/ons-pede-que-termicas-fiquem-de-prontidao-para-garantir-o-abastecimento-de-energia-eletrica\/\"},\"author\":{\"name\":\"Ag\u00eancia iNFRA\",\"@id\":\"https:\/\/agenciainfra.com\/blog\/#\/schema\/person\/34af08dff6adea4cb22b06612ba7acfa\"},\"headline\":\"ONS pede que t\u00e9rmicas fiquem &#8216;de prontid\u00e3o&#8217; para garantir o abastecimento de energia el\u00e9trica\",\"datePublished\":\"2024-07-13T12:00:00+00:00\",\"dateModified\":\"2026-03-13T12:38:38+00:00\",\"mainEntityOfPage\":{\"@id\":\"https:\/\/agenciainfra.com\/blog\/ons-pede-que-termicas-fiquem-de-prontidao-para-garantir-o-abastecimento-de-energia-eletrica\/\"},\"wordCount\":463,\"publisher\":{\"@id\":\"https:\/\/agenciainfra.com\/blog\/#organization\"},\"image\":{\"@id\":\"https:\/\/agenciainfra.com\/blog\/ons-pede-que-termicas-fiquem-de-prontidao-para-garantir-o-abastecimento-de-energia-eletrica\/#primaryimage\"},\"thumbnailUrl\":\"https:\/\/agenciainfra.com\/blog\/wp-content\/uploads\/2023\/11\/ons-foto-governo-federal.png\",\"keywords\":[\"C\u00e2mara de Comercializa\u00e7\u00e3o de Energia El\u00e9trica\",\"ccee\",\"CMSE\",\"Comit\u00ea de Monitoramento do Setor El\u00e9trico\",\"Disponibilidade\",\"gera\u00e7\u00e3o t\u00e9rmica\",\"Leila Coimbra\",\"Manuten\u00e7\u00f5es de Usinas\",\"Marisa Wanzeller\",\"M\u00e9dia de Longo Termo\",\"MLT\",\"ONS\",\"Operador Nacional do Sistema El\u00e9trico\",\"Per\u00edodo Seco\",\"PLD\",\"Precipita\u00e7\u00e3o\",\"Pre\u00e7o de Liquida\u00e7\u00e3o das Diferen\u00e7as\",\"previs\u00e3o do tempo\",\"seca\",\"Seca Hist\u00f3rica\",\"Sem chuvas\",\"SIN\",\"Sistema Interligado Nacional\",\"Tempo seco\"],\"articleSection\":[\"Destaque lista\",\"Geral\",\"iNFRAEnergia\"],\"inLanguage\":\"pt-BR\",\"copyrightYear\":\"2024\",\"copyrightHolder\":{\"@id\":\"https:\/\/agenciainfra.com\/blog\/#organization\"}},{\"@type\":\"WebPage\",\"@id\":\"https:\/\/agenciainfra.com\/blog\/ons-pede-que-termicas-fiquem-de-prontidao-para-garantir-o-abastecimento-de-energia-eletrica\/\",\"url\":\"https:\/\/agenciainfra.com\/blog\/ons-pede-que-termicas-fiquem-de-prontidao-para-garantir-o-abastecimento-de-energia-eletrica\/\",\"name\":\"ONS pede que t\u00e9rmicas fiquem 'de prontid\u00e3o' para garantir o abastecimento de energia el\u00e9trica - Ag\u00eancia iNFRA\",\"isPartOf\":{\"@id\":\"https:\/\/agenciainfra.com\/blog\/#website\"},\"primaryImageOfPage\":{\"@id\":\"https:\/\/agenciainfra.com\/blog\/ons-pede-que-termicas-fiquem-de-prontidao-para-garantir-o-abastecimento-de-energia-eletrica\/#primaryimage\"},\"image\":{\"@id\":\"https:\/\/agenciainfra.com\/blog\/ons-pede-que-termicas-fiquem-de-prontidao-para-garantir-o-abastecimento-de-energia-eletrica\/#primaryimage\"},\"thumbnailUrl\":\"https:\/\/agenciainfra.com\/blog\/wp-content\/uploads\/2023\/11\/ons-foto-governo-federal.png\",\"datePublished\":\"2024-07-13T12:00:00+00:00\",\"dateModified\":\"2026-03-13T12:38:38+00:00\",\"breadcrumb\":{\"@id\":\"https:\/\/agenciainfra.com\/blog\/ons-pede-que-termicas-fiquem-de-prontidao-para-garantir-o-abastecimento-de-energia-eletrica\/#breadcrumb\"},\"inLanguage\":\"pt-BR\",\"potentialAction\":[{\"@type\":\"ReadAction\",\"target\":[\"https:\/\/agenciainfra.com\/blog\/ons-pede-que-termicas-fiquem-de-prontidao-para-garantir-o-abastecimento-de-energia-eletrica\/\"]}]},{\"@type\":\"ImageObject\",\"inLanguage\":\"pt-BR\",\"@id\":\"https:\/\/agenciainfra.com\/blog\/ons-pede-que-termicas-fiquem-de-prontidao-para-garantir-o-abastecimento-de-energia-eletrica\/#primaryimage\",\"url\":\"https:\/\/agenciainfra.com\/blog\/wp-content\/uploads\/2023\/11\/ons-foto-governo-federal.png\",\"contentUrl\":\"https:\/\/agenciainfra.com\/blog\/wp-content\/uploads\/2023\/11\/ons-foto-governo-federal.png\",\"width\":1202,\"height\":837,\"caption\":\"Foto: ONS\/Divulga\u00e7\u00e3o\"},{\"@type\":\"BreadcrumbList\",\"@id\":\"https:\/\/agenciainfra.com\/blog\/ons-pede-que-termicas-fiquem-de-prontidao-para-garantir-o-abastecimento-de-energia-eletrica\/#breadcrumb\",\"itemListElement\":[{\"@type\":\"ListItem\",\"position\":1,\"name\":\"In\u00edcio\",\"item\":\"https:\/\/agenciainfra.com\/blog\/\"},{\"@type\":\"ListItem\",\"position\":2,\"name\":\"ONS pede que t\u00e9rmicas fiquem &#8216;de prontid\u00e3o&#8217; para garantir o abastecimento de energia el\u00e9trica\"}]},{\"@type\":\"WebSite\",\"@id\":\"https:\/\/agenciainfra.com\/blog\/#website\",\"url\":\"https:\/\/agenciainfra.com\/blog\/\",\"name\":\"Ag\u00eancia iNFRA\",\"description\":\"Multiplataforma de informa\u00e7\u00e3o jornal\u00edstica refer\u00eancia na \u00e1rea de infraestrutura no Brasil!\",\"publisher\":{\"@id\":\"https:\/\/agenciainfra.com\/blog\/#organization\"},\"potentialAction\":[{\"@type\":\"SearchAction\",\"target\":{\"@type\":\"EntryPoint\",\"urlTemplate\":\"https:\/\/agenciainfra.com\/blog\/?s={search_term_string}\"},\"query-input\":{\"@type\":\"PropertyValueSpecification\",\"valueRequired\":true,\"valueName\":\"search_term_string\"}}],\"inLanguage\":\"pt-BR\"},{\"@type\":\"Organization\",\"@id\":\"https:\/\/agenciainfra.com\/blog\/#organization\",\"name\":\"Ag\u00eancia iNFRA\",\"url\":\"https:\/\/agenciainfra.com\/blog\/\",\"logo\":{\"@type\":\"ImageObject\",\"inLanguage\":\"pt-BR\",\"@id\":\"https:\/\/agenciainfra.com\/blog\/#\/schema\/logo\/image\/\",\"url\":\"https:\/\/agenciainfra.com\/blog\/wp-content\/uploads\/2023\/09\/iNFRA_5-e1761735885940.png\",\"contentUrl\":\"https:\/\/agenciainfra.com\/blog\/wp-content\/uploads\/2023\/09\/iNFRA_5-e1761735885940.png\",\"width\":1672,\"height\":454,\"caption\":\"Ag\u00eancia iNFRA\"},\"image\":{\"@id\":\"https:\/\/agenciainfra.com\/blog\/#\/schema\/logo\/image\/\"},\"sameAs\":[\"https:\/\/www.facebook.com\/ageninfra\",\"https:\/\/x.com\/agencia_infra\",\"https:\/\/www.linkedin.com\/company\/ag\u00eanciainfra\/\",\"https:\/\/www.instagram.com\/agenciainfra\/\"]},{\"@type\":\"Person\",\"@id\":\"https:\/\/agenciainfra.com\/blog\/#\/schema\/person\/34af08dff6adea4cb22b06612ba7acfa\",\"name\":\"Ag\u00eancia iNFRA\",\"image\":{\"@type\":\"ImageObject\",\"inLanguage\":\"pt-BR\",\"@id\":\"https:\/\/agenciainfra.com\/blog\/#\/schema\/person\/image\/\",\"url\":\"https:\/\/secure.gravatar.com\/avatar\/d189e01678f06d8eb84d4e01f08eb848b3fffe3f8443818d3c356c66892f5be8?s=96&d=mm&r=g\",\"contentUrl\":\"https:\/\/secure.gravatar.com\/avatar\/d189e01678f06d8eb84d4e01f08eb848b3fffe3f8443818d3c356c66892f5be8?s=96&d=mm&r=g\",\"caption\":\"Ag\u00eancia iNFRA\"},\"url\":\"https:\/\/agenciainfra.com\/blog\/author\/admin\/\"}]}<\/script>\n<!-- \/ Yoast SEO Premium plugin. -->","yoast_head_json":{"title":"ONS pede que t\u00e9rmicas fiquem 'de prontid\u00e3o' para garantir o abastecimento de energia el\u00e9trica - Ag\u00eancia iNFRA","robots":{"index":"index","follow":"follow","max-snippet":"max-snippet:-1","max-image-preview":"max-image-preview:large","max-video-preview":"max-video-preview:-1"},"canonical":"https:\/\/agenciainfra.com\/blog\/ons-pede-que-termicas-fiquem-de-prontidao-para-garantir-o-abastecimento-de-energia-eletrica\/","og_locale":"pt_BR","og_type":"article","og_title":"ONS pede que t\u00e9rmicas fiquem 'de prontid\u00e3o' para garantir o abastecimento de energia el\u00e9trica","og_description":"Marisa Wanzeller e Leila Coimbra, da&nbsp;Ag\u00eancia iNFRA O&nbsp;ONS&nbsp;(Operador Nacional do Sistema El\u00e9trico) enviou carta aos agentes t\u00e9rmicos nesta quarta-feira (10) solicitando \u201cmaximiza\u00e7\u00e3o&nbsp;da disponibilidade de gera\u00e7\u00e3o&nbsp;t\u00e9rmica e a&nbsp;prontid\u00e3o&nbsp;das usinas\u201d. O&nbsp;pedido visa&nbsp;garantir&nbsp;o&nbsp;atendimento em caso de necessidade de despacho ao longo do per\u00edodo seco e da transi\u00e7\u00e3o&nbsp;para&nbsp;o&nbsp;per\u00edodo \u00famido 2024\/2025, conforme&nbsp;documento&nbsp;ao qual a&nbsp;Ag\u00eancia iNFRA&nbsp;teve acesso. Segundo&nbsp;o&nbsp;operador, no decorrer dos [&hellip;]","og_url":"https:\/\/agenciainfra.com\/blog\/ons-pede-que-termicas-fiquem-de-prontidao-para-garantir-o-abastecimento-de-energia-eletrica\/","og_site_name":"Ag\u00eancia iNFRA","article_publisher":"https:\/\/www.facebook.com\/ageninfra","article_published_time":"2024-07-13T12:00:00+00:00","article_modified_time":"2026-03-13T12:38:38+00:00","og_image":[{"width":1202,"height":837,"url":"https:\/\/agenciainfra.com\/blog\/wp-content\/uploads\/2023\/11\/ons-foto-governo-federal.png","type":"image\/png"}],"author":"Ag\u00eancia iNFRA","twitter_card":"summary_large_image","twitter_creator":"@agencia_infra","twitter_site":"@agencia_infra","twitter_misc":{"Escrito por":"Ag\u00eancia iNFRA","Est. tempo de leitura":"2 minutos"},"schema":{"@context":"https:\/\/schema.org","@graph":[{"@type":"Article","@id":"https:\/\/agenciainfra.com\/blog\/ons-pede-que-termicas-fiquem-de-prontidao-para-garantir-o-abastecimento-de-energia-eletrica\/#article","isPartOf":{"@id":"https:\/\/agenciainfra.com\/blog\/ons-pede-que-termicas-fiquem-de-prontidao-para-garantir-o-abastecimento-de-energia-eletrica\/"},"author":{"name":"Ag\u00eancia iNFRA","@id":"https:\/\/agenciainfra.com\/blog\/#\/schema\/person\/34af08dff6adea4cb22b06612ba7acfa"},"headline":"ONS pede que t\u00e9rmicas fiquem &#8216;de prontid\u00e3o&#8217; para garantir o abastecimento de energia el\u00e9trica","datePublished":"2024-07-13T12:00:00+00:00","dateModified":"2026-03-13T12:38:38+00:00","mainEntityOfPage":{"@id":"https:\/\/agenciainfra.com\/blog\/ons-pede-que-termicas-fiquem-de-prontidao-para-garantir-o-abastecimento-de-energia-eletrica\/"},"wordCount":463,"publisher":{"@id":"https:\/\/agenciainfra.com\/blog\/#organization"},"image":{"@id":"https:\/\/agenciainfra.com\/blog\/ons-pede-que-termicas-fiquem-de-prontidao-para-garantir-o-abastecimento-de-energia-eletrica\/#primaryimage"},"thumbnailUrl":"https:\/\/agenciainfra.com\/blog\/wp-content\/uploads\/2023\/11\/ons-foto-governo-federal.png","keywords":["C\u00e2mara de Comercializa\u00e7\u00e3o de Energia El\u00e9trica","ccee","CMSE","Comit\u00ea de Monitoramento do Setor El\u00e9trico","Disponibilidade","gera\u00e7\u00e3o t\u00e9rmica","Leila Coimbra","Manuten\u00e7\u00f5es de Usinas","Marisa Wanzeller","M\u00e9dia de Longo Termo","MLT","ONS","Operador Nacional do Sistema El\u00e9trico","Per\u00edodo Seco","PLD","Precipita\u00e7\u00e3o","Pre\u00e7o de Liquida\u00e7\u00e3o das Diferen\u00e7as","previs\u00e3o do tempo","seca","Seca Hist\u00f3rica","Sem chuvas","SIN","Sistema Interligado Nacional","Tempo seco"],"articleSection":["Destaque lista","Geral","iNFRAEnergia"],"inLanguage":"pt-BR","copyrightYear":"2024","copyrightHolder":{"@id":"https:\/\/agenciainfra.com\/blog\/#organization"}},{"@type":"WebPage","@id":"https:\/\/agenciainfra.com\/blog\/ons-pede-que-termicas-fiquem-de-prontidao-para-garantir-o-abastecimento-de-energia-eletrica\/","url":"https:\/\/agenciainfra.com\/blog\/ons-pede-que-termicas-fiquem-de-prontidao-para-garantir-o-abastecimento-de-energia-eletrica\/","name":"ONS pede que t\u00e9rmicas fiquem 'de prontid\u00e3o' para garantir o abastecimento de energia el\u00e9trica - Ag\u00eancia iNFRA","isPartOf":{"@id":"https:\/\/agenciainfra.com\/blog\/#website"},"primaryImageOfPage":{"@id":"https:\/\/agenciainfra.com\/blog\/ons-pede-que-termicas-fiquem-de-prontidao-para-garantir-o-abastecimento-de-energia-eletrica\/#primaryimage"},"image":{"@id":"https:\/\/agenciainfra.com\/blog\/ons-pede-que-termicas-fiquem-de-prontidao-para-garantir-o-abastecimento-de-energia-eletrica\/#primaryimage"},"thumbnailUrl":"https:\/\/agenciainfra.com\/blog\/wp-content\/uploads\/2023\/11\/ons-foto-governo-federal.png","datePublished":"2024-07-13T12:00:00+00:00","dateModified":"2026-03-13T12:38:38+00:00","breadcrumb":{"@id":"https:\/\/agenciainfra.com\/blog\/ons-pede-que-termicas-fiquem-de-prontidao-para-garantir-o-abastecimento-de-energia-eletrica\/#breadcrumb"},"inLanguage":"pt-BR","potentialAction":[{"@type":"ReadAction","target":["https:\/\/agenciainfra.com\/blog\/ons-pede-que-termicas-fiquem-de-prontidao-para-garantir-o-abastecimento-de-energia-eletrica\/"]}]},{"@type":"ImageObject","inLanguage":"pt-BR","@id":"https:\/\/agenciainfra.com\/blog\/ons-pede-que-termicas-fiquem-de-prontidao-para-garantir-o-abastecimento-de-energia-eletrica\/#primaryimage","url":"https:\/\/agenciainfra.com\/blog\/wp-content\/uploads\/2023\/11\/ons-foto-governo-federal.png","contentUrl":"https:\/\/agenciainfra.com\/blog\/wp-content\/uploads\/2023\/11\/ons-foto-governo-federal.png","width":1202,"height":837,"caption":"Foto: ONS\/Divulga\u00e7\u00e3o"},{"@type":"BreadcrumbList","@id":"https:\/\/agenciainfra.com\/blog\/ons-pede-que-termicas-fiquem-de-prontidao-para-garantir-o-abastecimento-de-energia-eletrica\/#breadcrumb","itemListElement":[{"@type":"ListItem","position":1,"name":"In\u00edcio","item":"https:\/\/agenciainfra.com\/blog\/"},{"@type":"ListItem","position":2,"name":"ONS pede que t\u00e9rmicas fiquem &#8216;de prontid\u00e3o&#8217; para garantir o abastecimento de energia el\u00e9trica"}]},{"@type":"WebSite","@id":"https:\/\/agenciainfra.com\/blog\/#website","url":"https:\/\/agenciainfra.com\/blog\/","name":"Ag\u00eancia iNFRA","description":"Multiplataforma de informa\u00e7\u00e3o jornal\u00edstica refer\u00eancia na \u00e1rea de infraestrutura no Brasil!","publisher":{"@id":"https:\/\/agenciainfra.com\/blog\/#organization"},"potentialAction":[{"@type":"SearchAction","target":{"@type":"EntryPoint","urlTemplate":"https:\/\/agenciainfra.com\/blog\/?s={search_term_string}"},"query-input":{"@type":"PropertyValueSpecification","valueRequired":true,"valueName":"search_term_string"}}],"inLanguage":"pt-BR"},{"@type":"Organization","@id":"https:\/\/agenciainfra.com\/blog\/#organization","name":"Ag\u00eancia iNFRA","url":"https:\/\/agenciainfra.com\/blog\/","logo":{"@type":"ImageObject","inLanguage":"pt-BR","@id":"https:\/\/agenciainfra.com\/blog\/#\/schema\/logo\/image\/","url":"https:\/\/agenciainfra.com\/blog\/wp-content\/uploads\/2023\/09\/iNFRA_5-e1761735885940.png","contentUrl":"https:\/\/agenciainfra.com\/blog\/wp-content\/uploads\/2023\/09\/iNFRA_5-e1761735885940.png","width":1672,"height":454,"caption":"Ag\u00eancia iNFRA"},"image":{"@id":"https:\/\/agenciainfra.com\/blog\/#\/schema\/logo\/image\/"},"sameAs":["https:\/\/www.facebook.com\/ageninfra","https:\/\/x.com\/agencia_infra","https:\/\/www.linkedin.com\/company\/ag\u00eanciainfra\/","https:\/\/www.instagram.com\/agenciainfra\/"]},{"@type":"Person","@id":"https:\/\/agenciainfra.com\/blog\/#\/schema\/person\/34af08dff6adea4cb22b06612ba7acfa","name":"Ag\u00eancia iNFRA","image":{"@type":"ImageObject","inLanguage":"pt-BR","@id":"https:\/\/agenciainfra.com\/blog\/#\/schema\/person\/image\/","url":"https:\/\/secure.gravatar.com\/avatar\/d189e01678f06d8eb84d4e01f08eb848b3fffe3f8443818d3c356c66892f5be8?s=96&d=mm&r=g","contentUrl":"https:\/\/secure.gravatar.com\/avatar\/d189e01678f06d8eb84d4e01f08eb848b3fffe3f8443818d3c356c66892f5be8?s=96&d=mm&r=g","caption":"Ag\u00eancia iNFRA"},"url":"https:\/\/agenciainfra.com\/blog\/author\/admin\/"}]}},"_links":{"self":[{"href":"https:\/\/agenciainfra.com\/blog\/wp-json\/wp\/v2\/posts\/17694","targetHints":{"allow":["GET"]}}],"collection":[{"href":"https:\/\/agenciainfra.com\/blog\/wp-json\/wp\/v2\/posts"}],"about":[{"href":"https:\/\/agenciainfra.com\/blog\/wp-json\/wp\/v2\/types\/post"}],"author":[{"embeddable":true,"href":"https:\/\/agenciainfra.com\/blog\/wp-json\/wp\/v2\/users\/1"}],"replies":[{"embeddable":true,"href":"https:\/\/agenciainfra.com\/blog\/wp-json\/wp\/v2\/comments?post=17694"}],"version-history":[{"count":2,"href":"https:\/\/agenciainfra.com\/blog\/wp-json\/wp\/v2\/posts\/17694\/revisions"}],"predecessor-version":[{"id":17696,"href":"https:\/\/agenciainfra.com\/blog\/wp-json\/wp\/v2\/posts\/17694\/revisions\/17696"}],"wp:featuredmedia":[{"embeddable":true,"href":"https:\/\/agenciainfra.com\/blog\/wp-json\/wp\/v2\/media\/14707"}],"wp:attachment":[{"href":"https:\/\/agenciainfra.com\/blog\/wp-json\/wp\/v2\/media?parent=17694"}],"wp:term":[{"taxonomy":"category","embeddable":true,"href":"https:\/\/agenciainfra.com\/blog\/wp-json\/wp\/v2\/categories?post=17694"},{"taxonomy":"post_tag","embeddable":true,"href":"https:\/\/agenciainfra.com\/blog\/wp-json\/wp\/v2\/tags?post=17694"}],"curies":[{"name":"wp","href":"https:\/\/api.w.org\/{rel}","templated":true}]}}