{"id":1770,"date":"2018-05-29T14:31:08","date_gmt":"2018-05-29T17:31:08","guid":{"rendered":"http:\/\/www.agenciainfra.com\/blog\/?p=1770"},"modified":"2018-05-29T14:31:08","modified_gmt":"2018-05-29T17:31:08","slug":"sem-acordo-com-o-senado-camara-retira-novamente-a-mp-814-de-pauta","status":"publish","type":"post","link":"https:\/\/agenciainfra.com\/blog\/sem-acordo-com-o-senado-camara-retira-novamente-a-mp-814-de-pauta\/","title":{"rendered":"Sem acordo com o Senado, C\u00e2mara retira novamente a MP 814 de pauta"},"content":{"rendered":"<h5 style=\"text-align: right;\"><strong>Leila Coimbra, da Ag\u00eancia iNFRA<\/strong><\/h5>\n<p>Houve ontem (28) uma tentativa de se ressuscitar a MP (medida provis\u00f3ria) 814, e o projeto chegou a ser pautado para vota\u00e7\u00e3o. Mas essa sobrevida n\u00e3o durou muito, e depois de algumas horas a MP 814 foi novamente enterrada pelos presidentes da C\u00e2mara, Rodrigo Maia (DEM-RJ), e do Senado, Eun\u00edcio Oliveira (MDB-CE).<\/p>\n<p>Ao longo do dia, houve uma peregrina\u00e7\u00e3o de executivos do setor el\u00e9trico e de autoridades nos gabinetes do Congresso, que alertavam para a urg\u00eancia de se votar certos pontos da medida provis\u00f3ria \u2013\u00a0 cuja validade vai apenas at\u00e9 sexta-feira (1\u00ba).<\/p>\n<p><strong>J\u00falio Lopes tentou convencer Maia<\/strong><br \/>\nO relator da MP na comiss\u00e3o mista, deputado J\u00falio Lopes (PP-RJ), disse que tentou convencer o presidente da C\u00e2mara a levar o projeto para avalia\u00e7\u00e3o do plen\u00e1rio, mas que n\u00e3o obteve sucesso.<\/p>\n<p>\u201cA press\u00e3o est\u00e1 grande, de todas as partes. O Rodrigo [Maia] chegou a pautar, mas depois desistiu. Eu falei com ele sobre a urg\u00eancia de se votar certos pontos, mas ele estava irredut\u00edvel\u201d, disse Lopes \u00e0\u00a0<strong>Ag\u00eancia iNFRA<\/strong><\/p>\n<p>O relator disse que se dedicou intensamente ao texto da MP 814, e que foram mais e 200 horas de reuni\u00f5es com o setor el\u00e9trico. A vers\u00e3o original da medida provis\u00f3ria chegou com tr\u00eas p\u00e1ginas e, ap\u00f3s a relatoria de Lopes, ficou com 30.<\/p>\n<p><strong>Eun\u00edcio disse n\u00e3o<\/strong><br \/>\nRodrigo Maia disse que poderia colocar a medida provis\u00f3ria 814 em vota\u00e7\u00e3o no plen\u00e1rio da C\u00e2mara na segunda-feira (28), mas somente se o Senado tamb\u00e9m concordasse com a aprova\u00e7\u00e3o da proposta.<\/p>\n<p>Segundo um dos aliados do presidente da C\u00e2mara, sem a certeza de que a MP seria aprovada em todas as etapas necess\u00e1rias, seria um desgaste desnecess\u00e1rio para Maia colocar a mat\u00e9ria em vota\u00e7\u00e3o.\u00a0\u201cColoca em vota\u00e7\u00e3o aqui e no dia seguinte \u00e9 rejeitada l\u00e1. Um desgaste \u00e0 toa\u201d, disse a fonte.<\/p>\n<p>Eun\u00edcio Oliveira recebeu representantes do setor el\u00e9trico, que apresentaram a sua lista de motivos para a aprova\u00e7\u00e3o do novo texto. Mas ele n\u00e3o se convenceu. Permaneceu irredut\u00edvel e disse que n\u00e3o levaria a MP 814 ao plen\u00e1rio.<\/p>\n<p><strong>Motivos pol\u00edticos<\/strong><br \/>\nO presidente do Senado est\u00e1 cada vez mais distante politicamente do governo de Michel Temer, e at\u00e9 disse na semana passada que analisa apoio ao ex-presidente Lula ou ent\u00e3o ao ex-governador do Cear\u00e1, Ciro Gomes, nas elei\u00e7\u00f5es para a Presid\u00eancia da Rep\u00fablica. Ele tamb\u00e9m \u00e9 aliado do atual governador do Cear\u00e1, Camilo Santana, que \u00e9 do PT e tenta a reelei\u00e7\u00e3o.<\/p>\n<p>No processo de reforma ministerial, ocorrido no in\u00edcio de abril \u2013\u00a0por conta da desincompatibiliza\u00e7\u00e3o eleitoral \u2013\u00a0quando Moreira Franco sucedeu Fernando Coelho Filho no comando do Minist\u00e9rio de Minas e Energia, tamb\u00e9m houve um desgaste entre o presidente do Senado e o Pal\u00e1cio do Planalto.<\/p>\n<p>Eun\u00edcio indicou alguns nomes para cargos do primeiro e segundo escal\u00e3o, mas poucos emplacaram. Segundo uma fonte pr\u00f3xima ao senador, n\u00e3o houve boa-vontade da parte do governo na \u00e9poca, e agora n\u00e3o h\u00e1 boa-vontade da parte do senador cearense.<\/p>\n<p><strong>Qu\u00f3rum foi surpresa<\/strong><br \/>\nNo in\u00edcio da tarde de ontem, haviam d\u00favidas se o qu\u00f3rum necess\u00e1rio para dar in\u00edcio \u00e0s vota\u00e7\u00f5es na C\u00e2mara seria atingido. \u00c9 necess\u00e1rio que pelo menos 257 deputados estejam presentes para se votar qualquer projeto, mas esse volume n\u00e3o \u00e9 comum numa segunda-feira. Especialmente em uma semana mais curta, com o feriado de Corpus Christi na quinta-feira. Mas, logo ap\u00f3s as 19 horas, mais de 300 deputados haviam registrado presen\u00e7a no plen\u00e1rio, e os trabalhos desta ter\u00e7a-feira (29)\u00a0prometem ser intensos.<\/p>\n","protected":false},"excerpt":{"rendered":"<p>Leila Coimbra, da Ag\u00eancia iNFRA Houve ontem (28) uma tentativa de se ressuscitar a MP (medida provis\u00f3ria) 814, e o projeto chegou a ser pautado para vota\u00e7\u00e3o. Mas essa sobrevida n\u00e3o durou muito, e depois de algumas horas a MP 814 foi novamente enterrada pelos presidentes da C\u00e2mara, Rodrigo Maia (DEM-RJ), e do Senado, Eun\u00edcio [&hellip;]<\/p>\n","protected":false},"author":1,"featured_media":0,"comment_status":"closed","ping_status":"open","sticky":false,"template":"","format":"standard","meta":{"_monsterinsights_skip_tracking":false,"_monsterinsights_sitenote_active":false,"_monsterinsights_sitenote_note":"","_monsterinsights_sitenote_category":0,"footnotes":""},"categories":[10],"tags":[305,194,306,123,304],"class_list":["post-1770","post","type-post","status-publish","format-standard","hentry","category-infraenergia","tag-camara-dos-deputados","tag-mp-814","tag-pauta","tag-senado","tag-votacao"],"yoast_head":"<!-- This site is optimized with the Yoast SEO Premium plugin v25.4 (Yoast SEO v26.0) - https:\/\/yoast.com\/wordpress\/plugins\/seo\/ -->\n<title>Sem acordo com o Senado, C\u00e2mara retira novamente a MP 814 de pauta - Ag\u00eancia iNFRA<\/title>\n<meta name=\"robots\" content=\"index, follow, max-snippet:-1, max-image-preview:large, max-video-preview:-1\" \/>\n<link rel=\"canonical\" href=\"https:\/\/agenciainfra.com\/blog\/sem-acordo-com-o-senado-camara-retira-novamente-a-mp-814-de-pauta\/\" \/>\n<meta property=\"og:locale\" content=\"pt_BR\" \/>\n<meta property=\"og:type\" content=\"article\" \/>\n<meta property=\"og:title\" content=\"Sem acordo com o Senado, C\u00e2mara retira novamente a MP 814 de pauta\" \/>\n<meta property=\"og:description\" content=\"Leila Coimbra, da Ag\u00eancia iNFRA Houve ontem (28) uma tentativa de se ressuscitar a MP (medida provis\u00f3ria) 814, e o projeto chegou a ser pautado para vota\u00e7\u00e3o. Mas essa sobrevida n\u00e3o durou muito, e depois de algumas horas a MP 814 foi novamente enterrada pelos presidentes da C\u00e2mara, Rodrigo Maia (DEM-RJ), e do Senado, Eun\u00edcio [&hellip;]\" \/>\n<meta property=\"og:url\" content=\"https:\/\/agenciainfra.com\/blog\/sem-acordo-com-o-senado-camara-retira-novamente-a-mp-814-de-pauta\/\" \/>\n<meta property=\"og:site_name\" content=\"Ag\u00eancia iNFRA\" \/>\n<meta property=\"article:publisher\" content=\"https:\/\/www.facebook.com\/ageninfra\" \/>\n<meta property=\"article:published_time\" content=\"2018-05-29T17:31:08+00:00\" \/>\n<meta name=\"author\" content=\"Ag\u00eancia iNFRA\" \/>\n<meta name=\"twitter:card\" content=\"summary_large_image\" \/>\n<meta name=\"twitter:creator\" content=\"@agencia_infra\" \/>\n<meta name=\"twitter:site\" content=\"@agencia_infra\" \/>\n<meta name=\"twitter:label1\" content=\"Escrito por\" \/>\n\t<meta name=\"twitter:data1\" content=\"Ag\u00eancia iNFRA\" \/>\n\t<meta name=\"twitter:label2\" content=\"Est. tempo de leitura\" \/>\n\t<meta name=\"twitter:data2\" content=\"3 minutos\" \/>\n<script type=\"application\/ld+json\" class=\"yoast-schema-graph\">{\"@context\":\"https:\/\/schema.org\",\"@graph\":[{\"@type\":\"Article\",\"@id\":\"https:\/\/agenciainfra.com\/blog\/sem-acordo-com-o-senado-camara-retira-novamente-a-mp-814-de-pauta\/#article\",\"isPartOf\":{\"@id\":\"https:\/\/agenciainfra.com\/blog\/sem-acordo-com-o-senado-camara-retira-novamente-a-mp-814-de-pauta\/\"},\"author\":{\"name\":\"Ag\u00eancia iNFRA\",\"@id\":\"https:\/\/agenciainfra.com\/blog\/#\/schema\/person\/34af08dff6adea4cb22b06612ba7acfa\"},\"headline\":\"Sem acordo com o Senado, C\u00e2mara retira novamente a MP 814 de pauta\",\"datePublished\":\"2018-05-29T17:31:08+00:00\",\"mainEntityOfPage\":{\"@id\":\"https:\/\/agenciainfra.com\/blog\/sem-acordo-com-o-senado-camara-retira-novamente-a-mp-814-de-pauta\/\"},\"wordCount\":639,\"publisher\":{\"@id\":\"https:\/\/agenciainfra.com\/blog\/#organization\"},\"keywords\":[\"C\u00e2mara dos Deputados\",\"MP 814\",\"pauta\",\"senado\",\"vota\u00e7\u00e3o\"],\"articleSection\":[\"iNFRAEnergia\"],\"inLanguage\":\"pt-BR\",\"copyrightYear\":\"2018\",\"copyrightHolder\":{\"@id\":\"https:\/\/agenciainfra.com\/blog\/#organization\"}},{\"@type\":\"WebPage\",\"@id\":\"https:\/\/agenciainfra.com\/blog\/sem-acordo-com-o-senado-camara-retira-novamente-a-mp-814-de-pauta\/\",\"url\":\"https:\/\/agenciainfra.com\/blog\/sem-acordo-com-o-senado-camara-retira-novamente-a-mp-814-de-pauta\/\",\"name\":\"Sem acordo com o Senado, C\u00e2mara retira novamente a MP 814 de pauta - Ag\u00eancia iNFRA\",\"isPartOf\":{\"@id\":\"https:\/\/agenciainfra.com\/blog\/#website\"},\"datePublished\":\"2018-05-29T17:31:08+00:00\",\"breadcrumb\":{\"@id\":\"https:\/\/agenciainfra.com\/blog\/sem-acordo-com-o-senado-camara-retira-novamente-a-mp-814-de-pauta\/#breadcrumb\"},\"inLanguage\":\"pt-BR\",\"potentialAction\":[{\"@type\":\"ReadAction\",\"target\":[\"https:\/\/agenciainfra.com\/blog\/sem-acordo-com-o-senado-camara-retira-novamente-a-mp-814-de-pauta\/\"]}]},{\"@type\":\"BreadcrumbList\",\"@id\":\"https:\/\/agenciainfra.com\/blog\/sem-acordo-com-o-senado-camara-retira-novamente-a-mp-814-de-pauta\/#breadcrumb\",\"itemListElement\":[{\"@type\":\"ListItem\",\"position\":1,\"name\":\"In\u00edcio\",\"item\":\"https:\/\/agenciainfra.com\/blog\/\"},{\"@type\":\"ListItem\",\"position\":2,\"name\":\"Sem acordo com o Senado, C\u00e2mara retira novamente a MP 814 de pauta\"}]},{\"@type\":\"WebSite\",\"@id\":\"https:\/\/agenciainfra.com\/blog\/#website\",\"url\":\"https:\/\/agenciainfra.com\/blog\/\",\"name\":\"Ag\u00eancia iNFRA\",\"description\":\"Multiplataforma de informa\u00e7\u00e3o jornal\u00edstica refer\u00eancia na \u00e1rea de infraestrutura no Brasil!\",\"publisher\":{\"@id\":\"https:\/\/agenciainfra.com\/blog\/#organization\"},\"potentialAction\":[{\"@type\":\"SearchAction\",\"target\":{\"@type\":\"EntryPoint\",\"urlTemplate\":\"https:\/\/agenciainfra.com\/blog\/?s={search_term_string}\"},\"query-input\":{\"@type\":\"PropertyValueSpecification\",\"valueRequired\":true,\"valueName\":\"search_term_string\"}}],\"inLanguage\":\"pt-BR\"},{\"@type\":\"Organization\",\"@id\":\"https:\/\/agenciainfra.com\/blog\/#organization\",\"name\":\"Ag\u00eancia iNFRA\",\"url\":\"https:\/\/agenciainfra.com\/blog\/\",\"logo\":{\"@type\":\"ImageObject\",\"inLanguage\":\"pt-BR\",\"@id\":\"https:\/\/agenciainfra.com\/blog\/#\/schema\/logo\/image\/\",\"url\":\"https:\/\/agenciainfra.com\/blog\/wp-content\/uploads\/2023\/09\/iNFRA_5-e1761735885940.png\",\"contentUrl\":\"https:\/\/agenciainfra.com\/blog\/wp-content\/uploads\/2023\/09\/iNFRA_5-e1761735885940.png\",\"width\":1672,\"height\":454,\"caption\":\"Ag\u00eancia iNFRA\"},\"image\":{\"@id\":\"https:\/\/agenciainfra.com\/blog\/#\/schema\/logo\/image\/\"},\"sameAs\":[\"https:\/\/www.facebook.com\/ageninfra\",\"https:\/\/x.com\/agencia_infra\",\"https:\/\/www.linkedin.com\/company\/ag\u00eanciainfra\/\",\"https:\/\/www.instagram.com\/agenciainfra\/\"]},{\"@type\":\"Person\",\"@id\":\"https:\/\/agenciainfra.com\/blog\/#\/schema\/person\/34af08dff6adea4cb22b06612ba7acfa\",\"name\":\"Ag\u00eancia iNFRA\",\"image\":{\"@type\":\"ImageObject\",\"inLanguage\":\"pt-BR\",\"@id\":\"https:\/\/agenciainfra.com\/blog\/#\/schema\/person\/image\/\",\"url\":\"https:\/\/secure.gravatar.com\/avatar\/d189e01678f06d8eb84d4e01f08eb848b3fffe3f8443818d3c356c66892f5be8?s=96&d=mm&r=g\",\"contentUrl\":\"https:\/\/secure.gravatar.com\/avatar\/d189e01678f06d8eb84d4e01f08eb848b3fffe3f8443818d3c356c66892f5be8?s=96&d=mm&r=g\",\"caption\":\"Ag\u00eancia iNFRA\"},\"url\":\"https:\/\/agenciainfra.com\/blog\/author\/admin\/\"}]}<\/script>\n<!-- \/ Yoast SEO Premium plugin. -->","yoast_head_json":{"title":"Sem acordo com o Senado, C\u00e2mara retira novamente a MP 814 de pauta - Ag\u00eancia iNFRA","robots":{"index":"index","follow":"follow","max-snippet":"max-snippet:-1","max-image-preview":"max-image-preview:large","max-video-preview":"max-video-preview:-1"},"canonical":"https:\/\/agenciainfra.com\/blog\/sem-acordo-com-o-senado-camara-retira-novamente-a-mp-814-de-pauta\/","og_locale":"pt_BR","og_type":"article","og_title":"Sem acordo com o Senado, C\u00e2mara retira novamente a MP 814 de pauta","og_description":"Leila Coimbra, da Ag\u00eancia iNFRA Houve ontem (28) uma tentativa de se ressuscitar a MP (medida provis\u00f3ria) 814, e o projeto chegou a ser pautado para vota\u00e7\u00e3o. Mas essa sobrevida n\u00e3o durou muito, e depois de algumas horas a MP 814 foi novamente enterrada pelos presidentes da C\u00e2mara, Rodrigo Maia (DEM-RJ), e do Senado, Eun\u00edcio [&hellip;]","og_url":"https:\/\/agenciainfra.com\/blog\/sem-acordo-com-o-senado-camara-retira-novamente-a-mp-814-de-pauta\/","og_site_name":"Ag\u00eancia iNFRA","article_publisher":"https:\/\/www.facebook.com\/ageninfra","article_published_time":"2018-05-29T17:31:08+00:00","author":"Ag\u00eancia iNFRA","twitter_card":"summary_large_image","twitter_creator":"@agencia_infra","twitter_site":"@agencia_infra","twitter_misc":{"Escrito por":"Ag\u00eancia iNFRA","Est. tempo de leitura":"3 minutos"},"schema":{"@context":"https:\/\/schema.org","@graph":[{"@type":"Article","@id":"https:\/\/agenciainfra.com\/blog\/sem-acordo-com-o-senado-camara-retira-novamente-a-mp-814-de-pauta\/#article","isPartOf":{"@id":"https:\/\/agenciainfra.com\/blog\/sem-acordo-com-o-senado-camara-retira-novamente-a-mp-814-de-pauta\/"},"author":{"name":"Ag\u00eancia iNFRA","@id":"https:\/\/agenciainfra.com\/blog\/#\/schema\/person\/34af08dff6adea4cb22b06612ba7acfa"},"headline":"Sem acordo com o Senado, C\u00e2mara retira novamente a MP 814 de pauta","datePublished":"2018-05-29T17:31:08+00:00","mainEntityOfPage":{"@id":"https:\/\/agenciainfra.com\/blog\/sem-acordo-com-o-senado-camara-retira-novamente-a-mp-814-de-pauta\/"},"wordCount":639,"publisher":{"@id":"https:\/\/agenciainfra.com\/blog\/#organization"},"keywords":["C\u00e2mara dos Deputados","MP 814","pauta","senado","vota\u00e7\u00e3o"],"articleSection":["iNFRAEnergia"],"inLanguage":"pt-BR","copyrightYear":"2018","copyrightHolder":{"@id":"https:\/\/agenciainfra.com\/blog\/#organization"}},{"@type":"WebPage","@id":"https:\/\/agenciainfra.com\/blog\/sem-acordo-com-o-senado-camara-retira-novamente-a-mp-814-de-pauta\/","url":"https:\/\/agenciainfra.com\/blog\/sem-acordo-com-o-senado-camara-retira-novamente-a-mp-814-de-pauta\/","name":"Sem acordo com o Senado, C\u00e2mara retira novamente a MP 814 de pauta - Ag\u00eancia iNFRA","isPartOf":{"@id":"https:\/\/agenciainfra.com\/blog\/#website"},"datePublished":"2018-05-29T17:31:08+00:00","breadcrumb":{"@id":"https:\/\/agenciainfra.com\/blog\/sem-acordo-com-o-senado-camara-retira-novamente-a-mp-814-de-pauta\/#breadcrumb"},"inLanguage":"pt-BR","potentialAction":[{"@type":"ReadAction","target":["https:\/\/agenciainfra.com\/blog\/sem-acordo-com-o-senado-camara-retira-novamente-a-mp-814-de-pauta\/"]}]},{"@type":"BreadcrumbList","@id":"https:\/\/agenciainfra.com\/blog\/sem-acordo-com-o-senado-camara-retira-novamente-a-mp-814-de-pauta\/#breadcrumb","itemListElement":[{"@type":"ListItem","position":1,"name":"In\u00edcio","item":"https:\/\/agenciainfra.com\/blog\/"},{"@type":"ListItem","position":2,"name":"Sem acordo com o Senado, C\u00e2mara retira novamente a MP 814 de pauta"}]},{"@type":"WebSite","@id":"https:\/\/agenciainfra.com\/blog\/#website","url":"https:\/\/agenciainfra.com\/blog\/","name":"Ag\u00eancia iNFRA","description":"Multiplataforma de informa\u00e7\u00e3o jornal\u00edstica refer\u00eancia na \u00e1rea de infraestrutura no Brasil!","publisher":{"@id":"https:\/\/agenciainfra.com\/blog\/#organization"},"potentialAction":[{"@type":"SearchAction","target":{"@type":"EntryPoint","urlTemplate":"https:\/\/agenciainfra.com\/blog\/?s={search_term_string}"},"query-input":{"@type":"PropertyValueSpecification","valueRequired":true,"valueName":"search_term_string"}}],"inLanguage":"pt-BR"},{"@type":"Organization","@id":"https:\/\/agenciainfra.com\/blog\/#organization","name":"Ag\u00eancia iNFRA","url":"https:\/\/agenciainfra.com\/blog\/","logo":{"@type":"ImageObject","inLanguage":"pt-BR","@id":"https:\/\/agenciainfra.com\/blog\/#\/schema\/logo\/image\/","url":"https:\/\/agenciainfra.com\/blog\/wp-content\/uploads\/2023\/09\/iNFRA_5-e1761735885940.png","contentUrl":"https:\/\/agenciainfra.com\/blog\/wp-content\/uploads\/2023\/09\/iNFRA_5-e1761735885940.png","width":1672,"height":454,"caption":"Ag\u00eancia iNFRA"},"image":{"@id":"https:\/\/agenciainfra.com\/blog\/#\/schema\/logo\/image\/"},"sameAs":["https:\/\/www.facebook.com\/ageninfra","https:\/\/x.com\/agencia_infra","https:\/\/www.linkedin.com\/company\/ag\u00eanciainfra\/","https:\/\/www.instagram.com\/agenciainfra\/"]},{"@type":"Person","@id":"https:\/\/agenciainfra.com\/blog\/#\/schema\/person\/34af08dff6adea4cb22b06612ba7acfa","name":"Ag\u00eancia iNFRA","image":{"@type":"ImageObject","inLanguage":"pt-BR","@id":"https:\/\/agenciainfra.com\/blog\/#\/schema\/person\/image\/","url":"https:\/\/secure.gravatar.com\/avatar\/d189e01678f06d8eb84d4e01f08eb848b3fffe3f8443818d3c356c66892f5be8?s=96&d=mm&r=g","contentUrl":"https:\/\/secure.gravatar.com\/avatar\/d189e01678f06d8eb84d4e01f08eb848b3fffe3f8443818d3c356c66892f5be8?s=96&d=mm&r=g","caption":"Ag\u00eancia iNFRA"},"url":"https:\/\/agenciainfra.com\/blog\/author\/admin\/"}]}},"_links":{"self":[{"href":"https:\/\/agenciainfra.com\/blog\/wp-json\/wp\/v2\/posts\/1770","targetHints":{"allow":["GET"]}}],"collection":[{"href":"https:\/\/agenciainfra.com\/blog\/wp-json\/wp\/v2\/posts"}],"about":[{"href":"https:\/\/agenciainfra.com\/blog\/wp-json\/wp\/v2\/types\/post"}],"author":[{"embeddable":true,"href":"https:\/\/agenciainfra.com\/blog\/wp-json\/wp\/v2\/users\/1"}],"replies":[{"embeddable":true,"href":"https:\/\/agenciainfra.com\/blog\/wp-json\/wp\/v2\/comments?post=1770"}],"version-history":[{"count":0,"href":"https:\/\/agenciainfra.com\/blog\/wp-json\/wp\/v2\/posts\/1770\/revisions"}],"wp:attachment":[{"href":"https:\/\/agenciainfra.com\/blog\/wp-json\/wp\/v2\/media?parent=1770"}],"wp:term":[{"taxonomy":"category","embeddable":true,"href":"https:\/\/agenciainfra.com\/blog\/wp-json\/wp\/v2\/categories?post=1770"},{"taxonomy":"post_tag","embeddable":true,"href":"https:\/\/agenciainfra.com\/blog\/wp-json\/wp\/v2\/tags?post=1770"}],"curies":[{"name":"wp","href":"https:\/\/api.w.org\/{rel}","templated":true}]}}