{"id":17713,"date":"2024-07-15T11:00:00","date_gmt":"2024-07-15T14:00:00","guid":{"rendered":"https:\/\/agenciainfra.com\/blog\/?p=17713"},"modified":"2026-03-13T09:38:36","modified_gmt":"2026-03-13T12:38:36","slug":"agentes-pedem-na-justica-mais-prazo-para-enquadramento-nos-beneficios-da-mp-1-212","status":"publish","type":"post","link":"https:\/\/agenciainfra.com\/blog\/agentes-pedem-na-justica-mais-prazo-para-enquadramento-nos-beneficios-da-mp-1-212\/","title":{"rendered":"Agentes pedem na justi\u00e7a mais prazo para enquadramento nos benef\u00edcios da MP 1.212"},"content":{"rendered":"\n<p class=\"has-text-align-right\"><strong>Marisa Wanzeller, da&nbsp;Ag\u00eancia iNFRA<\/strong><\/p>\n\n\n\n<p>Geradores de fontes renov\u00e1veis est\u00e3o com dificuldades para aportar garantia de fiel cumprimento necess\u00e1ria para&nbsp;enquadramento&nbsp;na&nbsp;<a href=\"https:\/\/agenciainfra.us14.list-manage.com\/track\/click?u=d460dd1bcf9ba0ae040e1fc0f&amp;id=5926e11039&amp;e=f0fa444791\" target=\"_blank\" rel=\"noreferrer noopener\">MP&nbsp;(Medida Provis\u00f3ria)&nbsp;1.212\/2024<\/a>, que estende em 36 meses o&nbsp;prazo&nbsp;para projetos entrarem em opera\u00e7\u00e3o com descontos no uso dos fios de transmiss\u00e3o e distribui\u00e7\u00e3o. H\u00e1 pedidos de liminar na&nbsp;justi\u00e7a&nbsp;em busca de&nbsp;mais&nbsp;tempo para o aporte, disseram fontes \u00e0&nbsp;<strong>Ag\u00eancia iNFRA<\/strong>.<br>&nbsp;<br>O&nbsp;prazo&nbsp;indicado na&nbsp;MP&nbsp;para o aporte junto \u00e0 ANEEL (Ag\u00eancia Nacional de Energia El\u00e9trica) se encerrou na \u00faltima ter\u00e7a-feira (9), 90 dias ap\u00f3s a edi\u00e7\u00e3o da medida. Mesmo com o tempo esgotado, uma eventual liminar poder\u00e1 retroagir, para que o agente consiga obter a garantia, explicou um especialista.<br>&nbsp;<br><strong>Prazos descasados<\/strong><br>Alguns&nbsp;agentes&nbsp;alegam na&nbsp;Justi\u00e7a&nbsp;que o&nbsp;prazo&nbsp;previsto na&nbsp;MP&nbsp;ficou descasado com o&nbsp;prazo&nbsp;que o ONS (Operador Nacional do Sistema El\u00e9trico) tem para divulgar a margem extraordin\u00e1ria de escoamento, em decorr\u00eancia do &#8220;Dia do Perd\u00e3o&#8221;. Isso poderia abrir novas oportunidades de conex\u00e3o.<br>&nbsp;<br>Mas os empreendimentos que est\u00e3o na fila para obter parecer de acesso, s\u00f3 ter\u00e3o resposta do ONS no dia 13 de agosto. At\u00e9 l\u00e1, n\u00e3o h\u00e1 seguran\u00e7a para que os bancos consigam liberar os valores das garantias.<br>&nbsp;<br><strong>Regulamenta\u00e7\u00e3o<\/strong><br>Em outros casos, as institui\u00e7\u00f5es financeiras n\u00e3o querem realizar o aporte antes de ter uma regulamenta\u00e7\u00e3o clara pela ANEEL. Os&nbsp;agentes&nbsp;prejudicados disseram que Portaria 79\/2024, do MME (Minist\u00e9rio de Minas e Energia), diz que cabe \u00e0 ag\u00eancia adequar as outorgas aos aspectos definidos na&nbsp;MP, &#8220;especialmente em rela\u00e7\u00e3o \u00e0 prorroga\u00e7\u00e3o do&nbsp;prazo&nbsp;para entrada em opera\u00e7\u00e3o dos empreendimentos&#8221;.<br>&nbsp;<br>Assim, a argumenta\u00e7\u00e3o \u00e9 de que a ANEEL precisa &#8220;firmar entendimento sobre a necessidade de concatena\u00e7\u00e3o ou n\u00e3o do&nbsp;prazo&nbsp;de implanta\u00e7\u00e3o previsto no ato autorizativo dos empreendimentos que aderirem ao mecanismo de prorroga\u00e7\u00e3o estabelecido pela medida provis\u00f3ria&#8221;, dizem fontes. Alguns&nbsp;agentes&nbsp;alegaram que o eventual entendimento da ag\u00eancia pode afetar a decis\u00e3o sobre a solicita\u00e7\u00e3o da prorroga\u00e7\u00e3o do&nbsp;prazo&nbsp;de opera\u00e7\u00e3o comercial para obter desconto no fio.<br>&nbsp;<br>J\u00e1 outros bancos n\u00e3o concordaram em cobrir todo o per\u00edodo solicitado na&nbsp;MP, seis meses ap\u00f3s a entrada em opera\u00e7\u00e3o comercial da \u00faltima unidade geradora do empreendimento, indicaram fontes.<br>&nbsp;<br><strong>Valores<\/strong><br>As regras preveem que o valor da garantia seja correspondente a 5% do valor estimado do empreendimento, em R$ por kW instalado. A&nbsp;<a href=\"https:\/\/agenciainfra.us14.list-manage.com\/track\/click?u=d460dd1bcf9ba0ae040e1fc0f&amp;id=ab212b65e9&amp;e=f0fa444791\" target=\"_blank\" rel=\"noreferrer noopener\">Portaria 79\/2024<\/a>, do Minist\u00e9rio de Minas e Energia,&nbsp;indica os seguintes valores para as fontes, por kW instalado: biomassa de cana, R$ 3.500; biomassa de madeira, R$ 7.500; biog\u00e1s, R$ 10.000; e\u00f3lica, R$ 4.300; fotovoltaica, R$ 3.300; e PCH (Pequena Central Hidrel\u00e9trica), R$ 7.000.<br>&nbsp;<br>A portaria ainda indica que as fontes que n\u00e3o estejam indicadas dever\u00e3o utilizar o maior valor apresentado, R$ 10.000\/kW instalado, como refer\u00eancia.<br>&nbsp;<br><strong>Execu\u00e7\u00e3o da garantia<\/strong><br>A medida provis\u00f3ria prev\u00ea que a ANEEL ser\u00e1 a benefici\u00e1ria com as garantias de fiel cumprimento, que poder\u00e3o ser executadas nos seguintes casos: n\u00e3o in\u00edcio das obras no&nbsp;prazo&nbsp;previsto; n\u00e3o implanta\u00e7\u00e3o do empreendimento no&nbsp;prazo&nbsp;previsto; descumprimento das condi\u00e7\u00f5es previstas quanto \u00e0 pot\u00eancia instalada, ou em caso de revoga\u00e7\u00e3o da outorga de autoriza\u00e7\u00e3o.<br>&nbsp;<br>&#8220;A garantia de fiel cumprimento poder\u00e1 ser utilizada para cobrir penalidades aplicadas pela inobserv\u00e2ncia total ou parcial \u00e0s obriga\u00e7\u00f5es previstas na outorga de autoriza\u00e7\u00e3o, assegurados os princ\u00edpios do contradit\u00f3rio e da ampla defesa, mediante execu\u00e7\u00e3o at\u00e9 o limite de seu valor, em qualquer modalidade, por determina\u00e7\u00e3o expressa da ANEEL&#8221;, diz o texto da&nbsp;MP<br>&nbsp;<br><strong>Ades\u00e3o \u00e0&nbsp;MP<\/strong><br>A ANEEL divulgou que recebeu pedidos de 1.983 usinas interessadas no&nbsp;enquadramento&nbsp;na&nbsp;MP&nbsp;1.212. Os projetos representam quase 85 GW (gigawatts) de pot\u00eancia. A ag\u00eancia n\u00e3o divulgou quantos&nbsp;agentes&nbsp;n\u00e3o aportaram a garantia no&nbsp;prazo.<\/p>\n","protected":false},"excerpt":{"rendered":"<p>Marisa Wanzeller, da&nbsp;Ag\u00eancia iNFRA Geradores de fontes renov\u00e1veis est\u00e3o com dificuldades para aportar garantia de fiel cumprimento necess\u00e1ria para&nbsp;enquadramento&nbsp;na&nbsp;MP&nbsp;(Medida Provis\u00f3ria)&nbsp;1.212\/2024, que estende em 36 meses o&nbsp;prazo&nbsp;para projetos entrarem em opera\u00e7\u00e3o com descontos no uso dos fios de transmiss\u00e3o e distribui\u00e7\u00e3o. H\u00e1 pedidos de liminar na&nbsp;justi\u00e7a&nbsp;em busca de&nbsp;mais&nbsp;tempo para o aporte, disseram fontes \u00e0&nbsp;Ag\u00eancia iNFRA.&nbsp;O&nbsp;prazo&nbsp;indicado na&nbsp;MP&nbsp;para [&hellip;]<\/p>\n","protected":false},"author":1,"featured_media":6657,"comment_status":"closed","ping_status":"closed","sticky":false,"template":"","format":"standard","meta":{"_monsterinsights_skip_tracking":false,"_monsterinsights_sitenote_active":false,"_monsterinsights_sitenote_note":"","_monsterinsights_sitenote_category":0,"footnotes":""},"categories":[7248,7250,1,10],"tags":[852,53,2804,10766,7366,76,96,71,284,9072,216,827,475,10772,10768,10770,10769,9454,54,10767,10771],"class_list":["post-17713","post","type-post","status-publish","format-standard","has-post-thumbnail","hentry","category-cabecalho","category-destaque-lista","category-geral","category-infraenergia","tag-agencia-nacional-de-energia-eletrica","tag-aneel","tag-energia-renovavel","tag-garantia-de-cumprimento","tag-marisa-wanzeller","tag-medida-provisoria","tag-ministerio-de-minas-e-energia","tag-mme","tag-mp","tag-mp-1-212-2024","tag-ons","tag-operador-nacional-do-sistema-eletrico","tag-pch","tag-pequena-central-hidreletrica","tag-portaria-79-2024","tag-prazos-regulamentares","tag-projetos-de-energia","tag-regulamentacao-energetica","tag-setor-eletrico","tag-usinas-de-energia","tag-valores-de-garantia"],"yoast_head":"<!-- This site is optimized with the Yoast SEO Premium plugin v25.4 (Yoast SEO v26.0) - https:\/\/yoast.com\/wordpress\/plugins\/seo\/ -->\n<title>Agentes pedem na justi\u00e7a mais prazo para enquadramento nos benef\u00edcios da MP 1.212 - Ag\u00eancia iNFRA<\/title>\n<meta name=\"robots\" content=\"index, follow, max-snippet:-1, max-image-preview:large, max-video-preview:-1\" \/>\n<link rel=\"canonical\" href=\"https:\/\/agenciainfra.com\/blog\/agentes-pedem-na-justica-mais-prazo-para-enquadramento-nos-beneficios-da-mp-1-212\/\" \/>\n<meta property=\"og:locale\" content=\"pt_BR\" \/>\n<meta property=\"og:type\" content=\"article\" \/>\n<meta property=\"og:title\" content=\"Agentes pedem na justi\u00e7a mais prazo para enquadramento nos benef\u00edcios da MP 1.212\" \/>\n<meta property=\"og:description\" content=\"Marisa Wanzeller, da&nbsp;Ag\u00eancia iNFRA Geradores de fontes renov\u00e1veis est\u00e3o com dificuldades para aportar garantia de fiel cumprimento necess\u00e1ria para&nbsp;enquadramento&nbsp;na&nbsp;MP&nbsp;(Medida Provis\u00f3ria)&nbsp;1.212\/2024, que estende em 36 meses o&nbsp;prazo&nbsp;para projetos entrarem em opera\u00e7\u00e3o com descontos no uso dos fios de transmiss\u00e3o e distribui\u00e7\u00e3o. H\u00e1 pedidos de liminar na&nbsp;justi\u00e7a&nbsp;em busca de&nbsp;mais&nbsp;tempo para o aporte, disseram fontes \u00e0&nbsp;Ag\u00eancia iNFRA.&nbsp;O&nbsp;prazo&nbsp;indicado na&nbsp;MP&nbsp;para [&hellip;]\" \/>\n<meta property=\"og:url\" content=\"https:\/\/agenciainfra.com\/blog\/agentes-pedem-na-justica-mais-prazo-para-enquadramento-nos-beneficios-da-mp-1-212\/\" \/>\n<meta property=\"og:site_name\" content=\"Ag\u00eancia iNFRA\" \/>\n<meta property=\"article:publisher\" content=\"https:\/\/www.facebook.com\/ageninfra\" \/>\n<meta property=\"article:published_time\" content=\"2024-07-15T14:00:00+00:00\" \/>\n<meta property=\"article:modified_time\" content=\"2026-03-13T12:38:36+00:00\" \/>\n<meta property=\"og:image\" content=\"https:\/\/agenciainfra.com\/blog\/wp-content\/uploads\/2021\/01\/torres-energia-eletrica-foto-dominio-publico-e1748600510603.jpg\" \/>\n\t<meta property=\"og:image:width\" content=\"1280\" \/>\n\t<meta property=\"og:image:height\" content=\"764\" \/>\n\t<meta property=\"og:image:type\" content=\"image\/jpeg\" \/>\n<meta name=\"author\" content=\"Ag\u00eancia iNFRA\" \/>\n<meta name=\"twitter:card\" content=\"summary_large_image\" \/>\n<meta name=\"twitter:creator\" content=\"@agencia_infra\" \/>\n<meta name=\"twitter:site\" content=\"@agencia_infra\" \/>\n<meta name=\"twitter:label1\" content=\"Escrito por\" \/>\n\t<meta name=\"twitter:data1\" content=\"Ag\u00eancia iNFRA\" \/>\n\t<meta name=\"twitter:label2\" content=\"Est. tempo de leitura\" \/>\n\t<meta name=\"twitter:data2\" content=\"4 minutos\" \/>\n<script type=\"application\/ld+json\" class=\"yoast-schema-graph\">{\"@context\":\"https:\/\/schema.org\",\"@graph\":[{\"@type\":\"Article\",\"@id\":\"https:\/\/agenciainfra.com\/blog\/agentes-pedem-na-justica-mais-prazo-para-enquadramento-nos-beneficios-da-mp-1-212\/#article\",\"isPartOf\":{\"@id\":\"https:\/\/agenciainfra.com\/blog\/agentes-pedem-na-justica-mais-prazo-para-enquadramento-nos-beneficios-da-mp-1-212\/\"},\"author\":{\"name\":\"Ag\u00eancia iNFRA\",\"@id\":\"https:\/\/agenciainfra.com\/blog\/#\/schema\/person\/34af08dff6adea4cb22b06612ba7acfa\"},\"headline\":\"Agentes pedem na justi\u00e7a mais prazo para enquadramento nos benef\u00edcios da MP 1.212\",\"datePublished\":\"2024-07-15T14:00:00+00:00\",\"dateModified\":\"2026-03-13T12:38:36+00:00\",\"mainEntityOfPage\":{\"@id\":\"https:\/\/agenciainfra.com\/blog\/agentes-pedem-na-justica-mais-prazo-para-enquadramento-nos-beneficios-da-mp-1-212\/\"},\"wordCount\":733,\"publisher\":{\"@id\":\"https:\/\/agenciainfra.com\/blog\/#organization\"},\"image\":{\"@id\":\"https:\/\/agenciainfra.com\/blog\/agentes-pedem-na-justica-mais-prazo-para-enquadramento-nos-beneficios-da-mp-1-212\/#primaryimage\"},\"thumbnailUrl\":\"https:\/\/agenciainfra.com\/blog\/wp-content\/uploads\/2021\/01\/torres-energia-eletrica-foto-dominio-publico-e1748600510603.jpg\",\"keywords\":[\"Ag\u00eancia Nacional de Energia El\u00e9trica\",\"ANEEL\",\"energia renov\u00e1vel\",\"Garantia de Cumprimento\",\"Marisa Wanzeller\",\"Medida Provis\u00f3ria\",\"Minist\u00e9rio de Minas e Energia\",\"MME\",\"MP\",\"MP 1.212\/2024\",\"ONS\",\"Operador Nacional do Sistema El\u00e9trico\",\"PCH\",\"Pequena Central Hidrel\u00e9trica\",\"Portaria 79\/2024\",\"Prazos Regulamentares\",\"Projetos de Energia\",\"regulamenta\u00e7\u00e3o energ\u00e9tica\",\"Setor El\u00e9trico\",\"Usinas de Energia\",\"Valores de Garantia\"],\"articleSection\":[\"Cabe\u00e7alho\",\"Destaque lista\",\"Geral\",\"iNFRAEnergia\"],\"inLanguage\":\"pt-BR\",\"copyrightYear\":\"2024\",\"copyrightHolder\":{\"@id\":\"https:\/\/agenciainfra.com\/blog\/#organization\"}},{\"@type\":\"WebPage\",\"@id\":\"https:\/\/agenciainfra.com\/blog\/agentes-pedem-na-justica-mais-prazo-para-enquadramento-nos-beneficios-da-mp-1-212\/\",\"url\":\"https:\/\/agenciainfra.com\/blog\/agentes-pedem-na-justica-mais-prazo-para-enquadramento-nos-beneficios-da-mp-1-212\/\",\"name\":\"Agentes pedem na justi\u00e7a mais prazo para enquadramento nos benef\u00edcios da MP 1.212 - Ag\u00eancia iNFRA\",\"isPartOf\":{\"@id\":\"https:\/\/agenciainfra.com\/blog\/#website\"},\"primaryImageOfPage\":{\"@id\":\"https:\/\/agenciainfra.com\/blog\/agentes-pedem-na-justica-mais-prazo-para-enquadramento-nos-beneficios-da-mp-1-212\/#primaryimage\"},\"image\":{\"@id\":\"https:\/\/agenciainfra.com\/blog\/agentes-pedem-na-justica-mais-prazo-para-enquadramento-nos-beneficios-da-mp-1-212\/#primaryimage\"},\"thumbnailUrl\":\"https:\/\/agenciainfra.com\/blog\/wp-content\/uploads\/2021\/01\/torres-energia-eletrica-foto-dominio-publico-e1748600510603.jpg\",\"datePublished\":\"2024-07-15T14:00:00+00:00\",\"dateModified\":\"2026-03-13T12:38:36+00:00\",\"breadcrumb\":{\"@id\":\"https:\/\/agenciainfra.com\/blog\/agentes-pedem-na-justica-mais-prazo-para-enquadramento-nos-beneficios-da-mp-1-212\/#breadcrumb\"},\"inLanguage\":\"pt-BR\",\"potentialAction\":[{\"@type\":\"ReadAction\",\"target\":[\"https:\/\/agenciainfra.com\/blog\/agentes-pedem-na-justica-mais-prazo-para-enquadramento-nos-beneficios-da-mp-1-212\/\"]}]},{\"@type\":\"ImageObject\",\"inLanguage\":\"pt-BR\",\"@id\":\"https:\/\/agenciainfra.com\/blog\/agentes-pedem-na-justica-mais-prazo-para-enquadramento-nos-beneficios-da-mp-1-212\/#primaryimage\",\"url\":\"https:\/\/agenciainfra.com\/blog\/wp-content\/uploads\/2021\/01\/torres-energia-eletrica-foto-dominio-publico-e1748600510603.jpg\",\"contentUrl\":\"https:\/\/agenciainfra.com\/blog\/wp-content\/uploads\/2021\/01\/torres-energia-eletrica-foto-dominio-publico-e1748600510603.jpg\",\"width\":1280,\"height\":764,\"caption\":\"Foto: Dom\u00ednio P\u00fablico\"},{\"@type\":\"BreadcrumbList\",\"@id\":\"https:\/\/agenciainfra.com\/blog\/agentes-pedem-na-justica-mais-prazo-para-enquadramento-nos-beneficios-da-mp-1-212\/#breadcrumb\",\"itemListElement\":[{\"@type\":\"ListItem\",\"position\":1,\"name\":\"In\u00edcio\",\"item\":\"https:\/\/agenciainfra.com\/blog\/\"},{\"@type\":\"ListItem\",\"position\":2,\"name\":\"Agentes pedem na justi\u00e7a mais prazo para enquadramento nos benef\u00edcios da MP 1.212\"}]},{\"@type\":\"WebSite\",\"@id\":\"https:\/\/agenciainfra.com\/blog\/#website\",\"url\":\"https:\/\/agenciainfra.com\/blog\/\",\"name\":\"Ag\u00eancia iNFRA\",\"description\":\"Multiplataforma de informa\u00e7\u00e3o jornal\u00edstica refer\u00eancia na \u00e1rea de infraestrutura no Brasil!\",\"publisher\":{\"@id\":\"https:\/\/agenciainfra.com\/blog\/#organization\"},\"potentialAction\":[{\"@type\":\"SearchAction\",\"target\":{\"@type\":\"EntryPoint\",\"urlTemplate\":\"https:\/\/agenciainfra.com\/blog\/?s={search_term_string}\"},\"query-input\":{\"@type\":\"PropertyValueSpecification\",\"valueRequired\":true,\"valueName\":\"search_term_string\"}}],\"inLanguage\":\"pt-BR\"},{\"@type\":\"Organization\",\"@id\":\"https:\/\/agenciainfra.com\/blog\/#organization\",\"name\":\"Ag\u00eancia iNFRA\",\"url\":\"https:\/\/agenciainfra.com\/blog\/\",\"logo\":{\"@type\":\"ImageObject\",\"inLanguage\":\"pt-BR\",\"@id\":\"https:\/\/agenciainfra.com\/blog\/#\/schema\/logo\/image\/\",\"url\":\"https:\/\/agenciainfra.com\/blog\/wp-content\/uploads\/2023\/09\/iNFRA_5-e1761735885940.png\",\"contentUrl\":\"https:\/\/agenciainfra.com\/blog\/wp-content\/uploads\/2023\/09\/iNFRA_5-e1761735885940.png\",\"width\":1672,\"height\":454,\"caption\":\"Ag\u00eancia iNFRA\"},\"image\":{\"@id\":\"https:\/\/agenciainfra.com\/blog\/#\/schema\/logo\/image\/\"},\"sameAs\":[\"https:\/\/www.facebook.com\/ageninfra\",\"https:\/\/x.com\/agencia_infra\",\"https:\/\/www.linkedin.com\/company\/ag\u00eanciainfra\/\",\"https:\/\/www.instagram.com\/agenciainfra\/\"]},{\"@type\":\"Person\",\"@id\":\"https:\/\/agenciainfra.com\/blog\/#\/schema\/person\/34af08dff6adea4cb22b06612ba7acfa\",\"name\":\"Ag\u00eancia iNFRA\",\"image\":{\"@type\":\"ImageObject\",\"inLanguage\":\"pt-BR\",\"@id\":\"https:\/\/agenciainfra.com\/blog\/#\/schema\/person\/image\/\",\"url\":\"https:\/\/secure.gravatar.com\/avatar\/d189e01678f06d8eb84d4e01f08eb848b3fffe3f8443818d3c356c66892f5be8?s=96&d=mm&r=g\",\"contentUrl\":\"https:\/\/secure.gravatar.com\/avatar\/d189e01678f06d8eb84d4e01f08eb848b3fffe3f8443818d3c356c66892f5be8?s=96&d=mm&r=g\",\"caption\":\"Ag\u00eancia iNFRA\"},\"url\":\"https:\/\/agenciainfra.com\/blog\/author\/admin\/\"}]}<\/script>\n<!-- \/ Yoast SEO Premium plugin. -->","yoast_head_json":{"title":"Agentes pedem na justi\u00e7a mais prazo para enquadramento nos benef\u00edcios da MP 1.212 - Ag\u00eancia iNFRA","robots":{"index":"index","follow":"follow","max-snippet":"max-snippet:-1","max-image-preview":"max-image-preview:large","max-video-preview":"max-video-preview:-1"},"canonical":"https:\/\/agenciainfra.com\/blog\/agentes-pedem-na-justica-mais-prazo-para-enquadramento-nos-beneficios-da-mp-1-212\/","og_locale":"pt_BR","og_type":"article","og_title":"Agentes pedem na justi\u00e7a mais prazo para enquadramento nos benef\u00edcios da MP 1.212","og_description":"Marisa Wanzeller, da&nbsp;Ag\u00eancia iNFRA Geradores de fontes renov\u00e1veis est\u00e3o com dificuldades para aportar garantia de fiel cumprimento necess\u00e1ria para&nbsp;enquadramento&nbsp;na&nbsp;MP&nbsp;(Medida Provis\u00f3ria)&nbsp;1.212\/2024, que estende em 36 meses o&nbsp;prazo&nbsp;para projetos entrarem em opera\u00e7\u00e3o com descontos no uso dos fios de transmiss\u00e3o e distribui\u00e7\u00e3o. H\u00e1 pedidos de liminar na&nbsp;justi\u00e7a&nbsp;em busca de&nbsp;mais&nbsp;tempo para o aporte, disseram fontes \u00e0&nbsp;Ag\u00eancia iNFRA.&nbsp;O&nbsp;prazo&nbsp;indicado na&nbsp;MP&nbsp;para [&hellip;]","og_url":"https:\/\/agenciainfra.com\/blog\/agentes-pedem-na-justica-mais-prazo-para-enquadramento-nos-beneficios-da-mp-1-212\/","og_site_name":"Ag\u00eancia iNFRA","article_publisher":"https:\/\/www.facebook.com\/ageninfra","article_published_time":"2024-07-15T14:00:00+00:00","article_modified_time":"2026-03-13T12:38:36+00:00","og_image":[{"width":1280,"height":764,"url":"https:\/\/agenciainfra.com\/blog\/wp-content\/uploads\/2021\/01\/torres-energia-eletrica-foto-dominio-publico-e1748600510603.jpg","type":"image\/jpeg"}],"author":"Ag\u00eancia iNFRA","twitter_card":"summary_large_image","twitter_creator":"@agencia_infra","twitter_site":"@agencia_infra","twitter_misc":{"Escrito por":"Ag\u00eancia iNFRA","Est. tempo de leitura":"4 minutos"},"schema":{"@context":"https:\/\/schema.org","@graph":[{"@type":"Article","@id":"https:\/\/agenciainfra.com\/blog\/agentes-pedem-na-justica-mais-prazo-para-enquadramento-nos-beneficios-da-mp-1-212\/#article","isPartOf":{"@id":"https:\/\/agenciainfra.com\/blog\/agentes-pedem-na-justica-mais-prazo-para-enquadramento-nos-beneficios-da-mp-1-212\/"},"author":{"name":"Ag\u00eancia iNFRA","@id":"https:\/\/agenciainfra.com\/blog\/#\/schema\/person\/34af08dff6adea4cb22b06612ba7acfa"},"headline":"Agentes pedem na justi\u00e7a mais prazo para enquadramento nos benef\u00edcios da MP 1.212","datePublished":"2024-07-15T14:00:00+00:00","dateModified":"2026-03-13T12:38:36+00:00","mainEntityOfPage":{"@id":"https:\/\/agenciainfra.com\/blog\/agentes-pedem-na-justica-mais-prazo-para-enquadramento-nos-beneficios-da-mp-1-212\/"},"wordCount":733,"publisher":{"@id":"https:\/\/agenciainfra.com\/blog\/#organization"},"image":{"@id":"https:\/\/agenciainfra.com\/blog\/agentes-pedem-na-justica-mais-prazo-para-enquadramento-nos-beneficios-da-mp-1-212\/#primaryimage"},"thumbnailUrl":"https:\/\/agenciainfra.com\/blog\/wp-content\/uploads\/2021\/01\/torres-energia-eletrica-foto-dominio-publico-e1748600510603.jpg","keywords":["Ag\u00eancia Nacional de Energia El\u00e9trica","ANEEL","energia renov\u00e1vel","Garantia de Cumprimento","Marisa Wanzeller","Medida Provis\u00f3ria","Minist\u00e9rio de Minas e Energia","MME","MP","MP 1.212\/2024","ONS","Operador Nacional do Sistema El\u00e9trico","PCH","Pequena Central Hidrel\u00e9trica","Portaria 79\/2024","Prazos Regulamentares","Projetos de Energia","regulamenta\u00e7\u00e3o energ\u00e9tica","Setor El\u00e9trico","Usinas de Energia","Valores de Garantia"],"articleSection":["Cabe\u00e7alho","Destaque lista","Geral","iNFRAEnergia"],"inLanguage":"pt-BR","copyrightYear":"2024","copyrightHolder":{"@id":"https:\/\/agenciainfra.com\/blog\/#organization"}},{"@type":"WebPage","@id":"https:\/\/agenciainfra.com\/blog\/agentes-pedem-na-justica-mais-prazo-para-enquadramento-nos-beneficios-da-mp-1-212\/","url":"https:\/\/agenciainfra.com\/blog\/agentes-pedem-na-justica-mais-prazo-para-enquadramento-nos-beneficios-da-mp-1-212\/","name":"Agentes pedem na justi\u00e7a mais prazo para enquadramento nos benef\u00edcios da MP 1.212 - Ag\u00eancia iNFRA","isPartOf":{"@id":"https:\/\/agenciainfra.com\/blog\/#website"},"primaryImageOfPage":{"@id":"https:\/\/agenciainfra.com\/blog\/agentes-pedem-na-justica-mais-prazo-para-enquadramento-nos-beneficios-da-mp-1-212\/#primaryimage"},"image":{"@id":"https:\/\/agenciainfra.com\/blog\/agentes-pedem-na-justica-mais-prazo-para-enquadramento-nos-beneficios-da-mp-1-212\/#primaryimage"},"thumbnailUrl":"https:\/\/agenciainfra.com\/blog\/wp-content\/uploads\/2021\/01\/torres-energia-eletrica-foto-dominio-publico-e1748600510603.jpg","datePublished":"2024-07-15T14:00:00+00:00","dateModified":"2026-03-13T12:38:36+00:00","breadcrumb":{"@id":"https:\/\/agenciainfra.com\/blog\/agentes-pedem-na-justica-mais-prazo-para-enquadramento-nos-beneficios-da-mp-1-212\/#breadcrumb"},"inLanguage":"pt-BR","potentialAction":[{"@type":"ReadAction","target":["https:\/\/agenciainfra.com\/blog\/agentes-pedem-na-justica-mais-prazo-para-enquadramento-nos-beneficios-da-mp-1-212\/"]}]},{"@type":"ImageObject","inLanguage":"pt-BR","@id":"https:\/\/agenciainfra.com\/blog\/agentes-pedem-na-justica-mais-prazo-para-enquadramento-nos-beneficios-da-mp-1-212\/#primaryimage","url":"https:\/\/agenciainfra.com\/blog\/wp-content\/uploads\/2021\/01\/torres-energia-eletrica-foto-dominio-publico-e1748600510603.jpg","contentUrl":"https:\/\/agenciainfra.com\/blog\/wp-content\/uploads\/2021\/01\/torres-energia-eletrica-foto-dominio-publico-e1748600510603.jpg","width":1280,"height":764,"caption":"Foto: Dom\u00ednio P\u00fablico"},{"@type":"BreadcrumbList","@id":"https:\/\/agenciainfra.com\/blog\/agentes-pedem-na-justica-mais-prazo-para-enquadramento-nos-beneficios-da-mp-1-212\/#breadcrumb","itemListElement":[{"@type":"ListItem","position":1,"name":"In\u00edcio","item":"https:\/\/agenciainfra.com\/blog\/"},{"@type":"ListItem","position":2,"name":"Agentes pedem na justi\u00e7a mais prazo para enquadramento nos benef\u00edcios da MP 1.212"}]},{"@type":"WebSite","@id":"https:\/\/agenciainfra.com\/blog\/#website","url":"https:\/\/agenciainfra.com\/blog\/","name":"Ag\u00eancia iNFRA","description":"Multiplataforma de informa\u00e7\u00e3o jornal\u00edstica refer\u00eancia na \u00e1rea de infraestrutura no Brasil!","publisher":{"@id":"https:\/\/agenciainfra.com\/blog\/#organization"},"potentialAction":[{"@type":"SearchAction","target":{"@type":"EntryPoint","urlTemplate":"https:\/\/agenciainfra.com\/blog\/?s={search_term_string}"},"query-input":{"@type":"PropertyValueSpecification","valueRequired":true,"valueName":"search_term_string"}}],"inLanguage":"pt-BR"},{"@type":"Organization","@id":"https:\/\/agenciainfra.com\/blog\/#organization","name":"Ag\u00eancia iNFRA","url":"https:\/\/agenciainfra.com\/blog\/","logo":{"@type":"ImageObject","inLanguage":"pt-BR","@id":"https:\/\/agenciainfra.com\/blog\/#\/schema\/logo\/image\/","url":"https:\/\/agenciainfra.com\/blog\/wp-content\/uploads\/2023\/09\/iNFRA_5-e1761735885940.png","contentUrl":"https:\/\/agenciainfra.com\/blog\/wp-content\/uploads\/2023\/09\/iNFRA_5-e1761735885940.png","width":1672,"height":454,"caption":"Ag\u00eancia iNFRA"},"image":{"@id":"https:\/\/agenciainfra.com\/blog\/#\/schema\/logo\/image\/"},"sameAs":["https:\/\/www.facebook.com\/ageninfra","https:\/\/x.com\/agencia_infra","https:\/\/www.linkedin.com\/company\/ag\u00eanciainfra\/","https:\/\/www.instagram.com\/agenciainfra\/"]},{"@type":"Person","@id":"https:\/\/agenciainfra.com\/blog\/#\/schema\/person\/34af08dff6adea4cb22b06612ba7acfa","name":"Ag\u00eancia iNFRA","image":{"@type":"ImageObject","inLanguage":"pt-BR","@id":"https:\/\/agenciainfra.com\/blog\/#\/schema\/person\/image\/","url":"https:\/\/secure.gravatar.com\/avatar\/d189e01678f06d8eb84d4e01f08eb848b3fffe3f8443818d3c356c66892f5be8?s=96&d=mm&r=g","contentUrl":"https:\/\/secure.gravatar.com\/avatar\/d189e01678f06d8eb84d4e01f08eb848b3fffe3f8443818d3c356c66892f5be8?s=96&d=mm&r=g","caption":"Ag\u00eancia iNFRA"},"url":"https:\/\/agenciainfra.com\/blog\/author\/admin\/"}]}},"_links":{"self":[{"href":"https:\/\/agenciainfra.com\/blog\/wp-json\/wp\/v2\/posts\/17713","targetHints":{"allow":["GET"]}}],"collection":[{"href":"https:\/\/agenciainfra.com\/blog\/wp-json\/wp\/v2\/posts"}],"about":[{"href":"https:\/\/agenciainfra.com\/blog\/wp-json\/wp\/v2\/types\/post"}],"author":[{"embeddable":true,"href":"https:\/\/agenciainfra.com\/blog\/wp-json\/wp\/v2\/users\/1"}],"replies":[{"embeddable":true,"href":"https:\/\/agenciainfra.com\/blog\/wp-json\/wp\/v2\/comments?post=17713"}],"version-history":[{"count":1,"href":"https:\/\/agenciainfra.com\/blog\/wp-json\/wp\/v2\/posts\/17713\/revisions"}],"predecessor-version":[{"id":17714,"href":"https:\/\/agenciainfra.com\/blog\/wp-json\/wp\/v2\/posts\/17713\/revisions\/17714"}],"wp:featuredmedia":[{"embeddable":true,"href":"https:\/\/agenciainfra.com\/blog\/wp-json\/wp\/v2\/media\/6657"}],"wp:attachment":[{"href":"https:\/\/agenciainfra.com\/blog\/wp-json\/wp\/v2\/media?parent=17713"}],"wp:term":[{"taxonomy":"category","embeddable":true,"href":"https:\/\/agenciainfra.com\/blog\/wp-json\/wp\/v2\/categories?post=17713"},{"taxonomy":"post_tag","embeddable":true,"href":"https:\/\/agenciainfra.com\/blog\/wp-json\/wp\/v2\/tags?post=17713"}],"curies":[{"name":"wp","href":"https:\/\/api.w.org\/{rel}","templated":true}]}}