{"id":1772,"date":"2018-05-30T07:30:26","date_gmt":"2018-05-30T10:30:26","guid":{"rendered":"http:\/\/www.agenciainfra.com\/blog\/?p=1772"},"modified":"2018-05-30T15:47:57","modified_gmt":"2018-05-30T18:47:57","slug":"decisao-sobre-libra-indica-para-negativa-a-renovacoes-antecipadas-previstas-no-decreto-dos-portos","status":"publish","type":"post","link":"https:\/\/agenciainfra.com\/blog\/decisao-sobre-libra-indica-para-negativa-a-renovacoes-antecipadas-previstas-no-decreto-dos-portos\/","title":{"rendered":"Decis\u00e3o sobre Libra indica para negativa a renova\u00e7\u00f5es antecipadas previstas no Decreto dos Portos"},"content":{"rendered":"<p>&nbsp;<\/p>\n<div>\n<h5 style=\"text-align: right;\"><strong>Dimmi Amora, da Ag\u00eancia iNFRA<\/strong><\/h5>\n<div>\n<p>A\u00a0<a href=\"https:\/\/agenciainfra.us14.list-manage.com\/track\/click?u=d460dd1bcf9ba0ae040e1fc0f&amp;id=e10a9c1b16&amp;e=0c440aab2b\" target=\"_blank\" rel=\"noopener\" data-saferedirecturl=\"https:\/\/www.google.com\/url?hl=pt-BR&amp;q=https:\/\/agenciainfra.us14.list-manage.com\/track\/click?u%3Dd460dd1bcf9ba0ae040e1fc0f%26id%3De10a9c1b16%26e%3D0c440aab2b&amp;source=gmail&amp;ust=1527728998126000&amp;usg=AFQjCNHItYrdKXA-3BPhU-liCd_5r779RA\">decis\u00e3o do TCU<\/a>\u00a0(Tribunal de Contas da Uni\u00e3o) de anular o termo aditivo de renova\u00e7\u00e3o antecipada do contrato de concess\u00e3o da\u00a0<span class=\"il\">Libra<\/span>\u00a0no porto de Santos (SP), tomada na quarta-feira (23), por unanimidade, indica que dificilmente o \u00f3rg\u00e3o vai permitir a aplica\u00e7\u00e3o da regra nos contratos j\u00e1 existentes. A medida havia sido\u00a0criada pelo Decreto de Portos 9.048, de 2017.<\/p>\n<p>No caso da\u00a0<span class=\"il\">Libra<\/span>, a renova\u00e7\u00e3o foi tomada com base em decreto anterior, o 8.465, de 2015, que regulamentava apenas um dos dispositivos da Lei de Portos (12.815\/2013), o que permitia a renova\u00e7\u00e3o antecipada mesmo em caso de terminais inadimplentes que estivessem em processo de arbitragem.<\/p>\n<p>A ministra relatora, Ana Arraes, entendeu que nem sequer esse decreto foi cumprido na renova\u00e7\u00e3o da\u00a0<span class=\"il\">Libra<\/span>, j\u00e1 que o termo aditivo foi assinado antes mesmo do processo de arbitragem estar oficialmente aberto. Por esse motivo, o termo aditivo foi anulado. A decis\u00e3o previu ainda que o governo inicie imediatamente o processo para relicitar o terminal. A\u00a0<span class=\"il\">Libra<\/span>\u00a0vai operar a unidade at\u00e9 que nova empresa seja escolhida. Ainda cabe recurso da decis\u00e3o.<\/p>\n<p>No caso da\u00a0<span class=\"il\">Libra<\/span>, a renova\u00e7\u00e3o antecipada unificou tr\u00eas terminais da empresa (35, 37 e 39). A arbitragem entre a\u00a0<span class=\"il\">Libra<\/span>\u00a0e a Codesp (Companhia Docas do Estado de S\u00e3o Paulo) \u00e9 espec\u00edfica em rela\u00e7\u00e3o ao 35, mas a determina\u00e7\u00e3o do TCU \u00e9 que o governo avalie licitar os tr\u00eas terminais juntos em 2020, quando se encerra o prazo do \u00faltimo dos tr\u00eas acordos.<\/p>\n<p>Os contratos da\u00a0<span class=\"il\">Libra<\/span>\u00a0t\u00eam previs\u00e3o de renova\u00e7\u00e3o por mais um per\u00edodo. Mas choveram cr\u00edticas \u00e0 empresa sobre os descumprimentos de investimentos previstos e a falta de pagamento pelo arrendamento, que gerou um contencioso estimado em R$ 2 bilh\u00f5es atualmente. &#8220;N\u00e3o pagaram sequer a gorjeta&#8221;, reclamou o ministro Walton Alencar, o mais exaltado com o processo, dizendo que a empresa pagou menos de 10% do devido.<\/p>\n<p>Agora, o TCU vai abrir processos espec\u00edficos para monitorar a licita\u00e7\u00e3o do terminal da empresa, um dos maiores de cont\u00eaineres do porto, al\u00e9m de outro para apurar as responsabilidades dos agentes p\u00fablicos na assinatura do aditivo. Os dados tamb\u00e9m ser\u00e3o compartilhados com a Pol\u00edcia Federal que apura se houve benef\u00edcio \u00e0 empresa em troca de propina.<\/p>\n<p>Apesar do processo da\u00a0<span class=\"il\">Libra<\/span>\u00a0ter sido todo feito com base nos decretos anteriores ao 9.048\/2017, fica n\u00edtido que os ministros dever\u00e3o seguir a \u00e1rea t\u00e9cnica do \u00f3rg\u00e3o no processo relativo ao Decreto de Portos de 2017. Esses dois pontos, a renova\u00e7\u00e3o antecipada com extens\u00e3o de prazo e a unifica\u00e7\u00e3o de \u00e1reas, s\u00e3o as duas principais contesta\u00e7\u00f5es da \u00e1rea t\u00e9cnica ao novo decreto. O entendimento tende a ser que s\u00f3 seria poss\u00edvel fazer as renova\u00e7\u00f5es por at\u00e9 70 anos, como prev\u00ea o decreto, para novos contratos licitados.<\/p>\n<\/div>\n<\/div>\n","protected":false},"excerpt":{"rendered":"<p>&nbsp; Dimmi Amora, da Ag\u00eancia iNFRA A\u00a0decis\u00e3o do TCU\u00a0(Tribunal de Contas da Uni\u00e3o) de anular o termo aditivo de renova\u00e7\u00e3o antecipada do contrato de concess\u00e3o da\u00a0Libra\u00a0no porto de Santos (SP), tomada na quarta-feira (23), por unanimidade, indica que dificilmente o \u00f3rg\u00e3o vai permitir a aplica\u00e7\u00e3o da regra nos contratos j\u00e1 existentes. A medida havia sido\u00a0criada [&hellip;]<\/p>\n","protected":false},"author":1,"featured_media":1138,"comment_status":"closed","ping_status":"open","sticky":false,"template":"","format":"standard","meta":{"_monsterinsights_skip_tracking":false,"_monsterinsights_sitenote_active":false,"_monsterinsights_sitenote_note":"","_monsterinsights_sitenote_category":0,"footnotes":""},"categories":[7],"tags":[307,222,308,259,226,18],"class_list":["post-1772","post","type-post","status-publish","format-standard","has-post-thumbnail","hentry","category-infratransporte","tag-codesp","tag-decreto-dos-portos","tag-lei-dos-portos","tag-libra","tag-renovacao","tag-tcu"],"yoast_head":"<!-- This site is optimized with the Yoast SEO Premium plugin v25.4 (Yoast SEO v26.0) - https:\/\/yoast.com\/wordpress\/plugins\/seo\/ -->\n<title>Decis\u00e3o sobre Libra indica para negativa a renova\u00e7\u00f5es antecipadas previstas no Decreto dos Portos - Ag\u00eancia iNFRA<\/title>\n<meta name=\"robots\" content=\"index, follow, max-snippet:-1, max-image-preview:large, max-video-preview:-1\" \/>\n<link rel=\"canonical\" href=\"https:\/\/agenciainfra.com\/blog\/decisao-sobre-libra-indica-para-negativa-a-renovacoes-antecipadas-previstas-no-decreto-dos-portos\/\" \/>\n<meta property=\"og:locale\" content=\"pt_BR\" \/>\n<meta property=\"og:type\" content=\"article\" \/>\n<meta property=\"og:title\" content=\"Decis\u00e3o sobre Libra indica para negativa a renova\u00e7\u00f5es antecipadas previstas no Decreto dos Portos\" \/>\n<meta property=\"og:description\" content=\"&nbsp; Dimmi Amora, da Ag\u00eancia iNFRA A\u00a0decis\u00e3o do TCU\u00a0(Tribunal de Contas da Uni\u00e3o) de anular o termo aditivo de renova\u00e7\u00e3o antecipada do contrato de concess\u00e3o da\u00a0Libra\u00a0no porto de Santos (SP), tomada na quarta-feira (23), por unanimidade, indica que dificilmente o \u00f3rg\u00e3o vai permitir a aplica\u00e7\u00e3o da regra nos contratos j\u00e1 existentes. A medida havia sido\u00a0criada [&hellip;]\" \/>\n<meta property=\"og:url\" content=\"https:\/\/agenciainfra.com\/blog\/decisao-sobre-libra-indica-para-negativa-a-renovacoes-antecipadas-previstas-no-decreto-dos-portos\/\" \/>\n<meta property=\"og:site_name\" content=\"Ag\u00eancia iNFRA\" \/>\n<meta property=\"article:publisher\" content=\"https:\/\/www.facebook.com\/ageninfra\" \/>\n<meta property=\"article:published_time\" content=\"2018-05-30T10:30:26+00:00\" \/>\n<meta property=\"article:modified_time\" content=\"2018-05-30T18:47:57+00:00\" \/>\n<meta property=\"og:image\" content=\"https:\/\/agenciainfra.com\/blog\/wp-content\/uploads\/2017\/11\/armazem-2-1.jpg\" \/>\n\t<meta property=\"og:image:width\" content=\"608\" \/>\n\t<meta property=\"og:image:height\" content=\"405\" \/>\n\t<meta property=\"og:image:type\" content=\"image\/jpeg\" \/>\n<meta name=\"author\" content=\"Ag\u00eancia iNFRA\" \/>\n<meta name=\"twitter:card\" content=\"summary_large_image\" \/>\n<meta name=\"twitter:creator\" content=\"@agencia_infra\" \/>\n<meta name=\"twitter:site\" content=\"@agencia_infra\" \/>\n<meta name=\"twitter:label1\" content=\"Escrito por\" \/>\n\t<meta name=\"twitter:data1\" content=\"Ag\u00eancia iNFRA\" \/>\n\t<meta name=\"twitter:label2\" content=\"Est. tempo de leitura\" \/>\n\t<meta name=\"twitter:data2\" content=\"2 minutos\" \/>\n<script type=\"application\/ld+json\" class=\"yoast-schema-graph\">{\"@context\":\"https:\/\/schema.org\",\"@graph\":[{\"@type\":\"Article\",\"@id\":\"https:\/\/agenciainfra.com\/blog\/decisao-sobre-libra-indica-para-negativa-a-renovacoes-antecipadas-previstas-no-decreto-dos-portos\/#article\",\"isPartOf\":{\"@id\":\"https:\/\/agenciainfra.com\/blog\/decisao-sobre-libra-indica-para-negativa-a-renovacoes-antecipadas-previstas-no-decreto-dos-portos\/\"},\"author\":{\"name\":\"Ag\u00eancia iNFRA\",\"@id\":\"https:\/\/agenciainfra.com\/blog\/#\/schema\/person\/34af08dff6adea4cb22b06612ba7acfa\"},\"headline\":\"Decis\u00e3o sobre Libra indica para negativa a renova\u00e7\u00f5es antecipadas previstas no Decreto dos Portos\",\"datePublished\":\"2018-05-30T10:30:26+00:00\",\"dateModified\":\"2018-05-30T18:47:57+00:00\",\"mainEntityOfPage\":{\"@id\":\"https:\/\/agenciainfra.com\/blog\/decisao-sobre-libra-indica-para-negativa-a-renovacoes-antecipadas-previstas-no-decreto-dos-portos\/\"},\"wordCount\":503,\"publisher\":{\"@id\":\"https:\/\/agenciainfra.com\/blog\/#organization\"},\"image\":{\"@id\":\"https:\/\/agenciainfra.com\/blog\/decisao-sobre-libra-indica-para-negativa-a-renovacoes-antecipadas-previstas-no-decreto-dos-portos\/#primaryimage\"},\"thumbnailUrl\":\"https:\/\/agenciainfra.com\/blog\/wp-content\/uploads\/2017\/11\/armazem-2-1.jpg\",\"keywords\":[\"Codesp\",\"Decreto dos Portos\",\"Lei dos Portos\",\"Libra\",\"renova\u00e7\u00e3o\",\"TCU\"],\"articleSection\":[\"iNFRATransporte\"],\"inLanguage\":\"pt-BR\",\"copyrightYear\":\"2018\",\"copyrightHolder\":{\"@id\":\"https:\/\/agenciainfra.com\/blog\/#organization\"}},{\"@type\":\"WebPage\",\"@id\":\"https:\/\/agenciainfra.com\/blog\/decisao-sobre-libra-indica-para-negativa-a-renovacoes-antecipadas-previstas-no-decreto-dos-portos\/\",\"url\":\"https:\/\/agenciainfra.com\/blog\/decisao-sobre-libra-indica-para-negativa-a-renovacoes-antecipadas-previstas-no-decreto-dos-portos\/\",\"name\":\"Decis\u00e3o sobre Libra indica para negativa a renova\u00e7\u00f5es antecipadas previstas no Decreto dos Portos - Ag\u00eancia iNFRA\",\"isPartOf\":{\"@id\":\"https:\/\/agenciainfra.com\/blog\/#website\"},\"primaryImageOfPage\":{\"@id\":\"https:\/\/agenciainfra.com\/blog\/decisao-sobre-libra-indica-para-negativa-a-renovacoes-antecipadas-previstas-no-decreto-dos-portos\/#primaryimage\"},\"image\":{\"@id\":\"https:\/\/agenciainfra.com\/blog\/decisao-sobre-libra-indica-para-negativa-a-renovacoes-antecipadas-previstas-no-decreto-dos-portos\/#primaryimage\"},\"thumbnailUrl\":\"https:\/\/agenciainfra.com\/blog\/wp-content\/uploads\/2017\/11\/armazem-2-1.jpg\",\"datePublished\":\"2018-05-30T10:30:26+00:00\",\"dateModified\":\"2018-05-30T18:47:57+00:00\",\"breadcrumb\":{\"@id\":\"https:\/\/agenciainfra.com\/blog\/decisao-sobre-libra-indica-para-negativa-a-renovacoes-antecipadas-previstas-no-decreto-dos-portos\/#breadcrumb\"},\"inLanguage\":\"pt-BR\",\"potentialAction\":[{\"@type\":\"ReadAction\",\"target\":[\"https:\/\/agenciainfra.com\/blog\/decisao-sobre-libra-indica-para-negativa-a-renovacoes-antecipadas-previstas-no-decreto-dos-portos\/\"]}]},{\"@type\":\"ImageObject\",\"inLanguage\":\"pt-BR\",\"@id\":\"https:\/\/agenciainfra.com\/blog\/decisao-sobre-libra-indica-para-negativa-a-renovacoes-antecipadas-previstas-no-decreto-dos-portos\/#primaryimage\",\"url\":\"https:\/\/agenciainfra.com\/blog\/wp-content\/uploads\/2017\/11\/armazem-2-1.jpg\",\"contentUrl\":\"https:\/\/agenciainfra.com\/blog\/wp-content\/uploads\/2017\/11\/armazem-2-1.jpg\",\"width\":608,\"height\":405},{\"@type\":\"BreadcrumbList\",\"@id\":\"https:\/\/agenciainfra.com\/blog\/decisao-sobre-libra-indica-para-negativa-a-renovacoes-antecipadas-previstas-no-decreto-dos-portos\/#breadcrumb\",\"itemListElement\":[{\"@type\":\"ListItem\",\"position\":1,\"name\":\"In\u00edcio\",\"item\":\"https:\/\/agenciainfra.com\/blog\/\"},{\"@type\":\"ListItem\",\"position\":2,\"name\":\"Decis\u00e3o sobre Libra indica para negativa a renova\u00e7\u00f5es antecipadas previstas no Decreto dos Portos\"}]},{\"@type\":\"WebSite\",\"@id\":\"https:\/\/agenciainfra.com\/blog\/#website\",\"url\":\"https:\/\/agenciainfra.com\/blog\/\",\"name\":\"Ag\u00eancia iNFRA\",\"description\":\"Multiplataforma de informa\u00e7\u00e3o jornal\u00edstica refer\u00eancia na \u00e1rea de infraestrutura no Brasil!\",\"publisher\":{\"@id\":\"https:\/\/agenciainfra.com\/blog\/#organization\"},\"potentialAction\":[{\"@type\":\"SearchAction\",\"target\":{\"@type\":\"EntryPoint\",\"urlTemplate\":\"https:\/\/agenciainfra.com\/blog\/?s={search_term_string}\"},\"query-input\":{\"@type\":\"PropertyValueSpecification\",\"valueRequired\":true,\"valueName\":\"search_term_string\"}}],\"inLanguage\":\"pt-BR\"},{\"@type\":\"Organization\",\"@id\":\"https:\/\/agenciainfra.com\/blog\/#organization\",\"name\":\"Ag\u00eancia iNFRA\",\"url\":\"https:\/\/agenciainfra.com\/blog\/\",\"logo\":{\"@type\":\"ImageObject\",\"inLanguage\":\"pt-BR\",\"@id\":\"https:\/\/agenciainfra.com\/blog\/#\/schema\/logo\/image\/\",\"url\":\"https:\/\/agenciainfra.com\/blog\/wp-content\/uploads\/2023\/09\/iNFRA_5-e1761735885940.png\",\"contentUrl\":\"https:\/\/agenciainfra.com\/blog\/wp-content\/uploads\/2023\/09\/iNFRA_5-e1761735885940.png\",\"width\":1672,\"height\":454,\"caption\":\"Ag\u00eancia iNFRA\"},\"image\":{\"@id\":\"https:\/\/agenciainfra.com\/blog\/#\/schema\/logo\/image\/\"},\"sameAs\":[\"https:\/\/www.facebook.com\/ageninfra\",\"https:\/\/x.com\/agencia_infra\",\"https:\/\/www.linkedin.com\/company\/ag\u00eanciainfra\/\",\"https:\/\/www.instagram.com\/agenciainfra\/\"]},{\"@type\":\"Person\",\"@id\":\"https:\/\/agenciainfra.com\/blog\/#\/schema\/person\/34af08dff6adea4cb22b06612ba7acfa\",\"name\":\"Ag\u00eancia iNFRA\",\"image\":{\"@type\":\"ImageObject\",\"inLanguage\":\"pt-BR\",\"@id\":\"https:\/\/agenciainfra.com\/blog\/#\/schema\/person\/image\/\",\"url\":\"https:\/\/secure.gravatar.com\/avatar\/d189e01678f06d8eb84d4e01f08eb848b3fffe3f8443818d3c356c66892f5be8?s=96&d=mm&r=g\",\"contentUrl\":\"https:\/\/secure.gravatar.com\/avatar\/d189e01678f06d8eb84d4e01f08eb848b3fffe3f8443818d3c356c66892f5be8?s=96&d=mm&r=g\",\"caption\":\"Ag\u00eancia iNFRA\"},\"url\":\"https:\/\/agenciainfra.com\/blog\/author\/admin\/\"}]}<\/script>\n<!-- \/ Yoast SEO Premium plugin. -->","yoast_head_json":{"title":"Decis\u00e3o sobre Libra indica para negativa a renova\u00e7\u00f5es antecipadas previstas no Decreto dos Portos - Ag\u00eancia iNFRA","robots":{"index":"index","follow":"follow","max-snippet":"max-snippet:-1","max-image-preview":"max-image-preview:large","max-video-preview":"max-video-preview:-1"},"canonical":"https:\/\/agenciainfra.com\/blog\/decisao-sobre-libra-indica-para-negativa-a-renovacoes-antecipadas-previstas-no-decreto-dos-portos\/","og_locale":"pt_BR","og_type":"article","og_title":"Decis\u00e3o sobre Libra indica para negativa a renova\u00e7\u00f5es antecipadas previstas no Decreto dos Portos","og_description":"&nbsp; Dimmi Amora, da Ag\u00eancia iNFRA A\u00a0decis\u00e3o do TCU\u00a0(Tribunal de Contas da Uni\u00e3o) de anular o termo aditivo de renova\u00e7\u00e3o antecipada do contrato de concess\u00e3o da\u00a0Libra\u00a0no porto de Santos (SP), tomada na quarta-feira (23), por unanimidade, indica que dificilmente o \u00f3rg\u00e3o vai permitir a aplica\u00e7\u00e3o da regra nos contratos j\u00e1 existentes. A medida havia sido\u00a0criada [&hellip;]","og_url":"https:\/\/agenciainfra.com\/blog\/decisao-sobre-libra-indica-para-negativa-a-renovacoes-antecipadas-previstas-no-decreto-dos-portos\/","og_site_name":"Ag\u00eancia iNFRA","article_publisher":"https:\/\/www.facebook.com\/ageninfra","article_published_time":"2018-05-30T10:30:26+00:00","article_modified_time":"2018-05-30T18:47:57+00:00","og_image":[{"width":608,"height":405,"url":"https:\/\/agenciainfra.com\/blog\/wp-content\/uploads\/2017\/11\/armazem-2-1.jpg","type":"image\/jpeg"}],"author":"Ag\u00eancia iNFRA","twitter_card":"summary_large_image","twitter_creator":"@agencia_infra","twitter_site":"@agencia_infra","twitter_misc":{"Escrito por":"Ag\u00eancia iNFRA","Est. tempo de leitura":"2 minutos"},"schema":{"@context":"https:\/\/schema.org","@graph":[{"@type":"Article","@id":"https:\/\/agenciainfra.com\/blog\/decisao-sobre-libra-indica-para-negativa-a-renovacoes-antecipadas-previstas-no-decreto-dos-portos\/#article","isPartOf":{"@id":"https:\/\/agenciainfra.com\/blog\/decisao-sobre-libra-indica-para-negativa-a-renovacoes-antecipadas-previstas-no-decreto-dos-portos\/"},"author":{"name":"Ag\u00eancia iNFRA","@id":"https:\/\/agenciainfra.com\/blog\/#\/schema\/person\/34af08dff6adea4cb22b06612ba7acfa"},"headline":"Decis\u00e3o sobre Libra indica para negativa a renova\u00e7\u00f5es antecipadas previstas no Decreto dos Portos","datePublished":"2018-05-30T10:30:26+00:00","dateModified":"2018-05-30T18:47:57+00:00","mainEntityOfPage":{"@id":"https:\/\/agenciainfra.com\/blog\/decisao-sobre-libra-indica-para-negativa-a-renovacoes-antecipadas-previstas-no-decreto-dos-portos\/"},"wordCount":503,"publisher":{"@id":"https:\/\/agenciainfra.com\/blog\/#organization"},"image":{"@id":"https:\/\/agenciainfra.com\/blog\/decisao-sobre-libra-indica-para-negativa-a-renovacoes-antecipadas-previstas-no-decreto-dos-portos\/#primaryimage"},"thumbnailUrl":"https:\/\/agenciainfra.com\/blog\/wp-content\/uploads\/2017\/11\/armazem-2-1.jpg","keywords":["Codesp","Decreto dos Portos","Lei dos Portos","Libra","renova\u00e7\u00e3o","TCU"],"articleSection":["iNFRATransporte"],"inLanguage":"pt-BR","copyrightYear":"2018","copyrightHolder":{"@id":"https:\/\/agenciainfra.com\/blog\/#organization"}},{"@type":"WebPage","@id":"https:\/\/agenciainfra.com\/blog\/decisao-sobre-libra-indica-para-negativa-a-renovacoes-antecipadas-previstas-no-decreto-dos-portos\/","url":"https:\/\/agenciainfra.com\/blog\/decisao-sobre-libra-indica-para-negativa-a-renovacoes-antecipadas-previstas-no-decreto-dos-portos\/","name":"Decis\u00e3o sobre Libra indica para negativa a renova\u00e7\u00f5es antecipadas previstas no Decreto dos Portos - Ag\u00eancia iNFRA","isPartOf":{"@id":"https:\/\/agenciainfra.com\/blog\/#website"},"primaryImageOfPage":{"@id":"https:\/\/agenciainfra.com\/blog\/decisao-sobre-libra-indica-para-negativa-a-renovacoes-antecipadas-previstas-no-decreto-dos-portos\/#primaryimage"},"image":{"@id":"https:\/\/agenciainfra.com\/blog\/decisao-sobre-libra-indica-para-negativa-a-renovacoes-antecipadas-previstas-no-decreto-dos-portos\/#primaryimage"},"thumbnailUrl":"https:\/\/agenciainfra.com\/blog\/wp-content\/uploads\/2017\/11\/armazem-2-1.jpg","datePublished":"2018-05-30T10:30:26+00:00","dateModified":"2018-05-30T18:47:57+00:00","breadcrumb":{"@id":"https:\/\/agenciainfra.com\/blog\/decisao-sobre-libra-indica-para-negativa-a-renovacoes-antecipadas-previstas-no-decreto-dos-portos\/#breadcrumb"},"inLanguage":"pt-BR","potentialAction":[{"@type":"ReadAction","target":["https:\/\/agenciainfra.com\/blog\/decisao-sobre-libra-indica-para-negativa-a-renovacoes-antecipadas-previstas-no-decreto-dos-portos\/"]}]},{"@type":"ImageObject","inLanguage":"pt-BR","@id":"https:\/\/agenciainfra.com\/blog\/decisao-sobre-libra-indica-para-negativa-a-renovacoes-antecipadas-previstas-no-decreto-dos-portos\/#primaryimage","url":"https:\/\/agenciainfra.com\/blog\/wp-content\/uploads\/2017\/11\/armazem-2-1.jpg","contentUrl":"https:\/\/agenciainfra.com\/blog\/wp-content\/uploads\/2017\/11\/armazem-2-1.jpg","width":608,"height":405},{"@type":"BreadcrumbList","@id":"https:\/\/agenciainfra.com\/blog\/decisao-sobre-libra-indica-para-negativa-a-renovacoes-antecipadas-previstas-no-decreto-dos-portos\/#breadcrumb","itemListElement":[{"@type":"ListItem","position":1,"name":"In\u00edcio","item":"https:\/\/agenciainfra.com\/blog\/"},{"@type":"ListItem","position":2,"name":"Decis\u00e3o sobre Libra indica para negativa a renova\u00e7\u00f5es antecipadas previstas no Decreto dos Portos"}]},{"@type":"WebSite","@id":"https:\/\/agenciainfra.com\/blog\/#website","url":"https:\/\/agenciainfra.com\/blog\/","name":"Ag\u00eancia iNFRA","description":"Multiplataforma de informa\u00e7\u00e3o jornal\u00edstica refer\u00eancia na \u00e1rea de infraestrutura no Brasil!","publisher":{"@id":"https:\/\/agenciainfra.com\/blog\/#organization"},"potentialAction":[{"@type":"SearchAction","target":{"@type":"EntryPoint","urlTemplate":"https:\/\/agenciainfra.com\/blog\/?s={search_term_string}"},"query-input":{"@type":"PropertyValueSpecification","valueRequired":true,"valueName":"search_term_string"}}],"inLanguage":"pt-BR"},{"@type":"Organization","@id":"https:\/\/agenciainfra.com\/blog\/#organization","name":"Ag\u00eancia iNFRA","url":"https:\/\/agenciainfra.com\/blog\/","logo":{"@type":"ImageObject","inLanguage":"pt-BR","@id":"https:\/\/agenciainfra.com\/blog\/#\/schema\/logo\/image\/","url":"https:\/\/agenciainfra.com\/blog\/wp-content\/uploads\/2023\/09\/iNFRA_5-e1761735885940.png","contentUrl":"https:\/\/agenciainfra.com\/blog\/wp-content\/uploads\/2023\/09\/iNFRA_5-e1761735885940.png","width":1672,"height":454,"caption":"Ag\u00eancia iNFRA"},"image":{"@id":"https:\/\/agenciainfra.com\/blog\/#\/schema\/logo\/image\/"},"sameAs":["https:\/\/www.facebook.com\/ageninfra","https:\/\/x.com\/agencia_infra","https:\/\/www.linkedin.com\/company\/ag\u00eanciainfra\/","https:\/\/www.instagram.com\/agenciainfra\/"]},{"@type":"Person","@id":"https:\/\/agenciainfra.com\/blog\/#\/schema\/person\/34af08dff6adea4cb22b06612ba7acfa","name":"Ag\u00eancia iNFRA","image":{"@type":"ImageObject","inLanguage":"pt-BR","@id":"https:\/\/agenciainfra.com\/blog\/#\/schema\/person\/image\/","url":"https:\/\/secure.gravatar.com\/avatar\/d189e01678f06d8eb84d4e01f08eb848b3fffe3f8443818d3c356c66892f5be8?s=96&d=mm&r=g","contentUrl":"https:\/\/secure.gravatar.com\/avatar\/d189e01678f06d8eb84d4e01f08eb848b3fffe3f8443818d3c356c66892f5be8?s=96&d=mm&r=g","caption":"Ag\u00eancia iNFRA"},"url":"https:\/\/agenciainfra.com\/blog\/author\/admin\/"}]}},"_links":{"self":[{"href":"https:\/\/agenciainfra.com\/blog\/wp-json\/wp\/v2\/posts\/1772","targetHints":{"allow":["GET"]}}],"collection":[{"href":"https:\/\/agenciainfra.com\/blog\/wp-json\/wp\/v2\/posts"}],"about":[{"href":"https:\/\/agenciainfra.com\/blog\/wp-json\/wp\/v2\/types\/post"}],"author":[{"embeddable":true,"href":"https:\/\/agenciainfra.com\/blog\/wp-json\/wp\/v2\/users\/1"}],"replies":[{"embeddable":true,"href":"https:\/\/agenciainfra.com\/blog\/wp-json\/wp\/v2\/comments?post=1772"}],"version-history":[{"count":0,"href":"https:\/\/agenciainfra.com\/blog\/wp-json\/wp\/v2\/posts\/1772\/revisions"}],"wp:featuredmedia":[{"embeddable":true,"href":"https:\/\/agenciainfra.com\/blog\/wp-json\/wp\/v2\/media\/1138"}],"wp:attachment":[{"href":"https:\/\/agenciainfra.com\/blog\/wp-json\/wp\/v2\/media?parent=1772"}],"wp:term":[{"taxonomy":"category","embeddable":true,"href":"https:\/\/agenciainfra.com\/blog\/wp-json\/wp\/v2\/categories?post=1772"},{"taxonomy":"post_tag","embeddable":true,"href":"https:\/\/agenciainfra.com\/blog\/wp-json\/wp\/v2\/tags?post=1772"}],"curies":[{"name":"wp","href":"https:\/\/api.w.org\/{rel}","templated":true}]}}