{"id":1782,"date":"2018-06-01T11:10:51","date_gmt":"2018-06-01T14:10:51","guid":{"rendered":"http:\/\/www.agenciainfra.com\/blog\/?p=1782"},"modified":"2018-06-01T11:11:30","modified_gmt":"2018-06-01T14:11:30","slug":"conselho-de-secretarios-de-transportes-reclama-de-perda-de-r-722-milhoes-com-isencao-da-cide","status":"publish","type":"post","link":"https:\/\/agenciainfra.com\/blog\/conselho-de-secretarios-de-transportes-reclama-de-perda-de-r-722-milhoes-com-isencao-da-cide\/","title":{"rendered":"Conselho de secret\u00e1rios de transportes reclama de perda de R$ 722 milh\u00f5es com isen\u00e7\u00e3o da CIDE"},"content":{"rendered":"<p style=\"text-align: right;\"><strong>Dimmi Amora, da Ag\u00eancia iNFRA<\/strong><\/p>\n<p>O Consetrans (Conselho Nacional de Secret\u00e1rios de Transportes), \u00f3rg\u00e3o que re\u00fane os secret\u00e1rios de transportes estaduais do pa\u00eds, apresentou c\u00e1lculo estimando em R$ 722 milh\u00f5es a perda de recursos dos governos estaduais e municipais com a redu\u00e7\u00e3o da al\u00edquota da CIDE\u00a0sobre o diesel.<\/p>\n<p>A medida foi uma das anunciadas pelo governo para acabar com a greve dos caminhoneiros. Pela lei, parte da CIDE \u00e9 repassada para estados (75%)\u00a0e munic\u00edpios (25%). Esse dinheiro tem que ser usado para investimentos em melhoria e amplia\u00e7\u00e3o do sistema de transportes. Na pr\u00e1tica, est\u00e1 servindo basicamente para manuten\u00e7\u00e3o das rodovias estaduais e municipais.<\/p>\n<p>De acordo nota assinada pelos 27 secret\u00e1rios, a\u00a0medida &#8220;poder\u00e1 reduzir drasticamente os investimentos em obras nas rodovias brasileiras, e ocasionar\u00e1 outros impactos negativos ao desenvolvimento do pa\u00eds nos pr\u00f3ximos anos&#8221;.<\/p>\n<p>Segundo o presidente do Cosetrans e secret\u00e1rio de Infraestrutura do Mato Grosso, Marcelo Duarte,\u00a0os R$ 0,05 centavos por litro descontados teriam impacto irris\u00f3rio na redu\u00e7\u00e3o do pre\u00e7o dos combust\u00edveis. Por isso,\u00a0os 27 secret\u00e1rios afirmaram ser contr\u00e1rios \u00e0 medida que &#8220;ocasionar\u00e1 enorme redu\u00e7\u00e3o dos investimentos em manuten\u00e7\u00e3o e conserva\u00e7\u00e3o das rodovias do pa\u00eds, visto que os Estados trabalham h\u00e1 anos com previs\u00e3o de investimento feita com base no repasse dos recursos da Cide&#8221;.<\/p>\n<p>De acordo com os c\u00e1lculos obtidos pela\u00a0<strong>Ag\u00eancia iNFRA<\/strong>, a verba prevista por ano para a CIDE era de R$ 1,8 bilh\u00e3o. Com a redu\u00e7\u00e3o da al\u00edquota do Diesel, o valor vai baixar para pr\u00f3ximo dos R$ 1,08 bilh\u00e3o. S\u00e3o Paulo \u00e9 o estado que mais perde recursos, cerca de R$ 123 milh\u00f5es em um ano, seguido de Minas Gerais, com R$ 79,5 milh\u00f5es e Bahia, com R$ 47 milh\u00f5es.<\/p>\n<p><img fetchpriority=\"high\" decoding=\"async\" class=\"alignnone wp-image-1783 aligncenter\" src=\"http:\/\/www.agenciainfra.com\/agenciainfra\/blog\/wp-content\/uploads\/2018\/06\/Consetrans-238x300.png\" alt=\"\" width=\"667\" height=\"841\" srcset=\"https:\/\/agenciainfra.com\/blog\/wp-content\/uploads\/2018\/06\/Consetrans-238x300.png 238w, https:\/\/agenciainfra.com\/blog\/wp-content\/uploads\/2018\/06\/Consetrans-768x970.png 768w, https:\/\/agenciainfra.com\/blog\/wp-content\/uploads\/2018\/06\/Consetrans-811x1024.png 811w, https:\/\/agenciainfra.com\/blog\/wp-content\/uploads\/2018\/06\/Consetrans-76x96.png 76w, https:\/\/agenciainfra.com\/blog\/wp-content\/uploads\/2018\/06\/Consetrans.png 887w\" sizes=\"(max-width: 667px) 100vw, 667px\" \/><\/p>\n","protected":false},"excerpt":{"rendered":"<p>Dimmi Amora, da Ag\u00eancia iNFRA O Consetrans (Conselho Nacional de Secret\u00e1rios de Transportes), \u00f3rg\u00e3o que re\u00fane os secret\u00e1rios de transportes estaduais do pa\u00eds, apresentou c\u00e1lculo estimando em R$ 722 milh\u00f5es a perda de recursos dos governos estaduais e municipais com a redu\u00e7\u00e3o da al\u00edquota da CIDE\u00a0sobre o diesel. A medida foi uma das anunciadas pelo [&hellip;]<\/p>\n","protected":false},"author":1,"featured_media":0,"comment_status":"closed","ping_status":"open","sticky":false,"template":"","format":"standard","meta":{"_monsterinsights_skip_tracking":false,"_monsterinsights_sitenote_active":false,"_monsterinsights_sitenote_note":"","_monsterinsights_sitenote_category":0,"footnotes":""},"categories":[7],"tags":[311,314,312,315,313],"class_list":["post-1782","post","type-post","status-publish","format-standard","hentry","category-infratransporte","tag-cide","tag-combustiveis","tag-consetrans","tag-diesel","tag-isencao"],"yoast_head":"<!-- This site is optimized with the Yoast SEO Premium plugin v25.4 (Yoast SEO v26.0) - https:\/\/yoast.com\/wordpress\/plugins\/seo\/ -->\n<title>Conselho de secret\u00e1rios de transportes reclama de perda de R$ 722 milh\u00f5es com isen\u00e7\u00e3o da CIDE - Ag\u00eancia iNFRA<\/title>\n<meta name=\"robots\" content=\"index, follow, max-snippet:-1, max-image-preview:large, max-video-preview:-1\" \/>\n<link rel=\"canonical\" href=\"https:\/\/agenciainfra.com\/blog\/conselho-de-secretarios-de-transportes-reclama-de-perda-de-r-722-milhoes-com-isencao-da-cide\/\" \/>\n<meta property=\"og:locale\" content=\"pt_BR\" \/>\n<meta property=\"og:type\" content=\"article\" \/>\n<meta property=\"og:title\" content=\"Conselho de secret\u00e1rios de transportes reclama de perda de R$ 722 milh\u00f5es com isen\u00e7\u00e3o da CIDE\" \/>\n<meta property=\"og:description\" content=\"Dimmi Amora, da Ag\u00eancia iNFRA O Consetrans (Conselho Nacional de Secret\u00e1rios de Transportes), \u00f3rg\u00e3o que re\u00fane os secret\u00e1rios de transportes estaduais do pa\u00eds, apresentou c\u00e1lculo estimando em R$ 722 milh\u00f5es a perda de recursos dos governos estaduais e municipais com a redu\u00e7\u00e3o da al\u00edquota da CIDE\u00a0sobre o diesel. A medida foi uma das anunciadas pelo [&hellip;]\" \/>\n<meta property=\"og:url\" content=\"https:\/\/agenciainfra.com\/blog\/conselho-de-secretarios-de-transportes-reclama-de-perda-de-r-722-milhoes-com-isencao-da-cide\/\" \/>\n<meta property=\"og:site_name\" content=\"Ag\u00eancia iNFRA\" \/>\n<meta property=\"article:publisher\" content=\"https:\/\/www.facebook.com\/ageninfra\" \/>\n<meta property=\"article:published_time\" content=\"2018-06-01T14:10:51+00:00\" \/>\n<meta property=\"article:modified_time\" content=\"2018-06-01T14:11:30+00:00\" \/>\n<meta property=\"og:image\" content=\"http:\/\/www.agenciainfra.com\/agenciainfra\/blog\/wp-content\/uploads\/2018\/06\/Consetrans-238x300.png\" \/>\n<meta name=\"author\" content=\"Ag\u00eancia iNFRA\" \/>\n<meta name=\"twitter:card\" content=\"summary_large_image\" \/>\n<meta name=\"twitter:creator\" content=\"@agencia_infra\" \/>\n<meta name=\"twitter:site\" content=\"@agencia_infra\" \/>\n<meta name=\"twitter:label1\" content=\"Escrito por\" \/>\n\t<meta name=\"twitter:data1\" content=\"Ag\u00eancia iNFRA\" \/>\n\t<meta name=\"twitter:label2\" content=\"Est. tempo de leitura\" \/>\n\t<meta name=\"twitter:data2\" content=\"2 minutos\" \/>\n<script type=\"application\/ld+json\" class=\"yoast-schema-graph\">{\"@context\":\"https:\/\/schema.org\",\"@graph\":[{\"@type\":\"Article\",\"@id\":\"https:\/\/agenciainfra.com\/blog\/conselho-de-secretarios-de-transportes-reclama-de-perda-de-r-722-milhoes-com-isencao-da-cide\/#article\",\"isPartOf\":{\"@id\":\"https:\/\/agenciainfra.com\/blog\/conselho-de-secretarios-de-transportes-reclama-de-perda-de-r-722-milhoes-com-isencao-da-cide\/\"},\"author\":{\"name\":\"Ag\u00eancia iNFRA\",\"@id\":\"https:\/\/agenciainfra.com\/blog\/#\/schema\/person\/34af08dff6adea4cb22b06612ba7acfa\"},\"headline\":\"Conselho de secret\u00e1rios de transportes reclama de perda de R$ 722 milh\u00f5es com isen\u00e7\u00e3o da CIDE\",\"datePublished\":\"2018-06-01T14:10:51+00:00\",\"dateModified\":\"2018-06-01T14:11:30+00:00\",\"mainEntityOfPage\":{\"@id\":\"https:\/\/agenciainfra.com\/blog\/conselho-de-secretarios-de-transportes-reclama-de-perda-de-r-722-milhoes-com-isencao-da-cide\/\"},\"wordCount\":324,\"publisher\":{\"@id\":\"https:\/\/agenciainfra.com\/blog\/#organization\"},\"image\":{\"@id\":\"https:\/\/agenciainfra.com\/blog\/conselho-de-secretarios-de-transportes-reclama-de-perda-de-r-722-milhoes-com-isencao-da-cide\/#primaryimage\"},\"thumbnailUrl\":\"http:\/\/www.agenciainfra.com\/agenciainfra\/blog\/wp-content\/uploads\/2018\/06\/Consetrans-238x300.png\",\"keywords\":[\"CIDE\",\"combust\u00edveis\",\"CONSETRANS\",\"diesel\",\"isen\u00e7\u00e3o\"],\"articleSection\":[\"iNFRATransporte\"],\"inLanguage\":\"pt-BR\",\"copyrightYear\":\"2018\",\"copyrightHolder\":{\"@id\":\"https:\/\/agenciainfra.com\/blog\/#organization\"}},{\"@type\":\"WebPage\",\"@id\":\"https:\/\/agenciainfra.com\/blog\/conselho-de-secretarios-de-transportes-reclama-de-perda-de-r-722-milhoes-com-isencao-da-cide\/\",\"url\":\"https:\/\/agenciainfra.com\/blog\/conselho-de-secretarios-de-transportes-reclama-de-perda-de-r-722-milhoes-com-isencao-da-cide\/\",\"name\":\"Conselho de secret\u00e1rios de transportes reclama de perda de R$ 722 milh\u00f5es com isen\u00e7\u00e3o da CIDE - Ag\u00eancia iNFRA\",\"isPartOf\":{\"@id\":\"https:\/\/agenciainfra.com\/blog\/#website\"},\"primaryImageOfPage\":{\"@id\":\"https:\/\/agenciainfra.com\/blog\/conselho-de-secretarios-de-transportes-reclama-de-perda-de-r-722-milhoes-com-isencao-da-cide\/#primaryimage\"},\"image\":{\"@id\":\"https:\/\/agenciainfra.com\/blog\/conselho-de-secretarios-de-transportes-reclama-de-perda-de-r-722-milhoes-com-isencao-da-cide\/#primaryimage\"},\"thumbnailUrl\":\"http:\/\/www.agenciainfra.com\/agenciainfra\/blog\/wp-content\/uploads\/2018\/06\/Consetrans-238x300.png\",\"datePublished\":\"2018-06-01T14:10:51+00:00\",\"dateModified\":\"2018-06-01T14:11:30+00:00\",\"breadcrumb\":{\"@id\":\"https:\/\/agenciainfra.com\/blog\/conselho-de-secretarios-de-transportes-reclama-de-perda-de-r-722-milhoes-com-isencao-da-cide\/#breadcrumb\"},\"inLanguage\":\"pt-BR\",\"potentialAction\":[{\"@type\":\"ReadAction\",\"target\":[\"https:\/\/agenciainfra.com\/blog\/conselho-de-secretarios-de-transportes-reclama-de-perda-de-r-722-milhoes-com-isencao-da-cide\/\"]}]},{\"@type\":\"ImageObject\",\"inLanguage\":\"pt-BR\",\"@id\":\"https:\/\/agenciainfra.com\/blog\/conselho-de-secretarios-de-transportes-reclama-de-perda-de-r-722-milhoes-com-isencao-da-cide\/#primaryimage\",\"url\":\"http:\/\/www.agenciainfra.com\/agenciainfra\/blog\/wp-content\/uploads\/2018\/06\/Consetrans-238x300.png\",\"contentUrl\":\"http:\/\/www.agenciainfra.com\/agenciainfra\/blog\/wp-content\/uploads\/2018\/06\/Consetrans-238x300.png\"},{\"@type\":\"BreadcrumbList\",\"@id\":\"https:\/\/agenciainfra.com\/blog\/conselho-de-secretarios-de-transportes-reclama-de-perda-de-r-722-milhoes-com-isencao-da-cide\/#breadcrumb\",\"itemListElement\":[{\"@type\":\"ListItem\",\"position\":1,\"name\":\"In\u00edcio\",\"item\":\"https:\/\/agenciainfra.com\/blog\/\"},{\"@type\":\"ListItem\",\"position\":2,\"name\":\"Conselho de secret\u00e1rios de transportes reclama de perda de R$ 722 milh\u00f5es com isen\u00e7\u00e3o da CIDE\"}]},{\"@type\":\"WebSite\",\"@id\":\"https:\/\/agenciainfra.com\/blog\/#website\",\"url\":\"https:\/\/agenciainfra.com\/blog\/\",\"name\":\"Ag\u00eancia iNFRA\",\"description\":\"Multiplataforma de informa\u00e7\u00e3o jornal\u00edstica refer\u00eancia na \u00e1rea de infraestrutura no Brasil!\",\"publisher\":{\"@id\":\"https:\/\/agenciainfra.com\/blog\/#organization\"},\"potentialAction\":[{\"@type\":\"SearchAction\",\"target\":{\"@type\":\"EntryPoint\",\"urlTemplate\":\"https:\/\/agenciainfra.com\/blog\/?s={search_term_string}\"},\"query-input\":{\"@type\":\"PropertyValueSpecification\",\"valueRequired\":true,\"valueName\":\"search_term_string\"}}],\"inLanguage\":\"pt-BR\"},{\"@type\":\"Organization\",\"@id\":\"https:\/\/agenciainfra.com\/blog\/#organization\",\"name\":\"Ag\u00eancia iNFRA\",\"url\":\"https:\/\/agenciainfra.com\/blog\/\",\"logo\":{\"@type\":\"ImageObject\",\"inLanguage\":\"pt-BR\",\"@id\":\"https:\/\/agenciainfra.com\/blog\/#\/schema\/logo\/image\/\",\"url\":\"https:\/\/agenciainfra.com\/blog\/wp-content\/uploads\/2023\/09\/iNFRA_5-e1761735885940.png\",\"contentUrl\":\"https:\/\/agenciainfra.com\/blog\/wp-content\/uploads\/2023\/09\/iNFRA_5-e1761735885940.png\",\"width\":1672,\"height\":454,\"caption\":\"Ag\u00eancia iNFRA\"},\"image\":{\"@id\":\"https:\/\/agenciainfra.com\/blog\/#\/schema\/logo\/image\/\"},\"sameAs\":[\"https:\/\/www.facebook.com\/ageninfra\",\"https:\/\/x.com\/agencia_infra\",\"https:\/\/www.linkedin.com\/company\/ag\u00eanciainfra\/\",\"https:\/\/www.instagram.com\/agenciainfra\/\"]},{\"@type\":\"Person\",\"@id\":\"https:\/\/agenciainfra.com\/blog\/#\/schema\/person\/34af08dff6adea4cb22b06612ba7acfa\",\"name\":\"Ag\u00eancia iNFRA\",\"image\":{\"@type\":\"ImageObject\",\"inLanguage\":\"pt-BR\",\"@id\":\"https:\/\/agenciainfra.com\/blog\/#\/schema\/person\/image\/\",\"url\":\"https:\/\/secure.gravatar.com\/avatar\/d189e01678f06d8eb84d4e01f08eb848b3fffe3f8443818d3c356c66892f5be8?s=96&d=mm&r=g\",\"contentUrl\":\"https:\/\/secure.gravatar.com\/avatar\/d189e01678f06d8eb84d4e01f08eb848b3fffe3f8443818d3c356c66892f5be8?s=96&d=mm&r=g\",\"caption\":\"Ag\u00eancia iNFRA\"},\"url\":\"https:\/\/agenciainfra.com\/blog\/author\/admin\/\"}]}<\/script>\n<!-- \/ Yoast SEO Premium plugin. -->","yoast_head_json":{"title":"Conselho de secret\u00e1rios de transportes reclama de perda de R$ 722 milh\u00f5es com isen\u00e7\u00e3o da CIDE - Ag\u00eancia iNFRA","robots":{"index":"index","follow":"follow","max-snippet":"max-snippet:-1","max-image-preview":"max-image-preview:large","max-video-preview":"max-video-preview:-1"},"canonical":"https:\/\/agenciainfra.com\/blog\/conselho-de-secretarios-de-transportes-reclama-de-perda-de-r-722-milhoes-com-isencao-da-cide\/","og_locale":"pt_BR","og_type":"article","og_title":"Conselho de secret\u00e1rios de transportes reclama de perda de R$ 722 milh\u00f5es com isen\u00e7\u00e3o da CIDE","og_description":"Dimmi Amora, da Ag\u00eancia iNFRA O Consetrans (Conselho Nacional de Secret\u00e1rios de Transportes), \u00f3rg\u00e3o que re\u00fane os secret\u00e1rios de transportes estaduais do pa\u00eds, apresentou c\u00e1lculo estimando em R$ 722 milh\u00f5es a perda de recursos dos governos estaduais e municipais com a redu\u00e7\u00e3o da al\u00edquota da CIDE\u00a0sobre o diesel. A medida foi uma das anunciadas pelo [&hellip;]","og_url":"https:\/\/agenciainfra.com\/blog\/conselho-de-secretarios-de-transportes-reclama-de-perda-de-r-722-milhoes-com-isencao-da-cide\/","og_site_name":"Ag\u00eancia iNFRA","article_publisher":"https:\/\/www.facebook.com\/ageninfra","article_published_time":"2018-06-01T14:10:51+00:00","article_modified_time":"2018-06-01T14:11:30+00:00","og_image":[{"url":"http:\/\/www.agenciainfra.com\/agenciainfra\/blog\/wp-content\/uploads\/2018\/06\/Consetrans-238x300.png","type":"","width":"","height":""}],"author":"Ag\u00eancia iNFRA","twitter_card":"summary_large_image","twitter_creator":"@agencia_infra","twitter_site":"@agencia_infra","twitter_misc":{"Escrito por":"Ag\u00eancia iNFRA","Est. tempo de leitura":"2 minutos"},"schema":{"@context":"https:\/\/schema.org","@graph":[{"@type":"Article","@id":"https:\/\/agenciainfra.com\/blog\/conselho-de-secretarios-de-transportes-reclama-de-perda-de-r-722-milhoes-com-isencao-da-cide\/#article","isPartOf":{"@id":"https:\/\/agenciainfra.com\/blog\/conselho-de-secretarios-de-transportes-reclama-de-perda-de-r-722-milhoes-com-isencao-da-cide\/"},"author":{"name":"Ag\u00eancia iNFRA","@id":"https:\/\/agenciainfra.com\/blog\/#\/schema\/person\/34af08dff6adea4cb22b06612ba7acfa"},"headline":"Conselho de secret\u00e1rios de transportes reclama de perda de R$ 722 milh\u00f5es com isen\u00e7\u00e3o da CIDE","datePublished":"2018-06-01T14:10:51+00:00","dateModified":"2018-06-01T14:11:30+00:00","mainEntityOfPage":{"@id":"https:\/\/agenciainfra.com\/blog\/conselho-de-secretarios-de-transportes-reclama-de-perda-de-r-722-milhoes-com-isencao-da-cide\/"},"wordCount":324,"publisher":{"@id":"https:\/\/agenciainfra.com\/blog\/#organization"},"image":{"@id":"https:\/\/agenciainfra.com\/blog\/conselho-de-secretarios-de-transportes-reclama-de-perda-de-r-722-milhoes-com-isencao-da-cide\/#primaryimage"},"thumbnailUrl":"http:\/\/www.agenciainfra.com\/agenciainfra\/blog\/wp-content\/uploads\/2018\/06\/Consetrans-238x300.png","keywords":["CIDE","combust\u00edveis","CONSETRANS","diesel","isen\u00e7\u00e3o"],"articleSection":["iNFRATransporte"],"inLanguage":"pt-BR","copyrightYear":"2018","copyrightHolder":{"@id":"https:\/\/agenciainfra.com\/blog\/#organization"}},{"@type":"WebPage","@id":"https:\/\/agenciainfra.com\/blog\/conselho-de-secretarios-de-transportes-reclama-de-perda-de-r-722-milhoes-com-isencao-da-cide\/","url":"https:\/\/agenciainfra.com\/blog\/conselho-de-secretarios-de-transportes-reclama-de-perda-de-r-722-milhoes-com-isencao-da-cide\/","name":"Conselho de secret\u00e1rios de transportes reclama de perda de R$ 722 milh\u00f5es com isen\u00e7\u00e3o da CIDE - Ag\u00eancia iNFRA","isPartOf":{"@id":"https:\/\/agenciainfra.com\/blog\/#website"},"primaryImageOfPage":{"@id":"https:\/\/agenciainfra.com\/blog\/conselho-de-secretarios-de-transportes-reclama-de-perda-de-r-722-milhoes-com-isencao-da-cide\/#primaryimage"},"image":{"@id":"https:\/\/agenciainfra.com\/blog\/conselho-de-secretarios-de-transportes-reclama-de-perda-de-r-722-milhoes-com-isencao-da-cide\/#primaryimage"},"thumbnailUrl":"http:\/\/www.agenciainfra.com\/agenciainfra\/blog\/wp-content\/uploads\/2018\/06\/Consetrans-238x300.png","datePublished":"2018-06-01T14:10:51+00:00","dateModified":"2018-06-01T14:11:30+00:00","breadcrumb":{"@id":"https:\/\/agenciainfra.com\/blog\/conselho-de-secretarios-de-transportes-reclama-de-perda-de-r-722-milhoes-com-isencao-da-cide\/#breadcrumb"},"inLanguage":"pt-BR","potentialAction":[{"@type":"ReadAction","target":["https:\/\/agenciainfra.com\/blog\/conselho-de-secretarios-de-transportes-reclama-de-perda-de-r-722-milhoes-com-isencao-da-cide\/"]}]},{"@type":"ImageObject","inLanguage":"pt-BR","@id":"https:\/\/agenciainfra.com\/blog\/conselho-de-secretarios-de-transportes-reclama-de-perda-de-r-722-milhoes-com-isencao-da-cide\/#primaryimage","url":"http:\/\/www.agenciainfra.com\/agenciainfra\/blog\/wp-content\/uploads\/2018\/06\/Consetrans-238x300.png","contentUrl":"http:\/\/www.agenciainfra.com\/agenciainfra\/blog\/wp-content\/uploads\/2018\/06\/Consetrans-238x300.png"},{"@type":"BreadcrumbList","@id":"https:\/\/agenciainfra.com\/blog\/conselho-de-secretarios-de-transportes-reclama-de-perda-de-r-722-milhoes-com-isencao-da-cide\/#breadcrumb","itemListElement":[{"@type":"ListItem","position":1,"name":"In\u00edcio","item":"https:\/\/agenciainfra.com\/blog\/"},{"@type":"ListItem","position":2,"name":"Conselho de secret\u00e1rios de transportes reclama de perda de R$ 722 milh\u00f5es com isen\u00e7\u00e3o da CIDE"}]},{"@type":"WebSite","@id":"https:\/\/agenciainfra.com\/blog\/#website","url":"https:\/\/agenciainfra.com\/blog\/","name":"Ag\u00eancia iNFRA","description":"Multiplataforma de informa\u00e7\u00e3o jornal\u00edstica refer\u00eancia na \u00e1rea de infraestrutura no Brasil!","publisher":{"@id":"https:\/\/agenciainfra.com\/blog\/#organization"},"potentialAction":[{"@type":"SearchAction","target":{"@type":"EntryPoint","urlTemplate":"https:\/\/agenciainfra.com\/blog\/?s={search_term_string}"},"query-input":{"@type":"PropertyValueSpecification","valueRequired":true,"valueName":"search_term_string"}}],"inLanguage":"pt-BR"},{"@type":"Organization","@id":"https:\/\/agenciainfra.com\/blog\/#organization","name":"Ag\u00eancia iNFRA","url":"https:\/\/agenciainfra.com\/blog\/","logo":{"@type":"ImageObject","inLanguage":"pt-BR","@id":"https:\/\/agenciainfra.com\/blog\/#\/schema\/logo\/image\/","url":"https:\/\/agenciainfra.com\/blog\/wp-content\/uploads\/2023\/09\/iNFRA_5-e1761735885940.png","contentUrl":"https:\/\/agenciainfra.com\/blog\/wp-content\/uploads\/2023\/09\/iNFRA_5-e1761735885940.png","width":1672,"height":454,"caption":"Ag\u00eancia iNFRA"},"image":{"@id":"https:\/\/agenciainfra.com\/blog\/#\/schema\/logo\/image\/"},"sameAs":["https:\/\/www.facebook.com\/ageninfra","https:\/\/x.com\/agencia_infra","https:\/\/www.linkedin.com\/company\/ag\u00eanciainfra\/","https:\/\/www.instagram.com\/agenciainfra\/"]},{"@type":"Person","@id":"https:\/\/agenciainfra.com\/blog\/#\/schema\/person\/34af08dff6adea4cb22b06612ba7acfa","name":"Ag\u00eancia iNFRA","image":{"@type":"ImageObject","inLanguage":"pt-BR","@id":"https:\/\/agenciainfra.com\/blog\/#\/schema\/person\/image\/","url":"https:\/\/secure.gravatar.com\/avatar\/d189e01678f06d8eb84d4e01f08eb848b3fffe3f8443818d3c356c66892f5be8?s=96&d=mm&r=g","contentUrl":"https:\/\/secure.gravatar.com\/avatar\/d189e01678f06d8eb84d4e01f08eb848b3fffe3f8443818d3c356c66892f5be8?s=96&d=mm&r=g","caption":"Ag\u00eancia iNFRA"},"url":"https:\/\/agenciainfra.com\/blog\/author\/admin\/"}]}},"_links":{"self":[{"href":"https:\/\/agenciainfra.com\/blog\/wp-json\/wp\/v2\/posts\/1782","targetHints":{"allow":["GET"]}}],"collection":[{"href":"https:\/\/agenciainfra.com\/blog\/wp-json\/wp\/v2\/posts"}],"about":[{"href":"https:\/\/agenciainfra.com\/blog\/wp-json\/wp\/v2\/types\/post"}],"author":[{"embeddable":true,"href":"https:\/\/agenciainfra.com\/blog\/wp-json\/wp\/v2\/users\/1"}],"replies":[{"embeddable":true,"href":"https:\/\/agenciainfra.com\/blog\/wp-json\/wp\/v2\/comments?post=1782"}],"version-history":[{"count":0,"href":"https:\/\/agenciainfra.com\/blog\/wp-json\/wp\/v2\/posts\/1782\/revisions"}],"wp:attachment":[{"href":"https:\/\/agenciainfra.com\/blog\/wp-json\/wp\/v2\/media?parent=1782"}],"wp:term":[{"taxonomy":"category","embeddable":true,"href":"https:\/\/agenciainfra.com\/blog\/wp-json\/wp\/v2\/categories?post=1782"},{"taxonomy":"post_tag","embeddable":true,"href":"https:\/\/agenciainfra.com\/blog\/wp-json\/wp\/v2\/tags?post=1782"}],"curies":[{"name":"wp","href":"https:\/\/api.w.org\/{rel}","templated":true}]}}