{"id":17822,"date":"2024-07-23T11:00:00","date_gmt":"2024-07-23T14:00:00","guid":{"rendered":"https:\/\/agenciainfra.com\/blog\/?p=17822"},"modified":"2026-03-13T09:21:29","modified_gmt":"2026-03-13T12:21:29","slug":"equatorial-amapa-pede-revisao-tarifaria-de-no-minimo-17-enquanto-o-mme-sugere-a-aneel-aumento-de-8","status":"publish","type":"post","link":"https:\/\/agenciainfra.com\/blog\/equatorial-amapa-pede-revisao-tarifaria-de-no-minimo-17-enquanto-o-mme-sugere-a-aneel-aumento-de-8\/","title":{"rendered":"Equatorial Amap\u00e1 pede revis\u00e3o tarif\u00e1ria de no m\u00ednimo 17%, enquanto o MME sugere \u00e0 ANEEL aumento de 8%"},"content":{"rendered":"\n<p class=\"has-text-align-right\"><strong>Marisa Wanzeller, da&nbsp;Ag\u00eancia iNFRA<\/strong><\/p>\n\n\n\n<p>A Equatorial Amap\u00e1, distribuidora de energia do estado, solicita aumento tarif\u00e1rio entre 17,13% e 33,56% \u00e0 ANEEL (Ag\u00eancia Nacional de Energia El\u00e9trica), relativo a um pedido de reconsidera\u00e7\u00e3o da RTE (Revis\u00e3o Tarif\u00e1ria Extraordin\u00e1ria) 2023, aprovada pelo colegiado em mar\u00e7o deste ano em 0%. J\u00e1 o MME (Minist\u00e9rio de Minas e Energia) encaminhou&nbsp;<a href=\"https:\/\/agenciainfra.us14.list-manage.com\/track\/click?u=d460dd1bcf9ba0ae040e1fc0f&amp;id=c493427ea7&amp;e=f0fa444791\" target=\"_blank\" rel=\"noreferrer noopener\">Nota T\u00e9cnica<\/a>&nbsp;\u00e0 ag\u00eancia na qual sugere um ajuste de 8,75%.<br><br>Segundo a pasta, esse seria o &#8220;patamar m\u00e9dio observado nas demais concess\u00f5es da regi\u00e3o Norte&#8221; no ano de 2023. A sugest\u00e3o do MME leva em considera\u00e7\u00e3o os efeitos regulat\u00f3rios da&nbsp;<a href=\"https:\/\/agenciainfra.us14.list-manage.com\/track\/click?u=d460dd1bcf9ba0ae040e1fc0f&amp;id=0c8f75fab6&amp;e=f0fa444791\" target=\"_blank\" rel=\"noreferrer noopener\">MP (Medida Provis\u00f3ria) 1.212\/2024<\/a>, publicada em 9 de abril&nbsp;com intuito de impedir um aumento expressivo na tarifa do Amap\u00e1, inicialmente previsto para 44,41%.<br><br><strong>Equil\u00edbrio econ\u00f4mico-financeiro<\/strong><br>No&nbsp;<a href=\"https:\/\/agenciainfra.us14.list-manage.com\/track\/click?u=d460dd1bcf9ba0ae040e1fc0f&amp;id=8c6353606e&amp;e=f0fa444791\" target=\"_blank\" rel=\"noreferrer noopener\">pedido de reconsidera\u00e7\u00e3o<\/a>, a Equatorial alega que a decis\u00e3o da ANEEL &#8220;n\u00e3o possui compet\u00eancia para fazer pol\u00edtica tarif\u00e1ria&#8221; e que viola a &#8220;garantia constitucional do equil\u00edbrio econ\u00f4mico-financeiro do contrato de concess\u00e3o&#8221;.&nbsp;<br><br>Assim, a empresa solicita a vig\u00eancia do reajuste de 33,56%, proposto pela ANEEL anteriormente; ou um aumento de 23,21%, correspondente &#8220;a soma do aumento relativo \u00e0 Parcela A e do efeito do fim da incid\u00eancia de componentes financeiros negativos&#8221;. Em um terceiro cen\u00e1rio proposto, a empresa pleiteia ajuste de 17,13%, que corresponde \u00e0 &#8220;soma do aumento relativo \u00e0 Parcela B e do efeito do fim da incid\u00eancia de componentes financeiros negativos&#8221;.<br><br>A distribuidora de energia pediu ainda a suspens\u00e3o parcial de algumas obriga\u00e7\u00f5es da companhia, como: 1) pagamento de encargos setoriais; 2) pagamento de custos de transmiss\u00e3o; e 3) pagamento de custos de aquisi\u00e7\u00e3o de energia.&nbsp;<br><br><strong>Pol\u00edtica tarif\u00e1ria<\/strong><br>A Equatorial Amap\u00e1 diz ainda que a ANEEL violou os &#8220;princ\u00edpios da seguran\u00e7a jur\u00eddica, da modicidade tarif\u00e1ria e da isonomia&#8221;. Al\u00e9m de ter decidido unilateralmente diferir a aplica\u00e7\u00e3o de RTE prevista para acontecer em 2023&nbsp;conforme regras do contrato de concess\u00e3o.<br><br><strong>Ativo Regulat\u00f3rio<\/strong><br>Quando determinou uma RTE de zero para concession\u00e1ria, em mar\u00e7o passado,&nbsp;a ANEEL definou que o rec\u00e1lculo do ativo regulat\u00f3rio da companhia ocorreria ap\u00f3s a publica\u00e7\u00e3o e vig\u00eancia dos efeitos da medida provis\u00f3ria. A MP foi prometida pelo governo para lidar com o problema tarif\u00e1rio do Amap\u00e1, mas ainda n\u00e3o tinha sido publicada. Segundo o voto aprovado pelo colegiado, o ativo regulat\u00f3rio seria &#8220;reconhecido&#8221; no processo tarif\u00e1rio da companhia para 2024.&nbsp;<br><br>O processo com o rec\u00e1lculo do ativo tarif\u00e1rio da companhia foi distribu\u00eddo nesta segunda-feira (22) para o diretor Fernando Mosna. O voto dever\u00e1 considerar o repasse de R$ 224 milh\u00f5es, previsto na Portaria 793\/2024, do MME, que regulamenta o repasse de dinheiro do fundo da Amaz\u00f4nia Legal, mantido pela Eletrobras, previsto pela MP 1.212. Ainda, cerca de R$ 50 milh\u00f5es referentes a recursos de investimentos de P&amp;D (pesquisa e desenvolvimento) n\u00e3o utilizados pela distribuidora.&nbsp;<br><br>Segundo especialistas, o ativo regulat\u00f3rio a ser definido pelo colegiado da ag\u00eancia&nbsp;poder\u00e1 influenciar na decis\u00e3o sobre o pedido de reconsidera\u00e7\u00e3o da RTE 2023 feito pela empresa, sob relatoria da&nbsp;diretora Agnes Costa.&nbsp;<br><br>A ANEEL pode decidir se o ativo regulat\u00f3rio dever\u00e1&nbsp;aplicado no reajuste referente \u00e0 2023, retroativamente, ou se ser\u00e1 considerado no processo de reajuste de 2024, a ser realizado em dezembro deste ano.<br><br><strong>MME<\/strong><br>Segundo os cen\u00e1rios apontados pelo MME,&nbsp;caso haja homologa\u00e7\u00e3o de nova tarifa ainda em 13 de agosto deste ano, o valor a ser abatido nas tarifas seria&nbsp;de R$ 229,7 milh\u00f5es. Caso a homologa\u00e7\u00e3o seja adiada para&nbsp;13 de setembro, o valor sobe para&nbsp;R$ 235,2 milh\u00f5es.<br><br><strong>Tarifa do Amap\u00e1<\/strong><br>A nota t\u00e9cnica da ANEEL&nbsp;colocada para consulta p\u00fablica sobre a RTE da Equatorial Amap\u00e1 em setembro de 2023&nbsp;<a href=\"https:\/\/agenciainfra.us14.list-manage.com\/track\/click?u=d460dd1bcf9ba0ae040e1fc0f&amp;id=786ef39fee&amp;e=f0fa444791\" target=\"_blank\" rel=\"noreferrer noopener\">sugeria um aumento com efeito m\u00e9dio de 44,41% para as tarifas do estado<\/a>. A previs\u00e3o de um aumento expressivo mobilizou pol\u00edticos do estado que cobraram o ministro Alexandre Silveira e o presidente Lula por uma medida que impedisse a revis\u00e3o proposta.&nbsp;<br><br>Com o fechamento da consulta, foi apresentado um \u00edndice um pouco menor, de 33,56%. No entanto, com a imin\u00eancia da publica\u00e7\u00e3o de uma medida provis\u00f3ria com repasses para modicidade tarif\u00e1ria, a diretoria optou por aprovar um reajuste de 0%.<\/p>\n","protected":false},"excerpt":{"rendered":"<p>Marisa Wanzeller, da&nbsp;Ag\u00eancia iNFRA A Equatorial Amap\u00e1, distribuidora de energia do estado, solicita aumento tarif\u00e1rio entre 17,13% e 33,56% \u00e0 ANEEL (Ag\u00eancia Nacional de Energia El\u00e9trica), relativo a um pedido de reconsidera\u00e7\u00e3o da RTE (Revis\u00e3o Tarif\u00e1ria Extraordin\u00e1ria) 2023, aprovada pelo colegiado em mar\u00e7o deste ano em 0%. J\u00e1 o MME (Minist\u00e9rio de Minas e Energia) [&hellip;]<\/p>\n","protected":false},"author":1,"featured_media":17823,"comment_status":"closed","ping_status":"closed","sticky":false,"template":"","format":"standard","meta":{"_monsterinsights_skip_tracking":false,"_monsterinsights_sitenote_active":false,"_monsterinsights_sitenote_note":"","_monsterinsights_sitenote_category":0,"footnotes":""},"categories":[7250,9714,1,10],"tags":[10887,6800,3003,53,10895,4276,22,282,591,7365,7014,3043,76,96,71,9072,4815,865,3455,2690,739,10896],"class_list":["post-17822","post","type-post","status-publish","format-standard","has-post-thumbnail","hentry","category-destaque-lista","category-destaque-menor","category-geral","category-infraenergia","tag-agencia-nacional","tag-agnes-costa","tag-amapa","tag-aneel","tag-aumento-de-energia","tag-aumento-tarifario","tag-concessao","tag-energia-eletrica","tag-equatorial","tag-equatorial-amapa","tag-fernando-mosna","tag-macapa","tag-medida-provisoria","tag-ministerio-de-minas-e-energia","tag-mme","tag-mp-1-212-2024","tag-politica-tarifaria","tag-preco-da-energia","tag-regiao-norte","tag-revisao-tarifaria","tag-tarifa","tag-tarifa-do-amapa"],"yoast_head":"<!-- This site is optimized with the Yoast SEO Premium plugin v25.4 (Yoast SEO v26.0) - https:\/\/yoast.com\/wordpress\/plugins\/seo\/ -->\n<title>Equatorial Amap\u00e1 pede revis\u00e3o tarif\u00e1ria de no m\u00ednimo 17%, enquanto o MME sugere \u00e0 ANEEL aumento de 8% - Ag\u00eancia iNFRA<\/title>\n<meta name=\"robots\" content=\"index, follow, max-snippet:-1, max-image-preview:large, max-video-preview:-1\" \/>\n<link rel=\"canonical\" href=\"https:\/\/agenciainfra.com\/blog\/equatorial-amapa-pede-revisao-tarifaria-de-no-minimo-17-enquanto-o-mme-sugere-a-aneel-aumento-de-8\/\" \/>\n<meta property=\"og:locale\" content=\"pt_BR\" \/>\n<meta property=\"og:type\" content=\"article\" \/>\n<meta property=\"og:title\" content=\"Equatorial Amap\u00e1 pede revis\u00e3o tarif\u00e1ria de no m\u00ednimo 17%, enquanto o MME sugere \u00e0 ANEEL aumento de 8%\" \/>\n<meta property=\"og:description\" content=\"Marisa Wanzeller, da&nbsp;Ag\u00eancia iNFRA A Equatorial Amap\u00e1, distribuidora de energia do estado, solicita aumento tarif\u00e1rio entre 17,13% e 33,56% \u00e0 ANEEL (Ag\u00eancia Nacional de Energia El\u00e9trica), relativo a um pedido de reconsidera\u00e7\u00e3o da RTE (Revis\u00e3o Tarif\u00e1ria Extraordin\u00e1ria) 2023, aprovada pelo colegiado em mar\u00e7o deste ano em 0%. J\u00e1 o MME (Minist\u00e9rio de Minas e Energia) [&hellip;]\" \/>\n<meta property=\"og:url\" content=\"https:\/\/agenciainfra.com\/blog\/equatorial-amapa-pede-revisao-tarifaria-de-no-minimo-17-enquanto-o-mme-sugere-a-aneel-aumento-de-8\/\" \/>\n<meta property=\"og:site_name\" content=\"Ag\u00eancia iNFRA\" \/>\n<meta property=\"article:publisher\" content=\"https:\/\/www.facebook.com\/ageninfra\" \/>\n<meta property=\"article:published_time\" content=\"2024-07-23T14:00:00+00:00\" \/>\n<meta property=\"article:modified_time\" content=\"2026-03-13T12:21:29+00:00\" \/>\n<meta property=\"og:image\" content=\"https:\/\/agenciainfra.com\/blog\/wp-content\/uploads\/2024\/07\/sede-cea-equatorial-amapa-macapa-foto-ascom.jpeg\" \/>\n\t<meta property=\"og:image:width\" content=\"1202\" \/>\n\t<meta property=\"og:image:height\" content=\"801\" \/>\n\t<meta property=\"og:image:type\" content=\"image\/jpeg\" \/>\n<meta name=\"author\" content=\"Ag\u00eancia iNFRA\" \/>\n<meta name=\"twitter:card\" content=\"summary_large_image\" \/>\n<meta name=\"twitter:creator\" content=\"@agencia_infra\" \/>\n<meta name=\"twitter:site\" content=\"@agencia_infra\" \/>\n<meta name=\"twitter:label1\" content=\"Escrito por\" \/>\n\t<meta name=\"twitter:data1\" content=\"Ag\u00eancia iNFRA\" \/>\n\t<meta name=\"twitter:label2\" content=\"Est. tempo de leitura\" \/>\n\t<meta name=\"twitter:data2\" content=\"4 minutos\" \/>\n<script type=\"application\/ld+json\" class=\"yoast-schema-graph\">{\"@context\":\"https:\/\/schema.org\",\"@graph\":[{\"@type\":\"Article\",\"@id\":\"https:\/\/agenciainfra.com\/blog\/equatorial-amapa-pede-revisao-tarifaria-de-no-minimo-17-enquanto-o-mme-sugere-a-aneel-aumento-de-8\/#article\",\"isPartOf\":{\"@id\":\"https:\/\/agenciainfra.com\/blog\/equatorial-amapa-pede-revisao-tarifaria-de-no-minimo-17-enquanto-o-mme-sugere-a-aneel-aumento-de-8\/\"},\"author\":{\"name\":\"Ag\u00eancia iNFRA\",\"@id\":\"https:\/\/agenciainfra.com\/blog\/#\/schema\/person\/34af08dff6adea4cb22b06612ba7acfa\"},\"headline\":\"Equatorial Amap\u00e1 pede revis\u00e3o tarif\u00e1ria de no m\u00ednimo 17%, enquanto o MME sugere \u00e0 ANEEL aumento de 8%\",\"datePublished\":\"2024-07-23T14:00:00+00:00\",\"dateModified\":\"2026-03-13T12:21:29+00:00\",\"mainEntityOfPage\":{\"@id\":\"https:\/\/agenciainfra.com\/blog\/equatorial-amapa-pede-revisao-tarifaria-de-no-minimo-17-enquanto-o-mme-sugere-a-aneel-aumento-de-8\/\"},\"wordCount\":759,\"publisher\":{\"@id\":\"https:\/\/agenciainfra.com\/blog\/#organization\"},\"image\":{\"@id\":\"https:\/\/agenciainfra.com\/blog\/equatorial-amapa-pede-revisao-tarifaria-de-no-minimo-17-enquanto-o-mme-sugere-a-aneel-aumento-de-8\/#primaryimage\"},\"thumbnailUrl\":\"https:\/\/agenciainfra.com\/blog\/wp-content\/uploads\/2024\/07\/sede-cea-equatorial-amapa-macapa-foto-ascom.jpeg\",\"keywords\":[\"Ag\u00eancia Nacional\",\"Agnes Costa\",\"Amap\u00e1\",\"ANEEL\",\"Aumento de energia\",\"aumento tarif\u00e1rio\",\"Concess\u00e3o\",\"energia el\u00e9trica\",\"equatorial\",\"Equatorial Amap\u00e1\",\"Fernando Mosna\",\"Macap\u00e1\",\"Medida Provis\u00f3ria\",\"Minist\u00e9rio de Minas e Energia\",\"MME\",\"MP 1.212\/2024\",\"pol\u00edtica tarif\u00e1ria\",\"pre\u00e7o da energia\",\"regi\u00e3o Norte\",\"revis\u00e3o tarif\u00e1ria\",\"Tarifa\",\"Tarifa do Amap\u00e1\"],\"articleSection\":[\"Destaque lista\",\"Destaque Menor\",\"Geral\",\"iNFRAEnergia\"],\"inLanguage\":\"pt-BR\",\"copyrightYear\":\"2024\",\"copyrightHolder\":{\"@id\":\"https:\/\/agenciainfra.com\/blog\/#organization\"}},{\"@type\":\"WebPage\",\"@id\":\"https:\/\/agenciainfra.com\/blog\/equatorial-amapa-pede-revisao-tarifaria-de-no-minimo-17-enquanto-o-mme-sugere-a-aneel-aumento-de-8\/\",\"url\":\"https:\/\/agenciainfra.com\/blog\/equatorial-amapa-pede-revisao-tarifaria-de-no-minimo-17-enquanto-o-mme-sugere-a-aneel-aumento-de-8\/\",\"name\":\"Equatorial Amap\u00e1 pede revis\u00e3o tarif\u00e1ria de no m\u00ednimo 17%, enquanto o MME sugere \u00e0 ANEEL aumento de 8% - Ag\u00eancia iNFRA\",\"isPartOf\":{\"@id\":\"https:\/\/agenciainfra.com\/blog\/#website\"},\"primaryImageOfPage\":{\"@id\":\"https:\/\/agenciainfra.com\/blog\/equatorial-amapa-pede-revisao-tarifaria-de-no-minimo-17-enquanto-o-mme-sugere-a-aneel-aumento-de-8\/#primaryimage\"},\"image\":{\"@id\":\"https:\/\/agenciainfra.com\/blog\/equatorial-amapa-pede-revisao-tarifaria-de-no-minimo-17-enquanto-o-mme-sugere-a-aneel-aumento-de-8\/#primaryimage\"},\"thumbnailUrl\":\"https:\/\/agenciainfra.com\/blog\/wp-content\/uploads\/2024\/07\/sede-cea-equatorial-amapa-macapa-foto-ascom.jpeg\",\"datePublished\":\"2024-07-23T14:00:00+00:00\",\"dateModified\":\"2026-03-13T12:21:29+00:00\",\"breadcrumb\":{\"@id\":\"https:\/\/agenciainfra.com\/blog\/equatorial-amapa-pede-revisao-tarifaria-de-no-minimo-17-enquanto-o-mme-sugere-a-aneel-aumento-de-8\/#breadcrumb\"},\"inLanguage\":\"pt-BR\",\"potentialAction\":[{\"@type\":\"ReadAction\",\"target\":[\"https:\/\/agenciainfra.com\/blog\/equatorial-amapa-pede-revisao-tarifaria-de-no-minimo-17-enquanto-o-mme-sugere-a-aneel-aumento-de-8\/\"]}]},{\"@type\":\"ImageObject\",\"inLanguage\":\"pt-BR\",\"@id\":\"https:\/\/agenciainfra.com\/blog\/equatorial-amapa-pede-revisao-tarifaria-de-no-minimo-17-enquanto-o-mme-sugere-a-aneel-aumento-de-8\/#primaryimage\",\"url\":\"https:\/\/agenciainfra.com\/blog\/wp-content\/uploads\/2024\/07\/sede-cea-equatorial-amapa-macapa-foto-ascom.jpeg\",\"contentUrl\":\"https:\/\/agenciainfra.com\/blog\/wp-content\/uploads\/2024\/07\/sede-cea-equatorial-amapa-macapa-foto-ascom.jpeg\",\"width\":1202,\"height\":801,\"caption\":\"Foto: CEA Equatorial\"},{\"@type\":\"BreadcrumbList\",\"@id\":\"https:\/\/agenciainfra.com\/blog\/equatorial-amapa-pede-revisao-tarifaria-de-no-minimo-17-enquanto-o-mme-sugere-a-aneel-aumento-de-8\/#breadcrumb\",\"itemListElement\":[{\"@type\":\"ListItem\",\"position\":1,\"name\":\"In\u00edcio\",\"item\":\"https:\/\/agenciainfra.com\/blog\/\"},{\"@type\":\"ListItem\",\"position\":2,\"name\":\"Equatorial Amap\u00e1 pede revis\u00e3o tarif\u00e1ria de no m\u00ednimo 17%, enquanto o MME sugere \u00e0 ANEEL aumento de 8%\"}]},{\"@type\":\"WebSite\",\"@id\":\"https:\/\/agenciainfra.com\/blog\/#website\",\"url\":\"https:\/\/agenciainfra.com\/blog\/\",\"name\":\"Ag\u00eancia iNFRA\",\"description\":\"Multiplataforma de informa\u00e7\u00e3o jornal\u00edstica refer\u00eancia na \u00e1rea de infraestrutura no Brasil!\",\"publisher\":{\"@id\":\"https:\/\/agenciainfra.com\/blog\/#organization\"},\"potentialAction\":[{\"@type\":\"SearchAction\",\"target\":{\"@type\":\"EntryPoint\",\"urlTemplate\":\"https:\/\/agenciainfra.com\/blog\/?s={search_term_string}\"},\"query-input\":{\"@type\":\"PropertyValueSpecification\",\"valueRequired\":true,\"valueName\":\"search_term_string\"}}],\"inLanguage\":\"pt-BR\"},{\"@type\":\"Organization\",\"@id\":\"https:\/\/agenciainfra.com\/blog\/#organization\",\"name\":\"Ag\u00eancia iNFRA\",\"url\":\"https:\/\/agenciainfra.com\/blog\/\",\"logo\":{\"@type\":\"ImageObject\",\"inLanguage\":\"pt-BR\",\"@id\":\"https:\/\/agenciainfra.com\/blog\/#\/schema\/logo\/image\/\",\"url\":\"https:\/\/agenciainfra.com\/blog\/wp-content\/uploads\/2023\/09\/iNFRA_5-e1761735885940.png\",\"contentUrl\":\"https:\/\/agenciainfra.com\/blog\/wp-content\/uploads\/2023\/09\/iNFRA_5-e1761735885940.png\",\"width\":1672,\"height\":454,\"caption\":\"Ag\u00eancia iNFRA\"},\"image\":{\"@id\":\"https:\/\/agenciainfra.com\/blog\/#\/schema\/logo\/image\/\"},\"sameAs\":[\"https:\/\/www.facebook.com\/ageninfra\",\"https:\/\/x.com\/agencia_infra\",\"https:\/\/www.linkedin.com\/company\/ag\u00eanciainfra\/\",\"https:\/\/www.instagram.com\/agenciainfra\/\"]},{\"@type\":\"Person\",\"@id\":\"https:\/\/agenciainfra.com\/blog\/#\/schema\/person\/34af08dff6adea4cb22b06612ba7acfa\",\"name\":\"Ag\u00eancia iNFRA\",\"image\":{\"@type\":\"ImageObject\",\"inLanguage\":\"pt-BR\",\"@id\":\"https:\/\/agenciainfra.com\/blog\/#\/schema\/person\/image\/\",\"url\":\"https:\/\/secure.gravatar.com\/avatar\/d189e01678f06d8eb84d4e01f08eb848b3fffe3f8443818d3c356c66892f5be8?s=96&d=mm&r=g\",\"contentUrl\":\"https:\/\/secure.gravatar.com\/avatar\/d189e01678f06d8eb84d4e01f08eb848b3fffe3f8443818d3c356c66892f5be8?s=96&d=mm&r=g\",\"caption\":\"Ag\u00eancia iNFRA\"},\"url\":\"https:\/\/agenciainfra.com\/blog\/author\/admin\/\"}]}<\/script>\n<!-- \/ Yoast SEO Premium plugin. -->","yoast_head_json":{"title":"Equatorial Amap\u00e1 pede revis\u00e3o tarif\u00e1ria de no m\u00ednimo 17%, enquanto o MME sugere \u00e0 ANEEL aumento de 8% - Ag\u00eancia iNFRA","robots":{"index":"index","follow":"follow","max-snippet":"max-snippet:-1","max-image-preview":"max-image-preview:large","max-video-preview":"max-video-preview:-1"},"canonical":"https:\/\/agenciainfra.com\/blog\/equatorial-amapa-pede-revisao-tarifaria-de-no-minimo-17-enquanto-o-mme-sugere-a-aneel-aumento-de-8\/","og_locale":"pt_BR","og_type":"article","og_title":"Equatorial Amap\u00e1 pede revis\u00e3o tarif\u00e1ria de no m\u00ednimo 17%, enquanto o MME sugere \u00e0 ANEEL aumento de 8%","og_description":"Marisa Wanzeller, da&nbsp;Ag\u00eancia iNFRA A Equatorial Amap\u00e1, distribuidora de energia do estado, solicita aumento tarif\u00e1rio entre 17,13% e 33,56% \u00e0 ANEEL (Ag\u00eancia Nacional de Energia El\u00e9trica), relativo a um pedido de reconsidera\u00e7\u00e3o da RTE (Revis\u00e3o Tarif\u00e1ria Extraordin\u00e1ria) 2023, aprovada pelo colegiado em mar\u00e7o deste ano em 0%. J\u00e1 o MME (Minist\u00e9rio de Minas e Energia) [&hellip;]","og_url":"https:\/\/agenciainfra.com\/blog\/equatorial-amapa-pede-revisao-tarifaria-de-no-minimo-17-enquanto-o-mme-sugere-a-aneel-aumento-de-8\/","og_site_name":"Ag\u00eancia iNFRA","article_publisher":"https:\/\/www.facebook.com\/ageninfra","article_published_time":"2024-07-23T14:00:00+00:00","article_modified_time":"2026-03-13T12:21:29+00:00","og_image":[{"width":1202,"height":801,"url":"https:\/\/agenciainfra.com\/blog\/wp-content\/uploads\/2024\/07\/sede-cea-equatorial-amapa-macapa-foto-ascom.jpeg","type":"image\/jpeg"}],"author":"Ag\u00eancia iNFRA","twitter_card":"summary_large_image","twitter_creator":"@agencia_infra","twitter_site":"@agencia_infra","twitter_misc":{"Escrito por":"Ag\u00eancia iNFRA","Est. tempo de leitura":"4 minutos"},"schema":{"@context":"https:\/\/schema.org","@graph":[{"@type":"Article","@id":"https:\/\/agenciainfra.com\/blog\/equatorial-amapa-pede-revisao-tarifaria-de-no-minimo-17-enquanto-o-mme-sugere-a-aneel-aumento-de-8\/#article","isPartOf":{"@id":"https:\/\/agenciainfra.com\/blog\/equatorial-amapa-pede-revisao-tarifaria-de-no-minimo-17-enquanto-o-mme-sugere-a-aneel-aumento-de-8\/"},"author":{"name":"Ag\u00eancia iNFRA","@id":"https:\/\/agenciainfra.com\/blog\/#\/schema\/person\/34af08dff6adea4cb22b06612ba7acfa"},"headline":"Equatorial Amap\u00e1 pede revis\u00e3o tarif\u00e1ria de no m\u00ednimo 17%, enquanto o MME sugere \u00e0 ANEEL aumento de 8%","datePublished":"2024-07-23T14:00:00+00:00","dateModified":"2026-03-13T12:21:29+00:00","mainEntityOfPage":{"@id":"https:\/\/agenciainfra.com\/blog\/equatorial-amapa-pede-revisao-tarifaria-de-no-minimo-17-enquanto-o-mme-sugere-a-aneel-aumento-de-8\/"},"wordCount":759,"publisher":{"@id":"https:\/\/agenciainfra.com\/blog\/#organization"},"image":{"@id":"https:\/\/agenciainfra.com\/blog\/equatorial-amapa-pede-revisao-tarifaria-de-no-minimo-17-enquanto-o-mme-sugere-a-aneel-aumento-de-8\/#primaryimage"},"thumbnailUrl":"https:\/\/agenciainfra.com\/blog\/wp-content\/uploads\/2024\/07\/sede-cea-equatorial-amapa-macapa-foto-ascom.jpeg","keywords":["Ag\u00eancia Nacional","Agnes Costa","Amap\u00e1","ANEEL","Aumento de energia","aumento tarif\u00e1rio","Concess\u00e3o","energia el\u00e9trica","equatorial","Equatorial Amap\u00e1","Fernando Mosna","Macap\u00e1","Medida Provis\u00f3ria","Minist\u00e9rio de Minas e Energia","MME","MP 1.212\/2024","pol\u00edtica tarif\u00e1ria","pre\u00e7o da energia","regi\u00e3o Norte","revis\u00e3o tarif\u00e1ria","Tarifa","Tarifa do Amap\u00e1"],"articleSection":["Destaque lista","Destaque Menor","Geral","iNFRAEnergia"],"inLanguage":"pt-BR","copyrightYear":"2024","copyrightHolder":{"@id":"https:\/\/agenciainfra.com\/blog\/#organization"}},{"@type":"WebPage","@id":"https:\/\/agenciainfra.com\/blog\/equatorial-amapa-pede-revisao-tarifaria-de-no-minimo-17-enquanto-o-mme-sugere-a-aneel-aumento-de-8\/","url":"https:\/\/agenciainfra.com\/blog\/equatorial-amapa-pede-revisao-tarifaria-de-no-minimo-17-enquanto-o-mme-sugere-a-aneel-aumento-de-8\/","name":"Equatorial Amap\u00e1 pede revis\u00e3o tarif\u00e1ria de no m\u00ednimo 17%, enquanto o MME sugere \u00e0 ANEEL aumento de 8% - Ag\u00eancia iNFRA","isPartOf":{"@id":"https:\/\/agenciainfra.com\/blog\/#website"},"primaryImageOfPage":{"@id":"https:\/\/agenciainfra.com\/blog\/equatorial-amapa-pede-revisao-tarifaria-de-no-minimo-17-enquanto-o-mme-sugere-a-aneel-aumento-de-8\/#primaryimage"},"image":{"@id":"https:\/\/agenciainfra.com\/blog\/equatorial-amapa-pede-revisao-tarifaria-de-no-minimo-17-enquanto-o-mme-sugere-a-aneel-aumento-de-8\/#primaryimage"},"thumbnailUrl":"https:\/\/agenciainfra.com\/blog\/wp-content\/uploads\/2024\/07\/sede-cea-equatorial-amapa-macapa-foto-ascom.jpeg","datePublished":"2024-07-23T14:00:00+00:00","dateModified":"2026-03-13T12:21:29+00:00","breadcrumb":{"@id":"https:\/\/agenciainfra.com\/blog\/equatorial-amapa-pede-revisao-tarifaria-de-no-minimo-17-enquanto-o-mme-sugere-a-aneel-aumento-de-8\/#breadcrumb"},"inLanguage":"pt-BR","potentialAction":[{"@type":"ReadAction","target":["https:\/\/agenciainfra.com\/blog\/equatorial-amapa-pede-revisao-tarifaria-de-no-minimo-17-enquanto-o-mme-sugere-a-aneel-aumento-de-8\/"]}]},{"@type":"ImageObject","inLanguage":"pt-BR","@id":"https:\/\/agenciainfra.com\/blog\/equatorial-amapa-pede-revisao-tarifaria-de-no-minimo-17-enquanto-o-mme-sugere-a-aneel-aumento-de-8\/#primaryimage","url":"https:\/\/agenciainfra.com\/blog\/wp-content\/uploads\/2024\/07\/sede-cea-equatorial-amapa-macapa-foto-ascom.jpeg","contentUrl":"https:\/\/agenciainfra.com\/blog\/wp-content\/uploads\/2024\/07\/sede-cea-equatorial-amapa-macapa-foto-ascom.jpeg","width":1202,"height":801,"caption":"Foto: CEA Equatorial"},{"@type":"BreadcrumbList","@id":"https:\/\/agenciainfra.com\/blog\/equatorial-amapa-pede-revisao-tarifaria-de-no-minimo-17-enquanto-o-mme-sugere-a-aneel-aumento-de-8\/#breadcrumb","itemListElement":[{"@type":"ListItem","position":1,"name":"In\u00edcio","item":"https:\/\/agenciainfra.com\/blog\/"},{"@type":"ListItem","position":2,"name":"Equatorial Amap\u00e1 pede revis\u00e3o tarif\u00e1ria de no m\u00ednimo 17%, enquanto o MME sugere \u00e0 ANEEL aumento de 8%"}]},{"@type":"WebSite","@id":"https:\/\/agenciainfra.com\/blog\/#website","url":"https:\/\/agenciainfra.com\/blog\/","name":"Ag\u00eancia iNFRA","description":"Multiplataforma de informa\u00e7\u00e3o jornal\u00edstica refer\u00eancia na \u00e1rea de infraestrutura no Brasil!","publisher":{"@id":"https:\/\/agenciainfra.com\/blog\/#organization"},"potentialAction":[{"@type":"SearchAction","target":{"@type":"EntryPoint","urlTemplate":"https:\/\/agenciainfra.com\/blog\/?s={search_term_string}"},"query-input":{"@type":"PropertyValueSpecification","valueRequired":true,"valueName":"search_term_string"}}],"inLanguage":"pt-BR"},{"@type":"Organization","@id":"https:\/\/agenciainfra.com\/blog\/#organization","name":"Ag\u00eancia iNFRA","url":"https:\/\/agenciainfra.com\/blog\/","logo":{"@type":"ImageObject","inLanguage":"pt-BR","@id":"https:\/\/agenciainfra.com\/blog\/#\/schema\/logo\/image\/","url":"https:\/\/agenciainfra.com\/blog\/wp-content\/uploads\/2023\/09\/iNFRA_5-e1761735885940.png","contentUrl":"https:\/\/agenciainfra.com\/blog\/wp-content\/uploads\/2023\/09\/iNFRA_5-e1761735885940.png","width":1672,"height":454,"caption":"Ag\u00eancia iNFRA"},"image":{"@id":"https:\/\/agenciainfra.com\/blog\/#\/schema\/logo\/image\/"},"sameAs":["https:\/\/www.facebook.com\/ageninfra","https:\/\/x.com\/agencia_infra","https:\/\/www.linkedin.com\/company\/ag\u00eanciainfra\/","https:\/\/www.instagram.com\/agenciainfra\/"]},{"@type":"Person","@id":"https:\/\/agenciainfra.com\/blog\/#\/schema\/person\/34af08dff6adea4cb22b06612ba7acfa","name":"Ag\u00eancia iNFRA","image":{"@type":"ImageObject","inLanguage":"pt-BR","@id":"https:\/\/agenciainfra.com\/blog\/#\/schema\/person\/image\/","url":"https:\/\/secure.gravatar.com\/avatar\/d189e01678f06d8eb84d4e01f08eb848b3fffe3f8443818d3c356c66892f5be8?s=96&d=mm&r=g","contentUrl":"https:\/\/secure.gravatar.com\/avatar\/d189e01678f06d8eb84d4e01f08eb848b3fffe3f8443818d3c356c66892f5be8?s=96&d=mm&r=g","caption":"Ag\u00eancia iNFRA"},"url":"https:\/\/agenciainfra.com\/blog\/author\/admin\/"}]}},"_links":{"self":[{"href":"https:\/\/agenciainfra.com\/blog\/wp-json\/wp\/v2\/posts\/17822","targetHints":{"allow":["GET"]}}],"collection":[{"href":"https:\/\/agenciainfra.com\/blog\/wp-json\/wp\/v2\/posts"}],"about":[{"href":"https:\/\/agenciainfra.com\/blog\/wp-json\/wp\/v2\/types\/post"}],"author":[{"embeddable":true,"href":"https:\/\/agenciainfra.com\/blog\/wp-json\/wp\/v2\/users\/1"}],"replies":[{"embeddable":true,"href":"https:\/\/agenciainfra.com\/blog\/wp-json\/wp\/v2\/comments?post=17822"}],"version-history":[{"count":1,"href":"https:\/\/agenciainfra.com\/blog\/wp-json\/wp\/v2\/posts\/17822\/revisions"}],"predecessor-version":[{"id":17824,"href":"https:\/\/agenciainfra.com\/blog\/wp-json\/wp\/v2\/posts\/17822\/revisions\/17824"}],"wp:featuredmedia":[{"embeddable":true,"href":"https:\/\/agenciainfra.com\/blog\/wp-json\/wp\/v2\/media\/17823"}],"wp:attachment":[{"href":"https:\/\/agenciainfra.com\/blog\/wp-json\/wp\/v2\/media?parent=17822"}],"wp:term":[{"taxonomy":"category","embeddable":true,"href":"https:\/\/agenciainfra.com\/blog\/wp-json\/wp\/v2\/categories?post=17822"},{"taxonomy":"post_tag","embeddable":true,"href":"https:\/\/agenciainfra.com\/blog\/wp-json\/wp\/v2\/tags?post=17822"}],"curies":[{"name":"wp","href":"https:\/\/api.w.org\/{rel}","templated":true}]}}