{"id":17849,"date":"2024-07-24T11:00:00","date_gmt":"2024-07-24T14:00:00","guid":{"rendered":"https:\/\/agenciainfra.com\/blog\/?p=17849"},"modified":"2026-03-13T09:21:28","modified_gmt":"2026-03-13T12:21:28","slug":"ministro-de-minas-e-energia-se-junta-a-anatel-em-criticas-a-aneel-sobre-processo-de-compartilhamento-de-postes","status":"publish","type":"post","link":"https:\/\/agenciainfra.com\/blog\/ministro-de-minas-e-energia-se-junta-a-anatel-em-criticas-a-aneel-sobre-processo-de-compartilhamento-de-postes\/","title":{"rendered":"Ministro de Minas e Energia se junta \u00e0 Anatel em cr\u00edticas \u00e0 ANEEL sobre processo de compartilhamento de postes"},"content":{"rendered":"\n<p class=\"has-text-align-right\"><strong>Marisa Wanzeller e Leila Coimbra,&nbsp;da&nbsp;Ag\u00eancia iNFRA<\/strong><\/p>\n\n\n\n<p>O ministro de Minas e Energia, Alexandre Silveira,&nbsp;se juntou \u00e0 Anatel (Ag\u00eancia Nacional de Telecomunica\u00e7\u00f5es)&nbsp;em cr\u00edticas feitas a uma decis\u00e3o da ANEEL (Ag\u00eancia Nacional de Energia El\u00e9trica) sobre extinguir processo que tratava do compartilhamento de postes entre os dois setores.<br>&nbsp;<br>\u201cO ministro se alinha com as preocupa\u00e7\u00f5es da Anatel, de que decis\u00f5es como a adotada hoje pela ANEEL protelem o interesse p\u00fablico de ter uma solu\u00e7\u00e3o digna para a situa\u00e7\u00e3o insustent\u00e1vel dos postes no Brasil e espera que a diretoria da ANEEL tenha a responsabilidade e senso de urg\u00eancia necess\u00e1rios para cumprir com zelo sua importante fun\u00e7\u00e3o p\u00fablica\u201d, disse Silveira em nota divulgada na noite desta ter\u00e7a-feira&nbsp;(23).<br>&nbsp;<br>Ontem, o Conselho Diretor da Anatel&nbsp;manifestou discord\u00e2ncia sobre a decis\u00e3o da ANEEL&nbsp;a respeito da decis\u00e3o de extinguir o processo que tramitava.&nbsp;Segundo a reguladora do setor de telecomunica\u00e7\u00f5es, a ag\u00eancia de energia el\u00e9trica mostrou-se &#8220;distante do que era objeto de negocia\u00e7\u00e3o e consenso entre ambas as ag\u00eancias&#8221;.<br><br>Antes disso,&nbsp;na manh\u00e3 desta ter\u00e7a-feira, o colegiado da ANEEL decidiu extinguir o processo vigente e&nbsp;determinar nova instru\u00e7\u00e3o sobre o compartilhamento de infraestrutura a partir do&nbsp;<a href=\"https:\/\/agenciainfra.us14.list-manage.com\/track\/click?u=d460dd1bcf9ba0ae040e1fc0f&amp;id=87e66151f8&amp;e=f0fa444791\" target=\"_blank\" rel=\"noreferrer noopener\">Decreto 12.068\/2024<\/a>, que trata das diretrizes de renova\u00e7\u00e3o das concess\u00f5es de distribui\u00e7\u00e3o de energia e endere\u00e7a quest\u00f5es sobre o tema.&nbsp;<br><br>&#8220;A extin\u00e7\u00e3o representa um retrocesso na discuss\u00e3o do tema e trar\u00e1 impactos significativos na expans\u00e3o da conectividade dos brasileiros&#8221;, diz a Anatel em&nbsp;<a href=\"https:\/\/agenciainfra.us14.list-manage.com\/track\/click?u=d460dd1bcf9ba0ae040e1fc0f&amp;id=164fc20cff&amp;e=f0fa444791\" target=\"_blank\" rel=\"noreferrer noopener\">nota divulgada<\/a>, ap\u00f3s a decis\u00e3o da ANEEL.&nbsp;<br><br>\u201cA decis\u00e3o de arquivamento perpetua o estado cr\u00edtico de desordem organizacional do uso de infraestrutura dos postes no pa\u00eds com terr\u00edveis consequ\u00eancias sociais e retarda o desfecho de um problema que precisa ser resolvido o mais rapidamente poss\u00edvel.&#8221;<br><br><strong>Posteiro<\/strong><br>A cria\u00e7\u00e3o da figura do &#8220;posteiro&#8221;, um terceiro respons\u00e1vel pela explora\u00e7\u00e3o comercial da infraestrutura, foi um dos pontos de impasse que postergou a decis\u00e3o da diretoria. No entanto, a Anatel j\u00e1 aprovou processo em outubro de 2023 e, no seu entendimento, a decis\u00e3o est\u00e1 &#8220;em plena conformidade com a pol\u00edtica p\u00fablica fixada no Decreto n\u00ba 12.068, de 20 de junho de 2024&#8221;.<br><br>O decreto diz que as distribuidoras &#8220;dever\u00e3o ceder \u00e0 pessoa jur\u00eddica distinta o espa\u00e7o em infraestrutura de distribui\u00e7\u00e3o, as faixas de ocupa\u00e7\u00e3o e os pontos de fixa\u00e7\u00e3o dos postes das redes a\u00e9reas de distribui\u00e7\u00e3o destinados ao compartilhamento com o setor de telecomunica\u00e7\u00f5es&#8221;.&nbsp;<br><br>Para o diretor-geral da ANEEL, Sandoval Feitosa, autor do&nbsp;<a href=\"https:\/\/agenciainfra.us14.list-manage.com\/track\/click?u=d460dd1bcf9ba0ae040e1fc0f&amp;id=954aa5c101&amp;e=f0fa444791\" target=\"_blank\" rel=\"noreferrer noopener\">voto-vista aprovado pela ag\u00eancia<\/a>, o texto do decreto &#8220;merece interpreta\u00e7\u00e3o e aprofundamento&#8221;, tendo em vista que fala da cess\u00e3o do &#8220;espa\u00e7o em infraestrutura de distribui\u00e7\u00e3o&#8221; para terceiro, &#8220;mas n\u00e3o se fala em obrigatoriedade da cess\u00e3o da atividade de explora\u00e7\u00e3o da infraestrutura de distribui\u00e7\u00e3o&#8221;. Assim, n\u00e3o pacifica o debate sobre a cria\u00e7\u00e3o da figura do posteiro.<br><br>Assim, o diretor entende que h\u00e1 um novo comando legal que n\u00e3o foi abarcado no parecer jur\u00eddico inicial sobre o tema, e que precisaria de nova an\u00e1lise.&nbsp;<br><br><strong>Compartilhamento de infraestrutura<\/strong><br>O aprimoramento da resolu\u00e7\u00e3o conjunta das duas ag\u00eancias sobre compartilhamento de postes \u00e9 debatido desde 2021. Em outubro do ano passado, a Anatel e a ANEEL pautaram o processo com o mesmo voto para delibera\u00e7\u00e3o no mesmo dia.<br><br>Apesar da aprova\u00e7\u00e3o da ag\u00eancia de telecomunica\u00e7\u00f5es, houve pedido de vista pelo diretor Fernando Mosna para o voto do ex-diretor H\u00e9lvio Guerra.&nbsp;<br><br>O voto do diretor Mosna, apresentado antes da publica\u00e7\u00e3o do decreto, dizia que a cess\u00e3o do poste para um terceiro s\u00f3 deveria ocorrer quando a distribuidora de energia desistisse do direito de explora\u00e7\u00e3o, ou quando a ANEEL comprovasse \u201ca presta\u00e7\u00e3o inadequada de servi\u00e7o, o abuso de direito ou de poder de mercado\u201d. Na ocasi\u00e3o, Sandoval Feitosa pediu vista do voto apresentado.<br><br><strong>Leia a nota divulgada pelo ministro Silveira na \u00edntegra:&nbsp;<\/strong><br>\u201cO Ministro de Minas e Energia, Alexandre Silveira, esclarece que as pol\u00edticas p\u00fablicas relacionadas ao compartilhamento de postes entre as \u00e1reas de energia el\u00e9trica e telecomunica\u00e7\u00f5es t\u00eam o objetivo de resguardar o interesse p\u00fablico, incluindo a seguran\u00e7a das pessoas, tendo em vista a situa\u00e7\u00e3o ca\u00f3tica facilmente observada em todos os Munic\u00edpios brasileiros com rela\u00e7\u00e3o a utiliza\u00e7\u00e3o desordenada dos postes.<br>&nbsp;<br>A publica\u00e7\u00e3o do Decreto n\u00b0 12.068, de 2024, veio responder a uma demanda da sociedade brasileira e dos administradores municipais para trazer uma solu\u00e7\u00e3o estruturada entre os setores de energia e telecomunica\u00e7\u00f5es, que traga organiza\u00e7\u00e3o do compartilhamento da infraestrutura de postes, em prol da seguran\u00e7a, da apar\u00eancia das \u00e1reas urbanas e funcionamento das redes de energia e telecomunica\u00e7\u00f5es.<br>&nbsp;<br>O Ministro se alinha com as preocupa\u00e7\u00f5es da ANATEL, de que decis\u00f5es como a adotada hoje pela ANEEL protelem o interesse p\u00fablico de ter uma solu\u00e7\u00e3o digna para a situa\u00e7\u00e3o insustent\u00e1vel dos postes no Brasil e espera que a diretoria da ANEEL tenha a responsabilidade e senso de urg\u00eancia necess\u00e1rios para cumprir com zelo sua importante fun\u00e7\u00e3o p\u00fablica.<br>&nbsp;<br>Ademais, o ministro ressalta que a ag\u00eancia deve cumprir o decreto do Presidente da Rep\u00fablica e o seu papel regulador, respeitando o formulador de pol\u00edtica p\u00fablica, que \u00e9 o MME\u201d.<\/p>\n","protected":false},"excerpt":{"rendered":"<p>Marisa Wanzeller e Leila Coimbra,&nbsp;da&nbsp;Ag\u00eancia iNFRA O ministro de Minas e Energia, Alexandre Silveira,&nbsp;se juntou \u00e0 Anatel (Ag\u00eancia Nacional de Telecomunica\u00e7\u00f5es)&nbsp;em cr\u00edticas feitas a uma decis\u00e3o da ANEEL (Ag\u00eancia Nacional de Energia El\u00e9trica) sobre extinguir processo que tratava do compartilhamento de postes entre os dois setores.&nbsp;\u201cO ministro se alinha com as preocupa\u00e7\u00f5es da Anatel, de [&hellip;]<\/p>\n","protected":false},"author":1,"featured_media":14200,"comment_status":"closed","ping_status":"closed","sticky":false,"template":"","format":"standard","meta":{"_monsterinsights_skip_tracking":false,"_monsterinsights_sitenote_active":false,"_monsterinsights_sitenote_note":"","_monsterinsights_sitenote_category":0,"footnotes":""},"categories":[7248,7250,9714,1,10],"tags":[852,6040,2234,53,10822,10921,2640,10294,282,7014,2619,1984,7366,519,96,71,5707,10923,10883,10922,10924,1026,2639],"class_list":["post-17849","post","type-post","status-publish","format-standard","has-post-thumbnail","hentry","category-cabecalho","category-destaque-lista","category-destaque-menor","category-geral","category-infraenergia","tag-agencia-nacional-de-energia-eletrica","tag-alexandre-silveira","tag-anatel","tag-aneel","tag-compartilhamento-de-infraestrutura","tag-compartilhamento-de-poste","tag-conectividade","tag-decreto-12-068-2024","tag-energia-eletrica","tag-fernando-mosna","tag-helvio-guerra","tag-leila-coimbra","tag-marisa-wanzeller","tag-minas-e-energia","tag-ministerio-de-minas-e-energia","tag-mme","tag-politica-publica","tag-poste","tag-posteiro","tag-postes","tag-presidente-da-republica","tag-sandoval-feitosa","tag-telecomunicacoes"],"yoast_head":"<!-- This site is optimized with the Yoast SEO Premium plugin v25.4 (Yoast SEO v26.0) - https:\/\/yoast.com\/wordpress\/plugins\/seo\/ -->\n<title>Ministro de Minas e Energia se junta \u00e0 Anatel em cr\u00edticas \u00e0 ANEEL sobre processo de compartilhamento de postes - Ag\u00eancia iNFRA<\/title>\n<meta name=\"robots\" content=\"index, follow, max-snippet:-1, max-image-preview:large, max-video-preview:-1\" \/>\n<link rel=\"canonical\" href=\"https:\/\/agenciainfra.com\/blog\/ministro-de-minas-e-energia-se-junta-a-anatel-em-criticas-a-aneel-sobre-processo-de-compartilhamento-de-postes\/\" \/>\n<meta property=\"og:locale\" content=\"pt_BR\" \/>\n<meta property=\"og:type\" content=\"article\" \/>\n<meta property=\"og:title\" content=\"Ministro de Minas e Energia se junta \u00e0 Anatel em cr\u00edticas \u00e0 ANEEL sobre processo de compartilhamento de postes\" \/>\n<meta property=\"og:description\" content=\"Marisa Wanzeller e Leila Coimbra,&nbsp;da&nbsp;Ag\u00eancia iNFRA O ministro de Minas e Energia, Alexandre Silveira,&nbsp;se juntou \u00e0 Anatel (Ag\u00eancia Nacional de Telecomunica\u00e7\u00f5es)&nbsp;em cr\u00edticas feitas a uma decis\u00e3o da ANEEL (Ag\u00eancia Nacional de Energia El\u00e9trica) sobre extinguir processo que tratava do compartilhamento de postes entre os dois setores.&nbsp;\u201cO ministro se alinha com as preocupa\u00e7\u00f5es da Anatel, de [&hellip;]\" \/>\n<meta property=\"og:url\" content=\"https:\/\/agenciainfra.com\/blog\/ministro-de-minas-e-energia-se-junta-a-anatel-em-criticas-a-aneel-sobre-processo-de-compartilhamento-de-postes\/\" \/>\n<meta property=\"og:site_name\" content=\"Ag\u00eancia iNFRA\" \/>\n<meta property=\"article:publisher\" content=\"https:\/\/www.facebook.com\/ageninfra\" \/>\n<meta property=\"article:published_time\" content=\"2024-07-24T14:00:00+00:00\" \/>\n<meta property=\"article:modified_time\" content=\"2026-03-13T12:21:28+00:00\" \/>\n<meta property=\"og:image\" content=\"https:\/\/agenciainfra.com\/blog\/wp-content\/uploads\/2023\/09\/alexandre-silveira-poste-legal-foto-agencia-brasil.jpg\" \/>\n\t<meta property=\"og:image:width\" content=\"1202\" \/>\n\t<meta property=\"og:image:height\" content=\"822\" \/>\n\t<meta property=\"og:image:type\" content=\"image\/jpeg\" \/>\n<meta name=\"author\" content=\"Ag\u00eancia iNFRA\" \/>\n<meta name=\"twitter:card\" content=\"summary_large_image\" \/>\n<meta name=\"twitter:creator\" content=\"@agencia_infra\" \/>\n<meta name=\"twitter:site\" content=\"@agencia_infra\" \/>\n<meta name=\"twitter:label1\" content=\"Escrito por\" \/>\n\t<meta name=\"twitter:data1\" content=\"Ag\u00eancia iNFRA\" \/>\n\t<meta name=\"twitter:label2\" content=\"Est. tempo de leitura\" \/>\n\t<meta name=\"twitter:data2\" content=\"5 minutos\" \/>\n<script type=\"application\/ld+json\" class=\"yoast-schema-graph\">{\"@context\":\"https:\/\/schema.org\",\"@graph\":[{\"@type\":\"Article\",\"@id\":\"https:\/\/agenciainfra.com\/blog\/ministro-de-minas-e-energia-se-junta-a-anatel-em-criticas-a-aneel-sobre-processo-de-compartilhamento-de-postes\/#article\",\"isPartOf\":{\"@id\":\"https:\/\/agenciainfra.com\/blog\/ministro-de-minas-e-energia-se-junta-a-anatel-em-criticas-a-aneel-sobre-processo-de-compartilhamento-de-postes\/\"},\"author\":{\"name\":\"Ag\u00eancia iNFRA\",\"@id\":\"https:\/\/agenciainfra.com\/blog\/#\/schema\/person\/34af08dff6adea4cb22b06612ba7acfa\"},\"headline\":\"Ministro de Minas e Energia se junta \u00e0 Anatel em cr\u00edticas \u00e0 ANEEL sobre processo de compartilhamento de postes\",\"datePublished\":\"2024-07-24T14:00:00+00:00\",\"dateModified\":\"2026-03-13T12:21:28+00:00\",\"mainEntityOfPage\":{\"@id\":\"https:\/\/agenciainfra.com\/blog\/ministro-de-minas-e-energia-se-junta-a-anatel-em-criticas-a-aneel-sobre-processo-de-compartilhamento-de-postes\/\"},\"wordCount\":965,\"publisher\":{\"@id\":\"https:\/\/agenciainfra.com\/blog\/#organization\"},\"image\":{\"@id\":\"https:\/\/agenciainfra.com\/blog\/ministro-de-minas-e-energia-se-junta-a-anatel-em-criticas-a-aneel-sobre-processo-de-compartilhamento-de-postes\/#primaryimage\"},\"thumbnailUrl\":\"https:\/\/agenciainfra.com\/blog\/wp-content\/uploads\/2023\/09\/alexandre-silveira-poste-legal-foto-agencia-brasil.jpg\",\"keywords\":[\"Ag\u00eancia Nacional de Energia El\u00e9trica\",\"Alexandre Silveira\",\"Anatel\",\"ANEEL\",\"compartilhamento de infraestrutura\",\"Compartilhamento de poste\",\"conectividade\",\"Decreto 12.068\/2024\",\"energia el\u00e9trica\",\"Fernando Mosna\",\"H\u00e9lvio Guerra\",\"Leila Coimbra\",\"Marisa Wanzeller\",\"Minas e Energia\",\"Minist\u00e9rio de Minas e Energia\",\"MME\",\"pol\u00edtica p\u00fablica\",\"Poste\",\"Posteiro\",\"Postes\",\"Presidente da Rep\u00fablica\",\"Sandoval Feitosa\",\"telecomunica\u00e7\u00f5es\"],\"articleSection\":[\"Cabe\u00e7alho\",\"Destaque lista\",\"Destaque Menor\",\"Geral\",\"iNFRAEnergia\"],\"inLanguage\":\"pt-BR\",\"copyrightYear\":\"2024\",\"copyrightHolder\":{\"@id\":\"https:\/\/agenciainfra.com\/blog\/#organization\"}},{\"@type\":\"WebPage\",\"@id\":\"https:\/\/agenciainfra.com\/blog\/ministro-de-minas-e-energia-se-junta-a-anatel-em-criticas-a-aneel-sobre-processo-de-compartilhamento-de-postes\/\",\"url\":\"https:\/\/agenciainfra.com\/blog\/ministro-de-minas-e-energia-se-junta-a-anatel-em-criticas-a-aneel-sobre-processo-de-compartilhamento-de-postes\/\",\"name\":\"Ministro de Minas e Energia se junta \u00e0 Anatel em cr\u00edticas \u00e0 ANEEL sobre processo de compartilhamento de postes - Ag\u00eancia iNFRA\",\"isPartOf\":{\"@id\":\"https:\/\/agenciainfra.com\/blog\/#website\"},\"primaryImageOfPage\":{\"@id\":\"https:\/\/agenciainfra.com\/blog\/ministro-de-minas-e-energia-se-junta-a-anatel-em-criticas-a-aneel-sobre-processo-de-compartilhamento-de-postes\/#primaryimage\"},\"image\":{\"@id\":\"https:\/\/agenciainfra.com\/blog\/ministro-de-minas-e-energia-se-junta-a-anatel-em-criticas-a-aneel-sobre-processo-de-compartilhamento-de-postes\/#primaryimage\"},\"thumbnailUrl\":\"https:\/\/agenciainfra.com\/blog\/wp-content\/uploads\/2023\/09\/alexandre-silveira-poste-legal-foto-agencia-brasil.jpg\",\"datePublished\":\"2024-07-24T14:00:00+00:00\",\"dateModified\":\"2026-03-13T12:21:28+00:00\",\"breadcrumb\":{\"@id\":\"https:\/\/agenciainfra.com\/blog\/ministro-de-minas-e-energia-se-junta-a-anatel-em-criticas-a-aneel-sobre-processo-de-compartilhamento-de-postes\/#breadcrumb\"},\"inLanguage\":\"pt-BR\",\"potentialAction\":[{\"@type\":\"ReadAction\",\"target\":[\"https:\/\/agenciainfra.com\/blog\/ministro-de-minas-e-energia-se-junta-a-anatel-em-criticas-a-aneel-sobre-processo-de-compartilhamento-de-postes\/\"]}]},{\"@type\":\"ImageObject\",\"inLanguage\":\"pt-BR\",\"@id\":\"https:\/\/agenciainfra.com\/blog\/ministro-de-minas-e-energia-se-junta-a-anatel-em-criticas-a-aneel-sobre-processo-de-compartilhamento-de-postes\/#primaryimage\",\"url\":\"https:\/\/agenciainfra.com\/blog\/wp-content\/uploads\/2023\/09\/alexandre-silveira-poste-legal-foto-agencia-brasil.jpg\",\"contentUrl\":\"https:\/\/agenciainfra.com\/blog\/wp-content\/uploads\/2023\/09\/alexandre-silveira-poste-legal-foto-agencia-brasil.jpg\",\"width\":1202,\"height\":822},{\"@type\":\"BreadcrumbList\",\"@id\":\"https:\/\/agenciainfra.com\/blog\/ministro-de-minas-e-energia-se-junta-a-anatel-em-criticas-a-aneel-sobre-processo-de-compartilhamento-de-postes\/#breadcrumb\",\"itemListElement\":[{\"@type\":\"ListItem\",\"position\":1,\"name\":\"In\u00edcio\",\"item\":\"https:\/\/agenciainfra.com\/blog\/\"},{\"@type\":\"ListItem\",\"position\":2,\"name\":\"Ministro de Minas e Energia se junta \u00e0 Anatel em cr\u00edticas \u00e0 ANEEL sobre processo de compartilhamento de postes\"}]},{\"@type\":\"WebSite\",\"@id\":\"https:\/\/agenciainfra.com\/blog\/#website\",\"url\":\"https:\/\/agenciainfra.com\/blog\/\",\"name\":\"Ag\u00eancia iNFRA\",\"description\":\"Multiplataforma de informa\u00e7\u00e3o jornal\u00edstica refer\u00eancia na \u00e1rea de infraestrutura no Brasil!\",\"publisher\":{\"@id\":\"https:\/\/agenciainfra.com\/blog\/#organization\"},\"potentialAction\":[{\"@type\":\"SearchAction\",\"target\":{\"@type\":\"EntryPoint\",\"urlTemplate\":\"https:\/\/agenciainfra.com\/blog\/?s={search_term_string}\"},\"query-input\":{\"@type\":\"PropertyValueSpecification\",\"valueRequired\":true,\"valueName\":\"search_term_string\"}}],\"inLanguage\":\"pt-BR\"},{\"@type\":\"Organization\",\"@id\":\"https:\/\/agenciainfra.com\/blog\/#organization\",\"name\":\"Ag\u00eancia iNFRA\",\"url\":\"https:\/\/agenciainfra.com\/blog\/\",\"logo\":{\"@type\":\"ImageObject\",\"inLanguage\":\"pt-BR\",\"@id\":\"https:\/\/agenciainfra.com\/blog\/#\/schema\/logo\/image\/\",\"url\":\"https:\/\/agenciainfra.com\/blog\/wp-content\/uploads\/2023\/09\/iNFRA_5-e1761735885940.png\",\"contentUrl\":\"https:\/\/agenciainfra.com\/blog\/wp-content\/uploads\/2023\/09\/iNFRA_5-e1761735885940.png\",\"width\":1672,\"height\":454,\"caption\":\"Ag\u00eancia iNFRA\"},\"image\":{\"@id\":\"https:\/\/agenciainfra.com\/blog\/#\/schema\/logo\/image\/\"},\"sameAs\":[\"https:\/\/www.facebook.com\/ageninfra\",\"https:\/\/x.com\/agencia_infra\",\"https:\/\/www.linkedin.com\/company\/ag\u00eanciainfra\/\",\"https:\/\/www.instagram.com\/agenciainfra\/\"]},{\"@type\":\"Person\",\"@id\":\"https:\/\/agenciainfra.com\/blog\/#\/schema\/person\/34af08dff6adea4cb22b06612ba7acfa\",\"name\":\"Ag\u00eancia iNFRA\",\"image\":{\"@type\":\"ImageObject\",\"inLanguage\":\"pt-BR\",\"@id\":\"https:\/\/agenciainfra.com\/blog\/#\/schema\/person\/image\/\",\"url\":\"https:\/\/secure.gravatar.com\/avatar\/d189e01678f06d8eb84d4e01f08eb848b3fffe3f8443818d3c356c66892f5be8?s=96&d=mm&r=g\",\"contentUrl\":\"https:\/\/secure.gravatar.com\/avatar\/d189e01678f06d8eb84d4e01f08eb848b3fffe3f8443818d3c356c66892f5be8?s=96&d=mm&r=g\",\"caption\":\"Ag\u00eancia iNFRA\"},\"url\":\"https:\/\/agenciainfra.com\/blog\/author\/admin\/\"}]}<\/script>\n<!-- \/ Yoast SEO Premium plugin. -->","yoast_head_json":{"title":"Ministro de Minas e Energia se junta \u00e0 Anatel em cr\u00edticas \u00e0 ANEEL sobre processo de compartilhamento de postes - Ag\u00eancia iNFRA","robots":{"index":"index","follow":"follow","max-snippet":"max-snippet:-1","max-image-preview":"max-image-preview:large","max-video-preview":"max-video-preview:-1"},"canonical":"https:\/\/agenciainfra.com\/blog\/ministro-de-minas-e-energia-se-junta-a-anatel-em-criticas-a-aneel-sobre-processo-de-compartilhamento-de-postes\/","og_locale":"pt_BR","og_type":"article","og_title":"Ministro de Minas e Energia se junta \u00e0 Anatel em cr\u00edticas \u00e0 ANEEL sobre processo de compartilhamento de postes","og_description":"Marisa Wanzeller e Leila Coimbra,&nbsp;da&nbsp;Ag\u00eancia iNFRA O ministro de Minas e Energia, Alexandre Silveira,&nbsp;se juntou \u00e0 Anatel (Ag\u00eancia Nacional de Telecomunica\u00e7\u00f5es)&nbsp;em cr\u00edticas feitas a uma decis\u00e3o da ANEEL (Ag\u00eancia Nacional de Energia El\u00e9trica) sobre extinguir processo que tratava do compartilhamento de postes entre os dois setores.&nbsp;\u201cO ministro se alinha com as preocupa\u00e7\u00f5es da Anatel, de [&hellip;]","og_url":"https:\/\/agenciainfra.com\/blog\/ministro-de-minas-e-energia-se-junta-a-anatel-em-criticas-a-aneel-sobre-processo-de-compartilhamento-de-postes\/","og_site_name":"Ag\u00eancia iNFRA","article_publisher":"https:\/\/www.facebook.com\/ageninfra","article_published_time":"2024-07-24T14:00:00+00:00","article_modified_time":"2026-03-13T12:21:28+00:00","og_image":[{"width":1202,"height":822,"url":"https:\/\/agenciainfra.com\/blog\/wp-content\/uploads\/2023\/09\/alexandre-silveira-poste-legal-foto-agencia-brasil.jpg","type":"image\/jpeg"}],"author":"Ag\u00eancia iNFRA","twitter_card":"summary_large_image","twitter_creator":"@agencia_infra","twitter_site":"@agencia_infra","twitter_misc":{"Escrito por":"Ag\u00eancia iNFRA","Est. tempo de leitura":"5 minutos"},"schema":{"@context":"https:\/\/schema.org","@graph":[{"@type":"Article","@id":"https:\/\/agenciainfra.com\/blog\/ministro-de-minas-e-energia-se-junta-a-anatel-em-criticas-a-aneel-sobre-processo-de-compartilhamento-de-postes\/#article","isPartOf":{"@id":"https:\/\/agenciainfra.com\/blog\/ministro-de-minas-e-energia-se-junta-a-anatel-em-criticas-a-aneel-sobre-processo-de-compartilhamento-de-postes\/"},"author":{"name":"Ag\u00eancia iNFRA","@id":"https:\/\/agenciainfra.com\/blog\/#\/schema\/person\/34af08dff6adea4cb22b06612ba7acfa"},"headline":"Ministro de Minas e Energia se junta \u00e0 Anatel em cr\u00edticas \u00e0 ANEEL sobre processo de compartilhamento de postes","datePublished":"2024-07-24T14:00:00+00:00","dateModified":"2026-03-13T12:21:28+00:00","mainEntityOfPage":{"@id":"https:\/\/agenciainfra.com\/blog\/ministro-de-minas-e-energia-se-junta-a-anatel-em-criticas-a-aneel-sobre-processo-de-compartilhamento-de-postes\/"},"wordCount":965,"publisher":{"@id":"https:\/\/agenciainfra.com\/blog\/#organization"},"image":{"@id":"https:\/\/agenciainfra.com\/blog\/ministro-de-minas-e-energia-se-junta-a-anatel-em-criticas-a-aneel-sobre-processo-de-compartilhamento-de-postes\/#primaryimage"},"thumbnailUrl":"https:\/\/agenciainfra.com\/blog\/wp-content\/uploads\/2023\/09\/alexandre-silveira-poste-legal-foto-agencia-brasil.jpg","keywords":["Ag\u00eancia Nacional de Energia El\u00e9trica","Alexandre Silveira","Anatel","ANEEL","compartilhamento de infraestrutura","Compartilhamento de poste","conectividade","Decreto 12.068\/2024","energia el\u00e9trica","Fernando Mosna","H\u00e9lvio Guerra","Leila Coimbra","Marisa Wanzeller","Minas e Energia","Minist\u00e9rio de Minas e Energia","MME","pol\u00edtica p\u00fablica","Poste","Posteiro","Postes","Presidente da Rep\u00fablica","Sandoval Feitosa","telecomunica\u00e7\u00f5es"],"articleSection":["Cabe\u00e7alho","Destaque lista","Destaque Menor","Geral","iNFRAEnergia"],"inLanguage":"pt-BR","copyrightYear":"2024","copyrightHolder":{"@id":"https:\/\/agenciainfra.com\/blog\/#organization"}},{"@type":"WebPage","@id":"https:\/\/agenciainfra.com\/blog\/ministro-de-minas-e-energia-se-junta-a-anatel-em-criticas-a-aneel-sobre-processo-de-compartilhamento-de-postes\/","url":"https:\/\/agenciainfra.com\/blog\/ministro-de-minas-e-energia-se-junta-a-anatel-em-criticas-a-aneel-sobre-processo-de-compartilhamento-de-postes\/","name":"Ministro de Minas e Energia se junta \u00e0 Anatel em cr\u00edticas \u00e0 ANEEL sobre processo de compartilhamento de postes - Ag\u00eancia iNFRA","isPartOf":{"@id":"https:\/\/agenciainfra.com\/blog\/#website"},"primaryImageOfPage":{"@id":"https:\/\/agenciainfra.com\/blog\/ministro-de-minas-e-energia-se-junta-a-anatel-em-criticas-a-aneel-sobre-processo-de-compartilhamento-de-postes\/#primaryimage"},"image":{"@id":"https:\/\/agenciainfra.com\/blog\/ministro-de-minas-e-energia-se-junta-a-anatel-em-criticas-a-aneel-sobre-processo-de-compartilhamento-de-postes\/#primaryimage"},"thumbnailUrl":"https:\/\/agenciainfra.com\/blog\/wp-content\/uploads\/2023\/09\/alexandre-silveira-poste-legal-foto-agencia-brasil.jpg","datePublished":"2024-07-24T14:00:00+00:00","dateModified":"2026-03-13T12:21:28+00:00","breadcrumb":{"@id":"https:\/\/agenciainfra.com\/blog\/ministro-de-minas-e-energia-se-junta-a-anatel-em-criticas-a-aneel-sobre-processo-de-compartilhamento-de-postes\/#breadcrumb"},"inLanguage":"pt-BR","potentialAction":[{"@type":"ReadAction","target":["https:\/\/agenciainfra.com\/blog\/ministro-de-minas-e-energia-se-junta-a-anatel-em-criticas-a-aneel-sobre-processo-de-compartilhamento-de-postes\/"]}]},{"@type":"ImageObject","inLanguage":"pt-BR","@id":"https:\/\/agenciainfra.com\/blog\/ministro-de-minas-e-energia-se-junta-a-anatel-em-criticas-a-aneel-sobre-processo-de-compartilhamento-de-postes\/#primaryimage","url":"https:\/\/agenciainfra.com\/blog\/wp-content\/uploads\/2023\/09\/alexandre-silveira-poste-legal-foto-agencia-brasil.jpg","contentUrl":"https:\/\/agenciainfra.com\/blog\/wp-content\/uploads\/2023\/09\/alexandre-silveira-poste-legal-foto-agencia-brasil.jpg","width":1202,"height":822},{"@type":"BreadcrumbList","@id":"https:\/\/agenciainfra.com\/blog\/ministro-de-minas-e-energia-se-junta-a-anatel-em-criticas-a-aneel-sobre-processo-de-compartilhamento-de-postes\/#breadcrumb","itemListElement":[{"@type":"ListItem","position":1,"name":"In\u00edcio","item":"https:\/\/agenciainfra.com\/blog\/"},{"@type":"ListItem","position":2,"name":"Ministro de Minas e Energia se junta \u00e0 Anatel em cr\u00edticas \u00e0 ANEEL sobre processo de compartilhamento de postes"}]},{"@type":"WebSite","@id":"https:\/\/agenciainfra.com\/blog\/#website","url":"https:\/\/agenciainfra.com\/blog\/","name":"Ag\u00eancia iNFRA","description":"Multiplataforma de informa\u00e7\u00e3o jornal\u00edstica refer\u00eancia na \u00e1rea de infraestrutura no Brasil!","publisher":{"@id":"https:\/\/agenciainfra.com\/blog\/#organization"},"potentialAction":[{"@type":"SearchAction","target":{"@type":"EntryPoint","urlTemplate":"https:\/\/agenciainfra.com\/blog\/?s={search_term_string}"},"query-input":{"@type":"PropertyValueSpecification","valueRequired":true,"valueName":"search_term_string"}}],"inLanguage":"pt-BR"},{"@type":"Organization","@id":"https:\/\/agenciainfra.com\/blog\/#organization","name":"Ag\u00eancia iNFRA","url":"https:\/\/agenciainfra.com\/blog\/","logo":{"@type":"ImageObject","inLanguage":"pt-BR","@id":"https:\/\/agenciainfra.com\/blog\/#\/schema\/logo\/image\/","url":"https:\/\/agenciainfra.com\/blog\/wp-content\/uploads\/2023\/09\/iNFRA_5-e1761735885940.png","contentUrl":"https:\/\/agenciainfra.com\/blog\/wp-content\/uploads\/2023\/09\/iNFRA_5-e1761735885940.png","width":1672,"height":454,"caption":"Ag\u00eancia iNFRA"},"image":{"@id":"https:\/\/agenciainfra.com\/blog\/#\/schema\/logo\/image\/"},"sameAs":["https:\/\/www.facebook.com\/ageninfra","https:\/\/x.com\/agencia_infra","https:\/\/www.linkedin.com\/company\/ag\u00eanciainfra\/","https:\/\/www.instagram.com\/agenciainfra\/"]},{"@type":"Person","@id":"https:\/\/agenciainfra.com\/blog\/#\/schema\/person\/34af08dff6adea4cb22b06612ba7acfa","name":"Ag\u00eancia iNFRA","image":{"@type":"ImageObject","inLanguage":"pt-BR","@id":"https:\/\/agenciainfra.com\/blog\/#\/schema\/person\/image\/","url":"https:\/\/secure.gravatar.com\/avatar\/d189e01678f06d8eb84d4e01f08eb848b3fffe3f8443818d3c356c66892f5be8?s=96&d=mm&r=g","contentUrl":"https:\/\/secure.gravatar.com\/avatar\/d189e01678f06d8eb84d4e01f08eb848b3fffe3f8443818d3c356c66892f5be8?s=96&d=mm&r=g","caption":"Ag\u00eancia iNFRA"},"url":"https:\/\/agenciainfra.com\/blog\/author\/admin\/"}]}},"_links":{"self":[{"href":"https:\/\/agenciainfra.com\/blog\/wp-json\/wp\/v2\/posts\/17849","targetHints":{"allow":["GET"]}}],"collection":[{"href":"https:\/\/agenciainfra.com\/blog\/wp-json\/wp\/v2\/posts"}],"about":[{"href":"https:\/\/agenciainfra.com\/blog\/wp-json\/wp\/v2\/types\/post"}],"author":[{"embeddable":true,"href":"https:\/\/agenciainfra.com\/blog\/wp-json\/wp\/v2\/users\/1"}],"replies":[{"embeddable":true,"href":"https:\/\/agenciainfra.com\/blog\/wp-json\/wp\/v2\/comments?post=17849"}],"version-history":[{"count":1,"href":"https:\/\/agenciainfra.com\/blog\/wp-json\/wp\/v2\/posts\/17849\/revisions"}],"predecessor-version":[{"id":17850,"href":"https:\/\/agenciainfra.com\/blog\/wp-json\/wp\/v2\/posts\/17849\/revisions\/17850"}],"wp:featuredmedia":[{"embeddable":true,"href":"https:\/\/agenciainfra.com\/blog\/wp-json\/wp\/v2\/media\/14200"}],"wp:attachment":[{"href":"https:\/\/agenciainfra.com\/blog\/wp-json\/wp\/v2\/media?parent=17849"}],"wp:term":[{"taxonomy":"category","embeddable":true,"href":"https:\/\/agenciainfra.com\/blog\/wp-json\/wp\/v2\/categories?post=17849"},{"taxonomy":"post_tag","embeddable":true,"href":"https:\/\/agenciainfra.com\/blog\/wp-json\/wp\/v2\/tags?post=17849"}],"curies":[{"name":"wp","href":"https:\/\/api.w.org\/{rel}","templated":true}]}}