{"id":17880,"date":"2024-07-25T13:00:00","date_gmt":"2024-07-25T16:00:00","guid":{"rendered":"https:\/\/agenciainfra.com\/blog\/?p=17880"},"modified":"2024-07-31T11:40:39","modified_gmt":"2024-07-31T14:40:39","slug":"tcu-remarca-para-7-de-agosto-apreciacao-sobre-tempo-de-mandato-de-diretores-das-agencias-reguladoras","status":"publish","type":"post","link":"https:\/\/agenciainfra.com\/blog\/tcu-remarca-para-7-de-agosto-apreciacao-sobre-tempo-de-mandato-de-diretores-das-agencias-reguladoras\/","title":{"rendered":"TCU remarca para 7 de agosto aprecia\u00e7\u00e3o sobre tempo de mandato de diretores das ag\u00eancias reguladoras"},"content":{"rendered":"\n<p class=\"has-text-align-right\"><strong>da&nbsp;Ag\u00eancia iNFRA<\/strong><\/p>\n\n\n\n<p>O ministro do\u00a0TCU\u00a0(Tribunal de Contas da Uni\u00e3o) Vital do R\u00eago comunicou em plen\u00e1rio nesta quarta-feira (24) que a\u00a0aprecia\u00e7\u00e3o\u00a0do processo que trata do\u00a0tempo\u00a0de\u00a0mandato\u00a0dos presidentes\u00a0das\u00a0ag\u00eancias\u00a0reguladoras\u00a0ser\u00e1 remarcada de 31 de julho\u00a0para\u00a0a sess\u00e3o de\u00a07\u00a0de\u00a0agosto. Segundo ele, a data foi combinada entre o relator, Walton Alencar, e os revisores, Augusto Nardes e Jhonatan de Jesus.\u00a0<br><br>Em \u00a026 de junho o processo foi retirado de pauta pela aus\u00eancia de dois ministros do tribunal. Na ocasi\u00e3o, o presidente da corte, ministro Bruno Dantas, <a href=\"https:\/\/agenciainfra.com\/blog\/presidente-do-tcu-cobra-uma-decisao-sobre-mandato-de-diretores-de-agencias-em-31-de-julho\/\">pediu que o processo fosse apreciado em 31 de julho<\/a> alegando que h\u00e1 inseguran\u00e7a dos\u00a0diretores\u00a0e de todo setor regulado na falta de decis\u00e3o do\u00a0TCU\u00a0sobre\u00a0o tema.<br><br>O voto do relator indica que o\u00a0tempo\u00a0de\u00a0mandato\u00a0dos\u00a0diretores\u00a0deve ser de cinco anos. Isso faz com que presidentes\u00a0das\u00a0ag\u00eancias\u00a0que tinham sido\u00a0diretores\u00a0antes de assumir o cargo principal deixem o\u00a0mandato\u00a0com cinco anos, a contar do ingresso como diretor. \u00c9 o caso dos\u00a0diretores\u00a0da Anatel e da ANEEL.<\/p>\n","protected":false},"excerpt":{"rendered":"<p>da&nbsp;Ag\u00eancia iNFRA O ministro do\u00a0TCU\u00a0(Tribunal de Contas da Uni\u00e3o) Vital do R\u00eago comunicou em plen\u00e1rio nesta quarta-feira (24) que a\u00a0aprecia\u00e7\u00e3o\u00a0do processo que trata do\u00a0tempo\u00a0de\u00a0mandato\u00a0dos presidentes\u00a0das\u00a0ag\u00eancias\u00a0reguladoras\u00a0ser\u00e1 remarcada de 31 de julho\u00a0para\u00a0a sess\u00e3o de\u00a07\u00a0de\u00a0agosto. Segundo ele, a data foi combinada entre o relator, Walton Alencar, e os revisores, Augusto Nardes e Jhonatan de Jesus.\u00a0 Em \u00a026 de [&hellip;]<\/p>\n","protected":false},"author":1,"featured_media":7215,"comment_status":"closed","ping_status":"closed","sticky":false,"template":"","format":"standard","meta":{"_monsterinsights_skip_tracking":false,"_monsterinsights_sitenote_active":false,"_monsterinsights_sitenote_note":"","_monsterinsights_sitenote_category":0,"footnotes":""},"categories":[7248,9714,1,10],"tags":[46,2234,53,822,396,5672,8490,3125,10969,10305,48,10970,7838,18,927,860,1204],"class_list":["post-17880","post","type-post","status-publish","format-standard","has-post-thumbnail","hentry","category-cabecalho","category-destaque-menor","category-geral","category-infraenergia","tag-agencias-reguladoras","tag-anatel","tag-aneel","tag-augusto-nardes","tag-bruno-dantas","tag-diretor-geral","tag-diretor-presidente","tag-jhonatan-de-jesus","tag-mandato-de-diretor","tag-mandato-de-diretores","tag-regulacao","tag-relatores","tag-sessao-plenaria","tag-tcu","tag-tribunal-de-contas-da-uniao","tag-vital-do-rego","tag-walton-alencar"],"yoast_head":"<!-- This site is optimized with the Yoast SEO Premium plugin v25.4 (Yoast SEO v26.0) - https:\/\/yoast.com\/wordpress\/plugins\/seo\/ -->\n<title>TCU remarca para 7 de agosto aprecia\u00e7\u00e3o sobre tempo de mandato de diretores das ag\u00eancias reguladoras - Ag\u00eancia iNFRA<\/title>\n<meta name=\"robots\" content=\"index, follow, max-snippet:-1, max-image-preview:large, max-video-preview:-1\" \/>\n<link rel=\"canonical\" href=\"https:\/\/agenciainfra.com\/blog\/tcu-remarca-para-7-de-agosto-apreciacao-sobre-tempo-de-mandato-de-diretores-das-agencias-reguladoras\/\" \/>\n<meta property=\"og:locale\" content=\"pt_BR\" \/>\n<meta property=\"og:type\" content=\"article\" \/>\n<meta property=\"og:title\" content=\"TCU remarca para 7 de agosto aprecia\u00e7\u00e3o sobre tempo de mandato de diretores das ag\u00eancias reguladoras\" \/>\n<meta property=\"og:description\" content=\"da&nbsp;Ag\u00eancia iNFRA O ministro do\u00a0TCU\u00a0(Tribunal de Contas da Uni\u00e3o) Vital do R\u00eago comunicou em plen\u00e1rio nesta quarta-feira (24) que a\u00a0aprecia\u00e7\u00e3o\u00a0do processo que trata do\u00a0tempo\u00a0de\u00a0mandato\u00a0dos presidentes\u00a0das\u00a0ag\u00eancias\u00a0reguladoras\u00a0ser\u00e1 remarcada de 31 de julho\u00a0para\u00a0a sess\u00e3o de\u00a07\u00a0de\u00a0agosto. Segundo ele, a data foi combinada entre o relator, Walton Alencar, e os revisores, Augusto Nardes e Jhonatan de Jesus.\u00a0 Em \u00a026 de [&hellip;]\" \/>\n<meta property=\"og:url\" content=\"https:\/\/agenciainfra.com\/blog\/tcu-remarca-para-7-de-agosto-apreciacao-sobre-tempo-de-mandato-de-diretores-das-agencias-reguladoras\/\" \/>\n<meta property=\"og:site_name\" content=\"Ag\u00eancia iNFRA\" \/>\n<meta property=\"article:publisher\" content=\"https:\/\/www.facebook.com\/ageninfra\" \/>\n<meta property=\"article:published_time\" content=\"2024-07-25T16:00:00+00:00\" \/>\n<meta property=\"article:modified_time\" content=\"2024-07-31T14:40:39+00:00\" \/>\n<meta property=\"og:image\" content=\"https:\/\/agenciainfra.com\/blog\/wp-content\/uploads\/2021\/05\/vital-do-rego-foto-valter-campanato-agencia-brasil.jpeg\" \/>\n\t<meta property=\"og:image:width\" content=\"1280\" \/>\n\t<meta property=\"og:image:height\" content=\"766\" \/>\n\t<meta property=\"og:image:type\" content=\"image\/jpeg\" \/>\n<meta name=\"author\" content=\"Ag\u00eancia iNFRA\" \/>\n<meta name=\"twitter:card\" content=\"summary_large_image\" \/>\n<meta name=\"twitter:creator\" content=\"@agencia_infra\" \/>\n<meta name=\"twitter:site\" content=\"@agencia_infra\" \/>\n<meta name=\"twitter:label1\" content=\"Escrito por\" \/>\n\t<meta name=\"twitter:data1\" content=\"Ag\u00eancia iNFRA\" \/>\n\t<meta name=\"twitter:label2\" content=\"Est. tempo de leitura\" \/>\n\t<meta name=\"twitter:data2\" content=\"1 minuto\" \/>\n<script type=\"application\/ld+json\" class=\"yoast-schema-graph\">{\"@context\":\"https:\/\/schema.org\",\"@graph\":[{\"@type\":\"Article\",\"@id\":\"https:\/\/agenciainfra.com\/blog\/tcu-remarca-para-7-de-agosto-apreciacao-sobre-tempo-de-mandato-de-diretores-das-agencias-reguladoras\/#article\",\"isPartOf\":{\"@id\":\"https:\/\/agenciainfra.com\/blog\/tcu-remarca-para-7-de-agosto-apreciacao-sobre-tempo-de-mandato-de-diretores-das-agencias-reguladoras\/\"},\"author\":{\"name\":\"Ag\u00eancia iNFRA\",\"@id\":\"https:\/\/agenciainfra.com\/blog\/#\/schema\/person\/34af08dff6adea4cb22b06612ba7acfa\"},\"headline\":\"TCU remarca para 7 de agosto aprecia\u00e7\u00e3o sobre tempo de mandato de diretores das ag\u00eancias reguladoras\",\"datePublished\":\"2024-07-25T16:00:00+00:00\",\"dateModified\":\"2024-07-31T14:40:39+00:00\",\"mainEntityOfPage\":{\"@id\":\"https:\/\/agenciainfra.com\/blog\/tcu-remarca-para-7-de-agosto-apreciacao-sobre-tempo-de-mandato-de-diretores-das-agencias-reguladoras\/\"},\"wordCount\":206,\"publisher\":{\"@id\":\"https:\/\/agenciainfra.com\/blog\/#organization\"},\"image\":{\"@id\":\"https:\/\/agenciainfra.com\/blog\/tcu-remarca-para-7-de-agosto-apreciacao-sobre-tempo-de-mandato-de-diretores-das-agencias-reguladoras\/#primaryimage\"},\"thumbnailUrl\":\"https:\/\/agenciainfra.com\/blog\/wp-content\/uploads\/2021\/05\/vital-do-rego-foto-valter-campanato-agencia-brasil.jpeg\",\"keywords\":[\"Ag\u00eancias Reguladoras\",\"Anatel\",\"ANEEL\",\"Augusto Nardes\",\"Bruno Dantas\",\"diretor-geral\",\"diretor-presidente\",\"Jhonatan de Jesus\",\"mandato de diretor\",\"mandato de diretores\",\"Regula\u00e7\u00e3o\",\"Relatores\",\"sess\u00e3o plen\u00e1ria\",\"TCU\",\"Tribunal de Contas da Uni\u00e3o\",\"Vital do R\u00eago\",\"Walton Alencar\"],\"articleSection\":[\"Cabe\u00e7alho\",\"Destaque Menor\",\"Geral\",\"iNFRAEnergia\"],\"inLanguage\":\"pt-BR\",\"copyrightYear\":\"2024\",\"copyrightHolder\":{\"@id\":\"https:\/\/agenciainfra.com\/blog\/#organization\"}},{\"@type\":\"WebPage\",\"@id\":\"https:\/\/agenciainfra.com\/blog\/tcu-remarca-para-7-de-agosto-apreciacao-sobre-tempo-de-mandato-de-diretores-das-agencias-reguladoras\/\",\"url\":\"https:\/\/agenciainfra.com\/blog\/tcu-remarca-para-7-de-agosto-apreciacao-sobre-tempo-de-mandato-de-diretores-das-agencias-reguladoras\/\",\"name\":\"TCU remarca para 7 de agosto aprecia\u00e7\u00e3o sobre tempo de mandato de diretores das ag\u00eancias reguladoras - Ag\u00eancia iNFRA\",\"isPartOf\":{\"@id\":\"https:\/\/agenciainfra.com\/blog\/#website\"},\"primaryImageOfPage\":{\"@id\":\"https:\/\/agenciainfra.com\/blog\/tcu-remarca-para-7-de-agosto-apreciacao-sobre-tempo-de-mandato-de-diretores-das-agencias-reguladoras\/#primaryimage\"},\"image\":{\"@id\":\"https:\/\/agenciainfra.com\/blog\/tcu-remarca-para-7-de-agosto-apreciacao-sobre-tempo-de-mandato-de-diretores-das-agencias-reguladoras\/#primaryimage\"},\"thumbnailUrl\":\"https:\/\/agenciainfra.com\/blog\/wp-content\/uploads\/2021\/05\/vital-do-rego-foto-valter-campanato-agencia-brasil.jpeg\",\"datePublished\":\"2024-07-25T16:00:00+00:00\",\"dateModified\":\"2024-07-31T14:40:39+00:00\",\"breadcrumb\":{\"@id\":\"https:\/\/agenciainfra.com\/blog\/tcu-remarca-para-7-de-agosto-apreciacao-sobre-tempo-de-mandato-de-diretores-das-agencias-reguladoras\/#breadcrumb\"},\"inLanguage\":\"pt-BR\",\"potentialAction\":[{\"@type\":\"ReadAction\",\"target\":[\"https:\/\/agenciainfra.com\/blog\/tcu-remarca-para-7-de-agosto-apreciacao-sobre-tempo-de-mandato-de-diretores-das-agencias-reguladoras\/\"]}]},{\"@type\":\"ImageObject\",\"inLanguage\":\"pt-BR\",\"@id\":\"https:\/\/agenciainfra.com\/blog\/tcu-remarca-para-7-de-agosto-apreciacao-sobre-tempo-de-mandato-de-diretores-das-agencias-reguladoras\/#primaryimage\",\"url\":\"https:\/\/agenciainfra.com\/blog\/wp-content\/uploads\/2021\/05\/vital-do-rego-foto-valter-campanato-agencia-brasil.jpeg\",\"contentUrl\":\"https:\/\/agenciainfra.com\/blog\/wp-content\/uploads\/2021\/05\/vital-do-rego-foto-valter-campanato-agencia-brasil.jpeg\",\"width\":1280,\"height\":766},{\"@type\":\"BreadcrumbList\",\"@id\":\"https:\/\/agenciainfra.com\/blog\/tcu-remarca-para-7-de-agosto-apreciacao-sobre-tempo-de-mandato-de-diretores-das-agencias-reguladoras\/#breadcrumb\",\"itemListElement\":[{\"@type\":\"ListItem\",\"position\":1,\"name\":\"In\u00edcio\",\"item\":\"https:\/\/agenciainfra.com\/blog\/\"},{\"@type\":\"ListItem\",\"position\":2,\"name\":\"TCU remarca para 7 de agosto aprecia\u00e7\u00e3o sobre tempo de mandato de diretores das ag\u00eancias reguladoras\"}]},{\"@type\":\"WebSite\",\"@id\":\"https:\/\/agenciainfra.com\/blog\/#website\",\"url\":\"https:\/\/agenciainfra.com\/blog\/\",\"name\":\"Ag\u00eancia iNFRA\",\"description\":\"Multiplataforma de informa\u00e7\u00e3o jornal\u00edstica refer\u00eancia na \u00e1rea de infraestrutura no Brasil!\",\"publisher\":{\"@id\":\"https:\/\/agenciainfra.com\/blog\/#organization\"},\"potentialAction\":[{\"@type\":\"SearchAction\",\"target\":{\"@type\":\"EntryPoint\",\"urlTemplate\":\"https:\/\/agenciainfra.com\/blog\/?s={search_term_string}\"},\"query-input\":{\"@type\":\"PropertyValueSpecification\",\"valueRequired\":true,\"valueName\":\"search_term_string\"}}],\"inLanguage\":\"pt-BR\"},{\"@type\":\"Organization\",\"@id\":\"https:\/\/agenciainfra.com\/blog\/#organization\",\"name\":\"Ag\u00eancia iNFRA\",\"url\":\"https:\/\/agenciainfra.com\/blog\/\",\"logo\":{\"@type\":\"ImageObject\",\"inLanguage\":\"pt-BR\",\"@id\":\"https:\/\/agenciainfra.com\/blog\/#\/schema\/logo\/image\/\",\"url\":\"https:\/\/agenciainfra.com\/blog\/wp-content\/uploads\/2023\/09\/iNFRA_5-e1761735885940.png\",\"contentUrl\":\"https:\/\/agenciainfra.com\/blog\/wp-content\/uploads\/2023\/09\/iNFRA_5-e1761735885940.png\",\"width\":1672,\"height\":454,\"caption\":\"Ag\u00eancia iNFRA\"},\"image\":{\"@id\":\"https:\/\/agenciainfra.com\/blog\/#\/schema\/logo\/image\/\"},\"sameAs\":[\"https:\/\/www.facebook.com\/ageninfra\",\"https:\/\/x.com\/agencia_infra\",\"https:\/\/www.linkedin.com\/company\/ag\u00eanciainfra\/\",\"https:\/\/www.instagram.com\/agenciainfra\/\"]},{\"@type\":\"Person\",\"@id\":\"https:\/\/agenciainfra.com\/blog\/#\/schema\/person\/34af08dff6adea4cb22b06612ba7acfa\",\"name\":\"Ag\u00eancia iNFRA\",\"image\":{\"@type\":\"ImageObject\",\"inLanguage\":\"pt-BR\",\"@id\":\"https:\/\/agenciainfra.com\/blog\/#\/schema\/person\/image\/\",\"url\":\"https:\/\/secure.gravatar.com\/avatar\/d189e01678f06d8eb84d4e01f08eb848b3fffe3f8443818d3c356c66892f5be8?s=96&d=mm&r=g\",\"contentUrl\":\"https:\/\/secure.gravatar.com\/avatar\/d189e01678f06d8eb84d4e01f08eb848b3fffe3f8443818d3c356c66892f5be8?s=96&d=mm&r=g\",\"caption\":\"Ag\u00eancia iNFRA\"},\"url\":\"https:\/\/agenciainfra.com\/blog\/author\/admin\/\"}]}<\/script>\n<!-- \/ Yoast SEO Premium plugin. -->","yoast_head_json":{"title":"TCU remarca para 7 de agosto aprecia\u00e7\u00e3o sobre tempo de mandato de diretores das ag\u00eancias reguladoras - Ag\u00eancia iNFRA","robots":{"index":"index","follow":"follow","max-snippet":"max-snippet:-1","max-image-preview":"max-image-preview:large","max-video-preview":"max-video-preview:-1"},"canonical":"https:\/\/agenciainfra.com\/blog\/tcu-remarca-para-7-de-agosto-apreciacao-sobre-tempo-de-mandato-de-diretores-das-agencias-reguladoras\/","og_locale":"pt_BR","og_type":"article","og_title":"TCU remarca para 7 de agosto aprecia\u00e7\u00e3o sobre tempo de mandato de diretores das ag\u00eancias reguladoras","og_description":"da&nbsp;Ag\u00eancia iNFRA O ministro do\u00a0TCU\u00a0(Tribunal de Contas da Uni\u00e3o) Vital do R\u00eago comunicou em plen\u00e1rio nesta quarta-feira (24) que a\u00a0aprecia\u00e7\u00e3o\u00a0do processo que trata do\u00a0tempo\u00a0de\u00a0mandato\u00a0dos presidentes\u00a0das\u00a0ag\u00eancias\u00a0reguladoras\u00a0ser\u00e1 remarcada de 31 de julho\u00a0para\u00a0a sess\u00e3o de\u00a07\u00a0de\u00a0agosto. Segundo ele, a data foi combinada entre o relator, Walton Alencar, e os revisores, Augusto Nardes e Jhonatan de Jesus.\u00a0 Em \u00a026 de [&hellip;]","og_url":"https:\/\/agenciainfra.com\/blog\/tcu-remarca-para-7-de-agosto-apreciacao-sobre-tempo-de-mandato-de-diretores-das-agencias-reguladoras\/","og_site_name":"Ag\u00eancia iNFRA","article_publisher":"https:\/\/www.facebook.com\/ageninfra","article_published_time":"2024-07-25T16:00:00+00:00","article_modified_time":"2024-07-31T14:40:39+00:00","og_image":[{"width":1280,"height":766,"url":"https:\/\/agenciainfra.com\/blog\/wp-content\/uploads\/2021\/05\/vital-do-rego-foto-valter-campanato-agencia-brasil.jpeg","type":"image\/jpeg"}],"author":"Ag\u00eancia iNFRA","twitter_card":"summary_large_image","twitter_creator":"@agencia_infra","twitter_site":"@agencia_infra","twitter_misc":{"Escrito por":"Ag\u00eancia iNFRA","Est. tempo de leitura":"1 minuto"},"schema":{"@context":"https:\/\/schema.org","@graph":[{"@type":"Article","@id":"https:\/\/agenciainfra.com\/blog\/tcu-remarca-para-7-de-agosto-apreciacao-sobre-tempo-de-mandato-de-diretores-das-agencias-reguladoras\/#article","isPartOf":{"@id":"https:\/\/agenciainfra.com\/blog\/tcu-remarca-para-7-de-agosto-apreciacao-sobre-tempo-de-mandato-de-diretores-das-agencias-reguladoras\/"},"author":{"name":"Ag\u00eancia iNFRA","@id":"https:\/\/agenciainfra.com\/blog\/#\/schema\/person\/34af08dff6adea4cb22b06612ba7acfa"},"headline":"TCU remarca para 7 de agosto aprecia\u00e7\u00e3o sobre tempo de mandato de diretores das ag\u00eancias reguladoras","datePublished":"2024-07-25T16:00:00+00:00","dateModified":"2024-07-31T14:40:39+00:00","mainEntityOfPage":{"@id":"https:\/\/agenciainfra.com\/blog\/tcu-remarca-para-7-de-agosto-apreciacao-sobre-tempo-de-mandato-de-diretores-das-agencias-reguladoras\/"},"wordCount":206,"publisher":{"@id":"https:\/\/agenciainfra.com\/blog\/#organization"},"image":{"@id":"https:\/\/agenciainfra.com\/blog\/tcu-remarca-para-7-de-agosto-apreciacao-sobre-tempo-de-mandato-de-diretores-das-agencias-reguladoras\/#primaryimage"},"thumbnailUrl":"https:\/\/agenciainfra.com\/blog\/wp-content\/uploads\/2021\/05\/vital-do-rego-foto-valter-campanato-agencia-brasil.jpeg","keywords":["Ag\u00eancias Reguladoras","Anatel","ANEEL","Augusto Nardes","Bruno Dantas","diretor-geral","diretor-presidente","Jhonatan de Jesus","mandato de diretor","mandato de diretores","Regula\u00e7\u00e3o","Relatores","sess\u00e3o plen\u00e1ria","TCU","Tribunal de Contas da Uni\u00e3o","Vital do R\u00eago","Walton Alencar"],"articleSection":["Cabe\u00e7alho","Destaque Menor","Geral","iNFRAEnergia"],"inLanguage":"pt-BR","copyrightYear":"2024","copyrightHolder":{"@id":"https:\/\/agenciainfra.com\/blog\/#organization"}},{"@type":"WebPage","@id":"https:\/\/agenciainfra.com\/blog\/tcu-remarca-para-7-de-agosto-apreciacao-sobre-tempo-de-mandato-de-diretores-das-agencias-reguladoras\/","url":"https:\/\/agenciainfra.com\/blog\/tcu-remarca-para-7-de-agosto-apreciacao-sobre-tempo-de-mandato-de-diretores-das-agencias-reguladoras\/","name":"TCU remarca para 7 de agosto aprecia\u00e7\u00e3o sobre tempo de mandato de diretores das ag\u00eancias reguladoras - Ag\u00eancia iNFRA","isPartOf":{"@id":"https:\/\/agenciainfra.com\/blog\/#website"},"primaryImageOfPage":{"@id":"https:\/\/agenciainfra.com\/blog\/tcu-remarca-para-7-de-agosto-apreciacao-sobre-tempo-de-mandato-de-diretores-das-agencias-reguladoras\/#primaryimage"},"image":{"@id":"https:\/\/agenciainfra.com\/blog\/tcu-remarca-para-7-de-agosto-apreciacao-sobre-tempo-de-mandato-de-diretores-das-agencias-reguladoras\/#primaryimage"},"thumbnailUrl":"https:\/\/agenciainfra.com\/blog\/wp-content\/uploads\/2021\/05\/vital-do-rego-foto-valter-campanato-agencia-brasil.jpeg","datePublished":"2024-07-25T16:00:00+00:00","dateModified":"2024-07-31T14:40:39+00:00","breadcrumb":{"@id":"https:\/\/agenciainfra.com\/blog\/tcu-remarca-para-7-de-agosto-apreciacao-sobre-tempo-de-mandato-de-diretores-das-agencias-reguladoras\/#breadcrumb"},"inLanguage":"pt-BR","potentialAction":[{"@type":"ReadAction","target":["https:\/\/agenciainfra.com\/blog\/tcu-remarca-para-7-de-agosto-apreciacao-sobre-tempo-de-mandato-de-diretores-das-agencias-reguladoras\/"]}]},{"@type":"ImageObject","inLanguage":"pt-BR","@id":"https:\/\/agenciainfra.com\/blog\/tcu-remarca-para-7-de-agosto-apreciacao-sobre-tempo-de-mandato-de-diretores-das-agencias-reguladoras\/#primaryimage","url":"https:\/\/agenciainfra.com\/blog\/wp-content\/uploads\/2021\/05\/vital-do-rego-foto-valter-campanato-agencia-brasil.jpeg","contentUrl":"https:\/\/agenciainfra.com\/blog\/wp-content\/uploads\/2021\/05\/vital-do-rego-foto-valter-campanato-agencia-brasil.jpeg","width":1280,"height":766},{"@type":"BreadcrumbList","@id":"https:\/\/agenciainfra.com\/blog\/tcu-remarca-para-7-de-agosto-apreciacao-sobre-tempo-de-mandato-de-diretores-das-agencias-reguladoras\/#breadcrumb","itemListElement":[{"@type":"ListItem","position":1,"name":"In\u00edcio","item":"https:\/\/agenciainfra.com\/blog\/"},{"@type":"ListItem","position":2,"name":"TCU remarca para 7 de agosto aprecia\u00e7\u00e3o sobre tempo de mandato de diretores das ag\u00eancias reguladoras"}]},{"@type":"WebSite","@id":"https:\/\/agenciainfra.com\/blog\/#website","url":"https:\/\/agenciainfra.com\/blog\/","name":"Ag\u00eancia iNFRA","description":"Multiplataforma de informa\u00e7\u00e3o jornal\u00edstica refer\u00eancia na \u00e1rea de infraestrutura no Brasil!","publisher":{"@id":"https:\/\/agenciainfra.com\/blog\/#organization"},"potentialAction":[{"@type":"SearchAction","target":{"@type":"EntryPoint","urlTemplate":"https:\/\/agenciainfra.com\/blog\/?s={search_term_string}"},"query-input":{"@type":"PropertyValueSpecification","valueRequired":true,"valueName":"search_term_string"}}],"inLanguage":"pt-BR"},{"@type":"Organization","@id":"https:\/\/agenciainfra.com\/blog\/#organization","name":"Ag\u00eancia iNFRA","url":"https:\/\/agenciainfra.com\/blog\/","logo":{"@type":"ImageObject","inLanguage":"pt-BR","@id":"https:\/\/agenciainfra.com\/blog\/#\/schema\/logo\/image\/","url":"https:\/\/agenciainfra.com\/blog\/wp-content\/uploads\/2023\/09\/iNFRA_5-e1761735885940.png","contentUrl":"https:\/\/agenciainfra.com\/blog\/wp-content\/uploads\/2023\/09\/iNFRA_5-e1761735885940.png","width":1672,"height":454,"caption":"Ag\u00eancia iNFRA"},"image":{"@id":"https:\/\/agenciainfra.com\/blog\/#\/schema\/logo\/image\/"},"sameAs":["https:\/\/www.facebook.com\/ageninfra","https:\/\/x.com\/agencia_infra","https:\/\/www.linkedin.com\/company\/ag\u00eanciainfra\/","https:\/\/www.instagram.com\/agenciainfra\/"]},{"@type":"Person","@id":"https:\/\/agenciainfra.com\/blog\/#\/schema\/person\/34af08dff6adea4cb22b06612ba7acfa","name":"Ag\u00eancia iNFRA","image":{"@type":"ImageObject","inLanguage":"pt-BR","@id":"https:\/\/agenciainfra.com\/blog\/#\/schema\/person\/image\/","url":"https:\/\/secure.gravatar.com\/avatar\/d189e01678f06d8eb84d4e01f08eb848b3fffe3f8443818d3c356c66892f5be8?s=96&d=mm&r=g","contentUrl":"https:\/\/secure.gravatar.com\/avatar\/d189e01678f06d8eb84d4e01f08eb848b3fffe3f8443818d3c356c66892f5be8?s=96&d=mm&r=g","caption":"Ag\u00eancia iNFRA"},"url":"https:\/\/agenciainfra.com\/blog\/author\/admin\/"}]}},"_links":{"self":[{"href":"https:\/\/agenciainfra.com\/blog\/wp-json\/wp\/v2\/posts\/17880","targetHints":{"allow":["GET"]}}],"collection":[{"href":"https:\/\/agenciainfra.com\/blog\/wp-json\/wp\/v2\/posts"}],"about":[{"href":"https:\/\/agenciainfra.com\/blog\/wp-json\/wp\/v2\/types\/post"}],"author":[{"embeddable":true,"href":"https:\/\/agenciainfra.com\/blog\/wp-json\/wp\/v2\/users\/1"}],"replies":[{"embeddable":true,"href":"https:\/\/agenciainfra.com\/blog\/wp-json\/wp\/v2\/comments?post=17880"}],"version-history":[{"count":2,"href":"https:\/\/agenciainfra.com\/blog\/wp-json\/wp\/v2\/posts\/17880\/revisions"}],"predecessor-version":[{"id":17882,"href":"https:\/\/agenciainfra.com\/blog\/wp-json\/wp\/v2\/posts\/17880\/revisions\/17882"}],"wp:featuredmedia":[{"embeddable":true,"href":"https:\/\/agenciainfra.com\/blog\/wp-json\/wp\/v2\/media\/7215"}],"wp:attachment":[{"href":"https:\/\/agenciainfra.com\/blog\/wp-json\/wp\/v2\/media?parent=17880"}],"wp:term":[{"taxonomy":"category","embeddable":true,"href":"https:\/\/agenciainfra.com\/blog\/wp-json\/wp\/v2\/categories?post=17880"},{"taxonomy":"post_tag","embeddable":true,"href":"https:\/\/agenciainfra.com\/blog\/wp-json\/wp\/v2\/tags?post=17880"}],"curies":[{"name":"wp","href":"https:\/\/api.w.org\/{rel}","templated":true}]}}