{"id":17947,"date":"2024-07-30T11:00:00","date_gmt":"2024-07-30T14:00:00","guid":{"rendered":"https:\/\/agenciainfra.com\/blog\/?p=17947"},"modified":"2026-03-13T09:21:23","modified_gmt":"2026-03-13T12:21:23","slug":"tecnicos-da-aneel-dizem-que-aumento-de-875-no-amapa-e-melhor-para-o-consumidor-do-que-os-atuais-0","status":"publish","type":"post","link":"https:\/\/agenciainfra.com\/blog\/tecnicos-da-aneel-dizem-que-aumento-de-875-no-amapa-e-melhor-para-o-consumidor-do-que-os-atuais-0\/","title":{"rendered":"T\u00e9cnicos da ANEEL dizem que aumento de 8,75% no Amap\u00e1 \u00e9 melhor para o consumidor do que os atuais 0%"},"content":{"rendered":"\n<p class=\"has-text-align-right\"><strong>Marisa Wanzeller e Leila Coimbra,&nbsp;da&nbsp;Ag\u00eancia iNFRA<\/strong><\/p>\n\n\n\n<p>T\u00e9cnicos&nbsp;da&nbsp;ANEEL&nbsp;(Ag\u00eancia Nacional de Energia El\u00e9trica) avaliam&nbsp;que&nbsp;um reajuste&nbsp;da&nbsp;Equatorial&nbsp;Amap\u00e1&nbsp;de&nbsp;8,75%, conforme recomenda&nbsp;o&nbsp;Minist\u00e9rio de Minas e Energia,&nbsp;\u00e9&nbsp;mais ben\u00e9fico&nbsp;para&nbsp;os&nbsp;consumidores&nbsp;do&nbsp;que&nbsp;o&nbsp;\u00edndice concedido anteriormente pela pr\u00f3pria ag\u00eancia, de&nbsp;0%.<br><br>Os&nbsp;dados fazem parte de uma minuta de NT (Nota T\u00e9cnica) emitida pela STR (Superintend\u00eancia de Gest\u00e3o&nbsp;Tarif\u00e1ria e Regula\u00e7\u00e3o&nbsp;Econ\u00f4mica),&nbsp;que&nbsp;avaliou diversos cen\u00e1rios, e s\u00e3o&nbsp;referentes \u00e0 RTE (Revis\u00e3o&nbsp;Tarif\u00e1ria Extraordin\u00e1ria) de dezembro de 2023.<br><br>No&nbsp;ano passado,&nbsp;o&nbsp;aumento&nbsp;das tarifas&nbsp;da&nbsp;Equatorial&nbsp;Amap\u00e1&nbsp;poderia ter sido de at\u00e9 44%. Depois, a ag\u00eancia chegou a uma proposta de 33,56%, mas acabou definindo em&nbsp;0%&nbsp;o&nbsp;percentual em mar\u00e7o&nbsp;deste ano, \u00e0 espera de medidas&nbsp;do&nbsp;governo&nbsp;para&nbsp;segurar as tarifas. Em abril,&nbsp;o&nbsp;governo publicou a&nbsp;<a href=\"https:\/\/agenciainfra.us14.list-manage.com\/track\/click?u=d460dd1bcf9ba0ae040e1fc0f&amp;id=aa28499ee6&amp;e=f0fa444791\" target=\"_blank\" rel=\"noreferrer noopener\">MP (Medida Provis\u00f3ria) 1.212\/2024<\/a>, com regras&nbsp;para&nbsp;reduzir&nbsp;os&nbsp;\u00edndices. Agora, depois&nbsp;da&nbsp;MP, a ag\u00eancia est\u00e1 recalculando&nbsp;o&nbsp;reajuste retroativo a 2023.<br><br>Segundo a \u00e1rea t\u00e9cnica&nbsp;da&nbsp;ANEEL, revisar a tarifa em&nbsp;8,75% oferece um&nbsp;melhor&nbsp;cen\u00e1rio&nbsp;para&nbsp;o&nbsp;consumidor&nbsp;no&nbsp;RTA (Reajuste Tarif\u00e1rio Anual) de 2024,&nbsp;que&nbsp;ser\u00e1 definido em dezembro.<br><br>&#8220;Importante salientar&nbsp;que&nbsp;a maioria dos cen\u00e1rios indicam um componente financeiro positivo a favor&nbsp;da&nbsp;CEA Equatorial&nbsp;no&nbsp;RTA de 2024, a exce\u00e7\u00e3o&nbsp;ficou apenas&nbsp;no&nbsp;cen\u00e1rio em&nbsp;que&nbsp;a homologa\u00e7\u00e3o&nbsp;da&nbsp;RTE-2023 fosse de&nbsp;8,75%, com crescimento de mercado em 15% (menor dos cen\u00e1rios propostos), resultando em saldo de R$ 4,9 milh\u00f5es a favor dos consumidores&#8221;, indica a minuta \u00e0 qual a&nbsp;<strong>Ag\u00eancia iNFRA<\/strong>&nbsp;teve acesso.<br><br><strong>Cen\u00e1rios<\/strong><br>O&nbsp;documento aponta&nbsp;os&nbsp;seguintes cen\u00e1rios, sendo&nbsp;que&nbsp;os&nbsp;dois primeiros consideram um ativo regulat\u00f3rio de R$ 251,7 milh\u00f5es, enquanto&nbsp;os&nbsp;dois \u00faltimos, de R$ 224,4 milh\u00f5es, ambos&nbsp;os&nbsp;valores em favor&nbsp;da&nbsp;empresa (como receita a ser garantida):<br><br>1) Considerando manuten\u00e7\u00e3o&nbsp;da&nbsp;RTE 2023 em&nbsp;0%; quitando contas Covid e Escassez H\u00eddrica conforme previsto com a MP (Medida Provis\u00f3ria) 1.212: RTA 2024 deve ter efeitos m\u00e9dios de 15,1% a 19,5%;<br><br>2) Considerando manuten\u00e7\u00e3o&nbsp;da&nbsp;RTE 2023 em&nbsp;0%; n\u00e3o&nbsp;quitando contas Covid e Escassez H\u00eddrica: RTA 2024 deve ter efeitos m\u00e9dios de 26,2% a 31,2%;<br><br>3) Considerando retifica\u00e7\u00e3o&nbsp;da&nbsp;RTE 2023&nbsp;para&nbsp;8,75%; quitando contas Covid e Escassez H\u00eddrica: RTA 2024 deve ter efeitos m\u00e9dios de 2,3% a 6,5%;<br><br>4) Considerando retifica\u00e7\u00e3o&nbsp;da&nbsp;RTE 2023&nbsp;para&nbsp;8,75%; n\u00e3o&nbsp;quitando contas Covid e Escassez H\u00eddrica: RTA 2024 deve ter efeitos m\u00e9dios de 12,6% a 17,2%.&nbsp;<br><br><strong>Ativo Regulat\u00f3rio<\/strong><br>Quando determinou uma RTE de zero&nbsp;para&nbsp;a concession\u00e1ria, em mar\u00e7o&nbsp;passado, a&nbsp;ANEEL&nbsp;definiu&nbsp;que&nbsp;o&nbsp;rec\u00e1lculo&nbsp;do&nbsp;ativo regulat\u00f3rio&nbsp;da&nbsp;companhia ocorreria ap\u00f3s a publica\u00e7\u00e3o&nbsp;e vig\u00eancia dos efeitos&nbsp;da&nbsp;medida provis\u00f3ria prometida pelo governo&nbsp;para&nbsp;lidar com&nbsp;o&nbsp;problema tarif\u00e1rio&nbsp;do&nbsp;Amap\u00e1.&nbsp;O&nbsp;valor de R$ 251 milh\u00f5es foi indicado como a diferen\u00e7a&nbsp;do&nbsp;que&nbsp;a empresa faturaria caso fosse efetivada uma revis\u00e3o&nbsp;de 33,56% em dezembro&nbsp;do&nbsp;2023, e&nbsp;o&nbsp;que&nbsp;a distribuidora vai efetivamente&nbsp;faturar com a revis\u00e3o&nbsp;de&nbsp;0%.&nbsp;<br><br>Segundo&nbsp;o&nbsp;voto aprovado pelo colegiado,&nbsp;o&nbsp;ativo regulat\u00f3rio seria \u201creconhecido\u201d&nbsp;no&nbsp;processo tarif\u00e1rio&nbsp;da&nbsp;companhia&nbsp;para&nbsp;2024.<br><br><strong>Medida Provis\u00f3ria<\/strong><br>A MP 1.212 foi publicada em abril e autorizou repasses de recursos de P&amp;D (pesquisa e desenvolvimento) n\u00e3o&nbsp;utilizados pela distribuidora, de dinheiro&nbsp;do&nbsp;fundo CDAL (Conta de Desenvolvimento&nbsp;da&nbsp;Amaz\u00f4nia Legal), e antecipa\u00e7\u00e3o&nbsp;da&nbsp;CDE (Conta de Desenvolvimento Energ\u00e9tico)&nbsp;da&nbsp;Eletrobras&nbsp;para&nbsp;quita\u00e7\u00e3o&nbsp;das contas Covid e Escassez H\u00eddrica.&nbsp;<br><br>Assim, a an\u00e1lise considera&nbsp;os&nbsp;seguintes valores&nbsp;para&nbsp;o&nbsp;desconto nas tarifas: recursos de P&amp;D equivalente a R$ 40 milh\u00f5es e recursos&nbsp;da&nbsp;CDAL&nbsp;no&nbsp;valor de R$ 224 milh\u00f5es autorizados pela Portaria 793\/2024,&nbsp;do&nbsp;MME.&nbsp;<br><br><strong>Proposta&nbsp;do&nbsp;minist\u00e9rio<\/strong><br>A mudan\u00e7a&nbsp;da&nbsp;RTE-2023 de&nbsp;0%&nbsp;para&nbsp;8,75% foi proposta pelo MME (Minist\u00e9rio de Minas e Energia) em&nbsp;<a href=\"https:\/\/agenciainfra.us14.list-manage.com\/track\/click?u=d460dd1bcf9ba0ae040e1fc0f&amp;id=19b92ff7e7&amp;e=f0fa444791\" target=\"_blank\" rel=\"noreferrer noopener\">Nota T\u00e9cnica<\/a>.&nbsp;O&nbsp;percentual se refere \u00e0 m\u00e9dia dos reajustes aplicados \u00e0s demais concession\u00e1rias&nbsp;da&nbsp;regi\u00e3o&nbsp;Norte&nbsp;no&nbsp;ciclo de 2023 e consideram&nbsp;os&nbsp;repasses indicados pelo pr\u00f3prio governo.&nbsp;<br><br><strong>Reconsidera\u00e7\u00e3o<\/strong><br>Insatisfeita com&nbsp;o&nbsp;resultado&nbsp;da&nbsp;revis\u00e3o&nbsp;extraordin\u00e1ria, a Equatorial&nbsp;Amap\u00e1&nbsp;<a href=\"https:\/\/agenciainfra.us14.list-manage.com\/track\/click?u=d460dd1bcf9ba0ae040e1fc0f&amp;id=6c68ac66e8&amp;e=f0fa444791\" target=\"_blank\" rel=\"noreferrer noopener\">pede<\/a>&nbsp;\u00e0&nbsp;ANEEL&nbsp;que&nbsp;reconsidere&nbsp;o&nbsp;percentual aplicado e prop\u00f5e reajustes entre 17,13% e 33,56%. Leia a \u00edntegra&nbsp;do&nbsp;pedido&nbsp;<a href=\"https:\/\/agenciainfra.us14.list-manage.com\/track\/click?u=d460dd1bcf9ba0ae040e1fc0f&amp;id=263f0e2ea7&amp;e=f0fa444791\" target=\"_blank\" rel=\"noreferrer noopener\">neste link<\/a>.&nbsp;<br><br>A distribuidora alega&nbsp;que&nbsp;a&nbsp;ANEEL&nbsp;violou&nbsp;os&nbsp;\u201cprinc\u00edpios&nbsp;da&nbsp;seguran\u00e7a jur\u00eddica,&nbsp;da&nbsp;modicidade tarif\u00e1ria e&nbsp;da&nbsp;isonomia\u201d. Al\u00e9m de ter decidido unilateralmente diferir a aplica\u00e7\u00e3o&nbsp;de RTE prevista&nbsp;para&nbsp;acontecer em 2023 conforme regras&nbsp;do&nbsp;contrato de concess\u00e3o.<\/p>\n","protected":false},"excerpt":{"rendered":"<p>Marisa Wanzeller e Leila Coimbra,&nbsp;da&nbsp;Ag\u00eancia iNFRA T\u00e9cnicos&nbsp;da&nbsp;ANEEL&nbsp;(Ag\u00eancia Nacional de Energia El\u00e9trica) avaliam&nbsp;que&nbsp;um reajuste&nbsp;da&nbsp;Equatorial&nbsp;Amap\u00e1&nbsp;de&nbsp;8,75%, conforme recomenda&nbsp;o&nbsp;Minist\u00e9rio de Minas e Energia,&nbsp;\u00e9&nbsp;mais ben\u00e9fico&nbsp;para&nbsp;os&nbsp;consumidores&nbsp;do&nbsp;que&nbsp;o&nbsp;\u00edndice concedido anteriormente pela pr\u00f3pria ag\u00eancia, de&nbsp;0%. Os&nbsp;dados fazem parte de uma minuta de NT (Nota T\u00e9cnica) emitida pela STR (Superintend\u00eancia de Gest\u00e3o&nbsp;Tarif\u00e1ria e Regula\u00e7\u00e3o&nbsp;Econ\u00f4mica),&nbsp;que&nbsp;avaliou diversos cen\u00e1rios, e s\u00e3o&nbsp;referentes \u00e0 RTE (Revis\u00e3o&nbsp;Tarif\u00e1ria Extraordin\u00e1ria) de dezembro de [&hellip;]<\/p>\n","protected":false},"author":1,"featured_media":17926,"comment_status":"closed","ping_status":"closed","sticky":false,"template":"","format":"standard","meta":{"_monsterinsights_skip_tracking":false,"_monsterinsights_sitenote_active":false,"_monsterinsights_sitenote_note":"","_monsterinsights_sitenote_category":0,"footnotes":""},"categories":[7250,1,10],"tags":[3003,53,11023,7871,25,11021,591,7365,1984,7366,76,671,96,71,9072,3572,48,2043,739,11019,11020],"class_list":["post-17947","post","type-post","status-publish","format-standard","has-post-thumbnail","hentry","category-destaque-lista","category-geral","category-infraenergia","tag-amapa","tag-aneel","tag-ap","tag-cea-equatorial","tag-energia","tag-energia-no-amapa","tag-equatorial","tag-equatorial-amapa","tag-leila-coimbra","tag-marisa-wanzeller","tag-medida-provisoria","tag-ministerio","tag-ministerio-de-minas-e-energia","tag-mme","tag-mp-1-212-2024","tag-reajuste","tag-regulacao","tag-rte","tag-tarifa","tag-tarifaria","tag-tecnicos"],"yoast_head":"<!-- This site is optimized with the Yoast SEO Premium plugin v25.4 (Yoast SEO v26.0) - https:\/\/yoast.com\/wordpress\/plugins\/seo\/ -->\n<title>T\u00e9cnicos da ANEEL dizem que aumento de 8,75% no Amap\u00e1 \u00e9 melhor para o consumidor do que os atuais 0% - Ag\u00eancia iNFRA<\/title>\n<meta name=\"robots\" content=\"index, follow, max-snippet:-1, max-image-preview:large, max-video-preview:-1\" \/>\n<link rel=\"canonical\" href=\"https:\/\/agenciainfra.com\/blog\/tecnicos-da-aneel-dizem-que-aumento-de-875-no-amapa-e-melhor-para-o-consumidor-do-que-os-atuais-0\/\" \/>\n<meta property=\"og:locale\" content=\"pt_BR\" \/>\n<meta property=\"og:type\" content=\"article\" \/>\n<meta property=\"og:title\" content=\"T\u00e9cnicos da ANEEL dizem que aumento de 8,75% no Amap\u00e1 \u00e9 melhor para o consumidor do que os atuais 0%\" \/>\n<meta property=\"og:description\" content=\"Marisa Wanzeller e Leila Coimbra,&nbsp;da&nbsp;Ag\u00eancia iNFRA T\u00e9cnicos&nbsp;da&nbsp;ANEEL&nbsp;(Ag\u00eancia Nacional de Energia El\u00e9trica) avaliam&nbsp;que&nbsp;um reajuste&nbsp;da&nbsp;Equatorial&nbsp;Amap\u00e1&nbsp;de&nbsp;8,75%, conforme recomenda&nbsp;o&nbsp;Minist\u00e9rio de Minas e Energia,&nbsp;\u00e9&nbsp;mais ben\u00e9fico&nbsp;para&nbsp;os&nbsp;consumidores&nbsp;do&nbsp;que&nbsp;o&nbsp;\u00edndice concedido anteriormente pela pr\u00f3pria ag\u00eancia, de&nbsp;0%. Os&nbsp;dados fazem parte de uma minuta de NT (Nota T\u00e9cnica) emitida pela STR (Superintend\u00eancia de Gest\u00e3o&nbsp;Tarif\u00e1ria e Regula\u00e7\u00e3o&nbsp;Econ\u00f4mica),&nbsp;que&nbsp;avaliou diversos cen\u00e1rios, e s\u00e3o&nbsp;referentes \u00e0 RTE (Revis\u00e3o&nbsp;Tarif\u00e1ria Extraordin\u00e1ria) de dezembro de [&hellip;]\" \/>\n<meta property=\"og:url\" content=\"https:\/\/agenciainfra.com\/blog\/tecnicos-da-aneel-dizem-que-aumento-de-875-no-amapa-e-melhor-para-o-consumidor-do-que-os-atuais-0\/\" \/>\n<meta property=\"og:site_name\" content=\"Ag\u00eancia iNFRA\" \/>\n<meta property=\"article:publisher\" content=\"https:\/\/www.facebook.com\/ageninfra\" \/>\n<meta property=\"article:published_time\" content=\"2024-07-30T14:00:00+00:00\" \/>\n<meta property=\"article:modified_time\" content=\"2026-03-13T12:21:23+00:00\" \/>\n<meta property=\"og:image\" content=\"https:\/\/agenciainfra.com\/blog\/wp-content\/uploads\/2024\/07\/cea-equatorial-amapa-macapa-subestacao-foto-ascom-e1766057668464.jpeg\" \/>\n\t<meta property=\"og:image:width\" content=\"1280\" \/>\n\t<meta property=\"og:image:height\" content=\"787\" \/>\n\t<meta property=\"og:image:type\" content=\"image\/jpeg\" \/>\n<meta name=\"author\" content=\"Ag\u00eancia iNFRA\" \/>\n<meta name=\"twitter:card\" content=\"summary_large_image\" \/>\n<meta name=\"twitter:creator\" content=\"@agencia_infra\" \/>\n<meta name=\"twitter:site\" content=\"@agencia_infra\" \/>\n<meta name=\"twitter:label1\" content=\"Escrito por\" \/>\n\t<meta name=\"twitter:data1\" content=\"Ag\u00eancia iNFRA\" \/>\n\t<meta name=\"twitter:label2\" content=\"Est. tempo de leitura\" \/>\n\t<meta name=\"twitter:data2\" content=\"5 minutos\" \/>\n<script type=\"application\/ld+json\" class=\"yoast-schema-graph\">{\"@context\":\"https:\/\/schema.org\",\"@graph\":[{\"@type\":\"Article\",\"@id\":\"https:\/\/agenciainfra.com\/blog\/tecnicos-da-aneel-dizem-que-aumento-de-875-no-amapa-e-melhor-para-o-consumidor-do-que-os-atuais-0\/#article\",\"isPartOf\":{\"@id\":\"https:\/\/agenciainfra.com\/blog\/tecnicos-da-aneel-dizem-que-aumento-de-875-no-amapa-e-melhor-para-o-consumidor-do-que-os-atuais-0\/\"},\"author\":{\"name\":\"Ag\u00eancia iNFRA\",\"@id\":\"https:\/\/agenciainfra.com\/blog\/#\/schema\/person\/34af08dff6adea4cb22b06612ba7acfa\"},\"headline\":\"T\u00e9cnicos da ANEEL dizem que aumento de 8,75% no Amap\u00e1 \u00e9 melhor para o consumidor do que os atuais 0%\",\"datePublished\":\"2024-07-30T14:00:00+00:00\",\"dateModified\":\"2026-03-13T12:21:23+00:00\",\"mainEntityOfPage\":{\"@id\":\"https:\/\/agenciainfra.com\/blog\/tecnicos-da-aneel-dizem-que-aumento-de-875-no-amapa-e-melhor-para-o-consumidor-do-que-os-atuais-0\/\"},\"wordCount\":1016,\"publisher\":{\"@id\":\"https:\/\/agenciainfra.com\/blog\/#organization\"},\"image\":{\"@id\":\"https:\/\/agenciainfra.com\/blog\/tecnicos-da-aneel-dizem-que-aumento-de-875-no-amapa-e-melhor-para-o-consumidor-do-que-os-atuais-0\/#primaryimage\"},\"thumbnailUrl\":\"https:\/\/agenciainfra.com\/blog\/wp-content\/uploads\/2024\/07\/cea-equatorial-amapa-macapa-subestacao-foto-ascom-e1766057668464.jpeg\",\"keywords\":[\"Amap\u00e1\",\"ANEEL\",\"AP\",\"CEA Equatorial\",\"energia\",\"Energia no Amap\u00e1\",\"equatorial\",\"Equatorial Amap\u00e1\",\"Leila Coimbra\",\"Marisa Wanzeller\",\"Medida Provis\u00f3ria\",\"Minist\u00e9rio\",\"Minist\u00e9rio de Minas e Energia\",\"MME\",\"MP 1.212\/2024\",\"reajuste\",\"Regula\u00e7\u00e3o\",\"RTE\",\"Tarifa\",\"tarif\u00e1ria\",\"t\u00e9cnicos\"],\"articleSection\":[\"Destaque lista\",\"Geral\",\"iNFRAEnergia\"],\"inLanguage\":\"pt-BR\",\"copyrightYear\":\"2024\",\"copyrightHolder\":{\"@id\":\"https:\/\/agenciainfra.com\/blog\/#organization\"}},{\"@type\":\"WebPage\",\"@id\":\"https:\/\/agenciainfra.com\/blog\/tecnicos-da-aneel-dizem-que-aumento-de-875-no-amapa-e-melhor-para-o-consumidor-do-que-os-atuais-0\/\",\"url\":\"https:\/\/agenciainfra.com\/blog\/tecnicos-da-aneel-dizem-que-aumento-de-875-no-amapa-e-melhor-para-o-consumidor-do-que-os-atuais-0\/\",\"name\":\"T\u00e9cnicos da ANEEL dizem que aumento de 8,75% no Amap\u00e1 \u00e9 melhor para o consumidor do que os atuais 0% - Ag\u00eancia iNFRA\",\"isPartOf\":{\"@id\":\"https:\/\/agenciainfra.com\/blog\/#website\"},\"primaryImageOfPage\":{\"@id\":\"https:\/\/agenciainfra.com\/blog\/tecnicos-da-aneel-dizem-que-aumento-de-875-no-amapa-e-melhor-para-o-consumidor-do-que-os-atuais-0\/#primaryimage\"},\"image\":{\"@id\":\"https:\/\/agenciainfra.com\/blog\/tecnicos-da-aneel-dizem-que-aumento-de-875-no-amapa-e-melhor-para-o-consumidor-do-que-os-atuais-0\/#primaryimage\"},\"thumbnailUrl\":\"https:\/\/agenciainfra.com\/blog\/wp-content\/uploads\/2024\/07\/cea-equatorial-amapa-macapa-subestacao-foto-ascom-e1766057668464.jpeg\",\"datePublished\":\"2024-07-30T14:00:00+00:00\",\"dateModified\":\"2026-03-13T12:21:23+00:00\",\"breadcrumb\":{\"@id\":\"https:\/\/agenciainfra.com\/blog\/tecnicos-da-aneel-dizem-que-aumento-de-875-no-amapa-e-melhor-para-o-consumidor-do-que-os-atuais-0\/#breadcrumb\"},\"inLanguage\":\"pt-BR\",\"potentialAction\":[{\"@type\":\"ReadAction\",\"target\":[\"https:\/\/agenciainfra.com\/blog\/tecnicos-da-aneel-dizem-que-aumento-de-875-no-amapa-e-melhor-para-o-consumidor-do-que-os-atuais-0\/\"]}]},{\"@type\":\"ImageObject\",\"inLanguage\":\"pt-BR\",\"@id\":\"https:\/\/agenciainfra.com\/blog\/tecnicos-da-aneel-dizem-que-aumento-de-875-no-amapa-e-melhor-para-o-consumidor-do-que-os-atuais-0\/#primaryimage\",\"url\":\"https:\/\/agenciainfra.com\/blog\/wp-content\/uploads\/2024\/07\/cea-equatorial-amapa-macapa-subestacao-foto-ascom-e1766057668464.jpeg\",\"contentUrl\":\"https:\/\/agenciainfra.com\/blog\/wp-content\/uploads\/2024\/07\/cea-equatorial-amapa-macapa-subestacao-foto-ascom-e1766057668464.jpeg\",\"width\":1280,\"height\":787,\"caption\":\"Foto: Ascom\/CEA\"},{\"@type\":\"BreadcrumbList\",\"@id\":\"https:\/\/agenciainfra.com\/blog\/tecnicos-da-aneel-dizem-que-aumento-de-875-no-amapa-e-melhor-para-o-consumidor-do-que-os-atuais-0\/#breadcrumb\",\"itemListElement\":[{\"@type\":\"ListItem\",\"position\":1,\"name\":\"In\u00edcio\",\"item\":\"https:\/\/agenciainfra.com\/blog\/\"},{\"@type\":\"ListItem\",\"position\":2,\"name\":\"T\u00e9cnicos da ANEEL dizem que aumento de 8,75% no Amap\u00e1 \u00e9 melhor para o consumidor do que os atuais 0%\"}]},{\"@type\":\"WebSite\",\"@id\":\"https:\/\/agenciainfra.com\/blog\/#website\",\"url\":\"https:\/\/agenciainfra.com\/blog\/\",\"name\":\"Ag\u00eancia iNFRA\",\"description\":\"Multiplataforma de informa\u00e7\u00e3o jornal\u00edstica refer\u00eancia na \u00e1rea de infraestrutura no Brasil!\",\"publisher\":{\"@id\":\"https:\/\/agenciainfra.com\/blog\/#organization\"},\"potentialAction\":[{\"@type\":\"SearchAction\",\"target\":{\"@type\":\"EntryPoint\",\"urlTemplate\":\"https:\/\/agenciainfra.com\/blog\/?s={search_term_string}\"},\"query-input\":{\"@type\":\"PropertyValueSpecification\",\"valueRequired\":true,\"valueName\":\"search_term_string\"}}],\"inLanguage\":\"pt-BR\"},{\"@type\":\"Organization\",\"@id\":\"https:\/\/agenciainfra.com\/blog\/#organization\",\"name\":\"Ag\u00eancia iNFRA\",\"url\":\"https:\/\/agenciainfra.com\/blog\/\",\"logo\":{\"@type\":\"ImageObject\",\"inLanguage\":\"pt-BR\",\"@id\":\"https:\/\/agenciainfra.com\/blog\/#\/schema\/logo\/image\/\",\"url\":\"https:\/\/agenciainfra.com\/blog\/wp-content\/uploads\/2023\/09\/iNFRA_5-e1761735885940.png\",\"contentUrl\":\"https:\/\/agenciainfra.com\/blog\/wp-content\/uploads\/2023\/09\/iNFRA_5-e1761735885940.png\",\"width\":1672,\"height\":454,\"caption\":\"Ag\u00eancia iNFRA\"},\"image\":{\"@id\":\"https:\/\/agenciainfra.com\/blog\/#\/schema\/logo\/image\/\"},\"sameAs\":[\"https:\/\/www.facebook.com\/ageninfra\",\"https:\/\/x.com\/agencia_infra\",\"https:\/\/www.linkedin.com\/company\/ag\u00eanciainfra\/\",\"https:\/\/www.instagram.com\/agenciainfra\/\"]},{\"@type\":\"Person\",\"@id\":\"https:\/\/agenciainfra.com\/blog\/#\/schema\/person\/34af08dff6adea4cb22b06612ba7acfa\",\"name\":\"Ag\u00eancia iNFRA\",\"image\":{\"@type\":\"ImageObject\",\"inLanguage\":\"pt-BR\",\"@id\":\"https:\/\/agenciainfra.com\/blog\/#\/schema\/person\/image\/\",\"url\":\"https:\/\/secure.gravatar.com\/avatar\/d189e01678f06d8eb84d4e01f08eb848b3fffe3f8443818d3c356c66892f5be8?s=96&d=mm&r=g\",\"contentUrl\":\"https:\/\/secure.gravatar.com\/avatar\/d189e01678f06d8eb84d4e01f08eb848b3fffe3f8443818d3c356c66892f5be8?s=96&d=mm&r=g\",\"caption\":\"Ag\u00eancia iNFRA\"},\"url\":\"https:\/\/agenciainfra.com\/blog\/author\/admin\/\"}]}<\/script>\n<!-- \/ Yoast SEO Premium plugin. -->","yoast_head_json":{"title":"T\u00e9cnicos da ANEEL dizem que aumento de 8,75% no Amap\u00e1 \u00e9 melhor para o consumidor do que os atuais 0% - Ag\u00eancia iNFRA","robots":{"index":"index","follow":"follow","max-snippet":"max-snippet:-1","max-image-preview":"max-image-preview:large","max-video-preview":"max-video-preview:-1"},"canonical":"https:\/\/agenciainfra.com\/blog\/tecnicos-da-aneel-dizem-que-aumento-de-875-no-amapa-e-melhor-para-o-consumidor-do-que-os-atuais-0\/","og_locale":"pt_BR","og_type":"article","og_title":"T\u00e9cnicos da ANEEL dizem que aumento de 8,75% no Amap\u00e1 \u00e9 melhor para o consumidor do que os atuais 0%","og_description":"Marisa Wanzeller e Leila Coimbra,&nbsp;da&nbsp;Ag\u00eancia iNFRA T\u00e9cnicos&nbsp;da&nbsp;ANEEL&nbsp;(Ag\u00eancia Nacional de Energia El\u00e9trica) avaliam&nbsp;que&nbsp;um reajuste&nbsp;da&nbsp;Equatorial&nbsp;Amap\u00e1&nbsp;de&nbsp;8,75%, conforme recomenda&nbsp;o&nbsp;Minist\u00e9rio de Minas e Energia,&nbsp;\u00e9&nbsp;mais ben\u00e9fico&nbsp;para&nbsp;os&nbsp;consumidores&nbsp;do&nbsp;que&nbsp;o&nbsp;\u00edndice concedido anteriormente pela pr\u00f3pria ag\u00eancia, de&nbsp;0%. Os&nbsp;dados fazem parte de uma minuta de NT (Nota T\u00e9cnica) emitida pela STR (Superintend\u00eancia de Gest\u00e3o&nbsp;Tarif\u00e1ria e Regula\u00e7\u00e3o&nbsp;Econ\u00f4mica),&nbsp;que&nbsp;avaliou diversos cen\u00e1rios, e s\u00e3o&nbsp;referentes \u00e0 RTE (Revis\u00e3o&nbsp;Tarif\u00e1ria Extraordin\u00e1ria) de dezembro de [&hellip;]","og_url":"https:\/\/agenciainfra.com\/blog\/tecnicos-da-aneel-dizem-que-aumento-de-875-no-amapa-e-melhor-para-o-consumidor-do-que-os-atuais-0\/","og_site_name":"Ag\u00eancia iNFRA","article_publisher":"https:\/\/www.facebook.com\/ageninfra","article_published_time":"2024-07-30T14:00:00+00:00","article_modified_time":"2026-03-13T12:21:23+00:00","og_image":[{"width":1280,"height":787,"url":"https:\/\/agenciainfra.com\/blog\/wp-content\/uploads\/2024\/07\/cea-equatorial-amapa-macapa-subestacao-foto-ascom-e1766057668464.jpeg","type":"image\/jpeg"}],"author":"Ag\u00eancia iNFRA","twitter_card":"summary_large_image","twitter_creator":"@agencia_infra","twitter_site":"@agencia_infra","twitter_misc":{"Escrito por":"Ag\u00eancia iNFRA","Est. tempo de leitura":"5 minutos"},"schema":{"@context":"https:\/\/schema.org","@graph":[{"@type":"Article","@id":"https:\/\/agenciainfra.com\/blog\/tecnicos-da-aneel-dizem-que-aumento-de-875-no-amapa-e-melhor-para-o-consumidor-do-que-os-atuais-0\/#article","isPartOf":{"@id":"https:\/\/agenciainfra.com\/blog\/tecnicos-da-aneel-dizem-que-aumento-de-875-no-amapa-e-melhor-para-o-consumidor-do-que-os-atuais-0\/"},"author":{"name":"Ag\u00eancia iNFRA","@id":"https:\/\/agenciainfra.com\/blog\/#\/schema\/person\/34af08dff6adea4cb22b06612ba7acfa"},"headline":"T\u00e9cnicos da ANEEL dizem que aumento de 8,75% no Amap\u00e1 \u00e9 melhor para o consumidor do que os atuais 0%","datePublished":"2024-07-30T14:00:00+00:00","dateModified":"2026-03-13T12:21:23+00:00","mainEntityOfPage":{"@id":"https:\/\/agenciainfra.com\/blog\/tecnicos-da-aneel-dizem-que-aumento-de-875-no-amapa-e-melhor-para-o-consumidor-do-que-os-atuais-0\/"},"wordCount":1016,"publisher":{"@id":"https:\/\/agenciainfra.com\/blog\/#organization"},"image":{"@id":"https:\/\/agenciainfra.com\/blog\/tecnicos-da-aneel-dizem-que-aumento-de-875-no-amapa-e-melhor-para-o-consumidor-do-que-os-atuais-0\/#primaryimage"},"thumbnailUrl":"https:\/\/agenciainfra.com\/blog\/wp-content\/uploads\/2024\/07\/cea-equatorial-amapa-macapa-subestacao-foto-ascom-e1766057668464.jpeg","keywords":["Amap\u00e1","ANEEL","AP","CEA Equatorial","energia","Energia no Amap\u00e1","equatorial","Equatorial Amap\u00e1","Leila Coimbra","Marisa Wanzeller","Medida Provis\u00f3ria","Minist\u00e9rio","Minist\u00e9rio de Minas e Energia","MME","MP 1.212\/2024","reajuste","Regula\u00e7\u00e3o","RTE","Tarifa","tarif\u00e1ria","t\u00e9cnicos"],"articleSection":["Destaque lista","Geral","iNFRAEnergia"],"inLanguage":"pt-BR","copyrightYear":"2024","copyrightHolder":{"@id":"https:\/\/agenciainfra.com\/blog\/#organization"}},{"@type":"WebPage","@id":"https:\/\/agenciainfra.com\/blog\/tecnicos-da-aneel-dizem-que-aumento-de-875-no-amapa-e-melhor-para-o-consumidor-do-que-os-atuais-0\/","url":"https:\/\/agenciainfra.com\/blog\/tecnicos-da-aneel-dizem-que-aumento-de-875-no-amapa-e-melhor-para-o-consumidor-do-que-os-atuais-0\/","name":"T\u00e9cnicos da ANEEL dizem que aumento de 8,75% no Amap\u00e1 \u00e9 melhor para o consumidor do que os atuais 0% - Ag\u00eancia iNFRA","isPartOf":{"@id":"https:\/\/agenciainfra.com\/blog\/#website"},"primaryImageOfPage":{"@id":"https:\/\/agenciainfra.com\/blog\/tecnicos-da-aneel-dizem-que-aumento-de-875-no-amapa-e-melhor-para-o-consumidor-do-que-os-atuais-0\/#primaryimage"},"image":{"@id":"https:\/\/agenciainfra.com\/blog\/tecnicos-da-aneel-dizem-que-aumento-de-875-no-amapa-e-melhor-para-o-consumidor-do-que-os-atuais-0\/#primaryimage"},"thumbnailUrl":"https:\/\/agenciainfra.com\/blog\/wp-content\/uploads\/2024\/07\/cea-equatorial-amapa-macapa-subestacao-foto-ascom-e1766057668464.jpeg","datePublished":"2024-07-30T14:00:00+00:00","dateModified":"2026-03-13T12:21:23+00:00","breadcrumb":{"@id":"https:\/\/agenciainfra.com\/blog\/tecnicos-da-aneel-dizem-que-aumento-de-875-no-amapa-e-melhor-para-o-consumidor-do-que-os-atuais-0\/#breadcrumb"},"inLanguage":"pt-BR","potentialAction":[{"@type":"ReadAction","target":["https:\/\/agenciainfra.com\/blog\/tecnicos-da-aneel-dizem-que-aumento-de-875-no-amapa-e-melhor-para-o-consumidor-do-que-os-atuais-0\/"]}]},{"@type":"ImageObject","inLanguage":"pt-BR","@id":"https:\/\/agenciainfra.com\/blog\/tecnicos-da-aneel-dizem-que-aumento-de-875-no-amapa-e-melhor-para-o-consumidor-do-que-os-atuais-0\/#primaryimage","url":"https:\/\/agenciainfra.com\/blog\/wp-content\/uploads\/2024\/07\/cea-equatorial-amapa-macapa-subestacao-foto-ascom-e1766057668464.jpeg","contentUrl":"https:\/\/agenciainfra.com\/blog\/wp-content\/uploads\/2024\/07\/cea-equatorial-amapa-macapa-subestacao-foto-ascom-e1766057668464.jpeg","width":1280,"height":787,"caption":"Foto: Ascom\/CEA"},{"@type":"BreadcrumbList","@id":"https:\/\/agenciainfra.com\/blog\/tecnicos-da-aneel-dizem-que-aumento-de-875-no-amapa-e-melhor-para-o-consumidor-do-que-os-atuais-0\/#breadcrumb","itemListElement":[{"@type":"ListItem","position":1,"name":"In\u00edcio","item":"https:\/\/agenciainfra.com\/blog\/"},{"@type":"ListItem","position":2,"name":"T\u00e9cnicos da ANEEL dizem que aumento de 8,75% no Amap\u00e1 \u00e9 melhor para o consumidor do que os atuais 0%"}]},{"@type":"WebSite","@id":"https:\/\/agenciainfra.com\/blog\/#website","url":"https:\/\/agenciainfra.com\/blog\/","name":"Ag\u00eancia iNFRA","description":"Multiplataforma de informa\u00e7\u00e3o jornal\u00edstica refer\u00eancia na \u00e1rea de infraestrutura no Brasil!","publisher":{"@id":"https:\/\/agenciainfra.com\/blog\/#organization"},"potentialAction":[{"@type":"SearchAction","target":{"@type":"EntryPoint","urlTemplate":"https:\/\/agenciainfra.com\/blog\/?s={search_term_string}"},"query-input":{"@type":"PropertyValueSpecification","valueRequired":true,"valueName":"search_term_string"}}],"inLanguage":"pt-BR"},{"@type":"Organization","@id":"https:\/\/agenciainfra.com\/blog\/#organization","name":"Ag\u00eancia iNFRA","url":"https:\/\/agenciainfra.com\/blog\/","logo":{"@type":"ImageObject","inLanguage":"pt-BR","@id":"https:\/\/agenciainfra.com\/blog\/#\/schema\/logo\/image\/","url":"https:\/\/agenciainfra.com\/blog\/wp-content\/uploads\/2023\/09\/iNFRA_5-e1761735885940.png","contentUrl":"https:\/\/agenciainfra.com\/blog\/wp-content\/uploads\/2023\/09\/iNFRA_5-e1761735885940.png","width":1672,"height":454,"caption":"Ag\u00eancia iNFRA"},"image":{"@id":"https:\/\/agenciainfra.com\/blog\/#\/schema\/logo\/image\/"},"sameAs":["https:\/\/www.facebook.com\/ageninfra","https:\/\/x.com\/agencia_infra","https:\/\/www.linkedin.com\/company\/ag\u00eanciainfra\/","https:\/\/www.instagram.com\/agenciainfra\/"]},{"@type":"Person","@id":"https:\/\/agenciainfra.com\/blog\/#\/schema\/person\/34af08dff6adea4cb22b06612ba7acfa","name":"Ag\u00eancia iNFRA","image":{"@type":"ImageObject","inLanguage":"pt-BR","@id":"https:\/\/agenciainfra.com\/blog\/#\/schema\/person\/image\/","url":"https:\/\/secure.gravatar.com\/avatar\/d189e01678f06d8eb84d4e01f08eb848b3fffe3f8443818d3c356c66892f5be8?s=96&d=mm&r=g","contentUrl":"https:\/\/secure.gravatar.com\/avatar\/d189e01678f06d8eb84d4e01f08eb848b3fffe3f8443818d3c356c66892f5be8?s=96&d=mm&r=g","caption":"Ag\u00eancia iNFRA"},"url":"https:\/\/agenciainfra.com\/blog\/author\/admin\/"}]}},"_links":{"self":[{"href":"https:\/\/agenciainfra.com\/blog\/wp-json\/wp\/v2\/posts\/17947","targetHints":{"allow":["GET"]}}],"collection":[{"href":"https:\/\/agenciainfra.com\/blog\/wp-json\/wp\/v2\/posts"}],"about":[{"href":"https:\/\/agenciainfra.com\/blog\/wp-json\/wp\/v2\/types\/post"}],"author":[{"embeddable":true,"href":"https:\/\/agenciainfra.com\/blog\/wp-json\/wp\/v2\/users\/1"}],"replies":[{"embeddable":true,"href":"https:\/\/agenciainfra.com\/blog\/wp-json\/wp\/v2\/comments?post=17947"}],"version-history":[{"count":2,"href":"https:\/\/agenciainfra.com\/blog\/wp-json\/wp\/v2\/posts\/17947\/revisions"}],"predecessor-version":[{"id":17949,"href":"https:\/\/agenciainfra.com\/blog\/wp-json\/wp\/v2\/posts\/17947\/revisions\/17949"}],"wp:featuredmedia":[{"embeddable":true,"href":"https:\/\/agenciainfra.com\/blog\/wp-json\/wp\/v2\/media\/17926"}],"wp:attachment":[{"href":"https:\/\/agenciainfra.com\/blog\/wp-json\/wp\/v2\/media?parent=17947"}],"wp:term":[{"taxonomy":"category","embeddable":true,"href":"https:\/\/agenciainfra.com\/blog\/wp-json\/wp\/v2\/categories?post=17947"},{"taxonomy":"post_tag","embeddable":true,"href":"https:\/\/agenciainfra.com\/blog\/wp-json\/wp\/v2\/tags?post=17947"}],"curies":[{"name":"wp","href":"https:\/\/api.w.org\/{rel}","templated":true}]}}