{"id":17958,"date":"2024-07-31T09:00:00","date_gmt":"2024-07-31T12:00:00","guid":{"rendered":"https:\/\/agenciainfra.com\/blog\/?p=17958"},"modified":"2024-08-06T11:03:06","modified_gmt":"2024-08-06T14:03:06","slug":"epr-via-mineira-detalha-como-usuarios-da-br-040-em-mg-podem-obter-descontos-no-pedagio","status":"publish","type":"post","link":"https:\/\/agenciainfra.com\/blog\/epr-via-mineira-detalha-como-usuarios-da-br-040-em-mg-podem-obter-descontos-no-pedagio\/","title":{"rendered":"EPR Via Mineira detalha como usu\u00e1rios da BR-040 em MG podem obter descontos no ped\u00e1gio"},"content":{"rendered":"\n<p class=\"has-text-align-right\"><strong>da&nbsp;Ag\u00eancia iNFRA<\/strong><\/p>\n\n\n\n<p>A concession\u00e1ria\u00a0EPR\u00a0Via\u00a0Mineira, que vai iniciar\u00a0em\u00a06 de agosto a opera\u00e7\u00e3o de 232 quil\u00f4metros\u00a0da\u00a0concess\u00e3o\u00a0da\u00a0rodovia\u00a0BR-040, de Belo Horizonte a Juiz de Fora, na pr\u00f3xima semana\u00a0detalhou na \u00faltima segunda-feira (29)\u00a0como\u00a0ser\u00e3o aplicadas as isen\u00e7\u00f5es e\u00a0descontos\u00a0para\u00a0usu\u00e1rios\u00a0do trecho. Na pr\u00e1tica,\u00a0usu\u00e1rios\u00a0de ve\u00edculos de passeio ou leves que optarem pelo pagamento por TAG (cobran\u00e7a eletr\u00f4nica), ter\u00e3o um DBT (Desconto B\u00e1sico de Tarifa) de 5%, enquanto as motocicletas ser\u00e3o totalmente isentas do\u00a0ped\u00e1gio.<br><br>A opera\u00e7\u00e3o tamb\u00e9m prev\u00ea um DUF (Desconto de Usu\u00e1rio Frequente) ou desconto progressivo\u00a0de at\u00e9 70% para\u00a0usu\u00e1rios\u00a0frequentes, v\u00e1lido a partir do in\u00edcio\u00a0da\u00a0opera\u00e7\u00e3o das pra\u00e7as de\u00a0ped\u00e1gio.\u00a0<a href=\"https:\/\/agenciainfra.us14.list-manage.com\/track\/click?u=d460dd1bcf9ba0ae040e1fc0f&amp;id=28f5c594f3&amp;e=f0fa444791\" target=\"_blank\" rel=\"noreferrer noopener\">Lei aqui<\/a>\u00a0a apresenta\u00e7\u00e3o\u00a0da\u00a0operadora\u00a0em\u00a0evento realizado na ANTT (Ag\u00eancia Nacional de Transportes Terrestres),\u00a0em\u00a0Minas Gerais, nesta segunda-feira.<br><br>A empresa venceu o leil\u00e3o com proposta de desconto de 11,21% sobre a Tarifa B\u00e1sica de\u00a0Ped\u00e1gio. Mesmo com desconto, a tarifa do\u00a0ped\u00e1gio\u00a0definida pela ANTT para a nova opera\u00e7\u00e3o foi\u00a0de\u00a0R$ 12,70\u00a0(ve\u00edculos leves), a ser\u00a0aplicada nas pra\u00e7as P1,\u00a0em\u00a0Itabirito, P2,\u00a0em\u00a0Conselheiro Lafaiete e P3,\u00a0em\u00a0Barbacena.\u00a0Antes, o valor cobrado para ve\u00edculos leves era de R$ 6,30, o que tem levado a reclama\u00e7\u00f5es localizadas.<br><br>O evento da \u00faltima segunda-feira foi para apresentar o que ser\u00e1 feito na concess\u00e3o,\u00a0como\u00a0forma de mostrar que o novo pre\u00e7o incluir\u00e1\u00a0descontos\u00a0tarif\u00e1rios, servi\u00e7os de qualidade melhor, al\u00e9m de um volume significativos de melhorias.\u00a0Guilherme Sampaio, diretor\u00a0da\u00a0ANTT, disse que\u00a0no\u00a0primeiro ano\u00a0da\u00a0concess\u00e3o j\u00e1 ser\u00e3o sentidas &#8220;melhorias not\u00e1veis&#8221;, com tratamento diferenciado para as chegadas e sa\u00eddas de Belo Horizonte.\u00a0<br><br>Na semana passada, o diretor-executivo\u00a0da\u00a0EPR\u00a0Via\u00a0Mineira, Eric de Almeida, afirmou que os projetos ser\u00e3o desenvolvidos cumprindo cronogramas estabelecidos e pediu um \u201cvoto de confian\u00e7a\u201d \u00e0 popula\u00e7\u00e3o para iniciar as opera\u00e7\u00f5es.\u00a0Ao longo do contrato, est\u00e3o previstos investimentos de R$ 8,7 bilh\u00f5es.<br><br>A concess\u00e3o anterior, vencida pela atual concession\u00e1ria, do grupo Invepar, com 61% sobre a tarifa de\u00a0ped\u00e1gio, foi iniciada\u00a0em\u00a02014 e resultou\u00a0em\u00a0frustra\u00e7\u00e3o nos investimentos e um pedido de devolu\u00e7\u00e3o &#8220;amig\u00e1vel&#8221; ainda\u00a0em\u00a02017. As tarifas tamb\u00e9m ficaram sem os reajustes desde dezembro de 2022 nesse processo de transi\u00e7\u00e3o.<br><br><strong>Cronograma\u00a0da\u00a0concess\u00e3o<\/strong><br>No\u00a0primeiro ano\u00a0da\u00a0nova concess\u00e3o, est\u00e3o previstas a reforma das edifica\u00e7\u00f5es operacionais e o in\u00edcio\u00a0da\u00a0cobran\u00e7a de\u00a0ped\u00e1gio.\u00a0No\u00a0segundo ano\u00a0da\u00a0concess\u00e3o, al\u00e9m do t\u00e9rmino de trabalhos iniciais, dever\u00e1 ser realizado o in\u00edcio\u00a0da\u00a0recupera\u00e7\u00e3o. J\u00e1\u00a0no\u00a0terceiro ano, ser\u00e1 iniciado o chamado ciclo de obras de melhorias.<br><br>No\u00a0sexto ano\u00a0ser\u00e1 iniciado o per\u00edodo de manuten\u00e7\u00e3o e,\u00a0no\u00a0s\u00e9timo, o t\u00e9rmino do ciclo de obras de melhorias.\u00a0A previs\u00e3o \u00e9 realizar duplica\u00e7\u00e3o de 164 quil\u00f4metros, al\u00e9m de 42 km de faixas adicionais, corre\u00e7\u00f5es de tra\u00e7ado, retornos e passarelas.<\/p>\n","protected":false},"excerpt":{"rendered":"<p>da&nbsp;Ag\u00eancia iNFRA A concession\u00e1ria\u00a0EPR\u00a0Via\u00a0Mineira, que vai iniciar\u00a0em\u00a06 de agosto a opera\u00e7\u00e3o de 232 quil\u00f4metros\u00a0da\u00a0concess\u00e3o\u00a0da\u00a0rodovia\u00a0BR-040, de Belo Horizonte a Juiz de Fora, na pr\u00f3xima semana\u00a0detalhou na \u00faltima segunda-feira (29)\u00a0como\u00a0ser\u00e3o aplicadas as isen\u00e7\u00f5es e\u00a0descontos\u00a0para\u00a0usu\u00e1rios\u00a0do trecho. Na pr\u00e1tica,\u00a0usu\u00e1rios\u00a0de ve\u00edculos de passeio ou leves que optarem pelo pagamento por TAG (cobran\u00e7a eletr\u00f4nica), ter\u00e3o um DBT (Desconto B\u00e1sico de Tarifa) [&hellip;]<\/p>\n","protected":false},"author":1,"featured_media":17959,"comment_status":"closed","ping_status":"closed","sticky":false,"template":"","format":"standard","meta":{"_monsterinsights_skip_tracking":false,"_monsterinsights_sitenote_active":false,"_monsterinsights_sitenote_note":"","_monsterinsights_sitenote_category":0,"footnotes":""},"categories":[7248,9714,1,7],"tags":[72,19,6620,22,11043,11036,11042,10889,11037,4168,1020,20,11044,6543,48,21,739,617,1518,11038,11045,11039,11041,11040],"class_list":["post-17958","post","type-post","status-publish","format-standard","has-post-thumbnail","hentry","category-cabecalho","category-destaque-menor","category-geral","category-infratransporte","tag-agencia-reguladora","tag-antt","tag-belo-horizonte","tag-concessao","tag-desconto-pedagio","tag-descontos","tag-descontos-no-pedagio","tag-epr-via-mineira","tag-eric-de-almeida","tag-guilherme-sampaio","tag-invepar","tag-pedagio","tag-pedagio-com-desconto","tag-recuperacao","tag-regulacao","tag-rodovia","tag-tarifa","tag-transporte","tag-transportes-terrestres","tag-triplicacao","tag-usuario-frequente","tag-via","tag-via-mineira","tag-viario"],"yoast_head":"<!-- This site is optimized with the Yoast SEO Premium plugin v25.4 (Yoast SEO v26.0) - https:\/\/yoast.com\/wordpress\/plugins\/seo\/ -->\n<title>EPR Via Mineira detalha como usu\u00e1rios da BR-040 em MG podem obter descontos no ped\u00e1gio - Ag\u00eancia iNFRA<\/title>\n<meta name=\"robots\" content=\"index, follow, max-snippet:-1, max-image-preview:large, max-video-preview:-1\" \/>\n<link rel=\"canonical\" href=\"https:\/\/agenciainfra.com\/blog\/epr-via-mineira-detalha-como-usuarios-da-br-040-em-mg-podem-obter-descontos-no-pedagio\/\" \/>\n<meta property=\"og:locale\" content=\"pt_BR\" \/>\n<meta property=\"og:type\" content=\"article\" \/>\n<meta property=\"og:title\" content=\"EPR Via Mineira detalha como usu\u00e1rios da BR-040 em MG podem obter descontos no ped\u00e1gio\" \/>\n<meta property=\"og:description\" content=\"da&nbsp;Ag\u00eancia iNFRA A concession\u00e1ria\u00a0EPR\u00a0Via\u00a0Mineira, que vai iniciar\u00a0em\u00a06 de agosto a opera\u00e7\u00e3o de 232 quil\u00f4metros\u00a0da\u00a0concess\u00e3o\u00a0da\u00a0rodovia\u00a0BR-040, de Belo Horizonte a Juiz de Fora, na pr\u00f3xima semana\u00a0detalhou na \u00faltima segunda-feira (29)\u00a0como\u00a0ser\u00e3o aplicadas as isen\u00e7\u00f5es e\u00a0descontos\u00a0para\u00a0usu\u00e1rios\u00a0do trecho. Na pr\u00e1tica,\u00a0usu\u00e1rios\u00a0de ve\u00edculos de passeio ou leves que optarem pelo pagamento por TAG (cobran\u00e7a eletr\u00f4nica), ter\u00e3o um DBT (Desconto B\u00e1sico de Tarifa) [&hellip;]\" \/>\n<meta property=\"og:url\" content=\"https:\/\/agenciainfra.com\/blog\/epr-via-mineira-detalha-como-usuarios-da-br-040-em-mg-podem-obter-descontos-no-pedagio\/\" \/>\n<meta property=\"og:site_name\" content=\"Ag\u00eancia iNFRA\" \/>\n<meta property=\"article:publisher\" content=\"https:\/\/www.facebook.com\/ageninfra\" \/>\n<meta property=\"article:published_time\" content=\"2024-07-31T12:00:00+00:00\" \/>\n<meta property=\"article:modified_time\" content=\"2024-08-06T14:03:06+00:00\" \/>\n<meta property=\"og:image\" content=\"https:\/\/agenciainfra.com\/blog\/wp-content\/uploads\/2024\/07\/epr-via-mineira-foto-ascom.jpg\" \/>\n\t<meta property=\"og:image:width\" content=\"1202\" \/>\n\t<meta property=\"og:image:height\" content=\"801\" \/>\n\t<meta property=\"og:image:type\" content=\"image\/jpeg\" \/>\n<meta name=\"author\" content=\"Ag\u00eancia iNFRA\" \/>\n<meta name=\"twitter:card\" content=\"summary_large_image\" \/>\n<meta name=\"twitter:creator\" content=\"@agencia_infra\" \/>\n<meta name=\"twitter:site\" content=\"@agencia_infra\" \/>\n<meta name=\"twitter:label1\" content=\"Escrito por\" \/>\n\t<meta name=\"twitter:data1\" content=\"Ag\u00eancia iNFRA\" \/>\n\t<meta name=\"twitter:label2\" content=\"Est. tempo de leitura\" \/>\n\t<meta name=\"twitter:data2\" content=\"3 minutos\" \/>\n<script type=\"application\/ld+json\" class=\"yoast-schema-graph\">{\"@context\":\"https:\/\/schema.org\",\"@graph\":[{\"@type\":\"Article\",\"@id\":\"https:\/\/agenciainfra.com\/blog\/epr-via-mineira-detalha-como-usuarios-da-br-040-em-mg-podem-obter-descontos-no-pedagio\/#article\",\"isPartOf\":{\"@id\":\"https:\/\/agenciainfra.com\/blog\/epr-via-mineira-detalha-como-usuarios-da-br-040-em-mg-podem-obter-descontos-no-pedagio\/\"},\"author\":{\"name\":\"Ag\u00eancia iNFRA\",\"@id\":\"https:\/\/agenciainfra.com\/blog\/#\/schema\/person\/34af08dff6adea4cb22b06612ba7acfa\"},\"headline\":\"EPR Via Mineira detalha como usu\u00e1rios da BR-040 em MG podem obter descontos no ped\u00e1gio\",\"datePublished\":\"2024-07-31T12:00:00+00:00\",\"dateModified\":\"2024-08-06T14:03:06+00:00\",\"mainEntityOfPage\":{\"@id\":\"https:\/\/agenciainfra.com\/blog\/epr-via-mineira-detalha-como-usuarios-da-br-040-em-mg-podem-obter-descontos-no-pedagio\/\"},\"wordCount\":545,\"publisher\":{\"@id\":\"https:\/\/agenciainfra.com\/blog\/#organization\"},\"image\":{\"@id\":\"https:\/\/agenciainfra.com\/blog\/epr-via-mineira-detalha-como-usuarios-da-br-040-em-mg-podem-obter-descontos-no-pedagio\/#primaryimage\"},\"thumbnailUrl\":\"https:\/\/agenciainfra.com\/blog\/wp-content\/uploads\/2024\/07\/epr-via-mineira-foto-ascom.jpg\",\"keywords\":[\"ag\u00eancia reguladora\",\"ANTT\",\"Belo Horizonte\",\"Concess\u00e3o\",\"desconto ped\u00e1gio\",\"descontos\",\"descontos no ped\u00e1gio\",\"EPR Via Mineira\",\"Eric de Almeida\",\"Guilherme Sampaio\",\"Invepar\",\"Ped\u00e1gio\",\"ped\u00e1gio com desconto\",\"recupera\u00e7\u00e3o\",\"Regula\u00e7\u00e3o\",\"Rodovia\",\"Tarifa\",\"transporte\",\"transportes terrestres\",\"triplica\u00e7\u00e3o\",\"usu\u00e1rio frequente\",\"v\u00eda\",\"Via Mineira\",\"vi\u00e1rio\"],\"articleSection\":[\"Cabe\u00e7alho\",\"Destaque Menor\",\"Geral\",\"iNFRATransporte\"],\"inLanguage\":\"pt-BR\",\"copyrightYear\":\"2024\",\"copyrightHolder\":{\"@id\":\"https:\/\/agenciainfra.com\/blog\/#organization\"}},{\"@type\":\"WebPage\",\"@id\":\"https:\/\/agenciainfra.com\/blog\/epr-via-mineira-detalha-como-usuarios-da-br-040-em-mg-podem-obter-descontos-no-pedagio\/\",\"url\":\"https:\/\/agenciainfra.com\/blog\/epr-via-mineira-detalha-como-usuarios-da-br-040-em-mg-podem-obter-descontos-no-pedagio\/\",\"name\":\"EPR Via Mineira detalha como usu\u00e1rios da BR-040 em MG podem obter descontos no ped\u00e1gio - Ag\u00eancia iNFRA\",\"isPartOf\":{\"@id\":\"https:\/\/agenciainfra.com\/blog\/#website\"},\"primaryImageOfPage\":{\"@id\":\"https:\/\/agenciainfra.com\/blog\/epr-via-mineira-detalha-como-usuarios-da-br-040-em-mg-podem-obter-descontos-no-pedagio\/#primaryimage\"},\"image\":{\"@id\":\"https:\/\/agenciainfra.com\/blog\/epr-via-mineira-detalha-como-usuarios-da-br-040-em-mg-podem-obter-descontos-no-pedagio\/#primaryimage\"},\"thumbnailUrl\":\"https:\/\/agenciainfra.com\/blog\/wp-content\/uploads\/2024\/07\/epr-via-mineira-foto-ascom.jpg\",\"datePublished\":\"2024-07-31T12:00:00+00:00\",\"dateModified\":\"2024-08-06T14:03:06+00:00\",\"breadcrumb\":{\"@id\":\"https:\/\/agenciainfra.com\/blog\/epr-via-mineira-detalha-como-usuarios-da-br-040-em-mg-podem-obter-descontos-no-pedagio\/#breadcrumb\"},\"inLanguage\":\"pt-BR\",\"potentialAction\":[{\"@type\":\"ReadAction\",\"target\":[\"https:\/\/agenciainfra.com\/blog\/epr-via-mineira-detalha-como-usuarios-da-br-040-em-mg-podem-obter-descontos-no-pedagio\/\"]}]},{\"@type\":\"ImageObject\",\"inLanguage\":\"pt-BR\",\"@id\":\"https:\/\/agenciainfra.com\/blog\/epr-via-mineira-detalha-como-usuarios-da-br-040-em-mg-podem-obter-descontos-no-pedagio\/#primaryimage\",\"url\":\"https:\/\/agenciainfra.com\/blog\/wp-content\/uploads\/2024\/07\/epr-via-mineira-foto-ascom.jpg\",\"contentUrl\":\"https:\/\/agenciainfra.com\/blog\/wp-content\/uploads\/2024\/07\/epr-via-mineira-foto-ascom.jpg\",\"width\":1202,\"height\":801},{\"@type\":\"BreadcrumbList\",\"@id\":\"https:\/\/agenciainfra.com\/blog\/epr-via-mineira-detalha-como-usuarios-da-br-040-em-mg-podem-obter-descontos-no-pedagio\/#breadcrumb\",\"itemListElement\":[{\"@type\":\"ListItem\",\"position\":1,\"name\":\"In\u00edcio\",\"item\":\"https:\/\/agenciainfra.com\/blog\/\"},{\"@type\":\"ListItem\",\"position\":2,\"name\":\"EPR Via Mineira detalha como usu\u00e1rios da BR-040 em MG podem obter descontos no ped\u00e1gio\"}]},{\"@type\":\"WebSite\",\"@id\":\"https:\/\/agenciainfra.com\/blog\/#website\",\"url\":\"https:\/\/agenciainfra.com\/blog\/\",\"name\":\"Ag\u00eancia iNFRA\",\"description\":\"Multiplataforma de informa\u00e7\u00e3o jornal\u00edstica refer\u00eancia na \u00e1rea de infraestrutura no Brasil!\",\"publisher\":{\"@id\":\"https:\/\/agenciainfra.com\/blog\/#organization\"},\"potentialAction\":[{\"@type\":\"SearchAction\",\"target\":{\"@type\":\"EntryPoint\",\"urlTemplate\":\"https:\/\/agenciainfra.com\/blog\/?s={search_term_string}\"},\"query-input\":{\"@type\":\"PropertyValueSpecification\",\"valueRequired\":true,\"valueName\":\"search_term_string\"}}],\"inLanguage\":\"pt-BR\"},{\"@type\":\"Organization\",\"@id\":\"https:\/\/agenciainfra.com\/blog\/#organization\",\"name\":\"Ag\u00eancia iNFRA\",\"url\":\"https:\/\/agenciainfra.com\/blog\/\",\"logo\":{\"@type\":\"ImageObject\",\"inLanguage\":\"pt-BR\",\"@id\":\"https:\/\/agenciainfra.com\/blog\/#\/schema\/logo\/image\/\",\"url\":\"https:\/\/agenciainfra.com\/blog\/wp-content\/uploads\/2023\/09\/iNFRA_5-e1761735885940.png\",\"contentUrl\":\"https:\/\/agenciainfra.com\/blog\/wp-content\/uploads\/2023\/09\/iNFRA_5-e1761735885940.png\",\"width\":1672,\"height\":454,\"caption\":\"Ag\u00eancia iNFRA\"},\"image\":{\"@id\":\"https:\/\/agenciainfra.com\/blog\/#\/schema\/logo\/image\/\"},\"sameAs\":[\"https:\/\/www.facebook.com\/ageninfra\",\"https:\/\/x.com\/agencia_infra\",\"https:\/\/www.linkedin.com\/company\/ag\u00eanciainfra\/\",\"https:\/\/www.instagram.com\/agenciainfra\/\"]},{\"@type\":\"Person\",\"@id\":\"https:\/\/agenciainfra.com\/blog\/#\/schema\/person\/34af08dff6adea4cb22b06612ba7acfa\",\"name\":\"Ag\u00eancia iNFRA\",\"image\":{\"@type\":\"ImageObject\",\"inLanguage\":\"pt-BR\",\"@id\":\"https:\/\/agenciainfra.com\/blog\/#\/schema\/person\/image\/\",\"url\":\"https:\/\/secure.gravatar.com\/avatar\/d189e01678f06d8eb84d4e01f08eb848b3fffe3f8443818d3c356c66892f5be8?s=96&d=mm&r=g\",\"contentUrl\":\"https:\/\/secure.gravatar.com\/avatar\/d189e01678f06d8eb84d4e01f08eb848b3fffe3f8443818d3c356c66892f5be8?s=96&d=mm&r=g\",\"caption\":\"Ag\u00eancia iNFRA\"},\"url\":\"https:\/\/agenciainfra.com\/blog\/author\/admin\/\"}]}<\/script>\n<!-- \/ Yoast SEO Premium plugin. -->","yoast_head_json":{"title":"EPR Via Mineira detalha como usu\u00e1rios da BR-040 em MG podem obter descontos no ped\u00e1gio - Ag\u00eancia iNFRA","robots":{"index":"index","follow":"follow","max-snippet":"max-snippet:-1","max-image-preview":"max-image-preview:large","max-video-preview":"max-video-preview:-1"},"canonical":"https:\/\/agenciainfra.com\/blog\/epr-via-mineira-detalha-como-usuarios-da-br-040-em-mg-podem-obter-descontos-no-pedagio\/","og_locale":"pt_BR","og_type":"article","og_title":"EPR Via Mineira detalha como usu\u00e1rios da BR-040 em MG podem obter descontos no ped\u00e1gio","og_description":"da&nbsp;Ag\u00eancia iNFRA A concession\u00e1ria\u00a0EPR\u00a0Via\u00a0Mineira, que vai iniciar\u00a0em\u00a06 de agosto a opera\u00e7\u00e3o de 232 quil\u00f4metros\u00a0da\u00a0concess\u00e3o\u00a0da\u00a0rodovia\u00a0BR-040, de Belo Horizonte a Juiz de Fora, na pr\u00f3xima semana\u00a0detalhou na \u00faltima segunda-feira (29)\u00a0como\u00a0ser\u00e3o aplicadas as isen\u00e7\u00f5es e\u00a0descontos\u00a0para\u00a0usu\u00e1rios\u00a0do trecho. Na pr\u00e1tica,\u00a0usu\u00e1rios\u00a0de ve\u00edculos de passeio ou leves que optarem pelo pagamento por TAG (cobran\u00e7a eletr\u00f4nica), ter\u00e3o um DBT (Desconto B\u00e1sico de Tarifa) [&hellip;]","og_url":"https:\/\/agenciainfra.com\/blog\/epr-via-mineira-detalha-como-usuarios-da-br-040-em-mg-podem-obter-descontos-no-pedagio\/","og_site_name":"Ag\u00eancia iNFRA","article_publisher":"https:\/\/www.facebook.com\/ageninfra","article_published_time":"2024-07-31T12:00:00+00:00","article_modified_time":"2024-08-06T14:03:06+00:00","og_image":[{"width":1202,"height":801,"url":"https:\/\/agenciainfra.com\/blog\/wp-content\/uploads\/2024\/07\/epr-via-mineira-foto-ascom.jpg","type":"image\/jpeg"}],"author":"Ag\u00eancia iNFRA","twitter_card":"summary_large_image","twitter_creator":"@agencia_infra","twitter_site":"@agencia_infra","twitter_misc":{"Escrito por":"Ag\u00eancia iNFRA","Est. tempo de leitura":"3 minutos"},"schema":{"@context":"https:\/\/schema.org","@graph":[{"@type":"Article","@id":"https:\/\/agenciainfra.com\/blog\/epr-via-mineira-detalha-como-usuarios-da-br-040-em-mg-podem-obter-descontos-no-pedagio\/#article","isPartOf":{"@id":"https:\/\/agenciainfra.com\/blog\/epr-via-mineira-detalha-como-usuarios-da-br-040-em-mg-podem-obter-descontos-no-pedagio\/"},"author":{"name":"Ag\u00eancia iNFRA","@id":"https:\/\/agenciainfra.com\/blog\/#\/schema\/person\/34af08dff6adea4cb22b06612ba7acfa"},"headline":"EPR Via Mineira detalha como usu\u00e1rios da BR-040 em MG podem obter descontos no ped\u00e1gio","datePublished":"2024-07-31T12:00:00+00:00","dateModified":"2024-08-06T14:03:06+00:00","mainEntityOfPage":{"@id":"https:\/\/agenciainfra.com\/blog\/epr-via-mineira-detalha-como-usuarios-da-br-040-em-mg-podem-obter-descontos-no-pedagio\/"},"wordCount":545,"publisher":{"@id":"https:\/\/agenciainfra.com\/blog\/#organization"},"image":{"@id":"https:\/\/agenciainfra.com\/blog\/epr-via-mineira-detalha-como-usuarios-da-br-040-em-mg-podem-obter-descontos-no-pedagio\/#primaryimage"},"thumbnailUrl":"https:\/\/agenciainfra.com\/blog\/wp-content\/uploads\/2024\/07\/epr-via-mineira-foto-ascom.jpg","keywords":["ag\u00eancia reguladora","ANTT","Belo Horizonte","Concess\u00e3o","desconto ped\u00e1gio","descontos","descontos no ped\u00e1gio","EPR Via Mineira","Eric de Almeida","Guilherme Sampaio","Invepar","Ped\u00e1gio","ped\u00e1gio com desconto","recupera\u00e7\u00e3o","Regula\u00e7\u00e3o","Rodovia","Tarifa","transporte","transportes terrestres","triplica\u00e7\u00e3o","usu\u00e1rio frequente","v\u00eda","Via Mineira","vi\u00e1rio"],"articleSection":["Cabe\u00e7alho","Destaque Menor","Geral","iNFRATransporte"],"inLanguage":"pt-BR","copyrightYear":"2024","copyrightHolder":{"@id":"https:\/\/agenciainfra.com\/blog\/#organization"}},{"@type":"WebPage","@id":"https:\/\/agenciainfra.com\/blog\/epr-via-mineira-detalha-como-usuarios-da-br-040-em-mg-podem-obter-descontos-no-pedagio\/","url":"https:\/\/agenciainfra.com\/blog\/epr-via-mineira-detalha-como-usuarios-da-br-040-em-mg-podem-obter-descontos-no-pedagio\/","name":"EPR Via Mineira detalha como usu\u00e1rios da BR-040 em MG podem obter descontos no ped\u00e1gio - Ag\u00eancia iNFRA","isPartOf":{"@id":"https:\/\/agenciainfra.com\/blog\/#website"},"primaryImageOfPage":{"@id":"https:\/\/agenciainfra.com\/blog\/epr-via-mineira-detalha-como-usuarios-da-br-040-em-mg-podem-obter-descontos-no-pedagio\/#primaryimage"},"image":{"@id":"https:\/\/agenciainfra.com\/blog\/epr-via-mineira-detalha-como-usuarios-da-br-040-em-mg-podem-obter-descontos-no-pedagio\/#primaryimage"},"thumbnailUrl":"https:\/\/agenciainfra.com\/blog\/wp-content\/uploads\/2024\/07\/epr-via-mineira-foto-ascom.jpg","datePublished":"2024-07-31T12:00:00+00:00","dateModified":"2024-08-06T14:03:06+00:00","breadcrumb":{"@id":"https:\/\/agenciainfra.com\/blog\/epr-via-mineira-detalha-como-usuarios-da-br-040-em-mg-podem-obter-descontos-no-pedagio\/#breadcrumb"},"inLanguage":"pt-BR","potentialAction":[{"@type":"ReadAction","target":["https:\/\/agenciainfra.com\/blog\/epr-via-mineira-detalha-como-usuarios-da-br-040-em-mg-podem-obter-descontos-no-pedagio\/"]}]},{"@type":"ImageObject","inLanguage":"pt-BR","@id":"https:\/\/agenciainfra.com\/blog\/epr-via-mineira-detalha-como-usuarios-da-br-040-em-mg-podem-obter-descontos-no-pedagio\/#primaryimage","url":"https:\/\/agenciainfra.com\/blog\/wp-content\/uploads\/2024\/07\/epr-via-mineira-foto-ascom.jpg","contentUrl":"https:\/\/agenciainfra.com\/blog\/wp-content\/uploads\/2024\/07\/epr-via-mineira-foto-ascom.jpg","width":1202,"height":801},{"@type":"BreadcrumbList","@id":"https:\/\/agenciainfra.com\/blog\/epr-via-mineira-detalha-como-usuarios-da-br-040-em-mg-podem-obter-descontos-no-pedagio\/#breadcrumb","itemListElement":[{"@type":"ListItem","position":1,"name":"In\u00edcio","item":"https:\/\/agenciainfra.com\/blog\/"},{"@type":"ListItem","position":2,"name":"EPR Via Mineira detalha como usu\u00e1rios da BR-040 em MG podem obter descontos no ped\u00e1gio"}]},{"@type":"WebSite","@id":"https:\/\/agenciainfra.com\/blog\/#website","url":"https:\/\/agenciainfra.com\/blog\/","name":"Ag\u00eancia iNFRA","description":"Multiplataforma de informa\u00e7\u00e3o jornal\u00edstica refer\u00eancia na \u00e1rea de infraestrutura no Brasil!","publisher":{"@id":"https:\/\/agenciainfra.com\/blog\/#organization"},"potentialAction":[{"@type":"SearchAction","target":{"@type":"EntryPoint","urlTemplate":"https:\/\/agenciainfra.com\/blog\/?s={search_term_string}"},"query-input":{"@type":"PropertyValueSpecification","valueRequired":true,"valueName":"search_term_string"}}],"inLanguage":"pt-BR"},{"@type":"Organization","@id":"https:\/\/agenciainfra.com\/blog\/#organization","name":"Ag\u00eancia iNFRA","url":"https:\/\/agenciainfra.com\/blog\/","logo":{"@type":"ImageObject","inLanguage":"pt-BR","@id":"https:\/\/agenciainfra.com\/blog\/#\/schema\/logo\/image\/","url":"https:\/\/agenciainfra.com\/blog\/wp-content\/uploads\/2023\/09\/iNFRA_5-e1761735885940.png","contentUrl":"https:\/\/agenciainfra.com\/blog\/wp-content\/uploads\/2023\/09\/iNFRA_5-e1761735885940.png","width":1672,"height":454,"caption":"Ag\u00eancia iNFRA"},"image":{"@id":"https:\/\/agenciainfra.com\/blog\/#\/schema\/logo\/image\/"},"sameAs":["https:\/\/www.facebook.com\/ageninfra","https:\/\/x.com\/agencia_infra","https:\/\/www.linkedin.com\/company\/ag\u00eanciainfra\/","https:\/\/www.instagram.com\/agenciainfra\/"]},{"@type":"Person","@id":"https:\/\/agenciainfra.com\/blog\/#\/schema\/person\/34af08dff6adea4cb22b06612ba7acfa","name":"Ag\u00eancia iNFRA","image":{"@type":"ImageObject","inLanguage":"pt-BR","@id":"https:\/\/agenciainfra.com\/blog\/#\/schema\/person\/image\/","url":"https:\/\/secure.gravatar.com\/avatar\/d189e01678f06d8eb84d4e01f08eb848b3fffe3f8443818d3c356c66892f5be8?s=96&d=mm&r=g","contentUrl":"https:\/\/secure.gravatar.com\/avatar\/d189e01678f06d8eb84d4e01f08eb848b3fffe3f8443818d3c356c66892f5be8?s=96&d=mm&r=g","caption":"Ag\u00eancia iNFRA"},"url":"https:\/\/agenciainfra.com\/blog\/author\/admin\/"}]}},"_links":{"self":[{"href":"https:\/\/agenciainfra.com\/blog\/wp-json\/wp\/v2\/posts\/17958","targetHints":{"allow":["GET"]}}],"collection":[{"href":"https:\/\/agenciainfra.com\/blog\/wp-json\/wp\/v2\/posts"}],"about":[{"href":"https:\/\/agenciainfra.com\/blog\/wp-json\/wp\/v2\/types\/post"}],"author":[{"embeddable":true,"href":"https:\/\/agenciainfra.com\/blog\/wp-json\/wp\/v2\/users\/1"}],"replies":[{"embeddable":true,"href":"https:\/\/agenciainfra.com\/blog\/wp-json\/wp\/v2\/comments?post=17958"}],"version-history":[{"count":1,"href":"https:\/\/agenciainfra.com\/blog\/wp-json\/wp\/v2\/posts\/17958\/revisions"}],"predecessor-version":[{"id":17960,"href":"https:\/\/agenciainfra.com\/blog\/wp-json\/wp\/v2\/posts\/17958\/revisions\/17960"}],"wp:featuredmedia":[{"embeddable":true,"href":"https:\/\/agenciainfra.com\/blog\/wp-json\/wp\/v2\/media\/17959"}],"wp:attachment":[{"href":"https:\/\/agenciainfra.com\/blog\/wp-json\/wp\/v2\/media?parent=17958"}],"wp:term":[{"taxonomy":"category","embeddable":true,"href":"https:\/\/agenciainfra.com\/blog\/wp-json\/wp\/v2\/categories?post=17958"},{"taxonomy":"post_tag","embeddable":true,"href":"https:\/\/agenciainfra.com\/blog\/wp-json\/wp\/v2\/tags?post=17958"}],"curies":[{"name":"wp","href":"https:\/\/api.w.org\/{rel}","templated":true}]}}