{"id":17964,"date":"2024-07-31T10:00:00","date_gmt":"2024-07-31T13:00:00","guid":{"rendered":"https:\/\/agenciainfra.com\/blog\/?p=17964"},"modified":"2024-08-01T10:23:10","modified_gmt":"2024-08-01T13:23:10","slug":"ministerio-dos-transportes-tem-corte-de-r-15-bi-em-seu-orcamento","status":"publish","type":"post","link":"https:\/\/agenciainfra.com\/blog\/ministerio-dos-transportes-tem-corte-de-r-15-bi-em-seu-orcamento\/","title":{"rendered":"Minist\u00e9rio dos Transportes tem corte de R$ 1,5 bi em seu or\u00e7amento"},"content":{"rendered":"\n<p class=\"has-text-align-right\"><strong>da Ag\u00eancia iNFRA<\/strong><\/p>\n\n\n\n<p>O decreto de programa\u00e7\u00e3o or\u00e7ament\u00e1ria e financeira, divulgado pelo governo em edi\u00e7\u00e3o extra do DOU (Di\u00e1rio Oficial da Uni\u00e3o), nesta ter\u00e7a-feira (30), definiu em R$ 1,5 bilh\u00e3o o valor bloqueado e contingenciado no or\u00e7amento do Minist\u00e9rio dos Transportes, o que corresponde a cerca de 10% da dota\u00e7\u00e3o or\u00e7ament\u00e1ria prevista para 2024. A ANTT (Ag\u00eancia Nacional de Transportes Terrestres) sofreu um corte de R$ 20 milh\u00f5es, 7% de sua dota\u00e7\u00e3o prevista.<br><br>A publica\u00e7\u00e3o, que pode ser vista&nbsp;<a href=\"https:\/\/agenciainfra.us14.list-manage.com\/track\/click?u=d460dd1bcf9ba0ae040e1fc0f&amp;id=31a4a91c16&amp;e=f0fa444791\" target=\"_blank\" rel=\"noreferrer noopener\">neste link<\/a>, mostra que, em rela\u00e7\u00e3o a valores, o Minist\u00e9rio das Cidades sofreu um corte ainda maior, de R$ 2,1 bilh\u00f5es, o que corresponde a 12% da dota\u00e7\u00e3o do ano. Segundo informa\u00e7\u00e3o divulgada pelo governo, R$ 4,5 bilh\u00f5es dos R$ 15 bilh\u00f5es de despesas contidas (entre bloqueios e or\u00e7amentos) s\u00e3o despesas discricion\u00e1rias do Novo PAC.<br><br>O Minist\u00e9rio de Portos e Aeroportos e as duas ag\u00eancias ligadas ao setor tamb\u00e9m foram atingidos pela suspens\u00e3o de gastos. A pasta teve bloqueados ou contingenciados 12% do seu or\u00e7amento, num total de R$ 168,1 milh\u00f5es.&nbsp;<br><br>J\u00e1 a ANTAQ (Ag\u00eancia Nacional de Transportes Aquavi\u00e1rios) e a ANAC (Ag\u00eancia Nacional de Avia\u00e7\u00e3o Civil) tiveram 2% de seus or\u00e7amentos contidos, o que corresponde a R$ 1,3 milh\u00e3o e R$ 2,4 milh\u00f5es, respectivamente. A ANA (Ag\u00eancia Nacional de \u00c1guas e Saneamento B\u00e1sico) n\u00e3o sofreu com os cortes.<\/p>\n","protected":false},"excerpt":{"rendered":"<p>da Ag\u00eancia iNFRA O decreto de programa\u00e7\u00e3o or\u00e7ament\u00e1ria e financeira, divulgado pelo governo em edi\u00e7\u00e3o extra do DOU (Di\u00e1rio Oficial da Uni\u00e3o), nesta ter\u00e7a-feira (30), definiu em R$ 1,5 bilh\u00e3o o valor bloqueado e contingenciado no or\u00e7amento do Minist\u00e9rio dos Transportes, o que corresponde a cerca de 10% da dota\u00e7\u00e3o or\u00e7ament\u00e1ria prevista para 2024. A [&hellip;]<\/p>\n","protected":false},"author":1,"featured_media":17748,"comment_status":"closed","ping_status":"closed","sticky":false,"template":"","format":"standard","meta":{"_monsterinsights_skip_tracking":false,"_monsterinsights_sitenote_active":false,"_monsterinsights_sitenote_note":"","_monsterinsights_sitenote_category":0,"footnotes":""},"categories":[1,7],"tags":[11047,77,242,86,19,11048,5272,6534,7723,11049,47,4035,6257,16,5992,167,3189,70,6569],"class_list":["post-17964","post","type-post","status-publish","format-standard","has-post-thumbnail","hentry","category-geral","category-infratransporte","tag-agencias","tag-ana","tag-anac","tag-antaq","tag-antt","tag-bloqueio","tag-cidades","tag-contingenciamento","tag-diario-oficial-da-uniao","tag-dotacao","tag-governo","tag-ministerio-das-cidades","tag-ministerio-de-portos-e-aeroportos","tag-ministerio-dos-transportes","tag-novo-pac","tag-orcamento","tag-pac","tag-transportes","tag-uniao"],"yoast_head":"<!-- This site is optimized with the Yoast SEO Premium plugin v25.4 (Yoast SEO v26.0) - https:\/\/yoast.com\/wordpress\/plugins\/seo\/ -->\n<title>Minist\u00e9rio dos Transportes tem corte de R$ 1,5 bi em seu or\u00e7amento - Ag\u00eancia iNFRA<\/title>\n<meta name=\"robots\" content=\"index, follow, max-snippet:-1, max-image-preview:large, max-video-preview:-1\" \/>\n<link rel=\"canonical\" href=\"https:\/\/agenciainfra.com\/blog\/ministerio-dos-transportes-tem-corte-de-r-15-bi-em-seu-orcamento\/\" \/>\n<meta property=\"og:locale\" content=\"pt_BR\" \/>\n<meta property=\"og:type\" content=\"article\" \/>\n<meta property=\"og:title\" content=\"Minist\u00e9rio dos Transportes tem corte de R$ 1,5 bi em seu or\u00e7amento\" \/>\n<meta property=\"og:description\" content=\"da Ag\u00eancia iNFRA O decreto de programa\u00e7\u00e3o or\u00e7ament\u00e1ria e financeira, divulgado pelo governo em edi\u00e7\u00e3o extra do DOU (Di\u00e1rio Oficial da Uni\u00e3o), nesta ter\u00e7a-feira (30), definiu em R$ 1,5 bilh\u00e3o o valor bloqueado e contingenciado no or\u00e7amento do Minist\u00e9rio dos Transportes, o que corresponde a cerca de 10% da dota\u00e7\u00e3o or\u00e7ament\u00e1ria prevista para 2024. A [&hellip;]\" \/>\n<meta property=\"og:url\" content=\"https:\/\/agenciainfra.com\/blog\/ministerio-dos-transportes-tem-corte-de-r-15-bi-em-seu-orcamento\/\" \/>\n<meta property=\"og:site_name\" content=\"Ag\u00eancia iNFRA\" \/>\n<meta property=\"article:publisher\" content=\"https:\/\/www.facebook.com\/ageninfra\" \/>\n<meta property=\"article:published_time\" content=\"2024-07-31T13:00:00+00:00\" \/>\n<meta property=\"article:modified_time\" content=\"2024-08-01T13:23:10+00:00\" \/>\n<meta property=\"og:image\" content=\"https:\/\/agenciainfra.com\/blog\/wp-content\/uploads\/2024\/07\/ministerio-transportes-portos-aeroportos-mpor-foto-agencia-brasil.jpg\" \/>\n\t<meta property=\"og:image:width\" content=\"1202\" \/>\n\t<meta property=\"og:image:height\" content=\"719\" \/>\n\t<meta property=\"og:image:type\" content=\"image\/jpeg\" \/>\n<meta name=\"author\" content=\"Ag\u00eancia iNFRA\" \/>\n<meta name=\"twitter:card\" content=\"summary_large_image\" \/>\n<meta name=\"twitter:creator\" content=\"@agencia_infra\" \/>\n<meta name=\"twitter:site\" content=\"@agencia_infra\" \/>\n<meta name=\"twitter:label1\" content=\"Escrito por\" \/>\n\t<meta name=\"twitter:data1\" content=\"Ag\u00eancia iNFRA\" \/>\n\t<meta name=\"twitter:label2\" content=\"Est. tempo de leitura\" \/>\n\t<meta name=\"twitter:data2\" content=\"1 minuto\" \/>\n<script type=\"application\/ld+json\" class=\"yoast-schema-graph\">{\"@context\":\"https:\/\/schema.org\",\"@graph\":[{\"@type\":\"Article\",\"@id\":\"https:\/\/agenciainfra.com\/blog\/ministerio-dos-transportes-tem-corte-de-r-15-bi-em-seu-orcamento\/#article\",\"isPartOf\":{\"@id\":\"https:\/\/agenciainfra.com\/blog\/ministerio-dos-transportes-tem-corte-de-r-15-bi-em-seu-orcamento\/\"},\"author\":{\"name\":\"Ag\u00eancia iNFRA\",\"@id\":\"https:\/\/agenciainfra.com\/blog\/#\/schema\/person\/34af08dff6adea4cb22b06612ba7acfa\"},\"headline\":\"Minist\u00e9rio dos Transportes tem corte de R$ 1,5 bi em seu or\u00e7amento\",\"datePublished\":\"2024-07-31T13:00:00+00:00\",\"dateModified\":\"2024-08-01T13:23:10+00:00\",\"mainEntityOfPage\":{\"@id\":\"https:\/\/agenciainfra.com\/blog\/ministerio-dos-transportes-tem-corte-de-r-15-bi-em-seu-orcamento\/\"},\"wordCount\":262,\"publisher\":{\"@id\":\"https:\/\/agenciainfra.com\/blog\/#organization\"},\"image\":{\"@id\":\"https:\/\/agenciainfra.com\/blog\/ministerio-dos-transportes-tem-corte-de-r-15-bi-em-seu-orcamento\/#primaryimage\"},\"thumbnailUrl\":\"https:\/\/agenciainfra.com\/blog\/wp-content\/uploads\/2024\/07\/ministerio-transportes-portos-aeroportos-mpor-foto-agencia-brasil.jpg\",\"keywords\":[\"ag\u00eancias\",\"ANA\",\"ANAC\",\"ANTAQ\",\"ANTT\",\"bloqueio\",\"cidades\",\"contingenciamento\",\"Di\u00e1rio Oficial da Uni\u00e3o\",\"dota\u00e7\u00e3o\",\"Governo\",\"Minist\u00e9rio das Cidades\",\"Minist\u00e9rio de Portos e Aeroportos\",\"minist\u00e9rio dos transportes\",\"Novo PAC\",\"Or\u00e7amento\",\"PAC\",\"transportes\",\"Uni\u00e3o\"],\"articleSection\":[\"Geral\",\"iNFRATransporte\"],\"inLanguage\":\"pt-BR\",\"copyrightYear\":\"2024\",\"copyrightHolder\":{\"@id\":\"https:\/\/agenciainfra.com\/blog\/#organization\"}},{\"@type\":\"WebPage\",\"@id\":\"https:\/\/agenciainfra.com\/blog\/ministerio-dos-transportes-tem-corte-de-r-15-bi-em-seu-orcamento\/\",\"url\":\"https:\/\/agenciainfra.com\/blog\/ministerio-dos-transportes-tem-corte-de-r-15-bi-em-seu-orcamento\/\",\"name\":\"Minist\u00e9rio dos Transportes tem corte de R$ 1,5 bi em seu or\u00e7amento - Ag\u00eancia iNFRA\",\"isPartOf\":{\"@id\":\"https:\/\/agenciainfra.com\/blog\/#website\"},\"primaryImageOfPage\":{\"@id\":\"https:\/\/agenciainfra.com\/blog\/ministerio-dos-transportes-tem-corte-de-r-15-bi-em-seu-orcamento\/#primaryimage\"},\"image\":{\"@id\":\"https:\/\/agenciainfra.com\/blog\/ministerio-dos-transportes-tem-corte-de-r-15-bi-em-seu-orcamento\/#primaryimage\"},\"thumbnailUrl\":\"https:\/\/agenciainfra.com\/blog\/wp-content\/uploads\/2024\/07\/ministerio-transportes-portos-aeroportos-mpor-foto-agencia-brasil.jpg\",\"datePublished\":\"2024-07-31T13:00:00+00:00\",\"dateModified\":\"2024-08-01T13:23:10+00:00\",\"breadcrumb\":{\"@id\":\"https:\/\/agenciainfra.com\/blog\/ministerio-dos-transportes-tem-corte-de-r-15-bi-em-seu-orcamento\/#breadcrumb\"},\"inLanguage\":\"pt-BR\",\"potentialAction\":[{\"@type\":\"ReadAction\",\"target\":[\"https:\/\/agenciainfra.com\/blog\/ministerio-dos-transportes-tem-corte-de-r-15-bi-em-seu-orcamento\/\"]}]},{\"@type\":\"ImageObject\",\"inLanguage\":\"pt-BR\",\"@id\":\"https:\/\/agenciainfra.com\/blog\/ministerio-dos-transportes-tem-corte-de-r-15-bi-em-seu-orcamento\/#primaryimage\",\"url\":\"https:\/\/agenciainfra.com\/blog\/wp-content\/uploads\/2024\/07\/ministerio-transportes-portos-aeroportos-mpor-foto-agencia-brasil.jpg\",\"contentUrl\":\"https:\/\/agenciainfra.com\/blog\/wp-content\/uploads\/2024\/07\/ministerio-transportes-portos-aeroportos-mpor-foto-agencia-brasil.jpg\",\"width\":1202,\"height\":719,\"caption\":\"Foto: Ag\u00eancia Brasil\"},{\"@type\":\"BreadcrumbList\",\"@id\":\"https:\/\/agenciainfra.com\/blog\/ministerio-dos-transportes-tem-corte-de-r-15-bi-em-seu-orcamento\/#breadcrumb\",\"itemListElement\":[{\"@type\":\"ListItem\",\"position\":1,\"name\":\"In\u00edcio\",\"item\":\"https:\/\/agenciainfra.com\/blog\/\"},{\"@type\":\"ListItem\",\"position\":2,\"name\":\"Minist\u00e9rio dos Transportes tem corte de R$ 1,5 bi em seu or\u00e7amento\"}]},{\"@type\":\"WebSite\",\"@id\":\"https:\/\/agenciainfra.com\/blog\/#website\",\"url\":\"https:\/\/agenciainfra.com\/blog\/\",\"name\":\"Ag\u00eancia iNFRA\",\"description\":\"Multiplataforma de informa\u00e7\u00e3o jornal\u00edstica refer\u00eancia na \u00e1rea de infraestrutura no Brasil!\",\"publisher\":{\"@id\":\"https:\/\/agenciainfra.com\/blog\/#organization\"},\"potentialAction\":[{\"@type\":\"SearchAction\",\"target\":{\"@type\":\"EntryPoint\",\"urlTemplate\":\"https:\/\/agenciainfra.com\/blog\/?s={search_term_string}\"},\"query-input\":{\"@type\":\"PropertyValueSpecification\",\"valueRequired\":true,\"valueName\":\"search_term_string\"}}],\"inLanguage\":\"pt-BR\"},{\"@type\":\"Organization\",\"@id\":\"https:\/\/agenciainfra.com\/blog\/#organization\",\"name\":\"Ag\u00eancia iNFRA\",\"url\":\"https:\/\/agenciainfra.com\/blog\/\",\"logo\":{\"@type\":\"ImageObject\",\"inLanguage\":\"pt-BR\",\"@id\":\"https:\/\/agenciainfra.com\/blog\/#\/schema\/logo\/image\/\",\"url\":\"https:\/\/agenciainfra.com\/blog\/wp-content\/uploads\/2023\/09\/iNFRA_5-e1761735885940.png\",\"contentUrl\":\"https:\/\/agenciainfra.com\/blog\/wp-content\/uploads\/2023\/09\/iNFRA_5-e1761735885940.png\",\"width\":1672,\"height\":454,\"caption\":\"Ag\u00eancia iNFRA\"},\"image\":{\"@id\":\"https:\/\/agenciainfra.com\/blog\/#\/schema\/logo\/image\/\"},\"sameAs\":[\"https:\/\/www.facebook.com\/ageninfra\",\"https:\/\/x.com\/agencia_infra\",\"https:\/\/www.linkedin.com\/company\/ag\u00eanciainfra\/\",\"https:\/\/www.instagram.com\/agenciainfra\/\"]},{\"@type\":\"Person\",\"@id\":\"https:\/\/agenciainfra.com\/blog\/#\/schema\/person\/34af08dff6adea4cb22b06612ba7acfa\",\"name\":\"Ag\u00eancia iNFRA\",\"image\":{\"@type\":\"ImageObject\",\"inLanguage\":\"pt-BR\",\"@id\":\"https:\/\/agenciainfra.com\/blog\/#\/schema\/person\/image\/\",\"url\":\"https:\/\/secure.gravatar.com\/avatar\/d189e01678f06d8eb84d4e01f08eb848b3fffe3f8443818d3c356c66892f5be8?s=96&d=mm&r=g\",\"contentUrl\":\"https:\/\/secure.gravatar.com\/avatar\/d189e01678f06d8eb84d4e01f08eb848b3fffe3f8443818d3c356c66892f5be8?s=96&d=mm&r=g\",\"caption\":\"Ag\u00eancia iNFRA\"},\"url\":\"https:\/\/agenciainfra.com\/blog\/author\/admin\/\"}]}<\/script>\n<!-- \/ Yoast SEO Premium plugin. -->","yoast_head_json":{"title":"Minist\u00e9rio dos Transportes tem corte de R$ 1,5 bi em seu or\u00e7amento - Ag\u00eancia iNFRA","robots":{"index":"index","follow":"follow","max-snippet":"max-snippet:-1","max-image-preview":"max-image-preview:large","max-video-preview":"max-video-preview:-1"},"canonical":"https:\/\/agenciainfra.com\/blog\/ministerio-dos-transportes-tem-corte-de-r-15-bi-em-seu-orcamento\/","og_locale":"pt_BR","og_type":"article","og_title":"Minist\u00e9rio dos Transportes tem corte de R$ 1,5 bi em seu or\u00e7amento","og_description":"da Ag\u00eancia iNFRA O decreto de programa\u00e7\u00e3o or\u00e7ament\u00e1ria e financeira, divulgado pelo governo em edi\u00e7\u00e3o extra do DOU (Di\u00e1rio Oficial da Uni\u00e3o), nesta ter\u00e7a-feira (30), definiu em R$ 1,5 bilh\u00e3o o valor bloqueado e contingenciado no or\u00e7amento do Minist\u00e9rio dos Transportes, o que corresponde a cerca de 10% da dota\u00e7\u00e3o or\u00e7ament\u00e1ria prevista para 2024. A [&hellip;]","og_url":"https:\/\/agenciainfra.com\/blog\/ministerio-dos-transportes-tem-corte-de-r-15-bi-em-seu-orcamento\/","og_site_name":"Ag\u00eancia iNFRA","article_publisher":"https:\/\/www.facebook.com\/ageninfra","article_published_time":"2024-07-31T13:00:00+00:00","article_modified_time":"2024-08-01T13:23:10+00:00","og_image":[{"width":1202,"height":719,"url":"https:\/\/agenciainfra.com\/blog\/wp-content\/uploads\/2024\/07\/ministerio-transportes-portos-aeroportos-mpor-foto-agencia-brasil.jpg","type":"image\/jpeg"}],"author":"Ag\u00eancia iNFRA","twitter_card":"summary_large_image","twitter_creator":"@agencia_infra","twitter_site":"@agencia_infra","twitter_misc":{"Escrito por":"Ag\u00eancia iNFRA","Est. tempo de leitura":"1 minuto"},"schema":{"@context":"https:\/\/schema.org","@graph":[{"@type":"Article","@id":"https:\/\/agenciainfra.com\/blog\/ministerio-dos-transportes-tem-corte-de-r-15-bi-em-seu-orcamento\/#article","isPartOf":{"@id":"https:\/\/agenciainfra.com\/blog\/ministerio-dos-transportes-tem-corte-de-r-15-bi-em-seu-orcamento\/"},"author":{"name":"Ag\u00eancia iNFRA","@id":"https:\/\/agenciainfra.com\/blog\/#\/schema\/person\/34af08dff6adea4cb22b06612ba7acfa"},"headline":"Minist\u00e9rio dos Transportes tem corte de R$ 1,5 bi em seu or\u00e7amento","datePublished":"2024-07-31T13:00:00+00:00","dateModified":"2024-08-01T13:23:10+00:00","mainEntityOfPage":{"@id":"https:\/\/agenciainfra.com\/blog\/ministerio-dos-transportes-tem-corte-de-r-15-bi-em-seu-orcamento\/"},"wordCount":262,"publisher":{"@id":"https:\/\/agenciainfra.com\/blog\/#organization"},"image":{"@id":"https:\/\/agenciainfra.com\/blog\/ministerio-dos-transportes-tem-corte-de-r-15-bi-em-seu-orcamento\/#primaryimage"},"thumbnailUrl":"https:\/\/agenciainfra.com\/blog\/wp-content\/uploads\/2024\/07\/ministerio-transportes-portos-aeroportos-mpor-foto-agencia-brasil.jpg","keywords":["ag\u00eancias","ANA","ANAC","ANTAQ","ANTT","bloqueio","cidades","contingenciamento","Di\u00e1rio Oficial da Uni\u00e3o","dota\u00e7\u00e3o","Governo","Minist\u00e9rio das Cidades","Minist\u00e9rio de Portos e Aeroportos","minist\u00e9rio dos transportes","Novo PAC","Or\u00e7amento","PAC","transportes","Uni\u00e3o"],"articleSection":["Geral","iNFRATransporte"],"inLanguage":"pt-BR","copyrightYear":"2024","copyrightHolder":{"@id":"https:\/\/agenciainfra.com\/blog\/#organization"}},{"@type":"WebPage","@id":"https:\/\/agenciainfra.com\/blog\/ministerio-dos-transportes-tem-corte-de-r-15-bi-em-seu-orcamento\/","url":"https:\/\/agenciainfra.com\/blog\/ministerio-dos-transportes-tem-corte-de-r-15-bi-em-seu-orcamento\/","name":"Minist\u00e9rio dos Transportes tem corte de R$ 1,5 bi em seu or\u00e7amento - Ag\u00eancia iNFRA","isPartOf":{"@id":"https:\/\/agenciainfra.com\/blog\/#website"},"primaryImageOfPage":{"@id":"https:\/\/agenciainfra.com\/blog\/ministerio-dos-transportes-tem-corte-de-r-15-bi-em-seu-orcamento\/#primaryimage"},"image":{"@id":"https:\/\/agenciainfra.com\/blog\/ministerio-dos-transportes-tem-corte-de-r-15-bi-em-seu-orcamento\/#primaryimage"},"thumbnailUrl":"https:\/\/agenciainfra.com\/blog\/wp-content\/uploads\/2024\/07\/ministerio-transportes-portos-aeroportos-mpor-foto-agencia-brasil.jpg","datePublished":"2024-07-31T13:00:00+00:00","dateModified":"2024-08-01T13:23:10+00:00","breadcrumb":{"@id":"https:\/\/agenciainfra.com\/blog\/ministerio-dos-transportes-tem-corte-de-r-15-bi-em-seu-orcamento\/#breadcrumb"},"inLanguage":"pt-BR","potentialAction":[{"@type":"ReadAction","target":["https:\/\/agenciainfra.com\/blog\/ministerio-dos-transportes-tem-corte-de-r-15-bi-em-seu-orcamento\/"]}]},{"@type":"ImageObject","inLanguage":"pt-BR","@id":"https:\/\/agenciainfra.com\/blog\/ministerio-dos-transportes-tem-corte-de-r-15-bi-em-seu-orcamento\/#primaryimage","url":"https:\/\/agenciainfra.com\/blog\/wp-content\/uploads\/2024\/07\/ministerio-transportes-portos-aeroportos-mpor-foto-agencia-brasil.jpg","contentUrl":"https:\/\/agenciainfra.com\/blog\/wp-content\/uploads\/2024\/07\/ministerio-transportes-portos-aeroportos-mpor-foto-agencia-brasil.jpg","width":1202,"height":719,"caption":"Foto: Ag\u00eancia Brasil"},{"@type":"BreadcrumbList","@id":"https:\/\/agenciainfra.com\/blog\/ministerio-dos-transportes-tem-corte-de-r-15-bi-em-seu-orcamento\/#breadcrumb","itemListElement":[{"@type":"ListItem","position":1,"name":"In\u00edcio","item":"https:\/\/agenciainfra.com\/blog\/"},{"@type":"ListItem","position":2,"name":"Minist\u00e9rio dos Transportes tem corte de R$ 1,5 bi em seu or\u00e7amento"}]},{"@type":"WebSite","@id":"https:\/\/agenciainfra.com\/blog\/#website","url":"https:\/\/agenciainfra.com\/blog\/","name":"Ag\u00eancia iNFRA","description":"Multiplataforma de informa\u00e7\u00e3o jornal\u00edstica refer\u00eancia na \u00e1rea de infraestrutura no Brasil!","publisher":{"@id":"https:\/\/agenciainfra.com\/blog\/#organization"},"potentialAction":[{"@type":"SearchAction","target":{"@type":"EntryPoint","urlTemplate":"https:\/\/agenciainfra.com\/blog\/?s={search_term_string}"},"query-input":{"@type":"PropertyValueSpecification","valueRequired":true,"valueName":"search_term_string"}}],"inLanguage":"pt-BR"},{"@type":"Organization","@id":"https:\/\/agenciainfra.com\/blog\/#organization","name":"Ag\u00eancia iNFRA","url":"https:\/\/agenciainfra.com\/blog\/","logo":{"@type":"ImageObject","inLanguage":"pt-BR","@id":"https:\/\/agenciainfra.com\/blog\/#\/schema\/logo\/image\/","url":"https:\/\/agenciainfra.com\/blog\/wp-content\/uploads\/2023\/09\/iNFRA_5-e1761735885940.png","contentUrl":"https:\/\/agenciainfra.com\/blog\/wp-content\/uploads\/2023\/09\/iNFRA_5-e1761735885940.png","width":1672,"height":454,"caption":"Ag\u00eancia iNFRA"},"image":{"@id":"https:\/\/agenciainfra.com\/blog\/#\/schema\/logo\/image\/"},"sameAs":["https:\/\/www.facebook.com\/ageninfra","https:\/\/x.com\/agencia_infra","https:\/\/www.linkedin.com\/company\/ag\u00eanciainfra\/","https:\/\/www.instagram.com\/agenciainfra\/"]},{"@type":"Person","@id":"https:\/\/agenciainfra.com\/blog\/#\/schema\/person\/34af08dff6adea4cb22b06612ba7acfa","name":"Ag\u00eancia iNFRA","image":{"@type":"ImageObject","inLanguage":"pt-BR","@id":"https:\/\/agenciainfra.com\/blog\/#\/schema\/person\/image\/","url":"https:\/\/secure.gravatar.com\/avatar\/d189e01678f06d8eb84d4e01f08eb848b3fffe3f8443818d3c356c66892f5be8?s=96&d=mm&r=g","contentUrl":"https:\/\/secure.gravatar.com\/avatar\/d189e01678f06d8eb84d4e01f08eb848b3fffe3f8443818d3c356c66892f5be8?s=96&d=mm&r=g","caption":"Ag\u00eancia iNFRA"},"url":"https:\/\/agenciainfra.com\/blog\/author\/admin\/"}]}},"_links":{"self":[{"href":"https:\/\/agenciainfra.com\/blog\/wp-json\/wp\/v2\/posts\/17964","targetHints":{"allow":["GET"]}}],"collection":[{"href":"https:\/\/agenciainfra.com\/blog\/wp-json\/wp\/v2\/posts"}],"about":[{"href":"https:\/\/agenciainfra.com\/blog\/wp-json\/wp\/v2\/types\/post"}],"author":[{"embeddable":true,"href":"https:\/\/agenciainfra.com\/blog\/wp-json\/wp\/v2\/users\/1"}],"replies":[{"embeddable":true,"href":"https:\/\/agenciainfra.com\/blog\/wp-json\/wp\/v2\/comments?post=17964"}],"version-history":[{"count":1,"href":"https:\/\/agenciainfra.com\/blog\/wp-json\/wp\/v2\/posts\/17964\/revisions"}],"predecessor-version":[{"id":17965,"href":"https:\/\/agenciainfra.com\/blog\/wp-json\/wp\/v2\/posts\/17964\/revisions\/17965"}],"wp:featuredmedia":[{"embeddable":true,"href":"https:\/\/agenciainfra.com\/blog\/wp-json\/wp\/v2\/media\/17748"}],"wp:attachment":[{"href":"https:\/\/agenciainfra.com\/blog\/wp-json\/wp\/v2\/media?parent=17964"}],"wp:term":[{"taxonomy":"category","embeddable":true,"href":"https:\/\/agenciainfra.com\/blog\/wp-json\/wp\/v2\/categories?post=17964"},{"taxonomy":"post_tag","embeddable":true,"href":"https:\/\/agenciainfra.com\/blog\/wp-json\/wp\/v2\/tags?post=17964"}],"curies":[{"name":"wp","href":"https:\/\/api.w.org\/{rel}","templated":true}]}}