{"id":18018,"date":"2024-08-06T07:00:00","date_gmt":"2024-08-06T10:00:00","guid":{"rendered":"https:\/\/agenciainfra.com\/blog\/?p=18018"},"modified":"2026-03-13T09:21:18","modified_gmt":"2026-03-13T12:21:18","slug":"doencas-relacionadas-a-falta-de-saneamento-causaram-1-milhao-de-internacoes-em-3-anos-aponta-associacao","status":"publish","type":"post","link":"https:\/\/agenciainfra.com\/blog\/doencas-relacionadas-a-falta-de-saneamento-causaram-1-milhao-de-internacoes-em-3-anos-aponta-associacao\/","title":{"rendered":"Doen\u00e7as relacionadas \u00e0 falta de saneamento causaram 1 milh\u00e3o de interna\u00e7\u00f5es em 3 anos, aponta associa\u00e7\u00e3o"},"content":{"rendered":"\n<p class=\"has-text-align-right\"><strong>Dimmi Amora, da Ag\u00eancia iNFRA<\/strong><\/p>\n\n\n\n<p>As&nbsp;doen\u00e7as&nbsp;relacionadas&nbsp;\u00e0&nbsp;falta&nbsp;de&nbsp;saneamento&nbsp;b\u00e1sico foram respons\u00e1veis, por ano, por cerca de&nbsp;330 mil&nbsp;interna\u00e7\u00f5es&nbsp;e&nbsp;R$ 740 milh\u00f5es de despesas com as&nbsp;interna\u00e7\u00f5es, na m\u00e9dia dos \u00faltimos tr\u00eas&nbsp;anos&nbsp;no Brasil.<br><br>Os dados s\u00e3o de um levantamento&nbsp;AbconSindicon (Associa\u00e7\u00e3o&nbsp;e Sindicato Nacional das Concession\u00e1rias Privadas de Servi\u00e7os P\u00fablicos de \u00c1gua e Esgoto) nos dados do SUS (Sistema \u00danico de Sa\u00fade). O trabalho&nbsp;aponta&nbsp;ainda que essas quase um&nbsp;milh\u00e3o&nbsp;de&nbsp;interna\u00e7\u00f5es&nbsp;no per\u00edodo correspondem a 2,7% das&nbsp;interna\u00e7\u00f5es\/ano do pa\u00eds, sendo que elas s\u00e3o respons\u00e1veis&nbsp;3,6% das despesas com&nbsp;interna\u00e7\u00f5es.<br><br>\u201cEntre todos os benef\u00edcios proporcionados pela universaliza\u00e7\u00e3o do&nbsp;saneamento, as melhores condi\u00e7\u00f5es de vida da popula\u00e7\u00e3o a partir da sa\u00fade s\u00e3o certamente o impacto mais significativo. Investir&nbsp;em&nbsp;saneamento&nbsp;\u00e9 investir&nbsp;em&nbsp;sa\u00fade\u201d, disse&nbsp;Christianne Dias, diretora executiva da AbconSindicon&nbsp;\u00e0&nbsp;<strong>Ag\u00eancia iNFRA<\/strong>.<br><br>Os dados apontam ainda que o pa\u00eds teve&nbsp;em&nbsp;m\u00e9dia&nbsp;70 mil \u00f3bitos&nbsp;em&nbsp;interna\u00e7\u00f5es&nbsp;por ano relacionados \u00e0s&nbsp;doen\u00e7as&nbsp;que s\u00e3o t\u00edpicas da&nbsp;falta&nbsp;de&nbsp;saneamento&nbsp;b\u00e1sico. Isso corresponde a quase 11% dos \u00f3bitos de internados no per\u00edodo, de acordo com os dados da&nbsp;associa\u00e7\u00e3o&nbsp;informados&nbsp;\u00e0&nbsp;<strong>Ag\u00eancia iNFRA<\/strong>.<br><br><strong>Rond\u00f4nia tem pior \u00edndice<\/strong><br>O trabalho mostra ainda que esses n\u00fameros s\u00e3o desigualmente distribu\u00eddos entre os estados do pa\u00eds, assim como a cobertura do&nbsp;saneamento.&nbsp;Em&nbsp;Rond\u00f4nia, por exemplo, o \u00edndice de&nbsp;interna\u00e7\u00f5es&nbsp;por&nbsp;doen\u00e7as&nbsp;do&nbsp;saneamento&nbsp;chega a 4,6% e o custo a 5,5%. No Maranh\u00e3o, os n\u00fameros v\u00e3o a 6,7% e&nbsp;3,5%.<br><br>O estado que registrou o menor \u00edndice foi Alagoas, com&nbsp;1,7% de&nbsp;interna\u00e7\u00f5es&nbsp;e custos relacionados \u00e0s&nbsp;doen\u00e7as&nbsp;do&nbsp;saneamento.&nbsp;Em&nbsp;S\u00e3o Paulo, o n\u00famero \u00e9 de 2% e&nbsp;3,8%. Santa Catarina registra 2,1% e 2,6% nesses mesmos indicadores. Uma tabela com dados por estado produzida pela AbconSindicon pode&nbsp;ser vista&nbsp;<a href=\"https:\/\/agenciainfra.us14.list-manage.com\/track\/click?u=d460dd1bcf9ba0ae040e1fc0f&amp;id=9e28167015&amp;e=f0fa444791\" target=\"_blank\" rel=\"noreferrer noopener\">neste link<\/a>.<br><br>A desigualdade acompanha os \u00edndices de cobertura de \u00e1gua e esgoto do pa\u00eds, que s\u00e3o maiores nos estados do centro-sul do pa\u00eds e menores no no Norte e Nordeste, conforme&nbsp;<a href=\"https:\/\/agenciainfra.us14.list-manage.com\/track\/click?u=d460dd1bcf9ba0ae040e1fc0f&amp;id=726a4040a0&amp;e=f0fa444791\" target=\"_blank\" rel=\"noreferrer noopener\">dados<\/a>&nbsp;divulgados pelo Instituto Trata Brasil. Na m\u00e9dia, o pa\u00eds ainda tem 44% da popula\u00e7\u00e3o sem atendimento de esgoto e 16% sem \u00e1gua. A meta prevista&nbsp;em&nbsp;lei \u00e9 chegar a 90% de cobertura de esgoto e 99% de \u00e1gua at\u00e9 2033.<br><br>\u201cQuando pensamos que ainda h\u00e1 no Brasil cerca de 95 milh\u00f5es de pessoas que n\u00e3o est\u00e3o conectadas&nbsp;\u00e0&nbsp;rede geral de coleta de esgoto, n\u00f3s percebemos a dimens\u00e3o do desafio que temos pela frente at\u00e9 alcan\u00e7ar a universaliza\u00e7\u00e3o desses servi\u00e7os. Diante desses n\u00fameros, como n\u00e3o dizer que&nbsp;saneamento&nbsp;\u00e9 prioridade para a sa\u00fade p\u00fablica?\u201d, questiona Christianne&nbsp;em&nbsp;rela\u00e7\u00e3o&nbsp;\u00e0&nbsp;reforma tribut\u00e1ria que foi aprovada pelo parlamento.<br><br><strong>Fora da al\u00edquota da sa\u00fade na reforma tribut\u00e1ria<\/strong><br>Desde a aprova\u00e7\u00e3o da Emenda Constitucional 132, que aprovou a reforma no ano passado, o setor de&nbsp;saneamento&nbsp;tenta incluir os impostos sobre consumo cobrados nas contas de \u00e1gua no mesmo enquadramento do setor de sa\u00fade, que ter\u00e1 uma al\u00edquota diferenciada, de 60% sobre a al\u00edquota dos novos impostos.<br><br>Essa inclus\u00e3o n\u00e3o foi feita nem na aprova\u00e7\u00e3o da emenda e nem no Projeto de Lei Complementar 68\/2024 aprovado no m\u00eas passado pela C\u00e2mara dos Deputados para a regulamenta\u00e7\u00e3o da reforma. Assim, o setor continua inclu\u00eddo entre os que v\u00e3o pagar a al\u00edquota completa ap\u00f3s a reforma, ainda indefinida mas estimada entre 26,5% e 28% no momento.<br><br>Se n\u00e3o houver mudan\u00e7a&nbsp;em&nbsp;rela\u00e7\u00e3o a isso at\u00e9 o fim da vota\u00e7\u00e3o da Lei Complementar (falta&nbsp;an\u00e1lise do Senado e depois nova an\u00e1lise da C\u00e2mara, caso os senadores fa\u00e7am mudan\u00e7as no texto), a expectativa no setor \u00e9 de um aumento de 18% nas tarifas de \u00e1gua e esgoto para compensar o aumento de impostos (atualmente o setor paga&nbsp;em&nbsp;m\u00e9dia 9% nos impostos que ser\u00e3o fundidos na reforma).<br><br><strong>Temor de redu\u00e7\u00e3o dos investimentos<\/strong><br>Como o aumento de al\u00edquota \u00e9 causa para reequil\u00edbrio, os&nbsp;contratos teriam que ser reequilibrados para compensar o que as empresas v\u00e3o recolher a mais de tributo.&nbsp;Mas o temor \u00e9 que os governos locais, que s\u00e3o os que gerem o&nbsp;saneamento, n\u00e3o tenham capacidade para executar rapidamente os reequil\u00edbrios pelo aumento de impostos.<br><br>Isso poderia afetar o caixa das empresas, reduzindo assim a capacidade de investimentos no momento&nbsp;em&nbsp;que elas estar\u00e3o acelerando obras para cumprir as metas de universaliza\u00e7\u00e3o at\u00e9 2033. Outro temor \u00e9 que os poderes concedentes locais acabem evitando repassar o reajuste necess\u00e1rio para cobrir o custo com o aumento das al\u00edquotas e determinem a retirada ou posterga\u00e7\u00e3o de obras que seriam essenciais para cumprir as metas de universaliza\u00e7\u00e3o.<\/p>\n","protected":false},"excerpt":{"rendered":"<p>Dimmi Amora, da Ag\u00eancia iNFRA As&nbsp;doen\u00e7as&nbsp;relacionadas&nbsp;\u00e0&nbsp;falta&nbsp;de&nbsp;saneamento&nbsp;b\u00e1sico foram respons\u00e1veis, por ano, por cerca de&nbsp;330 mil&nbsp;interna\u00e7\u00f5es&nbsp;e&nbsp;R$ 740 milh\u00f5es de despesas com as&nbsp;interna\u00e7\u00f5es, na m\u00e9dia dos \u00faltimos tr\u00eas&nbsp;anos&nbsp;no Brasil. Os dados s\u00e3o de um levantamento&nbsp;AbconSindicon (Associa\u00e7\u00e3o&nbsp;e Sindicato Nacional das Concession\u00e1rias Privadas de Servi\u00e7os P\u00fablicos de \u00c1gua e Esgoto) nos dados do SUS (Sistema \u00danico de Sa\u00fade). O trabalho&nbsp;aponta&nbsp;ainda [&hellip;]<\/p>\n","protected":false},"author":1,"featured_media":10882,"comment_status":"closed","ping_status":"closed","sticky":false,"template":"","format":"standard","meta":{"_monsterinsights_skip_tracking":false,"_monsterinsights_sitenote_active":false,"_monsterinsights_sitenote_note":"","_monsterinsights_sitenote_category":0,"footnotes":""},"categories":[7250,1,7827],"tags":[11096,74,3701,6570,2265,244,5506,1730,179,73,3008,11097,2911,11099,11098,8081,11100],"class_list":["post-18018","post","type-post","status-publish","format-standard","has-post-thumbnail","hentry","category-destaque-lista","category-geral","category-infrasaneamento","tag-abconsindicon","tag-agua-e-esgoto","tag-alagoas","tag-associacao","tag-christianne-dias","tag-concessionarias","tag-instituto-trata-brasil","tag-reforma-tributaria","tag-saneamento","tag-saneamento-basico","tag-servicos-publicos","tag-sistema-unico-de-saude","tag-sus","tag-taxa-de-internacoes","tag-taxa-de-mortalidade","tag-universalizacao-do-saneamento","tag-verba"],"yoast_head":"<!-- This site is optimized with the Yoast SEO Premium plugin v25.4 (Yoast SEO v26.0) - https:\/\/yoast.com\/wordpress\/plugins\/seo\/ -->\n<title>Doen\u00e7as relacionadas \u00e0 falta de saneamento causaram 1 milh\u00e3o de interna\u00e7\u00f5es em 3 anos, aponta associa\u00e7\u00e3o - Ag\u00eancia iNFRA<\/title>\n<meta name=\"robots\" content=\"index, follow, max-snippet:-1, max-image-preview:large, max-video-preview:-1\" \/>\n<link rel=\"canonical\" href=\"https:\/\/agenciainfra.com\/blog\/doencas-relacionadas-a-falta-de-saneamento-causaram-1-milhao-de-internacoes-em-3-anos-aponta-associacao\/\" \/>\n<meta property=\"og:locale\" content=\"pt_BR\" \/>\n<meta property=\"og:type\" content=\"article\" \/>\n<meta property=\"og:title\" content=\"Doen\u00e7as relacionadas \u00e0 falta de saneamento causaram 1 milh\u00e3o de interna\u00e7\u00f5es em 3 anos, aponta associa\u00e7\u00e3o\" \/>\n<meta property=\"og:description\" content=\"Dimmi Amora, da Ag\u00eancia iNFRA As&nbsp;doen\u00e7as&nbsp;relacionadas&nbsp;\u00e0&nbsp;falta&nbsp;de&nbsp;saneamento&nbsp;b\u00e1sico foram respons\u00e1veis, por ano, por cerca de&nbsp;330 mil&nbsp;interna\u00e7\u00f5es&nbsp;e&nbsp;R$ 740 milh\u00f5es de despesas com as&nbsp;interna\u00e7\u00f5es, na m\u00e9dia dos \u00faltimos tr\u00eas&nbsp;anos&nbsp;no Brasil. Os dados s\u00e3o de um levantamento&nbsp;AbconSindicon (Associa\u00e7\u00e3o&nbsp;e Sindicato Nacional das Concession\u00e1rias Privadas de Servi\u00e7os P\u00fablicos de \u00c1gua e Esgoto) nos dados do SUS (Sistema \u00danico de Sa\u00fade). O trabalho&nbsp;aponta&nbsp;ainda [&hellip;]\" \/>\n<meta property=\"og:url\" content=\"https:\/\/agenciainfra.com\/blog\/doencas-relacionadas-a-falta-de-saneamento-causaram-1-milhao-de-internacoes-em-3-anos-aponta-associacao\/\" \/>\n<meta property=\"og:site_name\" content=\"Ag\u00eancia iNFRA\" \/>\n<meta property=\"article:publisher\" content=\"https:\/\/www.facebook.com\/ageninfra\" \/>\n<meta property=\"article:published_time\" content=\"2024-08-06T10:00:00+00:00\" \/>\n<meta property=\"article:modified_time\" content=\"2026-03-13T12:21:18+00:00\" \/>\n<meta property=\"og:image\" content=\"https:\/\/agenciainfra.com\/blog\/wp-content\/uploads\/2022\/07\/saneamento-basico-foto-prefeitura-de-sao-paulo.jpeg\" \/>\n\t<meta property=\"og:image:width\" content=\"1280\" \/>\n\t<meta property=\"og:image:height\" content=\"725\" \/>\n\t<meta property=\"og:image:type\" content=\"image\/jpeg\" \/>\n<meta name=\"author\" content=\"Ag\u00eancia iNFRA\" \/>\n<meta name=\"twitter:card\" content=\"summary_large_image\" \/>\n<meta name=\"twitter:creator\" content=\"@agencia_infra\" \/>\n<meta name=\"twitter:site\" content=\"@agencia_infra\" \/>\n<meta name=\"twitter:label1\" content=\"Escrito por\" \/>\n\t<meta name=\"twitter:data1\" content=\"Ag\u00eancia iNFRA\" \/>\n\t<meta name=\"twitter:label2\" content=\"Est. tempo de leitura\" \/>\n\t<meta name=\"twitter:data2\" content=\"5 minutos\" \/>\n<script type=\"application\/ld+json\" class=\"yoast-schema-graph\">{\"@context\":\"https:\/\/schema.org\",\"@graph\":[{\"@type\":\"Article\",\"@id\":\"https:\/\/agenciainfra.com\/blog\/doencas-relacionadas-a-falta-de-saneamento-causaram-1-milhao-de-internacoes-em-3-anos-aponta-associacao\/#article\",\"isPartOf\":{\"@id\":\"https:\/\/agenciainfra.com\/blog\/doencas-relacionadas-a-falta-de-saneamento-causaram-1-milhao-de-internacoes-em-3-anos-aponta-associacao\/\"},\"author\":{\"name\":\"Ag\u00eancia iNFRA\",\"@id\":\"https:\/\/agenciainfra.com\/blog\/#\/schema\/person\/34af08dff6adea4cb22b06612ba7acfa\"},\"headline\":\"Doen\u00e7as relacionadas \u00e0 falta de saneamento causaram 1 milh\u00e3o de interna\u00e7\u00f5es em 3 anos, aponta associa\u00e7\u00e3o\",\"datePublished\":\"2024-08-06T10:00:00+00:00\",\"dateModified\":\"2026-03-13T12:21:18+00:00\",\"mainEntityOfPage\":{\"@id\":\"https:\/\/agenciainfra.com\/blog\/doencas-relacionadas-a-falta-de-saneamento-causaram-1-milhao-de-internacoes-em-3-anos-aponta-associacao\/\"},\"wordCount\":936,\"publisher\":{\"@id\":\"https:\/\/agenciainfra.com\/blog\/#organization\"},\"image\":{\"@id\":\"https:\/\/agenciainfra.com\/blog\/doencas-relacionadas-a-falta-de-saneamento-causaram-1-milhao-de-internacoes-em-3-anos-aponta-associacao\/#primaryimage\"},\"thumbnailUrl\":\"https:\/\/agenciainfra.com\/blog\/wp-content\/uploads\/2022\/07\/saneamento-basico-foto-prefeitura-de-sao-paulo.jpeg\",\"keywords\":[\"AbconSindicon\",\"\u00c1gua e Esgoto\",\"Alagoas\",\"associa\u00e7\u00e3o\",\"Christianne Dias\",\"concession\u00e1rias\",\"Instituto Trata Brasil\",\"reforma tribut\u00e1ria\",\"saneamento\",\"Saneamento B\u00e1sico\",\"servi\u00e7os p\u00fablicos\",\"Sistema \u00danico de Sa\u00fade\",\"SUS\",\"taxa de interna\u00e7\u00f5es\",\"taxa de mortalidade\",\"Universaliza\u00e7\u00e3o do Saneamento\",\"verba\"],\"articleSection\":[\"Destaque lista\",\"Geral\",\"iNFRASaneamento\"],\"inLanguage\":\"pt-BR\",\"copyrightYear\":\"2024\",\"copyrightHolder\":{\"@id\":\"https:\/\/agenciainfra.com\/blog\/#organization\"}},{\"@type\":\"WebPage\",\"@id\":\"https:\/\/agenciainfra.com\/blog\/doencas-relacionadas-a-falta-de-saneamento-causaram-1-milhao-de-internacoes-em-3-anos-aponta-associacao\/\",\"url\":\"https:\/\/agenciainfra.com\/blog\/doencas-relacionadas-a-falta-de-saneamento-causaram-1-milhao-de-internacoes-em-3-anos-aponta-associacao\/\",\"name\":\"Doen\u00e7as relacionadas \u00e0 falta de saneamento causaram 1 milh\u00e3o de interna\u00e7\u00f5es em 3 anos, aponta associa\u00e7\u00e3o - Ag\u00eancia iNFRA\",\"isPartOf\":{\"@id\":\"https:\/\/agenciainfra.com\/blog\/#website\"},\"primaryImageOfPage\":{\"@id\":\"https:\/\/agenciainfra.com\/blog\/doencas-relacionadas-a-falta-de-saneamento-causaram-1-milhao-de-internacoes-em-3-anos-aponta-associacao\/#primaryimage\"},\"image\":{\"@id\":\"https:\/\/agenciainfra.com\/blog\/doencas-relacionadas-a-falta-de-saneamento-causaram-1-milhao-de-internacoes-em-3-anos-aponta-associacao\/#primaryimage\"},\"thumbnailUrl\":\"https:\/\/agenciainfra.com\/blog\/wp-content\/uploads\/2022\/07\/saneamento-basico-foto-prefeitura-de-sao-paulo.jpeg\",\"datePublished\":\"2024-08-06T10:00:00+00:00\",\"dateModified\":\"2026-03-13T12:21:18+00:00\",\"breadcrumb\":{\"@id\":\"https:\/\/agenciainfra.com\/blog\/doencas-relacionadas-a-falta-de-saneamento-causaram-1-milhao-de-internacoes-em-3-anos-aponta-associacao\/#breadcrumb\"},\"inLanguage\":\"pt-BR\",\"potentialAction\":[{\"@type\":\"ReadAction\",\"target\":[\"https:\/\/agenciainfra.com\/blog\/doencas-relacionadas-a-falta-de-saneamento-causaram-1-milhao-de-internacoes-em-3-anos-aponta-associacao\/\"]}]},{\"@type\":\"ImageObject\",\"inLanguage\":\"pt-BR\",\"@id\":\"https:\/\/agenciainfra.com\/blog\/doencas-relacionadas-a-falta-de-saneamento-causaram-1-milhao-de-internacoes-em-3-anos-aponta-associacao\/#primaryimage\",\"url\":\"https:\/\/agenciainfra.com\/blog\/wp-content\/uploads\/2022\/07\/saneamento-basico-foto-prefeitura-de-sao-paulo.jpeg\",\"contentUrl\":\"https:\/\/agenciainfra.com\/blog\/wp-content\/uploads\/2022\/07\/saneamento-basico-foto-prefeitura-de-sao-paulo.jpeg\",\"width\":1280,\"height\":725,\"caption\":\"Foto: Divulga\u00e7\u00e3o\/Prefeitura de S\u00e3o Paulo\"},{\"@type\":\"BreadcrumbList\",\"@id\":\"https:\/\/agenciainfra.com\/blog\/doencas-relacionadas-a-falta-de-saneamento-causaram-1-milhao-de-internacoes-em-3-anos-aponta-associacao\/#breadcrumb\",\"itemListElement\":[{\"@type\":\"ListItem\",\"position\":1,\"name\":\"In\u00edcio\",\"item\":\"https:\/\/agenciainfra.com\/blog\/\"},{\"@type\":\"ListItem\",\"position\":2,\"name\":\"Doen\u00e7as relacionadas \u00e0 falta de saneamento causaram 1 milh\u00e3o de interna\u00e7\u00f5es em 3 anos, aponta associa\u00e7\u00e3o\"}]},{\"@type\":\"WebSite\",\"@id\":\"https:\/\/agenciainfra.com\/blog\/#website\",\"url\":\"https:\/\/agenciainfra.com\/blog\/\",\"name\":\"Ag\u00eancia iNFRA\",\"description\":\"Multiplataforma de informa\u00e7\u00e3o jornal\u00edstica refer\u00eancia na \u00e1rea de infraestrutura no Brasil!\",\"publisher\":{\"@id\":\"https:\/\/agenciainfra.com\/blog\/#organization\"},\"potentialAction\":[{\"@type\":\"SearchAction\",\"target\":{\"@type\":\"EntryPoint\",\"urlTemplate\":\"https:\/\/agenciainfra.com\/blog\/?s={search_term_string}\"},\"query-input\":{\"@type\":\"PropertyValueSpecification\",\"valueRequired\":true,\"valueName\":\"search_term_string\"}}],\"inLanguage\":\"pt-BR\"},{\"@type\":\"Organization\",\"@id\":\"https:\/\/agenciainfra.com\/blog\/#organization\",\"name\":\"Ag\u00eancia iNFRA\",\"url\":\"https:\/\/agenciainfra.com\/blog\/\",\"logo\":{\"@type\":\"ImageObject\",\"inLanguage\":\"pt-BR\",\"@id\":\"https:\/\/agenciainfra.com\/blog\/#\/schema\/logo\/image\/\",\"url\":\"https:\/\/agenciainfra.com\/blog\/wp-content\/uploads\/2023\/09\/iNFRA_5-e1761735885940.png\",\"contentUrl\":\"https:\/\/agenciainfra.com\/blog\/wp-content\/uploads\/2023\/09\/iNFRA_5-e1761735885940.png\",\"width\":1672,\"height\":454,\"caption\":\"Ag\u00eancia iNFRA\"},\"image\":{\"@id\":\"https:\/\/agenciainfra.com\/blog\/#\/schema\/logo\/image\/\"},\"sameAs\":[\"https:\/\/www.facebook.com\/ageninfra\",\"https:\/\/x.com\/agencia_infra\",\"https:\/\/www.linkedin.com\/company\/ag\u00eanciainfra\/\",\"https:\/\/www.instagram.com\/agenciainfra\/\"]},{\"@type\":\"Person\",\"@id\":\"https:\/\/agenciainfra.com\/blog\/#\/schema\/person\/34af08dff6adea4cb22b06612ba7acfa\",\"name\":\"Ag\u00eancia iNFRA\",\"image\":{\"@type\":\"ImageObject\",\"inLanguage\":\"pt-BR\",\"@id\":\"https:\/\/agenciainfra.com\/blog\/#\/schema\/person\/image\/\",\"url\":\"https:\/\/secure.gravatar.com\/avatar\/d189e01678f06d8eb84d4e01f08eb848b3fffe3f8443818d3c356c66892f5be8?s=96&d=mm&r=g\",\"contentUrl\":\"https:\/\/secure.gravatar.com\/avatar\/d189e01678f06d8eb84d4e01f08eb848b3fffe3f8443818d3c356c66892f5be8?s=96&d=mm&r=g\",\"caption\":\"Ag\u00eancia iNFRA\"},\"url\":\"https:\/\/agenciainfra.com\/blog\/author\/admin\/\"}]}<\/script>\n<!-- \/ Yoast SEO Premium plugin. -->","yoast_head_json":{"title":"Doen\u00e7as relacionadas \u00e0 falta de saneamento causaram 1 milh\u00e3o de interna\u00e7\u00f5es em 3 anos, aponta associa\u00e7\u00e3o - Ag\u00eancia iNFRA","robots":{"index":"index","follow":"follow","max-snippet":"max-snippet:-1","max-image-preview":"max-image-preview:large","max-video-preview":"max-video-preview:-1"},"canonical":"https:\/\/agenciainfra.com\/blog\/doencas-relacionadas-a-falta-de-saneamento-causaram-1-milhao-de-internacoes-em-3-anos-aponta-associacao\/","og_locale":"pt_BR","og_type":"article","og_title":"Doen\u00e7as relacionadas \u00e0 falta de saneamento causaram 1 milh\u00e3o de interna\u00e7\u00f5es em 3 anos, aponta associa\u00e7\u00e3o","og_description":"Dimmi Amora, da Ag\u00eancia iNFRA As&nbsp;doen\u00e7as&nbsp;relacionadas&nbsp;\u00e0&nbsp;falta&nbsp;de&nbsp;saneamento&nbsp;b\u00e1sico foram respons\u00e1veis, por ano, por cerca de&nbsp;330 mil&nbsp;interna\u00e7\u00f5es&nbsp;e&nbsp;R$ 740 milh\u00f5es de despesas com as&nbsp;interna\u00e7\u00f5es, na m\u00e9dia dos \u00faltimos tr\u00eas&nbsp;anos&nbsp;no Brasil. Os dados s\u00e3o de um levantamento&nbsp;AbconSindicon (Associa\u00e7\u00e3o&nbsp;e Sindicato Nacional das Concession\u00e1rias Privadas de Servi\u00e7os P\u00fablicos de \u00c1gua e Esgoto) nos dados do SUS (Sistema \u00danico de Sa\u00fade). O trabalho&nbsp;aponta&nbsp;ainda [&hellip;]","og_url":"https:\/\/agenciainfra.com\/blog\/doencas-relacionadas-a-falta-de-saneamento-causaram-1-milhao-de-internacoes-em-3-anos-aponta-associacao\/","og_site_name":"Ag\u00eancia iNFRA","article_publisher":"https:\/\/www.facebook.com\/ageninfra","article_published_time":"2024-08-06T10:00:00+00:00","article_modified_time":"2026-03-13T12:21:18+00:00","og_image":[{"width":1280,"height":725,"url":"https:\/\/agenciainfra.com\/blog\/wp-content\/uploads\/2022\/07\/saneamento-basico-foto-prefeitura-de-sao-paulo.jpeg","type":"image\/jpeg"}],"author":"Ag\u00eancia iNFRA","twitter_card":"summary_large_image","twitter_creator":"@agencia_infra","twitter_site":"@agencia_infra","twitter_misc":{"Escrito por":"Ag\u00eancia iNFRA","Est. tempo de leitura":"5 minutos"},"schema":{"@context":"https:\/\/schema.org","@graph":[{"@type":"Article","@id":"https:\/\/agenciainfra.com\/blog\/doencas-relacionadas-a-falta-de-saneamento-causaram-1-milhao-de-internacoes-em-3-anos-aponta-associacao\/#article","isPartOf":{"@id":"https:\/\/agenciainfra.com\/blog\/doencas-relacionadas-a-falta-de-saneamento-causaram-1-milhao-de-internacoes-em-3-anos-aponta-associacao\/"},"author":{"name":"Ag\u00eancia iNFRA","@id":"https:\/\/agenciainfra.com\/blog\/#\/schema\/person\/34af08dff6adea4cb22b06612ba7acfa"},"headline":"Doen\u00e7as relacionadas \u00e0 falta de saneamento causaram 1 milh\u00e3o de interna\u00e7\u00f5es em 3 anos, aponta associa\u00e7\u00e3o","datePublished":"2024-08-06T10:00:00+00:00","dateModified":"2026-03-13T12:21:18+00:00","mainEntityOfPage":{"@id":"https:\/\/agenciainfra.com\/blog\/doencas-relacionadas-a-falta-de-saneamento-causaram-1-milhao-de-internacoes-em-3-anos-aponta-associacao\/"},"wordCount":936,"publisher":{"@id":"https:\/\/agenciainfra.com\/blog\/#organization"},"image":{"@id":"https:\/\/agenciainfra.com\/blog\/doencas-relacionadas-a-falta-de-saneamento-causaram-1-milhao-de-internacoes-em-3-anos-aponta-associacao\/#primaryimage"},"thumbnailUrl":"https:\/\/agenciainfra.com\/blog\/wp-content\/uploads\/2022\/07\/saneamento-basico-foto-prefeitura-de-sao-paulo.jpeg","keywords":["AbconSindicon","\u00c1gua e Esgoto","Alagoas","associa\u00e7\u00e3o","Christianne Dias","concession\u00e1rias","Instituto Trata Brasil","reforma tribut\u00e1ria","saneamento","Saneamento B\u00e1sico","servi\u00e7os p\u00fablicos","Sistema \u00danico de Sa\u00fade","SUS","taxa de interna\u00e7\u00f5es","taxa de mortalidade","Universaliza\u00e7\u00e3o do Saneamento","verba"],"articleSection":["Destaque lista","Geral","iNFRASaneamento"],"inLanguage":"pt-BR","copyrightYear":"2024","copyrightHolder":{"@id":"https:\/\/agenciainfra.com\/blog\/#organization"}},{"@type":"WebPage","@id":"https:\/\/agenciainfra.com\/blog\/doencas-relacionadas-a-falta-de-saneamento-causaram-1-milhao-de-internacoes-em-3-anos-aponta-associacao\/","url":"https:\/\/agenciainfra.com\/blog\/doencas-relacionadas-a-falta-de-saneamento-causaram-1-milhao-de-internacoes-em-3-anos-aponta-associacao\/","name":"Doen\u00e7as relacionadas \u00e0 falta de saneamento causaram 1 milh\u00e3o de interna\u00e7\u00f5es em 3 anos, aponta associa\u00e7\u00e3o - Ag\u00eancia iNFRA","isPartOf":{"@id":"https:\/\/agenciainfra.com\/blog\/#website"},"primaryImageOfPage":{"@id":"https:\/\/agenciainfra.com\/blog\/doencas-relacionadas-a-falta-de-saneamento-causaram-1-milhao-de-internacoes-em-3-anos-aponta-associacao\/#primaryimage"},"image":{"@id":"https:\/\/agenciainfra.com\/blog\/doencas-relacionadas-a-falta-de-saneamento-causaram-1-milhao-de-internacoes-em-3-anos-aponta-associacao\/#primaryimage"},"thumbnailUrl":"https:\/\/agenciainfra.com\/blog\/wp-content\/uploads\/2022\/07\/saneamento-basico-foto-prefeitura-de-sao-paulo.jpeg","datePublished":"2024-08-06T10:00:00+00:00","dateModified":"2026-03-13T12:21:18+00:00","breadcrumb":{"@id":"https:\/\/agenciainfra.com\/blog\/doencas-relacionadas-a-falta-de-saneamento-causaram-1-milhao-de-internacoes-em-3-anos-aponta-associacao\/#breadcrumb"},"inLanguage":"pt-BR","potentialAction":[{"@type":"ReadAction","target":["https:\/\/agenciainfra.com\/blog\/doencas-relacionadas-a-falta-de-saneamento-causaram-1-milhao-de-internacoes-em-3-anos-aponta-associacao\/"]}]},{"@type":"ImageObject","inLanguage":"pt-BR","@id":"https:\/\/agenciainfra.com\/blog\/doencas-relacionadas-a-falta-de-saneamento-causaram-1-milhao-de-internacoes-em-3-anos-aponta-associacao\/#primaryimage","url":"https:\/\/agenciainfra.com\/blog\/wp-content\/uploads\/2022\/07\/saneamento-basico-foto-prefeitura-de-sao-paulo.jpeg","contentUrl":"https:\/\/agenciainfra.com\/blog\/wp-content\/uploads\/2022\/07\/saneamento-basico-foto-prefeitura-de-sao-paulo.jpeg","width":1280,"height":725,"caption":"Foto: Divulga\u00e7\u00e3o\/Prefeitura de S\u00e3o Paulo"},{"@type":"BreadcrumbList","@id":"https:\/\/agenciainfra.com\/blog\/doencas-relacionadas-a-falta-de-saneamento-causaram-1-milhao-de-internacoes-em-3-anos-aponta-associacao\/#breadcrumb","itemListElement":[{"@type":"ListItem","position":1,"name":"In\u00edcio","item":"https:\/\/agenciainfra.com\/blog\/"},{"@type":"ListItem","position":2,"name":"Doen\u00e7as relacionadas \u00e0 falta de saneamento causaram 1 milh\u00e3o de interna\u00e7\u00f5es em 3 anos, aponta associa\u00e7\u00e3o"}]},{"@type":"WebSite","@id":"https:\/\/agenciainfra.com\/blog\/#website","url":"https:\/\/agenciainfra.com\/blog\/","name":"Ag\u00eancia iNFRA","description":"Multiplataforma de informa\u00e7\u00e3o jornal\u00edstica refer\u00eancia na \u00e1rea de infraestrutura no Brasil!","publisher":{"@id":"https:\/\/agenciainfra.com\/blog\/#organization"},"potentialAction":[{"@type":"SearchAction","target":{"@type":"EntryPoint","urlTemplate":"https:\/\/agenciainfra.com\/blog\/?s={search_term_string}"},"query-input":{"@type":"PropertyValueSpecification","valueRequired":true,"valueName":"search_term_string"}}],"inLanguage":"pt-BR"},{"@type":"Organization","@id":"https:\/\/agenciainfra.com\/blog\/#organization","name":"Ag\u00eancia iNFRA","url":"https:\/\/agenciainfra.com\/blog\/","logo":{"@type":"ImageObject","inLanguage":"pt-BR","@id":"https:\/\/agenciainfra.com\/blog\/#\/schema\/logo\/image\/","url":"https:\/\/agenciainfra.com\/blog\/wp-content\/uploads\/2023\/09\/iNFRA_5-e1761735885940.png","contentUrl":"https:\/\/agenciainfra.com\/blog\/wp-content\/uploads\/2023\/09\/iNFRA_5-e1761735885940.png","width":1672,"height":454,"caption":"Ag\u00eancia iNFRA"},"image":{"@id":"https:\/\/agenciainfra.com\/blog\/#\/schema\/logo\/image\/"},"sameAs":["https:\/\/www.facebook.com\/ageninfra","https:\/\/x.com\/agencia_infra","https:\/\/www.linkedin.com\/company\/ag\u00eanciainfra\/","https:\/\/www.instagram.com\/agenciainfra\/"]},{"@type":"Person","@id":"https:\/\/agenciainfra.com\/blog\/#\/schema\/person\/34af08dff6adea4cb22b06612ba7acfa","name":"Ag\u00eancia iNFRA","image":{"@type":"ImageObject","inLanguage":"pt-BR","@id":"https:\/\/agenciainfra.com\/blog\/#\/schema\/person\/image\/","url":"https:\/\/secure.gravatar.com\/avatar\/d189e01678f06d8eb84d4e01f08eb848b3fffe3f8443818d3c356c66892f5be8?s=96&d=mm&r=g","contentUrl":"https:\/\/secure.gravatar.com\/avatar\/d189e01678f06d8eb84d4e01f08eb848b3fffe3f8443818d3c356c66892f5be8?s=96&d=mm&r=g","caption":"Ag\u00eancia iNFRA"},"url":"https:\/\/agenciainfra.com\/blog\/author\/admin\/"}]}},"_links":{"self":[{"href":"https:\/\/agenciainfra.com\/blog\/wp-json\/wp\/v2\/posts\/18018","targetHints":{"allow":["GET"]}}],"collection":[{"href":"https:\/\/agenciainfra.com\/blog\/wp-json\/wp\/v2\/posts"}],"about":[{"href":"https:\/\/agenciainfra.com\/blog\/wp-json\/wp\/v2\/types\/post"}],"author":[{"embeddable":true,"href":"https:\/\/agenciainfra.com\/blog\/wp-json\/wp\/v2\/users\/1"}],"replies":[{"embeddable":true,"href":"https:\/\/agenciainfra.com\/blog\/wp-json\/wp\/v2\/comments?post=18018"}],"version-history":[{"count":1,"href":"https:\/\/agenciainfra.com\/blog\/wp-json\/wp\/v2\/posts\/18018\/revisions"}],"predecessor-version":[{"id":18019,"href":"https:\/\/agenciainfra.com\/blog\/wp-json\/wp\/v2\/posts\/18018\/revisions\/18019"}],"wp:featuredmedia":[{"embeddable":true,"href":"https:\/\/agenciainfra.com\/blog\/wp-json\/wp\/v2\/media\/10882"}],"wp:attachment":[{"href":"https:\/\/agenciainfra.com\/blog\/wp-json\/wp\/v2\/media?parent=18018"}],"wp:term":[{"taxonomy":"category","embeddable":true,"href":"https:\/\/agenciainfra.com\/blog\/wp-json\/wp\/v2\/categories?post=18018"},{"taxonomy":"post_tag","embeddable":true,"href":"https:\/\/agenciainfra.com\/blog\/wp-json\/wp\/v2\/tags?post=18018"}],"curies":[{"name":"wp","href":"https:\/\/api.w.org\/{rel}","templated":true}]}}