{"id":18020,"date":"2024-08-06T09:00:00","date_gmt":"2024-08-06T12:00:00","guid":{"rendered":"https:\/\/agenciainfra.com\/blog\/?p=18020"},"modified":"2024-08-09T11:16:05","modified_gmt":"2024-08-09T14:16:05","slug":"recurso-prometido-para-plano-de-ppp-de-ferrovia-comeca-a-ir-para-o-caixa-da-uniao","status":"publish","type":"post","link":"https:\/\/agenciainfra.com\/blog\/recurso-prometido-para-plano-de-ppp-de-ferrovia-comeca-a-ir-para-o-caixa-da-uniao\/","title":{"rendered":"Recurso prometido para plano de PPP de ferrovia come\u00e7a a ir para o caixa da Uni\u00e3o"},"content":{"rendered":"\n<p class=\"has-text-align-right\"><strong>Dimmi Amora e Sheyla Santos,&nbsp;da&nbsp;Ag\u00eancia iNFRA<\/strong><\/p>\n\n\n\n<p>Recursos prometidos pelo Minist\u00e9rio dos Transportes, a serem obtidos com as repactua\u00e7\u00f5es de contratos de concess\u00f5es ferrovi\u00e1rias renovadas,&nbsp;para&nbsp;serem&nbsp;usados no&nbsp;Plano&nbsp;Nacional de Ferrovias, ainda n\u00e3o&nbsp;lan\u00e7ado, come\u00e7aram a ser direcionados&nbsp;para&nbsp;o&nbsp;caixa&nbsp;da&nbsp;Uni\u00e3o.<\/p>\n\n\n\n<p>Nos \u00faltimos meses,&nbsp;o&nbsp;ministro&nbsp;da&nbsp;pasta, Renan Filho, vinha indicando que usaria&nbsp;o&nbsp;dinheiro que as concession\u00e1rias est\u00e3o&nbsp;sendo cobradas a pagar a mais de outorga pelas renova\u00e7\u00f5es efetuadas entre 2020 e 2022&nbsp;para&nbsp;constituir&nbsp;uma esp\u00e9cie de fundo de aporte&nbsp;para&nbsp;financiar&nbsp;<a href=\"https:\/\/agenciainfra.us14.list-manage.com\/track\/click?u=d460dd1bcf9ba0ae040e1fc0f&amp;id=c6c2ba2dd1&amp;e=f0fa444791\" target=\"_blank\" rel=\"noreferrer noopener\">PPPs de ferrovias<\/a>.&nbsp;<\/p>\n\n\n\n<p>Com isso,&nbsp;o&nbsp;governo poderia ampliar a quantidade de ferrovias licitadas e garantir a financiabilidade dos projetos. Em v\u00e1rias ocasi\u00f5es, Renan Filho afirmou que n\u00e3o&nbsp;poderia lan\u00e7ar&nbsp;o&nbsp;plano&nbsp;sem ter garantia dos recursos&nbsp;para&nbsp;ele. Os recursos viriam principalmente dessas renegocia\u00e7\u00f5es, segundo&nbsp;o&nbsp;ministro.<\/p>\n\n\n\n<p>A pasta chegou a falar em&nbsp;<a href=\"https:\/\/agenciainfra.us14.list-manage.com\/track\/click?u=d460dd1bcf9ba0ae040e1fc0f&amp;id=6606ca046d&amp;e=f0fa444791\" target=\"_blank\" rel=\"noreferrer noopener\">repactua\u00e7\u00f5es&nbsp;na casa dos R$ 30 bilh\u00f5es<\/a>, mas as estimativas atuais giram mais pr\u00f3ximas aos valores de R$ 20 bilh\u00f5es, com tr\u00eas empresas.&nbsp;O&nbsp;<a href=\"https:\/\/agenciainfra.us14.list-manage.com\/track\/click?u=d460dd1bcf9ba0ae040e1fc0f&amp;id=03b7f93ab6&amp;e=f0fa444791\" target=\"_blank\" rel=\"noreferrer noopener\">primeiro acordo<\/a>, com a Rumo Malha Paulista, foi concretizado no fim do ano passado e resultou numa promessa de pagamento de R$ 670 milh\u00f5es, a t\u00edtulo de vantajosidade, pela repactua\u00e7\u00e3o&nbsp;(outros cerca de R$ 700 milh\u00f5es ficaram&nbsp;para&nbsp;ser usados em obras no pr\u00f3prio contrato).<\/p>\n\n\n\n<p>Em junho deste ano, ao assinar&nbsp;o&nbsp;acordo, os&nbsp;<a href=\"https:\/\/agenciainfra.us14.list-manage.com\/track\/click?u=d460dd1bcf9ba0ae040e1fc0f&amp;id=ebe090d0df&amp;e=f0fa444791\" target=\"_blank\" rel=\"noreferrer noopener\">representantes&nbsp;da&nbsp;empresa e de outras companhias do setor pediram<\/a>&nbsp;ao Minist\u00e9rio dos Transportes&nbsp;para&nbsp;evitar que a&nbsp;primeira parcela que a Rumo teria que pagar&nbsp;fosse&nbsp;para&nbsp;o&nbsp;caixa&nbsp;da&nbsp;Uni\u00e3o. Isso n\u00e3o&nbsp;ocorreu. A primeira parcela do acordo, de R$ 170 milh\u00f5es, foi quitada pela empresa e entrou no&nbsp;caixa.<\/p>\n\n\n\n<p>O&nbsp;argumento das empresas \u00e9 que, no&nbsp;caixa&nbsp;da&nbsp;Uni\u00e3o,&nbsp;o&nbsp;dinheiro n\u00e3o&nbsp;voltar\u00e1&nbsp;para&nbsp;as ferrovias e ser\u00e1 usado&nbsp;para&nbsp;que&nbsp;o&nbsp;governo possa fechar as contas. E que n\u00e3o&nbsp;haveria outras fontes no or\u00e7amento&nbsp;para&nbsp;a cria\u00e7\u00e3o&nbsp;desse fundo de aporte&nbsp;para&nbsp;o&nbsp;Plano&nbsp;Nacional de Ferrovias.<\/p>\n\n\n\n<p><strong>Acordo com a MRS no TCU<\/strong><br>O&nbsp;pagamento acontece no momento em que&nbsp;o&nbsp;minist\u00e9rio j\u00e1 anunciou que fechou um acordo com a MRS de R$ 2,6 bilh\u00f5es&nbsp;para&nbsp;a repactua\u00e7\u00e3o&nbsp;da&nbsp;renova\u00e7\u00e3o&nbsp;antecipada com a empresa.<\/p>\n\n\n\n<p>No entanto, n\u00e3o&nbsp;se sabe&nbsp;o&nbsp;quanto h\u00e1 de valores que v\u00e3o&nbsp;ter que ficar no contrato (n\u00e3o&nbsp;podem&nbsp;ir&nbsp;para&nbsp;o&nbsp;caixa&nbsp;da&nbsp;Uni\u00e3o&nbsp;porque s\u00e3o&nbsp;altera\u00e7\u00f5es na programa\u00e7\u00e3o&nbsp;dos investimentos) e&nbsp;o&nbsp;quanto ser\u00e1 pago de outorga a mais, tanto a t\u00edtulo de vantajosidade, como de um rec\u00e1lculo do valor dos ativos, algo previsto&nbsp;para&nbsp;todas as renova\u00e7\u00f5es desde 2020.&nbsp;<\/p>\n\n\n\n<p>O&nbsp;processo&nbsp;para&nbsp;esse acordo j\u00e1 foi encaminhado ao TCU (Tribunal de Contas&nbsp;da&nbsp;Uni\u00e3o) e ser\u00e1 avaliado pela Secex Consenso (Secretaria de Solu\u00e7\u00e3o&nbsp;Consensual e Preven\u00e7\u00e3o&nbsp;de Conflitos). No caso&nbsp;da&nbsp;Rumo,&nbsp;o&nbsp;processo de avalia\u00e7\u00e3o&nbsp;no tribunal durou cerca de 10 meses e foram necess\u00e1rios mais sete meses at\u00e9 a assinatura do termo aditivo&nbsp;da&nbsp;repactua\u00e7\u00e3o.&nbsp;<\/p>\n\n\n\n<p>No caso&nbsp;da&nbsp;Vale, uma proposta&nbsp;para&nbsp;um acordo ainda n\u00e3o&nbsp;est\u00e1 fechada. A empresa fez uma proposta no final do primeiro semestre&nbsp;para&nbsp;uma repactua\u00e7\u00e3o&nbsp;que estaria na casa dos R$ 15 bilh\u00f5es, considerando esses tr\u00eas aspectos (reprograma\u00e7\u00e3o&nbsp;de obras no contrato, outorga a mais a t\u00edtulo de vantajosidade e outorga a mais pelo rec\u00e1lculo dos ativos).&nbsp;O&nbsp;ministro chegou a informar que precisava avaliar com&nbsp;o&nbsp;Planalto a proposta&nbsp;da&nbsp;empresa e, at\u00e9&nbsp;o&nbsp;momento, as negocia\u00e7\u00f5es prosseguem.<\/p>\n\n\n\n<p><strong>Fazenda quer R$ 10 bilh\u00f5es este ano<\/strong><br>No entanto,&nbsp;o&nbsp;Minist\u00e9rio&nbsp;da&nbsp;Fazenda est\u00e1 contando com a maior parte desse dinheiro das repacuta\u00e7\u00f5es ferrovi\u00e1rias&nbsp;para&nbsp;que eles entrem diretamente no&nbsp;caixa&nbsp;da&nbsp;Uni\u00e3o, ainda este ano,&nbsp;para&nbsp;que seja poss\u00edvel cumprir as metas fiscais previstas&nbsp;para&nbsp;o&nbsp;ano e cobrando isso do Minist\u00e9rio dos Transportes, segundo&nbsp;<a href=\"https:\/\/agenciainfra.us14.list-manage.com\/track\/click?u=d460dd1bcf9ba0ae040e1fc0f&amp;id=9c5774c19a&amp;e=f0fa444791\" target=\"_blank\" rel=\"noreferrer noopener\">reportagem<\/a>&nbsp;da&nbsp;Folha de S. Paulo desde s\u00e1bado (3).<\/p>\n\n\n\n<p>A informa\u00e7\u00e3o&nbsp;\u00e9 que seriam necess\u00e1rios R$ 10 bilh\u00f5es das repactua\u00e7\u00f5es de contratos ferrovi\u00e1rios&nbsp;para&nbsp;que n\u00e3o&nbsp;seja necess\u00e1rio um novo bloqueio or\u00e7ament\u00e1rio ao fim do terceiro trimestre. No bloqueio or\u00e7ament\u00e1rio do segundo trimestre, de R$ 15 bilh\u00f5es,&nbsp;o&nbsp;Minist\u00e9rio dos Transportes teve recursos de R$ 1,5 bilh\u00e3o&nbsp;travados.&nbsp;<\/p>\n\n\n\n<p>A reportagem informa ainda que&nbsp;o&nbsp;ministro Renan Filho e&nbsp;o&nbsp;secret\u00e1rio-executivo&nbsp;da&nbsp;pasta, George Santoro, foram pedir ao ministro&nbsp;da&nbsp;Fazenda, Fernando Haddad, apoio&nbsp;para&nbsp;fechar&nbsp;o&nbsp;acordo com a Vale e que Haddad se disp\u00f4s a apoiar.&nbsp;<\/p>\n\n\n\n<p>No ano passado,&nbsp;o&nbsp;Minist\u00e9rio dos Transportes apresentou \u00e0 Fazenda a possibilidade dessa receita a mais&nbsp;da&nbsp;repactua\u00e7\u00e3o&nbsp;das&nbsp;renova\u00e7\u00f5es ferrovi\u00e1rias e ela foi inclu\u00edda&nbsp;no Or\u00e7amento&nbsp;da&nbsp;Uni\u00e3o&nbsp;deste ano. Mas, nos tr\u00eas primeiros relat\u00f3rios de receitas e despesas do ano, a Fazenda reduziu as previs\u00f5es dessas receitas. Com receitas menores que&nbsp;o&nbsp;previsto e despesas maiores, a Fazenda tem que fazer os bloqueios&nbsp;para&nbsp;cumprir as metas fiscais.<\/p>\n\n\n\n<p><strong>Retomada&nbsp;da&nbsp;audi\u00eancia&nbsp;da&nbsp;FCA em agosto<\/strong><br>Al\u00e9m desses recursos das repactua\u00e7\u00f5es das tr\u00eas concess\u00f5es renovadas at\u00e9 2022,&nbsp;o&nbsp;governo tamb\u00e9m conta com recursos de novas renova\u00e7\u00f5es que est\u00e3o&nbsp;para&nbsp;serem iniciadas. Ainda neste m\u00eas, deve ser relan\u00e7ada a audi\u00eancia p\u00fablica&nbsp;para&nbsp;a renova\u00e7\u00e3o&nbsp;antecipada&nbsp;da&nbsp;FCA (Ferrovia&nbsp;Centro-Atl\u00e2ntica), empresa&nbsp;da&nbsp;VLI, que tem a Vale como controladora.<\/p>\n\n\n\n<p>Nesse caso, h\u00e1 forte press\u00e3o&nbsp;para&nbsp;que os recursos&nbsp;da&nbsp;outorga fiquem no pr\u00f3prio contrato&nbsp;para&nbsp;a realiza\u00e7\u00e3o&nbsp;de obra&nbsp;para&nbsp;ampliar a capacidade de alguns corredores como forma de aumentar a&nbsp;produ\u00e7\u00e3o&nbsp;dos trens que v\u00e3o&nbsp;para&nbsp;a Bahia,&nbsp;o&nbsp;Esp\u00edrito Santo e&nbsp;o&nbsp;Rio de Janeiro. A expectativa \u00e9 que a renova\u00e7\u00e3o&nbsp;seja assinada em 2025.<\/p>\n\n\n\n<p>J\u00e1 outras concess\u00f5es ferrovi\u00e1rias t\u00eam no momento maior possibilidade de passarem por processos de repactua\u00e7\u00e3o&nbsp;ou serem relicitadas do que passarem pelo processo de renova\u00e7\u00e3o&nbsp;antecipada. Nenhuma delas com qualquer possibilidade dos acordos serem fechados em 2024.<\/p>\n\n\n\n<p><strong>Antecipa\u00e7\u00e3o\u00a0da\u00a0Transnordestina<\/strong><br>Em cerim\u00f4nia na \u00faltima sexta-feira (2),\u00a0o\u00a0ministro dos Transportes, Renan Filho, defendeu que a\u00a0ferrovia\u00a0Transnordestina (Piau\u00ed ao Cear\u00e1)\u00a0possa ser conclu\u00edda\u00a0em 2026, em vez de 2027, e fez um apelo ao presidente Lula\u00a0para\u00a0intervir junto ao BNDES (Banco Nacional do Desenvolvimento Econ\u00f4mico e Social) pela libera\u00e7\u00e3o\u00a0de recursos. Renan disse que a\u00a0ferrovia, que liga\u00a0o\u00a0interior do Piau\u00ed aos portos do Pec\u00e9m e de Suape, em Pernambuco, custa R$ 12 bilh\u00f5es.<\/p>\n\n\n\n<p>O&nbsp;ministro participou&nbsp;da&nbsp;cerim\u00f4nia de assinatura do&nbsp;<a href=\"https:\/\/agenciainfra.us14.list-manage.com\/track\/click?u=d460dd1bcf9ba0ae040e1fc0f&amp;id=830f6cf5ab&amp;e=f0fa444791\" target=\"_blank\" rel=\"noreferrer noopener\">PL (Projeto de Lei) 858\/2024<\/a>, que cria&nbsp;o&nbsp;FIIS (Fundo de Investimento em Infraestrutura Social).&nbsp;Aprovado pelo Congresso Nacional em julho, entre outros projetos,&nbsp;o&nbsp;fundo facilitar\u00e1 a continuidade&nbsp;da&nbsp;constru\u00e7\u00e3o&nbsp;da&nbsp;ferrovia&nbsp;Transnordestina e ter\u00e1&nbsp;o&nbsp;BNDES (Banco Nacional de Desenvolvimento Econ\u00f4mico e Social)&nbsp;como agente financeiro.<\/p>\n\n\n\n<p>\u201cEsse fundo de hoje est\u00e1 garantindo a sustenta\u00e7\u00e3o&nbsp;de mais R$ 4 bilh\u00f5es&nbsp;para&nbsp;essa obra ser 100% executada at\u00e9, segundo a Transnordestina, 2027. Mas esse evento permite um convite&nbsp;para&nbsp;a gente tentar terminar essa obra em 2026, respeitar&nbsp;o&nbsp;cronograma eleitoral\u201d defendeu.<\/p>\n\n\n\n<p><strong>R$ 3,6 bilh\u00f5es&nbsp;para&nbsp;a obra<\/strong><br>A libera\u00e7\u00e3o&nbsp;de recursos pelo FIIS vai ocorrer atrav\u00e9s de financiamento pelo Banco do Nordeste.&nbsp;Para&nbsp;a Transnordestina, est\u00e3o&nbsp;previstos repasses no valor de R$ 1 bilh\u00e3o&nbsp;por ano entre 2024 e 2026, e mais R$ 600 milh\u00f5es em 2027, totalizando R$ 3,6 bilh\u00f5es.&nbsp;<\/p>\n\n\n\n<p>A ordem de servi\u00e7o&nbsp;assinada na sexta-feira&nbsp;autoriza&nbsp;o&nbsp;in\u00edcio dos servi\u00e7os do lote MVP 6&nbsp;da&nbsp;Transnordestina, que tem 50 quil\u00f4metros e compreende&nbsp;o&nbsp;trecho entre Quixeramobim e Quixad\u00e1, no Cear\u00e1.&nbsp;Renan Filho&nbsp;destacou que um quil\u00f4metro de&nbsp;ferrovia&nbsp;custa, em m\u00e9dia, R$ 15 milh\u00f5es e que a ordem de servi\u00e7o&nbsp;assinada na ocasi\u00e3o&nbsp;vai destinar R$ 750 milh\u00f5es somente&nbsp;para&nbsp;o&nbsp;Cear\u00e1.<\/p>\n\n\n\n<p>\u201c\u00c9&nbsp;o&nbsp;maior investimento de infraestrutura do Nordeste. \u00c9 a maior&nbsp;ferrovia&nbsp;em execu\u00e7\u00e3o&nbsp;na Am\u00e9rica do Sul. \u00c9 uma das maiores ferrovias em execu\u00e7\u00e3o&nbsp;no mundo\u201d, disse Renan.&nbsp;<\/p>\n\n\n\n<p><strong>Lula critica paralisa\u00e7\u00e3o<\/strong><\/p>\n\n\n\n<p>Lula, por sua vez, criticou a paralisa\u00e7\u00e3o&nbsp;da&nbsp;obra por 12 anos e disse que&nbsp;ir\u00e1 convidar Mercadante&nbsp;para&nbsp;liberar recursos e concluir a&nbsp;ferrovia. \u201cPresta aten\u00e7\u00e3o, Aloizio, eu estou te convidando, primeiro,&nbsp;para&nbsp;voc\u00ea liberar&nbsp;o&nbsp;recurso&nbsp;que tem que liberar&nbsp;para&nbsp;fazer. E, segundo, eu estou te convidando porque n\u00f3s vamos fazer um jantar&nbsp;antes de eu deixar a presid\u00eancia, andando nesse trem \u2018daonde\u2019 for at\u00e9 chegar aqui no porto\u201d, disse.<\/p>\n\n\n\n<p>No mesmo evento, tamb\u00e9m foram assinadas a medida provis\u00f3ria que institui&nbsp;o&nbsp;Programa Mover,&nbsp;o&nbsp;<a href=\"https:\/\/agenciainfra.us14.list-manage.com\/track\/click?u=d460dd1bcf9ba0ae040e1fc0f&amp;id=e97c691442&amp;e=f0fa444791\" target=\"_blank\" rel=\"noreferrer noopener\">PL 2.308\/2023<\/a>, que institui&nbsp;o&nbsp;Marco Legal do Hidrog\u00eanio Verde, e&nbsp;o&nbsp;decreto que aprova&nbsp;o&nbsp;regulamento do FDNE (Fundo de Desenvolvimento do Nordeste).<\/p>\n","protected":false},"excerpt":{"rendered":"<p>Dimmi Amora e Sheyla Santos,&nbsp;da&nbsp;Ag\u00eancia iNFRA Recursos prometidos pelo Minist\u00e9rio dos Transportes, a serem obtidos com as repactua\u00e7\u00f5es de contratos de concess\u00f5es ferrovi\u00e1rias renovadas,&nbsp;para&nbsp;serem&nbsp;usados no&nbsp;Plano&nbsp;Nacional de Ferrovias, ainda n\u00e3o&nbsp;lan\u00e7ado, come\u00e7aram a ser direcionados&nbsp;para&nbsp;o&nbsp;caixa&nbsp;da&nbsp;Uni\u00e3o. Nos \u00faltimos meses,&nbsp;o&nbsp;ministro&nbsp;da&nbsp;pasta, Renan Filho, vinha indicando que usaria&nbsp;o&nbsp;dinheiro que as concession\u00e1rias est\u00e3o&nbsp;sendo cobradas a pagar a mais de outorga pelas renova\u00e7\u00f5es [&hellip;]<\/p>\n","protected":false},"author":1,"featured_media":12147,"comment_status":"closed","ping_status":"closed","sticky":false,"template":"","format":"standard","meta":{"_monsterinsights_skip_tracking":false,"_monsterinsights_sitenote_active":false,"_monsterinsights_sitenote_note":"","_monsterinsights_sitenote_category":0,"footnotes":""},"categories":[9714,1,7],"tags":[103,10682,1299,446,754,6956,16,7575,8955,6248,8010,823,8734,7218,8838,6379,18,504,927,83,11101,82],"class_list":["post-18020","post","type-post","status-publish","format-standard","has-post-thumbnail","hentry","category-destaque-menor","category-geral","category-infratransporte","tag-bndes","tag-consenso","tag-dimmi-amora","tag-fca","tag-ferrovia-centro-atlantica","tag-george-santoro","tag-ministerio-dos-transportes","tag-plano-nacional-de-ferrovias","tag-prevencao-de-conflitos","tag-renan-filho","tag-repactuacao-de-contratos","tag-rumo-malha-paulista","tag-secex-consenso","tag-secexconsenso","tag-sheyla-santos","tag-solucao-consensual","tag-tcu","tag-transnordestina","tag-tribunal-de-contas-da-uniao","tag-vale","tag-validacao-de-recursos","tag-vli"],"yoast_head":"<!-- This site is optimized with the Yoast SEO Premium plugin v25.4 (Yoast SEO v26.0) - https:\/\/yoast.com\/wordpress\/plugins\/seo\/ -->\n<title>Recurso prometido para plano de PPP de ferrovia come\u00e7a a ir para o caixa da Uni\u00e3o - Ag\u00eancia iNFRA<\/title>\n<meta name=\"robots\" content=\"index, follow, max-snippet:-1, max-image-preview:large, max-video-preview:-1\" \/>\n<link rel=\"canonical\" href=\"https:\/\/agenciainfra.com\/blog\/recurso-prometido-para-plano-de-ppp-de-ferrovia-comeca-a-ir-para-o-caixa-da-uniao\/\" \/>\n<meta property=\"og:locale\" content=\"pt_BR\" \/>\n<meta property=\"og:type\" content=\"article\" \/>\n<meta property=\"og:title\" content=\"Recurso prometido para plano de PPP de ferrovia come\u00e7a a ir para o caixa da Uni\u00e3o\" \/>\n<meta property=\"og:description\" content=\"Dimmi Amora e Sheyla Santos,&nbsp;da&nbsp;Ag\u00eancia iNFRA Recursos prometidos pelo Minist\u00e9rio dos Transportes, a serem obtidos com as repactua\u00e7\u00f5es de contratos de concess\u00f5es ferrovi\u00e1rias renovadas,&nbsp;para&nbsp;serem&nbsp;usados no&nbsp;Plano&nbsp;Nacional de Ferrovias, ainda n\u00e3o&nbsp;lan\u00e7ado, come\u00e7aram a ser direcionados&nbsp;para&nbsp;o&nbsp;caixa&nbsp;da&nbsp;Uni\u00e3o. Nos \u00faltimos meses,&nbsp;o&nbsp;ministro&nbsp;da&nbsp;pasta, Renan Filho, vinha indicando que usaria&nbsp;o&nbsp;dinheiro que as concession\u00e1rias est\u00e3o&nbsp;sendo cobradas a pagar a mais de outorga pelas renova\u00e7\u00f5es [&hellip;]\" \/>\n<meta property=\"og:url\" content=\"https:\/\/agenciainfra.com\/blog\/recurso-prometido-para-plano-de-ppp-de-ferrovia-comeca-a-ir-para-o-caixa-da-uniao\/\" \/>\n<meta property=\"og:site_name\" content=\"Ag\u00eancia iNFRA\" \/>\n<meta property=\"article:publisher\" content=\"https:\/\/www.facebook.com\/ageninfra\" \/>\n<meta property=\"article:published_time\" content=\"2024-08-06T12:00:00+00:00\" \/>\n<meta property=\"article:modified_time\" content=\"2024-08-09T14:16:05+00:00\" \/>\n<meta property=\"og:image\" content=\"https:\/\/agenciainfra.com\/blog\/wp-content\/uploads\/2023\/02\/ministro-renan-filho-foto-vosmar-rosa-mt.jpeg\" \/>\n\t<meta property=\"og:image:width\" content=\"1280\" \/>\n\t<meta property=\"og:image:height\" content=\"854\" \/>\n\t<meta property=\"og:image:type\" content=\"image\/jpeg\" \/>\n<meta name=\"author\" content=\"Ag\u00eancia iNFRA\" \/>\n<meta name=\"twitter:card\" content=\"summary_large_image\" \/>\n<meta name=\"twitter:creator\" content=\"@agencia_infra\" \/>\n<meta name=\"twitter:site\" content=\"@agencia_infra\" \/>\n<meta name=\"twitter:label1\" content=\"Escrito por\" \/>\n\t<meta name=\"twitter:data1\" content=\"Ag\u00eancia iNFRA\" \/>\n\t<meta name=\"twitter:label2\" content=\"Est. tempo de leitura\" \/>\n\t<meta name=\"twitter:data2\" content=\"9 minutos\" \/>\n<script type=\"application\/ld+json\" class=\"yoast-schema-graph\">{\"@context\":\"https:\/\/schema.org\",\"@graph\":[{\"@type\":\"Article\",\"@id\":\"https:\/\/agenciainfra.com\/blog\/recurso-prometido-para-plano-de-ppp-de-ferrovia-comeca-a-ir-para-o-caixa-da-uniao\/#article\",\"isPartOf\":{\"@id\":\"https:\/\/agenciainfra.com\/blog\/recurso-prometido-para-plano-de-ppp-de-ferrovia-comeca-a-ir-para-o-caixa-da-uniao\/\"},\"author\":{\"name\":\"Ag\u00eancia iNFRA\",\"@id\":\"https:\/\/agenciainfra.com\/blog\/#\/schema\/person\/34af08dff6adea4cb22b06612ba7acfa\"},\"headline\":\"Recurso prometido para plano de PPP de ferrovia come\u00e7a a ir para o caixa da Uni\u00e3o\",\"datePublished\":\"2024-08-06T12:00:00+00:00\",\"dateModified\":\"2024-08-09T14:16:05+00:00\",\"mainEntityOfPage\":{\"@id\":\"https:\/\/agenciainfra.com\/blog\/recurso-prometido-para-plano-de-ppp-de-ferrovia-comeca-a-ir-para-o-caixa-da-uniao\/\"},\"wordCount\":1817,\"publisher\":{\"@id\":\"https:\/\/agenciainfra.com\/blog\/#organization\"},\"image\":{\"@id\":\"https:\/\/agenciainfra.com\/blog\/recurso-prometido-para-plano-de-ppp-de-ferrovia-comeca-a-ir-para-o-caixa-da-uniao\/#primaryimage\"},\"thumbnailUrl\":\"https:\/\/agenciainfra.com\/blog\/wp-content\/uploads\/2023\/02\/ministro-renan-filho-foto-vosmar-rosa-mt.jpeg\",\"keywords\":[\"BNDES\",\"Consenso\",\"Dimmi Amora\",\"FCA\",\"Ferrovia Centro-Atl\u00e2ntica\",\"George Santoro\",\"minist\u00e9rio dos transportes\",\"Plano Nacional de Ferrovias\",\"Preven\u00e7\u00e3o de Conflitos\",\"Renan Filho\",\"repactua\u00e7\u00e3o de contratos\",\"Rumo Malha Paulista\",\"Secex Consenso\",\"SecexConsenso\",\"Sheyla Santos\",\"solu\u00e7\u00e3o consensual\",\"TCU\",\"Transnordestina\",\"Tribunal de Contas da Uni\u00e3o\",\"Vale\",\"Valida\u00e7\u00e3o de recursos\",\"VLI\"],\"articleSection\":[\"Destaque Menor\",\"Geral\",\"iNFRATransporte\"],\"inLanguage\":\"pt-BR\",\"copyrightYear\":\"2024\",\"copyrightHolder\":{\"@id\":\"https:\/\/agenciainfra.com\/blog\/#organization\"}},{\"@type\":\"WebPage\",\"@id\":\"https:\/\/agenciainfra.com\/blog\/recurso-prometido-para-plano-de-ppp-de-ferrovia-comeca-a-ir-para-o-caixa-da-uniao\/\",\"url\":\"https:\/\/agenciainfra.com\/blog\/recurso-prometido-para-plano-de-ppp-de-ferrovia-comeca-a-ir-para-o-caixa-da-uniao\/\",\"name\":\"Recurso prometido para plano de PPP de ferrovia come\u00e7a a ir para o caixa da Uni\u00e3o - Ag\u00eancia iNFRA\",\"isPartOf\":{\"@id\":\"https:\/\/agenciainfra.com\/blog\/#website\"},\"primaryImageOfPage\":{\"@id\":\"https:\/\/agenciainfra.com\/blog\/recurso-prometido-para-plano-de-ppp-de-ferrovia-comeca-a-ir-para-o-caixa-da-uniao\/#primaryimage\"},\"image\":{\"@id\":\"https:\/\/agenciainfra.com\/blog\/recurso-prometido-para-plano-de-ppp-de-ferrovia-comeca-a-ir-para-o-caixa-da-uniao\/#primaryimage\"},\"thumbnailUrl\":\"https:\/\/agenciainfra.com\/blog\/wp-content\/uploads\/2023\/02\/ministro-renan-filho-foto-vosmar-rosa-mt.jpeg\",\"datePublished\":\"2024-08-06T12:00:00+00:00\",\"dateModified\":\"2024-08-09T14:16:05+00:00\",\"breadcrumb\":{\"@id\":\"https:\/\/agenciainfra.com\/blog\/recurso-prometido-para-plano-de-ppp-de-ferrovia-comeca-a-ir-para-o-caixa-da-uniao\/#breadcrumb\"},\"inLanguage\":\"pt-BR\",\"potentialAction\":[{\"@type\":\"ReadAction\",\"target\":[\"https:\/\/agenciainfra.com\/blog\/recurso-prometido-para-plano-de-ppp-de-ferrovia-comeca-a-ir-para-o-caixa-da-uniao\/\"]}]},{\"@type\":\"ImageObject\",\"inLanguage\":\"pt-BR\",\"@id\":\"https:\/\/agenciainfra.com\/blog\/recurso-prometido-para-plano-de-ppp-de-ferrovia-comeca-a-ir-para-o-caixa-da-uniao\/#primaryimage\",\"url\":\"https:\/\/agenciainfra.com\/blog\/wp-content\/uploads\/2023\/02\/ministro-renan-filho-foto-vosmar-rosa-mt.jpeg\",\"contentUrl\":\"https:\/\/agenciainfra.com\/blog\/wp-content\/uploads\/2023\/02\/ministro-renan-filho-foto-vosmar-rosa-mt.jpeg\",\"width\":1280,\"height\":854},{\"@type\":\"BreadcrumbList\",\"@id\":\"https:\/\/agenciainfra.com\/blog\/recurso-prometido-para-plano-de-ppp-de-ferrovia-comeca-a-ir-para-o-caixa-da-uniao\/#breadcrumb\",\"itemListElement\":[{\"@type\":\"ListItem\",\"position\":1,\"name\":\"In\u00edcio\",\"item\":\"https:\/\/agenciainfra.com\/blog\/\"},{\"@type\":\"ListItem\",\"position\":2,\"name\":\"Recurso prometido para plano de PPP de ferrovia come\u00e7a a ir para o caixa da Uni\u00e3o\"}]},{\"@type\":\"WebSite\",\"@id\":\"https:\/\/agenciainfra.com\/blog\/#website\",\"url\":\"https:\/\/agenciainfra.com\/blog\/\",\"name\":\"Ag\u00eancia iNFRA\",\"description\":\"Multiplataforma de informa\u00e7\u00e3o jornal\u00edstica refer\u00eancia na \u00e1rea de infraestrutura no Brasil!\",\"publisher\":{\"@id\":\"https:\/\/agenciainfra.com\/blog\/#organization\"},\"potentialAction\":[{\"@type\":\"SearchAction\",\"target\":{\"@type\":\"EntryPoint\",\"urlTemplate\":\"https:\/\/agenciainfra.com\/blog\/?s={search_term_string}\"},\"query-input\":{\"@type\":\"PropertyValueSpecification\",\"valueRequired\":true,\"valueName\":\"search_term_string\"}}],\"inLanguage\":\"pt-BR\"},{\"@type\":\"Organization\",\"@id\":\"https:\/\/agenciainfra.com\/blog\/#organization\",\"name\":\"Ag\u00eancia iNFRA\",\"url\":\"https:\/\/agenciainfra.com\/blog\/\",\"logo\":{\"@type\":\"ImageObject\",\"inLanguage\":\"pt-BR\",\"@id\":\"https:\/\/agenciainfra.com\/blog\/#\/schema\/logo\/image\/\",\"url\":\"https:\/\/agenciainfra.com\/blog\/wp-content\/uploads\/2023\/09\/iNFRA_5-e1761735885940.png\",\"contentUrl\":\"https:\/\/agenciainfra.com\/blog\/wp-content\/uploads\/2023\/09\/iNFRA_5-e1761735885940.png\",\"width\":1672,\"height\":454,\"caption\":\"Ag\u00eancia iNFRA\"},\"image\":{\"@id\":\"https:\/\/agenciainfra.com\/blog\/#\/schema\/logo\/image\/\"},\"sameAs\":[\"https:\/\/www.facebook.com\/ageninfra\",\"https:\/\/x.com\/agencia_infra\",\"https:\/\/www.linkedin.com\/company\/ag\u00eanciainfra\/\",\"https:\/\/www.instagram.com\/agenciainfra\/\"]},{\"@type\":\"Person\",\"@id\":\"https:\/\/agenciainfra.com\/blog\/#\/schema\/person\/34af08dff6adea4cb22b06612ba7acfa\",\"name\":\"Ag\u00eancia iNFRA\",\"image\":{\"@type\":\"ImageObject\",\"inLanguage\":\"pt-BR\",\"@id\":\"https:\/\/agenciainfra.com\/blog\/#\/schema\/person\/image\/\",\"url\":\"https:\/\/secure.gravatar.com\/avatar\/d189e01678f06d8eb84d4e01f08eb848b3fffe3f8443818d3c356c66892f5be8?s=96&d=mm&r=g\",\"contentUrl\":\"https:\/\/secure.gravatar.com\/avatar\/d189e01678f06d8eb84d4e01f08eb848b3fffe3f8443818d3c356c66892f5be8?s=96&d=mm&r=g\",\"caption\":\"Ag\u00eancia iNFRA\"},\"url\":\"https:\/\/agenciainfra.com\/blog\/author\/admin\/\"}]}<\/script>\n<!-- \/ Yoast SEO Premium plugin. -->","yoast_head_json":{"title":"Recurso prometido para plano de PPP de ferrovia come\u00e7a a ir para o caixa da Uni\u00e3o - Ag\u00eancia iNFRA","robots":{"index":"index","follow":"follow","max-snippet":"max-snippet:-1","max-image-preview":"max-image-preview:large","max-video-preview":"max-video-preview:-1"},"canonical":"https:\/\/agenciainfra.com\/blog\/recurso-prometido-para-plano-de-ppp-de-ferrovia-comeca-a-ir-para-o-caixa-da-uniao\/","og_locale":"pt_BR","og_type":"article","og_title":"Recurso prometido para plano de PPP de ferrovia come\u00e7a a ir para o caixa da Uni\u00e3o","og_description":"Dimmi Amora e Sheyla Santos,&nbsp;da&nbsp;Ag\u00eancia iNFRA Recursos prometidos pelo Minist\u00e9rio dos Transportes, a serem obtidos com as repactua\u00e7\u00f5es de contratos de concess\u00f5es ferrovi\u00e1rias renovadas,&nbsp;para&nbsp;serem&nbsp;usados no&nbsp;Plano&nbsp;Nacional de Ferrovias, ainda n\u00e3o&nbsp;lan\u00e7ado, come\u00e7aram a ser direcionados&nbsp;para&nbsp;o&nbsp;caixa&nbsp;da&nbsp;Uni\u00e3o. Nos \u00faltimos meses,&nbsp;o&nbsp;ministro&nbsp;da&nbsp;pasta, Renan Filho, vinha indicando que usaria&nbsp;o&nbsp;dinheiro que as concession\u00e1rias est\u00e3o&nbsp;sendo cobradas a pagar a mais de outorga pelas renova\u00e7\u00f5es [&hellip;]","og_url":"https:\/\/agenciainfra.com\/blog\/recurso-prometido-para-plano-de-ppp-de-ferrovia-comeca-a-ir-para-o-caixa-da-uniao\/","og_site_name":"Ag\u00eancia iNFRA","article_publisher":"https:\/\/www.facebook.com\/ageninfra","article_published_time":"2024-08-06T12:00:00+00:00","article_modified_time":"2024-08-09T14:16:05+00:00","og_image":[{"width":1280,"height":854,"url":"https:\/\/agenciainfra.com\/blog\/wp-content\/uploads\/2023\/02\/ministro-renan-filho-foto-vosmar-rosa-mt.jpeg","type":"image\/jpeg"}],"author":"Ag\u00eancia iNFRA","twitter_card":"summary_large_image","twitter_creator":"@agencia_infra","twitter_site":"@agencia_infra","twitter_misc":{"Escrito por":"Ag\u00eancia iNFRA","Est. tempo de leitura":"9 minutos"},"schema":{"@context":"https:\/\/schema.org","@graph":[{"@type":"Article","@id":"https:\/\/agenciainfra.com\/blog\/recurso-prometido-para-plano-de-ppp-de-ferrovia-comeca-a-ir-para-o-caixa-da-uniao\/#article","isPartOf":{"@id":"https:\/\/agenciainfra.com\/blog\/recurso-prometido-para-plano-de-ppp-de-ferrovia-comeca-a-ir-para-o-caixa-da-uniao\/"},"author":{"name":"Ag\u00eancia iNFRA","@id":"https:\/\/agenciainfra.com\/blog\/#\/schema\/person\/34af08dff6adea4cb22b06612ba7acfa"},"headline":"Recurso prometido para plano de PPP de ferrovia come\u00e7a a ir para o caixa da Uni\u00e3o","datePublished":"2024-08-06T12:00:00+00:00","dateModified":"2024-08-09T14:16:05+00:00","mainEntityOfPage":{"@id":"https:\/\/agenciainfra.com\/blog\/recurso-prometido-para-plano-de-ppp-de-ferrovia-comeca-a-ir-para-o-caixa-da-uniao\/"},"wordCount":1817,"publisher":{"@id":"https:\/\/agenciainfra.com\/blog\/#organization"},"image":{"@id":"https:\/\/agenciainfra.com\/blog\/recurso-prometido-para-plano-de-ppp-de-ferrovia-comeca-a-ir-para-o-caixa-da-uniao\/#primaryimage"},"thumbnailUrl":"https:\/\/agenciainfra.com\/blog\/wp-content\/uploads\/2023\/02\/ministro-renan-filho-foto-vosmar-rosa-mt.jpeg","keywords":["BNDES","Consenso","Dimmi Amora","FCA","Ferrovia Centro-Atl\u00e2ntica","George Santoro","minist\u00e9rio dos transportes","Plano Nacional de Ferrovias","Preven\u00e7\u00e3o de Conflitos","Renan Filho","repactua\u00e7\u00e3o de contratos","Rumo Malha Paulista","Secex Consenso","SecexConsenso","Sheyla Santos","solu\u00e7\u00e3o consensual","TCU","Transnordestina","Tribunal de Contas da Uni\u00e3o","Vale","Valida\u00e7\u00e3o de recursos","VLI"],"articleSection":["Destaque Menor","Geral","iNFRATransporte"],"inLanguage":"pt-BR","copyrightYear":"2024","copyrightHolder":{"@id":"https:\/\/agenciainfra.com\/blog\/#organization"}},{"@type":"WebPage","@id":"https:\/\/agenciainfra.com\/blog\/recurso-prometido-para-plano-de-ppp-de-ferrovia-comeca-a-ir-para-o-caixa-da-uniao\/","url":"https:\/\/agenciainfra.com\/blog\/recurso-prometido-para-plano-de-ppp-de-ferrovia-comeca-a-ir-para-o-caixa-da-uniao\/","name":"Recurso prometido para plano de PPP de ferrovia come\u00e7a a ir para o caixa da Uni\u00e3o - Ag\u00eancia iNFRA","isPartOf":{"@id":"https:\/\/agenciainfra.com\/blog\/#website"},"primaryImageOfPage":{"@id":"https:\/\/agenciainfra.com\/blog\/recurso-prometido-para-plano-de-ppp-de-ferrovia-comeca-a-ir-para-o-caixa-da-uniao\/#primaryimage"},"image":{"@id":"https:\/\/agenciainfra.com\/blog\/recurso-prometido-para-plano-de-ppp-de-ferrovia-comeca-a-ir-para-o-caixa-da-uniao\/#primaryimage"},"thumbnailUrl":"https:\/\/agenciainfra.com\/blog\/wp-content\/uploads\/2023\/02\/ministro-renan-filho-foto-vosmar-rosa-mt.jpeg","datePublished":"2024-08-06T12:00:00+00:00","dateModified":"2024-08-09T14:16:05+00:00","breadcrumb":{"@id":"https:\/\/agenciainfra.com\/blog\/recurso-prometido-para-plano-de-ppp-de-ferrovia-comeca-a-ir-para-o-caixa-da-uniao\/#breadcrumb"},"inLanguage":"pt-BR","potentialAction":[{"@type":"ReadAction","target":["https:\/\/agenciainfra.com\/blog\/recurso-prometido-para-plano-de-ppp-de-ferrovia-comeca-a-ir-para-o-caixa-da-uniao\/"]}]},{"@type":"ImageObject","inLanguage":"pt-BR","@id":"https:\/\/agenciainfra.com\/blog\/recurso-prometido-para-plano-de-ppp-de-ferrovia-comeca-a-ir-para-o-caixa-da-uniao\/#primaryimage","url":"https:\/\/agenciainfra.com\/blog\/wp-content\/uploads\/2023\/02\/ministro-renan-filho-foto-vosmar-rosa-mt.jpeg","contentUrl":"https:\/\/agenciainfra.com\/blog\/wp-content\/uploads\/2023\/02\/ministro-renan-filho-foto-vosmar-rosa-mt.jpeg","width":1280,"height":854},{"@type":"BreadcrumbList","@id":"https:\/\/agenciainfra.com\/blog\/recurso-prometido-para-plano-de-ppp-de-ferrovia-comeca-a-ir-para-o-caixa-da-uniao\/#breadcrumb","itemListElement":[{"@type":"ListItem","position":1,"name":"In\u00edcio","item":"https:\/\/agenciainfra.com\/blog\/"},{"@type":"ListItem","position":2,"name":"Recurso prometido para plano de PPP de ferrovia come\u00e7a a ir para o caixa da Uni\u00e3o"}]},{"@type":"WebSite","@id":"https:\/\/agenciainfra.com\/blog\/#website","url":"https:\/\/agenciainfra.com\/blog\/","name":"Ag\u00eancia iNFRA","description":"Multiplataforma de informa\u00e7\u00e3o jornal\u00edstica refer\u00eancia na \u00e1rea de infraestrutura no Brasil!","publisher":{"@id":"https:\/\/agenciainfra.com\/blog\/#organization"},"potentialAction":[{"@type":"SearchAction","target":{"@type":"EntryPoint","urlTemplate":"https:\/\/agenciainfra.com\/blog\/?s={search_term_string}"},"query-input":{"@type":"PropertyValueSpecification","valueRequired":true,"valueName":"search_term_string"}}],"inLanguage":"pt-BR"},{"@type":"Organization","@id":"https:\/\/agenciainfra.com\/blog\/#organization","name":"Ag\u00eancia iNFRA","url":"https:\/\/agenciainfra.com\/blog\/","logo":{"@type":"ImageObject","inLanguage":"pt-BR","@id":"https:\/\/agenciainfra.com\/blog\/#\/schema\/logo\/image\/","url":"https:\/\/agenciainfra.com\/blog\/wp-content\/uploads\/2023\/09\/iNFRA_5-e1761735885940.png","contentUrl":"https:\/\/agenciainfra.com\/blog\/wp-content\/uploads\/2023\/09\/iNFRA_5-e1761735885940.png","width":1672,"height":454,"caption":"Ag\u00eancia iNFRA"},"image":{"@id":"https:\/\/agenciainfra.com\/blog\/#\/schema\/logo\/image\/"},"sameAs":["https:\/\/www.facebook.com\/ageninfra","https:\/\/x.com\/agencia_infra","https:\/\/www.linkedin.com\/company\/ag\u00eanciainfra\/","https:\/\/www.instagram.com\/agenciainfra\/"]},{"@type":"Person","@id":"https:\/\/agenciainfra.com\/blog\/#\/schema\/person\/34af08dff6adea4cb22b06612ba7acfa","name":"Ag\u00eancia iNFRA","image":{"@type":"ImageObject","inLanguage":"pt-BR","@id":"https:\/\/agenciainfra.com\/blog\/#\/schema\/person\/image\/","url":"https:\/\/secure.gravatar.com\/avatar\/d189e01678f06d8eb84d4e01f08eb848b3fffe3f8443818d3c356c66892f5be8?s=96&d=mm&r=g","contentUrl":"https:\/\/secure.gravatar.com\/avatar\/d189e01678f06d8eb84d4e01f08eb848b3fffe3f8443818d3c356c66892f5be8?s=96&d=mm&r=g","caption":"Ag\u00eancia iNFRA"},"url":"https:\/\/agenciainfra.com\/blog\/author\/admin\/"}]}},"_links":{"self":[{"href":"https:\/\/agenciainfra.com\/blog\/wp-json\/wp\/v2\/posts\/18020","targetHints":{"allow":["GET"]}}],"collection":[{"href":"https:\/\/agenciainfra.com\/blog\/wp-json\/wp\/v2\/posts"}],"about":[{"href":"https:\/\/agenciainfra.com\/blog\/wp-json\/wp\/v2\/types\/post"}],"author":[{"embeddable":true,"href":"https:\/\/agenciainfra.com\/blog\/wp-json\/wp\/v2\/users\/1"}],"replies":[{"embeddable":true,"href":"https:\/\/agenciainfra.com\/blog\/wp-json\/wp\/v2\/comments?post=18020"}],"version-history":[{"count":1,"href":"https:\/\/agenciainfra.com\/blog\/wp-json\/wp\/v2\/posts\/18020\/revisions"}],"predecessor-version":[{"id":18021,"href":"https:\/\/agenciainfra.com\/blog\/wp-json\/wp\/v2\/posts\/18020\/revisions\/18021"}],"wp:featuredmedia":[{"embeddable":true,"href":"https:\/\/agenciainfra.com\/blog\/wp-json\/wp\/v2\/media\/12147"}],"wp:attachment":[{"href":"https:\/\/agenciainfra.com\/blog\/wp-json\/wp\/v2\/media?parent=18020"}],"wp:term":[{"taxonomy":"category","embeddable":true,"href":"https:\/\/agenciainfra.com\/blog\/wp-json\/wp\/v2\/categories?post=18020"},{"taxonomy":"post_tag","embeddable":true,"href":"https:\/\/agenciainfra.com\/blog\/wp-json\/wp\/v2\/tags?post=18020"}],"curies":[{"name":"wp","href":"https:\/\/api.w.org\/{rel}","templated":true}]}}