{"id":18027,"date":"2024-08-06T11:00:00","date_gmt":"2024-08-06T14:00:00","guid":{"rendered":"https:\/\/agenciainfra.com\/blog\/?p=18027"},"modified":"2026-03-13T09:21:18","modified_gmt":"2026-03-13T12:21:18","slug":"compartilhamento-de-postes-sindicatos-entram-com-recurso-na-aneel-contra-arquivamento-do-processo","status":"publish","type":"post","link":"https:\/\/agenciainfra.com\/blog\/compartilhamento-de-postes-sindicatos-entram-com-recurso-na-aneel-contra-arquivamento-do-processo\/","title":{"rendered":"Compartilhamento de postes: sindicatos entram com recurso na ANEEL contra arquivamento do processo"},"content":{"rendered":"\n<p class=\"has-text-align-right\"><strong>Leila Coimbra, da&nbsp;Ag\u00eancia iNFRA<\/strong><\/p>\n\n\n\n<p>Sindicatos\u00a0que representam os trabalhadores e as empresas de telecomunica\u00e7\u00f5es entraram com\u00a0recurso\u00a0junto \u00e0\u00a0ANEEL\u00a0(Ag\u00eancia Nacional de Energia El\u00e9trica)\u00a0contra\u00a0decis\u00e3o que extinguiu o\u00a0processo\u00a0que tratava de regras para o compartilhamento\u00a0de\u00a0postes\u00a0entre as empresas de energia e telecom. As entidades argumentam que o\u00a0arquivamento\u00a0coloca em risco a seguran\u00e7a dos trabalhadores.\u00a0O\u00a0recurso\u00a0foi sorteado nesta segunda-feira (5) para a relatoria do diretor Ricardo Tili.<br>\u00a0<br>\u201cCada dia que se passa sem solu\u00e7\u00e3o para a reordena\u00e7\u00e3o das redes instaladas nos\u00a0postes\u00a0representa mais trabalhadores que perdem suas vidas pela exposi\u00e7\u00e3o a descargas el\u00e9tricas\u201d, diz\u00a0<a href=\"https:\/\/agenciainfra.us14.list-manage.com\/track\/click?u=d460dd1bcf9ba0ae040e1fc0f&amp;id=edae8088f2&amp;e=f0fa444791\" target=\"_blank\" rel=\"noreferrer noopener\">carta<\/a>\u00a0assinada pela Contcop (Confedera\u00e7\u00e3o Nacional dos Trabalhadores em Comunica\u00e7\u00f5es e Publicidade), pela Fenatell (Federa\u00e7\u00e3o Nacional dos Trabalhadores em Empresas de Telecomunica\u00e7\u00f5es) e pelo Sintetel (Sindicato dos Trabalhadores em Empresas de Telecomunica\u00e7\u00f5es de SP).<br>\u00a0<br>Os\u00a0sindicatos\u00a0dizem\u00a0que o n\u00famero de incidentes n\u00e3o para de crescer: \u201cEm 2023, 674 trabalhadores, pais de fam\u00edlia, foram v\u00edtimas da desordem da ocupa\u00e7\u00e3o nas redes instaladas nos\u00a0postes, n\u00famero ainda pior do que o do ano anterior, quando 592 haviam perdido suas vidas\u201d, diz o texto.<br>\u00a0<br>J\u00e1 a Feninfra (Federa\u00e7\u00e3o Nacional de Call Center, Instala\u00e7\u00e3o e Manuten\u00e7\u00e3o de Infraestrutura de Redes de Telecomunica\u00e7\u00f5es e Inform\u00e1tica), sindicato patronal da \u00e1rea,\u00a0<a href=\"https:\/\/agenciainfra.us14.list-manage.com\/track\/click?u=d460dd1bcf9ba0ae040e1fc0f&amp;id=c7d2ebb52a&amp;e=f0fa444791\" target=\"_blank\" rel=\"noreferrer noopener\">afirmou<\/a>\u00a0que h\u00e1 o \u201cdesinteresse da parte da distribuidora em gerir adequadamente tal\u00a0recurso\u00a0(&#8230;) culminando em aus\u00eancia de incentivo econ\u00f4mico para uma adequada gest\u00e3o [dos\u00a0postes]\u201d.<br>\u00a0<br><strong>Decreto das Distribuidoras<\/strong><br>A diretoria da\u00a0ANEEL\u00a0<a href=\"https:\/\/agenciainfra.us14.list-manage.com\/track\/click?u=d460dd1bcf9ba0ae040e1fc0f&amp;id=0882051ab2&amp;e=f0fa444791\" target=\"_blank\" rel=\"noreferrer noopener\">votou<\/a>\u00a0por extinguir o\u00a0processo\u00a0sobre\u00a0compartilhamento\u00a0de\u00a0postes\u00a0no dia\u00a023 de julho, e determinar nova instru\u00e7\u00e3o da \u00e1rea t\u00e9cnica sobre o tema. A raz\u00e3o seria a publica\u00e7\u00e3o do\u00a0<a href=\"https:\/\/agenciainfra.us14.list-manage.com\/track\/click?u=d460dd1bcf9ba0ae040e1fc0f&amp;id=5c629871d5&amp;e=f0fa444791\" target=\"_blank\" rel=\"noreferrer noopener\">Decreto 12.068\/2024<\/a>, que trata das diretrizes de renova\u00e7\u00e3o das concess\u00f5es de distribui\u00e7\u00e3o de energia. Uma nova regulamenta\u00e7\u00e3o deveria\u00a0considerar o novo fato jur\u00eddico, segundo a ag\u00eancia.<br>\u00a0<br>A decis\u00e3o, por\u00e9m, provocou rea\u00e7\u00f5es contr\u00e1rias. Dois ministros de Estado, Alexandre Silveira (Minas e Energia) e Juscelino Filho (Comunica\u00e7\u00f5es), repudiaram publicamente o\u00a0arquivamento, e tamb\u00e9m a Anatel (Ag\u00eancia Nacional de Telecomunica\u00e7\u00f5es).<br>\u00a0<br>O ministro Silveira disse, na ocasi\u00e3o, que a decis\u00e3o da\u00a0ANEEL\u00a0\u201cprotelava o interesse p\u00fablico de ter uma solu\u00e7\u00e3o digna para a situa\u00e7\u00e3o insustent\u00e1vel dos\u00a0postes\u201d.<br><br><strong>Posteiro<\/strong><br>Um dos pontos de maior diverg\u00eancia \u00e9 a cria\u00e7\u00e3o da figura do \u201cposteiro\u201d, que seria um elemento terceirizado, focado exclusivamente na gest\u00e3o e fiscaliza\u00e7\u00e3o do\u00a0compartilhamento\u00a0dos\u00a0postes. O Decreto 12.068, da renova\u00e7\u00e3o das distribuidoras, prev\u00ea a cria\u00e7\u00e3o dessa terceira entidade.<br><br>As concession\u00e1rias de energia el\u00e9trica, no entanto, repudiam essa medida. Argumentam que isso encareceria as tarifas, uma vez que 60% dos recursos de aluguel dos\u00a0postes\u00a0seriam utilizados para cobrir custos das empresas, com consequente al\u00edvio nas tarifas, segundo a Abradee (Associa\u00e7\u00e3o Brasileira de Distribuidoras de Energia El\u00e9trica).<br><br>J\u00e1 o setor de telecomunica\u00e7\u00f5es \u00e9 simp\u00e1tico \u00e0 figura do posteiro: \u201c\u00c9 muito acertada a proposta de delegar para um terceiro especializado a tarefa de controlar a ocupa\u00e7\u00e3o dos\u00a0postes\u00a0e, acima de tudo, elaborar um plano anual para repara\u00e7\u00e3o do passivo destas instala\u00e7\u00f5es nos\u00a0postes\u201d, dizem os\u00a0sindicatos\u00a0dos trabalhadores.<br><br>\u201cA conclus\u00e3o dos estudos t\u00e9cnicos apresentados aponta no sentido de que a resolu\u00e7\u00e3o do problema acima descrito passa pela transfer\u00eancia da gest\u00e3o dos\u00a0postes\u00a0para uma terceira entidade, focada exclusivamente na gest\u00e3o e fiscaliza\u00e7\u00e3o do\u00a0compartilhamento\u00a0dos\u00a0postes, constituindo-se na figura do \u2018posteiro\u2019\u201d, diz o sindicato patronal.<br><br>As entidades discordam do argumento de nova regulamenta\u00e7\u00e3o a partir do decreto de renova\u00e7\u00e3o das concess\u00f5es de distribui\u00e7\u00e3o: &#8220;O Decreto n\u00ba 12.068 \u00e9 fato novo, mas n\u00e3o \u00e9 fato modificativo do contexto decis\u00f3rio (&#8230;) pelo contr\u00e1rio, \u00e9 ato do executivo em apoia e sinaliza harmonia entre a proposta de resolu\u00e7\u00e3o conjunta Anatel-ANEEL\u00a0com a pol\u00edtica p\u00fablica estabelecida pelo Poder Executivo&#8221;.<\/p>\n","protected":false},"excerpt":{"rendered":"<p>Leila Coimbra, da&nbsp;Ag\u00eancia iNFRA Sindicatos\u00a0que representam os trabalhadores e as empresas de telecomunica\u00e7\u00f5es entraram com\u00a0recurso\u00a0junto \u00e0\u00a0ANEEL\u00a0(Ag\u00eancia Nacional de Energia El\u00e9trica)\u00a0contra\u00a0decis\u00e3o que extinguiu o\u00a0processo\u00a0que tratava de regras para o compartilhamento\u00a0de\u00a0postes\u00a0entre as empresas de energia e telecom. As entidades argumentam que o\u00a0arquivamento\u00a0coloca em risco a seguran\u00e7a dos trabalhadores.\u00a0O\u00a0recurso\u00a0foi sorteado nesta segunda-feira (5) para a relatoria do diretor [&hellip;]<\/p>\n","protected":false},"author":1,"featured_media":10065,"comment_status":"closed","ping_status":"closed","sticky":false,"template":"","format":"standard","meta":{"_monsterinsights_skip_tracking":false,"_monsterinsights_sitenote_active":false,"_monsterinsights_sitenote_note":"","_monsterinsights_sitenote_category":0,"footnotes":""},"categories":[7250,9714,1,10],"tags":[494,10887,6040,2234,53,10879,11104,10294,11103,11102,11107,6741,10923,10883,11108,5682,11105,11106,11109,1386,11110],"class_list":["post-18027","post","type-post","status-publish","format-standard","has-post-thumbnail","hentry","category-destaque-lista","category-destaque-menor","category-geral","category-infraenergia","tag-abradee","tag-agencia-nacional","tag-alexandre-silveira","tag-anatel","tag-aneel","tag-compartilhamento-de-postes","tag-contcop","tag-decreto-12-068-2024","tag-federacao-nacional-de-trabalhadores","tag-fenatell","tag-feninfra","tag-juscelino-filho","tag-poste","tag-posteiro","tag-renovacao-das-concessoes","tag-ricardo-tili","tag-seguranca-dos-trabalhadores","tag-sindicatos-de-telecomunicacoes","tag-sintetel","tag-tarifas-de-energia","tag-tecnologia-de-redes"],"yoast_head":"<!-- This site is optimized with the Yoast SEO Premium plugin v25.4 (Yoast SEO v26.0) - https:\/\/yoast.com\/wordpress\/plugins\/seo\/ -->\n<title>Compartilhamento de postes: sindicatos entram com recurso na ANEEL contra arquivamento do processo - Ag\u00eancia iNFRA<\/title>\n<meta name=\"robots\" content=\"index, follow, max-snippet:-1, max-image-preview:large, max-video-preview:-1\" \/>\n<link rel=\"canonical\" href=\"https:\/\/agenciainfra.com\/blog\/compartilhamento-de-postes-sindicatos-entram-com-recurso-na-aneel-contra-arquivamento-do-processo\/\" \/>\n<meta property=\"og:locale\" content=\"pt_BR\" \/>\n<meta property=\"og:type\" content=\"article\" \/>\n<meta property=\"og:title\" content=\"Compartilhamento de postes: sindicatos entram com recurso na ANEEL contra arquivamento do processo\" \/>\n<meta property=\"og:description\" content=\"Leila Coimbra, da&nbsp;Ag\u00eancia iNFRA Sindicatos\u00a0que representam os trabalhadores e as empresas de telecomunica\u00e7\u00f5es entraram com\u00a0recurso\u00a0junto \u00e0\u00a0ANEEL\u00a0(Ag\u00eancia Nacional de Energia El\u00e9trica)\u00a0contra\u00a0decis\u00e3o que extinguiu o\u00a0processo\u00a0que tratava de regras para o compartilhamento\u00a0de\u00a0postes\u00a0entre as empresas de energia e telecom. As entidades argumentam que o\u00a0arquivamento\u00a0coloca em risco a seguran\u00e7a dos trabalhadores.\u00a0O\u00a0recurso\u00a0foi sorteado nesta segunda-feira (5) para a relatoria do diretor [&hellip;]\" \/>\n<meta property=\"og:url\" content=\"https:\/\/agenciainfra.com\/blog\/compartilhamento-de-postes-sindicatos-entram-com-recurso-na-aneel-contra-arquivamento-do-processo\/\" \/>\n<meta property=\"og:site_name\" content=\"Ag\u00eancia iNFRA\" \/>\n<meta property=\"article:publisher\" content=\"https:\/\/www.facebook.com\/ageninfra\" \/>\n<meta property=\"article:published_time\" content=\"2024-08-06T14:00:00+00:00\" \/>\n<meta property=\"article:modified_time\" content=\"2026-03-13T12:21:18+00:00\" \/>\n<meta property=\"og:image\" content=\"https:\/\/agenciainfra.com\/blog\/wp-content\/uploads\/2022\/04\/divulgacao-aneel-scaled-e1770122374333.jpeg\" \/>\n\t<meta property=\"og:image:width\" content=\"1280\" \/>\n\t<meta property=\"og:image:height\" content=\"750\" \/>\n\t<meta property=\"og:image:type\" content=\"image\/jpeg\" \/>\n<meta name=\"author\" content=\"Ag\u00eancia iNFRA\" \/>\n<meta name=\"twitter:card\" content=\"summary_large_image\" \/>\n<meta name=\"twitter:creator\" content=\"@agencia_infra\" \/>\n<meta name=\"twitter:site\" content=\"@agencia_infra\" \/>\n<meta name=\"twitter:label1\" content=\"Escrito por\" \/>\n\t<meta name=\"twitter:data1\" content=\"Ag\u00eancia iNFRA\" \/>\n\t<meta name=\"twitter:label2\" content=\"Est. tempo de leitura\" \/>\n\t<meta name=\"twitter:data2\" content=\"3 minutos\" \/>\n<script type=\"application\/ld+json\" class=\"yoast-schema-graph\">{\"@context\":\"https:\/\/schema.org\",\"@graph\":[{\"@type\":\"Article\",\"@id\":\"https:\/\/agenciainfra.com\/blog\/compartilhamento-de-postes-sindicatos-entram-com-recurso-na-aneel-contra-arquivamento-do-processo\/#article\",\"isPartOf\":{\"@id\":\"https:\/\/agenciainfra.com\/blog\/compartilhamento-de-postes-sindicatos-entram-com-recurso-na-aneel-contra-arquivamento-do-processo\/\"},\"author\":{\"name\":\"Ag\u00eancia iNFRA\",\"@id\":\"https:\/\/agenciainfra.com\/blog\/#\/schema\/person\/34af08dff6adea4cb22b06612ba7acfa\"},\"headline\":\"Compartilhamento de postes: sindicatos entram com recurso na ANEEL contra arquivamento do processo\",\"datePublished\":\"2024-08-06T14:00:00+00:00\",\"dateModified\":\"2026-03-13T12:21:18+00:00\",\"mainEntityOfPage\":{\"@id\":\"https:\/\/agenciainfra.com\/blog\/compartilhamento-de-postes-sindicatos-entram-com-recurso-na-aneel-contra-arquivamento-do-processo\/\"},\"wordCount\":684,\"publisher\":{\"@id\":\"https:\/\/agenciainfra.com\/blog\/#organization\"},\"image\":{\"@id\":\"https:\/\/agenciainfra.com\/blog\/compartilhamento-de-postes-sindicatos-entram-com-recurso-na-aneel-contra-arquivamento-do-processo\/#primaryimage\"},\"thumbnailUrl\":\"https:\/\/agenciainfra.com\/blog\/wp-content\/uploads\/2022\/04\/divulgacao-aneel-scaled-e1770122374333.jpeg\",\"keywords\":[\"Abradee\",\"Ag\u00eancia Nacional\",\"Alexandre Silveira\",\"Anatel\",\"ANEEL\",\"Compartilhamento de postes\",\"Contcop\",\"Decreto 12.068\/2024\",\"Federa\u00e7\u00e3o Nacional de Trabalhadores\",\"Fenatell\",\"Feninfra\",\"Juscelino Filho\",\"Poste\",\"Posteiro\",\"renova\u00e7\u00e3o das concess\u00f5es\",\"Ricardo Tili\",\"seguran\u00e7a dos trabalhadores\",\"sindicatos de telecomunica\u00e7\u00f5es\",\"Sintetel\",\"tarifas de energia\",\"tecnologia de redes\"],\"articleSection\":[\"Destaque lista\",\"Destaque Menor\",\"Geral\",\"iNFRAEnergia\"],\"inLanguage\":\"pt-BR\",\"copyrightYear\":\"2024\",\"copyrightHolder\":{\"@id\":\"https:\/\/agenciainfra.com\/blog\/#organization\"}},{\"@type\":\"WebPage\",\"@id\":\"https:\/\/agenciainfra.com\/blog\/compartilhamento-de-postes-sindicatos-entram-com-recurso-na-aneel-contra-arquivamento-do-processo\/\",\"url\":\"https:\/\/agenciainfra.com\/blog\/compartilhamento-de-postes-sindicatos-entram-com-recurso-na-aneel-contra-arquivamento-do-processo\/\",\"name\":\"Compartilhamento de postes: sindicatos entram com recurso na ANEEL contra arquivamento do processo - Ag\u00eancia iNFRA\",\"isPartOf\":{\"@id\":\"https:\/\/agenciainfra.com\/blog\/#website\"},\"primaryImageOfPage\":{\"@id\":\"https:\/\/agenciainfra.com\/blog\/compartilhamento-de-postes-sindicatos-entram-com-recurso-na-aneel-contra-arquivamento-do-processo\/#primaryimage\"},\"image\":{\"@id\":\"https:\/\/agenciainfra.com\/blog\/compartilhamento-de-postes-sindicatos-entram-com-recurso-na-aneel-contra-arquivamento-do-processo\/#primaryimage\"},\"thumbnailUrl\":\"https:\/\/agenciainfra.com\/blog\/wp-content\/uploads\/2022\/04\/divulgacao-aneel-scaled-e1770122374333.jpeg\",\"datePublished\":\"2024-08-06T14:00:00+00:00\",\"dateModified\":\"2026-03-13T12:21:18+00:00\",\"breadcrumb\":{\"@id\":\"https:\/\/agenciainfra.com\/blog\/compartilhamento-de-postes-sindicatos-entram-com-recurso-na-aneel-contra-arquivamento-do-processo\/#breadcrumb\"},\"inLanguage\":\"pt-BR\",\"potentialAction\":[{\"@type\":\"ReadAction\",\"target\":[\"https:\/\/agenciainfra.com\/blog\/compartilhamento-de-postes-sindicatos-entram-com-recurso-na-aneel-contra-arquivamento-do-processo\/\"]}]},{\"@type\":\"ImageObject\",\"inLanguage\":\"pt-BR\",\"@id\":\"https:\/\/agenciainfra.com\/blog\/compartilhamento-de-postes-sindicatos-entram-com-recurso-na-aneel-contra-arquivamento-do-processo\/#primaryimage\",\"url\":\"https:\/\/agenciainfra.com\/blog\/wp-content\/uploads\/2022\/04\/divulgacao-aneel-scaled-e1770122374333.jpeg\",\"contentUrl\":\"https:\/\/agenciainfra.com\/blog\/wp-content\/uploads\/2022\/04\/divulgacao-aneel-scaled-e1770122374333.jpeg\",\"width\":1280,\"height\":750,\"caption\":\"Foto: ANEEL\"},{\"@type\":\"BreadcrumbList\",\"@id\":\"https:\/\/agenciainfra.com\/blog\/compartilhamento-de-postes-sindicatos-entram-com-recurso-na-aneel-contra-arquivamento-do-processo\/#breadcrumb\",\"itemListElement\":[{\"@type\":\"ListItem\",\"position\":1,\"name\":\"In\u00edcio\",\"item\":\"https:\/\/agenciainfra.com\/blog\/\"},{\"@type\":\"ListItem\",\"position\":2,\"name\":\"Compartilhamento de postes: sindicatos entram com recurso na ANEEL contra arquivamento do processo\"}]},{\"@type\":\"WebSite\",\"@id\":\"https:\/\/agenciainfra.com\/blog\/#website\",\"url\":\"https:\/\/agenciainfra.com\/blog\/\",\"name\":\"Ag\u00eancia iNFRA\",\"description\":\"Multiplataforma de informa\u00e7\u00e3o jornal\u00edstica refer\u00eancia na \u00e1rea de infraestrutura no Brasil!\",\"publisher\":{\"@id\":\"https:\/\/agenciainfra.com\/blog\/#organization\"},\"potentialAction\":[{\"@type\":\"SearchAction\",\"target\":{\"@type\":\"EntryPoint\",\"urlTemplate\":\"https:\/\/agenciainfra.com\/blog\/?s={search_term_string}\"},\"query-input\":{\"@type\":\"PropertyValueSpecification\",\"valueRequired\":true,\"valueName\":\"search_term_string\"}}],\"inLanguage\":\"pt-BR\"},{\"@type\":\"Organization\",\"@id\":\"https:\/\/agenciainfra.com\/blog\/#organization\",\"name\":\"Ag\u00eancia iNFRA\",\"url\":\"https:\/\/agenciainfra.com\/blog\/\",\"logo\":{\"@type\":\"ImageObject\",\"inLanguage\":\"pt-BR\",\"@id\":\"https:\/\/agenciainfra.com\/blog\/#\/schema\/logo\/image\/\",\"url\":\"https:\/\/agenciainfra.com\/blog\/wp-content\/uploads\/2023\/09\/iNFRA_5-e1761735885940.png\",\"contentUrl\":\"https:\/\/agenciainfra.com\/blog\/wp-content\/uploads\/2023\/09\/iNFRA_5-e1761735885940.png\",\"width\":1672,\"height\":454,\"caption\":\"Ag\u00eancia iNFRA\"},\"image\":{\"@id\":\"https:\/\/agenciainfra.com\/blog\/#\/schema\/logo\/image\/\"},\"sameAs\":[\"https:\/\/www.facebook.com\/ageninfra\",\"https:\/\/x.com\/agencia_infra\",\"https:\/\/www.linkedin.com\/company\/ag\u00eanciainfra\/\",\"https:\/\/www.instagram.com\/agenciainfra\/\"]},{\"@type\":\"Person\",\"@id\":\"https:\/\/agenciainfra.com\/blog\/#\/schema\/person\/34af08dff6adea4cb22b06612ba7acfa\",\"name\":\"Ag\u00eancia iNFRA\",\"image\":{\"@type\":\"ImageObject\",\"inLanguage\":\"pt-BR\",\"@id\":\"https:\/\/agenciainfra.com\/blog\/#\/schema\/person\/image\/\",\"url\":\"https:\/\/secure.gravatar.com\/avatar\/d189e01678f06d8eb84d4e01f08eb848b3fffe3f8443818d3c356c66892f5be8?s=96&d=mm&r=g\",\"contentUrl\":\"https:\/\/secure.gravatar.com\/avatar\/d189e01678f06d8eb84d4e01f08eb848b3fffe3f8443818d3c356c66892f5be8?s=96&d=mm&r=g\",\"caption\":\"Ag\u00eancia iNFRA\"},\"url\":\"https:\/\/agenciainfra.com\/blog\/author\/admin\/\"}]}<\/script>\n<!-- \/ Yoast SEO Premium plugin. -->","yoast_head_json":{"title":"Compartilhamento de postes: sindicatos entram com recurso na ANEEL contra arquivamento do processo - Ag\u00eancia iNFRA","robots":{"index":"index","follow":"follow","max-snippet":"max-snippet:-1","max-image-preview":"max-image-preview:large","max-video-preview":"max-video-preview:-1"},"canonical":"https:\/\/agenciainfra.com\/blog\/compartilhamento-de-postes-sindicatos-entram-com-recurso-na-aneel-contra-arquivamento-do-processo\/","og_locale":"pt_BR","og_type":"article","og_title":"Compartilhamento de postes: sindicatos entram com recurso na ANEEL contra arquivamento do processo","og_description":"Leila Coimbra, da&nbsp;Ag\u00eancia iNFRA Sindicatos\u00a0que representam os trabalhadores e as empresas de telecomunica\u00e7\u00f5es entraram com\u00a0recurso\u00a0junto \u00e0\u00a0ANEEL\u00a0(Ag\u00eancia Nacional de Energia El\u00e9trica)\u00a0contra\u00a0decis\u00e3o que extinguiu o\u00a0processo\u00a0que tratava de regras para o compartilhamento\u00a0de\u00a0postes\u00a0entre as empresas de energia e telecom. As entidades argumentam que o\u00a0arquivamento\u00a0coloca em risco a seguran\u00e7a dos trabalhadores.\u00a0O\u00a0recurso\u00a0foi sorteado nesta segunda-feira (5) para a relatoria do diretor [&hellip;]","og_url":"https:\/\/agenciainfra.com\/blog\/compartilhamento-de-postes-sindicatos-entram-com-recurso-na-aneel-contra-arquivamento-do-processo\/","og_site_name":"Ag\u00eancia iNFRA","article_publisher":"https:\/\/www.facebook.com\/ageninfra","article_published_time":"2024-08-06T14:00:00+00:00","article_modified_time":"2026-03-13T12:21:18+00:00","og_image":[{"width":1280,"height":750,"url":"https:\/\/agenciainfra.com\/blog\/wp-content\/uploads\/2022\/04\/divulgacao-aneel-scaled-e1770122374333.jpeg","type":"image\/jpeg"}],"author":"Ag\u00eancia iNFRA","twitter_card":"summary_large_image","twitter_creator":"@agencia_infra","twitter_site":"@agencia_infra","twitter_misc":{"Escrito por":"Ag\u00eancia iNFRA","Est. tempo de leitura":"3 minutos"},"schema":{"@context":"https:\/\/schema.org","@graph":[{"@type":"Article","@id":"https:\/\/agenciainfra.com\/blog\/compartilhamento-de-postes-sindicatos-entram-com-recurso-na-aneel-contra-arquivamento-do-processo\/#article","isPartOf":{"@id":"https:\/\/agenciainfra.com\/blog\/compartilhamento-de-postes-sindicatos-entram-com-recurso-na-aneel-contra-arquivamento-do-processo\/"},"author":{"name":"Ag\u00eancia iNFRA","@id":"https:\/\/agenciainfra.com\/blog\/#\/schema\/person\/34af08dff6adea4cb22b06612ba7acfa"},"headline":"Compartilhamento de postes: sindicatos entram com recurso na ANEEL contra arquivamento do processo","datePublished":"2024-08-06T14:00:00+00:00","dateModified":"2026-03-13T12:21:18+00:00","mainEntityOfPage":{"@id":"https:\/\/agenciainfra.com\/blog\/compartilhamento-de-postes-sindicatos-entram-com-recurso-na-aneel-contra-arquivamento-do-processo\/"},"wordCount":684,"publisher":{"@id":"https:\/\/agenciainfra.com\/blog\/#organization"},"image":{"@id":"https:\/\/agenciainfra.com\/blog\/compartilhamento-de-postes-sindicatos-entram-com-recurso-na-aneel-contra-arquivamento-do-processo\/#primaryimage"},"thumbnailUrl":"https:\/\/agenciainfra.com\/blog\/wp-content\/uploads\/2022\/04\/divulgacao-aneel-scaled-e1770122374333.jpeg","keywords":["Abradee","Ag\u00eancia Nacional","Alexandre Silveira","Anatel","ANEEL","Compartilhamento de postes","Contcop","Decreto 12.068\/2024","Federa\u00e7\u00e3o Nacional de Trabalhadores","Fenatell","Feninfra","Juscelino Filho","Poste","Posteiro","renova\u00e7\u00e3o das concess\u00f5es","Ricardo Tili","seguran\u00e7a dos trabalhadores","sindicatos de telecomunica\u00e7\u00f5es","Sintetel","tarifas de energia","tecnologia de redes"],"articleSection":["Destaque lista","Destaque Menor","Geral","iNFRAEnergia"],"inLanguage":"pt-BR","copyrightYear":"2024","copyrightHolder":{"@id":"https:\/\/agenciainfra.com\/blog\/#organization"}},{"@type":"WebPage","@id":"https:\/\/agenciainfra.com\/blog\/compartilhamento-de-postes-sindicatos-entram-com-recurso-na-aneel-contra-arquivamento-do-processo\/","url":"https:\/\/agenciainfra.com\/blog\/compartilhamento-de-postes-sindicatos-entram-com-recurso-na-aneel-contra-arquivamento-do-processo\/","name":"Compartilhamento de postes: sindicatos entram com recurso na ANEEL contra arquivamento do processo - Ag\u00eancia iNFRA","isPartOf":{"@id":"https:\/\/agenciainfra.com\/blog\/#website"},"primaryImageOfPage":{"@id":"https:\/\/agenciainfra.com\/blog\/compartilhamento-de-postes-sindicatos-entram-com-recurso-na-aneel-contra-arquivamento-do-processo\/#primaryimage"},"image":{"@id":"https:\/\/agenciainfra.com\/blog\/compartilhamento-de-postes-sindicatos-entram-com-recurso-na-aneel-contra-arquivamento-do-processo\/#primaryimage"},"thumbnailUrl":"https:\/\/agenciainfra.com\/blog\/wp-content\/uploads\/2022\/04\/divulgacao-aneel-scaled-e1770122374333.jpeg","datePublished":"2024-08-06T14:00:00+00:00","dateModified":"2026-03-13T12:21:18+00:00","breadcrumb":{"@id":"https:\/\/agenciainfra.com\/blog\/compartilhamento-de-postes-sindicatos-entram-com-recurso-na-aneel-contra-arquivamento-do-processo\/#breadcrumb"},"inLanguage":"pt-BR","potentialAction":[{"@type":"ReadAction","target":["https:\/\/agenciainfra.com\/blog\/compartilhamento-de-postes-sindicatos-entram-com-recurso-na-aneel-contra-arquivamento-do-processo\/"]}]},{"@type":"ImageObject","inLanguage":"pt-BR","@id":"https:\/\/agenciainfra.com\/blog\/compartilhamento-de-postes-sindicatos-entram-com-recurso-na-aneel-contra-arquivamento-do-processo\/#primaryimage","url":"https:\/\/agenciainfra.com\/blog\/wp-content\/uploads\/2022\/04\/divulgacao-aneel-scaled-e1770122374333.jpeg","contentUrl":"https:\/\/agenciainfra.com\/blog\/wp-content\/uploads\/2022\/04\/divulgacao-aneel-scaled-e1770122374333.jpeg","width":1280,"height":750,"caption":"Foto: ANEEL"},{"@type":"BreadcrumbList","@id":"https:\/\/agenciainfra.com\/blog\/compartilhamento-de-postes-sindicatos-entram-com-recurso-na-aneel-contra-arquivamento-do-processo\/#breadcrumb","itemListElement":[{"@type":"ListItem","position":1,"name":"In\u00edcio","item":"https:\/\/agenciainfra.com\/blog\/"},{"@type":"ListItem","position":2,"name":"Compartilhamento de postes: sindicatos entram com recurso na ANEEL contra arquivamento do processo"}]},{"@type":"WebSite","@id":"https:\/\/agenciainfra.com\/blog\/#website","url":"https:\/\/agenciainfra.com\/blog\/","name":"Ag\u00eancia iNFRA","description":"Multiplataforma de informa\u00e7\u00e3o jornal\u00edstica refer\u00eancia na \u00e1rea de infraestrutura no Brasil!","publisher":{"@id":"https:\/\/agenciainfra.com\/blog\/#organization"},"potentialAction":[{"@type":"SearchAction","target":{"@type":"EntryPoint","urlTemplate":"https:\/\/agenciainfra.com\/blog\/?s={search_term_string}"},"query-input":{"@type":"PropertyValueSpecification","valueRequired":true,"valueName":"search_term_string"}}],"inLanguage":"pt-BR"},{"@type":"Organization","@id":"https:\/\/agenciainfra.com\/blog\/#organization","name":"Ag\u00eancia iNFRA","url":"https:\/\/agenciainfra.com\/blog\/","logo":{"@type":"ImageObject","inLanguage":"pt-BR","@id":"https:\/\/agenciainfra.com\/blog\/#\/schema\/logo\/image\/","url":"https:\/\/agenciainfra.com\/blog\/wp-content\/uploads\/2023\/09\/iNFRA_5-e1761735885940.png","contentUrl":"https:\/\/agenciainfra.com\/blog\/wp-content\/uploads\/2023\/09\/iNFRA_5-e1761735885940.png","width":1672,"height":454,"caption":"Ag\u00eancia iNFRA"},"image":{"@id":"https:\/\/agenciainfra.com\/blog\/#\/schema\/logo\/image\/"},"sameAs":["https:\/\/www.facebook.com\/ageninfra","https:\/\/x.com\/agencia_infra","https:\/\/www.linkedin.com\/company\/ag\u00eanciainfra\/","https:\/\/www.instagram.com\/agenciainfra\/"]},{"@type":"Person","@id":"https:\/\/agenciainfra.com\/blog\/#\/schema\/person\/34af08dff6adea4cb22b06612ba7acfa","name":"Ag\u00eancia iNFRA","image":{"@type":"ImageObject","inLanguage":"pt-BR","@id":"https:\/\/agenciainfra.com\/blog\/#\/schema\/person\/image\/","url":"https:\/\/secure.gravatar.com\/avatar\/d189e01678f06d8eb84d4e01f08eb848b3fffe3f8443818d3c356c66892f5be8?s=96&d=mm&r=g","contentUrl":"https:\/\/secure.gravatar.com\/avatar\/d189e01678f06d8eb84d4e01f08eb848b3fffe3f8443818d3c356c66892f5be8?s=96&d=mm&r=g","caption":"Ag\u00eancia iNFRA"},"url":"https:\/\/agenciainfra.com\/blog\/author\/admin\/"}]}},"_links":{"self":[{"href":"https:\/\/agenciainfra.com\/blog\/wp-json\/wp\/v2\/posts\/18027","targetHints":{"allow":["GET"]}}],"collection":[{"href":"https:\/\/agenciainfra.com\/blog\/wp-json\/wp\/v2\/posts"}],"about":[{"href":"https:\/\/agenciainfra.com\/blog\/wp-json\/wp\/v2\/types\/post"}],"author":[{"embeddable":true,"href":"https:\/\/agenciainfra.com\/blog\/wp-json\/wp\/v2\/users\/1"}],"replies":[{"embeddable":true,"href":"https:\/\/agenciainfra.com\/blog\/wp-json\/wp\/v2\/comments?post=18027"}],"version-history":[{"count":3,"href":"https:\/\/agenciainfra.com\/blog\/wp-json\/wp\/v2\/posts\/18027\/revisions"}],"predecessor-version":[{"id":18044,"href":"https:\/\/agenciainfra.com\/blog\/wp-json\/wp\/v2\/posts\/18027\/revisions\/18044"}],"wp:featuredmedia":[{"embeddable":true,"href":"https:\/\/agenciainfra.com\/blog\/wp-json\/wp\/v2\/media\/10065"}],"wp:attachment":[{"href":"https:\/\/agenciainfra.com\/blog\/wp-json\/wp\/v2\/media?parent=18027"}],"wp:term":[{"taxonomy":"category","embeddable":true,"href":"https:\/\/agenciainfra.com\/blog\/wp-json\/wp\/v2\/categories?post=18027"},{"taxonomy":"post_tag","embeddable":true,"href":"https:\/\/agenciainfra.com\/blog\/wp-json\/wp\/v2\/tags?post=18027"}],"curies":[{"name":"wp","href":"https:\/\/api.w.org\/{rel}","templated":true}]}}