{"id":1804,"date":"2018-06-05T13:39:21","date_gmt":"2018-06-05T16:39:21","guid":{"rendered":"http:\/\/www.agenciainfra.com\/blog\/?p=1804"},"modified":"2018-06-05T13:39:21","modified_gmt":"2018-06-05T16:39:21","slug":"infraero-proposta-para-abertura-de-capital-esta-em-analise","status":"publish","type":"post","link":"https:\/\/agenciainfra.com\/blog\/infraero-proposta-para-abertura-de-capital-esta-em-analise\/","title":{"rendered":"Infraero: Proposta para abertura de capital est\u00e1 em an\u00e1lise"},"content":{"rendered":"<p style=\"text-align: right;\"><strong>da Ag\u00eancia iNFRA<\/strong><\/p>\n<p>O governo federal recebeu a proposta da Infraero para a abertura de seu capital at\u00e9 o fim do ano. A tentativa do presidente da empresa, Antonio Claret, era fazer a privatiza\u00e7\u00e3o da companhia, com a venda da maioria das a\u00e7\u00f5es hoje em poder do governo para a iniciativa privada.<\/p>\n<p>Mas o governo trabalha com um horizonte de mais longo prazo para esse tipo de parceria. A ideia \u00e9 fazer uma venda de parte das a\u00e7\u00f5es da companhia para outra empresa do setor, com o controle mantido pelo estado. O modelo segue o que foi feito com a estatal espanhola de aeroportos Aena, que, primeiramente, abriu parte de seu capital.<\/p>\n<p>As estimativas dentro do governo s\u00e3o de que a parceria poderia render mais de R$ 10 bilh\u00f5es para investimentos na empresa. A Infraero passou por um processo interno de mudan\u00e7a que fez com que, em 2017, ela tivesse lucro operacional de pouco mais de R$ 500 milh\u00f5es. No entanto, o tesouro ainda teve que aportar R$ 2 bilh\u00f5es na empresa para a realiza\u00e7\u00e3o de investimentos e para cobrir preju\u00edzo das parecerias que a companhia tem com as concess\u00f5es de aeroportos de 2012\/2014.<\/p>\n<p>Al\u00e9m disso, a companhia ainda sofre com o incha\u00e7o de pessoal, j\u00e1 que ainda n\u00e3o conseguiu reduzir o quadro nas quantidades necess\u00e1rias para sua sustentabilidade ap\u00f3s as concess\u00f5es.<\/p>\n<p>A tentativa da empresa \u00e9 sair da depend\u00eancia de recursos do tesouro. Apesar do projeto estar apresentado, a ideia no Minist\u00e9rio dos Transportes, Portos e Avia\u00e7\u00e3o Civil \u00e9 deixar a companhia preparada para que o pr\u00f3ximo governo tenha condi\u00e7\u00f5es de tomar a decis\u00e3o sobre a melhor maneira da companhia seguir.<\/p>\n<p>&nbsp;<\/p>\n","protected":false},"excerpt":{"rendered":"<p>da Ag\u00eancia iNFRA O governo federal recebeu a proposta da Infraero para a abertura de seu capital at\u00e9 o fim do ano. A tentativa do presidente da empresa, Antonio Claret, era fazer a privatiza\u00e7\u00e3o da companhia, com a venda da maioria das a\u00e7\u00f5es hoje em poder do governo para a iniciativa privada. Mas o governo [&hellip;]<\/p>\n","protected":false},"author":1,"featured_media":0,"comment_status":"closed","ping_status":"open","sticky":false,"template":"","format":"standard","meta":{"_monsterinsights_skip_tracking":false,"_monsterinsights_sitenote_active":false,"_monsterinsights_sitenote_note":"","_monsterinsights_sitenote_category":0,"footnotes":""},"categories":[7],"tags":[107,78,61],"class_list":["post-1804","post","type-post","status-publish","format-standard","hentry","category-infratransporte","tag-aeroportos","tag-concessoes","tag-infraero"],"yoast_head":"<!-- This site is optimized with the Yoast SEO Premium plugin v25.4 (Yoast SEO v26.0) - https:\/\/yoast.com\/wordpress\/plugins\/seo\/ -->\n<title>Infraero: Proposta para abertura de capital est\u00e1 em an\u00e1lise - Ag\u00eancia iNFRA<\/title>\n<meta name=\"robots\" content=\"index, follow, max-snippet:-1, max-image-preview:large, max-video-preview:-1\" \/>\n<link rel=\"canonical\" href=\"https:\/\/agenciainfra.com\/blog\/infraero-proposta-para-abertura-de-capital-esta-em-analise\/\" \/>\n<meta property=\"og:locale\" content=\"pt_BR\" \/>\n<meta property=\"og:type\" content=\"article\" \/>\n<meta property=\"og:title\" content=\"Infraero: Proposta para abertura de capital est\u00e1 em an\u00e1lise\" \/>\n<meta property=\"og:description\" content=\"da Ag\u00eancia iNFRA O governo federal recebeu a proposta da Infraero para a abertura de seu capital at\u00e9 o fim do ano. A tentativa do presidente da empresa, Antonio Claret, era fazer a privatiza\u00e7\u00e3o da companhia, com a venda da maioria das a\u00e7\u00f5es hoje em poder do governo para a iniciativa privada. Mas o governo [&hellip;]\" \/>\n<meta property=\"og:url\" content=\"https:\/\/agenciainfra.com\/blog\/infraero-proposta-para-abertura-de-capital-esta-em-analise\/\" \/>\n<meta property=\"og:site_name\" content=\"Ag\u00eancia iNFRA\" \/>\n<meta property=\"article:publisher\" content=\"https:\/\/www.facebook.com\/ageninfra\" \/>\n<meta property=\"article:published_time\" content=\"2018-06-05T16:39:21+00:00\" \/>\n<meta name=\"author\" content=\"Ag\u00eancia iNFRA\" \/>\n<meta name=\"twitter:card\" content=\"summary_large_image\" \/>\n<meta name=\"twitter:creator\" content=\"@agencia_infra\" \/>\n<meta name=\"twitter:site\" content=\"@agencia_infra\" \/>\n<meta name=\"twitter:label1\" content=\"Escrito por\" \/>\n\t<meta name=\"twitter:data1\" content=\"Ag\u00eancia iNFRA\" \/>\n\t<meta name=\"twitter:label2\" content=\"Est. tempo de leitura\" \/>\n\t<meta name=\"twitter:data2\" content=\"1 minuto\" \/>\n<script type=\"application\/ld+json\" class=\"yoast-schema-graph\">{\"@context\":\"https:\/\/schema.org\",\"@graph\":[{\"@type\":\"Article\",\"@id\":\"https:\/\/agenciainfra.com\/blog\/infraero-proposta-para-abertura-de-capital-esta-em-analise\/#article\",\"isPartOf\":{\"@id\":\"https:\/\/agenciainfra.com\/blog\/infraero-proposta-para-abertura-de-capital-esta-em-analise\/\"},\"author\":{\"name\":\"Ag\u00eancia iNFRA\",\"@id\":\"https:\/\/agenciainfra.com\/blog\/#\/schema\/person\/34af08dff6adea4cb22b06612ba7acfa\"},\"headline\":\"Infraero: Proposta para abertura de capital est\u00e1 em an\u00e1lise\",\"datePublished\":\"2018-06-05T16:39:21+00:00\",\"mainEntityOfPage\":{\"@id\":\"https:\/\/agenciainfra.com\/blog\/infraero-proposta-para-abertura-de-capital-esta-em-analise\/\"},\"wordCount\":299,\"publisher\":{\"@id\":\"https:\/\/agenciainfra.com\/blog\/#organization\"},\"keywords\":[\"aeroportos\",\"concess\u00f5es\",\"Infraero\"],\"articleSection\":[\"iNFRATransporte\"],\"inLanguage\":\"pt-BR\",\"copyrightYear\":\"2018\",\"copyrightHolder\":{\"@id\":\"https:\/\/agenciainfra.com\/blog\/#organization\"}},{\"@type\":\"WebPage\",\"@id\":\"https:\/\/agenciainfra.com\/blog\/infraero-proposta-para-abertura-de-capital-esta-em-analise\/\",\"url\":\"https:\/\/agenciainfra.com\/blog\/infraero-proposta-para-abertura-de-capital-esta-em-analise\/\",\"name\":\"Infraero: Proposta para abertura de capital est\u00e1 em an\u00e1lise - Ag\u00eancia iNFRA\",\"isPartOf\":{\"@id\":\"https:\/\/agenciainfra.com\/blog\/#website\"},\"datePublished\":\"2018-06-05T16:39:21+00:00\",\"breadcrumb\":{\"@id\":\"https:\/\/agenciainfra.com\/blog\/infraero-proposta-para-abertura-de-capital-esta-em-analise\/#breadcrumb\"},\"inLanguage\":\"pt-BR\",\"potentialAction\":[{\"@type\":\"ReadAction\",\"target\":[\"https:\/\/agenciainfra.com\/blog\/infraero-proposta-para-abertura-de-capital-esta-em-analise\/\"]}]},{\"@type\":\"BreadcrumbList\",\"@id\":\"https:\/\/agenciainfra.com\/blog\/infraero-proposta-para-abertura-de-capital-esta-em-analise\/#breadcrumb\",\"itemListElement\":[{\"@type\":\"ListItem\",\"position\":1,\"name\":\"In\u00edcio\",\"item\":\"https:\/\/agenciainfra.com\/blog\/\"},{\"@type\":\"ListItem\",\"position\":2,\"name\":\"Infraero: Proposta para abertura de capital est\u00e1 em an\u00e1lise\"}]},{\"@type\":\"WebSite\",\"@id\":\"https:\/\/agenciainfra.com\/blog\/#website\",\"url\":\"https:\/\/agenciainfra.com\/blog\/\",\"name\":\"Ag\u00eancia iNFRA\",\"description\":\"Multiplataforma de informa\u00e7\u00e3o jornal\u00edstica refer\u00eancia na \u00e1rea de infraestrutura no Brasil!\",\"publisher\":{\"@id\":\"https:\/\/agenciainfra.com\/blog\/#organization\"},\"potentialAction\":[{\"@type\":\"SearchAction\",\"target\":{\"@type\":\"EntryPoint\",\"urlTemplate\":\"https:\/\/agenciainfra.com\/blog\/?s={search_term_string}\"},\"query-input\":{\"@type\":\"PropertyValueSpecification\",\"valueRequired\":true,\"valueName\":\"search_term_string\"}}],\"inLanguage\":\"pt-BR\"},{\"@type\":\"Organization\",\"@id\":\"https:\/\/agenciainfra.com\/blog\/#organization\",\"name\":\"Ag\u00eancia iNFRA\",\"url\":\"https:\/\/agenciainfra.com\/blog\/\",\"logo\":{\"@type\":\"ImageObject\",\"inLanguage\":\"pt-BR\",\"@id\":\"https:\/\/agenciainfra.com\/blog\/#\/schema\/logo\/image\/\",\"url\":\"https:\/\/agenciainfra.com\/blog\/wp-content\/uploads\/2023\/09\/iNFRA_5-e1761735885940.png\",\"contentUrl\":\"https:\/\/agenciainfra.com\/blog\/wp-content\/uploads\/2023\/09\/iNFRA_5-e1761735885940.png\",\"width\":1672,\"height\":454,\"caption\":\"Ag\u00eancia iNFRA\"},\"image\":{\"@id\":\"https:\/\/agenciainfra.com\/blog\/#\/schema\/logo\/image\/\"},\"sameAs\":[\"https:\/\/www.facebook.com\/ageninfra\",\"https:\/\/x.com\/agencia_infra\",\"https:\/\/www.linkedin.com\/company\/ag\u00eanciainfra\/\",\"https:\/\/www.instagram.com\/agenciainfra\/\"]},{\"@type\":\"Person\",\"@id\":\"https:\/\/agenciainfra.com\/blog\/#\/schema\/person\/34af08dff6adea4cb22b06612ba7acfa\",\"name\":\"Ag\u00eancia iNFRA\",\"image\":{\"@type\":\"ImageObject\",\"inLanguage\":\"pt-BR\",\"@id\":\"https:\/\/agenciainfra.com\/blog\/#\/schema\/person\/image\/\",\"url\":\"https:\/\/secure.gravatar.com\/avatar\/d189e01678f06d8eb84d4e01f08eb848b3fffe3f8443818d3c356c66892f5be8?s=96&d=mm&r=g\",\"contentUrl\":\"https:\/\/secure.gravatar.com\/avatar\/d189e01678f06d8eb84d4e01f08eb848b3fffe3f8443818d3c356c66892f5be8?s=96&d=mm&r=g\",\"caption\":\"Ag\u00eancia iNFRA\"},\"url\":\"https:\/\/agenciainfra.com\/blog\/author\/admin\/\"}]}<\/script>\n<!-- \/ Yoast SEO Premium plugin. -->","yoast_head_json":{"title":"Infraero: Proposta para abertura de capital est\u00e1 em an\u00e1lise - Ag\u00eancia iNFRA","robots":{"index":"index","follow":"follow","max-snippet":"max-snippet:-1","max-image-preview":"max-image-preview:large","max-video-preview":"max-video-preview:-1"},"canonical":"https:\/\/agenciainfra.com\/blog\/infraero-proposta-para-abertura-de-capital-esta-em-analise\/","og_locale":"pt_BR","og_type":"article","og_title":"Infraero: Proposta para abertura de capital est\u00e1 em an\u00e1lise","og_description":"da Ag\u00eancia iNFRA O governo federal recebeu a proposta da Infraero para a abertura de seu capital at\u00e9 o fim do ano. A tentativa do presidente da empresa, Antonio Claret, era fazer a privatiza\u00e7\u00e3o da companhia, com a venda da maioria das a\u00e7\u00f5es hoje em poder do governo para a iniciativa privada. Mas o governo [&hellip;]","og_url":"https:\/\/agenciainfra.com\/blog\/infraero-proposta-para-abertura-de-capital-esta-em-analise\/","og_site_name":"Ag\u00eancia iNFRA","article_publisher":"https:\/\/www.facebook.com\/ageninfra","article_published_time":"2018-06-05T16:39:21+00:00","author":"Ag\u00eancia iNFRA","twitter_card":"summary_large_image","twitter_creator":"@agencia_infra","twitter_site":"@agencia_infra","twitter_misc":{"Escrito por":"Ag\u00eancia iNFRA","Est. tempo de leitura":"1 minuto"},"schema":{"@context":"https:\/\/schema.org","@graph":[{"@type":"Article","@id":"https:\/\/agenciainfra.com\/blog\/infraero-proposta-para-abertura-de-capital-esta-em-analise\/#article","isPartOf":{"@id":"https:\/\/agenciainfra.com\/blog\/infraero-proposta-para-abertura-de-capital-esta-em-analise\/"},"author":{"name":"Ag\u00eancia iNFRA","@id":"https:\/\/agenciainfra.com\/blog\/#\/schema\/person\/34af08dff6adea4cb22b06612ba7acfa"},"headline":"Infraero: Proposta para abertura de capital est\u00e1 em an\u00e1lise","datePublished":"2018-06-05T16:39:21+00:00","mainEntityOfPage":{"@id":"https:\/\/agenciainfra.com\/blog\/infraero-proposta-para-abertura-de-capital-esta-em-analise\/"},"wordCount":299,"publisher":{"@id":"https:\/\/agenciainfra.com\/blog\/#organization"},"keywords":["aeroportos","concess\u00f5es","Infraero"],"articleSection":["iNFRATransporte"],"inLanguage":"pt-BR","copyrightYear":"2018","copyrightHolder":{"@id":"https:\/\/agenciainfra.com\/blog\/#organization"}},{"@type":"WebPage","@id":"https:\/\/agenciainfra.com\/blog\/infraero-proposta-para-abertura-de-capital-esta-em-analise\/","url":"https:\/\/agenciainfra.com\/blog\/infraero-proposta-para-abertura-de-capital-esta-em-analise\/","name":"Infraero: Proposta para abertura de capital est\u00e1 em an\u00e1lise - Ag\u00eancia iNFRA","isPartOf":{"@id":"https:\/\/agenciainfra.com\/blog\/#website"},"datePublished":"2018-06-05T16:39:21+00:00","breadcrumb":{"@id":"https:\/\/agenciainfra.com\/blog\/infraero-proposta-para-abertura-de-capital-esta-em-analise\/#breadcrumb"},"inLanguage":"pt-BR","potentialAction":[{"@type":"ReadAction","target":["https:\/\/agenciainfra.com\/blog\/infraero-proposta-para-abertura-de-capital-esta-em-analise\/"]}]},{"@type":"BreadcrumbList","@id":"https:\/\/agenciainfra.com\/blog\/infraero-proposta-para-abertura-de-capital-esta-em-analise\/#breadcrumb","itemListElement":[{"@type":"ListItem","position":1,"name":"In\u00edcio","item":"https:\/\/agenciainfra.com\/blog\/"},{"@type":"ListItem","position":2,"name":"Infraero: Proposta para abertura de capital est\u00e1 em an\u00e1lise"}]},{"@type":"WebSite","@id":"https:\/\/agenciainfra.com\/blog\/#website","url":"https:\/\/agenciainfra.com\/blog\/","name":"Ag\u00eancia iNFRA","description":"Multiplataforma de informa\u00e7\u00e3o jornal\u00edstica refer\u00eancia na \u00e1rea de infraestrutura no Brasil!","publisher":{"@id":"https:\/\/agenciainfra.com\/blog\/#organization"},"potentialAction":[{"@type":"SearchAction","target":{"@type":"EntryPoint","urlTemplate":"https:\/\/agenciainfra.com\/blog\/?s={search_term_string}"},"query-input":{"@type":"PropertyValueSpecification","valueRequired":true,"valueName":"search_term_string"}}],"inLanguage":"pt-BR"},{"@type":"Organization","@id":"https:\/\/agenciainfra.com\/blog\/#organization","name":"Ag\u00eancia iNFRA","url":"https:\/\/agenciainfra.com\/blog\/","logo":{"@type":"ImageObject","inLanguage":"pt-BR","@id":"https:\/\/agenciainfra.com\/blog\/#\/schema\/logo\/image\/","url":"https:\/\/agenciainfra.com\/blog\/wp-content\/uploads\/2023\/09\/iNFRA_5-e1761735885940.png","contentUrl":"https:\/\/agenciainfra.com\/blog\/wp-content\/uploads\/2023\/09\/iNFRA_5-e1761735885940.png","width":1672,"height":454,"caption":"Ag\u00eancia iNFRA"},"image":{"@id":"https:\/\/agenciainfra.com\/blog\/#\/schema\/logo\/image\/"},"sameAs":["https:\/\/www.facebook.com\/ageninfra","https:\/\/x.com\/agencia_infra","https:\/\/www.linkedin.com\/company\/ag\u00eanciainfra\/","https:\/\/www.instagram.com\/agenciainfra\/"]},{"@type":"Person","@id":"https:\/\/agenciainfra.com\/blog\/#\/schema\/person\/34af08dff6adea4cb22b06612ba7acfa","name":"Ag\u00eancia iNFRA","image":{"@type":"ImageObject","inLanguage":"pt-BR","@id":"https:\/\/agenciainfra.com\/blog\/#\/schema\/person\/image\/","url":"https:\/\/secure.gravatar.com\/avatar\/d189e01678f06d8eb84d4e01f08eb848b3fffe3f8443818d3c356c66892f5be8?s=96&d=mm&r=g","contentUrl":"https:\/\/secure.gravatar.com\/avatar\/d189e01678f06d8eb84d4e01f08eb848b3fffe3f8443818d3c356c66892f5be8?s=96&d=mm&r=g","caption":"Ag\u00eancia iNFRA"},"url":"https:\/\/agenciainfra.com\/blog\/author\/admin\/"}]}},"_links":{"self":[{"href":"https:\/\/agenciainfra.com\/blog\/wp-json\/wp\/v2\/posts\/1804","targetHints":{"allow":["GET"]}}],"collection":[{"href":"https:\/\/agenciainfra.com\/blog\/wp-json\/wp\/v2\/posts"}],"about":[{"href":"https:\/\/agenciainfra.com\/blog\/wp-json\/wp\/v2\/types\/post"}],"author":[{"embeddable":true,"href":"https:\/\/agenciainfra.com\/blog\/wp-json\/wp\/v2\/users\/1"}],"replies":[{"embeddable":true,"href":"https:\/\/agenciainfra.com\/blog\/wp-json\/wp\/v2\/comments?post=1804"}],"version-history":[{"count":0,"href":"https:\/\/agenciainfra.com\/blog\/wp-json\/wp\/v2\/posts\/1804\/revisions"}],"wp:attachment":[{"href":"https:\/\/agenciainfra.com\/blog\/wp-json\/wp\/v2\/media?parent=1804"}],"wp:term":[{"taxonomy":"category","embeddable":true,"href":"https:\/\/agenciainfra.com\/blog\/wp-json\/wp\/v2\/categories?post=1804"},{"taxonomy":"post_tag","embeddable":true,"href":"https:\/\/agenciainfra.com\/blog\/wp-json\/wp\/v2\/tags?post=1804"}],"curies":[{"name":"wp","href":"https:\/\/api.w.org\/{rel}","templated":true}]}}