{"id":18067,"date":"2024-08-08T13:00:00","date_gmt":"2024-08-08T16:00:00","guid":{"rendered":"https:\/\/agenciainfra.com\/blog\/?p=18067"},"modified":"2024-08-09T11:17:03","modified_gmt":"2024-08-09T14:17:03","slug":"costa-filho-confirma-leiloes-e-securitizacao-neste-mes-e-liberacao-do-pedral-do-lourenco-em-outubro","status":"publish","type":"post","link":"https:\/\/agenciainfra.com\/blog\/costa-filho-confirma-leiloes-e-securitizacao-neste-mes-e-liberacao-do-pedral-do-lourenco-em-outubro\/","title":{"rendered":"Costa Filho confirma leil\u00f5es e securitiza\u00e7\u00e3o neste m\u00eas, e libera\u00e7\u00e3o do Pedral do Louren\u00e7o em outubro"},"content":{"rendered":"\n<p class=\"has-text-align-right\"><strong>Sheyla Santos, da Ag\u00eancia iNFRA<\/strong><\/p>\n\n\n\n<p>O ministro de Portos e Aeroportos, Silvio Costa Filho, confirmou que estar\u00e1 na B3, em 22 de agosto, participando de cinco leil\u00f5es importantes para o setor portu\u00e1rio no Recife e no Rio de Janeiro. O terminal VDC04, no Par\u00e1, vai ficar, segundo ele, para um outro momento. \u201cPossivelmente no leil\u00e3o de setembro ou dezembro\u201d, disse em evento da ANTAQ (Ag\u00eancia Nacional de Transportes Aquavi\u00e1rios).<br><br>Costa Filho disse ainda que deve anunciar, no in\u00edcio da pr\u00f3xima semana, um modelo de&nbsp;securitiza\u00e7\u00e3o para os setores portu\u00e1rio e de avia\u00e7\u00e3o, a exemplo do setor de transportes. Sobre o derrocamento do&nbsp;Pedral do Louren\u00e7o, o ministro afirmou que, depois de 20 anos, finalmente, haver\u00e1 uma libera\u00e7\u00e3o.<br><br>\u201c\u00c9 muito importante aquela obra que vai ajudar na hidrovia do Tocantins, do Arco Norte. Vai fortalecer muito aquela regi\u00e3o para ajudar no escoamento da&nbsp; produ\u00e7\u00e3o&#8221;,&nbsp;afirmou o ministro que depois&nbsp;participou de cermin\u00f4nia de entrega da premia\u00e7\u00e3o Portos +Brasil. Os vencedores podem ser vistos&nbsp;<a href=\"https:\/\/agenciainfra.us14.list-manage.com\/track\/click?u=d460dd1bcf9ba0ae040e1fc0f&amp;id=7362366935&amp;e=f0fa444791\" target=\"_blank\" rel=\"noreferrer noopener\">neste link<\/a>.<br><br><strong>Dados do setor<\/strong><br>As falas ocorreram durante a divulga\u00e7\u00e3o do \u201cEstat\u00edstico Aquavi\u00e1rio\u201d, organizado pela ANTAQ.&nbsp;Leia&nbsp;<a href=\"https:\/\/agenciainfra.us14.list-manage.com\/track\/click?u=d460dd1bcf9ba0ae040e1fc0f&amp;id=c4f59b896e&amp;e=f0fa444791\" target=\"_blank\" rel=\"noreferrer noopener\">aqui a&nbsp;apresenta\u00e7\u00e3o<\/a>. Segundo a ag\u00eancia, o setor teve crescimento de 4,28% no primeiro semestre de 2024 na compara\u00e7\u00e3o com o mesmo per\u00edodo de 2023, movimentando 644,76 milh\u00f5es de toneladas de cargas.<br><br>O documento tamb\u00e9m destaca uma movimenta\u00e7\u00e3o recorde de cargas conteinerizadas no primeiro semestre de 2024, com crescimento de 22,72%.&nbsp;Nos primeiros seis meses do ano, houve crescimento de 30,22% na cabotagem de cont\u00eainer em compara\u00e7\u00e3o ao primeiro semestre de 2023.<br><br>\u201cCom base no hist\u00f3rico da movimenta\u00e7\u00e3o de cont\u00eaineres dos \u00faltimos quatro anos, sinaliza-se uma retomada da atividade em diversos portos do pa\u00eds, o que demonstra um crescimento cont\u00ednuo\u201d, diz a ag\u00eancia no documento, acrescentando que a movimenta\u00e7\u00e3o recorde de cont\u00eaineres superou a performance observada em 2021, quando o transporte de mercadorias via cont\u00eainer foi \u201csignificativo\u201d.<br><br><strong>Movimenta\u00e7\u00e3o por regi\u00f5es<\/strong><br>A regi\u00e3o com maior movimenta\u00e7\u00e3o foi a Sudeste, que atingiu 322,5 milh\u00f5es de toneladas no primeiro semestre (+6,1%), com destaque para as movimenta\u00e7\u00f5es de petr\u00f3leo e derivados e min\u00e9rio de ferro.&nbsp;Na sequ\u00eancia, a regi\u00e3o Nordeste totalizou 149,2 milh\u00f5es de toneladas na movimenta\u00e7\u00e3o de cargas (+4,1%), com destaque para min\u00e9rio de ferro (+6,16%) e petr\u00f3leo e derivados (+2,38%).<br><br>A regi\u00e3o Sul, por sua vez, movimentou 90,8 milh\u00f5es de toneladas de cargas (+4,6%), com predomin\u00e2ncia para a\u00e7\u00facar (+77,60%) e soja (+18,31%). J\u00e1 a regi\u00e3o Norte movimentou 79,5 milh\u00f5es de toneladas de cargas (+0,6%). Os produtos em destaque foram milho (+17,92%) e bauxita (+3,16%). O Centro-Oeste, por sua vez, sofreu com mudan\u00e7as clim\u00e1ticas e teve share residual de aproximadamente 0,5%. Houve recuo na movimenta\u00e7\u00e3o de soja (60,1%) e min\u00e9rio de ferro (39,7%).<br><br><strong>Navega\u00e7\u00e3o<\/strong><br>A ANTAQ tamb\u00e9m apresentou o dado de movimenta\u00e7\u00e3o de cargas de longo curso no per\u00edodo, que foi de 452,9 milh\u00f5es de toneladas no primeiro semestre de 2024, crescimento de 5,69% em compara\u00e7\u00e3o com o mesmo per\u00edodo do ano passado. A cabotagem apresentou alta de 3,94% em compara\u00e7\u00e3o com o mesmo per\u00edodo do ano passado, movimentando 147,7 milh\u00f5es de toneladas.&nbsp;<br><br>O documento da ANTAQ destaca que o apoio mar\u00edtimo teve crescimento de 10,61%, com movimenta\u00e7\u00e3o de 0,6 milh\u00f5es de&nbsp;toneladas. A navega\u00e7\u00e3o interior decresceu 7,47% nos primeiros seis meses do ano, atingindo uma movimenta\u00e7\u00e3o de 42,6 milh\u00f5es de toneladas. Tamb\u00e9m houve recuo de 12,67% em opera\u00e7\u00f5es de carga feitas em apoio portu\u00e1rio.<\/p>\n","protected":false},"excerpt":{"rendered":"<p>Sheyla Santos, da Ag\u00eancia iNFRA O ministro de Portos e Aeroportos, Silvio Costa Filho, confirmou que estar\u00e1 na B3, em 22 de agosto, participando de cinco leil\u00f5es importantes para o setor portu\u00e1rio no Recife e no Rio de Janeiro. O terminal VDC04, no Par\u00e1, vai ficar, segundo ele, para um outro momento. \u201cPossivelmente no leil\u00e3o [&hellip;]<\/p>\n","protected":false},"author":1,"featured_media":17216,"comment_status":"closed","ping_status":"closed","sticky":false,"template":"","format":"standard","meta":{"_monsterinsights_skip_tracking":false,"_monsterinsights_sitenote_active":false,"_monsterinsights_sitenote_note":"","_monsterinsights_sitenote_category":0,"footnotes":""},"categories":[1,7],"tags":[10887,72,46,86,1324,236,4822,407,7439,346,11154,11156,688,1501,310,11157,11153,5560,1654,11060,3182,11155,1201,70,5653],"class_list":["post-18067","post","type-post","status-publish","format-standard","has-post-thumbnail","hentry","category-geral","category-infratransporte","tag-agencia-nacional","tag-agencia-reguladora","tag-agencias-reguladoras","tag-antaq","tag-arco-norte","tag-aviacao","tag-b3","tag-cabotagem","tag-estatistico-aquaviario","tag-leiloes","tag-memoria","tag-movimentacao","tag-para","tag-pedral-do-lourenco","tag-portos","tag-portos-brasil","tag-portuario","tag-recife","tag-rio-de-janeiro","tag-rio-tocantins","tag-securitizacao","tag-setor","tag-setor-portuario","tag-transportes","tag-vdc04"],"yoast_head":"<!-- This site is optimized with the Yoast SEO Premium plugin v25.4 (Yoast SEO v26.0) - https:\/\/yoast.com\/wordpress\/plugins\/seo\/ -->\n<title>Costa Filho confirma leil\u00f5es e securitiza\u00e7\u00e3o neste m\u00eas, e libera\u00e7\u00e3o do Pedral do Louren\u00e7o em outubro - Ag\u00eancia iNFRA<\/title>\n<meta name=\"robots\" content=\"index, follow, max-snippet:-1, max-image-preview:large, max-video-preview:-1\" \/>\n<link rel=\"canonical\" href=\"https:\/\/agenciainfra.com\/blog\/costa-filho-confirma-leiloes-e-securitizacao-neste-mes-e-liberacao-do-pedral-do-lourenco-em-outubro\/\" \/>\n<meta property=\"og:locale\" content=\"pt_BR\" \/>\n<meta property=\"og:type\" content=\"article\" \/>\n<meta property=\"og:title\" content=\"Costa Filho confirma leil\u00f5es e securitiza\u00e7\u00e3o neste m\u00eas, e libera\u00e7\u00e3o do Pedral do Louren\u00e7o em outubro\" \/>\n<meta property=\"og:description\" content=\"Sheyla Santos, da Ag\u00eancia iNFRA O ministro de Portos e Aeroportos, Silvio Costa Filho, confirmou que estar\u00e1 na B3, em 22 de agosto, participando de cinco leil\u00f5es importantes para o setor portu\u00e1rio no Recife e no Rio de Janeiro. O terminal VDC04, no Par\u00e1, vai ficar, segundo ele, para um outro momento. \u201cPossivelmente no leil\u00e3o [&hellip;]\" \/>\n<meta property=\"og:url\" content=\"https:\/\/agenciainfra.com\/blog\/costa-filho-confirma-leiloes-e-securitizacao-neste-mes-e-liberacao-do-pedral-do-lourenco-em-outubro\/\" \/>\n<meta property=\"og:site_name\" content=\"Ag\u00eancia iNFRA\" \/>\n<meta property=\"article:publisher\" content=\"https:\/\/www.facebook.com\/ageninfra\" \/>\n<meta property=\"article:published_time\" content=\"2024-08-08T16:00:00+00:00\" \/>\n<meta property=\"article:modified_time\" content=\"2024-08-09T14:17:03+00:00\" \/>\n<meta property=\"og:image\" content=\"https:\/\/agenciainfra.com\/blog\/wp-content\/uploads\/2024\/06\/silvio-costa-filho-foto-agencia-brasil-2.jpg\" \/>\n\t<meta property=\"og:image:width\" content=\"1202\" \/>\n\t<meta property=\"og:image:height\" content=\"801\" \/>\n\t<meta property=\"og:image:type\" content=\"image\/jpeg\" \/>\n<meta name=\"author\" content=\"Ag\u00eancia iNFRA\" \/>\n<meta name=\"twitter:card\" content=\"summary_large_image\" \/>\n<meta name=\"twitter:creator\" content=\"@agencia_infra\" \/>\n<meta name=\"twitter:site\" content=\"@agencia_infra\" \/>\n<meta name=\"twitter:label1\" content=\"Escrito por\" \/>\n\t<meta name=\"twitter:data1\" content=\"Ag\u00eancia iNFRA\" \/>\n\t<meta name=\"twitter:label2\" content=\"Est. tempo de leitura\" \/>\n\t<meta name=\"twitter:data2\" content=\"3 minutos\" \/>\n<script type=\"application\/ld+json\" class=\"yoast-schema-graph\">{\"@context\":\"https:\/\/schema.org\",\"@graph\":[{\"@type\":\"Article\",\"@id\":\"https:\/\/agenciainfra.com\/blog\/costa-filho-confirma-leiloes-e-securitizacao-neste-mes-e-liberacao-do-pedral-do-lourenco-em-outubro\/#article\",\"isPartOf\":{\"@id\":\"https:\/\/agenciainfra.com\/blog\/costa-filho-confirma-leiloes-e-securitizacao-neste-mes-e-liberacao-do-pedral-do-lourenco-em-outubro\/\"},\"author\":{\"name\":\"Ag\u00eancia iNFRA\",\"@id\":\"https:\/\/agenciainfra.com\/blog\/#\/schema\/person\/34af08dff6adea4cb22b06612ba7acfa\"},\"headline\":\"Costa Filho confirma leil\u00f5es e securitiza\u00e7\u00e3o neste m\u00eas, e libera\u00e7\u00e3o do Pedral do Louren\u00e7o em outubro\",\"datePublished\":\"2024-08-08T16:00:00+00:00\",\"dateModified\":\"2024-08-09T14:17:03+00:00\",\"mainEntityOfPage\":{\"@id\":\"https:\/\/agenciainfra.com\/blog\/costa-filho-confirma-leiloes-e-securitizacao-neste-mes-e-liberacao-do-pedral-do-lourenco-em-outubro\/\"},\"wordCount\":628,\"publisher\":{\"@id\":\"https:\/\/agenciainfra.com\/blog\/#organization\"},\"image\":{\"@id\":\"https:\/\/agenciainfra.com\/blog\/costa-filho-confirma-leiloes-e-securitizacao-neste-mes-e-liberacao-do-pedral-do-lourenco-em-outubro\/#primaryimage\"},\"thumbnailUrl\":\"https:\/\/agenciainfra.com\/blog\/wp-content\/uploads\/2024\/06\/silvio-costa-filho-foto-agencia-brasil-2.jpg\",\"keywords\":[\"Ag\u00eancia Nacional\",\"ag\u00eancia reguladora\",\"Ag\u00eancias Reguladoras\",\"ANTAQ\",\"Arco Norte\",\"avia\u00e7\u00e3o\",\"B3\",\"cabotagem\",\"Estat\u00edstico aquavi\u00e1rio\",\"leil\u00f5es\",\"mem\u00f3ria\",\"movimenta\u00e7\u00e3o\",\"Par\u00e1\",\"Pedral do Louren\u00e7o\",\"portos\",\"Portos +Brasil\",\"portu\u00e1rio\",\"Recife\",\"Rio de Janeiro\",\"rio Tocantins\",\"securitiza\u00e7\u00e3o\",\"setor\",\"setor portu\u00e1rio\",\"transportes\",\"VDC04\"],\"articleSection\":[\"Geral\",\"iNFRATransporte\"],\"inLanguage\":\"pt-BR\",\"copyrightYear\":\"2024\",\"copyrightHolder\":{\"@id\":\"https:\/\/agenciainfra.com\/blog\/#organization\"}},{\"@type\":\"WebPage\",\"@id\":\"https:\/\/agenciainfra.com\/blog\/costa-filho-confirma-leiloes-e-securitizacao-neste-mes-e-liberacao-do-pedral-do-lourenco-em-outubro\/\",\"url\":\"https:\/\/agenciainfra.com\/blog\/costa-filho-confirma-leiloes-e-securitizacao-neste-mes-e-liberacao-do-pedral-do-lourenco-em-outubro\/\",\"name\":\"Costa Filho confirma leil\u00f5es e securitiza\u00e7\u00e3o neste m\u00eas, e libera\u00e7\u00e3o do Pedral do Louren\u00e7o em outubro - Ag\u00eancia iNFRA\",\"isPartOf\":{\"@id\":\"https:\/\/agenciainfra.com\/blog\/#website\"},\"primaryImageOfPage\":{\"@id\":\"https:\/\/agenciainfra.com\/blog\/costa-filho-confirma-leiloes-e-securitizacao-neste-mes-e-liberacao-do-pedral-do-lourenco-em-outubro\/#primaryimage\"},\"image\":{\"@id\":\"https:\/\/agenciainfra.com\/blog\/costa-filho-confirma-leiloes-e-securitizacao-neste-mes-e-liberacao-do-pedral-do-lourenco-em-outubro\/#primaryimage\"},\"thumbnailUrl\":\"https:\/\/agenciainfra.com\/blog\/wp-content\/uploads\/2024\/06\/silvio-costa-filho-foto-agencia-brasil-2.jpg\",\"datePublished\":\"2024-08-08T16:00:00+00:00\",\"dateModified\":\"2024-08-09T14:17:03+00:00\",\"breadcrumb\":{\"@id\":\"https:\/\/agenciainfra.com\/blog\/costa-filho-confirma-leiloes-e-securitizacao-neste-mes-e-liberacao-do-pedral-do-lourenco-em-outubro\/#breadcrumb\"},\"inLanguage\":\"pt-BR\",\"potentialAction\":[{\"@type\":\"ReadAction\",\"target\":[\"https:\/\/agenciainfra.com\/blog\/costa-filho-confirma-leiloes-e-securitizacao-neste-mes-e-liberacao-do-pedral-do-lourenco-em-outubro\/\"]}]},{\"@type\":\"ImageObject\",\"inLanguage\":\"pt-BR\",\"@id\":\"https:\/\/agenciainfra.com\/blog\/costa-filho-confirma-leiloes-e-securitizacao-neste-mes-e-liberacao-do-pedral-do-lourenco-em-outubro\/#primaryimage\",\"url\":\"https:\/\/agenciainfra.com\/blog\/wp-content\/uploads\/2024\/06\/silvio-costa-filho-foto-agencia-brasil-2.jpg\",\"contentUrl\":\"https:\/\/agenciainfra.com\/blog\/wp-content\/uploads\/2024\/06\/silvio-costa-filho-foto-agencia-brasil-2.jpg\",\"width\":1202,\"height\":801},{\"@type\":\"BreadcrumbList\",\"@id\":\"https:\/\/agenciainfra.com\/blog\/costa-filho-confirma-leiloes-e-securitizacao-neste-mes-e-liberacao-do-pedral-do-lourenco-em-outubro\/#breadcrumb\",\"itemListElement\":[{\"@type\":\"ListItem\",\"position\":1,\"name\":\"In\u00edcio\",\"item\":\"https:\/\/agenciainfra.com\/blog\/\"},{\"@type\":\"ListItem\",\"position\":2,\"name\":\"Costa Filho confirma leil\u00f5es e securitiza\u00e7\u00e3o neste m\u00eas, e libera\u00e7\u00e3o do Pedral do Louren\u00e7o em outubro\"}]},{\"@type\":\"WebSite\",\"@id\":\"https:\/\/agenciainfra.com\/blog\/#website\",\"url\":\"https:\/\/agenciainfra.com\/blog\/\",\"name\":\"Ag\u00eancia iNFRA\",\"description\":\"Multiplataforma de informa\u00e7\u00e3o jornal\u00edstica refer\u00eancia na \u00e1rea de infraestrutura no Brasil!\",\"publisher\":{\"@id\":\"https:\/\/agenciainfra.com\/blog\/#organization\"},\"potentialAction\":[{\"@type\":\"SearchAction\",\"target\":{\"@type\":\"EntryPoint\",\"urlTemplate\":\"https:\/\/agenciainfra.com\/blog\/?s={search_term_string}\"},\"query-input\":{\"@type\":\"PropertyValueSpecification\",\"valueRequired\":true,\"valueName\":\"search_term_string\"}}],\"inLanguage\":\"pt-BR\"},{\"@type\":\"Organization\",\"@id\":\"https:\/\/agenciainfra.com\/blog\/#organization\",\"name\":\"Ag\u00eancia iNFRA\",\"url\":\"https:\/\/agenciainfra.com\/blog\/\",\"logo\":{\"@type\":\"ImageObject\",\"inLanguage\":\"pt-BR\",\"@id\":\"https:\/\/agenciainfra.com\/blog\/#\/schema\/logo\/image\/\",\"url\":\"https:\/\/agenciainfra.com\/blog\/wp-content\/uploads\/2023\/09\/iNFRA_5-e1761735885940.png\",\"contentUrl\":\"https:\/\/agenciainfra.com\/blog\/wp-content\/uploads\/2023\/09\/iNFRA_5-e1761735885940.png\",\"width\":1672,\"height\":454,\"caption\":\"Ag\u00eancia iNFRA\"},\"image\":{\"@id\":\"https:\/\/agenciainfra.com\/blog\/#\/schema\/logo\/image\/\"},\"sameAs\":[\"https:\/\/www.facebook.com\/ageninfra\",\"https:\/\/x.com\/agencia_infra\",\"https:\/\/www.linkedin.com\/company\/ag\u00eanciainfra\/\",\"https:\/\/www.instagram.com\/agenciainfra\/\"]},{\"@type\":\"Person\",\"@id\":\"https:\/\/agenciainfra.com\/blog\/#\/schema\/person\/34af08dff6adea4cb22b06612ba7acfa\",\"name\":\"Ag\u00eancia iNFRA\",\"image\":{\"@type\":\"ImageObject\",\"inLanguage\":\"pt-BR\",\"@id\":\"https:\/\/agenciainfra.com\/blog\/#\/schema\/person\/image\/\",\"url\":\"https:\/\/secure.gravatar.com\/avatar\/d189e01678f06d8eb84d4e01f08eb848b3fffe3f8443818d3c356c66892f5be8?s=96&d=mm&r=g\",\"contentUrl\":\"https:\/\/secure.gravatar.com\/avatar\/d189e01678f06d8eb84d4e01f08eb848b3fffe3f8443818d3c356c66892f5be8?s=96&d=mm&r=g\",\"caption\":\"Ag\u00eancia iNFRA\"},\"url\":\"https:\/\/agenciainfra.com\/blog\/author\/admin\/\"}]}<\/script>\n<!-- \/ Yoast SEO Premium plugin. -->","yoast_head_json":{"title":"Costa Filho confirma leil\u00f5es e securitiza\u00e7\u00e3o neste m\u00eas, e libera\u00e7\u00e3o do Pedral do Louren\u00e7o em outubro - Ag\u00eancia iNFRA","robots":{"index":"index","follow":"follow","max-snippet":"max-snippet:-1","max-image-preview":"max-image-preview:large","max-video-preview":"max-video-preview:-1"},"canonical":"https:\/\/agenciainfra.com\/blog\/costa-filho-confirma-leiloes-e-securitizacao-neste-mes-e-liberacao-do-pedral-do-lourenco-em-outubro\/","og_locale":"pt_BR","og_type":"article","og_title":"Costa Filho confirma leil\u00f5es e securitiza\u00e7\u00e3o neste m\u00eas, e libera\u00e7\u00e3o do Pedral do Louren\u00e7o em outubro","og_description":"Sheyla Santos, da Ag\u00eancia iNFRA O ministro de Portos e Aeroportos, Silvio Costa Filho, confirmou que estar\u00e1 na B3, em 22 de agosto, participando de cinco leil\u00f5es importantes para o setor portu\u00e1rio no Recife e no Rio de Janeiro. O terminal VDC04, no Par\u00e1, vai ficar, segundo ele, para um outro momento. \u201cPossivelmente no leil\u00e3o [&hellip;]","og_url":"https:\/\/agenciainfra.com\/blog\/costa-filho-confirma-leiloes-e-securitizacao-neste-mes-e-liberacao-do-pedral-do-lourenco-em-outubro\/","og_site_name":"Ag\u00eancia iNFRA","article_publisher":"https:\/\/www.facebook.com\/ageninfra","article_published_time":"2024-08-08T16:00:00+00:00","article_modified_time":"2024-08-09T14:17:03+00:00","og_image":[{"width":1202,"height":801,"url":"https:\/\/agenciainfra.com\/blog\/wp-content\/uploads\/2024\/06\/silvio-costa-filho-foto-agencia-brasil-2.jpg","type":"image\/jpeg"}],"author":"Ag\u00eancia iNFRA","twitter_card":"summary_large_image","twitter_creator":"@agencia_infra","twitter_site":"@agencia_infra","twitter_misc":{"Escrito por":"Ag\u00eancia iNFRA","Est. tempo de leitura":"3 minutos"},"schema":{"@context":"https:\/\/schema.org","@graph":[{"@type":"Article","@id":"https:\/\/agenciainfra.com\/blog\/costa-filho-confirma-leiloes-e-securitizacao-neste-mes-e-liberacao-do-pedral-do-lourenco-em-outubro\/#article","isPartOf":{"@id":"https:\/\/agenciainfra.com\/blog\/costa-filho-confirma-leiloes-e-securitizacao-neste-mes-e-liberacao-do-pedral-do-lourenco-em-outubro\/"},"author":{"name":"Ag\u00eancia iNFRA","@id":"https:\/\/agenciainfra.com\/blog\/#\/schema\/person\/34af08dff6adea4cb22b06612ba7acfa"},"headline":"Costa Filho confirma leil\u00f5es e securitiza\u00e7\u00e3o neste m\u00eas, e libera\u00e7\u00e3o do Pedral do Louren\u00e7o em outubro","datePublished":"2024-08-08T16:00:00+00:00","dateModified":"2024-08-09T14:17:03+00:00","mainEntityOfPage":{"@id":"https:\/\/agenciainfra.com\/blog\/costa-filho-confirma-leiloes-e-securitizacao-neste-mes-e-liberacao-do-pedral-do-lourenco-em-outubro\/"},"wordCount":628,"publisher":{"@id":"https:\/\/agenciainfra.com\/blog\/#organization"},"image":{"@id":"https:\/\/agenciainfra.com\/blog\/costa-filho-confirma-leiloes-e-securitizacao-neste-mes-e-liberacao-do-pedral-do-lourenco-em-outubro\/#primaryimage"},"thumbnailUrl":"https:\/\/agenciainfra.com\/blog\/wp-content\/uploads\/2024\/06\/silvio-costa-filho-foto-agencia-brasil-2.jpg","keywords":["Ag\u00eancia Nacional","ag\u00eancia reguladora","Ag\u00eancias Reguladoras","ANTAQ","Arco Norte","avia\u00e7\u00e3o","B3","cabotagem","Estat\u00edstico aquavi\u00e1rio","leil\u00f5es","mem\u00f3ria","movimenta\u00e7\u00e3o","Par\u00e1","Pedral do Louren\u00e7o","portos","Portos +Brasil","portu\u00e1rio","Recife","Rio de Janeiro","rio Tocantins","securitiza\u00e7\u00e3o","setor","setor portu\u00e1rio","transportes","VDC04"],"articleSection":["Geral","iNFRATransporte"],"inLanguage":"pt-BR","copyrightYear":"2024","copyrightHolder":{"@id":"https:\/\/agenciainfra.com\/blog\/#organization"}},{"@type":"WebPage","@id":"https:\/\/agenciainfra.com\/blog\/costa-filho-confirma-leiloes-e-securitizacao-neste-mes-e-liberacao-do-pedral-do-lourenco-em-outubro\/","url":"https:\/\/agenciainfra.com\/blog\/costa-filho-confirma-leiloes-e-securitizacao-neste-mes-e-liberacao-do-pedral-do-lourenco-em-outubro\/","name":"Costa Filho confirma leil\u00f5es e securitiza\u00e7\u00e3o neste m\u00eas, e libera\u00e7\u00e3o do Pedral do Louren\u00e7o em outubro - Ag\u00eancia iNFRA","isPartOf":{"@id":"https:\/\/agenciainfra.com\/blog\/#website"},"primaryImageOfPage":{"@id":"https:\/\/agenciainfra.com\/blog\/costa-filho-confirma-leiloes-e-securitizacao-neste-mes-e-liberacao-do-pedral-do-lourenco-em-outubro\/#primaryimage"},"image":{"@id":"https:\/\/agenciainfra.com\/blog\/costa-filho-confirma-leiloes-e-securitizacao-neste-mes-e-liberacao-do-pedral-do-lourenco-em-outubro\/#primaryimage"},"thumbnailUrl":"https:\/\/agenciainfra.com\/blog\/wp-content\/uploads\/2024\/06\/silvio-costa-filho-foto-agencia-brasil-2.jpg","datePublished":"2024-08-08T16:00:00+00:00","dateModified":"2024-08-09T14:17:03+00:00","breadcrumb":{"@id":"https:\/\/agenciainfra.com\/blog\/costa-filho-confirma-leiloes-e-securitizacao-neste-mes-e-liberacao-do-pedral-do-lourenco-em-outubro\/#breadcrumb"},"inLanguage":"pt-BR","potentialAction":[{"@type":"ReadAction","target":["https:\/\/agenciainfra.com\/blog\/costa-filho-confirma-leiloes-e-securitizacao-neste-mes-e-liberacao-do-pedral-do-lourenco-em-outubro\/"]}]},{"@type":"ImageObject","inLanguage":"pt-BR","@id":"https:\/\/agenciainfra.com\/blog\/costa-filho-confirma-leiloes-e-securitizacao-neste-mes-e-liberacao-do-pedral-do-lourenco-em-outubro\/#primaryimage","url":"https:\/\/agenciainfra.com\/blog\/wp-content\/uploads\/2024\/06\/silvio-costa-filho-foto-agencia-brasil-2.jpg","contentUrl":"https:\/\/agenciainfra.com\/blog\/wp-content\/uploads\/2024\/06\/silvio-costa-filho-foto-agencia-brasil-2.jpg","width":1202,"height":801},{"@type":"BreadcrumbList","@id":"https:\/\/agenciainfra.com\/blog\/costa-filho-confirma-leiloes-e-securitizacao-neste-mes-e-liberacao-do-pedral-do-lourenco-em-outubro\/#breadcrumb","itemListElement":[{"@type":"ListItem","position":1,"name":"In\u00edcio","item":"https:\/\/agenciainfra.com\/blog\/"},{"@type":"ListItem","position":2,"name":"Costa Filho confirma leil\u00f5es e securitiza\u00e7\u00e3o neste m\u00eas, e libera\u00e7\u00e3o do Pedral do Louren\u00e7o em outubro"}]},{"@type":"WebSite","@id":"https:\/\/agenciainfra.com\/blog\/#website","url":"https:\/\/agenciainfra.com\/blog\/","name":"Ag\u00eancia iNFRA","description":"Multiplataforma de informa\u00e7\u00e3o jornal\u00edstica refer\u00eancia na \u00e1rea de infraestrutura no Brasil!","publisher":{"@id":"https:\/\/agenciainfra.com\/blog\/#organization"},"potentialAction":[{"@type":"SearchAction","target":{"@type":"EntryPoint","urlTemplate":"https:\/\/agenciainfra.com\/blog\/?s={search_term_string}"},"query-input":{"@type":"PropertyValueSpecification","valueRequired":true,"valueName":"search_term_string"}}],"inLanguage":"pt-BR"},{"@type":"Organization","@id":"https:\/\/agenciainfra.com\/blog\/#organization","name":"Ag\u00eancia iNFRA","url":"https:\/\/agenciainfra.com\/blog\/","logo":{"@type":"ImageObject","inLanguage":"pt-BR","@id":"https:\/\/agenciainfra.com\/blog\/#\/schema\/logo\/image\/","url":"https:\/\/agenciainfra.com\/blog\/wp-content\/uploads\/2023\/09\/iNFRA_5-e1761735885940.png","contentUrl":"https:\/\/agenciainfra.com\/blog\/wp-content\/uploads\/2023\/09\/iNFRA_5-e1761735885940.png","width":1672,"height":454,"caption":"Ag\u00eancia iNFRA"},"image":{"@id":"https:\/\/agenciainfra.com\/blog\/#\/schema\/logo\/image\/"},"sameAs":["https:\/\/www.facebook.com\/ageninfra","https:\/\/x.com\/agencia_infra","https:\/\/www.linkedin.com\/company\/ag\u00eanciainfra\/","https:\/\/www.instagram.com\/agenciainfra\/"]},{"@type":"Person","@id":"https:\/\/agenciainfra.com\/blog\/#\/schema\/person\/34af08dff6adea4cb22b06612ba7acfa","name":"Ag\u00eancia iNFRA","image":{"@type":"ImageObject","inLanguage":"pt-BR","@id":"https:\/\/agenciainfra.com\/blog\/#\/schema\/person\/image\/","url":"https:\/\/secure.gravatar.com\/avatar\/d189e01678f06d8eb84d4e01f08eb848b3fffe3f8443818d3c356c66892f5be8?s=96&d=mm&r=g","contentUrl":"https:\/\/secure.gravatar.com\/avatar\/d189e01678f06d8eb84d4e01f08eb848b3fffe3f8443818d3c356c66892f5be8?s=96&d=mm&r=g","caption":"Ag\u00eancia iNFRA"},"url":"https:\/\/agenciainfra.com\/blog\/author\/admin\/"}]}},"_links":{"self":[{"href":"https:\/\/agenciainfra.com\/blog\/wp-json\/wp\/v2\/posts\/18067","targetHints":{"allow":["GET"]}}],"collection":[{"href":"https:\/\/agenciainfra.com\/blog\/wp-json\/wp\/v2\/posts"}],"about":[{"href":"https:\/\/agenciainfra.com\/blog\/wp-json\/wp\/v2\/types\/post"}],"author":[{"embeddable":true,"href":"https:\/\/agenciainfra.com\/blog\/wp-json\/wp\/v2\/users\/1"}],"replies":[{"embeddable":true,"href":"https:\/\/agenciainfra.com\/blog\/wp-json\/wp\/v2\/comments?post=18067"}],"version-history":[{"count":1,"href":"https:\/\/agenciainfra.com\/blog\/wp-json\/wp\/v2\/posts\/18067\/revisions"}],"predecessor-version":[{"id":18068,"href":"https:\/\/agenciainfra.com\/blog\/wp-json\/wp\/v2\/posts\/18067\/revisions\/18068"}],"wp:featuredmedia":[{"embeddable":true,"href":"https:\/\/agenciainfra.com\/blog\/wp-json\/wp\/v2\/media\/17216"}],"wp:attachment":[{"href":"https:\/\/agenciainfra.com\/blog\/wp-json\/wp\/v2\/media?parent=18067"}],"wp:term":[{"taxonomy":"category","embeddable":true,"href":"https:\/\/agenciainfra.com\/blog\/wp-json\/wp\/v2\/categories?post=18067"},{"taxonomy":"post_tag","embeddable":true,"href":"https:\/\/agenciainfra.com\/blog\/wp-json\/wp\/v2\/tags?post=18067"}],"curies":[{"name":"wp","href":"https:\/\/api.w.org\/{rel}","templated":true}]}}