{"id":18108,"date":"2024-08-13T07:00:00","date_gmt":"2024-08-13T10:00:00","guid":{"rendered":"https:\/\/agenciainfra.com\/blog\/?p=18108"},"modified":"2026-03-13T09:21:13","modified_gmt":"2026-03-13T12:21:13","slug":"maior-terminal-da-vale-e-irregular-diz-br-infra-em-disputa-por-area-em-itaqui-para-terminal-privado","status":"publish","type":"post","link":"https:\/\/agenciainfra.com\/blog\/maior-terminal-da-vale-e-irregular-diz-br-infra-em-disputa-por-area-em-itaqui-para-terminal-privado\/","title":{"rendered":"Maior terminal da Vale \u00e9 irregular, diz BR Infra em disputa por \u00e1rea em Itaqui para terminal privado"},"content":{"rendered":"\n<p class=\"has-text-align-right\"><strong>Dimmi Amora,&nbsp;da&nbsp;Ag\u00eancia&nbsp;iNFRA<\/strong><\/p>\n\n\n\n<p>O TPPM (Terminal\u00a0Portu\u00e1rio\u00a0da\u00a0Ponta\u00a0da\u00a0Madeira),\u00a0em\u00a0Itaqui\u00a0(MA), o\u00a0maior\u00a0terminal\u00a0portu\u00e1rio\u00a0da\u00a0Vale\u00a0para\u00a0o transporte de min\u00e9rio, teria recebido de forma\u00a0irregular\u00a0a autoriza\u00e7\u00e3o\u00a0para\u00a0operar como TUP (Terminal\u00a0de Uso\u00a0Privado).<br><br>A acusa\u00e7\u00e3o foi feita pela\u00a0BR\u00a0Infra\u00a0num processo\u00a0em\u00a0que as duas empresas disputam uma\u00a0\u00e1rea\u00a0na regi\u00e3o\u00a0para\u00a0um novo TUP. O TPPM movimentou\u00a0em\u00a02023 mais de 160\u00a0milh\u00f5es de toneladas de min\u00e9rio\u00a0em\u00a0um ano.<br><br>A\u00a0BR\u00a0Infra\u00a0pertence ao grupo WTorre e solicitou \u00e0 ANTAQ (Ag\u00eancia Nacional de Transportes Aquavi\u00e1rios) a\u00a0<a href=\"https:\/\/agenciainfra.us14.list-manage.com\/track\/click?u=d460dd1bcf9ba0ae040e1fc0f&amp;id=bac062a6dc&amp;e=f0fa444791\" target=\"_blank\" rel=\"noreferrer noopener\">autoriza\u00e7\u00e3o\u00a0para\u00a0implantar<\/a>\u00a0um TUP de 357 mil metros quadrados\u00a0para\u00a0movimentar gr\u00e3os e fertilizantes numa primeira etapa e posteriormente min\u00e9rio. A estimativa\u00a0\u00e9\u00a0de uma capacidade de 44 milh\u00f5es de toneladas ao ano de movimenta\u00e7\u00e3o.<br><br>Por\u00a0estar\u00a0em\u00a0\u00e1rea\u00a0pr\u00f3xima ao TPPM e a uma\u00a0\u00e1rea\u00a0que seria utilizada\u00a0para\u00a0instala\u00e7\u00e3o de um projeto de energia solar de outra empresa, a GDE, foi necess\u00e1rio fazer estudos\u00a0para\u00a0avaliar a viabilidade locacional do novo TUP e saber se n\u00e3o haveria interfer\u00eancias com o Ponta\u00a0da\u00a0Madeira, especialmente\u00a0em\u00a0rela\u00e7\u00e3o \u00e0s manobras de navios.<br><br>De acordo com o relator do processo na ANTAQ, o diretor Alber Vasconcelos, esses estudos foram realizados de forma aprofundada, com a participa\u00e7\u00e3o de integrantes\u00a0da\u00a0pr\u00f3pria\u00a0Vale, e ficou demonstrado que n\u00e3o havia qualquer interfer\u00eancia nas manobras\u00a0para\u00a0a opera\u00e7\u00e3o dos dois terminais, portanto eles eram compat\u00edveis. O problema com a GDE tamb\u00e9m foi resolvido.<br><br>Mas, depois que a an\u00e1lise locacional foi conclu\u00edda, a\u00a0Vale\u00a0apontou um novo problema: o de que o terreno onde estaria o novo\u00a0terminal\u00a0da\u00a0BR\u00a0Infra\u00a0na verdade seria uma\u00a0\u00e1rea\u00a0da\u00a0Uni\u00e3o que estava\u00a0em\u00a0poder dela\u00a0por\u00a0um decreto de 1978 que passou a\u00a0\u00e1rea\u00a0para\u00a0o uso\u00a0da\u00a0empresa.<br><br><strong>SPU\u00a0diz\u00a0que terreno\u00a0\u00e9\u00a0da\u00a0BR\u00a0Infra<\/strong><br>A\u00a0BR\u00a0Infra\u00a0foi ent\u00e3o \u00e0 SPU (Superintend\u00eancia do Patrim\u00f4nio\u00a0da\u00a0Uni\u00e3o)\u00a0para\u00a0questionar se o terreno o qual ela tinha recebido permiss\u00e3o\u00a0da\u00a0Uni\u00e3o\u00a0para\u00a0utilizar era\u00a0da\u00a0Vale. A SPU n\u00e3o somente reconheceu que o terreno poderia ser usado pela\u00a0BR\u00a0Infra\u00a0como informou que a matr\u00edcula apresentada pela\u00a0Vale\u00a0n\u00e3o seria v\u00e1lida. Essa matr\u00edcula\u00a0\u00e9\u00a0a mesma que d\u00e1 a ela o direito de usar o\u00a0terreno onde est\u00e1 o TPPM.<br><br>&#8220;N\u00e3o h\u00e1 d\u00favidas de que a apresenta\u00e7\u00e3o\u00a0da\u00a0nova matr\u00edcula pela\u00a0VALE\u00a0traduz-se no reconhecimento\u00a0da\u00a0exist\u00eancia de v\u00edcio processual incorrido na celebra\u00e7\u00e3o do Contrato de Ades\u00e3o N\u00ba 07\/2014&#8221;, informam os advogados\u00a0da\u00a0BR\u00a0Infra\u00a0em\u00a0<a href=\"https:\/\/agenciainfra.us14.list-manage.com\/track\/click?u=d460dd1bcf9ba0ae040e1fc0f&amp;id=2143fa6fe6&amp;e=f0fa444791\" target=\"_blank\" rel=\"noreferrer noopener\">peti\u00e7\u00e3o no processo<\/a>, referindo-se ao contrato de ades\u00e3o do TPPM. &#8220;Neste movimento, a\u00a0VALE\u00a0acabou\u00a0por\u00a0confessar que a Matr\u00edcula 2279, documento basilar utilizado na outorga do TMPM\u00a0para\u00a0a defini\u00e7\u00e3o\u00a0da\u00a0\u00e1rea\u00a0da\u00a0sua instala\u00e7\u00e3o portu\u00e1ria e\u00a0para\u00a0comprova\u00e7\u00e3o do eventual dom\u00ednio,\u00a0\u00e9\u00a0insubsistente\u00a0para\u00a0produzir os seus fins.&#8221;<br><br>J\u00e1 os advogados\u00a0da\u00a0Vale\u00a0<a href=\"https:\/\/agenciainfra.us14.list-manage.com\/track\/click?u=d460dd1bcf9ba0ae040e1fc0f&amp;id=0a4684b5b4&amp;e=f0fa444791\" target=\"_blank\" rel=\"noreferrer noopener\">afirmam<\/a>\u00a0que a empresa tem a posse de toda a\u00a0\u00e1rea, inclusive do terreno\u00a0para\u00a0o TUP\u00a0da\u00a0BR\u00a0Infra, e, &#8220;considerando a controv\u00e9rsia posta [&#8230;] houve\u00a0por\u00a0bem ajuizar &#8216;A\u00e7\u00e3o declarat\u00f3ria de dom\u00ednio \u00fatil imobili\u00e1rio e anulat\u00f3ria de escritura p\u00fablica de compra e venda de im\u00f3vel c\/c pedidos de cancelamento de registro imobili\u00e1rio e de tutela de urg\u00eancia&#8217; (&#8216;A\u00e7\u00e3o&#8217;),\u00a0em\u00a0face\u00a0da\u00a0BR\u00a0Infra\u00a0e\u00a0da\u00a0WTP, a fim de ter assegurados e reconhecidos seus direitos preexistentes sobre a\u00a0\u00e1rea\u00a0em\u00a0quest\u00e3o&#8221;.<br><br><strong>&#8220;Ins\u00f3lito&#8221;<\/strong><br>Com a informa\u00e7\u00e3o, os advogados tentavam convencer a ANTAQ a n\u00e3o apreciar o processo\u00a0para\u00a0autorizar o TUP\u00a0da\u00a0WTorre, mas a diretoria\u00a0da\u00a0ag\u00eancia considerou que, com a informa\u00e7\u00e3o\u00a0da\u00a0SPU de que o terreno est\u00e1 de posse\u00a0da\u00a0WTorre e n\u00e3o houve comprova\u00e7\u00e3o de inviabilidade locacional, n\u00e3o h\u00e1 motivos\u00a0para\u00a0negar o pedido de autoriza\u00e7\u00e3o.<br><br>&#8220;N\u00e3o temos como substituir a SPU&#8221;, disse Vasconcelos durante seu voto na reuni\u00e3o\u00a0da\u00a0ag\u00eancia no fim de julho, que foi acompanhado pelo revisor, o diretor-geral\u00a0da\u00a0ag\u00eancia, Eduardo Nery, que havia pedido vista\u00a0por\u00a0ter achado o caso &#8220;ins\u00f3lito&#8221;.<br><br>O diretor Vasconcelos foi al\u00e9m e pediu\u00a0para\u00a0que a\u00a0\u00e1rea\u00a0t\u00e9cnica\u00a0da\u00a0ag\u00eancia examine o processo de autoriza\u00e7\u00e3o do TPPM\u00a0para\u00a0verificar se houve incorre\u00e7\u00f5es. O processo foi aprovado pelos demais diretores e agora vai\u00a0para\u00a0o Minist\u00e9rio de Portos e Aeroportos, que tem a palavra final\u00a0para\u00a0autorizar TUPs, com a informa\u00e7\u00e3o sobre a\u00a0disputa\u00a0pelo terreno.<\/p>\n\n\n\n<p><em>Atualiza\u00e7\u00e3o em 13 de agosto de 2024: Ap\u00f3s a publica\u00e7\u00e3o da reportagem, a Vale encaminhou novo posicionamento no qual diz que &#8220;O Terminal Mar\u00edtimo de Ponta da Madeira opera de maneira regular, com todas as licen\u00e7as vigentes desde 1986 e atualmente responde por 15% de toda a movimenta\u00e7\u00e3o de carga do Pa\u00eds. Sobre a controv\u00e9rsia relacionada \u00e0 propriedade do terreno pretendido para a instala\u00e7\u00e3o de um Terminal de Uso Privado, a Vale est\u00e1 reivindicando na justi\u00e7a a fim de ter assegurados e reconhecidos seus direitos preexistentes sobre a \u00e1rea em quest\u00e3o.&#8221;<\/em><\/p>\n\n\n\n<p><em>A\u00a0BR\u00a0Infra, que tamb\u00e9m havia sido procurada pela\u00a0<strong>Ag\u00eancia\u00a0iNFRA<\/strong>, ainda n\u00e3o se manifestou.<\/em><\/p>\n","protected":false},"excerpt":{"rendered":"<p>Dimmi Amora,&nbsp;da&nbsp;Ag\u00eancia&nbsp;iNFRA O TPPM (Terminal\u00a0Portu\u00e1rio\u00a0da\u00a0Ponta\u00a0da\u00a0Madeira),\u00a0em\u00a0Itaqui\u00a0(MA), o\u00a0maior\u00a0terminal\u00a0portu\u00e1rio\u00a0da\u00a0Vale\u00a0para\u00a0o transporte de min\u00e9rio, teria recebido de forma\u00a0irregular\u00a0a autoriza\u00e7\u00e3o\u00a0para\u00a0operar como TUP (Terminal\u00a0de Uso\u00a0Privado). A acusa\u00e7\u00e3o foi feita pela\u00a0BR\u00a0Infra\u00a0num processo\u00a0em\u00a0que as duas empresas disputam uma\u00a0\u00e1rea\u00a0na regi\u00e3o\u00a0para\u00a0um novo TUP. O TPPM movimentou\u00a0em\u00a02023 mais de 160\u00a0milh\u00f5es de toneladas de min\u00e9rio\u00a0em\u00a0um ano. A\u00a0BR\u00a0Infra\u00a0pertence ao grupo WTorre e solicitou \u00e0 ANTAQ (Ag\u00eancia Nacional de Transportes [&hellip;]<\/p>\n","protected":false},"author":1,"featured_media":18109,"comment_status":"closed","ping_status":"closed","sticky":false,"template":"","format":"standard","meta":{"_monsterinsights_skip_tracking":false,"_monsterinsights_sitenote_active":false,"_monsterinsights_sitenote_note":"","_monsterinsights_sitenote_category":0,"footnotes":""},"categories":[7248,7250,9714,1,7],"tags":[6094,86,11200,11199,2932,11201,1726,11198,3850,10250,3330,11202,3254,90,83,11203],"class_list":["post-18108","post","type-post","status-publish","format-standard","has-post-thumbnail","hentry","category-cabecalho","category-destaque-lista","category-destaque-menor","category-geral","category-infratransporte","tag-alber-vasconcelos","tag-antaq","tag-br-infra","tag-conflito-de-terreno","tag-eduardo-nery","tag-gde","tag-infraestrutura-portuaria","tag-marcos-aurelio-barcelos","tag-ponta-da-madeira","tag-portos-e-aeroportos","tag-spu","tag-superintendencia-do-patrimonio-da-uniao","tag-terminal-de-uso-privado","tag-terminal-portuario","tag-vale","tag-wtorre"],"yoast_head":"<!-- This site is optimized with the Yoast SEO Premium plugin v25.4 (Yoast SEO v26.0) - https:\/\/yoast.com\/wordpress\/plugins\/seo\/ -->\n<title>Maior terminal da Vale \u00e9 irregular, diz BR Infra em disputa por \u00e1rea em Itaqui para terminal privado - Ag\u00eancia iNFRA<\/title>\n<meta name=\"robots\" content=\"index, follow, max-snippet:-1, max-image-preview:large, max-video-preview:-1\" \/>\n<link rel=\"canonical\" href=\"https:\/\/agenciainfra.com\/blog\/maior-terminal-da-vale-e-irregular-diz-br-infra-em-disputa-por-area-em-itaqui-para-terminal-privado\/\" \/>\n<meta property=\"og:locale\" content=\"pt_BR\" \/>\n<meta property=\"og:type\" content=\"article\" \/>\n<meta property=\"og:title\" content=\"Maior terminal da Vale \u00e9 irregular, diz BR Infra em disputa por \u00e1rea em Itaqui para terminal privado\" \/>\n<meta property=\"og:description\" content=\"Dimmi Amora,&nbsp;da&nbsp;Ag\u00eancia&nbsp;iNFRA O TPPM (Terminal\u00a0Portu\u00e1rio\u00a0da\u00a0Ponta\u00a0da\u00a0Madeira),\u00a0em\u00a0Itaqui\u00a0(MA), o\u00a0maior\u00a0terminal\u00a0portu\u00e1rio\u00a0da\u00a0Vale\u00a0para\u00a0o transporte de min\u00e9rio, teria recebido de forma\u00a0irregular\u00a0a autoriza\u00e7\u00e3o\u00a0para\u00a0operar como TUP (Terminal\u00a0de Uso\u00a0Privado). A acusa\u00e7\u00e3o foi feita pela\u00a0BR\u00a0Infra\u00a0num processo\u00a0em\u00a0que as duas empresas disputam uma\u00a0\u00e1rea\u00a0na regi\u00e3o\u00a0para\u00a0um novo TUP. O TPPM movimentou\u00a0em\u00a02023 mais de 160\u00a0milh\u00f5es de toneladas de min\u00e9rio\u00a0em\u00a0um ano. A\u00a0BR\u00a0Infra\u00a0pertence ao grupo WTorre e solicitou \u00e0 ANTAQ (Ag\u00eancia Nacional de Transportes [&hellip;]\" \/>\n<meta property=\"og:url\" content=\"https:\/\/agenciainfra.com\/blog\/maior-terminal-da-vale-e-irregular-diz-br-infra-em-disputa-por-area-em-itaqui-para-terminal-privado\/\" \/>\n<meta property=\"og:site_name\" content=\"Ag\u00eancia iNFRA\" \/>\n<meta property=\"article:publisher\" content=\"https:\/\/www.facebook.com\/ageninfra\" \/>\n<meta property=\"article:published_time\" content=\"2024-08-13T10:00:00+00:00\" \/>\n<meta property=\"article:modified_time\" content=\"2026-03-13T12:21:13+00:00\" \/>\n<meta property=\"og:image\" content=\"https:\/\/agenciainfra.com\/blog\/wp-content\/uploads\/2024\/08\/porto-do-itaqui-foto-ascom.jpg\" \/>\n\t<meta property=\"og:image:width\" content=\"1202\" \/>\n\t<meta property=\"og:image:height\" content=\"801\" \/>\n\t<meta property=\"og:image:type\" content=\"image\/jpeg\" \/>\n<meta name=\"author\" content=\"Ag\u00eancia iNFRA\" \/>\n<meta name=\"twitter:card\" content=\"summary_large_image\" \/>\n<meta name=\"twitter:creator\" content=\"@agencia_infra\" \/>\n<meta name=\"twitter:site\" content=\"@agencia_infra\" \/>\n<meta name=\"twitter:label1\" content=\"Escrito por\" \/>\n\t<meta name=\"twitter:data1\" content=\"Ag\u00eancia iNFRA\" \/>\n\t<meta name=\"twitter:label2\" content=\"Est. tempo de leitura\" \/>\n\t<meta name=\"twitter:data2\" content=\"5 minutos\" \/>\n<script type=\"application\/ld+json\" class=\"yoast-schema-graph\">{\"@context\":\"https:\/\/schema.org\",\"@graph\":[{\"@type\":\"Article\",\"@id\":\"https:\/\/agenciainfra.com\/blog\/maior-terminal-da-vale-e-irregular-diz-br-infra-em-disputa-por-area-em-itaqui-para-terminal-privado\/#article\",\"isPartOf\":{\"@id\":\"https:\/\/agenciainfra.com\/blog\/maior-terminal-da-vale-e-irregular-diz-br-infra-em-disputa-por-area-em-itaqui-para-terminal-privado\/\"},\"author\":{\"name\":\"Ag\u00eancia iNFRA\",\"@id\":\"https:\/\/agenciainfra.com\/blog\/#\/schema\/person\/34af08dff6adea4cb22b06612ba7acfa\"},\"headline\":\"Maior terminal da Vale \u00e9 irregular, diz BR Infra em disputa por \u00e1rea em Itaqui para terminal privado\",\"datePublished\":\"2024-08-13T10:00:00+00:00\",\"dateModified\":\"2026-03-13T12:21:13+00:00\",\"mainEntityOfPage\":{\"@id\":\"https:\/\/agenciainfra.com\/blog\/maior-terminal-da-vale-e-irregular-diz-br-infra-em-disputa-por-area-em-itaqui-para-terminal-privado\/\"},\"wordCount\":927,\"publisher\":{\"@id\":\"https:\/\/agenciainfra.com\/blog\/#organization\"},\"image\":{\"@id\":\"https:\/\/agenciainfra.com\/blog\/maior-terminal-da-vale-e-irregular-diz-br-infra-em-disputa-por-area-em-itaqui-para-terminal-privado\/#primaryimage\"},\"thumbnailUrl\":\"https:\/\/agenciainfra.com\/blog\/wp-content\/uploads\/2024\/08\/porto-do-itaqui-foto-ascom.jpg\",\"keywords\":[\"Alber Vasconcelos\",\"ANTAQ\",\"BR Infra\",\"Conflito de Terreno\",\"Eduardo Nery\",\"GDE\",\"infraestrutura portu\u00e1ria\",\"Marcos Aur\u00e9lio Barcelos\",\"Ponta da Madeira\",\"Portos e Aeroportos\",\"SPU\",\"Superintend\u00eancia do Patrim\u00f4nio da Uni\u00e3o\",\"terminal de uso privado\",\"TERMINAL PORTU\u00c1RIO\",\"Vale\",\"WTorre\"],\"articleSection\":[\"Cabe\u00e7alho\",\"Destaque lista\",\"Destaque Menor\",\"Geral\",\"iNFRATransporte\"],\"inLanguage\":\"pt-BR\",\"copyrightYear\":\"2024\",\"copyrightHolder\":{\"@id\":\"https:\/\/agenciainfra.com\/blog\/#organization\"}},{\"@type\":\"WebPage\",\"@id\":\"https:\/\/agenciainfra.com\/blog\/maior-terminal-da-vale-e-irregular-diz-br-infra-em-disputa-por-area-em-itaqui-para-terminal-privado\/\",\"url\":\"https:\/\/agenciainfra.com\/blog\/maior-terminal-da-vale-e-irregular-diz-br-infra-em-disputa-por-area-em-itaqui-para-terminal-privado\/\",\"name\":\"Maior terminal da Vale \u00e9 irregular, diz BR Infra em disputa por \u00e1rea em Itaqui para terminal privado - Ag\u00eancia iNFRA\",\"isPartOf\":{\"@id\":\"https:\/\/agenciainfra.com\/blog\/#website\"},\"primaryImageOfPage\":{\"@id\":\"https:\/\/agenciainfra.com\/blog\/maior-terminal-da-vale-e-irregular-diz-br-infra-em-disputa-por-area-em-itaqui-para-terminal-privado\/#primaryimage\"},\"image\":{\"@id\":\"https:\/\/agenciainfra.com\/blog\/maior-terminal-da-vale-e-irregular-diz-br-infra-em-disputa-por-area-em-itaqui-para-terminal-privado\/#primaryimage\"},\"thumbnailUrl\":\"https:\/\/agenciainfra.com\/blog\/wp-content\/uploads\/2024\/08\/porto-do-itaqui-foto-ascom.jpg\",\"datePublished\":\"2024-08-13T10:00:00+00:00\",\"dateModified\":\"2026-03-13T12:21:13+00:00\",\"breadcrumb\":{\"@id\":\"https:\/\/agenciainfra.com\/blog\/maior-terminal-da-vale-e-irregular-diz-br-infra-em-disputa-por-area-em-itaqui-para-terminal-privado\/#breadcrumb\"},\"inLanguage\":\"pt-BR\",\"potentialAction\":[{\"@type\":\"ReadAction\",\"target\":[\"https:\/\/agenciainfra.com\/blog\/maior-terminal-da-vale-e-irregular-diz-br-infra-em-disputa-por-area-em-itaqui-para-terminal-privado\/\"]}]},{\"@type\":\"ImageObject\",\"inLanguage\":\"pt-BR\",\"@id\":\"https:\/\/agenciainfra.com\/blog\/maior-terminal-da-vale-e-irregular-diz-br-infra-em-disputa-por-area-em-itaqui-para-terminal-privado\/#primaryimage\",\"url\":\"https:\/\/agenciainfra.com\/blog\/wp-content\/uploads\/2024\/08\/porto-do-itaqui-foto-ascom.jpg\",\"contentUrl\":\"https:\/\/agenciainfra.com\/blog\/wp-content\/uploads\/2024\/08\/porto-do-itaqui-foto-ascom.jpg\",\"width\":1202,\"height\":801},{\"@type\":\"BreadcrumbList\",\"@id\":\"https:\/\/agenciainfra.com\/blog\/maior-terminal-da-vale-e-irregular-diz-br-infra-em-disputa-por-area-em-itaqui-para-terminal-privado\/#breadcrumb\",\"itemListElement\":[{\"@type\":\"ListItem\",\"position\":1,\"name\":\"In\u00edcio\",\"item\":\"https:\/\/agenciainfra.com\/blog\/\"},{\"@type\":\"ListItem\",\"position\":2,\"name\":\"Maior terminal da Vale \u00e9 irregular, diz BR Infra em disputa por \u00e1rea em Itaqui para terminal privado\"}]},{\"@type\":\"WebSite\",\"@id\":\"https:\/\/agenciainfra.com\/blog\/#website\",\"url\":\"https:\/\/agenciainfra.com\/blog\/\",\"name\":\"Ag\u00eancia iNFRA\",\"description\":\"Multiplataforma de informa\u00e7\u00e3o jornal\u00edstica refer\u00eancia na \u00e1rea de infraestrutura no Brasil!\",\"publisher\":{\"@id\":\"https:\/\/agenciainfra.com\/blog\/#organization\"},\"potentialAction\":[{\"@type\":\"SearchAction\",\"target\":{\"@type\":\"EntryPoint\",\"urlTemplate\":\"https:\/\/agenciainfra.com\/blog\/?s={search_term_string}\"},\"query-input\":{\"@type\":\"PropertyValueSpecification\",\"valueRequired\":true,\"valueName\":\"search_term_string\"}}],\"inLanguage\":\"pt-BR\"},{\"@type\":\"Organization\",\"@id\":\"https:\/\/agenciainfra.com\/blog\/#organization\",\"name\":\"Ag\u00eancia iNFRA\",\"url\":\"https:\/\/agenciainfra.com\/blog\/\",\"logo\":{\"@type\":\"ImageObject\",\"inLanguage\":\"pt-BR\",\"@id\":\"https:\/\/agenciainfra.com\/blog\/#\/schema\/logo\/image\/\",\"url\":\"https:\/\/agenciainfra.com\/blog\/wp-content\/uploads\/2023\/09\/iNFRA_5-e1761735885940.png\",\"contentUrl\":\"https:\/\/agenciainfra.com\/blog\/wp-content\/uploads\/2023\/09\/iNFRA_5-e1761735885940.png\",\"width\":1672,\"height\":454,\"caption\":\"Ag\u00eancia iNFRA\"},\"image\":{\"@id\":\"https:\/\/agenciainfra.com\/blog\/#\/schema\/logo\/image\/\"},\"sameAs\":[\"https:\/\/www.facebook.com\/ageninfra\",\"https:\/\/x.com\/agencia_infra\",\"https:\/\/www.linkedin.com\/company\/ag\u00eanciainfra\/\",\"https:\/\/www.instagram.com\/agenciainfra\/\"]},{\"@type\":\"Person\",\"@id\":\"https:\/\/agenciainfra.com\/blog\/#\/schema\/person\/34af08dff6adea4cb22b06612ba7acfa\",\"name\":\"Ag\u00eancia iNFRA\",\"image\":{\"@type\":\"ImageObject\",\"inLanguage\":\"pt-BR\",\"@id\":\"https:\/\/agenciainfra.com\/blog\/#\/schema\/person\/image\/\",\"url\":\"https:\/\/secure.gravatar.com\/avatar\/d189e01678f06d8eb84d4e01f08eb848b3fffe3f8443818d3c356c66892f5be8?s=96&d=mm&r=g\",\"contentUrl\":\"https:\/\/secure.gravatar.com\/avatar\/d189e01678f06d8eb84d4e01f08eb848b3fffe3f8443818d3c356c66892f5be8?s=96&d=mm&r=g\",\"caption\":\"Ag\u00eancia iNFRA\"},\"url\":\"https:\/\/agenciainfra.com\/blog\/author\/admin\/\"}]}<\/script>\n<!-- \/ Yoast SEO Premium plugin. -->","yoast_head_json":{"title":"Maior terminal da Vale \u00e9 irregular, diz BR Infra em disputa por \u00e1rea em Itaqui para terminal privado - Ag\u00eancia iNFRA","robots":{"index":"index","follow":"follow","max-snippet":"max-snippet:-1","max-image-preview":"max-image-preview:large","max-video-preview":"max-video-preview:-1"},"canonical":"https:\/\/agenciainfra.com\/blog\/maior-terminal-da-vale-e-irregular-diz-br-infra-em-disputa-por-area-em-itaqui-para-terminal-privado\/","og_locale":"pt_BR","og_type":"article","og_title":"Maior terminal da Vale \u00e9 irregular, diz BR Infra em disputa por \u00e1rea em Itaqui para terminal privado","og_description":"Dimmi Amora,&nbsp;da&nbsp;Ag\u00eancia&nbsp;iNFRA O TPPM (Terminal\u00a0Portu\u00e1rio\u00a0da\u00a0Ponta\u00a0da\u00a0Madeira),\u00a0em\u00a0Itaqui\u00a0(MA), o\u00a0maior\u00a0terminal\u00a0portu\u00e1rio\u00a0da\u00a0Vale\u00a0para\u00a0o transporte de min\u00e9rio, teria recebido de forma\u00a0irregular\u00a0a autoriza\u00e7\u00e3o\u00a0para\u00a0operar como TUP (Terminal\u00a0de Uso\u00a0Privado). A acusa\u00e7\u00e3o foi feita pela\u00a0BR\u00a0Infra\u00a0num processo\u00a0em\u00a0que as duas empresas disputam uma\u00a0\u00e1rea\u00a0na regi\u00e3o\u00a0para\u00a0um novo TUP. O TPPM movimentou\u00a0em\u00a02023 mais de 160\u00a0milh\u00f5es de toneladas de min\u00e9rio\u00a0em\u00a0um ano. A\u00a0BR\u00a0Infra\u00a0pertence ao grupo WTorre e solicitou \u00e0 ANTAQ (Ag\u00eancia Nacional de Transportes [&hellip;]","og_url":"https:\/\/agenciainfra.com\/blog\/maior-terminal-da-vale-e-irregular-diz-br-infra-em-disputa-por-area-em-itaqui-para-terminal-privado\/","og_site_name":"Ag\u00eancia iNFRA","article_publisher":"https:\/\/www.facebook.com\/ageninfra","article_published_time":"2024-08-13T10:00:00+00:00","article_modified_time":"2026-03-13T12:21:13+00:00","og_image":[{"width":1202,"height":801,"url":"https:\/\/agenciainfra.com\/blog\/wp-content\/uploads\/2024\/08\/porto-do-itaqui-foto-ascom.jpg","type":"image\/jpeg"}],"author":"Ag\u00eancia iNFRA","twitter_card":"summary_large_image","twitter_creator":"@agencia_infra","twitter_site":"@agencia_infra","twitter_misc":{"Escrito por":"Ag\u00eancia iNFRA","Est. tempo de leitura":"5 minutos"},"schema":{"@context":"https:\/\/schema.org","@graph":[{"@type":"Article","@id":"https:\/\/agenciainfra.com\/blog\/maior-terminal-da-vale-e-irregular-diz-br-infra-em-disputa-por-area-em-itaqui-para-terminal-privado\/#article","isPartOf":{"@id":"https:\/\/agenciainfra.com\/blog\/maior-terminal-da-vale-e-irregular-diz-br-infra-em-disputa-por-area-em-itaqui-para-terminal-privado\/"},"author":{"name":"Ag\u00eancia iNFRA","@id":"https:\/\/agenciainfra.com\/blog\/#\/schema\/person\/34af08dff6adea4cb22b06612ba7acfa"},"headline":"Maior terminal da Vale \u00e9 irregular, diz BR Infra em disputa por \u00e1rea em Itaqui para terminal privado","datePublished":"2024-08-13T10:00:00+00:00","dateModified":"2026-03-13T12:21:13+00:00","mainEntityOfPage":{"@id":"https:\/\/agenciainfra.com\/blog\/maior-terminal-da-vale-e-irregular-diz-br-infra-em-disputa-por-area-em-itaqui-para-terminal-privado\/"},"wordCount":927,"publisher":{"@id":"https:\/\/agenciainfra.com\/blog\/#organization"},"image":{"@id":"https:\/\/agenciainfra.com\/blog\/maior-terminal-da-vale-e-irregular-diz-br-infra-em-disputa-por-area-em-itaqui-para-terminal-privado\/#primaryimage"},"thumbnailUrl":"https:\/\/agenciainfra.com\/blog\/wp-content\/uploads\/2024\/08\/porto-do-itaqui-foto-ascom.jpg","keywords":["Alber Vasconcelos","ANTAQ","BR Infra","Conflito de Terreno","Eduardo Nery","GDE","infraestrutura portu\u00e1ria","Marcos Aur\u00e9lio Barcelos","Ponta da Madeira","Portos e Aeroportos","SPU","Superintend\u00eancia do Patrim\u00f4nio da Uni\u00e3o","terminal de uso privado","TERMINAL PORTU\u00c1RIO","Vale","WTorre"],"articleSection":["Cabe\u00e7alho","Destaque lista","Destaque Menor","Geral","iNFRATransporte"],"inLanguage":"pt-BR","copyrightYear":"2024","copyrightHolder":{"@id":"https:\/\/agenciainfra.com\/blog\/#organization"}},{"@type":"WebPage","@id":"https:\/\/agenciainfra.com\/blog\/maior-terminal-da-vale-e-irregular-diz-br-infra-em-disputa-por-area-em-itaqui-para-terminal-privado\/","url":"https:\/\/agenciainfra.com\/blog\/maior-terminal-da-vale-e-irregular-diz-br-infra-em-disputa-por-area-em-itaqui-para-terminal-privado\/","name":"Maior terminal da Vale \u00e9 irregular, diz BR Infra em disputa por \u00e1rea em Itaqui para terminal privado - Ag\u00eancia iNFRA","isPartOf":{"@id":"https:\/\/agenciainfra.com\/blog\/#website"},"primaryImageOfPage":{"@id":"https:\/\/agenciainfra.com\/blog\/maior-terminal-da-vale-e-irregular-diz-br-infra-em-disputa-por-area-em-itaqui-para-terminal-privado\/#primaryimage"},"image":{"@id":"https:\/\/agenciainfra.com\/blog\/maior-terminal-da-vale-e-irregular-diz-br-infra-em-disputa-por-area-em-itaqui-para-terminal-privado\/#primaryimage"},"thumbnailUrl":"https:\/\/agenciainfra.com\/blog\/wp-content\/uploads\/2024\/08\/porto-do-itaqui-foto-ascom.jpg","datePublished":"2024-08-13T10:00:00+00:00","dateModified":"2026-03-13T12:21:13+00:00","breadcrumb":{"@id":"https:\/\/agenciainfra.com\/blog\/maior-terminal-da-vale-e-irregular-diz-br-infra-em-disputa-por-area-em-itaqui-para-terminal-privado\/#breadcrumb"},"inLanguage":"pt-BR","potentialAction":[{"@type":"ReadAction","target":["https:\/\/agenciainfra.com\/blog\/maior-terminal-da-vale-e-irregular-diz-br-infra-em-disputa-por-area-em-itaqui-para-terminal-privado\/"]}]},{"@type":"ImageObject","inLanguage":"pt-BR","@id":"https:\/\/agenciainfra.com\/blog\/maior-terminal-da-vale-e-irregular-diz-br-infra-em-disputa-por-area-em-itaqui-para-terminal-privado\/#primaryimage","url":"https:\/\/agenciainfra.com\/blog\/wp-content\/uploads\/2024\/08\/porto-do-itaqui-foto-ascom.jpg","contentUrl":"https:\/\/agenciainfra.com\/blog\/wp-content\/uploads\/2024\/08\/porto-do-itaqui-foto-ascom.jpg","width":1202,"height":801},{"@type":"BreadcrumbList","@id":"https:\/\/agenciainfra.com\/blog\/maior-terminal-da-vale-e-irregular-diz-br-infra-em-disputa-por-area-em-itaqui-para-terminal-privado\/#breadcrumb","itemListElement":[{"@type":"ListItem","position":1,"name":"In\u00edcio","item":"https:\/\/agenciainfra.com\/blog\/"},{"@type":"ListItem","position":2,"name":"Maior terminal da Vale \u00e9 irregular, diz BR Infra em disputa por \u00e1rea em Itaqui para terminal privado"}]},{"@type":"WebSite","@id":"https:\/\/agenciainfra.com\/blog\/#website","url":"https:\/\/agenciainfra.com\/blog\/","name":"Ag\u00eancia iNFRA","description":"Multiplataforma de informa\u00e7\u00e3o jornal\u00edstica refer\u00eancia na \u00e1rea de infraestrutura no Brasil!","publisher":{"@id":"https:\/\/agenciainfra.com\/blog\/#organization"},"potentialAction":[{"@type":"SearchAction","target":{"@type":"EntryPoint","urlTemplate":"https:\/\/agenciainfra.com\/blog\/?s={search_term_string}"},"query-input":{"@type":"PropertyValueSpecification","valueRequired":true,"valueName":"search_term_string"}}],"inLanguage":"pt-BR"},{"@type":"Organization","@id":"https:\/\/agenciainfra.com\/blog\/#organization","name":"Ag\u00eancia iNFRA","url":"https:\/\/agenciainfra.com\/blog\/","logo":{"@type":"ImageObject","inLanguage":"pt-BR","@id":"https:\/\/agenciainfra.com\/blog\/#\/schema\/logo\/image\/","url":"https:\/\/agenciainfra.com\/blog\/wp-content\/uploads\/2023\/09\/iNFRA_5-e1761735885940.png","contentUrl":"https:\/\/agenciainfra.com\/blog\/wp-content\/uploads\/2023\/09\/iNFRA_5-e1761735885940.png","width":1672,"height":454,"caption":"Ag\u00eancia iNFRA"},"image":{"@id":"https:\/\/agenciainfra.com\/blog\/#\/schema\/logo\/image\/"},"sameAs":["https:\/\/www.facebook.com\/ageninfra","https:\/\/x.com\/agencia_infra","https:\/\/www.linkedin.com\/company\/ag\u00eanciainfra\/","https:\/\/www.instagram.com\/agenciainfra\/"]},{"@type":"Person","@id":"https:\/\/agenciainfra.com\/blog\/#\/schema\/person\/34af08dff6adea4cb22b06612ba7acfa","name":"Ag\u00eancia iNFRA","image":{"@type":"ImageObject","inLanguage":"pt-BR","@id":"https:\/\/agenciainfra.com\/blog\/#\/schema\/person\/image\/","url":"https:\/\/secure.gravatar.com\/avatar\/d189e01678f06d8eb84d4e01f08eb848b3fffe3f8443818d3c356c66892f5be8?s=96&d=mm&r=g","contentUrl":"https:\/\/secure.gravatar.com\/avatar\/d189e01678f06d8eb84d4e01f08eb848b3fffe3f8443818d3c356c66892f5be8?s=96&d=mm&r=g","caption":"Ag\u00eancia iNFRA"},"url":"https:\/\/agenciainfra.com\/blog\/author\/admin\/"}]}},"_links":{"self":[{"href":"https:\/\/agenciainfra.com\/blog\/wp-json\/wp\/v2\/posts\/18108","targetHints":{"allow":["GET"]}}],"collection":[{"href":"https:\/\/agenciainfra.com\/blog\/wp-json\/wp\/v2\/posts"}],"about":[{"href":"https:\/\/agenciainfra.com\/blog\/wp-json\/wp\/v2\/types\/post"}],"author":[{"embeddable":true,"href":"https:\/\/agenciainfra.com\/blog\/wp-json\/wp\/v2\/users\/1"}],"replies":[{"embeddable":true,"href":"https:\/\/agenciainfra.com\/blog\/wp-json\/wp\/v2\/comments?post=18108"}],"version-history":[{"count":2,"href":"https:\/\/agenciainfra.com\/blog\/wp-json\/wp\/v2\/posts\/18108\/revisions"}],"predecessor-version":[{"id":18133,"href":"https:\/\/agenciainfra.com\/blog\/wp-json\/wp\/v2\/posts\/18108\/revisions\/18133"}],"wp:featuredmedia":[{"embeddable":true,"href":"https:\/\/agenciainfra.com\/blog\/wp-json\/wp\/v2\/media\/18109"}],"wp:attachment":[{"href":"https:\/\/agenciainfra.com\/blog\/wp-json\/wp\/v2\/media?parent=18108"}],"wp:term":[{"taxonomy":"category","embeddable":true,"href":"https:\/\/agenciainfra.com\/blog\/wp-json\/wp\/v2\/categories?post=18108"},{"taxonomy":"post_tag","embeddable":true,"href":"https:\/\/agenciainfra.com\/blog\/wp-json\/wp\/v2\/tags?post=18108"}],"curies":[{"name":"wp","href":"https:\/\/api.w.org\/{rel}","templated":true}]}}