{"id":18128,"date":"2024-08-14T07:00:00","date_gmt":"2024-08-14T10:00:00","guid":{"rendered":"https:\/\/agenciainfra.com\/blog\/?p=18128"},"modified":"2026-03-13T09:21:12","modified_gmt":"2026-03-13T12:21:12","slug":"obra-que-levou-a-reducao-da-capacidade-no-aeroporto-santos-dumont-tera-inicio-em-setembro-diz-ministerio","status":"publish","type":"post","link":"https:\/\/agenciainfra.com\/blog\/obra-que-levou-a-reducao-da-capacidade-no-aeroporto-santos-dumont-tera-inicio-em-setembro-diz-ministerio\/","title":{"rendered":"Obra que levou \u00e0 redu\u00e7\u00e3o da capacidade no aeroporto Santos Dumont ter\u00e1 in\u00edcio em setembro, diz minist\u00e9rio"},"content":{"rendered":"\n<p class=\"has-text-align-right\"><strong>Sheyla Santos, da Ag\u00eancia iNFRA<\/strong><\/p>\n\n\n\n<p>A obra que foi anunciada pelo governo no ano passado como o motivo para limitar a capacidade do Aeroporto Santos Dumont (RJ) de receber passageiros ter\u00e1 a OS (Ordem de Servi\u00e7o) lan\u00e7ada em setembro deste ano.<br><br>Trata-se da implanta\u00e7\u00e3o do sistema Emas (Engineered Material Arresting System), cuja estimativa de custo est\u00e1 na casa dos R$ 150 milh\u00f5es, e est\u00e1 dentro de um pacote de investimentos nessa unidade, administrada pela estatal federal de aeroportos Infraero, que soma R$ 270 milh\u00f5es.<br><br>O sistema Emas \u00e9 um conjunto de interven\u00e7\u00f5es na cabeceira das pistas que\u00a0faz com que o avi\u00e3o possa desacelerar em caso de ultrapassagem da \u00e1rea de seguran\u00e7a para pouso e decolagem, reduzindo-se assim riscos de acidentes mais graves. No ano passado, essa interven\u00e7\u00e3o acabou sendo usada como motivo para reduzir o n\u00famero de voos na unidade.\u00a0<br><br>Havia press\u00e3o dos governos locais por essa redu\u00e7\u00e3o porque eles queriam mais voos para o aeroporto internacional da cidade, o Gale\u00e3o. As restri\u00e7\u00f5es acabaram sendo realizadas, mesmo com reclama\u00e7\u00f5es de empresas e representantes do setor, e o Santos Dumont atualmente opera neste ano com quantidade menor de passageiros.\u00a0O Gale\u00e3o, antes esvaziado,\u00a0vem se recuperando.<br><br>Al\u00e9m da Emas, h\u00e1\u00a0R$ 20 milh\u00f5es previstos\u00a0para implanta\u00e7\u00e3o de sistema de controle de acesso e R$ 6 milh\u00f5es para adequa\u00e7\u00e3o do balizamento da pista de pouso. Haver\u00e1 ainda uma destina\u00e7\u00e3o de R$ 8,6 milh\u00f5es \u00e0 licita\u00e7\u00e3o para substitui\u00e7\u00e3o do sistema de som do aeroporto.\u00a0<br><br>Em julho, o governo j\u00e1 havia anunciado investimentos de R$ 85,4 milh\u00f5es no Santos Dumont, incluindo licita\u00e7\u00e3o para implanta\u00e7\u00e3o de raio-x de por\u00e3o ao custo de R$ 29,7 milh\u00f5es e duas assinaturas de OS \u2013 uma de R$ 16,3 milh\u00f5es para o in\u00edcio da obra de reforma e amplia\u00e7\u00e3o do embarque e desembarque remoto, e outra, de R$ 39,4 milh\u00f5es, para adequa\u00e7\u00e3o das pistas de t\u00e1xi.<br><br>Os investimentos para melhoria do Santos Dumont fazem parte de um pacote de inaugura\u00e7\u00f5es e an\u00fancios que o ministro de Portos e Aeroportos, Silvio Costa Filho, informou que o governo concluir\u00e1 at\u00e9 o fim deste ano, somando\u00a0interven\u00e7\u00f5es em torno de\u00a050 aeroportos, parte deles de concess\u00f5es e parte de investimentos p\u00fablicos, que somam cerca de R$ 4,2 bilh\u00f5es, sendo R$ 3,4 bilh\u00f5es de obras que ser\u00e3o entregues.<br><br>A\u00a0<strong>Ag\u00eancia iNFRA<\/strong>\u00a0teve acesso a uma lista com os investimentos em terminais que comp\u00f5em o planejamento da pasta. Est\u00e1 prevista para outubro a inaugura\u00e7\u00e3o no\u00a0Aeroporto de Guarulhos (SP) do chamado \u201cPeople Mover\u201d, um monotrilho ligando a esta\u00e7\u00e3o de trens da regi\u00e3o ao terminal de passageiros do aeroporto. Esse investimento, de\u00a0R$ 484 milh\u00f5es, foi realizado com recursos da concession\u00e1ria do aeroporto.<br><br>Outras obras de concession\u00e1rias est\u00e3o previstas para serem entregues.\u00a0No estado do Rio, por exemplo, o Aeroporto de Maca\u00e9, licitado no Bloco Sudeste de Concess\u00f5es em 2029,\u00a0vai ter conclu\u00eddo o investimento de\u00a0R$ 206,1 milh\u00f5es para obras na pista de pouso e decolagem, com previs\u00e3o de entrega em\u00a0dezembro.<br><br>Dos investimentos que ser\u00e3o entregues, a Regi\u00e3o Sul \u00e9 a que concentra o maior volume, com R$ 935 milh\u00f5es em projetos conclu\u00eddos, sendo o maior deles o do Aeroporto de Foz do Igua\u00e7u (PR), que ter\u00e1 a adequa\u00e7\u00e3o de p\u00e1tios, pista e terminal de passageiros conclu\u00edda pela CCR Aeroportos, concession\u00e1ria da unidade, em novembro. Na regi\u00e3o Sudeste, as entregas chegam a R$ 830 mih\u00f5es;\u00a0Norte, R$ 740 milh\u00f5es; Nordeste, R$ 446 milh\u00f5es; e Centro-Oeste, R$ 405 milh\u00f5es.<br><br><strong>Infraero em Sorriso (MT)<\/strong><br>Mas h\u00e1 tamb\u00e9m an\u00fancios de investimentos que ser\u00e3o feitos, seja por concession\u00e1rias ou pela Infraero, previstos para o minist\u00e9rio at\u00e9 o fim do ano, que somam quase R$ 900 milh\u00f5es. Os aeroportos de Jacarepagu\u00e1 (RJ) e Campo de Marte (SP), concessionados em 2022 para a Pax Aeroportos, ter\u00e3o anunciados pelo governo investimentos de R$ 160 milh\u00f5es\u00a0previstos nessa concess\u00e3o. Na unidade paulista ser\u00e3o R$ 93,1 bilh\u00f5es, e na Fluminense,\u00a0R$ 66 milh\u00f5es.<br><br>No caso da Infraero, o maior an\u00fancio a ser feito \u00e9 para obras no Aeroporto de Sorriso (MT), que ter\u00e1 investimentos estimados na casa dos R$ 90 milh\u00f5es para diversas reformas no p\u00e1tio e na pista e tamb\u00e9m a constru\u00e7\u00e3o de um novo terminal de passageiros. O in\u00edcio desses investimentos est\u00e1 previsto para setembro. Sorriso \u00e9 uma das dezenas de unidades que a estatal passou a administrar ap\u00f3s perder quase todas as suas unidades no processo de concess\u00e3o iniciado em 2012 no pa\u00eds.<br><br><strong>Novas unidades via consenso<\/strong><br>Esses investimentos s\u00e3o os que j\u00e1 est\u00e3o previstos pelos contratos assinados at\u00e9 2022 de concess\u00f5es ou de obras do or\u00e7amento da Infraero. O\u00a0governo ainda\u00a0trabalha em um plano para tentar incluir obras em aeroportos regionais em repactua\u00e7\u00f5es de concess\u00f5es aerovi\u00e1rias, cujas negocia\u00e7\u00f5es est\u00e3o\u00a0em andamento na SecexConsenso, do TCU (Tribunal de Contas da Uni\u00e3o). As estimativas iniciais falavam entre 70 e 80 unidades.<br><br>No entanto, at\u00e9 o momento, no primeiro processo que teve a mesa de negocia\u00e7\u00e3o encerrada, no m\u00eas passado, a do Aeroporto de Guarulhos (SP), a proposta apresentada n\u00e3o incluiu esse modelo de inclus\u00e3o de outras unidades entre os investimentos do concession\u00e1rio ap\u00f3s a repactua\u00e7\u00e3o. A proposta\u00a0final agora est\u00e1 em avalia\u00e7\u00e3o por parte dos envolvidos para que seja validada oficialmente pelos respons\u00e1veis.<br><br>Em junho deste ano, durante um evento no TCU, o secret\u00e1rio da Secex Consenso, Nicola Khoury, informou que seria aberta uma esp\u00e9cie de consulta no \u00f3rg\u00e3o para avalia\u00e7\u00e3o desse modelo de inclus\u00e3o de unidades nas concess\u00f5es aerovi\u00e1rias, mas ainda sem prazo para acontecer.<\/p>\n\n\n\n<p><strong>Rio e S\u00e3o Paulo<\/strong><br>No Rio de Janeiro, o Aeroporto de Itaperuna ter\u00e1 anunciado investimentos R$ 10 milh\u00f5es para a constru\u00e7\u00e3o de novo terminal de passageiros. Outros R$ 4,9 milh\u00f5es de obras em p\u00e1tio e pista da unidade ser\u00e3o conclu\u00eddos pela Infraero at\u00e9 o fim do ano.<\/p>\n\n\n\n<p>Em S\u00e3o Paulo, est\u00e1 em discuss\u00e3o a constru\u00e7\u00e3o do Aeroporto de Ol\u00edmpia ao custo de R$ 104 milh\u00f5es, incluindo projeto e obra. O operador atual do terminal \u00e9 o estado de S\u00e3o Paulo, mas a Infraero negocia receber mais esta unidade.<br><br><strong>Minas Gerais<\/strong><br>H\u00e1 previs\u00e3o de investimentos a serem anunciados de R$ 69,9 milh\u00f5es no Aeroporto de Governador Valadares, em Minas Gerais, com obras iniciadas em agosto e t\u00e9rmino no segundo semestre do ano que vem. O investimento ser\u00e1 distribu\u00eddo entre a assinatura de OS para novo terminal de passageiros, p\u00e1tio e sess\u00e3o contra inc\u00eandio (R$ 59,3 milh\u00f5es). Haver\u00e1, ainda, uma assinatura de OS para refor\u00e7o da recupera\u00e7\u00e3o da pista de pouso (R$ 10,6 milh\u00f5es).<br><br>Para o Aeroporto de Ipatinga, tamb\u00e9m em Minas, o investimento a ser anunciado ser\u00e1 de R$ 80,3 milh\u00f5es divididos em OS para refor\u00e7o da pista (R$ 14,1 milh\u00f5es), OS para implanta\u00e7\u00e3o da infraestrutura de hangares (R$ 6 milh\u00f5es) e OS para constru\u00e7\u00e3o do novo terminal de passageiros (R$ 35,2 milh\u00f5es). Tamb\u00e9m est\u00e1 prevista uma licita\u00e7\u00e3o para amplia\u00e7\u00e3o do p\u00e1tio, para Resa (\u00c1rea de Seguran\u00e7a de Fim de Pista), tamb\u00e9m chamada de \u00e1rea de escape, e para a \u00e1rea de giro (R$ 25 milh\u00f5es). A previs\u00e3o de in\u00edcio das obras \u00e9 em setembro e a entrega est\u00e1 estimada para o segundo semestre de 2026.<br><br><strong>Centro-Oeste<\/strong><br>Para o Aeroporto de Goi\u00e2nia (GO), operado pela CCR Aeroportos, a previs\u00e3o \u00e9 de que a conclus\u00e3o das obras de adequa\u00e7\u00f5es do terminal de passageiros, do p\u00e1tio de aeronaves e das pistas sejam entregues em outubro. O investimento \u00e9 de R$ 20,2 milh\u00f5es.<br><br>Em julho, houve entregas de obras e reformas em outros aeroportos do Centro-Oeste, como Aeroporto de Cuiab\u00e1 (R$ 130,4 milh\u00f5es), Aeroporto de Sinop (R$ 122,3 milh\u00f5es), Aeroporto de Rondon\u00f3polis (R$ 58,5 milh\u00f5es), Aeroporto de Alta Floresta (R$ 61,2 milh\u00f5es) e Aeroporto de Palmas (R$ 31,8 milh\u00f5es).<br><br><strong>Norte<\/strong><br>No Norte do pa\u00eds, o novo Aeroporto de Ariquemes (RO) ter\u00e1 an\u00fancios&nbsp;de investimentos&nbsp;em duas fases. A primeira delas, em outubro, ser\u00e1 para obras de amplia\u00e7\u00e3o de pista, t\u00e1xi e p\u00e1tio. Para novembro, est\u00e3o previstos an\u00fancios de obras relativas ao terminal de passageiros, estacionamento, acessos e edifica\u00e7\u00f5es complementares.<br><br>O operador desse terminal \u00e9 a Infraero. O in\u00edcio das obras est\u00e1 previsto para novembro deste ano, e a entrega, no segundo semestre de 2025. O investimento previsto \u00e9 de R$ 44 milh\u00f5es. No Aeroporto de Flores (AM), tamb\u00e9m da Infraero, a previs\u00e3o \u00e9 de que as obras na pista, ao custo de R$ 8 milh\u00f5es, sejam iniciadas agora em agosto, com t\u00e9rmino no segundo semestre de 2025.&nbsp;<br><br>Outros aeroportos na regi\u00e3o Norte receber\u00e3o investimentos para amplia\u00e7\u00e3o do terminal de passageiros, adequa\u00e7\u00e3o do p\u00e1tio de aeronaves e melhorias nas pistas feitos&nbsp;pela concession\u00e1ria Vanci Airports.&nbsp;<\/p>\n\n\n\n<p>\u00c9 o caso do Aeroporto de Manaus (AM), com investimentos de R$ 133,9 milh\u00f5es, Aeroporto de Porto Velho (RO), com R$ 130,1 milh\u00f5es, Aeroporto de Rio Branco (AC), com R$ 53,4 milh\u00f5es, e o Aeroporto de Cruzeiro do Sul (AC), com investimento de R$ 32,1 milh\u00f5es. Previs\u00e3o de entrega das obras em 23 de outubro.<\/p>\n\n\n\n<p><strong>Nordeste<\/strong><br>No Aeroporto de Petrolina (PE), as obras da CCR Airports de adequa\u00e7\u00e3o do terminal de passageiros, do p\u00e1tio de aeronaves e das pistas, com investimento de R$ 52,4 milh\u00f5es, est\u00e3o previstas para serem entregues em 15 de agosto.<br><br>Tanto o Aeroporto de S\u00e3o Lu\u00eds como o Aeroporto de Imperatriz, no Maranh\u00e3o, ambos da CCR, ter\u00e3o entregues este ano os investimentos de R$ 88,9 milh\u00f5es e R$ 50,3 milh\u00f5es, respectivamente, para obras de adequa\u00e7\u00f5es do terminal de passageiros, p\u00e1tio de aeronaves e pistas. A previs\u00e3o de entrega para a capital deve ocorrer em 17 de outubro e, em Imperatriz, 12 de setembro.<br><br>J\u00e1 no Aeroporto de Mossor\u00f3 (RN), os investimentos previstos de R$ 53,2 milh\u00f5es ser\u00e3o&nbsp;anunciados pela Infraero. Desse montante, R$ 17,7 milh\u00f5es ser\u00e3o para refor\u00e7o e recupera\u00e7\u00e3o da pista de pouso e decolagem do p\u00e1tio de avia\u00e7\u00e3o geral e da pista de t\u00e1xi, com in\u00edcio em agosto e previs\u00e3o de entrega no primeiro semestre de 2025.<br><br><strong>Sul<\/strong><br>No Rio Grande do Sul, est\u00e3o previstas entregas das obras contratadas na concess\u00e3o das unidades para CCR Airportos no Aeroporto de Uruguaiana (R$ 45, 5 milh\u00f5es) para 22 de agosto e no Aeroporto de Bag\u00e9 (R$ 33,2 milh\u00f5es) para 5 de setembro. No Aeroporto de Pelotas, o investimento de R$ 38,2 milh\u00f5es ser\u00e1 voltado \u00e0s adequa\u00e7\u00f5es do terminal de passageiros, p\u00e1tio de aeronaves e pistas. A previs\u00e3o \u00e9 que as obras estejam conclu\u00eddas em 19 de setembro.&nbsp;<\/p>\n\n\n\n<p>No Aeroporto de Paranava\u00ed (PR), a Infraero vai anunciar o investimento de R$ 13,5 milh\u00f5es para regulariza\u00e7\u00e3o da faixa preparada (R$ 3 milh\u00f5es), adequa\u00e7\u00e3o da pista de pouso (R$ 3 milh\u00f5es), novo terminal de passageiros (R$ 6,5 milh\u00f5es) e implanta\u00e7\u00e3o da Resa (R$ 1 milh\u00e3o). A previs\u00e3o \u00e9 que as obras tenham in\u00edcio em setembro e t\u00e9rmino no segundo semestre de 2026.<\/p>\n","protected":false},"excerpt":{"rendered":"<p>Sheyla Santos, da Ag\u00eancia iNFRA A obra que foi anunciada pelo governo no ano passado como o motivo para limitar a capacidade do Aeroporto Santos Dumont (RJ) de receber passageiros ter\u00e1 a OS (Ordem de Servi\u00e7o) lan\u00e7ada em setembro deste ano. Trata-se da implanta\u00e7\u00e3o do sistema Emas (Engineered Material Arresting System), cuja estimativa de custo [&hellip;]<\/p>\n","protected":false},"author":1,"featured_media":18129,"comment_status":"closed","ping_status":"closed","sticky":false,"template":"","format":"standard","meta":{"_monsterinsights_skip_tracking":false,"_monsterinsights_sitenote_active":false,"_monsterinsights_sitenote_note":"","_monsterinsights_sitenote_category":0,"footnotes":""},"categories":[7250,1,7],"tags":[11232,3068,107,11231,11226,10682,11227,11228,3355,61,4021,11230,8396,2183,11225,11229,6802,11221,11224,6655,743,8734,11223,7467,11222,18],"class_list":["post-18128","post","type-post","status-publish","format-standard","has-post-thumbnail","hentry","category-destaque-lista","category-geral","category-infratransporte","tag-aeroporto-de-itaperuna","tag-aeroporto-santos-dumont","tag-aeroportos","tag-aeroportos-da-infraero","tag-ccr-aeroportos","tag-consenso","tag-emas","tag-engineered-material-arresting-system","tag-governador-valadares","tag-infraero","tag-infraestrutura-aeroportuaria","tag-investimentos-em-aeroportos","tag-investimentos-em-infraestrutura","tag-nicola-khoury","tag-obras-de-aeroporto","tag-obras-em-aeroportos","tag-pax-aeroportos","tag-planejamento-de-aeroportos","tag-projetos-aeroportuarios","tag-recursos-publicos","tag-santos-dumont","tag-secex-consenso","tag-seguranca-de-voo","tag-silvio-costa-filho","tag-sistemas-de-pista","tag-tcu"],"yoast_head":"<!-- This site is optimized with the Yoast SEO Premium plugin v25.4 (Yoast SEO v26.0) - https:\/\/yoast.com\/wordpress\/plugins\/seo\/ -->\n<title>Obra que levou \u00e0 redu\u00e7\u00e3o da capacidade no aeroporto Santos Dumont ter\u00e1 in\u00edcio em setembro, diz minist\u00e9rio - Ag\u00eancia iNFRA<\/title>\n<meta name=\"robots\" content=\"index, follow, max-snippet:-1, max-image-preview:large, max-video-preview:-1\" \/>\n<link rel=\"canonical\" href=\"https:\/\/agenciainfra.com\/blog\/obra-que-levou-a-reducao-da-capacidade-no-aeroporto-santos-dumont-tera-inicio-em-setembro-diz-ministerio\/\" \/>\n<meta property=\"og:locale\" content=\"pt_BR\" \/>\n<meta property=\"og:type\" content=\"article\" \/>\n<meta property=\"og:title\" content=\"Obra que levou \u00e0 redu\u00e7\u00e3o da capacidade no aeroporto Santos Dumont ter\u00e1 in\u00edcio em setembro, diz minist\u00e9rio\" \/>\n<meta property=\"og:description\" content=\"Sheyla Santos, da Ag\u00eancia iNFRA A obra que foi anunciada pelo governo no ano passado como o motivo para limitar a capacidade do Aeroporto Santos Dumont (RJ) de receber passageiros ter\u00e1 a OS (Ordem de Servi\u00e7o) lan\u00e7ada em setembro deste ano. Trata-se da implanta\u00e7\u00e3o do sistema Emas (Engineered Material Arresting System), cuja estimativa de custo [&hellip;]\" \/>\n<meta property=\"og:url\" content=\"https:\/\/agenciainfra.com\/blog\/obra-que-levou-a-reducao-da-capacidade-no-aeroporto-santos-dumont-tera-inicio-em-setembro-diz-ministerio\/\" \/>\n<meta property=\"og:site_name\" content=\"Ag\u00eancia iNFRA\" \/>\n<meta property=\"article:publisher\" content=\"https:\/\/www.facebook.com\/ageninfra\" \/>\n<meta property=\"article:published_time\" content=\"2024-08-14T10:00:00+00:00\" \/>\n<meta property=\"article:modified_time\" content=\"2026-03-13T12:21:12+00:00\" \/>\n<meta property=\"og:image\" content=\"https:\/\/agenciainfra.com\/blog\/wp-content\/uploads\/2024\/08\/aeroporto-santos-dumont-foto-anac.jpg\" \/>\n\t<meta property=\"og:image:width\" content=\"1202\" \/>\n\t<meta property=\"og:image:height\" content=\"801\" \/>\n\t<meta property=\"og:image:type\" content=\"image\/jpeg\" \/>\n<meta name=\"author\" content=\"Ag\u00eancia iNFRA\" \/>\n<meta name=\"twitter:card\" content=\"summary_large_image\" \/>\n<meta name=\"twitter:creator\" content=\"@agencia_infra\" \/>\n<meta name=\"twitter:site\" content=\"@agencia_infra\" \/>\n<meta name=\"twitter:label1\" content=\"Escrito por\" \/>\n\t<meta name=\"twitter:data1\" content=\"Ag\u00eancia iNFRA\" \/>\n\t<meta name=\"twitter:label2\" content=\"Est. tempo de leitura\" \/>\n\t<meta name=\"twitter:data2\" content=\"9 minutos\" \/>\n<script type=\"application\/ld+json\" class=\"yoast-schema-graph\">{\"@context\":\"https:\/\/schema.org\",\"@graph\":[{\"@type\":\"Article\",\"@id\":\"https:\/\/agenciainfra.com\/blog\/obra-que-levou-a-reducao-da-capacidade-no-aeroporto-santos-dumont-tera-inicio-em-setembro-diz-ministerio\/#article\",\"isPartOf\":{\"@id\":\"https:\/\/agenciainfra.com\/blog\/obra-que-levou-a-reducao-da-capacidade-no-aeroporto-santos-dumont-tera-inicio-em-setembro-diz-ministerio\/\"},\"author\":{\"name\":\"Ag\u00eancia iNFRA\",\"@id\":\"https:\/\/agenciainfra.com\/blog\/#\/schema\/person\/34af08dff6adea4cb22b06612ba7acfa\"},\"headline\":\"Obra que levou \u00e0 redu\u00e7\u00e3o da capacidade no aeroporto Santos Dumont ter\u00e1 in\u00edcio em setembro, diz minist\u00e9rio\",\"datePublished\":\"2024-08-14T10:00:00+00:00\",\"dateModified\":\"2026-03-13T12:21:12+00:00\",\"mainEntityOfPage\":{\"@id\":\"https:\/\/agenciainfra.com\/blog\/obra-que-levou-a-reducao-da-capacidade-no-aeroporto-santos-dumont-tera-inicio-em-setembro-diz-ministerio\/\"},\"wordCount\":1923,\"publisher\":{\"@id\":\"https:\/\/agenciainfra.com\/blog\/#organization\"},\"image\":{\"@id\":\"https:\/\/agenciainfra.com\/blog\/obra-que-levou-a-reducao-da-capacidade-no-aeroporto-santos-dumont-tera-inicio-em-setembro-diz-ministerio\/#primaryimage\"},\"thumbnailUrl\":\"https:\/\/agenciainfra.com\/blog\/wp-content\/uploads\/2024\/08\/aeroporto-santos-dumont-foto-anac.jpg\",\"keywords\":[\"Aeroporto de Itaperuna\",\"Aeroporto Santos Dumont\",\"aeroportos\",\"Aeroportos da Infraero\",\"CCR Aeroportos\",\"Consenso\",\"Emas\",\"Engineered Material Arresting System\",\"Governador Valadares\",\"Infraero\",\"infraestrutura aeroportu\u00e1ria\",\"investimentos em aeroportos\",\"Investimentos em Infraestrutura\",\"Nicola Khoury\",\"obras de aeroporto\",\"obras em aeroportos\",\"Pax Aeroportos\",\"planejamento de aeroportos\",\"projetos aeroportu\u00e1rios\",\"recursos p\u00fablicos\",\"Santos Dumont\",\"Secex Consenso\",\"seguran\u00e7a de voo\",\"Silvio Costa Filho\",\"sistemas de pista\",\"TCU\"],\"articleSection\":[\"Destaque lista\",\"Geral\",\"iNFRATransporte\"],\"inLanguage\":\"pt-BR\",\"copyrightYear\":\"2024\",\"copyrightHolder\":{\"@id\":\"https:\/\/agenciainfra.com\/blog\/#organization\"}},{\"@type\":\"WebPage\",\"@id\":\"https:\/\/agenciainfra.com\/blog\/obra-que-levou-a-reducao-da-capacidade-no-aeroporto-santos-dumont-tera-inicio-em-setembro-diz-ministerio\/\",\"url\":\"https:\/\/agenciainfra.com\/blog\/obra-que-levou-a-reducao-da-capacidade-no-aeroporto-santos-dumont-tera-inicio-em-setembro-diz-ministerio\/\",\"name\":\"Obra que levou \u00e0 redu\u00e7\u00e3o da capacidade no aeroporto Santos Dumont ter\u00e1 in\u00edcio em setembro, diz minist\u00e9rio - Ag\u00eancia iNFRA\",\"isPartOf\":{\"@id\":\"https:\/\/agenciainfra.com\/blog\/#website\"},\"primaryImageOfPage\":{\"@id\":\"https:\/\/agenciainfra.com\/blog\/obra-que-levou-a-reducao-da-capacidade-no-aeroporto-santos-dumont-tera-inicio-em-setembro-diz-ministerio\/#primaryimage\"},\"image\":{\"@id\":\"https:\/\/agenciainfra.com\/blog\/obra-que-levou-a-reducao-da-capacidade-no-aeroporto-santos-dumont-tera-inicio-em-setembro-diz-ministerio\/#primaryimage\"},\"thumbnailUrl\":\"https:\/\/agenciainfra.com\/blog\/wp-content\/uploads\/2024\/08\/aeroporto-santos-dumont-foto-anac.jpg\",\"datePublished\":\"2024-08-14T10:00:00+00:00\",\"dateModified\":\"2026-03-13T12:21:12+00:00\",\"breadcrumb\":{\"@id\":\"https:\/\/agenciainfra.com\/blog\/obra-que-levou-a-reducao-da-capacidade-no-aeroporto-santos-dumont-tera-inicio-em-setembro-diz-ministerio\/#breadcrumb\"},\"inLanguage\":\"pt-BR\",\"potentialAction\":[{\"@type\":\"ReadAction\",\"target\":[\"https:\/\/agenciainfra.com\/blog\/obra-que-levou-a-reducao-da-capacidade-no-aeroporto-santos-dumont-tera-inicio-em-setembro-diz-ministerio\/\"]}]},{\"@type\":\"ImageObject\",\"inLanguage\":\"pt-BR\",\"@id\":\"https:\/\/agenciainfra.com\/blog\/obra-que-levou-a-reducao-da-capacidade-no-aeroporto-santos-dumont-tera-inicio-em-setembro-diz-ministerio\/#primaryimage\",\"url\":\"https:\/\/agenciainfra.com\/blog\/wp-content\/uploads\/2024\/08\/aeroporto-santos-dumont-foto-anac.jpg\",\"contentUrl\":\"https:\/\/agenciainfra.com\/blog\/wp-content\/uploads\/2024\/08\/aeroporto-santos-dumont-foto-anac.jpg\",\"width\":1202,\"height\":801},{\"@type\":\"BreadcrumbList\",\"@id\":\"https:\/\/agenciainfra.com\/blog\/obra-que-levou-a-reducao-da-capacidade-no-aeroporto-santos-dumont-tera-inicio-em-setembro-diz-ministerio\/#breadcrumb\",\"itemListElement\":[{\"@type\":\"ListItem\",\"position\":1,\"name\":\"In\u00edcio\",\"item\":\"https:\/\/agenciainfra.com\/blog\/\"},{\"@type\":\"ListItem\",\"position\":2,\"name\":\"Obra que levou \u00e0 redu\u00e7\u00e3o da capacidade no aeroporto Santos Dumont ter\u00e1 in\u00edcio em setembro, diz minist\u00e9rio\"}]},{\"@type\":\"WebSite\",\"@id\":\"https:\/\/agenciainfra.com\/blog\/#website\",\"url\":\"https:\/\/agenciainfra.com\/blog\/\",\"name\":\"Ag\u00eancia iNFRA\",\"description\":\"Multiplataforma de informa\u00e7\u00e3o jornal\u00edstica refer\u00eancia na \u00e1rea de infraestrutura no Brasil!\",\"publisher\":{\"@id\":\"https:\/\/agenciainfra.com\/blog\/#organization\"},\"potentialAction\":[{\"@type\":\"SearchAction\",\"target\":{\"@type\":\"EntryPoint\",\"urlTemplate\":\"https:\/\/agenciainfra.com\/blog\/?s={search_term_string}\"},\"query-input\":{\"@type\":\"PropertyValueSpecification\",\"valueRequired\":true,\"valueName\":\"search_term_string\"}}],\"inLanguage\":\"pt-BR\"},{\"@type\":\"Organization\",\"@id\":\"https:\/\/agenciainfra.com\/blog\/#organization\",\"name\":\"Ag\u00eancia iNFRA\",\"url\":\"https:\/\/agenciainfra.com\/blog\/\",\"logo\":{\"@type\":\"ImageObject\",\"inLanguage\":\"pt-BR\",\"@id\":\"https:\/\/agenciainfra.com\/blog\/#\/schema\/logo\/image\/\",\"url\":\"https:\/\/agenciainfra.com\/blog\/wp-content\/uploads\/2023\/09\/iNFRA_5-e1761735885940.png\",\"contentUrl\":\"https:\/\/agenciainfra.com\/blog\/wp-content\/uploads\/2023\/09\/iNFRA_5-e1761735885940.png\",\"width\":1672,\"height\":454,\"caption\":\"Ag\u00eancia iNFRA\"},\"image\":{\"@id\":\"https:\/\/agenciainfra.com\/blog\/#\/schema\/logo\/image\/\"},\"sameAs\":[\"https:\/\/www.facebook.com\/ageninfra\",\"https:\/\/x.com\/agencia_infra\",\"https:\/\/www.linkedin.com\/company\/ag\u00eanciainfra\/\",\"https:\/\/www.instagram.com\/agenciainfra\/\"]},{\"@type\":\"Person\",\"@id\":\"https:\/\/agenciainfra.com\/blog\/#\/schema\/person\/34af08dff6adea4cb22b06612ba7acfa\",\"name\":\"Ag\u00eancia iNFRA\",\"image\":{\"@type\":\"ImageObject\",\"inLanguage\":\"pt-BR\",\"@id\":\"https:\/\/agenciainfra.com\/blog\/#\/schema\/person\/image\/\",\"url\":\"https:\/\/secure.gravatar.com\/avatar\/d189e01678f06d8eb84d4e01f08eb848b3fffe3f8443818d3c356c66892f5be8?s=96&d=mm&r=g\",\"contentUrl\":\"https:\/\/secure.gravatar.com\/avatar\/d189e01678f06d8eb84d4e01f08eb848b3fffe3f8443818d3c356c66892f5be8?s=96&d=mm&r=g\",\"caption\":\"Ag\u00eancia iNFRA\"},\"url\":\"https:\/\/agenciainfra.com\/blog\/author\/admin\/\"}]}<\/script>\n<!-- \/ Yoast SEO Premium plugin. -->","yoast_head_json":{"title":"Obra que levou \u00e0 redu\u00e7\u00e3o da capacidade no aeroporto Santos Dumont ter\u00e1 in\u00edcio em setembro, diz minist\u00e9rio - Ag\u00eancia iNFRA","robots":{"index":"index","follow":"follow","max-snippet":"max-snippet:-1","max-image-preview":"max-image-preview:large","max-video-preview":"max-video-preview:-1"},"canonical":"https:\/\/agenciainfra.com\/blog\/obra-que-levou-a-reducao-da-capacidade-no-aeroporto-santos-dumont-tera-inicio-em-setembro-diz-ministerio\/","og_locale":"pt_BR","og_type":"article","og_title":"Obra que levou \u00e0 redu\u00e7\u00e3o da capacidade no aeroporto Santos Dumont ter\u00e1 in\u00edcio em setembro, diz minist\u00e9rio","og_description":"Sheyla Santos, da Ag\u00eancia iNFRA A obra que foi anunciada pelo governo no ano passado como o motivo para limitar a capacidade do Aeroporto Santos Dumont (RJ) de receber passageiros ter\u00e1 a OS (Ordem de Servi\u00e7o) lan\u00e7ada em setembro deste ano. Trata-se da implanta\u00e7\u00e3o do sistema Emas (Engineered Material Arresting System), cuja estimativa de custo [&hellip;]","og_url":"https:\/\/agenciainfra.com\/blog\/obra-que-levou-a-reducao-da-capacidade-no-aeroporto-santos-dumont-tera-inicio-em-setembro-diz-ministerio\/","og_site_name":"Ag\u00eancia iNFRA","article_publisher":"https:\/\/www.facebook.com\/ageninfra","article_published_time":"2024-08-14T10:00:00+00:00","article_modified_time":"2026-03-13T12:21:12+00:00","og_image":[{"width":1202,"height":801,"url":"https:\/\/agenciainfra.com\/blog\/wp-content\/uploads\/2024\/08\/aeroporto-santos-dumont-foto-anac.jpg","type":"image\/jpeg"}],"author":"Ag\u00eancia iNFRA","twitter_card":"summary_large_image","twitter_creator":"@agencia_infra","twitter_site":"@agencia_infra","twitter_misc":{"Escrito por":"Ag\u00eancia iNFRA","Est. tempo de leitura":"9 minutos"},"schema":{"@context":"https:\/\/schema.org","@graph":[{"@type":"Article","@id":"https:\/\/agenciainfra.com\/blog\/obra-que-levou-a-reducao-da-capacidade-no-aeroporto-santos-dumont-tera-inicio-em-setembro-diz-ministerio\/#article","isPartOf":{"@id":"https:\/\/agenciainfra.com\/blog\/obra-que-levou-a-reducao-da-capacidade-no-aeroporto-santos-dumont-tera-inicio-em-setembro-diz-ministerio\/"},"author":{"name":"Ag\u00eancia iNFRA","@id":"https:\/\/agenciainfra.com\/blog\/#\/schema\/person\/34af08dff6adea4cb22b06612ba7acfa"},"headline":"Obra que levou \u00e0 redu\u00e7\u00e3o da capacidade no aeroporto Santos Dumont ter\u00e1 in\u00edcio em setembro, diz minist\u00e9rio","datePublished":"2024-08-14T10:00:00+00:00","dateModified":"2026-03-13T12:21:12+00:00","mainEntityOfPage":{"@id":"https:\/\/agenciainfra.com\/blog\/obra-que-levou-a-reducao-da-capacidade-no-aeroporto-santos-dumont-tera-inicio-em-setembro-diz-ministerio\/"},"wordCount":1923,"publisher":{"@id":"https:\/\/agenciainfra.com\/blog\/#organization"},"image":{"@id":"https:\/\/agenciainfra.com\/blog\/obra-que-levou-a-reducao-da-capacidade-no-aeroporto-santos-dumont-tera-inicio-em-setembro-diz-ministerio\/#primaryimage"},"thumbnailUrl":"https:\/\/agenciainfra.com\/blog\/wp-content\/uploads\/2024\/08\/aeroporto-santos-dumont-foto-anac.jpg","keywords":["Aeroporto de Itaperuna","Aeroporto Santos Dumont","aeroportos","Aeroportos da Infraero","CCR Aeroportos","Consenso","Emas","Engineered Material Arresting System","Governador Valadares","Infraero","infraestrutura aeroportu\u00e1ria","investimentos em aeroportos","Investimentos em Infraestrutura","Nicola Khoury","obras de aeroporto","obras em aeroportos","Pax Aeroportos","planejamento de aeroportos","projetos aeroportu\u00e1rios","recursos p\u00fablicos","Santos Dumont","Secex Consenso","seguran\u00e7a de voo","Silvio Costa Filho","sistemas de pista","TCU"],"articleSection":["Destaque lista","Geral","iNFRATransporte"],"inLanguage":"pt-BR","copyrightYear":"2024","copyrightHolder":{"@id":"https:\/\/agenciainfra.com\/blog\/#organization"}},{"@type":"WebPage","@id":"https:\/\/agenciainfra.com\/blog\/obra-que-levou-a-reducao-da-capacidade-no-aeroporto-santos-dumont-tera-inicio-em-setembro-diz-ministerio\/","url":"https:\/\/agenciainfra.com\/blog\/obra-que-levou-a-reducao-da-capacidade-no-aeroporto-santos-dumont-tera-inicio-em-setembro-diz-ministerio\/","name":"Obra que levou \u00e0 redu\u00e7\u00e3o da capacidade no aeroporto Santos Dumont ter\u00e1 in\u00edcio em setembro, diz minist\u00e9rio - Ag\u00eancia iNFRA","isPartOf":{"@id":"https:\/\/agenciainfra.com\/blog\/#website"},"primaryImageOfPage":{"@id":"https:\/\/agenciainfra.com\/blog\/obra-que-levou-a-reducao-da-capacidade-no-aeroporto-santos-dumont-tera-inicio-em-setembro-diz-ministerio\/#primaryimage"},"image":{"@id":"https:\/\/agenciainfra.com\/blog\/obra-que-levou-a-reducao-da-capacidade-no-aeroporto-santos-dumont-tera-inicio-em-setembro-diz-ministerio\/#primaryimage"},"thumbnailUrl":"https:\/\/agenciainfra.com\/blog\/wp-content\/uploads\/2024\/08\/aeroporto-santos-dumont-foto-anac.jpg","datePublished":"2024-08-14T10:00:00+00:00","dateModified":"2026-03-13T12:21:12+00:00","breadcrumb":{"@id":"https:\/\/agenciainfra.com\/blog\/obra-que-levou-a-reducao-da-capacidade-no-aeroporto-santos-dumont-tera-inicio-em-setembro-diz-ministerio\/#breadcrumb"},"inLanguage":"pt-BR","potentialAction":[{"@type":"ReadAction","target":["https:\/\/agenciainfra.com\/blog\/obra-que-levou-a-reducao-da-capacidade-no-aeroporto-santos-dumont-tera-inicio-em-setembro-diz-ministerio\/"]}]},{"@type":"ImageObject","inLanguage":"pt-BR","@id":"https:\/\/agenciainfra.com\/blog\/obra-que-levou-a-reducao-da-capacidade-no-aeroporto-santos-dumont-tera-inicio-em-setembro-diz-ministerio\/#primaryimage","url":"https:\/\/agenciainfra.com\/blog\/wp-content\/uploads\/2024\/08\/aeroporto-santos-dumont-foto-anac.jpg","contentUrl":"https:\/\/agenciainfra.com\/blog\/wp-content\/uploads\/2024\/08\/aeroporto-santos-dumont-foto-anac.jpg","width":1202,"height":801},{"@type":"BreadcrumbList","@id":"https:\/\/agenciainfra.com\/blog\/obra-que-levou-a-reducao-da-capacidade-no-aeroporto-santos-dumont-tera-inicio-em-setembro-diz-ministerio\/#breadcrumb","itemListElement":[{"@type":"ListItem","position":1,"name":"In\u00edcio","item":"https:\/\/agenciainfra.com\/blog\/"},{"@type":"ListItem","position":2,"name":"Obra que levou \u00e0 redu\u00e7\u00e3o da capacidade no aeroporto Santos Dumont ter\u00e1 in\u00edcio em setembro, diz minist\u00e9rio"}]},{"@type":"WebSite","@id":"https:\/\/agenciainfra.com\/blog\/#website","url":"https:\/\/agenciainfra.com\/blog\/","name":"Ag\u00eancia iNFRA","description":"Multiplataforma de informa\u00e7\u00e3o jornal\u00edstica refer\u00eancia na \u00e1rea de infraestrutura no Brasil!","publisher":{"@id":"https:\/\/agenciainfra.com\/blog\/#organization"},"potentialAction":[{"@type":"SearchAction","target":{"@type":"EntryPoint","urlTemplate":"https:\/\/agenciainfra.com\/blog\/?s={search_term_string}"},"query-input":{"@type":"PropertyValueSpecification","valueRequired":true,"valueName":"search_term_string"}}],"inLanguage":"pt-BR"},{"@type":"Organization","@id":"https:\/\/agenciainfra.com\/blog\/#organization","name":"Ag\u00eancia iNFRA","url":"https:\/\/agenciainfra.com\/blog\/","logo":{"@type":"ImageObject","inLanguage":"pt-BR","@id":"https:\/\/agenciainfra.com\/blog\/#\/schema\/logo\/image\/","url":"https:\/\/agenciainfra.com\/blog\/wp-content\/uploads\/2023\/09\/iNFRA_5-e1761735885940.png","contentUrl":"https:\/\/agenciainfra.com\/blog\/wp-content\/uploads\/2023\/09\/iNFRA_5-e1761735885940.png","width":1672,"height":454,"caption":"Ag\u00eancia iNFRA"},"image":{"@id":"https:\/\/agenciainfra.com\/blog\/#\/schema\/logo\/image\/"},"sameAs":["https:\/\/www.facebook.com\/ageninfra","https:\/\/x.com\/agencia_infra","https:\/\/www.linkedin.com\/company\/ag\u00eanciainfra\/","https:\/\/www.instagram.com\/agenciainfra\/"]},{"@type":"Person","@id":"https:\/\/agenciainfra.com\/blog\/#\/schema\/person\/34af08dff6adea4cb22b06612ba7acfa","name":"Ag\u00eancia iNFRA","image":{"@type":"ImageObject","inLanguage":"pt-BR","@id":"https:\/\/agenciainfra.com\/blog\/#\/schema\/person\/image\/","url":"https:\/\/secure.gravatar.com\/avatar\/d189e01678f06d8eb84d4e01f08eb848b3fffe3f8443818d3c356c66892f5be8?s=96&d=mm&r=g","contentUrl":"https:\/\/secure.gravatar.com\/avatar\/d189e01678f06d8eb84d4e01f08eb848b3fffe3f8443818d3c356c66892f5be8?s=96&d=mm&r=g","caption":"Ag\u00eancia iNFRA"},"url":"https:\/\/agenciainfra.com\/blog\/author\/admin\/"}]}},"_links":{"self":[{"href":"https:\/\/agenciainfra.com\/blog\/wp-json\/wp\/v2\/posts\/18128","targetHints":{"allow":["GET"]}}],"collection":[{"href":"https:\/\/agenciainfra.com\/blog\/wp-json\/wp\/v2\/posts"}],"about":[{"href":"https:\/\/agenciainfra.com\/blog\/wp-json\/wp\/v2\/types\/post"}],"author":[{"embeddable":true,"href":"https:\/\/agenciainfra.com\/blog\/wp-json\/wp\/v2\/users\/1"}],"replies":[{"embeddable":true,"href":"https:\/\/agenciainfra.com\/blog\/wp-json\/wp\/v2\/comments?post=18128"}],"version-history":[{"count":1,"href":"https:\/\/agenciainfra.com\/blog\/wp-json\/wp\/v2\/posts\/18128\/revisions"}],"predecessor-version":[{"id":18130,"href":"https:\/\/agenciainfra.com\/blog\/wp-json\/wp\/v2\/posts\/18128\/revisions\/18130"}],"wp:featuredmedia":[{"embeddable":true,"href":"https:\/\/agenciainfra.com\/blog\/wp-json\/wp\/v2\/media\/18129"}],"wp:attachment":[{"href":"https:\/\/agenciainfra.com\/blog\/wp-json\/wp\/v2\/media?parent=18128"}],"wp:term":[{"taxonomy":"category","embeddable":true,"href":"https:\/\/agenciainfra.com\/blog\/wp-json\/wp\/v2\/categories?post=18128"},{"taxonomy":"post_tag","embeddable":true,"href":"https:\/\/agenciainfra.com\/blog\/wp-json\/wp\/v2\/tags?post=18128"}],"curies":[{"name":"wp","href":"https:\/\/api.w.org\/{rel}","templated":true}]}}