{"id":18153,"date":"2024-08-15T09:00:00","date_gmt":"2024-08-15T12:00:00","guid":{"rendered":"https:\/\/agenciainfra.com\/blog\/?p=18153"},"modified":"2024-08-19T11:21:03","modified_gmt":"2024-08-19T14:21:03","slug":"transporte-com-caminhao-movido-a-gnl-sera-iniciado-em-novembro-diz-virtu-gnl","status":"publish","type":"post","link":"https:\/\/agenciainfra.com\/blog\/transporte-com-caminhao-movido-a-gnl-sera-iniciado-em-novembro-diz-virtu-gnl\/","title":{"rendered":"Transporte com caminh\u00e3o movido a GNL ser\u00e1 iniciado em novembro, diz Virtu GNL"},"content":{"rendered":"\n<p class=\"has-text-align-right\"><strong>Sheyla Santos, da Ag\u00eancia iNFRA<\/strong><\/p>\n\n\n\n<p>O CEO da\u00a0Virtu\u00a0GNL, Jos\u00e9 de Moura Jr., que atua no mercado de caminh\u00f5es movidos a g\u00e1s natural liquefeito, anunciou na \u00faltima ter\u00e7a-feira (13) que a companhia vai come\u00e7ar\u00a0em\u00a0novembro, pelo Maranh\u00e3o, a operar\u00a0em\u00a0longa dist\u00e2ncia no pa\u00eds. Para sustentar a opera\u00e7\u00e3o, a companhia vai inaugurar no mesmo m\u00eas os primeiros pontos de abastecimento com esse tipo de combust\u00edvel menos poluente. A empresa planeja expandir a opera\u00e7\u00e3o ainda neste ano para o Par\u00e1 e atuar\u00a0em\u00a0S\u00e3o Paulo a partir do ano que vem.<br><br>Moura Jr. apresentou ao ministro dos Transportes, Renan Filho,\u00a0em\u00a0Bras\u00edlia, o primeiro\u00a0caminh\u00e3o\u00a0movido\u00a0a\u00a0GNL. Segundo ele, o modelo 460 CV 6&#215;2 fabricado no Brasil pode reduzir a emiss\u00e3o de CO2\u00a0em\u00a0at\u00e9 28% na compara\u00e7\u00e3o com o \u00f3leo diesel. O tempo de abastecimento \u00e9 de apenas oito minutos.<br><br>\u201cO projeto nasce pelo estado do Maranh\u00e3o, com duas Centrais de Descarboniza\u00e7\u00e3o Rodovi\u00e1ria, que se chamam CDR. Uma\u00a0em\u00a0Balsas e outra no munic\u00edpio de Santo Ant\u00f4nio dos Lopes\u201d, explicou\u00a0Moura Jr., acrescentando que a iniciativa visa atender, nesse primeiro momento, o\u00a0transporte\u00a0de gr\u00e3os nos estados do Maranh\u00e3o, Tocantins e Piau\u00ed com passagem pelo Porto de Itaqui,\u00a0em\u00a0S\u00e3o Lu\u00eds (MA).<br><br><strong>Corredores verdes<\/strong><br>Renan Filho\u00a0mostrou-se empolgado com a iniciativa ligada \u00e0 transi\u00e7\u00e3o energ\u00e9tica e disse que o governo est\u00e1 estimulando a cria\u00e7\u00e3o de corredores verdes para reduzir a emiss\u00e3o de carbono. \u201cO programa est\u00e1 pronto. A gente deve lan\u00e7ar nos pr\u00f3ximos meses j\u00e1 a inaugura\u00e7\u00e3o do primeiro corredor [verde], com posto j\u00e1 inaugurado a\u00a0GNL,\u00a0em\u00a0novembro\u201d, informou.<br><br>Moura Jr. relembrou\u00a0que\u00a0em\u00a02023 a Senatran (Secretaria Nacional de Tr\u00e2nsito) abriu um processo para permitir aos ve\u00edculos um tamanho maior para o entre-eixo dos caminh\u00f5es, o que viabilizou a opera\u00e7\u00e3o.<br><br>\u201cN\u00f3s precisamos alterar o tamanho para botar o tanque e poder, justamente, dar\u00a0mil quil\u00f4metros de autonomia. Com essa norma, que foi para o mercado como um todo, tanto de diesel como o de g\u00e1s, voc\u00ea consegue ter melhor competitividade no\u00a0transporte\u00a0do produto, do g\u00e1s para abastecer o\u00a0caminh\u00e3o\u201d, disse.<\/p>\n","protected":false},"excerpt":{"rendered":"<p>Sheyla Santos, da Ag\u00eancia iNFRA O CEO da\u00a0Virtu\u00a0GNL, Jos\u00e9 de Moura Jr., que atua no mercado de caminh\u00f5es movidos a g\u00e1s natural liquefeito, anunciou na \u00faltima ter\u00e7a-feira (13) que a companhia vai come\u00e7ar\u00a0em\u00a0novembro, pelo Maranh\u00e3o, a operar\u00a0em\u00a0longa dist\u00e2ncia no pa\u00eds. Para sustentar a opera\u00e7\u00e3o, a companhia vai inaugurar no mesmo m\u00eas os primeiros pontos de [&hellip;]<\/p>\n","protected":false},"author":1,"featured_media":18155,"comment_status":"closed","ping_status":"closed","sticky":false,"template":"","format":"standard","meta":{"_monsterinsights_skip_tracking":false,"_monsterinsights_sitenote_active":false,"_monsterinsights_sitenote_note":"","_monsterinsights_sitenote_category":0,"footnotes":""},"categories":[1,2052],"tags":[941,11264,11260,882,1783,11262,16,1542,6248,5733,11261],"class_list":["post-18153","post","type-post","status-publish","format-standard","has-post-thumbnail","hentry","category-geral","category-infra-transicao","tag-caminhoes","tag-caminhoes-a-gas","tag-centrais-de-descarbonizacao-rodoviaria","tag-gas-natural","tag-gnl","tag-jose-de-moura-jr","tag-ministerio-dos-transportes","tag-porto-de-itaqui","tag-renan-filho","tag-senatran","tag-virtu-gnl"],"yoast_head":"<!-- This site is optimized with the Yoast SEO Premium plugin v25.4 (Yoast SEO v26.0) - https:\/\/yoast.com\/wordpress\/plugins\/seo\/ -->\n<title>Transporte com caminh\u00e3o movido a GNL ser\u00e1 iniciado em novembro, diz Virtu GNL - Ag\u00eancia iNFRA<\/title>\n<meta name=\"robots\" content=\"index, follow, max-snippet:-1, max-image-preview:large, max-video-preview:-1\" \/>\n<link rel=\"canonical\" href=\"https:\/\/agenciainfra.com\/blog\/transporte-com-caminhao-movido-a-gnl-sera-iniciado-em-novembro-diz-virtu-gnl\/\" \/>\n<meta property=\"og:locale\" content=\"pt_BR\" \/>\n<meta property=\"og:type\" content=\"article\" \/>\n<meta property=\"og:title\" content=\"Transporte com caminh\u00e3o movido a GNL ser\u00e1 iniciado em novembro, diz Virtu GNL\" \/>\n<meta property=\"og:description\" content=\"Sheyla Santos, da Ag\u00eancia iNFRA O CEO da\u00a0Virtu\u00a0GNL, Jos\u00e9 de Moura Jr., que atua no mercado de caminh\u00f5es movidos a g\u00e1s natural liquefeito, anunciou na \u00faltima ter\u00e7a-feira (13) que a companhia vai come\u00e7ar\u00a0em\u00a0novembro, pelo Maranh\u00e3o, a operar\u00a0em\u00a0longa dist\u00e2ncia no pa\u00eds. Para sustentar a opera\u00e7\u00e3o, a companhia vai inaugurar no mesmo m\u00eas os primeiros pontos de [&hellip;]\" \/>\n<meta property=\"og:url\" content=\"https:\/\/agenciainfra.com\/blog\/transporte-com-caminhao-movido-a-gnl-sera-iniciado-em-novembro-diz-virtu-gnl\/\" \/>\n<meta property=\"og:site_name\" content=\"Ag\u00eancia iNFRA\" \/>\n<meta property=\"article:publisher\" content=\"https:\/\/www.facebook.com\/ageninfra\" \/>\n<meta property=\"article:published_time\" content=\"2024-08-15T12:00:00+00:00\" \/>\n<meta property=\"article:modified_time\" content=\"2024-08-19T14:21:03+00:00\" \/>\n<meta property=\"og:image\" content=\"https:\/\/agenciainfra.com\/blog\/wp-content\/uploads\/2024\/08\/caminhao-gnl-foto-virtu-gnl-2.png\" \/>\n\t<meta property=\"og:image:width\" content=\"1202\" \/>\n\t<meta property=\"og:image:height\" content=\"801\" \/>\n\t<meta property=\"og:image:type\" content=\"image\/png\" \/>\n<meta name=\"author\" content=\"Ag\u00eancia iNFRA\" \/>\n<meta name=\"twitter:card\" content=\"summary_large_image\" \/>\n<meta name=\"twitter:creator\" content=\"@agencia_infra\" \/>\n<meta name=\"twitter:site\" content=\"@agencia_infra\" \/>\n<meta name=\"twitter:label1\" content=\"Escrito por\" \/>\n\t<meta name=\"twitter:data1\" content=\"Ag\u00eancia iNFRA\" \/>\n\t<meta name=\"twitter:label2\" content=\"Est. tempo de leitura\" \/>\n\t<meta name=\"twitter:data2\" content=\"2 minutos\" \/>\n<script type=\"application\/ld+json\" class=\"yoast-schema-graph\">{\"@context\":\"https:\/\/schema.org\",\"@graph\":[{\"@type\":\"Article\",\"@id\":\"https:\/\/agenciainfra.com\/blog\/transporte-com-caminhao-movido-a-gnl-sera-iniciado-em-novembro-diz-virtu-gnl\/#article\",\"isPartOf\":{\"@id\":\"https:\/\/agenciainfra.com\/blog\/transporte-com-caminhao-movido-a-gnl-sera-iniciado-em-novembro-diz-virtu-gnl\/\"},\"author\":{\"name\":\"Ag\u00eancia iNFRA\",\"@id\":\"https:\/\/agenciainfra.com\/blog\/#\/schema\/person\/34af08dff6adea4cb22b06612ba7acfa\"},\"headline\":\"Transporte com caminh\u00e3o movido a GNL ser\u00e1 iniciado em novembro, diz Virtu GNL\",\"datePublished\":\"2024-08-15T12:00:00+00:00\",\"dateModified\":\"2024-08-19T14:21:03+00:00\",\"mainEntityOfPage\":{\"@id\":\"https:\/\/agenciainfra.com\/blog\/transporte-com-caminhao-movido-a-gnl-sera-iniciado-em-novembro-diz-virtu-gnl\/\"},\"wordCount\":396,\"publisher\":{\"@id\":\"https:\/\/agenciainfra.com\/blog\/#organization\"},\"image\":{\"@id\":\"https:\/\/agenciainfra.com\/blog\/transporte-com-caminhao-movido-a-gnl-sera-iniciado-em-novembro-diz-virtu-gnl\/#primaryimage\"},\"thumbnailUrl\":\"https:\/\/agenciainfra.com\/blog\/wp-content\/uploads\/2024\/08\/caminhao-gnl-foto-virtu-gnl-2.png\",\"keywords\":[\"caminh\u00f5es\",\"caminh\u00f5es \u00e0 g\u00e1s\",\"Centrais de Descarboniza\u00e7\u00e3o Rodovi\u00e1ria\",\"g\u00e1s natural\",\"GNL\",\"Jos\u00e9 de Moura Jr.\",\"minist\u00e9rio dos transportes\",\"Porto de Itaqui\",\"Renan Filho\",\"Senatran\",\"Virtu GNL\"],\"articleSection\":[\"Geral\",\"iNFRA Na Transi\u00e7\u00e3o\"],\"inLanguage\":\"pt-BR\",\"copyrightYear\":\"2024\",\"copyrightHolder\":{\"@id\":\"https:\/\/agenciainfra.com\/blog\/#organization\"}},{\"@type\":\"WebPage\",\"@id\":\"https:\/\/agenciainfra.com\/blog\/transporte-com-caminhao-movido-a-gnl-sera-iniciado-em-novembro-diz-virtu-gnl\/\",\"url\":\"https:\/\/agenciainfra.com\/blog\/transporte-com-caminhao-movido-a-gnl-sera-iniciado-em-novembro-diz-virtu-gnl\/\",\"name\":\"Transporte com caminh\u00e3o movido a GNL ser\u00e1 iniciado em novembro, diz Virtu GNL - Ag\u00eancia iNFRA\",\"isPartOf\":{\"@id\":\"https:\/\/agenciainfra.com\/blog\/#website\"},\"primaryImageOfPage\":{\"@id\":\"https:\/\/agenciainfra.com\/blog\/transporte-com-caminhao-movido-a-gnl-sera-iniciado-em-novembro-diz-virtu-gnl\/#primaryimage\"},\"image\":{\"@id\":\"https:\/\/agenciainfra.com\/blog\/transporte-com-caminhao-movido-a-gnl-sera-iniciado-em-novembro-diz-virtu-gnl\/#primaryimage\"},\"thumbnailUrl\":\"https:\/\/agenciainfra.com\/blog\/wp-content\/uploads\/2024\/08\/caminhao-gnl-foto-virtu-gnl-2.png\",\"datePublished\":\"2024-08-15T12:00:00+00:00\",\"dateModified\":\"2024-08-19T14:21:03+00:00\",\"breadcrumb\":{\"@id\":\"https:\/\/agenciainfra.com\/blog\/transporte-com-caminhao-movido-a-gnl-sera-iniciado-em-novembro-diz-virtu-gnl\/#breadcrumb\"},\"inLanguage\":\"pt-BR\",\"potentialAction\":[{\"@type\":\"ReadAction\",\"target\":[\"https:\/\/agenciainfra.com\/blog\/transporte-com-caminhao-movido-a-gnl-sera-iniciado-em-novembro-diz-virtu-gnl\/\"]}]},{\"@type\":\"ImageObject\",\"inLanguage\":\"pt-BR\",\"@id\":\"https:\/\/agenciainfra.com\/blog\/transporte-com-caminhao-movido-a-gnl-sera-iniciado-em-novembro-diz-virtu-gnl\/#primaryimage\",\"url\":\"https:\/\/agenciainfra.com\/blog\/wp-content\/uploads\/2024\/08\/caminhao-gnl-foto-virtu-gnl-2.png\",\"contentUrl\":\"https:\/\/agenciainfra.com\/blog\/wp-content\/uploads\/2024\/08\/caminhao-gnl-foto-virtu-gnl-2.png\",\"width\":1202,\"height\":801},{\"@type\":\"BreadcrumbList\",\"@id\":\"https:\/\/agenciainfra.com\/blog\/transporte-com-caminhao-movido-a-gnl-sera-iniciado-em-novembro-diz-virtu-gnl\/#breadcrumb\",\"itemListElement\":[{\"@type\":\"ListItem\",\"position\":1,\"name\":\"In\u00edcio\",\"item\":\"https:\/\/agenciainfra.com\/blog\/\"},{\"@type\":\"ListItem\",\"position\":2,\"name\":\"Transporte com caminh\u00e3o movido a GNL ser\u00e1 iniciado em novembro, diz Virtu GNL\"}]},{\"@type\":\"WebSite\",\"@id\":\"https:\/\/agenciainfra.com\/blog\/#website\",\"url\":\"https:\/\/agenciainfra.com\/blog\/\",\"name\":\"Ag\u00eancia iNFRA\",\"description\":\"Multiplataforma de informa\u00e7\u00e3o jornal\u00edstica refer\u00eancia na \u00e1rea de infraestrutura no Brasil!\",\"publisher\":{\"@id\":\"https:\/\/agenciainfra.com\/blog\/#organization\"},\"potentialAction\":[{\"@type\":\"SearchAction\",\"target\":{\"@type\":\"EntryPoint\",\"urlTemplate\":\"https:\/\/agenciainfra.com\/blog\/?s={search_term_string}\"},\"query-input\":{\"@type\":\"PropertyValueSpecification\",\"valueRequired\":true,\"valueName\":\"search_term_string\"}}],\"inLanguage\":\"pt-BR\"},{\"@type\":\"Organization\",\"@id\":\"https:\/\/agenciainfra.com\/blog\/#organization\",\"name\":\"Ag\u00eancia iNFRA\",\"url\":\"https:\/\/agenciainfra.com\/blog\/\",\"logo\":{\"@type\":\"ImageObject\",\"inLanguage\":\"pt-BR\",\"@id\":\"https:\/\/agenciainfra.com\/blog\/#\/schema\/logo\/image\/\",\"url\":\"https:\/\/agenciainfra.com\/blog\/wp-content\/uploads\/2023\/09\/iNFRA_5-e1761735885940.png\",\"contentUrl\":\"https:\/\/agenciainfra.com\/blog\/wp-content\/uploads\/2023\/09\/iNFRA_5-e1761735885940.png\",\"width\":1672,\"height\":454,\"caption\":\"Ag\u00eancia iNFRA\"},\"image\":{\"@id\":\"https:\/\/agenciainfra.com\/blog\/#\/schema\/logo\/image\/\"},\"sameAs\":[\"https:\/\/www.facebook.com\/ageninfra\",\"https:\/\/x.com\/agencia_infra\",\"https:\/\/www.linkedin.com\/company\/ag\u00eanciainfra\/\",\"https:\/\/www.instagram.com\/agenciainfra\/\"]},{\"@type\":\"Person\",\"@id\":\"https:\/\/agenciainfra.com\/blog\/#\/schema\/person\/34af08dff6adea4cb22b06612ba7acfa\",\"name\":\"Ag\u00eancia iNFRA\",\"image\":{\"@type\":\"ImageObject\",\"inLanguage\":\"pt-BR\",\"@id\":\"https:\/\/agenciainfra.com\/blog\/#\/schema\/person\/image\/\",\"url\":\"https:\/\/secure.gravatar.com\/avatar\/d189e01678f06d8eb84d4e01f08eb848b3fffe3f8443818d3c356c66892f5be8?s=96&d=mm&r=g\",\"contentUrl\":\"https:\/\/secure.gravatar.com\/avatar\/d189e01678f06d8eb84d4e01f08eb848b3fffe3f8443818d3c356c66892f5be8?s=96&d=mm&r=g\",\"caption\":\"Ag\u00eancia iNFRA\"},\"url\":\"https:\/\/agenciainfra.com\/blog\/author\/admin\/\"}]}<\/script>\n<!-- \/ Yoast SEO Premium plugin. -->","yoast_head_json":{"title":"Transporte com caminh\u00e3o movido a GNL ser\u00e1 iniciado em novembro, diz Virtu GNL - Ag\u00eancia iNFRA","robots":{"index":"index","follow":"follow","max-snippet":"max-snippet:-1","max-image-preview":"max-image-preview:large","max-video-preview":"max-video-preview:-1"},"canonical":"https:\/\/agenciainfra.com\/blog\/transporte-com-caminhao-movido-a-gnl-sera-iniciado-em-novembro-diz-virtu-gnl\/","og_locale":"pt_BR","og_type":"article","og_title":"Transporte com caminh\u00e3o movido a GNL ser\u00e1 iniciado em novembro, diz Virtu GNL","og_description":"Sheyla Santos, da Ag\u00eancia iNFRA O CEO da\u00a0Virtu\u00a0GNL, Jos\u00e9 de Moura Jr., que atua no mercado de caminh\u00f5es movidos a g\u00e1s natural liquefeito, anunciou na \u00faltima ter\u00e7a-feira (13) que a companhia vai come\u00e7ar\u00a0em\u00a0novembro, pelo Maranh\u00e3o, a operar\u00a0em\u00a0longa dist\u00e2ncia no pa\u00eds. Para sustentar a opera\u00e7\u00e3o, a companhia vai inaugurar no mesmo m\u00eas os primeiros pontos de [&hellip;]","og_url":"https:\/\/agenciainfra.com\/blog\/transporte-com-caminhao-movido-a-gnl-sera-iniciado-em-novembro-diz-virtu-gnl\/","og_site_name":"Ag\u00eancia iNFRA","article_publisher":"https:\/\/www.facebook.com\/ageninfra","article_published_time":"2024-08-15T12:00:00+00:00","article_modified_time":"2024-08-19T14:21:03+00:00","og_image":[{"width":1202,"height":801,"url":"https:\/\/agenciainfra.com\/blog\/wp-content\/uploads\/2024\/08\/caminhao-gnl-foto-virtu-gnl-2.png","type":"image\/png"}],"author":"Ag\u00eancia iNFRA","twitter_card":"summary_large_image","twitter_creator":"@agencia_infra","twitter_site":"@agencia_infra","twitter_misc":{"Escrito por":"Ag\u00eancia iNFRA","Est. tempo de leitura":"2 minutos"},"schema":{"@context":"https:\/\/schema.org","@graph":[{"@type":"Article","@id":"https:\/\/agenciainfra.com\/blog\/transporte-com-caminhao-movido-a-gnl-sera-iniciado-em-novembro-diz-virtu-gnl\/#article","isPartOf":{"@id":"https:\/\/agenciainfra.com\/blog\/transporte-com-caminhao-movido-a-gnl-sera-iniciado-em-novembro-diz-virtu-gnl\/"},"author":{"name":"Ag\u00eancia iNFRA","@id":"https:\/\/agenciainfra.com\/blog\/#\/schema\/person\/34af08dff6adea4cb22b06612ba7acfa"},"headline":"Transporte com caminh\u00e3o movido a GNL ser\u00e1 iniciado em novembro, diz Virtu GNL","datePublished":"2024-08-15T12:00:00+00:00","dateModified":"2024-08-19T14:21:03+00:00","mainEntityOfPage":{"@id":"https:\/\/agenciainfra.com\/blog\/transporte-com-caminhao-movido-a-gnl-sera-iniciado-em-novembro-diz-virtu-gnl\/"},"wordCount":396,"publisher":{"@id":"https:\/\/agenciainfra.com\/blog\/#organization"},"image":{"@id":"https:\/\/agenciainfra.com\/blog\/transporte-com-caminhao-movido-a-gnl-sera-iniciado-em-novembro-diz-virtu-gnl\/#primaryimage"},"thumbnailUrl":"https:\/\/agenciainfra.com\/blog\/wp-content\/uploads\/2024\/08\/caminhao-gnl-foto-virtu-gnl-2.png","keywords":["caminh\u00f5es","caminh\u00f5es \u00e0 g\u00e1s","Centrais de Descarboniza\u00e7\u00e3o Rodovi\u00e1ria","g\u00e1s natural","GNL","Jos\u00e9 de Moura Jr.","minist\u00e9rio dos transportes","Porto de Itaqui","Renan Filho","Senatran","Virtu GNL"],"articleSection":["Geral","iNFRA Na Transi\u00e7\u00e3o"],"inLanguage":"pt-BR","copyrightYear":"2024","copyrightHolder":{"@id":"https:\/\/agenciainfra.com\/blog\/#organization"}},{"@type":"WebPage","@id":"https:\/\/agenciainfra.com\/blog\/transporte-com-caminhao-movido-a-gnl-sera-iniciado-em-novembro-diz-virtu-gnl\/","url":"https:\/\/agenciainfra.com\/blog\/transporte-com-caminhao-movido-a-gnl-sera-iniciado-em-novembro-diz-virtu-gnl\/","name":"Transporte com caminh\u00e3o movido a GNL ser\u00e1 iniciado em novembro, diz Virtu GNL - Ag\u00eancia iNFRA","isPartOf":{"@id":"https:\/\/agenciainfra.com\/blog\/#website"},"primaryImageOfPage":{"@id":"https:\/\/agenciainfra.com\/blog\/transporte-com-caminhao-movido-a-gnl-sera-iniciado-em-novembro-diz-virtu-gnl\/#primaryimage"},"image":{"@id":"https:\/\/agenciainfra.com\/blog\/transporte-com-caminhao-movido-a-gnl-sera-iniciado-em-novembro-diz-virtu-gnl\/#primaryimage"},"thumbnailUrl":"https:\/\/agenciainfra.com\/blog\/wp-content\/uploads\/2024\/08\/caminhao-gnl-foto-virtu-gnl-2.png","datePublished":"2024-08-15T12:00:00+00:00","dateModified":"2024-08-19T14:21:03+00:00","breadcrumb":{"@id":"https:\/\/agenciainfra.com\/blog\/transporte-com-caminhao-movido-a-gnl-sera-iniciado-em-novembro-diz-virtu-gnl\/#breadcrumb"},"inLanguage":"pt-BR","potentialAction":[{"@type":"ReadAction","target":["https:\/\/agenciainfra.com\/blog\/transporte-com-caminhao-movido-a-gnl-sera-iniciado-em-novembro-diz-virtu-gnl\/"]}]},{"@type":"ImageObject","inLanguage":"pt-BR","@id":"https:\/\/agenciainfra.com\/blog\/transporte-com-caminhao-movido-a-gnl-sera-iniciado-em-novembro-diz-virtu-gnl\/#primaryimage","url":"https:\/\/agenciainfra.com\/blog\/wp-content\/uploads\/2024\/08\/caminhao-gnl-foto-virtu-gnl-2.png","contentUrl":"https:\/\/agenciainfra.com\/blog\/wp-content\/uploads\/2024\/08\/caminhao-gnl-foto-virtu-gnl-2.png","width":1202,"height":801},{"@type":"BreadcrumbList","@id":"https:\/\/agenciainfra.com\/blog\/transporte-com-caminhao-movido-a-gnl-sera-iniciado-em-novembro-diz-virtu-gnl\/#breadcrumb","itemListElement":[{"@type":"ListItem","position":1,"name":"In\u00edcio","item":"https:\/\/agenciainfra.com\/blog\/"},{"@type":"ListItem","position":2,"name":"Transporte com caminh\u00e3o movido a GNL ser\u00e1 iniciado em novembro, diz Virtu GNL"}]},{"@type":"WebSite","@id":"https:\/\/agenciainfra.com\/blog\/#website","url":"https:\/\/agenciainfra.com\/blog\/","name":"Ag\u00eancia iNFRA","description":"Multiplataforma de informa\u00e7\u00e3o jornal\u00edstica refer\u00eancia na \u00e1rea de infraestrutura no Brasil!","publisher":{"@id":"https:\/\/agenciainfra.com\/blog\/#organization"},"potentialAction":[{"@type":"SearchAction","target":{"@type":"EntryPoint","urlTemplate":"https:\/\/agenciainfra.com\/blog\/?s={search_term_string}"},"query-input":{"@type":"PropertyValueSpecification","valueRequired":true,"valueName":"search_term_string"}}],"inLanguage":"pt-BR"},{"@type":"Organization","@id":"https:\/\/agenciainfra.com\/blog\/#organization","name":"Ag\u00eancia iNFRA","url":"https:\/\/agenciainfra.com\/blog\/","logo":{"@type":"ImageObject","inLanguage":"pt-BR","@id":"https:\/\/agenciainfra.com\/blog\/#\/schema\/logo\/image\/","url":"https:\/\/agenciainfra.com\/blog\/wp-content\/uploads\/2023\/09\/iNFRA_5-e1761735885940.png","contentUrl":"https:\/\/agenciainfra.com\/blog\/wp-content\/uploads\/2023\/09\/iNFRA_5-e1761735885940.png","width":1672,"height":454,"caption":"Ag\u00eancia iNFRA"},"image":{"@id":"https:\/\/agenciainfra.com\/blog\/#\/schema\/logo\/image\/"},"sameAs":["https:\/\/www.facebook.com\/ageninfra","https:\/\/x.com\/agencia_infra","https:\/\/www.linkedin.com\/company\/ag\u00eanciainfra\/","https:\/\/www.instagram.com\/agenciainfra\/"]},{"@type":"Person","@id":"https:\/\/agenciainfra.com\/blog\/#\/schema\/person\/34af08dff6adea4cb22b06612ba7acfa","name":"Ag\u00eancia iNFRA","image":{"@type":"ImageObject","inLanguage":"pt-BR","@id":"https:\/\/agenciainfra.com\/blog\/#\/schema\/person\/image\/","url":"https:\/\/secure.gravatar.com\/avatar\/d189e01678f06d8eb84d4e01f08eb848b3fffe3f8443818d3c356c66892f5be8?s=96&d=mm&r=g","contentUrl":"https:\/\/secure.gravatar.com\/avatar\/d189e01678f06d8eb84d4e01f08eb848b3fffe3f8443818d3c356c66892f5be8?s=96&d=mm&r=g","caption":"Ag\u00eancia iNFRA"},"url":"https:\/\/agenciainfra.com\/blog\/author\/admin\/"}]}},"_links":{"self":[{"href":"https:\/\/agenciainfra.com\/blog\/wp-json\/wp\/v2\/posts\/18153","targetHints":{"allow":["GET"]}}],"collection":[{"href":"https:\/\/agenciainfra.com\/blog\/wp-json\/wp\/v2\/posts"}],"about":[{"href":"https:\/\/agenciainfra.com\/blog\/wp-json\/wp\/v2\/types\/post"}],"author":[{"embeddable":true,"href":"https:\/\/agenciainfra.com\/blog\/wp-json\/wp\/v2\/users\/1"}],"replies":[{"embeddable":true,"href":"https:\/\/agenciainfra.com\/blog\/wp-json\/wp\/v2\/comments?post=18153"}],"version-history":[{"count":1,"href":"https:\/\/agenciainfra.com\/blog\/wp-json\/wp\/v2\/posts\/18153\/revisions"}],"predecessor-version":[{"id":18156,"href":"https:\/\/agenciainfra.com\/blog\/wp-json\/wp\/v2\/posts\/18153\/revisions\/18156"}],"wp:featuredmedia":[{"embeddable":true,"href":"https:\/\/agenciainfra.com\/blog\/wp-json\/wp\/v2\/media\/18155"}],"wp:attachment":[{"href":"https:\/\/agenciainfra.com\/blog\/wp-json\/wp\/v2\/media?parent=18153"}],"wp:term":[{"taxonomy":"category","embeddable":true,"href":"https:\/\/agenciainfra.com\/blog\/wp-json\/wp\/v2\/categories?post=18153"},{"taxonomy":"post_tag","embeddable":true,"href":"https:\/\/agenciainfra.com\/blog\/wp-json\/wp\/v2\/tags?post=18153"}],"curies":[{"name":"wp","href":"https:\/\/api.w.org\/{rel}","templated":true}]}}