{"id":18158,"date":"2024-08-15T10:00:00","date_gmt":"2024-08-15T13:00:00","guid":{"rendered":"https:\/\/agenciainfra.com\/blog\/?p=18158"},"modified":"2024-08-15T13:15:30","modified_gmt":"2024-08-15T16:15:30","slug":"grupo-equatorial-se-diz-surpreso-com-acusacao-de-bullying-feita-por-diretor-da-aneel","status":"publish","type":"post","link":"https:\/\/agenciainfra.com\/blog\/grupo-equatorial-se-diz-surpreso-com-acusacao-de-bullying-feita-por-diretor-da-aneel\/","title":{"rendered":"Grupo equatorial se diz surpreso com acusa\u00e7\u00e3o de &#8220;bullying&#8221; feita por diretor da ANEEL"},"content":{"rendered":"\n<p class=\"has-text-align-right\"><strong>da&nbsp;Ag\u00eancia iNFRA<\/strong><\/p>\n\n\n\n<p>O\u00a0Grupo\u00a0Equatorial\u00a0afirmou nesta quarta-feira (14), em nota\u00a0<a href=\"https:\/\/agenciainfra.us14.list-manage.com\/track\/click?u=d460dd1bcf9ba0ae040e1fc0f&amp;id=f25a94b023&amp;e=f0fa444791\" target=\"_blank\" rel=\"noreferrer noopener\">(leia a \u00edntegra)<\/a>, que foi surpreendido com a declara\u00e7\u00e3o do\u00a0diretor\u00a0Fernando Mosna, da\u00a0ANEEL\u00a0(Ag\u00eancia Nacional de Energia El\u00e9trica), que <a href=\"https:\/\/agenciainfra.com\/blog\/diretor-da-aneel-critica-bullying-do-grupo-equatorial-contra-barbara-rubim-da-absolar\/\">definiu como \u201cbullying\u00a0corporativo\u201d<\/a> a interpela\u00e7\u00e3o judicial protocolada pelo\u00a0grupo\u00a0contra a vice-presidente de Gera\u00e7\u00e3o Distribu\u00edda da Absolar (Associa\u00e7\u00e3o Brasileira de Energia Solar Fotovoltaica), B\u00e1rbara Rubim.<br><br>B\u00e1rbara Rubim fez cr\u00edticas em suas redes sociais sobre cobran\u00e7a indevida de ICMS, pela\u00a0Equatorial\u00a0Piau\u00ed, dos geradores de pain\u00e9is solares (Gera\u00e7\u00e3o Distribu\u00edda).<br><br>O\u00a0grupo\u00a0afirma que esclareceu todas as d\u00favidas levantadas por B\u00e1rbara sobre a cobran\u00e7a dos tributos de Gera\u00e7\u00e3o Distribu\u00edda. Segundo a nota, ap\u00f3s os esclarecimentos, a executiva continuou divulgando informa\u00e7\u00f5es que \u201cn\u00e3o condizem com a realidade dos fatos e muito menos com a legisla\u00e7\u00e3o\u201d.<br><br>O\u00a0diretor\u00a0Mosna disse que o Minist\u00e9rio P\u00fablico do Piau\u00ed instaurou no dia 8 de agosto um procedimento administrativo contra a empresa, devido a reclama\u00e7\u00e3o de consumidores sobre cobran\u00e7as abusivas e indevidas.\u00a0<br><br>O\u00a0Grupo\u00a0Equatorial\u00a0informou que as distribuidoras de energia apenas arrecadam tributos e repassam os valores do ICMS ao governo do estado, n\u00e3o definindo as cobran\u00e7as. A empresa tamb\u00e9m informou que ainda n\u00e3o foi citada no procedimento instaurado pelo Minist\u00e9rio P\u00fablico do Piau\u00ed, mas est\u00e1 pronta para prestar os esclarecimentos necess\u00e1rios.<\/p>\n","protected":false},"excerpt":{"rendered":"<p>da&nbsp;Ag\u00eancia iNFRA O\u00a0Grupo\u00a0Equatorial\u00a0afirmou nesta quarta-feira (14), em nota\u00a0(leia a \u00edntegra), que foi surpreendido com a declara\u00e7\u00e3o do\u00a0diretor\u00a0Fernando Mosna, da\u00a0ANEEL\u00a0(Ag\u00eancia Nacional de Energia El\u00e9trica), que definiu como \u201cbullying\u00a0corporativo\u201d a interpela\u00e7\u00e3o judicial protocolada pelo\u00a0grupo\u00a0contra a vice-presidente de Gera\u00e7\u00e3o Distribu\u00edda da Absolar (Associa\u00e7\u00e3o Brasileira de Energia Solar Fotovoltaica), B\u00e1rbara Rubim. B\u00e1rbara Rubim fez cr\u00edticas em suas redes sociais [&hellip;]<\/p>\n","protected":false},"author":1,"featured_media":18161,"comment_status":"closed","ping_status":"closed","sticky":false,"template":"","format":"standard","meta":{"_monsterinsights_skip_tracking":false,"_monsterinsights_sitenote_active":false,"_monsterinsights_sitenote_note":"","_monsterinsights_sitenote_category":0,"footnotes":""},"categories":[1,10],"tags":[1385,53,1584,11265,11266,1093,2811,7014,850,11247,11252],"class_list":["post-18158","post","type-post","status-publish","format-standard","has-post-thumbnail","hentry","category-geral","category-infraenergia","tag-absolar","tag-aneel","tag-barbara-rubim","tag-bullying","tag-bullying-corporativo","tag-energia-solar","tag-equatorial-piaui","tag-fernando-mosna","tag-geracao-distribuida","tag-grupo-equatorial","tag-ministerio-publico-do-piaui"],"yoast_head":"<!-- This site is optimized with the Yoast SEO Premium plugin v25.4 (Yoast SEO v26.0) - https:\/\/yoast.com\/wordpress\/plugins\/seo\/ -->\n<title>Grupo equatorial se diz surpreso com acusa\u00e7\u00e3o de &quot;bullying&quot; feita por diretor da ANEEL - Ag\u00eancia iNFRA<\/title>\n<meta name=\"robots\" content=\"index, follow, max-snippet:-1, max-image-preview:large, max-video-preview:-1\" \/>\n<link rel=\"canonical\" href=\"https:\/\/agenciainfra.com\/blog\/grupo-equatorial-se-diz-surpreso-com-acusacao-de-bullying-feita-por-diretor-da-aneel\/\" \/>\n<meta property=\"og:locale\" content=\"pt_BR\" \/>\n<meta property=\"og:type\" content=\"article\" \/>\n<meta property=\"og:title\" content=\"Grupo equatorial se diz surpreso com acusa\u00e7\u00e3o de &quot;bullying&quot; feita por diretor da ANEEL\" \/>\n<meta property=\"og:description\" content=\"da&nbsp;Ag\u00eancia iNFRA O\u00a0Grupo\u00a0Equatorial\u00a0afirmou nesta quarta-feira (14), em nota\u00a0(leia a \u00edntegra), que foi surpreendido com a declara\u00e7\u00e3o do\u00a0diretor\u00a0Fernando Mosna, da\u00a0ANEEL\u00a0(Ag\u00eancia Nacional de Energia El\u00e9trica), que definiu como \u201cbullying\u00a0corporativo\u201d a interpela\u00e7\u00e3o judicial protocolada pelo\u00a0grupo\u00a0contra a vice-presidente de Gera\u00e7\u00e3o Distribu\u00edda da Absolar (Associa\u00e7\u00e3o Brasileira de Energia Solar Fotovoltaica), B\u00e1rbara Rubim. B\u00e1rbara Rubim fez cr\u00edticas em suas redes sociais [&hellip;]\" \/>\n<meta property=\"og:url\" content=\"https:\/\/agenciainfra.com\/blog\/grupo-equatorial-se-diz-surpreso-com-acusacao-de-bullying-feita-por-diretor-da-aneel\/\" \/>\n<meta property=\"og:site_name\" content=\"Ag\u00eancia iNFRA\" \/>\n<meta property=\"article:publisher\" content=\"https:\/\/www.facebook.com\/ageninfra\" \/>\n<meta property=\"article:published_time\" content=\"2024-08-15T13:00:00+00:00\" \/>\n<meta property=\"article:modified_time\" content=\"2024-08-15T16:15:30+00:00\" \/>\n<meta property=\"og:image\" content=\"https:\/\/agenciainfra.com\/blog\/wp-content\/uploads\/2024\/08\/fachada-equatorial-foto-ascom.jpg\" \/>\n\t<meta property=\"og:image:width\" content=\"1202\" \/>\n\t<meta property=\"og:image:height\" content=\"801\" \/>\n\t<meta property=\"og:image:type\" content=\"image\/jpeg\" \/>\n<meta name=\"author\" content=\"Ag\u00eancia iNFRA\" \/>\n<meta name=\"twitter:card\" content=\"summary_large_image\" \/>\n<meta name=\"twitter:creator\" content=\"@agencia_infra\" \/>\n<meta name=\"twitter:site\" content=\"@agencia_infra\" \/>\n<meta name=\"twitter:label1\" content=\"Escrito por\" \/>\n\t<meta name=\"twitter:data1\" content=\"Ag\u00eancia iNFRA\" \/>\n\t<meta name=\"twitter:label2\" content=\"Est. tempo de leitura\" \/>\n\t<meta name=\"twitter:data2\" content=\"1 minuto\" \/>\n<script type=\"application\/ld+json\" class=\"yoast-schema-graph\">{\"@context\":\"https:\/\/schema.org\",\"@graph\":[{\"@type\":\"Article\",\"@id\":\"https:\/\/agenciainfra.com\/blog\/grupo-equatorial-se-diz-surpreso-com-acusacao-de-bullying-feita-por-diretor-da-aneel\/#article\",\"isPartOf\":{\"@id\":\"https:\/\/agenciainfra.com\/blog\/grupo-equatorial-se-diz-surpreso-com-acusacao-de-bullying-feita-por-diretor-da-aneel\/\"},\"author\":{\"name\":\"Ag\u00eancia iNFRA\",\"@id\":\"https:\/\/agenciainfra.com\/blog\/#\/schema\/person\/34af08dff6adea4cb22b06612ba7acfa\"},\"headline\":\"Grupo equatorial se diz surpreso com acusa\u00e7\u00e3o de &#8220;bullying&#8221; feita por diretor da ANEEL\",\"datePublished\":\"2024-08-15T13:00:00+00:00\",\"dateModified\":\"2024-08-15T16:15:30+00:00\",\"mainEntityOfPage\":{\"@id\":\"https:\/\/agenciainfra.com\/blog\/grupo-equatorial-se-diz-surpreso-com-acusacao-de-bullying-feita-por-diretor-da-aneel\/\"},\"wordCount\":258,\"publisher\":{\"@id\":\"https:\/\/agenciainfra.com\/blog\/#organization\"},\"image\":{\"@id\":\"https:\/\/agenciainfra.com\/blog\/grupo-equatorial-se-diz-surpreso-com-acusacao-de-bullying-feita-por-diretor-da-aneel\/#primaryimage\"},\"thumbnailUrl\":\"https:\/\/agenciainfra.com\/blog\/wp-content\/uploads\/2024\/08\/fachada-equatorial-foto-ascom.jpg\",\"keywords\":[\"Absolar\",\"ANEEL\",\"B\u00e1rbara Rubim\",\"bullying\",\"bullying corporativo\",\"energia solar\",\"Equatorial Piau\u00ed\",\"Fernando Mosna\",\"gera\u00e7\u00e3o distribu\u00edda\",\"Grupo Equatorial\",\"Minist\u00e9rio P\u00fablico do Piau\u00ed\"],\"articleSection\":[\"Geral\",\"iNFRAEnergia\"],\"inLanguage\":\"pt-BR\",\"copyrightYear\":\"2024\",\"copyrightHolder\":{\"@id\":\"https:\/\/agenciainfra.com\/blog\/#organization\"}},{\"@type\":\"WebPage\",\"@id\":\"https:\/\/agenciainfra.com\/blog\/grupo-equatorial-se-diz-surpreso-com-acusacao-de-bullying-feita-por-diretor-da-aneel\/\",\"url\":\"https:\/\/agenciainfra.com\/blog\/grupo-equatorial-se-diz-surpreso-com-acusacao-de-bullying-feita-por-diretor-da-aneel\/\",\"name\":\"Grupo equatorial se diz surpreso com acusa\u00e7\u00e3o de \\\"bullying\\\" feita por diretor da ANEEL - Ag\u00eancia iNFRA\",\"isPartOf\":{\"@id\":\"https:\/\/agenciainfra.com\/blog\/#website\"},\"primaryImageOfPage\":{\"@id\":\"https:\/\/agenciainfra.com\/blog\/grupo-equatorial-se-diz-surpreso-com-acusacao-de-bullying-feita-por-diretor-da-aneel\/#primaryimage\"},\"image\":{\"@id\":\"https:\/\/agenciainfra.com\/blog\/grupo-equatorial-se-diz-surpreso-com-acusacao-de-bullying-feita-por-diretor-da-aneel\/#primaryimage\"},\"thumbnailUrl\":\"https:\/\/agenciainfra.com\/blog\/wp-content\/uploads\/2024\/08\/fachada-equatorial-foto-ascom.jpg\",\"datePublished\":\"2024-08-15T13:00:00+00:00\",\"dateModified\":\"2024-08-15T16:15:30+00:00\",\"breadcrumb\":{\"@id\":\"https:\/\/agenciainfra.com\/blog\/grupo-equatorial-se-diz-surpreso-com-acusacao-de-bullying-feita-por-diretor-da-aneel\/#breadcrumb\"},\"inLanguage\":\"pt-BR\",\"potentialAction\":[{\"@type\":\"ReadAction\",\"target\":[\"https:\/\/agenciainfra.com\/blog\/grupo-equatorial-se-diz-surpreso-com-acusacao-de-bullying-feita-por-diretor-da-aneel\/\"]}]},{\"@type\":\"ImageObject\",\"inLanguage\":\"pt-BR\",\"@id\":\"https:\/\/agenciainfra.com\/blog\/grupo-equatorial-se-diz-surpreso-com-acusacao-de-bullying-feita-por-diretor-da-aneel\/#primaryimage\",\"url\":\"https:\/\/agenciainfra.com\/blog\/wp-content\/uploads\/2024\/08\/fachada-equatorial-foto-ascom.jpg\",\"contentUrl\":\"https:\/\/agenciainfra.com\/blog\/wp-content\/uploads\/2024\/08\/fachada-equatorial-foto-ascom.jpg\",\"width\":1202,\"height\":801,\"caption\":\"Foto: ASCOM\/Equatorial\"},{\"@type\":\"BreadcrumbList\",\"@id\":\"https:\/\/agenciainfra.com\/blog\/grupo-equatorial-se-diz-surpreso-com-acusacao-de-bullying-feita-por-diretor-da-aneel\/#breadcrumb\",\"itemListElement\":[{\"@type\":\"ListItem\",\"position\":1,\"name\":\"In\u00edcio\",\"item\":\"https:\/\/agenciainfra.com\/blog\/\"},{\"@type\":\"ListItem\",\"position\":2,\"name\":\"Grupo equatorial se diz surpreso com acusa\u00e7\u00e3o de &#8220;bullying&#8221; feita por diretor da ANEEL\"}]},{\"@type\":\"WebSite\",\"@id\":\"https:\/\/agenciainfra.com\/blog\/#website\",\"url\":\"https:\/\/agenciainfra.com\/blog\/\",\"name\":\"Ag\u00eancia iNFRA\",\"description\":\"Multiplataforma de informa\u00e7\u00e3o jornal\u00edstica refer\u00eancia na \u00e1rea de infraestrutura no Brasil!\",\"publisher\":{\"@id\":\"https:\/\/agenciainfra.com\/blog\/#organization\"},\"potentialAction\":[{\"@type\":\"SearchAction\",\"target\":{\"@type\":\"EntryPoint\",\"urlTemplate\":\"https:\/\/agenciainfra.com\/blog\/?s={search_term_string}\"},\"query-input\":{\"@type\":\"PropertyValueSpecification\",\"valueRequired\":true,\"valueName\":\"search_term_string\"}}],\"inLanguage\":\"pt-BR\"},{\"@type\":\"Organization\",\"@id\":\"https:\/\/agenciainfra.com\/blog\/#organization\",\"name\":\"Ag\u00eancia iNFRA\",\"url\":\"https:\/\/agenciainfra.com\/blog\/\",\"logo\":{\"@type\":\"ImageObject\",\"inLanguage\":\"pt-BR\",\"@id\":\"https:\/\/agenciainfra.com\/blog\/#\/schema\/logo\/image\/\",\"url\":\"https:\/\/agenciainfra.com\/blog\/wp-content\/uploads\/2023\/09\/iNFRA_5-e1761735885940.png\",\"contentUrl\":\"https:\/\/agenciainfra.com\/blog\/wp-content\/uploads\/2023\/09\/iNFRA_5-e1761735885940.png\",\"width\":1672,\"height\":454,\"caption\":\"Ag\u00eancia iNFRA\"},\"image\":{\"@id\":\"https:\/\/agenciainfra.com\/blog\/#\/schema\/logo\/image\/\"},\"sameAs\":[\"https:\/\/www.facebook.com\/ageninfra\",\"https:\/\/x.com\/agencia_infra\",\"https:\/\/www.linkedin.com\/company\/ag\u00eanciainfra\/\",\"https:\/\/www.instagram.com\/agenciainfra\/\"]},{\"@type\":\"Person\",\"@id\":\"https:\/\/agenciainfra.com\/blog\/#\/schema\/person\/34af08dff6adea4cb22b06612ba7acfa\",\"name\":\"Ag\u00eancia iNFRA\",\"image\":{\"@type\":\"ImageObject\",\"inLanguage\":\"pt-BR\",\"@id\":\"https:\/\/agenciainfra.com\/blog\/#\/schema\/person\/image\/\",\"url\":\"https:\/\/secure.gravatar.com\/avatar\/d189e01678f06d8eb84d4e01f08eb848b3fffe3f8443818d3c356c66892f5be8?s=96&d=mm&r=g\",\"contentUrl\":\"https:\/\/secure.gravatar.com\/avatar\/d189e01678f06d8eb84d4e01f08eb848b3fffe3f8443818d3c356c66892f5be8?s=96&d=mm&r=g\",\"caption\":\"Ag\u00eancia iNFRA\"},\"url\":\"https:\/\/agenciainfra.com\/blog\/author\/admin\/\"}]}<\/script>\n<!-- \/ Yoast SEO Premium plugin. -->","yoast_head_json":{"title":"Grupo equatorial se diz surpreso com acusa\u00e7\u00e3o de \"bullying\" feita por diretor da ANEEL - Ag\u00eancia iNFRA","robots":{"index":"index","follow":"follow","max-snippet":"max-snippet:-1","max-image-preview":"max-image-preview:large","max-video-preview":"max-video-preview:-1"},"canonical":"https:\/\/agenciainfra.com\/blog\/grupo-equatorial-se-diz-surpreso-com-acusacao-de-bullying-feita-por-diretor-da-aneel\/","og_locale":"pt_BR","og_type":"article","og_title":"Grupo equatorial se diz surpreso com acusa\u00e7\u00e3o de \"bullying\" feita por diretor da ANEEL","og_description":"da&nbsp;Ag\u00eancia iNFRA O\u00a0Grupo\u00a0Equatorial\u00a0afirmou nesta quarta-feira (14), em nota\u00a0(leia a \u00edntegra), que foi surpreendido com a declara\u00e7\u00e3o do\u00a0diretor\u00a0Fernando Mosna, da\u00a0ANEEL\u00a0(Ag\u00eancia Nacional de Energia El\u00e9trica), que definiu como \u201cbullying\u00a0corporativo\u201d a interpela\u00e7\u00e3o judicial protocolada pelo\u00a0grupo\u00a0contra a vice-presidente de Gera\u00e7\u00e3o Distribu\u00edda da Absolar (Associa\u00e7\u00e3o Brasileira de Energia Solar Fotovoltaica), B\u00e1rbara Rubim. B\u00e1rbara Rubim fez cr\u00edticas em suas redes sociais [&hellip;]","og_url":"https:\/\/agenciainfra.com\/blog\/grupo-equatorial-se-diz-surpreso-com-acusacao-de-bullying-feita-por-diretor-da-aneel\/","og_site_name":"Ag\u00eancia iNFRA","article_publisher":"https:\/\/www.facebook.com\/ageninfra","article_published_time":"2024-08-15T13:00:00+00:00","article_modified_time":"2024-08-15T16:15:30+00:00","og_image":[{"width":1202,"height":801,"url":"https:\/\/agenciainfra.com\/blog\/wp-content\/uploads\/2024\/08\/fachada-equatorial-foto-ascom.jpg","type":"image\/jpeg"}],"author":"Ag\u00eancia iNFRA","twitter_card":"summary_large_image","twitter_creator":"@agencia_infra","twitter_site":"@agencia_infra","twitter_misc":{"Escrito por":"Ag\u00eancia iNFRA","Est. tempo de leitura":"1 minuto"},"schema":{"@context":"https:\/\/schema.org","@graph":[{"@type":"Article","@id":"https:\/\/agenciainfra.com\/blog\/grupo-equatorial-se-diz-surpreso-com-acusacao-de-bullying-feita-por-diretor-da-aneel\/#article","isPartOf":{"@id":"https:\/\/agenciainfra.com\/blog\/grupo-equatorial-se-diz-surpreso-com-acusacao-de-bullying-feita-por-diretor-da-aneel\/"},"author":{"name":"Ag\u00eancia iNFRA","@id":"https:\/\/agenciainfra.com\/blog\/#\/schema\/person\/34af08dff6adea4cb22b06612ba7acfa"},"headline":"Grupo equatorial se diz surpreso com acusa\u00e7\u00e3o de &#8220;bullying&#8221; feita por diretor da ANEEL","datePublished":"2024-08-15T13:00:00+00:00","dateModified":"2024-08-15T16:15:30+00:00","mainEntityOfPage":{"@id":"https:\/\/agenciainfra.com\/blog\/grupo-equatorial-se-diz-surpreso-com-acusacao-de-bullying-feita-por-diretor-da-aneel\/"},"wordCount":258,"publisher":{"@id":"https:\/\/agenciainfra.com\/blog\/#organization"},"image":{"@id":"https:\/\/agenciainfra.com\/blog\/grupo-equatorial-se-diz-surpreso-com-acusacao-de-bullying-feita-por-diretor-da-aneel\/#primaryimage"},"thumbnailUrl":"https:\/\/agenciainfra.com\/blog\/wp-content\/uploads\/2024\/08\/fachada-equatorial-foto-ascom.jpg","keywords":["Absolar","ANEEL","B\u00e1rbara Rubim","bullying","bullying corporativo","energia solar","Equatorial Piau\u00ed","Fernando Mosna","gera\u00e7\u00e3o distribu\u00edda","Grupo Equatorial","Minist\u00e9rio P\u00fablico do Piau\u00ed"],"articleSection":["Geral","iNFRAEnergia"],"inLanguage":"pt-BR","copyrightYear":"2024","copyrightHolder":{"@id":"https:\/\/agenciainfra.com\/blog\/#organization"}},{"@type":"WebPage","@id":"https:\/\/agenciainfra.com\/blog\/grupo-equatorial-se-diz-surpreso-com-acusacao-de-bullying-feita-por-diretor-da-aneel\/","url":"https:\/\/agenciainfra.com\/blog\/grupo-equatorial-se-diz-surpreso-com-acusacao-de-bullying-feita-por-diretor-da-aneel\/","name":"Grupo equatorial se diz surpreso com acusa\u00e7\u00e3o de \"bullying\" feita por diretor da ANEEL - Ag\u00eancia iNFRA","isPartOf":{"@id":"https:\/\/agenciainfra.com\/blog\/#website"},"primaryImageOfPage":{"@id":"https:\/\/agenciainfra.com\/blog\/grupo-equatorial-se-diz-surpreso-com-acusacao-de-bullying-feita-por-diretor-da-aneel\/#primaryimage"},"image":{"@id":"https:\/\/agenciainfra.com\/blog\/grupo-equatorial-se-diz-surpreso-com-acusacao-de-bullying-feita-por-diretor-da-aneel\/#primaryimage"},"thumbnailUrl":"https:\/\/agenciainfra.com\/blog\/wp-content\/uploads\/2024\/08\/fachada-equatorial-foto-ascom.jpg","datePublished":"2024-08-15T13:00:00+00:00","dateModified":"2024-08-15T16:15:30+00:00","breadcrumb":{"@id":"https:\/\/agenciainfra.com\/blog\/grupo-equatorial-se-diz-surpreso-com-acusacao-de-bullying-feita-por-diretor-da-aneel\/#breadcrumb"},"inLanguage":"pt-BR","potentialAction":[{"@type":"ReadAction","target":["https:\/\/agenciainfra.com\/blog\/grupo-equatorial-se-diz-surpreso-com-acusacao-de-bullying-feita-por-diretor-da-aneel\/"]}]},{"@type":"ImageObject","inLanguage":"pt-BR","@id":"https:\/\/agenciainfra.com\/blog\/grupo-equatorial-se-diz-surpreso-com-acusacao-de-bullying-feita-por-diretor-da-aneel\/#primaryimage","url":"https:\/\/agenciainfra.com\/blog\/wp-content\/uploads\/2024\/08\/fachada-equatorial-foto-ascom.jpg","contentUrl":"https:\/\/agenciainfra.com\/blog\/wp-content\/uploads\/2024\/08\/fachada-equatorial-foto-ascom.jpg","width":1202,"height":801,"caption":"Foto: ASCOM\/Equatorial"},{"@type":"BreadcrumbList","@id":"https:\/\/agenciainfra.com\/blog\/grupo-equatorial-se-diz-surpreso-com-acusacao-de-bullying-feita-por-diretor-da-aneel\/#breadcrumb","itemListElement":[{"@type":"ListItem","position":1,"name":"In\u00edcio","item":"https:\/\/agenciainfra.com\/blog\/"},{"@type":"ListItem","position":2,"name":"Grupo equatorial se diz surpreso com acusa\u00e7\u00e3o de &#8220;bullying&#8221; feita por diretor da ANEEL"}]},{"@type":"WebSite","@id":"https:\/\/agenciainfra.com\/blog\/#website","url":"https:\/\/agenciainfra.com\/blog\/","name":"Ag\u00eancia iNFRA","description":"Multiplataforma de informa\u00e7\u00e3o jornal\u00edstica refer\u00eancia na \u00e1rea de infraestrutura no Brasil!","publisher":{"@id":"https:\/\/agenciainfra.com\/blog\/#organization"},"potentialAction":[{"@type":"SearchAction","target":{"@type":"EntryPoint","urlTemplate":"https:\/\/agenciainfra.com\/blog\/?s={search_term_string}"},"query-input":{"@type":"PropertyValueSpecification","valueRequired":true,"valueName":"search_term_string"}}],"inLanguage":"pt-BR"},{"@type":"Organization","@id":"https:\/\/agenciainfra.com\/blog\/#organization","name":"Ag\u00eancia iNFRA","url":"https:\/\/agenciainfra.com\/blog\/","logo":{"@type":"ImageObject","inLanguage":"pt-BR","@id":"https:\/\/agenciainfra.com\/blog\/#\/schema\/logo\/image\/","url":"https:\/\/agenciainfra.com\/blog\/wp-content\/uploads\/2023\/09\/iNFRA_5-e1761735885940.png","contentUrl":"https:\/\/agenciainfra.com\/blog\/wp-content\/uploads\/2023\/09\/iNFRA_5-e1761735885940.png","width":1672,"height":454,"caption":"Ag\u00eancia iNFRA"},"image":{"@id":"https:\/\/agenciainfra.com\/blog\/#\/schema\/logo\/image\/"},"sameAs":["https:\/\/www.facebook.com\/ageninfra","https:\/\/x.com\/agencia_infra","https:\/\/www.linkedin.com\/company\/ag\u00eanciainfra\/","https:\/\/www.instagram.com\/agenciainfra\/"]},{"@type":"Person","@id":"https:\/\/agenciainfra.com\/blog\/#\/schema\/person\/34af08dff6adea4cb22b06612ba7acfa","name":"Ag\u00eancia iNFRA","image":{"@type":"ImageObject","inLanguage":"pt-BR","@id":"https:\/\/agenciainfra.com\/blog\/#\/schema\/person\/image\/","url":"https:\/\/secure.gravatar.com\/avatar\/d189e01678f06d8eb84d4e01f08eb848b3fffe3f8443818d3c356c66892f5be8?s=96&d=mm&r=g","contentUrl":"https:\/\/secure.gravatar.com\/avatar\/d189e01678f06d8eb84d4e01f08eb848b3fffe3f8443818d3c356c66892f5be8?s=96&d=mm&r=g","caption":"Ag\u00eancia iNFRA"},"url":"https:\/\/agenciainfra.com\/blog\/author\/admin\/"}]}},"_links":{"self":[{"href":"https:\/\/agenciainfra.com\/blog\/wp-json\/wp\/v2\/posts\/18158","targetHints":{"allow":["GET"]}}],"collection":[{"href":"https:\/\/agenciainfra.com\/blog\/wp-json\/wp\/v2\/posts"}],"about":[{"href":"https:\/\/agenciainfra.com\/blog\/wp-json\/wp\/v2\/types\/post"}],"author":[{"embeddable":true,"href":"https:\/\/agenciainfra.com\/blog\/wp-json\/wp\/v2\/users\/1"}],"replies":[{"embeddable":true,"href":"https:\/\/agenciainfra.com\/blog\/wp-json\/wp\/v2\/comments?post=18158"}],"version-history":[{"count":2,"href":"https:\/\/agenciainfra.com\/blog\/wp-json\/wp\/v2\/posts\/18158\/revisions"}],"predecessor-version":[{"id":18175,"href":"https:\/\/agenciainfra.com\/blog\/wp-json\/wp\/v2\/posts\/18158\/revisions\/18175"}],"wp:featuredmedia":[{"embeddable":true,"href":"https:\/\/agenciainfra.com\/blog\/wp-json\/wp\/v2\/media\/18161"}],"wp:attachment":[{"href":"https:\/\/agenciainfra.com\/blog\/wp-json\/wp\/v2\/media?parent=18158"}],"wp:term":[{"taxonomy":"category","embeddable":true,"href":"https:\/\/agenciainfra.com\/blog\/wp-json\/wp\/v2\/categories?post=18158"},{"taxonomy":"post_tag","embeddable":true,"href":"https:\/\/agenciainfra.com\/blog\/wp-json\/wp\/v2\/tags?post=18158"}],"curies":[{"name":"wp","href":"https:\/\/api.w.org\/{rel}","templated":true}]}}