{"id":18234,"date":"2024-08-20T15:00:00","date_gmt":"2024-08-20T18:00:00","guid":{"rendered":"https:\/\/agenciainfra.com\/blog\/?p=18234"},"modified":"2024-08-21T12:49:29","modified_gmt":"2024-08-21T15:49:29","slug":"opiniao-concessoes-de-parques-contexto-e-desafios-no-brasil","status":"publish","type":"post","link":"https:\/\/agenciainfra.com\/blog\/opiniao-concessoes-de-parques-contexto-e-desafios-no-brasil\/","title":{"rendered":"Opini\u00e3o \u2013 Concess\u00f5es de parques: contexto e desafios no Brasil"},"content":{"rendered":"\n<p class=\"has-text-align-right\"><strong>Andr\u00e9 Paiva*, F\u00e1bio Tieppo**, Laura Frare*** e Mariana Palandi****<\/strong><\/p>\n\n\n\n<p>Em uma <a href=\"https:\/\/www.gov.br\/turismo\/pt-br\/assuntos\/noticias\/forbes-aponta-brasil-como-melhor-pais-do-mundo-para-ecoturismo\">publica\u00e7\u00e3o do \u00faltimo ano<\/a>, a Forbes apontou o Brasil como o melhor pa\u00eds do mundo para ecoturismo. Segundo o governo federal, o ano de 2023 marcou <a href=\"https:\/\/www.gov.br\/turismo\/pt-br\/assuntos\/noticias\/visitacao-em-parques-nacionais-batem-recorde-em-2023-e-consolida-o-ecoturismo-entre-as-preferencias-dos-viajantes\">um pico de visita\u00e7\u00e3o dos parques nacionais brasileiros<\/a>, com registro hist\u00f3rico de 11,8 milh\u00f5es de pessoas, 15% a mais que o total de 2022.<\/p>\n\n\n\n<p>Por\u00e9m, em que pese o enorme potencial, inclusive podendo atrair turistas estrangeiros, o que se percebe \u00e9 que o ecoturismo ainda \u00e9 pouco explorado, principalmente quando comparado com outros pa\u00edses.<\/p>\n\n\n\n<p>Conforme dados do \u00cdndice de Desenvolvimento de Viagens e Turismo do F\u00f3rum Econ\u00f4mico Mundial, <a href=\"https:\/\/exame.com\/mundo\/por-que-o-brasil-esta-fora-do-top-10-em-ranking-global-de-desenvolvimento-do-turismo\/\">o Brasil \u00e9 apenas o 26\u00ba colocado no ranking de competitividade do setor<\/a>.<\/p>\n\n\n\n<p>Segundo outro estudo, realizado pelo ICMBio (Instituto Chico Mendes de Conserva\u00e7\u00e3o da Biodiversidade) em 2019, com base em 120 unidades de conserva\u00e7\u00e3o federais, para cada R$ 1,00 investido nessas unidades, <a href=\"https:\/\/hubdeprojetos.bndes.gov.br\/pt\/setores\/Parques\">s\u00e3o gerados R$ 15 em benef\u00edcios econ\u00f4micos<\/a>, o que demonstra a grande vantagem deste tipo de investimento para a economia como um todo.<\/p>\n\n\n\n<p>Uma das alternativas para permitir melhorias nas estruturas e estimular o turismo \u00e9 a concess\u00e3o de parques para a iniciativa privada. Esta modalidade de contrato, que envolve a transfer\u00eancia tempor\u00e1ria da gest\u00e3o e opera\u00e7\u00e3o dos parques para entidades privadas, tem sido cada vez mais considerada como uma estrat\u00e9gia para aprimorar a conserva\u00e7\u00e3o ambiental e promover o ecoturismo.<\/p>\n\n\n\n<p>O Brasil possui 74 parques nacionais, muitos dos quais com um grande potencial a ser desenvolvido. A concess\u00e3o do Parque Nacional do Igua\u00e7u em 1998 marcou o in\u00edcio de um movimento incipiente de transfer\u00eancia da gest\u00e3o de \u00e1reas protegidas no pa\u00eds.<\/p>\n\n\n\n<p>Durante quase duas d\u00e9cadas, esse processo permaneceu relativamente est\u00e1tico, com apenas quatro parques federais concedidos at\u00e9 2016. No entanto, a partir de 2018, observou-se um aumento substancial no n\u00famero de concess\u00f5es, abarcando, al\u00e9m dos parques nacionais, tamb\u00e9m parques estaduais e municipais.<\/p>\n\n\n\n<p>Entre as concess\u00f5es mais proeminentes dos \u00faltimos anos, destacam-se aquelas realizadas nos parques nacionais de <a href=\"https:\/\/ppi.gov.br\/concessao-do-parque-nacional-de-jericoacoara-beneficiara-o-turismo-no-estado-do-ceara\/\">Jericoacoara<\/a> (que far\u00e1 investimentos de aproximadamente R$ 116 milh\u00f5es em infraestrutura, al\u00e9m da aplica\u00e7\u00e3o de R$ 990 milh\u00f5es em opera\u00e7\u00e3o e gest\u00e3o ao longo do contrato) e da <a href=\"https:\/\/www.gov.br\/economia\/pt-br\/assuntos\/noticias\/2021\/agosto\/parques-nacionais-de-aparados-da-serra-e-serra-geral-sao-concedidos-a-iniciativa-privada\">Serra Geral e de Aparados da Serra<\/a> (que far\u00e3o investimentos de R$ 260 milh\u00f5es), com grandes operadores como Grupo Cataratas e Urbia.<\/p>\n\n\n\n<p>Al\u00e9m disso, a presen\u00e7a de empresas como Lagoa Aventuras, Parquetur e Soul Parques em parques municipais e estaduais, como o Parque da Catacumba, no Rio de Janeiro, e o Parque Estadual de Vila Velha, no Paran\u00e1, evidencia a diversidade de players envolvidos nesse mercado.<\/p>\n\n\n\n<p>Um dos principais desafios enfrentados para a concretiza\u00e7\u00e3o das concess\u00f5es de parques \u00e9 o financiamento sustent\u00e1vel das opera\u00e7\u00f5es, uma vez que a maioria das modelagens financeiras considera uma parte significativa de sua receita proveniente da cobran\u00e7a de ingressos dos usu\u00e1rios.<\/p>\n\n\n\n<p>Como estrat\u00e9gia para viabilizar economicamente essas concess\u00f5es, o BNDES (Banco Nacional de Desenvolvimento Econ\u00f4mico e Social) estabeleceu linhas de cr\u00e9dito direcionadas para o apoio a projetos de conserva\u00e7\u00e3o ambiental e desenvolvimento sustent\u00e1vel em parques no Brasil, como o Fundo Clima e o Finem.<\/p>\n\n\n\n<p>Al\u00e9m disso, o BNDES Cr\u00e9dito ASG promove pr\u00e1ticas empresariais sustent\u00e1veis, enquanto o BNDES Deb\u00eantures em Ofertas P\u00fablicas incentiva o uso de instrumentos de mercado de capitais para projetos sustent\u00e1veis.<\/p>\n\n\n\n<p>O fato de tais concess\u00f5es estarem ancoradas nos pre\u00e7os dos ingressos aos usu\u00e1rios constitui ainda um risco para a viabilidade do projeto. Muitas vezes a modelagem pode considerar de forma incorreta o efeito da elasticidade-pre\u00e7o da demanda e superestimar a quantidade de visitantes. Por exemplo, um aumento de pre\u00e7o pode desestimular a visita\u00e7\u00e3o, a depender da sensibilidade da demanda por turismo ao valor dos ingressos.<\/p>\n\n\n\n<p>Nesse sentido, h\u00e1 um risco pol\u00edtico associado \u00e0 cobran\u00e7a de montantes muito elevados, como exemplificado por protestos por parte de empres\u00e1rios locais de uma cidade do Rio Grande do Sul, que alegaram que <a href=\"https:\/\/oeco.org.br\/salada-verde\/valor-de-ingresso-em-parque-nacional-gera-protestos-no-rs\/\">o valor do ingresso cobrado teria reduzido a quantidade de visitantes na regi\u00e3o<\/a>.<\/p>\n\n\n\n<p>Para mitigar tal risco, \u00e9 poss\u00edvel que os modelos econ\u00f4mico-financeiros dessas concess\u00f5es considerem a exist\u00eancia de receitas acess\u00f3rias, como a explora\u00e7\u00e3o de publicidade, estacionamentos, restaurantes, lojas de conveni\u00eancia, eventos, atividades guiadas, entre outros. Dessa forma, o pre\u00e7o do ingresso poderia ser reduzido, permitindo um maior fluxo de visitantes. &nbsp;<\/p>\n\n\n\n<p>Diferentemente das grandes concess\u00f5es de infraestrutura, como as de rodovias e aeroportos, os investimentos necess\u00e1rios para concess\u00f5es de parques s\u00e3o relativamente menores.<\/p>\n\n\n\n<p>No primeiro caso, o percentual de investimentos costuma ser muito superior aos gastos operacionais, sendo esperado um grande desembolso inicial e um longo prazo de arrecada\u00e7\u00e3o para recuperar tais investimentos.<\/p>\n\n\n\n<p>No segundo caso, por sua vez, h\u00e1 uma parcela relativamente maior de custos operacionais, ou seja, as receitas obtidas servem principalmente para cobrir os custos do pr\u00f3prio per\u00edodo, al\u00e9m de remunerar os investimentos.<\/p>\n\n\n\n<p>Essa modelagem traz um risco de alavancagem operacional, que sujeita tais modelos a uma maior sensibilidade de choques econ\u00f4micos no curto prazo.<\/p>\n\n\n\n<p>Outro risco associado a tais projetos \u00e9 o n\u00e3o cumprimento de obriga\u00e7\u00f5es por parte do Poder P\u00fablico. Por exemplo, junto com a concess\u00e3o do Parque Nacional dos Aparados da Serra, era esperada uma melhoria nas estradas de acesso. Por\u00e9m, <a href=\"https:\/\/leouve.com.br\/cidades\/com-queda-no-turismo-prefeitura-de-cambara-do-sul-busca-reducao-do-valor-dos-ingressos-para-os-parques-nacionais\">parte das vias continua a ter dif\u00edcil acesso<\/a>, o que prejudica a atratividade da visita\u00e7\u00e3o.<\/p>\n\n\n\n<p>A exist\u00eancia destes riscos pode elevar a rentabilidade requerida pelos investidores para os projetos, ou ainda demandar uma modelagem jur\u00eddica que permita o reequil\u00edbrio econ\u00f4mico-financeiro em situa\u00e7\u00f5es espec\u00edficas. Assim, \u00e9 fundamental que o contrato preveja uma matriz de riscos detalhada, proporcionando seguran\u00e7a para o investidor.<\/p>\n\n\n\n<p>Na pr\u00e1tica, as modelagens propostas nos estudos de viabilidade econ\u00f4mica apresentados pelo Poder P\u00fablico indicam retornos conservadores. Por exemplo, o material apresentado pelo BNDES na modelagem do <a href=\"https:\/\/hubdeprojetos.bndes.gov.br\/pt\/projetos\/Parque-Nacional-Jericoacoara\/1df79c82-cc71-11ec-b14e-0242ac11002b\">fluxo de caixa da concess\u00e3o do Parque Nacional de Jericoacoara<\/a> considera um WACC (Weighted Average Capital Cost &nbsp;ou Custo M\u00e9dio Ponderado de Capital) de 9,38%.<\/p>\n\n\n\n<p>Obviamente, cada licitante possui uma estrutura de financiamento pr\u00f3pria e, eventualmente, pode considerar efici\u00eancias ou sinergias n\u00e3o capturadas nos estudos p\u00fablicos, desta forma podendo obter uma rentabilidade superior.<\/p>\n\n\n\n<p>Da mesma maneira, cada licitante possui uma avers\u00e3o a riscos distinta, fato que influencia a valora\u00e7\u00e3o dos lances ao longo do processo de licita\u00e7\u00e3o.<\/p>\n\n\n\n<p>De todo modo, \u00e9 necess\u00e1rio que a rentabilidade desses contratos satisfa\u00e7a os investidores em termos dos riscos mapeados tanto pelos investimentos requeridos quanto pelas incertezas atreladas \u00e0 pr\u00f3pria opera\u00e7\u00e3o do contrato durante a sua vig\u00eancia.<\/p>\n\n\n\n<p>Em suma, embora as concess\u00f5es apresentem desafios como a depend\u00eancia de receitas de ingressos e riscos pol\u00edticos, elas tamb\u00e9m oferecem uma plataforma para inova\u00e7\u00e3o e melhoria das infraestruturas dos parques.<\/p>\n\n\n\n<p>A diversifica\u00e7\u00e3o das fontes de receita e o apoio financeiro de institui\u00e7\u00f5es como o BNDES podem mitigar alguns desses riscos. Modelos bem estruturados de concess\u00e3o que considerem receitas acess\u00f3rias e um planejamento detalhado para o equil\u00edbrio econ\u00f4mico-financeiro s\u00e3o essenciais para a viabilidade e o sucesso desses projetos. Com a devida gest\u00e3o e investimento, as concess\u00f5es de parques nacionais no Brasil n\u00e3o apenas promover\u00e3o a conserva\u00e7\u00e3o ambiental, mas tamb\u00e9m impulsionar\u00e3o o ecoturismo, posicionando o pa\u00eds como um destino de destaque no cen\u00e1rio global.<\/p>\n\n\n\n<h6 class=\"wp-block-heading\" id=\"block-f323f59b-51bf-4eed-b17b-3c7d3b917007\"><strong>*Andr\u00e9 Paiva <\/strong>\u00e9 consultor na Tend\u00eancias Consultoria, onde trabalha principalmente em projetos envolvendo reequil\u00edbrio econ\u00f4mico-financeiro de contratos administrativos. \u00c9 mestre em Economia Aplicada pela ESALQ\/USP e bacharel em Ci\u00eancias Econ\u00f4micas pela Fecap. Possui MBA em Gest\u00e3o Financeira e Econ\u00f4mica de Tributos pela FGV-SP.<\/h6>\n\n\n\n<h6 class=\"wp-block-heading\" id=\"block-f323f59b-51bf-4eed-b17b-3c7d3b917007\"><strong>**F\u00e1bio Tieppo <\/strong>\u00e9 consultor na Tend\u00eancias Consultoria, onde atua em projetos de infraestrutura, incluindo reequil\u00edbrio econ\u00f4mico-financeiro de contratos em concess\u00f5es e assist\u00eancia t\u00e9cnica em per\u00edcias. \u00c9 mestre em Teoria Econ\u00f4mica pela FEA\/USP. Bacharel em Engenharia de Produ\u00e7\u00e3o pela Poli\/USP e em Direito pela Universidade Presbiteriana Mackenzie, com p\u00f3s-gradua\u00e7\u00e3o em Administra\u00e7\u00e3o pela FGV-SP.<\/h6>\n\n\n\n<h6 class=\"wp-block-heading\" id=\"block-f323f59b-51bf-4eed-b17b-3c7d3b917007\"><strong>***Laura Frare <\/strong>contribui para a elabora\u00e7\u00e3o de estudos econ\u00f4micos com tem\u00e1ticas diversas na Tend\u00eancias Consultoria. \u00c9 graduanda em Ci\u00eancias Econ\u00f4micas pela PUC-SP e bacharel em Filosofia pela FFLCH\/USP.<\/h6>\n\n\n\n<h6 class=\"wp-block-heading\" id=\"block-f323f59b-51bf-4eed-b17b-3c7d3b917007\"><strong>****Mariana Palandi <\/strong>\u00e9 consultora na Tend\u00eancias Consultoria, onde atua em projetos envolvendo estrat\u00e9gia de neg\u00f3cios e finan\u00e7as corporativas, incluindo modelagem econ\u00f4mico-financeira de empresas de diversos setores. \u00c9 mestre em Administra\u00e7\u00e3o de Empresas pelo Insper e Bacharel em Ci\u00eancias Econ\u00f4micas pela PUC-SP..<\/h6>\n\n\n\n<h6 class=\"wp-block-heading\" id=\"block-f323f59b-51bf-4eed-b17b-3c7d3b917007\">As opini\u00f5es dos autores n\u00e3o refletem necessariamente o pensamento da Ag\u00eancia iNFRA, sendo de total responsabilidade do autor as informa\u00e7\u00f5es, ju\u00edzos de valor e conceitos descritos no texto.<\/h6>\n","protected":false},"excerpt":{"rendered":"<p>Andr\u00e9 Paiva*, F\u00e1bio Tieppo**, Laura Frare*** e Mariana Palandi**** Em uma publica\u00e7\u00e3o do \u00faltimo ano, a Forbes apontou o Brasil como o melhor pa\u00eds do mundo para ecoturismo. Segundo o governo federal, o ano de 2023 marcou um pico de visita\u00e7\u00e3o dos parques nacionais brasileiros, com registro hist\u00f3rico de 11,8 milh\u00f5es de pessoas, 15% a [&hellip;]<\/p>\n","protected":false},"author":1,"featured_media":18235,"comment_status":"closed","ping_status":"closed","sticky":false,"template":"","format":"standard","meta":{"_monsterinsights_skip_tracking":false,"_monsterinsights_sitenote_active":false,"_monsterinsights_sitenote_note":"","_monsterinsights_sitenote_category":0,"footnotes":""},"categories":[1,2052,10040],"tags":[6612,103,78,8712,9125,11313,5984,187,11311,2462,8457,2755,34,11314,11316,11317,11318,8461,3316,11315,2822,11319,11312,2505],"class_list":["post-18234","post","type-post","status-publish","format-standard","has-post-thumbnail","hentry","category-geral","category-infra-transicao","category-opiniao","tag-andre-paiva","tag-bndes","tag-concessoes","tag-conservacao-ambiental","tag-desafios","tag-ecoturismo","tag-fabio-tieppo-2","tag-financiamento","tag-forbes","tag-forum-economico-mundial","tag-grupo-cataratas","tag-icmbio","tag-infraestrutura","tag-lagoa-aventuras","tag-laura-frare","tag-mariana-palandi","tag-parques-nacionais","tag-parquetur","tag-receitas-acessorias","tag-soul-parques","tag-tendencias-consultoria","tag-turismo-sustentavel","tag-urbia","tag-viabilidade-economica"],"yoast_head":"<!-- This site is optimized with the Yoast SEO Premium plugin v25.4 (Yoast SEO v26.0) - https:\/\/yoast.com\/wordpress\/plugins\/seo\/ -->\n<title>Opini\u00e3o \u2013 Concess\u00f5es de parques: contexto e desafios no Brasil - Ag\u00eancia iNFRA<\/title>\n<meta name=\"robots\" content=\"index, follow, max-snippet:-1, max-image-preview:large, max-video-preview:-1\" \/>\n<link rel=\"canonical\" href=\"https:\/\/agenciainfra.com\/blog\/opiniao-concessoes-de-parques-contexto-e-desafios-no-brasil\/\" \/>\n<meta property=\"og:locale\" content=\"pt_BR\" \/>\n<meta property=\"og:type\" content=\"article\" \/>\n<meta property=\"og:title\" content=\"Opini\u00e3o \u2013 Concess\u00f5es de parques: contexto e desafios no Brasil\" \/>\n<meta property=\"og:description\" content=\"Andr\u00e9 Paiva*, F\u00e1bio Tieppo**, Laura Frare*** e Mariana Palandi**** Em uma publica\u00e7\u00e3o do \u00faltimo ano, a Forbes apontou o Brasil como o melhor pa\u00eds do mundo para ecoturismo. Segundo o governo federal, o ano de 2023 marcou um pico de visita\u00e7\u00e3o dos parques nacionais brasileiros, com registro hist\u00f3rico de 11,8 milh\u00f5es de pessoas, 15% a [&hellip;]\" \/>\n<meta property=\"og:url\" content=\"https:\/\/agenciainfra.com\/blog\/opiniao-concessoes-de-parques-contexto-e-desafios-no-brasil\/\" \/>\n<meta property=\"og:site_name\" content=\"Ag\u00eancia iNFRA\" \/>\n<meta property=\"article:publisher\" content=\"https:\/\/www.facebook.com\/ageninfra\" \/>\n<meta property=\"article:published_time\" content=\"2024-08-20T18:00:00+00:00\" \/>\n<meta property=\"article:modified_time\" content=\"2024-08-21T15:49:29+00:00\" \/>\n<meta property=\"og:image\" content=\"https:\/\/agenciainfra.com\/blog\/wp-content\/uploads\/2024\/08\/montagem-andre-paiva-e-outros-foto-tendencias-consultoria.jpeg\" \/>\n\t<meta property=\"og:image:width\" content=\"1202\" \/>\n\t<meta property=\"og:image:height\" content=\"801\" \/>\n\t<meta property=\"og:image:type\" content=\"image\/jpeg\" \/>\n<meta name=\"author\" content=\"Ag\u00eancia iNFRA\" \/>\n<meta name=\"twitter:card\" content=\"summary_large_image\" \/>\n<meta name=\"twitter:creator\" content=\"@agencia_infra\" \/>\n<meta name=\"twitter:site\" content=\"@agencia_infra\" \/>\n<meta name=\"twitter:label1\" content=\"Escrito por\" \/>\n\t<meta name=\"twitter:data1\" content=\"Ag\u00eancia iNFRA\" \/>\n\t<meta name=\"twitter:label2\" content=\"Est. tempo de leitura\" \/>\n\t<meta name=\"twitter:data2\" content=\"7 minutos\" \/>\n<script type=\"application\/ld+json\" class=\"yoast-schema-graph\">{\"@context\":\"https:\/\/schema.org\",\"@graph\":[{\"@type\":\"Article\",\"@id\":\"https:\/\/agenciainfra.com\/blog\/opiniao-concessoes-de-parques-contexto-e-desafios-no-brasil\/#article\",\"isPartOf\":{\"@id\":\"https:\/\/agenciainfra.com\/blog\/opiniao-concessoes-de-parques-contexto-e-desafios-no-brasil\/\"},\"author\":{\"name\":\"Ag\u00eancia iNFRA\",\"@id\":\"https:\/\/agenciainfra.com\/blog\/#\/schema\/person\/34af08dff6adea4cb22b06612ba7acfa\"},\"headline\":\"Opini\u00e3o \u2013 Concess\u00f5es de parques: contexto e desafios no Brasil\",\"datePublished\":\"2024-08-20T18:00:00+00:00\",\"dateModified\":\"2024-08-21T15:49:29+00:00\",\"mainEntityOfPage\":{\"@id\":\"https:\/\/agenciainfra.com\/blog\/opiniao-concessoes-de-parques-contexto-e-desafios-no-brasil\/\"},\"wordCount\":1503,\"publisher\":{\"@id\":\"https:\/\/agenciainfra.com\/blog\/#organization\"},\"image\":{\"@id\":\"https:\/\/agenciainfra.com\/blog\/opiniao-concessoes-de-parques-contexto-e-desafios-no-brasil\/#primaryimage\"},\"thumbnailUrl\":\"https:\/\/agenciainfra.com\/blog\/wp-content\/uploads\/2024\/08\/montagem-andre-paiva-e-outros-foto-tendencias-consultoria.jpeg\",\"keywords\":[\"Andr\u00e9 Paiva\",\"BNDES\",\"concess\u00f5es\",\"Conserva\u00e7\u00e3o Ambiental\",\"desafios\",\"ecoturismo\",\"F\u00e1bio Tieppo\",\"financiamento\",\"Forbes\",\"F\u00f3rum Econ\u00f4mico Mundial\",\"Grupo Cataratas\",\"ICMBio\",\"Infraestrutura\",\"Lagoa Aventuras\",\"Laura Frare\",\"Mariana Palandi\",\"parques nacionais\",\"Parquetur\",\"receitas acess\u00f3rias\",\"Soul Parques\",\"Tend\u00eancias Consultoria\",\"turismo sustent\u00e1vel\",\"Urbia\",\"viabilidade econ\u00f4mica\"],\"articleSection\":[\"Geral\",\"iNFRA Na Transi\u00e7\u00e3o\",\"Opini\u00e3o\"],\"inLanguage\":\"pt-BR\",\"copyrightYear\":\"2024\",\"copyrightHolder\":{\"@id\":\"https:\/\/agenciainfra.com\/blog\/#organization\"}},{\"@type\":\"WebPage\",\"@id\":\"https:\/\/agenciainfra.com\/blog\/opiniao-concessoes-de-parques-contexto-e-desafios-no-brasil\/\",\"url\":\"https:\/\/agenciainfra.com\/blog\/opiniao-concessoes-de-parques-contexto-e-desafios-no-brasil\/\",\"name\":\"Opini\u00e3o \u2013 Concess\u00f5es de parques: contexto e desafios no Brasil - Ag\u00eancia iNFRA\",\"isPartOf\":{\"@id\":\"https:\/\/agenciainfra.com\/blog\/#website\"},\"primaryImageOfPage\":{\"@id\":\"https:\/\/agenciainfra.com\/blog\/opiniao-concessoes-de-parques-contexto-e-desafios-no-brasil\/#primaryimage\"},\"image\":{\"@id\":\"https:\/\/agenciainfra.com\/blog\/opiniao-concessoes-de-parques-contexto-e-desafios-no-brasil\/#primaryimage\"},\"thumbnailUrl\":\"https:\/\/agenciainfra.com\/blog\/wp-content\/uploads\/2024\/08\/montagem-andre-paiva-e-outros-foto-tendencias-consultoria.jpeg\",\"datePublished\":\"2024-08-20T18:00:00+00:00\",\"dateModified\":\"2024-08-21T15:49:29+00:00\",\"breadcrumb\":{\"@id\":\"https:\/\/agenciainfra.com\/blog\/opiniao-concessoes-de-parques-contexto-e-desafios-no-brasil\/#breadcrumb\"},\"inLanguage\":\"pt-BR\",\"potentialAction\":[{\"@type\":\"ReadAction\",\"target\":[\"https:\/\/agenciainfra.com\/blog\/opiniao-concessoes-de-parques-contexto-e-desafios-no-brasil\/\"]}]},{\"@type\":\"ImageObject\",\"inLanguage\":\"pt-BR\",\"@id\":\"https:\/\/agenciainfra.com\/blog\/opiniao-concessoes-de-parques-contexto-e-desafios-no-brasil\/#primaryimage\",\"url\":\"https:\/\/agenciainfra.com\/blog\/wp-content\/uploads\/2024\/08\/montagem-andre-paiva-e-outros-foto-tendencias-consultoria.jpeg\",\"contentUrl\":\"https:\/\/agenciainfra.com\/blog\/wp-content\/uploads\/2024\/08\/montagem-andre-paiva-e-outros-foto-tendencias-consultoria.jpeg\",\"width\":1202,\"height\":801},{\"@type\":\"BreadcrumbList\",\"@id\":\"https:\/\/agenciainfra.com\/blog\/opiniao-concessoes-de-parques-contexto-e-desafios-no-brasil\/#breadcrumb\",\"itemListElement\":[{\"@type\":\"ListItem\",\"position\":1,\"name\":\"In\u00edcio\",\"item\":\"https:\/\/agenciainfra.com\/blog\/\"},{\"@type\":\"ListItem\",\"position\":2,\"name\":\"Opini\u00e3o \u2013 Concess\u00f5es de parques: contexto e desafios no Brasil\"}]},{\"@type\":\"WebSite\",\"@id\":\"https:\/\/agenciainfra.com\/blog\/#website\",\"url\":\"https:\/\/agenciainfra.com\/blog\/\",\"name\":\"Ag\u00eancia iNFRA\",\"description\":\"Multiplataforma de informa\u00e7\u00e3o jornal\u00edstica refer\u00eancia na \u00e1rea de infraestrutura no Brasil!\",\"publisher\":{\"@id\":\"https:\/\/agenciainfra.com\/blog\/#organization\"},\"potentialAction\":[{\"@type\":\"SearchAction\",\"target\":{\"@type\":\"EntryPoint\",\"urlTemplate\":\"https:\/\/agenciainfra.com\/blog\/?s={search_term_string}\"},\"query-input\":{\"@type\":\"PropertyValueSpecification\",\"valueRequired\":true,\"valueName\":\"search_term_string\"}}],\"inLanguage\":\"pt-BR\"},{\"@type\":\"Organization\",\"@id\":\"https:\/\/agenciainfra.com\/blog\/#organization\",\"name\":\"Ag\u00eancia iNFRA\",\"url\":\"https:\/\/agenciainfra.com\/blog\/\",\"logo\":{\"@type\":\"ImageObject\",\"inLanguage\":\"pt-BR\",\"@id\":\"https:\/\/agenciainfra.com\/blog\/#\/schema\/logo\/image\/\",\"url\":\"https:\/\/agenciainfra.com\/blog\/wp-content\/uploads\/2023\/09\/iNFRA_5-e1761735885940.png\",\"contentUrl\":\"https:\/\/agenciainfra.com\/blog\/wp-content\/uploads\/2023\/09\/iNFRA_5-e1761735885940.png\",\"width\":1672,\"height\":454,\"caption\":\"Ag\u00eancia iNFRA\"},\"image\":{\"@id\":\"https:\/\/agenciainfra.com\/blog\/#\/schema\/logo\/image\/\"},\"sameAs\":[\"https:\/\/www.facebook.com\/ageninfra\",\"https:\/\/x.com\/agencia_infra\",\"https:\/\/www.linkedin.com\/company\/ag\u00eanciainfra\/\",\"https:\/\/www.instagram.com\/agenciainfra\/\"]},{\"@type\":\"Person\",\"@id\":\"https:\/\/agenciainfra.com\/blog\/#\/schema\/person\/34af08dff6adea4cb22b06612ba7acfa\",\"name\":\"Ag\u00eancia iNFRA\",\"image\":{\"@type\":\"ImageObject\",\"inLanguage\":\"pt-BR\",\"@id\":\"https:\/\/agenciainfra.com\/blog\/#\/schema\/person\/image\/\",\"url\":\"https:\/\/secure.gravatar.com\/avatar\/d189e01678f06d8eb84d4e01f08eb848b3fffe3f8443818d3c356c66892f5be8?s=96&d=mm&r=g\",\"contentUrl\":\"https:\/\/secure.gravatar.com\/avatar\/d189e01678f06d8eb84d4e01f08eb848b3fffe3f8443818d3c356c66892f5be8?s=96&d=mm&r=g\",\"caption\":\"Ag\u00eancia iNFRA\"},\"url\":\"https:\/\/agenciainfra.com\/blog\/author\/admin\/\"}]}<\/script>\n<!-- \/ Yoast SEO Premium plugin. -->","yoast_head_json":{"title":"Opini\u00e3o \u2013 Concess\u00f5es de parques: contexto e desafios no Brasil - Ag\u00eancia iNFRA","robots":{"index":"index","follow":"follow","max-snippet":"max-snippet:-1","max-image-preview":"max-image-preview:large","max-video-preview":"max-video-preview:-1"},"canonical":"https:\/\/agenciainfra.com\/blog\/opiniao-concessoes-de-parques-contexto-e-desafios-no-brasil\/","og_locale":"pt_BR","og_type":"article","og_title":"Opini\u00e3o \u2013 Concess\u00f5es de parques: contexto e desafios no Brasil","og_description":"Andr\u00e9 Paiva*, F\u00e1bio Tieppo**, Laura Frare*** e Mariana Palandi**** Em uma publica\u00e7\u00e3o do \u00faltimo ano, a Forbes apontou o Brasil como o melhor pa\u00eds do mundo para ecoturismo. Segundo o governo federal, o ano de 2023 marcou um pico de visita\u00e7\u00e3o dos parques nacionais brasileiros, com registro hist\u00f3rico de 11,8 milh\u00f5es de pessoas, 15% a [&hellip;]","og_url":"https:\/\/agenciainfra.com\/blog\/opiniao-concessoes-de-parques-contexto-e-desafios-no-brasil\/","og_site_name":"Ag\u00eancia iNFRA","article_publisher":"https:\/\/www.facebook.com\/ageninfra","article_published_time":"2024-08-20T18:00:00+00:00","article_modified_time":"2024-08-21T15:49:29+00:00","og_image":[{"width":1202,"height":801,"url":"https:\/\/agenciainfra.com\/blog\/wp-content\/uploads\/2024\/08\/montagem-andre-paiva-e-outros-foto-tendencias-consultoria.jpeg","type":"image\/jpeg"}],"author":"Ag\u00eancia iNFRA","twitter_card":"summary_large_image","twitter_creator":"@agencia_infra","twitter_site":"@agencia_infra","twitter_misc":{"Escrito por":"Ag\u00eancia iNFRA","Est. tempo de leitura":"7 minutos"},"schema":{"@context":"https:\/\/schema.org","@graph":[{"@type":"Article","@id":"https:\/\/agenciainfra.com\/blog\/opiniao-concessoes-de-parques-contexto-e-desafios-no-brasil\/#article","isPartOf":{"@id":"https:\/\/agenciainfra.com\/blog\/opiniao-concessoes-de-parques-contexto-e-desafios-no-brasil\/"},"author":{"name":"Ag\u00eancia iNFRA","@id":"https:\/\/agenciainfra.com\/blog\/#\/schema\/person\/34af08dff6adea4cb22b06612ba7acfa"},"headline":"Opini\u00e3o \u2013 Concess\u00f5es de parques: contexto e desafios no Brasil","datePublished":"2024-08-20T18:00:00+00:00","dateModified":"2024-08-21T15:49:29+00:00","mainEntityOfPage":{"@id":"https:\/\/agenciainfra.com\/blog\/opiniao-concessoes-de-parques-contexto-e-desafios-no-brasil\/"},"wordCount":1503,"publisher":{"@id":"https:\/\/agenciainfra.com\/blog\/#organization"},"image":{"@id":"https:\/\/agenciainfra.com\/blog\/opiniao-concessoes-de-parques-contexto-e-desafios-no-brasil\/#primaryimage"},"thumbnailUrl":"https:\/\/agenciainfra.com\/blog\/wp-content\/uploads\/2024\/08\/montagem-andre-paiva-e-outros-foto-tendencias-consultoria.jpeg","keywords":["Andr\u00e9 Paiva","BNDES","concess\u00f5es","Conserva\u00e7\u00e3o Ambiental","desafios","ecoturismo","F\u00e1bio Tieppo","financiamento","Forbes","F\u00f3rum Econ\u00f4mico Mundial","Grupo Cataratas","ICMBio","Infraestrutura","Lagoa Aventuras","Laura Frare","Mariana Palandi","parques nacionais","Parquetur","receitas acess\u00f3rias","Soul Parques","Tend\u00eancias Consultoria","turismo sustent\u00e1vel","Urbia","viabilidade econ\u00f4mica"],"articleSection":["Geral","iNFRA Na Transi\u00e7\u00e3o","Opini\u00e3o"],"inLanguage":"pt-BR","copyrightYear":"2024","copyrightHolder":{"@id":"https:\/\/agenciainfra.com\/blog\/#organization"}},{"@type":"WebPage","@id":"https:\/\/agenciainfra.com\/blog\/opiniao-concessoes-de-parques-contexto-e-desafios-no-brasil\/","url":"https:\/\/agenciainfra.com\/blog\/opiniao-concessoes-de-parques-contexto-e-desafios-no-brasil\/","name":"Opini\u00e3o \u2013 Concess\u00f5es de parques: contexto e desafios no Brasil - Ag\u00eancia iNFRA","isPartOf":{"@id":"https:\/\/agenciainfra.com\/blog\/#website"},"primaryImageOfPage":{"@id":"https:\/\/agenciainfra.com\/blog\/opiniao-concessoes-de-parques-contexto-e-desafios-no-brasil\/#primaryimage"},"image":{"@id":"https:\/\/agenciainfra.com\/blog\/opiniao-concessoes-de-parques-contexto-e-desafios-no-brasil\/#primaryimage"},"thumbnailUrl":"https:\/\/agenciainfra.com\/blog\/wp-content\/uploads\/2024\/08\/montagem-andre-paiva-e-outros-foto-tendencias-consultoria.jpeg","datePublished":"2024-08-20T18:00:00+00:00","dateModified":"2024-08-21T15:49:29+00:00","breadcrumb":{"@id":"https:\/\/agenciainfra.com\/blog\/opiniao-concessoes-de-parques-contexto-e-desafios-no-brasil\/#breadcrumb"},"inLanguage":"pt-BR","potentialAction":[{"@type":"ReadAction","target":["https:\/\/agenciainfra.com\/blog\/opiniao-concessoes-de-parques-contexto-e-desafios-no-brasil\/"]}]},{"@type":"ImageObject","inLanguage":"pt-BR","@id":"https:\/\/agenciainfra.com\/blog\/opiniao-concessoes-de-parques-contexto-e-desafios-no-brasil\/#primaryimage","url":"https:\/\/agenciainfra.com\/blog\/wp-content\/uploads\/2024\/08\/montagem-andre-paiva-e-outros-foto-tendencias-consultoria.jpeg","contentUrl":"https:\/\/agenciainfra.com\/blog\/wp-content\/uploads\/2024\/08\/montagem-andre-paiva-e-outros-foto-tendencias-consultoria.jpeg","width":1202,"height":801},{"@type":"BreadcrumbList","@id":"https:\/\/agenciainfra.com\/blog\/opiniao-concessoes-de-parques-contexto-e-desafios-no-brasil\/#breadcrumb","itemListElement":[{"@type":"ListItem","position":1,"name":"In\u00edcio","item":"https:\/\/agenciainfra.com\/blog\/"},{"@type":"ListItem","position":2,"name":"Opini\u00e3o \u2013 Concess\u00f5es de parques: contexto e desafios no Brasil"}]},{"@type":"WebSite","@id":"https:\/\/agenciainfra.com\/blog\/#website","url":"https:\/\/agenciainfra.com\/blog\/","name":"Ag\u00eancia iNFRA","description":"Multiplataforma de informa\u00e7\u00e3o jornal\u00edstica refer\u00eancia na \u00e1rea de infraestrutura no Brasil!","publisher":{"@id":"https:\/\/agenciainfra.com\/blog\/#organization"},"potentialAction":[{"@type":"SearchAction","target":{"@type":"EntryPoint","urlTemplate":"https:\/\/agenciainfra.com\/blog\/?s={search_term_string}"},"query-input":{"@type":"PropertyValueSpecification","valueRequired":true,"valueName":"search_term_string"}}],"inLanguage":"pt-BR"},{"@type":"Organization","@id":"https:\/\/agenciainfra.com\/blog\/#organization","name":"Ag\u00eancia iNFRA","url":"https:\/\/agenciainfra.com\/blog\/","logo":{"@type":"ImageObject","inLanguage":"pt-BR","@id":"https:\/\/agenciainfra.com\/blog\/#\/schema\/logo\/image\/","url":"https:\/\/agenciainfra.com\/blog\/wp-content\/uploads\/2023\/09\/iNFRA_5-e1761735885940.png","contentUrl":"https:\/\/agenciainfra.com\/blog\/wp-content\/uploads\/2023\/09\/iNFRA_5-e1761735885940.png","width":1672,"height":454,"caption":"Ag\u00eancia iNFRA"},"image":{"@id":"https:\/\/agenciainfra.com\/blog\/#\/schema\/logo\/image\/"},"sameAs":["https:\/\/www.facebook.com\/ageninfra","https:\/\/x.com\/agencia_infra","https:\/\/www.linkedin.com\/company\/ag\u00eanciainfra\/","https:\/\/www.instagram.com\/agenciainfra\/"]},{"@type":"Person","@id":"https:\/\/agenciainfra.com\/blog\/#\/schema\/person\/34af08dff6adea4cb22b06612ba7acfa","name":"Ag\u00eancia iNFRA","image":{"@type":"ImageObject","inLanguage":"pt-BR","@id":"https:\/\/agenciainfra.com\/blog\/#\/schema\/person\/image\/","url":"https:\/\/secure.gravatar.com\/avatar\/d189e01678f06d8eb84d4e01f08eb848b3fffe3f8443818d3c356c66892f5be8?s=96&d=mm&r=g","contentUrl":"https:\/\/secure.gravatar.com\/avatar\/d189e01678f06d8eb84d4e01f08eb848b3fffe3f8443818d3c356c66892f5be8?s=96&d=mm&r=g","caption":"Ag\u00eancia iNFRA"},"url":"https:\/\/agenciainfra.com\/blog\/author\/admin\/"}]}},"_links":{"self":[{"href":"https:\/\/agenciainfra.com\/blog\/wp-json\/wp\/v2\/posts\/18234","targetHints":{"allow":["GET"]}}],"collection":[{"href":"https:\/\/agenciainfra.com\/blog\/wp-json\/wp\/v2\/posts"}],"about":[{"href":"https:\/\/agenciainfra.com\/blog\/wp-json\/wp\/v2\/types\/post"}],"author":[{"embeddable":true,"href":"https:\/\/agenciainfra.com\/blog\/wp-json\/wp\/v2\/users\/1"}],"replies":[{"embeddable":true,"href":"https:\/\/agenciainfra.com\/blog\/wp-json\/wp\/v2\/comments?post=18234"}],"version-history":[{"count":1,"href":"https:\/\/agenciainfra.com\/blog\/wp-json\/wp\/v2\/posts\/18234\/revisions"}],"predecessor-version":[{"id":18236,"href":"https:\/\/agenciainfra.com\/blog\/wp-json\/wp\/v2\/posts\/18234\/revisions\/18236"}],"wp:featuredmedia":[{"embeddable":true,"href":"https:\/\/agenciainfra.com\/blog\/wp-json\/wp\/v2\/media\/18235"}],"wp:attachment":[{"href":"https:\/\/agenciainfra.com\/blog\/wp-json\/wp\/v2\/media?parent=18234"}],"wp:term":[{"taxonomy":"category","embeddable":true,"href":"https:\/\/agenciainfra.com\/blog\/wp-json\/wp\/v2\/categories?post=18234"},{"taxonomy":"post_tag","embeddable":true,"href":"https:\/\/agenciainfra.com\/blog\/wp-json\/wp\/v2\/tags?post=18234"}],"curies":[{"name":"wp","href":"https:\/\/api.w.org\/{rel}","templated":true}]}}