{"id":18255,"date":"2024-08-21T12:50:00","date_gmt":"2024-08-21T15:50:00","guid":{"rendered":"https:\/\/agenciainfra.com\/blog\/?p=18255"},"modified":"2024-08-22T11:24:32","modified_gmt":"2024-08-22T14:24:32","slug":"ministro-da-cgu-diz-que-nao-se-deve-apostar-em-divergencia-do-orgao-com-o-tcu","status":"publish","type":"post","link":"https:\/\/agenciainfra.com\/blog\/ministro-da-cgu-diz-que-nao-se-deve-apostar-em-divergencia-do-orgao-com-o-tcu\/","title":{"rendered":"Ministro da CGU diz que n\u00e3o se deve apostar em diverg\u00eancia do \u00f3rg\u00e3o com o TCU"},"content":{"rendered":"\n<p class=\"has-text-align-right\"><strong>da&nbsp;Ag\u00eancia iNFRA<\/strong><\/p>\n\n\n\n<p>O&nbsp;ministro&nbsp;da&nbsp;CGU&nbsp;(Controladoria-Geral&nbsp;da&nbsp;Uni\u00e3o), Vinicius Marques de Carvalho,&nbsp;afirmou&nbsp;que&nbsp;a&nbsp;CGU&nbsp;e&nbsp;o&nbsp;TCU&nbsp;est\u00e3o&nbsp;\u201cirmanados\u201d na agenda&nbsp;da&nbsp;integridade. Ainda de acordo com ele, a&nbsp;CGU&nbsp;procura&nbsp;se&nbsp;antecipar&nbsp;em&nbsp;rela\u00e7\u00e3o&nbsp;a &#8220;poss\u00edveis diverg\u00eancias&#8221;&nbsp;que&nbsp;possam existir com a corte de contas para&nbsp;que&nbsp;haja uma agenda comum entre os \u00f3rg\u00e3os de controle.<br><br>\u201cEu sempre brinco com&nbsp;o&nbsp;pessoal assim:&nbsp;n\u00e3o&nbsp;apostem&nbsp;que&nbsp;eu e&nbsp;o&nbsp;ministro&nbsp;Bruno [Dantas, presidente&nbsp;do&nbsp;TCU]&nbsp;n\u00e3o&nbsp;vamos nos entender&nbsp;em&nbsp;rela\u00e7\u00e3o&nbsp;a qualquer assunto.&nbsp;N\u00e3o&nbsp;apostem, porque&nbsp;se&nbsp;apostarem nisso v\u00e3o&nbsp;errar\u201d, disse na abertura&nbsp;do&nbsp;workshop &#8220;Integridade&nbsp;em&nbsp;Foco: Unindo Setores P\u00fablico e Privado&#8221;, promovido pelo Minist\u00e9rio dos Transportes e a&nbsp;CGU&nbsp;nesta ter\u00e7a-feira (20),&nbsp;que&nbsp;contou com a presen\u00e7a&nbsp;do&nbsp;presidente&nbsp;da&nbsp;corte de contas.<br><br>Segundo&nbsp;o&nbsp;ministro, a agenda trabalhada pelo&nbsp;\u00f3rg\u00e3o&nbsp;juntamente com&nbsp;o&nbsp;TCU&nbsp;e&nbsp;o&nbsp;Minist\u00e9rio dos Transportes&nbsp;est\u00e1&nbsp;em&nbsp;linha com&nbsp;o&nbsp;que&nbsp;vem sendo discutido pela OCDE (Organiza\u00e7\u00e3o&nbsp;para a Coopera\u00e7\u00e3o&nbsp;e&nbsp;o&nbsp;Desenvolvimento Econ\u00f4mico)&nbsp;em&nbsp;\u00e2mbito internacional.&nbsp;&nbsp;&nbsp;<br><br>Vinicius defendeu&nbsp;que&nbsp;a agenda de integridade e transpar\u00eancia entre&nbsp;o&nbsp;Poder P\u00fablico e&nbsp;o&nbsp;setor privado, especialmente no \u00e2mbito de contratos de concess\u00f5es, ultrapasse a discuss\u00e3o&nbsp;sobre corrup\u00e7\u00e3o&nbsp;e repress\u00e3o, como tem ocorrido nos \u00faltimos anos. E ainda&nbsp;que&nbsp;os contratos de parceria t\u00eam complexidades&nbsp;que&nbsp;indicam a necessidade de di\u00e1logo entre os setores p\u00fablico e privado.&nbsp;<br><br>\u201cContratos relacionados a obras p\u00fablicas, licita\u00e7\u00f5es, concess\u00f5es, dos mais complexos&nbsp;que&nbsp;sejam,&nbsp;n\u00e3o&nbsp;s\u00e3o&nbsp;contratos de compra de papel e de l\u00e1pis\u201d, afirmou&nbsp;o&nbsp;ministro.<br><br>Carvalho disse&nbsp;que&nbsp;a intera\u00e7\u00e3o&nbsp;entre&nbsp;o&nbsp;Poder P\u00fablico e a iniciativa privada \u00e9 \u201cleg\u00edtima\u201d, mas&nbsp;que, no entendimento dos \u00f3rg\u00e3os de controle, ela&nbsp;deve&nbsp;ocorrer sob par\u00e2metros organizados.&nbsp;O&nbsp;presidente&nbsp;do&nbsp;TCU,&nbsp;Bruno Dantas,&nbsp;defendeu&nbsp;que&nbsp;a atividade dos \u00f3rg\u00e3os de controle&nbsp;n\u00e3o&nbsp;se&nbsp;d\u00ea apenas com foco&nbsp;em&nbsp;corrup\u00e7\u00e3o. \u201cSou de um tempo&nbsp;em&nbsp;que&nbsp;o&nbsp;dolo precisa ser comprovado\u201d, afirmou.<br><br>O&nbsp;ministro&nbsp;dos Transportes, Renan Filho, afirmou, por sua vez,&nbsp;que&nbsp;a pasta trabalha com a&nbsp;CGU&nbsp;desde&nbsp;o&nbsp;in\u00edcio&nbsp;da&nbsp;gest\u00e3o&nbsp;para verificar&nbsp;o&nbsp;que&nbsp;pode ser estimulado no avan\u00e7o&nbsp;da&nbsp;agenda de integridade e transpar\u00eancia. \u201cS\u00e3o&nbsp;frentes muito relevantes,&nbsp;em&nbsp;todas as \u00e1reas, mas sobretudo aqui, no Minist\u00e9rio dos Transportes, onde a gente tem a obriga\u00e7\u00e3o&nbsp;de dar efetividade a boa parcela dos recursos p\u00fablicos discricion\u00e1rios dispon\u00edveis\u201d, disse.<br><br>Ele destacou&nbsp;que&nbsp;o&nbsp;minist\u00e9rio firmou um ACT (Acordo de Coopera\u00e7\u00e3o&nbsp;T\u00e9cnica) com&nbsp;o&nbsp;\u00f3rg\u00e3o&nbsp;de controle para assegurar os \u201cmais elevados padr\u00f5es\u201d&nbsp;em&nbsp;contratos de infraestrutura e disse&nbsp;que&nbsp;todas as vinculadas&nbsp;da&nbsp;pasta atingiram, pela primeira vez, 100% de conformidade com os requisitos de transpar\u00eancia ativa estabelecidos pela&nbsp;CGU.<br><br>Tamb\u00e9m presente ao evento, Esther Dweck, ministra&nbsp;da&nbsp;Gest\u00e3o&nbsp;e&nbsp;da&nbsp;Inova\u00e7\u00e3o&nbsp;em&nbsp;Servi\u00e7os P\u00fablicos, pasta&nbsp;que&nbsp;cuida diretamente&nbsp;da&nbsp;normatiza\u00e7\u00e3o&nbsp;das licita\u00e7\u00f5es p\u00fablicas, afirmou&nbsp;que&nbsp;a integra\u00e7\u00e3o&nbsp;entre&nbsp;o&nbsp;p\u00fablico e&nbsp;o&nbsp;privado no setor \u00e9 intr\u00ednseca. \u201cEm&nbsp;qualquer \u00e1rea de infraestrutura, a gente vai ter sempre um ator privado no Brasil\u201d, disse, ressaltando&nbsp;que&nbsp;do&nbsp;mesmo modo tamb\u00e9m&nbsp;n\u00e3o&nbsp;pode haver um contrato de concess\u00e3o&nbsp;sem a presen\u00e7a&nbsp;do&nbsp;poder p\u00fablico.<br><br><strong>Secex Consenso<\/strong><br>Perguntados por jornalistas&nbsp;se&nbsp;a Secex Consenso (Secretaria de Controle Externo de Solu\u00e7\u00e3o&nbsp;Consensual e Preven\u00e7\u00e3o&nbsp;de Conflitos), capitaneada pelo&nbsp;TCU, funcionaria como uma esp\u00e9cie de \u201cbalc\u00e3o&nbsp;de neg\u00f3cios\u201d&nbsp;do&nbsp;governo, tanto Renan Filho como Carvalho,&nbsp;da&nbsp;CGU, sa\u00edram&nbsp;em&nbsp;defesa&nbsp;da&nbsp;iniciativa e ponderaram&nbsp;que, por&nbsp;se&nbsp;tratar de solu\u00e7\u00e3o&nbsp;nova, ela \u00e9 pass\u00edvel tanto de cr\u00edticas como de aperfei\u00e7oamento.&nbsp;<br><br>Para Renan, a Secex Consenso tem um papel relevante para trazer solu\u00e7\u00e3o&nbsp;nova para um problema velho&nbsp;do&nbsp;pa\u00eds, retomando obras paradas. \u201cN\u00e3o&nbsp;havia no arcabou\u00e7o&nbsp;ordin\u00e1rio, no arcabou\u00e7o&nbsp;institucional, legal, instrumento para isso\u201d, disse. \u201cA gente precisa lembrar&nbsp;que&nbsp;o&nbsp;estado policialesco e outros momentos&nbsp;do&nbsp;Brasil transformaram esse pa\u00eds num cemit\u00e9rio de obra p\u00fablica e&nbsp;em&nbsp;Parceria P\u00fablico-Privada parada. Isso precisa ser combatido.\u201d<br><br>Na vis\u00e3o&nbsp;de Carvalho, a iniciativa&nbsp;do&nbsp;TCU&nbsp;no \u00e2mbito&nbsp;da&nbsp;negocia\u00e7\u00e3o&nbsp;de conflitos entre&nbsp;o&nbsp;governo federal e empresas \u00e9 &#8220;inovadora&#8221;. Ele ressalta&nbsp;que&nbsp;a corte tem&nbsp;se&nbsp;mostrado aberta ao aperfei\u00e7oamento. &#8220;Eu acho&nbsp;que&nbsp;o&nbsp;caminho \u00e9 correto.&#8221;<br><br><strong>Compliance nas associa\u00e7\u00f5es<\/strong><br>Em&nbsp;mesa na parte&nbsp;da&nbsp;tarde,&nbsp;o&nbsp;diretor-presidente&nbsp;da&nbsp;Melhores Rodovias&nbsp;do&nbsp;Brasil &#8211; ABCR (Associa\u00e7\u00e3o&nbsp;Brasileira de Concession\u00e1rias de Rodovias), Marco Aur\u00e9lio Barcelos, divulgou a &#8220;1\u00aa Pesquisa de Compliance nas Entidades Representativas&nbsp;do&nbsp;Setor de Infraestrutura&#8221;. Barcelos explicou&nbsp;que&nbsp;o&nbsp;trabalho encaminhou questionamentos a 28 entidades para entender&nbsp;o&nbsp;n\u00edvel de maturidade das pr\u00e1ticas de integridade de cada uma delas, avaliada&nbsp;em&nbsp;oito temas.&nbsp;<br><br>De acordo com ele, os resultados mostram&nbsp;que&nbsp;a maioria informa estar&nbsp;em&nbsp;n\u00edvel inicial de maturidade (64%), mas quase a totalidade (89%) entende&nbsp;que&nbsp;as pr\u00e1ticas contribuem para &#8220;transpar\u00eancia, credibilidade e sustentabilidade&#8221; de seus setores. Os resultados podem ser vistos&nbsp;<a href=\"https:\/\/agenciainfra.us14.list-manage.com\/track\/click?u=d460dd1bcf9ba0ae040e1fc0f&amp;id=ab6633d9de&amp;e=f0fa444791\" target=\"_blank\" rel=\"noreferrer noopener\">neste link<\/a>.<br><br>Segundo&nbsp;o&nbsp;representante&nbsp;da&nbsp;entidade, a ideia \u00e9 criar uma rede de integridade entre as associa\u00e7\u00f5es, a\u00e7\u00e3o&nbsp;que&nbsp;\u00e9 apoiada por 86% dos consultados, como forma de reduzir as desconfian\u00e7as e garantir uma melhor intera\u00e7\u00e3o&nbsp;entre os setores p\u00fablico e privado.<\/p>\n","protected":false},"excerpt":{"rendered":"<p>da&nbsp;Ag\u00eancia iNFRA O&nbsp;ministro&nbsp;da&nbsp;CGU&nbsp;(Controladoria-Geral&nbsp;da&nbsp;Uni\u00e3o), Vinicius Marques de Carvalho,&nbsp;afirmou&nbsp;que&nbsp;a&nbsp;CGU&nbsp;e&nbsp;o&nbsp;TCU&nbsp;est\u00e3o&nbsp;\u201cirmanados\u201d na agenda&nbsp;da&nbsp;integridade. Ainda de acordo com ele, a&nbsp;CGU&nbsp;procura&nbsp;se&nbsp;antecipar&nbsp;em&nbsp;rela\u00e7\u00e3o&nbsp;a &#8220;poss\u00edveis diverg\u00eancias&#8221;&nbsp;que&nbsp;possam existir com a corte de contas para&nbsp;que&nbsp;haja uma agenda comum entre os \u00f3rg\u00e3os de controle. \u201cEu sempre brinco com&nbsp;o&nbsp;pessoal assim:&nbsp;n\u00e3o&nbsp;apostem&nbsp;que&nbsp;eu e&nbsp;o&nbsp;ministro&nbsp;Bruno [Dantas, presidente&nbsp;do&nbsp;TCU]&nbsp;n\u00e3o&nbsp;vamos nos entender&nbsp;em&nbsp;rela\u00e7\u00e3o&nbsp;a qualquer assunto.&nbsp;N\u00e3o&nbsp;apostem, porque&nbsp;se&nbsp;apostarem nisso v\u00e3o&nbsp;errar\u201d, disse na abertura&nbsp;do&nbsp;workshop &#8220;Integridade&nbsp;em&nbsp;Foco: Unindo Setores P\u00fablico e [&hellip;]<\/p>\n","protected":false},"author":1,"featured_media":18256,"comment_status":"closed","ping_status":"closed","sticky":false,"template":"","format":"standard","meta":{"_monsterinsights_skip_tracking":false,"_monsterinsights_sitenote_active":false,"_monsterinsights_sitenote_note":"","_monsterinsights_sitenote_category":0,"footnotes":""},"categories":[1,7],"tags":[613,1274,11336,396,1176,4042,4840,695,5631,6254,7057,1986,5623,1310,1315,6248,8734,2704,18,2575,6158],"class_list":["post-18255","post","type-post","status-publish","format-standard","has-post-thumbnail","hentry","category-geral","category-infratransporte","tag-abcr","tag-associacao-brasileira-de-concessionarias-de-rodovias","tag-associacoes-de-infraestrutura","tag-bruno-dantas","tag-cgu","tag-compliance","tag-contratos-de-concessao","tag-controle-externo","tag-cooperacao-tecnica","tag-esther-dweck","tag-integridade","tag-marco-aurelio-barcelos","tag-melhores-rodovias-do-brasil","tag-ocde","tag-parcerias-publico-privadas","tag-renan-filho","tag-secex-consenso","tag-setor-privado","tag-tcu","tag-transparencia","tag-vinicius-marques-de-carvalho"],"yoast_head":"<!-- This site is optimized with the Yoast SEO Premium plugin v25.4 (Yoast SEO v26.0) - https:\/\/yoast.com\/wordpress\/plugins\/seo\/ -->\n<title>Ministro da CGU diz que n\u00e3o se deve apostar em diverg\u00eancia do \u00f3rg\u00e3o com o TCU - Ag\u00eancia iNFRA<\/title>\n<meta name=\"robots\" content=\"index, follow, max-snippet:-1, max-image-preview:large, max-video-preview:-1\" \/>\n<link rel=\"canonical\" href=\"https:\/\/agenciainfra.com\/blog\/ministro-da-cgu-diz-que-nao-se-deve-apostar-em-divergencia-do-orgao-com-o-tcu\/\" \/>\n<meta property=\"og:locale\" content=\"pt_BR\" \/>\n<meta property=\"og:type\" content=\"article\" \/>\n<meta property=\"og:title\" content=\"Ministro da CGU diz que n\u00e3o se deve apostar em diverg\u00eancia do \u00f3rg\u00e3o com o TCU\" \/>\n<meta property=\"og:description\" content=\"da&nbsp;Ag\u00eancia iNFRA O&nbsp;ministro&nbsp;da&nbsp;CGU&nbsp;(Controladoria-Geral&nbsp;da&nbsp;Uni\u00e3o), Vinicius Marques de Carvalho,&nbsp;afirmou&nbsp;que&nbsp;a&nbsp;CGU&nbsp;e&nbsp;o&nbsp;TCU&nbsp;est\u00e3o&nbsp;\u201cirmanados\u201d na agenda&nbsp;da&nbsp;integridade. Ainda de acordo com ele, a&nbsp;CGU&nbsp;procura&nbsp;se&nbsp;antecipar&nbsp;em&nbsp;rela\u00e7\u00e3o&nbsp;a &#8220;poss\u00edveis diverg\u00eancias&#8221;&nbsp;que&nbsp;possam existir com a corte de contas para&nbsp;que&nbsp;haja uma agenda comum entre os \u00f3rg\u00e3os de controle. \u201cEu sempre brinco com&nbsp;o&nbsp;pessoal assim:&nbsp;n\u00e3o&nbsp;apostem&nbsp;que&nbsp;eu e&nbsp;o&nbsp;ministro&nbsp;Bruno [Dantas, presidente&nbsp;do&nbsp;TCU]&nbsp;n\u00e3o&nbsp;vamos nos entender&nbsp;em&nbsp;rela\u00e7\u00e3o&nbsp;a qualquer assunto.&nbsp;N\u00e3o&nbsp;apostem, porque&nbsp;se&nbsp;apostarem nisso v\u00e3o&nbsp;errar\u201d, disse na abertura&nbsp;do&nbsp;workshop &#8220;Integridade&nbsp;em&nbsp;Foco: Unindo Setores P\u00fablico e [&hellip;]\" \/>\n<meta property=\"og:url\" content=\"https:\/\/agenciainfra.com\/blog\/ministro-da-cgu-diz-que-nao-se-deve-apostar-em-divergencia-do-orgao-com-o-tcu\/\" \/>\n<meta property=\"og:site_name\" content=\"Ag\u00eancia iNFRA\" \/>\n<meta property=\"article:publisher\" content=\"https:\/\/www.facebook.com\/ageninfra\" \/>\n<meta property=\"article:published_time\" content=\"2024-08-21T15:50:00+00:00\" \/>\n<meta property=\"article:modified_time\" content=\"2024-08-22T14:24:32+00:00\" \/>\n<meta property=\"og:image\" content=\"https:\/\/agenciainfra.com\/blog\/wp-content\/uploads\/2024\/08\/vinicius-marques-de-carvalho-foto-agencia-brasil-lula-marques.jpg\" \/>\n\t<meta property=\"og:image:width\" content=\"1202\" \/>\n\t<meta property=\"og:image:height\" content=\"801\" \/>\n\t<meta property=\"og:image:type\" content=\"image\/jpeg\" \/>\n<meta name=\"author\" content=\"Ag\u00eancia iNFRA\" \/>\n<meta name=\"twitter:card\" content=\"summary_large_image\" \/>\n<meta name=\"twitter:creator\" content=\"@agencia_infra\" \/>\n<meta name=\"twitter:site\" content=\"@agencia_infra\" \/>\n<meta name=\"twitter:label1\" content=\"Escrito por\" \/>\n\t<meta name=\"twitter:data1\" content=\"Ag\u00eancia iNFRA\" \/>\n\t<meta name=\"twitter:label2\" content=\"Est. tempo de leitura\" \/>\n\t<meta name=\"twitter:data2\" content=\"6 minutos\" \/>\n<script type=\"application\/ld+json\" class=\"yoast-schema-graph\">{\"@context\":\"https:\/\/schema.org\",\"@graph\":[{\"@type\":\"Article\",\"@id\":\"https:\/\/agenciainfra.com\/blog\/ministro-da-cgu-diz-que-nao-se-deve-apostar-em-divergencia-do-orgao-com-o-tcu\/#article\",\"isPartOf\":{\"@id\":\"https:\/\/agenciainfra.com\/blog\/ministro-da-cgu-diz-que-nao-se-deve-apostar-em-divergencia-do-orgao-com-o-tcu\/\"},\"author\":{\"name\":\"Ag\u00eancia iNFRA\",\"@id\":\"https:\/\/agenciainfra.com\/blog\/#\/schema\/person\/34af08dff6adea4cb22b06612ba7acfa\"},\"headline\":\"Ministro da CGU diz que n\u00e3o se deve apostar em diverg\u00eancia do \u00f3rg\u00e3o com o TCU\",\"datePublished\":\"2024-08-21T15:50:00+00:00\",\"dateModified\":\"2024-08-22T14:24:32+00:00\",\"mainEntityOfPage\":{\"@id\":\"https:\/\/agenciainfra.com\/blog\/ministro-da-cgu-diz-que-nao-se-deve-apostar-em-divergencia-do-orgao-com-o-tcu\/\"},\"wordCount\":1224,\"publisher\":{\"@id\":\"https:\/\/agenciainfra.com\/blog\/#organization\"},\"image\":{\"@id\":\"https:\/\/agenciainfra.com\/blog\/ministro-da-cgu-diz-que-nao-se-deve-apostar-em-divergencia-do-orgao-com-o-tcu\/#primaryimage\"},\"thumbnailUrl\":\"https:\/\/agenciainfra.com\/blog\/wp-content\/uploads\/2024\/08\/vinicius-marques-de-carvalho-foto-agencia-brasil-lula-marques.jpg\",\"keywords\":[\"abcr\",\"Associa\u00e7\u00e3o Brasileira de Concession\u00e1rias de Rodovias\",\"associa\u00e7\u00f5es de infraestrutura\",\"Bruno Dantas\",\"CGU\",\"compliance\",\"contratos de concess\u00e3o\",\"Controle Externo\",\"coopera\u00e7\u00e3o t\u00e9cnica\",\"Esther Dweck\",\"integridade\",\"Marco Aur\u00e9lio Barcelos\",\"Melhores Rodovias do Brasil\",\"OCDE\",\"parcerias p\u00fablico-privadas\",\"Renan Filho\",\"Secex Consenso\",\"setor privado\",\"TCU\",\"transpar\u00eancia\",\"Vinicius Marques de Carvalho\"],\"articleSection\":[\"Geral\",\"iNFRATransporte\"],\"inLanguage\":\"pt-BR\",\"copyrightYear\":\"2024\",\"copyrightHolder\":{\"@id\":\"https:\/\/agenciainfra.com\/blog\/#organization\"}},{\"@type\":\"WebPage\",\"@id\":\"https:\/\/agenciainfra.com\/blog\/ministro-da-cgu-diz-que-nao-se-deve-apostar-em-divergencia-do-orgao-com-o-tcu\/\",\"url\":\"https:\/\/agenciainfra.com\/blog\/ministro-da-cgu-diz-que-nao-se-deve-apostar-em-divergencia-do-orgao-com-o-tcu\/\",\"name\":\"Ministro da CGU diz que n\u00e3o se deve apostar em diverg\u00eancia do \u00f3rg\u00e3o com o TCU - Ag\u00eancia iNFRA\",\"isPartOf\":{\"@id\":\"https:\/\/agenciainfra.com\/blog\/#website\"},\"primaryImageOfPage\":{\"@id\":\"https:\/\/agenciainfra.com\/blog\/ministro-da-cgu-diz-que-nao-se-deve-apostar-em-divergencia-do-orgao-com-o-tcu\/#primaryimage\"},\"image\":{\"@id\":\"https:\/\/agenciainfra.com\/blog\/ministro-da-cgu-diz-que-nao-se-deve-apostar-em-divergencia-do-orgao-com-o-tcu\/#primaryimage\"},\"thumbnailUrl\":\"https:\/\/agenciainfra.com\/blog\/wp-content\/uploads\/2024\/08\/vinicius-marques-de-carvalho-foto-agencia-brasil-lula-marques.jpg\",\"datePublished\":\"2024-08-21T15:50:00+00:00\",\"dateModified\":\"2024-08-22T14:24:32+00:00\",\"breadcrumb\":{\"@id\":\"https:\/\/agenciainfra.com\/blog\/ministro-da-cgu-diz-que-nao-se-deve-apostar-em-divergencia-do-orgao-com-o-tcu\/#breadcrumb\"},\"inLanguage\":\"pt-BR\",\"potentialAction\":[{\"@type\":\"ReadAction\",\"target\":[\"https:\/\/agenciainfra.com\/blog\/ministro-da-cgu-diz-que-nao-se-deve-apostar-em-divergencia-do-orgao-com-o-tcu\/\"]}]},{\"@type\":\"ImageObject\",\"inLanguage\":\"pt-BR\",\"@id\":\"https:\/\/agenciainfra.com\/blog\/ministro-da-cgu-diz-que-nao-se-deve-apostar-em-divergencia-do-orgao-com-o-tcu\/#primaryimage\",\"url\":\"https:\/\/agenciainfra.com\/blog\/wp-content\/uploads\/2024\/08\/vinicius-marques-de-carvalho-foto-agencia-brasil-lula-marques.jpg\",\"contentUrl\":\"https:\/\/agenciainfra.com\/blog\/wp-content\/uploads\/2024\/08\/vinicius-marques-de-carvalho-foto-agencia-brasil-lula-marques.jpg\",\"width\":1202,\"height\":801},{\"@type\":\"BreadcrumbList\",\"@id\":\"https:\/\/agenciainfra.com\/blog\/ministro-da-cgu-diz-que-nao-se-deve-apostar-em-divergencia-do-orgao-com-o-tcu\/#breadcrumb\",\"itemListElement\":[{\"@type\":\"ListItem\",\"position\":1,\"name\":\"In\u00edcio\",\"item\":\"https:\/\/agenciainfra.com\/blog\/\"},{\"@type\":\"ListItem\",\"position\":2,\"name\":\"Ministro da CGU diz que n\u00e3o se deve apostar em diverg\u00eancia do \u00f3rg\u00e3o com o TCU\"}]},{\"@type\":\"WebSite\",\"@id\":\"https:\/\/agenciainfra.com\/blog\/#website\",\"url\":\"https:\/\/agenciainfra.com\/blog\/\",\"name\":\"Ag\u00eancia iNFRA\",\"description\":\"Multiplataforma de informa\u00e7\u00e3o jornal\u00edstica refer\u00eancia na \u00e1rea de infraestrutura no Brasil!\",\"publisher\":{\"@id\":\"https:\/\/agenciainfra.com\/blog\/#organization\"},\"potentialAction\":[{\"@type\":\"SearchAction\",\"target\":{\"@type\":\"EntryPoint\",\"urlTemplate\":\"https:\/\/agenciainfra.com\/blog\/?s={search_term_string}\"},\"query-input\":{\"@type\":\"PropertyValueSpecification\",\"valueRequired\":true,\"valueName\":\"search_term_string\"}}],\"inLanguage\":\"pt-BR\"},{\"@type\":\"Organization\",\"@id\":\"https:\/\/agenciainfra.com\/blog\/#organization\",\"name\":\"Ag\u00eancia iNFRA\",\"url\":\"https:\/\/agenciainfra.com\/blog\/\",\"logo\":{\"@type\":\"ImageObject\",\"inLanguage\":\"pt-BR\",\"@id\":\"https:\/\/agenciainfra.com\/blog\/#\/schema\/logo\/image\/\",\"url\":\"https:\/\/agenciainfra.com\/blog\/wp-content\/uploads\/2023\/09\/iNFRA_5-e1761735885940.png\",\"contentUrl\":\"https:\/\/agenciainfra.com\/blog\/wp-content\/uploads\/2023\/09\/iNFRA_5-e1761735885940.png\",\"width\":1672,\"height\":454,\"caption\":\"Ag\u00eancia iNFRA\"},\"image\":{\"@id\":\"https:\/\/agenciainfra.com\/blog\/#\/schema\/logo\/image\/\"},\"sameAs\":[\"https:\/\/www.facebook.com\/ageninfra\",\"https:\/\/x.com\/agencia_infra\",\"https:\/\/www.linkedin.com\/company\/ag\u00eanciainfra\/\",\"https:\/\/www.instagram.com\/agenciainfra\/\"]},{\"@type\":\"Person\",\"@id\":\"https:\/\/agenciainfra.com\/blog\/#\/schema\/person\/34af08dff6adea4cb22b06612ba7acfa\",\"name\":\"Ag\u00eancia iNFRA\",\"image\":{\"@type\":\"ImageObject\",\"inLanguage\":\"pt-BR\",\"@id\":\"https:\/\/agenciainfra.com\/blog\/#\/schema\/person\/image\/\",\"url\":\"https:\/\/secure.gravatar.com\/avatar\/d189e01678f06d8eb84d4e01f08eb848b3fffe3f8443818d3c356c66892f5be8?s=96&d=mm&r=g\",\"contentUrl\":\"https:\/\/secure.gravatar.com\/avatar\/d189e01678f06d8eb84d4e01f08eb848b3fffe3f8443818d3c356c66892f5be8?s=96&d=mm&r=g\",\"caption\":\"Ag\u00eancia iNFRA\"},\"url\":\"https:\/\/agenciainfra.com\/blog\/author\/admin\/\"}]}<\/script>\n<!-- \/ Yoast SEO Premium plugin. -->","yoast_head_json":{"title":"Ministro da CGU diz que n\u00e3o se deve apostar em diverg\u00eancia do \u00f3rg\u00e3o com o TCU - Ag\u00eancia iNFRA","robots":{"index":"index","follow":"follow","max-snippet":"max-snippet:-1","max-image-preview":"max-image-preview:large","max-video-preview":"max-video-preview:-1"},"canonical":"https:\/\/agenciainfra.com\/blog\/ministro-da-cgu-diz-que-nao-se-deve-apostar-em-divergencia-do-orgao-com-o-tcu\/","og_locale":"pt_BR","og_type":"article","og_title":"Ministro da CGU diz que n\u00e3o se deve apostar em diverg\u00eancia do \u00f3rg\u00e3o com o TCU","og_description":"da&nbsp;Ag\u00eancia iNFRA O&nbsp;ministro&nbsp;da&nbsp;CGU&nbsp;(Controladoria-Geral&nbsp;da&nbsp;Uni\u00e3o), Vinicius Marques de Carvalho,&nbsp;afirmou&nbsp;que&nbsp;a&nbsp;CGU&nbsp;e&nbsp;o&nbsp;TCU&nbsp;est\u00e3o&nbsp;\u201cirmanados\u201d na agenda&nbsp;da&nbsp;integridade. Ainda de acordo com ele, a&nbsp;CGU&nbsp;procura&nbsp;se&nbsp;antecipar&nbsp;em&nbsp;rela\u00e7\u00e3o&nbsp;a &#8220;poss\u00edveis diverg\u00eancias&#8221;&nbsp;que&nbsp;possam existir com a corte de contas para&nbsp;que&nbsp;haja uma agenda comum entre os \u00f3rg\u00e3os de controle. \u201cEu sempre brinco com&nbsp;o&nbsp;pessoal assim:&nbsp;n\u00e3o&nbsp;apostem&nbsp;que&nbsp;eu e&nbsp;o&nbsp;ministro&nbsp;Bruno [Dantas, presidente&nbsp;do&nbsp;TCU]&nbsp;n\u00e3o&nbsp;vamos nos entender&nbsp;em&nbsp;rela\u00e7\u00e3o&nbsp;a qualquer assunto.&nbsp;N\u00e3o&nbsp;apostem, porque&nbsp;se&nbsp;apostarem nisso v\u00e3o&nbsp;errar\u201d, disse na abertura&nbsp;do&nbsp;workshop &#8220;Integridade&nbsp;em&nbsp;Foco: Unindo Setores P\u00fablico e [&hellip;]","og_url":"https:\/\/agenciainfra.com\/blog\/ministro-da-cgu-diz-que-nao-se-deve-apostar-em-divergencia-do-orgao-com-o-tcu\/","og_site_name":"Ag\u00eancia iNFRA","article_publisher":"https:\/\/www.facebook.com\/ageninfra","article_published_time":"2024-08-21T15:50:00+00:00","article_modified_time":"2024-08-22T14:24:32+00:00","og_image":[{"width":1202,"height":801,"url":"https:\/\/agenciainfra.com\/blog\/wp-content\/uploads\/2024\/08\/vinicius-marques-de-carvalho-foto-agencia-brasil-lula-marques.jpg","type":"image\/jpeg"}],"author":"Ag\u00eancia iNFRA","twitter_card":"summary_large_image","twitter_creator":"@agencia_infra","twitter_site":"@agencia_infra","twitter_misc":{"Escrito por":"Ag\u00eancia iNFRA","Est. tempo de leitura":"6 minutos"},"schema":{"@context":"https:\/\/schema.org","@graph":[{"@type":"Article","@id":"https:\/\/agenciainfra.com\/blog\/ministro-da-cgu-diz-que-nao-se-deve-apostar-em-divergencia-do-orgao-com-o-tcu\/#article","isPartOf":{"@id":"https:\/\/agenciainfra.com\/blog\/ministro-da-cgu-diz-que-nao-se-deve-apostar-em-divergencia-do-orgao-com-o-tcu\/"},"author":{"name":"Ag\u00eancia iNFRA","@id":"https:\/\/agenciainfra.com\/blog\/#\/schema\/person\/34af08dff6adea4cb22b06612ba7acfa"},"headline":"Ministro da CGU diz que n\u00e3o se deve apostar em diverg\u00eancia do \u00f3rg\u00e3o com o TCU","datePublished":"2024-08-21T15:50:00+00:00","dateModified":"2024-08-22T14:24:32+00:00","mainEntityOfPage":{"@id":"https:\/\/agenciainfra.com\/blog\/ministro-da-cgu-diz-que-nao-se-deve-apostar-em-divergencia-do-orgao-com-o-tcu\/"},"wordCount":1224,"publisher":{"@id":"https:\/\/agenciainfra.com\/blog\/#organization"},"image":{"@id":"https:\/\/agenciainfra.com\/blog\/ministro-da-cgu-diz-que-nao-se-deve-apostar-em-divergencia-do-orgao-com-o-tcu\/#primaryimage"},"thumbnailUrl":"https:\/\/agenciainfra.com\/blog\/wp-content\/uploads\/2024\/08\/vinicius-marques-de-carvalho-foto-agencia-brasil-lula-marques.jpg","keywords":["abcr","Associa\u00e7\u00e3o Brasileira de Concession\u00e1rias de Rodovias","associa\u00e7\u00f5es de infraestrutura","Bruno Dantas","CGU","compliance","contratos de concess\u00e3o","Controle Externo","coopera\u00e7\u00e3o t\u00e9cnica","Esther Dweck","integridade","Marco Aur\u00e9lio Barcelos","Melhores Rodovias do Brasil","OCDE","parcerias p\u00fablico-privadas","Renan Filho","Secex Consenso","setor privado","TCU","transpar\u00eancia","Vinicius Marques de Carvalho"],"articleSection":["Geral","iNFRATransporte"],"inLanguage":"pt-BR","copyrightYear":"2024","copyrightHolder":{"@id":"https:\/\/agenciainfra.com\/blog\/#organization"}},{"@type":"WebPage","@id":"https:\/\/agenciainfra.com\/blog\/ministro-da-cgu-diz-que-nao-se-deve-apostar-em-divergencia-do-orgao-com-o-tcu\/","url":"https:\/\/agenciainfra.com\/blog\/ministro-da-cgu-diz-que-nao-se-deve-apostar-em-divergencia-do-orgao-com-o-tcu\/","name":"Ministro da CGU diz que n\u00e3o se deve apostar em diverg\u00eancia do \u00f3rg\u00e3o com o TCU - Ag\u00eancia iNFRA","isPartOf":{"@id":"https:\/\/agenciainfra.com\/blog\/#website"},"primaryImageOfPage":{"@id":"https:\/\/agenciainfra.com\/blog\/ministro-da-cgu-diz-que-nao-se-deve-apostar-em-divergencia-do-orgao-com-o-tcu\/#primaryimage"},"image":{"@id":"https:\/\/agenciainfra.com\/blog\/ministro-da-cgu-diz-que-nao-se-deve-apostar-em-divergencia-do-orgao-com-o-tcu\/#primaryimage"},"thumbnailUrl":"https:\/\/agenciainfra.com\/blog\/wp-content\/uploads\/2024\/08\/vinicius-marques-de-carvalho-foto-agencia-brasil-lula-marques.jpg","datePublished":"2024-08-21T15:50:00+00:00","dateModified":"2024-08-22T14:24:32+00:00","breadcrumb":{"@id":"https:\/\/agenciainfra.com\/blog\/ministro-da-cgu-diz-que-nao-se-deve-apostar-em-divergencia-do-orgao-com-o-tcu\/#breadcrumb"},"inLanguage":"pt-BR","potentialAction":[{"@type":"ReadAction","target":["https:\/\/agenciainfra.com\/blog\/ministro-da-cgu-diz-que-nao-se-deve-apostar-em-divergencia-do-orgao-com-o-tcu\/"]}]},{"@type":"ImageObject","inLanguage":"pt-BR","@id":"https:\/\/agenciainfra.com\/blog\/ministro-da-cgu-diz-que-nao-se-deve-apostar-em-divergencia-do-orgao-com-o-tcu\/#primaryimage","url":"https:\/\/agenciainfra.com\/blog\/wp-content\/uploads\/2024\/08\/vinicius-marques-de-carvalho-foto-agencia-brasil-lula-marques.jpg","contentUrl":"https:\/\/agenciainfra.com\/blog\/wp-content\/uploads\/2024\/08\/vinicius-marques-de-carvalho-foto-agencia-brasil-lula-marques.jpg","width":1202,"height":801},{"@type":"BreadcrumbList","@id":"https:\/\/agenciainfra.com\/blog\/ministro-da-cgu-diz-que-nao-se-deve-apostar-em-divergencia-do-orgao-com-o-tcu\/#breadcrumb","itemListElement":[{"@type":"ListItem","position":1,"name":"In\u00edcio","item":"https:\/\/agenciainfra.com\/blog\/"},{"@type":"ListItem","position":2,"name":"Ministro da CGU diz que n\u00e3o se deve apostar em diverg\u00eancia do \u00f3rg\u00e3o com o TCU"}]},{"@type":"WebSite","@id":"https:\/\/agenciainfra.com\/blog\/#website","url":"https:\/\/agenciainfra.com\/blog\/","name":"Ag\u00eancia iNFRA","description":"Multiplataforma de informa\u00e7\u00e3o jornal\u00edstica refer\u00eancia na \u00e1rea de infraestrutura no Brasil!","publisher":{"@id":"https:\/\/agenciainfra.com\/blog\/#organization"},"potentialAction":[{"@type":"SearchAction","target":{"@type":"EntryPoint","urlTemplate":"https:\/\/agenciainfra.com\/blog\/?s={search_term_string}"},"query-input":{"@type":"PropertyValueSpecification","valueRequired":true,"valueName":"search_term_string"}}],"inLanguage":"pt-BR"},{"@type":"Organization","@id":"https:\/\/agenciainfra.com\/blog\/#organization","name":"Ag\u00eancia iNFRA","url":"https:\/\/agenciainfra.com\/blog\/","logo":{"@type":"ImageObject","inLanguage":"pt-BR","@id":"https:\/\/agenciainfra.com\/blog\/#\/schema\/logo\/image\/","url":"https:\/\/agenciainfra.com\/blog\/wp-content\/uploads\/2023\/09\/iNFRA_5-e1761735885940.png","contentUrl":"https:\/\/agenciainfra.com\/blog\/wp-content\/uploads\/2023\/09\/iNFRA_5-e1761735885940.png","width":1672,"height":454,"caption":"Ag\u00eancia iNFRA"},"image":{"@id":"https:\/\/agenciainfra.com\/blog\/#\/schema\/logo\/image\/"},"sameAs":["https:\/\/www.facebook.com\/ageninfra","https:\/\/x.com\/agencia_infra","https:\/\/www.linkedin.com\/company\/ag\u00eanciainfra\/","https:\/\/www.instagram.com\/agenciainfra\/"]},{"@type":"Person","@id":"https:\/\/agenciainfra.com\/blog\/#\/schema\/person\/34af08dff6adea4cb22b06612ba7acfa","name":"Ag\u00eancia iNFRA","image":{"@type":"ImageObject","inLanguage":"pt-BR","@id":"https:\/\/agenciainfra.com\/blog\/#\/schema\/person\/image\/","url":"https:\/\/secure.gravatar.com\/avatar\/d189e01678f06d8eb84d4e01f08eb848b3fffe3f8443818d3c356c66892f5be8?s=96&d=mm&r=g","contentUrl":"https:\/\/secure.gravatar.com\/avatar\/d189e01678f06d8eb84d4e01f08eb848b3fffe3f8443818d3c356c66892f5be8?s=96&d=mm&r=g","caption":"Ag\u00eancia iNFRA"},"url":"https:\/\/agenciainfra.com\/blog\/author\/admin\/"}]}},"_links":{"self":[{"href":"https:\/\/agenciainfra.com\/blog\/wp-json\/wp\/v2\/posts\/18255","targetHints":{"allow":["GET"]}}],"collection":[{"href":"https:\/\/agenciainfra.com\/blog\/wp-json\/wp\/v2\/posts"}],"about":[{"href":"https:\/\/agenciainfra.com\/blog\/wp-json\/wp\/v2\/types\/post"}],"author":[{"embeddable":true,"href":"https:\/\/agenciainfra.com\/blog\/wp-json\/wp\/v2\/users\/1"}],"replies":[{"embeddable":true,"href":"https:\/\/agenciainfra.com\/blog\/wp-json\/wp\/v2\/comments?post=18255"}],"version-history":[{"count":1,"href":"https:\/\/agenciainfra.com\/blog\/wp-json\/wp\/v2\/posts\/18255\/revisions"}],"predecessor-version":[{"id":18257,"href":"https:\/\/agenciainfra.com\/blog\/wp-json\/wp\/v2\/posts\/18255\/revisions\/18257"}],"wp:featuredmedia":[{"embeddable":true,"href":"https:\/\/agenciainfra.com\/blog\/wp-json\/wp\/v2\/media\/18256"}],"wp:attachment":[{"href":"https:\/\/agenciainfra.com\/blog\/wp-json\/wp\/v2\/media?parent=18255"}],"wp:term":[{"taxonomy":"category","embeddable":true,"href":"https:\/\/agenciainfra.com\/blog\/wp-json\/wp\/v2\/categories?post=18255"},{"taxonomy":"post_tag","embeddable":true,"href":"https:\/\/agenciainfra.com\/blog\/wp-json\/wp\/v2\/tags?post=18255"}],"curies":[{"name":"wp","href":"https:\/\/api.w.org\/{rel}","templated":true}]}}