{"id":18309,"date":"2024-08-24T09:00:00","date_gmt":"2024-08-24T12:00:00","guid":{"rendered":"https:\/\/agenciainfra.com\/blog\/?p=18309"},"modified":"2024-08-28T10:30:19","modified_gmt":"2024-08-28T13:30:19","slug":"antaq-aprova-documentos-preparatorios-para-licitacao-do-terminal-sts08-no-porto-de-santos","status":"publish","type":"post","link":"https:\/\/agenciainfra.com\/blog\/antaq-aprova-documentos-preparatorios-para-licitacao-do-terminal-sts08-no-porto-de-santos\/","title":{"rendered":"ANTAQ aprova documentos preparat\u00f3rios para licita\u00e7\u00e3o do terminal STS08 no porto de Santos"},"content":{"rendered":"\n<p class=\"has-text-align-right\">da Ag\u00eancia iNFRA<\/p>\n\n\n\n<p>A&nbsp;ANTAQ (Ag\u00eancia Nacional de Transportes Aquavi\u00e1rios) aprovou nesta quinta-feira (22), em reuni\u00e3o de diretoria,&nbsp;o EVTEA (Estudo de Viabilidade T\u00e9cnica, Econ\u00f4mica e Ambiental) e as minutas de edital e de contrato para&nbsp;licita\u00e7\u00e3o da \u00e1rea STS08,&nbsp;no porto de Santos (SP), destinada \u00e0 movimenta\u00e7\u00e3o, armazenagem e distribui\u00e7\u00e3o de gran\u00e9is l\u00edquidos, especialmente combust\u00edveis. Os documentos passam por revis\u00e3o,&nbsp;ap\u00f3s a ocorr\u00eancia de leil\u00e3o deserto&nbsp;em&nbsp;2021.<\/p>\n\n\n\n<p>O relator do processo, diretor Lima Filho, disse que a \u00e1rea t\u00e9cnica da ag\u00eancia concluiu que a documenta\u00e7\u00e3o atende parcialmente aos requisitos m\u00ednimos da&nbsp;<a href=\"https:\/\/agenciainfra.us14.list-manage.com\/track\/click?u=d460dd1bcf9ba0ae040e1fc0f&amp;id=84aa6351c8&amp;e=de74d75805\" rel=\"noreferrer noopener\" target=\"_blank\">Resolu\u00e7\u00e3o 85\/2022<\/a>&nbsp;e dos principais ac\u00f3rd\u00e3os do TCU (Tribunal de Contas da Uni\u00e3o) aplic\u00e1veis ao caso. De acordo com a ag\u00eancia, as&nbsp;pend\u00eancias n\u00e3o configuram \u00f3bices ao prosseguimento da licita\u00e7\u00e3o.<\/p>\n\n\n\n<p>Os t\u00e9cnicos&nbsp;apontaram que a aprova\u00e7\u00e3o est\u00e1 condicionada a ajustes de itens, como a necessidade de, \u201cno m\u00ednimo, tr\u00eas cota\u00e7\u00f5es para obten\u00e7\u00e3o dos custos unit\u00e1rios param\u00e9tricos de refer\u00eancia para, pelo menos, os itens pertencentes \u00e0 faixa A, da curva ABC do capex, com vistas a aprimorar a fidedignidade dos valores empregados\u201d.<\/p>\n\n\n\n<p>Caber\u00e1, ainda, \u00e0 APS (Autoridade Portu\u00e1ria de Santos) providenciar, antes da celebra\u00e7\u00e3o do contrato do arrendamento, os documentos comprobat\u00f3rios em atendimento \u00e0s exig\u00eancias do artigo 14, da&nbsp;<a href=\"https:\/\/agenciainfra.us14.list-manage.com\/track\/click?u=d460dd1bcf9ba0ae040e1fc0f&amp;id=571a9b7231&amp;e=de74d75805\" rel=\"noreferrer noopener\" target=\"_blank\">Lei 12.815\/2013<\/a>, que disp\u00f5e sobre os requisitos de instala\u00e7\u00f5es portu\u00e1rias, como consultas pr\u00e9vias \u00e0 autoridade aduaneira,&nbsp;poder p\u00fablico municipal e \u00e0 emiss\u00e3o de termo de refer\u00eancia para estudos ambientais. Ap\u00f3s os ajustes, a APS estar\u00e1 apta a realizar&nbsp;consultas e audi\u00eancias p\u00fablicas.<\/p>\n\n\n\n<p><strong>Cont\u00eaineres<\/strong><br>Na mesma sess\u00e3o, a ANTAQ&nbsp;indeferiu, no m\u00e9rito, um pedido de medida cautelar sobre cobran\u00e7a da rubrica denominada \u201cEntrega Postergada\u201d, aplicada a cont\u00eaineres&nbsp;sob regime DT-E, que s\u00e3o retirados ap\u00f3s o prazo de 48 horas da descarga de cont\u00eainer. O pedido foi feito pela empresa Marimex&nbsp;sobre cobran\u00e7a aplicada pela BTP (Brasil Terminal Portu\u00e1rio).&nbsp;<\/p>\n\n\n\n<p>Lima Filho votou por indeferir o pedido, para que a BTP se abstenha de exigir o pagamento da entrega postergada, uma vez que, segundo ele, a cobran\u00e7a est\u00e1 amparada por&nbsp;normas vigentes. Para o diretor, a cobran\u00e7a por atraso ou &#8216;no-show&#8217; n\u00e3o \u00e9&nbsp;pr\u00e1tica in\u00e9dita, mas procedimento comum, n\u00e3o se tratando de pr\u00e1tica abusiva ou anticompetitiva.<\/p>\n\n\n\n<p>\u201c[Voto por] indeferir o pedido subsidiado para que a ANTAQ instaure processo administrativo para criar a rubrica de libera\u00e7\u00e3o postergada, visto que a regulamenta\u00e7\u00e3o vigente j\u00e1 prev\u00ea mecanismos adequados para efici\u00eancia e competitividade das opera\u00e7\u00f5es portu\u00e1rias e a cria\u00e7\u00e3o de nova rubrica poderia introduzir complexidade desnecess\u00e1ria, sem benef\u00edcios claros\u201d, disse. A ag\u00eancia ainda determinar\u00e1 que a SFC (Superintend\u00eancia de Fiscaliza\u00e7\u00e3o e Coordena\u00e7\u00e3o das Unidades Regionais) apure, em&nbsp;60 dias, a adequa\u00e7\u00e3o das janelas de movimenta\u00e7\u00e3o de cont\u00eaineres.<\/p>\n\n\n\n<p><strong>Canal de acesso a Paranagu\u00e1 no TCU<\/strong><br>A ANTAQ&nbsp;<a href=\"https:\/\/agenciainfra.us14.list-manage.com\/track\/click?u=d460dd1bcf9ba0ae040e1fc0f&amp;id=520d6ffe18&amp;e=de74d75805\" target=\"_blank\" rel=\"noreferrer noopener\">aprovou<\/a>&nbsp;a an\u00e1lise do projeto de concess\u00e3o do canal de acesso ao Porto de Paranagu\u00e1 (PR), ap\u00f3s consulta e audi\u00eancia p\u00fablicas realizadas no final de 2023. Agora, os documentos seguir\u00e3o para an\u00e1lise do Minist\u00e9rio de Portos e Aeroportos e, posteriormente, do TCU.<\/p>\n\n\n\n<p>Relatado pelo diretor-geral da ANTAQ, Eduardo Nery, o processo de&nbsp;an\u00e1lise das contribui\u00e7\u00f5es recebidas em CP (Consulta P\u00fablica) sobre arrendamento da \u00e1rea MCP01, no porto de Santana (AP), foi retirado de pauta.<\/p>\n\n\n\n<p><strong>BR do Mar<\/strong><br>O colegiado aprovou&nbsp;processo de revis\u00e3o da Resolu\u00e7\u00e3o Normativa&nbsp;01\/2015 por conta de altera\u00e7\u00f5es da Lei do&nbsp;<a href=\"https:\/\/agenciainfra.us14.list-manage.com\/track\/click?u=d460dd1bcf9ba0ae040e1fc0f&amp;id=5da44326d3&amp;e=de74d75805\" target=\"_blank\" rel=\"noreferrer noopener\">BR do Mar<\/a>, de&nbsp;est\u00edmulo \u00e0&nbsp;cabotagem. A relatora do processo, diretora Fl\u00e1via Takafashi, votou por submeter \u00e0&nbsp;audi\u00eancia e consulta p\u00fablica, por&nbsp;45 dias, uma&nbsp;proposta normativa com procedimentos para afretamento de embarca\u00e7\u00e3o por empresa de&nbsp;navega\u00e7\u00e3o em apoio portu\u00e1rio, mar\u00edtimo e cabotagem em longo curso.<\/p>\n\n\n\n<p>A ag\u00eancia submeter\u00e1 agenda regulat\u00f3ria 2025 a 2028 a uma&nbsp;tomada de subs\u00eddios a ser realizada em tr\u00eas reuni\u00f5es participativas sobre navega\u00e7\u00e3o interior e&nbsp;mar\u00edtima e instala\u00e7\u00f5es portu\u00e1rias. O documento dever\u00e1 conter um&nbsp;t\u00f3pico sobre&nbsp;navega\u00e7\u00e3o em&nbsp;opera\u00e7\u00f5es de \u2018bunkering\u2019 (opera\u00e7\u00e3o de transporte e abastecimento de navios).<\/p>\n","protected":false},"excerpt":{"rendered":"<p>da Ag\u00eancia iNFRA A&nbsp;ANTAQ (Ag\u00eancia Nacional de Transportes Aquavi\u00e1rios) aprovou nesta quinta-feira (22), em reuni\u00e3o de diretoria,&nbsp;o EVTEA (Estudo de Viabilidade T\u00e9cnica, Econ\u00f4mica e Ambiental) e as minutas de edital e de contrato para&nbsp;licita\u00e7\u00e3o da \u00e1rea STS08,&nbsp;no porto de Santos (SP), destinada \u00e0 movimenta\u00e7\u00e3o, armazenagem e distribui\u00e7\u00e3o de gran\u00e9is l\u00edquidos, especialmente combust\u00edveis. Os documentos passam [&hellip;]<\/p>\n","protected":false},"author":1,"featured_media":18321,"comment_status":"closed","ping_status":"closed","sticky":false,"template":"","format":"standard","meta":{"_monsterinsights_skip_tracking":false,"_monsterinsights_sitenote_active":false,"_monsterinsights_sitenote_note":"","_monsterinsights_sitenote_category":0,"footnotes":""},"categories":[1,7],"tags":[86,1245,1030,314,641,3082,66,1718,89,3222,260],"class_list":["post-18309","post","type-post","status-publish","format-standard","has-post-thumbnail","hentry","category-geral","category-infratransporte","tag-antaq","tag-br-do-mar","tag-btp","tag-combustiveis","tag-conteiner","tag-dragagem-2","tag-logistica","tag-marimex","tag-paranagua","tag-porto-de-santana","tag-porto-de-santos"],"yoast_head":"<!-- This site is optimized with the Yoast SEO Premium plugin v25.4 (Yoast SEO v26.0) - https:\/\/yoast.com\/wordpress\/plugins\/seo\/ -->\n<title>ANTAQ aprova documentos preparat\u00f3rios para licita\u00e7\u00e3o do terminal STS08 no porto de Santos - Ag\u00eancia iNFRA<\/title>\n<meta name=\"robots\" content=\"index, follow, max-snippet:-1, max-image-preview:large, max-video-preview:-1\" \/>\n<link rel=\"canonical\" href=\"https:\/\/agenciainfra.com\/blog\/antaq-aprova-documentos-preparatorios-para-licitacao-do-terminal-sts08-no-porto-de-santos\/\" \/>\n<meta property=\"og:locale\" content=\"pt_BR\" \/>\n<meta property=\"og:type\" content=\"article\" \/>\n<meta property=\"og:title\" content=\"ANTAQ aprova documentos preparat\u00f3rios para licita\u00e7\u00e3o do terminal STS08 no porto de Santos\" \/>\n<meta property=\"og:description\" content=\"da Ag\u00eancia iNFRA A&nbsp;ANTAQ (Ag\u00eancia Nacional de Transportes Aquavi\u00e1rios) aprovou nesta quinta-feira (22), em reuni\u00e3o de diretoria,&nbsp;o EVTEA (Estudo de Viabilidade T\u00e9cnica, Econ\u00f4mica e Ambiental) e as minutas de edital e de contrato para&nbsp;licita\u00e7\u00e3o da \u00e1rea STS08,&nbsp;no porto de Santos (SP), destinada \u00e0 movimenta\u00e7\u00e3o, armazenagem e distribui\u00e7\u00e3o de gran\u00e9is l\u00edquidos, especialmente combust\u00edveis. Os documentos passam [&hellip;]\" \/>\n<meta property=\"og:url\" content=\"https:\/\/agenciainfra.com\/blog\/antaq-aprova-documentos-preparatorios-para-licitacao-do-terminal-sts08-no-porto-de-santos\/\" \/>\n<meta property=\"og:site_name\" content=\"Ag\u00eancia iNFRA\" \/>\n<meta property=\"article:publisher\" content=\"https:\/\/www.facebook.com\/ageninfra\" \/>\n<meta property=\"article:published_time\" content=\"2024-08-24T12:00:00+00:00\" \/>\n<meta property=\"article:modified_time\" content=\"2024-08-28T13:30:19+00:00\" \/>\n<meta property=\"og:image\" content=\"https:\/\/agenciainfra.com\/blog\/wp-content\/uploads\/2024\/08\/porto-de-santos-foto-spa-1024x523-1.png\" \/>\n\t<meta property=\"og:image:width\" content=\"1024\" \/>\n\t<meta property=\"og:image:height\" content=\"523\" \/>\n\t<meta property=\"og:image:type\" content=\"image\/png\" \/>\n<meta name=\"author\" content=\"Ag\u00eancia iNFRA\" \/>\n<meta name=\"twitter:card\" content=\"summary_large_image\" \/>\n<meta name=\"twitter:creator\" content=\"@agencia_infra\" \/>\n<meta name=\"twitter:site\" content=\"@agencia_infra\" \/>\n<meta name=\"twitter:label1\" content=\"Escrito por\" \/>\n\t<meta name=\"twitter:data1\" content=\"Ag\u00eancia iNFRA\" \/>\n\t<meta name=\"twitter:label2\" content=\"Est. tempo de leitura\" \/>\n\t<meta name=\"twitter:data2\" content=\"4 minutos\" \/>\n<script type=\"application\/ld+json\" class=\"yoast-schema-graph\">{\"@context\":\"https:\/\/schema.org\",\"@graph\":[{\"@type\":\"Article\",\"@id\":\"https:\/\/agenciainfra.com\/blog\/antaq-aprova-documentos-preparatorios-para-licitacao-do-terminal-sts08-no-porto-de-santos\/#article\",\"isPartOf\":{\"@id\":\"https:\/\/agenciainfra.com\/blog\/antaq-aprova-documentos-preparatorios-para-licitacao-do-terminal-sts08-no-porto-de-santos\/\"},\"author\":{\"name\":\"Ag\u00eancia iNFRA\",\"@id\":\"https:\/\/agenciainfra.com\/blog\/#\/schema\/person\/34af08dff6adea4cb22b06612ba7acfa\"},\"headline\":\"ANTAQ aprova documentos preparat\u00f3rios para licita\u00e7\u00e3o do terminal STS08 no porto de Santos\",\"datePublished\":\"2024-08-24T12:00:00+00:00\",\"dateModified\":\"2024-08-28T13:30:19+00:00\",\"mainEntityOfPage\":{\"@id\":\"https:\/\/agenciainfra.com\/blog\/antaq-aprova-documentos-preparatorios-para-licitacao-do-terminal-sts08-no-porto-de-santos\/\"},\"wordCount\":780,\"publisher\":{\"@id\":\"https:\/\/agenciainfra.com\/blog\/#organization\"},\"image\":{\"@id\":\"https:\/\/agenciainfra.com\/blog\/antaq-aprova-documentos-preparatorios-para-licitacao-do-terminal-sts08-no-porto-de-santos\/#primaryimage\"},\"thumbnailUrl\":\"https:\/\/agenciainfra.com\/blog\/wp-content\/uploads\/2024\/08\/porto-de-santos-foto-spa-1024x523-1.png\",\"keywords\":[\"ANTAQ\",\"BR do Mar\",\"BTP\",\"combust\u00edveis\",\"cont\u00eainer\",\"dragagem\",\"log\u00edstica\",\"Marimex\",\"PARANAGU\u00c1\",\"Porto de Santana\",\"Porto de Santos\"],\"articleSection\":[\"Geral\",\"iNFRATransporte\"],\"inLanguage\":\"pt-BR\",\"copyrightYear\":\"2024\",\"copyrightHolder\":{\"@id\":\"https:\/\/agenciainfra.com\/blog\/#organization\"}},{\"@type\":\"WebPage\",\"@id\":\"https:\/\/agenciainfra.com\/blog\/antaq-aprova-documentos-preparatorios-para-licitacao-do-terminal-sts08-no-porto-de-santos\/\",\"url\":\"https:\/\/agenciainfra.com\/blog\/antaq-aprova-documentos-preparatorios-para-licitacao-do-terminal-sts08-no-porto-de-santos\/\",\"name\":\"ANTAQ aprova documentos preparat\u00f3rios para licita\u00e7\u00e3o do terminal STS08 no porto de Santos - Ag\u00eancia iNFRA\",\"isPartOf\":{\"@id\":\"https:\/\/agenciainfra.com\/blog\/#website\"},\"primaryImageOfPage\":{\"@id\":\"https:\/\/agenciainfra.com\/blog\/antaq-aprova-documentos-preparatorios-para-licitacao-do-terminal-sts08-no-porto-de-santos\/#primaryimage\"},\"image\":{\"@id\":\"https:\/\/agenciainfra.com\/blog\/antaq-aprova-documentos-preparatorios-para-licitacao-do-terminal-sts08-no-porto-de-santos\/#primaryimage\"},\"thumbnailUrl\":\"https:\/\/agenciainfra.com\/blog\/wp-content\/uploads\/2024\/08\/porto-de-santos-foto-spa-1024x523-1.png\",\"datePublished\":\"2024-08-24T12:00:00+00:00\",\"dateModified\":\"2024-08-28T13:30:19+00:00\",\"breadcrumb\":{\"@id\":\"https:\/\/agenciainfra.com\/blog\/antaq-aprova-documentos-preparatorios-para-licitacao-do-terminal-sts08-no-porto-de-santos\/#breadcrumb\"},\"inLanguage\":\"pt-BR\",\"potentialAction\":[{\"@type\":\"ReadAction\",\"target\":[\"https:\/\/agenciainfra.com\/blog\/antaq-aprova-documentos-preparatorios-para-licitacao-do-terminal-sts08-no-porto-de-santos\/\"]}]},{\"@type\":\"ImageObject\",\"inLanguage\":\"pt-BR\",\"@id\":\"https:\/\/agenciainfra.com\/blog\/antaq-aprova-documentos-preparatorios-para-licitacao-do-terminal-sts08-no-porto-de-santos\/#primaryimage\",\"url\":\"https:\/\/agenciainfra.com\/blog\/wp-content\/uploads\/2024\/08\/porto-de-santos-foto-spa-1024x523-1.png\",\"contentUrl\":\"https:\/\/agenciainfra.com\/blog\/wp-content\/uploads\/2024\/08\/porto-de-santos-foto-spa-1024x523-1.png\",\"width\":1024,\"height\":523,\"caption\":\"Foto: Autoridade Portu\u00e1ria de Santos\"},{\"@type\":\"BreadcrumbList\",\"@id\":\"https:\/\/agenciainfra.com\/blog\/antaq-aprova-documentos-preparatorios-para-licitacao-do-terminal-sts08-no-porto-de-santos\/#breadcrumb\",\"itemListElement\":[{\"@type\":\"ListItem\",\"position\":1,\"name\":\"In\u00edcio\",\"item\":\"https:\/\/agenciainfra.com\/blog\/\"},{\"@type\":\"ListItem\",\"position\":2,\"name\":\"ANTAQ aprova documentos preparat\u00f3rios para licita\u00e7\u00e3o do terminal STS08 no porto de Santos\"}]},{\"@type\":\"WebSite\",\"@id\":\"https:\/\/agenciainfra.com\/blog\/#website\",\"url\":\"https:\/\/agenciainfra.com\/blog\/\",\"name\":\"Ag\u00eancia iNFRA\",\"description\":\"Multiplataforma de informa\u00e7\u00e3o jornal\u00edstica refer\u00eancia na \u00e1rea de infraestrutura no Brasil!\",\"publisher\":{\"@id\":\"https:\/\/agenciainfra.com\/blog\/#organization\"},\"potentialAction\":[{\"@type\":\"SearchAction\",\"target\":{\"@type\":\"EntryPoint\",\"urlTemplate\":\"https:\/\/agenciainfra.com\/blog\/?s={search_term_string}\"},\"query-input\":{\"@type\":\"PropertyValueSpecification\",\"valueRequired\":true,\"valueName\":\"search_term_string\"}}],\"inLanguage\":\"pt-BR\"},{\"@type\":\"Organization\",\"@id\":\"https:\/\/agenciainfra.com\/blog\/#organization\",\"name\":\"Ag\u00eancia iNFRA\",\"url\":\"https:\/\/agenciainfra.com\/blog\/\",\"logo\":{\"@type\":\"ImageObject\",\"inLanguage\":\"pt-BR\",\"@id\":\"https:\/\/agenciainfra.com\/blog\/#\/schema\/logo\/image\/\",\"url\":\"https:\/\/agenciainfra.com\/blog\/wp-content\/uploads\/2023\/09\/iNFRA_5-e1761735885940.png\",\"contentUrl\":\"https:\/\/agenciainfra.com\/blog\/wp-content\/uploads\/2023\/09\/iNFRA_5-e1761735885940.png\",\"width\":1672,\"height\":454,\"caption\":\"Ag\u00eancia iNFRA\"},\"image\":{\"@id\":\"https:\/\/agenciainfra.com\/blog\/#\/schema\/logo\/image\/\"},\"sameAs\":[\"https:\/\/www.facebook.com\/ageninfra\",\"https:\/\/x.com\/agencia_infra\",\"https:\/\/www.linkedin.com\/company\/ag\u00eanciainfra\/\",\"https:\/\/www.instagram.com\/agenciainfra\/\"]},{\"@type\":\"Person\",\"@id\":\"https:\/\/agenciainfra.com\/blog\/#\/schema\/person\/34af08dff6adea4cb22b06612ba7acfa\",\"name\":\"Ag\u00eancia iNFRA\",\"image\":{\"@type\":\"ImageObject\",\"inLanguage\":\"pt-BR\",\"@id\":\"https:\/\/agenciainfra.com\/blog\/#\/schema\/person\/image\/\",\"url\":\"https:\/\/secure.gravatar.com\/avatar\/d189e01678f06d8eb84d4e01f08eb848b3fffe3f8443818d3c356c66892f5be8?s=96&d=mm&r=g\",\"contentUrl\":\"https:\/\/secure.gravatar.com\/avatar\/d189e01678f06d8eb84d4e01f08eb848b3fffe3f8443818d3c356c66892f5be8?s=96&d=mm&r=g\",\"caption\":\"Ag\u00eancia iNFRA\"},\"url\":\"https:\/\/agenciainfra.com\/blog\/author\/admin\/\"}]}<\/script>\n<!-- \/ Yoast SEO Premium plugin. -->","yoast_head_json":{"title":"ANTAQ aprova documentos preparat\u00f3rios para licita\u00e7\u00e3o do terminal STS08 no porto de Santos - Ag\u00eancia iNFRA","robots":{"index":"index","follow":"follow","max-snippet":"max-snippet:-1","max-image-preview":"max-image-preview:large","max-video-preview":"max-video-preview:-1"},"canonical":"https:\/\/agenciainfra.com\/blog\/antaq-aprova-documentos-preparatorios-para-licitacao-do-terminal-sts08-no-porto-de-santos\/","og_locale":"pt_BR","og_type":"article","og_title":"ANTAQ aprova documentos preparat\u00f3rios para licita\u00e7\u00e3o do terminal STS08 no porto de Santos","og_description":"da Ag\u00eancia iNFRA A&nbsp;ANTAQ (Ag\u00eancia Nacional de Transportes Aquavi\u00e1rios) aprovou nesta quinta-feira (22), em reuni\u00e3o de diretoria,&nbsp;o EVTEA (Estudo de Viabilidade T\u00e9cnica, Econ\u00f4mica e Ambiental) e as minutas de edital e de contrato para&nbsp;licita\u00e7\u00e3o da \u00e1rea STS08,&nbsp;no porto de Santos (SP), destinada \u00e0 movimenta\u00e7\u00e3o, armazenagem e distribui\u00e7\u00e3o de gran\u00e9is l\u00edquidos, especialmente combust\u00edveis. Os documentos passam [&hellip;]","og_url":"https:\/\/agenciainfra.com\/blog\/antaq-aprova-documentos-preparatorios-para-licitacao-do-terminal-sts08-no-porto-de-santos\/","og_site_name":"Ag\u00eancia iNFRA","article_publisher":"https:\/\/www.facebook.com\/ageninfra","article_published_time":"2024-08-24T12:00:00+00:00","article_modified_time":"2024-08-28T13:30:19+00:00","og_image":[{"width":1024,"height":523,"url":"https:\/\/agenciainfra.com\/blog\/wp-content\/uploads\/2024\/08\/porto-de-santos-foto-spa-1024x523-1.png","type":"image\/png"}],"author":"Ag\u00eancia iNFRA","twitter_card":"summary_large_image","twitter_creator":"@agencia_infra","twitter_site":"@agencia_infra","twitter_misc":{"Escrito por":"Ag\u00eancia iNFRA","Est. tempo de leitura":"4 minutos"},"schema":{"@context":"https:\/\/schema.org","@graph":[{"@type":"Article","@id":"https:\/\/agenciainfra.com\/blog\/antaq-aprova-documentos-preparatorios-para-licitacao-do-terminal-sts08-no-porto-de-santos\/#article","isPartOf":{"@id":"https:\/\/agenciainfra.com\/blog\/antaq-aprova-documentos-preparatorios-para-licitacao-do-terminal-sts08-no-porto-de-santos\/"},"author":{"name":"Ag\u00eancia iNFRA","@id":"https:\/\/agenciainfra.com\/blog\/#\/schema\/person\/34af08dff6adea4cb22b06612ba7acfa"},"headline":"ANTAQ aprova documentos preparat\u00f3rios para licita\u00e7\u00e3o do terminal STS08 no porto de Santos","datePublished":"2024-08-24T12:00:00+00:00","dateModified":"2024-08-28T13:30:19+00:00","mainEntityOfPage":{"@id":"https:\/\/agenciainfra.com\/blog\/antaq-aprova-documentos-preparatorios-para-licitacao-do-terminal-sts08-no-porto-de-santos\/"},"wordCount":780,"publisher":{"@id":"https:\/\/agenciainfra.com\/blog\/#organization"},"image":{"@id":"https:\/\/agenciainfra.com\/blog\/antaq-aprova-documentos-preparatorios-para-licitacao-do-terminal-sts08-no-porto-de-santos\/#primaryimage"},"thumbnailUrl":"https:\/\/agenciainfra.com\/blog\/wp-content\/uploads\/2024\/08\/porto-de-santos-foto-spa-1024x523-1.png","keywords":["ANTAQ","BR do Mar","BTP","combust\u00edveis","cont\u00eainer","dragagem","log\u00edstica","Marimex","PARANAGU\u00c1","Porto de Santana","Porto de Santos"],"articleSection":["Geral","iNFRATransporte"],"inLanguage":"pt-BR","copyrightYear":"2024","copyrightHolder":{"@id":"https:\/\/agenciainfra.com\/blog\/#organization"}},{"@type":"WebPage","@id":"https:\/\/agenciainfra.com\/blog\/antaq-aprova-documentos-preparatorios-para-licitacao-do-terminal-sts08-no-porto-de-santos\/","url":"https:\/\/agenciainfra.com\/blog\/antaq-aprova-documentos-preparatorios-para-licitacao-do-terminal-sts08-no-porto-de-santos\/","name":"ANTAQ aprova documentos preparat\u00f3rios para licita\u00e7\u00e3o do terminal STS08 no porto de Santos - Ag\u00eancia iNFRA","isPartOf":{"@id":"https:\/\/agenciainfra.com\/blog\/#website"},"primaryImageOfPage":{"@id":"https:\/\/agenciainfra.com\/blog\/antaq-aprova-documentos-preparatorios-para-licitacao-do-terminal-sts08-no-porto-de-santos\/#primaryimage"},"image":{"@id":"https:\/\/agenciainfra.com\/blog\/antaq-aprova-documentos-preparatorios-para-licitacao-do-terminal-sts08-no-porto-de-santos\/#primaryimage"},"thumbnailUrl":"https:\/\/agenciainfra.com\/blog\/wp-content\/uploads\/2024\/08\/porto-de-santos-foto-spa-1024x523-1.png","datePublished":"2024-08-24T12:00:00+00:00","dateModified":"2024-08-28T13:30:19+00:00","breadcrumb":{"@id":"https:\/\/agenciainfra.com\/blog\/antaq-aprova-documentos-preparatorios-para-licitacao-do-terminal-sts08-no-porto-de-santos\/#breadcrumb"},"inLanguage":"pt-BR","potentialAction":[{"@type":"ReadAction","target":["https:\/\/agenciainfra.com\/blog\/antaq-aprova-documentos-preparatorios-para-licitacao-do-terminal-sts08-no-porto-de-santos\/"]}]},{"@type":"ImageObject","inLanguage":"pt-BR","@id":"https:\/\/agenciainfra.com\/blog\/antaq-aprova-documentos-preparatorios-para-licitacao-do-terminal-sts08-no-porto-de-santos\/#primaryimage","url":"https:\/\/agenciainfra.com\/blog\/wp-content\/uploads\/2024\/08\/porto-de-santos-foto-spa-1024x523-1.png","contentUrl":"https:\/\/agenciainfra.com\/blog\/wp-content\/uploads\/2024\/08\/porto-de-santos-foto-spa-1024x523-1.png","width":1024,"height":523,"caption":"Foto: Autoridade Portu\u00e1ria de Santos"},{"@type":"BreadcrumbList","@id":"https:\/\/agenciainfra.com\/blog\/antaq-aprova-documentos-preparatorios-para-licitacao-do-terminal-sts08-no-porto-de-santos\/#breadcrumb","itemListElement":[{"@type":"ListItem","position":1,"name":"In\u00edcio","item":"https:\/\/agenciainfra.com\/blog\/"},{"@type":"ListItem","position":2,"name":"ANTAQ aprova documentos preparat\u00f3rios para licita\u00e7\u00e3o do terminal STS08 no porto de Santos"}]},{"@type":"WebSite","@id":"https:\/\/agenciainfra.com\/blog\/#website","url":"https:\/\/agenciainfra.com\/blog\/","name":"Ag\u00eancia iNFRA","description":"Multiplataforma de informa\u00e7\u00e3o jornal\u00edstica refer\u00eancia na \u00e1rea de infraestrutura no Brasil!","publisher":{"@id":"https:\/\/agenciainfra.com\/blog\/#organization"},"potentialAction":[{"@type":"SearchAction","target":{"@type":"EntryPoint","urlTemplate":"https:\/\/agenciainfra.com\/blog\/?s={search_term_string}"},"query-input":{"@type":"PropertyValueSpecification","valueRequired":true,"valueName":"search_term_string"}}],"inLanguage":"pt-BR"},{"@type":"Organization","@id":"https:\/\/agenciainfra.com\/blog\/#organization","name":"Ag\u00eancia iNFRA","url":"https:\/\/agenciainfra.com\/blog\/","logo":{"@type":"ImageObject","inLanguage":"pt-BR","@id":"https:\/\/agenciainfra.com\/blog\/#\/schema\/logo\/image\/","url":"https:\/\/agenciainfra.com\/blog\/wp-content\/uploads\/2023\/09\/iNFRA_5-e1761735885940.png","contentUrl":"https:\/\/agenciainfra.com\/blog\/wp-content\/uploads\/2023\/09\/iNFRA_5-e1761735885940.png","width":1672,"height":454,"caption":"Ag\u00eancia iNFRA"},"image":{"@id":"https:\/\/agenciainfra.com\/blog\/#\/schema\/logo\/image\/"},"sameAs":["https:\/\/www.facebook.com\/ageninfra","https:\/\/x.com\/agencia_infra","https:\/\/www.linkedin.com\/company\/ag\u00eanciainfra\/","https:\/\/www.instagram.com\/agenciainfra\/"]},{"@type":"Person","@id":"https:\/\/agenciainfra.com\/blog\/#\/schema\/person\/34af08dff6adea4cb22b06612ba7acfa","name":"Ag\u00eancia iNFRA","image":{"@type":"ImageObject","inLanguage":"pt-BR","@id":"https:\/\/agenciainfra.com\/blog\/#\/schema\/person\/image\/","url":"https:\/\/secure.gravatar.com\/avatar\/d189e01678f06d8eb84d4e01f08eb848b3fffe3f8443818d3c356c66892f5be8?s=96&d=mm&r=g","contentUrl":"https:\/\/secure.gravatar.com\/avatar\/d189e01678f06d8eb84d4e01f08eb848b3fffe3f8443818d3c356c66892f5be8?s=96&d=mm&r=g","caption":"Ag\u00eancia iNFRA"},"url":"https:\/\/agenciainfra.com\/blog\/author\/admin\/"}]}},"_links":{"self":[{"href":"https:\/\/agenciainfra.com\/blog\/wp-json\/wp\/v2\/posts\/18309","targetHints":{"allow":["GET"]}}],"collection":[{"href":"https:\/\/agenciainfra.com\/blog\/wp-json\/wp\/v2\/posts"}],"about":[{"href":"https:\/\/agenciainfra.com\/blog\/wp-json\/wp\/v2\/types\/post"}],"author":[{"embeddable":true,"href":"https:\/\/agenciainfra.com\/blog\/wp-json\/wp\/v2\/users\/1"}],"replies":[{"embeddable":true,"href":"https:\/\/agenciainfra.com\/blog\/wp-json\/wp\/v2\/comments?post=18309"}],"version-history":[{"count":2,"href":"https:\/\/agenciainfra.com\/blog\/wp-json\/wp\/v2\/posts\/18309\/revisions"}],"predecessor-version":[{"id":18322,"href":"https:\/\/agenciainfra.com\/blog\/wp-json\/wp\/v2\/posts\/18309\/revisions\/18322"}],"wp:featuredmedia":[{"embeddable":true,"href":"https:\/\/agenciainfra.com\/blog\/wp-json\/wp\/v2\/media\/18321"}],"wp:attachment":[{"href":"https:\/\/agenciainfra.com\/blog\/wp-json\/wp\/v2\/media?parent=18309"}],"wp:term":[{"taxonomy":"category","embeddable":true,"href":"https:\/\/agenciainfra.com\/blog\/wp-json\/wp\/v2\/categories?post=18309"},{"taxonomy":"post_tag","embeddable":true,"href":"https:\/\/agenciainfra.com\/blog\/wp-json\/wp\/v2\/tags?post=18309"}],"curies":[{"name":"wp","href":"https:\/\/api.w.org\/{rel}","templated":true}]}}