{"id":18311,"date":"2024-08-27T07:00:00","date_gmt":"2024-08-27T10:00:00","guid":{"rendered":"https:\/\/agenciainfra.com\/blog\/?p=18311"},"modified":"2024-08-27T14:36:09","modified_gmt":"2024-08-27T17:36:09","slug":"governo-quer-dividir-malha-oeste-em-dois-projetos-e-renovar-parte-da-transnordestina-antiga-e-a-ftc","status":"publish","type":"post","link":"https:\/\/agenciainfra.com\/blog\/governo-quer-dividir-malha-oeste-em-dois-projetos-e-renovar-parte-da-transnordestina-antiga-e-a-ftc\/","title":{"rendered":"Governo quer dividir Malha Oeste em dois projetos e renovar parte da Transnordestina antiga e a FTC"},"content":{"rendered":"\n<p class=\"has-text-align-right\"><strong>da Ag\u00eancia iNFRA<\/strong><\/p>\n\n\n\n<p>A Malha Oeste de Ferrovias dever\u00e1 ser dividida em dois projetos, um para atender a regi\u00e3o do Mato Grosso do Sul se conectando com a hidrovia do Rio Paraguai, e outro para conectar o estado \u00e0 malha ferrovi\u00e1ria em S\u00e3o Paulo.<\/p>\n\n\n\n<p>As renova\u00e7\u00f5es antecipadas de dois trechos ferrovi\u00e1rios, parte da malha antiga da Ferrovia Transnordestina e a FTC (Ferrovia Tereza Cristina), e a retomada dos investimentos no projeto da Nova Transnordestina em Pernambuco tamb\u00e9m est\u00e3o entre as prioridades para o setor.<\/p>\n\n\n\n<p>A informa\u00e7\u00e3o \u00e9 do secret\u00e1rio especial do PPI (Programa de Parcerias de Investimentos) da Casa Civil da Presid\u00eancia, Marcus Cavalcanti, dada \u00e0&nbsp;<strong>Ag\u00eancia iNFRA<\/strong>, ap\u00f3s o recente leil\u00e3o de concess\u00e3o de terminais portu\u00e1rios, destacando que a retomada desses investimentos s\u00e3o essenciais para o pa\u00eds.&nbsp;<\/p>\n\n\n\n<p>A Malha Oeste teve a consulta p\u00fablica lan\u00e7ada para uma nova concess\u00e3o porque o governo anterior entendeu que a renova\u00e7\u00e3o antecipada seria invi\u00e1vel. As audi\u00eancias p\u00fablicas mostraram&nbsp;<a href=\"https:\/\/agenciainfra.us14.list-manage.com\/track\/click?u=d460dd1bcf9ba0ae040e1fc0f&amp;id=c98a516d4b&amp;e=de74d75805\" target=\"_blank\" rel=\"noreferrer noopener\">muitas diverg\u00eancias<\/a>&nbsp;sobre o projeto apresentado, que previa o abandono de parte dos trechos, como um ramal ligando a ferrovia a Ponta Por\u00e3 (MS).<\/p>\n\n\n\n<p>Na audi\u00eancia, surgiu o pedido para que a malha fosse dividida em duas, uma para atender a demandas espec\u00edficas para a regi\u00e3o de Corumb\u00e1, no Mato Grosso do Sul, em dire\u00e7\u00e3o ao rio Paraguai, para que fosse utilizada a hidrovia local. E outro trecho para ser utilizado para levar cargas em dire\u00e7\u00e3o \u00e0 S\u00e3o Paulo.<\/p>\n\n\n\n<p>Esse projeto ganhou for\u00e7a porque a concession\u00e1ria Rumo, que queria devolver o trecho, mostrou interesse numa repactua\u00e7\u00e3o para operar o trecho que se liga \u00e0 hidrovia e devolver a outra parte. Se essa negocia\u00e7\u00e3o se concretizar, ela seria feita por interm\u00e9dio da Secex Consenso do TCU (Tribunal de Contas da Uni\u00e3o).<\/p>\n\n\n\n<p>J\u00e1 a malha que seria devolvida pela concession\u00e1ria atual tem interesse especialmente para as empresas que t\u00eam f\u00e1brica de celulose no estado para transportar os produtos. Duas delas, a Eldorado e a Suzano, pediram em 2021, quando o governo abriu a possibilidade de constru\u00e7\u00e3o de ferrovias privadas, autoriza\u00e7\u00e3o para a constru\u00e7\u00e3o de trechos na regi\u00e3o.<\/p>\n\n\n\n<p>A ideia agora \u00e9 que os trechos devolvidos da Malha Oeste possam ser passados para essas empresas, que inclusive negociam fazer um projeto \u00fanico, dentro do modelo de chamamento p\u00fablico criado na nova lei de ferrovias para que trechos j\u00e1 existentes de ferrovias possam ser operados por novas empresas.<\/p>\n\n\n\n<p>&#8220;A gente teria uma carga do Mato Grosso do Sul saindo para a Malha Paulista e o trecho chegando na hidrovia&#8221;, explicou o secret\u00e1rio, indicando que parte dos trechos devolvidos tamb\u00e9m podem ser repassados para transporte de passageiros em algumas regi\u00f5es.<\/p>\n\n\n\n<p><strong>Devolu\u00e7\u00e3o da antiga Transnordestina<\/strong><br>No caso da malha antiga da Transnordestina, que nesta semana foi qualificada pelo PPI para renova\u00e7\u00e3o antecipada, tem algumas semelhan\u00e7as com esse modelo. A concession\u00e1ria, do grupo CSN, solicitou manter a opera\u00e7\u00e3o da antiga malha apenas num trecho que liga o porto de Itaqui, no Maranh\u00e3o, ao Cear\u00e1. \u00c9 no Cear\u00e1 que a empresa est\u00e1 construindo a chamada Nova Transnordestina, que segue em dire\u00e7\u00e3o ao Piau\u00ed.<\/p>\n\n\n\n<p>Para isso, no entanto, \u00e9 necess\u00e1rio fazer um processo de encontro de contas entre o que a empresa tem a indenizar ao estado por descumprimentos e multas do contrato e o que tem a receber pelos investimentos devolvidos, no caso a Nova Transnordestina em Pernambuco, o que est\u00e1 em andamento pela Infra S.A.&nbsp;<\/p>\n\n\n\n<p>Segundo Cavalcanti, na discuss\u00e3o dos trechos devolvidos, j\u00e1 h\u00e1 um padr\u00e3o criado dentro da Secex Consenso do TCU, que foi criado num acordo para a devolu\u00e7\u00e3o de um trecho de uma de suas ferrovias. Mas tamb\u00e9m h\u00e1 problemas com trechos destru\u00eddos por fortes chuvas e trechos compartilhados com a Nova Transnordestina.<\/p>\n\n\n\n<p>&#8220;Ainda temos um debate a fazer nesse processo para discutirmos como a gente avan\u00e7a&#8221;, informou o secret\u00e1rio.<\/p>\n\n\n\n<p><strong>Transnordestina em Pernambuco<\/strong><br>J\u00e1 na parte devolvida pela atual concession\u00e1ria da Nova Transnordestina em Pernambuco (trecho ligando Petrolina ao porto de Suape), nesta semana dever\u00e1 ser anunciada a contrata\u00e7\u00e3o dos primeiros projetos para a realiza\u00e7\u00e3o das obras para a continuidade do projeto com recursos p\u00fablicos.<\/p>\n\n\n\n<p>Segundo o secret\u00e1rio, a ideia \u00e9 seguir a constru\u00e7\u00e3o do trecho pernambucano devolvido pela concession\u00e1ria com obras p\u00fablicas at\u00e9 que ele fique vi\u00e1vel para ser feita uma concess\u00e3o. H\u00e1 desafios, segundo ele, como as desapropria\u00e7\u00f5es pr\u00f3ximas ao porto, mas Cavalcanti disse que \u00e9 uma decis\u00e3o do presidente Lula fazer.<\/p>\n\n\n\n<p>&#8220;Ele diz que tem 30 anos que isso come\u00e7ou, fez tanta reuni\u00e3o, voltou pro governo e ainda n\u00e3o est\u00e1 pronta. Vamos trabalhar, enfrentar e concluir&#8221;, disse Cavalcanti.<\/p>\n\n\n\n<p><strong>FTC e Malha Sul<\/strong><br>Em rela\u00e7\u00e3o \u00e0 FTC, que \u00e9 uma ferrovia para transporte de carv\u00e3o em Santa Catarina, o secret\u00e1rio informou que o processo tem alguma garantia porque h\u00e1 uma legisla\u00e7\u00e3o federal mantendo a carga dessa ferrovia em opera\u00e7\u00e3o, o que pode viabilizar a renova\u00e7\u00e3o.<\/p>\n\n\n\n<p>J\u00e1 a Malha Sul, operada pela Rumo, cada vez mais est\u00e1 se dirigindo para que seja licitada novamente. A concess\u00e3o foi qualificada para renova\u00e7\u00e3o antecipada&nbsp;junto com as que j\u00e1 tiveram renova\u00e7\u00f5es conclu\u00eddas ou est\u00e3o em processo de audi\u00eancia p\u00fablica.<\/p>\n\n\n\n<p>No entanto, desde o in\u00edcio das negocia\u00e7\u00f5es com os governos locais e federal, as diverg\u00eancias entre o que a concession\u00e1ria apresenta e o que \u00e9 o desejo da sociedade local s\u00e3o muito grandes. Recentes danos na estrutura com as chuvas na regi\u00e3o neste ano deixaram o projeto ainda mais dif\u00edcil.&nbsp;<\/p>\n\n\n\n<p>A tend\u00eancia \u00e9 que a malha seja dividida para ser licitada em novos trechos mais vi\u00e1veis e que tenha a maior parte devolvida. A Infra S.A., que \u00e9 a estatal estruturadora de projetos do Minist\u00e9rio dos Transportes, tem estudos em andamento para licitar novamente todas as malhas, inclusive as que est\u00e3o em processo de renova\u00e7\u00e3o.<\/p>\n","protected":false},"excerpt":{"rendered":"<p>da Ag\u00eancia iNFRA A Malha Oeste de Ferrovias dever\u00e1 ser dividida em dois projetos, um para atender a regi\u00e3o do Mato Grosso do Sul se conectando com a hidrovia do Rio Paraguai, e outro para conectar o estado \u00e0 malha ferrovi\u00e1ria em S\u00e3o Paulo. As renova\u00e7\u00f5es antecipadas de dois trechos ferrovi\u00e1rios, parte da malha antiga [&hellip;]<\/p>\n","protected":false},"author":1,"featured_media":18318,"comment_status":"closed","ping_status":"closed","sticky":false,"template":"","format":"standard","meta":{"_monsterinsights_skip_tracking":false,"_monsterinsights_sitenote_active":false,"_monsterinsights_sitenote_note":"","_monsterinsights_sitenote_category":0,"footnotes":""},"categories":[7250,1,7],"tags":[19,1975,9263,3309,9869,619,34,32,2793,4521,5447,2876,80,70],"class_list":["post-18311","post","type-post","status-publish","format-standard","has-post-thumbnail","hentry","category-destaque-lista","category-geral","category-infratransporte","tag-antt","tag-celulose","tag-concessao-de-ferrovias","tag-ferrovia-nova-transnordestina","tag-ftc","tag-hidrovia","tag-infraestrutura","tag-investimentos","tag-malha-oeste","tag-malha-sul","tag-porto-de-pecem","tag-porto-de-suape","tag-rumo","tag-transportes"],"yoast_head":"<!-- This site is optimized with the Yoast SEO Premium plugin v25.4 (Yoast SEO v26.0) - https:\/\/yoast.com\/wordpress\/plugins\/seo\/ -->\n<title>Governo quer dividir Malha Oeste em dois projetos e renovar parte da Transnordestina antiga e a FTC - Ag\u00eancia iNFRA<\/title>\n<meta name=\"robots\" content=\"index, follow, max-snippet:-1, max-image-preview:large, max-video-preview:-1\" \/>\n<link rel=\"canonical\" href=\"https:\/\/agenciainfra.com\/blog\/governo-quer-dividir-malha-oeste-em-dois-projetos-e-renovar-parte-da-transnordestina-antiga-e-a-ftc\/\" \/>\n<meta property=\"og:locale\" content=\"pt_BR\" \/>\n<meta property=\"og:type\" content=\"article\" \/>\n<meta property=\"og:title\" content=\"Governo quer dividir Malha Oeste em dois projetos e renovar parte da Transnordestina antiga e a FTC\" \/>\n<meta property=\"og:description\" content=\"da Ag\u00eancia iNFRA A Malha Oeste de Ferrovias dever\u00e1 ser dividida em dois projetos, um para atender a regi\u00e3o do Mato Grosso do Sul se conectando com a hidrovia do Rio Paraguai, e outro para conectar o estado \u00e0 malha ferrovi\u00e1ria em S\u00e3o Paulo. As renova\u00e7\u00f5es antecipadas de dois trechos ferrovi\u00e1rios, parte da malha antiga [&hellip;]\" \/>\n<meta property=\"og:url\" content=\"https:\/\/agenciainfra.com\/blog\/governo-quer-dividir-malha-oeste-em-dois-projetos-e-renovar-parte-da-transnordestina-antiga-e-a-ftc\/\" \/>\n<meta property=\"og:site_name\" content=\"Ag\u00eancia iNFRA\" \/>\n<meta property=\"article:publisher\" content=\"https:\/\/www.facebook.com\/ageninfra\" \/>\n<meta property=\"article:published_time\" content=\"2024-08-27T10:00:00+00:00\" \/>\n<meta property=\"article:modified_time\" content=\"2024-08-27T17:36:09+00:00\" \/>\n<meta property=\"og:image\" content=\"https:\/\/agenciainfra.com\/blog\/wp-content\/uploads\/2024\/08\/ferrovia-beth-santos-secretaria-geral-da-pr-1024x613-1.jpg\" \/>\n\t<meta property=\"og:image:width\" content=\"1024\" \/>\n\t<meta property=\"og:image:height\" content=\"613\" \/>\n\t<meta property=\"og:image:type\" content=\"image\/jpeg\" \/>\n<meta name=\"author\" content=\"Ag\u00eancia iNFRA\" \/>\n<meta name=\"twitter:card\" content=\"summary_large_image\" \/>\n<meta name=\"twitter:creator\" content=\"@agencia_infra\" \/>\n<meta name=\"twitter:site\" content=\"@agencia_infra\" \/>\n<meta name=\"twitter:label1\" content=\"Escrito por\" \/>\n\t<meta name=\"twitter:data1\" content=\"Ag\u00eancia iNFRA\" \/>\n\t<meta name=\"twitter:label2\" content=\"Est. tempo de leitura\" \/>\n\t<meta name=\"twitter:data2\" content=\"5 minutos\" \/>\n<script type=\"application\/ld+json\" class=\"yoast-schema-graph\">{\"@context\":\"https:\/\/schema.org\",\"@graph\":[{\"@type\":\"Article\",\"@id\":\"https:\/\/agenciainfra.com\/blog\/governo-quer-dividir-malha-oeste-em-dois-projetos-e-renovar-parte-da-transnordestina-antiga-e-a-ftc\/#article\",\"isPartOf\":{\"@id\":\"https:\/\/agenciainfra.com\/blog\/governo-quer-dividir-malha-oeste-em-dois-projetos-e-renovar-parte-da-transnordestina-antiga-e-a-ftc\/\"},\"author\":{\"name\":\"Ag\u00eancia iNFRA\",\"@id\":\"https:\/\/agenciainfra.com\/blog\/#\/schema\/person\/34af08dff6adea4cb22b06612ba7acfa\"},\"headline\":\"Governo quer dividir Malha Oeste em dois projetos e renovar parte da Transnordestina antiga e a FTC\",\"datePublished\":\"2024-08-27T10:00:00+00:00\",\"dateModified\":\"2024-08-27T17:36:09+00:00\",\"mainEntityOfPage\":{\"@id\":\"https:\/\/agenciainfra.com\/blog\/governo-quer-dividir-malha-oeste-em-dois-projetos-e-renovar-parte-da-transnordestina-antiga-e-a-ftc\/\"},\"wordCount\":1047,\"publisher\":{\"@id\":\"https:\/\/agenciainfra.com\/blog\/#organization\"},\"image\":{\"@id\":\"https:\/\/agenciainfra.com\/blog\/governo-quer-dividir-malha-oeste-em-dois-projetos-e-renovar-parte-da-transnordestina-antiga-e-a-ftc\/#primaryimage\"},\"thumbnailUrl\":\"https:\/\/agenciainfra.com\/blog\/wp-content\/uploads\/2024\/08\/ferrovia-beth-santos-secretaria-geral-da-pr-1024x613-1.jpg\",\"keywords\":[\"ANTT\",\"celulose\",\"Concess\u00e3o de Ferrovias\",\"Ferrovia Nova Transnordestina\",\"FTC\",\"Hidrovia\",\"Infraestrutura\",\"Investimentos\",\"Malha Oeste\",\"Malha Sul\",\"Porto de Pec\u00e9m\",\"Porto de Suape\",\"Rumo\",\"transportes\"],\"articleSection\":[\"Destaque lista\",\"Geral\",\"iNFRATransporte\"],\"inLanguage\":\"pt-BR\",\"copyrightYear\":\"2024\",\"copyrightHolder\":{\"@id\":\"https:\/\/agenciainfra.com\/blog\/#organization\"}},{\"@type\":\"WebPage\",\"@id\":\"https:\/\/agenciainfra.com\/blog\/governo-quer-dividir-malha-oeste-em-dois-projetos-e-renovar-parte-da-transnordestina-antiga-e-a-ftc\/\",\"url\":\"https:\/\/agenciainfra.com\/blog\/governo-quer-dividir-malha-oeste-em-dois-projetos-e-renovar-parte-da-transnordestina-antiga-e-a-ftc\/\",\"name\":\"Governo quer dividir Malha Oeste em dois projetos e renovar parte da Transnordestina antiga e a FTC - Ag\u00eancia iNFRA\",\"isPartOf\":{\"@id\":\"https:\/\/agenciainfra.com\/blog\/#website\"},\"primaryImageOfPage\":{\"@id\":\"https:\/\/agenciainfra.com\/blog\/governo-quer-dividir-malha-oeste-em-dois-projetos-e-renovar-parte-da-transnordestina-antiga-e-a-ftc\/#primaryimage\"},\"image\":{\"@id\":\"https:\/\/agenciainfra.com\/blog\/governo-quer-dividir-malha-oeste-em-dois-projetos-e-renovar-parte-da-transnordestina-antiga-e-a-ftc\/#primaryimage\"},\"thumbnailUrl\":\"https:\/\/agenciainfra.com\/blog\/wp-content\/uploads\/2024\/08\/ferrovia-beth-santos-secretaria-geral-da-pr-1024x613-1.jpg\",\"datePublished\":\"2024-08-27T10:00:00+00:00\",\"dateModified\":\"2024-08-27T17:36:09+00:00\",\"breadcrumb\":{\"@id\":\"https:\/\/agenciainfra.com\/blog\/governo-quer-dividir-malha-oeste-em-dois-projetos-e-renovar-parte-da-transnordestina-antiga-e-a-ftc\/#breadcrumb\"},\"inLanguage\":\"pt-BR\",\"potentialAction\":[{\"@type\":\"ReadAction\",\"target\":[\"https:\/\/agenciainfra.com\/blog\/governo-quer-dividir-malha-oeste-em-dois-projetos-e-renovar-parte-da-transnordestina-antiga-e-a-ftc\/\"]}]},{\"@type\":\"ImageObject\",\"inLanguage\":\"pt-BR\",\"@id\":\"https:\/\/agenciainfra.com\/blog\/governo-quer-dividir-malha-oeste-em-dois-projetos-e-renovar-parte-da-transnordestina-antiga-e-a-ftc\/#primaryimage\",\"url\":\"https:\/\/agenciainfra.com\/blog\/wp-content\/uploads\/2024\/08\/ferrovia-beth-santos-secretaria-geral-da-pr-1024x613-1.jpg\",\"contentUrl\":\"https:\/\/agenciainfra.com\/blog\/wp-content\/uploads\/2024\/08\/ferrovia-beth-santos-secretaria-geral-da-pr-1024x613-1.jpg\",\"width\":1024,\"height\":613,\"caption\":\"Foto: Beth Santos\/Secretaria-Geral da PR\"},{\"@type\":\"BreadcrumbList\",\"@id\":\"https:\/\/agenciainfra.com\/blog\/governo-quer-dividir-malha-oeste-em-dois-projetos-e-renovar-parte-da-transnordestina-antiga-e-a-ftc\/#breadcrumb\",\"itemListElement\":[{\"@type\":\"ListItem\",\"position\":1,\"name\":\"In\u00edcio\",\"item\":\"https:\/\/agenciainfra.com\/blog\/\"},{\"@type\":\"ListItem\",\"position\":2,\"name\":\"Governo quer dividir Malha Oeste em dois projetos e renovar parte da Transnordestina antiga e a FTC\"}]},{\"@type\":\"WebSite\",\"@id\":\"https:\/\/agenciainfra.com\/blog\/#website\",\"url\":\"https:\/\/agenciainfra.com\/blog\/\",\"name\":\"Ag\u00eancia iNFRA\",\"description\":\"Multiplataforma de informa\u00e7\u00e3o jornal\u00edstica refer\u00eancia na \u00e1rea de infraestrutura no Brasil!\",\"publisher\":{\"@id\":\"https:\/\/agenciainfra.com\/blog\/#organization\"},\"potentialAction\":[{\"@type\":\"SearchAction\",\"target\":{\"@type\":\"EntryPoint\",\"urlTemplate\":\"https:\/\/agenciainfra.com\/blog\/?s={search_term_string}\"},\"query-input\":{\"@type\":\"PropertyValueSpecification\",\"valueRequired\":true,\"valueName\":\"search_term_string\"}}],\"inLanguage\":\"pt-BR\"},{\"@type\":\"Organization\",\"@id\":\"https:\/\/agenciainfra.com\/blog\/#organization\",\"name\":\"Ag\u00eancia iNFRA\",\"url\":\"https:\/\/agenciainfra.com\/blog\/\",\"logo\":{\"@type\":\"ImageObject\",\"inLanguage\":\"pt-BR\",\"@id\":\"https:\/\/agenciainfra.com\/blog\/#\/schema\/logo\/image\/\",\"url\":\"https:\/\/agenciainfra.com\/blog\/wp-content\/uploads\/2023\/09\/iNFRA_5-e1761735885940.png\",\"contentUrl\":\"https:\/\/agenciainfra.com\/blog\/wp-content\/uploads\/2023\/09\/iNFRA_5-e1761735885940.png\",\"width\":1672,\"height\":454,\"caption\":\"Ag\u00eancia iNFRA\"},\"image\":{\"@id\":\"https:\/\/agenciainfra.com\/blog\/#\/schema\/logo\/image\/\"},\"sameAs\":[\"https:\/\/www.facebook.com\/ageninfra\",\"https:\/\/x.com\/agencia_infra\",\"https:\/\/www.linkedin.com\/company\/ag\u00eanciainfra\/\",\"https:\/\/www.instagram.com\/agenciainfra\/\"]},{\"@type\":\"Person\",\"@id\":\"https:\/\/agenciainfra.com\/blog\/#\/schema\/person\/34af08dff6adea4cb22b06612ba7acfa\",\"name\":\"Ag\u00eancia iNFRA\",\"image\":{\"@type\":\"ImageObject\",\"inLanguage\":\"pt-BR\",\"@id\":\"https:\/\/agenciainfra.com\/blog\/#\/schema\/person\/image\/\",\"url\":\"https:\/\/secure.gravatar.com\/avatar\/d189e01678f06d8eb84d4e01f08eb848b3fffe3f8443818d3c356c66892f5be8?s=96&d=mm&r=g\",\"contentUrl\":\"https:\/\/secure.gravatar.com\/avatar\/d189e01678f06d8eb84d4e01f08eb848b3fffe3f8443818d3c356c66892f5be8?s=96&d=mm&r=g\",\"caption\":\"Ag\u00eancia iNFRA\"},\"url\":\"https:\/\/agenciainfra.com\/blog\/author\/admin\/\"}]}<\/script>\n<!-- \/ Yoast SEO Premium plugin. -->","yoast_head_json":{"title":"Governo quer dividir Malha Oeste em dois projetos e renovar parte da Transnordestina antiga e a FTC - Ag\u00eancia iNFRA","robots":{"index":"index","follow":"follow","max-snippet":"max-snippet:-1","max-image-preview":"max-image-preview:large","max-video-preview":"max-video-preview:-1"},"canonical":"https:\/\/agenciainfra.com\/blog\/governo-quer-dividir-malha-oeste-em-dois-projetos-e-renovar-parte-da-transnordestina-antiga-e-a-ftc\/","og_locale":"pt_BR","og_type":"article","og_title":"Governo quer dividir Malha Oeste em dois projetos e renovar parte da Transnordestina antiga e a FTC","og_description":"da Ag\u00eancia iNFRA A Malha Oeste de Ferrovias dever\u00e1 ser dividida em dois projetos, um para atender a regi\u00e3o do Mato Grosso do Sul se conectando com a hidrovia do Rio Paraguai, e outro para conectar o estado \u00e0 malha ferrovi\u00e1ria em S\u00e3o Paulo. As renova\u00e7\u00f5es antecipadas de dois trechos ferrovi\u00e1rios, parte da malha antiga [&hellip;]","og_url":"https:\/\/agenciainfra.com\/blog\/governo-quer-dividir-malha-oeste-em-dois-projetos-e-renovar-parte-da-transnordestina-antiga-e-a-ftc\/","og_site_name":"Ag\u00eancia iNFRA","article_publisher":"https:\/\/www.facebook.com\/ageninfra","article_published_time":"2024-08-27T10:00:00+00:00","article_modified_time":"2024-08-27T17:36:09+00:00","og_image":[{"width":1024,"height":613,"url":"https:\/\/agenciainfra.com\/blog\/wp-content\/uploads\/2024\/08\/ferrovia-beth-santos-secretaria-geral-da-pr-1024x613-1.jpg","type":"image\/jpeg"}],"author":"Ag\u00eancia iNFRA","twitter_card":"summary_large_image","twitter_creator":"@agencia_infra","twitter_site":"@agencia_infra","twitter_misc":{"Escrito por":"Ag\u00eancia iNFRA","Est. tempo de leitura":"5 minutos"},"schema":{"@context":"https:\/\/schema.org","@graph":[{"@type":"Article","@id":"https:\/\/agenciainfra.com\/blog\/governo-quer-dividir-malha-oeste-em-dois-projetos-e-renovar-parte-da-transnordestina-antiga-e-a-ftc\/#article","isPartOf":{"@id":"https:\/\/agenciainfra.com\/blog\/governo-quer-dividir-malha-oeste-em-dois-projetos-e-renovar-parte-da-transnordestina-antiga-e-a-ftc\/"},"author":{"name":"Ag\u00eancia iNFRA","@id":"https:\/\/agenciainfra.com\/blog\/#\/schema\/person\/34af08dff6adea4cb22b06612ba7acfa"},"headline":"Governo quer dividir Malha Oeste em dois projetos e renovar parte da Transnordestina antiga e a FTC","datePublished":"2024-08-27T10:00:00+00:00","dateModified":"2024-08-27T17:36:09+00:00","mainEntityOfPage":{"@id":"https:\/\/agenciainfra.com\/blog\/governo-quer-dividir-malha-oeste-em-dois-projetos-e-renovar-parte-da-transnordestina-antiga-e-a-ftc\/"},"wordCount":1047,"publisher":{"@id":"https:\/\/agenciainfra.com\/blog\/#organization"},"image":{"@id":"https:\/\/agenciainfra.com\/blog\/governo-quer-dividir-malha-oeste-em-dois-projetos-e-renovar-parte-da-transnordestina-antiga-e-a-ftc\/#primaryimage"},"thumbnailUrl":"https:\/\/agenciainfra.com\/blog\/wp-content\/uploads\/2024\/08\/ferrovia-beth-santos-secretaria-geral-da-pr-1024x613-1.jpg","keywords":["ANTT","celulose","Concess\u00e3o de Ferrovias","Ferrovia Nova Transnordestina","FTC","Hidrovia","Infraestrutura","Investimentos","Malha Oeste","Malha Sul","Porto de Pec\u00e9m","Porto de Suape","Rumo","transportes"],"articleSection":["Destaque lista","Geral","iNFRATransporte"],"inLanguage":"pt-BR","copyrightYear":"2024","copyrightHolder":{"@id":"https:\/\/agenciainfra.com\/blog\/#organization"}},{"@type":"WebPage","@id":"https:\/\/agenciainfra.com\/blog\/governo-quer-dividir-malha-oeste-em-dois-projetos-e-renovar-parte-da-transnordestina-antiga-e-a-ftc\/","url":"https:\/\/agenciainfra.com\/blog\/governo-quer-dividir-malha-oeste-em-dois-projetos-e-renovar-parte-da-transnordestina-antiga-e-a-ftc\/","name":"Governo quer dividir Malha Oeste em dois projetos e renovar parte da Transnordestina antiga e a FTC - Ag\u00eancia iNFRA","isPartOf":{"@id":"https:\/\/agenciainfra.com\/blog\/#website"},"primaryImageOfPage":{"@id":"https:\/\/agenciainfra.com\/blog\/governo-quer-dividir-malha-oeste-em-dois-projetos-e-renovar-parte-da-transnordestina-antiga-e-a-ftc\/#primaryimage"},"image":{"@id":"https:\/\/agenciainfra.com\/blog\/governo-quer-dividir-malha-oeste-em-dois-projetos-e-renovar-parte-da-transnordestina-antiga-e-a-ftc\/#primaryimage"},"thumbnailUrl":"https:\/\/agenciainfra.com\/blog\/wp-content\/uploads\/2024\/08\/ferrovia-beth-santos-secretaria-geral-da-pr-1024x613-1.jpg","datePublished":"2024-08-27T10:00:00+00:00","dateModified":"2024-08-27T17:36:09+00:00","breadcrumb":{"@id":"https:\/\/agenciainfra.com\/blog\/governo-quer-dividir-malha-oeste-em-dois-projetos-e-renovar-parte-da-transnordestina-antiga-e-a-ftc\/#breadcrumb"},"inLanguage":"pt-BR","potentialAction":[{"@type":"ReadAction","target":["https:\/\/agenciainfra.com\/blog\/governo-quer-dividir-malha-oeste-em-dois-projetos-e-renovar-parte-da-transnordestina-antiga-e-a-ftc\/"]}]},{"@type":"ImageObject","inLanguage":"pt-BR","@id":"https:\/\/agenciainfra.com\/blog\/governo-quer-dividir-malha-oeste-em-dois-projetos-e-renovar-parte-da-transnordestina-antiga-e-a-ftc\/#primaryimage","url":"https:\/\/agenciainfra.com\/blog\/wp-content\/uploads\/2024\/08\/ferrovia-beth-santos-secretaria-geral-da-pr-1024x613-1.jpg","contentUrl":"https:\/\/agenciainfra.com\/blog\/wp-content\/uploads\/2024\/08\/ferrovia-beth-santos-secretaria-geral-da-pr-1024x613-1.jpg","width":1024,"height":613,"caption":"Foto: Beth Santos\/Secretaria-Geral da PR"},{"@type":"BreadcrumbList","@id":"https:\/\/agenciainfra.com\/blog\/governo-quer-dividir-malha-oeste-em-dois-projetos-e-renovar-parte-da-transnordestina-antiga-e-a-ftc\/#breadcrumb","itemListElement":[{"@type":"ListItem","position":1,"name":"In\u00edcio","item":"https:\/\/agenciainfra.com\/blog\/"},{"@type":"ListItem","position":2,"name":"Governo quer dividir Malha Oeste em dois projetos e renovar parte da Transnordestina antiga e a FTC"}]},{"@type":"WebSite","@id":"https:\/\/agenciainfra.com\/blog\/#website","url":"https:\/\/agenciainfra.com\/blog\/","name":"Ag\u00eancia iNFRA","description":"Multiplataforma de informa\u00e7\u00e3o jornal\u00edstica refer\u00eancia na \u00e1rea de infraestrutura no Brasil!","publisher":{"@id":"https:\/\/agenciainfra.com\/blog\/#organization"},"potentialAction":[{"@type":"SearchAction","target":{"@type":"EntryPoint","urlTemplate":"https:\/\/agenciainfra.com\/blog\/?s={search_term_string}"},"query-input":{"@type":"PropertyValueSpecification","valueRequired":true,"valueName":"search_term_string"}}],"inLanguage":"pt-BR"},{"@type":"Organization","@id":"https:\/\/agenciainfra.com\/blog\/#organization","name":"Ag\u00eancia iNFRA","url":"https:\/\/agenciainfra.com\/blog\/","logo":{"@type":"ImageObject","inLanguage":"pt-BR","@id":"https:\/\/agenciainfra.com\/blog\/#\/schema\/logo\/image\/","url":"https:\/\/agenciainfra.com\/blog\/wp-content\/uploads\/2023\/09\/iNFRA_5-e1761735885940.png","contentUrl":"https:\/\/agenciainfra.com\/blog\/wp-content\/uploads\/2023\/09\/iNFRA_5-e1761735885940.png","width":1672,"height":454,"caption":"Ag\u00eancia iNFRA"},"image":{"@id":"https:\/\/agenciainfra.com\/blog\/#\/schema\/logo\/image\/"},"sameAs":["https:\/\/www.facebook.com\/ageninfra","https:\/\/x.com\/agencia_infra","https:\/\/www.linkedin.com\/company\/ag\u00eanciainfra\/","https:\/\/www.instagram.com\/agenciainfra\/"]},{"@type":"Person","@id":"https:\/\/agenciainfra.com\/blog\/#\/schema\/person\/34af08dff6adea4cb22b06612ba7acfa","name":"Ag\u00eancia iNFRA","image":{"@type":"ImageObject","inLanguage":"pt-BR","@id":"https:\/\/agenciainfra.com\/blog\/#\/schema\/person\/image\/","url":"https:\/\/secure.gravatar.com\/avatar\/d189e01678f06d8eb84d4e01f08eb848b3fffe3f8443818d3c356c66892f5be8?s=96&d=mm&r=g","contentUrl":"https:\/\/secure.gravatar.com\/avatar\/d189e01678f06d8eb84d4e01f08eb848b3fffe3f8443818d3c356c66892f5be8?s=96&d=mm&r=g","caption":"Ag\u00eancia iNFRA"},"url":"https:\/\/agenciainfra.com\/blog\/author\/admin\/"}]}},"_links":{"self":[{"href":"https:\/\/agenciainfra.com\/blog\/wp-json\/wp\/v2\/posts\/18311","targetHints":{"allow":["GET"]}}],"collection":[{"href":"https:\/\/agenciainfra.com\/blog\/wp-json\/wp\/v2\/posts"}],"about":[{"href":"https:\/\/agenciainfra.com\/blog\/wp-json\/wp\/v2\/types\/post"}],"author":[{"embeddable":true,"href":"https:\/\/agenciainfra.com\/blog\/wp-json\/wp\/v2\/users\/1"}],"replies":[{"embeddable":true,"href":"https:\/\/agenciainfra.com\/blog\/wp-json\/wp\/v2\/comments?post=18311"}],"version-history":[{"count":3,"href":"https:\/\/agenciainfra.com\/blog\/wp-json\/wp\/v2\/posts\/18311\/revisions"}],"predecessor-version":[{"id":18349,"href":"https:\/\/agenciainfra.com\/blog\/wp-json\/wp\/v2\/posts\/18311\/revisions\/18349"}],"wp:featuredmedia":[{"embeddable":true,"href":"https:\/\/agenciainfra.com\/blog\/wp-json\/wp\/v2\/media\/18318"}],"wp:attachment":[{"href":"https:\/\/agenciainfra.com\/blog\/wp-json\/wp\/v2\/media?parent=18311"}],"wp:term":[{"taxonomy":"category","embeddable":true,"href":"https:\/\/agenciainfra.com\/blog\/wp-json\/wp\/v2\/categories?post=18311"},{"taxonomy":"post_tag","embeddable":true,"href":"https:\/\/agenciainfra.com\/blog\/wp-json\/wp\/v2\/tags?post=18311"}],"curies":[{"name":"wp","href":"https:\/\/api.w.org\/{rel}","templated":true}]}}