{"id":18343,"date":"2024-08-27T09:00:00","date_gmt":"2024-08-27T12:00:00","guid":{"rendered":"https:\/\/agenciainfra.com\/blog\/?p=18343"},"modified":"2024-08-27T12:07:08","modified_gmt":"2024-08-27T15:07:08","slug":"aneel-destaca-falta-de-servidores-cortes-orcamentarios-e-diretoria-incompleta-em-resposta-ao-mme","status":"publish","type":"post","link":"https:\/\/agenciainfra.com\/blog\/aneel-destaca-falta-de-servidores-cortes-orcamentarios-e-diretoria-incompleta-em-resposta-ao-mme\/","title":{"rendered":"ANEEL destaca falta de servidores, cortes or\u00e7ament\u00e1rios e diretoria incompleta, em resposta ao MME"},"content":{"rendered":"\n<p class=\"has-text-align-right\"><strong>da Ag\u00eancia iNFRA<\/strong><\/p>\n\n\n\n<p>O diretor-geral da ANEEL (Ag\u00eancia Nacional de Energia El\u00e9trica), Sandoval Feitosa, destacou em&nbsp;<a href=\"https:\/\/agenciainfra.us14.list-manage.com\/track\/click?u=d460dd1bcf9ba0ae040e1fc0f&amp;id=508c744ff4&amp;e=55b7a27fc9\" target=\"_blank\" rel=\"noreferrer noopener\">documento<\/a>&nbsp;encaminhado ao MME (Minist\u00e9rio de Minas e Energia) na \u00faltima segunda-feira (26) a &#8220;pouca aten\u00e7\u00e3o&#8221; que &#8220;tem sido dada para valorizar a ag\u00eancia e seus servidores&#8221;, que conta com desfalque no quadro de empregados, cortes or\u00e7ament\u00e1rios e diretoria incompleta.<\/p>\n\n\n\n<p>O documento \u00e9 uma resposta ao&nbsp;<a href=\"https:\/\/agenciainfra.us14.list-manage.com\/track\/click?u=d460dd1bcf9ba0ae040e1fc0f&amp;id=a8abadfbd9&amp;e=55b7a27fc9\" target=\"_blank\" rel=\"noreferrer noopener\">of\u00edcio enviado<\/a>&nbsp;pelo ministro Alexandre Silveira, na \u00faltima semana, acusando quadro de &#8220;cr\u00f4nica omiss\u00e3o na tomada de decis\u00e3o&#8221; pela reguladora.<\/p>\n\n\n\n<p>Segundo a resposta da ANEEL, a ag\u00eancia opera com um d\u00e9ficit de 30% de servidores em rela\u00e7\u00e3o ao previsto na Lei 10.871, de 2004. Ainda destaca que as 40 vagas que ser\u00e3o preenchidas por meio do CPNU (Concurso P\u00fablico Nacional Unificado) n\u00e3o suprem a defasagem atual de 248 servidores.<\/p>\n\n\n\n<p>Tamb\u00e9m destacou que foram destinados \u00e0 ANEEL em 2024 apenas cerca de R$ 400 milh\u00f5es referentes \u00e0 Taxa de Fiscaliza\u00e7\u00e3o, mantida pelos usu\u00e1rios e consumidores de energia el\u00e9trica, de uma arrecada\u00e7\u00e3o de R$ 1,22 bilh\u00e3o no ano.<\/p>\n\n\n\n<p><strong>Vac\u00e2ncia na diretoria<\/strong><br>Outro desfalque mencionado est\u00e1 na diretoria do colegiado, que tem uma cadeira desocupada desde maio deste ano, com o t\u00e9rmino do mandato do ex-diretor H\u00e9lvio Guerra. A ANEEL destaca que enviou a lista de substitui\u00e7\u00e3o em 13 de maio ao MME, como manda a Lei Geral das Ag\u00eancias Reguladoras.<\/p>\n\n\n\n<p>&#8220;Importante ressaltar que o colegiado incompleto traz s\u00e9rias repercuss\u00f5es \u00e0 gest\u00e3o da Ag\u00eancia, tais como o ac\u00famulo de atividades e processos administrativos, vota\u00e7\u00f5es empatadas ou sem maioria m\u00ednima, problema de qu\u00f3rum m\u00ednimo para delibera\u00e7\u00f5es, dentre outras.&#8221;<\/p>\n\n\n\n<p>&#8220;\u00c9 imperioso reconhecer que o quadro atual \u00e9 extremamente grave, preocupante e requer a efetiva atua\u00e7\u00e3o dos Poderes Executivo e Legislativo&#8221;, diz o documento enviado pela ANEEL.&nbsp;<\/p>\n\n\n\n<p>A ag\u00eancia destaca ainda que atualmente possui 385 processos pendentes de julgamento pela diretoria, &#8220;o que representa uma expressiva redu\u00e7\u00e3o de 31,5% com rela\u00e7\u00e3o ao estoque de 562 processos pendentes de julgamento em janeiro de 2023, no in\u00edcio do atual governo&#8221;.<\/p>\n\n\n\n<p><strong>Autonomia<\/strong><br>Por fim, o documento cita que a lei de cria\u00e7\u00e3o da ANEEL &#8220;garantiu a sua atua\u00e7\u00e3o de forma aut\u00f4noma&#8221;, destacando que est\u00e1 &#8220;legalmente submetida ao controle externo exercido pelo Congresso Nacional, com aux\u00edlio do Tribunal de Contas da Uni\u00e3o&#8221;.<\/p>\n","protected":false},"excerpt":{"rendered":"<p>da Ag\u00eancia iNFRA O diretor-geral da ANEEL (Ag\u00eancia Nacional de Energia El\u00e9trica), Sandoval Feitosa, destacou em&nbsp;documento&nbsp;encaminhado ao MME (Minist\u00e9rio de Minas e Energia) na \u00faltima segunda-feira (26) a &#8220;pouca aten\u00e7\u00e3o&#8221; que &#8220;tem sido dada para valorizar a ag\u00eancia e seus servidores&#8221;, que conta com desfalque no quadro de empregados, cortes or\u00e7ament\u00e1rios e diretoria incompleta. O [&hellip;]<\/p>\n","protected":false},"author":1,"featured_media":2508,"comment_status":"closed","ping_status":"closed","sticky":false,"template":"","format":"standard","meta":{"_monsterinsights_skip_tracking":false,"_monsterinsights_sitenote_active":false,"_monsterinsights_sitenote_note":"","_monsterinsights_sitenote_category":0,"footnotes":""},"categories":[7250,1,10],"tags":[46,6040,53,11384,4610,25,7154,71,48,1026],"class_list":["post-18343","post","type-post","status-publish","format-standard","has-post-thumbnail","hentry","category-destaque-lista","category-geral","category-infraenergia","tag-agencias-reguladoras","tag-alexandre-silveira","tag-aneel","tag-cortes-orcamentarios","tag-diretoria","tag-energia","tag-lei-geral-das-agencias-reguladoras","tag-mme","tag-regulacao","tag-sandoval-feitosa"],"yoast_head":"<!-- This site is optimized with the Yoast SEO Premium plugin v25.4 (Yoast SEO v26.0) - https:\/\/yoast.com\/wordpress\/plugins\/seo\/ -->\n<title>ANEEL destaca falta de servidores, cortes or\u00e7ament\u00e1rios e diretoria incompleta, em resposta ao MME - Ag\u00eancia iNFRA<\/title>\n<meta name=\"robots\" content=\"index, follow, max-snippet:-1, max-image-preview:large, max-video-preview:-1\" \/>\n<link rel=\"canonical\" href=\"https:\/\/agenciainfra.com\/blog\/aneel-destaca-falta-de-servidores-cortes-orcamentarios-e-diretoria-incompleta-em-resposta-ao-mme\/\" \/>\n<meta property=\"og:locale\" content=\"pt_BR\" \/>\n<meta property=\"og:type\" content=\"article\" \/>\n<meta property=\"og:title\" content=\"ANEEL destaca falta de servidores, cortes or\u00e7ament\u00e1rios e diretoria incompleta, em resposta ao MME\" \/>\n<meta property=\"og:description\" content=\"da Ag\u00eancia iNFRA O diretor-geral da ANEEL (Ag\u00eancia Nacional de Energia El\u00e9trica), Sandoval Feitosa, destacou em&nbsp;documento&nbsp;encaminhado ao MME (Minist\u00e9rio de Minas e Energia) na \u00faltima segunda-feira (26) a &#8220;pouca aten\u00e7\u00e3o&#8221; que &#8220;tem sido dada para valorizar a ag\u00eancia e seus servidores&#8221;, que conta com desfalque no quadro de empregados, cortes or\u00e7ament\u00e1rios e diretoria incompleta. O [&hellip;]\" \/>\n<meta property=\"og:url\" content=\"https:\/\/agenciainfra.com\/blog\/aneel-destaca-falta-de-servidores-cortes-orcamentarios-e-diretoria-incompleta-em-resposta-ao-mme\/\" \/>\n<meta property=\"og:site_name\" content=\"Ag\u00eancia iNFRA\" \/>\n<meta property=\"article:publisher\" content=\"https:\/\/www.facebook.com\/ageninfra\" \/>\n<meta property=\"article:published_time\" content=\"2024-08-27T12:00:00+00:00\" \/>\n<meta property=\"article:modified_time\" content=\"2024-08-27T15:07:08+00:00\" \/>\n<meta property=\"og:image\" content=\"https:\/\/agenciainfra.com\/blog\/wp-content\/uploads\/2018\/10\/Faixada-ANEEL-Essencial_divulgacao-e1685106779328.jpg\" \/>\n\t<meta property=\"og:image:width\" content=\"1200\" \/>\n\t<meta property=\"og:image:height\" content=\"800\" \/>\n\t<meta property=\"og:image:type\" content=\"image\/jpeg\" \/>\n<meta name=\"author\" content=\"Ag\u00eancia iNFRA\" \/>\n<meta name=\"twitter:card\" content=\"summary_large_image\" \/>\n<meta name=\"twitter:creator\" content=\"@agencia_infra\" \/>\n<meta name=\"twitter:site\" content=\"@agencia_infra\" \/>\n<meta name=\"twitter:label1\" content=\"Escrito por\" \/>\n\t<meta name=\"twitter:data1\" content=\"Ag\u00eancia iNFRA\" \/>\n\t<meta name=\"twitter:label2\" content=\"Est. tempo de leitura\" \/>\n\t<meta name=\"twitter:data2\" content=\"2 minutos\" \/>\n<script type=\"application\/ld+json\" class=\"yoast-schema-graph\">{\"@context\":\"https:\/\/schema.org\",\"@graph\":[{\"@type\":\"Article\",\"@id\":\"https:\/\/agenciainfra.com\/blog\/aneel-destaca-falta-de-servidores-cortes-orcamentarios-e-diretoria-incompleta-em-resposta-ao-mme\/#article\",\"isPartOf\":{\"@id\":\"https:\/\/agenciainfra.com\/blog\/aneel-destaca-falta-de-servidores-cortes-orcamentarios-e-diretoria-incompleta-em-resposta-ao-mme\/\"},\"author\":{\"name\":\"Ag\u00eancia iNFRA\",\"@id\":\"https:\/\/agenciainfra.com\/blog\/#\/schema\/person\/34af08dff6adea4cb22b06612ba7acfa\"},\"headline\":\"ANEEL destaca falta de servidores, cortes or\u00e7ament\u00e1rios e diretoria incompleta, em resposta ao MME\",\"datePublished\":\"2024-08-27T12:00:00+00:00\",\"dateModified\":\"2024-08-27T15:07:08+00:00\",\"mainEntityOfPage\":{\"@id\":\"https:\/\/agenciainfra.com\/blog\/aneel-destaca-falta-de-servidores-cortes-orcamentarios-e-diretoria-incompleta-em-resposta-ao-mme\/\"},\"wordCount\":415,\"publisher\":{\"@id\":\"https:\/\/agenciainfra.com\/blog\/#organization\"},\"image\":{\"@id\":\"https:\/\/agenciainfra.com\/blog\/aneel-destaca-falta-de-servidores-cortes-orcamentarios-e-diretoria-incompleta-em-resposta-ao-mme\/#primaryimage\"},\"thumbnailUrl\":\"https:\/\/agenciainfra.com\/blog\/wp-content\/uploads\/2018\/10\/Faixada-ANEEL-Essencial_divulgacao-e1750175900658.jpg\",\"keywords\":[\"Ag\u00eancias Reguladoras\",\"Alexandre Silveira\",\"ANEEL\",\"cortes or\u00e7ament\u00e1rios\",\"diretoria\",\"energia\",\"Lei Geral das Ag\u00eancias Reguladoras\",\"MME\",\"Regula\u00e7\u00e3o\",\"Sandoval Feitosa\"],\"articleSection\":[\"Destaque lista\",\"Geral\",\"iNFRAEnergia\"],\"inLanguage\":\"pt-BR\",\"copyrightYear\":\"2024\",\"copyrightHolder\":{\"@id\":\"https:\/\/agenciainfra.com\/blog\/#organization\"}},{\"@type\":\"WebPage\",\"@id\":\"https:\/\/agenciainfra.com\/blog\/aneel-destaca-falta-de-servidores-cortes-orcamentarios-e-diretoria-incompleta-em-resposta-ao-mme\/\",\"url\":\"https:\/\/agenciainfra.com\/blog\/aneel-destaca-falta-de-servidores-cortes-orcamentarios-e-diretoria-incompleta-em-resposta-ao-mme\/\",\"name\":\"ANEEL destaca falta de servidores, cortes or\u00e7ament\u00e1rios e diretoria incompleta, em resposta ao MME - Ag\u00eancia iNFRA\",\"isPartOf\":{\"@id\":\"https:\/\/agenciainfra.com\/blog\/#website\"},\"primaryImageOfPage\":{\"@id\":\"https:\/\/agenciainfra.com\/blog\/aneel-destaca-falta-de-servidores-cortes-orcamentarios-e-diretoria-incompleta-em-resposta-ao-mme\/#primaryimage\"},\"image\":{\"@id\":\"https:\/\/agenciainfra.com\/blog\/aneel-destaca-falta-de-servidores-cortes-orcamentarios-e-diretoria-incompleta-em-resposta-ao-mme\/#primaryimage\"},\"thumbnailUrl\":\"https:\/\/agenciainfra.com\/blog\/wp-content\/uploads\/2018\/10\/Faixada-ANEEL-Essencial_divulgacao-e1750175900658.jpg\",\"datePublished\":\"2024-08-27T12:00:00+00:00\",\"dateModified\":\"2024-08-27T15:07:08+00:00\",\"breadcrumb\":{\"@id\":\"https:\/\/agenciainfra.com\/blog\/aneel-destaca-falta-de-servidores-cortes-orcamentarios-e-diretoria-incompleta-em-resposta-ao-mme\/#breadcrumb\"},\"inLanguage\":\"pt-BR\",\"potentialAction\":[{\"@type\":\"ReadAction\",\"target\":[\"https:\/\/agenciainfra.com\/blog\/aneel-destaca-falta-de-servidores-cortes-orcamentarios-e-diretoria-incompleta-em-resposta-ao-mme\/\"]}]},{\"@type\":\"ImageObject\",\"inLanguage\":\"pt-BR\",\"@id\":\"https:\/\/agenciainfra.com\/blog\/aneel-destaca-falta-de-servidores-cortes-orcamentarios-e-diretoria-incompleta-em-resposta-ao-mme\/#primaryimage\",\"url\":\"https:\/\/agenciainfra.com\/blog\/wp-content\/uploads\/2018\/10\/Faixada-ANEEL-Essencial_divulgacao-e1750175900658.jpg\",\"contentUrl\":\"https:\/\/agenciainfra.com\/blog\/wp-content\/uploads\/2018\/10\/Faixada-ANEEL-Essencial_divulgacao-e1750175900658.jpg\",\"width\":1200,\"height\":740,\"caption\":\"Foto: ANEEL\/Divulga\u00e7\u00e3o\"},{\"@type\":\"BreadcrumbList\",\"@id\":\"https:\/\/agenciainfra.com\/blog\/aneel-destaca-falta-de-servidores-cortes-orcamentarios-e-diretoria-incompleta-em-resposta-ao-mme\/#breadcrumb\",\"itemListElement\":[{\"@type\":\"ListItem\",\"position\":1,\"name\":\"In\u00edcio\",\"item\":\"https:\/\/agenciainfra.com\/blog\/\"},{\"@type\":\"ListItem\",\"position\":2,\"name\":\"ANEEL destaca falta de servidores, cortes or\u00e7ament\u00e1rios e diretoria incompleta, em resposta ao MME\"}]},{\"@type\":\"WebSite\",\"@id\":\"https:\/\/agenciainfra.com\/blog\/#website\",\"url\":\"https:\/\/agenciainfra.com\/blog\/\",\"name\":\"Ag\u00eancia iNFRA\",\"description\":\"Multiplataforma de informa\u00e7\u00e3o jornal\u00edstica refer\u00eancia na \u00e1rea de infraestrutura no Brasil!\",\"publisher\":{\"@id\":\"https:\/\/agenciainfra.com\/blog\/#organization\"},\"potentialAction\":[{\"@type\":\"SearchAction\",\"target\":{\"@type\":\"EntryPoint\",\"urlTemplate\":\"https:\/\/agenciainfra.com\/blog\/?s={search_term_string}\"},\"query-input\":{\"@type\":\"PropertyValueSpecification\",\"valueRequired\":true,\"valueName\":\"search_term_string\"}}],\"inLanguage\":\"pt-BR\"},{\"@type\":\"Organization\",\"@id\":\"https:\/\/agenciainfra.com\/blog\/#organization\",\"name\":\"Ag\u00eancia iNFRA\",\"url\":\"https:\/\/agenciainfra.com\/blog\/\",\"logo\":{\"@type\":\"ImageObject\",\"inLanguage\":\"pt-BR\",\"@id\":\"https:\/\/agenciainfra.com\/blog\/#\/schema\/logo\/image\/\",\"url\":\"https:\/\/agenciainfra.com\/blog\/wp-content\/uploads\/2023\/09\/iNFRA_5-e1761735885940.png\",\"contentUrl\":\"https:\/\/agenciainfra.com\/blog\/wp-content\/uploads\/2023\/09\/iNFRA_5-e1761735885940.png\",\"width\":1672,\"height\":454,\"caption\":\"Ag\u00eancia iNFRA\"},\"image\":{\"@id\":\"https:\/\/agenciainfra.com\/blog\/#\/schema\/logo\/image\/\"},\"sameAs\":[\"https:\/\/www.facebook.com\/ageninfra\",\"https:\/\/x.com\/agencia_infra\",\"https:\/\/www.linkedin.com\/company\/ag\u00eanciainfra\/\",\"https:\/\/www.instagram.com\/agenciainfra\/\"]},{\"@type\":\"Person\",\"@id\":\"https:\/\/agenciainfra.com\/blog\/#\/schema\/person\/34af08dff6adea4cb22b06612ba7acfa\",\"name\":\"Ag\u00eancia iNFRA\",\"image\":{\"@type\":\"ImageObject\",\"inLanguage\":\"pt-BR\",\"@id\":\"https:\/\/agenciainfra.com\/blog\/#\/schema\/person\/image\/\",\"url\":\"https:\/\/secure.gravatar.com\/avatar\/d189e01678f06d8eb84d4e01f08eb848b3fffe3f8443818d3c356c66892f5be8?s=96&d=mm&r=g\",\"contentUrl\":\"https:\/\/secure.gravatar.com\/avatar\/d189e01678f06d8eb84d4e01f08eb848b3fffe3f8443818d3c356c66892f5be8?s=96&d=mm&r=g\",\"caption\":\"Ag\u00eancia iNFRA\"},\"url\":\"https:\/\/agenciainfra.com\/blog\/author\/admin\/\"}]}<\/script>\n<!-- \/ Yoast SEO Premium plugin. -->","yoast_head_json":{"title":"ANEEL destaca falta de servidores, cortes or\u00e7ament\u00e1rios e diretoria incompleta, em resposta ao MME - Ag\u00eancia iNFRA","robots":{"index":"index","follow":"follow","max-snippet":"max-snippet:-1","max-image-preview":"max-image-preview:large","max-video-preview":"max-video-preview:-1"},"canonical":"https:\/\/agenciainfra.com\/blog\/aneel-destaca-falta-de-servidores-cortes-orcamentarios-e-diretoria-incompleta-em-resposta-ao-mme\/","og_locale":"pt_BR","og_type":"article","og_title":"ANEEL destaca falta de servidores, cortes or\u00e7ament\u00e1rios e diretoria incompleta, em resposta ao MME","og_description":"da Ag\u00eancia iNFRA O diretor-geral da ANEEL (Ag\u00eancia Nacional de Energia El\u00e9trica), Sandoval Feitosa, destacou em&nbsp;documento&nbsp;encaminhado ao MME (Minist\u00e9rio de Minas e Energia) na \u00faltima segunda-feira (26) a &#8220;pouca aten\u00e7\u00e3o&#8221; que &#8220;tem sido dada para valorizar a ag\u00eancia e seus servidores&#8221;, que conta com desfalque no quadro de empregados, cortes or\u00e7ament\u00e1rios e diretoria incompleta. O [&hellip;]","og_url":"https:\/\/agenciainfra.com\/blog\/aneel-destaca-falta-de-servidores-cortes-orcamentarios-e-diretoria-incompleta-em-resposta-ao-mme\/","og_site_name":"Ag\u00eancia iNFRA","article_publisher":"https:\/\/www.facebook.com\/ageninfra","article_published_time":"2024-08-27T12:00:00+00:00","article_modified_time":"2024-08-27T15:07:08+00:00","og_image":[{"width":1200,"height":800,"url":"https:\/\/agenciainfra.com\/blog\/wp-content\/uploads\/2018\/10\/Faixada-ANEEL-Essencial_divulgacao-e1685106779328.jpg","type":"image\/jpeg"}],"author":"Ag\u00eancia iNFRA","twitter_card":"summary_large_image","twitter_creator":"@agencia_infra","twitter_site":"@agencia_infra","twitter_misc":{"Escrito por":"Ag\u00eancia iNFRA","Est. tempo de leitura":"2 minutos"},"schema":{"@context":"https:\/\/schema.org","@graph":[{"@type":"Article","@id":"https:\/\/agenciainfra.com\/blog\/aneel-destaca-falta-de-servidores-cortes-orcamentarios-e-diretoria-incompleta-em-resposta-ao-mme\/#article","isPartOf":{"@id":"https:\/\/agenciainfra.com\/blog\/aneel-destaca-falta-de-servidores-cortes-orcamentarios-e-diretoria-incompleta-em-resposta-ao-mme\/"},"author":{"name":"Ag\u00eancia iNFRA","@id":"https:\/\/agenciainfra.com\/blog\/#\/schema\/person\/34af08dff6adea4cb22b06612ba7acfa"},"headline":"ANEEL destaca falta de servidores, cortes or\u00e7ament\u00e1rios e diretoria incompleta, em resposta ao MME","datePublished":"2024-08-27T12:00:00+00:00","dateModified":"2024-08-27T15:07:08+00:00","mainEntityOfPage":{"@id":"https:\/\/agenciainfra.com\/blog\/aneel-destaca-falta-de-servidores-cortes-orcamentarios-e-diretoria-incompleta-em-resposta-ao-mme\/"},"wordCount":415,"publisher":{"@id":"https:\/\/agenciainfra.com\/blog\/#organization"},"image":{"@id":"https:\/\/agenciainfra.com\/blog\/aneel-destaca-falta-de-servidores-cortes-orcamentarios-e-diretoria-incompleta-em-resposta-ao-mme\/#primaryimage"},"thumbnailUrl":"https:\/\/agenciainfra.com\/blog\/wp-content\/uploads\/2018\/10\/Faixada-ANEEL-Essencial_divulgacao-e1750175900658.jpg","keywords":["Ag\u00eancias Reguladoras","Alexandre Silveira","ANEEL","cortes or\u00e7ament\u00e1rios","diretoria","energia","Lei Geral das Ag\u00eancias Reguladoras","MME","Regula\u00e7\u00e3o","Sandoval Feitosa"],"articleSection":["Destaque lista","Geral","iNFRAEnergia"],"inLanguage":"pt-BR","copyrightYear":"2024","copyrightHolder":{"@id":"https:\/\/agenciainfra.com\/blog\/#organization"}},{"@type":"WebPage","@id":"https:\/\/agenciainfra.com\/blog\/aneel-destaca-falta-de-servidores-cortes-orcamentarios-e-diretoria-incompleta-em-resposta-ao-mme\/","url":"https:\/\/agenciainfra.com\/blog\/aneel-destaca-falta-de-servidores-cortes-orcamentarios-e-diretoria-incompleta-em-resposta-ao-mme\/","name":"ANEEL destaca falta de servidores, cortes or\u00e7ament\u00e1rios e diretoria incompleta, em resposta ao MME - Ag\u00eancia iNFRA","isPartOf":{"@id":"https:\/\/agenciainfra.com\/blog\/#website"},"primaryImageOfPage":{"@id":"https:\/\/agenciainfra.com\/blog\/aneel-destaca-falta-de-servidores-cortes-orcamentarios-e-diretoria-incompleta-em-resposta-ao-mme\/#primaryimage"},"image":{"@id":"https:\/\/agenciainfra.com\/blog\/aneel-destaca-falta-de-servidores-cortes-orcamentarios-e-diretoria-incompleta-em-resposta-ao-mme\/#primaryimage"},"thumbnailUrl":"https:\/\/agenciainfra.com\/blog\/wp-content\/uploads\/2018\/10\/Faixada-ANEEL-Essencial_divulgacao-e1750175900658.jpg","datePublished":"2024-08-27T12:00:00+00:00","dateModified":"2024-08-27T15:07:08+00:00","breadcrumb":{"@id":"https:\/\/agenciainfra.com\/blog\/aneel-destaca-falta-de-servidores-cortes-orcamentarios-e-diretoria-incompleta-em-resposta-ao-mme\/#breadcrumb"},"inLanguage":"pt-BR","potentialAction":[{"@type":"ReadAction","target":["https:\/\/agenciainfra.com\/blog\/aneel-destaca-falta-de-servidores-cortes-orcamentarios-e-diretoria-incompleta-em-resposta-ao-mme\/"]}]},{"@type":"ImageObject","inLanguage":"pt-BR","@id":"https:\/\/agenciainfra.com\/blog\/aneel-destaca-falta-de-servidores-cortes-orcamentarios-e-diretoria-incompleta-em-resposta-ao-mme\/#primaryimage","url":"https:\/\/agenciainfra.com\/blog\/wp-content\/uploads\/2018\/10\/Faixada-ANEEL-Essencial_divulgacao-e1750175900658.jpg","contentUrl":"https:\/\/agenciainfra.com\/blog\/wp-content\/uploads\/2018\/10\/Faixada-ANEEL-Essencial_divulgacao-e1750175900658.jpg","width":1200,"height":740,"caption":"Foto: ANEEL\/Divulga\u00e7\u00e3o"},{"@type":"BreadcrumbList","@id":"https:\/\/agenciainfra.com\/blog\/aneel-destaca-falta-de-servidores-cortes-orcamentarios-e-diretoria-incompleta-em-resposta-ao-mme\/#breadcrumb","itemListElement":[{"@type":"ListItem","position":1,"name":"In\u00edcio","item":"https:\/\/agenciainfra.com\/blog\/"},{"@type":"ListItem","position":2,"name":"ANEEL destaca falta de servidores, cortes or\u00e7ament\u00e1rios e diretoria incompleta, em resposta ao MME"}]},{"@type":"WebSite","@id":"https:\/\/agenciainfra.com\/blog\/#website","url":"https:\/\/agenciainfra.com\/blog\/","name":"Ag\u00eancia iNFRA","description":"Multiplataforma de informa\u00e7\u00e3o jornal\u00edstica refer\u00eancia na \u00e1rea de infraestrutura no Brasil!","publisher":{"@id":"https:\/\/agenciainfra.com\/blog\/#organization"},"potentialAction":[{"@type":"SearchAction","target":{"@type":"EntryPoint","urlTemplate":"https:\/\/agenciainfra.com\/blog\/?s={search_term_string}"},"query-input":{"@type":"PropertyValueSpecification","valueRequired":true,"valueName":"search_term_string"}}],"inLanguage":"pt-BR"},{"@type":"Organization","@id":"https:\/\/agenciainfra.com\/blog\/#organization","name":"Ag\u00eancia iNFRA","url":"https:\/\/agenciainfra.com\/blog\/","logo":{"@type":"ImageObject","inLanguage":"pt-BR","@id":"https:\/\/agenciainfra.com\/blog\/#\/schema\/logo\/image\/","url":"https:\/\/agenciainfra.com\/blog\/wp-content\/uploads\/2023\/09\/iNFRA_5-e1761735885940.png","contentUrl":"https:\/\/agenciainfra.com\/blog\/wp-content\/uploads\/2023\/09\/iNFRA_5-e1761735885940.png","width":1672,"height":454,"caption":"Ag\u00eancia iNFRA"},"image":{"@id":"https:\/\/agenciainfra.com\/blog\/#\/schema\/logo\/image\/"},"sameAs":["https:\/\/www.facebook.com\/ageninfra","https:\/\/x.com\/agencia_infra","https:\/\/www.linkedin.com\/company\/ag\u00eanciainfra\/","https:\/\/www.instagram.com\/agenciainfra\/"]},{"@type":"Person","@id":"https:\/\/agenciainfra.com\/blog\/#\/schema\/person\/34af08dff6adea4cb22b06612ba7acfa","name":"Ag\u00eancia iNFRA","image":{"@type":"ImageObject","inLanguage":"pt-BR","@id":"https:\/\/agenciainfra.com\/blog\/#\/schema\/person\/image\/","url":"https:\/\/secure.gravatar.com\/avatar\/d189e01678f06d8eb84d4e01f08eb848b3fffe3f8443818d3c356c66892f5be8?s=96&d=mm&r=g","contentUrl":"https:\/\/secure.gravatar.com\/avatar\/d189e01678f06d8eb84d4e01f08eb848b3fffe3f8443818d3c356c66892f5be8?s=96&d=mm&r=g","caption":"Ag\u00eancia iNFRA"},"url":"https:\/\/agenciainfra.com\/blog\/author\/admin\/"}]}},"_links":{"self":[{"href":"https:\/\/agenciainfra.com\/blog\/wp-json\/wp\/v2\/posts\/18343","targetHints":{"allow":["GET"]}}],"collection":[{"href":"https:\/\/agenciainfra.com\/blog\/wp-json\/wp\/v2\/posts"}],"about":[{"href":"https:\/\/agenciainfra.com\/blog\/wp-json\/wp\/v2\/types\/post"}],"author":[{"embeddable":true,"href":"https:\/\/agenciainfra.com\/blog\/wp-json\/wp\/v2\/users\/1"}],"replies":[{"embeddable":true,"href":"https:\/\/agenciainfra.com\/blog\/wp-json\/wp\/v2\/comments?post=18343"}],"version-history":[{"count":2,"href":"https:\/\/agenciainfra.com\/blog\/wp-json\/wp\/v2\/posts\/18343\/revisions"}],"predecessor-version":[{"id":18348,"href":"https:\/\/agenciainfra.com\/blog\/wp-json\/wp\/v2\/posts\/18343\/revisions\/18348"}],"wp:featuredmedia":[{"embeddable":true,"href":"https:\/\/agenciainfra.com\/blog\/wp-json\/wp\/v2\/media\/2508"}],"wp:attachment":[{"href":"https:\/\/agenciainfra.com\/blog\/wp-json\/wp\/v2\/media?parent=18343"}],"wp:term":[{"taxonomy":"category","embeddable":true,"href":"https:\/\/agenciainfra.com\/blog\/wp-json\/wp\/v2\/categories?post=18343"},{"taxonomy":"post_tag","embeddable":true,"href":"https:\/\/agenciainfra.com\/blog\/wp-json\/wp\/v2\/tags?post=18343"}],"curies":[{"name":"wp","href":"https:\/\/api.w.org\/{rel}","templated":true}]}}