{"id":18353,"date":"2024-08-28T07:00:00","date_gmt":"2024-08-28T10:00:00","guid":{"rendered":"https:\/\/agenciainfra.com\/blog\/?p=18353"},"modified":"2024-09-16T22:51:16","modified_gmt":"2024-09-17T01:51:16","slug":"cartilha-alerta-candidatos-sobre-necessidades-para-o-saneamento-basico-nos-municipios","status":"publish","type":"post","link":"https:\/\/agenciainfra.com\/blog\/cartilha-alerta-candidatos-sobre-necessidades-para-o-saneamento-basico-nos-municipios\/","title":{"rendered":"Cartilha alerta candidatos sobre necessidades para o saneamento b\u00e1sico nos munic\u00edpios"},"content":{"rendered":"\n<p class=\"has-text-align-right\"><strong>da Ag\u00eancia iNFRA<\/strong><\/p>\n\n\n\n<p>Cartilha de conscientiza\u00e7\u00e3o sobre\u00a0a import\u00e2ncia do saneamento b\u00e1sico e o papel dos munic\u00edpios,\u00a0lan\u00e7ada pelo Instituto Trata Brasil em parceria com a ICO Consultoria, alerta que a universaliza\u00e7\u00e3o do saneamento no Brasil demandar\u00e1 investimento de R$ 893,3 bilh\u00f5es nos pr\u00f3ximos anos para garantir \u00e0 popula\u00e7\u00e3o o acesso \u00e0 \u00e1gua pot\u00e1vel, coleta e tratamento de esgoto, manejo adequado de res\u00edduos s\u00f3lidos e drenagem urbana. A \u00edntegra do documento est\u00e1 dispon\u00edvel\u00a0<a href=\"https:\/\/tratabrasil.org.br\/saneamento-basico-e-as-eleicoes\/\" target=\"_blank\" rel=\"noreferrer noopener\">neste link<\/a>.<\/p>\n\n\n\n<p>O Novo Marco Legal do Saneamento, estabelecido pela Lei 14.026\/20, definiu metas como assegurar que 99% da sociedade tenha acesso \u00e0 \u00e1gua pot\u00e1vel e 90% \u00e0 coleta e tratamento de esgoto at\u00e9 o final de 2033. No entanto, o cen\u00e1rio atual ainda indica que cerca de 32,1 milh\u00f5es de brasileiros n\u00e3o t\u00eam acesso \u00e0 \u00e1gua tratada, e 90,3 milh\u00f5es vivem sem coleta de esgoto.<\/p>\n\n\n\n<p>Para atingir os objetivos, a cartilha enfatiza que os munic\u00edpios devem implementar o Plano Municipal de Saneamento e, \u201cem qualquer circunst\u00e2ncia, promover a adequa\u00e7\u00e3o dos contratos de presta\u00e7\u00e3o de servi\u00e7os de saneamento \u00e0s metas de universaliza\u00e7\u00e3o\u201d.<\/p>\n\n\n\n<p>A regulariza\u00e7\u00e3o dos contratos, a regionaliza\u00e7\u00e3o dos servi\u00e7os e a ado\u00e7\u00e3o de modelos contratuais, como concess\u00f5es e PPPs (Parcerias P\u00fablico-Privadas), s\u00e3o apontadas como essenciais para viabilizar os investimentos e garantir a efici\u00eancia na presta\u00e7\u00e3o dos servi\u00e7os, especialmente em munic\u00edpios com menos recursos.<\/p>\n\n\n\n<p>A cartilha destaca ainda que a universaliza\u00e7\u00e3o pode gerar, at\u00e9 2040, uma economia de R$ 25,1 bilh\u00f5es em sa\u00fade, R$ 80 bilh\u00f5es em ganhos no turismo e arrecadar R$ 44,5 bilh\u00f5es em impostos. Al\u00e9m disso, os benef\u00edcios incluem a redu\u00e7\u00e3o das interna\u00e7\u00f5es por doen\u00e7as de veicula\u00e7\u00e3o h\u00eddrica, aumento da produtividade e valoriza\u00e7\u00e3o imobili\u00e1ria, redu\u00e7\u00e3o da pobreza e da desigualdade social, e promo\u00e7\u00e3o da preserva\u00e7\u00e3o ambiental, com potencial para diminuir 2,4 milh\u00f5es de toneladas de g\u00e1s carb\u00f4nico anualmente.<\/p>\n","protected":false},"excerpt":{"rendered":"<p>da Ag\u00eancia iNFRA Cartilha de conscientiza\u00e7\u00e3o sobre\u00a0a import\u00e2ncia do saneamento b\u00e1sico e o papel dos munic\u00edpios,\u00a0lan\u00e7ada pelo Instituto Trata Brasil em parceria com a ICO Consultoria, alerta que a universaliza\u00e7\u00e3o do saneamento no Brasil demandar\u00e1 investimento de R$ 893,3 bilh\u00f5es nos pr\u00f3ximos anos para garantir \u00e0 popula\u00e7\u00e3o o acesso \u00e0 \u00e1gua pot\u00e1vel, coleta e tratamento [&hellip;]<\/p>\n","protected":false},"author":1,"featured_media":14680,"comment_status":"closed","ping_status":"closed","sticky":false,"template":"","format":"standard","meta":{"_monsterinsights_skip_tracking":false,"_monsterinsights_sitenote_active":false,"_monsterinsights_sitenote_note":"","_monsterinsights_sitenote_category":0,"footnotes":""},"categories":[9714,1,7827],"tags":[11119,5174,329,34,5506,32],"class_list":["post-18353","post","type-post","status-publish","format-standard","has-post-thumbnail","hentry","category-destaque-menor","category-geral","category-infrasaneamento","tag-aguas-e-saneamento-basico","tag-concessoes-de-saneamento","tag-eleicoes","tag-infraestrutura","tag-instituto-trata-brasil","tag-investimentos"],"yoast_head":"<!-- This site is optimized with the Yoast SEO Premium plugin v25.4 (Yoast SEO v26.0) - https:\/\/yoast.com\/wordpress\/plugins\/seo\/ -->\n<title>Cartilha alerta candidatos sobre necessidades para o saneamento b\u00e1sico nos munic\u00edpios - Ag\u00eancia iNFRA<\/title>\n<meta name=\"robots\" content=\"index, follow, max-snippet:-1, max-image-preview:large, max-video-preview:-1\" \/>\n<link rel=\"canonical\" href=\"https:\/\/agenciainfra.com\/blog\/cartilha-alerta-candidatos-sobre-necessidades-para-o-saneamento-basico-nos-municipios\/\" \/>\n<meta property=\"og:locale\" content=\"pt_BR\" \/>\n<meta property=\"og:type\" content=\"article\" \/>\n<meta property=\"og:title\" content=\"Cartilha alerta candidatos sobre necessidades para o saneamento b\u00e1sico nos munic\u00edpios\" \/>\n<meta property=\"og:description\" content=\"da Ag\u00eancia iNFRA Cartilha de conscientiza\u00e7\u00e3o sobre\u00a0a import\u00e2ncia do saneamento b\u00e1sico e o papel dos munic\u00edpios,\u00a0lan\u00e7ada pelo Instituto Trata Brasil em parceria com a ICO Consultoria, alerta que a universaliza\u00e7\u00e3o do saneamento no Brasil demandar\u00e1 investimento de R$ 893,3 bilh\u00f5es nos pr\u00f3ximos anos para garantir \u00e0 popula\u00e7\u00e3o o acesso \u00e0 \u00e1gua pot\u00e1vel, coleta e tratamento [&hellip;]\" \/>\n<meta property=\"og:url\" content=\"https:\/\/agenciainfra.com\/blog\/cartilha-alerta-candidatos-sobre-necessidades-para-o-saneamento-basico-nos-municipios\/\" \/>\n<meta property=\"og:site_name\" content=\"Ag\u00eancia iNFRA\" \/>\n<meta property=\"article:publisher\" content=\"https:\/\/www.facebook.com\/ageninfra\" \/>\n<meta property=\"article:published_time\" content=\"2024-08-28T10:00:00+00:00\" \/>\n<meta property=\"article:modified_time\" content=\"2024-09-17T01:51:16+00:00\" \/>\n<meta property=\"og:image\" content=\"https:\/\/agenciainfra.com\/blog\/wp-content\/uploads\/2023\/11\/saneamento-basico-foto-governo-federal.jpeg\" \/>\n\t<meta property=\"og:image:width\" content=\"1202\" \/>\n\t<meta property=\"og:image:height\" content=\"952\" \/>\n\t<meta property=\"og:image:type\" content=\"image\/jpeg\" \/>\n<meta name=\"author\" content=\"Ag\u00eancia iNFRA\" \/>\n<meta name=\"twitter:card\" content=\"summary_large_image\" \/>\n<meta name=\"twitter:creator\" content=\"@agencia_infra\" \/>\n<meta name=\"twitter:site\" content=\"@agencia_infra\" \/>\n<meta name=\"twitter:label1\" content=\"Escrito por\" \/>\n\t<meta name=\"twitter:data1\" content=\"Ag\u00eancia iNFRA\" \/>\n\t<meta name=\"twitter:label2\" content=\"Est. tempo de leitura\" \/>\n\t<meta name=\"twitter:data2\" content=\"2 minutos\" \/>\n<script type=\"application\/ld+json\" class=\"yoast-schema-graph\">{\"@context\":\"https:\/\/schema.org\",\"@graph\":[{\"@type\":\"Article\",\"@id\":\"https:\/\/agenciainfra.com\/blog\/cartilha-alerta-candidatos-sobre-necessidades-para-o-saneamento-basico-nos-municipios\/#article\",\"isPartOf\":{\"@id\":\"https:\/\/agenciainfra.com\/blog\/cartilha-alerta-candidatos-sobre-necessidades-para-o-saneamento-basico-nos-municipios\/\"},\"author\":{\"name\":\"Ag\u00eancia iNFRA\",\"@id\":\"https:\/\/agenciainfra.com\/blog\/#\/schema\/person\/34af08dff6adea4cb22b06612ba7acfa\"},\"headline\":\"Cartilha alerta candidatos sobre necessidades para o saneamento b\u00e1sico nos munic\u00edpios\",\"datePublished\":\"2024-08-28T10:00:00+00:00\",\"dateModified\":\"2024-09-17T01:51:16+00:00\",\"mainEntityOfPage\":{\"@id\":\"https:\/\/agenciainfra.com\/blog\/cartilha-alerta-candidatos-sobre-necessidades-para-o-saneamento-basico-nos-municipios\/\"},\"wordCount\":347,\"publisher\":{\"@id\":\"https:\/\/agenciainfra.com\/blog\/#organization\"},\"image\":{\"@id\":\"https:\/\/agenciainfra.com\/blog\/cartilha-alerta-candidatos-sobre-necessidades-para-o-saneamento-basico-nos-municipios\/#primaryimage\"},\"thumbnailUrl\":\"https:\/\/agenciainfra.com\/blog\/wp-content\/uploads\/2023\/11\/saneamento-basico-foto-governo-federal.jpeg\",\"keywords\":[\"\u00c1guas e Saneamento B\u00e1sico\",\"concess\u00f5es de saneamento\",\"elei\u00e7\u00f5es\",\"Infraestrutura\",\"Instituto Trata Brasil\",\"Investimentos\"],\"articleSection\":[\"Destaque Menor\",\"Geral\",\"iNFRASaneamento\"],\"inLanguage\":\"pt-BR\",\"copyrightYear\":\"2024\",\"copyrightHolder\":{\"@id\":\"https:\/\/agenciainfra.com\/blog\/#organization\"}},{\"@type\":\"WebPage\",\"@id\":\"https:\/\/agenciainfra.com\/blog\/cartilha-alerta-candidatos-sobre-necessidades-para-o-saneamento-basico-nos-municipios\/\",\"url\":\"https:\/\/agenciainfra.com\/blog\/cartilha-alerta-candidatos-sobre-necessidades-para-o-saneamento-basico-nos-municipios\/\",\"name\":\"Cartilha alerta candidatos sobre necessidades para o saneamento b\u00e1sico nos munic\u00edpios - Ag\u00eancia iNFRA\",\"isPartOf\":{\"@id\":\"https:\/\/agenciainfra.com\/blog\/#website\"},\"primaryImageOfPage\":{\"@id\":\"https:\/\/agenciainfra.com\/blog\/cartilha-alerta-candidatos-sobre-necessidades-para-o-saneamento-basico-nos-municipios\/#primaryimage\"},\"image\":{\"@id\":\"https:\/\/agenciainfra.com\/blog\/cartilha-alerta-candidatos-sobre-necessidades-para-o-saneamento-basico-nos-municipios\/#primaryimage\"},\"thumbnailUrl\":\"https:\/\/agenciainfra.com\/blog\/wp-content\/uploads\/2023\/11\/saneamento-basico-foto-governo-federal.jpeg\",\"datePublished\":\"2024-08-28T10:00:00+00:00\",\"dateModified\":\"2024-09-17T01:51:16+00:00\",\"breadcrumb\":{\"@id\":\"https:\/\/agenciainfra.com\/blog\/cartilha-alerta-candidatos-sobre-necessidades-para-o-saneamento-basico-nos-municipios\/#breadcrumb\"},\"inLanguage\":\"pt-BR\",\"potentialAction\":[{\"@type\":\"ReadAction\",\"target\":[\"https:\/\/agenciainfra.com\/blog\/cartilha-alerta-candidatos-sobre-necessidades-para-o-saneamento-basico-nos-municipios\/\"]}]},{\"@type\":\"ImageObject\",\"inLanguage\":\"pt-BR\",\"@id\":\"https:\/\/agenciainfra.com\/blog\/cartilha-alerta-candidatos-sobre-necessidades-para-o-saneamento-basico-nos-municipios\/#primaryimage\",\"url\":\"https:\/\/agenciainfra.com\/blog\/wp-content\/uploads\/2023\/11\/saneamento-basico-foto-governo-federal.jpeg\",\"contentUrl\":\"https:\/\/agenciainfra.com\/blog\/wp-content\/uploads\/2023\/11\/saneamento-basico-foto-governo-federal.jpeg\",\"width\":1202,\"height\":952,\"caption\":\"Foto: Governo Federal\"},{\"@type\":\"BreadcrumbList\",\"@id\":\"https:\/\/agenciainfra.com\/blog\/cartilha-alerta-candidatos-sobre-necessidades-para-o-saneamento-basico-nos-municipios\/#breadcrumb\",\"itemListElement\":[{\"@type\":\"ListItem\",\"position\":1,\"name\":\"In\u00edcio\",\"item\":\"https:\/\/agenciainfra.com\/blog\/\"},{\"@type\":\"ListItem\",\"position\":2,\"name\":\"Cartilha alerta candidatos sobre necessidades para o saneamento b\u00e1sico nos munic\u00edpios\"}]},{\"@type\":\"WebSite\",\"@id\":\"https:\/\/agenciainfra.com\/blog\/#website\",\"url\":\"https:\/\/agenciainfra.com\/blog\/\",\"name\":\"Ag\u00eancia iNFRA\",\"description\":\"Multiplataforma de informa\u00e7\u00e3o jornal\u00edstica refer\u00eancia na \u00e1rea de infraestrutura no Brasil!\",\"publisher\":{\"@id\":\"https:\/\/agenciainfra.com\/blog\/#organization\"},\"potentialAction\":[{\"@type\":\"SearchAction\",\"target\":{\"@type\":\"EntryPoint\",\"urlTemplate\":\"https:\/\/agenciainfra.com\/blog\/?s={search_term_string}\"},\"query-input\":{\"@type\":\"PropertyValueSpecification\",\"valueRequired\":true,\"valueName\":\"search_term_string\"}}],\"inLanguage\":\"pt-BR\"},{\"@type\":\"Organization\",\"@id\":\"https:\/\/agenciainfra.com\/blog\/#organization\",\"name\":\"Ag\u00eancia iNFRA\",\"url\":\"https:\/\/agenciainfra.com\/blog\/\",\"logo\":{\"@type\":\"ImageObject\",\"inLanguage\":\"pt-BR\",\"@id\":\"https:\/\/agenciainfra.com\/blog\/#\/schema\/logo\/image\/\",\"url\":\"https:\/\/agenciainfra.com\/blog\/wp-content\/uploads\/2023\/09\/iNFRA_5-e1761735885940.png\",\"contentUrl\":\"https:\/\/agenciainfra.com\/blog\/wp-content\/uploads\/2023\/09\/iNFRA_5-e1761735885940.png\",\"width\":1672,\"height\":454,\"caption\":\"Ag\u00eancia iNFRA\"},\"image\":{\"@id\":\"https:\/\/agenciainfra.com\/blog\/#\/schema\/logo\/image\/\"},\"sameAs\":[\"https:\/\/www.facebook.com\/ageninfra\",\"https:\/\/x.com\/agencia_infra\",\"https:\/\/www.linkedin.com\/company\/ag\u00eanciainfra\/\",\"https:\/\/www.instagram.com\/agenciainfra\/\"]},{\"@type\":\"Person\",\"@id\":\"https:\/\/agenciainfra.com\/blog\/#\/schema\/person\/34af08dff6adea4cb22b06612ba7acfa\",\"name\":\"Ag\u00eancia iNFRA\",\"image\":{\"@type\":\"ImageObject\",\"inLanguage\":\"pt-BR\",\"@id\":\"https:\/\/agenciainfra.com\/blog\/#\/schema\/person\/image\/\",\"url\":\"https:\/\/secure.gravatar.com\/avatar\/d189e01678f06d8eb84d4e01f08eb848b3fffe3f8443818d3c356c66892f5be8?s=96&d=mm&r=g\",\"contentUrl\":\"https:\/\/secure.gravatar.com\/avatar\/d189e01678f06d8eb84d4e01f08eb848b3fffe3f8443818d3c356c66892f5be8?s=96&d=mm&r=g\",\"caption\":\"Ag\u00eancia iNFRA\"},\"url\":\"https:\/\/agenciainfra.com\/blog\/author\/admin\/\"}]}<\/script>\n<!-- \/ Yoast SEO Premium plugin. -->","yoast_head_json":{"title":"Cartilha alerta candidatos sobre necessidades para o saneamento b\u00e1sico nos munic\u00edpios - Ag\u00eancia iNFRA","robots":{"index":"index","follow":"follow","max-snippet":"max-snippet:-1","max-image-preview":"max-image-preview:large","max-video-preview":"max-video-preview:-1"},"canonical":"https:\/\/agenciainfra.com\/blog\/cartilha-alerta-candidatos-sobre-necessidades-para-o-saneamento-basico-nos-municipios\/","og_locale":"pt_BR","og_type":"article","og_title":"Cartilha alerta candidatos sobre necessidades para o saneamento b\u00e1sico nos munic\u00edpios","og_description":"da Ag\u00eancia iNFRA Cartilha de conscientiza\u00e7\u00e3o sobre\u00a0a import\u00e2ncia do saneamento b\u00e1sico e o papel dos munic\u00edpios,\u00a0lan\u00e7ada pelo Instituto Trata Brasil em parceria com a ICO Consultoria, alerta que a universaliza\u00e7\u00e3o do saneamento no Brasil demandar\u00e1 investimento de R$ 893,3 bilh\u00f5es nos pr\u00f3ximos anos para garantir \u00e0 popula\u00e7\u00e3o o acesso \u00e0 \u00e1gua pot\u00e1vel, coleta e tratamento [&hellip;]","og_url":"https:\/\/agenciainfra.com\/blog\/cartilha-alerta-candidatos-sobre-necessidades-para-o-saneamento-basico-nos-municipios\/","og_site_name":"Ag\u00eancia iNFRA","article_publisher":"https:\/\/www.facebook.com\/ageninfra","article_published_time":"2024-08-28T10:00:00+00:00","article_modified_time":"2024-09-17T01:51:16+00:00","og_image":[{"width":1202,"height":952,"url":"https:\/\/agenciainfra.com\/blog\/wp-content\/uploads\/2023\/11\/saneamento-basico-foto-governo-federal.jpeg","type":"image\/jpeg"}],"author":"Ag\u00eancia iNFRA","twitter_card":"summary_large_image","twitter_creator":"@agencia_infra","twitter_site":"@agencia_infra","twitter_misc":{"Escrito por":"Ag\u00eancia iNFRA","Est. tempo de leitura":"2 minutos"},"schema":{"@context":"https:\/\/schema.org","@graph":[{"@type":"Article","@id":"https:\/\/agenciainfra.com\/blog\/cartilha-alerta-candidatos-sobre-necessidades-para-o-saneamento-basico-nos-municipios\/#article","isPartOf":{"@id":"https:\/\/agenciainfra.com\/blog\/cartilha-alerta-candidatos-sobre-necessidades-para-o-saneamento-basico-nos-municipios\/"},"author":{"name":"Ag\u00eancia iNFRA","@id":"https:\/\/agenciainfra.com\/blog\/#\/schema\/person\/34af08dff6adea4cb22b06612ba7acfa"},"headline":"Cartilha alerta candidatos sobre necessidades para o saneamento b\u00e1sico nos munic\u00edpios","datePublished":"2024-08-28T10:00:00+00:00","dateModified":"2024-09-17T01:51:16+00:00","mainEntityOfPage":{"@id":"https:\/\/agenciainfra.com\/blog\/cartilha-alerta-candidatos-sobre-necessidades-para-o-saneamento-basico-nos-municipios\/"},"wordCount":347,"publisher":{"@id":"https:\/\/agenciainfra.com\/blog\/#organization"},"image":{"@id":"https:\/\/agenciainfra.com\/blog\/cartilha-alerta-candidatos-sobre-necessidades-para-o-saneamento-basico-nos-municipios\/#primaryimage"},"thumbnailUrl":"https:\/\/agenciainfra.com\/blog\/wp-content\/uploads\/2023\/11\/saneamento-basico-foto-governo-federal.jpeg","keywords":["\u00c1guas e Saneamento B\u00e1sico","concess\u00f5es de saneamento","elei\u00e7\u00f5es","Infraestrutura","Instituto Trata Brasil","Investimentos"],"articleSection":["Destaque Menor","Geral","iNFRASaneamento"],"inLanguage":"pt-BR","copyrightYear":"2024","copyrightHolder":{"@id":"https:\/\/agenciainfra.com\/blog\/#organization"}},{"@type":"WebPage","@id":"https:\/\/agenciainfra.com\/blog\/cartilha-alerta-candidatos-sobre-necessidades-para-o-saneamento-basico-nos-municipios\/","url":"https:\/\/agenciainfra.com\/blog\/cartilha-alerta-candidatos-sobre-necessidades-para-o-saneamento-basico-nos-municipios\/","name":"Cartilha alerta candidatos sobre necessidades para o saneamento b\u00e1sico nos munic\u00edpios - Ag\u00eancia iNFRA","isPartOf":{"@id":"https:\/\/agenciainfra.com\/blog\/#website"},"primaryImageOfPage":{"@id":"https:\/\/agenciainfra.com\/blog\/cartilha-alerta-candidatos-sobre-necessidades-para-o-saneamento-basico-nos-municipios\/#primaryimage"},"image":{"@id":"https:\/\/agenciainfra.com\/blog\/cartilha-alerta-candidatos-sobre-necessidades-para-o-saneamento-basico-nos-municipios\/#primaryimage"},"thumbnailUrl":"https:\/\/agenciainfra.com\/blog\/wp-content\/uploads\/2023\/11\/saneamento-basico-foto-governo-federal.jpeg","datePublished":"2024-08-28T10:00:00+00:00","dateModified":"2024-09-17T01:51:16+00:00","breadcrumb":{"@id":"https:\/\/agenciainfra.com\/blog\/cartilha-alerta-candidatos-sobre-necessidades-para-o-saneamento-basico-nos-municipios\/#breadcrumb"},"inLanguage":"pt-BR","potentialAction":[{"@type":"ReadAction","target":["https:\/\/agenciainfra.com\/blog\/cartilha-alerta-candidatos-sobre-necessidades-para-o-saneamento-basico-nos-municipios\/"]}]},{"@type":"ImageObject","inLanguage":"pt-BR","@id":"https:\/\/agenciainfra.com\/blog\/cartilha-alerta-candidatos-sobre-necessidades-para-o-saneamento-basico-nos-municipios\/#primaryimage","url":"https:\/\/agenciainfra.com\/blog\/wp-content\/uploads\/2023\/11\/saneamento-basico-foto-governo-federal.jpeg","contentUrl":"https:\/\/agenciainfra.com\/blog\/wp-content\/uploads\/2023\/11\/saneamento-basico-foto-governo-federal.jpeg","width":1202,"height":952,"caption":"Foto: Governo Federal"},{"@type":"BreadcrumbList","@id":"https:\/\/agenciainfra.com\/blog\/cartilha-alerta-candidatos-sobre-necessidades-para-o-saneamento-basico-nos-municipios\/#breadcrumb","itemListElement":[{"@type":"ListItem","position":1,"name":"In\u00edcio","item":"https:\/\/agenciainfra.com\/blog\/"},{"@type":"ListItem","position":2,"name":"Cartilha alerta candidatos sobre necessidades para o saneamento b\u00e1sico nos munic\u00edpios"}]},{"@type":"WebSite","@id":"https:\/\/agenciainfra.com\/blog\/#website","url":"https:\/\/agenciainfra.com\/blog\/","name":"Ag\u00eancia iNFRA","description":"Multiplataforma de informa\u00e7\u00e3o jornal\u00edstica refer\u00eancia na \u00e1rea de infraestrutura no Brasil!","publisher":{"@id":"https:\/\/agenciainfra.com\/blog\/#organization"},"potentialAction":[{"@type":"SearchAction","target":{"@type":"EntryPoint","urlTemplate":"https:\/\/agenciainfra.com\/blog\/?s={search_term_string}"},"query-input":{"@type":"PropertyValueSpecification","valueRequired":true,"valueName":"search_term_string"}}],"inLanguage":"pt-BR"},{"@type":"Organization","@id":"https:\/\/agenciainfra.com\/blog\/#organization","name":"Ag\u00eancia iNFRA","url":"https:\/\/agenciainfra.com\/blog\/","logo":{"@type":"ImageObject","inLanguage":"pt-BR","@id":"https:\/\/agenciainfra.com\/blog\/#\/schema\/logo\/image\/","url":"https:\/\/agenciainfra.com\/blog\/wp-content\/uploads\/2023\/09\/iNFRA_5-e1761735885940.png","contentUrl":"https:\/\/agenciainfra.com\/blog\/wp-content\/uploads\/2023\/09\/iNFRA_5-e1761735885940.png","width":1672,"height":454,"caption":"Ag\u00eancia iNFRA"},"image":{"@id":"https:\/\/agenciainfra.com\/blog\/#\/schema\/logo\/image\/"},"sameAs":["https:\/\/www.facebook.com\/ageninfra","https:\/\/x.com\/agencia_infra","https:\/\/www.linkedin.com\/company\/ag\u00eanciainfra\/","https:\/\/www.instagram.com\/agenciainfra\/"]},{"@type":"Person","@id":"https:\/\/agenciainfra.com\/blog\/#\/schema\/person\/34af08dff6adea4cb22b06612ba7acfa","name":"Ag\u00eancia iNFRA","image":{"@type":"ImageObject","inLanguage":"pt-BR","@id":"https:\/\/agenciainfra.com\/blog\/#\/schema\/person\/image\/","url":"https:\/\/secure.gravatar.com\/avatar\/d189e01678f06d8eb84d4e01f08eb848b3fffe3f8443818d3c356c66892f5be8?s=96&d=mm&r=g","contentUrl":"https:\/\/secure.gravatar.com\/avatar\/d189e01678f06d8eb84d4e01f08eb848b3fffe3f8443818d3c356c66892f5be8?s=96&d=mm&r=g","caption":"Ag\u00eancia iNFRA"},"url":"https:\/\/agenciainfra.com\/blog\/author\/admin\/"}]}},"_links":{"self":[{"href":"https:\/\/agenciainfra.com\/blog\/wp-json\/wp\/v2\/posts\/18353","targetHints":{"allow":["GET"]}}],"collection":[{"href":"https:\/\/agenciainfra.com\/blog\/wp-json\/wp\/v2\/posts"}],"about":[{"href":"https:\/\/agenciainfra.com\/blog\/wp-json\/wp\/v2\/types\/post"}],"author":[{"embeddable":true,"href":"https:\/\/agenciainfra.com\/blog\/wp-json\/wp\/v2\/users\/1"}],"replies":[{"embeddable":true,"href":"https:\/\/agenciainfra.com\/blog\/wp-json\/wp\/v2\/comments?post=18353"}],"version-history":[{"count":3,"href":"https:\/\/agenciainfra.com\/blog\/wp-json\/wp\/v2\/posts\/18353\/revisions"}],"predecessor-version":[{"id":18563,"href":"https:\/\/agenciainfra.com\/blog\/wp-json\/wp\/v2\/posts\/18353\/revisions\/18563"}],"wp:featuredmedia":[{"embeddable":true,"href":"https:\/\/agenciainfra.com\/blog\/wp-json\/wp\/v2\/media\/14680"}],"wp:attachment":[{"href":"https:\/\/agenciainfra.com\/blog\/wp-json\/wp\/v2\/media?parent=18353"}],"wp:term":[{"taxonomy":"category","embeddable":true,"href":"https:\/\/agenciainfra.com\/blog\/wp-json\/wp\/v2\/categories?post=18353"},{"taxonomy":"post_tag","embeddable":true,"href":"https:\/\/agenciainfra.com\/blog\/wp-json\/wp\/v2\/tags?post=18353"}],"curies":[{"name":"wp","href":"https:\/\/api.w.org\/{rel}","templated":true}]}}