{"id":18367,"date":"2024-08-28T12:00:00","date_gmt":"2024-08-28T15:00:00","guid":{"rendered":"https:\/\/agenciainfra.com\/blog\/?p=18367"},"modified":"2024-08-28T12:30:49","modified_gmt":"2024-08-28T15:30:49","slug":"opiniao-desafios-a-vista-setor-eletrico-brasileiro-precisa-de-expansao-de-capacidade","status":"publish","type":"post","link":"https:\/\/agenciainfra.com\/blog\/opiniao-desafios-a-vista-setor-eletrico-brasileiro-precisa-de-expansao-de-capacidade\/","title":{"rendered":"Opini\u00e3o \u2013 Desafios \u00e0 vista: setor el\u00e9trico brasileiro precisa de expans\u00e3o de capacidade"},"content":{"rendered":"\n<p class=\"has-text-align-right\"><strong>Marisete Pereira Dadald*<\/strong><\/p>\n\n\n\n<p>Estudo recente da EPE (Empresa de Pesquisa Energ\u00e9tica), entidade vinculada ao MME (Minist\u00e9rio de Minas e Energia), elaborado para o Plano Decenal de Expans\u00e3o \u2013 PDE 2034, apontou o que o pa\u00eds precisa para o atendimento da demanda m\u00e1xima do sistema el\u00e9trico de contrata\u00e7\u00f5es anuais, para evitar aumentos expressivos nos custos de eletricidade nos pr\u00f3ximos anos, caso n\u00e3o sejam realizadas contrata\u00e7\u00f5es de capacidade adicional de pot\u00eancia.<\/p>\n\n\n\n<p>Segundo o estudo da EPE, a partir de 2027, haver\u00e1 uma crescente necessidade de oferta adicional para suprir o requisito de pot\u00eancia, chegando \u00e0 5.500 MW em 2028 e alcan\u00e7ando 35.000 MW no acumulado at\u00e9 2035, o que representa uma expans\u00e3o de aproximadamente 2,5 vezes a capacidade instalada da Usina Hidrel\u00e9trica de Itaipu, uma das maiores usinas do mundo, para possibilitar o atendimento \u00e0 m\u00e1xima demanda do sistema el\u00e9trico.<\/p>\n\n\n\n<p>Logo, sem a contrata\u00e7\u00e3o de reserva de capacidade na forma de pot\u00eancia para operar a partir de 2027, o pa\u00eds ficar\u00e1 suscet\u00edvel a sofrer apag\u00f5es nos hor\u00e1rios de ponta do sistema el\u00e9trico.<\/p>\n\n\n\n<p>E n\u00e3o basta apenas construir novas plantas de gera\u00e7\u00e3o que permitam o acr\u00e9scimo de capacidade firme, \u00e9 necess\u00e1rio tamb\u00e9m que essa capacidade esteja efetivamente integrada ao sistema de transmiss\u00e3o e distribui\u00e7\u00e3o em tempo h\u00e1bil para atender aos momentos de maior demanda.<\/p>\n\n\n\n<p>A reflex\u00e3o sobre esses dados revela uma preocupa\u00e7\u00e3o maior com a opera\u00e7\u00e3o do sistema el\u00e9trico, principalmente nos hor\u00e1rios de pico. A forte expans\u00e3o verificada nos \u00faltimos anos por meio de fontes renov\u00e1veis n\u00e3o control\u00e1veis, concentradas em regi\u00f5es espec\u00edficas do pa\u00eds, traz um desafio adicional para o ONS (Operador Nacional do Sistema El\u00e9trico), que deve programar o atendimento aos hor\u00e1rios de maior consumo considerando a intermit\u00eancia da gera\u00e7\u00e3o dessas fontes.<\/p>\n\n\n\n<p>Sobre esse aspecto, as hidrel\u00e9tricas desempenham um papel \u00fanico e essencial para a seguran\u00e7a e para a sustentabilidade do sistema, especialmente nesses momentos cr\u00edticos. S\u00e3o as hidrel\u00e9tricas que proporcionam flexibilidade ao sistema ao reduzir sua gera\u00e7\u00e3o nos momentos de baixo consumo e atender os picos de demanda com entrega de pot\u00eancia, garantindo que a energia esteja dispon\u00edvel mesmo quando outras fontes renov\u00e1veis vari\u00e1veis n\u00e3o conseguem produzir. Vale ressaltar que a opera\u00e7\u00e3o das hidrel\u00e9tricas \u00e9 importante n\u00e3o apenas pela quantidade de energia gerada, mas tamb\u00e9m pelos servi\u00e7os que oferecem para a estabilidade do sistema, como o controle de frequ\u00eancia el\u00e9trica e tens\u00e3o.<\/p>\n\n\n\n<p>Uma a\u00e7\u00e3o fundamental para permitir a r\u00e1pida expans\u00e3o da capacidade de pot\u00eancia do SIN (Sistema Interligado Nacional) \u00e9 a viabiliza\u00e7\u00e3o da motoriza\u00e7\u00e3o adicional de usinas hidrel\u00e9tricas j\u00e1 existentes. Atualmente, existem 12 usinas no Brasil que possuem estruturas civis j\u00e1 constru\u00eddas com po\u00e7os vazios, onde a instala\u00e7\u00e3o de novas unidades geradoras \u00e9 vi\u00e1vel, com impacto socioambiental m\u00ednimo ou at\u00e9 inexistente. A utiliza\u00e7\u00e3o de todos esses po\u00e7os possibilitaria um acr\u00e9scimo de 7,2 GW de capacidade instalada ao SIN.<\/p>\n\n\n\n<p>Essa abordagem, que envolve a amplia\u00e7\u00e3o das usinas existentes, se alinha com os esfor\u00e7os para garantir a seguran\u00e7a energ\u00e9tica, ao mesmo tempo em que se utilizam os recursos de forma inteligente. A utiliza\u00e7\u00e3o das estruturas existentes \u00e9 uma maneira eficiente de aumentar a capacidade de gera\u00e7\u00e3o \u2013 sem a necessidade de grandes expans\u00f5es de infraestrutura \u2013 e a custos competitivos.<\/p>\n\n\n\n<p>A Abrage (Associa\u00e7\u00e3o Brasileira das Empresas Geradoras de Energia El\u00e9trica) defende que o Brasil avance rapidamente na regula\u00e7\u00e3o das novas tecnologias de armazenamento, em especial das UHR (usinas hidrel\u00e9tricas revers\u00edveis), de modo a viabilizar sua participa\u00e7\u00e3o na matriz el\u00e9trica brasileira. As UHR, j\u00e1 amplamente utilizadas no mundo, s\u00e3o baterias naturais, pois t\u00eam a capacidade de armazenar energia, bombeando \u00e1gua para um reservat\u00f3rio superior em momentos de baixa demanda ou excesso de oferta e liberando-a para gerar eletricidade em per\u00edodos de alta demanda.<\/p>\n\n\n\n<p>As decis\u00f5es para evitar os riscos de d\u00e9ficit de pot\u00eancia nos hor\u00e1rios de ponta, previstos a partir de 2027, devem ser tomadas com celeridade, pois a seguran\u00e7a energ\u00e9tica \u00e9 uma prioridade nacional e os projetos de novas unidades geradoras requerem prazos para sua implanta\u00e7\u00e3o.<\/p>\n\n\n\n<p>Vale destacar que os requisitos de energia e, especialmente, de pot\u00eancia t\u00eam crescido ao longo dos anos, evidenciando a import\u00e2ncia de uma expans\u00e3o cont\u00ednua e de uma estrat\u00e9gia de planejamento eficaz para viabilizar investimentos sustent\u00e1veis e garantir a confiabilidade do sistema.<\/p>\n\n\n\n<p>A contrata\u00e7\u00e3o de reserva de pot\u00eancia n\u00e3o \u00e9 apenas uma quest\u00e3o t\u00e9cnica, mas uma medida estrat\u00e9gica para garantir que o pa\u00eds continue a crescer, provendo seguran\u00e7a energ\u00e9tica ao sistema. Uma das alternativas, pode ser por meio das usinas hidrel\u00e9tricas que est\u00e3o aptas a dar mais essa contribui\u00e7\u00e3o para a sociedade e para os consumidores de energia el\u00e9trica, bem como beneficiando a ind\u00fastria do pa\u00eds, considerando que a cadeia de bens e servi\u00e7os \u00e9 100% nacional.<\/p>\n\n\n\n<p>A seguran\u00e7a energ\u00e9tica do Brasil e confiabilidade do sistema el\u00e9trico n\u00e3o podem esperar. A \u00faltima contrata\u00e7\u00e3o de reserva capacidade foi realizada em 2021. Decis\u00f5es r\u00e1pidas e estrat\u00e9gicas s\u00e3o essenciais para garantir um futuro com energia confi\u00e1vel, sustent\u00e1vel e acess\u00edvel para todos.<\/p>\n\n\n\n<h6 class=\"wp-block-heading\" id=\"block-f323f59b-51bf-4eed-b17b-3c7d3b917007\">*<strong>Marisete Pereira Dadald<\/strong> \u00e9 presidente da Abrage (Associa\u00e7\u00e3o Brasileira das Empresas Geradoras de Energia El\u00e9trica) e ex-secret\u00e1ria executiva do MME (Minist\u00e9rio de Minas e Energia).<\/h6>\n\n\n\n<h5 class=\"wp-block-heading\" id=\"block-5ef42db3-2ed1-4178-8ab5-7a7f312ba102\">As opini\u00f5es dos autores n\u00e3o refletem necessariamente o pensamento da Ag\u00eancia iNFRA, sendo de total responsabilidade do autor as informa\u00e7\u00f5es, ju\u00edzos de valor e conceitos descritos no texto.<\/h5>\n","protected":false},"excerpt":{"rendered":"<p>Marisete Pereira Dadald* Estudo recente da EPE (Empresa de Pesquisa Energ\u00e9tica), entidade vinculada ao MME (Minist\u00e9rio de Minas e Energia), elaborado para o Plano Decenal de Expans\u00e3o \u2013 PDE 2034, apontou o que o pa\u00eds precisa para o atendimento da demanda m\u00e1xima do sistema el\u00e9trico de contrata\u00e7\u00f5es anuais, para evitar aumentos expressivos nos custos de [&hellip;]<\/p>\n","protected":false},"author":1,"featured_media":18370,"comment_status":"closed","ping_status":"closed","sticky":false,"template":"","format":"standard","meta":{"_monsterinsights_skip_tracking":false,"_monsterinsights_sitenote_active":false,"_monsterinsights_sitenote_note":"","_monsterinsights_sitenote_category":0,"footnotes":""},"categories":[7250,1,10,10040],"tags":[],"class_list":["post-18367","post","type-post","status-publish","format-standard","has-post-thumbnail","hentry","category-destaque-lista","category-geral","category-infraenergia","category-opiniao"],"yoast_head":"<!-- This site is optimized with the Yoast SEO Premium plugin v25.4 (Yoast SEO v26.0) - https:\/\/yoast.com\/wordpress\/plugins\/seo\/ -->\n<title>Opini\u00e3o \u2013 Desafios \u00e0 vista: setor el\u00e9trico brasileiro precisa de expans\u00e3o de capacidade - Ag\u00eancia iNFRA<\/title>\n<meta name=\"robots\" content=\"index, follow, max-snippet:-1, max-image-preview:large, max-video-preview:-1\" \/>\n<link rel=\"canonical\" href=\"https:\/\/agenciainfra.com\/blog\/opiniao-desafios-a-vista-setor-eletrico-brasileiro-precisa-de-expansao-de-capacidade\/\" \/>\n<meta property=\"og:locale\" content=\"pt_BR\" \/>\n<meta property=\"og:type\" content=\"article\" \/>\n<meta property=\"og:title\" content=\"Opini\u00e3o \u2013 Desafios \u00e0 vista: setor el\u00e9trico brasileiro precisa de expans\u00e3o de capacidade\" \/>\n<meta property=\"og:description\" content=\"Marisete Pereira Dadald* Estudo recente da EPE (Empresa de Pesquisa Energ\u00e9tica), entidade vinculada ao MME (Minist\u00e9rio de Minas e Energia), elaborado para o Plano Decenal de Expans\u00e3o \u2013 PDE 2034, apontou o que o pa\u00eds precisa para o atendimento da demanda m\u00e1xima do sistema el\u00e9trico de contrata\u00e7\u00f5es anuais, para evitar aumentos expressivos nos custos de [&hellip;]\" \/>\n<meta property=\"og:url\" content=\"https:\/\/agenciainfra.com\/blog\/opiniao-desafios-a-vista-setor-eletrico-brasileiro-precisa-de-expansao-de-capacidade\/\" \/>\n<meta property=\"og:site_name\" content=\"Ag\u00eancia iNFRA\" \/>\n<meta property=\"article:publisher\" content=\"https:\/\/www.facebook.com\/ageninfra\" \/>\n<meta property=\"article:published_time\" content=\"2024-08-28T15:00:00+00:00\" \/>\n<meta property=\"article:modified_time\" content=\"2024-08-28T15:30:49+00:00\" \/>\n<meta property=\"og:image\" content=\"https:\/\/agenciainfra.com\/blog\/wp-content\/uploads\/2024\/08\/marisete-dadald-foto-divulgacao.jpeg\" \/>\n\t<meta property=\"og:image:width\" content=\"1202\" \/>\n\t<meta property=\"og:image:height\" content=\"800\" \/>\n\t<meta property=\"og:image:type\" content=\"image\/jpeg\" \/>\n<meta name=\"author\" content=\"Ag\u00eancia iNFRA\" \/>\n<meta name=\"twitter:card\" content=\"summary_large_image\" \/>\n<meta name=\"twitter:creator\" content=\"@agencia_infra\" \/>\n<meta name=\"twitter:site\" content=\"@agencia_infra\" \/>\n<meta name=\"twitter:label1\" content=\"Escrito por\" \/>\n\t<meta name=\"twitter:data1\" content=\"Ag\u00eancia iNFRA\" \/>\n\t<meta name=\"twitter:label2\" content=\"Est. tempo de leitura\" \/>\n\t<meta name=\"twitter:data2\" content=\"5 minutos\" \/>\n<script type=\"application\/ld+json\" class=\"yoast-schema-graph\">{\"@context\":\"https:\/\/schema.org\",\"@graph\":[{\"@type\":\"Article\",\"@id\":\"https:\/\/agenciainfra.com\/blog\/opiniao-desafios-a-vista-setor-eletrico-brasileiro-precisa-de-expansao-de-capacidade\/#article\",\"isPartOf\":{\"@id\":\"https:\/\/agenciainfra.com\/blog\/opiniao-desafios-a-vista-setor-eletrico-brasileiro-precisa-de-expansao-de-capacidade\/\"},\"author\":{\"name\":\"Ag\u00eancia iNFRA\",\"@id\":\"https:\/\/agenciainfra.com\/blog\/#\/schema\/person\/34af08dff6adea4cb22b06612ba7acfa\"},\"headline\":\"Opini\u00e3o \u2013 Desafios \u00e0 vista: setor el\u00e9trico brasileiro precisa de expans\u00e3o de capacidade\",\"datePublished\":\"2024-08-28T15:00:00+00:00\",\"dateModified\":\"2024-08-28T15:30:49+00:00\",\"mainEntityOfPage\":{\"@id\":\"https:\/\/agenciainfra.com\/blog\/opiniao-desafios-a-vista-setor-eletrico-brasileiro-precisa-de-expansao-de-capacidade\/\"},\"wordCount\":991,\"publisher\":{\"@id\":\"https:\/\/agenciainfra.com\/blog\/#organization\"},\"image\":{\"@id\":\"https:\/\/agenciainfra.com\/blog\/opiniao-desafios-a-vista-setor-eletrico-brasileiro-precisa-de-expansao-de-capacidade\/#primaryimage\"},\"thumbnailUrl\":\"https:\/\/agenciainfra.com\/blog\/wp-content\/uploads\/2024\/08\/marisete-dadald-foto-divulgacao.jpeg\",\"articleSection\":[\"Destaque lista\",\"Geral\",\"iNFRAEnergia\",\"Opini\u00e3o\"],\"inLanguage\":\"pt-BR\",\"copyrightYear\":\"2024\",\"copyrightHolder\":{\"@id\":\"https:\/\/agenciainfra.com\/blog\/#organization\"}},{\"@type\":\"WebPage\",\"@id\":\"https:\/\/agenciainfra.com\/blog\/opiniao-desafios-a-vista-setor-eletrico-brasileiro-precisa-de-expansao-de-capacidade\/\",\"url\":\"https:\/\/agenciainfra.com\/blog\/opiniao-desafios-a-vista-setor-eletrico-brasileiro-precisa-de-expansao-de-capacidade\/\",\"name\":\"Opini\u00e3o \u2013 Desafios \u00e0 vista: setor el\u00e9trico brasileiro precisa de expans\u00e3o de capacidade - Ag\u00eancia iNFRA\",\"isPartOf\":{\"@id\":\"https:\/\/agenciainfra.com\/blog\/#website\"},\"primaryImageOfPage\":{\"@id\":\"https:\/\/agenciainfra.com\/blog\/opiniao-desafios-a-vista-setor-eletrico-brasileiro-precisa-de-expansao-de-capacidade\/#primaryimage\"},\"image\":{\"@id\":\"https:\/\/agenciainfra.com\/blog\/opiniao-desafios-a-vista-setor-eletrico-brasileiro-precisa-de-expansao-de-capacidade\/#primaryimage\"},\"thumbnailUrl\":\"https:\/\/agenciainfra.com\/blog\/wp-content\/uploads\/2024\/08\/marisete-dadald-foto-divulgacao.jpeg\",\"datePublished\":\"2024-08-28T15:00:00+00:00\",\"dateModified\":\"2024-08-28T15:30:49+00:00\",\"breadcrumb\":{\"@id\":\"https:\/\/agenciainfra.com\/blog\/opiniao-desafios-a-vista-setor-eletrico-brasileiro-precisa-de-expansao-de-capacidade\/#breadcrumb\"},\"inLanguage\":\"pt-BR\",\"potentialAction\":[{\"@type\":\"ReadAction\",\"target\":[\"https:\/\/agenciainfra.com\/blog\/opiniao-desafios-a-vista-setor-eletrico-brasileiro-precisa-de-expansao-de-capacidade\/\"]}]},{\"@type\":\"ImageObject\",\"inLanguage\":\"pt-BR\",\"@id\":\"https:\/\/agenciainfra.com\/blog\/opiniao-desafios-a-vista-setor-eletrico-brasileiro-precisa-de-expansao-de-capacidade\/#primaryimage\",\"url\":\"https:\/\/agenciainfra.com\/blog\/wp-content\/uploads\/2024\/08\/marisete-dadald-foto-divulgacao.jpeg\",\"contentUrl\":\"https:\/\/agenciainfra.com\/blog\/wp-content\/uploads\/2024\/08\/marisete-dadald-foto-divulgacao.jpeg\",\"width\":1202,\"height\":800},{\"@type\":\"BreadcrumbList\",\"@id\":\"https:\/\/agenciainfra.com\/blog\/opiniao-desafios-a-vista-setor-eletrico-brasileiro-precisa-de-expansao-de-capacidade\/#breadcrumb\",\"itemListElement\":[{\"@type\":\"ListItem\",\"position\":1,\"name\":\"In\u00edcio\",\"item\":\"https:\/\/agenciainfra.com\/blog\/\"},{\"@type\":\"ListItem\",\"position\":2,\"name\":\"Opini\u00e3o \u2013 Desafios \u00e0 vista: setor el\u00e9trico brasileiro precisa de expans\u00e3o de capacidade\"}]},{\"@type\":\"WebSite\",\"@id\":\"https:\/\/agenciainfra.com\/blog\/#website\",\"url\":\"https:\/\/agenciainfra.com\/blog\/\",\"name\":\"Ag\u00eancia iNFRA\",\"description\":\"Multiplataforma de informa\u00e7\u00e3o jornal\u00edstica refer\u00eancia na \u00e1rea de infraestrutura no Brasil!\",\"publisher\":{\"@id\":\"https:\/\/agenciainfra.com\/blog\/#organization\"},\"potentialAction\":[{\"@type\":\"SearchAction\",\"target\":{\"@type\":\"EntryPoint\",\"urlTemplate\":\"https:\/\/agenciainfra.com\/blog\/?s={search_term_string}\"},\"query-input\":{\"@type\":\"PropertyValueSpecification\",\"valueRequired\":true,\"valueName\":\"search_term_string\"}}],\"inLanguage\":\"pt-BR\"},{\"@type\":\"Organization\",\"@id\":\"https:\/\/agenciainfra.com\/blog\/#organization\",\"name\":\"Ag\u00eancia iNFRA\",\"url\":\"https:\/\/agenciainfra.com\/blog\/\",\"logo\":{\"@type\":\"ImageObject\",\"inLanguage\":\"pt-BR\",\"@id\":\"https:\/\/agenciainfra.com\/blog\/#\/schema\/logo\/image\/\",\"url\":\"https:\/\/agenciainfra.com\/blog\/wp-content\/uploads\/2023\/09\/iNFRA_5-e1761735885940.png\",\"contentUrl\":\"https:\/\/agenciainfra.com\/blog\/wp-content\/uploads\/2023\/09\/iNFRA_5-e1761735885940.png\",\"width\":1672,\"height\":454,\"caption\":\"Ag\u00eancia iNFRA\"},\"image\":{\"@id\":\"https:\/\/agenciainfra.com\/blog\/#\/schema\/logo\/image\/\"},\"sameAs\":[\"https:\/\/www.facebook.com\/ageninfra\",\"https:\/\/x.com\/agencia_infra\",\"https:\/\/www.linkedin.com\/company\/ag\u00eanciainfra\/\",\"https:\/\/www.instagram.com\/agenciainfra\/\"]},{\"@type\":\"Person\",\"@id\":\"https:\/\/agenciainfra.com\/blog\/#\/schema\/person\/34af08dff6adea4cb22b06612ba7acfa\",\"name\":\"Ag\u00eancia iNFRA\",\"image\":{\"@type\":\"ImageObject\",\"inLanguage\":\"pt-BR\",\"@id\":\"https:\/\/agenciainfra.com\/blog\/#\/schema\/person\/image\/\",\"url\":\"https:\/\/secure.gravatar.com\/avatar\/d189e01678f06d8eb84d4e01f08eb848b3fffe3f8443818d3c356c66892f5be8?s=96&d=mm&r=g\",\"contentUrl\":\"https:\/\/secure.gravatar.com\/avatar\/d189e01678f06d8eb84d4e01f08eb848b3fffe3f8443818d3c356c66892f5be8?s=96&d=mm&r=g\",\"caption\":\"Ag\u00eancia iNFRA\"},\"url\":\"https:\/\/agenciainfra.com\/blog\/author\/admin\/\"}]}<\/script>\n<!-- \/ Yoast SEO Premium plugin. -->","yoast_head_json":{"title":"Opini\u00e3o \u2013 Desafios \u00e0 vista: setor el\u00e9trico brasileiro precisa de expans\u00e3o de capacidade - Ag\u00eancia iNFRA","robots":{"index":"index","follow":"follow","max-snippet":"max-snippet:-1","max-image-preview":"max-image-preview:large","max-video-preview":"max-video-preview:-1"},"canonical":"https:\/\/agenciainfra.com\/blog\/opiniao-desafios-a-vista-setor-eletrico-brasileiro-precisa-de-expansao-de-capacidade\/","og_locale":"pt_BR","og_type":"article","og_title":"Opini\u00e3o \u2013 Desafios \u00e0 vista: setor el\u00e9trico brasileiro precisa de expans\u00e3o de capacidade","og_description":"Marisete Pereira Dadald* Estudo recente da EPE (Empresa de Pesquisa Energ\u00e9tica), entidade vinculada ao MME (Minist\u00e9rio de Minas e Energia), elaborado para o Plano Decenal de Expans\u00e3o \u2013 PDE 2034, apontou o que o pa\u00eds precisa para o atendimento da demanda m\u00e1xima do sistema el\u00e9trico de contrata\u00e7\u00f5es anuais, para evitar aumentos expressivos nos custos de [&hellip;]","og_url":"https:\/\/agenciainfra.com\/blog\/opiniao-desafios-a-vista-setor-eletrico-brasileiro-precisa-de-expansao-de-capacidade\/","og_site_name":"Ag\u00eancia iNFRA","article_publisher":"https:\/\/www.facebook.com\/ageninfra","article_published_time":"2024-08-28T15:00:00+00:00","article_modified_time":"2024-08-28T15:30:49+00:00","og_image":[{"width":1202,"height":800,"url":"https:\/\/agenciainfra.com\/blog\/wp-content\/uploads\/2024\/08\/marisete-dadald-foto-divulgacao.jpeg","type":"image\/jpeg"}],"author":"Ag\u00eancia iNFRA","twitter_card":"summary_large_image","twitter_creator":"@agencia_infra","twitter_site":"@agencia_infra","twitter_misc":{"Escrito por":"Ag\u00eancia iNFRA","Est. tempo de leitura":"5 minutos"},"schema":{"@context":"https:\/\/schema.org","@graph":[{"@type":"Article","@id":"https:\/\/agenciainfra.com\/blog\/opiniao-desafios-a-vista-setor-eletrico-brasileiro-precisa-de-expansao-de-capacidade\/#article","isPartOf":{"@id":"https:\/\/agenciainfra.com\/blog\/opiniao-desafios-a-vista-setor-eletrico-brasileiro-precisa-de-expansao-de-capacidade\/"},"author":{"name":"Ag\u00eancia iNFRA","@id":"https:\/\/agenciainfra.com\/blog\/#\/schema\/person\/34af08dff6adea4cb22b06612ba7acfa"},"headline":"Opini\u00e3o \u2013 Desafios \u00e0 vista: setor el\u00e9trico brasileiro precisa de expans\u00e3o de capacidade","datePublished":"2024-08-28T15:00:00+00:00","dateModified":"2024-08-28T15:30:49+00:00","mainEntityOfPage":{"@id":"https:\/\/agenciainfra.com\/blog\/opiniao-desafios-a-vista-setor-eletrico-brasileiro-precisa-de-expansao-de-capacidade\/"},"wordCount":991,"publisher":{"@id":"https:\/\/agenciainfra.com\/blog\/#organization"},"image":{"@id":"https:\/\/agenciainfra.com\/blog\/opiniao-desafios-a-vista-setor-eletrico-brasileiro-precisa-de-expansao-de-capacidade\/#primaryimage"},"thumbnailUrl":"https:\/\/agenciainfra.com\/blog\/wp-content\/uploads\/2024\/08\/marisete-dadald-foto-divulgacao.jpeg","articleSection":["Destaque lista","Geral","iNFRAEnergia","Opini\u00e3o"],"inLanguage":"pt-BR","copyrightYear":"2024","copyrightHolder":{"@id":"https:\/\/agenciainfra.com\/blog\/#organization"}},{"@type":"WebPage","@id":"https:\/\/agenciainfra.com\/blog\/opiniao-desafios-a-vista-setor-eletrico-brasileiro-precisa-de-expansao-de-capacidade\/","url":"https:\/\/agenciainfra.com\/blog\/opiniao-desafios-a-vista-setor-eletrico-brasileiro-precisa-de-expansao-de-capacidade\/","name":"Opini\u00e3o \u2013 Desafios \u00e0 vista: setor el\u00e9trico brasileiro precisa de expans\u00e3o de capacidade - Ag\u00eancia iNFRA","isPartOf":{"@id":"https:\/\/agenciainfra.com\/blog\/#website"},"primaryImageOfPage":{"@id":"https:\/\/agenciainfra.com\/blog\/opiniao-desafios-a-vista-setor-eletrico-brasileiro-precisa-de-expansao-de-capacidade\/#primaryimage"},"image":{"@id":"https:\/\/agenciainfra.com\/blog\/opiniao-desafios-a-vista-setor-eletrico-brasileiro-precisa-de-expansao-de-capacidade\/#primaryimage"},"thumbnailUrl":"https:\/\/agenciainfra.com\/blog\/wp-content\/uploads\/2024\/08\/marisete-dadald-foto-divulgacao.jpeg","datePublished":"2024-08-28T15:00:00+00:00","dateModified":"2024-08-28T15:30:49+00:00","breadcrumb":{"@id":"https:\/\/agenciainfra.com\/blog\/opiniao-desafios-a-vista-setor-eletrico-brasileiro-precisa-de-expansao-de-capacidade\/#breadcrumb"},"inLanguage":"pt-BR","potentialAction":[{"@type":"ReadAction","target":["https:\/\/agenciainfra.com\/blog\/opiniao-desafios-a-vista-setor-eletrico-brasileiro-precisa-de-expansao-de-capacidade\/"]}]},{"@type":"ImageObject","inLanguage":"pt-BR","@id":"https:\/\/agenciainfra.com\/blog\/opiniao-desafios-a-vista-setor-eletrico-brasileiro-precisa-de-expansao-de-capacidade\/#primaryimage","url":"https:\/\/agenciainfra.com\/blog\/wp-content\/uploads\/2024\/08\/marisete-dadald-foto-divulgacao.jpeg","contentUrl":"https:\/\/agenciainfra.com\/blog\/wp-content\/uploads\/2024\/08\/marisete-dadald-foto-divulgacao.jpeg","width":1202,"height":800},{"@type":"BreadcrumbList","@id":"https:\/\/agenciainfra.com\/blog\/opiniao-desafios-a-vista-setor-eletrico-brasileiro-precisa-de-expansao-de-capacidade\/#breadcrumb","itemListElement":[{"@type":"ListItem","position":1,"name":"In\u00edcio","item":"https:\/\/agenciainfra.com\/blog\/"},{"@type":"ListItem","position":2,"name":"Opini\u00e3o \u2013 Desafios \u00e0 vista: setor el\u00e9trico brasileiro precisa de expans\u00e3o de capacidade"}]},{"@type":"WebSite","@id":"https:\/\/agenciainfra.com\/blog\/#website","url":"https:\/\/agenciainfra.com\/blog\/","name":"Ag\u00eancia iNFRA","description":"Multiplataforma de informa\u00e7\u00e3o jornal\u00edstica refer\u00eancia na \u00e1rea de infraestrutura no Brasil!","publisher":{"@id":"https:\/\/agenciainfra.com\/blog\/#organization"},"potentialAction":[{"@type":"SearchAction","target":{"@type":"EntryPoint","urlTemplate":"https:\/\/agenciainfra.com\/blog\/?s={search_term_string}"},"query-input":{"@type":"PropertyValueSpecification","valueRequired":true,"valueName":"search_term_string"}}],"inLanguage":"pt-BR"},{"@type":"Organization","@id":"https:\/\/agenciainfra.com\/blog\/#organization","name":"Ag\u00eancia iNFRA","url":"https:\/\/agenciainfra.com\/blog\/","logo":{"@type":"ImageObject","inLanguage":"pt-BR","@id":"https:\/\/agenciainfra.com\/blog\/#\/schema\/logo\/image\/","url":"https:\/\/agenciainfra.com\/blog\/wp-content\/uploads\/2023\/09\/iNFRA_5-e1761735885940.png","contentUrl":"https:\/\/agenciainfra.com\/blog\/wp-content\/uploads\/2023\/09\/iNFRA_5-e1761735885940.png","width":1672,"height":454,"caption":"Ag\u00eancia iNFRA"},"image":{"@id":"https:\/\/agenciainfra.com\/blog\/#\/schema\/logo\/image\/"},"sameAs":["https:\/\/www.facebook.com\/ageninfra","https:\/\/x.com\/agencia_infra","https:\/\/www.linkedin.com\/company\/ag\u00eanciainfra\/","https:\/\/www.instagram.com\/agenciainfra\/"]},{"@type":"Person","@id":"https:\/\/agenciainfra.com\/blog\/#\/schema\/person\/34af08dff6adea4cb22b06612ba7acfa","name":"Ag\u00eancia iNFRA","image":{"@type":"ImageObject","inLanguage":"pt-BR","@id":"https:\/\/agenciainfra.com\/blog\/#\/schema\/person\/image\/","url":"https:\/\/secure.gravatar.com\/avatar\/d189e01678f06d8eb84d4e01f08eb848b3fffe3f8443818d3c356c66892f5be8?s=96&d=mm&r=g","contentUrl":"https:\/\/secure.gravatar.com\/avatar\/d189e01678f06d8eb84d4e01f08eb848b3fffe3f8443818d3c356c66892f5be8?s=96&d=mm&r=g","caption":"Ag\u00eancia iNFRA"},"url":"https:\/\/agenciainfra.com\/blog\/author\/admin\/"}]}},"_links":{"self":[{"href":"https:\/\/agenciainfra.com\/blog\/wp-json\/wp\/v2\/posts\/18367","targetHints":{"allow":["GET"]}}],"collection":[{"href":"https:\/\/agenciainfra.com\/blog\/wp-json\/wp\/v2\/posts"}],"about":[{"href":"https:\/\/agenciainfra.com\/blog\/wp-json\/wp\/v2\/types\/post"}],"author":[{"embeddable":true,"href":"https:\/\/agenciainfra.com\/blog\/wp-json\/wp\/v2\/users\/1"}],"replies":[{"embeddable":true,"href":"https:\/\/agenciainfra.com\/blog\/wp-json\/wp\/v2\/comments?post=18367"}],"version-history":[{"count":6,"href":"https:\/\/agenciainfra.com\/blog\/wp-json\/wp\/v2\/posts\/18367\/revisions"}],"predecessor-version":[{"id":18377,"href":"https:\/\/agenciainfra.com\/blog\/wp-json\/wp\/v2\/posts\/18367\/revisions\/18377"}],"wp:featuredmedia":[{"embeddable":true,"href":"https:\/\/agenciainfra.com\/blog\/wp-json\/wp\/v2\/media\/18370"}],"wp:attachment":[{"href":"https:\/\/agenciainfra.com\/blog\/wp-json\/wp\/v2\/media?parent=18367"}],"wp:term":[{"taxonomy":"category","embeddable":true,"href":"https:\/\/agenciainfra.com\/blog\/wp-json\/wp\/v2\/categories?post=18367"},{"taxonomy":"post_tag","embeddable":true,"href":"https:\/\/agenciainfra.com\/blog\/wp-json\/wp\/v2\/tags?post=18367"}],"curies":[{"name":"wp","href":"https:\/\/api.w.org\/{rel}","templated":true}]}}