{"id":18378,"date":"2024-08-29T15:00:00","date_gmt":"2024-08-29T18:00:00","guid":{"rendered":"https:\/\/agenciainfra.com\/blog\/?p=18378"},"modified":"2024-08-28T23:09:10","modified_gmt":"2024-08-29T02:09:10","slug":"stj-decide-em-favor-de-terminal-seco-e-impede-cobranca-de-taxa-para-movimentar-conteiner","status":"publish","type":"post","link":"https:\/\/agenciainfra.com\/blog\/stj-decide-em-favor-de-terminal-seco-e-impede-cobranca-de-taxa-para-movimentar-conteiner\/","title":{"rendered":"STJ decide em favor de terminal &#8216;seco&#8217; e impede cobran\u00e7a de taxa para movimentar cont\u00eainer"},"content":{"rendered":"\n<p class=\"has-text-align-right\"><strong>da Ag\u00eancia iNFRA<\/strong><\/p>\n\n\n\n<p>A primeira turma do STJ (Superior Tribunal de Justi\u00e7a) decidiu nesta ter\u00e7a-feira (27) por&nbsp;n\u00e3o permitir&nbsp;a cobran\u00e7a do SSE&nbsp;(Servi\u00e7o de Segrega\u00e7\u00e3o e Entrega), tamb\u00e9m conhecido como THC2 (Terminal Handling Charge 2), na movimenta\u00e7\u00e3o de cont\u00eaineres de importa\u00e7\u00e3o.<\/p>\n\n\n\n<p>O julgamento ocorreu num caso em que a operadora retroportu\u00e1ria Marimex solicitava a proibi\u00e7\u00e3o da cobran\u00e7a da taxa pela Embraport (atualmente DP World Santos), que opera um terminal mar\u00edtimo no porto de Santos (SP).<\/p>\n\n\n\n<p>O tema gera uma disputa no setor portu\u00e1rio h\u00e1 mais de duas d\u00e9cadas. Os terminais retroalfandegados (chamados de secos) reclamam que os terminais mar\u00edtimos (molhados) cobram uma taxa quando os clientes solicitam que os cont\u00eaineres de importa\u00e7\u00e3o sejam repassados aos terminais secos.<\/p>\n\n\n\n<p>Os terminais molhados alegam que fazem um servi\u00e7o&nbsp;espec\u00edfico e que por isso podem fazer a cobran\u00e7a. Os terminais secos indicam que esse servi\u00e7o j\u00e1 foi pago&nbsp;pelos clientes aos armadores (donos de navios) dentro do chamado THC e que a cobran\u00e7a de uma nova taxa \u00e9 uma duplicidade (da\u00ed o apelido de THC2).&nbsp;&nbsp;<\/p>\n\n\n\n<p>O advogado Bruno Burini, representante da Marimex, ressaltou que a SSE\/THC2 j\u00e1 est\u00e1 proibida no Brasil h\u00e1 mais de dois anos, por decis\u00e3o do TCU (Tribunal de Contas da Uni\u00e3o). Segundo ele, nos \u00faltimos 19 anos, o Cade (Conselho Administrativo de Defesa Econ\u00f4mica), em 12 oportunidades, afirmou a ilegalidade da taxa.<\/p>\n\n\n\n<p>\u201cA decis\u00e3o do STJ \u00e9 hist\u00f3rica porque, pela primeira vez em 24 anos de discuss\u00f5es, o \u00f3rg\u00e3o de v\u00e9rtice respons\u00e1vel pelo tema confirmou a ilegalidade da cobran\u00e7a por diversas perspectivas: reconheceu que n\u00e3o h\u00e1 lei ou contrato que obrigue o pagamento do pre\u00e7o, bem como ratificou o posicionamento hist\u00f3rico do Cade e confirmou a natureza anticompetitiva da cobran\u00e7a. A decis\u00e3o ainda p\u00f5e uma p\u00e1 de cal na pretens\u00e3o ego\u00edsta dos operadores, que representava um bilh\u00e3o por ano de preju\u00edzo aos consumidores e ao custo Brasil\u201d, informou em nota o advogado.<\/p>\n\n\n\n<p>A decis\u00e3o \u00e9 a primeira de m\u00e9rito do STJ que indica a impossibilidade da cobran\u00e7a. Houve um voto&nbsp;divergente&nbsp;no colegiado formado por cinco ministros. Apesar disso, a quest\u00e3o ainda n\u00e3o aparenta estar resolvida porque h\u00e1 recursos no pr\u00f3prio Judici\u00e1rio nesse caso, seguem disputas de diferentes terminais em outras c\u00e2maras do pr\u00f3prio Judici\u00e1rio, al\u00e9m de discuss\u00e3o em outras institui\u00e7\u00f5es.<\/p>\n\n\n\n<p>Al\u00e9m do Judici\u00e1rio, a quest\u00e3o do SSE\/THC2 vem sendo analisada por Cade, ANTAQ (Ag\u00eancia Nacional de Transportes Aquavi\u00e1rios) e o TCU. As posi\u00e7\u00f5es t\u00eam sido divergentes e mudado ao longo dos anos.<\/p>\n\n\n\n<p>Conforme mostrou&nbsp;<a href=\"https:\/\/agenciainfra.us14.list-manage.com\/track\/click?u=d460dd1bcf9ba0ae040e1fc0f&amp;id=1b94ab6a7a&amp;e=de74d75805\" target=\"_blank\" rel=\"noreferrer noopener\">reportagem<\/a>&nbsp;da&nbsp;<strong>Ag\u00eancia iNFRA<\/strong>, na semana passada&nbsp;o TCU colocou em pauta a vota\u00e7\u00e3o de um recurso da ANTAQ contra uma decis\u00e3o do \u00f3rg\u00e3o que a proibiu de estabelecer a cobran\u00e7a. O processo acabou retirado de pauta porque h\u00e1 posi\u00e7\u00f5es divergentes entre os auditores que avaliam a quest\u00e3o.<\/p>\n","protected":false},"excerpt":{"rendered":"<p>da Ag\u00eancia iNFRA A primeira turma do STJ (Superior Tribunal de Justi\u00e7a) decidiu nesta ter\u00e7a-feira (27) por&nbsp;n\u00e3o permitir&nbsp;a cobran\u00e7a do SSE&nbsp;(Servi\u00e7o de Segrega\u00e7\u00e3o e Entrega), tamb\u00e9m conhecido como THC2 (Terminal Handling Charge 2), na movimenta\u00e7\u00e3o de cont\u00eaineres de importa\u00e7\u00e3o. O julgamento ocorreu num caso em que a operadora retroportu\u00e1ria Marimex solicitava a proibi\u00e7\u00e3o da cobran\u00e7a [&hellip;]<\/p>\n","protected":false},"author":1,"featured_media":4925,"comment_status":"closed","ping_status":"closed","sticky":false,"template":"","format":"standard","meta":{"_monsterinsights_skip_tracking":false,"_monsterinsights_sitenote_active":false,"_monsterinsights_sitenote_note":"","_monsterinsights_sitenote_category":0,"footnotes":""},"categories":[9714,1,7],"tags":[86,9467,371,641,66,260,1489,18,552,70],"class_list":["post-18378","post","type-post","status-publish","format-standard","has-post-thumbnail","hentry","category-destaque-menor","category-geral","category-infratransporte","tag-antaq","tag-arrendamento-portuario","tag-cade","tag-conteiner","tag-logistica","tag-porto-de-santos","tag-stj","tag-tcu","tag-thc2","tag-transportes"],"yoast_head":"<!-- This site is optimized with the Yoast SEO Premium plugin v25.4 (Yoast SEO v26.0) - https:\/\/yoast.com\/wordpress\/plugins\/seo\/ -->\n<title>STJ decide em favor de terminal &#039;seco&#039; e impede cobran\u00e7a de taxa para movimentar cont\u00eainer - Ag\u00eancia iNFRA<\/title>\n<meta name=\"robots\" content=\"index, follow, max-snippet:-1, max-image-preview:large, max-video-preview:-1\" \/>\n<link rel=\"canonical\" href=\"https:\/\/agenciainfra.com\/blog\/stj-decide-em-favor-de-terminal-seco-e-impede-cobranca-de-taxa-para-movimentar-conteiner\/\" \/>\n<meta property=\"og:locale\" content=\"pt_BR\" \/>\n<meta property=\"og:type\" content=\"article\" \/>\n<meta property=\"og:title\" content=\"STJ decide em favor de terminal &#039;seco&#039; e impede cobran\u00e7a de taxa para movimentar cont\u00eainer\" \/>\n<meta property=\"og:description\" content=\"da Ag\u00eancia iNFRA A primeira turma do STJ (Superior Tribunal de Justi\u00e7a) decidiu nesta ter\u00e7a-feira (27) por&nbsp;n\u00e3o permitir&nbsp;a cobran\u00e7a do SSE&nbsp;(Servi\u00e7o de Segrega\u00e7\u00e3o e Entrega), tamb\u00e9m conhecido como THC2 (Terminal Handling Charge 2), na movimenta\u00e7\u00e3o de cont\u00eaineres de importa\u00e7\u00e3o. O julgamento ocorreu num caso em que a operadora retroportu\u00e1ria Marimex solicitava a proibi\u00e7\u00e3o da cobran\u00e7a [&hellip;]\" \/>\n<meta property=\"og:url\" content=\"https:\/\/agenciainfra.com\/blog\/stj-decide-em-favor-de-terminal-seco-e-impede-cobranca-de-taxa-para-movimentar-conteiner\/\" \/>\n<meta property=\"og:site_name\" content=\"Ag\u00eancia iNFRA\" \/>\n<meta property=\"article:publisher\" content=\"https:\/\/www.facebook.com\/ageninfra\" \/>\n<meta property=\"article:published_time\" content=\"2024-08-29T18:00:00+00:00\" \/>\n<meta property=\"og:image\" content=\"https:\/\/agenciainfra.com\/blog\/wp-content\/uploads\/2020\/05\/conteineres-foto-dominio-publico.jpg\" \/>\n\t<meta property=\"og:image:width\" content=\"1280\" \/>\n\t<meta property=\"og:image:height\" content=\"853\" \/>\n\t<meta property=\"og:image:type\" content=\"image\/jpeg\" \/>\n<meta name=\"author\" content=\"Ag\u00eancia iNFRA\" \/>\n<meta name=\"twitter:card\" content=\"summary_large_image\" \/>\n<meta name=\"twitter:creator\" content=\"@agencia_infra\" \/>\n<meta name=\"twitter:site\" content=\"@agencia_infra\" \/>\n<meta name=\"twitter:label1\" content=\"Escrito por\" \/>\n\t<meta name=\"twitter:data1\" content=\"Ag\u00eancia iNFRA\" \/>\n\t<meta name=\"twitter:label2\" content=\"Est. tempo de leitura\" \/>\n\t<meta name=\"twitter:data2\" content=\"3 minutos\" \/>\n<script type=\"application\/ld+json\" class=\"yoast-schema-graph\">{\"@context\":\"https:\/\/schema.org\",\"@graph\":[{\"@type\":\"Article\",\"@id\":\"https:\/\/agenciainfra.com\/blog\/stj-decide-em-favor-de-terminal-seco-e-impede-cobranca-de-taxa-para-movimentar-conteiner\/#article\",\"isPartOf\":{\"@id\":\"https:\/\/agenciainfra.com\/blog\/stj-decide-em-favor-de-terminal-seco-e-impede-cobranca-de-taxa-para-movimentar-conteiner\/\"},\"author\":{\"name\":\"Ag\u00eancia iNFRA\",\"@id\":\"https:\/\/agenciainfra.com\/blog\/#\/schema\/person\/34af08dff6adea4cb22b06612ba7acfa\"},\"headline\":\"STJ decide em favor de terminal &#8216;seco&#8217; e impede cobran\u00e7a de taxa para movimentar cont\u00eainer\",\"datePublished\":\"2024-08-29T18:00:00+00:00\",\"mainEntityOfPage\":{\"@id\":\"https:\/\/agenciainfra.com\/blog\/stj-decide-em-favor-de-terminal-seco-e-impede-cobranca-de-taxa-para-movimentar-conteiner\/\"},\"wordCount\":550,\"publisher\":{\"@id\":\"https:\/\/agenciainfra.com\/blog\/#organization\"},\"image\":{\"@id\":\"https:\/\/agenciainfra.com\/blog\/stj-decide-em-favor-de-terminal-seco-e-impede-cobranca-de-taxa-para-movimentar-conteiner\/#primaryimage\"},\"thumbnailUrl\":\"https:\/\/agenciainfra.com\/blog\/wp-content\/uploads\/2020\/05\/conteineres-foto-dominio-publico.jpg\",\"keywords\":[\"ANTAQ\",\"arrendamento portu\u00e1rio\",\"Cade\",\"cont\u00eainer\",\"log\u00edstica\",\"Porto de Santos\",\"STJ\",\"TCU\",\"THC2\",\"transportes\"],\"articleSection\":[\"Destaque Menor\",\"Geral\",\"iNFRATransporte\"],\"inLanguage\":\"pt-BR\",\"copyrightYear\":\"2024\",\"copyrightHolder\":{\"@id\":\"https:\/\/agenciainfra.com\/blog\/#organization\"}},{\"@type\":\"WebPage\",\"@id\":\"https:\/\/agenciainfra.com\/blog\/stj-decide-em-favor-de-terminal-seco-e-impede-cobranca-de-taxa-para-movimentar-conteiner\/\",\"url\":\"https:\/\/agenciainfra.com\/blog\/stj-decide-em-favor-de-terminal-seco-e-impede-cobranca-de-taxa-para-movimentar-conteiner\/\",\"name\":\"STJ decide em favor de terminal 'seco' e impede cobran\u00e7a de taxa para movimentar cont\u00eainer - Ag\u00eancia iNFRA\",\"isPartOf\":{\"@id\":\"https:\/\/agenciainfra.com\/blog\/#website\"},\"primaryImageOfPage\":{\"@id\":\"https:\/\/agenciainfra.com\/blog\/stj-decide-em-favor-de-terminal-seco-e-impede-cobranca-de-taxa-para-movimentar-conteiner\/#primaryimage\"},\"image\":{\"@id\":\"https:\/\/agenciainfra.com\/blog\/stj-decide-em-favor-de-terminal-seco-e-impede-cobranca-de-taxa-para-movimentar-conteiner\/#primaryimage\"},\"thumbnailUrl\":\"https:\/\/agenciainfra.com\/blog\/wp-content\/uploads\/2020\/05\/conteineres-foto-dominio-publico.jpg\",\"datePublished\":\"2024-08-29T18:00:00+00:00\",\"breadcrumb\":{\"@id\":\"https:\/\/agenciainfra.com\/blog\/stj-decide-em-favor-de-terminal-seco-e-impede-cobranca-de-taxa-para-movimentar-conteiner\/#breadcrumb\"},\"inLanguage\":\"pt-BR\",\"potentialAction\":[{\"@type\":\"ReadAction\",\"target\":[\"https:\/\/agenciainfra.com\/blog\/stj-decide-em-favor-de-terminal-seco-e-impede-cobranca-de-taxa-para-movimentar-conteiner\/\"]}]},{\"@type\":\"ImageObject\",\"inLanguage\":\"pt-BR\",\"@id\":\"https:\/\/agenciainfra.com\/blog\/stj-decide-em-favor-de-terminal-seco-e-impede-cobranca-de-taxa-para-movimentar-conteiner\/#primaryimage\",\"url\":\"https:\/\/agenciainfra.com\/blog\/wp-content\/uploads\/2020\/05\/conteineres-foto-dominio-publico.jpg\",\"contentUrl\":\"https:\/\/agenciainfra.com\/blog\/wp-content\/uploads\/2020\/05\/conteineres-foto-dominio-publico.jpg\",\"width\":1280,\"height\":853,\"caption\":\"Foto: Dom\u00ednio p\u00fablico\"},{\"@type\":\"BreadcrumbList\",\"@id\":\"https:\/\/agenciainfra.com\/blog\/stj-decide-em-favor-de-terminal-seco-e-impede-cobranca-de-taxa-para-movimentar-conteiner\/#breadcrumb\",\"itemListElement\":[{\"@type\":\"ListItem\",\"position\":1,\"name\":\"In\u00edcio\",\"item\":\"https:\/\/agenciainfra.com\/blog\/\"},{\"@type\":\"ListItem\",\"position\":2,\"name\":\"STJ decide em favor de terminal &#8216;seco&#8217; e impede cobran\u00e7a de taxa para movimentar cont\u00eainer\"}]},{\"@type\":\"WebSite\",\"@id\":\"https:\/\/agenciainfra.com\/blog\/#website\",\"url\":\"https:\/\/agenciainfra.com\/blog\/\",\"name\":\"Ag\u00eancia iNFRA\",\"description\":\"Multiplataforma de informa\u00e7\u00e3o jornal\u00edstica refer\u00eancia na \u00e1rea de infraestrutura no Brasil!\",\"publisher\":{\"@id\":\"https:\/\/agenciainfra.com\/blog\/#organization\"},\"potentialAction\":[{\"@type\":\"SearchAction\",\"target\":{\"@type\":\"EntryPoint\",\"urlTemplate\":\"https:\/\/agenciainfra.com\/blog\/?s={search_term_string}\"},\"query-input\":{\"@type\":\"PropertyValueSpecification\",\"valueRequired\":true,\"valueName\":\"search_term_string\"}}],\"inLanguage\":\"pt-BR\"},{\"@type\":\"Organization\",\"@id\":\"https:\/\/agenciainfra.com\/blog\/#organization\",\"name\":\"Ag\u00eancia iNFRA\",\"url\":\"https:\/\/agenciainfra.com\/blog\/\",\"logo\":{\"@type\":\"ImageObject\",\"inLanguage\":\"pt-BR\",\"@id\":\"https:\/\/agenciainfra.com\/blog\/#\/schema\/logo\/image\/\",\"url\":\"https:\/\/agenciainfra.com\/blog\/wp-content\/uploads\/2023\/09\/iNFRA_5-e1761735885940.png\",\"contentUrl\":\"https:\/\/agenciainfra.com\/blog\/wp-content\/uploads\/2023\/09\/iNFRA_5-e1761735885940.png\",\"width\":1672,\"height\":454,\"caption\":\"Ag\u00eancia iNFRA\"},\"image\":{\"@id\":\"https:\/\/agenciainfra.com\/blog\/#\/schema\/logo\/image\/\"},\"sameAs\":[\"https:\/\/www.facebook.com\/ageninfra\",\"https:\/\/x.com\/agencia_infra\",\"https:\/\/www.linkedin.com\/company\/ag\u00eanciainfra\/\",\"https:\/\/www.instagram.com\/agenciainfra\/\"]},{\"@type\":\"Person\",\"@id\":\"https:\/\/agenciainfra.com\/blog\/#\/schema\/person\/34af08dff6adea4cb22b06612ba7acfa\",\"name\":\"Ag\u00eancia iNFRA\",\"image\":{\"@type\":\"ImageObject\",\"inLanguage\":\"pt-BR\",\"@id\":\"https:\/\/agenciainfra.com\/blog\/#\/schema\/person\/image\/\",\"url\":\"https:\/\/secure.gravatar.com\/avatar\/d189e01678f06d8eb84d4e01f08eb848b3fffe3f8443818d3c356c66892f5be8?s=96&d=mm&r=g\",\"contentUrl\":\"https:\/\/secure.gravatar.com\/avatar\/d189e01678f06d8eb84d4e01f08eb848b3fffe3f8443818d3c356c66892f5be8?s=96&d=mm&r=g\",\"caption\":\"Ag\u00eancia iNFRA\"},\"url\":\"https:\/\/agenciainfra.com\/blog\/author\/admin\/\"}]}<\/script>\n<!-- \/ Yoast SEO Premium plugin. -->","yoast_head_json":{"title":"STJ decide em favor de terminal 'seco' e impede cobran\u00e7a de taxa para movimentar cont\u00eainer - Ag\u00eancia iNFRA","robots":{"index":"index","follow":"follow","max-snippet":"max-snippet:-1","max-image-preview":"max-image-preview:large","max-video-preview":"max-video-preview:-1"},"canonical":"https:\/\/agenciainfra.com\/blog\/stj-decide-em-favor-de-terminal-seco-e-impede-cobranca-de-taxa-para-movimentar-conteiner\/","og_locale":"pt_BR","og_type":"article","og_title":"STJ decide em favor de terminal 'seco' e impede cobran\u00e7a de taxa para movimentar cont\u00eainer","og_description":"da Ag\u00eancia iNFRA A primeira turma do STJ (Superior Tribunal de Justi\u00e7a) decidiu nesta ter\u00e7a-feira (27) por&nbsp;n\u00e3o permitir&nbsp;a cobran\u00e7a do SSE&nbsp;(Servi\u00e7o de Segrega\u00e7\u00e3o e Entrega), tamb\u00e9m conhecido como THC2 (Terminal Handling Charge 2), na movimenta\u00e7\u00e3o de cont\u00eaineres de importa\u00e7\u00e3o. O julgamento ocorreu num caso em que a operadora retroportu\u00e1ria Marimex solicitava a proibi\u00e7\u00e3o da cobran\u00e7a [&hellip;]","og_url":"https:\/\/agenciainfra.com\/blog\/stj-decide-em-favor-de-terminal-seco-e-impede-cobranca-de-taxa-para-movimentar-conteiner\/","og_site_name":"Ag\u00eancia iNFRA","article_publisher":"https:\/\/www.facebook.com\/ageninfra","article_published_time":"2024-08-29T18:00:00+00:00","og_image":[{"width":1280,"height":853,"url":"https:\/\/agenciainfra.com\/blog\/wp-content\/uploads\/2020\/05\/conteineres-foto-dominio-publico.jpg","type":"image\/jpeg"}],"author":"Ag\u00eancia iNFRA","twitter_card":"summary_large_image","twitter_creator":"@agencia_infra","twitter_site":"@agencia_infra","twitter_misc":{"Escrito por":"Ag\u00eancia iNFRA","Est. tempo de leitura":"3 minutos"},"schema":{"@context":"https:\/\/schema.org","@graph":[{"@type":"Article","@id":"https:\/\/agenciainfra.com\/blog\/stj-decide-em-favor-de-terminal-seco-e-impede-cobranca-de-taxa-para-movimentar-conteiner\/#article","isPartOf":{"@id":"https:\/\/agenciainfra.com\/blog\/stj-decide-em-favor-de-terminal-seco-e-impede-cobranca-de-taxa-para-movimentar-conteiner\/"},"author":{"name":"Ag\u00eancia iNFRA","@id":"https:\/\/agenciainfra.com\/blog\/#\/schema\/person\/34af08dff6adea4cb22b06612ba7acfa"},"headline":"STJ decide em favor de terminal &#8216;seco&#8217; e impede cobran\u00e7a de taxa para movimentar cont\u00eainer","datePublished":"2024-08-29T18:00:00+00:00","mainEntityOfPage":{"@id":"https:\/\/agenciainfra.com\/blog\/stj-decide-em-favor-de-terminal-seco-e-impede-cobranca-de-taxa-para-movimentar-conteiner\/"},"wordCount":550,"publisher":{"@id":"https:\/\/agenciainfra.com\/blog\/#organization"},"image":{"@id":"https:\/\/agenciainfra.com\/blog\/stj-decide-em-favor-de-terminal-seco-e-impede-cobranca-de-taxa-para-movimentar-conteiner\/#primaryimage"},"thumbnailUrl":"https:\/\/agenciainfra.com\/blog\/wp-content\/uploads\/2020\/05\/conteineres-foto-dominio-publico.jpg","keywords":["ANTAQ","arrendamento portu\u00e1rio","Cade","cont\u00eainer","log\u00edstica","Porto de Santos","STJ","TCU","THC2","transportes"],"articleSection":["Destaque Menor","Geral","iNFRATransporte"],"inLanguage":"pt-BR","copyrightYear":"2024","copyrightHolder":{"@id":"https:\/\/agenciainfra.com\/blog\/#organization"}},{"@type":"WebPage","@id":"https:\/\/agenciainfra.com\/blog\/stj-decide-em-favor-de-terminal-seco-e-impede-cobranca-de-taxa-para-movimentar-conteiner\/","url":"https:\/\/agenciainfra.com\/blog\/stj-decide-em-favor-de-terminal-seco-e-impede-cobranca-de-taxa-para-movimentar-conteiner\/","name":"STJ decide em favor de terminal 'seco' e impede cobran\u00e7a de taxa para movimentar cont\u00eainer - Ag\u00eancia iNFRA","isPartOf":{"@id":"https:\/\/agenciainfra.com\/blog\/#website"},"primaryImageOfPage":{"@id":"https:\/\/agenciainfra.com\/blog\/stj-decide-em-favor-de-terminal-seco-e-impede-cobranca-de-taxa-para-movimentar-conteiner\/#primaryimage"},"image":{"@id":"https:\/\/agenciainfra.com\/blog\/stj-decide-em-favor-de-terminal-seco-e-impede-cobranca-de-taxa-para-movimentar-conteiner\/#primaryimage"},"thumbnailUrl":"https:\/\/agenciainfra.com\/blog\/wp-content\/uploads\/2020\/05\/conteineres-foto-dominio-publico.jpg","datePublished":"2024-08-29T18:00:00+00:00","breadcrumb":{"@id":"https:\/\/agenciainfra.com\/blog\/stj-decide-em-favor-de-terminal-seco-e-impede-cobranca-de-taxa-para-movimentar-conteiner\/#breadcrumb"},"inLanguage":"pt-BR","potentialAction":[{"@type":"ReadAction","target":["https:\/\/agenciainfra.com\/blog\/stj-decide-em-favor-de-terminal-seco-e-impede-cobranca-de-taxa-para-movimentar-conteiner\/"]}]},{"@type":"ImageObject","inLanguage":"pt-BR","@id":"https:\/\/agenciainfra.com\/blog\/stj-decide-em-favor-de-terminal-seco-e-impede-cobranca-de-taxa-para-movimentar-conteiner\/#primaryimage","url":"https:\/\/agenciainfra.com\/blog\/wp-content\/uploads\/2020\/05\/conteineres-foto-dominio-publico.jpg","contentUrl":"https:\/\/agenciainfra.com\/blog\/wp-content\/uploads\/2020\/05\/conteineres-foto-dominio-publico.jpg","width":1280,"height":853,"caption":"Foto: Dom\u00ednio p\u00fablico"},{"@type":"BreadcrumbList","@id":"https:\/\/agenciainfra.com\/blog\/stj-decide-em-favor-de-terminal-seco-e-impede-cobranca-de-taxa-para-movimentar-conteiner\/#breadcrumb","itemListElement":[{"@type":"ListItem","position":1,"name":"In\u00edcio","item":"https:\/\/agenciainfra.com\/blog\/"},{"@type":"ListItem","position":2,"name":"STJ decide em favor de terminal &#8216;seco&#8217; e impede cobran\u00e7a de taxa para movimentar cont\u00eainer"}]},{"@type":"WebSite","@id":"https:\/\/agenciainfra.com\/blog\/#website","url":"https:\/\/agenciainfra.com\/blog\/","name":"Ag\u00eancia iNFRA","description":"Multiplataforma de informa\u00e7\u00e3o jornal\u00edstica refer\u00eancia na \u00e1rea de infraestrutura no Brasil!","publisher":{"@id":"https:\/\/agenciainfra.com\/blog\/#organization"},"potentialAction":[{"@type":"SearchAction","target":{"@type":"EntryPoint","urlTemplate":"https:\/\/agenciainfra.com\/blog\/?s={search_term_string}"},"query-input":{"@type":"PropertyValueSpecification","valueRequired":true,"valueName":"search_term_string"}}],"inLanguage":"pt-BR"},{"@type":"Organization","@id":"https:\/\/agenciainfra.com\/blog\/#organization","name":"Ag\u00eancia iNFRA","url":"https:\/\/agenciainfra.com\/blog\/","logo":{"@type":"ImageObject","inLanguage":"pt-BR","@id":"https:\/\/agenciainfra.com\/blog\/#\/schema\/logo\/image\/","url":"https:\/\/agenciainfra.com\/blog\/wp-content\/uploads\/2023\/09\/iNFRA_5-e1761735885940.png","contentUrl":"https:\/\/agenciainfra.com\/blog\/wp-content\/uploads\/2023\/09\/iNFRA_5-e1761735885940.png","width":1672,"height":454,"caption":"Ag\u00eancia iNFRA"},"image":{"@id":"https:\/\/agenciainfra.com\/blog\/#\/schema\/logo\/image\/"},"sameAs":["https:\/\/www.facebook.com\/ageninfra","https:\/\/x.com\/agencia_infra","https:\/\/www.linkedin.com\/company\/ag\u00eanciainfra\/","https:\/\/www.instagram.com\/agenciainfra\/"]},{"@type":"Person","@id":"https:\/\/agenciainfra.com\/blog\/#\/schema\/person\/34af08dff6adea4cb22b06612ba7acfa","name":"Ag\u00eancia iNFRA","image":{"@type":"ImageObject","inLanguage":"pt-BR","@id":"https:\/\/agenciainfra.com\/blog\/#\/schema\/person\/image\/","url":"https:\/\/secure.gravatar.com\/avatar\/d189e01678f06d8eb84d4e01f08eb848b3fffe3f8443818d3c356c66892f5be8?s=96&d=mm&r=g","contentUrl":"https:\/\/secure.gravatar.com\/avatar\/d189e01678f06d8eb84d4e01f08eb848b3fffe3f8443818d3c356c66892f5be8?s=96&d=mm&r=g","caption":"Ag\u00eancia iNFRA"},"url":"https:\/\/agenciainfra.com\/blog\/author\/admin\/"}]}},"_links":{"self":[{"href":"https:\/\/agenciainfra.com\/blog\/wp-json\/wp\/v2\/posts\/18378","targetHints":{"allow":["GET"]}}],"collection":[{"href":"https:\/\/agenciainfra.com\/blog\/wp-json\/wp\/v2\/posts"}],"about":[{"href":"https:\/\/agenciainfra.com\/blog\/wp-json\/wp\/v2\/types\/post"}],"author":[{"embeddable":true,"href":"https:\/\/agenciainfra.com\/blog\/wp-json\/wp\/v2\/users\/1"}],"replies":[{"embeddable":true,"href":"https:\/\/agenciainfra.com\/blog\/wp-json\/wp\/v2\/comments?post=18378"}],"version-history":[{"count":1,"href":"https:\/\/agenciainfra.com\/blog\/wp-json\/wp\/v2\/posts\/18378\/revisions"}],"predecessor-version":[{"id":18379,"href":"https:\/\/agenciainfra.com\/blog\/wp-json\/wp\/v2\/posts\/18378\/revisions\/18379"}],"wp:featuredmedia":[{"embeddable":true,"href":"https:\/\/agenciainfra.com\/blog\/wp-json\/wp\/v2\/media\/4925"}],"wp:attachment":[{"href":"https:\/\/agenciainfra.com\/blog\/wp-json\/wp\/v2\/media?parent=18378"}],"wp:term":[{"taxonomy":"category","embeddable":true,"href":"https:\/\/agenciainfra.com\/blog\/wp-json\/wp\/v2\/categories?post=18378"},{"taxonomy":"post_tag","embeddable":true,"href":"https:\/\/agenciainfra.com\/blog\/wp-json\/wp\/v2\/tags?post=18378"}],"curies":[{"name":"wp","href":"https:\/\/api.w.org\/{rel}","templated":true}]}}