{"id":18382,"date":"2024-08-30T15:00:00","date_gmt":"2024-08-30T18:00:00","guid":{"rendered":"https:\/\/agenciainfra.com\/blog\/?p=18382"},"modified":"2024-08-29T23:24:21","modified_gmt":"2024-08-30T02:24:21","slug":"governo-federal-fechara-pela-primeira-vez-um-ano-com-oito-editais-de-concessao-de-rodovias-publicados-com-mais-de-r-40-bi-em-obras","status":"publish","type":"post","link":"https:\/\/agenciainfra.com\/blog\/governo-federal-fechara-pela-primeira-vez-um-ano-com-oito-editais-de-concessao-de-rodovias-publicados-com-mais-de-r-40-bi-em-obras\/","title":{"rendered":"Governo federal fechar\u00e1 pela primeira vez um ano com oito editais de concess\u00e3o de rodovias publicados, com mais de R$ 40 bi em obras"},"content":{"rendered":"\n<p class=\"has-text-align-right\"><strong>Dimmi Amora, da Ag\u00eancia<\/strong> <strong>iNFRA<\/strong><\/p>\n\n\n\n<p>O governo federal vai terminar pela primeira vez um ano com oito lotes de concess\u00f5es rodovi\u00e1rias publicados desde que o programa de parcerias com o setor privado para gerir estradas foi criado na d\u00e9cada de 1990, contratando mais de R$ 40 bilh\u00f5es em capex (obras novas e compra de equipamentos) para os pr\u00f3ximos anos.<br><br>Ap\u00f3s realizar o primeiro leil\u00e3o de uma relicita\u00e7\u00e3o neste ano, um trecho da BR-040\/MG, o Minist\u00e9rio dos Transportes e a ANTT (Ag\u00eancia Nacional de Transportes Terrestres) fecharam nesta quinta-feira (29) o segundo leil\u00e3o do ano, o da BR-381\/MG, com a vit\u00f3ria do 4UM Fundo de Investimentos em Infraestrutura, formado por grandes construtoras. Em setembro, est\u00e1 programado o da BR-040\/MG-GO.\u00a0<br><br>O edital seguinte \u00e9 o da BR-262\/MG, que \u00e9 a relicita\u00e7\u00e3o de um trecho hoje concedido \u00e0 Concebra, batizado de Rota do Zebu, com leil\u00e3o j\u00e1 marcado para 31 de outubro.<br><br>Segundo apurou a\u00a0<strong>Ag\u00eancia iNFRA<\/strong>, em dezembro ser\u00e3o tr\u00eas leil\u00f5es fechando o ano. O Lote CN1 (BR-060-452\/GO), agora rebatizado de Rota Verde, teve o edital aprovado na quinta-feira (29) em reuni\u00e3o da diretoria da ANTT para que o leil\u00e3o seja feito em 12 de dezembro.<br><br>Na pr\u00f3xima semana, a ag\u00eancia planeja liberar para licita\u00e7\u00e3o outros dois grandes projetos, que ser\u00e3o leiloados juntos na \u00faltima semana de dezembro antes do Natal, fechando os leil\u00f5es de 2024. Tratam-se dos lotes 3 e 6 de concess\u00f5es de rodovias do Paran\u00e1.\u00a0<br><br>O Lote CN5 (BR-364\/RO), rebatizado de Rota Agro Norte, deve ter o edital lan\u00e7ado at\u00e9 o fim deste ano, para que o leil\u00e3o seja realizado em fevereiro. Houve pedidos para que o leil\u00e3o tenha um intervalo entre os tr\u00eas \u00faltimos do ano, marcados para dezembro, como forma de as empresas terem maior tempo para fazer os estudos para apresentarem proposta.<br><br><strong>Dezesseis projetos em dois anos<\/strong><br>Al\u00e9m desses oito projetos, h\u00e1 expectativa para que pelo menos dois lotes tenham os editais de licita\u00e7\u00e3o lan\u00e7ados em 2024 para leil\u00e3o no primeiro trimestre do pr\u00f3ximo ano. Um deles \u00e9 a nova licita\u00e7\u00e3o da Concer, concession\u00e1ria que est\u00e1 no trecho da BR-040 entre Rio de Janeiro (RJ) e Juiz de Fora (MG).<br><br>O outro \u00e9 o antigo lote CN2 (BR-060-364\/GO-MT). Ambos est\u00e3o com projetos em an\u00e1lise pelo TCU (Tribunal de Contas da Uni\u00e3o) com estimativa de que possam ter as propostas aprovadas ainda neste ano. A expectativa \u00e9 que em 2025 pelo menos mais oito projetos (al\u00e9m desses dois) possam ir a leil\u00e3o, totalizando 16 projetos em dois anos.<br><br>Mesmo com um n\u00famero elevado de projetos, n\u00e3o h\u00e1 no radar at\u00e9 o momento, por parte dos integrantes do governo que trabalham no setor, riscos de leil\u00f5es sem interessados. O projeto mais problem\u00e1tico, o da BR-381\/MG, que teve v\u00e1rias tentativas fracassadas anteriormente, era considerado o de maior risco e teve dois participantes.<br><br><strong>Evolu\u00e7\u00e3o ao longo dos anos<\/strong><br>O recorde de lan\u00e7amentos \u00e9 atribu\u00eddo, segundo especialistas ouvidos, \u00e0 evolu\u00e7\u00e3o dos modelos de edital e contrato no governo federal nas tr\u00eas d\u00e9cadas de programa, que geram maior confian\u00e7a ao mercado.\u00a0<br><br>Esses modelos v\u00eam passando por melhorias a cada etapa (a atual \u00e9 a 5\u00aa),\u00a0que envolve trabalhos conjuntos entre minist\u00e9rio e ag\u00eancia, al\u00e9m de fiscaliza\u00e7\u00f5es do TCU. \u00a0\u00a0<br><br>A evolu\u00e7\u00e3o em termos de qualidade regulat\u00f3ria nos \u00faltimos anos da ag\u00eancia setorial tamb\u00e9m tem sido apontada como um fator que acelera os projetos e traz confian\u00e7a ao mercado para entrar nas disputas, o que estimula que novos projetos sejam lan\u00e7ados.<br><br>O atual bom entrosamento entre a secretaria setorial da pasta e a ag\u00eancia tamb\u00e9m colabora para que se aumente a velocidade com que as propostas s\u00e3o levadas a mercado.<br><br><strong>Cr\u00edticas ao baixo n\u00famero de leil\u00f5es<\/strong><br>O ministro dos Transportes, Renan Filho, vinha apontando que o governo federal fazia em m\u00e9dia praticamente um leil\u00e3o por ano. Em alguns anos, o n\u00famero de projetos era alto, como em 2007 e 2012, mas depois se passavam anos sem novos projetos.<br><br>Segundo ele, esse n\u00famero n\u00e3o era condizente com as necessidades de investimentos, e ele tem dito que at\u00e9 o fim do governo, em 2026, ser\u00e3o feitas 35 novas concess\u00f5es (para 2024, o ministro chegou a estimar que seriam 13 projetos leiloados), contratando algo na casa dos R$ 220 bilh\u00f5es em capex.<br><br>Como mostrou\u00a0<a href=\"https:\/\/agenciainfra.us14.list-manage.com\/track\/click?u=d460dd1bcf9ba0ae040e1fc0f&amp;id=cbebf1d531&amp;e=de74d75805\" target=\"_blank\" rel=\"noreferrer noopener\">reportagem<\/a>\u00a0da\u00a0<strong>Ag\u00eancia iNFRA<\/strong>, os governos dos estados tamb\u00e9m ter\u00e3o um forte programa de concess\u00f5es rodovi\u00e1rias nos pr\u00f3ximos tr\u00eas anos, al\u00e9m de repactua\u00e7\u00f5es para investimentos em contratos existentes, o que deve aquecer o mercado de forma sem precedentes no pa\u00eds, e que j\u00e1 desperta algumas preocupa\u00e7\u00f5es sobre a capacidade de gerenciamento e execu\u00e7\u00e3o do que for contratado.<\/p>\n","protected":false},"excerpt":{"rendered":"<p>Dimmi Amora, da Ag\u00eancia iNFRA O governo federal vai terminar pela primeira vez um ano com oito lotes de concess\u00f5es rodovi\u00e1rias publicados desde que o programa de parcerias com o setor privado para gerir estradas foi criado na d\u00e9cada de 1990, contratando mais de R$ 40 bilh\u00f5es em capex (obras novas e compra de equipamentos) [&hellip;]<\/p>\n","protected":false},"author":1,"featured_media":18383,"comment_status":"closed","ping_status":"closed","sticky":false,"template":"","format":"standard","meta":{"_monsterinsights_skip_tracking":false,"_monsterinsights_sitenote_active":false,"_monsterinsights_sitenote_note":"","_monsterinsights_sitenote_category":0,"footnotes":""},"categories":[7250,1,7],"tags":[19,78,34,16,126,18,70],"class_list":["post-18382","post","type-post","status-publish","format-standard","has-post-thumbnail","hentry","category-destaque-lista","category-geral","category-infratransporte","tag-antt","tag-concessoes","tag-infraestrutura","tag-ministerio-dos-transportes","tag-rodovias","tag-tcu","tag-transportes"],"yoast_head":"<!-- This site is optimized with the Yoast SEO Premium plugin v25.4 (Yoast SEO v26.0) - https:\/\/yoast.com\/wordpress\/plugins\/seo\/ -->\n<title>Governo federal fechar\u00e1 pela primeira vez um ano com oito editais de concess\u00e3o de rodovias publicados, com mais de R$ 40 bi em obras - Ag\u00eancia iNFRA<\/title>\n<meta name=\"robots\" content=\"index, follow, max-snippet:-1, max-image-preview:large, max-video-preview:-1\" \/>\n<link rel=\"canonical\" href=\"https:\/\/agenciainfra.com\/blog\/governo-federal-fechara-pela-primeira-vez-um-ano-com-oito-editais-de-concessao-de-rodovias-publicados-com-mais-de-r-40-bi-em-obras\/\" \/>\n<meta property=\"og:locale\" content=\"pt_BR\" \/>\n<meta property=\"og:type\" content=\"article\" \/>\n<meta property=\"og:title\" content=\"Governo federal fechar\u00e1 pela primeira vez um ano com oito editais de concess\u00e3o de rodovias publicados, com mais de R$ 40 bi em obras\" \/>\n<meta property=\"og:description\" content=\"Dimmi Amora, da Ag\u00eancia iNFRA O governo federal vai terminar pela primeira vez um ano com oito lotes de concess\u00f5es rodovi\u00e1rias publicados desde que o programa de parcerias com o setor privado para gerir estradas foi criado na d\u00e9cada de 1990, contratando mais de R$ 40 bilh\u00f5es em capex (obras novas e compra de equipamentos) [&hellip;]\" \/>\n<meta property=\"og:url\" content=\"https:\/\/agenciainfra.com\/blog\/governo-federal-fechara-pela-primeira-vez-um-ano-com-oito-editais-de-concessao-de-rodovias-publicados-com-mais-de-r-40-bi-em-obras\/\" \/>\n<meta property=\"og:site_name\" content=\"Ag\u00eancia iNFRA\" \/>\n<meta property=\"article:publisher\" content=\"https:\/\/www.facebook.com\/ageninfra\" \/>\n<meta property=\"article:published_time\" content=\"2024-08-30T18:00:00+00:00\" \/>\n<meta property=\"og:image\" content=\"https:\/\/agenciainfra.com\/blog\/wp-content\/uploads\/2024\/08\/renan_filho_leilao381_foto_marcioferreira-1.jpg\" \/>\n\t<meta property=\"og:image:width\" content=\"1200\" \/>\n\t<meta property=\"og:image:height\" content=\"800\" \/>\n\t<meta property=\"og:image:type\" content=\"image\/jpeg\" \/>\n<meta name=\"author\" content=\"Ag\u00eancia iNFRA\" \/>\n<meta name=\"twitter:card\" content=\"summary_large_image\" \/>\n<meta name=\"twitter:creator\" content=\"@agencia_infra\" \/>\n<meta name=\"twitter:site\" content=\"@agencia_infra\" \/>\n<meta name=\"twitter:label1\" content=\"Escrito por\" \/>\n\t<meta name=\"twitter:data1\" content=\"Ag\u00eancia iNFRA\" \/>\n\t<meta name=\"twitter:label2\" content=\"Est. tempo de leitura\" \/>\n\t<meta name=\"twitter:data2\" content=\"4 minutos\" \/>\n<script type=\"application\/ld+json\" class=\"yoast-schema-graph\">{\"@context\":\"https:\/\/schema.org\",\"@graph\":[{\"@type\":\"Article\",\"@id\":\"https:\/\/agenciainfra.com\/blog\/governo-federal-fechara-pela-primeira-vez-um-ano-com-oito-editais-de-concessao-de-rodovias-publicados-com-mais-de-r-40-bi-em-obras\/#article\",\"isPartOf\":{\"@id\":\"https:\/\/agenciainfra.com\/blog\/governo-federal-fechara-pela-primeira-vez-um-ano-com-oito-editais-de-concessao-de-rodovias-publicados-com-mais-de-r-40-bi-em-obras\/\"},\"author\":{\"name\":\"Ag\u00eancia iNFRA\",\"@id\":\"https:\/\/agenciainfra.com\/blog\/#\/schema\/person\/34af08dff6adea4cb22b06612ba7acfa\"},\"headline\":\"Governo federal fechar\u00e1 pela primeira vez um ano com oito editais de concess\u00e3o de rodovias publicados, com mais de R$ 40 bi em obras\",\"datePublished\":\"2024-08-30T18:00:00+00:00\",\"mainEntityOfPage\":{\"@id\":\"https:\/\/agenciainfra.com\/blog\/governo-federal-fechara-pela-primeira-vez-um-ano-com-oito-editais-de-concessao-de-rodovias-publicados-com-mais-de-r-40-bi-em-obras\/\"},\"wordCount\":851,\"publisher\":{\"@id\":\"https:\/\/agenciainfra.com\/blog\/#organization\"},\"image\":{\"@id\":\"https:\/\/agenciainfra.com\/blog\/governo-federal-fechara-pela-primeira-vez-um-ano-com-oito-editais-de-concessao-de-rodovias-publicados-com-mais-de-r-40-bi-em-obras\/#primaryimage\"},\"thumbnailUrl\":\"https:\/\/agenciainfra.com\/blog\/wp-content\/uploads\/2024\/08\/renan_filho_leilao381_foto_marcioferreira-1.jpg\",\"keywords\":[\"ANTT\",\"concess\u00f5es\",\"Infraestrutura\",\"minist\u00e9rio dos transportes\",\"rodovias\",\"TCU\",\"transportes\"],\"articleSection\":[\"Destaque lista\",\"Geral\",\"iNFRATransporte\"],\"inLanguage\":\"pt-BR\",\"copyrightYear\":\"2024\",\"copyrightHolder\":{\"@id\":\"https:\/\/agenciainfra.com\/blog\/#organization\"}},{\"@type\":\"WebPage\",\"@id\":\"https:\/\/agenciainfra.com\/blog\/governo-federal-fechara-pela-primeira-vez-um-ano-com-oito-editais-de-concessao-de-rodovias-publicados-com-mais-de-r-40-bi-em-obras\/\",\"url\":\"https:\/\/agenciainfra.com\/blog\/governo-federal-fechara-pela-primeira-vez-um-ano-com-oito-editais-de-concessao-de-rodovias-publicados-com-mais-de-r-40-bi-em-obras\/\",\"name\":\"Governo federal fechar\u00e1 pela primeira vez um ano com oito editais de concess\u00e3o de rodovias publicados, com mais de R$ 40 bi em obras - Ag\u00eancia iNFRA\",\"isPartOf\":{\"@id\":\"https:\/\/agenciainfra.com\/blog\/#website\"},\"primaryImageOfPage\":{\"@id\":\"https:\/\/agenciainfra.com\/blog\/governo-federal-fechara-pela-primeira-vez-um-ano-com-oito-editais-de-concessao-de-rodovias-publicados-com-mais-de-r-40-bi-em-obras\/#primaryimage\"},\"image\":{\"@id\":\"https:\/\/agenciainfra.com\/blog\/governo-federal-fechara-pela-primeira-vez-um-ano-com-oito-editais-de-concessao-de-rodovias-publicados-com-mais-de-r-40-bi-em-obras\/#primaryimage\"},\"thumbnailUrl\":\"https:\/\/agenciainfra.com\/blog\/wp-content\/uploads\/2024\/08\/renan_filho_leilao381_foto_marcioferreira-1.jpg\",\"datePublished\":\"2024-08-30T18:00:00+00:00\",\"breadcrumb\":{\"@id\":\"https:\/\/agenciainfra.com\/blog\/governo-federal-fechara-pela-primeira-vez-um-ano-com-oito-editais-de-concessao-de-rodovias-publicados-com-mais-de-r-40-bi-em-obras\/#breadcrumb\"},\"inLanguage\":\"pt-BR\",\"potentialAction\":[{\"@type\":\"ReadAction\",\"target\":[\"https:\/\/agenciainfra.com\/blog\/governo-federal-fechara-pela-primeira-vez-um-ano-com-oito-editais-de-concessao-de-rodovias-publicados-com-mais-de-r-40-bi-em-obras\/\"]}]},{\"@type\":\"ImageObject\",\"inLanguage\":\"pt-BR\",\"@id\":\"https:\/\/agenciainfra.com\/blog\/governo-federal-fechara-pela-primeira-vez-um-ano-com-oito-editais-de-concessao-de-rodovias-publicados-com-mais-de-r-40-bi-em-obras\/#primaryimage\",\"url\":\"https:\/\/agenciainfra.com\/blog\/wp-content\/uploads\/2024\/08\/renan_filho_leilao381_foto_marcioferreira-1.jpg\",\"contentUrl\":\"https:\/\/agenciainfra.com\/blog\/wp-content\/uploads\/2024\/08\/renan_filho_leilao381_foto_marcioferreira-1.jpg\",\"width\":1200,\"height\":800},{\"@type\":\"BreadcrumbList\",\"@id\":\"https:\/\/agenciainfra.com\/blog\/governo-federal-fechara-pela-primeira-vez-um-ano-com-oito-editais-de-concessao-de-rodovias-publicados-com-mais-de-r-40-bi-em-obras\/#breadcrumb\",\"itemListElement\":[{\"@type\":\"ListItem\",\"position\":1,\"name\":\"In\u00edcio\",\"item\":\"https:\/\/agenciainfra.com\/blog\/\"},{\"@type\":\"ListItem\",\"position\":2,\"name\":\"Governo federal fechar\u00e1 pela primeira vez um ano com oito editais de concess\u00e3o de rodovias publicados, com mais de R$ 40 bi em obras\"}]},{\"@type\":\"WebSite\",\"@id\":\"https:\/\/agenciainfra.com\/blog\/#website\",\"url\":\"https:\/\/agenciainfra.com\/blog\/\",\"name\":\"Ag\u00eancia iNFRA\",\"description\":\"Multiplataforma de informa\u00e7\u00e3o jornal\u00edstica refer\u00eancia na \u00e1rea de infraestrutura no Brasil!\",\"publisher\":{\"@id\":\"https:\/\/agenciainfra.com\/blog\/#organization\"},\"potentialAction\":[{\"@type\":\"SearchAction\",\"target\":{\"@type\":\"EntryPoint\",\"urlTemplate\":\"https:\/\/agenciainfra.com\/blog\/?s={search_term_string}\"},\"query-input\":{\"@type\":\"PropertyValueSpecification\",\"valueRequired\":true,\"valueName\":\"search_term_string\"}}],\"inLanguage\":\"pt-BR\"},{\"@type\":\"Organization\",\"@id\":\"https:\/\/agenciainfra.com\/blog\/#organization\",\"name\":\"Ag\u00eancia iNFRA\",\"url\":\"https:\/\/agenciainfra.com\/blog\/\",\"logo\":{\"@type\":\"ImageObject\",\"inLanguage\":\"pt-BR\",\"@id\":\"https:\/\/agenciainfra.com\/blog\/#\/schema\/logo\/image\/\",\"url\":\"https:\/\/agenciainfra.com\/blog\/wp-content\/uploads\/2023\/09\/iNFRA_5-e1761735885940.png\",\"contentUrl\":\"https:\/\/agenciainfra.com\/blog\/wp-content\/uploads\/2023\/09\/iNFRA_5-e1761735885940.png\",\"width\":1672,\"height\":454,\"caption\":\"Ag\u00eancia iNFRA\"},\"image\":{\"@id\":\"https:\/\/agenciainfra.com\/blog\/#\/schema\/logo\/image\/\"},\"sameAs\":[\"https:\/\/www.facebook.com\/ageninfra\",\"https:\/\/x.com\/agencia_infra\",\"https:\/\/www.linkedin.com\/company\/ag\u00eanciainfra\/\",\"https:\/\/www.instagram.com\/agenciainfra\/\"]},{\"@type\":\"Person\",\"@id\":\"https:\/\/agenciainfra.com\/blog\/#\/schema\/person\/34af08dff6adea4cb22b06612ba7acfa\",\"name\":\"Ag\u00eancia iNFRA\",\"image\":{\"@type\":\"ImageObject\",\"inLanguage\":\"pt-BR\",\"@id\":\"https:\/\/agenciainfra.com\/blog\/#\/schema\/person\/image\/\",\"url\":\"https:\/\/secure.gravatar.com\/avatar\/d189e01678f06d8eb84d4e01f08eb848b3fffe3f8443818d3c356c66892f5be8?s=96&d=mm&r=g\",\"contentUrl\":\"https:\/\/secure.gravatar.com\/avatar\/d189e01678f06d8eb84d4e01f08eb848b3fffe3f8443818d3c356c66892f5be8?s=96&d=mm&r=g\",\"caption\":\"Ag\u00eancia iNFRA\"},\"url\":\"https:\/\/agenciainfra.com\/blog\/author\/admin\/\"}]}<\/script>\n<!-- \/ Yoast SEO Premium plugin. -->","yoast_head_json":{"title":"Governo federal fechar\u00e1 pela primeira vez um ano com oito editais de concess\u00e3o de rodovias publicados, com mais de R$ 40 bi em obras - Ag\u00eancia iNFRA","robots":{"index":"index","follow":"follow","max-snippet":"max-snippet:-1","max-image-preview":"max-image-preview:large","max-video-preview":"max-video-preview:-1"},"canonical":"https:\/\/agenciainfra.com\/blog\/governo-federal-fechara-pela-primeira-vez-um-ano-com-oito-editais-de-concessao-de-rodovias-publicados-com-mais-de-r-40-bi-em-obras\/","og_locale":"pt_BR","og_type":"article","og_title":"Governo federal fechar\u00e1 pela primeira vez um ano com oito editais de concess\u00e3o de rodovias publicados, com mais de R$ 40 bi em obras","og_description":"Dimmi Amora, da Ag\u00eancia iNFRA O governo federal vai terminar pela primeira vez um ano com oito lotes de concess\u00f5es rodovi\u00e1rias publicados desde que o programa de parcerias com o setor privado para gerir estradas foi criado na d\u00e9cada de 1990, contratando mais de R$ 40 bilh\u00f5es em capex (obras novas e compra de equipamentos) [&hellip;]","og_url":"https:\/\/agenciainfra.com\/blog\/governo-federal-fechara-pela-primeira-vez-um-ano-com-oito-editais-de-concessao-de-rodovias-publicados-com-mais-de-r-40-bi-em-obras\/","og_site_name":"Ag\u00eancia iNFRA","article_publisher":"https:\/\/www.facebook.com\/ageninfra","article_published_time":"2024-08-30T18:00:00+00:00","og_image":[{"width":1200,"height":800,"url":"https:\/\/agenciainfra.com\/blog\/wp-content\/uploads\/2024\/08\/renan_filho_leilao381_foto_marcioferreira-1.jpg","type":"image\/jpeg"}],"author":"Ag\u00eancia iNFRA","twitter_card":"summary_large_image","twitter_creator":"@agencia_infra","twitter_site":"@agencia_infra","twitter_misc":{"Escrito por":"Ag\u00eancia iNFRA","Est. tempo de leitura":"4 minutos"},"schema":{"@context":"https:\/\/schema.org","@graph":[{"@type":"Article","@id":"https:\/\/agenciainfra.com\/blog\/governo-federal-fechara-pela-primeira-vez-um-ano-com-oito-editais-de-concessao-de-rodovias-publicados-com-mais-de-r-40-bi-em-obras\/#article","isPartOf":{"@id":"https:\/\/agenciainfra.com\/blog\/governo-federal-fechara-pela-primeira-vez-um-ano-com-oito-editais-de-concessao-de-rodovias-publicados-com-mais-de-r-40-bi-em-obras\/"},"author":{"name":"Ag\u00eancia iNFRA","@id":"https:\/\/agenciainfra.com\/blog\/#\/schema\/person\/34af08dff6adea4cb22b06612ba7acfa"},"headline":"Governo federal fechar\u00e1 pela primeira vez um ano com oito editais de concess\u00e3o de rodovias publicados, com mais de R$ 40 bi em obras","datePublished":"2024-08-30T18:00:00+00:00","mainEntityOfPage":{"@id":"https:\/\/agenciainfra.com\/blog\/governo-federal-fechara-pela-primeira-vez-um-ano-com-oito-editais-de-concessao-de-rodovias-publicados-com-mais-de-r-40-bi-em-obras\/"},"wordCount":851,"publisher":{"@id":"https:\/\/agenciainfra.com\/blog\/#organization"},"image":{"@id":"https:\/\/agenciainfra.com\/blog\/governo-federal-fechara-pela-primeira-vez-um-ano-com-oito-editais-de-concessao-de-rodovias-publicados-com-mais-de-r-40-bi-em-obras\/#primaryimage"},"thumbnailUrl":"https:\/\/agenciainfra.com\/blog\/wp-content\/uploads\/2024\/08\/renan_filho_leilao381_foto_marcioferreira-1.jpg","keywords":["ANTT","concess\u00f5es","Infraestrutura","minist\u00e9rio dos transportes","rodovias","TCU","transportes"],"articleSection":["Destaque lista","Geral","iNFRATransporte"],"inLanguage":"pt-BR","copyrightYear":"2024","copyrightHolder":{"@id":"https:\/\/agenciainfra.com\/blog\/#organization"}},{"@type":"WebPage","@id":"https:\/\/agenciainfra.com\/blog\/governo-federal-fechara-pela-primeira-vez-um-ano-com-oito-editais-de-concessao-de-rodovias-publicados-com-mais-de-r-40-bi-em-obras\/","url":"https:\/\/agenciainfra.com\/blog\/governo-federal-fechara-pela-primeira-vez-um-ano-com-oito-editais-de-concessao-de-rodovias-publicados-com-mais-de-r-40-bi-em-obras\/","name":"Governo federal fechar\u00e1 pela primeira vez um ano com oito editais de concess\u00e3o de rodovias publicados, com mais de R$ 40 bi em obras - Ag\u00eancia iNFRA","isPartOf":{"@id":"https:\/\/agenciainfra.com\/blog\/#website"},"primaryImageOfPage":{"@id":"https:\/\/agenciainfra.com\/blog\/governo-federal-fechara-pela-primeira-vez-um-ano-com-oito-editais-de-concessao-de-rodovias-publicados-com-mais-de-r-40-bi-em-obras\/#primaryimage"},"image":{"@id":"https:\/\/agenciainfra.com\/blog\/governo-federal-fechara-pela-primeira-vez-um-ano-com-oito-editais-de-concessao-de-rodovias-publicados-com-mais-de-r-40-bi-em-obras\/#primaryimage"},"thumbnailUrl":"https:\/\/agenciainfra.com\/blog\/wp-content\/uploads\/2024\/08\/renan_filho_leilao381_foto_marcioferreira-1.jpg","datePublished":"2024-08-30T18:00:00+00:00","breadcrumb":{"@id":"https:\/\/agenciainfra.com\/blog\/governo-federal-fechara-pela-primeira-vez-um-ano-com-oito-editais-de-concessao-de-rodovias-publicados-com-mais-de-r-40-bi-em-obras\/#breadcrumb"},"inLanguage":"pt-BR","potentialAction":[{"@type":"ReadAction","target":["https:\/\/agenciainfra.com\/blog\/governo-federal-fechara-pela-primeira-vez-um-ano-com-oito-editais-de-concessao-de-rodovias-publicados-com-mais-de-r-40-bi-em-obras\/"]}]},{"@type":"ImageObject","inLanguage":"pt-BR","@id":"https:\/\/agenciainfra.com\/blog\/governo-federal-fechara-pela-primeira-vez-um-ano-com-oito-editais-de-concessao-de-rodovias-publicados-com-mais-de-r-40-bi-em-obras\/#primaryimage","url":"https:\/\/agenciainfra.com\/blog\/wp-content\/uploads\/2024\/08\/renan_filho_leilao381_foto_marcioferreira-1.jpg","contentUrl":"https:\/\/agenciainfra.com\/blog\/wp-content\/uploads\/2024\/08\/renan_filho_leilao381_foto_marcioferreira-1.jpg","width":1200,"height":800},{"@type":"BreadcrumbList","@id":"https:\/\/agenciainfra.com\/blog\/governo-federal-fechara-pela-primeira-vez-um-ano-com-oito-editais-de-concessao-de-rodovias-publicados-com-mais-de-r-40-bi-em-obras\/#breadcrumb","itemListElement":[{"@type":"ListItem","position":1,"name":"In\u00edcio","item":"https:\/\/agenciainfra.com\/blog\/"},{"@type":"ListItem","position":2,"name":"Governo federal fechar\u00e1 pela primeira vez um ano com oito editais de concess\u00e3o de rodovias publicados, com mais de R$ 40 bi em obras"}]},{"@type":"WebSite","@id":"https:\/\/agenciainfra.com\/blog\/#website","url":"https:\/\/agenciainfra.com\/blog\/","name":"Ag\u00eancia iNFRA","description":"Multiplataforma de informa\u00e7\u00e3o jornal\u00edstica refer\u00eancia na \u00e1rea de infraestrutura no Brasil!","publisher":{"@id":"https:\/\/agenciainfra.com\/blog\/#organization"},"potentialAction":[{"@type":"SearchAction","target":{"@type":"EntryPoint","urlTemplate":"https:\/\/agenciainfra.com\/blog\/?s={search_term_string}"},"query-input":{"@type":"PropertyValueSpecification","valueRequired":true,"valueName":"search_term_string"}}],"inLanguage":"pt-BR"},{"@type":"Organization","@id":"https:\/\/agenciainfra.com\/blog\/#organization","name":"Ag\u00eancia iNFRA","url":"https:\/\/agenciainfra.com\/blog\/","logo":{"@type":"ImageObject","inLanguage":"pt-BR","@id":"https:\/\/agenciainfra.com\/blog\/#\/schema\/logo\/image\/","url":"https:\/\/agenciainfra.com\/blog\/wp-content\/uploads\/2023\/09\/iNFRA_5-e1761735885940.png","contentUrl":"https:\/\/agenciainfra.com\/blog\/wp-content\/uploads\/2023\/09\/iNFRA_5-e1761735885940.png","width":1672,"height":454,"caption":"Ag\u00eancia iNFRA"},"image":{"@id":"https:\/\/agenciainfra.com\/blog\/#\/schema\/logo\/image\/"},"sameAs":["https:\/\/www.facebook.com\/ageninfra","https:\/\/x.com\/agencia_infra","https:\/\/www.linkedin.com\/company\/ag\u00eanciainfra\/","https:\/\/www.instagram.com\/agenciainfra\/"]},{"@type":"Person","@id":"https:\/\/agenciainfra.com\/blog\/#\/schema\/person\/34af08dff6adea4cb22b06612ba7acfa","name":"Ag\u00eancia iNFRA","image":{"@type":"ImageObject","inLanguage":"pt-BR","@id":"https:\/\/agenciainfra.com\/blog\/#\/schema\/person\/image\/","url":"https:\/\/secure.gravatar.com\/avatar\/d189e01678f06d8eb84d4e01f08eb848b3fffe3f8443818d3c356c66892f5be8?s=96&d=mm&r=g","contentUrl":"https:\/\/secure.gravatar.com\/avatar\/d189e01678f06d8eb84d4e01f08eb848b3fffe3f8443818d3c356c66892f5be8?s=96&d=mm&r=g","caption":"Ag\u00eancia iNFRA"},"url":"https:\/\/agenciainfra.com\/blog\/author\/admin\/"}]}},"_links":{"self":[{"href":"https:\/\/agenciainfra.com\/blog\/wp-json\/wp\/v2\/posts\/18382","targetHints":{"allow":["GET"]}}],"collection":[{"href":"https:\/\/agenciainfra.com\/blog\/wp-json\/wp\/v2\/posts"}],"about":[{"href":"https:\/\/agenciainfra.com\/blog\/wp-json\/wp\/v2\/types\/post"}],"author":[{"embeddable":true,"href":"https:\/\/agenciainfra.com\/blog\/wp-json\/wp\/v2\/users\/1"}],"replies":[{"embeddable":true,"href":"https:\/\/agenciainfra.com\/blog\/wp-json\/wp\/v2\/comments?post=18382"}],"version-history":[{"count":3,"href":"https:\/\/agenciainfra.com\/blog\/wp-json\/wp\/v2\/posts\/18382\/revisions"}],"predecessor-version":[{"id":18394,"href":"https:\/\/agenciainfra.com\/blog\/wp-json\/wp\/v2\/posts\/18382\/revisions\/18394"}],"wp:featuredmedia":[{"embeddable":true,"href":"https:\/\/agenciainfra.com\/blog\/wp-json\/wp\/v2\/media\/18383"}],"wp:attachment":[{"href":"https:\/\/agenciainfra.com\/blog\/wp-json\/wp\/v2\/media?parent=18382"}],"wp:term":[{"taxonomy":"category","embeddable":true,"href":"https:\/\/agenciainfra.com\/blog\/wp-json\/wp\/v2\/categories?post=18382"},{"taxonomy":"post_tag","embeddable":true,"href":"https:\/\/agenciainfra.com\/blog\/wp-json\/wp\/v2\/tags?post=18382"}],"curies":[{"name":"wp","href":"https:\/\/api.w.org\/{rel}","templated":true}]}}