{"id":1839,"date":"2018-06-13T08:44:07","date_gmt":"2018-06-13T11:44:07","guid":{"rendered":"http:\/\/www.agenciainfra.com\/blog\/?p=1839"},"modified":"2018-06-14T10:11:15","modified_gmt":"2018-06-14T13:11:15","slug":"inadimplencia-das-distribuidoras-da-eletrobras-chega-a-r-1-bi-aneel-quer-cortar-recursos","status":"publish","type":"post","link":"https:\/\/agenciainfra.com\/blog\/inadimplencia-das-distribuidoras-da-eletrobras-chega-a-r-1-bi-aneel-quer-cortar-recursos\/","title":{"rendered":"Inadimpl\u00eancia das distribuidoras da Eletrobras chega a R$ 1 bi. ANEEL quer cortar recursos"},"content":{"rendered":"<p style=\"text-align: right;\"><strong>\u00a0<\/strong><strong>Leila Coimbra\u00a0da\u00a0<span class=\"il\">Ag\u00eancia<\/span>\u00a0<span class=\"il\">iNFRA<\/span><\/strong><\/p>\n<p>A inadimpl\u00eancia das distribuidoras que est\u00e3o sob o comando da Eletrobras atingiu no m\u00eas de maio a cifra de R$ 1 bilh\u00e3o. O alto valor da d\u00edvida fez com que o diretor-geral da ANEEL (<span class=\"il\">Ag\u00eancia<\/span>\u00a0Nacional de Energia El\u00e9trica), Romeu Rufino, enviasse uma carta ao diretor de distribui\u00e7\u00e3o da Eletrobras, Luiz Henrique Hamann, com data de 28 de maio, afirmando que poderia ocorrer a suspens\u00e3o do repasse dos recursos setoriais \u00e0s empresas.<\/p>\n<p>O ministro de Minas e Energia, Moreira Franco, e o presidente da Eletrobras, Wilson Ferreira J\u00fanior,\u00a0tamb\u00e9m receberam o\u00a0documento.<\/p>\n<p>Deficit\u00e1rias, as distribuidoras do Norte e Nordeste do pa\u00eds conseguem manter minimamente os servi\u00e7os de fornecimento de energia aos clientes, gra\u00e7as ao envio desse dinheiro, feito com a autoriza\u00e7\u00e3o do \u00f3rg\u00e3o regulador.<\/p>\n<p>Segundo a ANEEL, as regras s\u00e3o: em caso de inadimpl\u00eancia pela distribuidora, a mesma receber\u00e1 advert\u00eancia. Havendo reincid\u00eancia, ser\u00e3o suspensos os empr\u00e9stimos da RGR (Reserva Global de Revers\u00e3o) e, em caso de nova reincid\u00eancia, ser\u00e3o cortados tamb\u00e9m os repasses dos outros encargos setoriais e os reajustes tarif\u00e1rios.<\/p>\n<p><strong>Repasses de R$ 4,2 bilh\u00f5es<\/strong><br \/>\nSegundo a carta do diretor-geral da\u00a0<span class=\"il\">ag\u00eancia<\/span>, essas empresas j\u00e1 consumiram R$ 4,2 bilh\u00f5es at\u00e9 abril em repasses de recursos de fundos setoriais como a RGR, CDE e CCC.<\/p>\n<p>\u201cNesse sentido, as notas t\u00e9cnicas t\u00eam reiteradamente recomendado a suspens\u00e3o de empr\u00e9stimos da RGR a algumas empresas, por avaliarem que a rela\u00e7\u00e3o do compromisso n\u00e3o tem sido cumprida\u201d, diz o documento.<\/p>\n<p>A \u00fanica empresa que continua adimplente \u00e9 a Cepisa, do Piau\u00ed. Mas a distribuidora de Rond\u00f4nia, a Ceron, deve sozinha R$ 662,5 milh\u00f5es. A CEA deve R$ 119 milh\u00f5es, seguida da Eletrobras Roraima (R$ 107 milh\u00f5es), Amazonas (R$ 56 milh\u00f5es), Alagoas (R$ 40 milh\u00f5es) e Acre (R$ 35 milh\u00f5es).\u00a0Veja a seguir quanto deve cada uma das empresas:<\/p>\n<p><img decoding=\"async\" class=\"CToWUd a6T\" tabindex=\"0\" src=\"https:\/\/ci3.googleusercontent.com\/proxy\/S95ApJF9P_x3IViDalWO5kUCF3OsFXgZfOF2m_M81jRGZOa0zuZOPgBTwx4fyQ7fKAlAVuzm9O3_YM3Pf_aEDZLG5ItemcC1OakESGxpodJR1OKQvzBfuydJ_HVxFer4LWzu6xCb5Dy7ltEXap9WVTUq4kEJADGXCONEBuNp=s0-d-e1-ft#https:\/\/gallery.mailchimp.com\/d460dd1bcf9ba0ae040e1fc0f\/images\/f82f1c13-26d1-4018-83f2-51d94c4a7650.jpeg\" width=\"300\" height=\"124\" \/><\/p>\n<p><strong>Diretoria da ANEEL dividida<\/strong><br \/>\nA decis\u00e3o de suspender o dinheiro para as distribuidoras divide a diretoria da ANEEL. De um lado est\u00e3o os diretores Romeu Rufino e Tiago de Barros, que apoiam o fim do envio do dinheiro \u00e0s empresas.<\/p>\n<p>Do outro est\u00e1 Andr\u00e9 Pepitone, que defende a manuten\u00e7\u00e3o dos recursos para a companhias, sob alega\u00e7\u00e3o de que a inviabilidade da manuten\u00e7\u00e3o dos servi\u00e7os prejudicaria os consumidores.<\/p>\n<p>Pepitone \u00e9 cotado para ser o novo diretor-geral da ANEEL ao fim do mandato de Rufino, em agosto.<\/p>\n<p>Em uma reuni\u00e3o da diretoria do \u00f3rg\u00e3o regulador, ocorrida em 17 de abril, Pepitone, que era o relator da avalia\u00e7\u00e3o trimestral das distribuidoras designadas, votou pela continua\u00e7\u00e3o do envio dos recursos mesmo diante da inadimpl\u00eancia. O diretor-geral, Romeu Rufino, apresentou ent\u00e3o um voto em separado, contr\u00e1rio ao parecer de Pepitone. Como n\u00e3o ainda n\u00e3o havia um qu\u00f3rum de cinco diretores na \u00e9poca, o assunto foi retirado de pauta.<\/p>\n<p>Pelo regulamento da\u00a0<span class=\"il\">ag\u00eancia<\/span>, s\u00e3o necess\u00e1rios ao menos tr\u00eas votos convergentes para aprovar um tema. O processo dever\u00e1 voltar a ser discutido, agora que diretoria est\u00e1 completa, com cinco membros: Rodrigo Limp e Sandoval Feitosa tomaram posse no fim de maio.<\/p>\n<p><strong>Sem MP 814 situa\u00e7\u00e3o se complica<\/strong><br \/>\nCom a caducidade da MP (medida provis\u00f3ria) 814, no dia 1\u00ba de junho, que tratava de recursos dos fundos setoriais para as distribuidoras da Eletrobras, o quadro dever\u00e1 se agravar.<\/p>\n<p>A MP reconhecia o direito de alguns cr\u00e9ditos para essas empresas, que agora est\u00e3o em uma situa\u00e7\u00e3o financeira ainda mais cr\u00edtica.<\/p>\n<p>O governo federal enviou ao Congresso um projeto de lei com os dispositivos da MP 814 sobre as distribuidoras, logo ap\u00f3s o vencimento da MP. Mas \u00e9 preciso que o texto seja aprovado na C\u00e2mara e no Senado para que passe a valer como lei.<\/p>\n<p><strong>Privatiza\u00e7\u00e3o \u00e9 a sa\u00edda, diz Rufino<\/strong><br \/>\nEm sua correspond\u00eancia ao diretor da Eletrobras, Romeu Rufino ressalta que v\u00ea como \u00fanica solu\u00e7\u00e3o para a atual crise a privatiza\u00e7\u00e3o das empresas:<\/p>\n<p>\u201cReiteramos nosso posicionamento de que a \u00fanica e urgente solu\u00e7\u00e3o para a melhoria na presta\u00e7\u00e3o dos servi\u00e7os de distribui\u00e7\u00e3o nas \u00e1reas de concess\u00e3o que est\u00e3o sob o regime de designa\u00e7\u00e3o \u00e9 a troca do concession\u00e1rio para que cessem o fluxos financeiros oriundos da RGR, bem como para que os consumidores locais possam retomar a qualidade do servido, e no m\u00e9dio prazo possam ter tarifas m\u00f3dicas e condizentes com o servi\u00e7o que lhes \u00e9 ofertado\u201d, diz a carta do diretor-geral da ANEEL.<\/p>\n","protected":false},"excerpt":{"rendered":"<p>\u00a0Leila Coimbra\u00a0da\u00a0Ag\u00eancia\u00a0iNFRA A inadimpl\u00eancia das distribuidoras que est\u00e3o sob o comando da Eletrobras atingiu no m\u00eas de maio a cifra de R$ 1 bilh\u00e3o. O alto valor da d\u00edvida fez com que o diretor-geral da ANEEL (Ag\u00eancia\u00a0Nacional de Energia El\u00e9trica), Romeu Rufino, enviasse uma carta ao diretor de distribui\u00e7\u00e3o da Eletrobras, Luiz Henrique Hamann, com [&hellip;]<\/p>\n","protected":false},"author":1,"featured_media":1315,"comment_status":"closed","ping_status":"open","sticky":false,"template":"","format":"standard","meta":{"_monsterinsights_skip_tracking":false,"_monsterinsights_sitenote_active":false,"_monsterinsights_sitenote_note":"","_monsterinsights_sitenote_category":0,"footnotes":""},"categories":[10],"tags":[53,292,336,50,335],"class_list":["post-1839","post","type-post","status-publish","format-standard","has-post-thumbnail","hentry","category-infraenergia","tag-aneel","tag-distribuidoras","tag-divida","tag-eletrobras","tag-inadimplencia"],"yoast_head":"<!-- This site is optimized with the Yoast SEO Premium plugin v25.4 (Yoast SEO v26.0) - https:\/\/yoast.com\/wordpress\/plugins\/seo\/ -->\n<title>Inadimpl\u00eancia das distribuidoras da Eletrobras chega a R$ 1 bi. ANEEL quer cortar recursos - Ag\u00eancia iNFRA<\/title>\n<meta name=\"robots\" content=\"index, follow, max-snippet:-1, max-image-preview:large, max-video-preview:-1\" \/>\n<link rel=\"canonical\" href=\"https:\/\/agenciainfra.com\/blog\/inadimplencia-das-distribuidoras-da-eletrobras-chega-a-r-1-bi-aneel-quer-cortar-recursos\/\" \/>\n<meta property=\"og:locale\" content=\"pt_BR\" \/>\n<meta property=\"og:type\" content=\"article\" \/>\n<meta property=\"og:title\" content=\"Inadimpl\u00eancia das distribuidoras da Eletrobras chega a R$ 1 bi. ANEEL quer cortar recursos\" \/>\n<meta property=\"og:description\" content=\"\u00a0Leila Coimbra\u00a0da\u00a0Ag\u00eancia\u00a0iNFRA A inadimpl\u00eancia das distribuidoras que est\u00e3o sob o comando da Eletrobras atingiu no m\u00eas de maio a cifra de R$ 1 bilh\u00e3o. O alto valor da d\u00edvida fez com que o diretor-geral da ANEEL (Ag\u00eancia\u00a0Nacional de Energia El\u00e9trica), Romeu Rufino, enviasse uma carta ao diretor de distribui\u00e7\u00e3o da Eletrobras, Luiz Henrique Hamann, com [&hellip;]\" \/>\n<meta property=\"og:url\" content=\"https:\/\/agenciainfra.com\/blog\/inadimplencia-das-distribuidoras-da-eletrobras-chega-a-r-1-bi-aneel-quer-cortar-recursos\/\" \/>\n<meta property=\"og:site_name\" content=\"Ag\u00eancia iNFRA\" \/>\n<meta property=\"article:publisher\" content=\"https:\/\/www.facebook.com\/ageninfra\" \/>\n<meta property=\"article:published_time\" content=\"2018-06-13T11:44:07+00:00\" \/>\n<meta property=\"article:modified_time\" content=\"2018-06-14T13:11:15+00:00\" \/>\n<meta property=\"og:image\" content=\"https:\/\/agenciainfra.com\/blog\/wp-content\/uploads\/2018\/03\/Fachada-Eletrobras-290-x-200.jpg\" \/>\n\t<meta property=\"og:image:width\" content=\"200\" \/>\n\t<meta property=\"og:image:height\" content=\"290\" \/>\n\t<meta property=\"og:image:type\" content=\"image\/jpeg\" \/>\n<meta name=\"author\" content=\"Ag\u00eancia iNFRA\" \/>\n<meta name=\"twitter:card\" content=\"summary_large_image\" \/>\n<meta name=\"twitter:creator\" content=\"@agencia_infra\" \/>\n<meta name=\"twitter:site\" content=\"@agencia_infra\" \/>\n<meta name=\"twitter:label1\" content=\"Escrito por\" \/>\n\t<meta name=\"twitter:data1\" content=\"Ag\u00eancia iNFRA\" \/>\n\t<meta name=\"twitter:label2\" content=\"Est. tempo de leitura\" \/>\n\t<meta name=\"twitter:data2\" content=\"4 minutos\" \/>\n<script type=\"application\/ld+json\" class=\"yoast-schema-graph\">{\"@context\":\"https:\/\/schema.org\",\"@graph\":[{\"@type\":\"Article\",\"@id\":\"https:\/\/agenciainfra.com\/blog\/inadimplencia-das-distribuidoras-da-eletrobras-chega-a-r-1-bi-aneel-quer-cortar-recursos\/#article\",\"isPartOf\":{\"@id\":\"https:\/\/agenciainfra.com\/blog\/inadimplencia-das-distribuidoras-da-eletrobras-chega-a-r-1-bi-aneel-quer-cortar-recursos\/\"},\"author\":{\"name\":\"Ag\u00eancia iNFRA\",\"@id\":\"https:\/\/agenciainfra.com\/blog\/#\/schema\/person\/34af08dff6adea4cb22b06612ba7acfa\"},\"headline\":\"Inadimpl\u00eancia das distribuidoras da Eletrobras chega a R$ 1 bi. ANEEL quer cortar recursos\",\"datePublished\":\"2018-06-13T11:44:07+00:00\",\"dateModified\":\"2018-06-14T13:11:15+00:00\",\"mainEntityOfPage\":{\"@id\":\"https:\/\/agenciainfra.com\/blog\/inadimplencia-das-distribuidoras-da-eletrobras-chega-a-r-1-bi-aneel-quer-cortar-recursos\/\"},\"wordCount\":787,\"publisher\":{\"@id\":\"https:\/\/agenciainfra.com\/blog\/#organization\"},\"image\":{\"@id\":\"https:\/\/agenciainfra.com\/blog\/inadimplencia-das-distribuidoras-da-eletrobras-chega-a-r-1-bi-aneel-quer-cortar-recursos\/#primaryimage\"},\"thumbnailUrl\":\"https:\/\/agenciainfra.com\/blog\/wp-content\/uploads\/2018\/03\/Fachada-Eletrobras-290-x-200.jpg\",\"keywords\":[\"ANEEL\",\"distribuidoras\",\"d\u00edvida\",\"Eletrobras\",\"inadimpl\u00eancia\"],\"articleSection\":[\"iNFRAEnergia\"],\"inLanguage\":\"pt-BR\",\"copyrightYear\":\"2018\",\"copyrightHolder\":{\"@id\":\"https:\/\/agenciainfra.com\/blog\/#organization\"}},{\"@type\":\"WebPage\",\"@id\":\"https:\/\/agenciainfra.com\/blog\/inadimplencia-das-distribuidoras-da-eletrobras-chega-a-r-1-bi-aneel-quer-cortar-recursos\/\",\"url\":\"https:\/\/agenciainfra.com\/blog\/inadimplencia-das-distribuidoras-da-eletrobras-chega-a-r-1-bi-aneel-quer-cortar-recursos\/\",\"name\":\"Inadimpl\u00eancia das distribuidoras da Eletrobras chega a R$ 1 bi. ANEEL quer cortar recursos - Ag\u00eancia iNFRA\",\"isPartOf\":{\"@id\":\"https:\/\/agenciainfra.com\/blog\/#website\"},\"primaryImageOfPage\":{\"@id\":\"https:\/\/agenciainfra.com\/blog\/inadimplencia-das-distribuidoras-da-eletrobras-chega-a-r-1-bi-aneel-quer-cortar-recursos\/#primaryimage\"},\"image\":{\"@id\":\"https:\/\/agenciainfra.com\/blog\/inadimplencia-das-distribuidoras-da-eletrobras-chega-a-r-1-bi-aneel-quer-cortar-recursos\/#primaryimage\"},\"thumbnailUrl\":\"https:\/\/agenciainfra.com\/blog\/wp-content\/uploads\/2018\/03\/Fachada-Eletrobras-290-x-200.jpg\",\"datePublished\":\"2018-06-13T11:44:07+00:00\",\"dateModified\":\"2018-06-14T13:11:15+00:00\",\"breadcrumb\":{\"@id\":\"https:\/\/agenciainfra.com\/blog\/inadimplencia-das-distribuidoras-da-eletrobras-chega-a-r-1-bi-aneel-quer-cortar-recursos\/#breadcrumb\"},\"inLanguage\":\"pt-BR\",\"potentialAction\":[{\"@type\":\"ReadAction\",\"target\":[\"https:\/\/agenciainfra.com\/blog\/inadimplencia-das-distribuidoras-da-eletrobras-chega-a-r-1-bi-aneel-quer-cortar-recursos\/\"]}]},{\"@type\":\"ImageObject\",\"inLanguage\":\"pt-BR\",\"@id\":\"https:\/\/agenciainfra.com\/blog\/inadimplencia-das-distribuidoras-da-eletrobras-chega-a-r-1-bi-aneel-quer-cortar-recursos\/#primaryimage\",\"url\":\"https:\/\/agenciainfra.com\/blog\/wp-content\/uploads\/2018\/03\/Fachada-Eletrobras-290-x-200.jpg\",\"contentUrl\":\"https:\/\/agenciainfra.com\/blog\/wp-content\/uploads\/2018\/03\/Fachada-Eletrobras-290-x-200.jpg\",\"width\":200,\"height\":290},{\"@type\":\"BreadcrumbList\",\"@id\":\"https:\/\/agenciainfra.com\/blog\/inadimplencia-das-distribuidoras-da-eletrobras-chega-a-r-1-bi-aneel-quer-cortar-recursos\/#breadcrumb\",\"itemListElement\":[{\"@type\":\"ListItem\",\"position\":1,\"name\":\"In\u00edcio\",\"item\":\"https:\/\/agenciainfra.com\/blog\/\"},{\"@type\":\"ListItem\",\"position\":2,\"name\":\"Inadimpl\u00eancia das distribuidoras da Eletrobras chega a R$ 1 bi. ANEEL quer cortar recursos\"}]},{\"@type\":\"WebSite\",\"@id\":\"https:\/\/agenciainfra.com\/blog\/#website\",\"url\":\"https:\/\/agenciainfra.com\/blog\/\",\"name\":\"Ag\u00eancia iNFRA\",\"description\":\"Multiplataforma de informa\u00e7\u00e3o jornal\u00edstica refer\u00eancia na \u00e1rea de infraestrutura no Brasil!\",\"publisher\":{\"@id\":\"https:\/\/agenciainfra.com\/blog\/#organization\"},\"potentialAction\":[{\"@type\":\"SearchAction\",\"target\":{\"@type\":\"EntryPoint\",\"urlTemplate\":\"https:\/\/agenciainfra.com\/blog\/?s={search_term_string}\"},\"query-input\":{\"@type\":\"PropertyValueSpecification\",\"valueRequired\":true,\"valueName\":\"search_term_string\"}}],\"inLanguage\":\"pt-BR\"},{\"@type\":\"Organization\",\"@id\":\"https:\/\/agenciainfra.com\/blog\/#organization\",\"name\":\"Ag\u00eancia iNFRA\",\"url\":\"https:\/\/agenciainfra.com\/blog\/\",\"logo\":{\"@type\":\"ImageObject\",\"inLanguage\":\"pt-BR\",\"@id\":\"https:\/\/agenciainfra.com\/blog\/#\/schema\/logo\/image\/\",\"url\":\"https:\/\/agenciainfra.com\/blog\/wp-content\/uploads\/2023\/09\/iNFRA_5-e1761735885940.png\",\"contentUrl\":\"https:\/\/agenciainfra.com\/blog\/wp-content\/uploads\/2023\/09\/iNFRA_5-e1761735885940.png\",\"width\":1672,\"height\":454,\"caption\":\"Ag\u00eancia iNFRA\"},\"image\":{\"@id\":\"https:\/\/agenciainfra.com\/blog\/#\/schema\/logo\/image\/\"},\"sameAs\":[\"https:\/\/www.facebook.com\/ageninfra\",\"https:\/\/x.com\/agencia_infra\",\"https:\/\/www.linkedin.com\/company\/ag\u00eanciainfra\/\",\"https:\/\/www.instagram.com\/agenciainfra\/\"]},{\"@type\":\"Person\",\"@id\":\"https:\/\/agenciainfra.com\/blog\/#\/schema\/person\/34af08dff6adea4cb22b06612ba7acfa\",\"name\":\"Ag\u00eancia iNFRA\",\"image\":{\"@type\":\"ImageObject\",\"inLanguage\":\"pt-BR\",\"@id\":\"https:\/\/agenciainfra.com\/blog\/#\/schema\/person\/image\/\",\"url\":\"https:\/\/secure.gravatar.com\/avatar\/d189e01678f06d8eb84d4e01f08eb848b3fffe3f8443818d3c356c66892f5be8?s=96&d=mm&r=g\",\"contentUrl\":\"https:\/\/secure.gravatar.com\/avatar\/d189e01678f06d8eb84d4e01f08eb848b3fffe3f8443818d3c356c66892f5be8?s=96&d=mm&r=g\",\"caption\":\"Ag\u00eancia iNFRA\"},\"url\":\"https:\/\/agenciainfra.com\/blog\/author\/admin\/\"}]}<\/script>\n<!-- \/ Yoast SEO Premium plugin. -->","yoast_head_json":{"title":"Inadimpl\u00eancia das distribuidoras da Eletrobras chega a R$ 1 bi. ANEEL quer cortar recursos - Ag\u00eancia iNFRA","robots":{"index":"index","follow":"follow","max-snippet":"max-snippet:-1","max-image-preview":"max-image-preview:large","max-video-preview":"max-video-preview:-1"},"canonical":"https:\/\/agenciainfra.com\/blog\/inadimplencia-das-distribuidoras-da-eletrobras-chega-a-r-1-bi-aneel-quer-cortar-recursos\/","og_locale":"pt_BR","og_type":"article","og_title":"Inadimpl\u00eancia das distribuidoras da Eletrobras chega a R$ 1 bi. ANEEL quer cortar recursos","og_description":"\u00a0Leila Coimbra\u00a0da\u00a0Ag\u00eancia\u00a0iNFRA A inadimpl\u00eancia das distribuidoras que est\u00e3o sob o comando da Eletrobras atingiu no m\u00eas de maio a cifra de R$ 1 bilh\u00e3o. O alto valor da d\u00edvida fez com que o diretor-geral da ANEEL (Ag\u00eancia\u00a0Nacional de Energia El\u00e9trica), Romeu Rufino, enviasse uma carta ao diretor de distribui\u00e7\u00e3o da Eletrobras, Luiz Henrique Hamann, com [&hellip;]","og_url":"https:\/\/agenciainfra.com\/blog\/inadimplencia-das-distribuidoras-da-eletrobras-chega-a-r-1-bi-aneel-quer-cortar-recursos\/","og_site_name":"Ag\u00eancia iNFRA","article_publisher":"https:\/\/www.facebook.com\/ageninfra","article_published_time":"2018-06-13T11:44:07+00:00","article_modified_time":"2018-06-14T13:11:15+00:00","og_image":[{"width":200,"height":290,"url":"https:\/\/agenciainfra.com\/blog\/wp-content\/uploads\/2018\/03\/Fachada-Eletrobras-290-x-200.jpg","type":"image\/jpeg"}],"author":"Ag\u00eancia iNFRA","twitter_card":"summary_large_image","twitter_creator":"@agencia_infra","twitter_site":"@agencia_infra","twitter_misc":{"Escrito por":"Ag\u00eancia iNFRA","Est. tempo de leitura":"4 minutos"},"schema":{"@context":"https:\/\/schema.org","@graph":[{"@type":"Article","@id":"https:\/\/agenciainfra.com\/blog\/inadimplencia-das-distribuidoras-da-eletrobras-chega-a-r-1-bi-aneel-quer-cortar-recursos\/#article","isPartOf":{"@id":"https:\/\/agenciainfra.com\/blog\/inadimplencia-das-distribuidoras-da-eletrobras-chega-a-r-1-bi-aneel-quer-cortar-recursos\/"},"author":{"name":"Ag\u00eancia iNFRA","@id":"https:\/\/agenciainfra.com\/blog\/#\/schema\/person\/34af08dff6adea4cb22b06612ba7acfa"},"headline":"Inadimpl\u00eancia das distribuidoras da Eletrobras chega a R$ 1 bi. ANEEL quer cortar recursos","datePublished":"2018-06-13T11:44:07+00:00","dateModified":"2018-06-14T13:11:15+00:00","mainEntityOfPage":{"@id":"https:\/\/agenciainfra.com\/blog\/inadimplencia-das-distribuidoras-da-eletrobras-chega-a-r-1-bi-aneel-quer-cortar-recursos\/"},"wordCount":787,"publisher":{"@id":"https:\/\/agenciainfra.com\/blog\/#organization"},"image":{"@id":"https:\/\/agenciainfra.com\/blog\/inadimplencia-das-distribuidoras-da-eletrobras-chega-a-r-1-bi-aneel-quer-cortar-recursos\/#primaryimage"},"thumbnailUrl":"https:\/\/agenciainfra.com\/blog\/wp-content\/uploads\/2018\/03\/Fachada-Eletrobras-290-x-200.jpg","keywords":["ANEEL","distribuidoras","d\u00edvida","Eletrobras","inadimpl\u00eancia"],"articleSection":["iNFRAEnergia"],"inLanguage":"pt-BR","copyrightYear":"2018","copyrightHolder":{"@id":"https:\/\/agenciainfra.com\/blog\/#organization"}},{"@type":"WebPage","@id":"https:\/\/agenciainfra.com\/blog\/inadimplencia-das-distribuidoras-da-eletrobras-chega-a-r-1-bi-aneel-quer-cortar-recursos\/","url":"https:\/\/agenciainfra.com\/blog\/inadimplencia-das-distribuidoras-da-eletrobras-chega-a-r-1-bi-aneel-quer-cortar-recursos\/","name":"Inadimpl\u00eancia das distribuidoras da Eletrobras chega a R$ 1 bi. ANEEL quer cortar recursos - Ag\u00eancia iNFRA","isPartOf":{"@id":"https:\/\/agenciainfra.com\/blog\/#website"},"primaryImageOfPage":{"@id":"https:\/\/agenciainfra.com\/blog\/inadimplencia-das-distribuidoras-da-eletrobras-chega-a-r-1-bi-aneel-quer-cortar-recursos\/#primaryimage"},"image":{"@id":"https:\/\/agenciainfra.com\/blog\/inadimplencia-das-distribuidoras-da-eletrobras-chega-a-r-1-bi-aneel-quer-cortar-recursos\/#primaryimage"},"thumbnailUrl":"https:\/\/agenciainfra.com\/blog\/wp-content\/uploads\/2018\/03\/Fachada-Eletrobras-290-x-200.jpg","datePublished":"2018-06-13T11:44:07+00:00","dateModified":"2018-06-14T13:11:15+00:00","breadcrumb":{"@id":"https:\/\/agenciainfra.com\/blog\/inadimplencia-das-distribuidoras-da-eletrobras-chega-a-r-1-bi-aneel-quer-cortar-recursos\/#breadcrumb"},"inLanguage":"pt-BR","potentialAction":[{"@type":"ReadAction","target":["https:\/\/agenciainfra.com\/blog\/inadimplencia-das-distribuidoras-da-eletrobras-chega-a-r-1-bi-aneel-quer-cortar-recursos\/"]}]},{"@type":"ImageObject","inLanguage":"pt-BR","@id":"https:\/\/agenciainfra.com\/blog\/inadimplencia-das-distribuidoras-da-eletrobras-chega-a-r-1-bi-aneel-quer-cortar-recursos\/#primaryimage","url":"https:\/\/agenciainfra.com\/blog\/wp-content\/uploads\/2018\/03\/Fachada-Eletrobras-290-x-200.jpg","contentUrl":"https:\/\/agenciainfra.com\/blog\/wp-content\/uploads\/2018\/03\/Fachada-Eletrobras-290-x-200.jpg","width":200,"height":290},{"@type":"BreadcrumbList","@id":"https:\/\/agenciainfra.com\/blog\/inadimplencia-das-distribuidoras-da-eletrobras-chega-a-r-1-bi-aneel-quer-cortar-recursos\/#breadcrumb","itemListElement":[{"@type":"ListItem","position":1,"name":"In\u00edcio","item":"https:\/\/agenciainfra.com\/blog\/"},{"@type":"ListItem","position":2,"name":"Inadimpl\u00eancia das distribuidoras da Eletrobras chega a R$ 1 bi. ANEEL quer cortar recursos"}]},{"@type":"WebSite","@id":"https:\/\/agenciainfra.com\/blog\/#website","url":"https:\/\/agenciainfra.com\/blog\/","name":"Ag\u00eancia iNFRA","description":"Multiplataforma de informa\u00e7\u00e3o jornal\u00edstica refer\u00eancia na \u00e1rea de infraestrutura no Brasil!","publisher":{"@id":"https:\/\/agenciainfra.com\/blog\/#organization"},"potentialAction":[{"@type":"SearchAction","target":{"@type":"EntryPoint","urlTemplate":"https:\/\/agenciainfra.com\/blog\/?s={search_term_string}"},"query-input":{"@type":"PropertyValueSpecification","valueRequired":true,"valueName":"search_term_string"}}],"inLanguage":"pt-BR"},{"@type":"Organization","@id":"https:\/\/agenciainfra.com\/blog\/#organization","name":"Ag\u00eancia iNFRA","url":"https:\/\/agenciainfra.com\/blog\/","logo":{"@type":"ImageObject","inLanguage":"pt-BR","@id":"https:\/\/agenciainfra.com\/blog\/#\/schema\/logo\/image\/","url":"https:\/\/agenciainfra.com\/blog\/wp-content\/uploads\/2023\/09\/iNFRA_5-e1761735885940.png","contentUrl":"https:\/\/agenciainfra.com\/blog\/wp-content\/uploads\/2023\/09\/iNFRA_5-e1761735885940.png","width":1672,"height":454,"caption":"Ag\u00eancia iNFRA"},"image":{"@id":"https:\/\/agenciainfra.com\/blog\/#\/schema\/logo\/image\/"},"sameAs":["https:\/\/www.facebook.com\/ageninfra","https:\/\/x.com\/agencia_infra","https:\/\/www.linkedin.com\/company\/ag\u00eanciainfra\/","https:\/\/www.instagram.com\/agenciainfra\/"]},{"@type":"Person","@id":"https:\/\/agenciainfra.com\/blog\/#\/schema\/person\/34af08dff6adea4cb22b06612ba7acfa","name":"Ag\u00eancia iNFRA","image":{"@type":"ImageObject","inLanguage":"pt-BR","@id":"https:\/\/agenciainfra.com\/blog\/#\/schema\/person\/image\/","url":"https:\/\/secure.gravatar.com\/avatar\/d189e01678f06d8eb84d4e01f08eb848b3fffe3f8443818d3c356c66892f5be8?s=96&d=mm&r=g","contentUrl":"https:\/\/secure.gravatar.com\/avatar\/d189e01678f06d8eb84d4e01f08eb848b3fffe3f8443818d3c356c66892f5be8?s=96&d=mm&r=g","caption":"Ag\u00eancia iNFRA"},"url":"https:\/\/agenciainfra.com\/blog\/author\/admin\/"}]}},"_links":{"self":[{"href":"https:\/\/agenciainfra.com\/blog\/wp-json\/wp\/v2\/posts\/1839","targetHints":{"allow":["GET"]}}],"collection":[{"href":"https:\/\/agenciainfra.com\/blog\/wp-json\/wp\/v2\/posts"}],"about":[{"href":"https:\/\/agenciainfra.com\/blog\/wp-json\/wp\/v2\/types\/post"}],"author":[{"embeddable":true,"href":"https:\/\/agenciainfra.com\/blog\/wp-json\/wp\/v2\/users\/1"}],"replies":[{"embeddable":true,"href":"https:\/\/agenciainfra.com\/blog\/wp-json\/wp\/v2\/comments?post=1839"}],"version-history":[{"count":0,"href":"https:\/\/agenciainfra.com\/blog\/wp-json\/wp\/v2\/posts\/1839\/revisions"}],"wp:featuredmedia":[{"embeddable":true,"href":"https:\/\/agenciainfra.com\/blog\/wp-json\/wp\/v2\/media\/1315"}],"wp:attachment":[{"href":"https:\/\/agenciainfra.com\/blog\/wp-json\/wp\/v2\/media?parent=1839"}],"wp:term":[{"taxonomy":"category","embeddable":true,"href":"https:\/\/agenciainfra.com\/blog\/wp-json\/wp\/v2\/categories?post=1839"},{"taxonomy":"post_tag","embeddable":true,"href":"https:\/\/agenciainfra.com\/blog\/wp-json\/wp\/v2\/tags?post=1839"}],"curies":[{"name":"wp","href":"https:\/\/api.w.org\/{rel}","templated":true}]}}