{"id":18397,"date":"2024-09-01T16:00:00","date_gmt":"2024-09-01T19:00:00","guid":{"rendered":"https:\/\/agenciainfra.com\/blog\/?p=18397"},"modified":"2026-02-13T17:10:49","modified_gmt":"2026-02-13T20:10:49","slug":"populacao-da-cidade-do-rio-de-janeiro-perde-quase-r-700-milhoes-anos-no-transito-em-chuvas-intensas-aponta-estudo","status":"publish","type":"post","link":"https:\/\/agenciainfra.com\/blog\/populacao-da-cidade-do-rio-de-janeiro-perde-quase-r-700-milhoes-anos-no-transito-em-chuvas-intensas-aponta-estudo\/","title":{"rendered":"Popula\u00e7\u00e3o da cidade do Rio de Janeiro perde quase R$ 700 milh\u00f5es anos no tr\u00e2nsito em chuvas intensas, aponta estudo"},"content":{"rendered":"\n<p class=\"has-text-align-right\"><strong>da Ag\u00eancia iNFRA<\/strong><\/p>\n\n\n\n<p>A redu\u00e7\u00e3o da velocidade dos \u00f4nibus em m\u00e9dia fica em 8,94% durante ocorr\u00eancias de chuvas intensas e faz a cidade do Rio de Janeiro (RJ) ter um custo de oportunidade anual do tempo perdido em engarrafamentos de R$ 678 milh\u00f5es.<br><br>A informa\u00e7\u00e3o \u00e9 de um estudo realizado\u00a0para a tese de doutorado de Pedro Henrique Chaves Maia pela FGV-EPGE (Escola Brasileira de Economia e Finan\u00e7as).\u00a0Os dados foram obtidos de instrumentos de medi\u00e7\u00e3o dos ve\u00edculos, de forma in\u00e9dita. A pesquisa pode ser lida\u00a0<a href=\"https:\/\/agenciainfra.us14.list-manage.com\/track\/click?u=d460dd1bcf9ba0ae040e1fc0f&amp;id=dfb817a32e&amp;e=de74d75805\" target=\"_blank\" rel=\"noreferrer noopener\">neste link<\/a>\u00a0(em ingl\u00eas).<br><br>Os anos pesquisados foram os de 2017 e 2018. Segundo Pedro, est\u00e3o sendo feitas atualiza\u00e7\u00f5es dos dados com anos mais recentes, em novo trabalho.<br><br>O trabalho mostra que\u00a0h\u00e1 uma diminui\u00e7\u00e3o no n\u00famero de passageiros utilizando o sistema de transporte p\u00fablico durante chuvas moderadas. Esse efeito \u00e9 atribu\u00eddo \u00e0 inconveni\u00eancia de acessar esta\u00e7\u00f5es e paradas nesses momentos.\u00a0<br><br>No entanto, em momentos de chuvas mais severas,\u00a0os passageiros optam mais pelo transporte p\u00fablico, provavelmente, de acordo com o pesquisador, em virtude da maior resili\u00eancia do sistema metroferrovi\u00e1rio que est\u00e1 presente na cidade.<br><br>Pedro afirmou que a pesquisa tratou apenas sobre o Rio de Janeiro e n\u00e3o\u00a0\u00e9 poss\u00edvel extrapolar os dados para outras cidades sem uma an\u00e1lise das informa\u00e7\u00f5es geradas nela. Mas, para cidades tropicais com caracter\u00edsticas semelhantes \u00e0s do Rio, ele acredita que os resultados podem seguir na mesma dire\u00e7\u00e3o.<br><br>O trabalho indica que o planejamento urbano e o planejamento de transportes das cidades v\u00e3o precisar passar a considerar esses eventos clim\u00e1ticos como forma de mitigar os preju\u00edzos.<br><br>A expectativa \u00e9 que esses eventos se tornem mais frequentes e intensos nos pr\u00f3ximos anos, de acordo com o pesquisador, o que tende a aumentar os custos anuais de perda calculados. Para ele, as cidades devem estimar essas perdas como forma de justificar os investimentos em infraestrutura que ser\u00e3o necess\u00e1rios para mitiga\u00e7\u00e3o.<br><br>Segundo Pedro, h\u00e1 tamb\u00e9m medidas de mitiga\u00e7\u00e3o poss\u00edveis al\u00e9m dos investimentos. Uma das informa\u00e7\u00f5es da pesquisa indicou que as pessoas conseguem se adaptar melhor quando ocorre esse tipo de evento se\u00a0est\u00e3o informadas.\u00a0Para ele, isso indica que uma das a\u00e7\u00f5es que podem ter maior efetividade \u00e9 uma comunica\u00e7\u00e3o mais cedo e mais eficiente do poder p\u00fablico com os cidad\u00e3o.<\/p>\n","protected":false},"excerpt":{"rendered":"<p>da Ag\u00eancia iNFRA A redu\u00e7\u00e3o da velocidade dos \u00f4nibus em m\u00e9dia fica em 8,94% durante ocorr\u00eancias de chuvas intensas e faz a cidade do Rio de Janeiro (RJ) ter um custo de oportunidade anual do tempo perdido em engarrafamentos de R$ 678 milh\u00f5es. A informa\u00e7\u00e3o \u00e9 de um estudo realizado\u00a0para a tese de doutorado de [&hellip;]<\/p>\n","protected":false},"author":1,"featured_media":18398,"comment_status":"closed","ping_status":"closed","sticky":false,"template":"","format":"standard","meta":{"_monsterinsights_skip_tracking":false,"_monsterinsights_sitenote_active":false,"_monsterinsights_sitenote_note":"","_monsterinsights_sitenote_category":0,"footnotes":""},"categories":[18468],"tags":[9308,34,32,2162,4575,10312,70],"class_list":["post-18397","post","type-post","status-publish","format-standard","has-post-thumbnail","hentry","category-infra-cidades","tag-eventos-climaticos-extremos","tag-infraestrutura","tag-investimentos","tag-mobilidade-urbana","tag-onibus","tag-resiliencia-climatica","tag-transportes"],"yoast_head":"<!-- This site is optimized with the Yoast SEO Premium plugin v25.4 (Yoast SEO v26.0) - https:\/\/yoast.com\/wordpress\/plugins\/seo\/ -->\n<title>Popula\u00e7\u00e3o da cidade do Rio de Janeiro perde quase R$ 700 milh\u00f5es anos no tr\u00e2nsito em chuvas intensas, aponta estudo - Ag\u00eancia iNFRA<\/title>\n<meta name=\"robots\" content=\"index, follow, max-snippet:-1, max-image-preview:large, max-video-preview:-1\" \/>\n<link rel=\"canonical\" href=\"https:\/\/agenciainfra.com\/blog\/populacao-da-cidade-do-rio-de-janeiro-perde-quase-r-700-milhoes-anos-no-transito-em-chuvas-intensas-aponta-estudo\/\" \/>\n<meta property=\"og:locale\" content=\"pt_BR\" \/>\n<meta property=\"og:type\" content=\"article\" \/>\n<meta property=\"og:title\" content=\"Popula\u00e7\u00e3o da cidade do Rio de Janeiro perde quase R$ 700 milh\u00f5es anos no tr\u00e2nsito em chuvas intensas, aponta estudo\" \/>\n<meta property=\"og:description\" content=\"da Ag\u00eancia iNFRA A redu\u00e7\u00e3o da velocidade dos \u00f4nibus em m\u00e9dia fica em 8,94% durante ocorr\u00eancias de chuvas intensas e faz a cidade do Rio de Janeiro (RJ) ter um custo de oportunidade anual do tempo perdido em engarrafamentos de R$ 678 milh\u00f5es. A informa\u00e7\u00e3o \u00e9 de um estudo realizado\u00a0para a tese de doutorado de [&hellip;]\" \/>\n<meta property=\"og:url\" content=\"https:\/\/agenciainfra.com\/blog\/populacao-da-cidade-do-rio-de-janeiro-perde-quase-r-700-milhoes-anos-no-transito-em-chuvas-intensas-aponta-estudo\/\" \/>\n<meta property=\"og:site_name\" content=\"Ag\u00eancia iNFRA\" \/>\n<meta property=\"article:publisher\" content=\"https:\/\/www.facebook.com\/ageninfra\" \/>\n<meta property=\"article:published_time\" content=\"2024-09-01T19:00:00+00:00\" \/>\n<meta property=\"article:modified_time\" content=\"2026-02-13T20:10:49+00:00\" \/>\n<meta property=\"og:image\" content=\"https:\/\/agenciainfra.com\/blog\/wp-content\/uploads\/2024\/09\/chuva_rio_de_janeiro_fernandofrazao_agenciabrasil.webp\" \/>\n\t<meta property=\"og:image:width\" content=\"1170\" \/>\n\t<meta property=\"og:image:height\" content=\"700\" \/>\n\t<meta property=\"og:image:type\" content=\"image\/webp\" \/>\n<meta name=\"author\" content=\"Ag\u00eancia iNFRA\" \/>\n<meta name=\"twitter:card\" content=\"summary_large_image\" \/>\n<meta name=\"twitter:creator\" content=\"@agencia_infra\" \/>\n<meta name=\"twitter:site\" content=\"@agencia_infra\" \/>\n<meta name=\"twitter:label1\" content=\"Escrito por\" \/>\n\t<meta name=\"twitter:data1\" content=\"Ag\u00eancia iNFRA\" \/>\n\t<meta name=\"twitter:label2\" content=\"Est. tempo de leitura\" \/>\n\t<meta name=\"twitter:data2\" content=\"2 minutos\" \/>\n<script type=\"application\/ld+json\" class=\"yoast-schema-graph\">{\"@context\":\"https:\/\/schema.org\",\"@graph\":[{\"@type\":\"Article\",\"@id\":\"https:\/\/agenciainfra.com\/blog\/populacao-da-cidade-do-rio-de-janeiro-perde-quase-r-700-milhoes-anos-no-transito-em-chuvas-intensas-aponta-estudo\/#article\",\"isPartOf\":{\"@id\":\"https:\/\/agenciainfra.com\/blog\/populacao-da-cidade-do-rio-de-janeiro-perde-quase-r-700-milhoes-anos-no-transito-em-chuvas-intensas-aponta-estudo\/\"},\"author\":{\"name\":\"Ag\u00eancia iNFRA\",\"@id\":\"https:\/\/agenciainfra.com\/blog\/#\/schema\/person\/34af08dff6adea4cb22b06612ba7acfa\"},\"headline\":\"Popula\u00e7\u00e3o da cidade do Rio de Janeiro perde quase R$ 700 milh\u00f5es anos no tr\u00e2nsito em chuvas intensas, aponta estudo\",\"datePublished\":\"2024-09-01T19:00:00+00:00\",\"dateModified\":\"2026-02-13T20:10:49+00:00\",\"mainEntityOfPage\":{\"@id\":\"https:\/\/agenciainfra.com\/blog\/populacao-da-cidade-do-rio-de-janeiro-perde-quase-r-700-milhoes-anos-no-transito-em-chuvas-intensas-aponta-estudo\/\"},\"wordCount\":427,\"publisher\":{\"@id\":\"https:\/\/agenciainfra.com\/blog\/#organization\"},\"image\":{\"@id\":\"https:\/\/agenciainfra.com\/blog\/populacao-da-cidade-do-rio-de-janeiro-perde-quase-r-700-milhoes-anos-no-transito-em-chuvas-intensas-aponta-estudo\/#primaryimage\"},\"thumbnailUrl\":\"https:\/\/agenciainfra.com\/blog\/wp-content\/uploads\/2024\/09\/chuva_rio_de_janeiro_fernandofrazao_agenciabrasil.webp\",\"keywords\":[\"Eventos clim\u00e1ticos extremos\",\"Infraestrutura\",\"Investimentos\",\"mobilidade urbana\",\"\u00f4nibus\",\"resili\u00eancia clim\u00e1tica\",\"transportes\"],\"articleSection\":[\"iNFRACidades\"],\"inLanguage\":\"pt-BR\",\"copyrightYear\":\"2024\",\"copyrightHolder\":{\"@id\":\"https:\/\/agenciainfra.com\/blog\/#organization\"}},{\"@type\":\"WebPage\",\"@id\":\"https:\/\/agenciainfra.com\/blog\/populacao-da-cidade-do-rio-de-janeiro-perde-quase-r-700-milhoes-anos-no-transito-em-chuvas-intensas-aponta-estudo\/\",\"url\":\"https:\/\/agenciainfra.com\/blog\/populacao-da-cidade-do-rio-de-janeiro-perde-quase-r-700-milhoes-anos-no-transito-em-chuvas-intensas-aponta-estudo\/\",\"name\":\"Popula\u00e7\u00e3o da cidade do Rio de Janeiro perde quase R$ 700 milh\u00f5es anos no tr\u00e2nsito em chuvas intensas, aponta estudo - Ag\u00eancia iNFRA\",\"isPartOf\":{\"@id\":\"https:\/\/agenciainfra.com\/blog\/#website\"},\"primaryImageOfPage\":{\"@id\":\"https:\/\/agenciainfra.com\/blog\/populacao-da-cidade-do-rio-de-janeiro-perde-quase-r-700-milhoes-anos-no-transito-em-chuvas-intensas-aponta-estudo\/#primaryimage\"},\"image\":{\"@id\":\"https:\/\/agenciainfra.com\/blog\/populacao-da-cidade-do-rio-de-janeiro-perde-quase-r-700-milhoes-anos-no-transito-em-chuvas-intensas-aponta-estudo\/#primaryimage\"},\"thumbnailUrl\":\"https:\/\/agenciainfra.com\/blog\/wp-content\/uploads\/2024\/09\/chuva_rio_de_janeiro_fernandofrazao_agenciabrasil.webp\",\"datePublished\":\"2024-09-01T19:00:00+00:00\",\"dateModified\":\"2026-02-13T20:10:49+00:00\",\"breadcrumb\":{\"@id\":\"https:\/\/agenciainfra.com\/blog\/populacao-da-cidade-do-rio-de-janeiro-perde-quase-r-700-milhoes-anos-no-transito-em-chuvas-intensas-aponta-estudo\/#breadcrumb\"},\"inLanguage\":\"pt-BR\",\"potentialAction\":[{\"@type\":\"ReadAction\",\"target\":[\"https:\/\/agenciainfra.com\/blog\/populacao-da-cidade-do-rio-de-janeiro-perde-quase-r-700-milhoes-anos-no-transito-em-chuvas-intensas-aponta-estudo\/\"]}]},{\"@type\":\"ImageObject\",\"inLanguage\":\"pt-BR\",\"@id\":\"https:\/\/agenciainfra.com\/blog\/populacao-da-cidade-do-rio-de-janeiro-perde-quase-r-700-milhoes-anos-no-transito-em-chuvas-intensas-aponta-estudo\/#primaryimage\",\"url\":\"https:\/\/agenciainfra.com\/blog\/wp-content\/uploads\/2024\/09\/chuva_rio_de_janeiro_fernandofrazao_agenciabrasil.webp\",\"contentUrl\":\"https:\/\/agenciainfra.com\/blog\/wp-content\/uploads\/2024\/09\/chuva_rio_de_janeiro_fernandofrazao_agenciabrasil.webp\",\"width\":1170,\"height\":700},{\"@type\":\"BreadcrumbList\",\"@id\":\"https:\/\/agenciainfra.com\/blog\/populacao-da-cidade-do-rio-de-janeiro-perde-quase-r-700-milhoes-anos-no-transito-em-chuvas-intensas-aponta-estudo\/#breadcrumb\",\"itemListElement\":[{\"@type\":\"ListItem\",\"position\":1,\"name\":\"In\u00edcio\",\"item\":\"https:\/\/agenciainfra.com\/blog\/\"},{\"@type\":\"ListItem\",\"position\":2,\"name\":\"Popula\u00e7\u00e3o da cidade do Rio de Janeiro perde quase R$ 700 milh\u00f5es anos no tr\u00e2nsito em chuvas intensas, aponta estudo\"}]},{\"@type\":\"WebSite\",\"@id\":\"https:\/\/agenciainfra.com\/blog\/#website\",\"url\":\"https:\/\/agenciainfra.com\/blog\/\",\"name\":\"Ag\u00eancia iNFRA\",\"description\":\"Multiplataforma de informa\u00e7\u00e3o jornal\u00edstica refer\u00eancia na \u00e1rea de infraestrutura no Brasil!\",\"publisher\":{\"@id\":\"https:\/\/agenciainfra.com\/blog\/#organization\"},\"potentialAction\":[{\"@type\":\"SearchAction\",\"target\":{\"@type\":\"EntryPoint\",\"urlTemplate\":\"https:\/\/agenciainfra.com\/blog\/?s={search_term_string}\"},\"query-input\":{\"@type\":\"PropertyValueSpecification\",\"valueRequired\":true,\"valueName\":\"search_term_string\"}}],\"inLanguage\":\"pt-BR\"},{\"@type\":\"Organization\",\"@id\":\"https:\/\/agenciainfra.com\/blog\/#organization\",\"name\":\"Ag\u00eancia iNFRA\",\"url\":\"https:\/\/agenciainfra.com\/blog\/\",\"logo\":{\"@type\":\"ImageObject\",\"inLanguage\":\"pt-BR\",\"@id\":\"https:\/\/agenciainfra.com\/blog\/#\/schema\/logo\/image\/\",\"url\":\"https:\/\/agenciainfra.com\/blog\/wp-content\/uploads\/2023\/09\/iNFRA_5-e1761735885940.png\",\"contentUrl\":\"https:\/\/agenciainfra.com\/blog\/wp-content\/uploads\/2023\/09\/iNFRA_5-e1761735885940.png\",\"width\":1672,\"height\":454,\"caption\":\"Ag\u00eancia iNFRA\"},\"image\":{\"@id\":\"https:\/\/agenciainfra.com\/blog\/#\/schema\/logo\/image\/\"},\"sameAs\":[\"https:\/\/www.facebook.com\/ageninfra\",\"https:\/\/x.com\/agencia_infra\",\"https:\/\/www.linkedin.com\/company\/ag\u00eanciainfra\/\",\"https:\/\/www.instagram.com\/agenciainfra\/\"]},{\"@type\":\"Person\",\"@id\":\"https:\/\/agenciainfra.com\/blog\/#\/schema\/person\/34af08dff6adea4cb22b06612ba7acfa\",\"name\":\"Ag\u00eancia iNFRA\",\"image\":{\"@type\":\"ImageObject\",\"inLanguage\":\"pt-BR\",\"@id\":\"https:\/\/agenciainfra.com\/blog\/#\/schema\/person\/image\/\",\"url\":\"https:\/\/secure.gravatar.com\/avatar\/d189e01678f06d8eb84d4e01f08eb848b3fffe3f8443818d3c356c66892f5be8?s=96&d=mm&r=g\",\"contentUrl\":\"https:\/\/secure.gravatar.com\/avatar\/d189e01678f06d8eb84d4e01f08eb848b3fffe3f8443818d3c356c66892f5be8?s=96&d=mm&r=g\",\"caption\":\"Ag\u00eancia iNFRA\"},\"url\":\"https:\/\/agenciainfra.com\/blog\/author\/admin\/\"}]}<\/script>\n<!-- \/ Yoast SEO Premium plugin. -->","yoast_head_json":{"title":"Popula\u00e7\u00e3o da cidade do Rio de Janeiro perde quase R$ 700 milh\u00f5es anos no tr\u00e2nsito em chuvas intensas, aponta estudo - Ag\u00eancia iNFRA","robots":{"index":"index","follow":"follow","max-snippet":"max-snippet:-1","max-image-preview":"max-image-preview:large","max-video-preview":"max-video-preview:-1"},"canonical":"https:\/\/agenciainfra.com\/blog\/populacao-da-cidade-do-rio-de-janeiro-perde-quase-r-700-milhoes-anos-no-transito-em-chuvas-intensas-aponta-estudo\/","og_locale":"pt_BR","og_type":"article","og_title":"Popula\u00e7\u00e3o da cidade do Rio de Janeiro perde quase R$ 700 milh\u00f5es anos no tr\u00e2nsito em chuvas intensas, aponta estudo","og_description":"da Ag\u00eancia iNFRA A redu\u00e7\u00e3o da velocidade dos \u00f4nibus em m\u00e9dia fica em 8,94% durante ocorr\u00eancias de chuvas intensas e faz a cidade do Rio de Janeiro (RJ) ter um custo de oportunidade anual do tempo perdido em engarrafamentos de R$ 678 milh\u00f5es. A informa\u00e7\u00e3o \u00e9 de um estudo realizado\u00a0para a tese de doutorado de [&hellip;]","og_url":"https:\/\/agenciainfra.com\/blog\/populacao-da-cidade-do-rio-de-janeiro-perde-quase-r-700-milhoes-anos-no-transito-em-chuvas-intensas-aponta-estudo\/","og_site_name":"Ag\u00eancia iNFRA","article_publisher":"https:\/\/www.facebook.com\/ageninfra","article_published_time":"2024-09-01T19:00:00+00:00","article_modified_time":"2026-02-13T20:10:49+00:00","og_image":[{"width":1170,"height":700,"url":"https:\/\/agenciainfra.com\/blog\/wp-content\/uploads\/2024\/09\/chuva_rio_de_janeiro_fernandofrazao_agenciabrasil.webp","type":"image\/webp"}],"author":"Ag\u00eancia iNFRA","twitter_card":"summary_large_image","twitter_creator":"@agencia_infra","twitter_site":"@agencia_infra","twitter_misc":{"Escrito por":"Ag\u00eancia iNFRA","Est. tempo de leitura":"2 minutos"},"schema":{"@context":"https:\/\/schema.org","@graph":[{"@type":"Article","@id":"https:\/\/agenciainfra.com\/blog\/populacao-da-cidade-do-rio-de-janeiro-perde-quase-r-700-milhoes-anos-no-transito-em-chuvas-intensas-aponta-estudo\/#article","isPartOf":{"@id":"https:\/\/agenciainfra.com\/blog\/populacao-da-cidade-do-rio-de-janeiro-perde-quase-r-700-milhoes-anos-no-transito-em-chuvas-intensas-aponta-estudo\/"},"author":{"name":"Ag\u00eancia iNFRA","@id":"https:\/\/agenciainfra.com\/blog\/#\/schema\/person\/34af08dff6adea4cb22b06612ba7acfa"},"headline":"Popula\u00e7\u00e3o da cidade do Rio de Janeiro perde quase R$ 700 milh\u00f5es anos no tr\u00e2nsito em chuvas intensas, aponta estudo","datePublished":"2024-09-01T19:00:00+00:00","dateModified":"2026-02-13T20:10:49+00:00","mainEntityOfPage":{"@id":"https:\/\/agenciainfra.com\/blog\/populacao-da-cidade-do-rio-de-janeiro-perde-quase-r-700-milhoes-anos-no-transito-em-chuvas-intensas-aponta-estudo\/"},"wordCount":427,"publisher":{"@id":"https:\/\/agenciainfra.com\/blog\/#organization"},"image":{"@id":"https:\/\/agenciainfra.com\/blog\/populacao-da-cidade-do-rio-de-janeiro-perde-quase-r-700-milhoes-anos-no-transito-em-chuvas-intensas-aponta-estudo\/#primaryimage"},"thumbnailUrl":"https:\/\/agenciainfra.com\/blog\/wp-content\/uploads\/2024\/09\/chuva_rio_de_janeiro_fernandofrazao_agenciabrasil.webp","keywords":["Eventos clim\u00e1ticos extremos","Infraestrutura","Investimentos","mobilidade urbana","\u00f4nibus","resili\u00eancia clim\u00e1tica","transportes"],"articleSection":["iNFRACidades"],"inLanguage":"pt-BR","copyrightYear":"2024","copyrightHolder":{"@id":"https:\/\/agenciainfra.com\/blog\/#organization"}},{"@type":"WebPage","@id":"https:\/\/agenciainfra.com\/blog\/populacao-da-cidade-do-rio-de-janeiro-perde-quase-r-700-milhoes-anos-no-transito-em-chuvas-intensas-aponta-estudo\/","url":"https:\/\/agenciainfra.com\/blog\/populacao-da-cidade-do-rio-de-janeiro-perde-quase-r-700-milhoes-anos-no-transito-em-chuvas-intensas-aponta-estudo\/","name":"Popula\u00e7\u00e3o da cidade do Rio de Janeiro perde quase R$ 700 milh\u00f5es anos no tr\u00e2nsito em chuvas intensas, aponta estudo - Ag\u00eancia iNFRA","isPartOf":{"@id":"https:\/\/agenciainfra.com\/blog\/#website"},"primaryImageOfPage":{"@id":"https:\/\/agenciainfra.com\/blog\/populacao-da-cidade-do-rio-de-janeiro-perde-quase-r-700-milhoes-anos-no-transito-em-chuvas-intensas-aponta-estudo\/#primaryimage"},"image":{"@id":"https:\/\/agenciainfra.com\/blog\/populacao-da-cidade-do-rio-de-janeiro-perde-quase-r-700-milhoes-anos-no-transito-em-chuvas-intensas-aponta-estudo\/#primaryimage"},"thumbnailUrl":"https:\/\/agenciainfra.com\/blog\/wp-content\/uploads\/2024\/09\/chuva_rio_de_janeiro_fernandofrazao_agenciabrasil.webp","datePublished":"2024-09-01T19:00:00+00:00","dateModified":"2026-02-13T20:10:49+00:00","breadcrumb":{"@id":"https:\/\/agenciainfra.com\/blog\/populacao-da-cidade-do-rio-de-janeiro-perde-quase-r-700-milhoes-anos-no-transito-em-chuvas-intensas-aponta-estudo\/#breadcrumb"},"inLanguage":"pt-BR","potentialAction":[{"@type":"ReadAction","target":["https:\/\/agenciainfra.com\/blog\/populacao-da-cidade-do-rio-de-janeiro-perde-quase-r-700-milhoes-anos-no-transito-em-chuvas-intensas-aponta-estudo\/"]}]},{"@type":"ImageObject","inLanguage":"pt-BR","@id":"https:\/\/agenciainfra.com\/blog\/populacao-da-cidade-do-rio-de-janeiro-perde-quase-r-700-milhoes-anos-no-transito-em-chuvas-intensas-aponta-estudo\/#primaryimage","url":"https:\/\/agenciainfra.com\/blog\/wp-content\/uploads\/2024\/09\/chuva_rio_de_janeiro_fernandofrazao_agenciabrasil.webp","contentUrl":"https:\/\/agenciainfra.com\/blog\/wp-content\/uploads\/2024\/09\/chuva_rio_de_janeiro_fernandofrazao_agenciabrasil.webp","width":1170,"height":700},{"@type":"BreadcrumbList","@id":"https:\/\/agenciainfra.com\/blog\/populacao-da-cidade-do-rio-de-janeiro-perde-quase-r-700-milhoes-anos-no-transito-em-chuvas-intensas-aponta-estudo\/#breadcrumb","itemListElement":[{"@type":"ListItem","position":1,"name":"In\u00edcio","item":"https:\/\/agenciainfra.com\/blog\/"},{"@type":"ListItem","position":2,"name":"Popula\u00e7\u00e3o da cidade do Rio de Janeiro perde quase R$ 700 milh\u00f5es anos no tr\u00e2nsito em chuvas intensas, aponta estudo"}]},{"@type":"WebSite","@id":"https:\/\/agenciainfra.com\/blog\/#website","url":"https:\/\/agenciainfra.com\/blog\/","name":"Ag\u00eancia iNFRA","description":"Multiplataforma de informa\u00e7\u00e3o jornal\u00edstica refer\u00eancia na \u00e1rea de infraestrutura no Brasil!","publisher":{"@id":"https:\/\/agenciainfra.com\/blog\/#organization"},"potentialAction":[{"@type":"SearchAction","target":{"@type":"EntryPoint","urlTemplate":"https:\/\/agenciainfra.com\/blog\/?s={search_term_string}"},"query-input":{"@type":"PropertyValueSpecification","valueRequired":true,"valueName":"search_term_string"}}],"inLanguage":"pt-BR"},{"@type":"Organization","@id":"https:\/\/agenciainfra.com\/blog\/#organization","name":"Ag\u00eancia iNFRA","url":"https:\/\/agenciainfra.com\/blog\/","logo":{"@type":"ImageObject","inLanguage":"pt-BR","@id":"https:\/\/agenciainfra.com\/blog\/#\/schema\/logo\/image\/","url":"https:\/\/agenciainfra.com\/blog\/wp-content\/uploads\/2023\/09\/iNFRA_5-e1761735885940.png","contentUrl":"https:\/\/agenciainfra.com\/blog\/wp-content\/uploads\/2023\/09\/iNFRA_5-e1761735885940.png","width":1672,"height":454,"caption":"Ag\u00eancia iNFRA"},"image":{"@id":"https:\/\/agenciainfra.com\/blog\/#\/schema\/logo\/image\/"},"sameAs":["https:\/\/www.facebook.com\/ageninfra","https:\/\/x.com\/agencia_infra","https:\/\/www.linkedin.com\/company\/ag\u00eanciainfra\/","https:\/\/www.instagram.com\/agenciainfra\/"]},{"@type":"Person","@id":"https:\/\/agenciainfra.com\/blog\/#\/schema\/person\/34af08dff6adea4cb22b06612ba7acfa","name":"Ag\u00eancia iNFRA","image":{"@type":"ImageObject","inLanguage":"pt-BR","@id":"https:\/\/agenciainfra.com\/blog\/#\/schema\/person\/image\/","url":"https:\/\/secure.gravatar.com\/avatar\/d189e01678f06d8eb84d4e01f08eb848b3fffe3f8443818d3c356c66892f5be8?s=96&d=mm&r=g","contentUrl":"https:\/\/secure.gravatar.com\/avatar\/d189e01678f06d8eb84d4e01f08eb848b3fffe3f8443818d3c356c66892f5be8?s=96&d=mm&r=g","caption":"Ag\u00eancia iNFRA"},"url":"https:\/\/agenciainfra.com\/blog\/author\/admin\/"}]}},"_links":{"self":[{"href":"https:\/\/agenciainfra.com\/blog\/wp-json\/wp\/v2\/posts\/18397","targetHints":{"allow":["GET"]}}],"collection":[{"href":"https:\/\/agenciainfra.com\/blog\/wp-json\/wp\/v2\/posts"}],"about":[{"href":"https:\/\/agenciainfra.com\/blog\/wp-json\/wp\/v2\/types\/post"}],"author":[{"embeddable":true,"href":"https:\/\/agenciainfra.com\/blog\/wp-json\/wp\/v2\/users\/1"}],"replies":[{"embeddable":true,"href":"https:\/\/agenciainfra.com\/blog\/wp-json\/wp\/v2\/comments?post=18397"}],"version-history":[{"count":1,"href":"https:\/\/agenciainfra.com\/blog\/wp-json\/wp\/v2\/posts\/18397\/revisions"}],"predecessor-version":[{"id":18399,"href":"https:\/\/agenciainfra.com\/blog\/wp-json\/wp\/v2\/posts\/18397\/revisions\/18399"}],"wp:featuredmedia":[{"embeddable":true,"href":"https:\/\/agenciainfra.com\/blog\/wp-json\/wp\/v2\/media\/18398"}],"wp:attachment":[{"href":"https:\/\/agenciainfra.com\/blog\/wp-json\/wp\/v2\/media?parent=18397"}],"wp:term":[{"taxonomy":"category","embeddable":true,"href":"https:\/\/agenciainfra.com\/blog\/wp-json\/wp\/v2\/categories?post=18397"},{"taxonomy":"post_tag","embeddable":true,"href":"https:\/\/agenciainfra.com\/blog\/wp-json\/wp\/v2\/tags?post=18397"}],"curies":[{"name":"wp","href":"https:\/\/api.w.org\/{rel}","templated":true}]}}